{"id":10890,"date":"2025-11-22T18:06:22","date_gmt":"2025-11-22T17:06:22","guid":{"rendered":"https:\/\/www.pogotowieflagowe.pl\/aktualne\/czy-zurek-chcialby-zmierzyc-sie-z-nawrockim-na-ringu-przechwalal-sie-tym-na-spotkaniu-z-tylko-kobietami\/"},"modified":"2025-11-22T18:06:23","modified_gmt":"2025-11-22T17:06:23","slug":"czy-zurek-chcialby-zmierzyc-sie-z-nawrockim-na-ringu-przechwalal-sie-tym-na-spotkaniu-z-tylko-kobietami","status":"publish","type":"post","link":"https:\/\/www.pogotowieflagowe.pl\/aktualne\/czy-zurek-chcialby-zmierzyc-sie-z-nawrockim-na-ringu-przechwalal-sie-tym-na-spotkaniu-z-tylko-kobietami\/","title":{"rendered":"Czy \u017burek chcia\u0142by zmierzy\u0107 si\u0119 z Nawrockim na ringu? Przechwala\u0142 si\u0119 tym na spotkaniu z\u2026 tylko kobietami"},"content":{"rendered":"\n<div class=\"td_block_wrap tdb_single_content tdi_46 td-pb-border-top td_block_template_8 td-post-content tagdiv-type\" data-td-block-uid=\"tdi_46\">\n<style>.tdi_46{margines-g\u00f3rny:0px!important;margin-bottom:0px!important;dope\u0142nienie-g\u00f3ra:0px!important;dope\u0142nienie-d\u00f3\u0142:0px!important}<\/style>\n<style>.tdb_single_content{margin-bottom:0;*zoom:1}.tdb_single_content:before,.tdb_single_content:after{display:table;content:'';line-height:0}.tdb_single_content:after{clear:both}.tdb_single_content .tdb-block-inner>*:not(.wp-block-quote):not(.alignwide):not(.alignfull.wp-block-cover.has-parallax):not(.td-a-ad){margin-left:auto;margin-right:auto}.tdb_single_content a{pointer-events:auto}.tdb_single_content .td-spot-id-top_ad .tdc-placeholder-title:before{content:'Najlepsza reklama artyku\u0142u'!important}.tdb_single_content .td-spot-id-inline_ad0 .tdc-placeholder-title:before{content:'Reklama wbudowana artyku\u0142u 1'!important}.tdb_single_content .td-spot-id-inline_ad1 .tdc-placeholder-title:before{content:'Wbudowana reklama w artykule 2'!important}.tdb_single_content .td-spot-id-inline_ad2 .tdc-placeholder-title:before{content:'Wbudowana reklama w artykule 3'!important}.tdb_single_content .td-spot-id-bottom_ad .tdc-placeholder-title:before{content:'Article Bottom Ad'!important}.tdb_single_content .id_top_ad,.tdb_single_content .id_bottom_ad{clear:both;margin-bottom:21px;text-align:center}.tdb_single_content .id_top_ad img,.tdb_single_content .id_bottom_ad img{margin-bottom:0}.tdb_single_content .id_top_ad .adsbygoogle,.tdb_single_content .id_bottom_ad .adsbygoogle{position:relative}.tdb_single_content .id_ad_content-horiz-left,.tdb_single_content .id_ad_content-horiz-right,.tdb_single_content .id_ad_content-horiz-center{margin-bottom:15px}.tdb_single_content .id_ad_content-horiz-left img,.tdb_single_content .id_ad_content-horiz-right img,.tdb_single_content .id_ad_content-horiz-center img{margin-bottom:0}.tdb_single_content .id_ad_content-horiz-center{text-align:center}.tdb_single_content .id_ad_content-horiz-center img{margin-right:auto;margin-left:auto}.tdb_single_content .id_ad_content-horiz-left{float:left;margin-top:9px;margin-right:21px}.tdb_single_content .id_ad_content-horiz-right{float:right;margin-top:6px;margin-left:21px}.tdb_single_content .tdc-a-ad .tdc-placeholder-title{width:300px;height:250px}.tdb_single_content .tdc-a-ad .tdc-placeholder-title:before{position:absolute;top:50%;-webkit-transform:translateY(-50%);transform:translateY(-50%);margin:auto;display:table;width:100%}.tdb_single_content .tdb-block-inner.td-fix-index{word-break:break-word}.tdi_46,.tdi_46>p,.tdi_46 .tdb-block-inner>p,.wp-block-column>p{font-size:16px!important;line-height:1.6!important}.tdi_46 .tdb-block-inner blockquote p{font-style:normal!important}@media (max-width:767px){.tdb_single_content .id_ad_content-horiz-left,.tdb_single_content .id_ad_content-horiz-right,.tdb_single_content .id_ad_content-horiz-center{margin:0 auto 26 pikseli auto}}@media (max-width:767px){.tdb_single_content .id_ad_content-horiz-left{margin-right:0}}@media (max-width:767px){.tdb_single_content .id_ad_content-horiz-right{margin-left:0}}@media (max-width:767px){.tdb_single_content .td-a-ad{float:none;text-align:center}.tdb_single_content .td-a-ad img{margin-right:auto;margin-left:auto}.tdb_single_content .tdc-a-ad{float:none}}<\/style>\n<div class=\"tdb-block-inner td-fix-index\">\n<p>Waldemar \u017burek czu\u0142 si\u0119 zupe\u0142nie swobodnie \u2013 ca\u0142a sala pe\u0142na kobiet przygl\u0105da\u0142a mu si\u0119 uwa\u017cnie, s\u0142uchaj\u0105c ka\u017cdego jego s\u0142owa, podczas gdy on z r\u0119k\u0105 w kieszeni (!) opowiada\u0142 o swoich planach politycznych, cz\u0119sto si\u0119 przechwalaj\u0105c. Atmosfera na sali by\u0142a jednocze\u015bnie zabawna i niepokoj\u0105ca, ale internauci ocenili j\u0105 na sw\u00f3j spos\u00f3b.<\/p>\n<p>The <em>Rada Kobiet<\/em> w Ksi\u0105\u017cu odby\u0142o si\u0119 19 listopada. Sal\u0119 wype\u0142ni\u0142y wy\u0142\u0105cznie kobiety \u2013 i on, Waldemar \u017burek. Na ministerialnych korytarzach kr\u0105\u017c\u0105 plotki, \u017ce szef resortu znany jest ze swojej s\u0142abo\u015bci do p\u0142ci pi\u0119knej, wi\u0119c trudno dziwi\u0107 si\u0119 jego pewno\u015bci siebie podczas takiego spotkania. Posun\u0105\u0142 si\u0119 nawet do zaproponowania pojedynku bokserskiego z\u2026 Prezydentem Karolem Nawrockim.<\/p>\n<p>Odpowiadaj\u0105c na pytania pa\u0144, nie mia\u0142 \u017cadnych skrupu\u0142\u00f3w, by trzyma\u0107 r\u0119k\u0119 w kieszeni. Nie tylko ignorowa\u0142 komentarze maj\u0105ce na celu obraz\u0119 g\u0142owy pa\u0144stwa, ale nawet wtr\u0105ca\u0142 w\u0142asne \u017carty, ku pe\u0142nej aprobacie \u017ce\u0144skiej publiczno\u015bci.<\/p>\n<p><strong>Walka \u017burka z Nawrockim?<\/strong><\/p>\n<p>Jeden z uczestnik\u00f3w w\u0142\u0105czaj\u0105cy si\u0119 do dyskusji zauwa\u017cy\u0142, \u017ce Karol Nawrocki <strong>\u201ei tak nie b\u0119dzie czyta\u0142 konstytucji, bo nie ma czasu\u201d.<\/strong> \u2013 <em>\u201eKr\u00f3tko m\u00f3wi\u0105c, musi trenowa\u0107\u201d<\/em> doda\u0142a.<\/p>\n<p>G\u0142owa <em>Ministerstwo Sprawiedliwo\u015bci<\/em> bez trudu w\u015blizn\u0105\u0142 si\u0119 w t\u0119 konwencj\u0119, chc\u0105c pokaza\u0107, na jakie po\u015bwi\u0119cenia jest gotowy. \u017burek powiedzia\u0142: <strong>&#8222;Ja te\u017c musz\u0119 zacz\u0105\u0107 trenowa\u0107. Kiedy\u015b powiedzia\u0142em, \u017ce zmierz\u0119 si\u0119 z nim (Nawrocki &#8211; red.) na ringu. Kto zostanie na ringu, ten decyduje o systemie &#8222;<\/strong> wywo\u0142uj\u0105c \u015bmiech w\u015br\u00f3d t\u0142umu kobiet. Doda\u0142, \u017ce b\u0119dzie musia\u0142 trenowa\u0107 pi\u0119\u0107 godzin dziennie. <strong>&#8222;Ma ju\u017c odpowiedni\u0105 wag\u0119. Teraz musz\u0119 tylko ustali\u0107 definicj\u0119&#8221;<\/strong> \u2013 za\u017cartowa\u0142, ponownie ku aprobacie sali.<\/p>\n<p>Komentarze internaut\u00f3w nie pozostawiaj\u0105 w\u0105tpliwo\u015bci \u2013 wielu ch\u0119tnie zap\u0142aci\u0142oby za obejrzenie takiego spektaklu. Wi\u0119kszo\u015b\u0107 z nich daje jednak \u017bukowi niewielkie szanse na wygranie tego pojedynku.<\/p>\n<p>Podczas spotkania grozi\u0142 tak\u017ce prezydentowi m.in <em>Trybuna\u0142 Stanu<\/em> (<em>T.S<\/em>) i ponownie o tym m\u00f3wi\u0142em <strong>\u201eneo-s\u0119dziowie\u201d<\/strong>. Tym razem m\u00f3wi\u0142 o <em>\u201ewykopuj\u0105c ich\u201d<\/em> z <em>S\u0105d Najwy\u017cszy<\/em> (<em>SN<\/em>). Przypominamy ministrowi, \u017ce st\u0105pa po cienkim lodzie, a nie po sta\u0142ym l\u0105dzie.<\/p>\n<\/div>\n<\/div>\n","protected":false},"excerpt":{"rendered":"<p>Waldemar \u017burek czu\u0142 si\u0119 zupe\u0142nie swobodnie \u2013 ca\u0142a sala pe\u0142na kobiet przygl\u0105da\u0142a mu si\u0119 uwa\u017cnie, s\u0142uchaj\u0105c ka\u017cdego jego s\u0142owa, podczas<\/p>\n","protected":false},"author":1,"featured_media":10891,"comment_status":"open","ping_status":"open","sticky":false,"template":"","format":"standard","meta":{"footnotes":""},"categories":[4748],"tags":[12318,501,12320,7643,12319,3263,150,7166,3165,1829,368,4131],"class_list":["post-10890","post","type-post","status-publish","format-standard","has-post-thumbnail","hentry","category-aktualne","tag-chcialby","tag-czy","tag-kobietami","tag-nawrockim","tag-przechwalal","tag-ringu","tag-sie","tag-spotkaniu","tag-tylko","tag-tym","tag-zmierzyc","tag-zurek","generate-columns","tablet-grid-50","mobile-grid-100","grid-parent","grid-50","resize-featured-image"],"yoast_head":"<!-- This site is optimized with the Yoast SEO plugin v23.2 - https:\/\/yoast.com\/wordpress\/plugins\/seo\/ -->\n<title>Czy \u017burek chcia\u0142by zmierzy\u0107 si\u0119 z Nawrockim na ringu? Przechwala\u0142 si\u0119 tym na spotkaniu z\u2026 tylko kobietami - POGOTOWIE FLAGOWE\u00ae<\/title>\n<meta name=\"robots\" content=\"index, follow, max-snippet:-1, max-image-preview:large, max-video-preview:-1\" \/>\n<link rel=\"canonical\" href=\"https:\/\/www.pogotowieflagowe.pl\/aktualne\/czy-zurek-chcialby-zmierzyc-sie-z-nawrockim-na-ringu-przechwalal-sie-tym-na-spotkaniu-z-tylko-kobietami\/\" \/>\n<meta property=\"og:locale\" content=\"pl_PL\" \/>\n<meta property=\"og:type\" content=\"article\" \/>\n<meta property=\"og:title\" content=\"Czy \u017burek chcia\u0142by zmierzy\u0107 si\u0119 z Nawrockim na ringu? Przechwala\u0142 si\u0119 tym na spotkaniu z\u2026 tylko kobietami - POGOTOWIE FLAGOWE\u00ae\" \/>\n<meta property=\"og:description\" content=\"Waldemar \u017burek czu\u0142 si\u0119 zupe\u0142nie swobodnie \u2013 ca\u0142a sala pe\u0142na kobiet przygl\u0105da\u0142a mu si\u0119 uwa\u017cnie, s\u0142uchaj\u0105c ka\u017cdego jego s\u0142owa, podczas\" \/>\n<meta property=\"og:url\" content=\"https:\/\/www.pogotowieflagowe.pl\/aktualne\/czy-zurek-chcialby-zmierzyc-sie-z-nawrockim-na-ringu-przechwalal-sie-tym-na-spotkaniu-z-tylko-kobietami\/\" \/>\n<meta property=\"og:site_name\" content=\"POGOTOWIE FLAGOWE\u00ae\" \/>\n<meta property=\"article:published_time\" content=\"2025-11-22T17:06:22+00:00\" \/>\n<meta property=\"article:modified_time\" content=\"2025-11-22T17:06:23+00:00\" \/>\n<meta property=\"og:image\" content=\"https:\/\/www.pogotowieflagowe.pl\/aktualne\/wp-content\/uploads\/2025\/11\/Czy-Zurek-chcialby-zmierzyc-sie-z-Nawrockim-na-ringu-Przechwalal.webp.webp\" \/>\n\t<meta property=\"og:image:width\" content=\"1280\" \/>\n\t<meta property=\"og:image:height\" content=\"720\" \/>\n\t<meta property=\"og:image:type\" content=\"image\/webp\" \/>\n<meta name=\"author\" content=\"Filip\" \/>\n<meta name=\"twitter:card\" content=\"summary_large_image\" \/>\n<meta name=\"twitter:label1\" content=\"Napisane przez\" \/>\n\t<meta name=\"twitter:data1\" content=\"Filip\" \/>\n\t<meta name=\"twitter:label2\" content=\"Szacowany czas czytania\" \/>\n\t<meta name=\"twitter:data2\" content=\"2 minuty\" \/>\n<script type=\"application\/ld+json\" class=\"yoast-schema-graph\">{\"@context\":\"https:\/\/schema.org\",\"@graph\":[{\"@type\":\"Article\",\"@id\":\"https:\/\/www.pogotowieflagowe.pl\/aktualne\/czy-zurek-chcialby-zmierzyc-sie-z-nawrockim-na-ringu-przechwalal-sie-tym-na-spotkaniu-z-tylko-kobietami\/#article\",\"isPartOf\":{\"@id\":\"https:\/\/www.pogotowieflagowe.pl\/aktualne\/czy-zurek-chcialby-zmierzyc-sie-z-nawrockim-na-ringu-przechwalal-sie-tym-na-spotkaniu-z-tylko-kobietami\/\"},\"author\":{\"name\":\"Filip\",\"@id\":\"https:\/\/www.pogotowieflagowe.pl\/aktualne\/#\/schema\/person\/9c2fb7d2362ebf6fa088960d7f0d27b0\"},\"headline\":\"Czy \u017burek chcia\u0142by zmierzy\u0107 si\u0119 z Nawrockim na ringu? Przechwala\u0142 si\u0119 tym na spotkaniu z\u2026 tylko kobietami\",\"datePublished\":\"2025-11-22T17:06:22+00:00\",\"dateModified\":\"2025-11-22T17:06:23+00:00\",\"mainEntityOfPage\":{\"@id\":\"https:\/\/www.pogotowieflagowe.pl\/aktualne\/czy-zurek-chcialby-zmierzyc-sie-z-nawrockim-na-ringu-przechwalal-sie-tym-na-spotkaniu-z-tylko-kobietami\/\"},\"wordCount\":397,\"commentCount\":0,\"publisher\":{\"@id\":\"https:\/\/www.pogotowieflagowe.pl\/aktualne\/#organization\"},\"image\":{\"@id\":\"https:\/\/www.pogotowieflagowe.pl\/aktualne\/czy-zurek-chcialby-zmierzyc-sie-z-nawrockim-na-ringu-przechwalal-sie-tym-na-spotkaniu-z-tylko-kobietami\/#primaryimage\"},\"thumbnailUrl\":\"https:\/\/www.pogotowieflagowe.pl\/aktualne\/wp-content\/uploads\/2025\/11\/Czy-Zurek-chcialby-zmierzyc-sie-z-Nawrockim-na-ringu-Przechwalal.webp.webp\",\"keywords\":[\"chcia\u0142by\",\"Czy\",\"kobietami\",\"Nawrockim\",\"Przechwala\u0142\",\"ringu\",\"si\u0119\",\"spotkaniu\",\"tylko\",\"tym\",\"zmierzy\u0107\",\"\u017burek\"],\"articleSection\":[\"Aktualne\"],\"inLanguage\":\"pl-PL\",\"potentialAction\":[{\"@type\":\"CommentAction\",\"name\":\"Comment\",\"target\":[\"https:\/\/www.pogotowieflagowe.pl\/aktualne\/czy-zurek-chcialby-zmierzyc-sie-z-nawrockim-na-ringu-przechwalal-sie-tym-na-spotkaniu-z-tylko-kobietami\/#respond\"]}]},{\"@type\":\"WebPage\",\"@id\":\"https:\/\/www.pogotowieflagowe.pl\/aktualne\/czy-zurek-chcialby-zmierzyc-sie-z-nawrockim-na-ringu-przechwalal-sie-tym-na-spotkaniu-z-tylko-kobietami\/\",\"url\":\"https:\/\/www.pogotowieflagowe.pl\/aktualne\/czy-zurek-chcialby-zmierzyc-sie-z-nawrockim-na-ringu-przechwalal-sie-tym-na-spotkaniu-z-tylko-kobietami\/\",\"name\":\"Czy \u017burek chcia\u0142by zmierzy\u0107 si\u0119 z Nawrockim na ringu? Przechwala\u0142 si\u0119 tym na spotkaniu z\u2026 tylko kobietami - POGOTOWIE FLAGOWE\u00ae\",\"isPartOf\":{\"@id\":\"https:\/\/www.pogotowieflagowe.pl\/aktualne\/#website\"},\"primaryImageOfPage\":{\"@id\":\"https:\/\/www.pogotowieflagowe.pl\/aktualne\/czy-zurek-chcialby-zmierzyc-sie-z-nawrockim-na-ringu-przechwalal-sie-tym-na-spotkaniu-z-tylko-kobietami\/#primaryimage\"},\"image\":{\"@id\":\"https:\/\/www.pogotowieflagowe.pl\/aktualne\/czy-zurek-chcialby-zmierzyc-sie-z-nawrockim-na-ringu-przechwalal-sie-tym-na-spotkaniu-z-tylko-kobietami\/#primaryimage\"},\"thumbnailUrl\":\"https:\/\/www.pogotowieflagowe.pl\/aktualne\/wp-content\/uploads\/2025\/11\/Czy-Zurek-chcialby-zmierzyc-sie-z-Nawrockim-na-ringu-Przechwalal.webp.webp\",\"datePublished\":\"2025-11-22T17:06:22+00:00\",\"dateModified\":\"2025-11-22T17:06:23+00:00\",\"breadcrumb\":{\"@id\":\"https:\/\/www.pogotowieflagowe.pl\/aktualne\/czy-zurek-chcialby-zmierzyc-sie-z-nawrockim-na-ringu-przechwalal-sie-tym-na-spotkaniu-z-tylko-kobietami\/#breadcrumb\"},\"inLanguage\":\"pl-PL\",\"potentialAction\":[{\"@type\":\"ReadAction\",\"target\":[\"https:\/\/www.pogotowieflagowe.pl\/aktualne\/czy-zurek-chcialby-zmierzyc-sie-z-nawrockim-na-ringu-przechwalal-sie-tym-na-spotkaniu-z-tylko-kobietami\/\"]}]},{\"@type\":\"ImageObject\",\"inLanguage\":\"pl-PL\",\"@id\":\"https:\/\/www.pogotowieflagowe.pl\/aktualne\/czy-zurek-chcialby-zmierzyc-sie-z-nawrockim-na-ringu-przechwalal-sie-tym-na-spotkaniu-z-tylko-kobietami\/#primaryimage\",\"url\":\"https:\/\/www.pogotowieflagowe.pl\/aktualne\/wp-content\/uploads\/2025\/11\/Czy-Zurek-chcialby-zmierzyc-sie-z-Nawrockim-na-ringu-Przechwalal.webp.webp\",\"contentUrl\":\"https:\/\/www.pogotowieflagowe.pl\/aktualne\/wp-content\/uploads\/2025\/11\/Czy-Zurek-chcialby-zmierzyc-sie-z-Nawrockim-na-ringu-Przechwalal.webp.webp\",\"width\":1280,\"height\":720,\"caption\":\"Czy \u017burek chcia\u0142by zmierzy\u0107 si\u0119 z Nawrockim na ringu? Przechwala\u0142 si\u0119 tym na spotkaniu z\u2026 tylko kobietami\"},{\"@type\":\"BreadcrumbList\",\"@id\":\"https:\/\/www.pogotowieflagowe.pl\/aktualne\/czy-zurek-chcialby-zmierzyc-sie-z-nawrockim-na-ringu-przechwalal-sie-tym-na-spotkaniu-z-tylko-kobietami\/#breadcrumb\",\"itemListElement\":[{\"@type\":\"ListItem\",\"position\":1,\"name\":\"Home\",\"item\":\"https:\/\/www.pogotowieflagowe.pl\/aktualne\/\"},{\"@type\":\"ListItem\",\"position\":2,\"name\":\"Czy \u017burek chcia\u0142by zmierzy\u0107 si\u0119 z Nawrockim na ringu? Przechwala\u0142 si\u0119 tym na spotkaniu z\u2026 tylko kobietami\"}]},{\"@type\":\"WebSite\",\"@id\":\"https:\/\/www.pogotowieflagowe.pl\/aktualne\/#website\",\"url\":\"https:\/\/www.pogotowieflagowe.pl\/aktualne\/\",\"name\":\"POGOTOWIE FLAGOWE\u00ae\",\"description\":\"\",\"publisher\":{\"@id\":\"https:\/\/www.pogotowieflagowe.pl\/aktualne\/#organization\"},\"potentialAction\":[{\"@type\":\"SearchAction\",\"target\":{\"@type\":\"EntryPoint\",\"urlTemplate\":\"https:\/\/www.pogotowieflagowe.pl\/aktualne\/?s={search_term_string}\"},\"query-input\":\"required name=search_term_string\"}],\"inLanguage\":\"pl-PL\"},{\"@type\":\"Organization\",\"@id\":\"https:\/\/www.pogotowieflagowe.pl\/aktualne\/#organization\",\"name\":\"POGOTOWIE FLAGOWE\u00ae\",\"url\":\"https:\/\/www.pogotowieflagowe.pl\/aktualne\/\",\"logo\":{\"@type\":\"ImageObject\",\"inLanguage\":\"pl-PL\",\"@id\":\"https:\/\/www.pogotowieflagowe.pl\/aktualne\/#\/schema\/logo\/image\/\",\"url\":\"https:\/\/www.pogotowieflagowe.pl\/aktualne\/wp-content\/uploads\/2024\/08\/cropped-pogotowieflagowe_flaga_projekt_sm.jpg\",\"contentUrl\":\"https:\/\/www.pogotowieflagowe.pl\/aktualne\/wp-content\/uploads\/2024\/08\/cropped-pogotowieflagowe_flaga_projekt_sm.jpg\",\"width\":250,\"height\":143,\"caption\":\"POGOTOWIE FLAGOWE\u00ae\"},\"image\":{\"@id\":\"https:\/\/www.pogotowieflagowe.pl\/aktualne\/#\/schema\/logo\/image\/\"}},{\"@type\":\"Person\",\"@id\":\"https:\/\/www.pogotowieflagowe.pl\/aktualne\/#\/schema\/person\/9c2fb7d2362ebf6fa088960d7f0d27b0\",\"name\":\"Filip\",\"image\":{\"@type\":\"ImageObject\",\"inLanguage\":\"pl-PL\",\"@id\":\"https:\/\/www.pogotowieflagowe.pl\/aktualne\/#\/schema\/person\/image\/\",\"url\":\"https:\/\/www.pogotowieflagowe.pl\/aktualne\/wp-content\/uploads\/2024\/08\/pogotowieflagowe.pl_.jpg\",\"contentUrl\":\"https:\/\/www.pogotowieflagowe.pl\/aktualne\/wp-content\/uploads\/2024\/08\/pogotowieflagowe.pl_.jpg\",\"caption\":\"Filip\"},\"description\":\"Jestem Filip, polski dziennikarz z dyplomem nauk politycznych Uniwersytetu Warszawskiego. Rozpoczynaj\u0105c swoj\u0105 karier\u0119 w r\u00f3\u017cnych lokalnych mediach, zdoby\u0142em solidne do\u015bwiadczenie w zakresie \u015bledztwa i redakcji. Obecnie jako redaktor w Pogotowie flagowe, staram si\u0119 dostarcza\u0107 dog\u0142\u0119bne i istotne analizy na temat najwa\u017cniejszych kwestii aktualno\u015bci, \u0142\u0105cz\u0105c rygor z pasj\u0105 dziennikarsk\u0105.\",\"sameAs\":[\"https:\/\/www.pogotowieflagowe.pl\/\"]}]}<\/script>\n<!-- \/ Yoast SEO plugin. -->","yoast_head_json":{"title":"Czy \u017burek chcia\u0142by zmierzy\u0107 si\u0119 z Nawrockim na ringu? Przechwala\u0142 si\u0119 tym na spotkaniu z\u2026 tylko kobietami - POGOTOWIE FLAGOWE\u00ae","robots":{"index":"index","follow":"follow","max-snippet":"max-snippet:-1","max-image-preview":"max-image-preview:large","max-video-preview":"max-video-preview:-1"},"canonical":"https:\/\/www.pogotowieflagowe.pl\/aktualne\/czy-zurek-chcialby-zmierzyc-sie-z-nawrockim-na-ringu-przechwalal-sie-tym-na-spotkaniu-z-tylko-kobietami\/","og_locale":"pl_PL","og_type":"article","og_title":"Czy \u017burek chcia\u0142by zmierzy\u0107 si\u0119 z Nawrockim na ringu? Przechwala\u0142 si\u0119 tym na spotkaniu z\u2026 tylko kobietami - POGOTOWIE FLAGOWE\u00ae","og_description":"Waldemar \u017burek czu\u0142 si\u0119 zupe\u0142nie swobodnie \u2013 ca\u0142a sala pe\u0142na kobiet przygl\u0105da\u0142a mu si\u0119 uwa\u017cnie, s\u0142uchaj\u0105c ka\u017cdego jego s\u0142owa, podczas","og_url":"https:\/\/www.pogotowieflagowe.pl\/aktualne\/czy-zurek-chcialby-zmierzyc-sie-z-nawrockim-na-ringu-przechwalal-sie-tym-na-spotkaniu-z-tylko-kobietami\/","og_site_name":"POGOTOWIE FLAGOWE\u00ae","article_published_time":"2025-11-22T17:06:22+00:00","article_modified_time":"2025-11-22T17:06:23+00:00","og_image":[{"width":1280,"height":720,"url":"https:\/\/www.pogotowieflagowe.pl\/aktualne\/wp-content\/uploads\/2025\/11\/Czy-Zurek-chcialby-zmierzyc-sie-z-Nawrockim-na-ringu-Przechwalal.webp.webp","type":"image\/webp"}],"author":"Filip","twitter_card":"summary_large_image","twitter_misc":{"Napisane przez":"Filip","Szacowany czas czytania":"2 minuty"},"schema":{"@context":"https:\/\/schema.org","@graph":[{"@type":"Article","@id":"https:\/\/www.pogotowieflagowe.pl\/aktualne\/czy-zurek-chcialby-zmierzyc-sie-z-nawrockim-na-ringu-przechwalal-sie-tym-na-spotkaniu-z-tylko-kobietami\/#article","isPartOf":{"@id":"https:\/\/www.pogotowieflagowe.pl\/aktualne\/czy-zurek-chcialby-zmierzyc-sie-z-nawrockim-na-ringu-przechwalal-sie-tym-na-spotkaniu-z-tylko-kobietami\/"},"author":{"name":"Filip","@id":"https:\/\/www.pogotowieflagowe.pl\/aktualne\/#\/schema\/person\/9c2fb7d2362ebf6fa088960d7f0d27b0"},"headline":"Czy \u017burek chcia\u0142by zmierzy\u0107 si\u0119 z Nawrockim na ringu? Przechwala\u0142 si\u0119 tym na spotkaniu z\u2026 tylko kobietami","datePublished":"2025-11-22T17:06:22+00:00","dateModified":"2025-11-22T17:06:23+00:00","mainEntityOfPage":{"@id":"https:\/\/www.pogotowieflagowe.pl\/aktualne\/czy-zurek-chcialby-zmierzyc-sie-z-nawrockim-na-ringu-przechwalal-sie-tym-na-spotkaniu-z-tylko-kobietami\/"},"wordCount":397,"commentCount":0,"publisher":{"@id":"https:\/\/www.pogotowieflagowe.pl\/aktualne\/#organization"},"image":{"@id":"https:\/\/www.pogotowieflagowe.pl\/aktualne\/czy-zurek-chcialby-zmierzyc-sie-z-nawrockim-na-ringu-przechwalal-sie-tym-na-spotkaniu-z-tylko-kobietami\/#primaryimage"},"thumbnailUrl":"https:\/\/www.pogotowieflagowe.pl\/aktualne\/wp-content\/uploads\/2025\/11\/Czy-Zurek-chcialby-zmierzyc-sie-z-Nawrockim-na-ringu-Przechwalal.webp.webp","keywords":["chcia\u0142by","Czy","kobietami","Nawrockim","Przechwala\u0142","ringu","si\u0119","spotkaniu","tylko","tym","zmierzy\u0107","\u017burek"],"articleSection":["Aktualne"],"inLanguage":"pl-PL","potentialAction":[{"@type":"CommentAction","name":"Comment","target":["https:\/\/www.pogotowieflagowe.pl\/aktualne\/czy-zurek-chcialby-zmierzyc-sie-z-nawrockim-na-ringu-przechwalal-sie-tym-na-spotkaniu-z-tylko-kobietami\/#respond"]}]},{"@type":"WebPage","@id":"https:\/\/www.pogotowieflagowe.pl\/aktualne\/czy-zurek-chcialby-zmierzyc-sie-z-nawrockim-na-ringu-przechwalal-sie-tym-na-spotkaniu-z-tylko-kobietami\/","url":"https:\/\/www.pogotowieflagowe.pl\/aktualne\/czy-zurek-chcialby-zmierzyc-sie-z-nawrockim-na-ringu-przechwalal-sie-tym-na-spotkaniu-z-tylko-kobietami\/","name":"Czy \u017burek chcia\u0142by zmierzy\u0107 si\u0119 z Nawrockim na ringu? Przechwala\u0142 si\u0119 tym na spotkaniu z\u2026 tylko kobietami - POGOTOWIE FLAGOWE\u00ae","isPartOf":{"@id":"https:\/\/www.pogotowieflagowe.pl\/aktualne\/#website"},"primaryImageOfPage":{"@id":"https:\/\/www.pogotowieflagowe.pl\/aktualne\/czy-zurek-chcialby-zmierzyc-sie-z-nawrockim-na-ringu-przechwalal-sie-tym-na-spotkaniu-z-tylko-kobietami\/#primaryimage"},"image":{"@id":"https:\/\/www.pogotowieflagowe.pl\/aktualne\/czy-zurek-chcialby-zmierzyc-sie-z-nawrockim-na-ringu-przechwalal-sie-tym-na-spotkaniu-z-tylko-kobietami\/#primaryimage"},"thumbnailUrl":"https:\/\/www.pogotowieflagowe.pl\/aktualne\/wp-content\/uploads\/2025\/11\/Czy-Zurek-chcialby-zmierzyc-sie-z-Nawrockim-na-ringu-Przechwalal.webp.webp","datePublished":"2025-11-22T17:06:22+00:00","dateModified":"2025-11-22T17:06:23+00:00","breadcrumb":{"@id":"https:\/\/www.pogotowieflagowe.pl\/aktualne\/czy-zurek-chcialby-zmierzyc-sie-z-nawrockim-na-ringu-przechwalal-sie-tym-na-spotkaniu-z-tylko-kobietami\/#breadcrumb"},"inLanguage":"pl-PL","potentialAction":[{"@type":"ReadAction","target":["https:\/\/www.pogotowieflagowe.pl\/aktualne\/czy-zurek-chcialby-zmierzyc-sie-z-nawrockim-na-ringu-przechwalal-sie-tym-na-spotkaniu-z-tylko-kobietami\/"]}]},{"@type":"ImageObject","inLanguage":"pl-PL","@id":"https:\/\/www.pogotowieflagowe.pl\/aktualne\/czy-zurek-chcialby-zmierzyc-sie-z-nawrockim-na-ringu-przechwalal-sie-tym-na-spotkaniu-z-tylko-kobietami\/#primaryimage","url":"https:\/\/www.pogotowieflagowe.pl\/aktualne\/wp-content\/uploads\/2025\/11\/Czy-Zurek-chcialby-zmierzyc-sie-z-Nawrockim-na-ringu-Przechwalal.webp.webp","contentUrl":"https:\/\/www.pogotowieflagowe.pl\/aktualne\/wp-content\/uploads\/2025\/11\/Czy-Zurek-chcialby-zmierzyc-sie-z-Nawrockim-na-ringu-Przechwalal.webp.webp","width":1280,"height":720,"caption":"Czy \u017burek chcia\u0142by zmierzy\u0107 si\u0119 z Nawrockim na ringu? Przechwala\u0142 si\u0119 tym na spotkaniu z\u2026 tylko kobietami"},{"@type":"BreadcrumbList","@id":"https:\/\/www.pogotowieflagowe.pl\/aktualne\/czy-zurek-chcialby-zmierzyc-sie-z-nawrockim-na-ringu-przechwalal-sie-tym-na-spotkaniu-z-tylko-kobietami\/#breadcrumb","itemListElement":[{"@type":"ListItem","position":1,"name":"Home","item":"https:\/\/www.pogotowieflagowe.pl\/aktualne\/"},{"@type":"ListItem","position":2,"name":"Czy \u017burek chcia\u0142by zmierzy\u0107 si\u0119 z Nawrockim na ringu? Przechwala\u0142 si\u0119 tym na spotkaniu z\u2026 tylko kobietami"}]},{"@type":"WebSite","@id":"https:\/\/www.pogotowieflagowe.pl\/aktualne\/#website","url":"https:\/\/www.pogotowieflagowe.pl\/aktualne\/","name":"POGOTOWIE FLAGOWE\u00ae","description":"","publisher":{"@id":"https:\/\/www.pogotowieflagowe.pl\/aktualne\/#organization"},"potentialAction":[{"@type":"SearchAction","target":{"@type":"EntryPoint","urlTemplate":"https:\/\/www.pogotowieflagowe.pl\/aktualne\/?s={search_term_string}"},"query-input":"required name=search_term_string"}],"inLanguage":"pl-PL"},{"@type":"Organization","@id":"https:\/\/www.pogotowieflagowe.pl\/aktualne\/#organization","name":"POGOTOWIE FLAGOWE\u00ae","url":"https:\/\/www.pogotowieflagowe.pl\/aktualne\/","logo":{"@type":"ImageObject","inLanguage":"pl-PL","@id":"https:\/\/www.pogotowieflagowe.pl\/aktualne\/#\/schema\/logo\/image\/","url":"https:\/\/www.pogotowieflagowe.pl\/aktualne\/wp-content\/uploads\/2024\/08\/cropped-pogotowieflagowe_flaga_projekt_sm.jpg","contentUrl":"https:\/\/www.pogotowieflagowe.pl\/aktualne\/wp-content\/uploads\/2024\/08\/cropped-pogotowieflagowe_flaga_projekt_sm.jpg","width":250,"height":143,"caption":"POGOTOWIE FLAGOWE\u00ae"},"image":{"@id":"https:\/\/www.pogotowieflagowe.pl\/aktualne\/#\/schema\/logo\/image\/"}},{"@type":"Person","@id":"https:\/\/www.pogotowieflagowe.pl\/aktualne\/#\/schema\/person\/9c2fb7d2362ebf6fa088960d7f0d27b0","name":"Filip","image":{"@type":"ImageObject","inLanguage":"pl-PL","@id":"https:\/\/www.pogotowieflagowe.pl\/aktualne\/#\/schema\/person\/image\/","url":"https:\/\/www.pogotowieflagowe.pl\/aktualne\/wp-content\/uploads\/2024\/08\/pogotowieflagowe.pl_.jpg","contentUrl":"https:\/\/www.pogotowieflagowe.pl\/aktualne\/wp-content\/uploads\/2024\/08\/pogotowieflagowe.pl_.jpg","caption":"Filip"},"description":"Jestem Filip, polski dziennikarz z dyplomem nauk politycznych Uniwersytetu Warszawskiego. Rozpoczynaj\u0105c swoj\u0105 karier\u0119 w r\u00f3\u017cnych lokalnych mediach, zdoby\u0142em solidne do\u015bwiadczenie w zakresie \u015bledztwa i redakcji. Obecnie jako redaktor w Pogotowie flagowe, staram si\u0119 dostarcza\u0107 dog\u0142\u0119bne i istotne analizy na temat najwa\u017cniejszych kwestii aktualno\u015bci, \u0142\u0105cz\u0105c rygor z pasj\u0105 dziennikarsk\u0105.","sameAs":["https:\/\/www.pogotowieflagowe.pl\/"]}]}},"_links":{"self":[{"href":"https:\/\/www.pogotowieflagowe.pl\/aktualne\/wp-json\/wp\/v2\/posts\/10890","targetHints":{"allow":["GET"]}}],"collection":[{"href":"https:\/\/www.pogotowieflagowe.pl\/aktualne\/wp-json\/wp\/v2\/posts"}],"about":[{"href":"https:\/\/www.pogotowieflagowe.pl\/aktualne\/wp-json\/wp\/v2\/types\/post"}],"author":[{"embeddable":true,"href":"https:\/\/www.pogotowieflagowe.pl\/aktualne\/wp-json\/wp\/v2\/users\/1"}],"replies":[{"embeddable":true,"href":"https:\/\/www.pogotowieflagowe.pl\/aktualne\/wp-json\/wp\/v2\/comments?post=10890"}],"version-history":[{"count":1,"href":"https:\/\/www.pogotowieflagowe.pl\/aktualne\/wp-json\/wp\/v2\/posts\/10890\/revisions"}],"predecessor-version":[{"id":10892,"href":"https:\/\/www.pogotowieflagowe.pl\/aktualne\/wp-json\/wp\/v2\/posts\/10890\/revisions\/10892"}],"wp:featuredmedia":[{"embeddable":true,"href":"https:\/\/www.pogotowieflagowe.pl\/aktualne\/wp-json\/wp\/v2\/media\/10891"}],"wp:attachment":[{"href":"https:\/\/www.pogotowieflagowe.pl\/aktualne\/wp-json\/wp\/v2\/media?parent=10890"}],"wp:term":[{"taxonomy":"category","embeddable":true,"href":"https:\/\/www.pogotowieflagowe.pl\/aktualne\/wp-json\/wp\/v2\/categories?post=10890"},{"taxonomy":"post_tag","embeddable":true,"href":"https:\/\/www.pogotowieflagowe.pl\/aktualne\/wp-json\/wp\/v2\/tags?post=10890"}],"curies":[{"name":"wp","href":"https:\/\/api.w.org\/{rel}","templated":true}]}}