{"id":10912,"date":"2025-11-23T16:56:48","date_gmt":"2025-11-23T15:56:48","guid":{"rendered":"https:\/\/www.pogotowieflagowe.pl\/aktualne\/tomasz-sakiewicz-ma-propozycje-dla-czarzastego-niech-sie-z-tym-zmaga\/"},"modified":"2025-11-23T16:56:49","modified_gmt":"2025-11-23T15:56:49","slug":"tomasz-sakiewicz-ma-propozycje-dla-czarzastego-niech-sie-z-tym-zmaga","status":"publish","type":"post","link":"https:\/\/www.pogotowieflagowe.pl\/aktualne\/tomasz-sakiewicz-ma-propozycje-dla-czarzastego-niech-sie-z-tym-zmaga\/","title":{"rendered":"Tomasz Sakiewicz ma propozycj\u0119 dla Czarzastego: \u201eNiech si\u0119 z tym zmaga\u201d"},"content":{"rendered":"\n<div class=\"td_block_wrap tdb_single_content tdi_46 td-pb-border-top td_block_template_8 td-post-content tagdiv-type\" data-td-block-uid=\"tdi_46\">\n<style>.tdi_46{margines-g\u00f3rny:0px!important;margin-bottom:0px!important;dope\u0142nienie-g\u00f3ra:0px!important;dope\u0142nienie-d\u00f3\u0142:0px!important}<\/style>\n<style>.tdb_single_content{margin-bottom:0;*zoom:1}.tdb_single_content:before,.tdb_single_content:after{display:table;content:'';line-height:0}.tdb_single_content:after{clear:both}.tdb_single_content .tdb-block-inner>*:not(.wp-block-quote):not(.alignwide):not(.alignfull.wp-block-cover.has-parallax):not(.td-a-ad){margin-left:auto;margin-right:auto}.tdb_single_content a{pointer-events:auto}.tdb_single_content .td-spot-id-top_ad .tdc-placeholder-title:before{content:'Najlepsza reklama artyku\u0142u'!important}.tdb_single_content .td-spot-id-inline_ad0 .tdc-placeholder-title:before{content:'Reklama wbudowana artyku\u0142u 1'!important}.tdb_single_content .td-spot-id-inline_ad1 .tdc-placeholder-title:before{content:'Wbudowana reklama w artykule 2'!important}.tdb_single_content .td-spot-id-inline_ad2 .tdc-placeholder-title:before{content:'Wbudowana reklama w artykule 3'!important}.tdb_single_content .td-spot-id-bottom_ad .tdc-placeholder-title:before{content:'Article Bottom Ad'!important}.tdb_single_content .id_top_ad,.tdb_single_content .id_bottom_ad{clear:both;margin-bottom:21px;text-align:center}.tdb_single_content .id_top_ad img,.tdb_single_content .id_bottom_ad img{margin-bottom:0}.tdb_single_content .id_top_ad .adsbygoogle,.tdb_single_content .id_bottom_ad .adsbygoogle{position:relative}.tdb_single_content .id_ad_content-horiz-left,.tdb_single_content .id_ad_content-horiz-right,.tdb_single_content .id_ad_content-horiz-center{margin-bottom:15px}.tdb_single_content .id_ad_content-horiz-left img,.tdb_single_content .id_ad_content-horiz-right img,.tdb_single_content .id_ad_content-horiz-center img{margin-bottom:0}.tdb_single_content .id_ad_content-horiz-center{text-align:center}.tdb_single_content .id_ad_content-horiz-center img{margin-right:auto;margin-left:auto}.tdb_single_content .id_ad_content-horiz-left{float:left;margin-top:9px;margin-right:21px}.tdb_single_content .id_ad_content-horiz-right{float:right;margin-top:6px;margin-left:21px}.tdb_single_content .tdc-a-ad .tdc-placeholder-title{width:300px;height:250px}.tdb_single_content .tdc-a-ad .tdc-placeholder-title:before{position:absolute;top:50%;-webkit-transform:translateY(-50%);transform:translateY(-50%);margin:auto;display:table;width:100%}.tdb_single_content .tdb-block-inner.td-fix-index{word-break:break-word}.tdi_46,.tdi_46>p,.tdi_46 .tdb-block-inner>p,.wp-block-column>p{font-size:16px!important;line-height:1.6!important}.tdi_46 .tdb-block-inner blockquote p{font-style:normal!important}@media (max-width:767px){.tdb_single_content .id_ad_content-horiz-left,.tdb_single_content .id_ad_content-horiz-right,.tdb_single_content .id_ad_content-horiz-center{margin:0 auto 26 pikseli auto}}@media (max-width:767px){.tdb_single_content .id_ad_content-horiz-left{margin-right:0}}@media (max-width:767px){.tdb_single_content .id_ad_content-horiz-right{margin-left:0}}@media (max-width:767px){.tdb_single_content .td-a-ad{float:none;text-align:center}.tdb_single_content .td-a-ad img{margin-right:auto;margin-left:auto}.tdb_single_content .tdc-a-ad{float:none}}<\/style>\n<div class=\"tdb-block-inner td-fix-index\">\n<p><strong>\u201eCzy nie by\u0142oby w\u0142a\u015bciwym teraz wr\u0119czy\u0107 panu Czarzastemu&#8230; <em>ustawa dekomunizacyjna<\/em>? Zacz\u0105\u0142bym od prostego przepisu \u2013 zakazu sprawowania funkcji publicznych wszystkim cz\u0142onkom partii komunistycznej, z wyj\u0105tkiem stanowisk wybieranych w wyborach bezpo\u015brednich, gdy\u017c narusza\u0142oby to demokracj\u0119 i konstytucj\u0119\u201d<\/strong> zaproponowa\u0142 w TV Republika prezes stacji Tomasz Sakiewicz.<\/p>\n<p>Nowo wybrany Marsza\u0142ek Sejmu, wybrany przez wi\u0119kszo\u015b\u0107 parlamentarn\u0105 W\u0142odzimierz Czarzasty, zapowiedzia\u0142 w swoim pi\u0105tkowym wieczornym wyst\u0105pieniu wprowadzenie nieznanego w polskim prawie mechanizmu, jakim jest <em>weto marsza\u0142ka<\/em> (w zwi\u0105zku ze szkodliwymi inicjatywami legislacyjnymi szerz\u0105cymi populizm i zak\u0142\u00f3caj\u0105cymi zasady funkcjonowania pa\u0144stwa). W praktyce b\u0119dzie prawdopodobnie pe\u0142ni\u0107 funkcj\u0119 tzw. zamra\u017carki sejmowej, a ca\u0142a inicjatywa nakierowana jest na dzia\u0142alno\u015b\u0107 Prezydenta RP Karola Nawrockiego.<\/p>\n<p>Wiele w\u0105tpliwo\u015bci i wyraz\u00f3w oburzenia wywo\u0142a\u0142 tak\u017ce fakt, \u017ce Czarzasty nale\u017ca\u0142 w przesz\u0142o\u015bci do tzw. <em>Polska Zjednoczona Partia Robotnicza<\/em> (<em>PZPR<\/em>) i \u017ce obsadzi\u0142 swoje otoczenie w Kancelarii Sejmu by\u0142ymi komunistycznymi aparatczykami. W odpowiedzi Tomasz Sakiewicz, prezes TV Republika, przedstawi\u0142 pewien pomys\u0142.<\/p>\n<figure class=\"wp-block-pullquote\">\n<blockquote>\n<p>\u201e<strong>Czy nie wypada\u0142oby teraz przedstawi\u0107 panu Czarzastemu ustaw\u0119 dekomunizacyjn\u0105? Zacz\u0105\u0142bym od prostego przepisu, zakazu dla wszystkich, kt\u00f3rzy byli w partii komunistycznej, z wyj\u0105tkiem stanowisk wybieranych w wyborach bezpo\u015brednich, poniewa\u017c by\u0142oby to sprzeczne z demokracj\u0105 i konstytucj\u0105. Zatem je\u015bli kto\u015b zostanie wybrany na radnego, pos\u0142a czy senatora, to jedno, ale wszelkie funkcje po\u015brednio zakorzenione w demokracji powinny by\u0107 po prostu niedost\u0119pne dla by\u0142ych cz\u0142onk\u00f3w partii komunistycznej. Taka powinna by\u0107 w\u0142a\u015bciwa reakcja na to, co dzieje si\u0119 na obecnym pejza\u017cu politycznym. Poniewa\u017c komunizm powraca, ruch antykomunistyczny musi zdecydowanie zareagowa\u0107. Apeluj\u0119 do wszystkich cz\u0142onk\u00f3w <em>Solidarno\u015b\u0107<\/em> (<em>S<\/em>), aby si\u0119 w to zaanga\u017cowa\u0107: zakaz sprawowania funkcji przez wszystkich cz\u0142onk\u00f3w partii komunistycznej, kt\u00f3rzy nie pochodz\u0105 z wybor\u00f3w. Wierz\u0119, \u017ce symbolicznie, bo dotyczy w\u0105skiej grupy os\u00f3b, sprawi, \u017ce takie pomys\u0142y w og\u00f3le nie b\u0119d\u0105 brane pod uwag\u0119. Nawet je\u015bli takie prawo zamrozi komunistyczny m\u00f3wca, niech si\u0119 z nim zmaga, niech zamrozi, niech codziennie zagl\u0105da do lod\u00f3wki, gdzie trzyma prawo, m\u00f3wi\u0105c, \u017ce nie powinien\u201d. <\/strong>\u2013 powiedzia\u0142 Sakiewicz na antenie.<\/p>\n<\/blockquote>\n<\/figure>\n<\/div>\n<\/div>\n","protected":false},"excerpt":{"rendered":"<p>\u201eCzy nie by\u0142oby w\u0142a\u015bciwym teraz wr\u0119czy\u0107 panu Czarzastemu&#8230; ustawa dekomunizacyjna? Zacz\u0105\u0142bym od prostego przepisu \u2013 zakazu sprawowania funkcji publicznych wszystkim<\/p>\n","protected":false},"author":1,"featured_media":10913,"comment_status":"open","ping_status":"open","sticky":false,"template":"","format":"standard","meta":{"footnotes":""},"categories":[4748],"tags":[12214,131,3733,8200,373,150,372,1829,1414],"class_list":["post-10912","post","type-post","status-publish","format-standard","has-post-thumbnail","hentry","category-aktualne","tag-czarzastego","tag-dla","tag-niech","tag-propozycje","tag-sakiewicz","tag-sie","tag-tomasz","tag-tym","tag-zmaga","generate-columns","tablet-grid-50","mobile-grid-100","grid-parent","grid-50","resize-featured-image"],"yoast_head":"<!-- This site is optimized with the Yoast SEO plugin v23.2 - https:\/\/yoast.com\/wordpress\/plugins\/seo\/ -->\n<title>Tomasz Sakiewicz ma propozycj\u0119 dla Czarzastego: \u201eNiech si\u0119 z tym zmaga\u201d - POGOTOWIE FLAGOWE\u00ae<\/title>\n<meta name=\"robots\" content=\"index, follow, max-snippet:-1, max-image-preview:large, max-video-preview:-1\" \/>\n<link rel=\"canonical\" href=\"https:\/\/www.pogotowieflagowe.pl\/aktualne\/tomasz-sakiewicz-ma-propozycje-dla-czarzastego-niech-sie-z-tym-zmaga\/\" \/>\n<meta property=\"og:locale\" content=\"pl_PL\" \/>\n<meta property=\"og:type\" content=\"article\" \/>\n<meta property=\"og:title\" content=\"Tomasz Sakiewicz ma propozycj\u0119 dla Czarzastego: \u201eNiech si\u0119 z tym zmaga\u201d - POGOTOWIE FLAGOWE\u00ae\" \/>\n<meta property=\"og:description\" content=\"\u201eCzy nie by\u0142oby w\u0142a\u015bciwym teraz wr\u0119czy\u0107 panu Czarzastemu&#8230; ustawa dekomunizacyjna? Zacz\u0105\u0142bym od prostego przepisu \u2013 zakazu sprawowania funkcji publicznych wszystkim\" \/>\n<meta property=\"og:url\" content=\"https:\/\/www.pogotowieflagowe.pl\/aktualne\/tomasz-sakiewicz-ma-propozycje-dla-czarzastego-niech-sie-z-tym-zmaga\/\" \/>\n<meta property=\"og:site_name\" content=\"POGOTOWIE FLAGOWE\u00ae\" \/>\n<meta property=\"article:published_time\" content=\"2025-11-23T15:56:48+00:00\" \/>\n<meta property=\"article:modified_time\" content=\"2025-11-23T15:56:49+00:00\" \/>\n<meta property=\"og:image\" content=\"https:\/\/www.pogotowieflagowe.pl\/aktualne\/wp-content\/uploads\/2025\/11\/Tomasz-Sakiewicz-ma-propozycje-dla-Czarzastego-\u201eNiech-sie-z-tym.webp.webp\" \/>\n\t<meta property=\"og:image:width\" content=\"1280\" \/>\n\t<meta property=\"og:image:height\" content=\"720\" \/>\n\t<meta property=\"og:image:type\" content=\"image\/webp\" \/>\n<meta name=\"author\" content=\"Filip\" \/>\n<meta name=\"twitter:card\" content=\"summary_large_image\" \/>\n<meta name=\"twitter:label1\" content=\"Napisane przez\" \/>\n\t<meta name=\"twitter:data1\" content=\"Filip\" \/>\n\t<meta name=\"twitter:label2\" content=\"Szacowany czas czytania\" \/>\n\t<meta name=\"twitter:data2\" content=\"2 minuty\" \/>\n<script type=\"application\/ld+json\" class=\"yoast-schema-graph\">{\"@context\":\"https:\/\/schema.org\",\"@graph\":[{\"@type\":\"Article\",\"@id\":\"https:\/\/www.pogotowieflagowe.pl\/aktualne\/tomasz-sakiewicz-ma-propozycje-dla-czarzastego-niech-sie-z-tym-zmaga\/#article\",\"isPartOf\":{\"@id\":\"https:\/\/www.pogotowieflagowe.pl\/aktualne\/tomasz-sakiewicz-ma-propozycje-dla-czarzastego-niech-sie-z-tym-zmaga\/\"},\"author\":{\"name\":\"Filip\",\"@id\":\"https:\/\/www.pogotowieflagowe.pl\/aktualne\/#\/schema\/person\/9c2fb7d2362ebf6fa088960d7f0d27b0\"},\"headline\":\"Tomasz Sakiewicz ma propozycj\u0119 dla Czarzastego: \u201eNiech si\u0119 z tym zmaga\u201d\",\"datePublished\":\"2025-11-23T15:56:48+00:00\",\"dateModified\":\"2025-11-23T15:56:49+00:00\",\"mainEntityOfPage\":{\"@id\":\"https:\/\/www.pogotowieflagowe.pl\/aktualne\/tomasz-sakiewicz-ma-propozycje-dla-czarzastego-niech-sie-z-tym-zmaga\/\"},\"wordCount\":382,\"commentCount\":0,\"publisher\":{\"@id\":\"https:\/\/www.pogotowieflagowe.pl\/aktualne\/#organization\"},\"image\":{\"@id\":\"https:\/\/www.pogotowieflagowe.pl\/aktualne\/tomasz-sakiewicz-ma-propozycje-dla-czarzastego-niech-sie-z-tym-zmaga\/#primaryimage\"},\"thumbnailUrl\":\"https:\/\/www.pogotowieflagowe.pl\/aktualne\/wp-content\/uploads\/2025\/11\/Tomasz-Sakiewicz-ma-propozycje-dla-Czarzastego-\u201eNiech-sie-z-tym.webp.webp\",\"keywords\":[\"Czarzastego\",\"dla\",\"Niech\",\"propozycje\",\"Sakiewicz\",\"si\u0119\",\"Tomasz\",\"tym\",\"zmaga\"],\"articleSection\":[\"Aktualne\"],\"inLanguage\":\"pl-PL\",\"potentialAction\":[{\"@type\":\"CommentAction\",\"name\":\"Comment\",\"target\":[\"https:\/\/www.pogotowieflagowe.pl\/aktualne\/tomasz-sakiewicz-ma-propozycje-dla-czarzastego-niech-sie-z-tym-zmaga\/#respond\"]}]},{\"@type\":\"WebPage\",\"@id\":\"https:\/\/www.pogotowieflagowe.pl\/aktualne\/tomasz-sakiewicz-ma-propozycje-dla-czarzastego-niech-sie-z-tym-zmaga\/\",\"url\":\"https:\/\/www.pogotowieflagowe.pl\/aktualne\/tomasz-sakiewicz-ma-propozycje-dla-czarzastego-niech-sie-z-tym-zmaga\/\",\"name\":\"Tomasz Sakiewicz ma propozycj\u0119 dla Czarzastego: \u201eNiech si\u0119 z tym zmaga\u201d - POGOTOWIE FLAGOWE\u00ae\",\"isPartOf\":{\"@id\":\"https:\/\/www.pogotowieflagowe.pl\/aktualne\/#website\"},\"primaryImageOfPage\":{\"@id\":\"https:\/\/www.pogotowieflagowe.pl\/aktualne\/tomasz-sakiewicz-ma-propozycje-dla-czarzastego-niech-sie-z-tym-zmaga\/#primaryimage\"},\"image\":{\"@id\":\"https:\/\/www.pogotowieflagowe.pl\/aktualne\/tomasz-sakiewicz-ma-propozycje-dla-czarzastego-niech-sie-z-tym-zmaga\/#primaryimage\"},\"thumbnailUrl\":\"https:\/\/www.pogotowieflagowe.pl\/aktualne\/wp-content\/uploads\/2025\/11\/Tomasz-Sakiewicz-ma-propozycje-dla-Czarzastego-\u201eNiech-sie-z-tym.webp.webp\",\"datePublished\":\"2025-11-23T15:56:48+00:00\",\"dateModified\":\"2025-11-23T15:56:49+00:00\",\"breadcrumb\":{\"@id\":\"https:\/\/www.pogotowieflagowe.pl\/aktualne\/tomasz-sakiewicz-ma-propozycje-dla-czarzastego-niech-sie-z-tym-zmaga\/#breadcrumb\"},\"inLanguage\":\"pl-PL\",\"potentialAction\":[{\"@type\":\"ReadAction\",\"target\":[\"https:\/\/www.pogotowieflagowe.pl\/aktualne\/tomasz-sakiewicz-ma-propozycje-dla-czarzastego-niech-sie-z-tym-zmaga\/\"]}]},{\"@type\":\"ImageObject\",\"inLanguage\":\"pl-PL\",\"@id\":\"https:\/\/www.pogotowieflagowe.pl\/aktualne\/tomasz-sakiewicz-ma-propozycje-dla-czarzastego-niech-sie-z-tym-zmaga\/#primaryimage\",\"url\":\"https:\/\/www.pogotowieflagowe.pl\/aktualne\/wp-content\/uploads\/2025\/11\/Tomasz-Sakiewicz-ma-propozycje-dla-Czarzastego-\u201eNiech-sie-z-tym.webp.webp\",\"contentUrl\":\"https:\/\/www.pogotowieflagowe.pl\/aktualne\/wp-content\/uploads\/2025\/11\/Tomasz-Sakiewicz-ma-propozycje-dla-Czarzastego-\u201eNiech-sie-z-tym.webp.webp\",\"width\":1280,\"height\":720,\"caption\":\"Tomasz Sakiewicz ma propozycj\u0119 dla Czarzastego: \u201eNiech si\u0119 z tym zmaga\u201d\"},{\"@type\":\"BreadcrumbList\",\"@id\":\"https:\/\/www.pogotowieflagowe.pl\/aktualne\/tomasz-sakiewicz-ma-propozycje-dla-czarzastego-niech-sie-z-tym-zmaga\/#breadcrumb\",\"itemListElement\":[{\"@type\":\"ListItem\",\"position\":1,\"name\":\"Home\",\"item\":\"https:\/\/www.pogotowieflagowe.pl\/aktualne\/\"},{\"@type\":\"ListItem\",\"position\":2,\"name\":\"Tomasz Sakiewicz ma propozycj\u0119 dla Czarzastego: \u201eNiech si\u0119 z tym zmaga\u201d\"}]},{\"@type\":\"WebSite\",\"@id\":\"https:\/\/www.pogotowieflagowe.pl\/aktualne\/#website\",\"url\":\"https:\/\/www.pogotowieflagowe.pl\/aktualne\/\",\"name\":\"POGOTOWIE FLAGOWE\u00ae\",\"description\":\"\",\"publisher\":{\"@id\":\"https:\/\/www.pogotowieflagowe.pl\/aktualne\/#organization\"},\"potentialAction\":[{\"@type\":\"SearchAction\",\"target\":{\"@type\":\"EntryPoint\",\"urlTemplate\":\"https:\/\/www.pogotowieflagowe.pl\/aktualne\/?s={search_term_string}\"},\"query-input\":\"required name=search_term_string\"}],\"inLanguage\":\"pl-PL\"},{\"@type\":\"Organization\",\"@id\":\"https:\/\/www.pogotowieflagowe.pl\/aktualne\/#organization\",\"name\":\"POGOTOWIE FLAGOWE\u00ae\",\"url\":\"https:\/\/www.pogotowieflagowe.pl\/aktualne\/\",\"logo\":{\"@type\":\"ImageObject\",\"inLanguage\":\"pl-PL\",\"@id\":\"https:\/\/www.pogotowieflagowe.pl\/aktualne\/#\/schema\/logo\/image\/\",\"url\":\"https:\/\/www.pogotowieflagowe.pl\/aktualne\/wp-content\/uploads\/2024\/08\/cropped-pogotowieflagowe_flaga_projekt_sm.jpg\",\"contentUrl\":\"https:\/\/www.pogotowieflagowe.pl\/aktualne\/wp-content\/uploads\/2024\/08\/cropped-pogotowieflagowe_flaga_projekt_sm.jpg\",\"width\":250,\"height\":143,\"caption\":\"POGOTOWIE FLAGOWE\u00ae\"},\"image\":{\"@id\":\"https:\/\/www.pogotowieflagowe.pl\/aktualne\/#\/schema\/logo\/image\/\"}},{\"@type\":\"Person\",\"@id\":\"https:\/\/www.pogotowieflagowe.pl\/aktualne\/#\/schema\/person\/9c2fb7d2362ebf6fa088960d7f0d27b0\",\"name\":\"Filip\",\"image\":{\"@type\":\"ImageObject\",\"inLanguage\":\"pl-PL\",\"@id\":\"https:\/\/www.pogotowieflagowe.pl\/aktualne\/#\/schema\/person\/image\/\",\"url\":\"https:\/\/www.pogotowieflagowe.pl\/aktualne\/wp-content\/uploads\/2024\/08\/pogotowieflagowe.pl_.jpg\",\"contentUrl\":\"https:\/\/www.pogotowieflagowe.pl\/aktualne\/wp-content\/uploads\/2024\/08\/pogotowieflagowe.pl_.jpg\",\"caption\":\"Filip\"},\"description\":\"Jestem Filip, polski dziennikarz z dyplomem nauk politycznych Uniwersytetu Warszawskiego. Rozpoczynaj\u0105c swoj\u0105 karier\u0119 w r\u00f3\u017cnych lokalnych mediach, zdoby\u0142em solidne do\u015bwiadczenie w zakresie \u015bledztwa i redakcji. Obecnie jako redaktor w Pogotowie flagowe, staram si\u0119 dostarcza\u0107 dog\u0142\u0119bne i istotne analizy na temat najwa\u017cniejszych kwestii aktualno\u015bci, \u0142\u0105cz\u0105c rygor z pasj\u0105 dziennikarsk\u0105.\",\"sameAs\":[\"https:\/\/www.pogotowieflagowe.pl\/\"]}]}<\/script>\n<!-- \/ Yoast SEO plugin. -->","yoast_head_json":{"title":"Tomasz Sakiewicz ma propozycj\u0119 dla Czarzastego: \u201eNiech si\u0119 z tym zmaga\u201d - POGOTOWIE FLAGOWE\u00ae","robots":{"index":"index","follow":"follow","max-snippet":"max-snippet:-1","max-image-preview":"max-image-preview:large","max-video-preview":"max-video-preview:-1"},"canonical":"https:\/\/www.pogotowieflagowe.pl\/aktualne\/tomasz-sakiewicz-ma-propozycje-dla-czarzastego-niech-sie-z-tym-zmaga\/","og_locale":"pl_PL","og_type":"article","og_title":"Tomasz Sakiewicz ma propozycj\u0119 dla Czarzastego: \u201eNiech si\u0119 z tym zmaga\u201d - POGOTOWIE FLAGOWE\u00ae","og_description":"\u201eCzy nie by\u0142oby w\u0142a\u015bciwym teraz wr\u0119czy\u0107 panu Czarzastemu&#8230; ustawa dekomunizacyjna? Zacz\u0105\u0142bym od prostego przepisu \u2013 zakazu sprawowania funkcji publicznych wszystkim","og_url":"https:\/\/www.pogotowieflagowe.pl\/aktualne\/tomasz-sakiewicz-ma-propozycje-dla-czarzastego-niech-sie-z-tym-zmaga\/","og_site_name":"POGOTOWIE FLAGOWE\u00ae","article_published_time":"2025-11-23T15:56:48+00:00","article_modified_time":"2025-11-23T15:56:49+00:00","og_image":[{"width":1280,"height":720,"url":"https:\/\/www.pogotowieflagowe.pl\/aktualne\/wp-content\/uploads\/2025\/11\/Tomasz-Sakiewicz-ma-propozycje-dla-Czarzastego-\u201eNiech-sie-z-tym.webp.webp","type":"image\/webp"}],"author":"Filip","twitter_card":"summary_large_image","twitter_misc":{"Napisane przez":"Filip","Szacowany czas czytania":"2 minuty"},"schema":{"@context":"https:\/\/schema.org","@graph":[{"@type":"Article","@id":"https:\/\/www.pogotowieflagowe.pl\/aktualne\/tomasz-sakiewicz-ma-propozycje-dla-czarzastego-niech-sie-z-tym-zmaga\/#article","isPartOf":{"@id":"https:\/\/www.pogotowieflagowe.pl\/aktualne\/tomasz-sakiewicz-ma-propozycje-dla-czarzastego-niech-sie-z-tym-zmaga\/"},"author":{"name":"Filip","@id":"https:\/\/www.pogotowieflagowe.pl\/aktualne\/#\/schema\/person\/9c2fb7d2362ebf6fa088960d7f0d27b0"},"headline":"Tomasz Sakiewicz ma propozycj\u0119 dla Czarzastego: \u201eNiech si\u0119 z tym zmaga\u201d","datePublished":"2025-11-23T15:56:48+00:00","dateModified":"2025-11-23T15:56:49+00:00","mainEntityOfPage":{"@id":"https:\/\/www.pogotowieflagowe.pl\/aktualne\/tomasz-sakiewicz-ma-propozycje-dla-czarzastego-niech-sie-z-tym-zmaga\/"},"wordCount":382,"commentCount":0,"publisher":{"@id":"https:\/\/www.pogotowieflagowe.pl\/aktualne\/#organization"},"image":{"@id":"https:\/\/www.pogotowieflagowe.pl\/aktualne\/tomasz-sakiewicz-ma-propozycje-dla-czarzastego-niech-sie-z-tym-zmaga\/#primaryimage"},"thumbnailUrl":"https:\/\/www.pogotowieflagowe.pl\/aktualne\/wp-content\/uploads\/2025\/11\/Tomasz-Sakiewicz-ma-propozycje-dla-Czarzastego-\u201eNiech-sie-z-tym.webp.webp","keywords":["Czarzastego","dla","Niech","propozycje","Sakiewicz","si\u0119","Tomasz","tym","zmaga"],"articleSection":["Aktualne"],"inLanguage":"pl-PL","potentialAction":[{"@type":"CommentAction","name":"Comment","target":["https:\/\/www.pogotowieflagowe.pl\/aktualne\/tomasz-sakiewicz-ma-propozycje-dla-czarzastego-niech-sie-z-tym-zmaga\/#respond"]}]},{"@type":"WebPage","@id":"https:\/\/www.pogotowieflagowe.pl\/aktualne\/tomasz-sakiewicz-ma-propozycje-dla-czarzastego-niech-sie-z-tym-zmaga\/","url":"https:\/\/www.pogotowieflagowe.pl\/aktualne\/tomasz-sakiewicz-ma-propozycje-dla-czarzastego-niech-sie-z-tym-zmaga\/","name":"Tomasz Sakiewicz ma propozycj\u0119 dla Czarzastego: \u201eNiech si\u0119 z tym zmaga\u201d - POGOTOWIE FLAGOWE\u00ae","isPartOf":{"@id":"https:\/\/www.pogotowieflagowe.pl\/aktualne\/#website"},"primaryImageOfPage":{"@id":"https:\/\/www.pogotowieflagowe.pl\/aktualne\/tomasz-sakiewicz-ma-propozycje-dla-czarzastego-niech-sie-z-tym-zmaga\/#primaryimage"},"image":{"@id":"https:\/\/www.pogotowieflagowe.pl\/aktualne\/tomasz-sakiewicz-ma-propozycje-dla-czarzastego-niech-sie-z-tym-zmaga\/#primaryimage"},"thumbnailUrl":"https:\/\/www.pogotowieflagowe.pl\/aktualne\/wp-content\/uploads\/2025\/11\/Tomasz-Sakiewicz-ma-propozycje-dla-Czarzastego-\u201eNiech-sie-z-tym.webp.webp","datePublished":"2025-11-23T15:56:48+00:00","dateModified":"2025-11-23T15:56:49+00:00","breadcrumb":{"@id":"https:\/\/www.pogotowieflagowe.pl\/aktualne\/tomasz-sakiewicz-ma-propozycje-dla-czarzastego-niech-sie-z-tym-zmaga\/#breadcrumb"},"inLanguage":"pl-PL","potentialAction":[{"@type":"ReadAction","target":["https:\/\/www.pogotowieflagowe.pl\/aktualne\/tomasz-sakiewicz-ma-propozycje-dla-czarzastego-niech-sie-z-tym-zmaga\/"]}]},{"@type":"ImageObject","inLanguage":"pl-PL","@id":"https:\/\/www.pogotowieflagowe.pl\/aktualne\/tomasz-sakiewicz-ma-propozycje-dla-czarzastego-niech-sie-z-tym-zmaga\/#primaryimage","url":"https:\/\/www.pogotowieflagowe.pl\/aktualne\/wp-content\/uploads\/2025\/11\/Tomasz-Sakiewicz-ma-propozycje-dla-Czarzastego-\u201eNiech-sie-z-tym.webp.webp","contentUrl":"https:\/\/www.pogotowieflagowe.pl\/aktualne\/wp-content\/uploads\/2025\/11\/Tomasz-Sakiewicz-ma-propozycje-dla-Czarzastego-\u201eNiech-sie-z-tym.webp.webp","width":1280,"height":720,"caption":"Tomasz Sakiewicz ma propozycj\u0119 dla Czarzastego: \u201eNiech si\u0119 z tym zmaga\u201d"},{"@type":"BreadcrumbList","@id":"https:\/\/www.pogotowieflagowe.pl\/aktualne\/tomasz-sakiewicz-ma-propozycje-dla-czarzastego-niech-sie-z-tym-zmaga\/#breadcrumb","itemListElement":[{"@type":"ListItem","position":1,"name":"Home","item":"https:\/\/www.pogotowieflagowe.pl\/aktualne\/"},{"@type":"ListItem","position":2,"name":"Tomasz Sakiewicz ma propozycj\u0119 dla Czarzastego: \u201eNiech si\u0119 z tym zmaga\u201d"}]},{"@type":"WebSite","@id":"https:\/\/www.pogotowieflagowe.pl\/aktualne\/#website","url":"https:\/\/www.pogotowieflagowe.pl\/aktualne\/","name":"POGOTOWIE FLAGOWE\u00ae","description":"","publisher":{"@id":"https:\/\/www.pogotowieflagowe.pl\/aktualne\/#organization"},"potentialAction":[{"@type":"SearchAction","target":{"@type":"EntryPoint","urlTemplate":"https:\/\/www.pogotowieflagowe.pl\/aktualne\/?s={search_term_string}"},"query-input":"required name=search_term_string"}],"inLanguage":"pl-PL"},{"@type":"Organization","@id":"https:\/\/www.pogotowieflagowe.pl\/aktualne\/#organization","name":"POGOTOWIE FLAGOWE\u00ae","url":"https:\/\/www.pogotowieflagowe.pl\/aktualne\/","logo":{"@type":"ImageObject","inLanguage":"pl-PL","@id":"https:\/\/www.pogotowieflagowe.pl\/aktualne\/#\/schema\/logo\/image\/","url":"https:\/\/www.pogotowieflagowe.pl\/aktualne\/wp-content\/uploads\/2024\/08\/cropped-pogotowieflagowe_flaga_projekt_sm.jpg","contentUrl":"https:\/\/www.pogotowieflagowe.pl\/aktualne\/wp-content\/uploads\/2024\/08\/cropped-pogotowieflagowe_flaga_projekt_sm.jpg","width":250,"height":143,"caption":"POGOTOWIE FLAGOWE\u00ae"},"image":{"@id":"https:\/\/www.pogotowieflagowe.pl\/aktualne\/#\/schema\/logo\/image\/"}},{"@type":"Person","@id":"https:\/\/www.pogotowieflagowe.pl\/aktualne\/#\/schema\/person\/9c2fb7d2362ebf6fa088960d7f0d27b0","name":"Filip","image":{"@type":"ImageObject","inLanguage":"pl-PL","@id":"https:\/\/www.pogotowieflagowe.pl\/aktualne\/#\/schema\/person\/image\/","url":"https:\/\/www.pogotowieflagowe.pl\/aktualne\/wp-content\/uploads\/2024\/08\/pogotowieflagowe.pl_.jpg","contentUrl":"https:\/\/www.pogotowieflagowe.pl\/aktualne\/wp-content\/uploads\/2024\/08\/pogotowieflagowe.pl_.jpg","caption":"Filip"},"description":"Jestem Filip, polski dziennikarz z dyplomem nauk politycznych Uniwersytetu Warszawskiego. Rozpoczynaj\u0105c swoj\u0105 karier\u0119 w r\u00f3\u017cnych lokalnych mediach, zdoby\u0142em solidne do\u015bwiadczenie w zakresie \u015bledztwa i redakcji. Obecnie jako redaktor w Pogotowie flagowe, staram si\u0119 dostarcza\u0107 dog\u0142\u0119bne i istotne analizy na temat najwa\u017cniejszych kwestii aktualno\u015bci, \u0142\u0105cz\u0105c rygor z pasj\u0105 dziennikarsk\u0105.","sameAs":["https:\/\/www.pogotowieflagowe.pl\/"]}]}},"_links":{"self":[{"href":"https:\/\/www.pogotowieflagowe.pl\/aktualne\/wp-json\/wp\/v2\/posts\/10912","targetHints":{"allow":["GET"]}}],"collection":[{"href":"https:\/\/www.pogotowieflagowe.pl\/aktualne\/wp-json\/wp\/v2\/posts"}],"about":[{"href":"https:\/\/www.pogotowieflagowe.pl\/aktualne\/wp-json\/wp\/v2\/types\/post"}],"author":[{"embeddable":true,"href":"https:\/\/www.pogotowieflagowe.pl\/aktualne\/wp-json\/wp\/v2\/users\/1"}],"replies":[{"embeddable":true,"href":"https:\/\/www.pogotowieflagowe.pl\/aktualne\/wp-json\/wp\/v2\/comments?post=10912"}],"version-history":[{"count":1,"href":"https:\/\/www.pogotowieflagowe.pl\/aktualne\/wp-json\/wp\/v2\/posts\/10912\/revisions"}],"predecessor-version":[{"id":10914,"href":"https:\/\/www.pogotowieflagowe.pl\/aktualne\/wp-json\/wp\/v2\/posts\/10912\/revisions\/10914"}],"wp:featuredmedia":[{"embeddable":true,"href":"https:\/\/www.pogotowieflagowe.pl\/aktualne\/wp-json\/wp\/v2\/media\/10913"}],"wp:attachment":[{"href":"https:\/\/www.pogotowieflagowe.pl\/aktualne\/wp-json\/wp\/v2\/media?parent=10912"}],"wp:term":[{"taxonomy":"category","embeddable":true,"href":"https:\/\/www.pogotowieflagowe.pl\/aktualne\/wp-json\/wp\/v2\/categories?post=10912"},{"taxonomy":"post_tag","embeddable":true,"href":"https:\/\/www.pogotowieflagowe.pl\/aktualne\/wp-json\/wp\/v2\/tags?post=10912"}],"curies":[{"name":"wp","href":"https:\/\/api.w.org\/{rel}","templated":true}]}}