{"id":10915,"date":"2025-11-23T17:28:23","date_gmt":"2025-11-23T16:28:23","guid":{"rendered":"https:\/\/www.pogotowieflagowe.pl\/aktualne\/calkowicie-stracili-poczucie-faktow-kempa-wdziera-sie-w-strategie-komunikacyjna-rzadu\/"},"modified":"2025-11-23T17:28:24","modified_gmt":"2025-11-23T16:28:24","slug":"calkowicie-stracili-poczucie-faktow-kempa-wdziera-sie-w-strategie-komunikacyjna-rzadu","status":"publish","type":"post","link":"https:\/\/www.pogotowieflagowe.pl\/aktualne\/calkowicie-stracili-poczucie-faktow-kempa-wdziera-sie-w-strategie-komunikacyjna-rzadu\/","title":{"rendered":"\u201eCa\u0142kowicie stracili poczucie fakt\u00f3w\u201d. Kempa wdziera si\u0119 w strategi\u0119 komunikacyjn\u0105 rz\u0105du"},"content":{"rendered":"\n<div class=\"td_block_wrap tdb_single_content tdi_46 td-pb-border-top td_block_template_8 td-post-content tagdiv-type\" data-td-block-uid=\"tdi_46\">\n<style>.tdi_46{margines-g\u00f3rny:0px!important;margin-bottom:0px!important;dope\u0142nienie-g\u00f3ra:0px!important;dope\u0142nienie-d\u00f3\u0142:0px!important}<\/style>\n<style>.tdb_single_content{margin-bottom:0;*zoom:1}.tdb_single_content:before,.tdb_single_content:after{display:table;content:'';line-height:0}.tdb_single_content:after{clear:both}.tdb_single_content .tdb-block-inner>*:not(.wp-block-quote):not(.alignwide):not(.alignfull.wp-block-cover.has-parallax):not(.td-a-ad){margin-left:auto;margin-right:auto}.tdb_single_content a{pointer-events:auto}.tdb_single_content .td-spot-id-top_ad .tdc-placeholder-title:before{content:'Najlepsza reklama artyku\u0142u'!important}.tdb_single_content .td-spot-id-inline_ad0 .tdc-placeholder-title:before{content:'Reklama wbudowana artyku\u0142u 1'!important}.tdb_single_content .td-spot-id-inline_ad1 .tdc-placeholder-title:before{content:'Wbudowana reklama w artykule 2'!important}.tdb_single_content .td-spot-id-inline_ad2 .tdc-placeholder-title:before{content:'Wbudowana reklama w artykule 3'!important}.tdb_single_content .td-spot-id-bottom_ad .tdc-placeholder-title:before{content:'Article Bottom Ad'!important}.tdb_single_content .id_top_ad,.tdb_single_content .id_bottom_ad{clear:both;margin-bottom:21px;text-align:center}.tdb_single_content .id_top_ad img,.tdb_single_content .id_bottom_ad img{margin-bottom:0}.tdb_single_content .id_top_ad .adsbygoogle,.tdb_single_content .id_bottom_ad .adsbygoogle{position:relative}.tdb_single_content .id_ad_content-horiz-left,.tdb_single_content .id_ad_content-horiz-right,.tdb_single_content .id_ad_content-horiz-center{margin-bottom:15px}.tdb_single_content .id_ad_content-horiz-left img,.tdb_single_content .id_ad_content-horiz-right img,.tdb_single_content .id_ad_content-horiz-center img{margin-bottom:0}.tdb_single_content .id_ad_content-horiz-center{text-align:center}.tdb_single_content .id_ad_content-horiz-center img{margin-right:auto;margin-left:auto}.tdb_single_content .id_ad_content-horiz-left{float:left;margin-top:9px;margin-right:21px}.tdb_single_content .id_ad_content-horiz-right{float:right;margin-top:6px;margin-left:21px}.tdb_single_content .tdc-a-ad .tdc-placeholder-title{width:300px;height:250px}.tdb_single_content .tdc-a-ad .tdc-placeholder-title:before{position:absolute;top:50%;-webkit-transform:translateY(-50%);transform:translateY(-50%);margin:auto;display:table;width:100%}.tdb_single_content .tdb-block-inner.td-fix-index{word-break:break-word}.tdi_46,.tdi_46>p,.tdi_46 .tdb-block-inner>p,.wp-block-column>p{font-size:16px!important;line-height:1.6!important}.tdi_46 .tdb-block-inner blockquote p{font-style:normal!important}@media (max-width:767px){.tdb_single_content .id_ad_content-horiz-left,.tdb_single_content .id_ad_content-horiz-right,.tdb_single_content .id_ad_content-horiz-center{margin:0 auto 26 pikseli auto}}@media (max-width:767px){.tdb_single_content .id_ad_content-horiz-left{margin-right:0}}@media (max-width:767px){.tdb_single_content .id_ad_content-horiz-right{margin-left:0}}@media (max-width:767px){.tdb_single_content .td-a-ad{float:none;text-align:center}.tdb_single_content .td-a-ad img{margin-right:auto;margin-left:auto}.tdb_single_content .tdc-a-ad{float:none}}<\/style>\n<div class=\"tdb-block-inner td-fix-index\">\n<p>&#8222;Rz\u0105d zupe\u0142nie straci\u0142 orientacj\u0119 w faktach. Konferencja prasowa ministra Kierwi\u0144skiego by\u0142a po prostu \u015bmieszna w tak kryzysowej sytuacji&#8221; &#8211; powiedzia\u0142a Beata Kempa podczas wyst\u0105pienia w Telewizji Republika, krytykuj\u0105c komunikat rz\u0105du w sprawie sabota\u017cu kolejowego. \u201eTo niezwykle niepokoj\u0105ce i pokazuje s\u0142abo\u015b\u0107 pa\u0144stwa\u201d \u2013 doda\u0142 doradca Prezydenta RP.<\/p>\n<p>Rozmowa w programie Mi\u0142osza K\u0142eczka <em>Wysokie wydanie<\/em> skupi\u0142 si\u0119 na zesz\u0142otygodniowych aktach sabota\u017cu. Go\u015bcie reprezentuj\u0105cy wi\u0119kszo\u015b\u0107 partii politycznych w du\u017cej mierze zgodzili si\u0119 z Ann\u0105 \u015awierkowsk\u0105 z Konfederacji, \u017ce osoby skazane na Ukrainie nie powinny by\u0107 w og\u00f3le wpuszczane do Polski. Jedynym g\u0142osem sprzeciwu by\u0142 Pawe\u0142 Lech, warszawski radny z Koalicji Obywatelskiej.<\/p>\n<p>Na swoje obawy dotycz\u0105ce podej\u015bcia partii rz\u0105dz\u0105cej do bezpiecze\u0144stwa Polski zwr\u00f3ci\u0142a uwag\u0119 Beata Kempa, doradca prezydenta Karola Nawrockiego. \u201eTa destabilizacja pa\u0144stwa trwa od czasu, gdy Donald Tusk zosta\u0142 premierem\u201d \u2013 przypomnia\u0142a. Kolejne akty sabota\u017cu \u2013 takie jak wlot dron\u00f3w w polsk\u0105 przestrze\u0144 powietrzn\u0105 czy obecnie sabota\u017c kolejowy \u2013 okre\u015bli\u0142a jako \u201etestowanie przez Rosj\u0119 reakcji g\u0142\u00f3wnych aktor\u00f3w\u201d. Tymczasem \u2013 argumentowa\u0142a \u2013 rz\u0105d w dalszym ci\u0105gu wy\u015bmiewa sprz\u0119t i instytucje wojskowe.<\/p>\n<p>Wed\u0142ug Kempy komunikacja rz\u0105du w sobot\u0119 i niedziel\u0119 r\u00f3wnie\u017c by\u0142a bardzo z\u0142ej jako\u015bci.<\/p>\n<p>&#8222;Gdyby nie media, mieliby\u015bmy do czynienia z kompletnym kryzysem. Rz\u0105d zupe\u0142nie straci\u0142 orientacj\u0119 w faktach. Konferencja prasowa ministra Kierwi\u0144skiego by\u0142a po prostu \u015bmieszna w tak kryzysowej sytuacji. To jest niezwykle niepokoj\u0105ce i \u015bwiadczy o s\u0142abo\u015bci pa\u0144stwa&#8221; &#8211; stwierdzi\u0142a Beata Kempa.<\/p>\n<p>Przypomnia\u0142a te\u017c, \u017ce tu\u017c przed incydentem Donald Tusk podj\u0105\u0142 decyzj\u0119 o ponownym otwarciu granicy z Bia\u0142orusi\u0105. Kempa podkre\u015bli\u0142, \u017ce z pewno\u015bci\u0105 u\u0142atwi\u0142o to zadanie sabota\u017cystom.<\/p>\n<\/div>\n<\/div>\n","protected":false},"excerpt":{"rendered":"<p>&#8222;Rz\u0105d zupe\u0142nie straci\u0142 orientacj\u0119 w faktach. Konferencja prasowa ministra Kierwi\u0144skiego by\u0142a po prostu \u015bmieszna w tak kryzysowej sytuacji&#8221; &#8211; powiedzia\u0142a<\/p>\n","protected":false},"author":1,"featured_media":10916,"comment_status":"open","ping_status":"open","sticky":false,"template":"","format":"standard","meta":{"footnotes":""},"categories":[4748],"tags":[6158,12339,12340,12342,12338,335,150,12215,392,12341],"class_list":["post-10915","post","type-post","status-publish","format-standard","has-post-thumbnail","hentry","category-aktualne","tag-calkowicie","tag-faktow","tag-kempa","tag-komunikacyjna","tag-poczucie","tag-rzadu","tag-sie","tag-stracili","tag-strategie","tag-wdziera","generate-columns","tablet-grid-50","mobile-grid-100","grid-parent","grid-50","resize-featured-image"],"yoast_head":"<!-- This site is optimized with the Yoast SEO plugin v23.2 - https:\/\/yoast.com\/wordpress\/plugins\/seo\/ -->\n<title>\u201eCa\u0142kowicie stracili poczucie fakt\u00f3w\u201d. Kempa wdziera si\u0119 w strategi\u0119 komunikacyjn\u0105 rz\u0105du - POGOTOWIE FLAGOWE\u00ae<\/title>\n<meta name=\"robots\" content=\"index, follow, max-snippet:-1, max-image-preview:large, max-video-preview:-1\" \/>\n<link rel=\"canonical\" href=\"https:\/\/www.pogotowieflagowe.pl\/aktualne\/calkowicie-stracili-poczucie-faktow-kempa-wdziera-sie-w-strategie-komunikacyjna-rzadu\/\" \/>\n<meta property=\"og:locale\" content=\"pl_PL\" \/>\n<meta property=\"og:type\" content=\"article\" \/>\n<meta property=\"og:title\" content=\"\u201eCa\u0142kowicie stracili poczucie fakt\u00f3w\u201d. Kempa wdziera si\u0119 w strategi\u0119 komunikacyjn\u0105 rz\u0105du - POGOTOWIE FLAGOWE\u00ae\" \/>\n<meta property=\"og:description\" content=\"&#8222;Rz\u0105d zupe\u0142nie straci\u0142 orientacj\u0119 w faktach. Konferencja prasowa ministra Kierwi\u0144skiego by\u0142a po prostu \u015bmieszna w tak kryzysowej sytuacji&#8221; &#8211; powiedzia\u0142a\" \/>\n<meta property=\"og:url\" content=\"https:\/\/www.pogotowieflagowe.pl\/aktualne\/calkowicie-stracili-poczucie-faktow-kempa-wdziera-sie-w-strategie-komunikacyjna-rzadu\/\" \/>\n<meta property=\"og:site_name\" content=\"POGOTOWIE FLAGOWE\u00ae\" \/>\n<meta property=\"article:published_time\" content=\"2025-11-23T16:28:23+00:00\" \/>\n<meta property=\"article:modified_time\" content=\"2025-11-23T16:28:24+00:00\" \/>\n<meta property=\"og:image\" content=\"https:\/\/www.pogotowieflagowe.pl\/aktualne\/wp-content\/uploads\/2025\/11\/\u201eCalkowicie-stracili-poczucie-faktow-Kempa-wdziera-sie-w-strategie-komunikacyjna.webp.webp\" \/>\n\t<meta property=\"og:image:width\" content=\"1280\" \/>\n\t<meta property=\"og:image:height\" content=\"721\" \/>\n\t<meta property=\"og:image:type\" content=\"image\/webp\" \/>\n<meta name=\"author\" content=\"Filip\" \/>\n<meta name=\"twitter:card\" content=\"summary_large_image\" \/>\n<meta name=\"twitter:label1\" content=\"Napisane przez\" \/>\n\t<meta name=\"twitter:data1\" content=\"Filip\" \/>\n\t<meta name=\"twitter:label2\" content=\"Szacowany czas czytania\" \/>\n\t<meta name=\"twitter:data2\" content=\"2 minuty\" \/>\n<script type=\"application\/ld+json\" class=\"yoast-schema-graph\">{\"@context\":\"https:\/\/schema.org\",\"@graph\":[{\"@type\":\"Article\",\"@id\":\"https:\/\/www.pogotowieflagowe.pl\/aktualne\/calkowicie-stracili-poczucie-faktow-kempa-wdziera-sie-w-strategie-komunikacyjna-rzadu\/#article\",\"isPartOf\":{\"@id\":\"https:\/\/www.pogotowieflagowe.pl\/aktualne\/calkowicie-stracili-poczucie-faktow-kempa-wdziera-sie-w-strategie-komunikacyjna-rzadu\/\"},\"author\":{\"name\":\"Filip\",\"@id\":\"https:\/\/www.pogotowieflagowe.pl\/aktualne\/#\/schema\/person\/9c2fb7d2362ebf6fa088960d7f0d27b0\"},\"headline\":\"\u201eCa\u0142kowicie stracili poczucie fakt\u00f3w\u201d. Kempa wdziera si\u0119 w strategi\u0119 komunikacyjn\u0105 rz\u0105du\",\"datePublished\":\"2025-11-23T16:28:23+00:00\",\"dateModified\":\"2025-11-23T16:28:24+00:00\",\"mainEntityOfPage\":{\"@id\":\"https:\/\/www.pogotowieflagowe.pl\/aktualne\/calkowicie-stracili-poczucie-faktow-kempa-wdziera-sie-w-strategie-komunikacyjna-rzadu\/\"},\"wordCount\":318,\"commentCount\":0,\"publisher\":{\"@id\":\"https:\/\/www.pogotowieflagowe.pl\/aktualne\/#organization\"},\"image\":{\"@id\":\"https:\/\/www.pogotowieflagowe.pl\/aktualne\/calkowicie-stracili-poczucie-faktow-kempa-wdziera-sie-w-strategie-komunikacyjna-rzadu\/#primaryimage\"},\"thumbnailUrl\":\"https:\/\/www.pogotowieflagowe.pl\/aktualne\/wp-content\/uploads\/2025\/11\/\u201eCalkowicie-stracili-poczucie-faktow-Kempa-wdziera-sie-w-strategie-komunikacyjna.webp.webp\",\"keywords\":[\"ca\u0142kowicie\",\"fakt\u00f3w\",\"Kempa\",\"komunikacyjn\u0105\",\"poczucie\",\"rz\u0105du\",\"si\u0119\",\"Stracili\",\"strategi\u0119\",\"wdziera\"],\"articleSection\":[\"Aktualne\"],\"inLanguage\":\"pl-PL\",\"potentialAction\":[{\"@type\":\"CommentAction\",\"name\":\"Comment\",\"target\":[\"https:\/\/www.pogotowieflagowe.pl\/aktualne\/calkowicie-stracili-poczucie-faktow-kempa-wdziera-sie-w-strategie-komunikacyjna-rzadu\/#respond\"]}]},{\"@type\":\"WebPage\",\"@id\":\"https:\/\/www.pogotowieflagowe.pl\/aktualne\/calkowicie-stracili-poczucie-faktow-kempa-wdziera-sie-w-strategie-komunikacyjna-rzadu\/\",\"url\":\"https:\/\/www.pogotowieflagowe.pl\/aktualne\/calkowicie-stracili-poczucie-faktow-kempa-wdziera-sie-w-strategie-komunikacyjna-rzadu\/\",\"name\":\"\u201eCa\u0142kowicie stracili poczucie fakt\u00f3w\u201d. Kempa wdziera si\u0119 w strategi\u0119 komunikacyjn\u0105 rz\u0105du - POGOTOWIE FLAGOWE\u00ae\",\"isPartOf\":{\"@id\":\"https:\/\/www.pogotowieflagowe.pl\/aktualne\/#website\"},\"primaryImageOfPage\":{\"@id\":\"https:\/\/www.pogotowieflagowe.pl\/aktualne\/calkowicie-stracili-poczucie-faktow-kempa-wdziera-sie-w-strategie-komunikacyjna-rzadu\/#primaryimage\"},\"image\":{\"@id\":\"https:\/\/www.pogotowieflagowe.pl\/aktualne\/calkowicie-stracili-poczucie-faktow-kempa-wdziera-sie-w-strategie-komunikacyjna-rzadu\/#primaryimage\"},\"thumbnailUrl\":\"https:\/\/www.pogotowieflagowe.pl\/aktualne\/wp-content\/uploads\/2025\/11\/\u201eCalkowicie-stracili-poczucie-faktow-Kempa-wdziera-sie-w-strategie-komunikacyjna.webp.webp\",\"datePublished\":\"2025-11-23T16:28:23+00:00\",\"dateModified\":\"2025-11-23T16:28:24+00:00\",\"breadcrumb\":{\"@id\":\"https:\/\/www.pogotowieflagowe.pl\/aktualne\/calkowicie-stracili-poczucie-faktow-kempa-wdziera-sie-w-strategie-komunikacyjna-rzadu\/#breadcrumb\"},\"inLanguage\":\"pl-PL\",\"potentialAction\":[{\"@type\":\"ReadAction\",\"target\":[\"https:\/\/www.pogotowieflagowe.pl\/aktualne\/calkowicie-stracili-poczucie-faktow-kempa-wdziera-sie-w-strategie-komunikacyjna-rzadu\/\"]}]},{\"@type\":\"ImageObject\",\"inLanguage\":\"pl-PL\",\"@id\":\"https:\/\/www.pogotowieflagowe.pl\/aktualne\/calkowicie-stracili-poczucie-faktow-kempa-wdziera-sie-w-strategie-komunikacyjna-rzadu\/#primaryimage\",\"url\":\"https:\/\/www.pogotowieflagowe.pl\/aktualne\/wp-content\/uploads\/2025\/11\/\u201eCalkowicie-stracili-poczucie-faktow-Kempa-wdziera-sie-w-strategie-komunikacyjna.webp.webp\",\"contentUrl\":\"https:\/\/www.pogotowieflagowe.pl\/aktualne\/wp-content\/uploads\/2025\/11\/\u201eCalkowicie-stracili-poczucie-faktow-Kempa-wdziera-sie-w-strategie-komunikacyjna.webp.webp\",\"width\":1280,\"height\":721,\"caption\":\"\u201eCa\u0142kowicie stracili poczucie fakt\u00f3w\u201d. Kempa wdziera si\u0119 w strategi\u0119 komunikacyjn\u0105 rz\u0105du\"},{\"@type\":\"BreadcrumbList\",\"@id\":\"https:\/\/www.pogotowieflagowe.pl\/aktualne\/calkowicie-stracili-poczucie-faktow-kempa-wdziera-sie-w-strategie-komunikacyjna-rzadu\/#breadcrumb\",\"itemListElement\":[{\"@type\":\"ListItem\",\"position\":1,\"name\":\"Home\",\"item\":\"https:\/\/www.pogotowieflagowe.pl\/aktualne\/\"},{\"@type\":\"ListItem\",\"position\":2,\"name\":\"\u201eCa\u0142kowicie stracili poczucie fakt\u00f3w\u201d. Kempa wdziera si\u0119 w strategi\u0119 komunikacyjn\u0105 rz\u0105du\"}]},{\"@type\":\"WebSite\",\"@id\":\"https:\/\/www.pogotowieflagowe.pl\/aktualne\/#website\",\"url\":\"https:\/\/www.pogotowieflagowe.pl\/aktualne\/\",\"name\":\"POGOTOWIE FLAGOWE\u00ae\",\"description\":\"\",\"publisher\":{\"@id\":\"https:\/\/www.pogotowieflagowe.pl\/aktualne\/#organization\"},\"potentialAction\":[{\"@type\":\"SearchAction\",\"target\":{\"@type\":\"EntryPoint\",\"urlTemplate\":\"https:\/\/www.pogotowieflagowe.pl\/aktualne\/?s={search_term_string}\"},\"query-input\":\"required name=search_term_string\"}],\"inLanguage\":\"pl-PL\"},{\"@type\":\"Organization\",\"@id\":\"https:\/\/www.pogotowieflagowe.pl\/aktualne\/#organization\",\"name\":\"POGOTOWIE FLAGOWE\u00ae\",\"url\":\"https:\/\/www.pogotowieflagowe.pl\/aktualne\/\",\"logo\":{\"@type\":\"ImageObject\",\"inLanguage\":\"pl-PL\",\"@id\":\"https:\/\/www.pogotowieflagowe.pl\/aktualne\/#\/schema\/logo\/image\/\",\"url\":\"https:\/\/www.pogotowieflagowe.pl\/aktualne\/wp-content\/uploads\/2024\/08\/cropped-pogotowieflagowe_flaga_projekt_sm.jpg\",\"contentUrl\":\"https:\/\/www.pogotowieflagowe.pl\/aktualne\/wp-content\/uploads\/2024\/08\/cropped-pogotowieflagowe_flaga_projekt_sm.jpg\",\"width\":250,\"height\":143,\"caption\":\"POGOTOWIE FLAGOWE\u00ae\"},\"image\":{\"@id\":\"https:\/\/www.pogotowieflagowe.pl\/aktualne\/#\/schema\/logo\/image\/\"}},{\"@type\":\"Person\",\"@id\":\"https:\/\/www.pogotowieflagowe.pl\/aktualne\/#\/schema\/person\/9c2fb7d2362ebf6fa088960d7f0d27b0\",\"name\":\"Filip\",\"image\":{\"@type\":\"ImageObject\",\"inLanguage\":\"pl-PL\",\"@id\":\"https:\/\/www.pogotowieflagowe.pl\/aktualne\/#\/schema\/person\/image\/\",\"url\":\"https:\/\/www.pogotowieflagowe.pl\/aktualne\/wp-content\/uploads\/2024\/08\/pogotowieflagowe.pl_.jpg\",\"contentUrl\":\"https:\/\/www.pogotowieflagowe.pl\/aktualne\/wp-content\/uploads\/2024\/08\/pogotowieflagowe.pl_.jpg\",\"caption\":\"Filip\"},\"description\":\"Jestem Filip, polski dziennikarz z dyplomem nauk politycznych Uniwersytetu Warszawskiego. Rozpoczynaj\u0105c swoj\u0105 karier\u0119 w r\u00f3\u017cnych lokalnych mediach, zdoby\u0142em solidne do\u015bwiadczenie w zakresie \u015bledztwa i redakcji. Obecnie jako redaktor w Pogotowie flagowe, staram si\u0119 dostarcza\u0107 dog\u0142\u0119bne i istotne analizy na temat najwa\u017cniejszych kwestii aktualno\u015bci, \u0142\u0105cz\u0105c rygor z pasj\u0105 dziennikarsk\u0105.\",\"sameAs\":[\"https:\/\/www.pogotowieflagowe.pl\/\"]}]}<\/script>\n<!-- \/ Yoast SEO plugin. -->","yoast_head_json":{"title":"\u201eCa\u0142kowicie stracili poczucie fakt\u00f3w\u201d. Kempa wdziera si\u0119 w strategi\u0119 komunikacyjn\u0105 rz\u0105du - POGOTOWIE FLAGOWE\u00ae","robots":{"index":"index","follow":"follow","max-snippet":"max-snippet:-1","max-image-preview":"max-image-preview:large","max-video-preview":"max-video-preview:-1"},"canonical":"https:\/\/www.pogotowieflagowe.pl\/aktualne\/calkowicie-stracili-poczucie-faktow-kempa-wdziera-sie-w-strategie-komunikacyjna-rzadu\/","og_locale":"pl_PL","og_type":"article","og_title":"\u201eCa\u0142kowicie stracili poczucie fakt\u00f3w\u201d. Kempa wdziera si\u0119 w strategi\u0119 komunikacyjn\u0105 rz\u0105du - POGOTOWIE FLAGOWE\u00ae","og_description":"&#8222;Rz\u0105d zupe\u0142nie straci\u0142 orientacj\u0119 w faktach. Konferencja prasowa ministra Kierwi\u0144skiego by\u0142a po prostu \u015bmieszna w tak kryzysowej sytuacji&#8221; &#8211; powiedzia\u0142a","og_url":"https:\/\/www.pogotowieflagowe.pl\/aktualne\/calkowicie-stracili-poczucie-faktow-kempa-wdziera-sie-w-strategie-komunikacyjna-rzadu\/","og_site_name":"POGOTOWIE FLAGOWE\u00ae","article_published_time":"2025-11-23T16:28:23+00:00","article_modified_time":"2025-11-23T16:28:24+00:00","og_image":[{"width":1280,"height":721,"url":"https:\/\/www.pogotowieflagowe.pl\/aktualne\/wp-content\/uploads\/2025\/11\/\u201eCalkowicie-stracili-poczucie-faktow-Kempa-wdziera-sie-w-strategie-komunikacyjna.webp.webp","type":"image\/webp"}],"author":"Filip","twitter_card":"summary_large_image","twitter_misc":{"Napisane przez":"Filip","Szacowany czas czytania":"2 minuty"},"schema":{"@context":"https:\/\/schema.org","@graph":[{"@type":"Article","@id":"https:\/\/www.pogotowieflagowe.pl\/aktualne\/calkowicie-stracili-poczucie-faktow-kempa-wdziera-sie-w-strategie-komunikacyjna-rzadu\/#article","isPartOf":{"@id":"https:\/\/www.pogotowieflagowe.pl\/aktualne\/calkowicie-stracili-poczucie-faktow-kempa-wdziera-sie-w-strategie-komunikacyjna-rzadu\/"},"author":{"name":"Filip","@id":"https:\/\/www.pogotowieflagowe.pl\/aktualne\/#\/schema\/person\/9c2fb7d2362ebf6fa088960d7f0d27b0"},"headline":"\u201eCa\u0142kowicie stracili poczucie fakt\u00f3w\u201d. Kempa wdziera si\u0119 w strategi\u0119 komunikacyjn\u0105 rz\u0105du","datePublished":"2025-11-23T16:28:23+00:00","dateModified":"2025-11-23T16:28:24+00:00","mainEntityOfPage":{"@id":"https:\/\/www.pogotowieflagowe.pl\/aktualne\/calkowicie-stracili-poczucie-faktow-kempa-wdziera-sie-w-strategie-komunikacyjna-rzadu\/"},"wordCount":318,"commentCount":0,"publisher":{"@id":"https:\/\/www.pogotowieflagowe.pl\/aktualne\/#organization"},"image":{"@id":"https:\/\/www.pogotowieflagowe.pl\/aktualne\/calkowicie-stracili-poczucie-faktow-kempa-wdziera-sie-w-strategie-komunikacyjna-rzadu\/#primaryimage"},"thumbnailUrl":"https:\/\/www.pogotowieflagowe.pl\/aktualne\/wp-content\/uploads\/2025\/11\/\u201eCalkowicie-stracili-poczucie-faktow-Kempa-wdziera-sie-w-strategie-komunikacyjna.webp.webp","keywords":["ca\u0142kowicie","fakt\u00f3w","Kempa","komunikacyjn\u0105","poczucie","rz\u0105du","si\u0119","Stracili","strategi\u0119","wdziera"],"articleSection":["Aktualne"],"inLanguage":"pl-PL","potentialAction":[{"@type":"CommentAction","name":"Comment","target":["https:\/\/www.pogotowieflagowe.pl\/aktualne\/calkowicie-stracili-poczucie-faktow-kempa-wdziera-sie-w-strategie-komunikacyjna-rzadu\/#respond"]}]},{"@type":"WebPage","@id":"https:\/\/www.pogotowieflagowe.pl\/aktualne\/calkowicie-stracili-poczucie-faktow-kempa-wdziera-sie-w-strategie-komunikacyjna-rzadu\/","url":"https:\/\/www.pogotowieflagowe.pl\/aktualne\/calkowicie-stracili-poczucie-faktow-kempa-wdziera-sie-w-strategie-komunikacyjna-rzadu\/","name":"\u201eCa\u0142kowicie stracili poczucie fakt\u00f3w\u201d. Kempa wdziera si\u0119 w strategi\u0119 komunikacyjn\u0105 rz\u0105du - POGOTOWIE FLAGOWE\u00ae","isPartOf":{"@id":"https:\/\/www.pogotowieflagowe.pl\/aktualne\/#website"},"primaryImageOfPage":{"@id":"https:\/\/www.pogotowieflagowe.pl\/aktualne\/calkowicie-stracili-poczucie-faktow-kempa-wdziera-sie-w-strategie-komunikacyjna-rzadu\/#primaryimage"},"image":{"@id":"https:\/\/www.pogotowieflagowe.pl\/aktualne\/calkowicie-stracili-poczucie-faktow-kempa-wdziera-sie-w-strategie-komunikacyjna-rzadu\/#primaryimage"},"thumbnailUrl":"https:\/\/www.pogotowieflagowe.pl\/aktualne\/wp-content\/uploads\/2025\/11\/\u201eCalkowicie-stracili-poczucie-faktow-Kempa-wdziera-sie-w-strategie-komunikacyjna.webp.webp","datePublished":"2025-11-23T16:28:23+00:00","dateModified":"2025-11-23T16:28:24+00:00","breadcrumb":{"@id":"https:\/\/www.pogotowieflagowe.pl\/aktualne\/calkowicie-stracili-poczucie-faktow-kempa-wdziera-sie-w-strategie-komunikacyjna-rzadu\/#breadcrumb"},"inLanguage":"pl-PL","potentialAction":[{"@type":"ReadAction","target":["https:\/\/www.pogotowieflagowe.pl\/aktualne\/calkowicie-stracili-poczucie-faktow-kempa-wdziera-sie-w-strategie-komunikacyjna-rzadu\/"]}]},{"@type":"ImageObject","inLanguage":"pl-PL","@id":"https:\/\/www.pogotowieflagowe.pl\/aktualne\/calkowicie-stracili-poczucie-faktow-kempa-wdziera-sie-w-strategie-komunikacyjna-rzadu\/#primaryimage","url":"https:\/\/www.pogotowieflagowe.pl\/aktualne\/wp-content\/uploads\/2025\/11\/\u201eCalkowicie-stracili-poczucie-faktow-Kempa-wdziera-sie-w-strategie-komunikacyjna.webp.webp","contentUrl":"https:\/\/www.pogotowieflagowe.pl\/aktualne\/wp-content\/uploads\/2025\/11\/\u201eCalkowicie-stracili-poczucie-faktow-Kempa-wdziera-sie-w-strategie-komunikacyjna.webp.webp","width":1280,"height":721,"caption":"\u201eCa\u0142kowicie stracili poczucie fakt\u00f3w\u201d. Kempa wdziera si\u0119 w strategi\u0119 komunikacyjn\u0105 rz\u0105du"},{"@type":"BreadcrumbList","@id":"https:\/\/www.pogotowieflagowe.pl\/aktualne\/calkowicie-stracili-poczucie-faktow-kempa-wdziera-sie-w-strategie-komunikacyjna-rzadu\/#breadcrumb","itemListElement":[{"@type":"ListItem","position":1,"name":"Home","item":"https:\/\/www.pogotowieflagowe.pl\/aktualne\/"},{"@type":"ListItem","position":2,"name":"\u201eCa\u0142kowicie stracili poczucie fakt\u00f3w\u201d. Kempa wdziera si\u0119 w strategi\u0119 komunikacyjn\u0105 rz\u0105du"}]},{"@type":"WebSite","@id":"https:\/\/www.pogotowieflagowe.pl\/aktualne\/#website","url":"https:\/\/www.pogotowieflagowe.pl\/aktualne\/","name":"POGOTOWIE FLAGOWE\u00ae","description":"","publisher":{"@id":"https:\/\/www.pogotowieflagowe.pl\/aktualne\/#organization"},"potentialAction":[{"@type":"SearchAction","target":{"@type":"EntryPoint","urlTemplate":"https:\/\/www.pogotowieflagowe.pl\/aktualne\/?s={search_term_string}"},"query-input":"required name=search_term_string"}],"inLanguage":"pl-PL"},{"@type":"Organization","@id":"https:\/\/www.pogotowieflagowe.pl\/aktualne\/#organization","name":"POGOTOWIE FLAGOWE\u00ae","url":"https:\/\/www.pogotowieflagowe.pl\/aktualne\/","logo":{"@type":"ImageObject","inLanguage":"pl-PL","@id":"https:\/\/www.pogotowieflagowe.pl\/aktualne\/#\/schema\/logo\/image\/","url":"https:\/\/www.pogotowieflagowe.pl\/aktualne\/wp-content\/uploads\/2024\/08\/cropped-pogotowieflagowe_flaga_projekt_sm.jpg","contentUrl":"https:\/\/www.pogotowieflagowe.pl\/aktualne\/wp-content\/uploads\/2024\/08\/cropped-pogotowieflagowe_flaga_projekt_sm.jpg","width":250,"height":143,"caption":"POGOTOWIE FLAGOWE\u00ae"},"image":{"@id":"https:\/\/www.pogotowieflagowe.pl\/aktualne\/#\/schema\/logo\/image\/"}},{"@type":"Person","@id":"https:\/\/www.pogotowieflagowe.pl\/aktualne\/#\/schema\/person\/9c2fb7d2362ebf6fa088960d7f0d27b0","name":"Filip","image":{"@type":"ImageObject","inLanguage":"pl-PL","@id":"https:\/\/www.pogotowieflagowe.pl\/aktualne\/#\/schema\/person\/image\/","url":"https:\/\/www.pogotowieflagowe.pl\/aktualne\/wp-content\/uploads\/2024\/08\/pogotowieflagowe.pl_.jpg","contentUrl":"https:\/\/www.pogotowieflagowe.pl\/aktualne\/wp-content\/uploads\/2024\/08\/pogotowieflagowe.pl_.jpg","caption":"Filip"},"description":"Jestem Filip, polski dziennikarz z dyplomem nauk politycznych Uniwersytetu Warszawskiego. Rozpoczynaj\u0105c swoj\u0105 karier\u0119 w r\u00f3\u017cnych lokalnych mediach, zdoby\u0142em solidne do\u015bwiadczenie w zakresie \u015bledztwa i redakcji. Obecnie jako redaktor w Pogotowie flagowe, staram si\u0119 dostarcza\u0107 dog\u0142\u0119bne i istotne analizy na temat najwa\u017cniejszych kwestii aktualno\u015bci, \u0142\u0105cz\u0105c rygor z pasj\u0105 dziennikarsk\u0105.","sameAs":["https:\/\/www.pogotowieflagowe.pl\/"]}]}},"_links":{"self":[{"href":"https:\/\/www.pogotowieflagowe.pl\/aktualne\/wp-json\/wp\/v2\/posts\/10915","targetHints":{"allow":["GET"]}}],"collection":[{"href":"https:\/\/www.pogotowieflagowe.pl\/aktualne\/wp-json\/wp\/v2\/posts"}],"about":[{"href":"https:\/\/www.pogotowieflagowe.pl\/aktualne\/wp-json\/wp\/v2\/types\/post"}],"author":[{"embeddable":true,"href":"https:\/\/www.pogotowieflagowe.pl\/aktualne\/wp-json\/wp\/v2\/users\/1"}],"replies":[{"embeddable":true,"href":"https:\/\/www.pogotowieflagowe.pl\/aktualne\/wp-json\/wp\/v2\/comments?post=10915"}],"version-history":[{"count":1,"href":"https:\/\/www.pogotowieflagowe.pl\/aktualne\/wp-json\/wp\/v2\/posts\/10915\/revisions"}],"predecessor-version":[{"id":10917,"href":"https:\/\/www.pogotowieflagowe.pl\/aktualne\/wp-json\/wp\/v2\/posts\/10915\/revisions\/10917"}],"wp:featuredmedia":[{"embeddable":true,"href":"https:\/\/www.pogotowieflagowe.pl\/aktualne\/wp-json\/wp\/v2\/media\/10916"}],"wp:attachment":[{"href":"https:\/\/www.pogotowieflagowe.pl\/aktualne\/wp-json\/wp\/v2\/media?parent=10915"}],"wp:term":[{"taxonomy":"category","embeddable":true,"href":"https:\/\/www.pogotowieflagowe.pl\/aktualne\/wp-json\/wp\/v2\/categories?post=10915"},{"taxonomy":"post_tag","embeddable":true,"href":"https:\/\/www.pogotowieflagowe.pl\/aktualne\/wp-json\/wp\/v2\/tags?post=10915"}],"curies":[{"name":"wp","href":"https:\/\/api.w.org\/{rel}","templated":true}]}}