{"id":1092,"date":"2024-10-04T23:50:49","date_gmt":"2024-10-04T21:50:49","guid":{"rendered":"https:\/\/www.pogotowieflagowe.pl\/aktualne\/trybunal-ue-odrzuca-apelacje-siedmiu-krajow-w-tym-polski-w-sprawie-pakietu-mobilnosci\/"},"modified":"2024-10-04T23:50:50","modified_gmt":"2024-10-04T21:50:50","slug":"trybunal-ue-odrzuca-apelacje-siedmiu-krajow-w-tym-polski-w-sprawie-pakietu-mobilnosci","status":"publish","type":"post","link":"https:\/\/www.pogotowieflagowe.pl\/aktualne\/trybunal-ue-odrzuca-apelacje-siedmiu-krajow-w-tym-polski-w-sprawie-pakietu-mobilnosci\/","title":{"rendered":"Trybuna\u0142 UE odrzuca apelacj\u0119 siedmiu kraj\u00f3w, w tym Polski, w sprawie Pakietu Mobilno\u015bci"},"content":{"rendered":"\n<div class=\"td_block_wrap tdb_single_content tdi_48 td-pb-border-top td_block_template_8 td-post-content tagdiv-type\" data-td-block-uid=\"tdi_48\">\n<style>.tdi_48{margines-g\u00f3rny:0px!important;margin-bottom:0px!important;dope\u0142nienie-g\u00f3ra:0px!important;dope\u0142nienie-d\u00f3\u0142:0px!important}<\/style>\n<style>.tdb_single_content{margin-bottom:0;*zoom:1}.tdb_single_content:before,.tdb_single_content:after{display:table;content:'';line-height:0}.tdb_single_content:after{clear:both}.tdb_single_content .tdb-block-inner>*:not(.wp-block-quote):not(.alignwide):not(.alignfull.wp-block-cover.has-parallax):not(.td-a-ad) {margin-left:auto;margin-right:auto}.tdb_single_content a{pointer-events:auto}.tdb_single_content .td-spot-id-top_ad .tdc-placeholder-title:before{content:'Najlepsza reklama artyku\u0142u'! wa\u017cne}.tdb_single_content .td-spot-id-inline_ad0 .tdc-placeholder-title:before{content:'Article Inline Ad 1'!important}.tdb_single_content .td-spot-id-inline_ad1 .tdc-placeholder-title:before {content:'Reklama wbudowana w artyku\u0142 2'!important}.tdb_single_content .td-spot-id-inline_ad2 .tdc-placeholder-title:before{content:'Reklama wbudowana w artyku\u0142 3'!important}.tdb_single_content .td-spot-id -bottom_ad .tdc-placeholder-title:before{content:'Article Bottom Ad'!important}.tdb_single_content .id_top_ad,.tdb_single_content .id_bottom_ad{clear:both;margin-bottom:21px;text-align:center}.tdb_single_content . id_top_ad img,.tdb_single_content .id_bottom_ad img{margin-bottom:0}.tdb_single_content .id_top_ad .adsbygoogle,.tdb_single_content .id_bottom_ad .adsbygoogle{position:relative}.tdb_single_content .id_ad_content-horiz- po lewej,.tdb_single_content .id_ad_content-horiz-right ,.tdb_single_content .id_ad_content-horiz-center{margin-bottom:15px}.tdb_single_content .id_ad_content-horiz-left img,.tdb_single_content .id_ad_content-horiz-right img,.tdb_single_content .id_ad_content-horiz -center img{margines-dolny: 0}.tdb_single_content .id_ad_content-horiz-center{text-align:center}.tdb_single_content .id_ad_content-horiz-center img{margin-right:auto;margin-left:auto}.tdb_single_content .id_ad_content-horiz-left{float: lewy;margin-g\u00f3rny:9px;margin-prawy:21px}.tdb_single_content .id_ad_content-horiz-right{float:right;margin-top:6px;margin-left:21px}.tdb_single_content .tdc-a-ad .tdc- placeholder-title{width:300px;height:250px}.tdb_single_content .tdc-a-ad .tdc-placeholder-title:before{position:absolute;top:50%;-webkit-transform:translateY(-50%); transform:translateY(-50%);margines:auto;display:table;width:100%}.tdb_single_content .tdb-block-inner.td-fix-index{word-break:break-word}.tdi_48,.tdi_48 >p,.tdi_48 .tdb-block-inner>p{font-size:16px!important;line-height:1.6!important}.tdi_48 .tdb-block-inner blockquote p{font-style:normal!important}@ media (maks. szeroko\u015b\u0107: 767 pikseli){.tdb_single_content .id_ad_content-horiz-left,.tdb_single_content .id_ad_content-horiz-right,.tdb_single_content .id_ad_content-horiz-center{margin:0 auto 26px auto}}@media (maks. szeroko\u015b\u0107 :767px){.tdb_single_content .id_ad_content-horiz-left{margin-right:0}}@media (max-width:767px){.tdb_single_content .id_ad_content-horiz-right{margin-left:0}}@media (max -width:767px){.tdb_single_content .td-a-ad{float:none;text-align:center}.tdb_single_content .td-a-ad img{margin-right:auto;margin-left:auto}.tdb_single_content . tdc-a-ad{float:none}}<\/style>\n<div class=\"tdb-block-inner td-fix-index\">\n<p>Europejski Trybuna\u0142 Sprawiedliwo\u015bci (ETS) oddali\u0142 skargi siedmiu kraj\u00f3w, w tym Polski, dotycz\u0105ce unijnego Pakietu Mobilno\u015bci, kt\u00f3ry wprowadza nowe regulacje dla kierowc\u00f3w ci\u0119\u017car\u00f3wek. Jednak\u017ce s\u0105d odrzuci\u0142 wym\u00f3g powrotu pojazd\u00f3w do bazy co osiem tygodni.<\/p>\n<p>Pakiet Mobilno\u015bci, przyj\u0119ty przez UE w 2020 roku, ma na celu popraw\u0119 warunk\u00f3w pracy kierowc\u00f3w i nak\u0142ada nowe obowi\u0105zki na firmy posiadaj\u0105ce floty ci\u0119\u017car\u00f3wek dzia\u0142aj\u0105ce na terenie ca\u0142ej Europy. Litwa, Bu\u0142garia, Rumunia, Cypr, W\u0119gry, Malta i Polska z\u0142o\u017cy\u0142y odwo\u0142ania, argumentuj\u0105c, \u017ce nowe przepisy zaszkodz\u0105 ich konkurencyjno\u015bci na rynku europejskim, zw\u0142aszcza firmom transportowym z Europy \u015arodkowo-Wschodniej.<\/p>\n<p>Cho\u0107 ETS podtrzyma\u0142 wi\u0119kszo\u015b\u0107 zapis\u00f3w pakietu, podkre\u015blaj\u0105c potrzeb\u0119 uczciwej konkurencji i lepszych warunk\u00f3w pracy, to uchyli\u0142 zasad\u0119 zwrotu pojazdu ze wzgl\u0119du na niewystarczaj\u0105ce dowody jej konieczno\u015bci. Kraje twierdzi\u0142y, \u017ce przepisy s\u0105 uci\u0105\u017cliwe, szkodliwe gospodarczo i \u017ale dostosowane do krajobrazu po pandemii, zw\u0142aszcza dla ma\u0142ych i \u015brednich przedsi\u0119biorstw.<\/p>\n<p>Rz\u0105dy Europy \u015arodkowo-Wschodniej uwa\u017caj\u0105, \u017ce pakiet obejmuj\u0105cy obowi\u0105zkowe okresy odpoczynku poza kabinami ci\u0119\u017car\u00f3wek i bardziej rygorystyczne przepisy dotycz\u0105ce czasu odpoczynku kierowc\u00f3w, sprzyja protekcjonizmowi i zwi\u0119ksza koszty us\u0142ug transportowych w UE.<\/p>\n<\/div>\n<\/div>\n","protected":false},"excerpt":{"rendered":"<p>Europejski Trybuna\u0142 Sprawiedliwo\u015bci (ETS) oddali\u0142 skargi siedmiu kraj\u00f3w, w tym Polski, dotycz\u0105ce unijnego Pakietu Mobilno\u015bci, kt\u00f3ry wprowadza nowe regulacje dla<\/p>\n","protected":false},"author":1,"featured_media":1093,"comment_status":"closed","ping_status":"","sticky":false,"template":"","format":"standard","meta":{"footnotes":""},"categories":[45],"tags":[1826,1828,1831,560,1830,72,1827,35,1825,1829],"class_list":["post-1092","post","type-post","status-publish","format-standard","has-post-thumbnail","hentry","category-biznes","tag-apelacje","tag-krajow","tag-mobilnosci","tag-odrzuca","tag-pakietu","tag-polski","tag-siedmiu","tag-sprawie","tag-trybunal","tag-tym","generate-columns","tablet-grid-50","mobile-grid-100","grid-parent","grid-50","resize-featured-image"],"yoast_head":"<!-- This site is optimized with the Yoast SEO plugin v23.2 - https:\/\/yoast.com\/wordpress\/plugins\/seo\/ -->\n<title>Trybuna\u0142 UE odrzuca apelacj\u0119 siedmiu kraj\u00f3w, w tym Polski, w sprawie Pakietu Mobilno\u015bci - POGOTOWIE FLAGOWE\u00ae<\/title>\n<meta name=\"robots\" content=\"index, follow, max-snippet:-1, max-image-preview:large, max-video-preview:-1\" \/>\n<link rel=\"canonical\" href=\"https:\/\/www.pogotowieflagowe.pl\/aktualne\/trybunal-ue-odrzuca-apelacje-siedmiu-krajow-w-tym-polski-w-sprawie-pakietu-mobilnosci\/\" \/>\n<meta property=\"og:locale\" content=\"pl_PL\" \/>\n<meta property=\"og:type\" content=\"article\" \/>\n<meta property=\"og:title\" content=\"Trybuna\u0142 UE odrzuca apelacj\u0119 siedmiu kraj\u00f3w, w tym Polski, w sprawie Pakietu Mobilno\u015bci - POGOTOWIE FLAGOWE\u00ae\" \/>\n<meta property=\"og:description\" content=\"Europejski Trybuna\u0142 Sprawiedliwo\u015bci (ETS) oddali\u0142 skargi siedmiu kraj\u00f3w, w tym Polski, dotycz\u0105ce unijnego Pakietu Mobilno\u015bci, kt\u00f3ry wprowadza nowe regulacje dla\" \/>\n<meta property=\"og:url\" content=\"https:\/\/www.pogotowieflagowe.pl\/aktualne\/trybunal-ue-odrzuca-apelacje-siedmiu-krajow-w-tym-polski-w-sprawie-pakietu-mobilnosci\/\" \/>\n<meta property=\"og:site_name\" content=\"POGOTOWIE FLAGOWE\u00ae\" \/>\n<meta property=\"article:published_time\" content=\"2024-10-04T21:50:49+00:00\" \/>\n<meta property=\"article:modified_time\" content=\"2024-10-04T21:50:50+00:00\" \/>\n<meta property=\"og:image\" content=\"https:\/\/www.pogotowieflagowe.pl\/aktualne\/wp-content\/uploads\/2024\/10\/Trybunal-UE-odrzuca-apelacje-siedmiu-krajow-w-tym-Polski-w.jpg\" \/>\n\t<meta property=\"og:image:width\" content=\"870\" \/>\n\t<meta property=\"og:image:height\" content=\"494\" \/>\n\t<meta property=\"og:image:type\" content=\"image\/jpeg\" \/>\n<meta name=\"author\" content=\"Filip\" \/>\n<meta name=\"twitter:card\" content=\"summary_large_image\" \/>\n<meta name=\"twitter:label1\" content=\"Napisane przez\" \/>\n\t<meta name=\"twitter:data1\" content=\"Filip\" \/>\n\t<meta name=\"twitter:label2\" content=\"Szacowany czas czytania\" \/>\n\t<meta name=\"twitter:data2\" content=\"1 minuta\" \/>\n<script type=\"application\/ld+json\" class=\"yoast-schema-graph\">{\"@context\":\"https:\/\/schema.org\",\"@graph\":[{\"@type\":\"Article\",\"@id\":\"https:\/\/www.pogotowieflagowe.pl\/aktualne\/trybunal-ue-odrzuca-apelacje-siedmiu-krajow-w-tym-polski-w-sprawie-pakietu-mobilnosci\/#article\",\"isPartOf\":{\"@id\":\"https:\/\/www.pogotowieflagowe.pl\/aktualne\/trybunal-ue-odrzuca-apelacje-siedmiu-krajow-w-tym-polski-w-sprawie-pakietu-mobilnosci\/\"},\"author\":{\"name\":\"Filip\",\"@id\":\"https:\/\/www.pogotowieflagowe.pl\/aktualne\/#\/schema\/person\/9c2fb7d2362ebf6fa088960d7f0d27b0\"},\"headline\":\"Trybuna\u0142 UE odrzuca apelacj\u0119 siedmiu kraj\u00f3w, w tym Polski, w sprawie Pakietu Mobilno\u015bci\",\"datePublished\":\"2024-10-04T21:50:49+00:00\",\"dateModified\":\"2024-10-04T21:50:50+00:00\",\"mainEntityOfPage\":{\"@id\":\"https:\/\/www.pogotowieflagowe.pl\/aktualne\/trybunal-ue-odrzuca-apelacje-siedmiu-krajow-w-tym-polski-w-sprawie-pakietu-mobilnosci\/\"},\"wordCount\":235,\"publisher\":{\"@id\":\"https:\/\/www.pogotowieflagowe.pl\/aktualne\/#organization\"},\"image\":{\"@id\":\"https:\/\/www.pogotowieflagowe.pl\/aktualne\/trybunal-ue-odrzuca-apelacje-siedmiu-krajow-w-tym-polski-w-sprawie-pakietu-mobilnosci\/#primaryimage\"},\"thumbnailUrl\":\"https:\/\/www.pogotowieflagowe.pl\/aktualne\/wp-content\/uploads\/2024\/10\/Trybunal-UE-odrzuca-apelacje-siedmiu-krajow-w-tym-Polski-w.jpg\",\"keywords\":[\"apelacj\u0119\",\"kraj\u00f3w\",\"Mobilno\u015bci\",\"odrzuca\",\"Pakietu\",\"polski\",\"siedmiu\",\"sprawie\",\"Trybuna\u0142\",\"tym\"],\"articleSection\":[\"Biznes\"],\"inLanguage\":\"pl-PL\"},{\"@type\":\"WebPage\",\"@id\":\"https:\/\/www.pogotowieflagowe.pl\/aktualne\/trybunal-ue-odrzuca-apelacje-siedmiu-krajow-w-tym-polski-w-sprawie-pakietu-mobilnosci\/\",\"url\":\"https:\/\/www.pogotowieflagowe.pl\/aktualne\/trybunal-ue-odrzuca-apelacje-siedmiu-krajow-w-tym-polski-w-sprawie-pakietu-mobilnosci\/\",\"name\":\"Trybuna\u0142 UE odrzuca apelacj\u0119 siedmiu kraj\u00f3w, w tym Polski, w sprawie Pakietu Mobilno\u015bci - POGOTOWIE FLAGOWE\u00ae\",\"isPartOf\":{\"@id\":\"https:\/\/www.pogotowieflagowe.pl\/aktualne\/#website\"},\"primaryImageOfPage\":{\"@id\":\"https:\/\/www.pogotowieflagowe.pl\/aktualne\/trybunal-ue-odrzuca-apelacje-siedmiu-krajow-w-tym-polski-w-sprawie-pakietu-mobilnosci\/#primaryimage\"},\"image\":{\"@id\":\"https:\/\/www.pogotowieflagowe.pl\/aktualne\/trybunal-ue-odrzuca-apelacje-siedmiu-krajow-w-tym-polski-w-sprawie-pakietu-mobilnosci\/#primaryimage\"},\"thumbnailUrl\":\"https:\/\/www.pogotowieflagowe.pl\/aktualne\/wp-content\/uploads\/2024\/10\/Trybunal-UE-odrzuca-apelacje-siedmiu-krajow-w-tym-Polski-w.jpg\",\"datePublished\":\"2024-10-04T21:50:49+00:00\",\"dateModified\":\"2024-10-04T21:50:50+00:00\",\"breadcrumb\":{\"@id\":\"https:\/\/www.pogotowieflagowe.pl\/aktualne\/trybunal-ue-odrzuca-apelacje-siedmiu-krajow-w-tym-polski-w-sprawie-pakietu-mobilnosci\/#breadcrumb\"},\"inLanguage\":\"pl-PL\",\"potentialAction\":[{\"@type\":\"ReadAction\",\"target\":[\"https:\/\/www.pogotowieflagowe.pl\/aktualne\/trybunal-ue-odrzuca-apelacje-siedmiu-krajow-w-tym-polski-w-sprawie-pakietu-mobilnosci\/\"]}]},{\"@type\":\"ImageObject\",\"inLanguage\":\"pl-PL\",\"@id\":\"https:\/\/www.pogotowieflagowe.pl\/aktualne\/trybunal-ue-odrzuca-apelacje-siedmiu-krajow-w-tym-polski-w-sprawie-pakietu-mobilnosci\/#primaryimage\",\"url\":\"https:\/\/www.pogotowieflagowe.pl\/aktualne\/wp-content\/uploads\/2024\/10\/Trybunal-UE-odrzuca-apelacje-siedmiu-krajow-w-tym-Polski-w.jpg\",\"contentUrl\":\"https:\/\/www.pogotowieflagowe.pl\/aktualne\/wp-content\/uploads\/2024\/10\/Trybunal-UE-odrzuca-apelacje-siedmiu-krajow-w-tym-Polski-w.jpg\",\"width\":870,\"height\":494,\"caption\":\"Trybuna\u0142 UE odrzuca apelacj\u0119 siedmiu kraj\u00f3w, w tym Polski, w sprawie Pakietu Mobilno\u015bci\"},{\"@type\":\"BreadcrumbList\",\"@id\":\"https:\/\/www.pogotowieflagowe.pl\/aktualne\/trybunal-ue-odrzuca-apelacje-siedmiu-krajow-w-tym-polski-w-sprawie-pakietu-mobilnosci\/#breadcrumb\",\"itemListElement\":[{\"@type\":\"ListItem\",\"position\":1,\"name\":\"Home\",\"item\":\"https:\/\/www.pogotowieflagowe.pl\/aktualne\/\"},{\"@type\":\"ListItem\",\"position\":2,\"name\":\"Trybuna\u0142 UE odrzuca apelacj\u0119 siedmiu kraj\u00f3w, w tym Polski, w sprawie Pakietu Mobilno\u015bci\"}]},{\"@type\":\"WebSite\",\"@id\":\"https:\/\/www.pogotowieflagowe.pl\/aktualne\/#website\",\"url\":\"https:\/\/www.pogotowieflagowe.pl\/aktualne\/\",\"name\":\"POGOTOWIE FLAGOWE\u00ae\",\"description\":\"\",\"publisher\":{\"@id\":\"https:\/\/www.pogotowieflagowe.pl\/aktualne\/#organization\"},\"potentialAction\":[{\"@type\":\"SearchAction\",\"target\":{\"@type\":\"EntryPoint\",\"urlTemplate\":\"https:\/\/www.pogotowieflagowe.pl\/aktualne\/?s={search_term_string}\"},\"query-input\":\"required name=search_term_string\"}],\"inLanguage\":\"pl-PL\"},{\"@type\":\"Organization\",\"@id\":\"https:\/\/www.pogotowieflagowe.pl\/aktualne\/#organization\",\"name\":\"POGOTOWIE FLAGOWE\u00ae\",\"url\":\"https:\/\/www.pogotowieflagowe.pl\/aktualne\/\",\"logo\":{\"@type\":\"ImageObject\",\"inLanguage\":\"pl-PL\",\"@id\":\"https:\/\/www.pogotowieflagowe.pl\/aktualne\/#\/schema\/logo\/image\/\",\"url\":\"https:\/\/www.pogotowieflagowe.pl\/aktualne\/wp-content\/uploads\/2024\/08\/cropped-pogotowieflagowe_flaga_projekt_sm.jpg\",\"contentUrl\":\"https:\/\/www.pogotowieflagowe.pl\/aktualne\/wp-content\/uploads\/2024\/08\/cropped-pogotowieflagowe_flaga_projekt_sm.jpg\",\"width\":250,\"height\":143,\"caption\":\"POGOTOWIE FLAGOWE\u00ae\"},\"image\":{\"@id\":\"https:\/\/www.pogotowieflagowe.pl\/aktualne\/#\/schema\/logo\/image\/\"}},{\"@type\":\"Person\",\"@id\":\"https:\/\/www.pogotowieflagowe.pl\/aktualne\/#\/schema\/person\/9c2fb7d2362ebf6fa088960d7f0d27b0\",\"name\":\"Filip\",\"image\":{\"@type\":\"ImageObject\",\"inLanguage\":\"pl-PL\",\"@id\":\"https:\/\/www.pogotowieflagowe.pl\/aktualne\/#\/schema\/person\/image\/\",\"url\":\"https:\/\/www.pogotowieflagowe.pl\/aktualne\/wp-content\/uploads\/2024\/08\/pogotowieflagowe.pl_.jpg\",\"contentUrl\":\"https:\/\/www.pogotowieflagowe.pl\/aktualne\/wp-content\/uploads\/2024\/08\/pogotowieflagowe.pl_.jpg\",\"caption\":\"Filip\"},\"description\":\"Jestem Filip, polski dziennikarz z dyplomem nauk politycznych Uniwersytetu Warszawskiego. Rozpoczynaj\u0105c swoj\u0105 karier\u0119 w r\u00f3\u017cnych lokalnych mediach, zdoby\u0142em solidne do\u015bwiadczenie w zakresie \u015bledztwa i redakcji. Obecnie jako redaktor w Pogotowie flagowe, staram si\u0119 dostarcza\u0107 dog\u0142\u0119bne i istotne analizy na temat najwa\u017cniejszych kwestii aktualno\u015bci, \u0142\u0105cz\u0105c rygor z pasj\u0105 dziennikarsk\u0105.\",\"sameAs\":[\"https:\/\/www.pogotowieflagowe.pl\/\"]}]}<\/script>\n<!-- \/ Yoast SEO plugin. -->","yoast_head_json":{"title":"Trybuna\u0142 UE odrzuca apelacj\u0119 siedmiu kraj\u00f3w, w tym Polski, w sprawie Pakietu Mobilno\u015bci - POGOTOWIE FLAGOWE\u00ae","robots":{"index":"index","follow":"follow","max-snippet":"max-snippet:-1","max-image-preview":"max-image-preview:large","max-video-preview":"max-video-preview:-1"},"canonical":"https:\/\/www.pogotowieflagowe.pl\/aktualne\/trybunal-ue-odrzuca-apelacje-siedmiu-krajow-w-tym-polski-w-sprawie-pakietu-mobilnosci\/","og_locale":"pl_PL","og_type":"article","og_title":"Trybuna\u0142 UE odrzuca apelacj\u0119 siedmiu kraj\u00f3w, w tym Polski, w sprawie Pakietu Mobilno\u015bci - POGOTOWIE FLAGOWE\u00ae","og_description":"Europejski Trybuna\u0142 Sprawiedliwo\u015bci (ETS) oddali\u0142 skargi siedmiu kraj\u00f3w, w tym Polski, dotycz\u0105ce unijnego Pakietu Mobilno\u015bci, kt\u00f3ry wprowadza nowe regulacje dla","og_url":"https:\/\/www.pogotowieflagowe.pl\/aktualne\/trybunal-ue-odrzuca-apelacje-siedmiu-krajow-w-tym-polski-w-sprawie-pakietu-mobilnosci\/","og_site_name":"POGOTOWIE FLAGOWE\u00ae","article_published_time":"2024-10-04T21:50:49+00:00","article_modified_time":"2024-10-04T21:50:50+00:00","og_image":[{"width":870,"height":494,"url":"https:\/\/www.pogotowieflagowe.pl\/aktualne\/wp-content\/uploads\/2024\/10\/Trybunal-UE-odrzuca-apelacje-siedmiu-krajow-w-tym-Polski-w.jpg","type":"image\/jpeg"}],"author":"Filip","twitter_card":"summary_large_image","twitter_misc":{"Napisane przez":"Filip","Szacowany czas czytania":"1 minuta"},"schema":{"@context":"https:\/\/schema.org","@graph":[{"@type":"Article","@id":"https:\/\/www.pogotowieflagowe.pl\/aktualne\/trybunal-ue-odrzuca-apelacje-siedmiu-krajow-w-tym-polski-w-sprawie-pakietu-mobilnosci\/#article","isPartOf":{"@id":"https:\/\/www.pogotowieflagowe.pl\/aktualne\/trybunal-ue-odrzuca-apelacje-siedmiu-krajow-w-tym-polski-w-sprawie-pakietu-mobilnosci\/"},"author":{"name":"Filip","@id":"https:\/\/www.pogotowieflagowe.pl\/aktualne\/#\/schema\/person\/9c2fb7d2362ebf6fa088960d7f0d27b0"},"headline":"Trybuna\u0142 UE odrzuca apelacj\u0119 siedmiu kraj\u00f3w, w tym Polski, w sprawie Pakietu Mobilno\u015bci","datePublished":"2024-10-04T21:50:49+00:00","dateModified":"2024-10-04T21:50:50+00:00","mainEntityOfPage":{"@id":"https:\/\/www.pogotowieflagowe.pl\/aktualne\/trybunal-ue-odrzuca-apelacje-siedmiu-krajow-w-tym-polski-w-sprawie-pakietu-mobilnosci\/"},"wordCount":235,"publisher":{"@id":"https:\/\/www.pogotowieflagowe.pl\/aktualne\/#organization"},"image":{"@id":"https:\/\/www.pogotowieflagowe.pl\/aktualne\/trybunal-ue-odrzuca-apelacje-siedmiu-krajow-w-tym-polski-w-sprawie-pakietu-mobilnosci\/#primaryimage"},"thumbnailUrl":"https:\/\/www.pogotowieflagowe.pl\/aktualne\/wp-content\/uploads\/2024\/10\/Trybunal-UE-odrzuca-apelacje-siedmiu-krajow-w-tym-Polski-w.jpg","keywords":["apelacj\u0119","kraj\u00f3w","Mobilno\u015bci","odrzuca","Pakietu","polski","siedmiu","sprawie","Trybuna\u0142","tym"],"articleSection":["Biznes"],"inLanguage":"pl-PL"},{"@type":"WebPage","@id":"https:\/\/www.pogotowieflagowe.pl\/aktualne\/trybunal-ue-odrzuca-apelacje-siedmiu-krajow-w-tym-polski-w-sprawie-pakietu-mobilnosci\/","url":"https:\/\/www.pogotowieflagowe.pl\/aktualne\/trybunal-ue-odrzuca-apelacje-siedmiu-krajow-w-tym-polski-w-sprawie-pakietu-mobilnosci\/","name":"Trybuna\u0142 UE odrzuca apelacj\u0119 siedmiu kraj\u00f3w, w tym Polski, w sprawie Pakietu Mobilno\u015bci - POGOTOWIE FLAGOWE\u00ae","isPartOf":{"@id":"https:\/\/www.pogotowieflagowe.pl\/aktualne\/#website"},"primaryImageOfPage":{"@id":"https:\/\/www.pogotowieflagowe.pl\/aktualne\/trybunal-ue-odrzuca-apelacje-siedmiu-krajow-w-tym-polski-w-sprawie-pakietu-mobilnosci\/#primaryimage"},"image":{"@id":"https:\/\/www.pogotowieflagowe.pl\/aktualne\/trybunal-ue-odrzuca-apelacje-siedmiu-krajow-w-tym-polski-w-sprawie-pakietu-mobilnosci\/#primaryimage"},"thumbnailUrl":"https:\/\/www.pogotowieflagowe.pl\/aktualne\/wp-content\/uploads\/2024\/10\/Trybunal-UE-odrzuca-apelacje-siedmiu-krajow-w-tym-Polski-w.jpg","datePublished":"2024-10-04T21:50:49+00:00","dateModified":"2024-10-04T21:50:50+00:00","breadcrumb":{"@id":"https:\/\/www.pogotowieflagowe.pl\/aktualne\/trybunal-ue-odrzuca-apelacje-siedmiu-krajow-w-tym-polski-w-sprawie-pakietu-mobilnosci\/#breadcrumb"},"inLanguage":"pl-PL","potentialAction":[{"@type":"ReadAction","target":["https:\/\/www.pogotowieflagowe.pl\/aktualne\/trybunal-ue-odrzuca-apelacje-siedmiu-krajow-w-tym-polski-w-sprawie-pakietu-mobilnosci\/"]}]},{"@type":"ImageObject","inLanguage":"pl-PL","@id":"https:\/\/www.pogotowieflagowe.pl\/aktualne\/trybunal-ue-odrzuca-apelacje-siedmiu-krajow-w-tym-polski-w-sprawie-pakietu-mobilnosci\/#primaryimage","url":"https:\/\/www.pogotowieflagowe.pl\/aktualne\/wp-content\/uploads\/2024\/10\/Trybunal-UE-odrzuca-apelacje-siedmiu-krajow-w-tym-Polski-w.jpg","contentUrl":"https:\/\/www.pogotowieflagowe.pl\/aktualne\/wp-content\/uploads\/2024\/10\/Trybunal-UE-odrzuca-apelacje-siedmiu-krajow-w-tym-Polski-w.jpg","width":870,"height":494,"caption":"Trybuna\u0142 UE odrzuca apelacj\u0119 siedmiu kraj\u00f3w, w tym Polski, w sprawie Pakietu Mobilno\u015bci"},{"@type":"BreadcrumbList","@id":"https:\/\/www.pogotowieflagowe.pl\/aktualne\/trybunal-ue-odrzuca-apelacje-siedmiu-krajow-w-tym-polski-w-sprawie-pakietu-mobilnosci\/#breadcrumb","itemListElement":[{"@type":"ListItem","position":1,"name":"Home","item":"https:\/\/www.pogotowieflagowe.pl\/aktualne\/"},{"@type":"ListItem","position":2,"name":"Trybuna\u0142 UE odrzuca apelacj\u0119 siedmiu kraj\u00f3w, w tym Polski, w sprawie Pakietu Mobilno\u015bci"}]},{"@type":"WebSite","@id":"https:\/\/www.pogotowieflagowe.pl\/aktualne\/#website","url":"https:\/\/www.pogotowieflagowe.pl\/aktualne\/","name":"POGOTOWIE FLAGOWE\u00ae","description":"","publisher":{"@id":"https:\/\/www.pogotowieflagowe.pl\/aktualne\/#organization"},"potentialAction":[{"@type":"SearchAction","target":{"@type":"EntryPoint","urlTemplate":"https:\/\/www.pogotowieflagowe.pl\/aktualne\/?s={search_term_string}"},"query-input":"required name=search_term_string"}],"inLanguage":"pl-PL"},{"@type":"Organization","@id":"https:\/\/www.pogotowieflagowe.pl\/aktualne\/#organization","name":"POGOTOWIE FLAGOWE\u00ae","url":"https:\/\/www.pogotowieflagowe.pl\/aktualne\/","logo":{"@type":"ImageObject","inLanguage":"pl-PL","@id":"https:\/\/www.pogotowieflagowe.pl\/aktualne\/#\/schema\/logo\/image\/","url":"https:\/\/www.pogotowieflagowe.pl\/aktualne\/wp-content\/uploads\/2024\/08\/cropped-pogotowieflagowe_flaga_projekt_sm.jpg","contentUrl":"https:\/\/www.pogotowieflagowe.pl\/aktualne\/wp-content\/uploads\/2024\/08\/cropped-pogotowieflagowe_flaga_projekt_sm.jpg","width":250,"height":143,"caption":"POGOTOWIE FLAGOWE\u00ae"},"image":{"@id":"https:\/\/www.pogotowieflagowe.pl\/aktualne\/#\/schema\/logo\/image\/"}},{"@type":"Person","@id":"https:\/\/www.pogotowieflagowe.pl\/aktualne\/#\/schema\/person\/9c2fb7d2362ebf6fa088960d7f0d27b0","name":"Filip","image":{"@type":"ImageObject","inLanguage":"pl-PL","@id":"https:\/\/www.pogotowieflagowe.pl\/aktualne\/#\/schema\/person\/image\/","url":"https:\/\/www.pogotowieflagowe.pl\/aktualne\/wp-content\/uploads\/2024\/08\/pogotowieflagowe.pl_.jpg","contentUrl":"https:\/\/www.pogotowieflagowe.pl\/aktualne\/wp-content\/uploads\/2024\/08\/pogotowieflagowe.pl_.jpg","caption":"Filip"},"description":"Jestem Filip, polski dziennikarz z dyplomem nauk politycznych Uniwersytetu Warszawskiego. Rozpoczynaj\u0105c swoj\u0105 karier\u0119 w r\u00f3\u017cnych lokalnych mediach, zdoby\u0142em solidne do\u015bwiadczenie w zakresie \u015bledztwa i redakcji. Obecnie jako redaktor w Pogotowie flagowe, staram si\u0119 dostarcza\u0107 dog\u0142\u0119bne i istotne analizy na temat najwa\u017cniejszych kwestii aktualno\u015bci, \u0142\u0105cz\u0105c rygor z pasj\u0105 dziennikarsk\u0105.","sameAs":["https:\/\/www.pogotowieflagowe.pl\/"]}]}},"_links":{"self":[{"href":"https:\/\/www.pogotowieflagowe.pl\/aktualne\/wp-json\/wp\/v2\/posts\/1092","targetHints":{"allow":["GET"]}}],"collection":[{"href":"https:\/\/www.pogotowieflagowe.pl\/aktualne\/wp-json\/wp\/v2\/posts"}],"about":[{"href":"https:\/\/www.pogotowieflagowe.pl\/aktualne\/wp-json\/wp\/v2\/types\/post"}],"author":[{"embeddable":true,"href":"https:\/\/www.pogotowieflagowe.pl\/aktualne\/wp-json\/wp\/v2\/users\/1"}],"replies":[{"embeddable":true,"href":"https:\/\/www.pogotowieflagowe.pl\/aktualne\/wp-json\/wp\/v2\/comments?post=1092"}],"version-history":[{"count":1,"href":"https:\/\/www.pogotowieflagowe.pl\/aktualne\/wp-json\/wp\/v2\/posts\/1092\/revisions"}],"predecessor-version":[{"id":1094,"href":"https:\/\/www.pogotowieflagowe.pl\/aktualne\/wp-json\/wp\/v2\/posts\/1092\/revisions\/1094"}],"wp:featuredmedia":[{"embeddable":true,"href":"https:\/\/www.pogotowieflagowe.pl\/aktualne\/wp-json\/wp\/v2\/media\/1093"}],"wp:attachment":[{"href":"https:\/\/www.pogotowieflagowe.pl\/aktualne\/wp-json\/wp\/v2\/media?parent=1092"}],"wp:term":[{"taxonomy":"category","embeddable":true,"href":"https:\/\/www.pogotowieflagowe.pl\/aktualne\/wp-json\/wp\/v2\/categories?post=1092"},{"taxonomy":"post_tag","embeddable":true,"href":"https:\/\/www.pogotowieflagowe.pl\/aktualne\/wp-json\/wp\/v2\/tags?post=1092"}],"curies":[{"name":"wp","href":"https:\/\/api.w.org\/{rel}","templated":true}]}}