{"id":10926,"date":"2025-11-24T01:05:52","date_gmt":"2025-11-24T00:05:52","guid":{"rendered":"https:\/\/www.pogotowieflagowe.pl\/aktualne\/przyplyw-szczerosci-od-zurka-minister-sprawiedliwosci-o-dzialaniu-na-granicy-prawa-wideo\/"},"modified":"2025-11-24T01:05:53","modified_gmt":"2025-11-24T00:05:53","slug":"przyplyw-szczerosci-od-zurka-minister-sprawiedliwosci-o-dzialaniu-na-granicy-prawa-wideo","status":"publish","type":"post","link":"https:\/\/www.pogotowieflagowe.pl\/aktualne\/przyplyw-szczerosci-od-zurka-minister-sprawiedliwosci-o-dzialaniu-na-granicy-prawa-wideo\/","title":{"rendered":"Przyp\u0142yw szczero\u015bci od \u017burka. Minister Sprawiedliwo\u015bci o dzia\u0142aniu \u201ena granicy prawa\u201d (WIDEO)"},"content":{"rendered":"\n<div class=\"td_block_wrap tdb_single_content tdi_46 td-pb-border-top td_block_template_8 td-post-content tagdiv-type\" data-td-block-uid=\"tdi_46\">\n<style>.tdi_46{margines-g\u00f3rny:0px!important;margin-bottom:0px!important;dope\u0142nienie-g\u00f3ra:0px!important;dope\u0142nienie-d\u00f3\u0142:0px!important}<\/style>\n<style>.tdb_single_content{margin-bottom:0;*zoom:1}.tdb_single_content:before,.tdb_single_content:after{display:table;content:'';line-height:0}.tdb_single_content:after{clear:both}.tdb_single_content .tdb-block-inner>*:not(.wp-block-quote):not(.alignwide):not(.alignfull.wp-block-cover.has-parallax):not(.td-a-ad){margin-left:auto;margin-right:auto}.tdb_single_content a{pointer-events:auto}.tdb_single_content .td-spot-id-top_ad .tdc-placeholder-title:before{content:'Najlepsza reklama artyku\u0142u'!important}.tdb_single_content .td-spot-id-inline_ad0 .tdc-placeholder-title:before{content:'Reklama wbudowana artyku\u0142u 1'!important}.tdb_single_content .td-spot-id-inline_ad1 .tdc-placeholder-title:before{content:'Wbudowana reklama w artykule 2'!important}.tdb_single_content .td-spot-id-inline_ad2 .tdc-placeholder-title:before{content:'Wbudowana reklama w artykule 3'!important}.tdb_single_content .td-spot-id-bottom_ad .tdc-placeholder-title:before{content:'Article Bottom Ad'!important}.tdb_single_content .id_top_ad,.tdb_single_content .id_bottom_ad{clear:both;margin-bottom:21px;text-align:center}.tdb_single_content .id_top_ad img,.tdb_single_content .id_bottom_ad img{margin-bottom:0}.tdb_single_content .id_top_ad .adsbygoogle,.tdb_single_content .id_bottom_ad .adsbygoogle{position:relative}.tdb_single_content .id_ad_content-horiz-left,.tdb_single_content .id_ad_content-horiz-right,.tdb_single_content .id_ad_content-horiz-center{margin-bottom:15px}.tdb_single_content .id_ad_content-horiz-left img,.tdb_single_content .id_ad_content-horiz-right img,.tdb_single_content .id_ad_content-horiz-center img{margin-bottom:0}.tdb_single_content .id_ad_content-horiz-center{text-align:center}.tdb_single_content .id_ad_content-horiz-center img{margin-right:auto;margin-left:auto}.tdb_single_content .id_ad_content-horiz-left{float:left;margin-top:9px;margin-right:21px}.tdb_single_content .id_ad_content-horiz-right{float:right;margin-top:6px;margin-left:21px}.tdb_single_content .tdc-a-ad .tdc-placeholder-title{width:300px;height:250px}.tdb_single_content .tdc-a-ad .tdc-placeholder-title:before{position:absolute;top:50%;-webkit-transform:translateY(-50%);transform:translateY(-50%);margin:auto;display:table;width:100%}.tdb_single_content .tdb-block-inner.td-fix-index{word-break:break-word}.tdi_46,.tdi_46>p,.tdi_46 .tdb-block-inner>p,.wp-block-column>p{font-size:16px!important;line-height:1.6!important}.tdi_46 .tdb-block-inner blockquote p{font-style:normal!important}@media (max-width:767px){.tdb_single_content .id_ad_content-horiz-left,.tdb_single_content .id_ad_content-horiz-right,.tdb_single_content .id_ad_content-horiz-center{margin:0 auto 26 pikseli auto}}@media (max-width:767px){.tdb_single_content .id_ad_content-horiz-left{margin-right:0}}@media (max-width:767px){.tdb_single_content .id_ad_content-horiz-right{margin-left:0}}@media (max-width:767px){.tdb_single_content .td-a-ad{float:none;text-align:center}.tdb_single_content .td-a-ad img{margin-right:auto;margin-left:auto}.tdb_single_content .tdc-a-ad{float:none}}<\/style>\n<div class=\"tdb-block-inner td-fix-index\">\n<p><strong>\u201eMusimy dzia\u0142a\u0107 na pewnym brzegu prawa\u201d<\/strong>\u2013 te s\u0142owa mo\u017cna by\u0142o us\u0142ysze\u0107 w o\u015bwiadczeniu Ministra Sprawiedliwo\u015bci Waldemara \u017burka. <strong>\u201eKolejny pi\u0119kny dow\u00f3d przydatny w przysz\u0142ym post\u0119powaniu s\u0105dowym\u201d,<\/strong> \u2013 skomentowa\u0142 by\u0142y wiceminister Micha\u0142 Wo\u015b.<\/p>\n<h2 class=\"wp-block-heading\"><strong>\u017burek: Musimy dzia\u0142a\u0107 na pewnym brzegu prawa<\/strong><\/h2>\n<p><strong>&#8222;Nikt nie oczekuje mi\u0119kkich rozwi\u0105za\u0144. Wszystko b\u0119dzie zgodnie z prawem, tak jak je rozumiemy&#8221;<\/strong>\u2013 deklarowa\u0142 Donald Tusk na pocz\u0105tku swoich rz\u0105d\u00f3w w grudniu 2023 r. P\u00f3\u017aniej podj\u0119to wiele kontrowersyjnych decyzji, ale najwyra\u017aniej nie zadowoli\u0142y one najtwardszej cz\u0119\u015bci jego elektoratu. W rezultacie Waldemar \u017burek zast\u0105pi\u0142 Adama Bodnara na stanowisku ministra sprawiedliwo\u015bci.<\/p>\n<p>Dzi\u015b w sieci pojawi\u0142 si\u0119 fragment nagrania z now\u0105 wypowiedzi\u0105 cz\u0142owieka, kt\u00f3ry by\u0142 kiedy\u015b s\u0119dzi\u0105-politykiem, a obecnie jest wy\u0142\u0105cznie politykiem. <strong>\u201ePremier nie jest prawnikiem, jest z wykszta\u0142cenia historykiem, a dzi\u015b trzeba dzia\u0142a\u0107 na pewnym brzegu prawa\u201d<\/strong>\u2013 powiedzia\u0142 Minister Sprawiedliwo\u015bci Waldemar \u017burek.<\/p>\n<figure class=\"wp-block-pullquote\">\n<blockquote>\n<p>&#8222;Kolejny pi\u0119kny dow\u00f3d, kt\u00f3ry przyda si\u0119 w przysz\u0142ym post\u0119powaniu s\u0105dowym przeciwko zorganizowanej grupie Tuska. \u017burek w przyp\u0142ywie szczero\u015bci przyznaje, \u017ce dzia\u0142a &#8222;NA SKRAJU PRAWA&#8221;. Przekraczaj\u0105 granice i wiedz\u0105 o tym. Za swoje bezprawie odpowiedz\u0105. &#8221; &#8211; komentuje by\u0142y wiceszef resortu sprawiedliwo\u015bci Micha\u0142 Wo\u015b.<\/p>\n<\/blockquote>\n<\/figure>\n<figure class=\"wp-block-embed is-type-rich is-provider-twitter wp-block-embed-twitter\">\n<div class=\"wp-block-embed__wrapper\">\n<blockquote class=\"twitter-tweet\" data-width=\"550\" data-dnt=\"true\">\n<p lang=\"pl\" dir=\"ltr\">Kolejny kluczowy dow\u00f3d do dalszych post\u0119powa\u0144 s\u0105dowych przeciwko grupie Tuska. <\/p>\n<p>\u017burek w przyp\u0142ywie szczero\u015bci, \u017ce dzia\u0142a \u201eNA KRAW\u0118DZI PRAWA\u201d. <\/p>\n<p>Jad\u0105 po bandzie io tym rozumienie.<br \/>Za bezprawie odpowied\u017a. <a rel=\"nofollow\" href=\"https:\/\/t.co\/ovdEhC59qn\">pic.twitter.com\/ovdEhC59qn<\/a><\/p>\n<p>\u2014 \ud83c\uddf5\ud83c\uddf1Micha\u0142 Wo\u015b (@MWosPL) <a rel=\"nofollow\" href=\"https:\/\/twitter.com\/MWosPL\/status\/1992589929411719378?ref_src=twsrc%5Etfw\">23 listopada 2025 r<\/a><\/p><\/blockquote>\n<\/div>\n<\/figure>\n<\/div>\n<\/div>\n<p><script async src=\"https:\/\/platform.twitter.com\/widgets.js\" charset=\"utf-8\"><\/script><\/p>\n","protected":false},"excerpt":{"rendered":"<p>\u201eMusimy dzia\u0142a\u0107 na pewnym brzegu prawa\u201d\u2013 te s\u0142owa mo\u017cna by\u0142o us\u0142ysze\u0107 w o\u015bwiadczeniu Ministra Sprawiedliwo\u015bci Waldemara \u017burka. \u201eKolejny pi\u0119kny dow\u00f3d<\/p>\n","protected":false},"author":1,"featured_media":10927,"comment_status":"open","ping_status":"open","sticky":false,"template":"","format":"standard","meta":{"footnotes":""},"categories":[4748],"tags":[12356,1137,187,2741,12354,757,12355,4935,10586],"class_list":["post-10926","post","type-post","status-publish","format-standard","has-post-thumbnail","hentry","category-aktualne","tag-dzialaniu","tag-granicy","tag-minister","tag-prawa","tag-przyplyw","tag-sprawiedliwosci","tag-szczerosci","tag-wideo","tag-zurka","generate-columns","tablet-grid-50","mobile-grid-100","grid-parent","grid-50","resize-featured-image"],"yoast_head":"<!-- This site is optimized with the Yoast SEO plugin v23.2 - https:\/\/yoast.com\/wordpress\/plugins\/seo\/ -->\n<title>Przyp\u0142yw szczero\u015bci od \u017burka. Minister Sprawiedliwo\u015bci o dzia\u0142aniu \u201ena granicy prawa\u201d (WIDEO) - POGOTOWIE FLAGOWE\u00ae<\/title>\n<meta name=\"robots\" content=\"index, follow, max-snippet:-1, max-image-preview:large, max-video-preview:-1\" \/>\n<link rel=\"canonical\" href=\"https:\/\/www.pogotowieflagowe.pl\/aktualne\/przyplyw-szczerosci-od-zurka-minister-sprawiedliwosci-o-dzialaniu-na-granicy-prawa-wideo\/\" \/>\n<meta property=\"og:locale\" content=\"pl_PL\" \/>\n<meta property=\"og:type\" content=\"article\" \/>\n<meta property=\"og:title\" content=\"Przyp\u0142yw szczero\u015bci od \u017burka. Minister Sprawiedliwo\u015bci o dzia\u0142aniu \u201ena granicy prawa\u201d (WIDEO) - POGOTOWIE FLAGOWE\u00ae\" \/>\n<meta property=\"og:description\" content=\"\u201eMusimy dzia\u0142a\u0107 na pewnym brzegu prawa\u201d\u2013 te s\u0142owa mo\u017cna by\u0142o us\u0142ysze\u0107 w o\u015bwiadczeniu Ministra Sprawiedliwo\u015bci Waldemara \u017burka. \u201eKolejny pi\u0119kny dow\u00f3d\" \/>\n<meta property=\"og:url\" content=\"https:\/\/www.pogotowieflagowe.pl\/aktualne\/przyplyw-szczerosci-od-zurka-minister-sprawiedliwosci-o-dzialaniu-na-granicy-prawa-wideo\/\" \/>\n<meta property=\"og:site_name\" content=\"POGOTOWIE FLAGOWE\u00ae\" \/>\n<meta property=\"article:published_time\" content=\"2025-11-24T00:05:52+00:00\" \/>\n<meta property=\"article:modified_time\" content=\"2025-11-24T00:05:53+00:00\" \/>\n<meta property=\"og:image\" content=\"https:\/\/www.pogotowieflagowe.pl\/aktualne\/wp-content\/uploads\/2025\/11\/Przyplyw-szczerosci-od-Zurka-Minister-Sprawiedliwosci-o-dzialaniu-\u201ena-granicy.webp.webp\" \/>\n\t<meta property=\"og:image:width\" content=\"1280\" \/>\n\t<meta property=\"og:image:height\" content=\"720\" \/>\n\t<meta property=\"og:image:type\" content=\"image\/webp\" \/>\n<meta name=\"author\" content=\"Filip\" \/>\n<meta name=\"twitter:card\" content=\"summary_large_image\" \/>\n<meta name=\"twitter:label1\" content=\"Napisane przez\" \/>\n\t<meta name=\"twitter:data1\" content=\"Filip\" \/>\n\t<meta name=\"twitter:label2\" content=\"Szacowany czas czytania\" \/>\n\t<meta name=\"twitter:data2\" content=\"1 minuta\" \/>\n<script type=\"application\/ld+json\" class=\"yoast-schema-graph\">{\"@context\":\"https:\/\/schema.org\",\"@graph\":[{\"@type\":\"Article\",\"@id\":\"https:\/\/www.pogotowieflagowe.pl\/aktualne\/przyplyw-szczerosci-od-zurka-minister-sprawiedliwosci-o-dzialaniu-na-granicy-prawa-wideo\/#article\",\"isPartOf\":{\"@id\":\"https:\/\/www.pogotowieflagowe.pl\/aktualne\/przyplyw-szczerosci-od-zurka-minister-sprawiedliwosci-o-dzialaniu-na-granicy-prawa-wideo\/\"},\"author\":{\"name\":\"Filip\",\"@id\":\"https:\/\/www.pogotowieflagowe.pl\/aktualne\/#\/schema\/person\/9c2fb7d2362ebf6fa088960d7f0d27b0\"},\"headline\":\"Przyp\u0142yw szczero\u015bci od \u017burka. Minister Sprawiedliwo\u015bci o dzia\u0142aniu \u201ena granicy prawa\u201d (WIDEO)\",\"datePublished\":\"2025-11-24T00:05:52+00:00\",\"dateModified\":\"2025-11-24T00:05:53+00:00\",\"mainEntityOfPage\":{\"@id\":\"https:\/\/www.pogotowieflagowe.pl\/aktualne\/przyplyw-szczerosci-od-zurka-minister-sprawiedliwosci-o-dzialaniu-na-granicy-prawa-wideo\/\"},\"wordCount\":276,\"commentCount\":0,\"publisher\":{\"@id\":\"https:\/\/www.pogotowieflagowe.pl\/aktualne\/#organization\"},\"image\":{\"@id\":\"https:\/\/www.pogotowieflagowe.pl\/aktualne\/przyplyw-szczerosci-od-zurka-minister-sprawiedliwosci-o-dzialaniu-na-granicy-prawa-wideo\/#primaryimage\"},\"thumbnailUrl\":\"https:\/\/www.pogotowieflagowe.pl\/aktualne\/wp-content\/uploads\/2025\/11\/Przyplyw-szczerosci-od-Zurka-Minister-Sprawiedliwosci-o-dzialaniu-\u201ena-granicy.webp.webp\",\"keywords\":[\"dzia\u0142aniu\",\"granicy\",\"minister\",\"prawa\",\"Przyp\u0142yw\",\"sprawiedliwo\u015bci\",\"szczero\u015bci\",\"WIDEO\",\"\u017burka\"],\"articleSection\":[\"Aktualne\"],\"inLanguage\":\"pl-PL\",\"potentialAction\":[{\"@type\":\"CommentAction\",\"name\":\"Comment\",\"target\":[\"https:\/\/www.pogotowieflagowe.pl\/aktualne\/przyplyw-szczerosci-od-zurka-minister-sprawiedliwosci-o-dzialaniu-na-granicy-prawa-wideo\/#respond\"]}]},{\"@type\":\"WebPage\",\"@id\":\"https:\/\/www.pogotowieflagowe.pl\/aktualne\/przyplyw-szczerosci-od-zurka-minister-sprawiedliwosci-o-dzialaniu-na-granicy-prawa-wideo\/\",\"url\":\"https:\/\/www.pogotowieflagowe.pl\/aktualne\/przyplyw-szczerosci-od-zurka-minister-sprawiedliwosci-o-dzialaniu-na-granicy-prawa-wideo\/\",\"name\":\"Przyp\u0142yw szczero\u015bci od \u017burka. Minister Sprawiedliwo\u015bci o dzia\u0142aniu \u201ena granicy prawa\u201d (WIDEO) - POGOTOWIE FLAGOWE\u00ae\",\"isPartOf\":{\"@id\":\"https:\/\/www.pogotowieflagowe.pl\/aktualne\/#website\"},\"primaryImageOfPage\":{\"@id\":\"https:\/\/www.pogotowieflagowe.pl\/aktualne\/przyplyw-szczerosci-od-zurka-minister-sprawiedliwosci-o-dzialaniu-na-granicy-prawa-wideo\/#primaryimage\"},\"image\":{\"@id\":\"https:\/\/www.pogotowieflagowe.pl\/aktualne\/przyplyw-szczerosci-od-zurka-minister-sprawiedliwosci-o-dzialaniu-na-granicy-prawa-wideo\/#primaryimage\"},\"thumbnailUrl\":\"https:\/\/www.pogotowieflagowe.pl\/aktualne\/wp-content\/uploads\/2025\/11\/Przyplyw-szczerosci-od-Zurka-Minister-Sprawiedliwosci-o-dzialaniu-\u201ena-granicy.webp.webp\",\"datePublished\":\"2025-11-24T00:05:52+00:00\",\"dateModified\":\"2025-11-24T00:05:53+00:00\",\"breadcrumb\":{\"@id\":\"https:\/\/www.pogotowieflagowe.pl\/aktualne\/przyplyw-szczerosci-od-zurka-minister-sprawiedliwosci-o-dzialaniu-na-granicy-prawa-wideo\/#breadcrumb\"},\"inLanguage\":\"pl-PL\",\"potentialAction\":[{\"@type\":\"ReadAction\",\"target\":[\"https:\/\/www.pogotowieflagowe.pl\/aktualne\/przyplyw-szczerosci-od-zurka-minister-sprawiedliwosci-o-dzialaniu-na-granicy-prawa-wideo\/\"]}]},{\"@type\":\"ImageObject\",\"inLanguage\":\"pl-PL\",\"@id\":\"https:\/\/www.pogotowieflagowe.pl\/aktualne\/przyplyw-szczerosci-od-zurka-minister-sprawiedliwosci-o-dzialaniu-na-granicy-prawa-wideo\/#primaryimage\",\"url\":\"https:\/\/www.pogotowieflagowe.pl\/aktualne\/wp-content\/uploads\/2025\/11\/Przyplyw-szczerosci-od-Zurka-Minister-Sprawiedliwosci-o-dzialaniu-\u201ena-granicy.webp.webp\",\"contentUrl\":\"https:\/\/www.pogotowieflagowe.pl\/aktualne\/wp-content\/uploads\/2025\/11\/Przyplyw-szczerosci-od-Zurka-Minister-Sprawiedliwosci-o-dzialaniu-\u201ena-granicy.webp.webp\",\"width\":1280,\"height\":720,\"caption\":\"Przyp\u0142yw szczero\u015bci od \u017burka. Minister Sprawiedliwo\u015bci o dzia\u0142aniu \u201ena granicy prawa\u201d (WIDEO)\"},{\"@type\":\"BreadcrumbList\",\"@id\":\"https:\/\/www.pogotowieflagowe.pl\/aktualne\/przyplyw-szczerosci-od-zurka-minister-sprawiedliwosci-o-dzialaniu-na-granicy-prawa-wideo\/#breadcrumb\",\"itemListElement\":[{\"@type\":\"ListItem\",\"position\":1,\"name\":\"Home\",\"item\":\"https:\/\/www.pogotowieflagowe.pl\/aktualne\/\"},{\"@type\":\"ListItem\",\"position\":2,\"name\":\"Przyp\u0142yw szczero\u015bci od \u017burka. Minister Sprawiedliwo\u015bci o dzia\u0142aniu \u201ena granicy prawa\u201d (WIDEO)\"}]},{\"@type\":\"WebSite\",\"@id\":\"https:\/\/www.pogotowieflagowe.pl\/aktualne\/#website\",\"url\":\"https:\/\/www.pogotowieflagowe.pl\/aktualne\/\",\"name\":\"POGOTOWIE FLAGOWE\u00ae\",\"description\":\"\",\"publisher\":{\"@id\":\"https:\/\/www.pogotowieflagowe.pl\/aktualne\/#organization\"},\"potentialAction\":[{\"@type\":\"SearchAction\",\"target\":{\"@type\":\"EntryPoint\",\"urlTemplate\":\"https:\/\/www.pogotowieflagowe.pl\/aktualne\/?s={search_term_string}\"},\"query-input\":\"required name=search_term_string\"}],\"inLanguage\":\"pl-PL\"},{\"@type\":\"Organization\",\"@id\":\"https:\/\/www.pogotowieflagowe.pl\/aktualne\/#organization\",\"name\":\"POGOTOWIE FLAGOWE\u00ae\",\"url\":\"https:\/\/www.pogotowieflagowe.pl\/aktualne\/\",\"logo\":{\"@type\":\"ImageObject\",\"inLanguage\":\"pl-PL\",\"@id\":\"https:\/\/www.pogotowieflagowe.pl\/aktualne\/#\/schema\/logo\/image\/\",\"url\":\"https:\/\/www.pogotowieflagowe.pl\/aktualne\/wp-content\/uploads\/2024\/08\/cropped-pogotowieflagowe_flaga_projekt_sm.jpg\",\"contentUrl\":\"https:\/\/www.pogotowieflagowe.pl\/aktualne\/wp-content\/uploads\/2024\/08\/cropped-pogotowieflagowe_flaga_projekt_sm.jpg\",\"width\":250,\"height\":143,\"caption\":\"POGOTOWIE FLAGOWE\u00ae\"},\"image\":{\"@id\":\"https:\/\/www.pogotowieflagowe.pl\/aktualne\/#\/schema\/logo\/image\/\"}},{\"@type\":\"Person\",\"@id\":\"https:\/\/www.pogotowieflagowe.pl\/aktualne\/#\/schema\/person\/9c2fb7d2362ebf6fa088960d7f0d27b0\",\"name\":\"Filip\",\"image\":{\"@type\":\"ImageObject\",\"inLanguage\":\"pl-PL\",\"@id\":\"https:\/\/www.pogotowieflagowe.pl\/aktualne\/#\/schema\/person\/image\/\",\"url\":\"https:\/\/www.pogotowieflagowe.pl\/aktualne\/wp-content\/uploads\/2024\/08\/pogotowieflagowe.pl_.jpg\",\"contentUrl\":\"https:\/\/www.pogotowieflagowe.pl\/aktualne\/wp-content\/uploads\/2024\/08\/pogotowieflagowe.pl_.jpg\",\"caption\":\"Filip\"},\"description\":\"Jestem Filip, polski dziennikarz z dyplomem nauk politycznych Uniwersytetu Warszawskiego. Rozpoczynaj\u0105c swoj\u0105 karier\u0119 w r\u00f3\u017cnych lokalnych mediach, zdoby\u0142em solidne do\u015bwiadczenie w zakresie \u015bledztwa i redakcji. Obecnie jako redaktor w Pogotowie flagowe, staram si\u0119 dostarcza\u0107 dog\u0142\u0119bne i istotne analizy na temat najwa\u017cniejszych kwestii aktualno\u015bci, \u0142\u0105cz\u0105c rygor z pasj\u0105 dziennikarsk\u0105.\",\"sameAs\":[\"https:\/\/www.pogotowieflagowe.pl\/\"]}]}<\/script>\n<!-- \/ Yoast SEO plugin. -->","yoast_head_json":{"title":"Przyp\u0142yw szczero\u015bci od \u017burka. Minister Sprawiedliwo\u015bci o dzia\u0142aniu \u201ena granicy prawa\u201d (WIDEO) - POGOTOWIE FLAGOWE\u00ae","robots":{"index":"index","follow":"follow","max-snippet":"max-snippet:-1","max-image-preview":"max-image-preview:large","max-video-preview":"max-video-preview:-1"},"canonical":"https:\/\/www.pogotowieflagowe.pl\/aktualne\/przyplyw-szczerosci-od-zurka-minister-sprawiedliwosci-o-dzialaniu-na-granicy-prawa-wideo\/","og_locale":"pl_PL","og_type":"article","og_title":"Przyp\u0142yw szczero\u015bci od \u017burka. Minister Sprawiedliwo\u015bci o dzia\u0142aniu \u201ena granicy prawa\u201d (WIDEO) - POGOTOWIE FLAGOWE\u00ae","og_description":"\u201eMusimy dzia\u0142a\u0107 na pewnym brzegu prawa\u201d\u2013 te s\u0142owa mo\u017cna by\u0142o us\u0142ysze\u0107 w o\u015bwiadczeniu Ministra Sprawiedliwo\u015bci Waldemara \u017burka. \u201eKolejny pi\u0119kny dow\u00f3d","og_url":"https:\/\/www.pogotowieflagowe.pl\/aktualne\/przyplyw-szczerosci-od-zurka-minister-sprawiedliwosci-o-dzialaniu-na-granicy-prawa-wideo\/","og_site_name":"POGOTOWIE FLAGOWE\u00ae","article_published_time":"2025-11-24T00:05:52+00:00","article_modified_time":"2025-11-24T00:05:53+00:00","og_image":[{"width":1280,"height":720,"url":"https:\/\/www.pogotowieflagowe.pl\/aktualne\/wp-content\/uploads\/2025\/11\/Przyplyw-szczerosci-od-Zurka-Minister-Sprawiedliwosci-o-dzialaniu-\u201ena-granicy.webp.webp","type":"image\/webp"}],"author":"Filip","twitter_card":"summary_large_image","twitter_misc":{"Napisane przez":"Filip","Szacowany czas czytania":"1 minuta"},"schema":{"@context":"https:\/\/schema.org","@graph":[{"@type":"Article","@id":"https:\/\/www.pogotowieflagowe.pl\/aktualne\/przyplyw-szczerosci-od-zurka-minister-sprawiedliwosci-o-dzialaniu-na-granicy-prawa-wideo\/#article","isPartOf":{"@id":"https:\/\/www.pogotowieflagowe.pl\/aktualne\/przyplyw-szczerosci-od-zurka-minister-sprawiedliwosci-o-dzialaniu-na-granicy-prawa-wideo\/"},"author":{"name":"Filip","@id":"https:\/\/www.pogotowieflagowe.pl\/aktualne\/#\/schema\/person\/9c2fb7d2362ebf6fa088960d7f0d27b0"},"headline":"Przyp\u0142yw szczero\u015bci od \u017burka. Minister Sprawiedliwo\u015bci o dzia\u0142aniu \u201ena granicy prawa\u201d (WIDEO)","datePublished":"2025-11-24T00:05:52+00:00","dateModified":"2025-11-24T00:05:53+00:00","mainEntityOfPage":{"@id":"https:\/\/www.pogotowieflagowe.pl\/aktualne\/przyplyw-szczerosci-od-zurka-minister-sprawiedliwosci-o-dzialaniu-na-granicy-prawa-wideo\/"},"wordCount":276,"commentCount":0,"publisher":{"@id":"https:\/\/www.pogotowieflagowe.pl\/aktualne\/#organization"},"image":{"@id":"https:\/\/www.pogotowieflagowe.pl\/aktualne\/przyplyw-szczerosci-od-zurka-minister-sprawiedliwosci-o-dzialaniu-na-granicy-prawa-wideo\/#primaryimage"},"thumbnailUrl":"https:\/\/www.pogotowieflagowe.pl\/aktualne\/wp-content\/uploads\/2025\/11\/Przyplyw-szczerosci-od-Zurka-Minister-Sprawiedliwosci-o-dzialaniu-\u201ena-granicy.webp.webp","keywords":["dzia\u0142aniu","granicy","minister","prawa","Przyp\u0142yw","sprawiedliwo\u015bci","szczero\u015bci","WIDEO","\u017burka"],"articleSection":["Aktualne"],"inLanguage":"pl-PL","potentialAction":[{"@type":"CommentAction","name":"Comment","target":["https:\/\/www.pogotowieflagowe.pl\/aktualne\/przyplyw-szczerosci-od-zurka-minister-sprawiedliwosci-o-dzialaniu-na-granicy-prawa-wideo\/#respond"]}]},{"@type":"WebPage","@id":"https:\/\/www.pogotowieflagowe.pl\/aktualne\/przyplyw-szczerosci-od-zurka-minister-sprawiedliwosci-o-dzialaniu-na-granicy-prawa-wideo\/","url":"https:\/\/www.pogotowieflagowe.pl\/aktualne\/przyplyw-szczerosci-od-zurka-minister-sprawiedliwosci-o-dzialaniu-na-granicy-prawa-wideo\/","name":"Przyp\u0142yw szczero\u015bci od \u017burka. Minister Sprawiedliwo\u015bci o dzia\u0142aniu \u201ena granicy prawa\u201d (WIDEO) - POGOTOWIE FLAGOWE\u00ae","isPartOf":{"@id":"https:\/\/www.pogotowieflagowe.pl\/aktualne\/#website"},"primaryImageOfPage":{"@id":"https:\/\/www.pogotowieflagowe.pl\/aktualne\/przyplyw-szczerosci-od-zurka-minister-sprawiedliwosci-o-dzialaniu-na-granicy-prawa-wideo\/#primaryimage"},"image":{"@id":"https:\/\/www.pogotowieflagowe.pl\/aktualne\/przyplyw-szczerosci-od-zurka-minister-sprawiedliwosci-o-dzialaniu-na-granicy-prawa-wideo\/#primaryimage"},"thumbnailUrl":"https:\/\/www.pogotowieflagowe.pl\/aktualne\/wp-content\/uploads\/2025\/11\/Przyplyw-szczerosci-od-Zurka-Minister-Sprawiedliwosci-o-dzialaniu-\u201ena-granicy.webp.webp","datePublished":"2025-11-24T00:05:52+00:00","dateModified":"2025-11-24T00:05:53+00:00","breadcrumb":{"@id":"https:\/\/www.pogotowieflagowe.pl\/aktualne\/przyplyw-szczerosci-od-zurka-minister-sprawiedliwosci-o-dzialaniu-na-granicy-prawa-wideo\/#breadcrumb"},"inLanguage":"pl-PL","potentialAction":[{"@type":"ReadAction","target":["https:\/\/www.pogotowieflagowe.pl\/aktualne\/przyplyw-szczerosci-od-zurka-minister-sprawiedliwosci-o-dzialaniu-na-granicy-prawa-wideo\/"]}]},{"@type":"ImageObject","inLanguage":"pl-PL","@id":"https:\/\/www.pogotowieflagowe.pl\/aktualne\/przyplyw-szczerosci-od-zurka-minister-sprawiedliwosci-o-dzialaniu-na-granicy-prawa-wideo\/#primaryimage","url":"https:\/\/www.pogotowieflagowe.pl\/aktualne\/wp-content\/uploads\/2025\/11\/Przyplyw-szczerosci-od-Zurka-Minister-Sprawiedliwosci-o-dzialaniu-\u201ena-granicy.webp.webp","contentUrl":"https:\/\/www.pogotowieflagowe.pl\/aktualne\/wp-content\/uploads\/2025\/11\/Przyplyw-szczerosci-od-Zurka-Minister-Sprawiedliwosci-o-dzialaniu-\u201ena-granicy.webp.webp","width":1280,"height":720,"caption":"Przyp\u0142yw szczero\u015bci od \u017burka. Minister Sprawiedliwo\u015bci o dzia\u0142aniu \u201ena granicy prawa\u201d (WIDEO)"},{"@type":"BreadcrumbList","@id":"https:\/\/www.pogotowieflagowe.pl\/aktualne\/przyplyw-szczerosci-od-zurka-minister-sprawiedliwosci-o-dzialaniu-na-granicy-prawa-wideo\/#breadcrumb","itemListElement":[{"@type":"ListItem","position":1,"name":"Home","item":"https:\/\/www.pogotowieflagowe.pl\/aktualne\/"},{"@type":"ListItem","position":2,"name":"Przyp\u0142yw szczero\u015bci od \u017burka. Minister Sprawiedliwo\u015bci o dzia\u0142aniu \u201ena granicy prawa\u201d (WIDEO)"}]},{"@type":"WebSite","@id":"https:\/\/www.pogotowieflagowe.pl\/aktualne\/#website","url":"https:\/\/www.pogotowieflagowe.pl\/aktualne\/","name":"POGOTOWIE FLAGOWE\u00ae","description":"","publisher":{"@id":"https:\/\/www.pogotowieflagowe.pl\/aktualne\/#organization"},"potentialAction":[{"@type":"SearchAction","target":{"@type":"EntryPoint","urlTemplate":"https:\/\/www.pogotowieflagowe.pl\/aktualne\/?s={search_term_string}"},"query-input":"required name=search_term_string"}],"inLanguage":"pl-PL"},{"@type":"Organization","@id":"https:\/\/www.pogotowieflagowe.pl\/aktualne\/#organization","name":"POGOTOWIE FLAGOWE\u00ae","url":"https:\/\/www.pogotowieflagowe.pl\/aktualne\/","logo":{"@type":"ImageObject","inLanguage":"pl-PL","@id":"https:\/\/www.pogotowieflagowe.pl\/aktualne\/#\/schema\/logo\/image\/","url":"https:\/\/www.pogotowieflagowe.pl\/aktualne\/wp-content\/uploads\/2024\/08\/cropped-pogotowieflagowe_flaga_projekt_sm.jpg","contentUrl":"https:\/\/www.pogotowieflagowe.pl\/aktualne\/wp-content\/uploads\/2024\/08\/cropped-pogotowieflagowe_flaga_projekt_sm.jpg","width":250,"height":143,"caption":"POGOTOWIE FLAGOWE\u00ae"},"image":{"@id":"https:\/\/www.pogotowieflagowe.pl\/aktualne\/#\/schema\/logo\/image\/"}},{"@type":"Person","@id":"https:\/\/www.pogotowieflagowe.pl\/aktualne\/#\/schema\/person\/9c2fb7d2362ebf6fa088960d7f0d27b0","name":"Filip","image":{"@type":"ImageObject","inLanguage":"pl-PL","@id":"https:\/\/www.pogotowieflagowe.pl\/aktualne\/#\/schema\/person\/image\/","url":"https:\/\/www.pogotowieflagowe.pl\/aktualne\/wp-content\/uploads\/2024\/08\/pogotowieflagowe.pl_.jpg","contentUrl":"https:\/\/www.pogotowieflagowe.pl\/aktualne\/wp-content\/uploads\/2024\/08\/pogotowieflagowe.pl_.jpg","caption":"Filip"},"description":"Jestem Filip, polski dziennikarz z dyplomem nauk politycznych Uniwersytetu Warszawskiego. Rozpoczynaj\u0105c swoj\u0105 karier\u0119 w r\u00f3\u017cnych lokalnych mediach, zdoby\u0142em solidne do\u015bwiadczenie w zakresie \u015bledztwa i redakcji. Obecnie jako redaktor w Pogotowie flagowe, staram si\u0119 dostarcza\u0107 dog\u0142\u0119bne i istotne analizy na temat najwa\u017cniejszych kwestii aktualno\u015bci, \u0142\u0105cz\u0105c rygor z pasj\u0105 dziennikarsk\u0105.","sameAs":["https:\/\/www.pogotowieflagowe.pl\/"]}]}},"_links":{"self":[{"href":"https:\/\/www.pogotowieflagowe.pl\/aktualne\/wp-json\/wp\/v2\/posts\/10926","targetHints":{"allow":["GET"]}}],"collection":[{"href":"https:\/\/www.pogotowieflagowe.pl\/aktualne\/wp-json\/wp\/v2\/posts"}],"about":[{"href":"https:\/\/www.pogotowieflagowe.pl\/aktualne\/wp-json\/wp\/v2\/types\/post"}],"author":[{"embeddable":true,"href":"https:\/\/www.pogotowieflagowe.pl\/aktualne\/wp-json\/wp\/v2\/users\/1"}],"replies":[{"embeddable":true,"href":"https:\/\/www.pogotowieflagowe.pl\/aktualne\/wp-json\/wp\/v2\/comments?post=10926"}],"version-history":[{"count":1,"href":"https:\/\/www.pogotowieflagowe.pl\/aktualne\/wp-json\/wp\/v2\/posts\/10926\/revisions"}],"predecessor-version":[{"id":10928,"href":"https:\/\/www.pogotowieflagowe.pl\/aktualne\/wp-json\/wp\/v2\/posts\/10926\/revisions\/10928"}],"wp:featuredmedia":[{"embeddable":true,"href":"https:\/\/www.pogotowieflagowe.pl\/aktualne\/wp-json\/wp\/v2\/media\/10927"}],"wp:attachment":[{"href":"https:\/\/www.pogotowieflagowe.pl\/aktualne\/wp-json\/wp\/v2\/media?parent=10926"}],"wp:term":[{"taxonomy":"category","embeddable":true,"href":"https:\/\/www.pogotowieflagowe.pl\/aktualne\/wp-json\/wp\/v2\/categories?post=10926"},{"taxonomy":"post_tag","embeddable":true,"href":"https:\/\/www.pogotowieflagowe.pl\/aktualne\/wp-json\/wp\/v2\/tags?post=10926"}],"curies":[{"name":"wp","href":"https:\/\/api.w.org\/{rel}","templated":true}]}}