{"id":10929,"date":"2025-11-24T01:38:30","date_gmt":"2025-11-24T00:38:30","guid":{"rendered":"https:\/\/www.pogotowieflagowe.pl\/aktualne\/tusk-nie-konsultowal-z-prezydentem-polskiego-punktu-widzenia-bogucki-sa-trzy-kluczowe-kwestie\/"},"modified":"2025-11-24T01:38:31","modified_gmt":"2025-11-24T00:38:31","slug":"tusk-nie-konsultowal-z-prezydentem-polskiego-punktu-widzenia-bogucki-sa-trzy-kluczowe-kwestie","status":"publish","type":"post","link":"https:\/\/www.pogotowieflagowe.pl\/aktualne\/tusk-nie-konsultowal-z-prezydentem-polskiego-punktu-widzenia-bogucki-sa-trzy-kluczowe-kwestie\/","title":{"rendered":"Tusk nie konsultowa\u0142 z Prezydentem \u201epolskiego punktu widzenia\u201d. Bogucki: \u201eS\u0105 trzy kluczowe kwestie\u201d"},"content":{"rendered":"\n<div class=\"td_block_wrap tdb_single_content tdi_46 td-pb-border-top td_block_template_8 td-post-content tagdiv-type\" data-td-block-uid=\"tdi_46\">\n<style>.tdi_46{margines-g\u00f3rny:0px!important;margin-bottom:0px!important;dope\u0142nienie-g\u00f3ra:0px!important;dope\u0142nienie-d\u00f3\u0142:0px!important}<\/style>\n<style>.tdb_single_content{margin-bottom:0;*zoom:1}.tdb_single_content:before,.tdb_single_content:after{display:table;content:'';line-height:0}.tdb_single_content:after{clear:both}.tdb_single_content .tdb-block-inner>*:not(.wp-block-quote):not(.alignwide):not(.alignfull.wp-block-cover.has-parallax):not(.td-a-ad){margin-left:auto;margin-right:auto}.tdb_single_content a{pointer-events:auto}.tdb_single_content .td-spot-id-top_ad .tdc-placeholder-title:before{content:'Najlepsza reklama artyku\u0142u'!important}.tdb_single_content .td-spot-id-inline_ad0 .tdc-placeholder-title:before{content:'Reklama wbudowana artyku\u0142u 1'!important}.tdb_single_content .td-spot-id-inline_ad1 .tdc-placeholder-title:before{content:'Wbudowana reklama w artykule 2'!important}.tdb_single_content .td-spot-id-inline_ad2 .tdc-placeholder-title:before{content:'Wbudowana reklama w artykule 3'!important}.tdb_single_content .td-spot-id-bottom_ad .tdc-placeholder-title:before{content:'Article Bottom Ad'!important}.tdb_single_content .id_top_ad,.tdb_single_content .id_bottom_ad{clear:both;margin-bottom:21px;text-align:center}.tdb_single_content .id_top_ad img,.tdb_single_content .id_bottom_ad img{margin-bottom:0}.tdb_single_content .id_top_ad .adsbygoogle,.tdb_single_content .id_bottom_ad .adsbygoogle{position:relative}.tdb_single_content .id_ad_content-horiz-left,.tdb_single_content .id_ad_content-horiz-right,.tdb_single_content .id_ad_content-horiz-center{margin-bottom:15px}.tdb_single_content .id_ad_content-horiz-left img,.tdb_single_content .id_ad_content-horiz-right img,.tdb_single_content .id_ad_content-horiz-center img{margin-bottom:0}.tdb_single_content .id_ad_content-horiz-center{text-align:center}.tdb_single_content .id_ad_content-horiz-center img{margin-right:auto;margin-left:auto}.tdb_single_content .id_ad_content-horiz-left{float:left;margin-top:9px;margin-right:21px}.tdb_single_content .id_ad_content-horiz-right{float:right;margin-top:6px;margin-left:21px}.tdb_single_content .tdc-a-ad .tdc-placeholder-title{width:300px;height:250px}.tdb_single_content .tdc-a-ad .tdc-placeholder-title:before{position:absolute;top:50%;-webkit-transform:translateY(-50%);transform:translateY(-50%);margin:auto;display:table;width:100%}.tdb_single_content .tdb-block-inner.td-fix-index{word-break:break-word}.tdi_46,.tdi_46>p,.tdi_46 .tdb-block-inner>p,.wp-block-column>p{font-size:16px!important;line-height:1.6!important}.tdi_46 .tdb-block-inner blockquote p{font-style:normal!important}@media (max-width:767px){.tdb_single_content .id_ad_content-horiz-left,.tdb_single_content .id_ad_content-horiz-right,.tdb_single_content .id_ad_content-horiz-center{margin:0 auto 26 pikseli auto}}@media (max-width:767px){.tdb_single_content .id_ad_content-horiz-left{margin-right:0}}@media (max-width:767px){.tdb_single_content .id_ad_content-horiz-right{margin-left:0}}@media (max-width:767px){.tdb_single_content .td-a-ad{float:none;text-align:center}.tdb_single_content .td-a-ad img{margin-right:auto;margin-left:auto}.tdb_single_content .tdc-a-ad{float:none}}<\/style>\n<div class=\"tdb-block-inner td-fix-index\">\n<p><strong>&#8222;Bez Kijowa nie da si\u0119 zawrze\u0107 tego porozumienia. Ale te\u017c bez pa\u0144stw wspieraj\u0105cych \u2013 Ameryki, Unii Europejskiej, Polski&#8221;<\/strong>\u2013 powiedzia\u0142 szef <em>Kancelaria Prezydenta RP (KPRP)<\/em> Zbigniew Bogucki, nawi\u0105zuj\u0105c do ameryka\u0144skiego planu pokojowego dla Ukrainy. Doda\u0142, \u017ce istotne s\u0105 tak\u017ce gwarancje dla regionu. Pokrywa si\u0119 to z pogl\u0105dem Karola Nawrockiego. Tymczasem w Angoli Donald Tusk ma przedstawi\u0107 \u201epolski punkt widzenia\u201d w tej sprawie. Problem w tym, \u017ce premier nie konsultowa\u0142 tego z prezydentem.<\/p>\n<h2 class=\"wp-block-heading\">Czyj punkt widzenia przedstawi Tusk?<\/h2>\n<p>Portal Axios opublikowa\u0142 w czwartek szczeg\u00f3\u0142y planu pokojowego wynegocjowanego przez Stany Zjednoczone i Rosj\u0119. W ramach tego planu Kij\u00f3w zobowi\u0105za\u0142by si\u0119 m.in. do nie przy\u0142\u0105czenia si\u0119 <em>NATO<\/em>do ograniczenia si\u0142 zbrojnych do 600 000 \u017co\u0142nierzy i oddania cz\u0119\u015bci swojego terytorium Rosji. W zamian Ukraina otrzyma\u0142aby bezprecedensowe gwarancje bezpiecze\u0144stwa ze strony Stan\u00f3w Zjednoczonych i kraj\u00f3w europejskich <strong>\u201ena poziomie por\u00f3wnywalnym do NATO\u201d.<\/strong><\/p>\n<p>Premier Donald Tusk og\u0142osi\u0142 to w poniedzia\u0142kowy wiecz\u00f3r <em>Unia Europejska \u2013 Unia Afryka\u0144ska<\/em> szczyt w Luandzie \u2013 wyg\u0142osi <strong>\u201epolski punkt widzenia w tej sprawie\u201d.<\/strong><\/p>\n<p>Zapytany w Polsat News, czy ten \u201epunkt widzenia\u201d by\u0142 konsultowany z prezydentem, Zbigniew Bogucki odpowiedzia\u0142:<\/p>\n<p><strong>\u201eNie wiem, czy to by\u0142o konsultowane, ale prezydent, mo\u017cna powiedzie\u0107, wskaza\u0142 na trzy podstawowe kwestie, kt\u00f3re powinien uwzgl\u0119dni\u0107 plan pokojowy\u201d.<\/strong><\/p>\n<h2 class=\"wp-block-heading\">Bogucki: Gwarancje dla ca\u0142ego regionu<\/h2>\n<p>Pierwsza z nich \u2013 jak zauwa\u017cy\u0142 Bogucki \u2013 to gwarancje dla Ukrainy, a co za tym idzie, dla regionu europejskiego, w kt\u00f3rym Ukraina si\u0119 znajduje. <strong>&#8222;Rosja nie dotrzymuje swoich porozumie\u0144. (&#8230;) Je\u017celi nie b\u0119dzie, \u017ce tak powiem, bardzo silnych mechanizm\u00f3w dyscyplinuj\u0105cych j\u0105, to nie b\u0119dzie dotrzymywa\u0142a porozumie\u0144. O tym m\u00f3wi\u0142 prezydent&#8221;<\/strong>szef <em>Kancelaria Prezydenta RP (KPRP)<\/em> zauwa\u017cony.<\/p>\n<p>Kolejn\u0105 kwesti\u0105 jest konieczno\u015b\u0107 uwzgl\u0119dnienia stanowiska w\u0142adz ukrai\u0144skich.<\/p>\n<figure class=\"wp-block-pullquote\">\n<blockquote>\n<p><strong>&#8222;Bez Kijowa nie mo\u017cna zawrze\u0107 tego porozumienia. Ale tak\u017ce bez tych, kt\u00f3rzy wspieraj\u0105 Kij\u00f3w \u2013 Ameryki, Unii Europejskiej, Polski\u201d<\/strong>\u2013 stwierdzi\u0142 Bogucki.<\/p>\n<\/blockquote>\n<\/figure>\n<p>Podkre\u015bli\u0142 tak\u017ce, \u017ce Rosja jako agresor i strona, kt\u00f3ra przeprowadzi\u0142a atak, <strong>\u201eNie mog\u0119 wyj\u015b\u0107 z tego zwyci\u0119sko\u201d.<\/strong><\/p>\n<h2 class=\"wp-block-heading\">Tylko trzy scenariusze<\/h2>\n<p>W przypadku konflikt\u00f3w zbrojnych \u2013 jak wyja\u015bni\u0142 szef Kancelarii Prezydenta \u2013 mo\u017cliwe s\u0105 trzy scenariusze.<\/p>\n<figure class=\"wp-block-pullquote\">\n<blockquote>\n<p><strong>&#8222;Albo wojna trwa w niesko\u0144czono\u015b\u0107, nios\u0105c \u015bmier\u0107, cierpienie, zniszczenia &#8211; a to niestety dzieje si\u0119 na Ukrainie ju\u017c od ponad trzech lat. Albo mamy do czynienia ze zwyci\u0119stwem jednej ze stron &#8211; i tutaj (&#8230;) ani Rosja, ani niestety Ukraina nie wygrywa tego konfliktu i nic nie wskazuje na to, aby to si\u0119 zmieni\u0142o&#8221;<\/strong>\u2013 stwierdzi\u0142 Bogucki.<\/p>\n<\/blockquote>\n<\/figure>\n<figure class=\"wp-block-pullquote\">\n<blockquote>\n<p><strong>\u201eI wreszcie opcja trzecia \u2013 ta, kt\u00f3r\u0105, mo\u017cna powiedzie\u0107, rozwa\u017cano od kilku miesi\u0119cy przede wszystkim z inicjatywy Stan\u00f3w Zjednoczonych \u2013 to zawarcie jakiej\u015b formy porozumienia pokojowego, kt\u00f3re czy nam si\u0119 to podoba, czy nie, zawsze jest rodzajem kompromisu\u201d<\/strong>\u2013 doda\u0142 szef Kancelarii Prezydenta.<\/p>\n<\/blockquote>\n<\/figure>\n<figure class=\"wp-block-pullquote\">\n<blockquote>\n<p><strong>&#8222;Zobaczymy, jakie b\u0119dzie stanowisko przyw\u00f3dc\u00f3w europejskich. Bez w\u0105tpienia uwa\u017cam, \u017ce tutaj, w Polsce, wszyscy jeste\u015bmy po stronie walcz\u0105cej Ukrainy&#8221;<\/strong>\u2013 podkre\u015bli\u0142 Bogucki.<\/p>\n<\/blockquote>\n<\/figure>\n<hr class=\"wp-block-separator has-alpha-channel-opacity\">\n<pre class=\"wp-block-verse\">On Monday, in Angola \u2013 which is celebrating the 50th anniversary of its independence \u2013 the <em>European Union - African Union<\/em> summit will begin. The leaders of the EU and the <em>African Union (UA)<\/em> will meet in Angola\u2019s capital, Luanda. The summit will be chaired jointly by Angola\u2019s President Joao Lourenco and the President of the European Council Antonio Costa. The EU will also be represented by the head of the <em>European Commission (KE)<\/em> Ursula von der Leyen. On Monday, on the sidelines of the summit, a special meeting of all EU heads of state and government will take place. The topic will be the peace plan for Ukraine.<\/pre>\n<\/div>\n<\/div>\n","protected":false},"excerpt":{"rendered":"<p>&#8222;Bez Kijowa nie da si\u0119 zawrze\u0107 tego porozumienia. Ale te\u017c bez pa\u0144stw wspieraj\u0105cych \u2013 Ameryki, Unii Europejskiej, Polski&#8221;\u2013 powiedzia\u0142 szef<\/p>\n","protected":false},"author":1,"featured_media":10930,"comment_status":"open","ping_status":"open","sticky":false,"template":"","format":"standard","meta":{"footnotes":""},"categories":[4748],"tags":[10603,421,12357,3966,450,129,6396,10831,3221,6272,221,11426],"class_list":["post-10929","post","type-post","status-publish","format-standard","has-post-thumbnail","hentry","category-aktualne","tag-bogucki","tag-kluczowe","tag-konsultowal","tag-kwestie","tag-nie","tag-polskiego","tag-prezydentem","tag-punktu","tag-sa","tag-trzy","tag-tusk","tag-widzenia","generate-columns","tablet-grid-50","mobile-grid-100","grid-parent","grid-50","resize-featured-image"],"yoast_head":"<!-- This site is optimized with the Yoast SEO plugin v23.2 - https:\/\/yoast.com\/wordpress\/plugins\/seo\/ -->\n<title>Tusk nie konsultowa\u0142 z Prezydentem \u201epolskiego punktu widzenia\u201d. Bogucki: \u201eS\u0105 trzy kluczowe kwestie\u201d - POGOTOWIE FLAGOWE\u00ae<\/title>\n<meta name=\"robots\" content=\"index, follow, max-snippet:-1, max-image-preview:large, max-video-preview:-1\" \/>\n<link rel=\"canonical\" href=\"https:\/\/www.pogotowieflagowe.pl\/aktualne\/tusk-nie-konsultowal-z-prezydentem-polskiego-punktu-widzenia-bogucki-sa-trzy-kluczowe-kwestie\/\" \/>\n<meta property=\"og:locale\" content=\"pl_PL\" \/>\n<meta property=\"og:type\" content=\"article\" \/>\n<meta property=\"og:title\" content=\"Tusk nie konsultowa\u0142 z Prezydentem \u201epolskiego punktu widzenia\u201d. Bogucki: \u201eS\u0105 trzy kluczowe kwestie\u201d - POGOTOWIE FLAGOWE\u00ae\" \/>\n<meta property=\"og:description\" content=\"&#8222;Bez Kijowa nie da si\u0119 zawrze\u0107 tego porozumienia. Ale te\u017c bez pa\u0144stw wspieraj\u0105cych \u2013 Ameryki, Unii Europejskiej, Polski&#8221;\u2013 powiedzia\u0142 szef\" \/>\n<meta property=\"og:url\" content=\"https:\/\/www.pogotowieflagowe.pl\/aktualne\/tusk-nie-konsultowal-z-prezydentem-polskiego-punktu-widzenia-bogucki-sa-trzy-kluczowe-kwestie\/\" \/>\n<meta property=\"og:site_name\" content=\"POGOTOWIE FLAGOWE\u00ae\" \/>\n<meta property=\"article:published_time\" content=\"2025-11-24T00:38:30+00:00\" \/>\n<meta property=\"article:modified_time\" content=\"2025-11-24T00:38:31+00:00\" \/>\n<meta property=\"og:image\" content=\"https:\/\/www.pogotowieflagowe.pl\/aktualne\/wp-content\/uploads\/2025\/11\/Tusk-nie-konsultowal-z-Prezydentem-\u201epolskiego-punktu-widzenia-Bogucki-\u201eSa.webp.webp\" \/>\n\t<meta property=\"og:image:width\" content=\"1280\" \/>\n\t<meta property=\"og:image:height\" content=\"720\" \/>\n\t<meta property=\"og:image:type\" content=\"image\/webp\" \/>\n<meta name=\"author\" content=\"Filip\" \/>\n<meta name=\"twitter:card\" content=\"summary_large_image\" \/>\n<meta name=\"twitter:label1\" content=\"Napisane przez\" \/>\n\t<meta name=\"twitter:data1\" content=\"Filip\" \/>\n\t<meta name=\"twitter:label2\" content=\"Szacowany czas czytania\" \/>\n\t<meta name=\"twitter:data2\" content=\"3 minuty\" \/>\n<script type=\"application\/ld+json\" class=\"yoast-schema-graph\">{\"@context\":\"https:\/\/schema.org\",\"@graph\":[{\"@type\":\"Article\",\"@id\":\"https:\/\/www.pogotowieflagowe.pl\/aktualne\/tusk-nie-konsultowal-z-prezydentem-polskiego-punktu-widzenia-bogucki-sa-trzy-kluczowe-kwestie\/#article\",\"isPartOf\":{\"@id\":\"https:\/\/www.pogotowieflagowe.pl\/aktualne\/tusk-nie-konsultowal-z-prezydentem-polskiego-punktu-widzenia-bogucki-sa-trzy-kluczowe-kwestie\/\"},\"author\":{\"name\":\"Filip\",\"@id\":\"https:\/\/www.pogotowieflagowe.pl\/aktualne\/#\/schema\/person\/9c2fb7d2362ebf6fa088960d7f0d27b0\"},\"headline\":\"Tusk nie konsultowa\u0142 z Prezydentem \u201epolskiego punktu widzenia\u201d. Bogucki: \u201eS\u0105 trzy kluczowe kwestie\u201d\",\"datePublished\":\"2025-11-24T00:38:30+00:00\",\"dateModified\":\"2025-11-24T00:38:31+00:00\",\"mainEntityOfPage\":{\"@id\":\"https:\/\/www.pogotowieflagowe.pl\/aktualne\/tusk-nie-konsultowal-z-prezydentem-polskiego-punktu-widzenia-bogucki-sa-trzy-kluczowe-kwestie\/\"},\"wordCount\":511,\"commentCount\":0,\"publisher\":{\"@id\":\"https:\/\/www.pogotowieflagowe.pl\/aktualne\/#organization\"},\"image\":{\"@id\":\"https:\/\/www.pogotowieflagowe.pl\/aktualne\/tusk-nie-konsultowal-z-prezydentem-polskiego-punktu-widzenia-bogucki-sa-trzy-kluczowe-kwestie\/#primaryimage\"},\"thumbnailUrl\":\"https:\/\/www.pogotowieflagowe.pl\/aktualne\/wp-content\/uploads\/2025\/11\/Tusk-nie-konsultowal-z-Prezydentem-\u201epolskiego-punktu-widzenia-Bogucki-\u201eSa.webp.webp\",\"keywords\":[\"Bogucki\",\"kluczowe\",\"konsultowa\u0142\",\"kwestie\",\"Nie\",\"Polskiego\",\"prezydentem\",\"punktu\",\"s\u0105\",\"Trzy\",\"Tusk\",\"widzenia\"],\"articleSection\":[\"Aktualne\"],\"inLanguage\":\"pl-PL\",\"potentialAction\":[{\"@type\":\"CommentAction\",\"name\":\"Comment\",\"target\":[\"https:\/\/www.pogotowieflagowe.pl\/aktualne\/tusk-nie-konsultowal-z-prezydentem-polskiego-punktu-widzenia-bogucki-sa-trzy-kluczowe-kwestie\/#respond\"]}]},{\"@type\":\"WebPage\",\"@id\":\"https:\/\/www.pogotowieflagowe.pl\/aktualne\/tusk-nie-konsultowal-z-prezydentem-polskiego-punktu-widzenia-bogucki-sa-trzy-kluczowe-kwestie\/\",\"url\":\"https:\/\/www.pogotowieflagowe.pl\/aktualne\/tusk-nie-konsultowal-z-prezydentem-polskiego-punktu-widzenia-bogucki-sa-trzy-kluczowe-kwestie\/\",\"name\":\"Tusk nie konsultowa\u0142 z Prezydentem \u201epolskiego punktu widzenia\u201d. Bogucki: \u201eS\u0105 trzy kluczowe kwestie\u201d - POGOTOWIE FLAGOWE\u00ae\",\"isPartOf\":{\"@id\":\"https:\/\/www.pogotowieflagowe.pl\/aktualne\/#website\"},\"primaryImageOfPage\":{\"@id\":\"https:\/\/www.pogotowieflagowe.pl\/aktualne\/tusk-nie-konsultowal-z-prezydentem-polskiego-punktu-widzenia-bogucki-sa-trzy-kluczowe-kwestie\/#primaryimage\"},\"image\":{\"@id\":\"https:\/\/www.pogotowieflagowe.pl\/aktualne\/tusk-nie-konsultowal-z-prezydentem-polskiego-punktu-widzenia-bogucki-sa-trzy-kluczowe-kwestie\/#primaryimage\"},\"thumbnailUrl\":\"https:\/\/www.pogotowieflagowe.pl\/aktualne\/wp-content\/uploads\/2025\/11\/Tusk-nie-konsultowal-z-Prezydentem-\u201epolskiego-punktu-widzenia-Bogucki-\u201eSa.webp.webp\",\"datePublished\":\"2025-11-24T00:38:30+00:00\",\"dateModified\":\"2025-11-24T00:38:31+00:00\",\"breadcrumb\":{\"@id\":\"https:\/\/www.pogotowieflagowe.pl\/aktualne\/tusk-nie-konsultowal-z-prezydentem-polskiego-punktu-widzenia-bogucki-sa-trzy-kluczowe-kwestie\/#breadcrumb\"},\"inLanguage\":\"pl-PL\",\"potentialAction\":[{\"@type\":\"ReadAction\",\"target\":[\"https:\/\/www.pogotowieflagowe.pl\/aktualne\/tusk-nie-konsultowal-z-prezydentem-polskiego-punktu-widzenia-bogucki-sa-trzy-kluczowe-kwestie\/\"]}]},{\"@type\":\"ImageObject\",\"inLanguage\":\"pl-PL\",\"@id\":\"https:\/\/www.pogotowieflagowe.pl\/aktualne\/tusk-nie-konsultowal-z-prezydentem-polskiego-punktu-widzenia-bogucki-sa-trzy-kluczowe-kwestie\/#primaryimage\",\"url\":\"https:\/\/www.pogotowieflagowe.pl\/aktualne\/wp-content\/uploads\/2025\/11\/Tusk-nie-konsultowal-z-Prezydentem-\u201epolskiego-punktu-widzenia-Bogucki-\u201eSa.webp.webp\",\"contentUrl\":\"https:\/\/www.pogotowieflagowe.pl\/aktualne\/wp-content\/uploads\/2025\/11\/Tusk-nie-konsultowal-z-Prezydentem-\u201epolskiego-punktu-widzenia-Bogucki-\u201eSa.webp.webp\",\"width\":1280,\"height\":720,\"caption\":\"Tusk nie konsultowa\u0142 z Prezydentem \u201epolskiego punktu widzenia\u201d. Bogucki: \u201eS\u0105 trzy kluczowe kwestie\u201d\"},{\"@type\":\"BreadcrumbList\",\"@id\":\"https:\/\/www.pogotowieflagowe.pl\/aktualne\/tusk-nie-konsultowal-z-prezydentem-polskiego-punktu-widzenia-bogucki-sa-trzy-kluczowe-kwestie\/#breadcrumb\",\"itemListElement\":[{\"@type\":\"ListItem\",\"position\":1,\"name\":\"Home\",\"item\":\"https:\/\/www.pogotowieflagowe.pl\/aktualne\/\"},{\"@type\":\"ListItem\",\"position\":2,\"name\":\"Tusk nie konsultowa\u0142 z Prezydentem \u201epolskiego punktu widzenia\u201d. Bogucki: \u201eS\u0105 trzy kluczowe kwestie\u201d\"}]},{\"@type\":\"WebSite\",\"@id\":\"https:\/\/www.pogotowieflagowe.pl\/aktualne\/#website\",\"url\":\"https:\/\/www.pogotowieflagowe.pl\/aktualne\/\",\"name\":\"POGOTOWIE FLAGOWE\u00ae\",\"description\":\"\",\"publisher\":{\"@id\":\"https:\/\/www.pogotowieflagowe.pl\/aktualne\/#organization\"},\"potentialAction\":[{\"@type\":\"SearchAction\",\"target\":{\"@type\":\"EntryPoint\",\"urlTemplate\":\"https:\/\/www.pogotowieflagowe.pl\/aktualne\/?s={search_term_string}\"},\"query-input\":\"required name=search_term_string\"}],\"inLanguage\":\"pl-PL\"},{\"@type\":\"Organization\",\"@id\":\"https:\/\/www.pogotowieflagowe.pl\/aktualne\/#organization\",\"name\":\"POGOTOWIE FLAGOWE\u00ae\",\"url\":\"https:\/\/www.pogotowieflagowe.pl\/aktualne\/\",\"logo\":{\"@type\":\"ImageObject\",\"inLanguage\":\"pl-PL\",\"@id\":\"https:\/\/www.pogotowieflagowe.pl\/aktualne\/#\/schema\/logo\/image\/\",\"url\":\"https:\/\/www.pogotowieflagowe.pl\/aktualne\/wp-content\/uploads\/2024\/08\/cropped-pogotowieflagowe_flaga_projekt_sm.jpg\",\"contentUrl\":\"https:\/\/www.pogotowieflagowe.pl\/aktualne\/wp-content\/uploads\/2024\/08\/cropped-pogotowieflagowe_flaga_projekt_sm.jpg\",\"width\":250,\"height\":143,\"caption\":\"POGOTOWIE FLAGOWE\u00ae\"},\"image\":{\"@id\":\"https:\/\/www.pogotowieflagowe.pl\/aktualne\/#\/schema\/logo\/image\/\"}},{\"@type\":\"Person\",\"@id\":\"https:\/\/www.pogotowieflagowe.pl\/aktualne\/#\/schema\/person\/9c2fb7d2362ebf6fa088960d7f0d27b0\",\"name\":\"Filip\",\"image\":{\"@type\":\"ImageObject\",\"inLanguage\":\"pl-PL\",\"@id\":\"https:\/\/www.pogotowieflagowe.pl\/aktualne\/#\/schema\/person\/image\/\",\"url\":\"https:\/\/www.pogotowieflagowe.pl\/aktualne\/wp-content\/uploads\/2024\/08\/pogotowieflagowe.pl_.jpg\",\"contentUrl\":\"https:\/\/www.pogotowieflagowe.pl\/aktualne\/wp-content\/uploads\/2024\/08\/pogotowieflagowe.pl_.jpg\",\"caption\":\"Filip\"},\"description\":\"Jestem Filip, polski dziennikarz z dyplomem nauk politycznych Uniwersytetu Warszawskiego. Rozpoczynaj\u0105c swoj\u0105 karier\u0119 w r\u00f3\u017cnych lokalnych mediach, zdoby\u0142em solidne do\u015bwiadczenie w zakresie \u015bledztwa i redakcji. Obecnie jako redaktor w Pogotowie flagowe, staram si\u0119 dostarcza\u0107 dog\u0142\u0119bne i istotne analizy na temat najwa\u017cniejszych kwestii aktualno\u015bci, \u0142\u0105cz\u0105c rygor z pasj\u0105 dziennikarsk\u0105.\",\"sameAs\":[\"https:\/\/www.pogotowieflagowe.pl\/\"]}]}<\/script>\n<!-- \/ Yoast SEO plugin. -->","yoast_head_json":{"title":"Tusk nie konsultowa\u0142 z Prezydentem \u201epolskiego punktu widzenia\u201d. Bogucki: \u201eS\u0105 trzy kluczowe kwestie\u201d - POGOTOWIE FLAGOWE\u00ae","robots":{"index":"index","follow":"follow","max-snippet":"max-snippet:-1","max-image-preview":"max-image-preview:large","max-video-preview":"max-video-preview:-1"},"canonical":"https:\/\/www.pogotowieflagowe.pl\/aktualne\/tusk-nie-konsultowal-z-prezydentem-polskiego-punktu-widzenia-bogucki-sa-trzy-kluczowe-kwestie\/","og_locale":"pl_PL","og_type":"article","og_title":"Tusk nie konsultowa\u0142 z Prezydentem \u201epolskiego punktu widzenia\u201d. Bogucki: \u201eS\u0105 trzy kluczowe kwestie\u201d - POGOTOWIE FLAGOWE\u00ae","og_description":"&#8222;Bez Kijowa nie da si\u0119 zawrze\u0107 tego porozumienia. Ale te\u017c bez pa\u0144stw wspieraj\u0105cych \u2013 Ameryki, Unii Europejskiej, Polski&#8221;\u2013 powiedzia\u0142 szef","og_url":"https:\/\/www.pogotowieflagowe.pl\/aktualne\/tusk-nie-konsultowal-z-prezydentem-polskiego-punktu-widzenia-bogucki-sa-trzy-kluczowe-kwestie\/","og_site_name":"POGOTOWIE FLAGOWE\u00ae","article_published_time":"2025-11-24T00:38:30+00:00","article_modified_time":"2025-11-24T00:38:31+00:00","og_image":[{"width":1280,"height":720,"url":"https:\/\/www.pogotowieflagowe.pl\/aktualne\/wp-content\/uploads\/2025\/11\/Tusk-nie-konsultowal-z-Prezydentem-\u201epolskiego-punktu-widzenia-Bogucki-\u201eSa.webp.webp","type":"image\/webp"}],"author":"Filip","twitter_card":"summary_large_image","twitter_misc":{"Napisane przez":"Filip","Szacowany czas czytania":"3 minuty"},"schema":{"@context":"https:\/\/schema.org","@graph":[{"@type":"Article","@id":"https:\/\/www.pogotowieflagowe.pl\/aktualne\/tusk-nie-konsultowal-z-prezydentem-polskiego-punktu-widzenia-bogucki-sa-trzy-kluczowe-kwestie\/#article","isPartOf":{"@id":"https:\/\/www.pogotowieflagowe.pl\/aktualne\/tusk-nie-konsultowal-z-prezydentem-polskiego-punktu-widzenia-bogucki-sa-trzy-kluczowe-kwestie\/"},"author":{"name":"Filip","@id":"https:\/\/www.pogotowieflagowe.pl\/aktualne\/#\/schema\/person\/9c2fb7d2362ebf6fa088960d7f0d27b0"},"headline":"Tusk nie konsultowa\u0142 z Prezydentem \u201epolskiego punktu widzenia\u201d. Bogucki: \u201eS\u0105 trzy kluczowe kwestie\u201d","datePublished":"2025-11-24T00:38:30+00:00","dateModified":"2025-11-24T00:38:31+00:00","mainEntityOfPage":{"@id":"https:\/\/www.pogotowieflagowe.pl\/aktualne\/tusk-nie-konsultowal-z-prezydentem-polskiego-punktu-widzenia-bogucki-sa-trzy-kluczowe-kwestie\/"},"wordCount":511,"commentCount":0,"publisher":{"@id":"https:\/\/www.pogotowieflagowe.pl\/aktualne\/#organization"},"image":{"@id":"https:\/\/www.pogotowieflagowe.pl\/aktualne\/tusk-nie-konsultowal-z-prezydentem-polskiego-punktu-widzenia-bogucki-sa-trzy-kluczowe-kwestie\/#primaryimage"},"thumbnailUrl":"https:\/\/www.pogotowieflagowe.pl\/aktualne\/wp-content\/uploads\/2025\/11\/Tusk-nie-konsultowal-z-Prezydentem-\u201epolskiego-punktu-widzenia-Bogucki-\u201eSa.webp.webp","keywords":["Bogucki","kluczowe","konsultowa\u0142","kwestie","Nie","Polskiego","prezydentem","punktu","s\u0105","Trzy","Tusk","widzenia"],"articleSection":["Aktualne"],"inLanguage":"pl-PL","potentialAction":[{"@type":"CommentAction","name":"Comment","target":["https:\/\/www.pogotowieflagowe.pl\/aktualne\/tusk-nie-konsultowal-z-prezydentem-polskiego-punktu-widzenia-bogucki-sa-trzy-kluczowe-kwestie\/#respond"]}]},{"@type":"WebPage","@id":"https:\/\/www.pogotowieflagowe.pl\/aktualne\/tusk-nie-konsultowal-z-prezydentem-polskiego-punktu-widzenia-bogucki-sa-trzy-kluczowe-kwestie\/","url":"https:\/\/www.pogotowieflagowe.pl\/aktualne\/tusk-nie-konsultowal-z-prezydentem-polskiego-punktu-widzenia-bogucki-sa-trzy-kluczowe-kwestie\/","name":"Tusk nie konsultowa\u0142 z Prezydentem \u201epolskiego punktu widzenia\u201d. Bogucki: \u201eS\u0105 trzy kluczowe kwestie\u201d - POGOTOWIE FLAGOWE\u00ae","isPartOf":{"@id":"https:\/\/www.pogotowieflagowe.pl\/aktualne\/#website"},"primaryImageOfPage":{"@id":"https:\/\/www.pogotowieflagowe.pl\/aktualne\/tusk-nie-konsultowal-z-prezydentem-polskiego-punktu-widzenia-bogucki-sa-trzy-kluczowe-kwestie\/#primaryimage"},"image":{"@id":"https:\/\/www.pogotowieflagowe.pl\/aktualne\/tusk-nie-konsultowal-z-prezydentem-polskiego-punktu-widzenia-bogucki-sa-trzy-kluczowe-kwestie\/#primaryimage"},"thumbnailUrl":"https:\/\/www.pogotowieflagowe.pl\/aktualne\/wp-content\/uploads\/2025\/11\/Tusk-nie-konsultowal-z-Prezydentem-\u201epolskiego-punktu-widzenia-Bogucki-\u201eSa.webp.webp","datePublished":"2025-11-24T00:38:30+00:00","dateModified":"2025-11-24T00:38:31+00:00","breadcrumb":{"@id":"https:\/\/www.pogotowieflagowe.pl\/aktualne\/tusk-nie-konsultowal-z-prezydentem-polskiego-punktu-widzenia-bogucki-sa-trzy-kluczowe-kwestie\/#breadcrumb"},"inLanguage":"pl-PL","potentialAction":[{"@type":"ReadAction","target":["https:\/\/www.pogotowieflagowe.pl\/aktualne\/tusk-nie-konsultowal-z-prezydentem-polskiego-punktu-widzenia-bogucki-sa-trzy-kluczowe-kwestie\/"]}]},{"@type":"ImageObject","inLanguage":"pl-PL","@id":"https:\/\/www.pogotowieflagowe.pl\/aktualne\/tusk-nie-konsultowal-z-prezydentem-polskiego-punktu-widzenia-bogucki-sa-trzy-kluczowe-kwestie\/#primaryimage","url":"https:\/\/www.pogotowieflagowe.pl\/aktualne\/wp-content\/uploads\/2025\/11\/Tusk-nie-konsultowal-z-Prezydentem-\u201epolskiego-punktu-widzenia-Bogucki-\u201eSa.webp.webp","contentUrl":"https:\/\/www.pogotowieflagowe.pl\/aktualne\/wp-content\/uploads\/2025\/11\/Tusk-nie-konsultowal-z-Prezydentem-\u201epolskiego-punktu-widzenia-Bogucki-\u201eSa.webp.webp","width":1280,"height":720,"caption":"Tusk nie konsultowa\u0142 z Prezydentem \u201epolskiego punktu widzenia\u201d. Bogucki: \u201eS\u0105 trzy kluczowe kwestie\u201d"},{"@type":"BreadcrumbList","@id":"https:\/\/www.pogotowieflagowe.pl\/aktualne\/tusk-nie-konsultowal-z-prezydentem-polskiego-punktu-widzenia-bogucki-sa-trzy-kluczowe-kwestie\/#breadcrumb","itemListElement":[{"@type":"ListItem","position":1,"name":"Home","item":"https:\/\/www.pogotowieflagowe.pl\/aktualne\/"},{"@type":"ListItem","position":2,"name":"Tusk nie konsultowa\u0142 z Prezydentem \u201epolskiego punktu widzenia\u201d. Bogucki: \u201eS\u0105 trzy kluczowe kwestie\u201d"}]},{"@type":"WebSite","@id":"https:\/\/www.pogotowieflagowe.pl\/aktualne\/#website","url":"https:\/\/www.pogotowieflagowe.pl\/aktualne\/","name":"POGOTOWIE FLAGOWE\u00ae","description":"","publisher":{"@id":"https:\/\/www.pogotowieflagowe.pl\/aktualne\/#organization"},"potentialAction":[{"@type":"SearchAction","target":{"@type":"EntryPoint","urlTemplate":"https:\/\/www.pogotowieflagowe.pl\/aktualne\/?s={search_term_string}"},"query-input":"required name=search_term_string"}],"inLanguage":"pl-PL"},{"@type":"Organization","@id":"https:\/\/www.pogotowieflagowe.pl\/aktualne\/#organization","name":"POGOTOWIE FLAGOWE\u00ae","url":"https:\/\/www.pogotowieflagowe.pl\/aktualne\/","logo":{"@type":"ImageObject","inLanguage":"pl-PL","@id":"https:\/\/www.pogotowieflagowe.pl\/aktualne\/#\/schema\/logo\/image\/","url":"https:\/\/www.pogotowieflagowe.pl\/aktualne\/wp-content\/uploads\/2024\/08\/cropped-pogotowieflagowe_flaga_projekt_sm.jpg","contentUrl":"https:\/\/www.pogotowieflagowe.pl\/aktualne\/wp-content\/uploads\/2024\/08\/cropped-pogotowieflagowe_flaga_projekt_sm.jpg","width":250,"height":143,"caption":"POGOTOWIE FLAGOWE\u00ae"},"image":{"@id":"https:\/\/www.pogotowieflagowe.pl\/aktualne\/#\/schema\/logo\/image\/"}},{"@type":"Person","@id":"https:\/\/www.pogotowieflagowe.pl\/aktualne\/#\/schema\/person\/9c2fb7d2362ebf6fa088960d7f0d27b0","name":"Filip","image":{"@type":"ImageObject","inLanguage":"pl-PL","@id":"https:\/\/www.pogotowieflagowe.pl\/aktualne\/#\/schema\/person\/image\/","url":"https:\/\/www.pogotowieflagowe.pl\/aktualne\/wp-content\/uploads\/2024\/08\/pogotowieflagowe.pl_.jpg","contentUrl":"https:\/\/www.pogotowieflagowe.pl\/aktualne\/wp-content\/uploads\/2024\/08\/pogotowieflagowe.pl_.jpg","caption":"Filip"},"description":"Jestem Filip, polski dziennikarz z dyplomem nauk politycznych Uniwersytetu Warszawskiego. Rozpoczynaj\u0105c swoj\u0105 karier\u0119 w r\u00f3\u017cnych lokalnych mediach, zdoby\u0142em solidne do\u015bwiadczenie w zakresie \u015bledztwa i redakcji. Obecnie jako redaktor w Pogotowie flagowe, staram si\u0119 dostarcza\u0107 dog\u0142\u0119bne i istotne analizy na temat najwa\u017cniejszych kwestii aktualno\u015bci, \u0142\u0105cz\u0105c rygor z pasj\u0105 dziennikarsk\u0105.","sameAs":["https:\/\/www.pogotowieflagowe.pl\/"]}]}},"_links":{"self":[{"href":"https:\/\/www.pogotowieflagowe.pl\/aktualne\/wp-json\/wp\/v2\/posts\/10929","targetHints":{"allow":["GET"]}}],"collection":[{"href":"https:\/\/www.pogotowieflagowe.pl\/aktualne\/wp-json\/wp\/v2\/posts"}],"about":[{"href":"https:\/\/www.pogotowieflagowe.pl\/aktualne\/wp-json\/wp\/v2\/types\/post"}],"author":[{"embeddable":true,"href":"https:\/\/www.pogotowieflagowe.pl\/aktualne\/wp-json\/wp\/v2\/users\/1"}],"replies":[{"embeddable":true,"href":"https:\/\/www.pogotowieflagowe.pl\/aktualne\/wp-json\/wp\/v2\/comments?post=10929"}],"version-history":[{"count":1,"href":"https:\/\/www.pogotowieflagowe.pl\/aktualne\/wp-json\/wp\/v2\/posts\/10929\/revisions"}],"predecessor-version":[{"id":10931,"href":"https:\/\/www.pogotowieflagowe.pl\/aktualne\/wp-json\/wp\/v2\/posts\/10929\/revisions\/10931"}],"wp:featuredmedia":[{"embeddable":true,"href":"https:\/\/www.pogotowieflagowe.pl\/aktualne\/wp-json\/wp\/v2\/media\/10930"}],"wp:attachment":[{"href":"https:\/\/www.pogotowieflagowe.pl\/aktualne\/wp-json\/wp\/v2\/media?parent=10929"}],"wp:term":[{"taxonomy":"category","embeddable":true,"href":"https:\/\/www.pogotowieflagowe.pl\/aktualne\/wp-json\/wp\/v2\/categories?post=10929"},{"taxonomy":"post_tag","embeddable":true,"href":"https:\/\/www.pogotowieflagowe.pl\/aktualne\/wp-json\/wp\/v2\/tags?post=10929"}],"curies":[{"name":"wp","href":"https:\/\/api.w.org\/{rel}","templated":true}]}}