{"id":10935,"date":"2025-11-24T09:30:42","date_gmt":"2025-11-24T08:30:42","guid":{"rendered":"https:\/\/www.pogotowieflagowe.pl\/aktualne\/ostre-reakcje-po-tym-jak-yad-vashem-twierdzi-ze-polska-zmusila-zydow-do-noszenia-odznak-bez-powolywania-sie-na-niemiecka-okupacje\/"},"modified":"2025-11-24T09:30:43","modified_gmt":"2025-11-24T08:30:43","slug":"ostre-reakcje-po-tym-jak-yad-vashem-twierdzi-ze-polska-zmusila-zydow-do-noszenia-odznak-bez-powolywania-sie-na-niemiecka-okupacje","status":"publish","type":"post","link":"https:\/\/www.pogotowieflagowe.pl\/aktualne\/ostre-reakcje-po-tym-jak-yad-vashem-twierdzi-ze-polska-zmusila-zydow-do-noszenia-odznak-bez-powolywania-sie-na-niemiecka-okupacje\/","title":{"rendered":"Ostre reakcje po tym, jak Yad Vashem twierdzi, \u017ce Polska zmusi\u0142a \u017byd\u00f3w do noszenia odznak bez powo\u0142ywania si\u0119 na niemieck\u0105 okupacj\u0119"},"content":{"rendered":"\n<div class=\"td_block_wrap tdb_single_content tdi_46 td-pb-border-top td_block_template_8 td-post-content tagdiv-type\" data-td-block-uid=\"tdi_46\">\n<style>.tdi_46{margines-g\u00f3rny:0px!important;margin-bottom:0px!important;dope\u0142nienie-g\u00f3ra:0px!important;dope\u0142nienie-d\u00f3\u0142:0px!important}<\/style>\n<style>.tdb_single_content{margin-bottom:0;*zoom:1}.tdb_single_content:before,.tdb_single_content:after{display:table;content:'';line-height:0}.tdb_single_content:after{clear:both}.tdb_single_content .tdb-block-inner>*:not(.wp-block-quote):not(.alignwide):not(.alignfull.wp-block-cover.has-parallax):not(.td-a-ad){margin-left:auto;margin-right:auto}.tdb_single_content a{pointer-events:auto}.tdb_single_content .td-spot-id-top_ad .tdc-placeholder-title:before{content:'Najlepsza reklama artyku\u0142u'!important}.tdb_single_content .td-spot-id-inline_ad0 .tdc-placeholder-title:before{content:'Reklama wbudowana artyku\u0142u 1'!important}.tdb_single_content .td-spot-id-inline_ad1 .tdc-placeholder-title:before{content:'Wbudowana reklama w artykule 2'!important}.tdb_single_content .td-spot-id-inline_ad2 .tdc-placeholder-title:before{content:'Wbudowana reklama w artykule 3'!important}.tdb_single_content .td-spot-id-bottom_ad .tdc-placeholder-title:before{content:'Article Bottom Ad'!important}.tdb_single_content .id_top_ad,.tdb_single_content .id_bottom_ad{clear:both;margin-bottom:21px;text-align:center}.tdb_single_content .id_top_ad img,.tdb_single_content .id_bottom_ad img{margin-bottom:0}.tdb_single_content .id_top_ad .adsbygoogle,.tdb_single_content .id_bottom_ad .adsbygoogle{position:relative}.tdb_single_content .id_ad_content-horiz-left,.tdb_single_content .id_ad_content-horiz-right,.tdb_single_content .id_ad_content-horiz-center{margin-bottom:15px}.tdb_single_content .id_ad_content-horiz-left img,.tdb_single_content .id_ad_content-horiz-right img,.tdb_single_content .id_ad_content-horiz-center img{margin-bottom:0}.tdb_single_content .id_ad_content-horiz-center{text-align:center}.tdb_single_content .id_ad_content-horiz-center img{margin-right:auto;margin-left:auto}.tdb_single_content .id_ad_content-horiz-left{float:left;margin-top:9px;margin-right:21px}.tdb_single_content .id_ad_content-horiz-right{float:right;margin-top:6px;margin-left:21px}.tdb_single_content .tdc-a-ad .tdc-placeholder-title{width:300px;height:250px}.tdb_single_content .tdc-a-ad .tdc-placeholder-title:before{position:absolute;top:50%;-webkit-transform:translateY(-50%);transform:translateY(-50%);margin:auto;display:table;width:100%}.tdb_single_content .tdb-block-inner.td-fix-index{word-break:break-word}.tdi_46,.tdi_46>p,.tdi_46 .tdb-block-inner>p,.wp-block-column>p{font-size:16px!important;line-height:1.6!important}.tdi_46 .tdb-block-inner blockquote p{font-style:normal!important}@media (max-width:767px){.tdb_single_content .id_ad_content-horiz-left,.tdb_single_content .id_ad_content-horiz-right,.tdb_single_content .id_ad_content-horiz-center{margin:0 auto 26 pikseli auto}}@media (max-width:767px){.tdb_single_content .id_ad_content-horiz-left{margin-right:0}}@media (max-width:767px){.tdb_single_content .id_ad_content-horiz-right{margin-left:0}}@media (max-width:767px){.tdb_single_content .td-a-ad{float:none;text-align:center}.tdb_single_content .td-a-ad img{margin-right:auto;margin-left:auto}.tdb_single_content .tdc-a-ad{float:none}}<\/style>\n<div class=\"tdb-block-inner td-fix-index\">\n<p>W niedziel\u0119 Yad Vashem napisa\u0142 w X, \u017ce \u201ePolska by\u0142a pierwszym krajem, w kt\u00f3rym \u017byd\u00f3w zmuszono do noszenia wyr\u00f3\u017cniaj\u0105cej si\u0119 plakietki w celu odizolowania ich od otaczaj\u0105cej ludno\u015bci\u201d. W skandalicznym po\u015bcie nie wspomniano o prawdziwych sprawcach \u2013 Niemcach.<\/p>\n<p>Wpis Yad Vashem wywo\u0142a\u0142 ogromne emocje i liczne komentarze.<\/p>\n<figure class=\"wp-block-pullquote\">\n<blockquote>\n<p>&#8222;Historycy w Yad Vashem posiadaj\u0105 szerok\u0105 wiedz\u0119 na temat wydarze\u0144 z II wojny \u015bwiatowej. Je\u017celi zatem Yad Vashem wprowadzi\u0142 w swoim po\u015bcie tak drastyczne przeinaczenia, nie jest to pomy\u0142ka ani brak wiedzy. Jest to celowa prowokacja. A poniewa\u017c Yad Vashem jest instytucj\u0105 w pe\u0142ni pa\u0144stwow\u0105, jest to incydent wymagaj\u0105cy natychmiastowej interwencji na szczeblu pa\u0144stwa. Tymczasem nie wida\u0107 widocznej reakcji polskiego rz\u0105du&#8221;<\/p>\n<p><cite>  \u2013 skomentowa\u0142a by\u0142a premier Beata Szyd\u0142o.<\/cite><\/p><\/blockquote>\n<\/figure>\n<blockquote class=\"twitter-tweet\">\n<p lang=\"pl\" dir=\"ltr\">Historycy z Yad Vashem maj\u0105 bardzo szczeg\u00f3\u0142owe informacje o wydarzeniach z czas\u00f3w II wojny \u015bwiatowej. wi\u0119c, je\u015bli w swoim wpisie Yad Vashem dokona\u0142o tak drastycznego przek\u0142amania, to nie jest to pomy\u0142ka, czy brak wiedzy. To jest celowa atakacja. A poniewa\u017c Yad Vashem jest instytucj\u0105 w\u2026<\/p>\n<p>\u2014 Beata Szyd\u0142o (@BeataSzyd\u0142o) <a rel=\"nofollow\" href=\"https:\/\/twitter.com\/BeataSzydlo\/status\/1992645681622778241?ref_src=twsrc%5Etfw\">23 listopada 2025 r<\/a><\/p><\/blockquote>\n<p>Ostatecznie minister spraw zagranicznych Rados\u0142aw Sikorski, oznaczaj\u0105c konto Yad Vashem na X, napisa\u0142: \u201eProsz\u0119 poda\u0107, \u017ce by\u0142a to Polska \u201eokupowana przez Niemc\u00f3w\u201d.<\/p>\n<p>Muzeum Auschwitz-Birkenau w O\u015bwi\u0119cimiu ostro zareagowa\u0142o na post Yad Vashem, okre\u015blaj\u0105c przekaz przekazywany przez instytut na X jako \u201efa\u0142szyw\u0105 i zniekszta\u0142caj\u0105c\u0105 histori\u0119\u201d. Muzeum w swoim o\u015bwiadczeniu podkre\u015bli\u0142o, \u017ce Yad Vashem powinien by\u0107 instytucj\u0105 znaj\u0105c\u0105 fakty historyczne, czyli \u201epowinna mie\u0107 pe\u0142n\u0105 \u015bwiadomo\u015b\u0107, \u017ce Polska znajdowa\u0142a si\u0119 w\u00f3wczas pod okupacj\u0105 niemieck\u0105 i \u017ce to Niemcy wprowadzili i egzekwowali to antysemickie prawo\u201d.<\/p>\n<p>A odpowied\u017a? W niedziel\u0119 instytut Yad Vashem zwr\u00f3ci\u0142 uwag\u0119 na X, \u017ce w artykule, do kt\u00f3rego link znajduje si\u0119 pod jego postem, znajduje si\u0119 informacja, \u017ce \u200b\u200bnakaz noszenia opasek z gwiazd\u0105 Dawida wyda\u0142y w\u0142adze niemieckie. Pierwotny post nie zosta\u0142 jednak poprawiony i nadal wprowadza w b\u0142\u0105d \u2013 u\u017cytkownicy X dodali notatk\u0119 kontekstow\u0105 wyra\u017anie wskazuj\u0105c\u0105 odpowiedzialno\u015b\u0107 Niemiec.<\/p>\n<figure class=\"wp-block-embed is-type-rich is-provider-twitter wp-block-embed-twitter\">\n<div class=\"wp-block-embed__wrapper\">\n<blockquote class=\"twitter-tweet\" data-width=\"550\" data-dnt=\"true\">\n<p lang=\"en\" dir=\"ltr\">Jak zauwa\u017cy\u0142o wielu u\u017cytkownik\u00f3w i zosta\u0142o wyra\u017anie okre\u015blone w powi\u0105zanym artykule, sta\u0142o si\u0119 to na polecenie w\u0142adz niemieckich. https:\/\/t.co\/FN1sc98UoW<\/p>\n<p>\u2014 Yad Vashem (@yadvashem) <a rel=\"nofollow\" href=\"https:\/\/twitter.com\/yadvashem\/status\/1992652672068112670?ref_src=twsrc%5Etfw\">23 listopada 2025 r<\/a><\/p><\/blockquote>\n<\/div>\n<\/figure>\n<\/div>\n<\/div>\n<p><script async src=\"https:\/\/platform.twitter.com\/widgets.js\" charset=\"utf-8\"><\/script><\/p>\n","protected":false},"excerpt":{"rendered":"<p>W niedziel\u0119 Yad Vashem napisa\u0142 w X, \u017ce \u201ePolska by\u0142a pierwszym krajem, w kt\u00f3rym \u017byd\u00f3w zmuszono do noszenia wyr\u00f3\u017cniaj\u0105cej si\u0119<\/p>\n","protected":false},"author":1,"featured_media":10936,"comment_status":"open","ping_status":"open","sticky":false,"template":"","format":"standard","meta":{"footnotes":""},"categories":[4748],"tags":[2937,982,2381,12364,12365,12367,10471,4,12366,2665,150,4533,1829,12359,12358,453,12362,12363],"class_list":["post-10935","post","type-post","status-publish","format-standard","has-post-thumbnail","hentry","category-aktualne","tag-bez","tag-jak","tag-niemiecka","tag-noszenia","tag-odznak","tag-okupacje","tag-ostre","tag-polska","tag-powolywania","tag-reakcje","tag-sie","tag-twierdzi","tag-tym","tag-vashem","tag-yad","tag-ze","tag-zmusila","tag-zydow","generate-columns","tablet-grid-50","mobile-grid-100","grid-parent","grid-50","resize-featured-image"],"yoast_head":"<!-- This site is optimized with the Yoast SEO plugin v23.2 - https:\/\/yoast.com\/wordpress\/plugins\/seo\/ -->\n<title>Ostre reakcje po tym, jak Yad Vashem twierdzi, \u017ce Polska zmusi\u0142a \u017byd\u00f3w do noszenia odznak bez powo\u0142ywania si\u0119 na niemieck\u0105 okupacj\u0119 - POGOTOWIE FLAGOWE\u00ae<\/title>\n<meta name=\"robots\" content=\"index, follow, max-snippet:-1, max-image-preview:large, max-video-preview:-1\" \/>\n<link rel=\"canonical\" href=\"https:\/\/www.pogotowieflagowe.pl\/aktualne\/ostre-reakcje-po-tym-jak-yad-vashem-twierdzi-ze-polska-zmusila-zydow-do-noszenia-odznak-bez-powolywania-sie-na-niemiecka-okupacje\/\" \/>\n<meta property=\"og:locale\" content=\"pl_PL\" \/>\n<meta property=\"og:type\" content=\"article\" \/>\n<meta property=\"og:title\" content=\"Ostre reakcje po tym, jak Yad Vashem twierdzi, \u017ce Polska zmusi\u0142a \u017byd\u00f3w do noszenia odznak bez powo\u0142ywania si\u0119 na niemieck\u0105 okupacj\u0119 - POGOTOWIE FLAGOWE\u00ae\" \/>\n<meta property=\"og:description\" content=\"W niedziel\u0119 Yad Vashem napisa\u0142 w X, \u017ce \u201ePolska by\u0142a pierwszym krajem, w kt\u00f3rym \u017byd\u00f3w zmuszono do noszenia wyr\u00f3\u017cniaj\u0105cej si\u0119\" \/>\n<meta property=\"og:url\" content=\"https:\/\/www.pogotowieflagowe.pl\/aktualne\/ostre-reakcje-po-tym-jak-yad-vashem-twierdzi-ze-polska-zmusila-zydow-do-noszenia-odznak-bez-powolywania-sie-na-niemiecka-okupacje\/\" \/>\n<meta property=\"og:site_name\" content=\"POGOTOWIE FLAGOWE\u00ae\" \/>\n<meta property=\"article:published_time\" content=\"2025-11-24T08:30:42+00:00\" \/>\n<meta property=\"article:modified_time\" content=\"2025-11-24T08:30:43+00:00\" \/>\n<meta property=\"og:image\" content=\"https:\/\/www.pogotowieflagowe.pl\/aktualne\/wp-content\/uploads\/2025\/11\/Ostre-reakcje-po-tym-jak-Yad-Vashem-twierdzi-ze-Polska.webp.webp\" \/>\n\t<meta property=\"og:image:width\" content=\"1280\" \/>\n\t<meta property=\"og:image:height\" content=\"719\" \/>\n\t<meta property=\"og:image:type\" content=\"image\/webp\" \/>\n<meta name=\"author\" content=\"Filip\" \/>\n<meta name=\"twitter:card\" content=\"summary_large_image\" \/>\n<meta name=\"twitter:label1\" content=\"Napisane przez\" \/>\n\t<meta name=\"twitter:data1\" content=\"Filip\" \/>\n\t<meta name=\"twitter:label2\" content=\"Szacowany czas czytania\" \/>\n\t<meta name=\"twitter:data2\" content=\"2 minuty\" \/>\n<script type=\"application\/ld+json\" class=\"yoast-schema-graph\">{\"@context\":\"https:\/\/schema.org\",\"@graph\":[{\"@type\":\"Article\",\"@id\":\"https:\/\/www.pogotowieflagowe.pl\/aktualne\/ostre-reakcje-po-tym-jak-yad-vashem-twierdzi-ze-polska-zmusila-zydow-do-noszenia-odznak-bez-powolywania-sie-na-niemiecka-okupacje\/#article\",\"isPartOf\":{\"@id\":\"https:\/\/www.pogotowieflagowe.pl\/aktualne\/ostre-reakcje-po-tym-jak-yad-vashem-twierdzi-ze-polska-zmusila-zydow-do-noszenia-odznak-bez-powolywania-sie-na-niemiecka-okupacje\/\"},\"author\":{\"name\":\"Filip\",\"@id\":\"https:\/\/www.pogotowieflagowe.pl\/aktualne\/#\/schema\/person\/9c2fb7d2362ebf6fa088960d7f0d27b0\"},\"headline\":\"Ostre reakcje po tym, jak Yad Vashem twierdzi, \u017ce Polska zmusi\u0142a \u017byd\u00f3w do noszenia odznak bez powo\u0142ywania si\u0119 na niemieck\u0105 okupacj\u0119\",\"datePublished\":\"2025-11-24T08:30:42+00:00\",\"dateModified\":\"2025-11-24T08:30:43+00:00\",\"mainEntityOfPage\":{\"@id\":\"https:\/\/www.pogotowieflagowe.pl\/aktualne\/ostre-reakcje-po-tym-jak-yad-vashem-twierdzi-ze-polska-zmusila-zydow-do-noszenia-odznak-bez-powolywania-sie-na-niemiecka-okupacje\/\"},\"wordCount\":417,\"commentCount\":0,\"publisher\":{\"@id\":\"https:\/\/www.pogotowieflagowe.pl\/aktualne\/#organization\"},\"image\":{\"@id\":\"https:\/\/www.pogotowieflagowe.pl\/aktualne\/ostre-reakcje-po-tym-jak-yad-vashem-twierdzi-ze-polska-zmusila-zydow-do-noszenia-odznak-bez-powolywania-sie-na-niemiecka-okupacje\/#primaryimage\"},\"thumbnailUrl\":\"https:\/\/www.pogotowieflagowe.pl\/aktualne\/wp-content\/uploads\/2025\/11\/Ostre-reakcje-po-tym-jak-Yad-Vashem-twierdzi-ze-Polska.webp.webp\",\"keywords\":[\"bez\",\"Jak\",\"Niemiecka\",\"noszenia\",\"odznak\",\"okupacj\u0119\",\"Ostre\",\"polska\",\"powo\u0142ywania\",\"reakcje\",\"si\u0119\",\"twierdzi\",\"tym\",\"Vashem\",\"Yad\",\"\u017ce\",\"zmusi\u0142a\",\"\u017byd\u00f3w\"],\"articleSection\":[\"Aktualne\"],\"inLanguage\":\"pl-PL\",\"potentialAction\":[{\"@type\":\"CommentAction\",\"name\":\"Comment\",\"target\":[\"https:\/\/www.pogotowieflagowe.pl\/aktualne\/ostre-reakcje-po-tym-jak-yad-vashem-twierdzi-ze-polska-zmusila-zydow-do-noszenia-odznak-bez-powolywania-sie-na-niemiecka-okupacje\/#respond\"]}]},{\"@type\":\"WebPage\",\"@id\":\"https:\/\/www.pogotowieflagowe.pl\/aktualne\/ostre-reakcje-po-tym-jak-yad-vashem-twierdzi-ze-polska-zmusila-zydow-do-noszenia-odznak-bez-powolywania-sie-na-niemiecka-okupacje\/\",\"url\":\"https:\/\/www.pogotowieflagowe.pl\/aktualne\/ostre-reakcje-po-tym-jak-yad-vashem-twierdzi-ze-polska-zmusila-zydow-do-noszenia-odznak-bez-powolywania-sie-na-niemiecka-okupacje\/\",\"name\":\"Ostre reakcje po tym, jak Yad Vashem twierdzi, \u017ce Polska zmusi\u0142a \u017byd\u00f3w do noszenia odznak bez powo\u0142ywania si\u0119 na niemieck\u0105 okupacj\u0119 - POGOTOWIE FLAGOWE\u00ae\",\"isPartOf\":{\"@id\":\"https:\/\/www.pogotowieflagowe.pl\/aktualne\/#website\"},\"primaryImageOfPage\":{\"@id\":\"https:\/\/www.pogotowieflagowe.pl\/aktualne\/ostre-reakcje-po-tym-jak-yad-vashem-twierdzi-ze-polska-zmusila-zydow-do-noszenia-odznak-bez-powolywania-sie-na-niemiecka-okupacje\/#primaryimage\"},\"image\":{\"@id\":\"https:\/\/www.pogotowieflagowe.pl\/aktualne\/ostre-reakcje-po-tym-jak-yad-vashem-twierdzi-ze-polska-zmusila-zydow-do-noszenia-odznak-bez-powolywania-sie-na-niemiecka-okupacje\/#primaryimage\"},\"thumbnailUrl\":\"https:\/\/www.pogotowieflagowe.pl\/aktualne\/wp-content\/uploads\/2025\/11\/Ostre-reakcje-po-tym-jak-Yad-Vashem-twierdzi-ze-Polska.webp.webp\",\"datePublished\":\"2025-11-24T08:30:42+00:00\",\"dateModified\":\"2025-11-24T08:30:43+00:00\",\"breadcrumb\":{\"@id\":\"https:\/\/www.pogotowieflagowe.pl\/aktualne\/ostre-reakcje-po-tym-jak-yad-vashem-twierdzi-ze-polska-zmusila-zydow-do-noszenia-odznak-bez-powolywania-sie-na-niemiecka-okupacje\/#breadcrumb\"},\"inLanguage\":\"pl-PL\",\"potentialAction\":[{\"@type\":\"ReadAction\",\"target\":[\"https:\/\/www.pogotowieflagowe.pl\/aktualne\/ostre-reakcje-po-tym-jak-yad-vashem-twierdzi-ze-polska-zmusila-zydow-do-noszenia-odznak-bez-powolywania-sie-na-niemiecka-okupacje\/\"]}]},{\"@type\":\"ImageObject\",\"inLanguage\":\"pl-PL\",\"@id\":\"https:\/\/www.pogotowieflagowe.pl\/aktualne\/ostre-reakcje-po-tym-jak-yad-vashem-twierdzi-ze-polska-zmusila-zydow-do-noszenia-odznak-bez-powolywania-sie-na-niemiecka-okupacje\/#primaryimage\",\"url\":\"https:\/\/www.pogotowieflagowe.pl\/aktualne\/wp-content\/uploads\/2025\/11\/Ostre-reakcje-po-tym-jak-Yad-Vashem-twierdzi-ze-Polska.webp.webp\",\"contentUrl\":\"https:\/\/www.pogotowieflagowe.pl\/aktualne\/wp-content\/uploads\/2025\/11\/Ostre-reakcje-po-tym-jak-Yad-Vashem-twierdzi-ze-Polska.webp.webp\",\"width\":1280,\"height\":719,\"caption\":\"Ostre reakcje po tym, jak Yad Vashem twierdzi, \u017ce Polska zmusi\u0142a \u017byd\u00f3w do noszenia odznak bez powo\u0142ywania si\u0119 na niemieck\u0105 okupacj\u0119\"},{\"@type\":\"BreadcrumbList\",\"@id\":\"https:\/\/www.pogotowieflagowe.pl\/aktualne\/ostre-reakcje-po-tym-jak-yad-vashem-twierdzi-ze-polska-zmusila-zydow-do-noszenia-odznak-bez-powolywania-sie-na-niemiecka-okupacje\/#breadcrumb\",\"itemListElement\":[{\"@type\":\"ListItem\",\"position\":1,\"name\":\"Home\",\"item\":\"https:\/\/www.pogotowieflagowe.pl\/aktualne\/\"},{\"@type\":\"ListItem\",\"position\":2,\"name\":\"Ostre reakcje po tym, jak Yad Vashem twierdzi, \u017ce Polska zmusi\u0142a \u017byd\u00f3w do noszenia odznak bez powo\u0142ywania si\u0119 na niemieck\u0105 okupacj\u0119\"}]},{\"@type\":\"WebSite\",\"@id\":\"https:\/\/www.pogotowieflagowe.pl\/aktualne\/#website\",\"url\":\"https:\/\/www.pogotowieflagowe.pl\/aktualne\/\",\"name\":\"POGOTOWIE FLAGOWE\u00ae\",\"description\":\"\",\"publisher\":{\"@id\":\"https:\/\/www.pogotowieflagowe.pl\/aktualne\/#organization\"},\"potentialAction\":[{\"@type\":\"SearchAction\",\"target\":{\"@type\":\"EntryPoint\",\"urlTemplate\":\"https:\/\/www.pogotowieflagowe.pl\/aktualne\/?s={search_term_string}\"},\"query-input\":\"required name=search_term_string\"}],\"inLanguage\":\"pl-PL\"},{\"@type\":\"Organization\",\"@id\":\"https:\/\/www.pogotowieflagowe.pl\/aktualne\/#organization\",\"name\":\"POGOTOWIE FLAGOWE\u00ae\",\"url\":\"https:\/\/www.pogotowieflagowe.pl\/aktualne\/\",\"logo\":{\"@type\":\"ImageObject\",\"inLanguage\":\"pl-PL\",\"@id\":\"https:\/\/www.pogotowieflagowe.pl\/aktualne\/#\/schema\/logo\/image\/\",\"url\":\"https:\/\/www.pogotowieflagowe.pl\/aktualne\/wp-content\/uploads\/2024\/08\/cropped-pogotowieflagowe_flaga_projekt_sm.jpg\",\"contentUrl\":\"https:\/\/www.pogotowieflagowe.pl\/aktualne\/wp-content\/uploads\/2024\/08\/cropped-pogotowieflagowe_flaga_projekt_sm.jpg\",\"width\":250,\"height\":143,\"caption\":\"POGOTOWIE FLAGOWE\u00ae\"},\"image\":{\"@id\":\"https:\/\/www.pogotowieflagowe.pl\/aktualne\/#\/schema\/logo\/image\/\"}},{\"@type\":\"Person\",\"@id\":\"https:\/\/www.pogotowieflagowe.pl\/aktualne\/#\/schema\/person\/9c2fb7d2362ebf6fa088960d7f0d27b0\",\"name\":\"Filip\",\"image\":{\"@type\":\"ImageObject\",\"inLanguage\":\"pl-PL\",\"@id\":\"https:\/\/www.pogotowieflagowe.pl\/aktualne\/#\/schema\/person\/image\/\",\"url\":\"https:\/\/www.pogotowieflagowe.pl\/aktualne\/wp-content\/uploads\/2024\/08\/pogotowieflagowe.pl_.jpg\",\"contentUrl\":\"https:\/\/www.pogotowieflagowe.pl\/aktualne\/wp-content\/uploads\/2024\/08\/pogotowieflagowe.pl_.jpg\",\"caption\":\"Filip\"},\"description\":\"Jestem Filip, polski dziennikarz z dyplomem nauk politycznych Uniwersytetu Warszawskiego. Rozpoczynaj\u0105c swoj\u0105 karier\u0119 w r\u00f3\u017cnych lokalnych mediach, zdoby\u0142em solidne do\u015bwiadczenie w zakresie \u015bledztwa i redakcji. Obecnie jako redaktor w Pogotowie flagowe, staram si\u0119 dostarcza\u0107 dog\u0142\u0119bne i istotne analizy na temat najwa\u017cniejszych kwestii aktualno\u015bci, \u0142\u0105cz\u0105c rygor z pasj\u0105 dziennikarsk\u0105.\",\"sameAs\":[\"https:\/\/www.pogotowieflagowe.pl\/\"]}]}<\/script>\n<!-- \/ Yoast SEO plugin. -->","yoast_head_json":{"title":"Ostre reakcje po tym, jak Yad Vashem twierdzi, \u017ce Polska zmusi\u0142a \u017byd\u00f3w do noszenia odznak bez powo\u0142ywania si\u0119 na niemieck\u0105 okupacj\u0119 - POGOTOWIE FLAGOWE\u00ae","robots":{"index":"index","follow":"follow","max-snippet":"max-snippet:-1","max-image-preview":"max-image-preview:large","max-video-preview":"max-video-preview:-1"},"canonical":"https:\/\/www.pogotowieflagowe.pl\/aktualne\/ostre-reakcje-po-tym-jak-yad-vashem-twierdzi-ze-polska-zmusila-zydow-do-noszenia-odznak-bez-powolywania-sie-na-niemiecka-okupacje\/","og_locale":"pl_PL","og_type":"article","og_title":"Ostre reakcje po tym, jak Yad Vashem twierdzi, \u017ce Polska zmusi\u0142a \u017byd\u00f3w do noszenia odznak bez powo\u0142ywania si\u0119 na niemieck\u0105 okupacj\u0119 - POGOTOWIE FLAGOWE\u00ae","og_description":"W niedziel\u0119 Yad Vashem napisa\u0142 w X, \u017ce \u201ePolska by\u0142a pierwszym krajem, w kt\u00f3rym \u017byd\u00f3w zmuszono do noszenia wyr\u00f3\u017cniaj\u0105cej si\u0119","og_url":"https:\/\/www.pogotowieflagowe.pl\/aktualne\/ostre-reakcje-po-tym-jak-yad-vashem-twierdzi-ze-polska-zmusila-zydow-do-noszenia-odznak-bez-powolywania-sie-na-niemiecka-okupacje\/","og_site_name":"POGOTOWIE FLAGOWE\u00ae","article_published_time":"2025-11-24T08:30:42+00:00","article_modified_time":"2025-11-24T08:30:43+00:00","og_image":[{"width":1280,"height":719,"url":"https:\/\/www.pogotowieflagowe.pl\/aktualne\/wp-content\/uploads\/2025\/11\/Ostre-reakcje-po-tym-jak-Yad-Vashem-twierdzi-ze-Polska.webp.webp","type":"image\/webp"}],"author":"Filip","twitter_card":"summary_large_image","twitter_misc":{"Napisane przez":"Filip","Szacowany czas czytania":"2 minuty"},"schema":{"@context":"https:\/\/schema.org","@graph":[{"@type":"Article","@id":"https:\/\/www.pogotowieflagowe.pl\/aktualne\/ostre-reakcje-po-tym-jak-yad-vashem-twierdzi-ze-polska-zmusila-zydow-do-noszenia-odznak-bez-powolywania-sie-na-niemiecka-okupacje\/#article","isPartOf":{"@id":"https:\/\/www.pogotowieflagowe.pl\/aktualne\/ostre-reakcje-po-tym-jak-yad-vashem-twierdzi-ze-polska-zmusila-zydow-do-noszenia-odznak-bez-powolywania-sie-na-niemiecka-okupacje\/"},"author":{"name":"Filip","@id":"https:\/\/www.pogotowieflagowe.pl\/aktualne\/#\/schema\/person\/9c2fb7d2362ebf6fa088960d7f0d27b0"},"headline":"Ostre reakcje po tym, jak Yad Vashem twierdzi, \u017ce Polska zmusi\u0142a \u017byd\u00f3w do noszenia odznak bez powo\u0142ywania si\u0119 na niemieck\u0105 okupacj\u0119","datePublished":"2025-11-24T08:30:42+00:00","dateModified":"2025-11-24T08:30:43+00:00","mainEntityOfPage":{"@id":"https:\/\/www.pogotowieflagowe.pl\/aktualne\/ostre-reakcje-po-tym-jak-yad-vashem-twierdzi-ze-polska-zmusila-zydow-do-noszenia-odznak-bez-powolywania-sie-na-niemiecka-okupacje\/"},"wordCount":417,"commentCount":0,"publisher":{"@id":"https:\/\/www.pogotowieflagowe.pl\/aktualne\/#organization"},"image":{"@id":"https:\/\/www.pogotowieflagowe.pl\/aktualne\/ostre-reakcje-po-tym-jak-yad-vashem-twierdzi-ze-polska-zmusila-zydow-do-noszenia-odznak-bez-powolywania-sie-na-niemiecka-okupacje\/#primaryimage"},"thumbnailUrl":"https:\/\/www.pogotowieflagowe.pl\/aktualne\/wp-content\/uploads\/2025\/11\/Ostre-reakcje-po-tym-jak-Yad-Vashem-twierdzi-ze-Polska.webp.webp","keywords":["bez","Jak","Niemiecka","noszenia","odznak","okupacj\u0119","Ostre","polska","powo\u0142ywania","reakcje","si\u0119","twierdzi","tym","Vashem","Yad","\u017ce","zmusi\u0142a","\u017byd\u00f3w"],"articleSection":["Aktualne"],"inLanguage":"pl-PL","potentialAction":[{"@type":"CommentAction","name":"Comment","target":["https:\/\/www.pogotowieflagowe.pl\/aktualne\/ostre-reakcje-po-tym-jak-yad-vashem-twierdzi-ze-polska-zmusila-zydow-do-noszenia-odznak-bez-powolywania-sie-na-niemiecka-okupacje\/#respond"]}]},{"@type":"WebPage","@id":"https:\/\/www.pogotowieflagowe.pl\/aktualne\/ostre-reakcje-po-tym-jak-yad-vashem-twierdzi-ze-polska-zmusila-zydow-do-noszenia-odznak-bez-powolywania-sie-na-niemiecka-okupacje\/","url":"https:\/\/www.pogotowieflagowe.pl\/aktualne\/ostre-reakcje-po-tym-jak-yad-vashem-twierdzi-ze-polska-zmusila-zydow-do-noszenia-odznak-bez-powolywania-sie-na-niemiecka-okupacje\/","name":"Ostre reakcje po tym, jak Yad Vashem twierdzi, \u017ce Polska zmusi\u0142a \u017byd\u00f3w do noszenia odznak bez powo\u0142ywania si\u0119 na niemieck\u0105 okupacj\u0119 - POGOTOWIE FLAGOWE\u00ae","isPartOf":{"@id":"https:\/\/www.pogotowieflagowe.pl\/aktualne\/#website"},"primaryImageOfPage":{"@id":"https:\/\/www.pogotowieflagowe.pl\/aktualne\/ostre-reakcje-po-tym-jak-yad-vashem-twierdzi-ze-polska-zmusila-zydow-do-noszenia-odznak-bez-powolywania-sie-na-niemiecka-okupacje\/#primaryimage"},"image":{"@id":"https:\/\/www.pogotowieflagowe.pl\/aktualne\/ostre-reakcje-po-tym-jak-yad-vashem-twierdzi-ze-polska-zmusila-zydow-do-noszenia-odznak-bez-powolywania-sie-na-niemiecka-okupacje\/#primaryimage"},"thumbnailUrl":"https:\/\/www.pogotowieflagowe.pl\/aktualne\/wp-content\/uploads\/2025\/11\/Ostre-reakcje-po-tym-jak-Yad-Vashem-twierdzi-ze-Polska.webp.webp","datePublished":"2025-11-24T08:30:42+00:00","dateModified":"2025-11-24T08:30:43+00:00","breadcrumb":{"@id":"https:\/\/www.pogotowieflagowe.pl\/aktualne\/ostre-reakcje-po-tym-jak-yad-vashem-twierdzi-ze-polska-zmusila-zydow-do-noszenia-odznak-bez-powolywania-sie-na-niemiecka-okupacje\/#breadcrumb"},"inLanguage":"pl-PL","potentialAction":[{"@type":"ReadAction","target":["https:\/\/www.pogotowieflagowe.pl\/aktualne\/ostre-reakcje-po-tym-jak-yad-vashem-twierdzi-ze-polska-zmusila-zydow-do-noszenia-odznak-bez-powolywania-sie-na-niemiecka-okupacje\/"]}]},{"@type":"ImageObject","inLanguage":"pl-PL","@id":"https:\/\/www.pogotowieflagowe.pl\/aktualne\/ostre-reakcje-po-tym-jak-yad-vashem-twierdzi-ze-polska-zmusila-zydow-do-noszenia-odznak-bez-powolywania-sie-na-niemiecka-okupacje\/#primaryimage","url":"https:\/\/www.pogotowieflagowe.pl\/aktualne\/wp-content\/uploads\/2025\/11\/Ostre-reakcje-po-tym-jak-Yad-Vashem-twierdzi-ze-Polska.webp.webp","contentUrl":"https:\/\/www.pogotowieflagowe.pl\/aktualne\/wp-content\/uploads\/2025\/11\/Ostre-reakcje-po-tym-jak-Yad-Vashem-twierdzi-ze-Polska.webp.webp","width":1280,"height":719,"caption":"Ostre reakcje po tym, jak Yad Vashem twierdzi, \u017ce Polska zmusi\u0142a \u017byd\u00f3w do noszenia odznak bez powo\u0142ywania si\u0119 na niemieck\u0105 okupacj\u0119"},{"@type":"BreadcrumbList","@id":"https:\/\/www.pogotowieflagowe.pl\/aktualne\/ostre-reakcje-po-tym-jak-yad-vashem-twierdzi-ze-polska-zmusila-zydow-do-noszenia-odznak-bez-powolywania-sie-na-niemiecka-okupacje\/#breadcrumb","itemListElement":[{"@type":"ListItem","position":1,"name":"Home","item":"https:\/\/www.pogotowieflagowe.pl\/aktualne\/"},{"@type":"ListItem","position":2,"name":"Ostre reakcje po tym, jak Yad Vashem twierdzi, \u017ce Polska zmusi\u0142a \u017byd\u00f3w do noszenia odznak bez powo\u0142ywania si\u0119 na niemieck\u0105 okupacj\u0119"}]},{"@type":"WebSite","@id":"https:\/\/www.pogotowieflagowe.pl\/aktualne\/#website","url":"https:\/\/www.pogotowieflagowe.pl\/aktualne\/","name":"POGOTOWIE FLAGOWE\u00ae","description":"","publisher":{"@id":"https:\/\/www.pogotowieflagowe.pl\/aktualne\/#organization"},"potentialAction":[{"@type":"SearchAction","target":{"@type":"EntryPoint","urlTemplate":"https:\/\/www.pogotowieflagowe.pl\/aktualne\/?s={search_term_string}"},"query-input":"required name=search_term_string"}],"inLanguage":"pl-PL"},{"@type":"Organization","@id":"https:\/\/www.pogotowieflagowe.pl\/aktualne\/#organization","name":"POGOTOWIE FLAGOWE\u00ae","url":"https:\/\/www.pogotowieflagowe.pl\/aktualne\/","logo":{"@type":"ImageObject","inLanguage":"pl-PL","@id":"https:\/\/www.pogotowieflagowe.pl\/aktualne\/#\/schema\/logo\/image\/","url":"https:\/\/www.pogotowieflagowe.pl\/aktualne\/wp-content\/uploads\/2024\/08\/cropped-pogotowieflagowe_flaga_projekt_sm.jpg","contentUrl":"https:\/\/www.pogotowieflagowe.pl\/aktualne\/wp-content\/uploads\/2024\/08\/cropped-pogotowieflagowe_flaga_projekt_sm.jpg","width":250,"height":143,"caption":"POGOTOWIE FLAGOWE\u00ae"},"image":{"@id":"https:\/\/www.pogotowieflagowe.pl\/aktualne\/#\/schema\/logo\/image\/"}},{"@type":"Person","@id":"https:\/\/www.pogotowieflagowe.pl\/aktualne\/#\/schema\/person\/9c2fb7d2362ebf6fa088960d7f0d27b0","name":"Filip","image":{"@type":"ImageObject","inLanguage":"pl-PL","@id":"https:\/\/www.pogotowieflagowe.pl\/aktualne\/#\/schema\/person\/image\/","url":"https:\/\/www.pogotowieflagowe.pl\/aktualne\/wp-content\/uploads\/2024\/08\/pogotowieflagowe.pl_.jpg","contentUrl":"https:\/\/www.pogotowieflagowe.pl\/aktualne\/wp-content\/uploads\/2024\/08\/pogotowieflagowe.pl_.jpg","caption":"Filip"},"description":"Jestem Filip, polski dziennikarz z dyplomem nauk politycznych Uniwersytetu Warszawskiego. Rozpoczynaj\u0105c swoj\u0105 karier\u0119 w r\u00f3\u017cnych lokalnych mediach, zdoby\u0142em solidne do\u015bwiadczenie w zakresie \u015bledztwa i redakcji. Obecnie jako redaktor w Pogotowie flagowe, staram si\u0119 dostarcza\u0107 dog\u0142\u0119bne i istotne analizy na temat najwa\u017cniejszych kwestii aktualno\u015bci, \u0142\u0105cz\u0105c rygor z pasj\u0105 dziennikarsk\u0105.","sameAs":["https:\/\/www.pogotowieflagowe.pl\/"]}]}},"_links":{"self":[{"href":"https:\/\/www.pogotowieflagowe.pl\/aktualne\/wp-json\/wp\/v2\/posts\/10935","targetHints":{"allow":["GET"]}}],"collection":[{"href":"https:\/\/www.pogotowieflagowe.pl\/aktualne\/wp-json\/wp\/v2\/posts"}],"about":[{"href":"https:\/\/www.pogotowieflagowe.pl\/aktualne\/wp-json\/wp\/v2\/types\/post"}],"author":[{"embeddable":true,"href":"https:\/\/www.pogotowieflagowe.pl\/aktualne\/wp-json\/wp\/v2\/users\/1"}],"replies":[{"embeddable":true,"href":"https:\/\/www.pogotowieflagowe.pl\/aktualne\/wp-json\/wp\/v2\/comments?post=10935"}],"version-history":[{"count":1,"href":"https:\/\/www.pogotowieflagowe.pl\/aktualne\/wp-json\/wp\/v2\/posts\/10935\/revisions"}],"predecessor-version":[{"id":10937,"href":"https:\/\/www.pogotowieflagowe.pl\/aktualne\/wp-json\/wp\/v2\/posts\/10935\/revisions\/10937"}],"wp:featuredmedia":[{"embeddable":true,"href":"https:\/\/www.pogotowieflagowe.pl\/aktualne\/wp-json\/wp\/v2\/media\/10936"}],"wp:attachment":[{"href":"https:\/\/www.pogotowieflagowe.pl\/aktualne\/wp-json\/wp\/v2\/media?parent=10935"}],"wp:term":[{"taxonomy":"category","embeddable":true,"href":"https:\/\/www.pogotowieflagowe.pl\/aktualne\/wp-json\/wp\/v2\/categories?post=10935"},{"taxonomy":"post_tag","embeddable":true,"href":"https:\/\/www.pogotowieflagowe.pl\/aktualne\/wp-json\/wp\/v2\/tags?post=10935"}],"curies":[{"name":"wp","href":"https:\/\/api.w.org\/{rel}","templated":true}]}}