{"id":10939,"date":"2025-11-24T11:05:38","date_gmt":"2025-11-24T10:05:38","guid":{"rendered":"https:\/\/www.pogotowieflagowe.pl\/aktualne\/byly-agent-rosyjskiego-gru-uczestniczy-w-wydarzeniach-z-premierem-tuskiem-i-pojawia-sie-w-polskim-sejmie-w-ramach-prezydencji-ue\/"},"modified":"2025-11-24T11:05:39","modified_gmt":"2025-11-24T10:05:39","slug":"byly-agent-rosyjskiego-gru-uczestniczy-w-wydarzeniach-z-premierem-tuskiem-i-pojawia-sie-w-polskim-sejmie-w-ramach-prezydencji-ue","status":"publish","type":"post","link":"https:\/\/www.pogotowieflagowe.pl\/aktualne\/byly-agent-rosyjskiego-gru-uczestniczy-w-wydarzeniach-z-premierem-tuskiem-i-pojawia-sie-w-polskim-sejmie-w-ramach-prezydencji-ue\/","title":{"rendered":"By\u0142y agent rosyjskiego GRU uczestniczy w wydarzeniach z premierem Tuskiem i pojawia si\u0119 w polskim Sejmie w ramach prezydencji UE"},"content":{"rendered":"\n<div class=\"td_block_wrap tdb_single_content tdi_46 td-pb-border-top td_block_template_8 td-post-content tagdiv-type\" data-td-block-uid=\"tdi_46\">\n<style>.tdi_46{margines-g\u00f3rny:0px!important;margin-bottom:0px!important;dope\u0142nienie-g\u00f3ra:0px!important;dope\u0142nienie-d\u00f3\u0142:0px!important}<\/style>\n<style>.tdb_single_content{margin-bottom:0;*zoom:1}.tdb_single_content:before,.tdb_single_content:after{display:table;content:'';line-height:0}.tdb_single_content:after{clear:both}.tdb_single_content .tdb-block-inner>*:not(.wp-block-quote):not(.alignwide):not(.alignfull.wp-block-cover.has-parallax):not(.td-a-ad){margin-left:auto;margin-right:auto}.tdb_single_content a{pointer-events:auto}.tdb_single_content .td-spot-id-top_ad .tdc-placeholder-title:before{content:'Najlepsza reklama artyku\u0142u'!important}.tdb_single_content .td-spot-id-inline_ad0 .tdc-placeholder-title:before{content:'Reklama wbudowana artyku\u0142u 1'!important}.tdb_single_content .td-spot-id-inline_ad1 .tdc-placeholder-title:before{content:'Wbudowana reklama w artykule 2'!important}.tdb_single_content .td-spot-id-inline_ad2 .tdc-placeholder-title:before{content:'Wbudowana reklama w artykule 3'!important}.tdb_single_content .td-spot-id-bottom_ad .tdc-placeholder-title:before{content:'Article Bottom Ad'!important}.tdb_single_content .id_top_ad,.tdb_single_content .id_bottom_ad{clear:both;margin-bottom:21px;text-align:center}.tdb_single_content .id_top_ad img,.tdb_single_content .id_bottom_ad img{margin-bottom:0}.tdb_single_content .id_top_ad .adsbygoogle,.tdb_single_content .id_bottom_ad .adsbygoogle{position:relative}.tdb_single_content .id_ad_content-horiz-left,.tdb_single_content .id_ad_content-horiz-right,.tdb_single_content .id_ad_content-horiz-center{margin-bottom:15px}.tdb_single_content .id_ad_content-horiz-left img,.tdb_single_content .id_ad_content-horiz-right img,.tdb_single_content .id_ad_content-horiz-center img{margin-bottom:0}.tdb_single_content .id_ad_content-horiz-center{text-align:center}.tdb_single_content .id_ad_content-horiz-center img{margin-right:auto;margin-left:auto}.tdb_single_content .id_ad_content-horiz-left{float:left;margin-top:9px;margin-right:21px}.tdb_single_content .id_ad_content-horiz-right{float:right;margin-top:6px;margin-left:21px}.tdb_single_content .tdc-a-ad .tdc-placeholder-title{width:300px;height:250px}.tdb_single_content .tdc-a-ad .tdc-placeholder-title:before{position:absolute;top:50%;-webkit-transform:translateY(-50%);transform:translateY(-50%);margin:auto;display:table;width:100%}.tdb_single_content .tdb-block-inner.td-fix-index{word-break:break-word}.tdi_46,.tdi_46>p,.tdi_46 .tdb-block-inner>p,.wp-block-column>p{font-size:16px!important;line-height:1.6!important}.tdi_46 .tdb-block-inner blockquote p{font-style:normal!important}@media (max-width:767px){.tdb_single_content .id_ad_content-horiz-left,.tdb_single_content .id_ad_content-horiz-right,.tdb_single_content .id_ad_content-horiz-center{margin:0 auto 26 pikseli auto}}@media (max-width:767px){.tdb_single_content .id_ad_content-horiz-left{margin-right:0}}@media (max-width:767px){.tdb_single_content .id_ad_content-horiz-right{margin-left:0}}@media (max-width:767px){.tdb_single_content .td-a-ad{float:none;text-align:center}.tdb_single_content .td-a-ad img{margin-right:auto;margin-left:auto}.tdb_single_content .tdc-a-ad{float:none}}<\/style>\n<div class=\"tdb-block-inner td-fix-index\">\n<p>Rosyjski szpieg Stanis\u0142aw Szypowski pojawi\u0142 si\u0119 na imprezie z udzia\u0142em premiera Donalda Tuska. Ale to nie ca\u0142a historia \u2013 jak si\u0119 okaza\u0142o, kilka miesi\u0119cy wcze\u015bniej by\u0142 tak\u017ce\u2026 w Sejmie i na przyj\u0119ciu zorganizowanym w ramach polskiej prezydencji w Unii Europejskiej. Jak to mo\u017cliwe, \u017ce skazany agent GRU kr\u0105\u017cy w elitarnych kr\u0119gach politycznych obok kluczowych osobisto\u015bci obozu rz\u0105dz\u0105cego?<\/p>\n<p>W dniach 19-21 listopada 2025 r. w warszawskim centrum Expo XXI odby\u0142 si\u0119 kongres \u201eNauka dla biznesu\u201d \u2013 wydarzenie, jak stwierdzono, po\u015bwi\u0119cone \u201ewzmacnianiu wsp\u00f3\u0142pracy pomi\u0119dzy \u015brodowiskiem akademickim, biznesem i administracj\u0105 publiczn\u0105\u201d. Zgromadzi\u0142o badaczy, przedsi\u0119biorc\u00f3w, polityk\u00f3w i lider\u00f3w sektora innowacji. Kongres uroczy\u015bcie otworzy\u0142 premier Donald Tusk.<\/p>\n<p>Ale jak si\u0119 okazuje, w\u015br\u00f3d obecnych by\u0142 tak\u017ce\u2026 rosyjski szpieg Stanis\u0142aw Szypowski \u2013 syn \u200b\u200bznanego rosyjskiego bramkarza Siergieja Szypowskiego, dawniej m.in. zawodnik Pogoni Szczecin.<\/p>\n<p><iframe width=\"500\" height=\"776\" style=\"border:none;overflow:hidden\" scrolling=\"no\" frameborder=\"0\" allowfullscreen=\"true\" allow=\"autoplay; clipboard-write; encrypted-media; picture-in-picture; web-share\" data-src=\"https:\/\/www.facebook.com\/plugins\/post.php?href=https%3A%2F%2Fwww.facebook.com%2Fpermalink.php%3Fstory_fbid%3Dpfbid02ihagWCNU1bT8epCM5TNuaR1k7ddETBjqpmGC7Z65WY71MtECLfjHbiUSXtTxeQQZl%26id%3D61555790584253&amp;show_text=true&amp;width=500\" class=\"lazyload\"><\/iframe><\/p>\n<p>Wiele lat temu Stanis\u0142aw Szypowski zosta\u0142 skazany za szpiegostwo na rzecz Rosji. S\u0105d nie mia\u0142 w\u0105tpliwo\u015bci, \u017ce \u015bwiadomie wsp\u00f3\u0142pracowa\u0142 z rosyjskim wywiadem i \u015bwiadomie dzia\u0142a\u0142 na szkod\u0119 Polski.<\/p>\n<pre class=\"wp-block-preformatted\">\u201cHe was detained by the Internal Security Agency in October 2014. At the time, he worked as a lawyer at a Warsaw law firm. He was charged with espionage for Russian intelligence. Initially, he was sentenced to four years in prison, and later the sentence was extended by another three years. The trial revealed that Szypowski had obtained, among other things, access to a classified report by the Supreme Audit Office on the LNG terminal in \u015awinouj\u015bcie,\u201d as previously reported by Niezalezna.pl.<\/pre>\n<h2 class=\"wp-block-heading\">Szpieg by\u0142 tak\u017ce w Sejmie<\/h2>\n<p>Jak si\u0119 okaza\u0142o, Szypowski nie tylko wzi\u0105\u0142 udzia\u0142 w wydarzeniu wraz z Tuskiem, ale tak\u017ce\u2026 w polskim Sejmie w maju 2025 r. Jego nazwisko znalaz\u0142o si\u0119 nawet w o\u015bwiadczeniu wydanym przez Nexus. Wydarzenie zosta\u0142o zorganizowane w okresie przewodnictwa Polski w Radzie Unii Europejskiej, a Szypowski zosta\u0142 zaproszony przez ambasadora Tunezji \u2013 w zwi\u0105zku z rocznic\u0105 podpisania umowy stowarzyszeniowej Tunezja-UE.<\/p>\n<p><iframe width=\"500\" height=\"693\" style=\"border:none;overflow:hidden\" scrolling=\"no\" frameborder=\"0\" allowfullscreen=\"true\" allow=\"autoplay; clipboard-write; encrypted-media; picture-in-picture; web-share\" data-src=\"https:\/\/www.facebook.com\/plugins\/post.php?href=https%3A%2F%2Fwww.facebook.com%2Fpermalink.php%3Fstory_fbid%3Dpfbid021ZZNzJvQzRZqcdUP9Xsf6JxWYomhnzVmy1SpmjCKQUtZzBYQB1f1d65ReG7CfZZEl%26id%3D61555790584253&amp;show_text=true&amp;width=500\" class=\"lazyload\"><\/iframe><\/p>\n<p>Jak to mo\u017cliwe, \u017ce by\u0142y agent GRU po siedmiu latach sp\u0119dzonych w wi\u0119zieniu powr\u00f3ci\u0142 do kr\u0119g\u00f3w elit, bior\u0105c udzia\u0142 w wydarzeniach z prominentnymi politykami? To pytanie wyra\u017anie domaga si\u0119 odpowiedzi od rz\u0105dz\u0105cych. Do tej pory milczeli, sugeruj\u0105c, \u017ce \u201enie maj\u0105 wp\u0142ywu\u201d na to, kto uczestniczy w przem\u00f3wieniach i konferencjach.<\/p>\n<\/div>\n<\/div>\n","protected":false},"excerpt":{"rendered":"<p>Rosyjski szpieg Stanis\u0142aw Szypowski pojawi\u0142 si\u0119 na imprezie z udzia\u0142em premiera Donalda Tuska. Ale to nie ca\u0142a historia \u2013 jak<\/p>\n","protected":false},"author":1,"featured_media":10940,"comment_status":"open","ping_status":"open","sticky":false,"template":"","format":"standard","meta":{"footnotes":""},"categories":[4748],"tags":[12368,1791,5954,2404,1034,5260,4221,248,14,1307,150,10971,12019,12369],"class_list":["post-10939","post","type-post","status-publish","format-standard","has-post-thumbnail","hentry","category-aktualne","tag-agent","tag-byly","tag-gru","tag-pojawia","tag-polskim","tag-premierem","tag-prezydencji","tag-ramach","tag-rosyjskiego","tag-sejmie","tag-sie","tag-tuskiem","tag-uczestniczy","tag-wydarzeniach","generate-columns","tablet-grid-50","mobile-grid-100","grid-parent","grid-50","resize-featured-image"],"yoast_head":"<!-- This site is optimized with the Yoast SEO plugin v23.2 - https:\/\/yoast.com\/wordpress\/plugins\/seo\/ -->\n<title>By\u0142y agent rosyjskiego GRU uczestniczy w wydarzeniach z premierem Tuskiem i pojawia si\u0119 w polskim Sejmie w ramach prezydencji UE - POGOTOWIE FLAGOWE\u00ae<\/title>\n<meta name=\"robots\" content=\"index, follow, max-snippet:-1, max-image-preview:large, max-video-preview:-1\" \/>\n<link rel=\"canonical\" href=\"https:\/\/www.pogotowieflagowe.pl\/aktualne\/byly-agent-rosyjskiego-gru-uczestniczy-w-wydarzeniach-z-premierem-tuskiem-i-pojawia-sie-w-polskim-sejmie-w-ramach-prezydencji-ue\/\" \/>\n<meta property=\"og:locale\" content=\"pl_PL\" \/>\n<meta property=\"og:type\" content=\"article\" \/>\n<meta property=\"og:title\" content=\"By\u0142y agent rosyjskiego GRU uczestniczy w wydarzeniach z premierem Tuskiem i pojawia si\u0119 w polskim Sejmie w ramach prezydencji UE - POGOTOWIE FLAGOWE\u00ae\" \/>\n<meta property=\"og:description\" content=\"Rosyjski szpieg Stanis\u0142aw Szypowski pojawi\u0142 si\u0119 na imprezie z udzia\u0142em premiera Donalda Tuska. Ale to nie ca\u0142a historia \u2013 jak\" \/>\n<meta property=\"og:url\" content=\"https:\/\/www.pogotowieflagowe.pl\/aktualne\/byly-agent-rosyjskiego-gru-uczestniczy-w-wydarzeniach-z-premierem-tuskiem-i-pojawia-sie-w-polskim-sejmie-w-ramach-prezydencji-ue\/\" \/>\n<meta property=\"og:site_name\" content=\"POGOTOWIE FLAGOWE\u00ae\" \/>\n<meta property=\"article:published_time\" content=\"2025-11-24T10:05:38+00:00\" \/>\n<meta property=\"article:modified_time\" content=\"2025-11-24T10:05:39+00:00\" \/>\n<meta property=\"og:image\" content=\"https:\/\/www.pogotowieflagowe.pl\/aktualne\/wp-content\/uploads\/2025\/11\/Byly-agent-rosyjskiego-GRU-uczestniczy-w-wydarzeniach-z-premierem-Tuskiem.webp.webp\" \/>\n\t<meta property=\"og:image:width\" content=\"1280\" \/>\n\t<meta property=\"og:image:height\" content=\"720\" \/>\n\t<meta property=\"og:image:type\" content=\"image\/webp\" \/>\n<meta name=\"author\" content=\"Filip\" \/>\n<meta name=\"twitter:card\" content=\"summary_large_image\" \/>\n<meta name=\"twitter:label1\" content=\"Napisane przez\" \/>\n\t<meta name=\"twitter:data1\" content=\"Filip\" \/>\n\t<meta name=\"twitter:label2\" content=\"Szacowany czas czytania\" \/>\n\t<meta name=\"twitter:data2\" content=\"2 minuty\" \/>\n<script type=\"application\/ld+json\" class=\"yoast-schema-graph\">{\"@context\":\"https:\/\/schema.org\",\"@graph\":[{\"@type\":\"Article\",\"@id\":\"https:\/\/www.pogotowieflagowe.pl\/aktualne\/byly-agent-rosyjskiego-gru-uczestniczy-w-wydarzeniach-z-premierem-tuskiem-i-pojawia-sie-w-polskim-sejmie-w-ramach-prezydencji-ue\/#article\",\"isPartOf\":{\"@id\":\"https:\/\/www.pogotowieflagowe.pl\/aktualne\/byly-agent-rosyjskiego-gru-uczestniczy-w-wydarzeniach-z-premierem-tuskiem-i-pojawia-sie-w-polskim-sejmie-w-ramach-prezydencji-ue\/\"},\"author\":{\"name\":\"Filip\",\"@id\":\"https:\/\/www.pogotowieflagowe.pl\/aktualne\/#\/schema\/person\/9c2fb7d2362ebf6fa088960d7f0d27b0\"},\"headline\":\"By\u0142y agent rosyjskiego GRU uczestniczy w wydarzeniach z premierem Tuskiem i pojawia si\u0119 w polskim Sejmie w ramach prezydencji UE\",\"datePublished\":\"2025-11-24T10:05:38+00:00\",\"dateModified\":\"2025-11-24T10:05:39+00:00\",\"mainEntityOfPage\":{\"@id\":\"https:\/\/www.pogotowieflagowe.pl\/aktualne\/byly-agent-rosyjskiego-gru-uczestniczy-w-wydarzeniach-z-premierem-tuskiem-i-pojawia-sie-w-polskim-sejmie-w-ramach-prezydencji-ue\/\"},\"wordCount\":338,\"commentCount\":0,\"publisher\":{\"@id\":\"https:\/\/www.pogotowieflagowe.pl\/aktualne\/#organization\"},\"image\":{\"@id\":\"https:\/\/www.pogotowieflagowe.pl\/aktualne\/byly-agent-rosyjskiego-gru-uczestniczy-w-wydarzeniach-z-premierem-tuskiem-i-pojawia-sie-w-polskim-sejmie-w-ramach-prezydencji-ue\/#primaryimage\"},\"thumbnailUrl\":\"https:\/\/www.pogotowieflagowe.pl\/aktualne\/wp-content\/uploads\/2025\/11\/Byly-agent-rosyjskiego-GRU-uczestniczy-w-wydarzeniach-z-premierem-Tuskiem.webp.webp\",\"keywords\":[\"agent\",\"By\u0142y\",\"GRU\",\"Pojawia\",\"polskim\",\"premierem\",\"prezydencji\",\"ramach\",\"rosyjskiego\",\"Sejmie\",\"si\u0119\",\"Tuskiem\",\"uczestniczy\",\"wydarzeniach\"],\"articleSection\":[\"Aktualne\"],\"inLanguage\":\"pl-PL\",\"potentialAction\":[{\"@type\":\"CommentAction\",\"name\":\"Comment\",\"target\":[\"https:\/\/www.pogotowieflagowe.pl\/aktualne\/byly-agent-rosyjskiego-gru-uczestniczy-w-wydarzeniach-z-premierem-tuskiem-i-pojawia-sie-w-polskim-sejmie-w-ramach-prezydencji-ue\/#respond\"]}]},{\"@type\":\"WebPage\",\"@id\":\"https:\/\/www.pogotowieflagowe.pl\/aktualne\/byly-agent-rosyjskiego-gru-uczestniczy-w-wydarzeniach-z-premierem-tuskiem-i-pojawia-sie-w-polskim-sejmie-w-ramach-prezydencji-ue\/\",\"url\":\"https:\/\/www.pogotowieflagowe.pl\/aktualne\/byly-agent-rosyjskiego-gru-uczestniczy-w-wydarzeniach-z-premierem-tuskiem-i-pojawia-sie-w-polskim-sejmie-w-ramach-prezydencji-ue\/\",\"name\":\"By\u0142y agent rosyjskiego GRU uczestniczy w wydarzeniach z premierem Tuskiem i pojawia si\u0119 w polskim Sejmie w ramach prezydencji UE - POGOTOWIE FLAGOWE\u00ae\",\"isPartOf\":{\"@id\":\"https:\/\/www.pogotowieflagowe.pl\/aktualne\/#website\"},\"primaryImageOfPage\":{\"@id\":\"https:\/\/www.pogotowieflagowe.pl\/aktualne\/byly-agent-rosyjskiego-gru-uczestniczy-w-wydarzeniach-z-premierem-tuskiem-i-pojawia-sie-w-polskim-sejmie-w-ramach-prezydencji-ue\/#primaryimage\"},\"image\":{\"@id\":\"https:\/\/www.pogotowieflagowe.pl\/aktualne\/byly-agent-rosyjskiego-gru-uczestniczy-w-wydarzeniach-z-premierem-tuskiem-i-pojawia-sie-w-polskim-sejmie-w-ramach-prezydencji-ue\/#primaryimage\"},\"thumbnailUrl\":\"https:\/\/www.pogotowieflagowe.pl\/aktualne\/wp-content\/uploads\/2025\/11\/Byly-agent-rosyjskiego-GRU-uczestniczy-w-wydarzeniach-z-premierem-Tuskiem.webp.webp\",\"datePublished\":\"2025-11-24T10:05:38+00:00\",\"dateModified\":\"2025-11-24T10:05:39+00:00\",\"breadcrumb\":{\"@id\":\"https:\/\/www.pogotowieflagowe.pl\/aktualne\/byly-agent-rosyjskiego-gru-uczestniczy-w-wydarzeniach-z-premierem-tuskiem-i-pojawia-sie-w-polskim-sejmie-w-ramach-prezydencji-ue\/#breadcrumb\"},\"inLanguage\":\"pl-PL\",\"potentialAction\":[{\"@type\":\"ReadAction\",\"target\":[\"https:\/\/www.pogotowieflagowe.pl\/aktualne\/byly-agent-rosyjskiego-gru-uczestniczy-w-wydarzeniach-z-premierem-tuskiem-i-pojawia-sie-w-polskim-sejmie-w-ramach-prezydencji-ue\/\"]}]},{\"@type\":\"ImageObject\",\"inLanguage\":\"pl-PL\",\"@id\":\"https:\/\/www.pogotowieflagowe.pl\/aktualne\/byly-agent-rosyjskiego-gru-uczestniczy-w-wydarzeniach-z-premierem-tuskiem-i-pojawia-sie-w-polskim-sejmie-w-ramach-prezydencji-ue\/#primaryimage\",\"url\":\"https:\/\/www.pogotowieflagowe.pl\/aktualne\/wp-content\/uploads\/2025\/11\/Byly-agent-rosyjskiego-GRU-uczestniczy-w-wydarzeniach-z-premierem-Tuskiem.webp.webp\",\"contentUrl\":\"https:\/\/www.pogotowieflagowe.pl\/aktualne\/wp-content\/uploads\/2025\/11\/Byly-agent-rosyjskiego-GRU-uczestniczy-w-wydarzeniach-z-premierem-Tuskiem.webp.webp\",\"width\":1280,\"height\":720,\"caption\":\"By\u0142y agent rosyjskiego GRU uczestniczy w wydarzeniach z premierem Tuskiem i pojawia si\u0119 w polskim Sejmie w ramach prezydencji UE\"},{\"@type\":\"BreadcrumbList\",\"@id\":\"https:\/\/www.pogotowieflagowe.pl\/aktualne\/byly-agent-rosyjskiego-gru-uczestniczy-w-wydarzeniach-z-premierem-tuskiem-i-pojawia-sie-w-polskim-sejmie-w-ramach-prezydencji-ue\/#breadcrumb\",\"itemListElement\":[{\"@type\":\"ListItem\",\"position\":1,\"name\":\"Home\",\"item\":\"https:\/\/www.pogotowieflagowe.pl\/aktualne\/\"},{\"@type\":\"ListItem\",\"position\":2,\"name\":\"By\u0142y agent rosyjskiego GRU uczestniczy w wydarzeniach z premierem Tuskiem i pojawia si\u0119 w polskim Sejmie w ramach prezydencji UE\"}]},{\"@type\":\"WebSite\",\"@id\":\"https:\/\/www.pogotowieflagowe.pl\/aktualne\/#website\",\"url\":\"https:\/\/www.pogotowieflagowe.pl\/aktualne\/\",\"name\":\"POGOTOWIE FLAGOWE\u00ae\",\"description\":\"\",\"publisher\":{\"@id\":\"https:\/\/www.pogotowieflagowe.pl\/aktualne\/#organization\"},\"potentialAction\":[{\"@type\":\"SearchAction\",\"target\":{\"@type\":\"EntryPoint\",\"urlTemplate\":\"https:\/\/www.pogotowieflagowe.pl\/aktualne\/?s={search_term_string}\"},\"query-input\":\"required name=search_term_string\"}],\"inLanguage\":\"pl-PL\"},{\"@type\":\"Organization\",\"@id\":\"https:\/\/www.pogotowieflagowe.pl\/aktualne\/#organization\",\"name\":\"POGOTOWIE FLAGOWE\u00ae\",\"url\":\"https:\/\/www.pogotowieflagowe.pl\/aktualne\/\",\"logo\":{\"@type\":\"ImageObject\",\"inLanguage\":\"pl-PL\",\"@id\":\"https:\/\/www.pogotowieflagowe.pl\/aktualne\/#\/schema\/logo\/image\/\",\"url\":\"https:\/\/www.pogotowieflagowe.pl\/aktualne\/wp-content\/uploads\/2024\/08\/cropped-pogotowieflagowe_flaga_projekt_sm.jpg\",\"contentUrl\":\"https:\/\/www.pogotowieflagowe.pl\/aktualne\/wp-content\/uploads\/2024\/08\/cropped-pogotowieflagowe_flaga_projekt_sm.jpg\",\"width\":250,\"height\":143,\"caption\":\"POGOTOWIE FLAGOWE\u00ae\"},\"image\":{\"@id\":\"https:\/\/www.pogotowieflagowe.pl\/aktualne\/#\/schema\/logo\/image\/\"}},{\"@type\":\"Person\",\"@id\":\"https:\/\/www.pogotowieflagowe.pl\/aktualne\/#\/schema\/person\/9c2fb7d2362ebf6fa088960d7f0d27b0\",\"name\":\"Filip\",\"image\":{\"@type\":\"ImageObject\",\"inLanguage\":\"pl-PL\",\"@id\":\"https:\/\/www.pogotowieflagowe.pl\/aktualne\/#\/schema\/person\/image\/\",\"url\":\"https:\/\/www.pogotowieflagowe.pl\/aktualne\/wp-content\/uploads\/2024\/08\/pogotowieflagowe.pl_.jpg\",\"contentUrl\":\"https:\/\/www.pogotowieflagowe.pl\/aktualne\/wp-content\/uploads\/2024\/08\/pogotowieflagowe.pl_.jpg\",\"caption\":\"Filip\"},\"description\":\"Jestem Filip, polski dziennikarz z dyplomem nauk politycznych Uniwersytetu Warszawskiego. Rozpoczynaj\u0105c swoj\u0105 karier\u0119 w r\u00f3\u017cnych lokalnych mediach, zdoby\u0142em solidne do\u015bwiadczenie w zakresie \u015bledztwa i redakcji. Obecnie jako redaktor w Pogotowie flagowe, staram si\u0119 dostarcza\u0107 dog\u0142\u0119bne i istotne analizy na temat najwa\u017cniejszych kwestii aktualno\u015bci, \u0142\u0105cz\u0105c rygor z pasj\u0105 dziennikarsk\u0105.\",\"sameAs\":[\"https:\/\/www.pogotowieflagowe.pl\/\"]}]}<\/script>\n<!-- \/ Yoast SEO plugin. -->","yoast_head_json":{"title":"By\u0142y agent rosyjskiego GRU uczestniczy w wydarzeniach z premierem Tuskiem i pojawia si\u0119 w polskim Sejmie w ramach prezydencji UE - POGOTOWIE FLAGOWE\u00ae","robots":{"index":"index","follow":"follow","max-snippet":"max-snippet:-1","max-image-preview":"max-image-preview:large","max-video-preview":"max-video-preview:-1"},"canonical":"https:\/\/www.pogotowieflagowe.pl\/aktualne\/byly-agent-rosyjskiego-gru-uczestniczy-w-wydarzeniach-z-premierem-tuskiem-i-pojawia-sie-w-polskim-sejmie-w-ramach-prezydencji-ue\/","og_locale":"pl_PL","og_type":"article","og_title":"By\u0142y agent rosyjskiego GRU uczestniczy w wydarzeniach z premierem Tuskiem i pojawia si\u0119 w polskim Sejmie w ramach prezydencji UE - POGOTOWIE FLAGOWE\u00ae","og_description":"Rosyjski szpieg Stanis\u0142aw Szypowski pojawi\u0142 si\u0119 na imprezie z udzia\u0142em premiera Donalda Tuska. Ale to nie ca\u0142a historia \u2013 jak","og_url":"https:\/\/www.pogotowieflagowe.pl\/aktualne\/byly-agent-rosyjskiego-gru-uczestniczy-w-wydarzeniach-z-premierem-tuskiem-i-pojawia-sie-w-polskim-sejmie-w-ramach-prezydencji-ue\/","og_site_name":"POGOTOWIE FLAGOWE\u00ae","article_published_time":"2025-11-24T10:05:38+00:00","article_modified_time":"2025-11-24T10:05:39+00:00","og_image":[{"width":1280,"height":720,"url":"https:\/\/www.pogotowieflagowe.pl\/aktualne\/wp-content\/uploads\/2025\/11\/Byly-agent-rosyjskiego-GRU-uczestniczy-w-wydarzeniach-z-premierem-Tuskiem.webp.webp","type":"image\/webp"}],"author":"Filip","twitter_card":"summary_large_image","twitter_misc":{"Napisane przez":"Filip","Szacowany czas czytania":"2 minuty"},"schema":{"@context":"https:\/\/schema.org","@graph":[{"@type":"Article","@id":"https:\/\/www.pogotowieflagowe.pl\/aktualne\/byly-agent-rosyjskiego-gru-uczestniczy-w-wydarzeniach-z-premierem-tuskiem-i-pojawia-sie-w-polskim-sejmie-w-ramach-prezydencji-ue\/#article","isPartOf":{"@id":"https:\/\/www.pogotowieflagowe.pl\/aktualne\/byly-agent-rosyjskiego-gru-uczestniczy-w-wydarzeniach-z-premierem-tuskiem-i-pojawia-sie-w-polskim-sejmie-w-ramach-prezydencji-ue\/"},"author":{"name":"Filip","@id":"https:\/\/www.pogotowieflagowe.pl\/aktualne\/#\/schema\/person\/9c2fb7d2362ebf6fa088960d7f0d27b0"},"headline":"By\u0142y agent rosyjskiego GRU uczestniczy w wydarzeniach z premierem Tuskiem i pojawia si\u0119 w polskim Sejmie w ramach prezydencji UE","datePublished":"2025-11-24T10:05:38+00:00","dateModified":"2025-11-24T10:05:39+00:00","mainEntityOfPage":{"@id":"https:\/\/www.pogotowieflagowe.pl\/aktualne\/byly-agent-rosyjskiego-gru-uczestniczy-w-wydarzeniach-z-premierem-tuskiem-i-pojawia-sie-w-polskim-sejmie-w-ramach-prezydencji-ue\/"},"wordCount":338,"commentCount":0,"publisher":{"@id":"https:\/\/www.pogotowieflagowe.pl\/aktualne\/#organization"},"image":{"@id":"https:\/\/www.pogotowieflagowe.pl\/aktualne\/byly-agent-rosyjskiego-gru-uczestniczy-w-wydarzeniach-z-premierem-tuskiem-i-pojawia-sie-w-polskim-sejmie-w-ramach-prezydencji-ue\/#primaryimage"},"thumbnailUrl":"https:\/\/www.pogotowieflagowe.pl\/aktualne\/wp-content\/uploads\/2025\/11\/Byly-agent-rosyjskiego-GRU-uczestniczy-w-wydarzeniach-z-premierem-Tuskiem.webp.webp","keywords":["agent","By\u0142y","GRU","Pojawia","polskim","premierem","prezydencji","ramach","rosyjskiego","Sejmie","si\u0119","Tuskiem","uczestniczy","wydarzeniach"],"articleSection":["Aktualne"],"inLanguage":"pl-PL","potentialAction":[{"@type":"CommentAction","name":"Comment","target":["https:\/\/www.pogotowieflagowe.pl\/aktualne\/byly-agent-rosyjskiego-gru-uczestniczy-w-wydarzeniach-z-premierem-tuskiem-i-pojawia-sie-w-polskim-sejmie-w-ramach-prezydencji-ue\/#respond"]}]},{"@type":"WebPage","@id":"https:\/\/www.pogotowieflagowe.pl\/aktualne\/byly-agent-rosyjskiego-gru-uczestniczy-w-wydarzeniach-z-premierem-tuskiem-i-pojawia-sie-w-polskim-sejmie-w-ramach-prezydencji-ue\/","url":"https:\/\/www.pogotowieflagowe.pl\/aktualne\/byly-agent-rosyjskiego-gru-uczestniczy-w-wydarzeniach-z-premierem-tuskiem-i-pojawia-sie-w-polskim-sejmie-w-ramach-prezydencji-ue\/","name":"By\u0142y agent rosyjskiego GRU uczestniczy w wydarzeniach z premierem Tuskiem i pojawia si\u0119 w polskim Sejmie w ramach prezydencji UE - POGOTOWIE FLAGOWE\u00ae","isPartOf":{"@id":"https:\/\/www.pogotowieflagowe.pl\/aktualne\/#website"},"primaryImageOfPage":{"@id":"https:\/\/www.pogotowieflagowe.pl\/aktualne\/byly-agent-rosyjskiego-gru-uczestniczy-w-wydarzeniach-z-premierem-tuskiem-i-pojawia-sie-w-polskim-sejmie-w-ramach-prezydencji-ue\/#primaryimage"},"image":{"@id":"https:\/\/www.pogotowieflagowe.pl\/aktualne\/byly-agent-rosyjskiego-gru-uczestniczy-w-wydarzeniach-z-premierem-tuskiem-i-pojawia-sie-w-polskim-sejmie-w-ramach-prezydencji-ue\/#primaryimage"},"thumbnailUrl":"https:\/\/www.pogotowieflagowe.pl\/aktualne\/wp-content\/uploads\/2025\/11\/Byly-agent-rosyjskiego-GRU-uczestniczy-w-wydarzeniach-z-premierem-Tuskiem.webp.webp","datePublished":"2025-11-24T10:05:38+00:00","dateModified":"2025-11-24T10:05:39+00:00","breadcrumb":{"@id":"https:\/\/www.pogotowieflagowe.pl\/aktualne\/byly-agent-rosyjskiego-gru-uczestniczy-w-wydarzeniach-z-premierem-tuskiem-i-pojawia-sie-w-polskim-sejmie-w-ramach-prezydencji-ue\/#breadcrumb"},"inLanguage":"pl-PL","potentialAction":[{"@type":"ReadAction","target":["https:\/\/www.pogotowieflagowe.pl\/aktualne\/byly-agent-rosyjskiego-gru-uczestniczy-w-wydarzeniach-z-premierem-tuskiem-i-pojawia-sie-w-polskim-sejmie-w-ramach-prezydencji-ue\/"]}]},{"@type":"ImageObject","inLanguage":"pl-PL","@id":"https:\/\/www.pogotowieflagowe.pl\/aktualne\/byly-agent-rosyjskiego-gru-uczestniczy-w-wydarzeniach-z-premierem-tuskiem-i-pojawia-sie-w-polskim-sejmie-w-ramach-prezydencji-ue\/#primaryimage","url":"https:\/\/www.pogotowieflagowe.pl\/aktualne\/wp-content\/uploads\/2025\/11\/Byly-agent-rosyjskiego-GRU-uczestniczy-w-wydarzeniach-z-premierem-Tuskiem.webp.webp","contentUrl":"https:\/\/www.pogotowieflagowe.pl\/aktualne\/wp-content\/uploads\/2025\/11\/Byly-agent-rosyjskiego-GRU-uczestniczy-w-wydarzeniach-z-premierem-Tuskiem.webp.webp","width":1280,"height":720,"caption":"By\u0142y agent rosyjskiego GRU uczestniczy w wydarzeniach z premierem Tuskiem i pojawia si\u0119 w polskim Sejmie w ramach prezydencji UE"},{"@type":"BreadcrumbList","@id":"https:\/\/www.pogotowieflagowe.pl\/aktualne\/byly-agent-rosyjskiego-gru-uczestniczy-w-wydarzeniach-z-premierem-tuskiem-i-pojawia-sie-w-polskim-sejmie-w-ramach-prezydencji-ue\/#breadcrumb","itemListElement":[{"@type":"ListItem","position":1,"name":"Home","item":"https:\/\/www.pogotowieflagowe.pl\/aktualne\/"},{"@type":"ListItem","position":2,"name":"By\u0142y agent rosyjskiego GRU uczestniczy w wydarzeniach z premierem Tuskiem i pojawia si\u0119 w polskim Sejmie w ramach prezydencji UE"}]},{"@type":"WebSite","@id":"https:\/\/www.pogotowieflagowe.pl\/aktualne\/#website","url":"https:\/\/www.pogotowieflagowe.pl\/aktualne\/","name":"POGOTOWIE FLAGOWE\u00ae","description":"","publisher":{"@id":"https:\/\/www.pogotowieflagowe.pl\/aktualne\/#organization"},"potentialAction":[{"@type":"SearchAction","target":{"@type":"EntryPoint","urlTemplate":"https:\/\/www.pogotowieflagowe.pl\/aktualne\/?s={search_term_string}"},"query-input":"required name=search_term_string"}],"inLanguage":"pl-PL"},{"@type":"Organization","@id":"https:\/\/www.pogotowieflagowe.pl\/aktualne\/#organization","name":"POGOTOWIE FLAGOWE\u00ae","url":"https:\/\/www.pogotowieflagowe.pl\/aktualne\/","logo":{"@type":"ImageObject","inLanguage":"pl-PL","@id":"https:\/\/www.pogotowieflagowe.pl\/aktualne\/#\/schema\/logo\/image\/","url":"https:\/\/www.pogotowieflagowe.pl\/aktualne\/wp-content\/uploads\/2024\/08\/cropped-pogotowieflagowe_flaga_projekt_sm.jpg","contentUrl":"https:\/\/www.pogotowieflagowe.pl\/aktualne\/wp-content\/uploads\/2024\/08\/cropped-pogotowieflagowe_flaga_projekt_sm.jpg","width":250,"height":143,"caption":"POGOTOWIE FLAGOWE\u00ae"},"image":{"@id":"https:\/\/www.pogotowieflagowe.pl\/aktualne\/#\/schema\/logo\/image\/"}},{"@type":"Person","@id":"https:\/\/www.pogotowieflagowe.pl\/aktualne\/#\/schema\/person\/9c2fb7d2362ebf6fa088960d7f0d27b0","name":"Filip","image":{"@type":"ImageObject","inLanguage":"pl-PL","@id":"https:\/\/www.pogotowieflagowe.pl\/aktualne\/#\/schema\/person\/image\/","url":"https:\/\/www.pogotowieflagowe.pl\/aktualne\/wp-content\/uploads\/2024\/08\/pogotowieflagowe.pl_.jpg","contentUrl":"https:\/\/www.pogotowieflagowe.pl\/aktualne\/wp-content\/uploads\/2024\/08\/pogotowieflagowe.pl_.jpg","caption":"Filip"},"description":"Jestem Filip, polski dziennikarz z dyplomem nauk politycznych Uniwersytetu Warszawskiego. Rozpoczynaj\u0105c swoj\u0105 karier\u0119 w r\u00f3\u017cnych lokalnych mediach, zdoby\u0142em solidne do\u015bwiadczenie w zakresie \u015bledztwa i redakcji. Obecnie jako redaktor w Pogotowie flagowe, staram si\u0119 dostarcza\u0107 dog\u0142\u0119bne i istotne analizy na temat najwa\u017cniejszych kwestii aktualno\u015bci, \u0142\u0105cz\u0105c rygor z pasj\u0105 dziennikarsk\u0105.","sameAs":["https:\/\/www.pogotowieflagowe.pl\/"]}]}},"_links":{"self":[{"href":"https:\/\/www.pogotowieflagowe.pl\/aktualne\/wp-json\/wp\/v2\/posts\/10939","targetHints":{"allow":["GET"]}}],"collection":[{"href":"https:\/\/www.pogotowieflagowe.pl\/aktualne\/wp-json\/wp\/v2\/posts"}],"about":[{"href":"https:\/\/www.pogotowieflagowe.pl\/aktualne\/wp-json\/wp\/v2\/types\/post"}],"author":[{"embeddable":true,"href":"https:\/\/www.pogotowieflagowe.pl\/aktualne\/wp-json\/wp\/v2\/users\/1"}],"replies":[{"embeddable":true,"href":"https:\/\/www.pogotowieflagowe.pl\/aktualne\/wp-json\/wp\/v2\/comments?post=10939"}],"version-history":[{"count":1,"href":"https:\/\/www.pogotowieflagowe.pl\/aktualne\/wp-json\/wp\/v2\/posts\/10939\/revisions"}],"predecessor-version":[{"id":10941,"href":"https:\/\/www.pogotowieflagowe.pl\/aktualne\/wp-json\/wp\/v2\/posts\/10939\/revisions\/10941"}],"wp:featuredmedia":[{"embeddable":true,"href":"https:\/\/www.pogotowieflagowe.pl\/aktualne\/wp-json\/wp\/v2\/media\/10940"}],"wp:attachment":[{"href":"https:\/\/www.pogotowieflagowe.pl\/aktualne\/wp-json\/wp\/v2\/media?parent=10939"}],"wp:term":[{"taxonomy":"category","embeddable":true,"href":"https:\/\/www.pogotowieflagowe.pl\/aktualne\/wp-json\/wp\/v2\/categories?post=10939"},{"taxonomy":"post_tag","embeddable":true,"href":"https:\/\/www.pogotowieflagowe.pl\/aktualne\/wp-json\/wp\/v2\/tags?post=10939"}],"curies":[{"name":"wp","href":"https:\/\/api.w.org\/{rel}","templated":true}]}}