{"id":10945,"date":"2025-11-24T16:01:12","date_gmt":"2025-11-24T15:01:12","guid":{"rendered":"https:\/\/www.pogotowieflagowe.pl\/aktualne\/kluczowe-rozmowy-bez-polski-sakiewicz-premier-jest-traktowany-jak-persona-non-grata\/"},"modified":"2025-11-24T16:01:13","modified_gmt":"2025-11-24T15:01:13","slug":"kluczowe-rozmowy-bez-polski-sakiewicz-premier-jest-traktowany-jak-persona-non-grata","status":"publish","type":"post","link":"https:\/\/www.pogotowieflagowe.pl\/aktualne\/kluczowe-rozmowy-bez-polski-sakiewicz-premier-jest-traktowany-jak-persona-non-grata\/","title":{"rendered":"Kluczowe rozmowy bez Polski. Sakiewicz: \u201ePremier jest traktowany jak persona non grata\u201d"},"content":{"rendered":"\n<div class=\"td_block_wrap tdb_single_content tdi_46 td-pb-border-top td_block_template_8 td-post-content tagdiv-type\" data-td-block-uid=\"tdi_46\">\n<style>.tdi_46{margines-g\u00f3rny:0px!important;margin-bottom:0px!important;dope\u0142nienie-g\u00f3ra:0px!important;dope\u0142nienie-d\u00f3\u0142:0px!important}<\/style>\n<style>.tdb_single_content{margin-bottom:0;*zoom:1}.tdb_single_content:before,.tdb_single_content:after{display:table;content:'';line-height:0}.tdb_single_content:after{clear:both}.tdb_single_content .tdb-block-inner>*:not(.wp-block-quote):not(.alignwide):not(.alignfull.wp-block-cover.has-parallax):not(.td-a-ad){margin-left:auto;margin-right:auto}.tdb_single_content a{pointer-events:auto}.tdb_single_content .td-spot-id-top_ad .tdc-placeholder-title:before{content:'Najlepsza reklama artyku\u0142u'!important}.tdb_single_content .td-spot-id-inline_ad0 .tdc-placeholder-title:before{content:'Reklama wbudowana artyku\u0142u 1'!important}.tdb_single_content .td-spot-id-inline_ad1 .tdc-placeholder-title:before{content:'Wbudowana reklama w artykule 2'!important}.tdb_single_content .td-spot-id-inline_ad2 .tdc-placeholder-title:before{content:'Wbudowana reklama w artykule 3'!important}.tdb_single_content .td-spot-id-bottom_ad .tdc-placeholder-title:before{content:'Article Bottom Ad'!important}.tdb_single_content .id_top_ad,.tdb_single_content .id_bottom_ad{clear:both;margin-bottom:21px;text-align:center}.tdb_single_content .id_top_ad img,.tdb_single_content .id_bottom_ad img{margin-bottom:0}.tdb_single_content .id_top_ad .adsbygoogle,.tdb_single_content .id_bottom_ad .adsbygoogle{position:relative}.tdb_single_content .id_ad_content-horiz-left,.tdb_single_content .id_ad_content-horiz-right,.tdb_single_content .id_ad_content-horiz-center{margin-bottom:15px}.tdb_single_content .id_ad_content-horiz-left img,.tdb_single_content .id_ad_content-horiz-right img,.tdb_single_content .id_ad_content-horiz-center img{margin-bottom:0}.tdb_single_content .id_ad_content-horiz-center{text-align:center}.tdb_single_content .id_ad_content-horiz-center img{margin-right:auto;margin-left:auto}.tdb_single_content .id_ad_content-horiz-left{float:left;margin-top:9px;margin-right:21px}.tdb_single_content .id_ad_content-horiz-right{float:right;margin-top:6px;margin-left:21px}.tdb_single_content .tdc-a-ad .tdc-placeholder-title{width:300px;height:250px}.tdb_single_content .tdc-a-ad .tdc-placeholder-title:before{position:absolute;top:50%;-webkit-transform:translateY(-50%);transform:translateY(-50%);margin:auto;display:table;width:100%}.tdb_single_content .tdb-block-inner.td-fix-index{word-break:break-word}.tdi_46,.tdi_46>p,.tdi_46 .tdb-block-inner>p,.wp-block-column>p{font-size:16px!important;line-height:1.6!important}.tdi_46 .tdb-block-inner blockquote p{font-style:normal!important}@media (max-width:767px){.tdb_single_content .id_ad_content-horiz-left,.tdb_single_content .id_ad_content-horiz-right,.tdb_single_content .id_ad_content-horiz-center{margin:0 auto 26 pikseli auto}}@media (max-width:767px){.tdb_single_content .id_ad_content-horiz-left{margin-right:0}}@media (max-width:767px){.tdb_single_content .id_ad_content-horiz-right{margin-left:0}}@media (max-width:767px){.tdb_single_content .td-a-ad{float:none;text-align:center}.tdb_single_content .td-a-ad img{margin-right:auto;margin-left:auto}.tdb_single_content .tdc-a-ad{float:none}}<\/style>\n<div class=\"tdb-block-inner td-fix-index\">\n<p>Na ca\u0142ym \u015bwiecie tocz\u0105 si\u0119 kluczowe rozmowy na temat pokoju na Ukrainie. Dlaczego strona polska nie bierze w nich udzia\u0142u? To pytanie szczeg\u00f3lnie dotyczy Polak\u00f3w. <strong>\u201eJeste\u015bmy w naprawd\u0119 tragicznej sytuacji\u201d<\/strong>\u2013 oceni\u0142 Tomasz Sakiewicz, prezes TV Republika.<\/p>\n<p>W niedziel\u0119 w Genewie w Szwajcarii przedstawiciele \u015brodowiska nieformalnego <em>E3<\/em> grupa Francji, Niemiec i Wielkiej Brytanii, a tak\u017ce <em>Unia Europejska<\/em>, <em>Stany Zjednoczone<\/em>i Ukraina spotka\u0142y si\u0119. Tematem rozm\u00f3w by\u0142 tak\u017ce zaproponowany przez Stany Zjednoczone 28-punktowy plan pokojowy dla Ukrainy. W konsultacjach nie wzi\u0105\u0142 udzia\u0142u ani jeden przedstawiciel polskiego rz\u0105du.<\/p>\n<p>Po rozmowach podsumowano je jako <strong>\u201eniezwykle produktywny\u201d<\/strong>. Ponadto oczekuje si\u0119, \u017ce doprowadz\u0105 one do zaktualizowanego porozumienia pokojowego, kt\u00f3re zako\u0144czy wojn\u0119 z Rosj\u0105. Na dzisiaj zaplanowano kontynuacj\u0119 tych konsultacji. I po raz kolejny \u2013 bez udzia\u0142u polskiego przedstawiciela.<\/p>\n<p>Co wi\u0119cej, na marginesie <em>Grupa G20<\/em> w sobot\u0119 na szczycie w Johannesburgu przyw\u00f3dcy <em>Unia Europejska<\/em>Kanada, W\u0142ochy, Francja, Wielka Brytania, Niemcy i Japonia spotka\u0142y si\u0119, aby om\u00f3wi\u0107 Ukrain\u0119. We wsp\u00f3lnym o\u015bwiadczeniu przyw\u00f3dcy podkre\u015blili, \u017ce ameryka\u0144ski projekt planu dla Ukrainy jest podstaw\u0105 wymagaj\u0105c\u0105 dalszej pracy.<\/p>\n<p>Teraz w Luandzie, stolicy \u015bwi\u0119tuj\u0105cej 50. rocznic\u0119 niepodleg\u0142o\u015bci Angoli, 7. rocznic\u0119 <em>Unia Europejska-Unia Afryka\u0144ska<\/em> Rozpoczyna si\u0119 szczyt. I tylko na tym wydarzeniu obecny jest szef polskiego rz\u0105du Donald Tusk.<\/p>\n<p>Nasuwa si\u0119 pytanie: dlaczego Polska nie bierze udzia\u0142u w kluczowych rozmowach na temat pokoju na Ukrainie?<\/p>\n<h2 class=\"wp-block-heading\"><strong>Sakiewicz: \u201eJeste\u015bmy izolowani<\/strong>\u201e<\/h2>\n<p>Tomasz Sakiewicz, prezes TV Republika, na powy\u017csze pytanie odpowiedzia\u0142 s\u0142owami: <strong>\u201eJeste\u015bmy izolowani i to wida\u0107\u201d.<\/strong><\/p>\n<p>Kraj, kt\u00f3ry jako pierwszy udzieli\u0142 i zorganizowa\u0142 pomoc dla Ukrainy, jest wykluczony z wszelkich negocjacji dotycz\u0105cych Ukrainy. I nie tylko Ukrainy, bo s\u0105 tam te\u017c w\u0105tki dotycz\u0105ce Polski. I nie wolno nam wej\u015b\u0107. Dlaczego? Bo premier jest traktowany przez administracj\u0119 ameryka\u0144sk\u0105 prowadz\u0105c\u0105 te rozmowy jako persona non grata. \u201e<strong>Jeste\u015bmy obecnie w naprawd\u0119 tragicznej sytuacji. Jedyne, co mo\u017cna zrobi\u0107, to pozby\u0107 si\u0119 tych szkodnik\u00f3w. Trzymaj\u0105 si\u0119 siebie jak kie\u0142basa w \u017cuku<\/strong>\u2013 wyja\u015bni\u0142.<\/p>\n<p>Jak zauwa\u017cy\u0142, <strong>\u201eTo po prostu okres, kt\u00f3ry trzeba b\u0119dzie odrobi\u0107 w historii Polski i miejmy nadziej\u0119, \u017ce nie sko\u0144czy si\u0119 to wszystko du\u017co gorzej\u201d.<\/strong><\/p>\n<p>Zapytany, czy jego zdaniem uda si\u0119 osi\u0105gn\u0105\u0107 porozumienie, stwierdzi\u0142: <strong>\u201eMoim zdaniem Rosjanie nie chc\u0105 \u017cadnego porozumienia, ale s\u0105 w z\u0142ej sytuacji gospodarczej\u201d.<\/strong><\/p>\n<p>\u201e<strong>Co wi\u0119cej, szkody, kt\u00f3re wyrz\u0105dzili sobie przez wojn\u0119 i kt\u00f3re Ukrai\u0144cy pomogli wyrz\u0105dzi\u0107 \u2013 zar\u00f3wno w gospodarce, jak i poprzez sankcje \u2013 b\u0119d\u0105 mia\u0142y charakter d\u0142ugoterminowy. Rosjanie zostali wypchni\u0119ci z wielu rynk\u00f3w, ich infrastruktura jest coraz bardziej zniszczona. W kraju b\u0119d\u0105cym najwi\u0119kszym na \u015bwiecie eksporterem i producentem ropy naftowej brakuje benzyny. Ludzie b\u0119d\u0105 o to walczy\u0107\u201d<\/strong> \u2013 powiedzia\u0142 Tomasz Sakiewicz.<\/p>\n<p>Wed\u0142ug niego, <strong>&#8222;Rosja b\u0119dzie zatem bardzo d\u0142ugo podnosi\u0107 si\u0119 po tych stratach. Nie oznacza to jednak, \u017ce wybuchnie tam jakakolwiek rewolucja. Je\u015bli Putin nie uzyska wszystkiego, co obieca\u0142 Rosjanom, pok\u00f3j jest ma\u0142o prawdopodobny. Niemniej jednak nie nale\u017cy traci\u0107 nadziei. Ka\u017cda pr\u00f3ba ograniczenia zabijania jest zawsze dobra. Ale nie za wszelk\u0105 cen\u0119, bo to zawsze ko\u0144czy si\u0119 jeszcze wi\u0119ksz\u0105 wojn\u0105. &#8222;<\/strong><\/p>\n<\/div>\n<\/div>\n","protected":false},"excerpt":{"rendered":"<p>Na ca\u0142ym \u015bwiecie tocz\u0105 si\u0119 kluczowe rozmowy na temat pokoju na Ukrainie. Dlaczego strona polska nie bierze w nich udzia\u0142u?<\/p>\n","protected":false},"author":1,"featured_media":10946,"comment_status":"open","ping_status":"open","sticky":false,"template":"","format":"standard","meta":{"footnotes":""},"categories":[44],"tags":[2937,12375,982,111,421,12374,72,804,1090,373,12373],"class_list":["post-10945","post","type-post","status-publish","format-standard","has-post-thumbnail","hentry","category-polityka","tag-bez","tag-grata","tag-jak","tag-jest","tag-kluczowe","tag-persona","tag-polski","tag-premier","tag-rozmowy","tag-sakiewicz","tag-traktowany","generate-columns","tablet-grid-50","mobile-grid-100","grid-parent","grid-50","resize-featured-image"],"yoast_head":"<!-- This site is optimized with the Yoast SEO plugin v23.2 - https:\/\/yoast.com\/wordpress\/plugins\/seo\/ -->\n<title>Kluczowe rozmowy bez Polski. Sakiewicz: \u201ePremier jest traktowany jak persona non grata\u201d - POGOTOWIE FLAGOWE\u00ae<\/title>\n<meta name=\"robots\" content=\"index, follow, max-snippet:-1, max-image-preview:large, max-video-preview:-1\" \/>\n<link rel=\"canonical\" href=\"https:\/\/www.pogotowieflagowe.pl\/aktualne\/kluczowe-rozmowy-bez-polski-sakiewicz-premier-jest-traktowany-jak-persona-non-grata\/\" \/>\n<meta property=\"og:locale\" content=\"pl_PL\" \/>\n<meta property=\"og:type\" content=\"article\" \/>\n<meta property=\"og:title\" content=\"Kluczowe rozmowy bez Polski. Sakiewicz: \u201ePremier jest traktowany jak persona non grata\u201d - POGOTOWIE FLAGOWE\u00ae\" \/>\n<meta property=\"og:description\" content=\"Na ca\u0142ym \u015bwiecie tocz\u0105 si\u0119 kluczowe rozmowy na temat pokoju na Ukrainie. Dlaczego strona polska nie bierze w nich udzia\u0142u?\" \/>\n<meta property=\"og:url\" content=\"https:\/\/www.pogotowieflagowe.pl\/aktualne\/kluczowe-rozmowy-bez-polski-sakiewicz-premier-jest-traktowany-jak-persona-non-grata\/\" \/>\n<meta property=\"og:site_name\" content=\"POGOTOWIE FLAGOWE\u00ae\" \/>\n<meta property=\"article:published_time\" content=\"2025-11-24T15:01:12+00:00\" \/>\n<meta property=\"article:modified_time\" content=\"2025-11-24T15:01:13+00:00\" \/>\n<meta property=\"og:image\" content=\"https:\/\/www.pogotowieflagowe.pl\/aktualne\/wp-content\/uploads\/2025\/11\/Kluczowe-rozmowy-bez-Polski-Sakiewicz-\u201ePremier-jest-traktowany-jak-persona.webp.webp\" \/>\n\t<meta property=\"og:image:width\" content=\"1280\" \/>\n\t<meta property=\"og:image:height\" content=\"720\" \/>\n\t<meta property=\"og:image:type\" content=\"image\/webp\" \/>\n<meta name=\"author\" content=\"Filip\" \/>\n<meta name=\"twitter:card\" content=\"summary_large_image\" \/>\n<meta name=\"twitter:label1\" content=\"Napisane przez\" \/>\n\t<meta name=\"twitter:data1\" content=\"Filip\" \/>\n\t<meta name=\"twitter:label2\" content=\"Szacowany czas czytania\" \/>\n\t<meta name=\"twitter:data2\" content=\"3 minuty\" \/>\n<script type=\"application\/ld+json\" class=\"yoast-schema-graph\">{\"@context\":\"https:\/\/schema.org\",\"@graph\":[{\"@type\":\"Article\",\"@id\":\"https:\/\/www.pogotowieflagowe.pl\/aktualne\/kluczowe-rozmowy-bez-polski-sakiewicz-premier-jest-traktowany-jak-persona-non-grata\/#article\",\"isPartOf\":{\"@id\":\"https:\/\/www.pogotowieflagowe.pl\/aktualne\/kluczowe-rozmowy-bez-polski-sakiewicz-premier-jest-traktowany-jak-persona-non-grata\/\"},\"author\":{\"name\":\"Filip\",\"@id\":\"https:\/\/www.pogotowieflagowe.pl\/aktualne\/#\/schema\/person\/9c2fb7d2362ebf6fa088960d7f0d27b0\"},\"headline\":\"Kluczowe rozmowy bez Polski. Sakiewicz: \u201ePremier jest traktowany jak persona non grata\u201d\",\"datePublished\":\"2025-11-24T15:01:12+00:00\",\"dateModified\":\"2025-11-24T15:01:13+00:00\",\"mainEntityOfPage\":{\"@id\":\"https:\/\/www.pogotowieflagowe.pl\/aktualne\/kluczowe-rozmowy-bez-polski-sakiewicz-premier-jest-traktowany-jak-persona-non-grata\/\"},\"wordCount\":550,\"commentCount\":0,\"publisher\":{\"@id\":\"https:\/\/www.pogotowieflagowe.pl\/aktualne\/#organization\"},\"image\":{\"@id\":\"https:\/\/www.pogotowieflagowe.pl\/aktualne\/kluczowe-rozmowy-bez-polski-sakiewicz-premier-jest-traktowany-jak-persona-non-grata\/#primaryimage\"},\"thumbnailUrl\":\"https:\/\/www.pogotowieflagowe.pl\/aktualne\/wp-content\/uploads\/2025\/11\/Kluczowe-rozmowy-bez-Polski-Sakiewicz-\u201ePremier-jest-traktowany-jak-persona.webp.webp\",\"keywords\":[\"bez\",\"grata\",\"Jak\",\"jest\",\"kluczowe\",\"persona\",\"polski\",\"Premier\",\"rozmowy\",\"Sakiewicz\",\"traktowany\"],\"articleSection\":[\"Polityka\"],\"inLanguage\":\"pl-PL\",\"potentialAction\":[{\"@type\":\"CommentAction\",\"name\":\"Comment\",\"target\":[\"https:\/\/www.pogotowieflagowe.pl\/aktualne\/kluczowe-rozmowy-bez-polski-sakiewicz-premier-jest-traktowany-jak-persona-non-grata\/#respond\"]}]},{\"@type\":\"WebPage\",\"@id\":\"https:\/\/www.pogotowieflagowe.pl\/aktualne\/kluczowe-rozmowy-bez-polski-sakiewicz-premier-jest-traktowany-jak-persona-non-grata\/\",\"url\":\"https:\/\/www.pogotowieflagowe.pl\/aktualne\/kluczowe-rozmowy-bez-polski-sakiewicz-premier-jest-traktowany-jak-persona-non-grata\/\",\"name\":\"Kluczowe rozmowy bez Polski. Sakiewicz: \u201ePremier jest traktowany jak persona non grata\u201d - POGOTOWIE FLAGOWE\u00ae\",\"isPartOf\":{\"@id\":\"https:\/\/www.pogotowieflagowe.pl\/aktualne\/#website\"},\"primaryImageOfPage\":{\"@id\":\"https:\/\/www.pogotowieflagowe.pl\/aktualne\/kluczowe-rozmowy-bez-polski-sakiewicz-premier-jest-traktowany-jak-persona-non-grata\/#primaryimage\"},\"image\":{\"@id\":\"https:\/\/www.pogotowieflagowe.pl\/aktualne\/kluczowe-rozmowy-bez-polski-sakiewicz-premier-jest-traktowany-jak-persona-non-grata\/#primaryimage\"},\"thumbnailUrl\":\"https:\/\/www.pogotowieflagowe.pl\/aktualne\/wp-content\/uploads\/2025\/11\/Kluczowe-rozmowy-bez-Polski-Sakiewicz-\u201ePremier-jest-traktowany-jak-persona.webp.webp\",\"datePublished\":\"2025-11-24T15:01:12+00:00\",\"dateModified\":\"2025-11-24T15:01:13+00:00\",\"breadcrumb\":{\"@id\":\"https:\/\/www.pogotowieflagowe.pl\/aktualne\/kluczowe-rozmowy-bez-polski-sakiewicz-premier-jest-traktowany-jak-persona-non-grata\/#breadcrumb\"},\"inLanguage\":\"pl-PL\",\"potentialAction\":[{\"@type\":\"ReadAction\",\"target\":[\"https:\/\/www.pogotowieflagowe.pl\/aktualne\/kluczowe-rozmowy-bez-polski-sakiewicz-premier-jest-traktowany-jak-persona-non-grata\/\"]}]},{\"@type\":\"ImageObject\",\"inLanguage\":\"pl-PL\",\"@id\":\"https:\/\/www.pogotowieflagowe.pl\/aktualne\/kluczowe-rozmowy-bez-polski-sakiewicz-premier-jest-traktowany-jak-persona-non-grata\/#primaryimage\",\"url\":\"https:\/\/www.pogotowieflagowe.pl\/aktualne\/wp-content\/uploads\/2025\/11\/Kluczowe-rozmowy-bez-Polski-Sakiewicz-\u201ePremier-jest-traktowany-jak-persona.webp.webp\",\"contentUrl\":\"https:\/\/www.pogotowieflagowe.pl\/aktualne\/wp-content\/uploads\/2025\/11\/Kluczowe-rozmowy-bez-Polski-Sakiewicz-\u201ePremier-jest-traktowany-jak-persona.webp.webp\",\"width\":1280,\"height\":720,\"caption\":\"Kluczowe rozmowy bez Polski. Sakiewicz: \u201ePremier jest traktowany jak persona non grata\u201d\"},{\"@type\":\"BreadcrumbList\",\"@id\":\"https:\/\/www.pogotowieflagowe.pl\/aktualne\/kluczowe-rozmowy-bez-polski-sakiewicz-premier-jest-traktowany-jak-persona-non-grata\/#breadcrumb\",\"itemListElement\":[{\"@type\":\"ListItem\",\"position\":1,\"name\":\"Home\",\"item\":\"https:\/\/www.pogotowieflagowe.pl\/aktualne\/\"},{\"@type\":\"ListItem\",\"position\":2,\"name\":\"Kluczowe rozmowy bez Polski. Sakiewicz: \u201ePremier jest traktowany jak persona non grata\u201d\"}]},{\"@type\":\"WebSite\",\"@id\":\"https:\/\/www.pogotowieflagowe.pl\/aktualne\/#website\",\"url\":\"https:\/\/www.pogotowieflagowe.pl\/aktualne\/\",\"name\":\"POGOTOWIE FLAGOWE\u00ae\",\"description\":\"\",\"publisher\":{\"@id\":\"https:\/\/www.pogotowieflagowe.pl\/aktualne\/#organization\"},\"potentialAction\":[{\"@type\":\"SearchAction\",\"target\":{\"@type\":\"EntryPoint\",\"urlTemplate\":\"https:\/\/www.pogotowieflagowe.pl\/aktualne\/?s={search_term_string}\"},\"query-input\":\"required name=search_term_string\"}],\"inLanguage\":\"pl-PL\"},{\"@type\":\"Organization\",\"@id\":\"https:\/\/www.pogotowieflagowe.pl\/aktualne\/#organization\",\"name\":\"POGOTOWIE FLAGOWE\u00ae\",\"url\":\"https:\/\/www.pogotowieflagowe.pl\/aktualne\/\",\"logo\":{\"@type\":\"ImageObject\",\"inLanguage\":\"pl-PL\",\"@id\":\"https:\/\/www.pogotowieflagowe.pl\/aktualne\/#\/schema\/logo\/image\/\",\"url\":\"https:\/\/www.pogotowieflagowe.pl\/aktualne\/wp-content\/uploads\/2024\/08\/cropped-pogotowieflagowe_flaga_projekt_sm.jpg\",\"contentUrl\":\"https:\/\/www.pogotowieflagowe.pl\/aktualne\/wp-content\/uploads\/2024\/08\/cropped-pogotowieflagowe_flaga_projekt_sm.jpg\",\"width\":250,\"height\":143,\"caption\":\"POGOTOWIE FLAGOWE\u00ae\"},\"image\":{\"@id\":\"https:\/\/www.pogotowieflagowe.pl\/aktualne\/#\/schema\/logo\/image\/\"}},{\"@type\":\"Person\",\"@id\":\"https:\/\/www.pogotowieflagowe.pl\/aktualne\/#\/schema\/person\/9c2fb7d2362ebf6fa088960d7f0d27b0\",\"name\":\"Filip\",\"image\":{\"@type\":\"ImageObject\",\"inLanguage\":\"pl-PL\",\"@id\":\"https:\/\/www.pogotowieflagowe.pl\/aktualne\/#\/schema\/person\/image\/\",\"url\":\"https:\/\/www.pogotowieflagowe.pl\/aktualne\/wp-content\/uploads\/2024\/08\/pogotowieflagowe.pl_.jpg\",\"contentUrl\":\"https:\/\/www.pogotowieflagowe.pl\/aktualne\/wp-content\/uploads\/2024\/08\/pogotowieflagowe.pl_.jpg\",\"caption\":\"Filip\"},\"description\":\"Jestem Filip, polski dziennikarz z dyplomem nauk politycznych Uniwersytetu Warszawskiego. Rozpoczynaj\u0105c swoj\u0105 karier\u0119 w r\u00f3\u017cnych lokalnych mediach, zdoby\u0142em solidne do\u015bwiadczenie w zakresie \u015bledztwa i redakcji. Obecnie jako redaktor w Pogotowie flagowe, staram si\u0119 dostarcza\u0107 dog\u0142\u0119bne i istotne analizy na temat najwa\u017cniejszych kwestii aktualno\u015bci, \u0142\u0105cz\u0105c rygor z pasj\u0105 dziennikarsk\u0105.\",\"sameAs\":[\"https:\/\/www.pogotowieflagowe.pl\/\"]}]}<\/script>\n<!-- \/ Yoast SEO plugin. -->","yoast_head_json":{"title":"Kluczowe rozmowy bez Polski. Sakiewicz: \u201ePremier jest traktowany jak persona non grata\u201d - POGOTOWIE FLAGOWE\u00ae","robots":{"index":"index","follow":"follow","max-snippet":"max-snippet:-1","max-image-preview":"max-image-preview:large","max-video-preview":"max-video-preview:-1"},"canonical":"https:\/\/www.pogotowieflagowe.pl\/aktualne\/kluczowe-rozmowy-bez-polski-sakiewicz-premier-jest-traktowany-jak-persona-non-grata\/","og_locale":"pl_PL","og_type":"article","og_title":"Kluczowe rozmowy bez Polski. Sakiewicz: \u201ePremier jest traktowany jak persona non grata\u201d - POGOTOWIE FLAGOWE\u00ae","og_description":"Na ca\u0142ym \u015bwiecie tocz\u0105 si\u0119 kluczowe rozmowy na temat pokoju na Ukrainie. Dlaczego strona polska nie bierze w nich udzia\u0142u?","og_url":"https:\/\/www.pogotowieflagowe.pl\/aktualne\/kluczowe-rozmowy-bez-polski-sakiewicz-premier-jest-traktowany-jak-persona-non-grata\/","og_site_name":"POGOTOWIE FLAGOWE\u00ae","article_published_time":"2025-11-24T15:01:12+00:00","article_modified_time":"2025-11-24T15:01:13+00:00","og_image":[{"width":1280,"height":720,"url":"https:\/\/www.pogotowieflagowe.pl\/aktualne\/wp-content\/uploads\/2025\/11\/Kluczowe-rozmowy-bez-Polski-Sakiewicz-\u201ePremier-jest-traktowany-jak-persona.webp.webp","type":"image\/webp"}],"author":"Filip","twitter_card":"summary_large_image","twitter_misc":{"Napisane przez":"Filip","Szacowany czas czytania":"3 minuty"},"schema":{"@context":"https:\/\/schema.org","@graph":[{"@type":"Article","@id":"https:\/\/www.pogotowieflagowe.pl\/aktualne\/kluczowe-rozmowy-bez-polski-sakiewicz-premier-jest-traktowany-jak-persona-non-grata\/#article","isPartOf":{"@id":"https:\/\/www.pogotowieflagowe.pl\/aktualne\/kluczowe-rozmowy-bez-polski-sakiewicz-premier-jest-traktowany-jak-persona-non-grata\/"},"author":{"name":"Filip","@id":"https:\/\/www.pogotowieflagowe.pl\/aktualne\/#\/schema\/person\/9c2fb7d2362ebf6fa088960d7f0d27b0"},"headline":"Kluczowe rozmowy bez Polski. Sakiewicz: \u201ePremier jest traktowany jak persona non grata\u201d","datePublished":"2025-11-24T15:01:12+00:00","dateModified":"2025-11-24T15:01:13+00:00","mainEntityOfPage":{"@id":"https:\/\/www.pogotowieflagowe.pl\/aktualne\/kluczowe-rozmowy-bez-polski-sakiewicz-premier-jest-traktowany-jak-persona-non-grata\/"},"wordCount":550,"commentCount":0,"publisher":{"@id":"https:\/\/www.pogotowieflagowe.pl\/aktualne\/#organization"},"image":{"@id":"https:\/\/www.pogotowieflagowe.pl\/aktualne\/kluczowe-rozmowy-bez-polski-sakiewicz-premier-jest-traktowany-jak-persona-non-grata\/#primaryimage"},"thumbnailUrl":"https:\/\/www.pogotowieflagowe.pl\/aktualne\/wp-content\/uploads\/2025\/11\/Kluczowe-rozmowy-bez-Polski-Sakiewicz-\u201ePremier-jest-traktowany-jak-persona.webp.webp","keywords":["bez","grata","Jak","jest","kluczowe","persona","polski","Premier","rozmowy","Sakiewicz","traktowany"],"articleSection":["Polityka"],"inLanguage":"pl-PL","potentialAction":[{"@type":"CommentAction","name":"Comment","target":["https:\/\/www.pogotowieflagowe.pl\/aktualne\/kluczowe-rozmowy-bez-polski-sakiewicz-premier-jest-traktowany-jak-persona-non-grata\/#respond"]}]},{"@type":"WebPage","@id":"https:\/\/www.pogotowieflagowe.pl\/aktualne\/kluczowe-rozmowy-bez-polski-sakiewicz-premier-jest-traktowany-jak-persona-non-grata\/","url":"https:\/\/www.pogotowieflagowe.pl\/aktualne\/kluczowe-rozmowy-bez-polski-sakiewicz-premier-jest-traktowany-jak-persona-non-grata\/","name":"Kluczowe rozmowy bez Polski. Sakiewicz: \u201ePremier jest traktowany jak persona non grata\u201d - POGOTOWIE FLAGOWE\u00ae","isPartOf":{"@id":"https:\/\/www.pogotowieflagowe.pl\/aktualne\/#website"},"primaryImageOfPage":{"@id":"https:\/\/www.pogotowieflagowe.pl\/aktualne\/kluczowe-rozmowy-bez-polski-sakiewicz-premier-jest-traktowany-jak-persona-non-grata\/#primaryimage"},"image":{"@id":"https:\/\/www.pogotowieflagowe.pl\/aktualne\/kluczowe-rozmowy-bez-polski-sakiewicz-premier-jest-traktowany-jak-persona-non-grata\/#primaryimage"},"thumbnailUrl":"https:\/\/www.pogotowieflagowe.pl\/aktualne\/wp-content\/uploads\/2025\/11\/Kluczowe-rozmowy-bez-Polski-Sakiewicz-\u201ePremier-jest-traktowany-jak-persona.webp.webp","datePublished":"2025-11-24T15:01:12+00:00","dateModified":"2025-11-24T15:01:13+00:00","breadcrumb":{"@id":"https:\/\/www.pogotowieflagowe.pl\/aktualne\/kluczowe-rozmowy-bez-polski-sakiewicz-premier-jest-traktowany-jak-persona-non-grata\/#breadcrumb"},"inLanguage":"pl-PL","potentialAction":[{"@type":"ReadAction","target":["https:\/\/www.pogotowieflagowe.pl\/aktualne\/kluczowe-rozmowy-bez-polski-sakiewicz-premier-jest-traktowany-jak-persona-non-grata\/"]}]},{"@type":"ImageObject","inLanguage":"pl-PL","@id":"https:\/\/www.pogotowieflagowe.pl\/aktualne\/kluczowe-rozmowy-bez-polski-sakiewicz-premier-jest-traktowany-jak-persona-non-grata\/#primaryimage","url":"https:\/\/www.pogotowieflagowe.pl\/aktualne\/wp-content\/uploads\/2025\/11\/Kluczowe-rozmowy-bez-Polski-Sakiewicz-\u201ePremier-jest-traktowany-jak-persona.webp.webp","contentUrl":"https:\/\/www.pogotowieflagowe.pl\/aktualne\/wp-content\/uploads\/2025\/11\/Kluczowe-rozmowy-bez-Polski-Sakiewicz-\u201ePremier-jest-traktowany-jak-persona.webp.webp","width":1280,"height":720,"caption":"Kluczowe rozmowy bez Polski. Sakiewicz: \u201ePremier jest traktowany jak persona non grata\u201d"},{"@type":"BreadcrumbList","@id":"https:\/\/www.pogotowieflagowe.pl\/aktualne\/kluczowe-rozmowy-bez-polski-sakiewicz-premier-jest-traktowany-jak-persona-non-grata\/#breadcrumb","itemListElement":[{"@type":"ListItem","position":1,"name":"Home","item":"https:\/\/www.pogotowieflagowe.pl\/aktualne\/"},{"@type":"ListItem","position":2,"name":"Kluczowe rozmowy bez Polski. Sakiewicz: \u201ePremier jest traktowany jak persona non grata\u201d"}]},{"@type":"WebSite","@id":"https:\/\/www.pogotowieflagowe.pl\/aktualne\/#website","url":"https:\/\/www.pogotowieflagowe.pl\/aktualne\/","name":"POGOTOWIE FLAGOWE\u00ae","description":"","publisher":{"@id":"https:\/\/www.pogotowieflagowe.pl\/aktualne\/#organization"},"potentialAction":[{"@type":"SearchAction","target":{"@type":"EntryPoint","urlTemplate":"https:\/\/www.pogotowieflagowe.pl\/aktualne\/?s={search_term_string}"},"query-input":"required name=search_term_string"}],"inLanguage":"pl-PL"},{"@type":"Organization","@id":"https:\/\/www.pogotowieflagowe.pl\/aktualne\/#organization","name":"POGOTOWIE FLAGOWE\u00ae","url":"https:\/\/www.pogotowieflagowe.pl\/aktualne\/","logo":{"@type":"ImageObject","inLanguage":"pl-PL","@id":"https:\/\/www.pogotowieflagowe.pl\/aktualne\/#\/schema\/logo\/image\/","url":"https:\/\/www.pogotowieflagowe.pl\/aktualne\/wp-content\/uploads\/2024\/08\/cropped-pogotowieflagowe_flaga_projekt_sm.jpg","contentUrl":"https:\/\/www.pogotowieflagowe.pl\/aktualne\/wp-content\/uploads\/2024\/08\/cropped-pogotowieflagowe_flaga_projekt_sm.jpg","width":250,"height":143,"caption":"POGOTOWIE FLAGOWE\u00ae"},"image":{"@id":"https:\/\/www.pogotowieflagowe.pl\/aktualne\/#\/schema\/logo\/image\/"}},{"@type":"Person","@id":"https:\/\/www.pogotowieflagowe.pl\/aktualne\/#\/schema\/person\/9c2fb7d2362ebf6fa088960d7f0d27b0","name":"Filip","image":{"@type":"ImageObject","inLanguage":"pl-PL","@id":"https:\/\/www.pogotowieflagowe.pl\/aktualne\/#\/schema\/person\/image\/","url":"https:\/\/www.pogotowieflagowe.pl\/aktualne\/wp-content\/uploads\/2024\/08\/pogotowieflagowe.pl_.jpg","contentUrl":"https:\/\/www.pogotowieflagowe.pl\/aktualne\/wp-content\/uploads\/2024\/08\/pogotowieflagowe.pl_.jpg","caption":"Filip"},"description":"Jestem Filip, polski dziennikarz z dyplomem nauk politycznych Uniwersytetu Warszawskiego. Rozpoczynaj\u0105c swoj\u0105 karier\u0119 w r\u00f3\u017cnych lokalnych mediach, zdoby\u0142em solidne do\u015bwiadczenie w zakresie \u015bledztwa i redakcji. Obecnie jako redaktor w Pogotowie flagowe, staram si\u0119 dostarcza\u0107 dog\u0142\u0119bne i istotne analizy na temat najwa\u017cniejszych kwestii aktualno\u015bci, \u0142\u0105cz\u0105c rygor z pasj\u0105 dziennikarsk\u0105.","sameAs":["https:\/\/www.pogotowieflagowe.pl\/"]}]}},"_links":{"self":[{"href":"https:\/\/www.pogotowieflagowe.pl\/aktualne\/wp-json\/wp\/v2\/posts\/10945","targetHints":{"allow":["GET"]}}],"collection":[{"href":"https:\/\/www.pogotowieflagowe.pl\/aktualne\/wp-json\/wp\/v2\/posts"}],"about":[{"href":"https:\/\/www.pogotowieflagowe.pl\/aktualne\/wp-json\/wp\/v2\/types\/post"}],"author":[{"embeddable":true,"href":"https:\/\/www.pogotowieflagowe.pl\/aktualne\/wp-json\/wp\/v2\/users\/1"}],"replies":[{"embeddable":true,"href":"https:\/\/www.pogotowieflagowe.pl\/aktualne\/wp-json\/wp\/v2\/comments?post=10945"}],"version-history":[{"count":1,"href":"https:\/\/www.pogotowieflagowe.pl\/aktualne\/wp-json\/wp\/v2\/posts\/10945\/revisions"}],"predecessor-version":[{"id":10947,"href":"https:\/\/www.pogotowieflagowe.pl\/aktualne\/wp-json\/wp\/v2\/posts\/10945\/revisions\/10947"}],"wp:featuredmedia":[{"embeddable":true,"href":"https:\/\/www.pogotowieflagowe.pl\/aktualne\/wp-json\/wp\/v2\/media\/10946"}],"wp:attachment":[{"href":"https:\/\/www.pogotowieflagowe.pl\/aktualne\/wp-json\/wp\/v2\/media?parent=10945"}],"wp:term":[{"taxonomy":"category","embeddable":true,"href":"https:\/\/www.pogotowieflagowe.pl\/aktualne\/wp-json\/wp\/v2\/categories?post=10945"},{"taxonomy":"post_tag","embeddable":true,"href":"https:\/\/www.pogotowieflagowe.pl\/aktualne\/wp-json\/wp\/v2\/tags?post=10945"}],"curies":[{"name":"wp","href":"https:\/\/api.w.org\/{rel}","templated":true}]}}