{"id":10990,"date":"2025-11-24T22:48:23","date_gmt":"2025-11-24T21:48:23","guid":{"rendered":"https:\/\/www.pogotowieflagowe.pl\/aktualne\/weto-czarzastego-marszalek-sejmu-przyznaje-ze-nie-ma-takiej-instytucji\/"},"modified":"2025-11-24T22:48:24","modified_gmt":"2025-11-24T21:48:24","slug":"weto-czarzastego-marszalek-sejmu-przyznaje-ze-nie-ma-takiej-instytucji","status":"publish","type":"post","link":"https:\/\/www.pogotowieflagowe.pl\/aktualne\/weto-czarzastego-marszalek-sejmu-przyznaje-ze-nie-ma-takiej-instytucji\/","title":{"rendered":"\u201eWeto\u201d Czarzastego. Marsza\u0142ek Sejmu przyznaje, \u017ce nie ma\u2026 \u201etakiej instytucji\u201d"},"content":{"rendered":"\n<div class=\"td_block_wrap tdb_single_content tdi_46 td-pb-border-top td_block_template_8 td-post-content tagdiv-type\" data-td-block-uid=\"tdi_46\">\n<style>.tdi_46{margines-g\u00f3rny:0px!important;margin-bottom:0px!important;dope\u0142nienie-g\u00f3ra:0px!important;dope\u0142nienie-d\u00f3\u0142:0px!important}<\/style>\n<style>.tdb_single_content{margin-bottom:0;*zoom:1}.tdb_single_content:before,.tdb_single_content:after{display:table;content:'';line-height:0}.tdb_single_content:after{clear:both}.tdb_single_content .tdb-block-inner>*:not(.wp-block-quote):not(.alignwide):not(.alignfull.wp-block-cover.has-parallax):not(.td-a-ad){margin-left:auto;margin-right:auto}.tdb_single_content a{pointer-events:auto}.tdb_single_content .td-spot-id-top_ad .tdc-placeholder-title:before{content:'Najlepsza reklama artyku\u0142u'!important}.tdb_single_content .td-spot-id-inline_ad0 .tdc-placeholder-title:before{content:'Reklama wbudowana artyku\u0142u 1'!important}.tdb_single_content .td-spot-id-inline_ad1 .tdc-placeholder-title:before{content:'Wbudowana reklama w artykule 2'!important}.tdb_single_content .td-spot-id-inline_ad2 .tdc-placeholder-title:before{content:'Wbudowana reklama w artykule 3'!important}.tdb_single_content .td-spot-id-bottom_ad .tdc-placeholder-title:before{content:'Article Bottom Ad'!important}.tdb_single_content .id_top_ad,.tdb_single_content .id_bottom_ad{clear:both;margin-bottom:21px;text-align:center}.tdb_single_content .id_top_ad img,.tdb_single_content .id_bottom_ad img{margin-bottom:0}.tdb_single_content .id_top_ad .adsbygoogle,.tdb_single_content .id_bottom_ad .adsbygoogle{position:relative}.tdb_single_content .id_ad_content-horiz-left,.tdb_single_content .id_ad_content-horiz-right,.tdb_single_content .id_ad_content-horiz-center{margin-bottom:15px}.tdb_single_content .id_ad_content-horiz-left img,.tdb_single_content .id_ad_content-horiz-right img,.tdb_single_content .id_ad_content-horiz-center img{margin-bottom:0}.tdb_single_content .id_ad_content-horiz-center{text-align:center}.tdb_single_content .id_ad_content-horiz-center img{margin-right:auto;margin-left:auto}.tdb_single_content .id_ad_content-horiz-left{float:left;margin-top:9px;margin-right:21px}.tdb_single_content .id_ad_content-horiz-right{float:right;margin-top:6px;margin-left:21px}.tdb_single_content .tdc-a-ad .tdc-placeholder-title{width:300px;height:250px}.tdb_single_content .tdc-a-ad .tdc-placeholder-title:before{position:absolute;top:50%;-webkit-transform:translateY(-50%);transform:translateY(-50%);margin:auto;display:table;width:100%}.tdb_single_content .tdb-block-inner.td-fix-index{word-break:break-word}.tdi_46,.tdi_46>p,.tdi_46 .tdb-block-inner>p,.wp-block-column>p{font-size:16px!important;line-height:1.6!important}.tdi_46 .tdb-block-inner blockquote p{font-style:normal!important}@media (max-width:767px){.tdb_single_content .id_ad_content-horiz-left,.tdb_single_content .id_ad_content-horiz-right,.tdb_single_content .id_ad_content-horiz-center{margin:0 auto 26 pikseli auto}}@media (max-width:767px){.tdb_single_content .id_ad_content-horiz-left{margin-right:0}}@media (max-width:767px){.tdb_single_content .id_ad_content-horiz-right{margin-left:0}}@media (max-width:767px){.tdb_single_content .td-a-ad{float:none;text-align:center}.tdb_single_content .td-a-ad img{margin-right:auto;margin-left:auto}.tdb_single_content .tdc-a-ad{float:none}}<\/style>\n<div class=\"tdb-block-inner td-fix-index\">\n<p>Marsza\u0142ek Sejmu W\u0142odzimierz Czarzasty przyzna\u0142, \u017ce w ustawie nie ma czego\u015b takiego jak \u201eweto marsza\u0142kowskie\u201d, o czym wspomnia\u0142 w swoim telewizyjnym wyst\u0105pieniu. Wyja\u015bni\u0142, \u017ce u\u017cy\u0142 tego terminu, poniewa\u017c by\u0142 to jego \u201eprotest\u201d. Pod jednym wzgl\u0119dem pozostaje jednak konsekwentny \u2013 deklaruje bezwarunkow\u0105 lojalno\u015b\u0107 wobec koalicji rz\u0105dz\u0105cej.<\/p>\n<p>W telewizyjnym wyst\u0105pieniu wyemitowanym w pi\u0105tkowy wiecz\u00f3r marsza\u0142ek Sejmu W\u0142odzimierz Czarzasty zapowiedzia\u0142, \u017ce zastosuje \u201eweto marsza\u0142kowskie\u201d wobec szkodliwych propozycji legislacyjnych, kt\u00f3re s\u0142u\u017c\u0105 populizmowi lub destabilizuj\u0105 funkcjonowanie pa\u0144stwa. Pose\u0142 Anna Maria \u017bukowska otwarcie przyzna\u0142a, \u017ce \u200b\u200bmia\u0142o to by\u0107 narz\u0119dzie skierowane przeciwko propozycjom prezydenta Karola Nawrockiego.<\/p>\n<p>Kilka dni p\u00f3\u017aniej marsza\u0142ek Sejmu zosta\u0142 zapytany w Polsat News, co dok\u0142adnie ma na my\u015bli.<\/p>\n<p>&#8222;Znam konstytucj\u0119, znam regulamin Sejmu. Wiem, jakie s\u0105 uprawnienia marsza\u0142ka. Nie ma takiej instytucji jak \u00abweto marsza\u0142ka\u00bb&#8221; &#8211; przyzna\u0142 szczerze Czarzasty.<\/p>\n<h2 class=\"wp-block-heading\">Dlaczego wi\u0119c m\u00f3wi\u0142 o zastosowaniu takiego \u201eweta\u201d?<\/h2>\n<p>\u201eTo m\u00f3j protest przeciwko absolutnie rodz\u0105cemu si\u0119 wok\u00f3\u0142 populizmowi\u201d \u2013 \u200b\u200bpowiedzia\u0142 kilka dni po kontrowersyjnym przem\u00f3wieniu.<\/p>\n<p>Jedno si\u0119 nie zmieni\u0142o \u2013 Czarzasty podtrzymuje swoje stanowisko dotycz\u0105ce lojalno\u015bci wobec koalicji rz\u0105dz\u0105cej. &#8222;Jeste\u015bmy koalicj\u0105 czterech partii. Jestem marsza\u0142kiem wybranym przez parlamentarzyst\u00f3w tych czterech partii. Jestem tutaj, aby wspiera\u0107 t\u0119 koalicj\u0119, wspiera\u0107 ten rz\u0105d, bo lewica ten rz\u0105d wsp\u00f3\u0142tworzy&#8221; &#8211; stwierdzi\u0142.<\/p>\n<p>\u201eDlatego nie b\u0119d\u0119 podejmowa\u0142 \u017cadnych krok\u00f3w, kt\u00f3re wprowadza\u0142yby elementy chaosu, nerwowo\u015bci, tego typu sytuacji, bo taki nie jestem\u201d \u2013 doda\u0142. Przyk\u0142ad by\u0142 ju\u017c w wywiadzie \u2013 Czarzasty zasugerowa\u0142, \u017ce za kadencji Ho\u0142owni te\u017c by\u0142a \u201ezamra\u017carka\u201d, ale nie chcia\u0142 krytykowa\u0107 swojego poprzednika.<\/p>\n<\/div>\n<\/div>\n","protected":false},"excerpt":{"rendered":"<p>Marsza\u0142ek Sejmu W\u0142odzimierz Czarzasty przyzna\u0142, \u017ce w ustawie nie ma czego\u015b takiego jak \u201eweto marsza\u0142kowskie\u201d, o czym wspomnia\u0142 w swoim<\/p>\n","protected":false},"author":1,"featured_media":10991,"comment_status":"open","ping_status":"open","sticky":false,"template":"","format":"standard","meta":{"footnotes":""},"categories":[4748],"tags":[12214,10410,10459,450,5840,11111,12411,7383,453],"class_list":["post-10990","post","type-post","status-publish","format-standard","has-post-thumbnail","hentry","category-aktualne","tag-czarzastego","tag-instytucji","tag-marszalek","tag-nie","tag-przyznaje","tag-sejmu","tag-takiej","tag-weto","tag-ze","generate-columns","tablet-grid-50","mobile-grid-100","grid-parent","grid-50","resize-featured-image"],"yoast_head":"<!-- This site is optimized with the Yoast SEO plugin v23.2 - https:\/\/yoast.com\/wordpress\/plugins\/seo\/ -->\n<title>\u201eWeto\u201d Czarzastego. Marsza\u0142ek Sejmu przyznaje, \u017ce nie ma\u2026 \u201etakiej instytucji\u201d - POGOTOWIE FLAGOWE\u00ae<\/title>\n<meta name=\"robots\" content=\"index, follow, max-snippet:-1, max-image-preview:large, max-video-preview:-1\" \/>\n<link rel=\"canonical\" href=\"https:\/\/www.pogotowieflagowe.pl\/aktualne\/weto-czarzastego-marszalek-sejmu-przyznaje-ze-nie-ma-takiej-instytucji\/\" \/>\n<meta property=\"og:locale\" content=\"pl_PL\" \/>\n<meta property=\"og:type\" content=\"article\" \/>\n<meta property=\"og:title\" content=\"\u201eWeto\u201d Czarzastego. Marsza\u0142ek Sejmu przyznaje, \u017ce nie ma\u2026 \u201etakiej instytucji\u201d - POGOTOWIE FLAGOWE\u00ae\" \/>\n<meta property=\"og:description\" content=\"Marsza\u0142ek Sejmu W\u0142odzimierz Czarzasty przyzna\u0142, \u017ce w ustawie nie ma czego\u015b takiego jak \u201eweto marsza\u0142kowskie\u201d, o czym wspomnia\u0142 w swoim\" \/>\n<meta property=\"og:url\" content=\"https:\/\/www.pogotowieflagowe.pl\/aktualne\/weto-czarzastego-marszalek-sejmu-przyznaje-ze-nie-ma-takiej-instytucji\/\" \/>\n<meta property=\"og:site_name\" content=\"POGOTOWIE FLAGOWE\u00ae\" \/>\n<meta property=\"article:published_time\" content=\"2025-11-24T21:48:23+00:00\" \/>\n<meta property=\"article:modified_time\" content=\"2025-11-24T21:48:24+00:00\" \/>\n<meta property=\"og:image\" content=\"https:\/\/www.pogotowieflagowe.pl\/aktualne\/wp-content\/uploads\/2025\/11\/\u201eWeto-Czarzastego-Marszalek-Sejmu-przyznaje-ze-nie-ma\u2026-\u201etakiej-instytucji.webp.webp\" \/>\n\t<meta property=\"og:image:width\" content=\"1280\" \/>\n\t<meta property=\"og:image:height\" content=\"719\" \/>\n\t<meta property=\"og:image:type\" content=\"image\/webp\" \/>\n<meta name=\"author\" content=\"Filip\" \/>\n<meta name=\"twitter:card\" content=\"summary_large_image\" \/>\n<meta name=\"twitter:label1\" content=\"Napisane przez\" \/>\n\t<meta name=\"twitter:data1\" content=\"Filip\" \/>\n\t<meta name=\"twitter:label2\" content=\"Szacowany czas czytania\" \/>\n\t<meta name=\"twitter:data2\" content=\"1 minuta\" \/>\n<script type=\"application\/ld+json\" class=\"yoast-schema-graph\">{\"@context\":\"https:\/\/schema.org\",\"@graph\":[{\"@type\":\"Article\",\"@id\":\"https:\/\/www.pogotowieflagowe.pl\/aktualne\/weto-czarzastego-marszalek-sejmu-przyznaje-ze-nie-ma-takiej-instytucji\/#article\",\"isPartOf\":{\"@id\":\"https:\/\/www.pogotowieflagowe.pl\/aktualne\/weto-czarzastego-marszalek-sejmu-przyznaje-ze-nie-ma-takiej-instytucji\/\"},\"author\":{\"name\":\"Filip\",\"@id\":\"https:\/\/www.pogotowieflagowe.pl\/aktualne\/#\/schema\/person\/9c2fb7d2362ebf6fa088960d7f0d27b0\"},\"headline\":\"\u201eWeto\u201d Czarzastego. Marsza\u0142ek Sejmu przyznaje, \u017ce nie ma\u2026 \u201etakiej instytucji\u201d\",\"datePublished\":\"2025-11-24T21:48:23+00:00\",\"dateModified\":\"2025-11-24T21:48:24+00:00\",\"mainEntityOfPage\":{\"@id\":\"https:\/\/www.pogotowieflagowe.pl\/aktualne\/weto-czarzastego-marszalek-sejmu-przyznaje-ze-nie-ma-takiej-instytucji\/\"},\"wordCount\":289,\"commentCount\":0,\"publisher\":{\"@id\":\"https:\/\/www.pogotowieflagowe.pl\/aktualne\/#organization\"},\"image\":{\"@id\":\"https:\/\/www.pogotowieflagowe.pl\/aktualne\/weto-czarzastego-marszalek-sejmu-przyznaje-ze-nie-ma-takiej-instytucji\/#primaryimage\"},\"thumbnailUrl\":\"https:\/\/www.pogotowieflagowe.pl\/aktualne\/wp-content\/uploads\/2025\/11\/\u201eWeto-Czarzastego-Marszalek-Sejmu-przyznaje-ze-nie-ma\u2026-\u201etakiej-instytucji.webp.webp\",\"keywords\":[\"Czarzastego\",\"instytucji\",\"Marsza\u0142ek\",\"Nie\",\"przyznaje\",\"Sejmu\",\"takiej\",\"Weto\",\"\u017ce\"],\"articleSection\":[\"Aktualne\"],\"inLanguage\":\"pl-PL\",\"potentialAction\":[{\"@type\":\"CommentAction\",\"name\":\"Comment\",\"target\":[\"https:\/\/www.pogotowieflagowe.pl\/aktualne\/weto-czarzastego-marszalek-sejmu-przyznaje-ze-nie-ma-takiej-instytucji\/#respond\"]}]},{\"@type\":\"WebPage\",\"@id\":\"https:\/\/www.pogotowieflagowe.pl\/aktualne\/weto-czarzastego-marszalek-sejmu-przyznaje-ze-nie-ma-takiej-instytucji\/\",\"url\":\"https:\/\/www.pogotowieflagowe.pl\/aktualne\/weto-czarzastego-marszalek-sejmu-przyznaje-ze-nie-ma-takiej-instytucji\/\",\"name\":\"\u201eWeto\u201d Czarzastego. Marsza\u0142ek Sejmu przyznaje, \u017ce nie ma\u2026 \u201etakiej instytucji\u201d - POGOTOWIE FLAGOWE\u00ae\",\"isPartOf\":{\"@id\":\"https:\/\/www.pogotowieflagowe.pl\/aktualne\/#website\"},\"primaryImageOfPage\":{\"@id\":\"https:\/\/www.pogotowieflagowe.pl\/aktualne\/weto-czarzastego-marszalek-sejmu-przyznaje-ze-nie-ma-takiej-instytucji\/#primaryimage\"},\"image\":{\"@id\":\"https:\/\/www.pogotowieflagowe.pl\/aktualne\/weto-czarzastego-marszalek-sejmu-przyznaje-ze-nie-ma-takiej-instytucji\/#primaryimage\"},\"thumbnailUrl\":\"https:\/\/www.pogotowieflagowe.pl\/aktualne\/wp-content\/uploads\/2025\/11\/\u201eWeto-Czarzastego-Marszalek-Sejmu-przyznaje-ze-nie-ma\u2026-\u201etakiej-instytucji.webp.webp\",\"datePublished\":\"2025-11-24T21:48:23+00:00\",\"dateModified\":\"2025-11-24T21:48:24+00:00\",\"breadcrumb\":{\"@id\":\"https:\/\/www.pogotowieflagowe.pl\/aktualne\/weto-czarzastego-marszalek-sejmu-przyznaje-ze-nie-ma-takiej-instytucji\/#breadcrumb\"},\"inLanguage\":\"pl-PL\",\"potentialAction\":[{\"@type\":\"ReadAction\",\"target\":[\"https:\/\/www.pogotowieflagowe.pl\/aktualne\/weto-czarzastego-marszalek-sejmu-przyznaje-ze-nie-ma-takiej-instytucji\/\"]}]},{\"@type\":\"ImageObject\",\"inLanguage\":\"pl-PL\",\"@id\":\"https:\/\/www.pogotowieflagowe.pl\/aktualne\/weto-czarzastego-marszalek-sejmu-przyznaje-ze-nie-ma-takiej-instytucji\/#primaryimage\",\"url\":\"https:\/\/www.pogotowieflagowe.pl\/aktualne\/wp-content\/uploads\/2025\/11\/\u201eWeto-Czarzastego-Marszalek-Sejmu-przyznaje-ze-nie-ma\u2026-\u201etakiej-instytucji.webp.webp\",\"contentUrl\":\"https:\/\/www.pogotowieflagowe.pl\/aktualne\/wp-content\/uploads\/2025\/11\/\u201eWeto-Czarzastego-Marszalek-Sejmu-przyznaje-ze-nie-ma\u2026-\u201etakiej-instytucji.webp.webp\",\"width\":1280,\"height\":719,\"caption\":\"\u201eWeto\u201d Czarzastego. Marsza\u0142ek Sejmu przyznaje, \u017ce nie ma\u2026 \u201etakiej instytucji\u201d\"},{\"@type\":\"BreadcrumbList\",\"@id\":\"https:\/\/www.pogotowieflagowe.pl\/aktualne\/weto-czarzastego-marszalek-sejmu-przyznaje-ze-nie-ma-takiej-instytucji\/#breadcrumb\",\"itemListElement\":[{\"@type\":\"ListItem\",\"position\":1,\"name\":\"Home\",\"item\":\"https:\/\/www.pogotowieflagowe.pl\/aktualne\/\"},{\"@type\":\"ListItem\",\"position\":2,\"name\":\"\u201eWeto\u201d Czarzastego. Marsza\u0142ek Sejmu przyznaje, \u017ce nie ma\u2026 \u201etakiej instytucji\u201d\"}]},{\"@type\":\"WebSite\",\"@id\":\"https:\/\/www.pogotowieflagowe.pl\/aktualne\/#website\",\"url\":\"https:\/\/www.pogotowieflagowe.pl\/aktualne\/\",\"name\":\"POGOTOWIE FLAGOWE\u00ae\",\"description\":\"\",\"publisher\":{\"@id\":\"https:\/\/www.pogotowieflagowe.pl\/aktualne\/#organization\"},\"potentialAction\":[{\"@type\":\"SearchAction\",\"target\":{\"@type\":\"EntryPoint\",\"urlTemplate\":\"https:\/\/www.pogotowieflagowe.pl\/aktualne\/?s={search_term_string}\"},\"query-input\":\"required name=search_term_string\"}],\"inLanguage\":\"pl-PL\"},{\"@type\":\"Organization\",\"@id\":\"https:\/\/www.pogotowieflagowe.pl\/aktualne\/#organization\",\"name\":\"POGOTOWIE FLAGOWE\u00ae\",\"url\":\"https:\/\/www.pogotowieflagowe.pl\/aktualne\/\",\"logo\":{\"@type\":\"ImageObject\",\"inLanguage\":\"pl-PL\",\"@id\":\"https:\/\/www.pogotowieflagowe.pl\/aktualne\/#\/schema\/logo\/image\/\",\"url\":\"https:\/\/www.pogotowieflagowe.pl\/aktualne\/wp-content\/uploads\/2024\/08\/cropped-pogotowieflagowe_flaga_projekt_sm.jpg\",\"contentUrl\":\"https:\/\/www.pogotowieflagowe.pl\/aktualne\/wp-content\/uploads\/2024\/08\/cropped-pogotowieflagowe_flaga_projekt_sm.jpg\",\"width\":250,\"height\":143,\"caption\":\"POGOTOWIE FLAGOWE\u00ae\"},\"image\":{\"@id\":\"https:\/\/www.pogotowieflagowe.pl\/aktualne\/#\/schema\/logo\/image\/\"}},{\"@type\":\"Person\",\"@id\":\"https:\/\/www.pogotowieflagowe.pl\/aktualne\/#\/schema\/person\/9c2fb7d2362ebf6fa088960d7f0d27b0\",\"name\":\"Filip\",\"image\":{\"@type\":\"ImageObject\",\"inLanguage\":\"pl-PL\",\"@id\":\"https:\/\/www.pogotowieflagowe.pl\/aktualne\/#\/schema\/person\/image\/\",\"url\":\"https:\/\/www.pogotowieflagowe.pl\/aktualne\/wp-content\/uploads\/2024\/08\/pogotowieflagowe.pl_.jpg\",\"contentUrl\":\"https:\/\/www.pogotowieflagowe.pl\/aktualne\/wp-content\/uploads\/2024\/08\/pogotowieflagowe.pl_.jpg\",\"caption\":\"Filip\"},\"description\":\"Jestem Filip, polski dziennikarz z dyplomem nauk politycznych Uniwersytetu Warszawskiego. Rozpoczynaj\u0105c swoj\u0105 karier\u0119 w r\u00f3\u017cnych lokalnych mediach, zdoby\u0142em solidne do\u015bwiadczenie w zakresie \u015bledztwa i redakcji. Obecnie jako redaktor w Pogotowie flagowe, staram si\u0119 dostarcza\u0107 dog\u0142\u0119bne i istotne analizy na temat najwa\u017cniejszych kwestii aktualno\u015bci, \u0142\u0105cz\u0105c rygor z pasj\u0105 dziennikarsk\u0105.\",\"sameAs\":[\"https:\/\/www.pogotowieflagowe.pl\/\"]}]}<\/script>\n<!-- \/ Yoast SEO plugin. -->","yoast_head_json":{"title":"\u201eWeto\u201d Czarzastego. Marsza\u0142ek Sejmu przyznaje, \u017ce nie ma\u2026 \u201etakiej instytucji\u201d - POGOTOWIE FLAGOWE\u00ae","robots":{"index":"index","follow":"follow","max-snippet":"max-snippet:-1","max-image-preview":"max-image-preview:large","max-video-preview":"max-video-preview:-1"},"canonical":"https:\/\/www.pogotowieflagowe.pl\/aktualne\/weto-czarzastego-marszalek-sejmu-przyznaje-ze-nie-ma-takiej-instytucji\/","og_locale":"pl_PL","og_type":"article","og_title":"\u201eWeto\u201d Czarzastego. Marsza\u0142ek Sejmu przyznaje, \u017ce nie ma\u2026 \u201etakiej instytucji\u201d - POGOTOWIE FLAGOWE\u00ae","og_description":"Marsza\u0142ek Sejmu W\u0142odzimierz Czarzasty przyzna\u0142, \u017ce w ustawie nie ma czego\u015b takiego jak \u201eweto marsza\u0142kowskie\u201d, o czym wspomnia\u0142 w swoim","og_url":"https:\/\/www.pogotowieflagowe.pl\/aktualne\/weto-czarzastego-marszalek-sejmu-przyznaje-ze-nie-ma-takiej-instytucji\/","og_site_name":"POGOTOWIE FLAGOWE\u00ae","article_published_time":"2025-11-24T21:48:23+00:00","article_modified_time":"2025-11-24T21:48:24+00:00","og_image":[{"width":1280,"height":719,"url":"https:\/\/www.pogotowieflagowe.pl\/aktualne\/wp-content\/uploads\/2025\/11\/\u201eWeto-Czarzastego-Marszalek-Sejmu-przyznaje-ze-nie-ma\u2026-\u201etakiej-instytucji.webp.webp","type":"image\/webp"}],"author":"Filip","twitter_card":"summary_large_image","twitter_misc":{"Napisane przez":"Filip","Szacowany czas czytania":"1 minuta"},"schema":{"@context":"https:\/\/schema.org","@graph":[{"@type":"Article","@id":"https:\/\/www.pogotowieflagowe.pl\/aktualne\/weto-czarzastego-marszalek-sejmu-przyznaje-ze-nie-ma-takiej-instytucji\/#article","isPartOf":{"@id":"https:\/\/www.pogotowieflagowe.pl\/aktualne\/weto-czarzastego-marszalek-sejmu-przyznaje-ze-nie-ma-takiej-instytucji\/"},"author":{"name":"Filip","@id":"https:\/\/www.pogotowieflagowe.pl\/aktualne\/#\/schema\/person\/9c2fb7d2362ebf6fa088960d7f0d27b0"},"headline":"\u201eWeto\u201d Czarzastego. Marsza\u0142ek Sejmu przyznaje, \u017ce nie ma\u2026 \u201etakiej instytucji\u201d","datePublished":"2025-11-24T21:48:23+00:00","dateModified":"2025-11-24T21:48:24+00:00","mainEntityOfPage":{"@id":"https:\/\/www.pogotowieflagowe.pl\/aktualne\/weto-czarzastego-marszalek-sejmu-przyznaje-ze-nie-ma-takiej-instytucji\/"},"wordCount":289,"commentCount":0,"publisher":{"@id":"https:\/\/www.pogotowieflagowe.pl\/aktualne\/#organization"},"image":{"@id":"https:\/\/www.pogotowieflagowe.pl\/aktualne\/weto-czarzastego-marszalek-sejmu-przyznaje-ze-nie-ma-takiej-instytucji\/#primaryimage"},"thumbnailUrl":"https:\/\/www.pogotowieflagowe.pl\/aktualne\/wp-content\/uploads\/2025\/11\/\u201eWeto-Czarzastego-Marszalek-Sejmu-przyznaje-ze-nie-ma\u2026-\u201etakiej-instytucji.webp.webp","keywords":["Czarzastego","instytucji","Marsza\u0142ek","Nie","przyznaje","Sejmu","takiej","Weto","\u017ce"],"articleSection":["Aktualne"],"inLanguage":"pl-PL","potentialAction":[{"@type":"CommentAction","name":"Comment","target":["https:\/\/www.pogotowieflagowe.pl\/aktualne\/weto-czarzastego-marszalek-sejmu-przyznaje-ze-nie-ma-takiej-instytucji\/#respond"]}]},{"@type":"WebPage","@id":"https:\/\/www.pogotowieflagowe.pl\/aktualne\/weto-czarzastego-marszalek-sejmu-przyznaje-ze-nie-ma-takiej-instytucji\/","url":"https:\/\/www.pogotowieflagowe.pl\/aktualne\/weto-czarzastego-marszalek-sejmu-przyznaje-ze-nie-ma-takiej-instytucji\/","name":"\u201eWeto\u201d Czarzastego. Marsza\u0142ek Sejmu przyznaje, \u017ce nie ma\u2026 \u201etakiej instytucji\u201d - POGOTOWIE FLAGOWE\u00ae","isPartOf":{"@id":"https:\/\/www.pogotowieflagowe.pl\/aktualne\/#website"},"primaryImageOfPage":{"@id":"https:\/\/www.pogotowieflagowe.pl\/aktualne\/weto-czarzastego-marszalek-sejmu-przyznaje-ze-nie-ma-takiej-instytucji\/#primaryimage"},"image":{"@id":"https:\/\/www.pogotowieflagowe.pl\/aktualne\/weto-czarzastego-marszalek-sejmu-przyznaje-ze-nie-ma-takiej-instytucji\/#primaryimage"},"thumbnailUrl":"https:\/\/www.pogotowieflagowe.pl\/aktualne\/wp-content\/uploads\/2025\/11\/\u201eWeto-Czarzastego-Marszalek-Sejmu-przyznaje-ze-nie-ma\u2026-\u201etakiej-instytucji.webp.webp","datePublished":"2025-11-24T21:48:23+00:00","dateModified":"2025-11-24T21:48:24+00:00","breadcrumb":{"@id":"https:\/\/www.pogotowieflagowe.pl\/aktualne\/weto-czarzastego-marszalek-sejmu-przyznaje-ze-nie-ma-takiej-instytucji\/#breadcrumb"},"inLanguage":"pl-PL","potentialAction":[{"@type":"ReadAction","target":["https:\/\/www.pogotowieflagowe.pl\/aktualne\/weto-czarzastego-marszalek-sejmu-przyznaje-ze-nie-ma-takiej-instytucji\/"]}]},{"@type":"ImageObject","inLanguage":"pl-PL","@id":"https:\/\/www.pogotowieflagowe.pl\/aktualne\/weto-czarzastego-marszalek-sejmu-przyznaje-ze-nie-ma-takiej-instytucji\/#primaryimage","url":"https:\/\/www.pogotowieflagowe.pl\/aktualne\/wp-content\/uploads\/2025\/11\/\u201eWeto-Czarzastego-Marszalek-Sejmu-przyznaje-ze-nie-ma\u2026-\u201etakiej-instytucji.webp.webp","contentUrl":"https:\/\/www.pogotowieflagowe.pl\/aktualne\/wp-content\/uploads\/2025\/11\/\u201eWeto-Czarzastego-Marszalek-Sejmu-przyznaje-ze-nie-ma\u2026-\u201etakiej-instytucji.webp.webp","width":1280,"height":719,"caption":"\u201eWeto\u201d Czarzastego. Marsza\u0142ek Sejmu przyznaje, \u017ce nie ma\u2026 \u201etakiej instytucji\u201d"},{"@type":"BreadcrumbList","@id":"https:\/\/www.pogotowieflagowe.pl\/aktualne\/weto-czarzastego-marszalek-sejmu-przyznaje-ze-nie-ma-takiej-instytucji\/#breadcrumb","itemListElement":[{"@type":"ListItem","position":1,"name":"Home","item":"https:\/\/www.pogotowieflagowe.pl\/aktualne\/"},{"@type":"ListItem","position":2,"name":"\u201eWeto\u201d Czarzastego. Marsza\u0142ek Sejmu przyznaje, \u017ce nie ma\u2026 \u201etakiej instytucji\u201d"}]},{"@type":"WebSite","@id":"https:\/\/www.pogotowieflagowe.pl\/aktualne\/#website","url":"https:\/\/www.pogotowieflagowe.pl\/aktualne\/","name":"POGOTOWIE FLAGOWE\u00ae","description":"","publisher":{"@id":"https:\/\/www.pogotowieflagowe.pl\/aktualne\/#organization"},"potentialAction":[{"@type":"SearchAction","target":{"@type":"EntryPoint","urlTemplate":"https:\/\/www.pogotowieflagowe.pl\/aktualne\/?s={search_term_string}"},"query-input":"required name=search_term_string"}],"inLanguage":"pl-PL"},{"@type":"Organization","@id":"https:\/\/www.pogotowieflagowe.pl\/aktualne\/#organization","name":"POGOTOWIE FLAGOWE\u00ae","url":"https:\/\/www.pogotowieflagowe.pl\/aktualne\/","logo":{"@type":"ImageObject","inLanguage":"pl-PL","@id":"https:\/\/www.pogotowieflagowe.pl\/aktualne\/#\/schema\/logo\/image\/","url":"https:\/\/www.pogotowieflagowe.pl\/aktualne\/wp-content\/uploads\/2024\/08\/cropped-pogotowieflagowe_flaga_projekt_sm.jpg","contentUrl":"https:\/\/www.pogotowieflagowe.pl\/aktualne\/wp-content\/uploads\/2024\/08\/cropped-pogotowieflagowe_flaga_projekt_sm.jpg","width":250,"height":143,"caption":"POGOTOWIE FLAGOWE\u00ae"},"image":{"@id":"https:\/\/www.pogotowieflagowe.pl\/aktualne\/#\/schema\/logo\/image\/"}},{"@type":"Person","@id":"https:\/\/www.pogotowieflagowe.pl\/aktualne\/#\/schema\/person\/9c2fb7d2362ebf6fa088960d7f0d27b0","name":"Filip","image":{"@type":"ImageObject","inLanguage":"pl-PL","@id":"https:\/\/www.pogotowieflagowe.pl\/aktualne\/#\/schema\/person\/image\/","url":"https:\/\/www.pogotowieflagowe.pl\/aktualne\/wp-content\/uploads\/2024\/08\/pogotowieflagowe.pl_.jpg","contentUrl":"https:\/\/www.pogotowieflagowe.pl\/aktualne\/wp-content\/uploads\/2024\/08\/pogotowieflagowe.pl_.jpg","caption":"Filip"},"description":"Jestem Filip, polski dziennikarz z dyplomem nauk politycznych Uniwersytetu Warszawskiego. Rozpoczynaj\u0105c swoj\u0105 karier\u0119 w r\u00f3\u017cnych lokalnych mediach, zdoby\u0142em solidne do\u015bwiadczenie w zakresie \u015bledztwa i redakcji. Obecnie jako redaktor w Pogotowie flagowe, staram si\u0119 dostarcza\u0107 dog\u0142\u0119bne i istotne analizy na temat najwa\u017cniejszych kwestii aktualno\u015bci, \u0142\u0105cz\u0105c rygor z pasj\u0105 dziennikarsk\u0105.","sameAs":["https:\/\/www.pogotowieflagowe.pl\/"]}]}},"_links":{"self":[{"href":"https:\/\/www.pogotowieflagowe.pl\/aktualne\/wp-json\/wp\/v2\/posts\/10990","targetHints":{"allow":["GET"]}}],"collection":[{"href":"https:\/\/www.pogotowieflagowe.pl\/aktualne\/wp-json\/wp\/v2\/posts"}],"about":[{"href":"https:\/\/www.pogotowieflagowe.pl\/aktualne\/wp-json\/wp\/v2\/types\/post"}],"author":[{"embeddable":true,"href":"https:\/\/www.pogotowieflagowe.pl\/aktualne\/wp-json\/wp\/v2\/users\/1"}],"replies":[{"embeddable":true,"href":"https:\/\/www.pogotowieflagowe.pl\/aktualne\/wp-json\/wp\/v2\/comments?post=10990"}],"version-history":[{"count":1,"href":"https:\/\/www.pogotowieflagowe.pl\/aktualne\/wp-json\/wp\/v2\/posts\/10990\/revisions"}],"predecessor-version":[{"id":10992,"href":"https:\/\/www.pogotowieflagowe.pl\/aktualne\/wp-json\/wp\/v2\/posts\/10990\/revisions\/10992"}],"wp:featuredmedia":[{"embeddable":true,"href":"https:\/\/www.pogotowieflagowe.pl\/aktualne\/wp-json\/wp\/v2\/media\/10991"}],"wp:attachment":[{"href":"https:\/\/www.pogotowieflagowe.pl\/aktualne\/wp-json\/wp\/v2\/media?parent=10990"}],"wp:term":[{"taxonomy":"category","embeddable":true,"href":"https:\/\/www.pogotowieflagowe.pl\/aktualne\/wp-json\/wp\/v2\/categories?post=10990"},{"taxonomy":"post_tag","embeddable":true,"href":"https:\/\/www.pogotowieflagowe.pl\/aktualne\/wp-json\/wp\/v2\/tags?post=10990"}],"curies":[{"name":"wp","href":"https:\/\/api.w.org\/{rel}","templated":true}]}}