{"id":11013,"date":"2025-11-25T21:45:00","date_gmt":"2025-11-25T20:45:00","guid":{"rendered":"https:\/\/www.pogotowieflagowe.pl\/aktualne\/brutalnie-obezwladniony-i-skazany-za-obraze-tuska-sad-wybiorczo-potraktowal-zeznania-policji\/"},"modified":"2025-11-25T21:45:02","modified_gmt":"2025-11-25T20:45:02","slug":"brutalnie-obezwladniony-i-skazany-za-obraze-tuska-sad-wybiorczo-potraktowal-zeznania-policji","status":"publish","type":"post","link":"https:\/\/www.pogotowieflagowe.pl\/aktualne\/brutalnie-obezwladniony-i-skazany-za-obraze-tuska-sad-wybiorczo-potraktowal-zeznania-policji\/","title":{"rendered":"Brutalnie obezw\u0142adniony i skazany za obraz\u0119 Tuska. S\u0105d wybi\u00f3rczo potraktowa\u0142 zeznania policji"},"content":{"rendered":"\n<div class=\"td_block_wrap tdb_single_content tdi_46 td-pb-border-top td_block_template_8 td-post-content tagdiv-type\" data-td-block-uid=\"tdi_46\">\n<style>.tdi_46{margines-g\u00f3rny:0px!important;margin-bottom:0px!important;dope\u0142nienie-g\u00f3ra:0px!important;dope\u0142nienie-d\u00f3\u0142:0px!important}<\/style>\n<style>.tdb_single_content{margin-bottom:0;*zoom:1}.tdb_single_content:before,.tdb_single_content:after{display:table;content:'';line-height:0}.tdb_single_content:after{clear:both}.tdb_single_content .tdb-block-inner>*:not(.wp-block-quote):not(.alignwide):not(.alignfull.wp-block-cover.has-parallax):not(.td-a-ad){margin-left:auto;margin-right:auto}.tdb_single_content a{pointer-events:auto}.tdb_single_content .td-spot-id-top_ad .tdc-placeholder-title:before{content:'Najlepsza reklama artyku\u0142u'!important}.tdb_single_content .td-spot-id-inline_ad0 .tdc-placeholder-title:before{content:'Reklama wbudowana artyku\u0142u 1'!important}.tdb_single_content .td-spot-id-inline_ad1 .tdc-placeholder-title:before{content:'Wbudowana reklama w artykule 2'!important}.tdb_single_content .td-spot-id-inline_ad2 .tdc-placeholder-title:before{content:'Wbudowana reklama w artykule 3'!important}.tdb_single_content .td-spot-id-bottom_ad .tdc-placeholder-title:before{content:'Article Bottom Ad'!important}.tdb_single_content .id_top_ad,.tdb_single_content .id_bottom_ad{clear:both;margin-bottom:21px;text-align:center}.tdb_single_content .id_top_ad img,.tdb_single_content .id_bottom_ad img{margin-bottom:0}.tdb_single_content .id_top_ad .adsbygoogle,.tdb_single_content .id_bottom_ad .adsbygoogle{position:relative}.tdb_single_content .id_ad_content-horiz-left,.tdb_single_content .id_ad_content-horiz-right,.tdb_single_content .id_ad_content-horiz-center{margin-bottom:15px}.tdb_single_content .id_ad_content-horiz-left img,.tdb_single_content .id_ad_content-horiz-right img,.tdb_single_content .id_ad_content-horiz-center img{margin-bottom:0}.tdb_single_content .id_ad_content-horiz-center{text-align:center}.tdb_single_content .id_ad_content-horiz-center img{margin-right:auto;margin-left:auto}.tdb_single_content .id_ad_content-horiz-left{float:left;margin-top:9px;margin-right:21px}.tdb_single_content .id_ad_content-horiz-right{float:right;margin-top:6px;margin-left:21px}.tdb_single_content .tdc-a-ad .tdc-placeholder-title{width:300px;height:250px}.tdb_single_content .tdc-a-ad .tdc-placeholder-title:before{position:absolute;top:50%;-webkit-transform:translateY(-50%);transform:translateY(-50%);margin:auto;display:table;width:100%}.tdb_single_content .tdb-block-inner.td-fix-index{word-break:break-word}.tdi_46,.tdi_46>p,.tdi_46 .tdb-block-inner>p,.wp-block-column>p{font-size:16px!important;line-height:1.6!important}.tdi_46 .tdb-block-inner blockquote p{font-style:normal!important}@media (max-width:767px){.tdb_single_content .id_ad_content-horiz-left,.tdb_single_content .id_ad_content-horiz-right,.tdb_single_content .id_ad_content-horiz-center{margin:0 auto 26 pikseli auto}}@media (max-width:767px){.tdb_single_content .id_ad_content-horiz-left{margin-right:0}}@media (max-width:767px){.tdb_single_content .id_ad_content-horiz-right{margin-left:0}}@media (max-width:767px){.tdb_single_content .td-a-ad{float:none;text-align:center}.tdb_single_content .td-a-ad img{margin-right:auto;margin-left:auto}.tdb_single_content .tdc-a-ad{float:none}}<\/style>\n<div class=\"tdb-block-inner td-fix-index\">\n<p>Wroc\u0142awski s\u0105d skaza\u0142 mieszka\u0144ca za obraz\u0119 premiera Donalda Tuska. Uwzgl\u0119dni\u0142 przy tym zeznania funkcjonariuszy policji, kt\u00f3rzy oskar\u017cyli skazanego wcze\u015bniej m\u0119\u017cczyzn\u0119 o napa\u015b\u0107. Co ciekawe, ich wersji nie potwierdzi\u0142y ani nagrania wideo z miejsca zdarzenia, ani wypowiedzi innych funkcjonariuszy.<\/p>\n<p>W czasie, gdy po\u0142udniow\u0105 i zachodni\u0105 Polsk\u0119 niszczy\u0142a pow\u00f3d\u017a, rz\u0105d odcina\u0142 miliony Polak\u00f3w od informacji. Dziennikarzom Telewizji Republika bezprawnie zakazano udzia\u0142u w posiedzeniach zespo\u0142u zarz\u0105dzania kryzysowego. Dzia\u0142ania w\u0142adz oburzy\u0142y widz\u00f3w stacji. Jednym z nich by\u0142 Krzysztof z Wroc\u0142awia, kt\u00f3ry zdecydowa\u0142 si\u0119 zorganizowa\u0107 protest przed Urz\u0119dem Wojew\u00f3dzkim.<\/p>\n<p>\u201eTo jest kana\u0142 telewizyjny, z kt\u00f3rego dostaj\u0119 informacje. (&#8230;) Chcia\u0142em wykrzykn\u0105\u0107 premierowi has\u0142o: \u00abDonaldzie, tch\u00f3rzu, wpu\u015b\u0107 media. To, co robicie, to tragedia.\u00bb Gdy szuka\u0142em odpowiedniego miejsca, w kt\u00f3rym m\u00f3g\u0142bym skandowa\u0107 to has\u0142o, ruszy\u0142a za mn\u0105 policja\u201d \u2013 wspomina m\u0119\u017cczyzna.<\/p>\n<p>Zachowanie funkcjonariuszy zosta\u0142o nagrane. Na nagraniu wida\u0107, jak grupa funkcjonariuszy podchodzi do m\u0119\u017cczyzny i w chwili przeje\u017cd\u017cania samochodu premiera brutalnie go obezw\u0142adnia. Ci\u0105gni\u0119ty przez policj\u0119, krzyczy za samochodem: <em>\u201eNie ba\u0107 Tuski\u201d<\/em> (\u201eNie b\u00f3jcie si\u0119 Tuska\u201d).<\/p>\n<h3 class=\"wp-block-heading\">Skazany za obraz\u0119 Tuska<\/h3>\n<p>Sprawa trafi\u0142a do s\u0105du na podstawie zarzut\u00f3w postawionych przez funkcjonariuszy policji. Funkcjonariusze sk\u0142adali zeznania przed s\u0105dem. Niekt\u00f3rzy nie potrafili jednoznacznie okre\u015bli\u0107, co dok\u0142adnie krzycza\u0142 oskar\u017cony. Inni natomiast twierdzili, \u017ce wykrzykiwa\u0142 wulgaryzmy i odmawia\u0142 wykonywania polece\u0144 policji. Warto zauwa\u017cy\u0107, \u017ce ta druga grupa \u2013 w innej sprawie \u2013 oskar\u017cy\u0142a tego samego m\u0119\u017cczyzn\u0119 o napa\u015b\u0107.<\/p>\n<p>Obro\u0144ca m\u0119\u017cczyzny argumentowa\u0142, \u017ce cz\u0119\u015b\u0107 zezna\u0144 funkcjonariuszy jest sprzeczna sama w sobie, a ich wersja wydarze\u0144 nie znajduje potwierdzenia w nagraniu wideo.<\/p>\n<p>Wyrok zapad\u0142 w ubieg\u0142y pi\u0105tek. S\u0105d przychyli\u0142 si\u0119 do zezna\u0144 funkcjonariuszy policji, kt\u00f3rzy obwiniali protestuj\u0105cego. Stwierdzono, \u017ce m\u0119\u017cczyzna obrazi\u0142 organ konstytucyjny i skaza\u0142 go na prace spo\u0142eczne.<\/p>\n<p>\u201eWyra\u017cenie u\u017cyte przez oskar\u017conego w chwili, gdy zosta\u0142, jak to uj\u0105\u0142,\u201e rzucony na ziemi\u0119 \u201d, brzmia\u0142o: \u201ePierdol Tuska\u201d, a nie \u201eNie b\u00f3j si\u0119 Tuska\u201d \u2013 stwierdzi\u0142 s\u0119dzia, uzasadniaj\u0105c wyrok.<\/p>\n<h3 class=\"wp-block-heading\">Identyczne zeznania<\/h3>\n<p>Telewizja Republika rozmawia\u0142a z ojcem skazanego m\u0119\u017cczyzny. Nie mia\u0142 w\u0105tpliwo\u015bci, \u017ce zeznania funkcjonariuszy by\u0142y identyczne.<br \/>\u201eCzytaj\u0105c oficjalny protok\u00f3\u0142, a potem zeznania funkcjonariusza, od razu wiedzia\u0142em, \u017ce gdzie\u015b to widzia\u0142em (\u2026) Por\u00f3wna\u0142em protok\u00f3\u0142 oficjalny, zeznania jednego funkcjonariusza, zeznania innego funkcjonariusza. Wszystkie b\u0142\u0119dy \u2013 identycznie, kopiuj-wklej, kontrola C, kontrola V\u201d \u2013 powiedzia\u0142 m\u0119\u017cczyzna.<\/p>\n<p>&#8222;Jestem z pokolenia, kt\u00f3re pami\u0119ta r\u00f3\u017cne wydarzenia. Od czas\u00f3w PRL-u, troch\u0119 p\u00f3\u017aniej, a\u017c do czas\u00f3w wsp\u00f3\u0142czesnych, kiedy na w\u0142asne oczy widzia\u0142em, jak potrafi zachowa\u0107 si\u0119 policja. I nie myli\u0142em si\u0119&#8221; &#8211; doda\u0142.<\/p>\n<\/div>\n<\/div>\n","protected":false},"excerpt":{"rendered":"<p>Wroc\u0142awski s\u0105d skaza\u0142 mieszka\u0144ca za obraz\u0119 premiera Donalda Tuska. Uwzgl\u0119dni\u0142 przy tym zeznania funkcjonariuszy policji, kt\u00f3rzy oskar\u017cyli skazanego wcze\u015bniej m\u0119\u017cczyzn\u0119<\/p>\n","protected":false},"author":1,"featured_media":11014,"comment_status":"open","ping_status":"open","sticky":false,"template":"","format":"standard","meta":{"footnotes":""},"categories":[4748],"tags":[8431,12438,12439,3436,12441,2379,2378,567,12440,7648],"class_list":["post-11013","post","type-post","status-publish","format-standard","has-post-thumbnail","hentry","category-aktualne","tag-brutalnie","tag-obezwladniony","tag-obraze","tag-policji","tag-potraktowal","tag-sad","tag-skazany","tag-tuska","tag-wybiorczo","tag-zeznania","generate-columns","tablet-grid-50","mobile-grid-100","grid-parent","grid-50","resize-featured-image"],"yoast_head":"<!-- This site is optimized with the Yoast SEO plugin v23.2 - https:\/\/yoast.com\/wordpress\/plugins\/seo\/ -->\n<title>Brutalnie obezw\u0142adniony i skazany za obraz\u0119 Tuska. S\u0105d wybi\u00f3rczo potraktowa\u0142 zeznania policji - POGOTOWIE FLAGOWE\u00ae<\/title>\n<meta name=\"robots\" content=\"index, follow, max-snippet:-1, max-image-preview:large, max-video-preview:-1\" \/>\n<link rel=\"canonical\" href=\"https:\/\/www.pogotowieflagowe.pl\/aktualne\/brutalnie-obezwladniony-i-skazany-za-obraze-tuska-sad-wybiorczo-potraktowal-zeznania-policji\/\" \/>\n<meta property=\"og:locale\" content=\"pl_PL\" \/>\n<meta property=\"og:type\" content=\"article\" \/>\n<meta property=\"og:title\" content=\"Brutalnie obezw\u0142adniony i skazany za obraz\u0119 Tuska. S\u0105d wybi\u00f3rczo potraktowa\u0142 zeznania policji - POGOTOWIE FLAGOWE\u00ae\" \/>\n<meta property=\"og:description\" content=\"Wroc\u0142awski s\u0105d skaza\u0142 mieszka\u0144ca za obraz\u0119 premiera Donalda Tuska. Uwzgl\u0119dni\u0142 przy tym zeznania funkcjonariuszy policji, kt\u00f3rzy oskar\u017cyli skazanego wcze\u015bniej m\u0119\u017cczyzn\u0119\" \/>\n<meta property=\"og:url\" content=\"https:\/\/www.pogotowieflagowe.pl\/aktualne\/brutalnie-obezwladniony-i-skazany-za-obraze-tuska-sad-wybiorczo-potraktowal-zeznania-policji\/\" \/>\n<meta property=\"og:site_name\" content=\"POGOTOWIE FLAGOWE\u00ae\" \/>\n<meta property=\"article:published_time\" content=\"2025-11-25T20:45:00+00:00\" \/>\n<meta property=\"article:modified_time\" content=\"2025-11-25T20:45:02+00:00\" \/>\n<meta property=\"og:image\" content=\"https:\/\/www.pogotowieflagowe.pl\/aktualne\/wp-content\/uploads\/2025\/11\/Brutalnie-obezwladniony-i-skazany-za-obraze-Tuska-Sad-wybiorczo-potraktowal.webp.webp\" \/>\n\t<meta property=\"og:image:width\" content=\"1280\" \/>\n\t<meta property=\"og:image:height\" content=\"720\" \/>\n\t<meta property=\"og:image:type\" content=\"image\/webp\" \/>\n<meta name=\"author\" content=\"Filip\" \/>\n<meta name=\"twitter:card\" content=\"summary_large_image\" \/>\n<meta name=\"twitter:label1\" content=\"Napisane przez\" \/>\n\t<meta name=\"twitter:data1\" content=\"Filip\" \/>\n\t<meta name=\"twitter:label2\" content=\"Szacowany czas czytania\" \/>\n\t<meta name=\"twitter:data2\" content=\"2 minuty\" \/>\n<script type=\"application\/ld+json\" class=\"yoast-schema-graph\">{\"@context\":\"https:\/\/schema.org\",\"@graph\":[{\"@type\":\"Article\",\"@id\":\"https:\/\/www.pogotowieflagowe.pl\/aktualne\/brutalnie-obezwladniony-i-skazany-za-obraze-tuska-sad-wybiorczo-potraktowal-zeznania-policji\/#article\",\"isPartOf\":{\"@id\":\"https:\/\/www.pogotowieflagowe.pl\/aktualne\/brutalnie-obezwladniony-i-skazany-za-obraze-tuska-sad-wybiorczo-potraktowal-zeznania-policji\/\"},\"author\":{\"name\":\"Filip\",\"@id\":\"https:\/\/www.pogotowieflagowe.pl\/aktualne\/#\/schema\/person\/9c2fb7d2362ebf6fa088960d7f0d27b0\"},\"headline\":\"Brutalnie obezw\u0142adniony i skazany za obraz\u0119 Tuska. S\u0105d wybi\u00f3rczo potraktowa\u0142 zeznania policji\",\"datePublished\":\"2025-11-25T20:45:00+00:00\",\"dateModified\":\"2025-11-25T20:45:02+00:00\",\"mainEntityOfPage\":{\"@id\":\"https:\/\/www.pogotowieflagowe.pl\/aktualne\/brutalnie-obezwladniony-i-skazany-za-obraze-tuska-sad-wybiorczo-potraktowal-zeznania-policji\/\"},\"wordCount\":479,\"commentCount\":0,\"publisher\":{\"@id\":\"https:\/\/www.pogotowieflagowe.pl\/aktualne\/#organization\"},\"image\":{\"@id\":\"https:\/\/www.pogotowieflagowe.pl\/aktualne\/brutalnie-obezwladniony-i-skazany-za-obraze-tuska-sad-wybiorczo-potraktowal-zeznania-policji\/#primaryimage\"},\"thumbnailUrl\":\"https:\/\/www.pogotowieflagowe.pl\/aktualne\/wp-content\/uploads\/2025\/11\/Brutalnie-obezwladniony-i-skazany-za-obraze-Tuska-Sad-wybiorczo-potraktowal.webp.webp\",\"keywords\":[\"brutalnie\",\"obezw\u0142adniony\",\"obraz\u0119\",\"policji\",\"potraktowa\u0142\",\"S\u0105d\",\"skazany\",\"Tuska\",\"wybi\u00f3rczo\",\"zeznania\"],\"articleSection\":[\"Aktualne\"],\"inLanguage\":\"pl-PL\",\"potentialAction\":[{\"@type\":\"CommentAction\",\"name\":\"Comment\",\"target\":[\"https:\/\/www.pogotowieflagowe.pl\/aktualne\/brutalnie-obezwladniony-i-skazany-za-obraze-tuska-sad-wybiorczo-potraktowal-zeznania-policji\/#respond\"]}]},{\"@type\":\"WebPage\",\"@id\":\"https:\/\/www.pogotowieflagowe.pl\/aktualne\/brutalnie-obezwladniony-i-skazany-za-obraze-tuska-sad-wybiorczo-potraktowal-zeznania-policji\/\",\"url\":\"https:\/\/www.pogotowieflagowe.pl\/aktualne\/brutalnie-obezwladniony-i-skazany-za-obraze-tuska-sad-wybiorczo-potraktowal-zeznania-policji\/\",\"name\":\"Brutalnie obezw\u0142adniony i skazany za obraz\u0119 Tuska. S\u0105d wybi\u00f3rczo potraktowa\u0142 zeznania policji - POGOTOWIE FLAGOWE\u00ae\",\"isPartOf\":{\"@id\":\"https:\/\/www.pogotowieflagowe.pl\/aktualne\/#website\"},\"primaryImageOfPage\":{\"@id\":\"https:\/\/www.pogotowieflagowe.pl\/aktualne\/brutalnie-obezwladniony-i-skazany-za-obraze-tuska-sad-wybiorczo-potraktowal-zeznania-policji\/#primaryimage\"},\"image\":{\"@id\":\"https:\/\/www.pogotowieflagowe.pl\/aktualne\/brutalnie-obezwladniony-i-skazany-za-obraze-tuska-sad-wybiorczo-potraktowal-zeznania-policji\/#primaryimage\"},\"thumbnailUrl\":\"https:\/\/www.pogotowieflagowe.pl\/aktualne\/wp-content\/uploads\/2025\/11\/Brutalnie-obezwladniony-i-skazany-za-obraze-Tuska-Sad-wybiorczo-potraktowal.webp.webp\",\"datePublished\":\"2025-11-25T20:45:00+00:00\",\"dateModified\":\"2025-11-25T20:45:02+00:00\",\"breadcrumb\":{\"@id\":\"https:\/\/www.pogotowieflagowe.pl\/aktualne\/brutalnie-obezwladniony-i-skazany-za-obraze-tuska-sad-wybiorczo-potraktowal-zeznania-policji\/#breadcrumb\"},\"inLanguage\":\"pl-PL\",\"potentialAction\":[{\"@type\":\"ReadAction\",\"target\":[\"https:\/\/www.pogotowieflagowe.pl\/aktualne\/brutalnie-obezwladniony-i-skazany-za-obraze-tuska-sad-wybiorczo-potraktowal-zeznania-policji\/\"]}]},{\"@type\":\"ImageObject\",\"inLanguage\":\"pl-PL\",\"@id\":\"https:\/\/www.pogotowieflagowe.pl\/aktualne\/brutalnie-obezwladniony-i-skazany-za-obraze-tuska-sad-wybiorczo-potraktowal-zeznania-policji\/#primaryimage\",\"url\":\"https:\/\/www.pogotowieflagowe.pl\/aktualne\/wp-content\/uploads\/2025\/11\/Brutalnie-obezwladniony-i-skazany-za-obraze-Tuska-Sad-wybiorczo-potraktowal.webp.webp\",\"contentUrl\":\"https:\/\/www.pogotowieflagowe.pl\/aktualne\/wp-content\/uploads\/2025\/11\/Brutalnie-obezwladniony-i-skazany-za-obraze-Tuska-Sad-wybiorczo-potraktowal.webp.webp\",\"width\":1280,\"height\":720,\"caption\":\"Brutalnie obezw\u0142adniony i skazany za obraz\u0119 Tuska. S\u0105d wybi\u00f3rczo potraktowa\u0142 zeznania policji\"},{\"@type\":\"BreadcrumbList\",\"@id\":\"https:\/\/www.pogotowieflagowe.pl\/aktualne\/brutalnie-obezwladniony-i-skazany-za-obraze-tuska-sad-wybiorczo-potraktowal-zeznania-policji\/#breadcrumb\",\"itemListElement\":[{\"@type\":\"ListItem\",\"position\":1,\"name\":\"Home\",\"item\":\"https:\/\/www.pogotowieflagowe.pl\/aktualne\/\"},{\"@type\":\"ListItem\",\"position\":2,\"name\":\"Brutalnie obezw\u0142adniony i skazany za obraz\u0119 Tuska. S\u0105d wybi\u00f3rczo potraktowa\u0142 zeznania policji\"}]},{\"@type\":\"WebSite\",\"@id\":\"https:\/\/www.pogotowieflagowe.pl\/aktualne\/#website\",\"url\":\"https:\/\/www.pogotowieflagowe.pl\/aktualne\/\",\"name\":\"POGOTOWIE FLAGOWE\u00ae\",\"description\":\"\",\"publisher\":{\"@id\":\"https:\/\/www.pogotowieflagowe.pl\/aktualne\/#organization\"},\"potentialAction\":[{\"@type\":\"SearchAction\",\"target\":{\"@type\":\"EntryPoint\",\"urlTemplate\":\"https:\/\/www.pogotowieflagowe.pl\/aktualne\/?s={search_term_string}\"},\"query-input\":\"required name=search_term_string\"}],\"inLanguage\":\"pl-PL\"},{\"@type\":\"Organization\",\"@id\":\"https:\/\/www.pogotowieflagowe.pl\/aktualne\/#organization\",\"name\":\"POGOTOWIE FLAGOWE\u00ae\",\"url\":\"https:\/\/www.pogotowieflagowe.pl\/aktualne\/\",\"logo\":{\"@type\":\"ImageObject\",\"inLanguage\":\"pl-PL\",\"@id\":\"https:\/\/www.pogotowieflagowe.pl\/aktualne\/#\/schema\/logo\/image\/\",\"url\":\"https:\/\/www.pogotowieflagowe.pl\/aktualne\/wp-content\/uploads\/2024\/08\/cropped-pogotowieflagowe_flaga_projekt_sm.jpg\",\"contentUrl\":\"https:\/\/www.pogotowieflagowe.pl\/aktualne\/wp-content\/uploads\/2024\/08\/cropped-pogotowieflagowe_flaga_projekt_sm.jpg\",\"width\":250,\"height\":143,\"caption\":\"POGOTOWIE FLAGOWE\u00ae\"},\"image\":{\"@id\":\"https:\/\/www.pogotowieflagowe.pl\/aktualne\/#\/schema\/logo\/image\/\"}},{\"@type\":\"Person\",\"@id\":\"https:\/\/www.pogotowieflagowe.pl\/aktualne\/#\/schema\/person\/9c2fb7d2362ebf6fa088960d7f0d27b0\",\"name\":\"Filip\",\"image\":{\"@type\":\"ImageObject\",\"inLanguage\":\"pl-PL\",\"@id\":\"https:\/\/www.pogotowieflagowe.pl\/aktualne\/#\/schema\/person\/image\/\",\"url\":\"https:\/\/www.pogotowieflagowe.pl\/aktualne\/wp-content\/uploads\/2024\/08\/pogotowieflagowe.pl_.jpg\",\"contentUrl\":\"https:\/\/www.pogotowieflagowe.pl\/aktualne\/wp-content\/uploads\/2024\/08\/pogotowieflagowe.pl_.jpg\",\"caption\":\"Filip\"},\"description\":\"Jestem Filip, polski dziennikarz z dyplomem nauk politycznych Uniwersytetu Warszawskiego. Rozpoczynaj\u0105c swoj\u0105 karier\u0119 w r\u00f3\u017cnych lokalnych mediach, zdoby\u0142em solidne do\u015bwiadczenie w zakresie \u015bledztwa i redakcji. Obecnie jako redaktor w Pogotowie flagowe, staram si\u0119 dostarcza\u0107 dog\u0142\u0119bne i istotne analizy na temat najwa\u017cniejszych kwestii aktualno\u015bci, \u0142\u0105cz\u0105c rygor z pasj\u0105 dziennikarsk\u0105.\",\"sameAs\":[\"https:\/\/www.pogotowieflagowe.pl\/\"]}]}<\/script>\n<!-- \/ Yoast SEO plugin. -->","yoast_head_json":{"title":"Brutalnie obezw\u0142adniony i skazany za obraz\u0119 Tuska. S\u0105d wybi\u00f3rczo potraktowa\u0142 zeznania policji - POGOTOWIE FLAGOWE\u00ae","robots":{"index":"index","follow":"follow","max-snippet":"max-snippet:-1","max-image-preview":"max-image-preview:large","max-video-preview":"max-video-preview:-1"},"canonical":"https:\/\/www.pogotowieflagowe.pl\/aktualne\/brutalnie-obezwladniony-i-skazany-za-obraze-tuska-sad-wybiorczo-potraktowal-zeznania-policji\/","og_locale":"pl_PL","og_type":"article","og_title":"Brutalnie obezw\u0142adniony i skazany za obraz\u0119 Tuska. S\u0105d wybi\u00f3rczo potraktowa\u0142 zeznania policji - POGOTOWIE FLAGOWE\u00ae","og_description":"Wroc\u0142awski s\u0105d skaza\u0142 mieszka\u0144ca za obraz\u0119 premiera Donalda Tuska. Uwzgl\u0119dni\u0142 przy tym zeznania funkcjonariuszy policji, kt\u00f3rzy oskar\u017cyli skazanego wcze\u015bniej m\u0119\u017cczyzn\u0119","og_url":"https:\/\/www.pogotowieflagowe.pl\/aktualne\/brutalnie-obezwladniony-i-skazany-za-obraze-tuska-sad-wybiorczo-potraktowal-zeznania-policji\/","og_site_name":"POGOTOWIE FLAGOWE\u00ae","article_published_time":"2025-11-25T20:45:00+00:00","article_modified_time":"2025-11-25T20:45:02+00:00","og_image":[{"width":1280,"height":720,"url":"https:\/\/www.pogotowieflagowe.pl\/aktualne\/wp-content\/uploads\/2025\/11\/Brutalnie-obezwladniony-i-skazany-za-obraze-Tuska-Sad-wybiorczo-potraktowal.webp.webp","type":"image\/webp"}],"author":"Filip","twitter_card":"summary_large_image","twitter_misc":{"Napisane przez":"Filip","Szacowany czas czytania":"2 minuty"},"schema":{"@context":"https:\/\/schema.org","@graph":[{"@type":"Article","@id":"https:\/\/www.pogotowieflagowe.pl\/aktualne\/brutalnie-obezwladniony-i-skazany-za-obraze-tuska-sad-wybiorczo-potraktowal-zeznania-policji\/#article","isPartOf":{"@id":"https:\/\/www.pogotowieflagowe.pl\/aktualne\/brutalnie-obezwladniony-i-skazany-za-obraze-tuska-sad-wybiorczo-potraktowal-zeznania-policji\/"},"author":{"name":"Filip","@id":"https:\/\/www.pogotowieflagowe.pl\/aktualne\/#\/schema\/person\/9c2fb7d2362ebf6fa088960d7f0d27b0"},"headline":"Brutalnie obezw\u0142adniony i skazany za obraz\u0119 Tuska. S\u0105d wybi\u00f3rczo potraktowa\u0142 zeznania policji","datePublished":"2025-11-25T20:45:00+00:00","dateModified":"2025-11-25T20:45:02+00:00","mainEntityOfPage":{"@id":"https:\/\/www.pogotowieflagowe.pl\/aktualne\/brutalnie-obezwladniony-i-skazany-za-obraze-tuska-sad-wybiorczo-potraktowal-zeznania-policji\/"},"wordCount":479,"commentCount":0,"publisher":{"@id":"https:\/\/www.pogotowieflagowe.pl\/aktualne\/#organization"},"image":{"@id":"https:\/\/www.pogotowieflagowe.pl\/aktualne\/brutalnie-obezwladniony-i-skazany-za-obraze-tuska-sad-wybiorczo-potraktowal-zeznania-policji\/#primaryimage"},"thumbnailUrl":"https:\/\/www.pogotowieflagowe.pl\/aktualne\/wp-content\/uploads\/2025\/11\/Brutalnie-obezwladniony-i-skazany-za-obraze-Tuska-Sad-wybiorczo-potraktowal.webp.webp","keywords":["brutalnie","obezw\u0142adniony","obraz\u0119","policji","potraktowa\u0142","S\u0105d","skazany","Tuska","wybi\u00f3rczo","zeznania"],"articleSection":["Aktualne"],"inLanguage":"pl-PL","potentialAction":[{"@type":"CommentAction","name":"Comment","target":["https:\/\/www.pogotowieflagowe.pl\/aktualne\/brutalnie-obezwladniony-i-skazany-za-obraze-tuska-sad-wybiorczo-potraktowal-zeznania-policji\/#respond"]}]},{"@type":"WebPage","@id":"https:\/\/www.pogotowieflagowe.pl\/aktualne\/brutalnie-obezwladniony-i-skazany-za-obraze-tuska-sad-wybiorczo-potraktowal-zeznania-policji\/","url":"https:\/\/www.pogotowieflagowe.pl\/aktualne\/brutalnie-obezwladniony-i-skazany-za-obraze-tuska-sad-wybiorczo-potraktowal-zeznania-policji\/","name":"Brutalnie obezw\u0142adniony i skazany za obraz\u0119 Tuska. S\u0105d wybi\u00f3rczo potraktowa\u0142 zeznania policji - POGOTOWIE FLAGOWE\u00ae","isPartOf":{"@id":"https:\/\/www.pogotowieflagowe.pl\/aktualne\/#website"},"primaryImageOfPage":{"@id":"https:\/\/www.pogotowieflagowe.pl\/aktualne\/brutalnie-obezwladniony-i-skazany-za-obraze-tuska-sad-wybiorczo-potraktowal-zeznania-policji\/#primaryimage"},"image":{"@id":"https:\/\/www.pogotowieflagowe.pl\/aktualne\/brutalnie-obezwladniony-i-skazany-za-obraze-tuska-sad-wybiorczo-potraktowal-zeznania-policji\/#primaryimage"},"thumbnailUrl":"https:\/\/www.pogotowieflagowe.pl\/aktualne\/wp-content\/uploads\/2025\/11\/Brutalnie-obezwladniony-i-skazany-za-obraze-Tuska-Sad-wybiorczo-potraktowal.webp.webp","datePublished":"2025-11-25T20:45:00+00:00","dateModified":"2025-11-25T20:45:02+00:00","breadcrumb":{"@id":"https:\/\/www.pogotowieflagowe.pl\/aktualne\/brutalnie-obezwladniony-i-skazany-za-obraze-tuska-sad-wybiorczo-potraktowal-zeznania-policji\/#breadcrumb"},"inLanguage":"pl-PL","potentialAction":[{"@type":"ReadAction","target":["https:\/\/www.pogotowieflagowe.pl\/aktualne\/brutalnie-obezwladniony-i-skazany-za-obraze-tuska-sad-wybiorczo-potraktowal-zeznania-policji\/"]}]},{"@type":"ImageObject","inLanguage":"pl-PL","@id":"https:\/\/www.pogotowieflagowe.pl\/aktualne\/brutalnie-obezwladniony-i-skazany-za-obraze-tuska-sad-wybiorczo-potraktowal-zeznania-policji\/#primaryimage","url":"https:\/\/www.pogotowieflagowe.pl\/aktualne\/wp-content\/uploads\/2025\/11\/Brutalnie-obezwladniony-i-skazany-za-obraze-Tuska-Sad-wybiorczo-potraktowal.webp.webp","contentUrl":"https:\/\/www.pogotowieflagowe.pl\/aktualne\/wp-content\/uploads\/2025\/11\/Brutalnie-obezwladniony-i-skazany-za-obraze-Tuska-Sad-wybiorczo-potraktowal.webp.webp","width":1280,"height":720,"caption":"Brutalnie obezw\u0142adniony i skazany za obraz\u0119 Tuska. S\u0105d wybi\u00f3rczo potraktowa\u0142 zeznania policji"},{"@type":"BreadcrumbList","@id":"https:\/\/www.pogotowieflagowe.pl\/aktualne\/brutalnie-obezwladniony-i-skazany-za-obraze-tuska-sad-wybiorczo-potraktowal-zeznania-policji\/#breadcrumb","itemListElement":[{"@type":"ListItem","position":1,"name":"Home","item":"https:\/\/www.pogotowieflagowe.pl\/aktualne\/"},{"@type":"ListItem","position":2,"name":"Brutalnie obezw\u0142adniony i skazany za obraz\u0119 Tuska. S\u0105d wybi\u00f3rczo potraktowa\u0142 zeznania policji"}]},{"@type":"WebSite","@id":"https:\/\/www.pogotowieflagowe.pl\/aktualne\/#website","url":"https:\/\/www.pogotowieflagowe.pl\/aktualne\/","name":"POGOTOWIE FLAGOWE\u00ae","description":"","publisher":{"@id":"https:\/\/www.pogotowieflagowe.pl\/aktualne\/#organization"},"potentialAction":[{"@type":"SearchAction","target":{"@type":"EntryPoint","urlTemplate":"https:\/\/www.pogotowieflagowe.pl\/aktualne\/?s={search_term_string}"},"query-input":"required name=search_term_string"}],"inLanguage":"pl-PL"},{"@type":"Organization","@id":"https:\/\/www.pogotowieflagowe.pl\/aktualne\/#organization","name":"POGOTOWIE FLAGOWE\u00ae","url":"https:\/\/www.pogotowieflagowe.pl\/aktualne\/","logo":{"@type":"ImageObject","inLanguage":"pl-PL","@id":"https:\/\/www.pogotowieflagowe.pl\/aktualne\/#\/schema\/logo\/image\/","url":"https:\/\/www.pogotowieflagowe.pl\/aktualne\/wp-content\/uploads\/2024\/08\/cropped-pogotowieflagowe_flaga_projekt_sm.jpg","contentUrl":"https:\/\/www.pogotowieflagowe.pl\/aktualne\/wp-content\/uploads\/2024\/08\/cropped-pogotowieflagowe_flaga_projekt_sm.jpg","width":250,"height":143,"caption":"POGOTOWIE FLAGOWE\u00ae"},"image":{"@id":"https:\/\/www.pogotowieflagowe.pl\/aktualne\/#\/schema\/logo\/image\/"}},{"@type":"Person","@id":"https:\/\/www.pogotowieflagowe.pl\/aktualne\/#\/schema\/person\/9c2fb7d2362ebf6fa088960d7f0d27b0","name":"Filip","image":{"@type":"ImageObject","inLanguage":"pl-PL","@id":"https:\/\/www.pogotowieflagowe.pl\/aktualne\/#\/schema\/person\/image\/","url":"https:\/\/www.pogotowieflagowe.pl\/aktualne\/wp-content\/uploads\/2024\/08\/pogotowieflagowe.pl_.jpg","contentUrl":"https:\/\/www.pogotowieflagowe.pl\/aktualne\/wp-content\/uploads\/2024\/08\/pogotowieflagowe.pl_.jpg","caption":"Filip"},"description":"Jestem Filip, polski dziennikarz z dyplomem nauk politycznych Uniwersytetu Warszawskiego. Rozpoczynaj\u0105c swoj\u0105 karier\u0119 w r\u00f3\u017cnych lokalnych mediach, zdoby\u0142em solidne do\u015bwiadczenie w zakresie \u015bledztwa i redakcji. Obecnie jako redaktor w Pogotowie flagowe, staram si\u0119 dostarcza\u0107 dog\u0142\u0119bne i istotne analizy na temat najwa\u017cniejszych kwestii aktualno\u015bci, \u0142\u0105cz\u0105c rygor z pasj\u0105 dziennikarsk\u0105.","sameAs":["https:\/\/www.pogotowieflagowe.pl\/"]}]}},"_links":{"self":[{"href":"https:\/\/www.pogotowieflagowe.pl\/aktualne\/wp-json\/wp\/v2\/posts\/11013","targetHints":{"allow":["GET"]}}],"collection":[{"href":"https:\/\/www.pogotowieflagowe.pl\/aktualne\/wp-json\/wp\/v2\/posts"}],"about":[{"href":"https:\/\/www.pogotowieflagowe.pl\/aktualne\/wp-json\/wp\/v2\/types\/post"}],"author":[{"embeddable":true,"href":"https:\/\/www.pogotowieflagowe.pl\/aktualne\/wp-json\/wp\/v2\/users\/1"}],"replies":[{"embeddable":true,"href":"https:\/\/www.pogotowieflagowe.pl\/aktualne\/wp-json\/wp\/v2\/comments?post=11013"}],"version-history":[{"count":1,"href":"https:\/\/www.pogotowieflagowe.pl\/aktualne\/wp-json\/wp\/v2\/posts\/11013\/revisions"}],"predecessor-version":[{"id":11015,"href":"https:\/\/www.pogotowieflagowe.pl\/aktualne\/wp-json\/wp\/v2\/posts\/11013\/revisions\/11015"}],"wp:featuredmedia":[{"embeddable":true,"href":"https:\/\/www.pogotowieflagowe.pl\/aktualne\/wp-json\/wp\/v2\/media\/11014"}],"wp:attachment":[{"href":"https:\/\/www.pogotowieflagowe.pl\/aktualne\/wp-json\/wp\/v2\/media?parent=11013"}],"wp:term":[{"taxonomy":"category","embeddable":true,"href":"https:\/\/www.pogotowieflagowe.pl\/aktualne\/wp-json\/wp\/v2\/categories?post=11013"},{"taxonomy":"post_tag","embeddable":true,"href":"https:\/\/www.pogotowieflagowe.pl\/aktualne\/wp-json\/wp\/v2\/tags?post=11013"}],"curies":[{"name":"wp","href":"https:\/\/api.w.org\/{rel}","templated":true}]}}