{"id":11016,"date":"2025-11-25T21:46:46","date_gmt":"2025-11-25T20:46:46","guid":{"rendered":"https:\/\/www.pogotowieflagowe.pl\/aktualne\/przepisy-tsue-dotyczace-malzenstwa-osob-tej-samej-plci-ziobro-kontratakuje-lewica-pladruje-ue\/"},"modified":"2025-11-25T21:46:47","modified_gmt":"2025-11-25T20:46:47","slug":"przepisy-tsue-dotyczace-malzenstwa-osob-tej-samej-plci-ziobro-kontratakuje-lewica-pladruje-ue","status":"publish","type":"post","link":"https:\/\/www.pogotowieflagowe.pl\/aktualne\/przepisy-tsue-dotyczace-malzenstwa-osob-tej-samej-plci-ziobro-kontratakuje-lewica-pladruje-ue\/","title":{"rendered":"Przepisy TSUE dotycz\u0105ce \u201ema\u0142\u017ce\u0144stwa\u201d os\u00f3b tej samej p\u0142ci. Ziobro kontratakuje: Lewica pl\u0105druje UE!"},"content":{"rendered":"\n<div class=\"td_block_wrap tdb_single_content tdi_46 td-pb-border-top td_block_template_8 td-post-content tagdiv-type\" data-td-block-uid=\"tdi_46\">\n<style>.tdi_46{margines-g\u00f3rny:0px!important;margin-bottom:0px!important;dope\u0142nienie-g\u00f3ra:0px!important;dope\u0142nienie-d\u00f3\u0142:0px!important}<\/style>\n<style>.tdb_single_content{margin-bottom:0;*zoom:1}.tdb_single_content:before,.tdb_single_content:after{display:table;content:'';line-height:0}.tdb_single_content:after{clear:both}.tdb_single_content .tdb-block-inner>*:not(.wp-block-quote):not(.alignwide):not(.alignfull.wp-block-cover.has-parallax):not(.td-a-ad){margin-left:auto;margin-right:auto}.tdb_single_content a{pointer-events:auto}.tdb_single_content .td-spot-id-top_ad .tdc-placeholder-title:before{content:'Najlepsza reklama artyku\u0142u'!important}.tdb_single_content .td-spot-id-inline_ad0 .tdc-placeholder-title:before{content:'Reklama wbudowana artyku\u0142u 1'!important}.tdb_single_content .td-spot-id-inline_ad1 .tdc-placeholder-title:before{content:'Wbudowana reklama w artykule 2'!important}.tdb_single_content .td-spot-id-inline_ad2 .tdc-placeholder-title:before{content:'Wbudowana reklama w artykule 3'!important}.tdb_single_content .td-spot-id-bottom_ad .tdc-placeholder-title:before{content:'Article Bottom Ad'!important}.tdb_single_content .id_top_ad,.tdb_single_content .id_bottom_ad{clear:both;margin-bottom:21px;text-align:center}.tdb_single_content .id_top_ad img,.tdb_single_content .id_bottom_ad img{margin-bottom:0}.tdb_single_content .id_top_ad .adsbygoogle,.tdb_single_content .id_bottom_ad .adsbygoogle{position:relative}.tdb_single_content .id_ad_content-horiz-left,.tdb_single_content .id_ad_content-horiz-right,.tdb_single_content .id_ad_content-horiz-center{margin-bottom:15px}.tdb_single_content .id_ad_content-horiz-left img,.tdb_single_content .id_ad_content-horiz-right img,.tdb_single_content .id_ad_content-horiz-center img{margin-bottom:0}.tdb_single_content .id_ad_content-horiz-center{text-align:center}.tdb_single_content .id_ad_content-horiz-center img{margin-right:auto;margin-left:auto}.tdb_single_content .id_ad_content-horiz-left{float:left;margin-top:9px;margin-right:21px}.tdb_single_content .id_ad_content-horiz-right{float:right;margin-top:6px;margin-left:21px}.tdb_single_content .tdc-a-ad .tdc-placeholder-title{width:300px;height:250px}.tdb_single_content .tdc-a-ad .tdc-placeholder-title:before{position:absolute;top:50%;-webkit-transform:translateY(-50%);transform:translateY(-50%);margin:auto;display:table;width:100%}.tdb_single_content .tdb-block-inner.td-fix-index{word-break:break-word}.tdi_46,.tdi_46>p,.tdi_46 .tdb-block-inner>p,.wp-block-column>p{font-size:16px!important;line-height:1.6!important}.tdi_46 .tdb-block-inner blockquote p{font-style:normal!important}@media (max-width:767px){.tdb_single_content .id_ad_content-horiz-left,.tdb_single_content .id_ad_content-horiz-right,.tdb_single_content .id_ad_content-horiz-center{margin:0 auto 26 pikseli auto}}@media (max-width:767px){.tdb_single_content .id_ad_content-horiz-left{margin-right:0}}@media (max-width:767px){.tdb_single_content .id_ad_content-horiz-right{margin-left:0}}@media (max-width:767px){.tdb_single_content .td-a-ad{float:none;text-align:center}.tdb_single_content .td-a-ad img{margin-right:auto;margin-left:auto}.tdb_single_content .tdc-a-ad{float:none}}<\/style>\n<div class=\"tdb-block-inner td-fix-index\">\n<p><strong>\u201ePa\u0144stwo cz\u0142onkowskie ma obowi\u0105zek uzna\u0107 ma\u0142\u017ce\u0144stwo zawarte przez par\u0119 os\u00f3b tej samej p\u0142ci zgodnie z prawem zawarte w innym pa\u0144stwie UE, nawet je\u015bli prawo tego pa\u0144stwa nie uznaje takich zwi\u0105zk\u00f3w<\/strong>\u201d- powiedzia\u0142 dzisiaj <em>Trybuna\u0142 Sprawiedliwo\u015bci Unii Europejskiej<\/em>. O decyzji unijnego s\u0105du szeroko dyskutuje prawica polskiej sceny politycznej.<\/p>\n<p>Sprawa <em>(C-713\/23)<\/em> dotyczy dw\u00f3ch obywateli Polski (z kt\u00f3rych jeden posiada tak\u017ce obywatelstwo niemieckie). W 2018 roku zawarli w Berlinie \u201ezwi\u0105zek ma\u0142\u017ce\u0144ski\u201d. Nied\u0142ugo potem zacz\u0119li ubiega\u0107 si\u0119 o transkrypcj\u0119 niemieckiego aktu ma\u0142\u017ce\u0144stwa do\u2026 polskiego rejestru stanu cywilnego.<\/p>\n<p>Zgodnie z Konstytucj\u0105 RP wniosek zosta\u0142 odrzucony. Polskie prawo nie przewiduje ma\u0142\u017ce\u0144stw os\u00f3b tej samej p\u0142ci.<\/p>\n<p>Nast\u0119pnie para homoseksualna odwo\u0142a\u0142a si\u0119 od tej decyzji, podnosz\u0105c, \u017ce\u2026 planuje przenie\u015b\u0107 si\u0119 i zamieszka\u0107 w Polsce i to jako osoby uznane za pozostaj\u0105ce w zwi\u0105zku ma\u0142\u017ce\u0144skim. Rozpatruj\u0105c spraw\u0119, <em>Naczelny S\u0105d Administracyjny<\/em> zwr\u00f3ci\u0142 si\u0119 do <em>Trybuna\u0142 Sprawiedliwo\u015bci Unii Europejskiej<\/em>.<\/p>\n<h2 class=\"wp-block-heading\"><strong>Europejski Trybuna\u0142 zdecydowa\u0142<\/strong><\/h2>\n<p>Europejski Trybuna\u0142 Sprawiedliwo\u015bci orzek\u0142 dzi\u015b, \u017ce odmowa uznania przez pa\u0144stwo cz\u0142onkowskie ma\u0142\u017ce\u0144stwa pomi\u0119dzy dwoma obywatelami UE, legalnie zawartego w innym pa\u0144stwie UE, jest niezgodna z prawem UE. Zdaniem TSUE, cho\u0107 regulacje dotycz\u0105ce ma\u0142\u017ce\u0144stwa nale\u017c\u0105 do kompetencji pa\u0144stw cz\u0142onkowskich, to jednak s\u0105 zobowi\u0105zane do przestrzegania prawa unijnego, kt\u00f3re gwarantuje obywatelom prawo do swobodnego przemieszczania si\u0119, prawo pobytu na terytorium innych pa\u0144stw cz\u0142onkowskich i prowadzenia tam normalnego \u017cycia rodzinnego.<\/p>\n<p>Wyrok TSUE nie oznacza, \u017ce \u200b\u200bpa\u0144stwo ma obowi\u0105zek wprowadzi\u0107 do prawa krajowego ma\u0142\u017ce\u0144stwa os\u00f3b tej samej p\u0142ci. Jednak\u017ce\u2026 wymagane jest uznanie takiej unii, je\u017celi zosta\u0142a ona zawarta legalnie w innym pa\u0144stwie UE.<\/p>\n<h2 class=\"wp-block-heading\"><strong>Ziobro: \u201eLewica pl\u0105druje UE<\/strong>\u201e<\/h2>\n<p>Decyzja unijnego s\u0105du niezwykle szybko rozprzestrzeni\u0142a si\u0119 w sferze publicznej.<\/p>\n<p>Zbigniew Ziobro, by\u0142y minister sprawiedliwo\u015bci, skomentowa\u0142 to nast\u0119puj\u0105co: <strong><strong>\u201e<\/strong>Lewica pl\u0105druje Uni\u0119 Europejsk\u0105! TSUE, najbardziej upolityczniony pseudos\u0105d w Europie, kt\u00f3rego s\u0119dzi\u00f3w wybieraj\u0105 bezpo\u015brednio rz\u0105dy, po raz kolejny chce zmieni\u0107 unijne traktaty.<strong>\u201e<\/strong><\/strong><\/p>\n<figure class=\"wp-block-pullquote\">\n<blockquote>\n<p><strong><strong>\u201e<\/strong>\u0141ami\u0105c umowy mi\u0119dzynarodowe, \u0142ami\u0105c Konstytucj\u0119 RP i wol\u0119 narodu, chc\u0105 wprowadzi\u0107 do Polski ma\u0142\u017ce\u0144stwa homoseksualne. Zawsze przestrzega\u0142em, \u017ce TSUE ma tyle samo wsp\u00f3lnego z praworz\u0105dno\u015bci\u0105, co Tusk z prawd\u0105, a Giertych ze uczciwo\u015bci\u0105. Zadaniem Trybuna\u0142u nie jest zapewnienie przestrzegania prawa UE, ale pe\u0142ne podporz\u0105dkowanie kraj\u00f3w UE lewicowemu programowi. A wszystko, co stoi na przeszkodzie osi\u0105gni\u0119ciu tego celu, TSUE uznaje za niezgodne z prawem unijnym,<strong>\u201e<\/strong><\/strong>  napisa\u0142 <em>PiS<\/em> polityk.<\/p>\n<\/blockquote>\n<\/figure>\n<p>Spraw\u0119 wypowiedzia\u0142 si\u0119 tak\u017ce by\u0142y wiceminister sprawiedliwo\u015bci Sebastian Kaleta. Jak napisa\u0142 na wst\u0119pie, <strong><strong>\u201e<\/strong>TSUE po raz kolejny orzek\u0142 w sprawach dotycz\u0105cych polskiego prawa wykraczaj\u0105cych poza przyznane mu kompetencje, czyli po prostu niezgodnie z prawem.<strong>\u201e<\/strong><\/strong><\/p>\n<figure class=\"wp-block-pullquote\">\n<blockquote>\n<p>Wyja\u015bni\u0142 dalej w punktach: <strong><strong>\u201e<\/strong>1. TSUE nie mo\u017ce orzeka\u0107 w sprawie Karty praw podstawowych w odniesieniu do Polski. Polska zabezpieczy\u0142a takie wy\u0142\u0105czenie odpowiednim protoko\u0142em do Traktatu Lizbo\u0144skiego. Podobnie jak w sprawach s\u0105downictwa, TSUE wykracza poza przyznane mu w tym zakresie kompetencje. 2. UE mo\u017ce ingerowa\u0107 w prawo rodzinne jedynie w\u00f3wczas, gdy jednomy\u015blnie przyjmie odpowiednie prawo. Wynika to jasno z art. 81 ust. 3 TFUE. Oczywi\u015bcie UE nie przyj\u0119\u0142a takich przepis\u00f3w, wi\u0119c nie ma o czym dyskutowa\u0107. 3. Nawet gdyby tak by\u0142o, takie przepisy nie mog\u0142yby narusza\u0107 Konstytucji RP, kt\u00f3ra wyra\u017anie stanowi, \u017ce instytucja ma\u0142\u017ce\u0144stwa i ochrona pa\u0144stwa nad nim zastrze\u017cona jest wy\u0142\u0105cznie dla zwi\u0105zk\u00f3w kobiety i m\u0119\u017cczyzny.<strong>\u201e<\/strong><\/strong><\/p>\n<\/blockquote>\n<\/figure>\n<figure class=\"wp-block-pullquote\">\n<blockquote>\n<p><strong><strong>\u201e<\/strong>Zatem je\u017celi jakikolwiek urz\u0119dnik uzna za wa\u017cne w Polsce ma\u0142\u017ce\u0144stwo os\u00f3b tej samej p\u0142ci zawarte jako ma\u0142\u017ce\u0144stwo poza granicami Polski, dopu\u015bci si\u0119 przest\u0119pstwa przekroczenia swoich uprawnie\u0144, a wszelkie czynno\u015bci prawne dokonane na podstawie uznania takiego zwi\u0105zku za ma\u0142\u017ce\u0144stwo b\u0119d\u0105 niewa\u017cne.\u201d<\/strong> \u2013 podsumowa\u0142.<\/p>\n<\/blockquote>\n<\/figure>\n<\/div>\n<\/div>\n","protected":false},"excerpt":{"rendered":"<p>\u201ePa\u0144stwo cz\u0142onkowskie ma obowi\u0105zek uzna\u0107 ma\u0142\u017ce\u0144stwo zawarte przez par\u0119 os\u00f3b tej samej p\u0142ci zgodnie z prawem zawarte w innym pa\u0144stwie<\/p>\n","protected":false},"author":1,"featured_media":11017,"comment_status":"open","ping_status":"open","sticky":false,"template":"","format":"standard","meta":{"footnotes":""},"categories":[44],"tags":[734,11549,5895,10969,4195,12443,7424,4076,9050,2221,12442,3360],"class_list":["post-11016","post","type-post","status-publish","format-standard","has-post-thumbnail","hentry","category-polityka","tag-dotyczace","tag-kontratakuje","tag-lewica","tag-malzenstwa","tag-osob","tag-pladruje","tag-plci","tag-przepisy","tag-samej","tag-tej","tag-tsue","tag-ziobro","generate-columns","tablet-grid-50","mobile-grid-100","grid-parent","grid-50","resize-featured-image"],"yoast_head":"<!-- This site is optimized with the Yoast SEO plugin v23.2 - https:\/\/yoast.com\/wordpress\/plugins\/seo\/ -->\n<title>Przepisy TSUE dotycz\u0105ce \u201ema\u0142\u017ce\u0144stwa\u201d os\u00f3b tej samej p\u0142ci. Ziobro kontratakuje: Lewica pl\u0105druje UE! - POGOTOWIE FLAGOWE\u00ae<\/title>\n<meta name=\"robots\" content=\"index, follow, max-snippet:-1, max-image-preview:large, max-video-preview:-1\" \/>\n<link rel=\"canonical\" href=\"https:\/\/www.pogotowieflagowe.pl\/aktualne\/przepisy-tsue-dotyczace-malzenstwa-osob-tej-samej-plci-ziobro-kontratakuje-lewica-pladruje-ue\/\" \/>\n<meta property=\"og:locale\" content=\"pl_PL\" \/>\n<meta property=\"og:type\" content=\"article\" \/>\n<meta property=\"og:title\" content=\"Przepisy TSUE dotycz\u0105ce \u201ema\u0142\u017ce\u0144stwa\u201d os\u00f3b tej samej p\u0142ci. Ziobro kontratakuje: Lewica pl\u0105druje UE! - POGOTOWIE FLAGOWE\u00ae\" \/>\n<meta property=\"og:description\" content=\"\u201ePa\u0144stwo cz\u0142onkowskie ma obowi\u0105zek uzna\u0107 ma\u0142\u017ce\u0144stwo zawarte przez par\u0119 os\u00f3b tej samej p\u0142ci zgodnie z prawem zawarte w innym pa\u0144stwie\" \/>\n<meta property=\"og:url\" content=\"https:\/\/www.pogotowieflagowe.pl\/aktualne\/przepisy-tsue-dotyczace-malzenstwa-osob-tej-samej-plci-ziobro-kontratakuje-lewica-pladruje-ue\/\" \/>\n<meta property=\"og:site_name\" content=\"POGOTOWIE FLAGOWE\u00ae\" \/>\n<meta property=\"article:published_time\" content=\"2025-11-25T20:46:46+00:00\" \/>\n<meta property=\"article:modified_time\" content=\"2025-11-25T20:46:47+00:00\" \/>\n<meta property=\"og:image\" content=\"https:\/\/www.pogotowieflagowe.pl\/aktualne\/wp-content\/uploads\/2025\/11\/Przepisy-TSUE-dotyczace-\u201emalzenstwa-osob-tej-samej-plci-Ziobro-kontratakuje.webp.webp\" \/>\n\t<meta property=\"og:image:width\" content=\"1280\" \/>\n\t<meta property=\"og:image:height\" content=\"720\" \/>\n\t<meta property=\"og:image:type\" content=\"image\/webp\" \/>\n<meta name=\"author\" content=\"Filip\" \/>\n<meta name=\"twitter:card\" content=\"summary_large_image\" \/>\n<meta name=\"twitter:label1\" content=\"Napisane przez\" \/>\n\t<meta name=\"twitter:data1\" content=\"Filip\" \/>\n\t<meta name=\"twitter:label2\" content=\"Szacowany czas czytania\" \/>\n\t<meta name=\"twitter:data2\" content=\"3 minuty\" \/>\n<script type=\"application\/ld+json\" class=\"yoast-schema-graph\">{\"@context\":\"https:\/\/schema.org\",\"@graph\":[{\"@type\":\"Article\",\"@id\":\"https:\/\/www.pogotowieflagowe.pl\/aktualne\/przepisy-tsue-dotyczace-malzenstwa-osob-tej-samej-plci-ziobro-kontratakuje-lewica-pladruje-ue\/#article\",\"isPartOf\":{\"@id\":\"https:\/\/www.pogotowieflagowe.pl\/aktualne\/przepisy-tsue-dotyczace-malzenstwa-osob-tej-samej-plci-ziobro-kontratakuje-lewica-pladruje-ue\/\"},\"author\":{\"name\":\"Filip\",\"@id\":\"https:\/\/www.pogotowieflagowe.pl\/aktualne\/#\/schema\/person\/9c2fb7d2362ebf6fa088960d7f0d27b0\"},\"headline\":\"Przepisy TSUE dotycz\u0105ce \u201ema\u0142\u017ce\u0144stwa\u201d os\u00f3b tej samej p\u0142ci. Ziobro kontratakuje: Lewica pl\u0105druje UE!\",\"datePublished\":\"2025-11-25T20:46:46+00:00\",\"dateModified\":\"2025-11-25T20:46:47+00:00\",\"mainEntityOfPage\":{\"@id\":\"https:\/\/www.pogotowieflagowe.pl\/aktualne\/przepisy-tsue-dotyczace-malzenstwa-osob-tej-samej-plci-ziobro-kontratakuje-lewica-pladruje-ue\/\"},\"wordCount\":691,\"commentCount\":0,\"publisher\":{\"@id\":\"https:\/\/www.pogotowieflagowe.pl\/aktualne\/#organization\"},\"image\":{\"@id\":\"https:\/\/www.pogotowieflagowe.pl\/aktualne\/przepisy-tsue-dotyczace-malzenstwa-osob-tej-samej-plci-ziobro-kontratakuje-lewica-pladruje-ue\/#primaryimage\"},\"thumbnailUrl\":\"https:\/\/www.pogotowieflagowe.pl\/aktualne\/wp-content\/uploads\/2025\/11\/Przepisy-TSUE-dotyczace-\u201emalzenstwa-osob-tej-samej-plci-Ziobro-kontratakuje.webp.webp\",\"keywords\":[\"dotycz\u0105ce\",\"kontratakuje\",\"lewica\",\"ma\u0142\u017ce\u0144stwa\",\"os\u00f3b\",\"pl\u0105druje\",\"p\u0142ci\",\"przepisy\",\"samej\",\"tej\",\"TSUE\",\"Ziobro\"],\"articleSection\":[\"Polityka\"],\"inLanguage\":\"pl-PL\",\"potentialAction\":[{\"@type\":\"CommentAction\",\"name\":\"Comment\",\"target\":[\"https:\/\/www.pogotowieflagowe.pl\/aktualne\/przepisy-tsue-dotyczace-malzenstwa-osob-tej-samej-plci-ziobro-kontratakuje-lewica-pladruje-ue\/#respond\"]}]},{\"@type\":\"WebPage\",\"@id\":\"https:\/\/www.pogotowieflagowe.pl\/aktualne\/przepisy-tsue-dotyczace-malzenstwa-osob-tej-samej-plci-ziobro-kontratakuje-lewica-pladruje-ue\/\",\"url\":\"https:\/\/www.pogotowieflagowe.pl\/aktualne\/przepisy-tsue-dotyczace-malzenstwa-osob-tej-samej-plci-ziobro-kontratakuje-lewica-pladruje-ue\/\",\"name\":\"Przepisy TSUE dotycz\u0105ce \u201ema\u0142\u017ce\u0144stwa\u201d os\u00f3b tej samej p\u0142ci. Ziobro kontratakuje: Lewica pl\u0105druje UE! - POGOTOWIE FLAGOWE\u00ae\",\"isPartOf\":{\"@id\":\"https:\/\/www.pogotowieflagowe.pl\/aktualne\/#website\"},\"primaryImageOfPage\":{\"@id\":\"https:\/\/www.pogotowieflagowe.pl\/aktualne\/przepisy-tsue-dotyczace-malzenstwa-osob-tej-samej-plci-ziobro-kontratakuje-lewica-pladruje-ue\/#primaryimage\"},\"image\":{\"@id\":\"https:\/\/www.pogotowieflagowe.pl\/aktualne\/przepisy-tsue-dotyczace-malzenstwa-osob-tej-samej-plci-ziobro-kontratakuje-lewica-pladruje-ue\/#primaryimage\"},\"thumbnailUrl\":\"https:\/\/www.pogotowieflagowe.pl\/aktualne\/wp-content\/uploads\/2025\/11\/Przepisy-TSUE-dotyczace-\u201emalzenstwa-osob-tej-samej-plci-Ziobro-kontratakuje.webp.webp\",\"datePublished\":\"2025-11-25T20:46:46+00:00\",\"dateModified\":\"2025-11-25T20:46:47+00:00\",\"breadcrumb\":{\"@id\":\"https:\/\/www.pogotowieflagowe.pl\/aktualne\/przepisy-tsue-dotyczace-malzenstwa-osob-tej-samej-plci-ziobro-kontratakuje-lewica-pladruje-ue\/#breadcrumb\"},\"inLanguage\":\"pl-PL\",\"potentialAction\":[{\"@type\":\"ReadAction\",\"target\":[\"https:\/\/www.pogotowieflagowe.pl\/aktualne\/przepisy-tsue-dotyczace-malzenstwa-osob-tej-samej-plci-ziobro-kontratakuje-lewica-pladruje-ue\/\"]}]},{\"@type\":\"ImageObject\",\"inLanguage\":\"pl-PL\",\"@id\":\"https:\/\/www.pogotowieflagowe.pl\/aktualne\/przepisy-tsue-dotyczace-malzenstwa-osob-tej-samej-plci-ziobro-kontratakuje-lewica-pladruje-ue\/#primaryimage\",\"url\":\"https:\/\/www.pogotowieflagowe.pl\/aktualne\/wp-content\/uploads\/2025\/11\/Przepisy-TSUE-dotyczace-\u201emalzenstwa-osob-tej-samej-plci-Ziobro-kontratakuje.webp.webp\",\"contentUrl\":\"https:\/\/www.pogotowieflagowe.pl\/aktualne\/wp-content\/uploads\/2025\/11\/Przepisy-TSUE-dotyczace-\u201emalzenstwa-osob-tej-samej-plci-Ziobro-kontratakuje.webp.webp\",\"width\":1280,\"height\":720,\"caption\":\"Przepisy TSUE dotycz\u0105ce \u201ema\u0142\u017ce\u0144stwa\u201d os\u00f3b tej samej p\u0142ci. Ziobro kontratakuje: Lewica pl\u0105druje UE!\"},{\"@type\":\"BreadcrumbList\",\"@id\":\"https:\/\/www.pogotowieflagowe.pl\/aktualne\/przepisy-tsue-dotyczace-malzenstwa-osob-tej-samej-plci-ziobro-kontratakuje-lewica-pladruje-ue\/#breadcrumb\",\"itemListElement\":[{\"@type\":\"ListItem\",\"position\":1,\"name\":\"Home\",\"item\":\"https:\/\/www.pogotowieflagowe.pl\/aktualne\/\"},{\"@type\":\"ListItem\",\"position\":2,\"name\":\"Przepisy TSUE dotycz\u0105ce \u201ema\u0142\u017ce\u0144stwa\u201d os\u00f3b tej samej p\u0142ci. Ziobro kontratakuje: Lewica pl\u0105druje UE!\"}]},{\"@type\":\"WebSite\",\"@id\":\"https:\/\/www.pogotowieflagowe.pl\/aktualne\/#website\",\"url\":\"https:\/\/www.pogotowieflagowe.pl\/aktualne\/\",\"name\":\"POGOTOWIE FLAGOWE\u00ae\",\"description\":\"\",\"publisher\":{\"@id\":\"https:\/\/www.pogotowieflagowe.pl\/aktualne\/#organization\"},\"potentialAction\":[{\"@type\":\"SearchAction\",\"target\":{\"@type\":\"EntryPoint\",\"urlTemplate\":\"https:\/\/www.pogotowieflagowe.pl\/aktualne\/?s={search_term_string}\"},\"query-input\":\"required name=search_term_string\"}],\"inLanguage\":\"pl-PL\"},{\"@type\":\"Organization\",\"@id\":\"https:\/\/www.pogotowieflagowe.pl\/aktualne\/#organization\",\"name\":\"POGOTOWIE FLAGOWE\u00ae\",\"url\":\"https:\/\/www.pogotowieflagowe.pl\/aktualne\/\",\"logo\":{\"@type\":\"ImageObject\",\"inLanguage\":\"pl-PL\",\"@id\":\"https:\/\/www.pogotowieflagowe.pl\/aktualne\/#\/schema\/logo\/image\/\",\"url\":\"https:\/\/www.pogotowieflagowe.pl\/aktualne\/wp-content\/uploads\/2024\/08\/cropped-pogotowieflagowe_flaga_projekt_sm.jpg\",\"contentUrl\":\"https:\/\/www.pogotowieflagowe.pl\/aktualne\/wp-content\/uploads\/2024\/08\/cropped-pogotowieflagowe_flaga_projekt_sm.jpg\",\"width\":250,\"height\":143,\"caption\":\"POGOTOWIE FLAGOWE\u00ae\"},\"image\":{\"@id\":\"https:\/\/www.pogotowieflagowe.pl\/aktualne\/#\/schema\/logo\/image\/\"}},{\"@type\":\"Person\",\"@id\":\"https:\/\/www.pogotowieflagowe.pl\/aktualne\/#\/schema\/person\/9c2fb7d2362ebf6fa088960d7f0d27b0\",\"name\":\"Filip\",\"image\":{\"@type\":\"ImageObject\",\"inLanguage\":\"pl-PL\",\"@id\":\"https:\/\/www.pogotowieflagowe.pl\/aktualne\/#\/schema\/person\/image\/\",\"url\":\"https:\/\/www.pogotowieflagowe.pl\/aktualne\/wp-content\/uploads\/2024\/08\/pogotowieflagowe.pl_.jpg\",\"contentUrl\":\"https:\/\/www.pogotowieflagowe.pl\/aktualne\/wp-content\/uploads\/2024\/08\/pogotowieflagowe.pl_.jpg\",\"caption\":\"Filip\"},\"description\":\"Jestem Filip, polski dziennikarz z dyplomem nauk politycznych Uniwersytetu Warszawskiego. Rozpoczynaj\u0105c swoj\u0105 karier\u0119 w r\u00f3\u017cnych lokalnych mediach, zdoby\u0142em solidne do\u015bwiadczenie w zakresie \u015bledztwa i redakcji. Obecnie jako redaktor w Pogotowie flagowe, staram si\u0119 dostarcza\u0107 dog\u0142\u0119bne i istotne analizy na temat najwa\u017cniejszych kwestii aktualno\u015bci, \u0142\u0105cz\u0105c rygor z pasj\u0105 dziennikarsk\u0105.\",\"sameAs\":[\"https:\/\/www.pogotowieflagowe.pl\/\"]}]}<\/script>\n<!-- \/ Yoast SEO plugin. -->","yoast_head_json":{"title":"Przepisy TSUE dotycz\u0105ce \u201ema\u0142\u017ce\u0144stwa\u201d os\u00f3b tej samej p\u0142ci. Ziobro kontratakuje: Lewica pl\u0105druje UE! - POGOTOWIE FLAGOWE\u00ae","robots":{"index":"index","follow":"follow","max-snippet":"max-snippet:-1","max-image-preview":"max-image-preview:large","max-video-preview":"max-video-preview:-1"},"canonical":"https:\/\/www.pogotowieflagowe.pl\/aktualne\/przepisy-tsue-dotyczace-malzenstwa-osob-tej-samej-plci-ziobro-kontratakuje-lewica-pladruje-ue\/","og_locale":"pl_PL","og_type":"article","og_title":"Przepisy TSUE dotycz\u0105ce \u201ema\u0142\u017ce\u0144stwa\u201d os\u00f3b tej samej p\u0142ci. Ziobro kontratakuje: Lewica pl\u0105druje UE! - POGOTOWIE FLAGOWE\u00ae","og_description":"\u201ePa\u0144stwo cz\u0142onkowskie ma obowi\u0105zek uzna\u0107 ma\u0142\u017ce\u0144stwo zawarte przez par\u0119 os\u00f3b tej samej p\u0142ci zgodnie z prawem zawarte w innym pa\u0144stwie","og_url":"https:\/\/www.pogotowieflagowe.pl\/aktualne\/przepisy-tsue-dotyczace-malzenstwa-osob-tej-samej-plci-ziobro-kontratakuje-lewica-pladruje-ue\/","og_site_name":"POGOTOWIE FLAGOWE\u00ae","article_published_time":"2025-11-25T20:46:46+00:00","article_modified_time":"2025-11-25T20:46:47+00:00","og_image":[{"width":1280,"height":720,"url":"https:\/\/www.pogotowieflagowe.pl\/aktualne\/wp-content\/uploads\/2025\/11\/Przepisy-TSUE-dotyczace-\u201emalzenstwa-osob-tej-samej-plci-Ziobro-kontratakuje.webp.webp","type":"image\/webp"}],"author":"Filip","twitter_card":"summary_large_image","twitter_misc":{"Napisane przez":"Filip","Szacowany czas czytania":"3 minuty"},"schema":{"@context":"https:\/\/schema.org","@graph":[{"@type":"Article","@id":"https:\/\/www.pogotowieflagowe.pl\/aktualne\/przepisy-tsue-dotyczace-malzenstwa-osob-tej-samej-plci-ziobro-kontratakuje-lewica-pladruje-ue\/#article","isPartOf":{"@id":"https:\/\/www.pogotowieflagowe.pl\/aktualne\/przepisy-tsue-dotyczace-malzenstwa-osob-tej-samej-plci-ziobro-kontratakuje-lewica-pladruje-ue\/"},"author":{"name":"Filip","@id":"https:\/\/www.pogotowieflagowe.pl\/aktualne\/#\/schema\/person\/9c2fb7d2362ebf6fa088960d7f0d27b0"},"headline":"Przepisy TSUE dotycz\u0105ce \u201ema\u0142\u017ce\u0144stwa\u201d os\u00f3b tej samej p\u0142ci. Ziobro kontratakuje: Lewica pl\u0105druje UE!","datePublished":"2025-11-25T20:46:46+00:00","dateModified":"2025-11-25T20:46:47+00:00","mainEntityOfPage":{"@id":"https:\/\/www.pogotowieflagowe.pl\/aktualne\/przepisy-tsue-dotyczace-malzenstwa-osob-tej-samej-plci-ziobro-kontratakuje-lewica-pladruje-ue\/"},"wordCount":691,"commentCount":0,"publisher":{"@id":"https:\/\/www.pogotowieflagowe.pl\/aktualne\/#organization"},"image":{"@id":"https:\/\/www.pogotowieflagowe.pl\/aktualne\/przepisy-tsue-dotyczace-malzenstwa-osob-tej-samej-plci-ziobro-kontratakuje-lewica-pladruje-ue\/#primaryimage"},"thumbnailUrl":"https:\/\/www.pogotowieflagowe.pl\/aktualne\/wp-content\/uploads\/2025\/11\/Przepisy-TSUE-dotyczace-\u201emalzenstwa-osob-tej-samej-plci-Ziobro-kontratakuje.webp.webp","keywords":["dotycz\u0105ce","kontratakuje","lewica","ma\u0142\u017ce\u0144stwa","os\u00f3b","pl\u0105druje","p\u0142ci","przepisy","samej","tej","TSUE","Ziobro"],"articleSection":["Polityka"],"inLanguage":"pl-PL","potentialAction":[{"@type":"CommentAction","name":"Comment","target":["https:\/\/www.pogotowieflagowe.pl\/aktualne\/przepisy-tsue-dotyczace-malzenstwa-osob-tej-samej-plci-ziobro-kontratakuje-lewica-pladruje-ue\/#respond"]}]},{"@type":"WebPage","@id":"https:\/\/www.pogotowieflagowe.pl\/aktualne\/przepisy-tsue-dotyczace-malzenstwa-osob-tej-samej-plci-ziobro-kontratakuje-lewica-pladruje-ue\/","url":"https:\/\/www.pogotowieflagowe.pl\/aktualne\/przepisy-tsue-dotyczace-malzenstwa-osob-tej-samej-plci-ziobro-kontratakuje-lewica-pladruje-ue\/","name":"Przepisy TSUE dotycz\u0105ce \u201ema\u0142\u017ce\u0144stwa\u201d os\u00f3b tej samej p\u0142ci. Ziobro kontratakuje: Lewica pl\u0105druje UE! - POGOTOWIE FLAGOWE\u00ae","isPartOf":{"@id":"https:\/\/www.pogotowieflagowe.pl\/aktualne\/#website"},"primaryImageOfPage":{"@id":"https:\/\/www.pogotowieflagowe.pl\/aktualne\/przepisy-tsue-dotyczace-malzenstwa-osob-tej-samej-plci-ziobro-kontratakuje-lewica-pladruje-ue\/#primaryimage"},"image":{"@id":"https:\/\/www.pogotowieflagowe.pl\/aktualne\/przepisy-tsue-dotyczace-malzenstwa-osob-tej-samej-plci-ziobro-kontratakuje-lewica-pladruje-ue\/#primaryimage"},"thumbnailUrl":"https:\/\/www.pogotowieflagowe.pl\/aktualne\/wp-content\/uploads\/2025\/11\/Przepisy-TSUE-dotyczace-\u201emalzenstwa-osob-tej-samej-plci-Ziobro-kontratakuje.webp.webp","datePublished":"2025-11-25T20:46:46+00:00","dateModified":"2025-11-25T20:46:47+00:00","breadcrumb":{"@id":"https:\/\/www.pogotowieflagowe.pl\/aktualne\/przepisy-tsue-dotyczace-malzenstwa-osob-tej-samej-plci-ziobro-kontratakuje-lewica-pladruje-ue\/#breadcrumb"},"inLanguage":"pl-PL","potentialAction":[{"@type":"ReadAction","target":["https:\/\/www.pogotowieflagowe.pl\/aktualne\/przepisy-tsue-dotyczace-malzenstwa-osob-tej-samej-plci-ziobro-kontratakuje-lewica-pladruje-ue\/"]}]},{"@type":"ImageObject","inLanguage":"pl-PL","@id":"https:\/\/www.pogotowieflagowe.pl\/aktualne\/przepisy-tsue-dotyczace-malzenstwa-osob-tej-samej-plci-ziobro-kontratakuje-lewica-pladruje-ue\/#primaryimage","url":"https:\/\/www.pogotowieflagowe.pl\/aktualne\/wp-content\/uploads\/2025\/11\/Przepisy-TSUE-dotyczace-\u201emalzenstwa-osob-tej-samej-plci-Ziobro-kontratakuje.webp.webp","contentUrl":"https:\/\/www.pogotowieflagowe.pl\/aktualne\/wp-content\/uploads\/2025\/11\/Przepisy-TSUE-dotyczace-\u201emalzenstwa-osob-tej-samej-plci-Ziobro-kontratakuje.webp.webp","width":1280,"height":720,"caption":"Przepisy TSUE dotycz\u0105ce \u201ema\u0142\u017ce\u0144stwa\u201d os\u00f3b tej samej p\u0142ci. Ziobro kontratakuje: Lewica pl\u0105druje UE!"},{"@type":"BreadcrumbList","@id":"https:\/\/www.pogotowieflagowe.pl\/aktualne\/przepisy-tsue-dotyczace-malzenstwa-osob-tej-samej-plci-ziobro-kontratakuje-lewica-pladruje-ue\/#breadcrumb","itemListElement":[{"@type":"ListItem","position":1,"name":"Home","item":"https:\/\/www.pogotowieflagowe.pl\/aktualne\/"},{"@type":"ListItem","position":2,"name":"Przepisy TSUE dotycz\u0105ce \u201ema\u0142\u017ce\u0144stwa\u201d os\u00f3b tej samej p\u0142ci. Ziobro kontratakuje: Lewica pl\u0105druje UE!"}]},{"@type":"WebSite","@id":"https:\/\/www.pogotowieflagowe.pl\/aktualne\/#website","url":"https:\/\/www.pogotowieflagowe.pl\/aktualne\/","name":"POGOTOWIE FLAGOWE\u00ae","description":"","publisher":{"@id":"https:\/\/www.pogotowieflagowe.pl\/aktualne\/#organization"},"potentialAction":[{"@type":"SearchAction","target":{"@type":"EntryPoint","urlTemplate":"https:\/\/www.pogotowieflagowe.pl\/aktualne\/?s={search_term_string}"},"query-input":"required name=search_term_string"}],"inLanguage":"pl-PL"},{"@type":"Organization","@id":"https:\/\/www.pogotowieflagowe.pl\/aktualne\/#organization","name":"POGOTOWIE FLAGOWE\u00ae","url":"https:\/\/www.pogotowieflagowe.pl\/aktualne\/","logo":{"@type":"ImageObject","inLanguage":"pl-PL","@id":"https:\/\/www.pogotowieflagowe.pl\/aktualne\/#\/schema\/logo\/image\/","url":"https:\/\/www.pogotowieflagowe.pl\/aktualne\/wp-content\/uploads\/2024\/08\/cropped-pogotowieflagowe_flaga_projekt_sm.jpg","contentUrl":"https:\/\/www.pogotowieflagowe.pl\/aktualne\/wp-content\/uploads\/2024\/08\/cropped-pogotowieflagowe_flaga_projekt_sm.jpg","width":250,"height":143,"caption":"POGOTOWIE FLAGOWE\u00ae"},"image":{"@id":"https:\/\/www.pogotowieflagowe.pl\/aktualne\/#\/schema\/logo\/image\/"}},{"@type":"Person","@id":"https:\/\/www.pogotowieflagowe.pl\/aktualne\/#\/schema\/person\/9c2fb7d2362ebf6fa088960d7f0d27b0","name":"Filip","image":{"@type":"ImageObject","inLanguage":"pl-PL","@id":"https:\/\/www.pogotowieflagowe.pl\/aktualne\/#\/schema\/person\/image\/","url":"https:\/\/www.pogotowieflagowe.pl\/aktualne\/wp-content\/uploads\/2024\/08\/pogotowieflagowe.pl_.jpg","contentUrl":"https:\/\/www.pogotowieflagowe.pl\/aktualne\/wp-content\/uploads\/2024\/08\/pogotowieflagowe.pl_.jpg","caption":"Filip"},"description":"Jestem Filip, polski dziennikarz z dyplomem nauk politycznych Uniwersytetu Warszawskiego. Rozpoczynaj\u0105c swoj\u0105 karier\u0119 w r\u00f3\u017cnych lokalnych mediach, zdoby\u0142em solidne do\u015bwiadczenie w zakresie \u015bledztwa i redakcji. Obecnie jako redaktor w Pogotowie flagowe, staram si\u0119 dostarcza\u0107 dog\u0142\u0119bne i istotne analizy na temat najwa\u017cniejszych kwestii aktualno\u015bci, \u0142\u0105cz\u0105c rygor z pasj\u0105 dziennikarsk\u0105.","sameAs":["https:\/\/www.pogotowieflagowe.pl\/"]}]}},"_links":{"self":[{"href":"https:\/\/www.pogotowieflagowe.pl\/aktualne\/wp-json\/wp\/v2\/posts\/11016","targetHints":{"allow":["GET"]}}],"collection":[{"href":"https:\/\/www.pogotowieflagowe.pl\/aktualne\/wp-json\/wp\/v2\/posts"}],"about":[{"href":"https:\/\/www.pogotowieflagowe.pl\/aktualne\/wp-json\/wp\/v2\/types\/post"}],"author":[{"embeddable":true,"href":"https:\/\/www.pogotowieflagowe.pl\/aktualne\/wp-json\/wp\/v2\/users\/1"}],"replies":[{"embeddable":true,"href":"https:\/\/www.pogotowieflagowe.pl\/aktualne\/wp-json\/wp\/v2\/comments?post=11016"}],"version-history":[{"count":1,"href":"https:\/\/www.pogotowieflagowe.pl\/aktualne\/wp-json\/wp\/v2\/posts\/11016\/revisions"}],"predecessor-version":[{"id":11018,"href":"https:\/\/www.pogotowieflagowe.pl\/aktualne\/wp-json\/wp\/v2\/posts\/11016\/revisions\/11018"}],"wp:featuredmedia":[{"embeddable":true,"href":"https:\/\/www.pogotowieflagowe.pl\/aktualne\/wp-json\/wp\/v2\/media\/11017"}],"wp:attachment":[{"href":"https:\/\/www.pogotowieflagowe.pl\/aktualne\/wp-json\/wp\/v2\/media?parent=11016"}],"wp:term":[{"taxonomy":"category","embeddable":true,"href":"https:\/\/www.pogotowieflagowe.pl\/aktualne\/wp-json\/wp\/v2\/categories?post=11016"},{"taxonomy":"post_tag","embeddable":true,"href":"https:\/\/www.pogotowieflagowe.pl\/aktualne\/wp-json\/wp\/v2\/tags?post=11016"}],"curies":[{"name":"wp","href":"https:\/\/api.w.org\/{rel}","templated":true}]}}