{"id":11019,"date":"2025-11-25T22:15:52","date_gmt":"2025-11-25T21:15:52","guid":{"rendered":"https:\/\/www.pogotowieflagowe.pl\/aktualne\/ets-otwiera-drzwi-do-malzenstw-osob-tej-samej-plci-w-polsce-panstwa-nie-mozna-zmusic-do-czegos-takiego\/"},"modified":"2025-11-25T22:15:53","modified_gmt":"2025-11-25T21:15:53","slug":"ets-otwiera-drzwi-do-malzenstw-osob-tej-samej-plci-w-polsce-panstwa-nie-mozna-zmusic-do-czegos-takiego","status":"publish","type":"post","link":"https:\/\/www.pogotowieflagowe.pl\/aktualne\/ets-otwiera-drzwi-do-malzenstw-osob-tej-samej-plci-w-polsce-panstwa-nie-mozna-zmusic-do-czegos-takiego\/","title":{"rendered":"ETS otwiera drzwi do ma\u0142\u017ce\u0144stw os\u00f3b tej samej p\u0142ci w Polsce: \u201ePa\u0144stwa nie mo\u017cna zmusi\u0107 do czego\u015b takiego\u201d"},"content":{"rendered":"\n<div class=\"td_block_wrap tdb_single_content tdi_46 td-pb-border-top td_block_template_8 td-post-content tagdiv-type\" data-td-block-uid=\"tdi_46\">\n<style>.tdi_46{margines-g\u00f3rny:0px!important;margin-bottom:0px!important;dope\u0142nienie-g\u00f3ra:0px!important;dope\u0142nienie-d\u00f3\u0142:0px!important}<\/style>\n<style>.tdb_single_content{margin-bottom:0;*zoom:1}.tdb_single_content:before,.tdb_single_content:after{display:table;content:'';line-height:0}.tdb_single_content:after{clear:both}.tdb_single_content .tdb-block-inner>*:not(.wp-block-quote):not(.alignwide):not(.alignfull.wp-block-cover.has-parallax):not(.td-a-ad){margin-left:auto;margin-right:auto}.tdb_single_content a{pointer-events:auto}.tdb_single_content .td-spot-id-top_ad .tdc-placeholder-title:before{content:'Najlepsza reklama artyku\u0142u'!important}.tdb_single_content .td-spot-id-inline_ad0 .tdc-placeholder-title:before{content:'Reklama wbudowana artyku\u0142u 1'!important}.tdb_single_content .td-spot-id-inline_ad1 .tdc-placeholder-title:before{content:'Wbudowana reklama w artykule 2'!important}.tdb_single_content .td-spot-id-inline_ad2 .tdc-placeholder-title:before{content:'Wbudowana reklama w artykule 3'!important}.tdb_single_content .td-spot-id-bottom_ad .tdc-placeholder-title:before{content:'Article Bottom Ad'!important}.tdb_single_content .id_top_ad,.tdb_single_content .id_bottom_ad{clear:both;margin-bottom:21px;text-align:center}.tdb_single_content .id_top_ad img,.tdb_single_content .id_bottom_ad img{margin-bottom:0}.tdb_single_content .id_top_ad .adsbygoogle,.tdb_single_content .id_bottom_ad .adsbygoogle{position:relative}.tdb_single_content .id_ad_content-horiz-left,.tdb_single_content .id_ad_content-horiz-right,.tdb_single_content .id_ad_content-horiz-center{margin-bottom:15px}.tdb_single_content .id_ad_content-horiz-left img,.tdb_single_content .id_ad_content-horiz-right img,.tdb_single_content .id_ad_content-horiz-center img{margin-bottom:0}.tdb_single_content .id_ad_content-horiz-center{text-align:center}.tdb_single_content .id_ad_content-horiz-center img{margin-right:auto;margin-left:auto}.tdb_single_content .id_ad_content-horiz-left{float:left;margin-top:9px;margin-right:21px}.tdb_single_content .id_ad_content-horiz-right{float:right;margin-top:6px;margin-left:21px}.tdb_single_content .tdc-a-ad .tdc-placeholder-title{width:300px;height:250px}.tdb_single_content .tdc-a-ad .tdc-placeholder-title:before{position:absolute;top:50%;-webkit-transform:translateY(-50%);transform:translateY(-50%);margin:auto;display:table;width:100%}.tdb_single_content .tdb-block-inner.td-fix-index{word-break:break-word}.tdi_46,.tdi_46>p,.tdi_46 .tdb-block-inner>p,.wp-block-column>p{font-size:16px!important;line-height:1.6!important}.tdi_46 .tdb-block-inner blockquote p{font-style:normal!important}@media (max-width:767px){.tdb_single_content .id_ad_content-horiz-left,.tdb_single_content .id_ad_content-horiz-right,.tdb_single_content .id_ad_content-horiz-center{margin:0 auto 26 pikseli auto}}@media (max-width:767px){.tdb_single_content .id_ad_content-horiz-left{margin-right:0}}@media (max-width:767px){.tdb_single_content .id_ad_content-horiz-right{margin-left:0}}@media (max-width:767px){.tdb_single_content .td-a-ad{float:none;text-align:center}.tdb_single_content .td-a-ad img{margin-right:auto;margin-left:auto}.tdb_single_content .tdc-a-ad{float:none}}<\/style>\n<div class=\"tdb-block-inner td-fix-index\">\n<p>Musimy pami\u0119ta\u0107, \u017ce orzeczenia Trybuna\u0142u Sprawiedliwo\u015bci Unii Europejskiej (TSUE\/ETS) nie maj\u0105 bezpo\u015bredniego skutku na terytorium pa\u0144stw cz\u0142onkowskich. Polskie prawo musia\u0142oby zosta\u0107 zmienione, aby\u015bmy mogli \u2013 i chcieli \u2013 respektowa\u0107 to orzeczenie w Polsce. Dop\u00f3ki tak si\u0119 nie stanie, cho\u0107 cz\u0119\u015b\u0107 s\u0119dzi\u00f3w w Polsce b\u0119dzie chcia\u0142a bezpo\u015brednio stosowa\u0107 te orzeczenia, to po prostu nie jest to mo\u017cliwe \u2013 podkre\u015bla w rozmowie z Niezalezna.pl prof. Genowefa Grabowska, komentuj\u0105c wyrok ETS dotycz\u0105cy obowi\u0105zku uznawania przez pa\u0144stwa cz\u0142onkowskie UE tzw. ma\u0142\u017ce\u0144stw os\u00f3b tej samej p\u0142ci.<\/p>\n<h3 class=\"wp-block-heading\">Kolejna interwencja TSUE<\/h3>\n<p>We wtorek Trybuna\u0142 Sprawiedliwo\u015bci Unii Europejskiej, odpowiadaj\u0105c na pytanie Naczelnego S\u0105du Administracyjnego, orzek\u0142, \u017ce <em>\u201epa\u0144stwo cz\u0142onkowskie ma obowi\u0105zek uzna\u0107 ma\u0142\u017ce\u0144stwo mi\u0119dzy dwiema osobami tej samej p\u0142ci, prawnie zawarte w innym pa\u0144stwie UE, nawet je\u017celi prawo tego pa\u0144stwa cz\u0142onkowskiego nie uznaje takich zwi\u0105zk\u00f3w\u201d.<\/em><\/p>\n<p>Sprawa dotyczy\u0142a dw\u00f3ch m\u0119\u017cczyzn, kt\u00f3rzy zawarli \u201ema\u0142\u017ce\u0144stwo\u201d w Berlinie w 2018 r., ale kt\u00f3rych niemiecki akt ma\u0142\u017ce\u0144stwa nie zosta\u0142 wpisany do polskiego rejestru cywilnego. Sta\u0142o si\u0119 tak dlatego, \u017ce polskie prawo nie pozwala na zawieranie i rejestracj\u0119 ma\u0142\u017ce\u0144stw pomi\u0119dzy osobami tej samej p\u0142ci.<\/p>\n<h3 class=\"wp-block-heading\">Konstytucja m\u00f3wi inaczej<\/h3>\n<p>Konstytucjonalistka i znawczyni prawa mi\u0119dzynarodowego prof. Genowefa Grabowska w rozmowie z Niezalezna.pl podkre\u015bla, \u017ce \u200b\u200bwtorkowe orzeczenie ETS <em>\u201epasuje do wzoru sta\u0142ego ci\u015bnienia\u201d<\/em> poprzez kt\u00f3re Trybuna\u0142 stara si\u0119 poszerza\u0107 swoje kompetencje <em>\u201enawet w bardzo wra\u017cliwe obszary, kt\u00f3re nale\u017c\u0105 do konstytucyjnej to\u017csamo\u015bci ka\u017cdego pa\u0144stwa\u201d.<\/em><\/p>\n<p>&#8222;ETS tego nie respektuje, bo je\u015bli pa\u0144stwo inaczej reguluje takie kwestie ze wzgl\u0119d\u00f3w etycznych, moralnych czy pozaprawnych, to nie mo\u017cna go do czego\u015b takiego zmusi\u0107. A przecie\u017c ETS robi to ju\u017c od d\u0142u\u017cszego czasu&#8221; &#8211; zauwa\u017ca.<\/p>\n<p>&#8222;Mimo wszystko w tej sytuacji musimy pami\u0119ta\u0107, \u017ce orzeczenia ETS nie maj\u0105 bezpo\u015bredniego skutku w pa\u0144stwach cz\u0142onkowskich. Polskie prawo musia\u0142oby zosta\u0107 zmienione, aby\u015bmy mogli i chcieli respektowa\u0107 to orzeczenie. Dop\u00f3ki to nie nast\u0105pi \u2013 a nawet je\u015bli niekt\u00f3rzy polscy s\u0119dziowie b\u0119d\u0105 chcieli te orzeczenia stosowa\u0107 bezpo\u015brednio \u2013 nie jest to po prostu mo\u017cliwe\u201d \u2013 wyja\u015bnia.<\/p>\n<p>Prof. Grabowska zauwa\u017ca, \u017ce \u200b\u200bpa\u0144stwo polskie tak <em>\u201emusi wprowadzi\u0107 fundamentaln\u0105 zmian\u0119, przede wszystkim w konstytucji\u201d.<\/em><br \/>\u201eA poniewa\u017c konstytucja stanowi inaczej i skoro \u2013 jak wiemy \u2013 nie zamierzamy w tym zakresie zmienia\u0107 konstytucji, pozostaniemy w sporze z ETS. A ETS musi szanowa\u0107 nasze podej\u015bcie do kwestii ma\u0142\u017ce\u0144stw os\u00f3b tej samej p\u0142ci\u201d \u2013 stwierdza.<\/p>\n<h3 class=\"wp-block-heading\">Potencjalny problem<\/h3>\n<p>Zapytany o konsekwencje wyroku ETS \u2013 wydanego w odpowiedzi na pytanie polskiego s\u0105du dotycz\u0105ce rejestracji zwi\u0105zk\u00f3w os\u00f3b tej samej p\u0142ci zawieranych w innych pa\u0144stwach cz\u0142onkowskich UE i ich statusu prawnego \u2013 konstytucjonalista przyznaje, \u017ce <em>\u201eTutaj b\u0119dziemy mieli problem\u201d.<\/em><\/p>\n<p>&#8222;Zgodnie z konstytucj\u0105 takie zwi\u0105zki nie s\u0105 uznawane w polskim prawie. Unia Europejska chce jednak, aby\u015bmy je rejestrowali administracyjnie, aby u\u0142atwi\u0107 funkcjonowanie obywateli. B\u0119dziemy potrzebowa\u0107 jednolitej praktyki administracyjnej, aby nie by\u0142o tak, \u017ce jeden urz\u0105d rejestruje taki zwi\u0105zek, a inny odmawia. I nie powinno to zale\u017ce\u0107 od urz\u0119du \u2013 ani te\u017c od jednego s\u0105du \u2013 bo s\u0105dy musz\u0105 stosowa\u0107 konstytucj\u0119 i ustawy, a konstytucja reguluje t\u0119 kwesti\u0119 jednoznacznie\u201d \u2013 wyja\u015bni\u0142a.<\/p>\n<p>Doda\u0142a, \u017ce \u200b\u200bbior\u0105c pod uwag\u0119 praktyk\u0119 s\u0105dow\u0105 ostatnich lat, <em>\u201emo\u017ce si\u0119 okaza\u0107, \u017ce mamy do czynienia z rozbie\u017cno\u015bci\u0105 pomi\u0119dzy formalnym obowi\u0105zkiem s\u0105d\u00f3w przestrzegania konstytucji i ustaw, a z drugiej strony ch\u0119ci\u0105 niekt\u00f3rych s\u0119dzi\u00f3w do respektowania tego, co europejskie, przed tym, co polskie\u201d.<\/em><\/p>\n<p>\u201eAle je\u015bli nie chcemy szanowa\u0107 prawa i chcemy rozwi\u0105za\u0107 t\u0119 kwesti\u0119 politycznie, to nie powinni\u015bmy pyta\u0107 o zdanie prawnik\u00f3w. Zapytajmy polityk\u00f3w \u2013 i niech oni zadecyduj\u0105, czy ponownie z\u0142ama\u0107 konstytucj\u0119\u201d \u2013 podsumowuje prof. Grabowska.<\/p>\n<\/div>\n<\/div>\n","protected":false},"excerpt":{"rendered":"<p>Musimy pami\u0119ta\u0107, \u017ce orzeczenia Trybuna\u0142u Sprawiedliwo\u015bci Unii Europejskiej (TSUE\/ETS) nie maj\u0105 bezpo\u015bredniego skutku na terytorium pa\u0144stw cz\u0142onkowskich. Polskie prawo musia\u0142oby<\/p>\n","protected":false},"author":1,"featured_media":11020,"comment_status":"open","ping_status":"open","sticky":false,"template":"","format":"standard","meta":{"footnotes":""},"categories":[4748],"tags":[457,7395,5607,12444,6380,450,4195,583,1717,7424,60,9050,458,2221,12445],"class_list":["post-11019","post","type-post","status-publish","format-standard","has-post-thumbnail","hentry","category-aktualne","tag-czegos","tag-drzwi","tag-ets","tag-malzenstw","tag-mozna","tag-nie","tag-osob","tag-otwiera","tag-panstwa","tag-plci","tag-polsce","tag-samej","tag-takiego","tag-tej","tag-zmusic","generate-columns","tablet-grid-50","mobile-grid-100","grid-parent","grid-50","resize-featured-image"],"yoast_head":"<!-- This site is optimized with the Yoast SEO plugin v23.2 - https:\/\/yoast.com\/wordpress\/plugins\/seo\/ -->\n<title>ETS otwiera drzwi do ma\u0142\u017ce\u0144stw os\u00f3b tej samej p\u0142ci w Polsce: \u201ePa\u0144stwa nie mo\u017cna zmusi\u0107 do czego\u015b takiego\u201d - POGOTOWIE FLAGOWE\u00ae<\/title>\n<meta name=\"robots\" content=\"index, follow, max-snippet:-1, max-image-preview:large, max-video-preview:-1\" \/>\n<link rel=\"canonical\" href=\"https:\/\/www.pogotowieflagowe.pl\/aktualne\/ets-otwiera-drzwi-do-malzenstw-osob-tej-samej-plci-w-polsce-panstwa-nie-mozna-zmusic-do-czegos-takiego\/\" \/>\n<meta property=\"og:locale\" content=\"pl_PL\" \/>\n<meta property=\"og:type\" content=\"article\" \/>\n<meta property=\"og:title\" content=\"ETS otwiera drzwi do ma\u0142\u017ce\u0144stw os\u00f3b tej samej p\u0142ci w Polsce: \u201ePa\u0144stwa nie mo\u017cna zmusi\u0107 do czego\u015b takiego\u201d - POGOTOWIE FLAGOWE\u00ae\" \/>\n<meta property=\"og:description\" content=\"Musimy pami\u0119ta\u0107, \u017ce orzeczenia Trybuna\u0142u Sprawiedliwo\u015bci Unii Europejskiej (TSUE\/ETS) nie maj\u0105 bezpo\u015bredniego skutku na terytorium pa\u0144stw cz\u0142onkowskich. Polskie prawo musia\u0142oby\" \/>\n<meta property=\"og:url\" content=\"https:\/\/www.pogotowieflagowe.pl\/aktualne\/ets-otwiera-drzwi-do-malzenstw-osob-tej-samej-plci-w-polsce-panstwa-nie-mozna-zmusic-do-czegos-takiego\/\" \/>\n<meta property=\"og:site_name\" content=\"POGOTOWIE FLAGOWE\u00ae\" \/>\n<meta property=\"article:published_time\" content=\"2025-11-25T21:15:52+00:00\" \/>\n<meta property=\"article:modified_time\" content=\"2025-11-25T21:15:53+00:00\" \/>\n<meta property=\"og:image\" content=\"https:\/\/www.pogotowieflagowe.pl\/aktualne\/wp-content\/uploads\/2025\/11\/ETS-otwiera-drzwi-do-malzenstw-osob-tej-samej-plci-w.webp.webp\" \/>\n\t<meta property=\"og:image:width\" content=\"1280\" \/>\n\t<meta property=\"og:image:height\" content=\"720\" \/>\n\t<meta property=\"og:image:type\" content=\"image\/webp\" \/>\n<meta name=\"author\" content=\"Filip\" \/>\n<meta name=\"twitter:card\" content=\"summary_large_image\" \/>\n<meta name=\"twitter:label1\" content=\"Napisane przez\" \/>\n\t<meta name=\"twitter:data1\" content=\"Filip\" \/>\n\t<meta name=\"twitter:label2\" content=\"Szacowany czas czytania\" \/>\n\t<meta name=\"twitter:data2\" content=\"3 minuty\" \/>\n<script type=\"application\/ld+json\" class=\"yoast-schema-graph\">{\"@context\":\"https:\/\/schema.org\",\"@graph\":[{\"@type\":\"Article\",\"@id\":\"https:\/\/www.pogotowieflagowe.pl\/aktualne\/ets-otwiera-drzwi-do-malzenstw-osob-tej-samej-plci-w-polsce-panstwa-nie-mozna-zmusic-do-czegos-takiego\/#article\",\"isPartOf\":{\"@id\":\"https:\/\/www.pogotowieflagowe.pl\/aktualne\/ets-otwiera-drzwi-do-malzenstw-osob-tej-samej-plci-w-polsce-panstwa-nie-mozna-zmusic-do-czegos-takiego\/\"},\"author\":{\"name\":\"Filip\",\"@id\":\"https:\/\/www.pogotowieflagowe.pl\/aktualne\/#\/schema\/person\/9c2fb7d2362ebf6fa088960d7f0d27b0\"},\"headline\":\"ETS otwiera drzwi do ma\u0142\u017ce\u0144stw os\u00f3b tej samej p\u0142ci w Polsce: \u201ePa\u0144stwa nie mo\u017cna zmusi\u0107 do czego\u015b takiego\u201d\",\"datePublished\":\"2025-11-25T21:15:52+00:00\",\"dateModified\":\"2025-11-25T21:15:53+00:00\",\"mainEntityOfPage\":{\"@id\":\"https:\/\/www.pogotowieflagowe.pl\/aktualne\/ets-otwiera-drzwi-do-malzenstw-osob-tej-samej-plci-w-polsce-panstwa-nie-mozna-zmusic-do-czegos-takiego\/\"},\"wordCount\":693,\"commentCount\":0,\"publisher\":{\"@id\":\"https:\/\/www.pogotowieflagowe.pl\/aktualne\/#organization\"},\"image\":{\"@id\":\"https:\/\/www.pogotowieflagowe.pl\/aktualne\/ets-otwiera-drzwi-do-malzenstw-osob-tej-samej-plci-w-polsce-panstwa-nie-mozna-zmusic-do-czegos-takiego\/#primaryimage\"},\"thumbnailUrl\":\"https:\/\/www.pogotowieflagowe.pl\/aktualne\/wp-content\/uploads\/2025\/11\/ETS-otwiera-drzwi-do-malzenstw-osob-tej-samej-plci-w.webp.webp\",\"keywords\":[\"czego\u015b\",\"drzwi\",\"ETS\",\"ma\u0142\u017ce\u0144stw\",\"mo\u017cna\",\"Nie\",\"os\u00f3b\",\"otwiera\",\"pa\u0144stwa\",\"p\u0142ci\",\"Polsce\",\"samej\",\"takiego\",\"tej\",\"zmusi\u0107\"],\"articleSection\":[\"Aktualne\"],\"inLanguage\":\"pl-PL\",\"potentialAction\":[{\"@type\":\"CommentAction\",\"name\":\"Comment\",\"target\":[\"https:\/\/www.pogotowieflagowe.pl\/aktualne\/ets-otwiera-drzwi-do-malzenstw-osob-tej-samej-plci-w-polsce-panstwa-nie-mozna-zmusic-do-czegos-takiego\/#respond\"]}]},{\"@type\":\"WebPage\",\"@id\":\"https:\/\/www.pogotowieflagowe.pl\/aktualne\/ets-otwiera-drzwi-do-malzenstw-osob-tej-samej-plci-w-polsce-panstwa-nie-mozna-zmusic-do-czegos-takiego\/\",\"url\":\"https:\/\/www.pogotowieflagowe.pl\/aktualne\/ets-otwiera-drzwi-do-malzenstw-osob-tej-samej-plci-w-polsce-panstwa-nie-mozna-zmusic-do-czegos-takiego\/\",\"name\":\"ETS otwiera drzwi do ma\u0142\u017ce\u0144stw os\u00f3b tej samej p\u0142ci w Polsce: \u201ePa\u0144stwa nie mo\u017cna zmusi\u0107 do czego\u015b takiego\u201d - POGOTOWIE FLAGOWE\u00ae\",\"isPartOf\":{\"@id\":\"https:\/\/www.pogotowieflagowe.pl\/aktualne\/#website\"},\"primaryImageOfPage\":{\"@id\":\"https:\/\/www.pogotowieflagowe.pl\/aktualne\/ets-otwiera-drzwi-do-malzenstw-osob-tej-samej-plci-w-polsce-panstwa-nie-mozna-zmusic-do-czegos-takiego\/#primaryimage\"},\"image\":{\"@id\":\"https:\/\/www.pogotowieflagowe.pl\/aktualne\/ets-otwiera-drzwi-do-malzenstw-osob-tej-samej-plci-w-polsce-panstwa-nie-mozna-zmusic-do-czegos-takiego\/#primaryimage\"},\"thumbnailUrl\":\"https:\/\/www.pogotowieflagowe.pl\/aktualne\/wp-content\/uploads\/2025\/11\/ETS-otwiera-drzwi-do-malzenstw-osob-tej-samej-plci-w.webp.webp\",\"datePublished\":\"2025-11-25T21:15:52+00:00\",\"dateModified\":\"2025-11-25T21:15:53+00:00\",\"breadcrumb\":{\"@id\":\"https:\/\/www.pogotowieflagowe.pl\/aktualne\/ets-otwiera-drzwi-do-malzenstw-osob-tej-samej-plci-w-polsce-panstwa-nie-mozna-zmusic-do-czegos-takiego\/#breadcrumb\"},\"inLanguage\":\"pl-PL\",\"potentialAction\":[{\"@type\":\"ReadAction\",\"target\":[\"https:\/\/www.pogotowieflagowe.pl\/aktualne\/ets-otwiera-drzwi-do-malzenstw-osob-tej-samej-plci-w-polsce-panstwa-nie-mozna-zmusic-do-czegos-takiego\/\"]}]},{\"@type\":\"ImageObject\",\"inLanguage\":\"pl-PL\",\"@id\":\"https:\/\/www.pogotowieflagowe.pl\/aktualne\/ets-otwiera-drzwi-do-malzenstw-osob-tej-samej-plci-w-polsce-panstwa-nie-mozna-zmusic-do-czegos-takiego\/#primaryimage\",\"url\":\"https:\/\/www.pogotowieflagowe.pl\/aktualne\/wp-content\/uploads\/2025\/11\/ETS-otwiera-drzwi-do-malzenstw-osob-tej-samej-plci-w.webp.webp\",\"contentUrl\":\"https:\/\/www.pogotowieflagowe.pl\/aktualne\/wp-content\/uploads\/2025\/11\/ETS-otwiera-drzwi-do-malzenstw-osob-tej-samej-plci-w.webp.webp\",\"width\":1280,\"height\":720,\"caption\":\"ETS otwiera drzwi do ma\u0142\u017ce\u0144stw os\u00f3b tej samej p\u0142ci w Polsce: \u201ePa\u0144stwa nie mo\u017cna zmusi\u0107 do czego\u015b takiego\u201d\"},{\"@type\":\"BreadcrumbList\",\"@id\":\"https:\/\/www.pogotowieflagowe.pl\/aktualne\/ets-otwiera-drzwi-do-malzenstw-osob-tej-samej-plci-w-polsce-panstwa-nie-mozna-zmusic-do-czegos-takiego\/#breadcrumb\",\"itemListElement\":[{\"@type\":\"ListItem\",\"position\":1,\"name\":\"Home\",\"item\":\"https:\/\/www.pogotowieflagowe.pl\/aktualne\/\"},{\"@type\":\"ListItem\",\"position\":2,\"name\":\"ETS otwiera drzwi do ma\u0142\u017ce\u0144stw os\u00f3b tej samej p\u0142ci w Polsce: \u201ePa\u0144stwa nie mo\u017cna zmusi\u0107 do czego\u015b takiego\u201d\"}]},{\"@type\":\"WebSite\",\"@id\":\"https:\/\/www.pogotowieflagowe.pl\/aktualne\/#website\",\"url\":\"https:\/\/www.pogotowieflagowe.pl\/aktualne\/\",\"name\":\"POGOTOWIE FLAGOWE\u00ae\",\"description\":\"\",\"publisher\":{\"@id\":\"https:\/\/www.pogotowieflagowe.pl\/aktualne\/#organization\"},\"potentialAction\":[{\"@type\":\"SearchAction\",\"target\":{\"@type\":\"EntryPoint\",\"urlTemplate\":\"https:\/\/www.pogotowieflagowe.pl\/aktualne\/?s={search_term_string}\"},\"query-input\":\"required name=search_term_string\"}],\"inLanguage\":\"pl-PL\"},{\"@type\":\"Organization\",\"@id\":\"https:\/\/www.pogotowieflagowe.pl\/aktualne\/#organization\",\"name\":\"POGOTOWIE FLAGOWE\u00ae\",\"url\":\"https:\/\/www.pogotowieflagowe.pl\/aktualne\/\",\"logo\":{\"@type\":\"ImageObject\",\"inLanguage\":\"pl-PL\",\"@id\":\"https:\/\/www.pogotowieflagowe.pl\/aktualne\/#\/schema\/logo\/image\/\",\"url\":\"https:\/\/www.pogotowieflagowe.pl\/aktualne\/wp-content\/uploads\/2024\/08\/cropped-pogotowieflagowe_flaga_projekt_sm.jpg\",\"contentUrl\":\"https:\/\/www.pogotowieflagowe.pl\/aktualne\/wp-content\/uploads\/2024\/08\/cropped-pogotowieflagowe_flaga_projekt_sm.jpg\",\"width\":250,\"height\":143,\"caption\":\"POGOTOWIE FLAGOWE\u00ae\"},\"image\":{\"@id\":\"https:\/\/www.pogotowieflagowe.pl\/aktualne\/#\/schema\/logo\/image\/\"}},{\"@type\":\"Person\",\"@id\":\"https:\/\/www.pogotowieflagowe.pl\/aktualne\/#\/schema\/person\/9c2fb7d2362ebf6fa088960d7f0d27b0\",\"name\":\"Filip\",\"image\":{\"@type\":\"ImageObject\",\"inLanguage\":\"pl-PL\",\"@id\":\"https:\/\/www.pogotowieflagowe.pl\/aktualne\/#\/schema\/person\/image\/\",\"url\":\"https:\/\/www.pogotowieflagowe.pl\/aktualne\/wp-content\/uploads\/2024\/08\/pogotowieflagowe.pl_.jpg\",\"contentUrl\":\"https:\/\/www.pogotowieflagowe.pl\/aktualne\/wp-content\/uploads\/2024\/08\/pogotowieflagowe.pl_.jpg\",\"caption\":\"Filip\"},\"description\":\"Jestem Filip, polski dziennikarz z dyplomem nauk politycznych Uniwersytetu Warszawskiego. Rozpoczynaj\u0105c swoj\u0105 karier\u0119 w r\u00f3\u017cnych lokalnych mediach, zdoby\u0142em solidne do\u015bwiadczenie w zakresie \u015bledztwa i redakcji. Obecnie jako redaktor w Pogotowie flagowe, staram si\u0119 dostarcza\u0107 dog\u0142\u0119bne i istotne analizy na temat najwa\u017cniejszych kwestii aktualno\u015bci, \u0142\u0105cz\u0105c rygor z pasj\u0105 dziennikarsk\u0105.\",\"sameAs\":[\"https:\/\/www.pogotowieflagowe.pl\/\"]}]}<\/script>\n<!-- \/ Yoast SEO plugin. -->","yoast_head_json":{"title":"ETS otwiera drzwi do ma\u0142\u017ce\u0144stw os\u00f3b tej samej p\u0142ci w Polsce: \u201ePa\u0144stwa nie mo\u017cna zmusi\u0107 do czego\u015b takiego\u201d - POGOTOWIE FLAGOWE\u00ae","robots":{"index":"index","follow":"follow","max-snippet":"max-snippet:-1","max-image-preview":"max-image-preview:large","max-video-preview":"max-video-preview:-1"},"canonical":"https:\/\/www.pogotowieflagowe.pl\/aktualne\/ets-otwiera-drzwi-do-malzenstw-osob-tej-samej-plci-w-polsce-panstwa-nie-mozna-zmusic-do-czegos-takiego\/","og_locale":"pl_PL","og_type":"article","og_title":"ETS otwiera drzwi do ma\u0142\u017ce\u0144stw os\u00f3b tej samej p\u0142ci w Polsce: \u201ePa\u0144stwa nie mo\u017cna zmusi\u0107 do czego\u015b takiego\u201d - POGOTOWIE FLAGOWE\u00ae","og_description":"Musimy pami\u0119ta\u0107, \u017ce orzeczenia Trybuna\u0142u Sprawiedliwo\u015bci Unii Europejskiej (TSUE\/ETS) nie maj\u0105 bezpo\u015bredniego skutku na terytorium pa\u0144stw cz\u0142onkowskich. Polskie prawo musia\u0142oby","og_url":"https:\/\/www.pogotowieflagowe.pl\/aktualne\/ets-otwiera-drzwi-do-malzenstw-osob-tej-samej-plci-w-polsce-panstwa-nie-mozna-zmusic-do-czegos-takiego\/","og_site_name":"POGOTOWIE FLAGOWE\u00ae","article_published_time":"2025-11-25T21:15:52+00:00","article_modified_time":"2025-11-25T21:15:53+00:00","og_image":[{"width":1280,"height":720,"url":"https:\/\/www.pogotowieflagowe.pl\/aktualne\/wp-content\/uploads\/2025\/11\/ETS-otwiera-drzwi-do-malzenstw-osob-tej-samej-plci-w.webp.webp","type":"image\/webp"}],"author":"Filip","twitter_card":"summary_large_image","twitter_misc":{"Napisane przez":"Filip","Szacowany czas czytania":"3 minuty"},"schema":{"@context":"https:\/\/schema.org","@graph":[{"@type":"Article","@id":"https:\/\/www.pogotowieflagowe.pl\/aktualne\/ets-otwiera-drzwi-do-malzenstw-osob-tej-samej-plci-w-polsce-panstwa-nie-mozna-zmusic-do-czegos-takiego\/#article","isPartOf":{"@id":"https:\/\/www.pogotowieflagowe.pl\/aktualne\/ets-otwiera-drzwi-do-malzenstw-osob-tej-samej-plci-w-polsce-panstwa-nie-mozna-zmusic-do-czegos-takiego\/"},"author":{"name":"Filip","@id":"https:\/\/www.pogotowieflagowe.pl\/aktualne\/#\/schema\/person\/9c2fb7d2362ebf6fa088960d7f0d27b0"},"headline":"ETS otwiera drzwi do ma\u0142\u017ce\u0144stw os\u00f3b tej samej p\u0142ci w Polsce: \u201ePa\u0144stwa nie mo\u017cna zmusi\u0107 do czego\u015b takiego\u201d","datePublished":"2025-11-25T21:15:52+00:00","dateModified":"2025-11-25T21:15:53+00:00","mainEntityOfPage":{"@id":"https:\/\/www.pogotowieflagowe.pl\/aktualne\/ets-otwiera-drzwi-do-malzenstw-osob-tej-samej-plci-w-polsce-panstwa-nie-mozna-zmusic-do-czegos-takiego\/"},"wordCount":693,"commentCount":0,"publisher":{"@id":"https:\/\/www.pogotowieflagowe.pl\/aktualne\/#organization"},"image":{"@id":"https:\/\/www.pogotowieflagowe.pl\/aktualne\/ets-otwiera-drzwi-do-malzenstw-osob-tej-samej-plci-w-polsce-panstwa-nie-mozna-zmusic-do-czegos-takiego\/#primaryimage"},"thumbnailUrl":"https:\/\/www.pogotowieflagowe.pl\/aktualne\/wp-content\/uploads\/2025\/11\/ETS-otwiera-drzwi-do-malzenstw-osob-tej-samej-plci-w.webp.webp","keywords":["czego\u015b","drzwi","ETS","ma\u0142\u017ce\u0144stw","mo\u017cna","Nie","os\u00f3b","otwiera","pa\u0144stwa","p\u0142ci","Polsce","samej","takiego","tej","zmusi\u0107"],"articleSection":["Aktualne"],"inLanguage":"pl-PL","potentialAction":[{"@type":"CommentAction","name":"Comment","target":["https:\/\/www.pogotowieflagowe.pl\/aktualne\/ets-otwiera-drzwi-do-malzenstw-osob-tej-samej-plci-w-polsce-panstwa-nie-mozna-zmusic-do-czegos-takiego\/#respond"]}]},{"@type":"WebPage","@id":"https:\/\/www.pogotowieflagowe.pl\/aktualne\/ets-otwiera-drzwi-do-malzenstw-osob-tej-samej-plci-w-polsce-panstwa-nie-mozna-zmusic-do-czegos-takiego\/","url":"https:\/\/www.pogotowieflagowe.pl\/aktualne\/ets-otwiera-drzwi-do-malzenstw-osob-tej-samej-plci-w-polsce-panstwa-nie-mozna-zmusic-do-czegos-takiego\/","name":"ETS otwiera drzwi do ma\u0142\u017ce\u0144stw os\u00f3b tej samej p\u0142ci w Polsce: \u201ePa\u0144stwa nie mo\u017cna zmusi\u0107 do czego\u015b takiego\u201d - POGOTOWIE FLAGOWE\u00ae","isPartOf":{"@id":"https:\/\/www.pogotowieflagowe.pl\/aktualne\/#website"},"primaryImageOfPage":{"@id":"https:\/\/www.pogotowieflagowe.pl\/aktualne\/ets-otwiera-drzwi-do-malzenstw-osob-tej-samej-plci-w-polsce-panstwa-nie-mozna-zmusic-do-czegos-takiego\/#primaryimage"},"image":{"@id":"https:\/\/www.pogotowieflagowe.pl\/aktualne\/ets-otwiera-drzwi-do-malzenstw-osob-tej-samej-plci-w-polsce-panstwa-nie-mozna-zmusic-do-czegos-takiego\/#primaryimage"},"thumbnailUrl":"https:\/\/www.pogotowieflagowe.pl\/aktualne\/wp-content\/uploads\/2025\/11\/ETS-otwiera-drzwi-do-malzenstw-osob-tej-samej-plci-w.webp.webp","datePublished":"2025-11-25T21:15:52+00:00","dateModified":"2025-11-25T21:15:53+00:00","breadcrumb":{"@id":"https:\/\/www.pogotowieflagowe.pl\/aktualne\/ets-otwiera-drzwi-do-malzenstw-osob-tej-samej-plci-w-polsce-panstwa-nie-mozna-zmusic-do-czegos-takiego\/#breadcrumb"},"inLanguage":"pl-PL","potentialAction":[{"@type":"ReadAction","target":["https:\/\/www.pogotowieflagowe.pl\/aktualne\/ets-otwiera-drzwi-do-malzenstw-osob-tej-samej-plci-w-polsce-panstwa-nie-mozna-zmusic-do-czegos-takiego\/"]}]},{"@type":"ImageObject","inLanguage":"pl-PL","@id":"https:\/\/www.pogotowieflagowe.pl\/aktualne\/ets-otwiera-drzwi-do-malzenstw-osob-tej-samej-plci-w-polsce-panstwa-nie-mozna-zmusic-do-czegos-takiego\/#primaryimage","url":"https:\/\/www.pogotowieflagowe.pl\/aktualne\/wp-content\/uploads\/2025\/11\/ETS-otwiera-drzwi-do-malzenstw-osob-tej-samej-plci-w.webp.webp","contentUrl":"https:\/\/www.pogotowieflagowe.pl\/aktualne\/wp-content\/uploads\/2025\/11\/ETS-otwiera-drzwi-do-malzenstw-osob-tej-samej-plci-w.webp.webp","width":1280,"height":720,"caption":"ETS otwiera drzwi do ma\u0142\u017ce\u0144stw os\u00f3b tej samej p\u0142ci w Polsce: \u201ePa\u0144stwa nie mo\u017cna zmusi\u0107 do czego\u015b takiego\u201d"},{"@type":"BreadcrumbList","@id":"https:\/\/www.pogotowieflagowe.pl\/aktualne\/ets-otwiera-drzwi-do-malzenstw-osob-tej-samej-plci-w-polsce-panstwa-nie-mozna-zmusic-do-czegos-takiego\/#breadcrumb","itemListElement":[{"@type":"ListItem","position":1,"name":"Home","item":"https:\/\/www.pogotowieflagowe.pl\/aktualne\/"},{"@type":"ListItem","position":2,"name":"ETS otwiera drzwi do ma\u0142\u017ce\u0144stw os\u00f3b tej samej p\u0142ci w Polsce: \u201ePa\u0144stwa nie mo\u017cna zmusi\u0107 do czego\u015b takiego\u201d"}]},{"@type":"WebSite","@id":"https:\/\/www.pogotowieflagowe.pl\/aktualne\/#website","url":"https:\/\/www.pogotowieflagowe.pl\/aktualne\/","name":"POGOTOWIE FLAGOWE\u00ae","description":"","publisher":{"@id":"https:\/\/www.pogotowieflagowe.pl\/aktualne\/#organization"},"potentialAction":[{"@type":"SearchAction","target":{"@type":"EntryPoint","urlTemplate":"https:\/\/www.pogotowieflagowe.pl\/aktualne\/?s={search_term_string}"},"query-input":"required name=search_term_string"}],"inLanguage":"pl-PL"},{"@type":"Organization","@id":"https:\/\/www.pogotowieflagowe.pl\/aktualne\/#organization","name":"POGOTOWIE FLAGOWE\u00ae","url":"https:\/\/www.pogotowieflagowe.pl\/aktualne\/","logo":{"@type":"ImageObject","inLanguage":"pl-PL","@id":"https:\/\/www.pogotowieflagowe.pl\/aktualne\/#\/schema\/logo\/image\/","url":"https:\/\/www.pogotowieflagowe.pl\/aktualne\/wp-content\/uploads\/2024\/08\/cropped-pogotowieflagowe_flaga_projekt_sm.jpg","contentUrl":"https:\/\/www.pogotowieflagowe.pl\/aktualne\/wp-content\/uploads\/2024\/08\/cropped-pogotowieflagowe_flaga_projekt_sm.jpg","width":250,"height":143,"caption":"POGOTOWIE FLAGOWE\u00ae"},"image":{"@id":"https:\/\/www.pogotowieflagowe.pl\/aktualne\/#\/schema\/logo\/image\/"}},{"@type":"Person","@id":"https:\/\/www.pogotowieflagowe.pl\/aktualne\/#\/schema\/person\/9c2fb7d2362ebf6fa088960d7f0d27b0","name":"Filip","image":{"@type":"ImageObject","inLanguage":"pl-PL","@id":"https:\/\/www.pogotowieflagowe.pl\/aktualne\/#\/schema\/person\/image\/","url":"https:\/\/www.pogotowieflagowe.pl\/aktualne\/wp-content\/uploads\/2024\/08\/pogotowieflagowe.pl_.jpg","contentUrl":"https:\/\/www.pogotowieflagowe.pl\/aktualne\/wp-content\/uploads\/2024\/08\/pogotowieflagowe.pl_.jpg","caption":"Filip"},"description":"Jestem Filip, polski dziennikarz z dyplomem nauk politycznych Uniwersytetu Warszawskiego. Rozpoczynaj\u0105c swoj\u0105 karier\u0119 w r\u00f3\u017cnych lokalnych mediach, zdoby\u0142em solidne do\u015bwiadczenie w zakresie \u015bledztwa i redakcji. Obecnie jako redaktor w Pogotowie flagowe, staram si\u0119 dostarcza\u0107 dog\u0142\u0119bne i istotne analizy na temat najwa\u017cniejszych kwestii aktualno\u015bci, \u0142\u0105cz\u0105c rygor z pasj\u0105 dziennikarsk\u0105.","sameAs":["https:\/\/www.pogotowieflagowe.pl\/"]}]}},"_links":{"self":[{"href":"https:\/\/www.pogotowieflagowe.pl\/aktualne\/wp-json\/wp\/v2\/posts\/11019","targetHints":{"allow":["GET"]}}],"collection":[{"href":"https:\/\/www.pogotowieflagowe.pl\/aktualne\/wp-json\/wp\/v2\/posts"}],"about":[{"href":"https:\/\/www.pogotowieflagowe.pl\/aktualne\/wp-json\/wp\/v2\/types\/post"}],"author":[{"embeddable":true,"href":"https:\/\/www.pogotowieflagowe.pl\/aktualne\/wp-json\/wp\/v2\/users\/1"}],"replies":[{"embeddable":true,"href":"https:\/\/www.pogotowieflagowe.pl\/aktualne\/wp-json\/wp\/v2\/comments?post=11019"}],"version-history":[{"count":1,"href":"https:\/\/www.pogotowieflagowe.pl\/aktualne\/wp-json\/wp\/v2\/posts\/11019\/revisions"}],"predecessor-version":[{"id":11021,"href":"https:\/\/www.pogotowieflagowe.pl\/aktualne\/wp-json\/wp\/v2\/posts\/11019\/revisions\/11021"}],"wp:featuredmedia":[{"embeddable":true,"href":"https:\/\/www.pogotowieflagowe.pl\/aktualne\/wp-json\/wp\/v2\/media\/11020"}],"wp:attachment":[{"href":"https:\/\/www.pogotowieflagowe.pl\/aktualne\/wp-json\/wp\/v2\/media?parent=11019"}],"wp:term":[{"taxonomy":"category","embeddable":true,"href":"https:\/\/www.pogotowieflagowe.pl\/aktualne\/wp-json\/wp\/v2\/categories?post=11019"},{"taxonomy":"post_tag","embeddable":true,"href":"https:\/\/www.pogotowieflagowe.pl\/aktualne\/wp-json\/wp\/v2\/tags?post=11019"}],"curies":[{"name":"wp","href":"https:\/\/api.w.org\/{rel}","templated":true}]}}