{"id":1104,"date":"2024-10-05T09:47:04","date_gmt":"2024-10-05T07:47:04","guid":{"rendered":"https:\/\/www.pogotowieflagowe.pl\/aktualne\/wisla-krakow-gospodarzem-drugiej-edycji-targow-wisla-biznes\/"},"modified":"2024-10-05T09:47:04","modified_gmt":"2024-10-05T07:47:04","slug":"wisla-krakow-gospodarzem-drugiej-edycji-targow-wisla-biznes","status":"publish","type":"post","link":"https:\/\/www.pogotowieflagowe.pl\/aktualne\/wisla-krakow-gospodarzem-drugiej-edycji-targow-wisla-biznes\/","title":{"rendered":"Wis\u0142a Krak\u00f3w gospodarzem drugiej edycji Targ\u00f3w Wis\u0142a Biznes"},"content":{"rendered":"\n<div class=\"td_block_wrap tdb_single_content tdi_48 td-pb-border-top td_block_template_8 td-post-content tagdiv-type\" data-td-block-uid=\"tdi_48\">\n<style>.tdi_48{margines-g\u00f3rny:0px!important;margin-bottom:0px!important;dope\u0142nienie-g\u00f3ra:0px!important;dope\u0142nienie-d\u00f3\u0142:0px!important}<\/style>\n<style>.tdb_single_content{margin-bottom:0;*zoom:1}.tdb_single_content:before,.tdb_single_content:after{display:table;content:'';line-height:0}.tdb_single_content:after{clear:both}.tdb_single_content .tdb-block-inner>*:not(.wp-block-quote):not(.alignwide):not(.alignfull.wp-block-cover.has-parallax):not(.td-a-ad) {margin-left:auto;margin-right:auto}.tdb_single_content a{pointer-events:auto}.tdb_single_content .td-spot-id-top_ad .tdc-placeholder-title:before{content:'Najlepsza reklama artyku\u0142u'! wa\u017cne}.tdb_single_content .td-spot-id-inline_ad0 .tdc-placeholder-title:before{content:'Article Inline Ad 1'!important}.tdb_single_content .td-spot-id-inline_ad1 .tdc-placeholder-title:before {content:'Reklama wbudowana w artyku\u0142 2'!important}.tdb_single_content .td-spot-id-inline_ad2 .tdc-placeholder-title:before{content:'Reklama wbudowana w artyku\u0142 3'!important}.tdb_single_content .td-spot-id -bottom_ad .tdc-placeholder-title:before{content:'Article Bottom Ad'!important}.tdb_single_content .id_top_ad,.tdb_single_content .id_bottom_ad{clear:both;margin-bottom:21px;text-align:center}.tdb_single_content . id_top_ad img,.tdb_single_content .id_bottom_ad img{margin-bottom:0}.tdb_single_content .id_top_ad .adsbygoogle,.tdb_single_content .id_bottom_ad .adsbygoogle{position:relative}.tdb_single_content .id_ad_content-horiz- po lewej,.tdb_single_content .id_ad_content-horiz-right ,.tdb_single_content .id_ad_content-horiz-center{margin-bottom:15px}.tdb_single_content .id_ad_content-horiz-left img,.tdb_single_content .id_ad_content-horiz-right img,.tdb_single_content .id_ad_content-horiz -center img{margines-dolny: 0}.tdb_single_content .id_ad_content-horiz-center{text-align:center}.tdb_single_content .id_ad_content-horiz-center img{margin-right:auto;margin-left:auto}.tdb_single_content .id_ad_content-horiz-left{float: lewy;margin-g\u00f3rny:9px;margin-prawy:21px}.tdb_single_content .id_ad_content-horiz-right{float:right;margin-top:6px;margin-left:21px}.tdb_single_content .tdc-a-ad .tdc- placeholder-title{width:300px;height:250px}.tdb_single_content .tdc-a-ad .tdc-placeholder-title:before{position:absolute;top:50%;-webkit-transform:translateY(-50%); transform:translateY(-50%);margines:auto;display:table;width:100%}.tdb_single_content .tdb-block-inner.td-fix-index{word-break:break-word}.tdi_48,.tdi_48 >p,.tdi_48 .tdb-block-inner>p{font-size:16px!important;line-height:1.6!important}.tdi_48 .tdb-block-inner blockquote p{font-style:normal!important}@ media (maks. szeroko\u015b\u0107: 767 pikseli){.tdb_single_content .id_ad_content-horiz-left,.tdb_single_content .id_ad_content-horiz-right,.tdb_single_content .id_ad_content-horiz-center{margin:0 auto 26px auto}}@media (maks. szeroko\u015b\u0107 :767px){.tdb_single_content .id_ad_content-horiz-left{margin-right:0}}@media (max-width:767px){.tdb_single_content .id_ad_content-horiz-right{margin-left:0}}@media (max -width:767px){.tdb_single_content .td-a-ad{float:none;text-align:center}.tdb_single_content .td-a-ad img{margin-right:auto;margin-left:auto}.tdb_single_content . tdc-a-ad{float:none}}<\/style>\n<div class=\"tdb-block-inner td-fix-index\">\n<h2 class=\"wp-block-heading\">Drugie Targi Wis\u0142a Biznes skupiaj\u0105 ponad 30 firm i oferuj\u0105 atrakcje sportowe, luksusowe samochody i dobr\u0105 zabaw\u0119.<\/h2>\n<p>W pi\u0105tek 27 wrze\u015bnia ponad 30 firm wzi\u0119\u0142o udzia\u0142 w drugiej edycji Targ\u00f3w Wis\u0142a Biznes, organizowanych przez Wis\u0142\u0119 Krak\u00f3w podczas meczu z Odr\u0105 Opole na Stadionie im. Henryka Reymana.<\/p>\n<h3 class=\"wp-block-heading\">Wspieranie wsp\u00f3\u0142pracy biznesowej<\/h3>\n<p>Projekt biznesowy Wis\u0142y Krak\u00f3w \u201eWis\u0142a Biznes\u201d promuje wsp\u00f3\u0142prac\u0119 pomi\u0119dzy partnerami biznesowymi klubu. Targi umo\u017cliwi\u0142y uczestnikom wymian\u0119 do\u015bwiadcze\u0144 i zaprezentowanie swojej oferty cz\u0142onkom Klubu Biznesu Wis\u0142a oraz szerszej spo\u0142eczno\u015bci. Wydarzenie obejmowa\u0142o dyskusje panelowe i mo\u017cliwo\u015bci nawi\u0105zania kontakt\u00f3w.<\/p>\n<h3 class=\"wp-block-heading\">Ciekawe atrakcje dla uczestnik\u00f3w<\/h3>\n<p>Opr\u00f3cz cz\u0119\u015bci biznesowej impreza oferowa\u0142a szereg atrakcji. Byli zawodnicy Wis\u0142y Jakub B\u0142aszczykowski, Pawe\u0142 Bro\u017cek, Arkadiusz G\u0142owacki i Sunday Ibrahim byli obecni na rocznicy Legends Corner. Klub wyr\u00f3\u017cni\u0142 tak\u017ce inne sekcje sportowe, w tym Lig\u0119 Mistrz\u00f3w Amp Football i mistrz\u00f3w Pi\u0142ki No\u017cnej Niewidomych.<\/p>\n<p>Wydarzenie obejmowa\u0142o pokazy samochod\u00f3w marki Kuro, przedstawiaj\u0105ce luksusowe modele, takie jak McLaren, oraz zaj\u0119cia dla dzieci, takie jak symulatory F1 i do\u015bwiadczenia VR, co stanowi\u0142o dodatkow\u0105 warstw\u0119 rozrywki dla wszystkich uczestnik\u00f3w.<\/p>\n<\/div>\n<\/div>\n","protected":false},"excerpt":{"rendered":"<p>Drugie Targi Wis\u0142a Biznes skupiaj\u0105 ponad 30 firm i oferuj\u0105 atrakcje sportowe, luksusowe samochody i dobr\u0105 zabaw\u0119. W pi\u0105tek 27<\/p>\n","protected":false},"author":1,"featured_media":1105,"comment_status":"closed","ping_status":"","sticky":false,"template":"","format":"standard","meta":{"footnotes":""},"categories":[45],"tags":[1856,201,1854,690,1853,1855,1852],"class_list":["post-1104","post","type-post","status-publish","format-standard","has-post-thumbnail","hentry","category-biznes","tag-biznes","tag-drugiej","tag-edycji","tag-gospodarzem","tag-krakow","tag-targow","tag-wisla","generate-columns","tablet-grid-50","mobile-grid-100","grid-parent","grid-50","resize-featured-image"],"yoast_head":"<!-- This site is optimized with the Yoast SEO plugin v23.2 - https:\/\/yoast.com\/wordpress\/plugins\/seo\/ -->\n<title>Wis\u0142a Krak\u00f3w gospodarzem drugiej edycji Targ\u00f3w Wis\u0142a Biznes - POGOTOWIE FLAGOWE\u00ae<\/title>\n<meta name=\"robots\" content=\"index, follow, max-snippet:-1, max-image-preview:large, max-video-preview:-1\" \/>\n<link rel=\"canonical\" href=\"https:\/\/www.pogotowieflagowe.pl\/aktualne\/wisla-krakow-gospodarzem-drugiej-edycji-targow-wisla-biznes\/\" \/>\n<meta property=\"og:locale\" content=\"pl_PL\" \/>\n<meta property=\"og:type\" content=\"article\" \/>\n<meta property=\"og:title\" content=\"Wis\u0142a Krak\u00f3w gospodarzem drugiej edycji Targ\u00f3w Wis\u0142a Biznes - POGOTOWIE FLAGOWE\u00ae\" \/>\n<meta property=\"og:description\" content=\"Drugie Targi Wis\u0142a Biznes skupiaj\u0105 ponad 30 firm i oferuj\u0105 atrakcje sportowe, luksusowe samochody i dobr\u0105 zabaw\u0119. W pi\u0105tek 27\" \/>\n<meta property=\"og:url\" content=\"https:\/\/www.pogotowieflagowe.pl\/aktualne\/wisla-krakow-gospodarzem-drugiej-edycji-targow-wisla-biznes\/\" \/>\n<meta property=\"og:site_name\" content=\"POGOTOWIE FLAGOWE\u00ae\" \/>\n<meta property=\"article:published_time\" content=\"2024-10-05T07:47:04+00:00\" \/>\n<meta property=\"og:image\" content=\"https:\/\/www.pogotowieflagowe.pl\/aktualne\/wp-content\/uploads\/2024\/10\/Wisla-Krakow-gospodarzem-drugiej-edycji-Targow-Wisla-Biznes.jpg\" \/>\n\t<meta property=\"og:image:width\" content=\"737\" \/>\n\t<meta property=\"og:image:height\" content=\"492\" \/>\n\t<meta property=\"og:image:type\" content=\"image\/jpeg\" \/>\n<meta name=\"author\" content=\"Filip\" \/>\n<meta name=\"twitter:card\" content=\"summary_large_image\" \/>\n<meta name=\"twitter:label1\" content=\"Napisane przez\" \/>\n\t<meta name=\"twitter:data1\" content=\"Filip\" \/>\n\t<meta name=\"twitter:label2\" content=\"Szacowany czas czytania\" \/>\n\t<meta name=\"twitter:data2\" content=\"1 minuta\" \/>\n<script type=\"application\/ld+json\" class=\"yoast-schema-graph\">{\"@context\":\"https:\/\/schema.org\",\"@graph\":[{\"@type\":\"Article\",\"@id\":\"https:\/\/www.pogotowieflagowe.pl\/aktualne\/wisla-krakow-gospodarzem-drugiej-edycji-targow-wisla-biznes\/#article\",\"isPartOf\":{\"@id\":\"https:\/\/www.pogotowieflagowe.pl\/aktualne\/wisla-krakow-gospodarzem-drugiej-edycji-targow-wisla-biznes\/\"},\"author\":{\"name\":\"Filip\",\"@id\":\"https:\/\/www.pogotowieflagowe.pl\/aktualne\/#\/schema\/person\/9c2fb7d2362ebf6fa088960d7f0d27b0\"},\"headline\":\"Wis\u0142a Krak\u00f3w gospodarzem drugiej edycji Targ\u00f3w Wis\u0142a Biznes\",\"datePublished\":\"2024-10-05T07:47:04+00:00\",\"dateModified\":\"2024-10-05T07:47:04+00:00\",\"mainEntityOfPage\":{\"@id\":\"https:\/\/www.pogotowieflagowe.pl\/aktualne\/wisla-krakow-gospodarzem-drugiej-edycji-targow-wisla-biznes\/\"},\"wordCount\":217,\"publisher\":{\"@id\":\"https:\/\/www.pogotowieflagowe.pl\/aktualne\/#organization\"},\"image\":{\"@id\":\"https:\/\/www.pogotowieflagowe.pl\/aktualne\/wisla-krakow-gospodarzem-drugiej-edycji-targow-wisla-biznes\/#primaryimage\"},\"thumbnailUrl\":\"https:\/\/www.pogotowieflagowe.pl\/aktualne\/wp-content\/uploads\/2024\/10\/Wisla-Krakow-gospodarzem-drugiej-edycji-Targow-Wisla-Biznes.jpg\",\"keywords\":[\"Biznes\",\"drugiej\",\"edycji\",\"gospodarzem\",\"Krak\u00f3w\",\"Targ\u00f3w\",\"Wis\u0142a\"],\"articleSection\":[\"Biznes\"],\"inLanguage\":\"pl-PL\"},{\"@type\":\"WebPage\",\"@id\":\"https:\/\/www.pogotowieflagowe.pl\/aktualne\/wisla-krakow-gospodarzem-drugiej-edycji-targow-wisla-biznes\/\",\"url\":\"https:\/\/www.pogotowieflagowe.pl\/aktualne\/wisla-krakow-gospodarzem-drugiej-edycji-targow-wisla-biznes\/\",\"name\":\"Wis\u0142a Krak\u00f3w gospodarzem drugiej edycji Targ\u00f3w Wis\u0142a Biznes - POGOTOWIE FLAGOWE\u00ae\",\"isPartOf\":{\"@id\":\"https:\/\/www.pogotowieflagowe.pl\/aktualne\/#website\"},\"primaryImageOfPage\":{\"@id\":\"https:\/\/www.pogotowieflagowe.pl\/aktualne\/wisla-krakow-gospodarzem-drugiej-edycji-targow-wisla-biznes\/#primaryimage\"},\"image\":{\"@id\":\"https:\/\/www.pogotowieflagowe.pl\/aktualne\/wisla-krakow-gospodarzem-drugiej-edycji-targow-wisla-biznes\/#primaryimage\"},\"thumbnailUrl\":\"https:\/\/www.pogotowieflagowe.pl\/aktualne\/wp-content\/uploads\/2024\/10\/Wisla-Krakow-gospodarzem-drugiej-edycji-Targow-Wisla-Biznes.jpg\",\"datePublished\":\"2024-10-05T07:47:04+00:00\",\"dateModified\":\"2024-10-05T07:47:04+00:00\",\"breadcrumb\":{\"@id\":\"https:\/\/www.pogotowieflagowe.pl\/aktualne\/wisla-krakow-gospodarzem-drugiej-edycji-targow-wisla-biznes\/#breadcrumb\"},\"inLanguage\":\"pl-PL\",\"potentialAction\":[{\"@type\":\"ReadAction\",\"target\":[\"https:\/\/www.pogotowieflagowe.pl\/aktualne\/wisla-krakow-gospodarzem-drugiej-edycji-targow-wisla-biznes\/\"]}]},{\"@type\":\"ImageObject\",\"inLanguage\":\"pl-PL\",\"@id\":\"https:\/\/www.pogotowieflagowe.pl\/aktualne\/wisla-krakow-gospodarzem-drugiej-edycji-targow-wisla-biznes\/#primaryimage\",\"url\":\"https:\/\/www.pogotowieflagowe.pl\/aktualne\/wp-content\/uploads\/2024\/10\/Wisla-Krakow-gospodarzem-drugiej-edycji-Targow-Wisla-Biznes.jpg\",\"contentUrl\":\"https:\/\/www.pogotowieflagowe.pl\/aktualne\/wp-content\/uploads\/2024\/10\/Wisla-Krakow-gospodarzem-drugiej-edycji-Targow-Wisla-Biznes.jpg\",\"width\":737,\"height\":492,\"caption\":\"Wis\u0142a Krak\u00f3w gospodarzem drugiej edycji Targ\u00f3w Wis\u0142a Biznes\"},{\"@type\":\"BreadcrumbList\",\"@id\":\"https:\/\/www.pogotowieflagowe.pl\/aktualne\/wisla-krakow-gospodarzem-drugiej-edycji-targow-wisla-biznes\/#breadcrumb\",\"itemListElement\":[{\"@type\":\"ListItem\",\"position\":1,\"name\":\"Home\",\"item\":\"https:\/\/www.pogotowieflagowe.pl\/aktualne\/\"},{\"@type\":\"ListItem\",\"position\":2,\"name\":\"Wis\u0142a Krak\u00f3w gospodarzem drugiej edycji Targ\u00f3w Wis\u0142a Biznes\"}]},{\"@type\":\"WebSite\",\"@id\":\"https:\/\/www.pogotowieflagowe.pl\/aktualne\/#website\",\"url\":\"https:\/\/www.pogotowieflagowe.pl\/aktualne\/\",\"name\":\"POGOTOWIE FLAGOWE\u00ae\",\"description\":\"\",\"publisher\":{\"@id\":\"https:\/\/www.pogotowieflagowe.pl\/aktualne\/#organization\"},\"potentialAction\":[{\"@type\":\"SearchAction\",\"target\":{\"@type\":\"EntryPoint\",\"urlTemplate\":\"https:\/\/www.pogotowieflagowe.pl\/aktualne\/?s={search_term_string}\"},\"query-input\":\"required name=search_term_string\"}],\"inLanguage\":\"pl-PL\"},{\"@type\":\"Organization\",\"@id\":\"https:\/\/www.pogotowieflagowe.pl\/aktualne\/#organization\",\"name\":\"POGOTOWIE FLAGOWE\u00ae\",\"url\":\"https:\/\/www.pogotowieflagowe.pl\/aktualne\/\",\"logo\":{\"@type\":\"ImageObject\",\"inLanguage\":\"pl-PL\",\"@id\":\"https:\/\/www.pogotowieflagowe.pl\/aktualne\/#\/schema\/logo\/image\/\",\"url\":\"https:\/\/www.pogotowieflagowe.pl\/aktualne\/wp-content\/uploads\/2024\/08\/cropped-pogotowieflagowe_flaga_projekt_sm.jpg\",\"contentUrl\":\"https:\/\/www.pogotowieflagowe.pl\/aktualne\/wp-content\/uploads\/2024\/08\/cropped-pogotowieflagowe_flaga_projekt_sm.jpg\",\"width\":250,\"height\":143,\"caption\":\"POGOTOWIE FLAGOWE\u00ae\"},\"image\":{\"@id\":\"https:\/\/www.pogotowieflagowe.pl\/aktualne\/#\/schema\/logo\/image\/\"}},{\"@type\":\"Person\",\"@id\":\"https:\/\/www.pogotowieflagowe.pl\/aktualne\/#\/schema\/person\/9c2fb7d2362ebf6fa088960d7f0d27b0\",\"name\":\"Filip\",\"image\":{\"@type\":\"ImageObject\",\"inLanguage\":\"pl-PL\",\"@id\":\"https:\/\/www.pogotowieflagowe.pl\/aktualne\/#\/schema\/person\/image\/\",\"url\":\"https:\/\/www.pogotowieflagowe.pl\/aktualne\/wp-content\/uploads\/2024\/08\/pogotowieflagowe.pl_.jpg\",\"contentUrl\":\"https:\/\/www.pogotowieflagowe.pl\/aktualne\/wp-content\/uploads\/2024\/08\/pogotowieflagowe.pl_.jpg\",\"caption\":\"Filip\"},\"description\":\"Jestem Filip, polski dziennikarz z dyplomem nauk politycznych Uniwersytetu Warszawskiego. Rozpoczynaj\u0105c swoj\u0105 karier\u0119 w r\u00f3\u017cnych lokalnych mediach, zdoby\u0142em solidne do\u015bwiadczenie w zakresie \u015bledztwa i redakcji. Obecnie jako redaktor w Pogotowie flagowe, staram si\u0119 dostarcza\u0107 dog\u0142\u0119bne i istotne analizy na temat najwa\u017cniejszych kwestii aktualno\u015bci, \u0142\u0105cz\u0105c rygor z pasj\u0105 dziennikarsk\u0105.\",\"sameAs\":[\"https:\/\/www.pogotowieflagowe.pl\/\"]}]}<\/script>\n<!-- \/ Yoast SEO plugin. -->","yoast_head_json":{"title":"Wis\u0142a Krak\u00f3w gospodarzem drugiej edycji Targ\u00f3w Wis\u0142a Biznes - POGOTOWIE FLAGOWE\u00ae","robots":{"index":"index","follow":"follow","max-snippet":"max-snippet:-1","max-image-preview":"max-image-preview:large","max-video-preview":"max-video-preview:-1"},"canonical":"https:\/\/www.pogotowieflagowe.pl\/aktualne\/wisla-krakow-gospodarzem-drugiej-edycji-targow-wisla-biznes\/","og_locale":"pl_PL","og_type":"article","og_title":"Wis\u0142a Krak\u00f3w gospodarzem drugiej edycji Targ\u00f3w Wis\u0142a Biznes - POGOTOWIE FLAGOWE\u00ae","og_description":"Drugie Targi Wis\u0142a Biznes skupiaj\u0105 ponad 30 firm i oferuj\u0105 atrakcje sportowe, luksusowe samochody i dobr\u0105 zabaw\u0119. W pi\u0105tek 27","og_url":"https:\/\/www.pogotowieflagowe.pl\/aktualne\/wisla-krakow-gospodarzem-drugiej-edycji-targow-wisla-biznes\/","og_site_name":"POGOTOWIE FLAGOWE\u00ae","article_published_time":"2024-10-05T07:47:04+00:00","og_image":[{"width":737,"height":492,"url":"https:\/\/www.pogotowieflagowe.pl\/aktualne\/wp-content\/uploads\/2024\/10\/Wisla-Krakow-gospodarzem-drugiej-edycji-Targow-Wisla-Biznes.jpg","type":"image\/jpeg"}],"author":"Filip","twitter_card":"summary_large_image","twitter_misc":{"Napisane przez":"Filip","Szacowany czas czytania":"1 minuta"},"schema":{"@context":"https:\/\/schema.org","@graph":[{"@type":"Article","@id":"https:\/\/www.pogotowieflagowe.pl\/aktualne\/wisla-krakow-gospodarzem-drugiej-edycji-targow-wisla-biznes\/#article","isPartOf":{"@id":"https:\/\/www.pogotowieflagowe.pl\/aktualne\/wisla-krakow-gospodarzem-drugiej-edycji-targow-wisla-biznes\/"},"author":{"name":"Filip","@id":"https:\/\/www.pogotowieflagowe.pl\/aktualne\/#\/schema\/person\/9c2fb7d2362ebf6fa088960d7f0d27b0"},"headline":"Wis\u0142a Krak\u00f3w gospodarzem drugiej edycji Targ\u00f3w Wis\u0142a Biznes","datePublished":"2024-10-05T07:47:04+00:00","dateModified":"2024-10-05T07:47:04+00:00","mainEntityOfPage":{"@id":"https:\/\/www.pogotowieflagowe.pl\/aktualne\/wisla-krakow-gospodarzem-drugiej-edycji-targow-wisla-biznes\/"},"wordCount":217,"publisher":{"@id":"https:\/\/www.pogotowieflagowe.pl\/aktualne\/#organization"},"image":{"@id":"https:\/\/www.pogotowieflagowe.pl\/aktualne\/wisla-krakow-gospodarzem-drugiej-edycji-targow-wisla-biznes\/#primaryimage"},"thumbnailUrl":"https:\/\/www.pogotowieflagowe.pl\/aktualne\/wp-content\/uploads\/2024\/10\/Wisla-Krakow-gospodarzem-drugiej-edycji-Targow-Wisla-Biznes.jpg","keywords":["Biznes","drugiej","edycji","gospodarzem","Krak\u00f3w","Targ\u00f3w","Wis\u0142a"],"articleSection":["Biznes"],"inLanguage":"pl-PL"},{"@type":"WebPage","@id":"https:\/\/www.pogotowieflagowe.pl\/aktualne\/wisla-krakow-gospodarzem-drugiej-edycji-targow-wisla-biznes\/","url":"https:\/\/www.pogotowieflagowe.pl\/aktualne\/wisla-krakow-gospodarzem-drugiej-edycji-targow-wisla-biznes\/","name":"Wis\u0142a Krak\u00f3w gospodarzem drugiej edycji Targ\u00f3w Wis\u0142a Biznes - POGOTOWIE FLAGOWE\u00ae","isPartOf":{"@id":"https:\/\/www.pogotowieflagowe.pl\/aktualne\/#website"},"primaryImageOfPage":{"@id":"https:\/\/www.pogotowieflagowe.pl\/aktualne\/wisla-krakow-gospodarzem-drugiej-edycji-targow-wisla-biznes\/#primaryimage"},"image":{"@id":"https:\/\/www.pogotowieflagowe.pl\/aktualne\/wisla-krakow-gospodarzem-drugiej-edycji-targow-wisla-biznes\/#primaryimage"},"thumbnailUrl":"https:\/\/www.pogotowieflagowe.pl\/aktualne\/wp-content\/uploads\/2024\/10\/Wisla-Krakow-gospodarzem-drugiej-edycji-Targow-Wisla-Biznes.jpg","datePublished":"2024-10-05T07:47:04+00:00","dateModified":"2024-10-05T07:47:04+00:00","breadcrumb":{"@id":"https:\/\/www.pogotowieflagowe.pl\/aktualne\/wisla-krakow-gospodarzem-drugiej-edycji-targow-wisla-biznes\/#breadcrumb"},"inLanguage":"pl-PL","potentialAction":[{"@type":"ReadAction","target":["https:\/\/www.pogotowieflagowe.pl\/aktualne\/wisla-krakow-gospodarzem-drugiej-edycji-targow-wisla-biznes\/"]}]},{"@type":"ImageObject","inLanguage":"pl-PL","@id":"https:\/\/www.pogotowieflagowe.pl\/aktualne\/wisla-krakow-gospodarzem-drugiej-edycji-targow-wisla-biznes\/#primaryimage","url":"https:\/\/www.pogotowieflagowe.pl\/aktualne\/wp-content\/uploads\/2024\/10\/Wisla-Krakow-gospodarzem-drugiej-edycji-Targow-Wisla-Biznes.jpg","contentUrl":"https:\/\/www.pogotowieflagowe.pl\/aktualne\/wp-content\/uploads\/2024\/10\/Wisla-Krakow-gospodarzem-drugiej-edycji-Targow-Wisla-Biznes.jpg","width":737,"height":492,"caption":"Wis\u0142a Krak\u00f3w gospodarzem drugiej edycji Targ\u00f3w Wis\u0142a Biznes"},{"@type":"BreadcrumbList","@id":"https:\/\/www.pogotowieflagowe.pl\/aktualne\/wisla-krakow-gospodarzem-drugiej-edycji-targow-wisla-biznes\/#breadcrumb","itemListElement":[{"@type":"ListItem","position":1,"name":"Home","item":"https:\/\/www.pogotowieflagowe.pl\/aktualne\/"},{"@type":"ListItem","position":2,"name":"Wis\u0142a Krak\u00f3w gospodarzem drugiej edycji Targ\u00f3w Wis\u0142a Biznes"}]},{"@type":"WebSite","@id":"https:\/\/www.pogotowieflagowe.pl\/aktualne\/#website","url":"https:\/\/www.pogotowieflagowe.pl\/aktualne\/","name":"POGOTOWIE FLAGOWE\u00ae","description":"","publisher":{"@id":"https:\/\/www.pogotowieflagowe.pl\/aktualne\/#organization"},"potentialAction":[{"@type":"SearchAction","target":{"@type":"EntryPoint","urlTemplate":"https:\/\/www.pogotowieflagowe.pl\/aktualne\/?s={search_term_string}"},"query-input":"required name=search_term_string"}],"inLanguage":"pl-PL"},{"@type":"Organization","@id":"https:\/\/www.pogotowieflagowe.pl\/aktualne\/#organization","name":"POGOTOWIE FLAGOWE\u00ae","url":"https:\/\/www.pogotowieflagowe.pl\/aktualne\/","logo":{"@type":"ImageObject","inLanguage":"pl-PL","@id":"https:\/\/www.pogotowieflagowe.pl\/aktualne\/#\/schema\/logo\/image\/","url":"https:\/\/www.pogotowieflagowe.pl\/aktualne\/wp-content\/uploads\/2024\/08\/cropped-pogotowieflagowe_flaga_projekt_sm.jpg","contentUrl":"https:\/\/www.pogotowieflagowe.pl\/aktualne\/wp-content\/uploads\/2024\/08\/cropped-pogotowieflagowe_flaga_projekt_sm.jpg","width":250,"height":143,"caption":"POGOTOWIE FLAGOWE\u00ae"},"image":{"@id":"https:\/\/www.pogotowieflagowe.pl\/aktualne\/#\/schema\/logo\/image\/"}},{"@type":"Person","@id":"https:\/\/www.pogotowieflagowe.pl\/aktualne\/#\/schema\/person\/9c2fb7d2362ebf6fa088960d7f0d27b0","name":"Filip","image":{"@type":"ImageObject","inLanguage":"pl-PL","@id":"https:\/\/www.pogotowieflagowe.pl\/aktualne\/#\/schema\/person\/image\/","url":"https:\/\/www.pogotowieflagowe.pl\/aktualne\/wp-content\/uploads\/2024\/08\/pogotowieflagowe.pl_.jpg","contentUrl":"https:\/\/www.pogotowieflagowe.pl\/aktualne\/wp-content\/uploads\/2024\/08\/pogotowieflagowe.pl_.jpg","caption":"Filip"},"description":"Jestem Filip, polski dziennikarz z dyplomem nauk politycznych Uniwersytetu Warszawskiego. Rozpoczynaj\u0105c swoj\u0105 karier\u0119 w r\u00f3\u017cnych lokalnych mediach, zdoby\u0142em solidne do\u015bwiadczenie w zakresie \u015bledztwa i redakcji. Obecnie jako redaktor w Pogotowie flagowe, staram si\u0119 dostarcza\u0107 dog\u0142\u0119bne i istotne analizy na temat najwa\u017cniejszych kwestii aktualno\u015bci, \u0142\u0105cz\u0105c rygor z pasj\u0105 dziennikarsk\u0105.","sameAs":["https:\/\/www.pogotowieflagowe.pl\/"]}]}},"_links":{"self":[{"href":"https:\/\/www.pogotowieflagowe.pl\/aktualne\/wp-json\/wp\/v2\/posts\/1104","targetHints":{"allow":["GET"]}}],"collection":[{"href":"https:\/\/www.pogotowieflagowe.pl\/aktualne\/wp-json\/wp\/v2\/posts"}],"about":[{"href":"https:\/\/www.pogotowieflagowe.pl\/aktualne\/wp-json\/wp\/v2\/types\/post"}],"author":[{"embeddable":true,"href":"https:\/\/www.pogotowieflagowe.pl\/aktualne\/wp-json\/wp\/v2\/users\/1"}],"replies":[{"embeddable":true,"href":"https:\/\/www.pogotowieflagowe.pl\/aktualne\/wp-json\/wp\/v2\/comments?post=1104"}],"version-history":[{"count":1,"href":"https:\/\/www.pogotowieflagowe.pl\/aktualne\/wp-json\/wp\/v2\/posts\/1104\/revisions"}],"predecessor-version":[{"id":1106,"href":"https:\/\/www.pogotowieflagowe.pl\/aktualne\/wp-json\/wp\/v2\/posts\/1104\/revisions\/1106"}],"wp:featuredmedia":[{"embeddable":true,"href":"https:\/\/www.pogotowieflagowe.pl\/aktualne\/wp-json\/wp\/v2\/media\/1105"}],"wp:attachment":[{"href":"https:\/\/www.pogotowieflagowe.pl\/aktualne\/wp-json\/wp\/v2\/media?parent=1104"}],"wp:term":[{"taxonomy":"category","embeddable":true,"href":"https:\/\/www.pogotowieflagowe.pl\/aktualne\/wp-json\/wp\/v2\/categories?post=1104"},{"taxonomy":"post_tag","embeddable":true,"href":"https:\/\/www.pogotowieflagowe.pl\/aktualne\/wp-json\/wp\/v2\/tags?post=1104"}],"curies":[{"name":"wp","href":"https:\/\/api.w.org\/{rel}","templated":true}]}}