{"id":11042,"date":"2025-11-26T13:50:02","date_gmt":"2025-11-26T12:50:02","guid":{"rendered":"https:\/\/www.pogotowieflagowe.pl\/aktualne\/prezydent-nawrocki-zablokuje-ustawe-o-cenzurze-to-bylaby-smierc-wolnosci-slowa\/"},"modified":"2025-11-26T13:50:03","modified_gmt":"2025-11-26T12:50:03","slug":"prezydent-nawrocki-zablokuje-ustawe-o-cenzurze-to-bylaby-smierc-wolnosci-slowa","status":"publish","type":"post","link":"https:\/\/www.pogotowieflagowe.pl\/aktualne\/prezydent-nawrocki-zablokuje-ustawe-o-cenzurze-to-bylaby-smierc-wolnosci-slowa\/","title":{"rendered":"Prezydent Nawrocki zablokuje ustaw\u0119 o cenzurze. \u201eTo by\u0142aby \u015bmier\u0107 wolno\u015bci s\u0142owa\u201d"},"content":{"rendered":"\n<div class=\"td_block_wrap tdb_single_content tdi_46 td-pb-border-top td_block_template_8 td-post-content tagdiv-type\" data-td-block-uid=\"tdi_46\">\n<style>.tdi_46{margines-g\u00f3rny:0px!important;margin-bottom:0px!important;dope\u0142nienie-g\u00f3ra:0px!important;dope\u0142nienie-d\u00f3\u0142:0px!important}<\/style>\n<style>.tdb_single_content{margin-bottom:0;*zoom:1}.tdb_single_content:before,.tdb_single_content:after{display:table;content:'';line-height:0}.tdb_single_content:after{clear:both}.tdb_single_content .tdb-block-inner>*:not(.wp-block-quote):not(.alignwide):not(.alignfull.wp-block-cover.has-parallax):not(.td-a-ad){margin-left:auto;margin-right:auto}.tdb_single_content a{pointer-events:auto}.tdb_single_content .td-spot-id-top_ad .tdc-placeholder-title:before{content:'Najlepsza reklama artyku\u0142u'!important}.tdb_single_content .td-spot-id-inline_ad0 .tdc-placeholder-title:before{content:'Reklama wbudowana artyku\u0142u 1'!important}.tdb_single_content .td-spot-id-inline_ad1 .tdc-placeholder-title:before{content:'Wbudowana reklama w artykule 2'!important}.tdb_single_content .td-spot-id-inline_ad2 .tdc-placeholder-title:before{content:'Wbudowana reklama w artykule 3'!important}.tdb_single_content .td-spot-id-bottom_ad .tdc-placeholder-title:before{content:'Article Bottom Ad'!important}.tdb_single_content .id_top_ad,.tdb_single_content .id_bottom_ad{clear:both;margin-bottom:21px;text-align:center}.tdb_single_content .id_top_ad img,.tdb_single_content .id_bottom_ad img{margin-bottom:0}.tdb_single_content .id_top_ad .adsbygoogle,.tdb_single_content .id_bottom_ad .adsbygoogle{position:relative}.tdb_single_content .id_ad_content-horiz-left,.tdb_single_content .id_ad_content-horiz-right,.tdb_single_content .id_ad_content-horiz-center{margin-bottom:15px}.tdb_single_content .id_ad_content-horiz-left img,.tdb_single_content .id_ad_content-horiz-right img,.tdb_single_content .id_ad_content-horiz-center img{margin-bottom:0}.tdb_single_content .id_ad_content-horiz-center{text-align:center}.tdb_single_content .id_ad_content-horiz-center img{margin-right:auto;margin-left:auto}.tdb_single_content .id_ad_content-horiz-left{float:left;margin-top:9px;margin-right:21px}.tdb_single_content .id_ad_content-horiz-right{float:right;margin-top:6px;margin-left:21px}.tdb_single_content .tdc-a-ad .tdc-placeholder-title{width:300px;height:250px}.tdb_single_content .tdc-a-ad .tdc-placeholder-title:before{position:absolute;top:50%;-webkit-transform:translateY(-50%);transform:translateY(-50%);margin:auto;display:table;width:100%}.tdb_single_content .tdb-block-inner.td-fix-index{word-break:break-word}.tdi_46,.tdi_46>p,.tdi_46 .tdb-block-inner>p,.wp-block-column>p{font-size:16px!important;line-height:1.6!important}.tdi_46 .tdb-block-inner blockquote p{font-style:normal!important}@media (max-width:767px){.tdb_single_content .id_ad_content-horiz-left,.tdb_single_content .id_ad_content-horiz-right,.tdb_single_content .id_ad_content-horiz-center{margin:0 auto 26 pikseli auto}}@media (max-width:767px){.tdb_single_content .id_ad_content-horiz-left{margin-right:0}}@media (max-width:767px){.tdb_single_content .id_ad_content-horiz-right{margin-left:0}}@media (max-width:767px){.tdb_single_content .td-a-ad{float:none;text-align:center}.tdb_single_content .td-a-ad img{margin-right:auto;margin-left:auto}.tdb_single_content .tdc-a-ad{float:none}}<\/style>\n<div class=\"tdb-block-inner td-fix-index\">\n<p>Popieramy odrzucenie <em>Rozporz\u0105dzenie Komisji Europejskiej (DSA)<\/em>. Sama idea jakiejkolwiek formy cenzury jest obca polskiej kulturze politycznej \u2013 to jeden z wniosk\u00f3w p\u0142yn\u0105cych z przem\u00f3wienia Prezydenta Karola Nawrockiego w Pradze. Kilka dni wcze\u015bniej o <em>Stowarzyszenie Dziennikarzy Polskich, SDP)<\/em> zaapelowa\u0142 do prezydenta o zawetowanie ustawy, kt\u00f3ra umo\u017cliwi\u0142aby prezydentowi m.in <em>UKE<\/em> do blokowania tre\u015bci online bez nadzoru s\u0105dowego. <strong>\u201eTo by\u0142aby \u015bmier\u0107 wolno\u015bci s\u0142owa\u201d<\/strong> \u2013 powiedzia\u0142a przewodnicz\u0105ca SDP Jolanta Hajdasz. Poda\u0142a przyk\u0142ady, jak korzystaj\u0105c z tej ustawy w\u0142adze mog\u0142yby blokowa\u0107 portale z niewygodnymi dla nich widokami, jak np. Republika, a tak\u017ce profile na X czy innych platformach spo\u0142eczno\u015bciowych.<\/p>\n<p>Ustawa uchwalona przez <em>Sejm<\/em> w pi\u0105tek pomimo g\u0142os\u00f3w opozycji, kieruje si\u0119 teraz do <em>Senat<\/em>. Zdaniem rz\u0105du jest to konieczne ze wzgl\u0119du na konieczno\u015b\u0107 wdro\u017cenia UE <em>DSA (ustawa o us\u0142ugach cyfrowych)<\/em> regulacja. Politycy opozycji argumentuj\u0105, \u017ce regulacje zaproponowane przez rz\u0105d Tuska id\u0105 dalej, ni\u017c wymaga tego prawo UE. Przyk\u0142adowo, zgodnie z przyj\u0119tym przez Sejm projektem rz\u0105dowym, prezydent RP <em>UKE<\/em> podejmuje decyzj\u0119 o blokowaniu tre\u015bci online bez kontroli s\u0105dowej. Poprawki zaproponowane przez <em>PiS<\/em> Pos\u0142owie, kt\u00f3rzy mieliby wprowadzi\u0107 taki nadz\u00f3r \u2013 daj\u0105cy s\u0105dom, a nie urz\u0119dnikom administracji centralnej uprawnienia do blokowania tre\u015bci \u2013 zostali odrzuceni przez koalicj\u0119 rz\u0105dz\u0105c\u0105.<\/p>\n<h2 class=\"wp-block-heading\"><strong>Prezydent: Odrzuci\u0107 DSA<\/strong><\/h2>\n<p>Zaraz po przyj\u0119ciu ustawy przez koalicj\u0119 rz\u0105dz\u0105c\u0105 <em>P\u0142yta g\u0142\u00f3wna SDP (ZG SDP)<\/em> zaapelowa\u0142 do Prezydenta Karola Nawrockiego o zawetowanie tej uchwa\u0142y.<\/p>\n<figure class=\"wp-block-pullquote\">\n<blockquote>\n<p><strong>&#8222;ZG SDP stanowczo protestuje przeciwko ograniczaniu wolno\u015bci s\u0142owa, jakie widzimy w tej ustawie. Jest to po\u015bredni spos\u00f3b wprowadzenia cenzury Internetu w Polsce i umo\u017cliwienia rz\u0105dz\u0105cym ingerowania w tre\u015bci w internecie przy wykorzystaniu struktur administracji pa\u0144stwowej. Obawiamy si\u0119, \u017ce obok dzisiejszych problem\u00f3w z g\u0142\u00f3wnymi platformami medi\u00f3w spo\u0142eczno\u015bciowych, czeka nas nowy problem polegaj\u0105cy na blokowaniu tre\u015bci przez aktualnie sprawuj\u0105cych w\u0142adz\u0119 polityk\u00f3w. Mechanizm wydawania nakaz\u00f3w blokowania dost\u0119pu do \u201enielegalnych tre\u015bci\u201d jest przyk\u0142adem przeregulowania wprowadzonego przez polsk\u0105 w\u0142adz\u0119 ustawodawca w procesie wdra\u017cania prawa europejskiego\u201d<\/strong> \u2013 czytamy w apelu.<\/p>\n<\/blockquote>\n<\/figure>\n<figure class=\"wp-block-pullquote\">\n<blockquote>\n<p>SDP to podkre\u015bla <strong>&#8222;Proponowane przepisy naruszaj\u0105 niezale\u017cno\u015b\u0107 medi\u00f3w i niezale\u017cno\u015b\u0107 tw\u00f3rc\u00f3w, w tym dziennikarzy. Przy fikcyjnym nadzorze s\u0105dowym i braku gwarancji jasnej i skutecznej procedury odwo\u0142awczej wprowadza to do polskiego systemu medialnego mechanizm cenzury zakazany w demokratycznym pa\u0144stwie prawa.&#8221;<\/strong><\/p>\n<\/blockquote>\n<\/figure>\n<p>Prezydent Karol Nawrocki podczas poniedzia\u0142kowego wyk\u0142adu na Uniwersytecie Karola w Pradze o\u015bwiadczy\u0142, \u017ce jest zwolennikiem odrzucenia rozporz\u0105dzenia KE zwanego DSA. <strong>\u201eSamo poj\u0119cie jakiejkolwiek formy cenzury jest obce polskiej kulturze politycznej\u201d \u2013 doda\u0142.<\/strong> \u2013 stwierdzi\u0142 Nawrocki.<\/p>\n<figure class=\"wp-block-pullquote\">\n<blockquote>\n<p><strong>&#8222;S\u0142owa prezydenta odbieram jako sygna\u0142, \u017ce nie podpisze tej ustawy. Gdyby wesz\u0142a w \u017cycie, by\u0142aby to \u015bmier\u0107 wolno\u015bci s\u0142owa&#8221;<\/strong> \u2013 powiedzia\u0142a Jolanta Hajdasz.<\/p>\n<\/blockquote>\n<\/figure>\n<h2 class=\"wp-block-heading\"><strong>Manipulacja rz\u0105dowa<\/strong><\/h2>\n<p>Rz\u0105d upiera si\u0119, \u017ce regulacje te s\u0105 niezb\u0119dne do zwalczania przest\u0119pczo\u015bci internetowej. Jednak przest\u0119pstwa s\u0105 ju\u017c \u015bcigane na mocy prawa karnego, przy zastosowaniu procedur, kt\u00f3re umo\u017cliwiaj\u0105 r\u00f3wnie\u017c blokowanie tre\u015bci o charakterze rzeczywi\u015bcie przest\u0119pczym. Nikt nie kwestionuje tego, \u017ce np. pedofilia w Internecie musi by\u0107 \u015bcigana, ale jest to ju\u017c mo\u017cliwe bez nowej ustawy. Rz\u0105d nie m\u00f3wi, \u017ce w katalogu tre\u015bci, kt\u00f3re mo\u017cna blokowa\u0107, znajduj\u0105 si\u0119 tre\u015bci, kt\u00f3re mo\u017cna po prostu uzna\u0107 za niewygodne politycznie lub ideologicznie dla rz\u0105dz\u0105cych \u2013 zauwa\u017ca Hajdasz. Przyk\u0142adowo z komunikatu rz\u0105du wynika, \u017ce \u200b\u200bprojekt ustawy \u201ewprowadza krajow\u0105 procedur\u0119 wydawania nakaz\u00f3w blokowania tre\u015bci dotycz\u0105cych \u015bci\u015ble okre\u015blonych przest\u0119pstw, takich jak: handel lud\u017ami, wykorzystywanie seksualne nieletnich, oszustwa w Internecie, kradzie\u017c to\u017csamo\u015bci, namawianie do morderstwa czy nawo\u0142ywanie do samob\u00f3jstwa\u201d.<\/p>\n<p>Nie wspomina jednak, \u017ce w\u015br\u00f3d \u201e27 czyn\u00f3w zabronionych\u201d znajduje si\u0119 m.in. art. 256 kk. To artyku\u0142, na podstawie kt\u00f3rego, w oparciu o szerok\u0105 interpretacj\u0119 prokuratora, postawiono zarzuty karne liderowi ROG Robertowi B\u0105kiewiczowi za krytyk\u0119 polityki i dzia\u0142a\u0144 niemieckich s\u0142u\u017cb. Prokurator stwierdzi\u0142, \u017ce jego wypowiedzi \u201ewzbudza\u0142y i wzmaga\u0142y silne poczucie niech\u0119ci i wrogo\u015bci wobec os\u00f3b narodowo\u015bci niemieckiej i imigrant\u00f3w\u201d.<\/p>\n<p>O\u015bwiadczenia te pad\u0142y m.in. w TV Republika, na jego profilu X oraz w internetowych kana\u0142ach ZERO i PRZEkana\u0142.<\/p>\n<figure class=\"wp-block-pullquote\">\n<blockquote>\n<p><strong>&#8222;To bardzo dobry przyk\u0142ad tego, co mog\u0142oby si\u0119 wydarzy\u0107, gdyby ta ustawa wesz\u0142a w \u017cycie. Prokurator po postawieniu takich zarzut\u00f3w m\u00f3g\u0142by w ramach tej ustawy \u017c\u0105da\u0107 od Prezesa UKE zablokowania portalu Republika, profilu B\u0105kiewicza i ROG na X, a tak\u017ce miejsca, w kt\u00f3rym te wypowiedzi si\u0119 pojawia\u0142y. Mog\u0142yby to zrobi\u0107 tak\u017ce organizacje pozarz\u0105dowe, kt\u00f3re ustawa przyznaje im status tzw. <em>Akcja Demokracja<\/em> kt\u00f3ry nalega\u0142 na \u015bciganie z tego artyku\u0142u kk i z\u0142o\u017cy\u0142 skarg\u0119 \u2013 przyp. red.). W ten spos\u00f3b nie ze wzgl\u0119du na przest\u0119pstwa, ale ze wzgl\u0119du na pogl\u0105dy, wiele kana\u0142\u00f3w informacyjnych w Internecie zosta\u0142oby zablokowanych\u201d \u2013 doda\u0142.<\/strong> M\u00f3wi Jolanta Hajdasz.<\/p>\n<\/blockquote>\n<\/figure>\n<h2 class=\"wp-block-heading\">Przeczytaj wi\u0119cej w <em>Gazeta Polska Codziennie<\/em>!<\/h2>\n<figure class=\"wp-block-embed is-type-rich is-provider-twitter wp-block-embed-twitter\">\n<div class=\"wp-block-embed__wrapper\">\n<blockquote class=\"twitter-tweet\" data-width=\"550\" data-dnt=\"true\">\n<p lang=\"pl\" dir=\"ltr\"><a rel=\"nofollow\" href=\"https:\/\/twitter.com\/hashtag\/GazetaPolskaCodziennie?src=hash&amp;ref_src=twsrc%5Etfw\">#GazetaPolskaCodziennie<\/a> \u2013 Tw\u00f3j przewodnik po najwa\u017cniejszych wydarzeniach z kraju i ze \u015bwiata. Je\u015bli rozwini\u0119to rzetelnych wiadomo\u015bci, pog\u0142\u0119biono analiz\u0119 i ko\u0144cowe artyku\u0142y, do wydania najnowszego <a rel=\"nofollow\" href=\"https:\/\/twitter.com\/hashtag\/GPC?src=hash&amp;ref_src=twsrc%5Etfw\">#GPC<\/a> jest w\u0142a\u015bnie dla Ciebie! <\/p>\n<p>Czytaj <a rel=\"nofollow\" href=\"https:\/\/twitter.com\/hashtag\/GPC?src=hash&amp;ref_src=twsrc%5Etfw\">#GPC<\/a>: https:\/\/t.co\/1HYRtWiDJA <a rel=\"nofollow\" href=\"https:\/\/t.co\/KbLCWO2TCM\">pic.twitter.com\/KbLCWO2TCM<\/a><\/p>\n<p>\u2014 GP Codziennie (@GPCodziennie) <a rel=\"nofollow\" href=\"https:\/\/twitter.com\/GPCodziennie\/status\/1993423417677160635?ref_src=twsrc%5Etfw\">25 listopada 2025 r<\/a><\/p><\/blockquote>\n<\/div>\n<\/figure>\n<\/div>\n<\/div>\n<p><script async src=\"https:\/\/platform.twitter.com\/widgets.js\" charset=\"utf-8\"><\/script><\/p>\n","protected":false},"excerpt":{"rendered":"<p>Popieramy odrzucenie Rozporz\u0105dzenie Komisji Europejskiej (DSA). Sama idea jakiejkolwiek formy cenzury jest obca polskiej kulturze politycznej \u2013 to jeden z<\/p>\n","protected":false},"author":1,"featured_media":11043,"comment_status":"open","ping_status":"open","sticky":false,"template":"","format":"standard","meta":{"footnotes":""},"categories":[4748],"tags":[9048,4580,2727,341,1208,6259,3682,660,8499],"class_list":["post-11042","post","type-post","status-publish","format-standard","has-post-thumbnail","hentry","category-aktualne","tag-bylaby","tag-cenzurze","tag-nawrocki","tag-prezydent","tag-slowa","tag-smierc","tag-ustawe","tag-wolnosci","tag-zablokuje","generate-columns","tablet-grid-50","mobile-grid-100","grid-parent","grid-50","resize-featured-image"],"yoast_head":"<!-- This site is optimized with the Yoast SEO plugin v23.2 - https:\/\/yoast.com\/wordpress\/plugins\/seo\/ -->\n<title>Prezydent Nawrocki zablokuje ustaw\u0119 o cenzurze. \u201eTo by\u0142aby \u015bmier\u0107 wolno\u015bci s\u0142owa\u201d - POGOTOWIE FLAGOWE\u00ae<\/title>\n<meta name=\"robots\" content=\"index, follow, max-snippet:-1, max-image-preview:large, max-video-preview:-1\" \/>\n<link rel=\"canonical\" href=\"https:\/\/www.pogotowieflagowe.pl\/aktualne\/prezydent-nawrocki-zablokuje-ustawe-o-cenzurze-to-bylaby-smierc-wolnosci-slowa\/\" \/>\n<meta property=\"og:locale\" content=\"pl_PL\" \/>\n<meta property=\"og:type\" content=\"article\" \/>\n<meta property=\"og:title\" content=\"Prezydent Nawrocki zablokuje ustaw\u0119 o cenzurze. \u201eTo by\u0142aby \u015bmier\u0107 wolno\u015bci s\u0142owa\u201d - POGOTOWIE FLAGOWE\u00ae\" \/>\n<meta property=\"og:description\" content=\"Popieramy odrzucenie Rozporz\u0105dzenie Komisji Europejskiej (DSA). Sama idea jakiejkolwiek formy cenzury jest obca polskiej kulturze politycznej \u2013 to jeden z\" \/>\n<meta property=\"og:url\" content=\"https:\/\/www.pogotowieflagowe.pl\/aktualne\/prezydent-nawrocki-zablokuje-ustawe-o-cenzurze-to-bylaby-smierc-wolnosci-slowa\/\" \/>\n<meta property=\"og:site_name\" content=\"POGOTOWIE FLAGOWE\u00ae\" \/>\n<meta property=\"article:published_time\" content=\"2025-11-26T12:50:02+00:00\" \/>\n<meta property=\"article:modified_time\" content=\"2025-11-26T12:50:03+00:00\" \/>\n<meta property=\"og:image\" content=\"https:\/\/www.pogotowieflagowe.pl\/aktualne\/wp-content\/uploads\/2025\/11\/Prezydent-Nawrocki-zablokuje-ustawe-o-cenzurze-\u201eTo-bylaby-smierc-wolnosci.webp.webp\" \/>\n\t<meta property=\"og:image:width\" content=\"1280\" \/>\n\t<meta property=\"og:image:height\" content=\"719\" \/>\n\t<meta property=\"og:image:type\" content=\"image\/webp\" \/>\n<meta name=\"author\" content=\"Filip\" \/>\n<meta name=\"twitter:card\" content=\"summary_large_image\" \/>\n<meta name=\"twitter:label1\" content=\"Napisane przez\" \/>\n\t<meta name=\"twitter:data1\" content=\"Filip\" \/>\n\t<meta name=\"twitter:label2\" content=\"Szacowany czas czytania\" \/>\n\t<meta name=\"twitter:data2\" content=\"5 minut\" \/>\n<script type=\"application\/ld+json\" class=\"yoast-schema-graph\">{\"@context\":\"https:\/\/schema.org\",\"@graph\":[{\"@type\":\"Article\",\"@id\":\"https:\/\/www.pogotowieflagowe.pl\/aktualne\/prezydent-nawrocki-zablokuje-ustawe-o-cenzurze-to-bylaby-smierc-wolnosci-slowa\/#article\",\"isPartOf\":{\"@id\":\"https:\/\/www.pogotowieflagowe.pl\/aktualne\/prezydent-nawrocki-zablokuje-ustawe-o-cenzurze-to-bylaby-smierc-wolnosci-slowa\/\"},\"author\":{\"name\":\"Filip\",\"@id\":\"https:\/\/www.pogotowieflagowe.pl\/aktualne\/#\/schema\/person\/9c2fb7d2362ebf6fa088960d7f0d27b0\"},\"headline\":\"Prezydent Nawrocki zablokuje ustaw\u0119 o cenzurze. \u201eTo by\u0142aby \u015bmier\u0107 wolno\u015bci s\u0142owa\u201d\",\"datePublished\":\"2025-11-26T12:50:02+00:00\",\"dateModified\":\"2025-11-26T12:50:03+00:00\",\"mainEntityOfPage\":{\"@id\":\"https:\/\/www.pogotowieflagowe.pl\/aktualne\/prezydent-nawrocki-zablokuje-ustawe-o-cenzurze-to-bylaby-smierc-wolnosci-slowa\/\"},\"wordCount\":934,\"commentCount\":0,\"publisher\":{\"@id\":\"https:\/\/www.pogotowieflagowe.pl\/aktualne\/#organization\"},\"image\":{\"@id\":\"https:\/\/www.pogotowieflagowe.pl\/aktualne\/prezydent-nawrocki-zablokuje-ustawe-o-cenzurze-to-bylaby-smierc-wolnosci-slowa\/#primaryimage\"},\"thumbnailUrl\":\"https:\/\/www.pogotowieflagowe.pl\/aktualne\/wp-content\/uploads\/2025\/11\/Prezydent-Nawrocki-zablokuje-ustawe-o-cenzurze-\u201eTo-bylaby-smierc-wolnosci.webp.webp\",\"keywords\":[\"by\u0142aby\",\"cenzurze\",\"Nawrocki\",\"Prezydent\",\"s\u0142owa\",\"\u015amier\u0107\",\"ustaw\u0119\",\"wolno\u015bci\",\"zablokuje\"],\"articleSection\":[\"Aktualne\"],\"inLanguage\":\"pl-PL\",\"potentialAction\":[{\"@type\":\"CommentAction\",\"name\":\"Comment\",\"target\":[\"https:\/\/www.pogotowieflagowe.pl\/aktualne\/prezydent-nawrocki-zablokuje-ustawe-o-cenzurze-to-bylaby-smierc-wolnosci-slowa\/#respond\"]}]},{\"@type\":\"WebPage\",\"@id\":\"https:\/\/www.pogotowieflagowe.pl\/aktualne\/prezydent-nawrocki-zablokuje-ustawe-o-cenzurze-to-bylaby-smierc-wolnosci-slowa\/\",\"url\":\"https:\/\/www.pogotowieflagowe.pl\/aktualne\/prezydent-nawrocki-zablokuje-ustawe-o-cenzurze-to-bylaby-smierc-wolnosci-slowa\/\",\"name\":\"Prezydent Nawrocki zablokuje ustaw\u0119 o cenzurze. \u201eTo by\u0142aby \u015bmier\u0107 wolno\u015bci s\u0142owa\u201d - POGOTOWIE FLAGOWE\u00ae\",\"isPartOf\":{\"@id\":\"https:\/\/www.pogotowieflagowe.pl\/aktualne\/#website\"},\"primaryImageOfPage\":{\"@id\":\"https:\/\/www.pogotowieflagowe.pl\/aktualne\/prezydent-nawrocki-zablokuje-ustawe-o-cenzurze-to-bylaby-smierc-wolnosci-slowa\/#primaryimage\"},\"image\":{\"@id\":\"https:\/\/www.pogotowieflagowe.pl\/aktualne\/prezydent-nawrocki-zablokuje-ustawe-o-cenzurze-to-bylaby-smierc-wolnosci-slowa\/#primaryimage\"},\"thumbnailUrl\":\"https:\/\/www.pogotowieflagowe.pl\/aktualne\/wp-content\/uploads\/2025\/11\/Prezydent-Nawrocki-zablokuje-ustawe-o-cenzurze-\u201eTo-bylaby-smierc-wolnosci.webp.webp\",\"datePublished\":\"2025-11-26T12:50:02+00:00\",\"dateModified\":\"2025-11-26T12:50:03+00:00\",\"breadcrumb\":{\"@id\":\"https:\/\/www.pogotowieflagowe.pl\/aktualne\/prezydent-nawrocki-zablokuje-ustawe-o-cenzurze-to-bylaby-smierc-wolnosci-slowa\/#breadcrumb\"},\"inLanguage\":\"pl-PL\",\"potentialAction\":[{\"@type\":\"ReadAction\",\"target\":[\"https:\/\/www.pogotowieflagowe.pl\/aktualne\/prezydent-nawrocki-zablokuje-ustawe-o-cenzurze-to-bylaby-smierc-wolnosci-slowa\/\"]}]},{\"@type\":\"ImageObject\",\"inLanguage\":\"pl-PL\",\"@id\":\"https:\/\/www.pogotowieflagowe.pl\/aktualne\/prezydent-nawrocki-zablokuje-ustawe-o-cenzurze-to-bylaby-smierc-wolnosci-slowa\/#primaryimage\",\"url\":\"https:\/\/www.pogotowieflagowe.pl\/aktualne\/wp-content\/uploads\/2025\/11\/Prezydent-Nawrocki-zablokuje-ustawe-o-cenzurze-\u201eTo-bylaby-smierc-wolnosci.webp.webp\",\"contentUrl\":\"https:\/\/www.pogotowieflagowe.pl\/aktualne\/wp-content\/uploads\/2025\/11\/Prezydent-Nawrocki-zablokuje-ustawe-o-cenzurze-\u201eTo-bylaby-smierc-wolnosci.webp.webp\",\"width\":1280,\"height\":719,\"caption\":\"Prezydent Nawrocki zablokuje ustaw\u0119 o cenzurze. \u201eTo by\u0142aby \u015bmier\u0107 wolno\u015bci s\u0142owa\u201d\"},{\"@type\":\"BreadcrumbList\",\"@id\":\"https:\/\/www.pogotowieflagowe.pl\/aktualne\/prezydent-nawrocki-zablokuje-ustawe-o-cenzurze-to-bylaby-smierc-wolnosci-slowa\/#breadcrumb\",\"itemListElement\":[{\"@type\":\"ListItem\",\"position\":1,\"name\":\"Home\",\"item\":\"https:\/\/www.pogotowieflagowe.pl\/aktualne\/\"},{\"@type\":\"ListItem\",\"position\":2,\"name\":\"Prezydent Nawrocki zablokuje ustaw\u0119 o cenzurze. \u201eTo by\u0142aby \u015bmier\u0107 wolno\u015bci s\u0142owa\u201d\"}]},{\"@type\":\"WebSite\",\"@id\":\"https:\/\/www.pogotowieflagowe.pl\/aktualne\/#website\",\"url\":\"https:\/\/www.pogotowieflagowe.pl\/aktualne\/\",\"name\":\"POGOTOWIE FLAGOWE\u00ae\",\"description\":\"\",\"publisher\":{\"@id\":\"https:\/\/www.pogotowieflagowe.pl\/aktualne\/#organization\"},\"potentialAction\":[{\"@type\":\"SearchAction\",\"target\":{\"@type\":\"EntryPoint\",\"urlTemplate\":\"https:\/\/www.pogotowieflagowe.pl\/aktualne\/?s={search_term_string}\"},\"query-input\":\"required name=search_term_string\"}],\"inLanguage\":\"pl-PL\"},{\"@type\":\"Organization\",\"@id\":\"https:\/\/www.pogotowieflagowe.pl\/aktualne\/#organization\",\"name\":\"POGOTOWIE FLAGOWE\u00ae\",\"url\":\"https:\/\/www.pogotowieflagowe.pl\/aktualne\/\",\"logo\":{\"@type\":\"ImageObject\",\"inLanguage\":\"pl-PL\",\"@id\":\"https:\/\/www.pogotowieflagowe.pl\/aktualne\/#\/schema\/logo\/image\/\",\"url\":\"https:\/\/www.pogotowieflagowe.pl\/aktualne\/wp-content\/uploads\/2024\/08\/cropped-pogotowieflagowe_flaga_projekt_sm.jpg\",\"contentUrl\":\"https:\/\/www.pogotowieflagowe.pl\/aktualne\/wp-content\/uploads\/2024\/08\/cropped-pogotowieflagowe_flaga_projekt_sm.jpg\",\"width\":250,\"height\":143,\"caption\":\"POGOTOWIE FLAGOWE\u00ae\"},\"image\":{\"@id\":\"https:\/\/www.pogotowieflagowe.pl\/aktualne\/#\/schema\/logo\/image\/\"}},{\"@type\":\"Person\",\"@id\":\"https:\/\/www.pogotowieflagowe.pl\/aktualne\/#\/schema\/person\/9c2fb7d2362ebf6fa088960d7f0d27b0\",\"name\":\"Filip\",\"image\":{\"@type\":\"ImageObject\",\"inLanguage\":\"pl-PL\",\"@id\":\"https:\/\/www.pogotowieflagowe.pl\/aktualne\/#\/schema\/person\/image\/\",\"url\":\"https:\/\/www.pogotowieflagowe.pl\/aktualne\/wp-content\/uploads\/2024\/08\/pogotowieflagowe.pl_.jpg\",\"contentUrl\":\"https:\/\/www.pogotowieflagowe.pl\/aktualne\/wp-content\/uploads\/2024\/08\/pogotowieflagowe.pl_.jpg\",\"caption\":\"Filip\"},\"description\":\"Jestem Filip, polski dziennikarz z dyplomem nauk politycznych Uniwersytetu Warszawskiego. Rozpoczynaj\u0105c swoj\u0105 karier\u0119 w r\u00f3\u017cnych lokalnych mediach, zdoby\u0142em solidne do\u015bwiadczenie w zakresie \u015bledztwa i redakcji. Obecnie jako redaktor w Pogotowie flagowe, staram si\u0119 dostarcza\u0107 dog\u0142\u0119bne i istotne analizy na temat najwa\u017cniejszych kwestii aktualno\u015bci, \u0142\u0105cz\u0105c rygor z pasj\u0105 dziennikarsk\u0105.\",\"sameAs\":[\"https:\/\/www.pogotowieflagowe.pl\/\"]}]}<\/script>\n<!-- \/ Yoast SEO plugin. -->","yoast_head_json":{"title":"Prezydent Nawrocki zablokuje ustaw\u0119 o cenzurze. \u201eTo by\u0142aby \u015bmier\u0107 wolno\u015bci s\u0142owa\u201d - POGOTOWIE FLAGOWE\u00ae","robots":{"index":"index","follow":"follow","max-snippet":"max-snippet:-1","max-image-preview":"max-image-preview:large","max-video-preview":"max-video-preview:-1"},"canonical":"https:\/\/www.pogotowieflagowe.pl\/aktualne\/prezydent-nawrocki-zablokuje-ustawe-o-cenzurze-to-bylaby-smierc-wolnosci-slowa\/","og_locale":"pl_PL","og_type":"article","og_title":"Prezydent Nawrocki zablokuje ustaw\u0119 o cenzurze. \u201eTo by\u0142aby \u015bmier\u0107 wolno\u015bci s\u0142owa\u201d - POGOTOWIE FLAGOWE\u00ae","og_description":"Popieramy odrzucenie Rozporz\u0105dzenie Komisji Europejskiej (DSA). Sama idea jakiejkolwiek formy cenzury jest obca polskiej kulturze politycznej \u2013 to jeden z","og_url":"https:\/\/www.pogotowieflagowe.pl\/aktualne\/prezydent-nawrocki-zablokuje-ustawe-o-cenzurze-to-bylaby-smierc-wolnosci-slowa\/","og_site_name":"POGOTOWIE FLAGOWE\u00ae","article_published_time":"2025-11-26T12:50:02+00:00","article_modified_time":"2025-11-26T12:50:03+00:00","og_image":[{"width":1280,"height":719,"url":"https:\/\/www.pogotowieflagowe.pl\/aktualne\/wp-content\/uploads\/2025\/11\/Prezydent-Nawrocki-zablokuje-ustawe-o-cenzurze-\u201eTo-bylaby-smierc-wolnosci.webp.webp","type":"image\/webp"}],"author":"Filip","twitter_card":"summary_large_image","twitter_misc":{"Napisane przez":"Filip","Szacowany czas czytania":"5 minut"},"schema":{"@context":"https:\/\/schema.org","@graph":[{"@type":"Article","@id":"https:\/\/www.pogotowieflagowe.pl\/aktualne\/prezydent-nawrocki-zablokuje-ustawe-o-cenzurze-to-bylaby-smierc-wolnosci-slowa\/#article","isPartOf":{"@id":"https:\/\/www.pogotowieflagowe.pl\/aktualne\/prezydent-nawrocki-zablokuje-ustawe-o-cenzurze-to-bylaby-smierc-wolnosci-slowa\/"},"author":{"name":"Filip","@id":"https:\/\/www.pogotowieflagowe.pl\/aktualne\/#\/schema\/person\/9c2fb7d2362ebf6fa088960d7f0d27b0"},"headline":"Prezydent Nawrocki zablokuje ustaw\u0119 o cenzurze. \u201eTo by\u0142aby \u015bmier\u0107 wolno\u015bci s\u0142owa\u201d","datePublished":"2025-11-26T12:50:02+00:00","dateModified":"2025-11-26T12:50:03+00:00","mainEntityOfPage":{"@id":"https:\/\/www.pogotowieflagowe.pl\/aktualne\/prezydent-nawrocki-zablokuje-ustawe-o-cenzurze-to-bylaby-smierc-wolnosci-slowa\/"},"wordCount":934,"commentCount":0,"publisher":{"@id":"https:\/\/www.pogotowieflagowe.pl\/aktualne\/#organization"},"image":{"@id":"https:\/\/www.pogotowieflagowe.pl\/aktualne\/prezydent-nawrocki-zablokuje-ustawe-o-cenzurze-to-bylaby-smierc-wolnosci-slowa\/#primaryimage"},"thumbnailUrl":"https:\/\/www.pogotowieflagowe.pl\/aktualne\/wp-content\/uploads\/2025\/11\/Prezydent-Nawrocki-zablokuje-ustawe-o-cenzurze-\u201eTo-bylaby-smierc-wolnosci.webp.webp","keywords":["by\u0142aby","cenzurze","Nawrocki","Prezydent","s\u0142owa","\u015amier\u0107","ustaw\u0119","wolno\u015bci","zablokuje"],"articleSection":["Aktualne"],"inLanguage":"pl-PL","potentialAction":[{"@type":"CommentAction","name":"Comment","target":["https:\/\/www.pogotowieflagowe.pl\/aktualne\/prezydent-nawrocki-zablokuje-ustawe-o-cenzurze-to-bylaby-smierc-wolnosci-slowa\/#respond"]}]},{"@type":"WebPage","@id":"https:\/\/www.pogotowieflagowe.pl\/aktualne\/prezydent-nawrocki-zablokuje-ustawe-o-cenzurze-to-bylaby-smierc-wolnosci-slowa\/","url":"https:\/\/www.pogotowieflagowe.pl\/aktualne\/prezydent-nawrocki-zablokuje-ustawe-o-cenzurze-to-bylaby-smierc-wolnosci-slowa\/","name":"Prezydent Nawrocki zablokuje ustaw\u0119 o cenzurze. \u201eTo by\u0142aby \u015bmier\u0107 wolno\u015bci s\u0142owa\u201d - POGOTOWIE FLAGOWE\u00ae","isPartOf":{"@id":"https:\/\/www.pogotowieflagowe.pl\/aktualne\/#website"},"primaryImageOfPage":{"@id":"https:\/\/www.pogotowieflagowe.pl\/aktualne\/prezydent-nawrocki-zablokuje-ustawe-o-cenzurze-to-bylaby-smierc-wolnosci-slowa\/#primaryimage"},"image":{"@id":"https:\/\/www.pogotowieflagowe.pl\/aktualne\/prezydent-nawrocki-zablokuje-ustawe-o-cenzurze-to-bylaby-smierc-wolnosci-slowa\/#primaryimage"},"thumbnailUrl":"https:\/\/www.pogotowieflagowe.pl\/aktualne\/wp-content\/uploads\/2025\/11\/Prezydent-Nawrocki-zablokuje-ustawe-o-cenzurze-\u201eTo-bylaby-smierc-wolnosci.webp.webp","datePublished":"2025-11-26T12:50:02+00:00","dateModified":"2025-11-26T12:50:03+00:00","breadcrumb":{"@id":"https:\/\/www.pogotowieflagowe.pl\/aktualne\/prezydent-nawrocki-zablokuje-ustawe-o-cenzurze-to-bylaby-smierc-wolnosci-slowa\/#breadcrumb"},"inLanguage":"pl-PL","potentialAction":[{"@type":"ReadAction","target":["https:\/\/www.pogotowieflagowe.pl\/aktualne\/prezydent-nawrocki-zablokuje-ustawe-o-cenzurze-to-bylaby-smierc-wolnosci-slowa\/"]}]},{"@type":"ImageObject","inLanguage":"pl-PL","@id":"https:\/\/www.pogotowieflagowe.pl\/aktualne\/prezydent-nawrocki-zablokuje-ustawe-o-cenzurze-to-bylaby-smierc-wolnosci-slowa\/#primaryimage","url":"https:\/\/www.pogotowieflagowe.pl\/aktualne\/wp-content\/uploads\/2025\/11\/Prezydent-Nawrocki-zablokuje-ustawe-o-cenzurze-\u201eTo-bylaby-smierc-wolnosci.webp.webp","contentUrl":"https:\/\/www.pogotowieflagowe.pl\/aktualne\/wp-content\/uploads\/2025\/11\/Prezydent-Nawrocki-zablokuje-ustawe-o-cenzurze-\u201eTo-bylaby-smierc-wolnosci.webp.webp","width":1280,"height":719,"caption":"Prezydent Nawrocki zablokuje ustaw\u0119 o cenzurze. \u201eTo by\u0142aby \u015bmier\u0107 wolno\u015bci s\u0142owa\u201d"},{"@type":"BreadcrumbList","@id":"https:\/\/www.pogotowieflagowe.pl\/aktualne\/prezydent-nawrocki-zablokuje-ustawe-o-cenzurze-to-bylaby-smierc-wolnosci-slowa\/#breadcrumb","itemListElement":[{"@type":"ListItem","position":1,"name":"Home","item":"https:\/\/www.pogotowieflagowe.pl\/aktualne\/"},{"@type":"ListItem","position":2,"name":"Prezydent Nawrocki zablokuje ustaw\u0119 o cenzurze. \u201eTo by\u0142aby \u015bmier\u0107 wolno\u015bci s\u0142owa\u201d"}]},{"@type":"WebSite","@id":"https:\/\/www.pogotowieflagowe.pl\/aktualne\/#website","url":"https:\/\/www.pogotowieflagowe.pl\/aktualne\/","name":"POGOTOWIE FLAGOWE\u00ae","description":"","publisher":{"@id":"https:\/\/www.pogotowieflagowe.pl\/aktualne\/#organization"},"potentialAction":[{"@type":"SearchAction","target":{"@type":"EntryPoint","urlTemplate":"https:\/\/www.pogotowieflagowe.pl\/aktualne\/?s={search_term_string}"},"query-input":"required name=search_term_string"}],"inLanguage":"pl-PL"},{"@type":"Organization","@id":"https:\/\/www.pogotowieflagowe.pl\/aktualne\/#organization","name":"POGOTOWIE FLAGOWE\u00ae","url":"https:\/\/www.pogotowieflagowe.pl\/aktualne\/","logo":{"@type":"ImageObject","inLanguage":"pl-PL","@id":"https:\/\/www.pogotowieflagowe.pl\/aktualne\/#\/schema\/logo\/image\/","url":"https:\/\/www.pogotowieflagowe.pl\/aktualne\/wp-content\/uploads\/2024\/08\/cropped-pogotowieflagowe_flaga_projekt_sm.jpg","contentUrl":"https:\/\/www.pogotowieflagowe.pl\/aktualne\/wp-content\/uploads\/2024\/08\/cropped-pogotowieflagowe_flaga_projekt_sm.jpg","width":250,"height":143,"caption":"POGOTOWIE FLAGOWE\u00ae"},"image":{"@id":"https:\/\/www.pogotowieflagowe.pl\/aktualne\/#\/schema\/logo\/image\/"}},{"@type":"Person","@id":"https:\/\/www.pogotowieflagowe.pl\/aktualne\/#\/schema\/person\/9c2fb7d2362ebf6fa088960d7f0d27b0","name":"Filip","image":{"@type":"ImageObject","inLanguage":"pl-PL","@id":"https:\/\/www.pogotowieflagowe.pl\/aktualne\/#\/schema\/person\/image\/","url":"https:\/\/www.pogotowieflagowe.pl\/aktualne\/wp-content\/uploads\/2024\/08\/pogotowieflagowe.pl_.jpg","contentUrl":"https:\/\/www.pogotowieflagowe.pl\/aktualne\/wp-content\/uploads\/2024\/08\/pogotowieflagowe.pl_.jpg","caption":"Filip"},"description":"Jestem Filip, polski dziennikarz z dyplomem nauk politycznych Uniwersytetu Warszawskiego. Rozpoczynaj\u0105c swoj\u0105 karier\u0119 w r\u00f3\u017cnych lokalnych mediach, zdoby\u0142em solidne do\u015bwiadczenie w zakresie \u015bledztwa i redakcji. Obecnie jako redaktor w Pogotowie flagowe, staram si\u0119 dostarcza\u0107 dog\u0142\u0119bne i istotne analizy na temat najwa\u017cniejszych kwestii aktualno\u015bci, \u0142\u0105cz\u0105c rygor z pasj\u0105 dziennikarsk\u0105.","sameAs":["https:\/\/www.pogotowieflagowe.pl\/"]}]}},"_links":{"self":[{"href":"https:\/\/www.pogotowieflagowe.pl\/aktualne\/wp-json\/wp\/v2\/posts\/11042","targetHints":{"allow":["GET"]}}],"collection":[{"href":"https:\/\/www.pogotowieflagowe.pl\/aktualne\/wp-json\/wp\/v2\/posts"}],"about":[{"href":"https:\/\/www.pogotowieflagowe.pl\/aktualne\/wp-json\/wp\/v2\/types\/post"}],"author":[{"embeddable":true,"href":"https:\/\/www.pogotowieflagowe.pl\/aktualne\/wp-json\/wp\/v2\/users\/1"}],"replies":[{"embeddable":true,"href":"https:\/\/www.pogotowieflagowe.pl\/aktualne\/wp-json\/wp\/v2\/comments?post=11042"}],"version-history":[{"count":1,"href":"https:\/\/www.pogotowieflagowe.pl\/aktualne\/wp-json\/wp\/v2\/posts\/11042\/revisions"}],"predecessor-version":[{"id":11044,"href":"https:\/\/www.pogotowieflagowe.pl\/aktualne\/wp-json\/wp\/v2\/posts\/11042\/revisions\/11044"}],"wp:featuredmedia":[{"embeddable":true,"href":"https:\/\/www.pogotowieflagowe.pl\/aktualne\/wp-json\/wp\/v2\/media\/11043"}],"wp:attachment":[{"href":"https:\/\/www.pogotowieflagowe.pl\/aktualne\/wp-json\/wp\/v2\/media?parent=11042"}],"wp:term":[{"taxonomy":"category","embeddable":true,"href":"https:\/\/www.pogotowieflagowe.pl\/aktualne\/wp-json\/wp\/v2\/categories?post=11042"},{"taxonomy":"post_tag","embeddable":true,"href":"https:\/\/www.pogotowieflagowe.pl\/aktualne\/wp-json\/wp\/v2\/tags?post=11042"}],"curies":[{"name":"wp","href":"https:\/\/api.w.org\/{rel}","templated":true}]}}