{"id":11045,"date":"2025-11-26T14:55:18","date_gmt":"2025-11-26T13:55:18","guid":{"rendered":"https:\/\/www.pogotowieflagowe.pl\/aktualne\/patoaktywista-bez-poswiadczenia-bezpieczenstwa-to-sa-zolnierze-donalda-tuska-wideo\/"},"modified":"2025-11-26T14:55:19","modified_gmt":"2025-11-26T13:55:19","slug":"patoaktywista-bez-poswiadczenia-bezpieczenstwa-to-sa-zolnierze-donalda-tuska-wideo","status":"publish","type":"post","link":"https:\/\/www.pogotowieflagowe.pl\/aktualne\/patoaktywista-bez-poswiadczenia-bezpieczenstwa-to-sa-zolnierze-donalda-tuska-wideo\/","title":{"rendered":"Patoaktywista bez po\u015bwiadczenia bezpiecze\u0144stwa. \u201eTo s\u0105 \u017co\u0142nierze Donalda Tuska\u201d (WIDEO)"},"content":{"rendered":"\n<div class=\"td_block_wrap tdb_single_content tdi_46 td-pb-border-top td_block_template_8 td-post-content tagdiv-type\" data-td-block-uid=\"tdi_46\">\n<style>.tdi_46{margines-g\u00f3rny:0px!important;margin-bottom:0px!important;dope\u0142nienie-g\u00f3ra:0px!important;dope\u0142nienie-d\u00f3\u0142:0px!important}<\/style>\n<style>.tdb_single_content{margin-bottom:0;*zoom:1}.tdb_single_content:before,.tdb_single_content:after{display:table;content:'';line-height:0}.tdb_single_content:after{clear:both}.tdb_single_content .tdb-block-inner>*:not(.wp-block-quote):not(.alignwide):not(.alignfull.wp-block-cover.has-parallax):not(.td-a-ad){margin-left:auto;margin-right:auto}.tdb_single_content a{pointer-events:auto}.tdb_single_content .td-spot-id-top_ad .tdc-placeholder-title:before{content:'Najlepsza reklama artyku\u0142u'!important}.tdb_single_content .td-spot-id-inline_ad0 .tdc-placeholder-title:before{content:'Reklama wbudowana artyku\u0142u 1'!important}.tdb_single_content .td-spot-id-inline_ad1 .tdc-placeholder-title:before{content:'Wbudowana reklama w artykule 2'!important}.tdb_single_content .td-spot-id-inline_ad2 .tdc-placeholder-title:before{content:'Wbudowana reklama w artykule 3'!important}.tdb_single_content .td-spot-id-bottom_ad .tdc-placeholder-title:before{content:'Article Bottom Ad'!important}.tdb_single_content .id_top_ad,.tdb_single_content .id_bottom_ad{clear:both;margin-bottom:21px;text-align:center}.tdb_single_content .id_top_ad img,.tdb_single_content .id_bottom_ad img{margin-bottom:0}.tdb_single_content .id_top_ad .adsbygoogle,.tdb_single_content .id_bottom_ad .adsbygoogle{position:relative}.tdb_single_content .id_ad_content-horiz-left,.tdb_single_content .id_ad_content-horiz-right,.tdb_single_content .id_ad_content-horiz-center{margin-bottom:15px}.tdb_single_content .id_ad_content-horiz-left img,.tdb_single_content .id_ad_content-horiz-right img,.tdb_single_content .id_ad_content-horiz-center img{margin-bottom:0}.tdb_single_content .id_ad_content-horiz-center{text-align:center}.tdb_single_content .id_ad_content-horiz-center img{margin-right:auto;margin-left:auto}.tdb_single_content .id_ad_content-horiz-left{float:left;margin-top:9px;margin-right:21px}.tdb_single_content .id_ad_content-horiz-right{float:right;margin-top:6px;margin-left:21px}.tdb_single_content .tdc-a-ad .tdc-placeholder-title{width:300px;height:250px}.tdb_single_content .tdc-a-ad .tdc-placeholder-title:before{position:absolute;top:50%;-webkit-transform:translateY(-50%);transform:translateY(-50%);margin:auto;display:table;width:100%}.tdb_single_content .tdb-block-inner.td-fix-index{word-break:break-word}.tdi_46,.tdi_46>p,.tdi_46 .tdb-block-inner>p,.wp-block-column>p{font-size:16px!important;line-height:1.6!important}.tdi_46 .tdb-block-inner blockquote p{font-style:normal!important}@media (max-width:767px){.tdb_single_content .id_ad_content-horiz-left,.tdb_single_content .id_ad_content-horiz-right,.tdb_single_content .id_ad_content-horiz-center{margin:0 auto 26 pikseli auto}}@media (max-width:767px){.tdb_single_content .id_ad_content-horiz-left{margin-right:0}}@media (max-width:767px){.tdb_single_content .id_ad_content-horiz-right{margin-left:0}}@media (max-width:767px){.tdb_single_content .td-a-ad{float:none;text-align:center}.tdb_single_content .td-a-ad img{margin-right:auto;margin-left:auto}.tdb_single_content .tdc-a-ad{float:none}}<\/style>\n<div class=\"tdb-block-inner td-fix-index\">\n<p><strong>\u201eTo \u017co\u0142nierze Donalda Tuska, kt\u00f3rym powierzono zadanie najbardziej wulgarnych i agresywnych dzia\u0142a\u0144\u201d<\/strong> \u2013 powiedzia\u0142 Rafa\u0142 Bochenek w TV Republika, komentuj\u0105c obecno\u015b\u0107 patoaktywist\u00f3w wok\u00f3\u0142 najwy\u017cszych organ\u00f3w w\u0142adzy.<\/p>\n<p>Przewrotna patoaktywistka Klementyna Suchanow, znana z agresywnych wyst\u0119p\u00f3w podczas <em>Strajki Kobiet<\/em>mia\u0142a przygotowa\u0107 analizy dla komisji powo\u0142anej do zbadania \u201erepresji\u201d wobec opozycji w latach 2015\u20132023, w tym rzekomej inwigilacji protestuj\u0105cych feministek. Bez po\u015bwiadczenia bezpiecze\u0144stwa i dost\u0119pu do informacji niejawnych zostanie jednak wykluczona z prac zespo\u0142u.<\/p>\n<p>Suchanowowi postawiono zarzuty m.in. napa\u015bci na funkcjonariusza policji i udzia\u0142u w ataku na ul <em>Trybuna\u0142 Konstytucyjny<\/em> budynek. The <em>Agencja Bezpiecze\u0144stwa Wewn\u0119trznego<\/em> (ABW) mog\u0142a r\u00f3wnie\u017c wyrazi\u0107 obawy dotycz\u0105ce jej powi\u0105za\u0144 z sieci\u0105 przemytu migrant\u00f3w na granicy polsko-bia\u0142oruskiej. Z dokument\u00f3w wynika\u0142o, \u017ce dzia\u0142acz zapewnia\u0142 wsparcie logistyczne i kontakty.<\/p>\n<h2 class=\"wp-block-heading\">\u201e\u017bo\u0142nierze Donalda Tuska\u201d<\/h2>\n<figure class=\"wp-block-pullquote\">\n<blockquote>\n<p>\u201eMam wra\u017cenie, \u017ce rz\u0105dz\u0105 nami ludzie \u00abspod ciemnej gwiazdy\u00bb, osoby bardzo podejrzane, kt\u00f3re wielokrotnie zak\u0142\u00f3ca\u0142y porz\u0105dek publiczny, wykazuj\u0105c r\u00f3\u017cne akty agresji wobec funkcjonariuszy i os\u00f3b pe\u0142ni\u0105cych obowi\u0105zki s\u0142u\u017cbowe\u201d \u2013 doda\u0142.<\/p>\n<p><cite>Rzecznik PiS Rafa\u0142 Bochenek skomentowa\u0142 sytuacj\u0119 Republiki.<\/cite><\/p><\/blockquote>\n<\/figure>\n<p>Przypomnia\u0142 powtarzaj\u0105ce si\u0119 i bezkarne agresywne zdarzenia, do kt\u00f3rych dochodzi 10 dnia ka\u017cdego miesi\u0105ca na placu Pi\u0142sudskiego podczas obchod\u00f3w upami\u0119tniaj\u0105cych ofiary smole\u0144skie, prowadzonych m.in. przez Arkadiusza Szczurka, a tak\u017ce wulgarne wyst\u0119py Magdaleny Lempart. Zaznaczy\u0142, \u017ce obie osoby spotka\u0142y si\u0119 kilka dni temu z ministrem Waldemarem \u017burkiem.<\/p>\n<figure class=\"wp-block-pullquote\">\n<blockquote>\n<p>&#8222;To o czym\u015b m\u00f3wi. Oznacza to, \u017ce ci ludzie maj\u0105 dzi\u015b ogromny wp\u0142yw na w\u0142adz\u0119. To tak\u017ce jednostki, kt\u00f3re w jaki\u015b spos\u00f3b uczestnicz\u0105 w sprawowaniu w\u0142adzy&#8221;<\/p>\n<p><cite>\u2013 doda\u0142a Bochenek, wspominaj\u0105c zaanga\u017cowanie Suchanowa w zesp\u00f3\u0142 rz\u0105dowy, za co otrzymywa\u0142a wynagrodzenie ze \u015brodk\u00f3w publicznych.<\/cite><\/p><\/blockquote>\n<\/figure>\n<figure class=\"wp-block-pullquote\">\n<blockquote>\n<p>&#8222;Obecne w\u0142adze wykazuj\u0105 tolerancj\u0119 wobec dzia\u0142ania tych os\u00f3b w sferze publicznej. Tego rodzaju zachowanie jest nagradzane&#8221;<\/p>\n<p><cite>\u2013 podkre\u015bli\u0142 pose\u0142. Podkre\u015bli\u0142, \u017ce obecnie uwa\u017ca si\u0119 ich za \u201e\u017co\u0142nierzy Donalda Tuska\u201d, kt\u00f3rych zadaniem jest dokonywanie \u201enajbardziej wulgarnych i agresywnych dzia\u0142a\u0144\u201d.<\/cite><\/p><\/blockquote>\n<\/figure>\n<h2 class=\"wp-block-heading\">Ca\u0142\u0105 rozmow\u0119 mo\u017cna obejrze\u0107 na kanale YouTube TV Republika.<\/h2>\n<figure class=\"wp-block-embed is-type-video is-provider-youtube wp-block-embed-youtube wp-embed-aspect-16-9 wp-has-aspect-ratio\">\n<div class=\"wp-block-embed__wrapper\">\n<div class=\"youtube-embed\" data-video_id=\"AxxVl_WcqJY\"><iframe title=\"Bochenek: \u017cadna babcia a prawdziwa j\u0119dza i zadymiara Kasia! | Micha\u0142 #Racho\u0144\" width=\"1200\" height=\"675\" src=\"https:\/\/www.youtube.com\/embed\/AxxVl_WcqJY?feature=oembed\" frameborder=\"0\" allow=\"accelerometer; autoplay; clipboard-write; encrypted-media; gyroscope; picture-in-picture; web-share\" referrerpolicy=\"strict-origin-when-cross-origin\" allowfullscreen><\/iframe><\/div>\n<\/div>\n<\/figure>\n<\/div>\n<\/div>\n","protected":false},"excerpt":{"rendered":"<p>\u201eTo \u017co\u0142nierze Donalda Tuska, kt\u00f3rym powierzono zadanie najbardziej wulgarnych i agresywnych dzia\u0142a\u0144\u201d \u2013 powiedzia\u0142 Rafa\u0142 Bochenek w TV Republika, komentuj\u0105c<\/p>\n","protected":false},"author":1,"featured_media":11046,"comment_status":"open","ping_status":"open","sticky":false,"template":"","format":"standard","meta":{"footnotes":""},"categories":[4748],"tags":[2937,2852,287,12459,12460,3221,567,4935,6853],"class_list":["post-11045","post","type-post","status-publish","format-standard","has-post-thumbnail","hentry","category-aktualne","tag-bez","tag-bezpieczenstwa","tag-donalda","tag-patoaktywista","tag-poswiadczenia","tag-sa","tag-tuska","tag-wideo","tag-zolnierze","generate-columns","tablet-grid-50","mobile-grid-100","grid-parent","grid-50","resize-featured-image"],"yoast_head":"<!-- This site is optimized with the Yoast SEO plugin v23.2 - https:\/\/yoast.com\/wordpress\/plugins\/seo\/ -->\n<title>Patoaktywista bez po\u015bwiadczenia bezpiecze\u0144stwa. \u201eTo s\u0105 \u017co\u0142nierze Donalda Tuska\u201d (WIDEO) - POGOTOWIE FLAGOWE\u00ae<\/title>\n<meta name=\"robots\" content=\"index, follow, max-snippet:-1, max-image-preview:large, max-video-preview:-1\" \/>\n<link rel=\"canonical\" href=\"https:\/\/www.pogotowieflagowe.pl\/aktualne\/patoaktywista-bez-poswiadczenia-bezpieczenstwa-to-sa-zolnierze-donalda-tuska-wideo\/\" \/>\n<meta property=\"og:locale\" content=\"pl_PL\" \/>\n<meta property=\"og:type\" content=\"article\" \/>\n<meta property=\"og:title\" content=\"Patoaktywista bez po\u015bwiadczenia bezpiecze\u0144stwa. \u201eTo s\u0105 \u017co\u0142nierze Donalda Tuska\u201d (WIDEO) - POGOTOWIE FLAGOWE\u00ae\" \/>\n<meta property=\"og:description\" content=\"\u201eTo \u017co\u0142nierze Donalda Tuska, kt\u00f3rym powierzono zadanie najbardziej wulgarnych i agresywnych dzia\u0142a\u0144\u201d \u2013 powiedzia\u0142 Rafa\u0142 Bochenek w TV Republika, komentuj\u0105c\" \/>\n<meta property=\"og:url\" content=\"https:\/\/www.pogotowieflagowe.pl\/aktualne\/patoaktywista-bez-poswiadczenia-bezpieczenstwa-to-sa-zolnierze-donalda-tuska-wideo\/\" \/>\n<meta property=\"og:site_name\" content=\"POGOTOWIE FLAGOWE\u00ae\" \/>\n<meta property=\"article:published_time\" content=\"2025-11-26T13:55:18+00:00\" \/>\n<meta property=\"article:modified_time\" content=\"2025-11-26T13:55:19+00:00\" \/>\n<meta property=\"og:image\" content=\"https:\/\/www.pogotowieflagowe.pl\/aktualne\/wp-content\/uploads\/2025\/11\/Patoaktywista-bez-poswiadczenia-bezpieczenstwa-\u201eTo-sa-zolnierze-Donalda-Tuska-WIDEO.webp.webp\" \/>\n\t<meta property=\"og:image:width\" content=\"1280\" \/>\n\t<meta property=\"og:image:height\" content=\"720\" \/>\n\t<meta property=\"og:image:type\" content=\"image\/webp\" \/>\n<meta name=\"author\" content=\"Filip\" \/>\n<meta name=\"twitter:card\" content=\"summary_large_image\" \/>\n<meta name=\"twitter:label1\" content=\"Napisane przez\" \/>\n\t<meta name=\"twitter:data1\" content=\"Filip\" \/>\n\t<meta name=\"twitter:label2\" content=\"Szacowany czas czytania\" \/>\n\t<meta name=\"twitter:data2\" content=\"2 minuty\" \/>\n<script type=\"application\/ld+json\" class=\"yoast-schema-graph\">{\"@context\":\"https:\/\/schema.org\",\"@graph\":[{\"@type\":\"Article\",\"@id\":\"https:\/\/www.pogotowieflagowe.pl\/aktualne\/patoaktywista-bez-poswiadczenia-bezpieczenstwa-to-sa-zolnierze-donalda-tuska-wideo\/#article\",\"isPartOf\":{\"@id\":\"https:\/\/www.pogotowieflagowe.pl\/aktualne\/patoaktywista-bez-poswiadczenia-bezpieczenstwa-to-sa-zolnierze-donalda-tuska-wideo\/\"},\"author\":{\"name\":\"Filip\",\"@id\":\"https:\/\/www.pogotowieflagowe.pl\/aktualne\/#\/schema\/person\/9c2fb7d2362ebf6fa088960d7f0d27b0\"},\"headline\":\"Patoaktywista bez po\u015bwiadczenia bezpiecze\u0144stwa. \u201eTo s\u0105 \u017co\u0142nierze Donalda Tuska\u201d (WIDEO)\",\"datePublished\":\"2025-11-26T13:55:18+00:00\",\"dateModified\":\"2025-11-26T13:55:19+00:00\",\"mainEntityOfPage\":{\"@id\":\"https:\/\/www.pogotowieflagowe.pl\/aktualne\/patoaktywista-bez-poswiadczenia-bezpieczenstwa-to-sa-zolnierze-donalda-tuska-wideo\/\"},\"wordCount\":390,\"commentCount\":0,\"publisher\":{\"@id\":\"https:\/\/www.pogotowieflagowe.pl\/aktualne\/#organization\"},\"image\":{\"@id\":\"https:\/\/www.pogotowieflagowe.pl\/aktualne\/patoaktywista-bez-poswiadczenia-bezpieczenstwa-to-sa-zolnierze-donalda-tuska-wideo\/#primaryimage\"},\"thumbnailUrl\":\"https:\/\/www.pogotowieflagowe.pl\/aktualne\/wp-content\/uploads\/2025\/11\/Patoaktywista-bez-poswiadczenia-bezpieczenstwa-\u201eTo-sa-zolnierze-Donalda-Tuska-WIDEO.webp.webp\",\"keywords\":[\"bez\",\"bezpiecze\u0144stwa\",\"Donalda\",\"Patoaktywista\",\"po\u015bwiadczenia\",\"s\u0105\",\"Tuska\",\"WIDEO\",\"\u017bo\u0142nierze\"],\"articleSection\":[\"Aktualne\"],\"inLanguage\":\"pl-PL\",\"potentialAction\":[{\"@type\":\"CommentAction\",\"name\":\"Comment\",\"target\":[\"https:\/\/www.pogotowieflagowe.pl\/aktualne\/patoaktywista-bez-poswiadczenia-bezpieczenstwa-to-sa-zolnierze-donalda-tuska-wideo\/#respond\"]}]},{\"@type\":\"WebPage\",\"@id\":\"https:\/\/www.pogotowieflagowe.pl\/aktualne\/patoaktywista-bez-poswiadczenia-bezpieczenstwa-to-sa-zolnierze-donalda-tuska-wideo\/\",\"url\":\"https:\/\/www.pogotowieflagowe.pl\/aktualne\/patoaktywista-bez-poswiadczenia-bezpieczenstwa-to-sa-zolnierze-donalda-tuska-wideo\/\",\"name\":\"Patoaktywista bez po\u015bwiadczenia bezpiecze\u0144stwa. \u201eTo s\u0105 \u017co\u0142nierze Donalda Tuska\u201d (WIDEO) - POGOTOWIE FLAGOWE\u00ae\",\"isPartOf\":{\"@id\":\"https:\/\/www.pogotowieflagowe.pl\/aktualne\/#website\"},\"primaryImageOfPage\":{\"@id\":\"https:\/\/www.pogotowieflagowe.pl\/aktualne\/patoaktywista-bez-poswiadczenia-bezpieczenstwa-to-sa-zolnierze-donalda-tuska-wideo\/#primaryimage\"},\"image\":{\"@id\":\"https:\/\/www.pogotowieflagowe.pl\/aktualne\/patoaktywista-bez-poswiadczenia-bezpieczenstwa-to-sa-zolnierze-donalda-tuska-wideo\/#primaryimage\"},\"thumbnailUrl\":\"https:\/\/www.pogotowieflagowe.pl\/aktualne\/wp-content\/uploads\/2025\/11\/Patoaktywista-bez-poswiadczenia-bezpieczenstwa-\u201eTo-sa-zolnierze-Donalda-Tuska-WIDEO.webp.webp\",\"datePublished\":\"2025-11-26T13:55:18+00:00\",\"dateModified\":\"2025-11-26T13:55:19+00:00\",\"breadcrumb\":{\"@id\":\"https:\/\/www.pogotowieflagowe.pl\/aktualne\/patoaktywista-bez-poswiadczenia-bezpieczenstwa-to-sa-zolnierze-donalda-tuska-wideo\/#breadcrumb\"},\"inLanguage\":\"pl-PL\",\"potentialAction\":[{\"@type\":\"ReadAction\",\"target\":[\"https:\/\/www.pogotowieflagowe.pl\/aktualne\/patoaktywista-bez-poswiadczenia-bezpieczenstwa-to-sa-zolnierze-donalda-tuska-wideo\/\"]}]},{\"@type\":\"ImageObject\",\"inLanguage\":\"pl-PL\",\"@id\":\"https:\/\/www.pogotowieflagowe.pl\/aktualne\/patoaktywista-bez-poswiadczenia-bezpieczenstwa-to-sa-zolnierze-donalda-tuska-wideo\/#primaryimage\",\"url\":\"https:\/\/www.pogotowieflagowe.pl\/aktualne\/wp-content\/uploads\/2025\/11\/Patoaktywista-bez-poswiadczenia-bezpieczenstwa-\u201eTo-sa-zolnierze-Donalda-Tuska-WIDEO.webp.webp\",\"contentUrl\":\"https:\/\/www.pogotowieflagowe.pl\/aktualne\/wp-content\/uploads\/2025\/11\/Patoaktywista-bez-poswiadczenia-bezpieczenstwa-\u201eTo-sa-zolnierze-Donalda-Tuska-WIDEO.webp.webp\",\"width\":1280,\"height\":720,\"caption\":\"Patoaktywista bez po\u015bwiadczenia bezpiecze\u0144stwa. \u201eTo s\u0105 \u017co\u0142nierze Donalda Tuska\u201d (WIDEO)\"},{\"@type\":\"BreadcrumbList\",\"@id\":\"https:\/\/www.pogotowieflagowe.pl\/aktualne\/patoaktywista-bez-poswiadczenia-bezpieczenstwa-to-sa-zolnierze-donalda-tuska-wideo\/#breadcrumb\",\"itemListElement\":[{\"@type\":\"ListItem\",\"position\":1,\"name\":\"Home\",\"item\":\"https:\/\/www.pogotowieflagowe.pl\/aktualne\/\"},{\"@type\":\"ListItem\",\"position\":2,\"name\":\"Patoaktywista bez po\u015bwiadczenia bezpiecze\u0144stwa. \u201eTo s\u0105 \u017co\u0142nierze Donalda Tuska\u201d (WIDEO)\"}]},{\"@type\":\"WebSite\",\"@id\":\"https:\/\/www.pogotowieflagowe.pl\/aktualne\/#website\",\"url\":\"https:\/\/www.pogotowieflagowe.pl\/aktualne\/\",\"name\":\"POGOTOWIE FLAGOWE\u00ae\",\"description\":\"\",\"publisher\":{\"@id\":\"https:\/\/www.pogotowieflagowe.pl\/aktualne\/#organization\"},\"potentialAction\":[{\"@type\":\"SearchAction\",\"target\":{\"@type\":\"EntryPoint\",\"urlTemplate\":\"https:\/\/www.pogotowieflagowe.pl\/aktualne\/?s={search_term_string}\"},\"query-input\":\"required name=search_term_string\"}],\"inLanguage\":\"pl-PL\"},{\"@type\":\"Organization\",\"@id\":\"https:\/\/www.pogotowieflagowe.pl\/aktualne\/#organization\",\"name\":\"POGOTOWIE FLAGOWE\u00ae\",\"url\":\"https:\/\/www.pogotowieflagowe.pl\/aktualne\/\",\"logo\":{\"@type\":\"ImageObject\",\"inLanguage\":\"pl-PL\",\"@id\":\"https:\/\/www.pogotowieflagowe.pl\/aktualne\/#\/schema\/logo\/image\/\",\"url\":\"https:\/\/www.pogotowieflagowe.pl\/aktualne\/wp-content\/uploads\/2024\/08\/cropped-pogotowieflagowe_flaga_projekt_sm.jpg\",\"contentUrl\":\"https:\/\/www.pogotowieflagowe.pl\/aktualne\/wp-content\/uploads\/2024\/08\/cropped-pogotowieflagowe_flaga_projekt_sm.jpg\",\"width\":250,\"height\":143,\"caption\":\"POGOTOWIE FLAGOWE\u00ae\"},\"image\":{\"@id\":\"https:\/\/www.pogotowieflagowe.pl\/aktualne\/#\/schema\/logo\/image\/\"}},{\"@type\":\"Person\",\"@id\":\"https:\/\/www.pogotowieflagowe.pl\/aktualne\/#\/schema\/person\/9c2fb7d2362ebf6fa088960d7f0d27b0\",\"name\":\"Filip\",\"image\":{\"@type\":\"ImageObject\",\"inLanguage\":\"pl-PL\",\"@id\":\"https:\/\/www.pogotowieflagowe.pl\/aktualne\/#\/schema\/person\/image\/\",\"url\":\"https:\/\/www.pogotowieflagowe.pl\/aktualne\/wp-content\/uploads\/2024\/08\/pogotowieflagowe.pl_.jpg\",\"contentUrl\":\"https:\/\/www.pogotowieflagowe.pl\/aktualne\/wp-content\/uploads\/2024\/08\/pogotowieflagowe.pl_.jpg\",\"caption\":\"Filip\"},\"description\":\"Jestem Filip, polski dziennikarz z dyplomem nauk politycznych Uniwersytetu Warszawskiego. Rozpoczynaj\u0105c swoj\u0105 karier\u0119 w r\u00f3\u017cnych lokalnych mediach, zdoby\u0142em solidne do\u015bwiadczenie w zakresie \u015bledztwa i redakcji. Obecnie jako redaktor w Pogotowie flagowe, staram si\u0119 dostarcza\u0107 dog\u0142\u0119bne i istotne analizy na temat najwa\u017cniejszych kwestii aktualno\u015bci, \u0142\u0105cz\u0105c rygor z pasj\u0105 dziennikarsk\u0105.\",\"sameAs\":[\"https:\/\/www.pogotowieflagowe.pl\/\"]}]}<\/script>\n<!-- \/ Yoast SEO plugin. -->","yoast_head_json":{"title":"Patoaktywista bez po\u015bwiadczenia bezpiecze\u0144stwa. \u201eTo s\u0105 \u017co\u0142nierze Donalda Tuska\u201d (WIDEO) - POGOTOWIE FLAGOWE\u00ae","robots":{"index":"index","follow":"follow","max-snippet":"max-snippet:-1","max-image-preview":"max-image-preview:large","max-video-preview":"max-video-preview:-1"},"canonical":"https:\/\/www.pogotowieflagowe.pl\/aktualne\/patoaktywista-bez-poswiadczenia-bezpieczenstwa-to-sa-zolnierze-donalda-tuska-wideo\/","og_locale":"pl_PL","og_type":"article","og_title":"Patoaktywista bez po\u015bwiadczenia bezpiecze\u0144stwa. \u201eTo s\u0105 \u017co\u0142nierze Donalda Tuska\u201d (WIDEO) - POGOTOWIE FLAGOWE\u00ae","og_description":"\u201eTo \u017co\u0142nierze Donalda Tuska, kt\u00f3rym powierzono zadanie najbardziej wulgarnych i agresywnych dzia\u0142a\u0144\u201d \u2013 powiedzia\u0142 Rafa\u0142 Bochenek w TV Republika, komentuj\u0105c","og_url":"https:\/\/www.pogotowieflagowe.pl\/aktualne\/patoaktywista-bez-poswiadczenia-bezpieczenstwa-to-sa-zolnierze-donalda-tuska-wideo\/","og_site_name":"POGOTOWIE FLAGOWE\u00ae","article_published_time":"2025-11-26T13:55:18+00:00","article_modified_time":"2025-11-26T13:55:19+00:00","og_image":[{"width":1280,"height":720,"url":"https:\/\/www.pogotowieflagowe.pl\/aktualne\/wp-content\/uploads\/2025\/11\/Patoaktywista-bez-poswiadczenia-bezpieczenstwa-\u201eTo-sa-zolnierze-Donalda-Tuska-WIDEO.webp.webp","type":"image\/webp"}],"author":"Filip","twitter_card":"summary_large_image","twitter_misc":{"Napisane przez":"Filip","Szacowany czas czytania":"2 minuty"},"schema":{"@context":"https:\/\/schema.org","@graph":[{"@type":"Article","@id":"https:\/\/www.pogotowieflagowe.pl\/aktualne\/patoaktywista-bez-poswiadczenia-bezpieczenstwa-to-sa-zolnierze-donalda-tuska-wideo\/#article","isPartOf":{"@id":"https:\/\/www.pogotowieflagowe.pl\/aktualne\/patoaktywista-bez-poswiadczenia-bezpieczenstwa-to-sa-zolnierze-donalda-tuska-wideo\/"},"author":{"name":"Filip","@id":"https:\/\/www.pogotowieflagowe.pl\/aktualne\/#\/schema\/person\/9c2fb7d2362ebf6fa088960d7f0d27b0"},"headline":"Patoaktywista bez po\u015bwiadczenia bezpiecze\u0144stwa. \u201eTo s\u0105 \u017co\u0142nierze Donalda Tuska\u201d (WIDEO)","datePublished":"2025-11-26T13:55:18+00:00","dateModified":"2025-11-26T13:55:19+00:00","mainEntityOfPage":{"@id":"https:\/\/www.pogotowieflagowe.pl\/aktualne\/patoaktywista-bez-poswiadczenia-bezpieczenstwa-to-sa-zolnierze-donalda-tuska-wideo\/"},"wordCount":390,"commentCount":0,"publisher":{"@id":"https:\/\/www.pogotowieflagowe.pl\/aktualne\/#organization"},"image":{"@id":"https:\/\/www.pogotowieflagowe.pl\/aktualne\/patoaktywista-bez-poswiadczenia-bezpieczenstwa-to-sa-zolnierze-donalda-tuska-wideo\/#primaryimage"},"thumbnailUrl":"https:\/\/www.pogotowieflagowe.pl\/aktualne\/wp-content\/uploads\/2025\/11\/Patoaktywista-bez-poswiadczenia-bezpieczenstwa-\u201eTo-sa-zolnierze-Donalda-Tuska-WIDEO.webp.webp","keywords":["bez","bezpiecze\u0144stwa","Donalda","Patoaktywista","po\u015bwiadczenia","s\u0105","Tuska","WIDEO","\u017bo\u0142nierze"],"articleSection":["Aktualne"],"inLanguage":"pl-PL","potentialAction":[{"@type":"CommentAction","name":"Comment","target":["https:\/\/www.pogotowieflagowe.pl\/aktualne\/patoaktywista-bez-poswiadczenia-bezpieczenstwa-to-sa-zolnierze-donalda-tuska-wideo\/#respond"]}]},{"@type":"WebPage","@id":"https:\/\/www.pogotowieflagowe.pl\/aktualne\/patoaktywista-bez-poswiadczenia-bezpieczenstwa-to-sa-zolnierze-donalda-tuska-wideo\/","url":"https:\/\/www.pogotowieflagowe.pl\/aktualne\/patoaktywista-bez-poswiadczenia-bezpieczenstwa-to-sa-zolnierze-donalda-tuska-wideo\/","name":"Patoaktywista bez po\u015bwiadczenia bezpiecze\u0144stwa. \u201eTo s\u0105 \u017co\u0142nierze Donalda Tuska\u201d (WIDEO) - POGOTOWIE FLAGOWE\u00ae","isPartOf":{"@id":"https:\/\/www.pogotowieflagowe.pl\/aktualne\/#website"},"primaryImageOfPage":{"@id":"https:\/\/www.pogotowieflagowe.pl\/aktualne\/patoaktywista-bez-poswiadczenia-bezpieczenstwa-to-sa-zolnierze-donalda-tuska-wideo\/#primaryimage"},"image":{"@id":"https:\/\/www.pogotowieflagowe.pl\/aktualne\/patoaktywista-bez-poswiadczenia-bezpieczenstwa-to-sa-zolnierze-donalda-tuska-wideo\/#primaryimage"},"thumbnailUrl":"https:\/\/www.pogotowieflagowe.pl\/aktualne\/wp-content\/uploads\/2025\/11\/Patoaktywista-bez-poswiadczenia-bezpieczenstwa-\u201eTo-sa-zolnierze-Donalda-Tuska-WIDEO.webp.webp","datePublished":"2025-11-26T13:55:18+00:00","dateModified":"2025-11-26T13:55:19+00:00","breadcrumb":{"@id":"https:\/\/www.pogotowieflagowe.pl\/aktualne\/patoaktywista-bez-poswiadczenia-bezpieczenstwa-to-sa-zolnierze-donalda-tuska-wideo\/#breadcrumb"},"inLanguage":"pl-PL","potentialAction":[{"@type":"ReadAction","target":["https:\/\/www.pogotowieflagowe.pl\/aktualne\/patoaktywista-bez-poswiadczenia-bezpieczenstwa-to-sa-zolnierze-donalda-tuska-wideo\/"]}]},{"@type":"ImageObject","inLanguage":"pl-PL","@id":"https:\/\/www.pogotowieflagowe.pl\/aktualne\/patoaktywista-bez-poswiadczenia-bezpieczenstwa-to-sa-zolnierze-donalda-tuska-wideo\/#primaryimage","url":"https:\/\/www.pogotowieflagowe.pl\/aktualne\/wp-content\/uploads\/2025\/11\/Patoaktywista-bez-poswiadczenia-bezpieczenstwa-\u201eTo-sa-zolnierze-Donalda-Tuska-WIDEO.webp.webp","contentUrl":"https:\/\/www.pogotowieflagowe.pl\/aktualne\/wp-content\/uploads\/2025\/11\/Patoaktywista-bez-poswiadczenia-bezpieczenstwa-\u201eTo-sa-zolnierze-Donalda-Tuska-WIDEO.webp.webp","width":1280,"height":720,"caption":"Patoaktywista bez po\u015bwiadczenia bezpiecze\u0144stwa. \u201eTo s\u0105 \u017co\u0142nierze Donalda Tuska\u201d (WIDEO)"},{"@type":"BreadcrumbList","@id":"https:\/\/www.pogotowieflagowe.pl\/aktualne\/patoaktywista-bez-poswiadczenia-bezpieczenstwa-to-sa-zolnierze-donalda-tuska-wideo\/#breadcrumb","itemListElement":[{"@type":"ListItem","position":1,"name":"Home","item":"https:\/\/www.pogotowieflagowe.pl\/aktualne\/"},{"@type":"ListItem","position":2,"name":"Patoaktywista bez po\u015bwiadczenia bezpiecze\u0144stwa. \u201eTo s\u0105 \u017co\u0142nierze Donalda Tuska\u201d (WIDEO)"}]},{"@type":"WebSite","@id":"https:\/\/www.pogotowieflagowe.pl\/aktualne\/#website","url":"https:\/\/www.pogotowieflagowe.pl\/aktualne\/","name":"POGOTOWIE FLAGOWE\u00ae","description":"","publisher":{"@id":"https:\/\/www.pogotowieflagowe.pl\/aktualne\/#organization"},"potentialAction":[{"@type":"SearchAction","target":{"@type":"EntryPoint","urlTemplate":"https:\/\/www.pogotowieflagowe.pl\/aktualne\/?s={search_term_string}"},"query-input":"required name=search_term_string"}],"inLanguage":"pl-PL"},{"@type":"Organization","@id":"https:\/\/www.pogotowieflagowe.pl\/aktualne\/#organization","name":"POGOTOWIE FLAGOWE\u00ae","url":"https:\/\/www.pogotowieflagowe.pl\/aktualne\/","logo":{"@type":"ImageObject","inLanguage":"pl-PL","@id":"https:\/\/www.pogotowieflagowe.pl\/aktualne\/#\/schema\/logo\/image\/","url":"https:\/\/www.pogotowieflagowe.pl\/aktualne\/wp-content\/uploads\/2024\/08\/cropped-pogotowieflagowe_flaga_projekt_sm.jpg","contentUrl":"https:\/\/www.pogotowieflagowe.pl\/aktualne\/wp-content\/uploads\/2024\/08\/cropped-pogotowieflagowe_flaga_projekt_sm.jpg","width":250,"height":143,"caption":"POGOTOWIE FLAGOWE\u00ae"},"image":{"@id":"https:\/\/www.pogotowieflagowe.pl\/aktualne\/#\/schema\/logo\/image\/"}},{"@type":"Person","@id":"https:\/\/www.pogotowieflagowe.pl\/aktualne\/#\/schema\/person\/9c2fb7d2362ebf6fa088960d7f0d27b0","name":"Filip","image":{"@type":"ImageObject","inLanguage":"pl-PL","@id":"https:\/\/www.pogotowieflagowe.pl\/aktualne\/#\/schema\/person\/image\/","url":"https:\/\/www.pogotowieflagowe.pl\/aktualne\/wp-content\/uploads\/2024\/08\/pogotowieflagowe.pl_.jpg","contentUrl":"https:\/\/www.pogotowieflagowe.pl\/aktualne\/wp-content\/uploads\/2024\/08\/pogotowieflagowe.pl_.jpg","caption":"Filip"},"description":"Jestem Filip, polski dziennikarz z dyplomem nauk politycznych Uniwersytetu Warszawskiego. Rozpoczynaj\u0105c swoj\u0105 karier\u0119 w r\u00f3\u017cnych lokalnych mediach, zdoby\u0142em solidne do\u015bwiadczenie w zakresie \u015bledztwa i redakcji. Obecnie jako redaktor w Pogotowie flagowe, staram si\u0119 dostarcza\u0107 dog\u0142\u0119bne i istotne analizy na temat najwa\u017cniejszych kwestii aktualno\u015bci, \u0142\u0105cz\u0105c rygor z pasj\u0105 dziennikarsk\u0105.","sameAs":["https:\/\/www.pogotowieflagowe.pl\/"]}]}},"_links":{"self":[{"href":"https:\/\/www.pogotowieflagowe.pl\/aktualne\/wp-json\/wp\/v2\/posts\/11045","targetHints":{"allow":["GET"]}}],"collection":[{"href":"https:\/\/www.pogotowieflagowe.pl\/aktualne\/wp-json\/wp\/v2\/posts"}],"about":[{"href":"https:\/\/www.pogotowieflagowe.pl\/aktualne\/wp-json\/wp\/v2\/types\/post"}],"author":[{"embeddable":true,"href":"https:\/\/www.pogotowieflagowe.pl\/aktualne\/wp-json\/wp\/v2\/users\/1"}],"replies":[{"embeddable":true,"href":"https:\/\/www.pogotowieflagowe.pl\/aktualne\/wp-json\/wp\/v2\/comments?post=11045"}],"version-history":[{"count":1,"href":"https:\/\/www.pogotowieflagowe.pl\/aktualne\/wp-json\/wp\/v2\/posts\/11045\/revisions"}],"predecessor-version":[{"id":11047,"href":"https:\/\/www.pogotowieflagowe.pl\/aktualne\/wp-json\/wp\/v2\/posts\/11045\/revisions\/11047"}],"wp:featuredmedia":[{"embeddable":true,"href":"https:\/\/www.pogotowieflagowe.pl\/aktualne\/wp-json\/wp\/v2\/media\/11046"}],"wp:attachment":[{"href":"https:\/\/www.pogotowieflagowe.pl\/aktualne\/wp-json\/wp\/v2\/media?parent=11045"}],"wp:term":[{"taxonomy":"category","embeddable":true,"href":"https:\/\/www.pogotowieflagowe.pl\/aktualne\/wp-json\/wp\/v2\/categories?post=11045"},{"taxonomy":"post_tag","embeddable":true,"href":"https:\/\/www.pogotowieflagowe.pl\/aktualne\/wp-json\/wp\/v2\/tags?post=11045"}],"curies":[{"name":"wp","href":"https:\/\/api.w.org\/{rel}","templated":true}]}}