{"id":11048,"date":"2025-11-26T15:27:31","date_gmt":"2025-11-26T14:27:31","guid":{"rendered":"https:\/\/www.pogotowieflagowe.pl\/aktualne\/chca-postawic-prezydenta-nawrockiego-przed-trybunalem-stanu-schlapp-radze-mu-zeby-sie-nie-poddawal\/"},"modified":"2025-11-26T15:27:32","modified_gmt":"2025-11-26T14:27:32","slug":"chca-postawic-prezydenta-nawrockiego-przed-trybunalem-stanu-schlapp-radze-mu-zeby-sie-nie-poddawal","status":"publish","type":"post","link":"https:\/\/www.pogotowieflagowe.pl\/aktualne\/chca-postawic-prezydenta-nawrockiego-przed-trybunalem-stanu-schlapp-radze-mu-zeby-sie-nie-poddawal\/","title":{"rendered":"Chc\u0105 postawi\u0107 prezydenta Nawrockiego przed Trybuna\u0142em Stanu. Schlapp: \u201eRadz\u0119 mu, \u017ceby si\u0119 nie poddawa\u0142!\u201d"},"content":{"rendered":"\n<div class=\"td_block_wrap tdb_single_content tdi_46 td-pb-border-top td_block_template_8 td-post-content tagdiv-type\" data-td-block-uid=\"tdi_46\">\n<style>.tdi_46{margines-g\u00f3rny:0px!important;margin-bottom:0px!important;dope\u0142nienie-g\u00f3ra:0px!important;dope\u0142nienie-d\u00f3\u0142:0px!important}<\/style>\n<style>.tdb_single_content{margin-bottom:0;*zoom:1}.tdb_single_content:before,.tdb_single_content:after{display:table;content:'';line-height:0}.tdb_single_content:after{clear:both}.tdb_single_content .tdb-block-inner>*:not(.wp-block-quote):not(.alignwide):not(.alignfull.wp-block-cover.has-parallax):not(.td-a-ad){margin-left:auto;margin-right:auto}.tdb_single_content a{pointer-events:auto}.tdb_single_content .td-spot-id-top_ad .tdc-placeholder-title:before{content:'Najlepsza reklama artyku\u0142u'!important}.tdb_single_content .td-spot-id-inline_ad0 .tdc-placeholder-title:before{content:'Reklama wbudowana artyku\u0142u 1'!important}.tdb_single_content .td-spot-id-inline_ad1 .tdc-placeholder-title:before{content:'Wbudowana reklama w artykule 2'!important}.tdb_single_content .td-spot-id-inline_ad2 .tdc-placeholder-title:before{content:'Wbudowana reklama w artykule 3'!important}.tdb_single_content .td-spot-id-bottom_ad .tdc-placeholder-title:before{content:'Article Bottom Ad'!important}.tdb_single_content .id_top_ad,.tdb_single_content .id_bottom_ad{clear:both;margin-bottom:21px;text-align:center}.tdb_single_content .id_top_ad img,.tdb_single_content .id_bottom_ad img{margin-bottom:0}.tdb_single_content .id_top_ad .adsbygoogle,.tdb_single_content .id_bottom_ad .adsbygoogle{position:relative}.tdb_single_content .id_ad_content-horiz-left,.tdb_single_content .id_ad_content-horiz-right,.tdb_single_content .id_ad_content-horiz-center{margin-bottom:15px}.tdb_single_content .id_ad_content-horiz-left img,.tdb_single_content .id_ad_content-horiz-right img,.tdb_single_content .id_ad_content-horiz-center img{margin-bottom:0}.tdb_single_content .id_ad_content-horiz-center{text-align:center}.tdb_single_content .id_ad_content-horiz-center img{margin-right:auto;margin-left:auto}.tdb_single_content .id_ad_content-horiz-left{float:left;margin-top:9px;margin-right:21px}.tdb_single_content .id_ad_content-horiz-right{float:right;margin-top:6px;margin-left:21px}.tdb_single_content .tdc-a-ad .tdc-placeholder-title{width:300px;height:250px}.tdb_single_content .tdc-a-ad .tdc-placeholder-title:before{position:absolute;top:50%;-webkit-transform:translateY(-50%);transform:translateY(-50%);margin:auto;display:table;width:100%}.tdb_single_content .tdb-block-inner.td-fix-index{word-break:break-word}.tdi_46,.tdi_46>p,.tdi_46 .tdb-block-inner>p,.wp-block-column>p{font-size:16px!important;line-height:1.6!important}.tdi_46 .tdb-block-inner blockquote p{font-style:normal!important}@media (max-width:767px){.tdb_single_content .id_ad_content-horiz-left,.tdb_single_content .id_ad_content-horiz-right,.tdb_single_content .id_ad_content-horiz-center{margin:0 auto 26 pikseli auto}}@media (max-width:767px){.tdb_single_content .id_ad_content-horiz-left{margin-right:0}}@media (max-width:767px){.tdb_single_content .id_ad_content-horiz-right{margin-left:0}}@media (max-width:767px){.tdb_single_content .td-a-ad{float:none;text-align:center}.tdb_single_content .td-a-ad img{margin-right:auto;margin-left:auto}.tdb_single_content .tdc-a-ad{float:none}}<\/style>\n<div class=\"tdb-block-inner td-fix-index\">\n<p>\u201e<strong>Radz\u0119 prezydentowi Nawrockiowi nie ust\u0119powa\u0107. W starciu z przeciwnikami powinien dzia\u0142a\u0107 z jeszcze wi\u0119ksz\u0105 determinacj\u0105. Powinien pokaza\u0107, \u017ce ich taktyka nie dzia\u0142a<\/strong>\u201d- powiedzia\u0142 Matt Schlapp, organizator CPAC i przewodnicz\u0105cy CPAC <em>Ameryka\u0144ska Unia Konserwatywna<\/em>w rozmowie z TV Republika.<\/p>\n<h2 class=\"wp-block-heading\">Matt Schlapp w TV Republika<\/h2>\n<p>Micha\u0142 Racho\u0144 rozmawia\u0142 z Mattem Schlappem m.in. o dzia\u0142alno\u015bci lewicy, kt\u00f3ra m\u00f3wi o \u201ewolno\u015bci s\u0142owa\u201d, ale cz\u0119sto grozi swoim krytykom procesami s\u0105dowymi.<\/p>\n<figure class=\"wp-block-pullquote\">\n<blockquote>\n<p>\u201e<strong>Oni si\u0119 nas boj\u0105. Lewica wierzy, \u017ce wszystkie media s\u0105 jej w\u0142asno\u015bci\u0105. Nienawidz\u0105, gdy zabiera g\u0142os kto\u015b o konserwatywnym, narodowym przes\u0142aniu. Drug\u0105 rzecz\u0105, kt\u00f3r\u0105 zawsze robi\u0105, jest walka za pomoc\u0105 \u015brodk\u00f3w prawnych. G\u0142osz\u0105 wolno\u015b\u0107 s\u0142owa, ale krytyk\u0119 swoich dzia\u0142a\u0144 nazywaj\u0105 mow\u0105 nienawi\u015bci. Robi\u0105 to na ca\u0142ym \u015bwiecie. Zaczynamy z nimi walczy\u0107 du\u017co skuteczniej<\/strong>\u2013 powiedzia\u0142.<\/p>\n<\/blockquote>\n<\/figure>\n<p>Schlapp nawi\u0105za\u0142 tak\u017ce do prze\u015bladowa\u0144 polskiej opozycji. Przypomnia\u0142 to <strong>\u201ePrezydent Korei Po\u0142udniowej sprawowa\u0142 urz\u0105d, kiedy by\u0142 uwi\u0119ziony\u201d.<\/strong><\/p>\n<figure class=\"wp-block-pullquote\">\n<blockquote>\n<p><strong>&#8222;Chc\u0105 zdelegalizowa\u0107, wykorzysta\u0107 niekonstytucyjne dzia\u0142ania s\u0105d\u00f3w, tajn\u0105 policj\u0119, uwi\u0119zi\u0107 ludzi, delegitymizowa\u0107 polityk\u00f3w. Kiedy kto\u015b korzysta z ich w\u0142adzy, trudno si\u0119 mu przeciwstawi\u0107. M\u00f3wi\u0105 o mowie nienawi\u015bci, a potem chc\u0105 \u015bciga\u0107 swoich przeciwnik\u00f3w. Jeste\u015bmy w punkcie, w kt\u00f3rym albo t\u0119 walk\u0119 wygramy, albo j\u0105 przegramy. Je\u015bli przegramy, stracimy wolno\u015b\u0107<\/strong>\u2013 zauwa\u017cy\u0142.<\/p>\n<\/blockquote>\n<\/figure>\n<p>Jego zdaniem, <strong>\u201emedia s\u0105 w kieszeni lewicy, lewicowi politycy s\u0105 znacznie bardziej wra\u017cliwi na wszelk\u0105 krytyk\u0119 medi\u00f3w ni\u017c my\u201d.<\/strong><\/p>\n<figure class=\"wp-block-pullquote\">\n<blockquote>\n<p><strong>&#8222;Przyzwyczaili si\u0119 do tego, \u017ce media ich idolizuj\u0105. Kiedy tak nie jest, wpadaj\u0105 w panik\u0119. Kiedy krytykuje si\u0119 premiera Polski, nie mo\u017ce sobie z tym poradzi\u0107. Donald Trump ma bardzo grub\u0105 sk\u00f3r\u0119, podobnie jak Prezydent RP<\/strong>\u2013 oceni\u0142.<\/p>\n<\/blockquote>\n<\/figure>\n<h2 class=\"wp-block-heading\"><strong>\u201eRadz\u0119 prezydentowi Nawrockiowi nie ust\u0119powa\u0107\u201d<\/strong><\/h2>\n<p>Schlapp odni\u00f3s\u0142 si\u0119 tak\u017ce do zapowiedzi polskich w\u0142adz o mo\u017cliwo\u015bci postawienia prezydenta Karola Nawrockiego przed Trybuna\u0142em Stanu.<\/p>\n<figure class=\"wp-block-pullquote\">\n<blockquote>\n<p>\u201e<strong>Prezydent Nawrocki cieszy si\u0119 popularno\u015bci\u0105 i dotrzymuje s\u0142owa. Nie lubi\u0105 go, bo to najprawdopodobniej oznacza, \u017ce \u200b\u200bzostanie wybrany ponownie. Radz\u0119 prezydentowi Nawrockiowi nie ust\u0119powa\u0107. W starciu z przeciwnikami powinien dzia\u0142a\u0107 z jeszcze wi\u0119ksz\u0105 determinacj\u0105. Powinien pokaza\u0107, \u017ce ich taktyka nie dzia\u0142a. Prawie wsadzili Donalda Trumpa do wi\u0119zienia, ale on si\u0119 nie podda\u0142 i dzi\u0119ki temu uratowa\u0142 sw\u00f3j kraj<\/strong>\u2013 stwierdzi\u0142 Schlapp.<\/p>\n<\/blockquote>\n<\/figure>\n<h2 class=\"wp-block-heading\"><strong>\u201eTrump szanuje Ze\u0142enskiego\u201d<\/strong><\/h2>\n<p>Organizator CPAC odni\u00f3s\u0142 si\u0119 tak\u017ce do sytuacji na Ukrainie.<\/p>\n<figure class=\"wp-block-pullquote\">\n<blockquote>\n<p><strong>&#8222;Lewica chce, aby ta wojna trwa\u0142a dalej. My\u015bl\u0105, \u017ce je\u015bli nadal b\u0119dziemy finansowa\u0107 t\u0119 wojn\u0119, doprowadzi to do czego\u015b dobrego. Donald Trump szanuje Wo\u0142odymyra Ze\u0142enskiego i chce zako\u0144czy\u0107 t\u0119 wojn\u0119. Nie widzi korzy\u015bci w d\u0142ugoterminowej wojnie. Prawdziwa walka toczy si\u0119 nie tylko mi\u0119dzy Ukrain\u0105 a Rosj\u0105. Prawdziwa walka polega na tym, czy ca\u0142a Europa b\u0119dzie uzale\u017cniona od rosyjskiej energii. Polska podj\u0119\u0142a ju\u017c kroki w tym zakresie, ale wiele kraj\u00f3w jest nadal zale\u017cnych od rosyjskich zasob\u00f3w<\/strong>\u2013 powiedzia\u0142.<\/p>\n<\/blockquote>\n<\/figure>\n<\/div>\n<\/div>\n","protected":false},"excerpt":{"rendered":"<p>\u201eRadz\u0119 prezydentowi Nawrockiowi nie ust\u0119powa\u0107. W starciu z przeciwnikami powinien dzia\u0142a\u0107 z jeszcze wi\u0119ksz\u0105 determinacj\u0105. Powinien pokaza\u0107, \u017ce ich taktyka<\/p>\n","protected":false},"author":1,"featured_media":11049,"comment_status":"open","ping_status":"open","sticky":false,"template":"","format":"standard","meta":{"footnotes":""},"categories":[4748],"tags":[1922,3306,450,12463,12461,568,643,12462,5111,150,2874,12458,11032],"class_list":["post-11048","post","type-post","status-publish","format-standard","has-post-thumbnail","hentry","category-aktualne","tag-chca","tag-nawrockiego","tag-nie","tag-poddawal","tag-postawic","tag-prezydenta","tag-przed","tag-radze","tag-schlapp","tag-sie","tag-stanu","tag-trybunalem","tag-zeby","generate-columns","tablet-grid-50","mobile-grid-100","grid-parent","grid-50","resize-featured-image"],"yoast_head":"<!-- This site is optimized with the Yoast SEO plugin v23.2 - https:\/\/yoast.com\/wordpress\/plugins\/seo\/ -->\n<title>Chc\u0105 postawi\u0107 prezydenta Nawrockiego przed Trybuna\u0142em Stanu. Schlapp: \u201eRadz\u0119 mu, \u017ceby si\u0119 nie poddawa\u0142!\u201d - POGOTOWIE FLAGOWE\u00ae<\/title>\n<meta name=\"robots\" content=\"index, follow, max-snippet:-1, max-image-preview:large, max-video-preview:-1\" \/>\n<link rel=\"canonical\" href=\"https:\/\/www.pogotowieflagowe.pl\/aktualne\/chca-postawic-prezydenta-nawrockiego-przed-trybunalem-stanu-schlapp-radze-mu-zeby-sie-nie-poddawal\/\" \/>\n<meta property=\"og:locale\" content=\"pl_PL\" \/>\n<meta property=\"og:type\" content=\"article\" \/>\n<meta property=\"og:title\" content=\"Chc\u0105 postawi\u0107 prezydenta Nawrockiego przed Trybuna\u0142em Stanu. Schlapp: \u201eRadz\u0119 mu, \u017ceby si\u0119 nie poddawa\u0142!\u201d - POGOTOWIE FLAGOWE\u00ae\" \/>\n<meta property=\"og:description\" content=\"\u201eRadz\u0119 prezydentowi Nawrockiowi nie ust\u0119powa\u0107. W starciu z przeciwnikami powinien dzia\u0142a\u0107 z jeszcze wi\u0119ksz\u0105 determinacj\u0105. Powinien pokaza\u0107, \u017ce ich taktyka\" \/>\n<meta property=\"og:url\" content=\"https:\/\/www.pogotowieflagowe.pl\/aktualne\/chca-postawic-prezydenta-nawrockiego-przed-trybunalem-stanu-schlapp-radze-mu-zeby-sie-nie-poddawal\/\" \/>\n<meta property=\"og:site_name\" content=\"POGOTOWIE FLAGOWE\u00ae\" \/>\n<meta property=\"article:published_time\" content=\"2025-11-26T14:27:31+00:00\" \/>\n<meta property=\"article:modified_time\" content=\"2025-11-26T14:27:32+00:00\" \/>\n<meta property=\"og:image\" content=\"https:\/\/www.pogotowieflagowe.pl\/aktualne\/wp-content\/uploads\/2025\/11\/Chca-postawic-prezydenta-Nawrockiego-przed-Trybunalem-Stanu-Schlapp-\u201eRadze-mu.webp.webp\" \/>\n\t<meta property=\"og:image:width\" content=\"1280\" \/>\n\t<meta property=\"og:image:height\" content=\"720\" \/>\n\t<meta property=\"og:image:type\" content=\"image\/webp\" \/>\n<meta name=\"author\" content=\"Filip\" \/>\n<meta name=\"twitter:card\" content=\"summary_large_image\" \/>\n<meta name=\"twitter:label1\" content=\"Napisane przez\" \/>\n\t<meta name=\"twitter:data1\" content=\"Filip\" \/>\n\t<meta name=\"twitter:label2\" content=\"Szacowany czas czytania\" \/>\n\t<meta name=\"twitter:data2\" content=\"2 minuty\" \/>\n<script type=\"application\/ld+json\" class=\"yoast-schema-graph\">{\"@context\":\"https:\/\/schema.org\",\"@graph\":[{\"@type\":\"Article\",\"@id\":\"https:\/\/www.pogotowieflagowe.pl\/aktualne\/chca-postawic-prezydenta-nawrockiego-przed-trybunalem-stanu-schlapp-radze-mu-zeby-sie-nie-poddawal\/#article\",\"isPartOf\":{\"@id\":\"https:\/\/www.pogotowieflagowe.pl\/aktualne\/chca-postawic-prezydenta-nawrockiego-przed-trybunalem-stanu-schlapp-radze-mu-zeby-sie-nie-poddawal\/\"},\"author\":{\"name\":\"Filip\",\"@id\":\"https:\/\/www.pogotowieflagowe.pl\/aktualne\/#\/schema\/person\/9c2fb7d2362ebf6fa088960d7f0d27b0\"},\"headline\":\"Chc\u0105 postawi\u0107 prezydenta Nawrockiego przed Trybuna\u0142em Stanu. Schlapp: \u201eRadz\u0119 mu, \u017ceby si\u0119 nie poddawa\u0142!\u201d\",\"datePublished\":\"2025-11-26T14:27:31+00:00\",\"dateModified\":\"2025-11-26T14:27:32+00:00\",\"mainEntityOfPage\":{\"@id\":\"https:\/\/www.pogotowieflagowe.pl\/aktualne\/chca-postawic-prezydenta-nawrockiego-przed-trybunalem-stanu-schlapp-radze-mu-zeby-sie-nie-poddawal\/\"},\"wordCount\":512,\"commentCount\":0,\"publisher\":{\"@id\":\"https:\/\/www.pogotowieflagowe.pl\/aktualne\/#organization\"},\"image\":{\"@id\":\"https:\/\/www.pogotowieflagowe.pl\/aktualne\/chca-postawic-prezydenta-nawrockiego-przed-trybunalem-stanu-schlapp-radze-mu-zeby-sie-nie-poddawal\/#primaryimage\"},\"thumbnailUrl\":\"https:\/\/www.pogotowieflagowe.pl\/aktualne\/wp-content\/uploads\/2025\/11\/Chca-postawic-prezydenta-Nawrockiego-przed-Trybunalem-Stanu-Schlapp-\u201eRadze-mu.webp.webp\",\"keywords\":[\"chc\u0105\",\"Nawrockiego\",\"Nie\",\"poddawa\u0142\",\"postawi\u0107\",\"prezydenta\",\"przed\",\"Radz\u0119\",\"Schlapp\",\"si\u0119\",\"stanu\",\"Trybuna\u0142em\",\"\u017ceby\"],\"articleSection\":[\"Aktualne\"],\"inLanguage\":\"pl-PL\",\"potentialAction\":[{\"@type\":\"CommentAction\",\"name\":\"Comment\",\"target\":[\"https:\/\/www.pogotowieflagowe.pl\/aktualne\/chca-postawic-prezydenta-nawrockiego-przed-trybunalem-stanu-schlapp-radze-mu-zeby-sie-nie-poddawal\/#respond\"]}]},{\"@type\":\"WebPage\",\"@id\":\"https:\/\/www.pogotowieflagowe.pl\/aktualne\/chca-postawic-prezydenta-nawrockiego-przed-trybunalem-stanu-schlapp-radze-mu-zeby-sie-nie-poddawal\/\",\"url\":\"https:\/\/www.pogotowieflagowe.pl\/aktualne\/chca-postawic-prezydenta-nawrockiego-przed-trybunalem-stanu-schlapp-radze-mu-zeby-sie-nie-poddawal\/\",\"name\":\"Chc\u0105 postawi\u0107 prezydenta Nawrockiego przed Trybuna\u0142em Stanu. Schlapp: \u201eRadz\u0119 mu, \u017ceby si\u0119 nie poddawa\u0142!\u201d - POGOTOWIE FLAGOWE\u00ae\",\"isPartOf\":{\"@id\":\"https:\/\/www.pogotowieflagowe.pl\/aktualne\/#website\"},\"primaryImageOfPage\":{\"@id\":\"https:\/\/www.pogotowieflagowe.pl\/aktualne\/chca-postawic-prezydenta-nawrockiego-przed-trybunalem-stanu-schlapp-radze-mu-zeby-sie-nie-poddawal\/#primaryimage\"},\"image\":{\"@id\":\"https:\/\/www.pogotowieflagowe.pl\/aktualne\/chca-postawic-prezydenta-nawrockiego-przed-trybunalem-stanu-schlapp-radze-mu-zeby-sie-nie-poddawal\/#primaryimage\"},\"thumbnailUrl\":\"https:\/\/www.pogotowieflagowe.pl\/aktualne\/wp-content\/uploads\/2025\/11\/Chca-postawic-prezydenta-Nawrockiego-przed-Trybunalem-Stanu-Schlapp-\u201eRadze-mu.webp.webp\",\"datePublished\":\"2025-11-26T14:27:31+00:00\",\"dateModified\":\"2025-11-26T14:27:32+00:00\",\"breadcrumb\":{\"@id\":\"https:\/\/www.pogotowieflagowe.pl\/aktualne\/chca-postawic-prezydenta-nawrockiego-przed-trybunalem-stanu-schlapp-radze-mu-zeby-sie-nie-poddawal\/#breadcrumb\"},\"inLanguage\":\"pl-PL\",\"potentialAction\":[{\"@type\":\"ReadAction\",\"target\":[\"https:\/\/www.pogotowieflagowe.pl\/aktualne\/chca-postawic-prezydenta-nawrockiego-przed-trybunalem-stanu-schlapp-radze-mu-zeby-sie-nie-poddawal\/\"]}]},{\"@type\":\"ImageObject\",\"inLanguage\":\"pl-PL\",\"@id\":\"https:\/\/www.pogotowieflagowe.pl\/aktualne\/chca-postawic-prezydenta-nawrockiego-przed-trybunalem-stanu-schlapp-radze-mu-zeby-sie-nie-poddawal\/#primaryimage\",\"url\":\"https:\/\/www.pogotowieflagowe.pl\/aktualne\/wp-content\/uploads\/2025\/11\/Chca-postawic-prezydenta-Nawrockiego-przed-Trybunalem-Stanu-Schlapp-\u201eRadze-mu.webp.webp\",\"contentUrl\":\"https:\/\/www.pogotowieflagowe.pl\/aktualne\/wp-content\/uploads\/2025\/11\/Chca-postawic-prezydenta-Nawrockiego-przed-Trybunalem-Stanu-Schlapp-\u201eRadze-mu.webp.webp\",\"width\":1280,\"height\":720,\"caption\":\"Chc\u0105 postawi\u0107 prezydenta Nawrockiego przed Trybuna\u0142em Stanu. Schlapp: \u201eRadz\u0119 mu, \u017ceby si\u0119 nie poddawa\u0142!\u201d\"},{\"@type\":\"BreadcrumbList\",\"@id\":\"https:\/\/www.pogotowieflagowe.pl\/aktualne\/chca-postawic-prezydenta-nawrockiego-przed-trybunalem-stanu-schlapp-radze-mu-zeby-sie-nie-poddawal\/#breadcrumb\",\"itemListElement\":[{\"@type\":\"ListItem\",\"position\":1,\"name\":\"Home\",\"item\":\"https:\/\/www.pogotowieflagowe.pl\/aktualne\/\"},{\"@type\":\"ListItem\",\"position\":2,\"name\":\"Chc\u0105 postawi\u0107 prezydenta Nawrockiego przed Trybuna\u0142em Stanu. Schlapp: \u201eRadz\u0119 mu, \u017ceby si\u0119 nie poddawa\u0142!\u201d\"}]},{\"@type\":\"WebSite\",\"@id\":\"https:\/\/www.pogotowieflagowe.pl\/aktualne\/#website\",\"url\":\"https:\/\/www.pogotowieflagowe.pl\/aktualne\/\",\"name\":\"POGOTOWIE FLAGOWE\u00ae\",\"description\":\"\",\"publisher\":{\"@id\":\"https:\/\/www.pogotowieflagowe.pl\/aktualne\/#organization\"},\"potentialAction\":[{\"@type\":\"SearchAction\",\"target\":{\"@type\":\"EntryPoint\",\"urlTemplate\":\"https:\/\/www.pogotowieflagowe.pl\/aktualne\/?s={search_term_string}\"},\"query-input\":\"required name=search_term_string\"}],\"inLanguage\":\"pl-PL\"},{\"@type\":\"Organization\",\"@id\":\"https:\/\/www.pogotowieflagowe.pl\/aktualne\/#organization\",\"name\":\"POGOTOWIE FLAGOWE\u00ae\",\"url\":\"https:\/\/www.pogotowieflagowe.pl\/aktualne\/\",\"logo\":{\"@type\":\"ImageObject\",\"inLanguage\":\"pl-PL\",\"@id\":\"https:\/\/www.pogotowieflagowe.pl\/aktualne\/#\/schema\/logo\/image\/\",\"url\":\"https:\/\/www.pogotowieflagowe.pl\/aktualne\/wp-content\/uploads\/2024\/08\/cropped-pogotowieflagowe_flaga_projekt_sm.jpg\",\"contentUrl\":\"https:\/\/www.pogotowieflagowe.pl\/aktualne\/wp-content\/uploads\/2024\/08\/cropped-pogotowieflagowe_flaga_projekt_sm.jpg\",\"width\":250,\"height\":143,\"caption\":\"POGOTOWIE FLAGOWE\u00ae\"},\"image\":{\"@id\":\"https:\/\/www.pogotowieflagowe.pl\/aktualne\/#\/schema\/logo\/image\/\"}},{\"@type\":\"Person\",\"@id\":\"https:\/\/www.pogotowieflagowe.pl\/aktualne\/#\/schema\/person\/9c2fb7d2362ebf6fa088960d7f0d27b0\",\"name\":\"Filip\",\"image\":{\"@type\":\"ImageObject\",\"inLanguage\":\"pl-PL\",\"@id\":\"https:\/\/www.pogotowieflagowe.pl\/aktualne\/#\/schema\/person\/image\/\",\"url\":\"https:\/\/www.pogotowieflagowe.pl\/aktualne\/wp-content\/uploads\/2024\/08\/pogotowieflagowe.pl_.jpg\",\"contentUrl\":\"https:\/\/www.pogotowieflagowe.pl\/aktualne\/wp-content\/uploads\/2024\/08\/pogotowieflagowe.pl_.jpg\",\"caption\":\"Filip\"},\"description\":\"Jestem Filip, polski dziennikarz z dyplomem nauk politycznych Uniwersytetu Warszawskiego. Rozpoczynaj\u0105c swoj\u0105 karier\u0119 w r\u00f3\u017cnych lokalnych mediach, zdoby\u0142em solidne do\u015bwiadczenie w zakresie \u015bledztwa i redakcji. Obecnie jako redaktor w Pogotowie flagowe, staram si\u0119 dostarcza\u0107 dog\u0142\u0119bne i istotne analizy na temat najwa\u017cniejszych kwestii aktualno\u015bci, \u0142\u0105cz\u0105c rygor z pasj\u0105 dziennikarsk\u0105.\",\"sameAs\":[\"https:\/\/www.pogotowieflagowe.pl\/\"]}]}<\/script>\n<!-- \/ Yoast SEO plugin. -->","yoast_head_json":{"title":"Chc\u0105 postawi\u0107 prezydenta Nawrockiego przed Trybuna\u0142em Stanu. Schlapp: \u201eRadz\u0119 mu, \u017ceby si\u0119 nie poddawa\u0142!\u201d - POGOTOWIE FLAGOWE\u00ae","robots":{"index":"index","follow":"follow","max-snippet":"max-snippet:-1","max-image-preview":"max-image-preview:large","max-video-preview":"max-video-preview:-1"},"canonical":"https:\/\/www.pogotowieflagowe.pl\/aktualne\/chca-postawic-prezydenta-nawrockiego-przed-trybunalem-stanu-schlapp-radze-mu-zeby-sie-nie-poddawal\/","og_locale":"pl_PL","og_type":"article","og_title":"Chc\u0105 postawi\u0107 prezydenta Nawrockiego przed Trybuna\u0142em Stanu. Schlapp: \u201eRadz\u0119 mu, \u017ceby si\u0119 nie poddawa\u0142!\u201d - POGOTOWIE FLAGOWE\u00ae","og_description":"\u201eRadz\u0119 prezydentowi Nawrockiowi nie ust\u0119powa\u0107. W starciu z przeciwnikami powinien dzia\u0142a\u0107 z jeszcze wi\u0119ksz\u0105 determinacj\u0105. Powinien pokaza\u0107, \u017ce ich taktyka","og_url":"https:\/\/www.pogotowieflagowe.pl\/aktualne\/chca-postawic-prezydenta-nawrockiego-przed-trybunalem-stanu-schlapp-radze-mu-zeby-sie-nie-poddawal\/","og_site_name":"POGOTOWIE FLAGOWE\u00ae","article_published_time":"2025-11-26T14:27:31+00:00","article_modified_time":"2025-11-26T14:27:32+00:00","og_image":[{"width":1280,"height":720,"url":"https:\/\/www.pogotowieflagowe.pl\/aktualne\/wp-content\/uploads\/2025\/11\/Chca-postawic-prezydenta-Nawrockiego-przed-Trybunalem-Stanu-Schlapp-\u201eRadze-mu.webp.webp","type":"image\/webp"}],"author":"Filip","twitter_card":"summary_large_image","twitter_misc":{"Napisane przez":"Filip","Szacowany czas czytania":"2 minuty"},"schema":{"@context":"https:\/\/schema.org","@graph":[{"@type":"Article","@id":"https:\/\/www.pogotowieflagowe.pl\/aktualne\/chca-postawic-prezydenta-nawrockiego-przed-trybunalem-stanu-schlapp-radze-mu-zeby-sie-nie-poddawal\/#article","isPartOf":{"@id":"https:\/\/www.pogotowieflagowe.pl\/aktualne\/chca-postawic-prezydenta-nawrockiego-przed-trybunalem-stanu-schlapp-radze-mu-zeby-sie-nie-poddawal\/"},"author":{"name":"Filip","@id":"https:\/\/www.pogotowieflagowe.pl\/aktualne\/#\/schema\/person\/9c2fb7d2362ebf6fa088960d7f0d27b0"},"headline":"Chc\u0105 postawi\u0107 prezydenta Nawrockiego przed Trybuna\u0142em Stanu. Schlapp: \u201eRadz\u0119 mu, \u017ceby si\u0119 nie poddawa\u0142!\u201d","datePublished":"2025-11-26T14:27:31+00:00","dateModified":"2025-11-26T14:27:32+00:00","mainEntityOfPage":{"@id":"https:\/\/www.pogotowieflagowe.pl\/aktualne\/chca-postawic-prezydenta-nawrockiego-przed-trybunalem-stanu-schlapp-radze-mu-zeby-sie-nie-poddawal\/"},"wordCount":512,"commentCount":0,"publisher":{"@id":"https:\/\/www.pogotowieflagowe.pl\/aktualne\/#organization"},"image":{"@id":"https:\/\/www.pogotowieflagowe.pl\/aktualne\/chca-postawic-prezydenta-nawrockiego-przed-trybunalem-stanu-schlapp-radze-mu-zeby-sie-nie-poddawal\/#primaryimage"},"thumbnailUrl":"https:\/\/www.pogotowieflagowe.pl\/aktualne\/wp-content\/uploads\/2025\/11\/Chca-postawic-prezydenta-Nawrockiego-przed-Trybunalem-Stanu-Schlapp-\u201eRadze-mu.webp.webp","keywords":["chc\u0105","Nawrockiego","Nie","poddawa\u0142","postawi\u0107","prezydenta","przed","Radz\u0119","Schlapp","si\u0119","stanu","Trybuna\u0142em","\u017ceby"],"articleSection":["Aktualne"],"inLanguage":"pl-PL","potentialAction":[{"@type":"CommentAction","name":"Comment","target":["https:\/\/www.pogotowieflagowe.pl\/aktualne\/chca-postawic-prezydenta-nawrockiego-przed-trybunalem-stanu-schlapp-radze-mu-zeby-sie-nie-poddawal\/#respond"]}]},{"@type":"WebPage","@id":"https:\/\/www.pogotowieflagowe.pl\/aktualne\/chca-postawic-prezydenta-nawrockiego-przed-trybunalem-stanu-schlapp-radze-mu-zeby-sie-nie-poddawal\/","url":"https:\/\/www.pogotowieflagowe.pl\/aktualne\/chca-postawic-prezydenta-nawrockiego-przed-trybunalem-stanu-schlapp-radze-mu-zeby-sie-nie-poddawal\/","name":"Chc\u0105 postawi\u0107 prezydenta Nawrockiego przed Trybuna\u0142em Stanu. Schlapp: \u201eRadz\u0119 mu, \u017ceby si\u0119 nie poddawa\u0142!\u201d - POGOTOWIE FLAGOWE\u00ae","isPartOf":{"@id":"https:\/\/www.pogotowieflagowe.pl\/aktualne\/#website"},"primaryImageOfPage":{"@id":"https:\/\/www.pogotowieflagowe.pl\/aktualne\/chca-postawic-prezydenta-nawrockiego-przed-trybunalem-stanu-schlapp-radze-mu-zeby-sie-nie-poddawal\/#primaryimage"},"image":{"@id":"https:\/\/www.pogotowieflagowe.pl\/aktualne\/chca-postawic-prezydenta-nawrockiego-przed-trybunalem-stanu-schlapp-radze-mu-zeby-sie-nie-poddawal\/#primaryimage"},"thumbnailUrl":"https:\/\/www.pogotowieflagowe.pl\/aktualne\/wp-content\/uploads\/2025\/11\/Chca-postawic-prezydenta-Nawrockiego-przed-Trybunalem-Stanu-Schlapp-\u201eRadze-mu.webp.webp","datePublished":"2025-11-26T14:27:31+00:00","dateModified":"2025-11-26T14:27:32+00:00","breadcrumb":{"@id":"https:\/\/www.pogotowieflagowe.pl\/aktualne\/chca-postawic-prezydenta-nawrockiego-przed-trybunalem-stanu-schlapp-radze-mu-zeby-sie-nie-poddawal\/#breadcrumb"},"inLanguage":"pl-PL","potentialAction":[{"@type":"ReadAction","target":["https:\/\/www.pogotowieflagowe.pl\/aktualne\/chca-postawic-prezydenta-nawrockiego-przed-trybunalem-stanu-schlapp-radze-mu-zeby-sie-nie-poddawal\/"]}]},{"@type":"ImageObject","inLanguage":"pl-PL","@id":"https:\/\/www.pogotowieflagowe.pl\/aktualne\/chca-postawic-prezydenta-nawrockiego-przed-trybunalem-stanu-schlapp-radze-mu-zeby-sie-nie-poddawal\/#primaryimage","url":"https:\/\/www.pogotowieflagowe.pl\/aktualne\/wp-content\/uploads\/2025\/11\/Chca-postawic-prezydenta-Nawrockiego-przed-Trybunalem-Stanu-Schlapp-\u201eRadze-mu.webp.webp","contentUrl":"https:\/\/www.pogotowieflagowe.pl\/aktualne\/wp-content\/uploads\/2025\/11\/Chca-postawic-prezydenta-Nawrockiego-przed-Trybunalem-Stanu-Schlapp-\u201eRadze-mu.webp.webp","width":1280,"height":720,"caption":"Chc\u0105 postawi\u0107 prezydenta Nawrockiego przed Trybuna\u0142em Stanu. Schlapp: \u201eRadz\u0119 mu, \u017ceby si\u0119 nie poddawa\u0142!\u201d"},{"@type":"BreadcrumbList","@id":"https:\/\/www.pogotowieflagowe.pl\/aktualne\/chca-postawic-prezydenta-nawrockiego-przed-trybunalem-stanu-schlapp-radze-mu-zeby-sie-nie-poddawal\/#breadcrumb","itemListElement":[{"@type":"ListItem","position":1,"name":"Home","item":"https:\/\/www.pogotowieflagowe.pl\/aktualne\/"},{"@type":"ListItem","position":2,"name":"Chc\u0105 postawi\u0107 prezydenta Nawrockiego przed Trybuna\u0142em Stanu. Schlapp: \u201eRadz\u0119 mu, \u017ceby si\u0119 nie poddawa\u0142!\u201d"}]},{"@type":"WebSite","@id":"https:\/\/www.pogotowieflagowe.pl\/aktualne\/#website","url":"https:\/\/www.pogotowieflagowe.pl\/aktualne\/","name":"POGOTOWIE FLAGOWE\u00ae","description":"","publisher":{"@id":"https:\/\/www.pogotowieflagowe.pl\/aktualne\/#organization"},"potentialAction":[{"@type":"SearchAction","target":{"@type":"EntryPoint","urlTemplate":"https:\/\/www.pogotowieflagowe.pl\/aktualne\/?s={search_term_string}"},"query-input":"required name=search_term_string"}],"inLanguage":"pl-PL"},{"@type":"Organization","@id":"https:\/\/www.pogotowieflagowe.pl\/aktualne\/#organization","name":"POGOTOWIE FLAGOWE\u00ae","url":"https:\/\/www.pogotowieflagowe.pl\/aktualne\/","logo":{"@type":"ImageObject","inLanguage":"pl-PL","@id":"https:\/\/www.pogotowieflagowe.pl\/aktualne\/#\/schema\/logo\/image\/","url":"https:\/\/www.pogotowieflagowe.pl\/aktualne\/wp-content\/uploads\/2024\/08\/cropped-pogotowieflagowe_flaga_projekt_sm.jpg","contentUrl":"https:\/\/www.pogotowieflagowe.pl\/aktualne\/wp-content\/uploads\/2024\/08\/cropped-pogotowieflagowe_flaga_projekt_sm.jpg","width":250,"height":143,"caption":"POGOTOWIE FLAGOWE\u00ae"},"image":{"@id":"https:\/\/www.pogotowieflagowe.pl\/aktualne\/#\/schema\/logo\/image\/"}},{"@type":"Person","@id":"https:\/\/www.pogotowieflagowe.pl\/aktualne\/#\/schema\/person\/9c2fb7d2362ebf6fa088960d7f0d27b0","name":"Filip","image":{"@type":"ImageObject","inLanguage":"pl-PL","@id":"https:\/\/www.pogotowieflagowe.pl\/aktualne\/#\/schema\/person\/image\/","url":"https:\/\/www.pogotowieflagowe.pl\/aktualne\/wp-content\/uploads\/2024\/08\/pogotowieflagowe.pl_.jpg","contentUrl":"https:\/\/www.pogotowieflagowe.pl\/aktualne\/wp-content\/uploads\/2024\/08\/pogotowieflagowe.pl_.jpg","caption":"Filip"},"description":"Jestem Filip, polski dziennikarz z dyplomem nauk politycznych Uniwersytetu Warszawskiego. Rozpoczynaj\u0105c swoj\u0105 karier\u0119 w r\u00f3\u017cnych lokalnych mediach, zdoby\u0142em solidne do\u015bwiadczenie w zakresie \u015bledztwa i redakcji. Obecnie jako redaktor w Pogotowie flagowe, staram si\u0119 dostarcza\u0107 dog\u0142\u0119bne i istotne analizy na temat najwa\u017cniejszych kwestii aktualno\u015bci, \u0142\u0105cz\u0105c rygor z pasj\u0105 dziennikarsk\u0105.","sameAs":["https:\/\/www.pogotowieflagowe.pl\/"]}]}},"_links":{"self":[{"href":"https:\/\/www.pogotowieflagowe.pl\/aktualne\/wp-json\/wp\/v2\/posts\/11048","targetHints":{"allow":["GET"]}}],"collection":[{"href":"https:\/\/www.pogotowieflagowe.pl\/aktualne\/wp-json\/wp\/v2\/posts"}],"about":[{"href":"https:\/\/www.pogotowieflagowe.pl\/aktualne\/wp-json\/wp\/v2\/types\/post"}],"author":[{"embeddable":true,"href":"https:\/\/www.pogotowieflagowe.pl\/aktualne\/wp-json\/wp\/v2\/users\/1"}],"replies":[{"embeddable":true,"href":"https:\/\/www.pogotowieflagowe.pl\/aktualne\/wp-json\/wp\/v2\/comments?post=11048"}],"version-history":[{"count":1,"href":"https:\/\/www.pogotowieflagowe.pl\/aktualne\/wp-json\/wp\/v2\/posts\/11048\/revisions"}],"predecessor-version":[{"id":11050,"href":"https:\/\/www.pogotowieflagowe.pl\/aktualne\/wp-json\/wp\/v2\/posts\/11048\/revisions\/11050"}],"wp:featuredmedia":[{"embeddable":true,"href":"https:\/\/www.pogotowieflagowe.pl\/aktualne\/wp-json\/wp\/v2\/media\/11049"}],"wp:attachment":[{"href":"https:\/\/www.pogotowieflagowe.pl\/aktualne\/wp-json\/wp\/v2\/media?parent=11048"}],"wp:term":[{"taxonomy":"category","embeddable":true,"href":"https:\/\/www.pogotowieflagowe.pl\/aktualne\/wp-json\/wp\/v2\/categories?post=11048"},{"taxonomy":"post_tag","embeddable":true,"href":"https:\/\/www.pogotowieflagowe.pl\/aktualne\/wp-json\/wp\/v2\/tags?post=11048"}],"curies":[{"name":"wp","href":"https:\/\/api.w.org\/{rel}","templated":true}]}}