{"id":11060,"date":"2025-11-26T23:08:06","date_gmt":"2025-11-26T22:08:06","guid":{"rendered":"https:\/\/www.pogotowieflagowe.pl\/aktualne\/rzad-zmniejszy-ochrone-chrzescijan-pretekstem-ma-byc-orzeczenie-w-sprawie-dody\/"},"modified":"2025-11-26T23:08:07","modified_gmt":"2025-11-26T22:08:07","slug":"rzad-zmniejszy-ochrone-chrzescijan-pretekstem-ma-byc-orzeczenie-w-sprawie-dody","status":"publish","type":"post","link":"https:\/\/www.pogotowieflagowe.pl\/aktualne\/rzad-zmniejszy-ochrone-chrzescijan-pretekstem-ma-byc-orzeczenie-w-sprawie-dody\/","title":{"rendered":"Rz\u0105d zmniejszy ochron\u0119 chrze\u015bcijan? Pretekstem ma by\u0107 orzeczenie w sprawie Dody"},"content":{"rendered":"\n<div class=\"td_block_wrap tdb_single_content tdi_46 td-pb-border-top td_block_template_8 td-post-content tagdiv-type\" data-td-block-uid=\"tdi_46\">\n<style>.tdi_46{margines-g\u00f3rny:0px!important;margin-bottom:0px!important;dope\u0142nienie-g\u00f3ra:0px!important;dope\u0142nienie-d\u00f3\u0142:0px!important}<\/style>\n<style>.tdb_single_content{margin-bottom:0;*zoom:1}.tdb_single_content:before,.tdb_single_content:after{display:table;content:'';line-height:0}.tdb_single_content:after{clear:both}.tdb_single_content .tdb-block-inner>*:not(.wp-block-quote):not(.alignwide):not(.alignfull.wp-block-cover.has-parallax):not(.td-a-ad){margin-left:auto;margin-right:auto}.tdb_single_content a{pointer-events:auto}.tdb_single_content .td-spot-id-top_ad .tdc-placeholder-title:before{content:'Najlepsza reklama artyku\u0142u'!important}.tdb_single_content .td-spot-id-inline_ad0 .tdc-placeholder-title:before{content:'Reklama wbudowana artyku\u0142u 1'!important}.tdb_single_content .td-spot-id-inline_ad1 .tdc-placeholder-title:before{content:'Wbudowana reklama w artykule 2'!important}.tdb_single_content .td-spot-id-inline_ad2 .tdc-placeholder-title:before{content:'Wbudowana reklama w artykule 3'!important}.tdb_single_content .td-spot-id-bottom_ad .tdc-placeholder-title:before{content:'Article Bottom Ad'!important}.tdb_single_content .id_top_ad,.tdb_single_content .id_bottom_ad{clear:both;margin-bottom:21px;text-align:center}.tdb_single_content .id_top_ad img,.tdb_single_content .id_bottom_ad img{margin-bottom:0}.tdb_single_content .id_top_ad .adsbygoogle,.tdb_single_content .id_bottom_ad .adsbygoogle{position:relative}.tdb_single_content .id_ad_content-horiz-left,.tdb_single_content .id_ad_content-horiz-right,.tdb_single_content .id_ad_content-horiz-center{margin-bottom:15px}.tdb_single_content .id_ad_content-horiz-left img,.tdb_single_content .id_ad_content-horiz-right img,.tdb_single_content .id_ad_content-horiz-center img{margin-bottom:0}.tdb_single_content .id_ad_content-horiz-center{text-align:center}.tdb_single_content .id_ad_content-horiz-center img{margin-right:auto;margin-left:auto}.tdb_single_content .id_ad_content-horiz-left{float:left;margin-top:9px;margin-right:21px}.tdb_single_content .id_ad_content-horiz-right{float:right;margin-top:6px;margin-left:21px}.tdb_single_content .tdc-a-ad .tdc-placeholder-title{width:300px;height:250px}.tdb_single_content .tdc-a-ad .tdc-placeholder-title:before{position:absolute;top:50%;-webkit-transform:translateY(-50%);transform:translateY(-50%);margin:auto;display:table;width:100%}.tdb_single_content .tdb-block-inner.td-fix-index{word-break:break-word}.tdi_46,.tdi_46>p,.tdi_46 .tdb-block-inner>p,.wp-block-column>p{font-size:16px!important;line-height:1.6!important}.tdi_46 .tdb-block-inner blockquote p{font-style:normal!important}@media (max-width:767px){.tdb_single_content .id_ad_content-horiz-left,.tdb_single_content .id_ad_content-horiz-right,.tdb_single_content .id_ad_content-horiz-center{margin:0 auto 26 pikseli auto}}@media (max-width:767px){.tdb_single_content .id_ad_content-horiz-left{margin-right:0}}@media (max-width:767px){.tdb_single_content .id_ad_content-horiz-right{margin-left:0}}@media (max-width:767px){.tdb_single_content .td-a-ad{float:none;text-align:center}.tdb_single_content .td-a-ad img{margin-right:auto;margin-left:auto}.tdb_single_content .tdc-a-ad{float:none}}<\/style>\n<div class=\"tdb-block-inner td-fix-index\">\n<p><em>Fidei Defensor<\/em> fundacja stwierdza, \u017ce \u200b\u200bMinisterstwo Sprawiedliwo\u015bci tworzy niebezpieczny precedens. Sprawa dotyczy planowanego usuni\u0119cia kar pozbawienia wolno\u015bci za obraz\u0119 uczu\u0107 religijnych. Zmiana zosta\u0142a uwzgl\u0119dniona w harmonogramie prac legislacyjnych Rady Ministr\u00f3w.<\/p>\n<p>Zdaniem fundacji projekt przygotowany pod kierunkiem wiceministra Arkadiusza Myrchy wykorzystuje przypadek Doroty Rabczewskiej (<em>Doda<\/em>) jako pretekst. W 2009 roku piosenkarka okre\u015bli\u0142a autor\u00f3w Biblii jako \u201epijanych winem i pal\u0105cych zio\u0142a\u201d. W 2012 roku s\u0105d skaza\u0142 j\u0105 na kar\u0119 grzywny w wysoko\u015bci pi\u0119ciu tysi\u0119cy z\u0142otych. <em>Doda <\/em>z\u0142o\u017cy\u0142a skarg\u0119 do Europejskiego Trybuna\u0142u Praw Cz\u0142owieka, zarzucaj\u0105c naruszenie jej prawa do wolno\u015bci s\u0142owa.<\/p>\n<h2 class=\"wp-block-heading\">Pod kierunkiem Europejskiego Trybuna\u0142u<\/h2>\n<p>W 2022 r. ETPC orzek\u0142, \u017ce kara jest nieproporcjonalna do charakteru o\u015bwiadczenia. S\u0119dziowie stwierdzili, \u017ce \u201epa\u0144stwo powinno szuka\u0107 r\u00f3wnowagi pomi\u0119dzy wolno\u015bci\u0105 wypowiedzi a ochron\u0105 uczu\u0107 os\u00f3b wierz\u0105cych, jednak surowo\u015b\u0107 sankcji, w tym potencjalna kara pozbawienia wolno\u015bci, mo\u017ce by\u0107 nadmierna\u201d. Polskie ministerstwo zdecydowa\u0142o si\u0119 zastosowa\u0107 do wytycznych s\u0105du.<\/p>\n<p>Plan ministerstwa zak\u0142ada usuni\u0119cie z art. 196 kodeksu karnego (obraza uczu\u0107 religijnych) kary pozbawienia wolno\u015bci do dw\u00f3ch lat. Pozostan\u0105 jedynie kary pieni\u0119\u017cne i ograniczenie wolno\u015bci. Zmiana zosta\u0142a dodana do harmonogramu prac legislacyjnych Rady Ministr\u00f3w pod numerem UD333 w dniu 18 listopada 2025 r.<\/p>\n<h2 class=\"wp-block-heading\">\u201eNiebezpieczny precedens\u201d<\/h2>\n<p><em>Fidei Defensor<\/em> informuje, \u017ce wed\u0142ug ministerstwa taka surowo\u015b\u0107 nie jest konieczna ze wzgl\u0119du na Konstytucj\u0119 RP i zobowi\u0105zania mi\u0119dzynarodowe oraz \u017ce zmiana zapewni proporcjonalno\u015b\u0107 kar przy wi\u0119kszym poszanowaniu wolno\u015bci s\u0142owa. Fundacja podkre\u015bla jednak, \u017ce plan stwarza niebezpieczny precedens. <strong>&#8222;Ograniczenie sankcji do \u015brodk\u00f3w pozaizolacyjnych pa\u0144stwo sygnalizuje, \u017ce obraza uczu\u0107 religijnych &#8211; np. publiczne zniewa\u017cenie krzy\u017ca, Maryi czy Eucharystii &#8211; nie zas\u0142uguje na zdecydowan\u0105 reakcj\u0119. W spo\u0142ecze\u0144stwie, w kt\u00f3rym ataki na symbole wiary s\u0105 niezwykle cz\u0119ste, taka pob\u0142a\u017cliwo\u015b\u0107 mo\u017ce prowadzi\u0107 do erozji szacunku dla sacrum. Ponadto zniesienie kary pozbawienia wolno\u015bci uniemo\u017cliwi zastosowanie tymczasowego aresztu, co w przypadku ra\u017c\u0105cej profanacji mog\u0142oby pozwoli\u0107 sprawcom na kontynuowanie swoich dzia\u0142a\u0144 przed rozprawa\u201d,<\/strong> to podkre\u015bla.<\/p>\n<p>Fundacja podkre\u015bla, \u017ce \u200b\u200bplanowane zmiany pog\u0142\u0119biaj\u0105 marginalizacj\u0119 uczu\u0107 religijnych chrze\u015bcijan. <strong>\u201eZamiast \u0142agodzenia kar pa\u0144stwo powinno wzmocni\u0107 ochron\u0119 sacrum, aby zapewni\u0107 r\u00f3wnowag\u0119 mi\u0119dzy wolno\u015bci\u0105 s\u0142owa a szacunkiem dla Boga\u201d \u2013 doda\u0142.<\/strong> \u2013 czytamy na ich stronie internetowej.<\/p>\n<figure class=\"wp-block-pullquote\">\n<blockquote>\n<p><strong>&#8222;Trzeba przypomina\u0107 decydentom, \u017ce Polska ma chrze\u015bcija\u0144skie korzenie. Tylko w ten spos\u00f3b mo\u017cemy zachowa\u0107 spo\u0142ecze\u0144stwo, w kt\u00f3rym wiara jest szanowana, a nie wy\u015bmiewana&#8221;<\/strong> apelacje <em>Fidei Defensor<\/em>.<\/p>\n<\/blockquote>\n<\/figure>\n<\/div>\n<\/div>\n","protected":false},"excerpt":{"rendered":"<p>Fidei Defensor fundacja stwierdza, \u017ce \u200b\u200bMinisterstwo Sprawiedliwo\u015bci tworzy niebezpieczny precedens. Sprawa dotyczy planowanego usuni\u0119cia kar pozbawienia wolno\u015bci za obraz\u0119 uczu\u0107<\/p>\n","protected":false},"author":1,"featured_media":11061,"comment_status":"open","ping_status":"open","sticky":false,"template":"","format":"standard","meta":{"footnotes":""},"categories":[4748],"tags":[2755,11569,12480,2112,1609,12479,1554,35,12478],"class_list":["post-11060","post","type-post","status-publish","format-standard","has-post-thumbnail","hentry","category-aktualne","tag-byc","tag-chrzescijan","tag-dody","tag-ochrone","tag-orzeczenie","tag-pretekstem","tag-rzad","tag-sprawie","tag-zmniejszy","generate-columns","tablet-grid-50","mobile-grid-100","grid-parent","grid-50","resize-featured-image"],"yoast_head":"<!-- This site is optimized with the Yoast SEO plugin v23.2 - https:\/\/yoast.com\/wordpress\/plugins\/seo\/ -->\n<title>Rz\u0105d zmniejszy ochron\u0119 chrze\u015bcijan? Pretekstem ma by\u0107 orzeczenie w sprawie Dody - POGOTOWIE FLAGOWE\u00ae<\/title>\n<meta name=\"robots\" content=\"index, follow, max-snippet:-1, max-image-preview:large, max-video-preview:-1\" \/>\n<link rel=\"canonical\" href=\"https:\/\/www.pogotowieflagowe.pl\/aktualne\/rzad-zmniejszy-ochrone-chrzescijan-pretekstem-ma-byc-orzeczenie-w-sprawie-dody\/\" \/>\n<meta property=\"og:locale\" content=\"pl_PL\" \/>\n<meta property=\"og:type\" content=\"article\" \/>\n<meta property=\"og:title\" content=\"Rz\u0105d zmniejszy ochron\u0119 chrze\u015bcijan? Pretekstem ma by\u0107 orzeczenie w sprawie Dody - POGOTOWIE FLAGOWE\u00ae\" \/>\n<meta property=\"og:description\" content=\"Fidei Defensor fundacja stwierdza, \u017ce \u200b\u200bMinisterstwo Sprawiedliwo\u015bci tworzy niebezpieczny precedens. Sprawa dotyczy planowanego usuni\u0119cia kar pozbawienia wolno\u015bci za obraz\u0119 uczu\u0107\" \/>\n<meta property=\"og:url\" content=\"https:\/\/www.pogotowieflagowe.pl\/aktualne\/rzad-zmniejszy-ochrone-chrzescijan-pretekstem-ma-byc-orzeczenie-w-sprawie-dody\/\" \/>\n<meta property=\"og:site_name\" content=\"POGOTOWIE FLAGOWE\u00ae\" \/>\n<meta property=\"article:published_time\" content=\"2025-11-26T22:08:06+00:00\" \/>\n<meta property=\"article:modified_time\" content=\"2025-11-26T22:08:07+00:00\" \/>\n<meta property=\"og:image\" content=\"https:\/\/www.pogotowieflagowe.pl\/aktualne\/wp-content\/uploads\/2025\/11\/Rzad-zmniejszy-ochrone-chrzescijan-Pretekstem-ma-byc-orzeczenie-w-sprawie.webp.webp\" \/>\n\t<meta property=\"og:image:width\" content=\"1280\" \/>\n\t<meta property=\"og:image:height\" content=\"720\" \/>\n\t<meta property=\"og:image:type\" content=\"image\/webp\" \/>\n<meta name=\"author\" content=\"Filip\" \/>\n<meta name=\"twitter:card\" content=\"summary_large_image\" \/>\n<meta name=\"twitter:label1\" content=\"Napisane przez\" \/>\n\t<meta name=\"twitter:data1\" content=\"Filip\" \/>\n\t<meta name=\"twitter:label2\" content=\"Szacowany czas czytania\" \/>\n\t<meta name=\"twitter:data2\" content=\"2 minuty\" \/>\n<script type=\"application\/ld+json\" class=\"yoast-schema-graph\">{\"@context\":\"https:\/\/schema.org\",\"@graph\":[{\"@type\":\"Article\",\"@id\":\"https:\/\/www.pogotowieflagowe.pl\/aktualne\/rzad-zmniejszy-ochrone-chrzescijan-pretekstem-ma-byc-orzeczenie-w-sprawie-dody\/#article\",\"isPartOf\":{\"@id\":\"https:\/\/www.pogotowieflagowe.pl\/aktualne\/rzad-zmniejszy-ochrone-chrzescijan-pretekstem-ma-byc-orzeczenie-w-sprawie-dody\/\"},\"author\":{\"name\":\"Filip\",\"@id\":\"https:\/\/www.pogotowieflagowe.pl\/aktualne\/#\/schema\/person\/9c2fb7d2362ebf6fa088960d7f0d27b0\"},\"headline\":\"Rz\u0105d zmniejszy ochron\u0119 chrze\u015bcijan? Pretekstem ma by\u0107 orzeczenie w sprawie Dody\",\"datePublished\":\"2025-11-26T22:08:06+00:00\",\"dateModified\":\"2025-11-26T22:08:07+00:00\",\"mainEntityOfPage\":{\"@id\":\"https:\/\/www.pogotowieflagowe.pl\/aktualne\/rzad-zmniejszy-ochrone-chrzescijan-pretekstem-ma-byc-orzeczenie-w-sprawie-dody\/\"},\"wordCount\":446,\"commentCount\":0,\"publisher\":{\"@id\":\"https:\/\/www.pogotowieflagowe.pl\/aktualne\/#organization\"},\"image\":{\"@id\":\"https:\/\/www.pogotowieflagowe.pl\/aktualne\/rzad-zmniejszy-ochrone-chrzescijan-pretekstem-ma-byc-orzeczenie-w-sprawie-dody\/#primaryimage\"},\"thumbnailUrl\":\"https:\/\/www.pogotowieflagowe.pl\/aktualne\/wp-content\/uploads\/2025\/11\/Rzad-zmniejszy-ochrone-chrzescijan-Pretekstem-ma-byc-orzeczenie-w-sprawie.webp.webp\",\"keywords\":[\"by\u0107\",\"chrze\u015bcijan\",\"Dody\",\"ochron\u0119\",\"Orzeczenie\",\"Pretekstem\",\"Rz\u0105d\",\"sprawie\",\"zmniejszy\"],\"articleSection\":[\"Aktualne\"],\"inLanguage\":\"pl-PL\",\"potentialAction\":[{\"@type\":\"CommentAction\",\"name\":\"Comment\",\"target\":[\"https:\/\/www.pogotowieflagowe.pl\/aktualne\/rzad-zmniejszy-ochrone-chrzescijan-pretekstem-ma-byc-orzeczenie-w-sprawie-dody\/#respond\"]}]},{\"@type\":\"WebPage\",\"@id\":\"https:\/\/www.pogotowieflagowe.pl\/aktualne\/rzad-zmniejszy-ochrone-chrzescijan-pretekstem-ma-byc-orzeczenie-w-sprawie-dody\/\",\"url\":\"https:\/\/www.pogotowieflagowe.pl\/aktualne\/rzad-zmniejszy-ochrone-chrzescijan-pretekstem-ma-byc-orzeczenie-w-sprawie-dody\/\",\"name\":\"Rz\u0105d zmniejszy ochron\u0119 chrze\u015bcijan? Pretekstem ma by\u0107 orzeczenie w sprawie Dody - POGOTOWIE FLAGOWE\u00ae\",\"isPartOf\":{\"@id\":\"https:\/\/www.pogotowieflagowe.pl\/aktualne\/#website\"},\"primaryImageOfPage\":{\"@id\":\"https:\/\/www.pogotowieflagowe.pl\/aktualne\/rzad-zmniejszy-ochrone-chrzescijan-pretekstem-ma-byc-orzeczenie-w-sprawie-dody\/#primaryimage\"},\"image\":{\"@id\":\"https:\/\/www.pogotowieflagowe.pl\/aktualne\/rzad-zmniejszy-ochrone-chrzescijan-pretekstem-ma-byc-orzeczenie-w-sprawie-dody\/#primaryimage\"},\"thumbnailUrl\":\"https:\/\/www.pogotowieflagowe.pl\/aktualne\/wp-content\/uploads\/2025\/11\/Rzad-zmniejszy-ochrone-chrzescijan-Pretekstem-ma-byc-orzeczenie-w-sprawie.webp.webp\",\"datePublished\":\"2025-11-26T22:08:06+00:00\",\"dateModified\":\"2025-11-26T22:08:07+00:00\",\"breadcrumb\":{\"@id\":\"https:\/\/www.pogotowieflagowe.pl\/aktualne\/rzad-zmniejszy-ochrone-chrzescijan-pretekstem-ma-byc-orzeczenie-w-sprawie-dody\/#breadcrumb\"},\"inLanguage\":\"pl-PL\",\"potentialAction\":[{\"@type\":\"ReadAction\",\"target\":[\"https:\/\/www.pogotowieflagowe.pl\/aktualne\/rzad-zmniejszy-ochrone-chrzescijan-pretekstem-ma-byc-orzeczenie-w-sprawie-dody\/\"]}]},{\"@type\":\"ImageObject\",\"inLanguage\":\"pl-PL\",\"@id\":\"https:\/\/www.pogotowieflagowe.pl\/aktualne\/rzad-zmniejszy-ochrone-chrzescijan-pretekstem-ma-byc-orzeczenie-w-sprawie-dody\/#primaryimage\",\"url\":\"https:\/\/www.pogotowieflagowe.pl\/aktualne\/wp-content\/uploads\/2025\/11\/Rzad-zmniejszy-ochrone-chrzescijan-Pretekstem-ma-byc-orzeczenie-w-sprawie.webp.webp\",\"contentUrl\":\"https:\/\/www.pogotowieflagowe.pl\/aktualne\/wp-content\/uploads\/2025\/11\/Rzad-zmniejszy-ochrone-chrzescijan-Pretekstem-ma-byc-orzeczenie-w-sprawie.webp.webp\",\"width\":1280,\"height\":720,\"caption\":\"Rz\u0105d zmniejszy ochron\u0119 chrze\u015bcijan? Pretekstem ma by\u0107 orzeczenie w sprawie Dody\"},{\"@type\":\"BreadcrumbList\",\"@id\":\"https:\/\/www.pogotowieflagowe.pl\/aktualne\/rzad-zmniejszy-ochrone-chrzescijan-pretekstem-ma-byc-orzeczenie-w-sprawie-dody\/#breadcrumb\",\"itemListElement\":[{\"@type\":\"ListItem\",\"position\":1,\"name\":\"Home\",\"item\":\"https:\/\/www.pogotowieflagowe.pl\/aktualne\/\"},{\"@type\":\"ListItem\",\"position\":2,\"name\":\"Rz\u0105d zmniejszy ochron\u0119 chrze\u015bcijan? Pretekstem ma by\u0107 orzeczenie w sprawie Dody\"}]},{\"@type\":\"WebSite\",\"@id\":\"https:\/\/www.pogotowieflagowe.pl\/aktualne\/#website\",\"url\":\"https:\/\/www.pogotowieflagowe.pl\/aktualne\/\",\"name\":\"POGOTOWIE FLAGOWE\u00ae\",\"description\":\"\",\"publisher\":{\"@id\":\"https:\/\/www.pogotowieflagowe.pl\/aktualne\/#organization\"},\"potentialAction\":[{\"@type\":\"SearchAction\",\"target\":{\"@type\":\"EntryPoint\",\"urlTemplate\":\"https:\/\/www.pogotowieflagowe.pl\/aktualne\/?s={search_term_string}\"},\"query-input\":\"required name=search_term_string\"}],\"inLanguage\":\"pl-PL\"},{\"@type\":\"Organization\",\"@id\":\"https:\/\/www.pogotowieflagowe.pl\/aktualne\/#organization\",\"name\":\"POGOTOWIE FLAGOWE\u00ae\",\"url\":\"https:\/\/www.pogotowieflagowe.pl\/aktualne\/\",\"logo\":{\"@type\":\"ImageObject\",\"inLanguage\":\"pl-PL\",\"@id\":\"https:\/\/www.pogotowieflagowe.pl\/aktualne\/#\/schema\/logo\/image\/\",\"url\":\"https:\/\/www.pogotowieflagowe.pl\/aktualne\/wp-content\/uploads\/2024\/08\/cropped-pogotowieflagowe_flaga_projekt_sm.jpg\",\"contentUrl\":\"https:\/\/www.pogotowieflagowe.pl\/aktualne\/wp-content\/uploads\/2024\/08\/cropped-pogotowieflagowe_flaga_projekt_sm.jpg\",\"width\":250,\"height\":143,\"caption\":\"POGOTOWIE FLAGOWE\u00ae\"},\"image\":{\"@id\":\"https:\/\/www.pogotowieflagowe.pl\/aktualne\/#\/schema\/logo\/image\/\"}},{\"@type\":\"Person\",\"@id\":\"https:\/\/www.pogotowieflagowe.pl\/aktualne\/#\/schema\/person\/9c2fb7d2362ebf6fa088960d7f0d27b0\",\"name\":\"Filip\",\"image\":{\"@type\":\"ImageObject\",\"inLanguage\":\"pl-PL\",\"@id\":\"https:\/\/www.pogotowieflagowe.pl\/aktualne\/#\/schema\/person\/image\/\",\"url\":\"https:\/\/www.pogotowieflagowe.pl\/aktualne\/wp-content\/uploads\/2024\/08\/pogotowieflagowe.pl_.jpg\",\"contentUrl\":\"https:\/\/www.pogotowieflagowe.pl\/aktualne\/wp-content\/uploads\/2024\/08\/pogotowieflagowe.pl_.jpg\",\"caption\":\"Filip\"},\"description\":\"Jestem Filip, polski dziennikarz z dyplomem nauk politycznych Uniwersytetu Warszawskiego. Rozpoczynaj\u0105c swoj\u0105 karier\u0119 w r\u00f3\u017cnych lokalnych mediach, zdoby\u0142em solidne do\u015bwiadczenie w zakresie \u015bledztwa i redakcji. Obecnie jako redaktor w Pogotowie flagowe, staram si\u0119 dostarcza\u0107 dog\u0142\u0119bne i istotne analizy na temat najwa\u017cniejszych kwestii aktualno\u015bci, \u0142\u0105cz\u0105c rygor z pasj\u0105 dziennikarsk\u0105.\",\"sameAs\":[\"https:\/\/www.pogotowieflagowe.pl\/\"]}]}<\/script>\n<!-- \/ Yoast SEO plugin. -->","yoast_head_json":{"title":"Rz\u0105d zmniejszy ochron\u0119 chrze\u015bcijan? Pretekstem ma by\u0107 orzeczenie w sprawie Dody - POGOTOWIE FLAGOWE\u00ae","robots":{"index":"index","follow":"follow","max-snippet":"max-snippet:-1","max-image-preview":"max-image-preview:large","max-video-preview":"max-video-preview:-1"},"canonical":"https:\/\/www.pogotowieflagowe.pl\/aktualne\/rzad-zmniejszy-ochrone-chrzescijan-pretekstem-ma-byc-orzeczenie-w-sprawie-dody\/","og_locale":"pl_PL","og_type":"article","og_title":"Rz\u0105d zmniejszy ochron\u0119 chrze\u015bcijan? Pretekstem ma by\u0107 orzeczenie w sprawie Dody - POGOTOWIE FLAGOWE\u00ae","og_description":"Fidei Defensor fundacja stwierdza, \u017ce \u200b\u200bMinisterstwo Sprawiedliwo\u015bci tworzy niebezpieczny precedens. Sprawa dotyczy planowanego usuni\u0119cia kar pozbawienia wolno\u015bci za obraz\u0119 uczu\u0107","og_url":"https:\/\/www.pogotowieflagowe.pl\/aktualne\/rzad-zmniejszy-ochrone-chrzescijan-pretekstem-ma-byc-orzeczenie-w-sprawie-dody\/","og_site_name":"POGOTOWIE FLAGOWE\u00ae","article_published_time":"2025-11-26T22:08:06+00:00","article_modified_time":"2025-11-26T22:08:07+00:00","og_image":[{"width":1280,"height":720,"url":"https:\/\/www.pogotowieflagowe.pl\/aktualne\/wp-content\/uploads\/2025\/11\/Rzad-zmniejszy-ochrone-chrzescijan-Pretekstem-ma-byc-orzeczenie-w-sprawie.webp.webp","type":"image\/webp"}],"author":"Filip","twitter_card":"summary_large_image","twitter_misc":{"Napisane przez":"Filip","Szacowany czas czytania":"2 minuty"},"schema":{"@context":"https:\/\/schema.org","@graph":[{"@type":"Article","@id":"https:\/\/www.pogotowieflagowe.pl\/aktualne\/rzad-zmniejszy-ochrone-chrzescijan-pretekstem-ma-byc-orzeczenie-w-sprawie-dody\/#article","isPartOf":{"@id":"https:\/\/www.pogotowieflagowe.pl\/aktualne\/rzad-zmniejszy-ochrone-chrzescijan-pretekstem-ma-byc-orzeczenie-w-sprawie-dody\/"},"author":{"name":"Filip","@id":"https:\/\/www.pogotowieflagowe.pl\/aktualne\/#\/schema\/person\/9c2fb7d2362ebf6fa088960d7f0d27b0"},"headline":"Rz\u0105d zmniejszy ochron\u0119 chrze\u015bcijan? Pretekstem ma by\u0107 orzeczenie w sprawie Dody","datePublished":"2025-11-26T22:08:06+00:00","dateModified":"2025-11-26T22:08:07+00:00","mainEntityOfPage":{"@id":"https:\/\/www.pogotowieflagowe.pl\/aktualne\/rzad-zmniejszy-ochrone-chrzescijan-pretekstem-ma-byc-orzeczenie-w-sprawie-dody\/"},"wordCount":446,"commentCount":0,"publisher":{"@id":"https:\/\/www.pogotowieflagowe.pl\/aktualne\/#organization"},"image":{"@id":"https:\/\/www.pogotowieflagowe.pl\/aktualne\/rzad-zmniejszy-ochrone-chrzescijan-pretekstem-ma-byc-orzeczenie-w-sprawie-dody\/#primaryimage"},"thumbnailUrl":"https:\/\/www.pogotowieflagowe.pl\/aktualne\/wp-content\/uploads\/2025\/11\/Rzad-zmniejszy-ochrone-chrzescijan-Pretekstem-ma-byc-orzeczenie-w-sprawie.webp.webp","keywords":["by\u0107","chrze\u015bcijan","Dody","ochron\u0119","Orzeczenie","Pretekstem","Rz\u0105d","sprawie","zmniejszy"],"articleSection":["Aktualne"],"inLanguage":"pl-PL","potentialAction":[{"@type":"CommentAction","name":"Comment","target":["https:\/\/www.pogotowieflagowe.pl\/aktualne\/rzad-zmniejszy-ochrone-chrzescijan-pretekstem-ma-byc-orzeczenie-w-sprawie-dody\/#respond"]}]},{"@type":"WebPage","@id":"https:\/\/www.pogotowieflagowe.pl\/aktualne\/rzad-zmniejszy-ochrone-chrzescijan-pretekstem-ma-byc-orzeczenie-w-sprawie-dody\/","url":"https:\/\/www.pogotowieflagowe.pl\/aktualne\/rzad-zmniejszy-ochrone-chrzescijan-pretekstem-ma-byc-orzeczenie-w-sprawie-dody\/","name":"Rz\u0105d zmniejszy ochron\u0119 chrze\u015bcijan? Pretekstem ma by\u0107 orzeczenie w sprawie Dody - POGOTOWIE FLAGOWE\u00ae","isPartOf":{"@id":"https:\/\/www.pogotowieflagowe.pl\/aktualne\/#website"},"primaryImageOfPage":{"@id":"https:\/\/www.pogotowieflagowe.pl\/aktualne\/rzad-zmniejszy-ochrone-chrzescijan-pretekstem-ma-byc-orzeczenie-w-sprawie-dody\/#primaryimage"},"image":{"@id":"https:\/\/www.pogotowieflagowe.pl\/aktualne\/rzad-zmniejszy-ochrone-chrzescijan-pretekstem-ma-byc-orzeczenie-w-sprawie-dody\/#primaryimage"},"thumbnailUrl":"https:\/\/www.pogotowieflagowe.pl\/aktualne\/wp-content\/uploads\/2025\/11\/Rzad-zmniejszy-ochrone-chrzescijan-Pretekstem-ma-byc-orzeczenie-w-sprawie.webp.webp","datePublished":"2025-11-26T22:08:06+00:00","dateModified":"2025-11-26T22:08:07+00:00","breadcrumb":{"@id":"https:\/\/www.pogotowieflagowe.pl\/aktualne\/rzad-zmniejszy-ochrone-chrzescijan-pretekstem-ma-byc-orzeczenie-w-sprawie-dody\/#breadcrumb"},"inLanguage":"pl-PL","potentialAction":[{"@type":"ReadAction","target":["https:\/\/www.pogotowieflagowe.pl\/aktualne\/rzad-zmniejszy-ochrone-chrzescijan-pretekstem-ma-byc-orzeczenie-w-sprawie-dody\/"]}]},{"@type":"ImageObject","inLanguage":"pl-PL","@id":"https:\/\/www.pogotowieflagowe.pl\/aktualne\/rzad-zmniejszy-ochrone-chrzescijan-pretekstem-ma-byc-orzeczenie-w-sprawie-dody\/#primaryimage","url":"https:\/\/www.pogotowieflagowe.pl\/aktualne\/wp-content\/uploads\/2025\/11\/Rzad-zmniejszy-ochrone-chrzescijan-Pretekstem-ma-byc-orzeczenie-w-sprawie.webp.webp","contentUrl":"https:\/\/www.pogotowieflagowe.pl\/aktualne\/wp-content\/uploads\/2025\/11\/Rzad-zmniejszy-ochrone-chrzescijan-Pretekstem-ma-byc-orzeczenie-w-sprawie.webp.webp","width":1280,"height":720,"caption":"Rz\u0105d zmniejszy ochron\u0119 chrze\u015bcijan? Pretekstem ma by\u0107 orzeczenie w sprawie Dody"},{"@type":"BreadcrumbList","@id":"https:\/\/www.pogotowieflagowe.pl\/aktualne\/rzad-zmniejszy-ochrone-chrzescijan-pretekstem-ma-byc-orzeczenie-w-sprawie-dody\/#breadcrumb","itemListElement":[{"@type":"ListItem","position":1,"name":"Home","item":"https:\/\/www.pogotowieflagowe.pl\/aktualne\/"},{"@type":"ListItem","position":2,"name":"Rz\u0105d zmniejszy ochron\u0119 chrze\u015bcijan? Pretekstem ma by\u0107 orzeczenie w sprawie Dody"}]},{"@type":"WebSite","@id":"https:\/\/www.pogotowieflagowe.pl\/aktualne\/#website","url":"https:\/\/www.pogotowieflagowe.pl\/aktualne\/","name":"POGOTOWIE FLAGOWE\u00ae","description":"","publisher":{"@id":"https:\/\/www.pogotowieflagowe.pl\/aktualne\/#organization"},"potentialAction":[{"@type":"SearchAction","target":{"@type":"EntryPoint","urlTemplate":"https:\/\/www.pogotowieflagowe.pl\/aktualne\/?s={search_term_string}"},"query-input":"required name=search_term_string"}],"inLanguage":"pl-PL"},{"@type":"Organization","@id":"https:\/\/www.pogotowieflagowe.pl\/aktualne\/#organization","name":"POGOTOWIE FLAGOWE\u00ae","url":"https:\/\/www.pogotowieflagowe.pl\/aktualne\/","logo":{"@type":"ImageObject","inLanguage":"pl-PL","@id":"https:\/\/www.pogotowieflagowe.pl\/aktualne\/#\/schema\/logo\/image\/","url":"https:\/\/www.pogotowieflagowe.pl\/aktualne\/wp-content\/uploads\/2024\/08\/cropped-pogotowieflagowe_flaga_projekt_sm.jpg","contentUrl":"https:\/\/www.pogotowieflagowe.pl\/aktualne\/wp-content\/uploads\/2024\/08\/cropped-pogotowieflagowe_flaga_projekt_sm.jpg","width":250,"height":143,"caption":"POGOTOWIE FLAGOWE\u00ae"},"image":{"@id":"https:\/\/www.pogotowieflagowe.pl\/aktualne\/#\/schema\/logo\/image\/"}},{"@type":"Person","@id":"https:\/\/www.pogotowieflagowe.pl\/aktualne\/#\/schema\/person\/9c2fb7d2362ebf6fa088960d7f0d27b0","name":"Filip","image":{"@type":"ImageObject","inLanguage":"pl-PL","@id":"https:\/\/www.pogotowieflagowe.pl\/aktualne\/#\/schema\/person\/image\/","url":"https:\/\/www.pogotowieflagowe.pl\/aktualne\/wp-content\/uploads\/2024\/08\/pogotowieflagowe.pl_.jpg","contentUrl":"https:\/\/www.pogotowieflagowe.pl\/aktualne\/wp-content\/uploads\/2024\/08\/pogotowieflagowe.pl_.jpg","caption":"Filip"},"description":"Jestem Filip, polski dziennikarz z dyplomem nauk politycznych Uniwersytetu Warszawskiego. Rozpoczynaj\u0105c swoj\u0105 karier\u0119 w r\u00f3\u017cnych lokalnych mediach, zdoby\u0142em solidne do\u015bwiadczenie w zakresie \u015bledztwa i redakcji. Obecnie jako redaktor w Pogotowie flagowe, staram si\u0119 dostarcza\u0107 dog\u0142\u0119bne i istotne analizy na temat najwa\u017cniejszych kwestii aktualno\u015bci, \u0142\u0105cz\u0105c rygor z pasj\u0105 dziennikarsk\u0105.","sameAs":["https:\/\/www.pogotowieflagowe.pl\/"]}]}},"_links":{"self":[{"href":"https:\/\/www.pogotowieflagowe.pl\/aktualne\/wp-json\/wp\/v2\/posts\/11060","targetHints":{"allow":["GET"]}}],"collection":[{"href":"https:\/\/www.pogotowieflagowe.pl\/aktualne\/wp-json\/wp\/v2\/posts"}],"about":[{"href":"https:\/\/www.pogotowieflagowe.pl\/aktualne\/wp-json\/wp\/v2\/types\/post"}],"author":[{"embeddable":true,"href":"https:\/\/www.pogotowieflagowe.pl\/aktualne\/wp-json\/wp\/v2\/users\/1"}],"replies":[{"embeddable":true,"href":"https:\/\/www.pogotowieflagowe.pl\/aktualne\/wp-json\/wp\/v2\/comments?post=11060"}],"version-history":[{"count":1,"href":"https:\/\/www.pogotowieflagowe.pl\/aktualne\/wp-json\/wp\/v2\/posts\/11060\/revisions"}],"predecessor-version":[{"id":11062,"href":"https:\/\/www.pogotowieflagowe.pl\/aktualne\/wp-json\/wp\/v2\/posts\/11060\/revisions\/11062"}],"wp:featuredmedia":[{"embeddable":true,"href":"https:\/\/www.pogotowieflagowe.pl\/aktualne\/wp-json\/wp\/v2\/media\/11061"}],"wp:attachment":[{"href":"https:\/\/www.pogotowieflagowe.pl\/aktualne\/wp-json\/wp\/v2\/media?parent=11060"}],"wp:term":[{"taxonomy":"category","embeddable":true,"href":"https:\/\/www.pogotowieflagowe.pl\/aktualne\/wp-json\/wp\/v2\/categories?post=11060"},{"taxonomy":"post_tag","embeddable":true,"href":"https:\/\/www.pogotowieflagowe.pl\/aktualne\/wp-json\/wp\/v2\/tags?post=11060"}],"curies":[{"name":"wp","href":"https:\/\/api.w.org\/{rel}","templated":true}]}}