{"id":11066,"date":"2025-11-27T02:58:26","date_gmt":"2025-11-27T01:58:26","guid":{"rendered":"https:\/\/www.pogotowieflagowe.pl\/aktualne\/co-dokladnie-wydarzylo-sie-na-wilenskim-lotnisku-litwini-nie-bylo-to-spowodowane-warunkami-pogodowymi\/"},"modified":"2025-11-27T02:58:27","modified_gmt":"2025-11-27T01:58:27","slug":"co-dokladnie-wydarzylo-sie-na-wilenskim-lotnisku-litwini-nie-bylo-to-spowodowane-warunkami-pogodowymi","status":"publish","type":"post","link":"https:\/\/www.pogotowieflagowe.pl\/aktualne\/co-dokladnie-wydarzylo-sie-na-wilenskim-lotnisku-litwini-nie-bylo-to-spowodowane-warunkami-pogodowymi\/","title":{"rendered":"Co dok\u0142adnie wydarzy\u0142o si\u0119 na wile\u0144skim lotnisku? Litwini: Nie by\u0142o to spowodowane warunkami pogodowymi"},"content":{"rendered":"\n<div class=\"td_block_wrap tdb_single_content tdi_46 td-pb-border-top td_block_template_8 td-post-content tagdiv-type\" data-td-block-uid=\"tdi_46\">\n<style>.tdi_46{margines-g\u00f3rny:0px!important;margin-bottom:0px!important;dope\u0142nienie-g\u00f3ra:0px!important;dope\u0142nienie-d\u00f3\u0142:0px!important}<\/style>\n<style>.tdb_single_content{margin-bottom:0;*zoom:1}.tdb_single_content:before,.tdb_single_content:after{display:table;content:'';line-height:0}.tdb_single_content:after{clear:both}.tdb_single_content .tdb-block-inner>*:not(.wp-block-quote):not(.alignwide):not(.alignfull.wp-block-cover.has-parallax):not(.td-a-ad){margin-left:auto;margin-right:auto}.tdb_single_content a{pointer-events:auto}.tdb_single_content .td-spot-id-top_ad .tdc-placeholder-title:before{content:'Najlepsza reklama artyku\u0142u'!important}.tdb_single_content .td-spot-id-inline_ad0 .tdc-placeholder-title:before{content:'Reklama wbudowana artyku\u0142u 1'!important}.tdb_single_content .td-spot-id-inline_ad1 .tdc-placeholder-title:before{content:'Wbudowana reklama w artykule 2'!important}.tdb_single_content .td-spot-id-inline_ad2 .tdc-placeholder-title:before{content:'Wbudowana reklama w artykule 3'!important}.tdb_single_content .td-spot-id-bottom_ad .tdc-placeholder-title:before{content:'Article Bottom Ad'!important}.tdb_single_content .id_top_ad,.tdb_single_content .id_bottom_ad{clear:both;margin-bottom:21px;text-align:center}.tdb_single_content .id_top_ad img,.tdb_single_content .id_bottom_ad img{margin-bottom:0}.tdb_single_content .id_top_ad .adsbygoogle,.tdb_single_content .id_bottom_ad .adsbygoogle{position:relative}.tdb_single_content .id_ad_content-horiz-left,.tdb_single_content .id_ad_content-horiz-right,.tdb_single_content .id_ad_content-horiz-center{margin-bottom:15px}.tdb_single_content .id_ad_content-horiz-left img,.tdb_single_content .id_ad_content-horiz-right img,.tdb_single_content .id_ad_content-horiz-center img{margin-bottom:0}.tdb_single_content .id_ad_content-horiz-center{text-align:center}.tdb_single_content .id_ad_content-horiz-center img{margin-right:auto;margin-left:auto}.tdb_single_content .id_ad_content-horiz-left{float:left;margin-top:9px;margin-right:21px}.tdb_single_content .id_ad_content-horiz-right{float:right;margin-top:6px;margin-left:21px}.tdb_single_content .tdc-a-ad .tdc-placeholder-title{width:300px;height:250px}.tdb_single_content .tdc-a-ad .tdc-placeholder-title:before{position:absolute;top:50%;-webkit-transform:translateY(-50%);transform:translateY(-50%);margin:auto;display:table;width:100%}.tdb_single_content .tdb-block-inner.td-fix-index{word-break:break-word}.tdi_46,.tdi_46>p,.tdi_46 .tdb-block-inner>p,.wp-block-column>p{font-size:16px!important;line-height:1.6!important}.tdi_46 .tdb-block-inner blockquote p{font-style:normal!important}@media (max-width:767px){.tdb_single_content .id_ad_content-horiz-left,.tdb_single_content .id_ad_content-horiz-right,.tdb_single_content .id_ad_content-horiz-center{margin:0 auto 26 pikseli auto}}@media (max-width:767px){.tdb_single_content .id_ad_content-horiz-left{margin-right:0}}@media (max-width:767px){.tdb_single_content .id_ad_content-horiz-right{margin-left:0}}@media (max-width:767px){.tdb_single_content .td-a-ad{float:none;text-align:center}.tdb_single_content .td-a-ad img{margin-right:auto;margin-left:auto}.tdb_single_content .tdc-a-ad{float:none}}<\/style>\n<div class=\"tdb-block-inner td-fix-index\">\n<p>Nic nie wskazuje na to, aby samolot LOT-u wypad\u0142 w \u015brod\u0119 z pasa startowego wile\u0144skiego lotniska z powodu warunk\u00f3w atmosferycznych \u2013 powiedzia\u0142 dziennikarzom litewski minister transportu Juras Taminskas. W Wilnie panuje obecnie sroga zima. Ponowne otwarcie lotniska przesuni\u0119to na godz <strong>22:00 czasu lokalnego (21:00 czasu polskiego).<\/strong><\/p>\n<h3 class=\"wp-block-heading\">Pas startowy zosta\u0142 oczyszczony<\/h3>\n<p>Minister podkre\u015bli\u0142, \u017ce przyczyny zdarzenia s\u0105 badane: <em>\u201eDochodzenie odpowie na to pytanie\u201d.<\/em><\/p>\n<p>Simonas Bartkus, dyrektor litewskich port\u00f3w lotniczych (LTOU), wykluczy\u0142 mo\u017cliwo\u015b\u0107 nieprawid\u0142owego oczyszczenia pasa startowego.<\/p>\n<p><em>\u201eLoty odbywa\u0142y si\u0119 przez ca\u0142\u0105 dob\u0119, startowa\u0142o i l\u0105dowa\u0142o wiele samolot\u00f3w, na bie\u017c\u0105co prowadzona jest konserwacja pasa startowego (\u2026). Z posiadanych przez nas informacji wynika, \u017ce \u200b\u200bpodj\u0119to wszelkie niezb\u0119dne dzia\u0142ania, aby utrzyma\u0107 pas startowy w dobrym stanie\u201d<\/em> Bartkus zapewni\u0142 reporter\u00f3w.<\/p>\n<h3 class=\"wp-block-heading\">Co si\u0119 sta\u0142o?<\/h3>\n<p>Wed\u0142ug Bartkusa samolot LOT-u wyl\u0105dowa\u0142 z kierunku po\u0142udniowego, dotoczy\u0142 si\u0119 do ko\u0144ca g\u0142\u00f3wnego pasa startowego, a po skr\u0119ceniu na drog\u0119 ko\u0142owania skr\u0119ci\u0142 o kilka metr\u00f3w.<\/p>\n<p><em>\u201ePoniewa\u017c samolot znajduje si\u0119 zbyt blisko pasa startowego, nie mo\u017cemy wznowi\u0107 operacji, dop\u00f3ki nie zostanie usuni\u0119ty (\u2026). Samolot stoi tu\u017c przy pasie startowym, na terenie trawiastym\u201d<\/em> \u2013 wyja\u015bni\u0142 dyrektor LTOU.<\/p>\n<p>Na <strong>13:43<\/strong> w \u015brod\u0119 przylatuj\u0105cy z Warszawy samolot LOT-u \u2013 lot <strong>LO771<\/strong> \u2013 wypad\u0142 z pasa startowego podczas ko\u0142owania w kierunku p\u0142yty postojowej. Embraer E170STD wyl\u0105dowa\u0142 w Wilnie po odlocie z Lotniska Chopina w Warszawie. Wed\u0142ug rzecznika LOT-u na pok\u0142adzie by\u0142o 63 pasa\u017cer\u00f3w; wszyscy bezpiecznie opu\u015bcili pok\u0142ad.<\/p>\n<p><em>&#8222;\u017baden pasa\u017cer nie odni\u00f3s\u0142 obra\u017ce\u0144. Okoliczno\u015bci zdarzenia s\u0105 wyja\u015bniane&#8221;<\/em> \u2013 poda\u0142 w o\u015bwiadczeniu organ litewskiego lotniska.<\/p>\n<p>Tu\u017c po zdarzeniu Komisja ds. Sytuacji Nadzwyczajnych Litewskich Port\u00f3w Lotniczych zwo\u0142a\u0142a spotkanie z udzia\u0142em Ministra Transportu Jurasa Taminskasa, przedstawicieli Ministerstwa Sprawiedliwo\u015bci i kierownictwa LTOU.<\/p>\n<p>Loty do Wilna zostan\u0105 przekierowane na inne lotniska.<\/p>\n<\/div>\n<\/div>\n","protected":false},"excerpt":{"rendered":"<p>Nic nie wskazuje na to, aby samolot LOT-u wypad\u0142 w \u015brod\u0119 z pasa startowego wile\u0144skiego lotniska z powodu warunk\u00f3w atmosferycznych<\/p>\n","protected":false},"author":1,"featured_media":11067,"comment_status":"open","ping_status":"open","sticky":false,"template":"","format":"standard","meta":{"footnotes":""},"categories":[4748],"tags":[8236,12485,12488,12487,450,12491,150,12489,12490,12486,11693],"class_list":["post-11066","post","type-post","status-publish","format-standard","has-post-thumbnail","hentry","category-aktualne","tag-bylo","tag-dokladnie","tag-litwini","tag-lotnisku","tag-nie","tag-pogodowymi","tag-sie","tag-spowodowane","tag-warunkami","tag-wilenskim","tag-wydarzylo","generate-columns","tablet-grid-50","mobile-grid-100","grid-parent","grid-50","resize-featured-image"],"yoast_head":"<!-- This site is optimized with the Yoast SEO plugin v23.2 - https:\/\/yoast.com\/wordpress\/plugins\/seo\/ -->\n<title>Co dok\u0142adnie wydarzy\u0142o si\u0119 na wile\u0144skim lotnisku? Litwini: Nie by\u0142o to spowodowane warunkami pogodowymi - POGOTOWIE FLAGOWE\u00ae<\/title>\n<meta name=\"robots\" content=\"index, follow, max-snippet:-1, max-image-preview:large, max-video-preview:-1\" \/>\n<link rel=\"canonical\" href=\"https:\/\/www.pogotowieflagowe.pl\/aktualne\/co-dokladnie-wydarzylo-sie-na-wilenskim-lotnisku-litwini-nie-bylo-to-spowodowane-warunkami-pogodowymi\/\" \/>\n<meta property=\"og:locale\" content=\"pl_PL\" \/>\n<meta property=\"og:type\" content=\"article\" \/>\n<meta property=\"og:title\" content=\"Co dok\u0142adnie wydarzy\u0142o si\u0119 na wile\u0144skim lotnisku? Litwini: Nie by\u0142o to spowodowane warunkami pogodowymi - POGOTOWIE FLAGOWE\u00ae\" \/>\n<meta property=\"og:description\" content=\"Nic nie wskazuje na to, aby samolot LOT-u wypad\u0142 w \u015brod\u0119 z pasa startowego wile\u0144skiego lotniska z powodu warunk\u00f3w atmosferycznych\" \/>\n<meta property=\"og:url\" content=\"https:\/\/www.pogotowieflagowe.pl\/aktualne\/co-dokladnie-wydarzylo-sie-na-wilenskim-lotnisku-litwini-nie-bylo-to-spowodowane-warunkami-pogodowymi\/\" \/>\n<meta property=\"og:site_name\" content=\"POGOTOWIE FLAGOWE\u00ae\" \/>\n<meta property=\"article:published_time\" content=\"2025-11-27T01:58:26+00:00\" \/>\n<meta property=\"article:modified_time\" content=\"2025-11-27T01:58:27+00:00\" \/>\n<meta property=\"og:image\" content=\"https:\/\/www.pogotowieflagowe.pl\/aktualne\/wp-content\/uploads\/2025\/11\/Co-dokladnie-wydarzylo-sie-na-wilenskim-lotnisku-Litwini-Nie-bylo.webp.webp\" \/>\n\t<meta property=\"og:image:width\" content=\"1280\" \/>\n\t<meta property=\"og:image:height\" content=\"720\" \/>\n\t<meta property=\"og:image:type\" content=\"image\/webp\" \/>\n<meta name=\"author\" content=\"Filip\" \/>\n<meta name=\"twitter:card\" content=\"summary_large_image\" \/>\n<meta name=\"twitter:label1\" content=\"Napisane przez\" \/>\n\t<meta name=\"twitter:data1\" content=\"Filip\" \/>\n\t<meta name=\"twitter:label2\" content=\"Szacowany czas czytania\" \/>\n\t<meta name=\"twitter:data2\" content=\"2 minuty\" \/>\n<script type=\"application\/ld+json\" class=\"yoast-schema-graph\">{\"@context\":\"https:\/\/schema.org\",\"@graph\":[{\"@type\":\"Article\",\"@id\":\"https:\/\/www.pogotowieflagowe.pl\/aktualne\/co-dokladnie-wydarzylo-sie-na-wilenskim-lotnisku-litwini-nie-bylo-to-spowodowane-warunkami-pogodowymi\/#article\",\"isPartOf\":{\"@id\":\"https:\/\/www.pogotowieflagowe.pl\/aktualne\/co-dokladnie-wydarzylo-sie-na-wilenskim-lotnisku-litwini-nie-bylo-to-spowodowane-warunkami-pogodowymi\/\"},\"author\":{\"name\":\"Filip\",\"@id\":\"https:\/\/www.pogotowieflagowe.pl\/aktualne\/#\/schema\/person\/9c2fb7d2362ebf6fa088960d7f0d27b0\"},\"headline\":\"Co dok\u0142adnie wydarzy\u0142o si\u0119 na wile\u0144skim lotnisku? Litwini: Nie by\u0142o to spowodowane warunkami pogodowymi\",\"datePublished\":\"2025-11-27T01:58:26+00:00\",\"dateModified\":\"2025-11-27T01:58:27+00:00\",\"mainEntityOfPage\":{\"@id\":\"https:\/\/www.pogotowieflagowe.pl\/aktualne\/co-dokladnie-wydarzylo-sie-na-wilenskim-lotnisku-litwini-nie-bylo-to-spowodowane-warunkami-pogodowymi\/\"},\"wordCount\":329,\"commentCount\":0,\"publisher\":{\"@id\":\"https:\/\/www.pogotowieflagowe.pl\/aktualne\/#organization\"},\"image\":{\"@id\":\"https:\/\/www.pogotowieflagowe.pl\/aktualne\/co-dokladnie-wydarzylo-sie-na-wilenskim-lotnisku-litwini-nie-bylo-to-spowodowane-warunkami-pogodowymi\/#primaryimage\"},\"thumbnailUrl\":\"https:\/\/www.pogotowieflagowe.pl\/aktualne\/wp-content\/uploads\/2025\/11\/Co-dokladnie-wydarzylo-sie-na-wilenskim-lotnisku-Litwini-Nie-bylo.webp.webp\",\"keywords\":[\"by\u0142o\",\"dok\u0142adnie\",\"Litwini\",\"lotnisku\",\"Nie\",\"pogodowymi\",\"si\u0119\",\"spowodowane\",\"warunkami\",\"wile\u0144skim\",\"wydarzy\u0142o\"],\"articleSection\":[\"Aktualne\"],\"inLanguage\":\"pl-PL\",\"potentialAction\":[{\"@type\":\"CommentAction\",\"name\":\"Comment\",\"target\":[\"https:\/\/www.pogotowieflagowe.pl\/aktualne\/co-dokladnie-wydarzylo-sie-na-wilenskim-lotnisku-litwini-nie-bylo-to-spowodowane-warunkami-pogodowymi\/#respond\"]}]},{\"@type\":\"WebPage\",\"@id\":\"https:\/\/www.pogotowieflagowe.pl\/aktualne\/co-dokladnie-wydarzylo-sie-na-wilenskim-lotnisku-litwini-nie-bylo-to-spowodowane-warunkami-pogodowymi\/\",\"url\":\"https:\/\/www.pogotowieflagowe.pl\/aktualne\/co-dokladnie-wydarzylo-sie-na-wilenskim-lotnisku-litwini-nie-bylo-to-spowodowane-warunkami-pogodowymi\/\",\"name\":\"Co dok\u0142adnie wydarzy\u0142o si\u0119 na wile\u0144skim lotnisku? Litwini: Nie by\u0142o to spowodowane warunkami pogodowymi - POGOTOWIE FLAGOWE\u00ae\",\"isPartOf\":{\"@id\":\"https:\/\/www.pogotowieflagowe.pl\/aktualne\/#website\"},\"primaryImageOfPage\":{\"@id\":\"https:\/\/www.pogotowieflagowe.pl\/aktualne\/co-dokladnie-wydarzylo-sie-na-wilenskim-lotnisku-litwini-nie-bylo-to-spowodowane-warunkami-pogodowymi\/#primaryimage\"},\"image\":{\"@id\":\"https:\/\/www.pogotowieflagowe.pl\/aktualne\/co-dokladnie-wydarzylo-sie-na-wilenskim-lotnisku-litwini-nie-bylo-to-spowodowane-warunkami-pogodowymi\/#primaryimage\"},\"thumbnailUrl\":\"https:\/\/www.pogotowieflagowe.pl\/aktualne\/wp-content\/uploads\/2025\/11\/Co-dokladnie-wydarzylo-sie-na-wilenskim-lotnisku-Litwini-Nie-bylo.webp.webp\",\"datePublished\":\"2025-11-27T01:58:26+00:00\",\"dateModified\":\"2025-11-27T01:58:27+00:00\",\"breadcrumb\":{\"@id\":\"https:\/\/www.pogotowieflagowe.pl\/aktualne\/co-dokladnie-wydarzylo-sie-na-wilenskim-lotnisku-litwini-nie-bylo-to-spowodowane-warunkami-pogodowymi\/#breadcrumb\"},\"inLanguage\":\"pl-PL\",\"potentialAction\":[{\"@type\":\"ReadAction\",\"target\":[\"https:\/\/www.pogotowieflagowe.pl\/aktualne\/co-dokladnie-wydarzylo-sie-na-wilenskim-lotnisku-litwini-nie-bylo-to-spowodowane-warunkami-pogodowymi\/\"]}]},{\"@type\":\"ImageObject\",\"inLanguage\":\"pl-PL\",\"@id\":\"https:\/\/www.pogotowieflagowe.pl\/aktualne\/co-dokladnie-wydarzylo-sie-na-wilenskim-lotnisku-litwini-nie-bylo-to-spowodowane-warunkami-pogodowymi\/#primaryimage\",\"url\":\"https:\/\/www.pogotowieflagowe.pl\/aktualne\/wp-content\/uploads\/2025\/11\/Co-dokladnie-wydarzylo-sie-na-wilenskim-lotnisku-Litwini-Nie-bylo.webp.webp\",\"contentUrl\":\"https:\/\/www.pogotowieflagowe.pl\/aktualne\/wp-content\/uploads\/2025\/11\/Co-dokladnie-wydarzylo-sie-na-wilenskim-lotnisku-Litwini-Nie-bylo.webp.webp\",\"width\":1280,\"height\":720,\"caption\":\"Co dok\u0142adnie wydarzy\u0142o si\u0119 na wile\u0144skim lotnisku? Litwini: Nie by\u0142o to spowodowane warunkami pogodowymi\"},{\"@type\":\"BreadcrumbList\",\"@id\":\"https:\/\/www.pogotowieflagowe.pl\/aktualne\/co-dokladnie-wydarzylo-sie-na-wilenskim-lotnisku-litwini-nie-bylo-to-spowodowane-warunkami-pogodowymi\/#breadcrumb\",\"itemListElement\":[{\"@type\":\"ListItem\",\"position\":1,\"name\":\"Home\",\"item\":\"https:\/\/www.pogotowieflagowe.pl\/aktualne\/\"},{\"@type\":\"ListItem\",\"position\":2,\"name\":\"Co dok\u0142adnie wydarzy\u0142o si\u0119 na wile\u0144skim lotnisku? Litwini: Nie by\u0142o to spowodowane warunkami pogodowymi\"}]},{\"@type\":\"WebSite\",\"@id\":\"https:\/\/www.pogotowieflagowe.pl\/aktualne\/#website\",\"url\":\"https:\/\/www.pogotowieflagowe.pl\/aktualne\/\",\"name\":\"POGOTOWIE FLAGOWE\u00ae\",\"description\":\"\",\"publisher\":{\"@id\":\"https:\/\/www.pogotowieflagowe.pl\/aktualne\/#organization\"},\"potentialAction\":[{\"@type\":\"SearchAction\",\"target\":{\"@type\":\"EntryPoint\",\"urlTemplate\":\"https:\/\/www.pogotowieflagowe.pl\/aktualne\/?s={search_term_string}\"},\"query-input\":\"required name=search_term_string\"}],\"inLanguage\":\"pl-PL\"},{\"@type\":\"Organization\",\"@id\":\"https:\/\/www.pogotowieflagowe.pl\/aktualne\/#organization\",\"name\":\"POGOTOWIE FLAGOWE\u00ae\",\"url\":\"https:\/\/www.pogotowieflagowe.pl\/aktualne\/\",\"logo\":{\"@type\":\"ImageObject\",\"inLanguage\":\"pl-PL\",\"@id\":\"https:\/\/www.pogotowieflagowe.pl\/aktualne\/#\/schema\/logo\/image\/\",\"url\":\"https:\/\/www.pogotowieflagowe.pl\/aktualne\/wp-content\/uploads\/2024\/08\/cropped-pogotowieflagowe_flaga_projekt_sm.jpg\",\"contentUrl\":\"https:\/\/www.pogotowieflagowe.pl\/aktualne\/wp-content\/uploads\/2024\/08\/cropped-pogotowieflagowe_flaga_projekt_sm.jpg\",\"width\":250,\"height\":143,\"caption\":\"POGOTOWIE FLAGOWE\u00ae\"},\"image\":{\"@id\":\"https:\/\/www.pogotowieflagowe.pl\/aktualne\/#\/schema\/logo\/image\/\"}},{\"@type\":\"Person\",\"@id\":\"https:\/\/www.pogotowieflagowe.pl\/aktualne\/#\/schema\/person\/9c2fb7d2362ebf6fa088960d7f0d27b0\",\"name\":\"Filip\",\"image\":{\"@type\":\"ImageObject\",\"inLanguage\":\"pl-PL\",\"@id\":\"https:\/\/www.pogotowieflagowe.pl\/aktualne\/#\/schema\/person\/image\/\",\"url\":\"https:\/\/www.pogotowieflagowe.pl\/aktualne\/wp-content\/uploads\/2024\/08\/pogotowieflagowe.pl_.jpg\",\"contentUrl\":\"https:\/\/www.pogotowieflagowe.pl\/aktualne\/wp-content\/uploads\/2024\/08\/pogotowieflagowe.pl_.jpg\",\"caption\":\"Filip\"},\"description\":\"Jestem Filip, polski dziennikarz z dyplomem nauk politycznych Uniwersytetu Warszawskiego. Rozpoczynaj\u0105c swoj\u0105 karier\u0119 w r\u00f3\u017cnych lokalnych mediach, zdoby\u0142em solidne do\u015bwiadczenie w zakresie \u015bledztwa i redakcji. Obecnie jako redaktor w Pogotowie flagowe, staram si\u0119 dostarcza\u0107 dog\u0142\u0119bne i istotne analizy na temat najwa\u017cniejszych kwestii aktualno\u015bci, \u0142\u0105cz\u0105c rygor z pasj\u0105 dziennikarsk\u0105.\",\"sameAs\":[\"https:\/\/www.pogotowieflagowe.pl\/\"]}]}<\/script>\n<!-- \/ Yoast SEO plugin. -->","yoast_head_json":{"title":"Co dok\u0142adnie wydarzy\u0142o si\u0119 na wile\u0144skim lotnisku? Litwini: Nie by\u0142o to spowodowane warunkami pogodowymi - POGOTOWIE FLAGOWE\u00ae","robots":{"index":"index","follow":"follow","max-snippet":"max-snippet:-1","max-image-preview":"max-image-preview:large","max-video-preview":"max-video-preview:-1"},"canonical":"https:\/\/www.pogotowieflagowe.pl\/aktualne\/co-dokladnie-wydarzylo-sie-na-wilenskim-lotnisku-litwini-nie-bylo-to-spowodowane-warunkami-pogodowymi\/","og_locale":"pl_PL","og_type":"article","og_title":"Co dok\u0142adnie wydarzy\u0142o si\u0119 na wile\u0144skim lotnisku? Litwini: Nie by\u0142o to spowodowane warunkami pogodowymi - POGOTOWIE FLAGOWE\u00ae","og_description":"Nic nie wskazuje na to, aby samolot LOT-u wypad\u0142 w \u015brod\u0119 z pasa startowego wile\u0144skiego lotniska z powodu warunk\u00f3w atmosferycznych","og_url":"https:\/\/www.pogotowieflagowe.pl\/aktualne\/co-dokladnie-wydarzylo-sie-na-wilenskim-lotnisku-litwini-nie-bylo-to-spowodowane-warunkami-pogodowymi\/","og_site_name":"POGOTOWIE FLAGOWE\u00ae","article_published_time":"2025-11-27T01:58:26+00:00","article_modified_time":"2025-11-27T01:58:27+00:00","og_image":[{"width":1280,"height":720,"url":"https:\/\/www.pogotowieflagowe.pl\/aktualne\/wp-content\/uploads\/2025\/11\/Co-dokladnie-wydarzylo-sie-na-wilenskim-lotnisku-Litwini-Nie-bylo.webp.webp","type":"image\/webp"}],"author":"Filip","twitter_card":"summary_large_image","twitter_misc":{"Napisane przez":"Filip","Szacowany czas czytania":"2 minuty"},"schema":{"@context":"https:\/\/schema.org","@graph":[{"@type":"Article","@id":"https:\/\/www.pogotowieflagowe.pl\/aktualne\/co-dokladnie-wydarzylo-sie-na-wilenskim-lotnisku-litwini-nie-bylo-to-spowodowane-warunkami-pogodowymi\/#article","isPartOf":{"@id":"https:\/\/www.pogotowieflagowe.pl\/aktualne\/co-dokladnie-wydarzylo-sie-na-wilenskim-lotnisku-litwini-nie-bylo-to-spowodowane-warunkami-pogodowymi\/"},"author":{"name":"Filip","@id":"https:\/\/www.pogotowieflagowe.pl\/aktualne\/#\/schema\/person\/9c2fb7d2362ebf6fa088960d7f0d27b0"},"headline":"Co dok\u0142adnie wydarzy\u0142o si\u0119 na wile\u0144skim lotnisku? Litwini: Nie by\u0142o to spowodowane warunkami pogodowymi","datePublished":"2025-11-27T01:58:26+00:00","dateModified":"2025-11-27T01:58:27+00:00","mainEntityOfPage":{"@id":"https:\/\/www.pogotowieflagowe.pl\/aktualne\/co-dokladnie-wydarzylo-sie-na-wilenskim-lotnisku-litwini-nie-bylo-to-spowodowane-warunkami-pogodowymi\/"},"wordCount":329,"commentCount":0,"publisher":{"@id":"https:\/\/www.pogotowieflagowe.pl\/aktualne\/#organization"},"image":{"@id":"https:\/\/www.pogotowieflagowe.pl\/aktualne\/co-dokladnie-wydarzylo-sie-na-wilenskim-lotnisku-litwini-nie-bylo-to-spowodowane-warunkami-pogodowymi\/#primaryimage"},"thumbnailUrl":"https:\/\/www.pogotowieflagowe.pl\/aktualne\/wp-content\/uploads\/2025\/11\/Co-dokladnie-wydarzylo-sie-na-wilenskim-lotnisku-Litwini-Nie-bylo.webp.webp","keywords":["by\u0142o","dok\u0142adnie","Litwini","lotnisku","Nie","pogodowymi","si\u0119","spowodowane","warunkami","wile\u0144skim","wydarzy\u0142o"],"articleSection":["Aktualne"],"inLanguage":"pl-PL","potentialAction":[{"@type":"CommentAction","name":"Comment","target":["https:\/\/www.pogotowieflagowe.pl\/aktualne\/co-dokladnie-wydarzylo-sie-na-wilenskim-lotnisku-litwini-nie-bylo-to-spowodowane-warunkami-pogodowymi\/#respond"]}]},{"@type":"WebPage","@id":"https:\/\/www.pogotowieflagowe.pl\/aktualne\/co-dokladnie-wydarzylo-sie-na-wilenskim-lotnisku-litwini-nie-bylo-to-spowodowane-warunkami-pogodowymi\/","url":"https:\/\/www.pogotowieflagowe.pl\/aktualne\/co-dokladnie-wydarzylo-sie-na-wilenskim-lotnisku-litwini-nie-bylo-to-spowodowane-warunkami-pogodowymi\/","name":"Co dok\u0142adnie wydarzy\u0142o si\u0119 na wile\u0144skim lotnisku? Litwini: Nie by\u0142o to spowodowane warunkami pogodowymi - POGOTOWIE FLAGOWE\u00ae","isPartOf":{"@id":"https:\/\/www.pogotowieflagowe.pl\/aktualne\/#website"},"primaryImageOfPage":{"@id":"https:\/\/www.pogotowieflagowe.pl\/aktualne\/co-dokladnie-wydarzylo-sie-na-wilenskim-lotnisku-litwini-nie-bylo-to-spowodowane-warunkami-pogodowymi\/#primaryimage"},"image":{"@id":"https:\/\/www.pogotowieflagowe.pl\/aktualne\/co-dokladnie-wydarzylo-sie-na-wilenskim-lotnisku-litwini-nie-bylo-to-spowodowane-warunkami-pogodowymi\/#primaryimage"},"thumbnailUrl":"https:\/\/www.pogotowieflagowe.pl\/aktualne\/wp-content\/uploads\/2025\/11\/Co-dokladnie-wydarzylo-sie-na-wilenskim-lotnisku-Litwini-Nie-bylo.webp.webp","datePublished":"2025-11-27T01:58:26+00:00","dateModified":"2025-11-27T01:58:27+00:00","breadcrumb":{"@id":"https:\/\/www.pogotowieflagowe.pl\/aktualne\/co-dokladnie-wydarzylo-sie-na-wilenskim-lotnisku-litwini-nie-bylo-to-spowodowane-warunkami-pogodowymi\/#breadcrumb"},"inLanguage":"pl-PL","potentialAction":[{"@type":"ReadAction","target":["https:\/\/www.pogotowieflagowe.pl\/aktualne\/co-dokladnie-wydarzylo-sie-na-wilenskim-lotnisku-litwini-nie-bylo-to-spowodowane-warunkami-pogodowymi\/"]}]},{"@type":"ImageObject","inLanguage":"pl-PL","@id":"https:\/\/www.pogotowieflagowe.pl\/aktualne\/co-dokladnie-wydarzylo-sie-na-wilenskim-lotnisku-litwini-nie-bylo-to-spowodowane-warunkami-pogodowymi\/#primaryimage","url":"https:\/\/www.pogotowieflagowe.pl\/aktualne\/wp-content\/uploads\/2025\/11\/Co-dokladnie-wydarzylo-sie-na-wilenskim-lotnisku-Litwini-Nie-bylo.webp.webp","contentUrl":"https:\/\/www.pogotowieflagowe.pl\/aktualne\/wp-content\/uploads\/2025\/11\/Co-dokladnie-wydarzylo-sie-na-wilenskim-lotnisku-Litwini-Nie-bylo.webp.webp","width":1280,"height":720,"caption":"Co dok\u0142adnie wydarzy\u0142o si\u0119 na wile\u0144skim lotnisku? Litwini: Nie by\u0142o to spowodowane warunkami pogodowymi"},{"@type":"BreadcrumbList","@id":"https:\/\/www.pogotowieflagowe.pl\/aktualne\/co-dokladnie-wydarzylo-sie-na-wilenskim-lotnisku-litwini-nie-bylo-to-spowodowane-warunkami-pogodowymi\/#breadcrumb","itemListElement":[{"@type":"ListItem","position":1,"name":"Home","item":"https:\/\/www.pogotowieflagowe.pl\/aktualne\/"},{"@type":"ListItem","position":2,"name":"Co dok\u0142adnie wydarzy\u0142o si\u0119 na wile\u0144skim lotnisku? Litwini: Nie by\u0142o to spowodowane warunkami pogodowymi"}]},{"@type":"WebSite","@id":"https:\/\/www.pogotowieflagowe.pl\/aktualne\/#website","url":"https:\/\/www.pogotowieflagowe.pl\/aktualne\/","name":"POGOTOWIE FLAGOWE\u00ae","description":"","publisher":{"@id":"https:\/\/www.pogotowieflagowe.pl\/aktualne\/#organization"},"potentialAction":[{"@type":"SearchAction","target":{"@type":"EntryPoint","urlTemplate":"https:\/\/www.pogotowieflagowe.pl\/aktualne\/?s={search_term_string}"},"query-input":"required name=search_term_string"}],"inLanguage":"pl-PL"},{"@type":"Organization","@id":"https:\/\/www.pogotowieflagowe.pl\/aktualne\/#organization","name":"POGOTOWIE FLAGOWE\u00ae","url":"https:\/\/www.pogotowieflagowe.pl\/aktualne\/","logo":{"@type":"ImageObject","inLanguage":"pl-PL","@id":"https:\/\/www.pogotowieflagowe.pl\/aktualne\/#\/schema\/logo\/image\/","url":"https:\/\/www.pogotowieflagowe.pl\/aktualne\/wp-content\/uploads\/2024\/08\/cropped-pogotowieflagowe_flaga_projekt_sm.jpg","contentUrl":"https:\/\/www.pogotowieflagowe.pl\/aktualne\/wp-content\/uploads\/2024\/08\/cropped-pogotowieflagowe_flaga_projekt_sm.jpg","width":250,"height":143,"caption":"POGOTOWIE FLAGOWE\u00ae"},"image":{"@id":"https:\/\/www.pogotowieflagowe.pl\/aktualne\/#\/schema\/logo\/image\/"}},{"@type":"Person","@id":"https:\/\/www.pogotowieflagowe.pl\/aktualne\/#\/schema\/person\/9c2fb7d2362ebf6fa088960d7f0d27b0","name":"Filip","image":{"@type":"ImageObject","inLanguage":"pl-PL","@id":"https:\/\/www.pogotowieflagowe.pl\/aktualne\/#\/schema\/person\/image\/","url":"https:\/\/www.pogotowieflagowe.pl\/aktualne\/wp-content\/uploads\/2024\/08\/pogotowieflagowe.pl_.jpg","contentUrl":"https:\/\/www.pogotowieflagowe.pl\/aktualne\/wp-content\/uploads\/2024\/08\/pogotowieflagowe.pl_.jpg","caption":"Filip"},"description":"Jestem Filip, polski dziennikarz z dyplomem nauk politycznych Uniwersytetu Warszawskiego. Rozpoczynaj\u0105c swoj\u0105 karier\u0119 w r\u00f3\u017cnych lokalnych mediach, zdoby\u0142em solidne do\u015bwiadczenie w zakresie \u015bledztwa i redakcji. Obecnie jako redaktor w Pogotowie flagowe, staram si\u0119 dostarcza\u0107 dog\u0142\u0119bne i istotne analizy na temat najwa\u017cniejszych kwestii aktualno\u015bci, \u0142\u0105cz\u0105c rygor z pasj\u0105 dziennikarsk\u0105.","sameAs":["https:\/\/www.pogotowieflagowe.pl\/"]}]}},"_links":{"self":[{"href":"https:\/\/www.pogotowieflagowe.pl\/aktualne\/wp-json\/wp\/v2\/posts\/11066","targetHints":{"allow":["GET"]}}],"collection":[{"href":"https:\/\/www.pogotowieflagowe.pl\/aktualne\/wp-json\/wp\/v2\/posts"}],"about":[{"href":"https:\/\/www.pogotowieflagowe.pl\/aktualne\/wp-json\/wp\/v2\/types\/post"}],"author":[{"embeddable":true,"href":"https:\/\/www.pogotowieflagowe.pl\/aktualne\/wp-json\/wp\/v2\/users\/1"}],"replies":[{"embeddable":true,"href":"https:\/\/www.pogotowieflagowe.pl\/aktualne\/wp-json\/wp\/v2\/comments?post=11066"}],"version-history":[{"count":1,"href":"https:\/\/www.pogotowieflagowe.pl\/aktualne\/wp-json\/wp\/v2\/posts\/11066\/revisions"}],"predecessor-version":[{"id":11068,"href":"https:\/\/www.pogotowieflagowe.pl\/aktualne\/wp-json\/wp\/v2\/posts\/11066\/revisions\/11068"}],"wp:featuredmedia":[{"embeddable":true,"href":"https:\/\/www.pogotowieflagowe.pl\/aktualne\/wp-json\/wp\/v2\/media\/11067"}],"wp:attachment":[{"href":"https:\/\/www.pogotowieflagowe.pl\/aktualne\/wp-json\/wp\/v2\/media?parent=11066"}],"wp:term":[{"taxonomy":"category","embeddable":true,"href":"https:\/\/www.pogotowieflagowe.pl\/aktualne\/wp-json\/wp\/v2\/categories?post=11066"},{"taxonomy":"post_tag","embeddable":true,"href":"https:\/\/www.pogotowieflagowe.pl\/aktualne\/wp-json\/wp\/v2\/tags?post=11066"}],"curies":[{"name":"wp","href":"https:\/\/api.w.org\/{rel}","templated":true}]}}