{"id":11069,"date":"2025-11-27T10:22:03","date_gmt":"2025-11-27T09:22:03","guid":{"rendered":"https:\/\/www.pogotowieflagowe.pl\/aktualne\/tusk-oglasza-decydujaca-faze-dwuletnich-wysilkow-w-zakresie-odpowiedzialnosci-w-miare-nasilenia-sie-dzialan-przeciwko-fundacji-ziobry-i-rydzyka\/"},"modified":"2025-11-27T10:22:04","modified_gmt":"2025-11-27T09:22:04","slug":"tusk-oglasza-decydujaca-faze-dwuletnich-wysilkow-w-zakresie-odpowiedzialnosci-w-miare-nasilenia-sie-dzialan-przeciwko-fundacji-ziobry-i-rydzyka","status":"publish","type":"post","link":"https:\/\/www.pogotowieflagowe.pl\/aktualne\/tusk-oglasza-decydujaca-faze-dwuletnich-wysilkow-w-zakresie-odpowiedzialnosci-w-miare-nasilenia-sie-dzialan-przeciwko-fundacji-ziobry-i-rydzyka\/","title":{"rendered":"Tusk og\u0142asza \u201edecyduj\u0105c\u0105 faz\u0119\u201d dwuletnich wysi\u0142k\u00f3w w zakresie odpowiedzialno\u015bci w miar\u0119 nasilenia si\u0119 dzia\u0142a\u0144 przeciwko Fundacji Ziobry i Rydzyka"},"content":{"rendered":"\n<div class=\"td_block_wrap tdb_single_content tdi_46 td-pb-border-top td_block_template_8 td-post-content tagdiv-type\" data-td-block-uid=\"tdi_46\">\n<style>.tdi_46{margines-g\u00f3rny:0px!important;margin-bottom:0px!important;dope\u0142nienie-g\u00f3ra:0px!important;dope\u0142nienie-d\u00f3\u0142:0px!important}<\/style>\n<style>.tdb_single_content{margin-bottom:0;*zoom:1}.tdb_single_content:before,.tdb_single_content:after{display:table;content:'';line-height:0}.tdb_single_content:after{clear:both}.tdb_single_content .tdb-block-inner>*:not(.wp-block-quote):not(.alignwide):not(.alignfull.wp-block-cover.has-parallax):not(.td-a-ad){margin-left:auto;margin-right:auto}.tdb_single_content a{pointer-events:auto}.tdb_single_content .td-spot-id-top_ad .tdc-placeholder-title:before{content:'Najlepsza reklama artyku\u0142u'!important}.tdb_single_content .td-spot-id-inline_ad0 .tdc-placeholder-title:before{content:'Reklama wbudowana artyku\u0142u 1'!important}.tdb_single_content .td-spot-id-inline_ad1 .tdc-placeholder-title:before{content:'Wbudowana reklama w artykule 2'!important}.tdb_single_content .td-spot-id-inline_ad2 .tdc-placeholder-title:before{content:'Wbudowana reklama w artykule 3'!important}.tdb_single_content .td-spot-id-bottom_ad .tdc-placeholder-title:before{content:'Article Bottom Ad'!important}.tdb_single_content .id_top_ad,.tdb_single_content .id_bottom_ad{clear:both;margin-bottom:21px;text-align:center}.tdb_single_content .id_top_ad img,.tdb_single_content .id_bottom_ad img{margin-bottom:0}.tdb_single_content .id_top_ad .adsbygoogle,.tdb_single_content .id_bottom_ad .adsbygoogle{position:relative}.tdb_single_content .id_ad_content-horiz-left,.tdb_single_content .id_ad_content-horiz-right,.tdb_single_content .id_ad_content-horiz-center{margin-bottom:15px}.tdb_single_content .id_ad_content-horiz-left img,.tdb_single_content .id_ad_content-horiz-right img,.tdb_single_content .id_ad_content-horiz-center img{margin-bottom:0}.tdb_single_content .id_ad_content-horiz-center{text-align:center}.tdb_single_content .id_ad_content-horiz-center img{margin-right:auto;margin-left:auto}.tdb_single_content .id_ad_content-horiz-left{float:left;margin-top:9px;margin-right:21px}.tdb_single_content .id_ad_content-horiz-right{float:right;margin-top:6px;margin-left:21px}.tdb_single_content .tdc-a-ad .tdc-placeholder-title{width:300px;height:250px}.tdb_single_content .tdc-a-ad .tdc-placeholder-title:before{position:absolute;top:50%;-webkit-transform:translateY(-50%);transform:translateY(-50%);margin:auto;display:table;width:100%}.tdb_single_content .tdb-block-inner.td-fix-index{word-break:break-word}.tdi_46,.tdi_46>p,.tdi_46 .tdb-block-inner>p,.wp-block-column>p{font-size:16px!important;line-height:1.6!important}.tdi_46 .tdb-block-inner blockquote p{font-style:normal!important}@media (max-width:767px){.tdb_single_content .id_ad_content-horiz-left,.tdb_single_content .id_ad_content-horiz-right,.tdb_single_content .id_ad_content-horiz-center{margin:0 auto 26 pikseli auto}}@media (max-width:767px){.tdb_single_content .id_ad_content-horiz-left{margin-right:0}}@media (max-width:767px){.tdb_single_content .id_ad_content-horiz-right{margin-left:0}}@media (max-width:767px){.tdb_single_content .td-a-ad{float:none;text-align:center}.tdb_single_content .td-a-ad img{margin-right:auto;margin-left:auto}.tdb_single_content .tdc-a-ad{float:none}}<\/style>\n<div class=\"tdb-block-inner td-fix-index\">\n<p>\u201ePa\u0144stwo dzia\u0142a cierpliwie, konsekwentnie i zgodnie z prawem\u201d \u2013 oznajmi\u0142 w mediach spo\u0142eczno\u015bciowych Donald Tusk, odnosz\u0105c si\u0119 do trwaj\u0105cych od dw\u00f3ch lat \u201erozlicze\u0144\u201d. Jego wypowied\u017a spotka\u0142a si\u0119 z entuzjazmem zar\u00f3wno ze strony zwolennik\u00f3w, jak i krytyk\u00f3w koalicji rz\u0105dz\u0105cej. W komentarzach szybko zaroi\u0142o si\u0119 od kpin.<\/p>\n<p>Tu\u017c przed zbli\u017caj\u0105cymi si\u0119 \u015bwi\u0119tami w\u0142adze ponownie zwr\u00f3c\u0105 uwag\u0119 na by\u0142ego ministra sprawiedliwo\u015bci Zbigniewa Ziobr\u0119. Niedawno \u015bledczy postanowili zabezpieczy\u0107 maj\u0105tek polityka, a nast\u0119pnie z\u0142o\u017cyli wniosek o jego aresztowanie. Rozprawa s\u0105dowa zosta\u0142a wyznaczona na 22 grudnia \u2013 w wigili\u0119 Bo\u017cego Narodzenia.<\/p>\n<p>Zbli\u017caj\u0105ce si\u0119 posiedzenie s\u0105du \u2013 wci\u0105\u017c dalekie od ostatecznego, prawnie wi\u0105\u017c\u0105cego orzeczenia \u2013 jest zdaniem premiera Donalda Tuska \u201edecyduj\u0105c\u0105 faz\u0105 ugody\u201d.<\/p>\n<p>Wczoraj funkcjonariusze Centralnego Biura Antykorupcyjnego wkroczyli do siedziby Fundacji \u201eLux Veritatis\u201d, prowadzonej przez ks. Tadeusza Rydzyka, tak\u017ce w zwi\u0105zku ze \u015bledztwem dotycz\u0105cym Funduszu Sprawiedliwo\u015bci.<\/p>\n<p>Te dzia\u0142ania wystarczy\u0142y, aby premier m\u00f3g\u0142 pochwali\u0107 si\u0119 \u201epost\u0119pem\u201d.<\/p>\n<p>\u201eRozliczenia wchodz\u0105 w decyduj\u0105c\u0105 faz\u0119, pa\u0144stwo dzia\u0142a cierpliwie, konsekwentnie i zgodnie z prawem\u201d \u2013 podkre\u015bla Tusk.<\/p>\n<figure class=\"wp-block-pullquote\">\n<blockquote>\n<p>&#8222;Nie ma ju\u017c \u015bwi\u0119tych kr\u00f3w. Niewinni nie maj\u0105 si\u0119 czego ba\u0107. Winni &#8211; bardzo&#8221;<\/p>\n<p><cite>  o\u015bwiadczy\u0142 szef rz\u0105du.<\/cite><\/p><\/blockquote>\n<\/figure>\n<p>Szybko posypa\u0142y si\u0119 komentarze \u2013 zar\u00f3wno ze strony sympatyk\u00f3w, jak i przeciwnik\u00f3w rz\u0105dz\u0105cych. \u0141\u0105czy ich wsp\u00f3lny temat: ze wszystkich stron kr\u0105\u017c\u0105 drwiny, \u017ce od dw\u00f3ch lat pada\u0142y podobne zapewnienia.<\/p>\n<\/div>\n<\/div>\n","protected":false},"excerpt":{"rendered":"<p>\u201ePa\u0144stwo dzia\u0142a cierpliwie, konsekwentnie i zgodnie z prawem\u201d \u2013 oznajmi\u0142 w mediach spo\u0142eczno\u015bciowych Donald Tusk, odnosz\u0105c si\u0119 do trwaj\u0105cych od<\/p>\n","protected":false},"author":1,"featured_media":7247,"comment_status":"open","ping_status":"open","sticky":false,"template":"","format":"standard","meta":{"footnotes":""},"categories":[4748],"tags":[12492,12493,869,7230,11446,8128,12383,2110,544,355,12494,150,221,12384,773,11424],"class_list":["post-11069","post","type-post","status-publish","format-standard","has-post-thumbnail","hentry","category-aktualne","tag-decydujaca","tag-dwuletnich","tag-dzialan","tag-faze","tag-fundacji","tag-miare","tag-nasilenia","tag-odpowiedzialnosci","tag-oglasza","tag-przeciwko","tag-rydzyka","tag-sie","tag-tusk","tag-wysilkow","tag-zakresie","tag-ziobry","generate-columns","tablet-grid-50","mobile-grid-100","grid-parent","grid-50","resize-featured-image"],"yoast_head":"<!-- This site is optimized with the Yoast SEO plugin v23.2 - https:\/\/yoast.com\/wordpress\/plugins\/seo\/ -->\n<title>Tusk og\u0142asza \u201edecyduj\u0105c\u0105 faz\u0119\u201d dwuletnich wysi\u0142k\u00f3w w zakresie odpowiedzialno\u015bci w miar\u0119 nasilenia si\u0119 dzia\u0142a\u0144 przeciwko Fundacji Ziobry i Rydzyka - POGOTOWIE FLAGOWE\u00ae<\/title>\n<meta name=\"robots\" content=\"index, follow, max-snippet:-1, max-image-preview:large, max-video-preview:-1\" \/>\n<link rel=\"canonical\" href=\"https:\/\/www.pogotowieflagowe.pl\/aktualne\/tusk-oglasza-decydujaca-faze-dwuletnich-wysilkow-w-zakresie-odpowiedzialnosci-w-miare-nasilenia-sie-dzialan-przeciwko-fundacji-ziobry-i-rydzyka\/\" \/>\n<meta property=\"og:locale\" content=\"pl_PL\" \/>\n<meta property=\"og:type\" content=\"article\" \/>\n<meta property=\"og:title\" content=\"Tusk og\u0142asza \u201edecyduj\u0105c\u0105 faz\u0119\u201d dwuletnich wysi\u0142k\u00f3w w zakresie odpowiedzialno\u015bci w miar\u0119 nasilenia si\u0119 dzia\u0142a\u0144 przeciwko Fundacji Ziobry i Rydzyka - POGOTOWIE FLAGOWE\u00ae\" \/>\n<meta property=\"og:description\" content=\"\u201ePa\u0144stwo dzia\u0142a cierpliwie, konsekwentnie i zgodnie z prawem\u201d \u2013 oznajmi\u0142 w mediach spo\u0142eczno\u015bciowych Donald Tusk, odnosz\u0105c si\u0119 do trwaj\u0105cych od\" \/>\n<meta property=\"og:url\" content=\"https:\/\/www.pogotowieflagowe.pl\/aktualne\/tusk-oglasza-decydujaca-faze-dwuletnich-wysilkow-w-zakresie-odpowiedzialnosci-w-miare-nasilenia-sie-dzialan-przeciwko-fundacji-ziobry-i-rydzyka\/\" \/>\n<meta property=\"og:site_name\" content=\"POGOTOWIE FLAGOWE\u00ae\" \/>\n<meta property=\"article:published_time\" content=\"2025-11-27T09:22:03+00:00\" \/>\n<meta property=\"article:modified_time\" content=\"2025-11-27T09:22:04+00:00\" \/>\n<meta property=\"og:image\" content=\"https:\/\/www.pogotowieflagowe.pl\/aktualne\/wp-content\/uploads\/2025\/08\/Cieszynski-ujawnia-Audyt-rzadowy-dotyczacy-funduszu-odzyskiwania-pomija-firmy-powiazane.webp.webp\" \/>\n\t<meta property=\"og:image:width\" content=\"1280\" \/>\n\t<meta property=\"og:image:height\" content=\"720\" \/>\n\t<meta property=\"og:image:type\" content=\"image\/webp\" \/>\n<meta name=\"author\" content=\"Filip\" \/>\n<meta name=\"twitter:card\" content=\"summary_large_image\" \/>\n<meta name=\"twitter:label1\" content=\"Napisane przez\" \/>\n\t<meta name=\"twitter:data1\" content=\"Filip\" \/>\n\t<meta name=\"twitter:label2\" content=\"Szacowany czas czytania\" \/>\n\t<meta name=\"twitter:data2\" content=\"1 minuta\" \/>\n<script type=\"application\/ld+json\" class=\"yoast-schema-graph\">{\"@context\":\"https:\/\/schema.org\",\"@graph\":[{\"@type\":\"Article\",\"@id\":\"https:\/\/www.pogotowieflagowe.pl\/aktualne\/tusk-oglasza-decydujaca-faze-dwuletnich-wysilkow-w-zakresie-odpowiedzialnosci-w-miare-nasilenia-sie-dzialan-przeciwko-fundacji-ziobry-i-rydzyka\/#article\",\"isPartOf\":{\"@id\":\"https:\/\/www.pogotowieflagowe.pl\/aktualne\/tusk-oglasza-decydujaca-faze-dwuletnich-wysilkow-w-zakresie-odpowiedzialnosci-w-miare-nasilenia-sie-dzialan-przeciwko-fundacji-ziobry-i-rydzyka\/\"},\"author\":{\"name\":\"Filip\",\"@id\":\"https:\/\/www.pogotowieflagowe.pl\/aktualne\/#\/schema\/person\/9c2fb7d2362ebf6fa088960d7f0d27b0\"},\"headline\":\"Tusk og\u0142asza \u201edecyduj\u0105c\u0105 faz\u0119\u201d dwuletnich wysi\u0142k\u00f3w w zakresie odpowiedzialno\u015bci w miar\u0119 nasilenia si\u0119 dzia\u0142a\u0144 przeciwko Fundacji Ziobry i Rydzyka\",\"datePublished\":\"2025-11-27T09:22:03+00:00\",\"dateModified\":\"2025-11-27T09:22:04+00:00\",\"mainEntityOfPage\":{\"@id\":\"https:\/\/www.pogotowieflagowe.pl\/aktualne\/tusk-oglasza-decydujaca-faze-dwuletnich-wysilkow-w-zakresie-odpowiedzialnosci-w-miare-nasilenia-sie-dzialan-przeciwko-fundacji-ziobry-i-rydzyka\/\"},\"wordCount\":277,\"commentCount\":0,\"publisher\":{\"@id\":\"https:\/\/www.pogotowieflagowe.pl\/aktualne\/#organization\"},\"image\":{\"@id\":\"https:\/\/www.pogotowieflagowe.pl\/aktualne\/tusk-oglasza-decydujaca-faze-dwuletnich-wysilkow-w-zakresie-odpowiedzialnosci-w-miare-nasilenia-sie-dzialan-przeciwko-fundacji-ziobry-i-rydzyka\/#primaryimage\"},\"thumbnailUrl\":\"https:\/\/www.pogotowieflagowe.pl\/aktualne\/wp-content\/uploads\/2025\/08\/Cieszynski-ujawnia-Audyt-rzadowy-dotyczacy-funduszu-odzyskiwania-pomija-firmy-powiazane.webp.webp\",\"keywords\":[\"decyduj\u0105c\u0105\",\"dwuletnich\",\"dzia\u0142a\u0144\",\"faz\u0119\",\"Fundacji\",\"miar\u0119\",\"nasilenia\",\"odpowiedzialno\u015bci\",\"og\u0142asza\",\"przeciwko\",\"Rydzyka\",\"si\u0119\",\"Tusk\",\"wysi\u0142k\u00f3w\",\"zakresie\",\"Ziobry\"],\"articleSection\":[\"Aktualne\"],\"inLanguage\":\"pl-PL\",\"potentialAction\":[{\"@type\":\"CommentAction\",\"name\":\"Comment\",\"target\":[\"https:\/\/www.pogotowieflagowe.pl\/aktualne\/tusk-oglasza-decydujaca-faze-dwuletnich-wysilkow-w-zakresie-odpowiedzialnosci-w-miare-nasilenia-sie-dzialan-przeciwko-fundacji-ziobry-i-rydzyka\/#respond\"]}]},{\"@type\":\"WebPage\",\"@id\":\"https:\/\/www.pogotowieflagowe.pl\/aktualne\/tusk-oglasza-decydujaca-faze-dwuletnich-wysilkow-w-zakresie-odpowiedzialnosci-w-miare-nasilenia-sie-dzialan-przeciwko-fundacji-ziobry-i-rydzyka\/\",\"url\":\"https:\/\/www.pogotowieflagowe.pl\/aktualne\/tusk-oglasza-decydujaca-faze-dwuletnich-wysilkow-w-zakresie-odpowiedzialnosci-w-miare-nasilenia-sie-dzialan-przeciwko-fundacji-ziobry-i-rydzyka\/\",\"name\":\"Tusk og\u0142asza \u201edecyduj\u0105c\u0105 faz\u0119\u201d dwuletnich wysi\u0142k\u00f3w w zakresie odpowiedzialno\u015bci w miar\u0119 nasilenia si\u0119 dzia\u0142a\u0144 przeciwko Fundacji Ziobry i Rydzyka - POGOTOWIE FLAGOWE\u00ae\",\"isPartOf\":{\"@id\":\"https:\/\/www.pogotowieflagowe.pl\/aktualne\/#website\"},\"primaryImageOfPage\":{\"@id\":\"https:\/\/www.pogotowieflagowe.pl\/aktualne\/tusk-oglasza-decydujaca-faze-dwuletnich-wysilkow-w-zakresie-odpowiedzialnosci-w-miare-nasilenia-sie-dzialan-przeciwko-fundacji-ziobry-i-rydzyka\/#primaryimage\"},\"image\":{\"@id\":\"https:\/\/www.pogotowieflagowe.pl\/aktualne\/tusk-oglasza-decydujaca-faze-dwuletnich-wysilkow-w-zakresie-odpowiedzialnosci-w-miare-nasilenia-sie-dzialan-przeciwko-fundacji-ziobry-i-rydzyka\/#primaryimage\"},\"thumbnailUrl\":\"https:\/\/www.pogotowieflagowe.pl\/aktualne\/wp-content\/uploads\/2025\/08\/Cieszynski-ujawnia-Audyt-rzadowy-dotyczacy-funduszu-odzyskiwania-pomija-firmy-powiazane.webp.webp\",\"datePublished\":\"2025-11-27T09:22:03+00:00\",\"dateModified\":\"2025-11-27T09:22:04+00:00\",\"breadcrumb\":{\"@id\":\"https:\/\/www.pogotowieflagowe.pl\/aktualne\/tusk-oglasza-decydujaca-faze-dwuletnich-wysilkow-w-zakresie-odpowiedzialnosci-w-miare-nasilenia-sie-dzialan-przeciwko-fundacji-ziobry-i-rydzyka\/#breadcrumb\"},\"inLanguage\":\"pl-PL\",\"potentialAction\":[{\"@type\":\"ReadAction\",\"target\":[\"https:\/\/www.pogotowieflagowe.pl\/aktualne\/tusk-oglasza-decydujaca-faze-dwuletnich-wysilkow-w-zakresie-odpowiedzialnosci-w-miare-nasilenia-sie-dzialan-przeciwko-fundacji-ziobry-i-rydzyka\/\"]}]},{\"@type\":\"ImageObject\",\"inLanguage\":\"pl-PL\",\"@id\":\"https:\/\/www.pogotowieflagowe.pl\/aktualne\/tusk-oglasza-decydujaca-faze-dwuletnich-wysilkow-w-zakresie-odpowiedzialnosci-w-miare-nasilenia-sie-dzialan-przeciwko-fundacji-ziobry-i-rydzyka\/#primaryimage\",\"url\":\"https:\/\/www.pogotowieflagowe.pl\/aktualne\/wp-content\/uploads\/2025\/08\/Cieszynski-ujawnia-Audyt-rzadowy-dotyczacy-funduszu-odzyskiwania-pomija-firmy-powiazane.webp.webp\",\"contentUrl\":\"https:\/\/www.pogotowieflagowe.pl\/aktualne\/wp-content\/uploads\/2025\/08\/Cieszynski-ujawnia-Audyt-rzadowy-dotyczacy-funduszu-odzyskiwania-pomija-firmy-powiazane.webp.webp\",\"width\":1280,\"height\":720,\"caption\":\"Cieszy\u0144ski ujawnia: Audyt rz\u0105dowy dotycz\u0105cy funduszu odzyskiwania pomija firmy powi\u0105zane z politykami koalicyjnymi\"},{\"@type\":\"BreadcrumbList\",\"@id\":\"https:\/\/www.pogotowieflagowe.pl\/aktualne\/tusk-oglasza-decydujaca-faze-dwuletnich-wysilkow-w-zakresie-odpowiedzialnosci-w-miare-nasilenia-sie-dzialan-przeciwko-fundacji-ziobry-i-rydzyka\/#breadcrumb\",\"itemListElement\":[{\"@type\":\"ListItem\",\"position\":1,\"name\":\"Home\",\"item\":\"https:\/\/www.pogotowieflagowe.pl\/aktualne\/\"},{\"@type\":\"ListItem\",\"position\":2,\"name\":\"Tusk og\u0142asza \u201edecyduj\u0105c\u0105 faz\u0119\u201d dwuletnich wysi\u0142k\u00f3w w zakresie odpowiedzialno\u015bci w miar\u0119 nasilenia si\u0119 dzia\u0142a\u0144 przeciwko Fundacji Ziobry i Rydzyka\"}]},{\"@type\":\"WebSite\",\"@id\":\"https:\/\/www.pogotowieflagowe.pl\/aktualne\/#website\",\"url\":\"https:\/\/www.pogotowieflagowe.pl\/aktualne\/\",\"name\":\"POGOTOWIE FLAGOWE\u00ae\",\"description\":\"\",\"publisher\":{\"@id\":\"https:\/\/www.pogotowieflagowe.pl\/aktualne\/#organization\"},\"potentialAction\":[{\"@type\":\"SearchAction\",\"target\":{\"@type\":\"EntryPoint\",\"urlTemplate\":\"https:\/\/www.pogotowieflagowe.pl\/aktualne\/?s={search_term_string}\"},\"query-input\":\"required name=search_term_string\"}],\"inLanguage\":\"pl-PL\"},{\"@type\":\"Organization\",\"@id\":\"https:\/\/www.pogotowieflagowe.pl\/aktualne\/#organization\",\"name\":\"POGOTOWIE FLAGOWE\u00ae\",\"url\":\"https:\/\/www.pogotowieflagowe.pl\/aktualne\/\",\"logo\":{\"@type\":\"ImageObject\",\"inLanguage\":\"pl-PL\",\"@id\":\"https:\/\/www.pogotowieflagowe.pl\/aktualne\/#\/schema\/logo\/image\/\",\"url\":\"https:\/\/www.pogotowieflagowe.pl\/aktualne\/wp-content\/uploads\/2024\/08\/cropped-pogotowieflagowe_flaga_projekt_sm.jpg\",\"contentUrl\":\"https:\/\/www.pogotowieflagowe.pl\/aktualne\/wp-content\/uploads\/2024\/08\/cropped-pogotowieflagowe_flaga_projekt_sm.jpg\",\"width\":250,\"height\":143,\"caption\":\"POGOTOWIE FLAGOWE\u00ae\"},\"image\":{\"@id\":\"https:\/\/www.pogotowieflagowe.pl\/aktualne\/#\/schema\/logo\/image\/\"}},{\"@type\":\"Person\",\"@id\":\"https:\/\/www.pogotowieflagowe.pl\/aktualne\/#\/schema\/person\/9c2fb7d2362ebf6fa088960d7f0d27b0\",\"name\":\"Filip\",\"image\":{\"@type\":\"ImageObject\",\"inLanguage\":\"pl-PL\",\"@id\":\"https:\/\/www.pogotowieflagowe.pl\/aktualne\/#\/schema\/person\/image\/\",\"url\":\"https:\/\/www.pogotowieflagowe.pl\/aktualne\/wp-content\/uploads\/2024\/08\/pogotowieflagowe.pl_.jpg\",\"contentUrl\":\"https:\/\/www.pogotowieflagowe.pl\/aktualne\/wp-content\/uploads\/2024\/08\/pogotowieflagowe.pl_.jpg\",\"caption\":\"Filip\"},\"description\":\"Jestem Filip, polski dziennikarz z dyplomem nauk politycznych Uniwersytetu Warszawskiego. Rozpoczynaj\u0105c swoj\u0105 karier\u0119 w r\u00f3\u017cnych lokalnych mediach, zdoby\u0142em solidne do\u015bwiadczenie w zakresie \u015bledztwa i redakcji. Obecnie jako redaktor w Pogotowie flagowe, staram si\u0119 dostarcza\u0107 dog\u0142\u0119bne i istotne analizy na temat najwa\u017cniejszych kwestii aktualno\u015bci, \u0142\u0105cz\u0105c rygor z pasj\u0105 dziennikarsk\u0105.\",\"sameAs\":[\"https:\/\/www.pogotowieflagowe.pl\/\"]}]}<\/script>\n<!-- \/ Yoast SEO plugin. -->","yoast_head_json":{"title":"Tusk og\u0142asza \u201edecyduj\u0105c\u0105 faz\u0119\u201d dwuletnich wysi\u0142k\u00f3w w zakresie odpowiedzialno\u015bci w miar\u0119 nasilenia si\u0119 dzia\u0142a\u0144 przeciwko Fundacji Ziobry i Rydzyka - POGOTOWIE FLAGOWE\u00ae","robots":{"index":"index","follow":"follow","max-snippet":"max-snippet:-1","max-image-preview":"max-image-preview:large","max-video-preview":"max-video-preview:-1"},"canonical":"https:\/\/www.pogotowieflagowe.pl\/aktualne\/tusk-oglasza-decydujaca-faze-dwuletnich-wysilkow-w-zakresie-odpowiedzialnosci-w-miare-nasilenia-sie-dzialan-przeciwko-fundacji-ziobry-i-rydzyka\/","og_locale":"pl_PL","og_type":"article","og_title":"Tusk og\u0142asza \u201edecyduj\u0105c\u0105 faz\u0119\u201d dwuletnich wysi\u0142k\u00f3w w zakresie odpowiedzialno\u015bci w miar\u0119 nasilenia si\u0119 dzia\u0142a\u0144 przeciwko Fundacji Ziobry i Rydzyka - POGOTOWIE FLAGOWE\u00ae","og_description":"\u201ePa\u0144stwo dzia\u0142a cierpliwie, konsekwentnie i zgodnie z prawem\u201d \u2013 oznajmi\u0142 w mediach spo\u0142eczno\u015bciowych Donald Tusk, odnosz\u0105c si\u0119 do trwaj\u0105cych od","og_url":"https:\/\/www.pogotowieflagowe.pl\/aktualne\/tusk-oglasza-decydujaca-faze-dwuletnich-wysilkow-w-zakresie-odpowiedzialnosci-w-miare-nasilenia-sie-dzialan-przeciwko-fundacji-ziobry-i-rydzyka\/","og_site_name":"POGOTOWIE FLAGOWE\u00ae","article_published_time":"2025-11-27T09:22:03+00:00","article_modified_time":"2025-11-27T09:22:04+00:00","og_image":[{"width":1280,"height":720,"url":"https:\/\/www.pogotowieflagowe.pl\/aktualne\/wp-content\/uploads\/2025\/08\/Cieszynski-ujawnia-Audyt-rzadowy-dotyczacy-funduszu-odzyskiwania-pomija-firmy-powiazane.webp.webp","type":"image\/webp"}],"author":"Filip","twitter_card":"summary_large_image","twitter_misc":{"Napisane przez":"Filip","Szacowany czas czytania":"1 minuta"},"schema":{"@context":"https:\/\/schema.org","@graph":[{"@type":"Article","@id":"https:\/\/www.pogotowieflagowe.pl\/aktualne\/tusk-oglasza-decydujaca-faze-dwuletnich-wysilkow-w-zakresie-odpowiedzialnosci-w-miare-nasilenia-sie-dzialan-przeciwko-fundacji-ziobry-i-rydzyka\/#article","isPartOf":{"@id":"https:\/\/www.pogotowieflagowe.pl\/aktualne\/tusk-oglasza-decydujaca-faze-dwuletnich-wysilkow-w-zakresie-odpowiedzialnosci-w-miare-nasilenia-sie-dzialan-przeciwko-fundacji-ziobry-i-rydzyka\/"},"author":{"name":"Filip","@id":"https:\/\/www.pogotowieflagowe.pl\/aktualne\/#\/schema\/person\/9c2fb7d2362ebf6fa088960d7f0d27b0"},"headline":"Tusk og\u0142asza \u201edecyduj\u0105c\u0105 faz\u0119\u201d dwuletnich wysi\u0142k\u00f3w w zakresie odpowiedzialno\u015bci w miar\u0119 nasilenia si\u0119 dzia\u0142a\u0144 przeciwko Fundacji Ziobry i Rydzyka","datePublished":"2025-11-27T09:22:03+00:00","dateModified":"2025-11-27T09:22:04+00:00","mainEntityOfPage":{"@id":"https:\/\/www.pogotowieflagowe.pl\/aktualne\/tusk-oglasza-decydujaca-faze-dwuletnich-wysilkow-w-zakresie-odpowiedzialnosci-w-miare-nasilenia-sie-dzialan-przeciwko-fundacji-ziobry-i-rydzyka\/"},"wordCount":277,"commentCount":0,"publisher":{"@id":"https:\/\/www.pogotowieflagowe.pl\/aktualne\/#organization"},"image":{"@id":"https:\/\/www.pogotowieflagowe.pl\/aktualne\/tusk-oglasza-decydujaca-faze-dwuletnich-wysilkow-w-zakresie-odpowiedzialnosci-w-miare-nasilenia-sie-dzialan-przeciwko-fundacji-ziobry-i-rydzyka\/#primaryimage"},"thumbnailUrl":"https:\/\/www.pogotowieflagowe.pl\/aktualne\/wp-content\/uploads\/2025\/08\/Cieszynski-ujawnia-Audyt-rzadowy-dotyczacy-funduszu-odzyskiwania-pomija-firmy-powiazane.webp.webp","keywords":["decyduj\u0105c\u0105","dwuletnich","dzia\u0142a\u0144","faz\u0119","Fundacji","miar\u0119","nasilenia","odpowiedzialno\u015bci","og\u0142asza","przeciwko","Rydzyka","si\u0119","Tusk","wysi\u0142k\u00f3w","zakresie","Ziobry"],"articleSection":["Aktualne"],"inLanguage":"pl-PL","potentialAction":[{"@type":"CommentAction","name":"Comment","target":["https:\/\/www.pogotowieflagowe.pl\/aktualne\/tusk-oglasza-decydujaca-faze-dwuletnich-wysilkow-w-zakresie-odpowiedzialnosci-w-miare-nasilenia-sie-dzialan-przeciwko-fundacji-ziobry-i-rydzyka\/#respond"]}]},{"@type":"WebPage","@id":"https:\/\/www.pogotowieflagowe.pl\/aktualne\/tusk-oglasza-decydujaca-faze-dwuletnich-wysilkow-w-zakresie-odpowiedzialnosci-w-miare-nasilenia-sie-dzialan-przeciwko-fundacji-ziobry-i-rydzyka\/","url":"https:\/\/www.pogotowieflagowe.pl\/aktualne\/tusk-oglasza-decydujaca-faze-dwuletnich-wysilkow-w-zakresie-odpowiedzialnosci-w-miare-nasilenia-sie-dzialan-przeciwko-fundacji-ziobry-i-rydzyka\/","name":"Tusk og\u0142asza \u201edecyduj\u0105c\u0105 faz\u0119\u201d dwuletnich wysi\u0142k\u00f3w w zakresie odpowiedzialno\u015bci w miar\u0119 nasilenia si\u0119 dzia\u0142a\u0144 przeciwko Fundacji Ziobry i Rydzyka - POGOTOWIE FLAGOWE\u00ae","isPartOf":{"@id":"https:\/\/www.pogotowieflagowe.pl\/aktualne\/#website"},"primaryImageOfPage":{"@id":"https:\/\/www.pogotowieflagowe.pl\/aktualne\/tusk-oglasza-decydujaca-faze-dwuletnich-wysilkow-w-zakresie-odpowiedzialnosci-w-miare-nasilenia-sie-dzialan-przeciwko-fundacji-ziobry-i-rydzyka\/#primaryimage"},"image":{"@id":"https:\/\/www.pogotowieflagowe.pl\/aktualne\/tusk-oglasza-decydujaca-faze-dwuletnich-wysilkow-w-zakresie-odpowiedzialnosci-w-miare-nasilenia-sie-dzialan-przeciwko-fundacji-ziobry-i-rydzyka\/#primaryimage"},"thumbnailUrl":"https:\/\/www.pogotowieflagowe.pl\/aktualne\/wp-content\/uploads\/2025\/08\/Cieszynski-ujawnia-Audyt-rzadowy-dotyczacy-funduszu-odzyskiwania-pomija-firmy-powiazane.webp.webp","datePublished":"2025-11-27T09:22:03+00:00","dateModified":"2025-11-27T09:22:04+00:00","breadcrumb":{"@id":"https:\/\/www.pogotowieflagowe.pl\/aktualne\/tusk-oglasza-decydujaca-faze-dwuletnich-wysilkow-w-zakresie-odpowiedzialnosci-w-miare-nasilenia-sie-dzialan-przeciwko-fundacji-ziobry-i-rydzyka\/#breadcrumb"},"inLanguage":"pl-PL","potentialAction":[{"@type":"ReadAction","target":["https:\/\/www.pogotowieflagowe.pl\/aktualne\/tusk-oglasza-decydujaca-faze-dwuletnich-wysilkow-w-zakresie-odpowiedzialnosci-w-miare-nasilenia-sie-dzialan-przeciwko-fundacji-ziobry-i-rydzyka\/"]}]},{"@type":"ImageObject","inLanguage":"pl-PL","@id":"https:\/\/www.pogotowieflagowe.pl\/aktualne\/tusk-oglasza-decydujaca-faze-dwuletnich-wysilkow-w-zakresie-odpowiedzialnosci-w-miare-nasilenia-sie-dzialan-przeciwko-fundacji-ziobry-i-rydzyka\/#primaryimage","url":"https:\/\/www.pogotowieflagowe.pl\/aktualne\/wp-content\/uploads\/2025\/08\/Cieszynski-ujawnia-Audyt-rzadowy-dotyczacy-funduszu-odzyskiwania-pomija-firmy-powiazane.webp.webp","contentUrl":"https:\/\/www.pogotowieflagowe.pl\/aktualne\/wp-content\/uploads\/2025\/08\/Cieszynski-ujawnia-Audyt-rzadowy-dotyczacy-funduszu-odzyskiwania-pomija-firmy-powiazane.webp.webp","width":1280,"height":720,"caption":"Cieszy\u0144ski ujawnia: Audyt rz\u0105dowy dotycz\u0105cy funduszu odzyskiwania pomija firmy powi\u0105zane z politykami koalicyjnymi"},{"@type":"BreadcrumbList","@id":"https:\/\/www.pogotowieflagowe.pl\/aktualne\/tusk-oglasza-decydujaca-faze-dwuletnich-wysilkow-w-zakresie-odpowiedzialnosci-w-miare-nasilenia-sie-dzialan-przeciwko-fundacji-ziobry-i-rydzyka\/#breadcrumb","itemListElement":[{"@type":"ListItem","position":1,"name":"Home","item":"https:\/\/www.pogotowieflagowe.pl\/aktualne\/"},{"@type":"ListItem","position":2,"name":"Tusk og\u0142asza \u201edecyduj\u0105c\u0105 faz\u0119\u201d dwuletnich wysi\u0142k\u00f3w w zakresie odpowiedzialno\u015bci w miar\u0119 nasilenia si\u0119 dzia\u0142a\u0144 przeciwko Fundacji Ziobry i Rydzyka"}]},{"@type":"WebSite","@id":"https:\/\/www.pogotowieflagowe.pl\/aktualne\/#website","url":"https:\/\/www.pogotowieflagowe.pl\/aktualne\/","name":"POGOTOWIE FLAGOWE\u00ae","description":"","publisher":{"@id":"https:\/\/www.pogotowieflagowe.pl\/aktualne\/#organization"},"potentialAction":[{"@type":"SearchAction","target":{"@type":"EntryPoint","urlTemplate":"https:\/\/www.pogotowieflagowe.pl\/aktualne\/?s={search_term_string}"},"query-input":"required name=search_term_string"}],"inLanguage":"pl-PL"},{"@type":"Organization","@id":"https:\/\/www.pogotowieflagowe.pl\/aktualne\/#organization","name":"POGOTOWIE FLAGOWE\u00ae","url":"https:\/\/www.pogotowieflagowe.pl\/aktualne\/","logo":{"@type":"ImageObject","inLanguage":"pl-PL","@id":"https:\/\/www.pogotowieflagowe.pl\/aktualne\/#\/schema\/logo\/image\/","url":"https:\/\/www.pogotowieflagowe.pl\/aktualne\/wp-content\/uploads\/2024\/08\/cropped-pogotowieflagowe_flaga_projekt_sm.jpg","contentUrl":"https:\/\/www.pogotowieflagowe.pl\/aktualne\/wp-content\/uploads\/2024\/08\/cropped-pogotowieflagowe_flaga_projekt_sm.jpg","width":250,"height":143,"caption":"POGOTOWIE FLAGOWE\u00ae"},"image":{"@id":"https:\/\/www.pogotowieflagowe.pl\/aktualne\/#\/schema\/logo\/image\/"}},{"@type":"Person","@id":"https:\/\/www.pogotowieflagowe.pl\/aktualne\/#\/schema\/person\/9c2fb7d2362ebf6fa088960d7f0d27b0","name":"Filip","image":{"@type":"ImageObject","inLanguage":"pl-PL","@id":"https:\/\/www.pogotowieflagowe.pl\/aktualne\/#\/schema\/person\/image\/","url":"https:\/\/www.pogotowieflagowe.pl\/aktualne\/wp-content\/uploads\/2024\/08\/pogotowieflagowe.pl_.jpg","contentUrl":"https:\/\/www.pogotowieflagowe.pl\/aktualne\/wp-content\/uploads\/2024\/08\/pogotowieflagowe.pl_.jpg","caption":"Filip"},"description":"Jestem Filip, polski dziennikarz z dyplomem nauk politycznych Uniwersytetu Warszawskiego. Rozpoczynaj\u0105c swoj\u0105 karier\u0119 w r\u00f3\u017cnych lokalnych mediach, zdoby\u0142em solidne do\u015bwiadczenie w zakresie \u015bledztwa i redakcji. Obecnie jako redaktor w Pogotowie flagowe, staram si\u0119 dostarcza\u0107 dog\u0142\u0119bne i istotne analizy na temat najwa\u017cniejszych kwestii aktualno\u015bci, \u0142\u0105cz\u0105c rygor z pasj\u0105 dziennikarsk\u0105.","sameAs":["https:\/\/www.pogotowieflagowe.pl\/"]}]}},"_links":{"self":[{"href":"https:\/\/www.pogotowieflagowe.pl\/aktualne\/wp-json\/wp\/v2\/posts\/11069","targetHints":{"allow":["GET"]}}],"collection":[{"href":"https:\/\/www.pogotowieflagowe.pl\/aktualne\/wp-json\/wp\/v2\/posts"}],"about":[{"href":"https:\/\/www.pogotowieflagowe.pl\/aktualne\/wp-json\/wp\/v2\/types\/post"}],"author":[{"embeddable":true,"href":"https:\/\/www.pogotowieflagowe.pl\/aktualne\/wp-json\/wp\/v2\/users\/1"}],"replies":[{"embeddable":true,"href":"https:\/\/www.pogotowieflagowe.pl\/aktualne\/wp-json\/wp\/v2\/comments?post=11069"}],"version-history":[{"count":1,"href":"https:\/\/www.pogotowieflagowe.pl\/aktualne\/wp-json\/wp\/v2\/posts\/11069\/revisions"}],"predecessor-version":[{"id":11070,"href":"https:\/\/www.pogotowieflagowe.pl\/aktualne\/wp-json\/wp\/v2\/posts\/11069\/revisions\/11070"}],"wp:featuredmedia":[{"embeddable":true,"href":"https:\/\/www.pogotowieflagowe.pl\/aktualne\/wp-json\/wp\/v2\/media\/7247"}],"wp:attachment":[{"href":"https:\/\/www.pogotowieflagowe.pl\/aktualne\/wp-json\/wp\/v2\/media?parent=11069"}],"wp:term":[{"taxonomy":"category","embeddable":true,"href":"https:\/\/www.pogotowieflagowe.pl\/aktualne\/wp-json\/wp\/v2\/categories?post=11069"},{"taxonomy":"post_tag","embeddable":true,"href":"https:\/\/www.pogotowieflagowe.pl\/aktualne\/wp-json\/wp\/v2\/tags?post=11069"}],"curies":[{"name":"wp","href":"https:\/\/api.w.org\/{rel}","templated":true}]}}