{"id":11103,"date":"2025-11-28T15:48:56","date_gmt":"2025-11-28T14:48:56","guid":{"rendered":"https:\/\/www.pogotowieflagowe.pl\/aktualne\/piec-osob-aresztowanych-po-tym-jak-abw-rozbilo-siec-szpiegowska\/"},"modified":"2025-11-28T15:48:57","modified_gmt":"2025-11-28T14:48:57","slug":"piec-osob-aresztowanych-po-tym-jak-abw-rozbilo-siec-szpiegowska","status":"publish","type":"post","link":"https:\/\/www.pogotowieflagowe.pl\/aktualne\/piec-osob-aresztowanych-po-tym-jak-abw-rozbilo-siec-szpiegowska\/","title":{"rendered":"Pi\u0119\u0107 os\u00f3b aresztowanych po tym, jak ABW rozbi\u0142o sie\u0107 szpiegowsk\u0105"},"content":{"rendered":"\n<div class=\"td_block_wrap tdb_single_content tdi_46 td-pb-border-top td_block_template_8 td-post-content tagdiv-type\" data-td-block-uid=\"tdi_46\">\n<style>.tdi_46{margines-g\u00f3rny:0px!important;margin-bottom:0px!important;dope\u0142nienie-g\u00f3ra:0px!important;dope\u0142nienie-d\u00f3\u0142:0px!important}<\/style>\n<style>.tdb_single_content{margin-bottom:0;*zoom:1}.tdb_single_content:before,.tdb_single_content:after{display:table;content:'';line-height:0}.tdb_single_content:after{clear:both}.tdb_single_content .tdb-block-inner>*:not(.wp-block-quote):not(.alignwide):not(.alignfull.wp-block-cover.has-parallax):not(.td-a-ad){margin-left:auto;margin-right:auto}.tdb_single_content a{pointer-events:auto}.tdb_single_content .td-spot-id-top_ad .tdc-placeholder-title:before{content:'Najlepsza reklama artyku\u0142u'!important}.tdb_single_content .td-spot-id-inline_ad0 .tdc-placeholder-title:before{content:'Reklama wbudowana artyku\u0142u 1'!important}.tdb_single_content .td-spot-id-inline_ad1 .tdc-placeholder-title:before{content:'Wbudowana reklama w artykule 2'!important}.tdb_single_content .td-spot-id-inline_ad2 .tdc-placeholder-title:before{content:'Wbudowana reklama w artykule 3'!important}.tdb_single_content .td-spot-id-bottom_ad .tdc-placeholder-title:before{content:'Article Bottom Ad'!important}.tdb_single_content .id_top_ad,.tdb_single_content .id_bottom_ad{clear:both;margin-bottom:21px;text-align:center}.tdb_single_content .id_top_ad img,.tdb_single_content .id_bottom_ad img{margin-bottom:0}.tdb_single_content .id_top_ad .adsbygoogle,.tdb_single_content .id_bottom_ad .adsbygoogle{position:relative}.tdb_single_content .id_ad_content-horiz-left,.tdb_single_content .id_ad_content-horiz-right,.tdb_single_content .id_ad_content-horiz-center{margin-bottom:15px}.tdb_single_content .id_ad_content-horiz-left img,.tdb_single_content .id_ad_content-horiz-right img,.tdb_single_content .id_ad_content-horiz-center img{margin-bottom:0}.tdb_single_content .id_ad_content-horiz-center{text-align:center}.tdb_single_content .id_ad_content-horiz-center img{margin-right:auto;margin-left:auto}.tdb_single_content .id_ad_content-horiz-left{float:left;margin-top:9px;margin-right:21px}.tdb_single_content .id_ad_content-horiz-right{float:right;margin-top:6px;margin-left:21px}.tdb_single_content .tdc-a-ad .tdc-placeholder-title{width:300px;height:250px}.tdb_single_content .tdc-a-ad .tdc-placeholder-title:before{position:absolute;top:50%;-webkit-transform:translateY(-50%);transform:translateY(-50%);margin:auto;display:table;width:100%}.tdb_single_content .tdb-block-inner.td-fix-index{word-break:break-word}.tdi_46,.tdi_46>p,.tdi_46 .tdb-block-inner>p,.wp-block-column>p{font-size:16px!important;line-height:1.6!important}.tdi_46 .tdb-block-inner blockquote p{font-style:normal!important}@media (max-width:767px){.tdb_single_content .id_ad_content-horiz-left,.tdb_single_content .id_ad_content-horiz-right,.tdb_single_content .id_ad_content-horiz-center{margin:0 auto 26 pikseli auto}}@media (max-width:767px){.tdb_single_content .id_ad_content-horiz-left{margin-right:0}}@media (max-width:767px){.tdb_single_content .id_ad_content-horiz-right{margin-left:0}}@media (max-width:767px){.tdb_single_content .td-a-ad{float:none;text-align:center}.tdb_single_content .td-a-ad img{margin-right:auto;margin-left:auto}.tdb_single_content .tdc-a-ad{float:none}}<\/style>\n<div class=\"tdb-block-inner td-fix-index\">\n<p>Prokurator z lubelskiego oddzia\u0142u Prokuratury Krajowej postawi\u0142 zarzuty pi\u0119ciu osobom za dzia\u0142anie w imieniu wywiadu zagranicznego przeciwko Rzeczypospolitej Polskiej \u2013 poinformowa\u0142a prokuratura. Sprawa dotyczy dw\u00f3ch obywateli Ukrainy i trzech obywateli Bia\u0142orusi.<\/p>\n<p>W dniach 25-26 listopada 2025 r. w Warszawie i Bia\u0142ymstoku zatrzymano pi\u0119\u0107 os\u00f3b: dw\u00f3ch obywateli Ukrainy (Oleksandr S. i nieletnia Sofia Ch.) oraz trzech obywateli Bia\u0142orusi (Viktoryia M., Anton M. i U\u0142adzimir U.).<\/p>\n<p>W dniach 26-27 listopada toczy\u0142y si\u0119 z nimi czynno\u015bci procesowe w oddziale Prokuratury Krajowej w Lublinie. S\u0105d zastosowa\u0142 trzymiesi\u0119czny areszt tymczasowy wobec Wiktorii M., Oleksandra S. i Antona M. Nieletnia Zofia Ch. zosta\u0142a umieszczona na trzy miesi\u0105ce w schronisku dla nieletnich. Je\u015bli chodzi o hospitalizowanego U\u0142adzimira U., prokurator wyda\u0142 zakaz opuszczania kraju.<\/p>\n<p>Jak wynika z komunikatu ABW, sprawa dotyczy \u015bledztwa w sprawie dzia\u0142a\u0144 prowadzonych w okresie od marca 2024 r. do lutego 2025 r. w Rzeszowie, Warszawie, \u0141odzi i innych miejscowo\u015bciach na terytorium RP, zwi\u0105zanych z udzia\u0142em w dzia\u0142aniach zagranicznego wywiadu.<\/p>\n<p>Zidentyfikowane osoby zosta\u0142y zrekrutowane przez koordynatora dzia\u0142aj\u0105cego za po\u015brednictwem platformy komunikacyjnej TELEGRAM i dopu\u015bci\u0142y si\u0119 akt\u00f3w sabota\u017cu poprzez podejmowanie dzia\u0142a\u0144 skierowanych przeciwko Rzeczypospolitej Polskiej. Obejmowa\u0142y one wykonywanie i przekazywanie dokumentacji fotograficznej obiekt\u00f3w, a tym samym pozyskiwanie informacji o infrastrukturze krytycznej, systemach i obiektach istotnych dla bezpiecze\u0144stwa Polski i jej obywateli, a tak\u017ce kolporta\u017c plakat\u00f3w i tworzenie graffiti.<\/p>\n<p>Dodano, \u017ce osoby te \u201epozostawa\u0142y w gotowo\u015bci do wykonywania zlece\u0144 i innych zada\u0144 zleconych przez zlecaj\u0105cych czynno\u015bci w ramach tej struktury, za co otrzymywa\u0142y wynagrodzenie z portfela kryptowalutowego\u201d. Podkre\u015blono tak\u017ce, \u017ce zachowania te \u201ewpisuj\u0105 si\u0119 w ustalony i dobrze znany spos\u00f3b dzia\u0142ania rosyjskiego wywiadu\u201d.<\/p>\n<\/div>\n<\/div>\n","protected":false},"excerpt":{"rendered":"<p>Prokurator z lubelskiego oddzia\u0142u Prokuratury Krajowej postawi\u0142 zarzuty pi\u0119ciu osobom za dzia\u0142anie w imieniu wywiadu zagranicznego przeciwko Rzeczypospolitej Polskiej \u2013<\/p>\n","protected":false},"author":1,"featured_media":11104,"comment_status":"open","ping_status":"open","sticky":false,"template":"","format":"standard","meta":{"footnotes":""},"categories":[4748],"tags":[7391,6844,982,4195,82,12523,11273,12524,1829],"class_list":["post-11103","post","type-post","status-publish","format-standard","has-post-thumbnail","hentry","category-aktualne","tag-abw","tag-aresztowanych","tag-jak","tag-osob","tag-piec","tag-rozbilo","tag-siec","tag-szpiegowska","tag-tym","generate-columns","tablet-grid-50","mobile-grid-100","grid-parent","grid-50","resize-featured-image"],"yoast_head":"<!-- This site is optimized with the Yoast SEO plugin v23.2 - https:\/\/yoast.com\/wordpress\/plugins\/seo\/ -->\n<title>Pi\u0119\u0107 os\u00f3b aresztowanych po tym, jak ABW rozbi\u0142o sie\u0107 szpiegowsk\u0105 - POGOTOWIE FLAGOWE\u00ae<\/title>\n<meta name=\"robots\" content=\"index, follow, max-snippet:-1, max-image-preview:large, max-video-preview:-1\" \/>\n<link rel=\"canonical\" href=\"https:\/\/www.pogotowieflagowe.pl\/aktualne\/piec-osob-aresztowanych-po-tym-jak-abw-rozbilo-siec-szpiegowska\/\" \/>\n<meta property=\"og:locale\" content=\"pl_PL\" \/>\n<meta property=\"og:type\" content=\"article\" \/>\n<meta property=\"og:title\" content=\"Pi\u0119\u0107 os\u00f3b aresztowanych po tym, jak ABW rozbi\u0142o sie\u0107 szpiegowsk\u0105 - POGOTOWIE FLAGOWE\u00ae\" \/>\n<meta property=\"og:description\" content=\"Prokurator z lubelskiego oddzia\u0142u Prokuratury Krajowej postawi\u0142 zarzuty pi\u0119ciu osobom za dzia\u0142anie w imieniu wywiadu zagranicznego przeciwko Rzeczypospolitej Polskiej \u2013\" \/>\n<meta property=\"og:url\" content=\"https:\/\/www.pogotowieflagowe.pl\/aktualne\/piec-osob-aresztowanych-po-tym-jak-abw-rozbilo-siec-szpiegowska\/\" \/>\n<meta property=\"og:site_name\" content=\"POGOTOWIE FLAGOWE\u00ae\" \/>\n<meta property=\"article:published_time\" content=\"2025-11-28T14:48:56+00:00\" \/>\n<meta property=\"article:modified_time\" content=\"2025-11-28T14:48:57+00:00\" \/>\n<meta property=\"og:image\" content=\"https:\/\/www.pogotowieflagowe.pl\/aktualne\/wp-content\/uploads\/2025\/11\/Piec-osob-aresztowanych-po-tym-jak-ABW-rozbilo-siec-szpiegowska.webp.webp\" \/>\n\t<meta property=\"og:image:width\" content=\"1280\" \/>\n\t<meta property=\"og:image:height\" content=\"720\" \/>\n\t<meta property=\"og:image:type\" content=\"image\/webp\" \/>\n<meta name=\"author\" content=\"Filip\" \/>\n<meta name=\"twitter:card\" content=\"summary_large_image\" \/>\n<meta name=\"twitter:label1\" content=\"Napisane przez\" \/>\n\t<meta name=\"twitter:data1\" content=\"Filip\" \/>\n\t<meta name=\"twitter:label2\" content=\"Szacowany czas czytania\" \/>\n\t<meta name=\"twitter:data2\" content=\"1 minuta\" \/>\n<script type=\"application\/ld+json\" class=\"yoast-schema-graph\">{\"@context\":\"https:\/\/schema.org\",\"@graph\":[{\"@type\":\"Article\",\"@id\":\"https:\/\/www.pogotowieflagowe.pl\/aktualne\/piec-osob-aresztowanych-po-tym-jak-abw-rozbilo-siec-szpiegowska\/#article\",\"isPartOf\":{\"@id\":\"https:\/\/www.pogotowieflagowe.pl\/aktualne\/piec-osob-aresztowanych-po-tym-jak-abw-rozbilo-siec-szpiegowska\/\"},\"author\":{\"name\":\"Filip\",\"@id\":\"https:\/\/www.pogotowieflagowe.pl\/aktualne\/#\/schema\/person\/9c2fb7d2362ebf6fa088960d7f0d27b0\"},\"headline\":\"Pi\u0119\u0107 os\u00f3b aresztowanych po tym, jak ABW rozbi\u0142o sie\u0107 szpiegowsk\u0105\",\"datePublished\":\"2025-11-28T14:48:56+00:00\",\"dateModified\":\"2025-11-28T14:48:57+00:00\",\"mainEntityOfPage\":{\"@id\":\"https:\/\/www.pogotowieflagowe.pl\/aktualne\/piec-osob-aresztowanych-po-tym-jak-abw-rozbilo-siec-szpiegowska\/\"},\"wordCount\":311,\"commentCount\":0,\"publisher\":{\"@id\":\"https:\/\/www.pogotowieflagowe.pl\/aktualne\/#organization\"},\"image\":{\"@id\":\"https:\/\/www.pogotowieflagowe.pl\/aktualne\/piec-osob-aresztowanych-po-tym-jak-abw-rozbilo-siec-szpiegowska\/#primaryimage\"},\"thumbnailUrl\":\"https:\/\/www.pogotowieflagowe.pl\/aktualne\/wp-content\/uploads\/2025\/11\/Piec-osob-aresztowanych-po-tym-jak-ABW-rozbilo-siec-szpiegowska.webp.webp\",\"keywords\":[\"ABW\",\"aresztowanych\",\"Jak\",\"os\u00f3b\",\"Pi\u0119\u0107\",\"rozbi\u0142o\",\"sie\u0107\",\"szpiegowsk\u0105\",\"tym\"],\"articleSection\":[\"Aktualne\"],\"inLanguage\":\"pl-PL\",\"potentialAction\":[{\"@type\":\"CommentAction\",\"name\":\"Comment\",\"target\":[\"https:\/\/www.pogotowieflagowe.pl\/aktualne\/piec-osob-aresztowanych-po-tym-jak-abw-rozbilo-siec-szpiegowska\/#respond\"]}]},{\"@type\":\"WebPage\",\"@id\":\"https:\/\/www.pogotowieflagowe.pl\/aktualne\/piec-osob-aresztowanych-po-tym-jak-abw-rozbilo-siec-szpiegowska\/\",\"url\":\"https:\/\/www.pogotowieflagowe.pl\/aktualne\/piec-osob-aresztowanych-po-tym-jak-abw-rozbilo-siec-szpiegowska\/\",\"name\":\"Pi\u0119\u0107 os\u00f3b aresztowanych po tym, jak ABW rozbi\u0142o sie\u0107 szpiegowsk\u0105 - POGOTOWIE FLAGOWE\u00ae\",\"isPartOf\":{\"@id\":\"https:\/\/www.pogotowieflagowe.pl\/aktualne\/#website\"},\"primaryImageOfPage\":{\"@id\":\"https:\/\/www.pogotowieflagowe.pl\/aktualne\/piec-osob-aresztowanych-po-tym-jak-abw-rozbilo-siec-szpiegowska\/#primaryimage\"},\"image\":{\"@id\":\"https:\/\/www.pogotowieflagowe.pl\/aktualne\/piec-osob-aresztowanych-po-tym-jak-abw-rozbilo-siec-szpiegowska\/#primaryimage\"},\"thumbnailUrl\":\"https:\/\/www.pogotowieflagowe.pl\/aktualne\/wp-content\/uploads\/2025\/11\/Piec-osob-aresztowanych-po-tym-jak-ABW-rozbilo-siec-szpiegowska.webp.webp\",\"datePublished\":\"2025-11-28T14:48:56+00:00\",\"dateModified\":\"2025-11-28T14:48:57+00:00\",\"breadcrumb\":{\"@id\":\"https:\/\/www.pogotowieflagowe.pl\/aktualne\/piec-osob-aresztowanych-po-tym-jak-abw-rozbilo-siec-szpiegowska\/#breadcrumb\"},\"inLanguage\":\"pl-PL\",\"potentialAction\":[{\"@type\":\"ReadAction\",\"target\":[\"https:\/\/www.pogotowieflagowe.pl\/aktualne\/piec-osob-aresztowanych-po-tym-jak-abw-rozbilo-siec-szpiegowska\/\"]}]},{\"@type\":\"ImageObject\",\"inLanguage\":\"pl-PL\",\"@id\":\"https:\/\/www.pogotowieflagowe.pl\/aktualne\/piec-osob-aresztowanych-po-tym-jak-abw-rozbilo-siec-szpiegowska\/#primaryimage\",\"url\":\"https:\/\/www.pogotowieflagowe.pl\/aktualne\/wp-content\/uploads\/2025\/11\/Piec-osob-aresztowanych-po-tym-jak-ABW-rozbilo-siec-szpiegowska.webp.webp\",\"contentUrl\":\"https:\/\/www.pogotowieflagowe.pl\/aktualne\/wp-content\/uploads\/2025\/11\/Piec-osob-aresztowanych-po-tym-jak-ABW-rozbilo-siec-szpiegowska.webp.webp\",\"width\":1280,\"height\":720,\"caption\":\"Pi\u0119\u0107 os\u00f3b aresztowanych po tym, jak ABW rozbi\u0142o sie\u0107 szpiegowsk\u0105\"},{\"@type\":\"BreadcrumbList\",\"@id\":\"https:\/\/www.pogotowieflagowe.pl\/aktualne\/piec-osob-aresztowanych-po-tym-jak-abw-rozbilo-siec-szpiegowska\/#breadcrumb\",\"itemListElement\":[{\"@type\":\"ListItem\",\"position\":1,\"name\":\"Home\",\"item\":\"https:\/\/www.pogotowieflagowe.pl\/aktualne\/\"},{\"@type\":\"ListItem\",\"position\":2,\"name\":\"Pi\u0119\u0107 os\u00f3b aresztowanych po tym, jak ABW rozbi\u0142o sie\u0107 szpiegowsk\u0105\"}]},{\"@type\":\"WebSite\",\"@id\":\"https:\/\/www.pogotowieflagowe.pl\/aktualne\/#website\",\"url\":\"https:\/\/www.pogotowieflagowe.pl\/aktualne\/\",\"name\":\"POGOTOWIE FLAGOWE\u00ae\",\"description\":\"\",\"publisher\":{\"@id\":\"https:\/\/www.pogotowieflagowe.pl\/aktualne\/#organization\"},\"potentialAction\":[{\"@type\":\"SearchAction\",\"target\":{\"@type\":\"EntryPoint\",\"urlTemplate\":\"https:\/\/www.pogotowieflagowe.pl\/aktualne\/?s={search_term_string}\"},\"query-input\":\"required name=search_term_string\"}],\"inLanguage\":\"pl-PL\"},{\"@type\":\"Organization\",\"@id\":\"https:\/\/www.pogotowieflagowe.pl\/aktualne\/#organization\",\"name\":\"POGOTOWIE FLAGOWE\u00ae\",\"url\":\"https:\/\/www.pogotowieflagowe.pl\/aktualne\/\",\"logo\":{\"@type\":\"ImageObject\",\"inLanguage\":\"pl-PL\",\"@id\":\"https:\/\/www.pogotowieflagowe.pl\/aktualne\/#\/schema\/logo\/image\/\",\"url\":\"https:\/\/www.pogotowieflagowe.pl\/aktualne\/wp-content\/uploads\/2024\/08\/cropped-pogotowieflagowe_flaga_projekt_sm.jpg\",\"contentUrl\":\"https:\/\/www.pogotowieflagowe.pl\/aktualne\/wp-content\/uploads\/2024\/08\/cropped-pogotowieflagowe_flaga_projekt_sm.jpg\",\"width\":250,\"height\":143,\"caption\":\"POGOTOWIE FLAGOWE\u00ae\"},\"image\":{\"@id\":\"https:\/\/www.pogotowieflagowe.pl\/aktualne\/#\/schema\/logo\/image\/\"}},{\"@type\":\"Person\",\"@id\":\"https:\/\/www.pogotowieflagowe.pl\/aktualne\/#\/schema\/person\/9c2fb7d2362ebf6fa088960d7f0d27b0\",\"name\":\"Filip\",\"image\":{\"@type\":\"ImageObject\",\"inLanguage\":\"pl-PL\",\"@id\":\"https:\/\/www.pogotowieflagowe.pl\/aktualne\/#\/schema\/person\/image\/\",\"url\":\"https:\/\/www.pogotowieflagowe.pl\/aktualne\/wp-content\/uploads\/2024\/08\/pogotowieflagowe.pl_.jpg\",\"contentUrl\":\"https:\/\/www.pogotowieflagowe.pl\/aktualne\/wp-content\/uploads\/2024\/08\/pogotowieflagowe.pl_.jpg\",\"caption\":\"Filip\"},\"description\":\"Jestem Filip, polski dziennikarz z dyplomem nauk politycznych Uniwersytetu Warszawskiego. Rozpoczynaj\u0105c swoj\u0105 karier\u0119 w r\u00f3\u017cnych lokalnych mediach, zdoby\u0142em solidne do\u015bwiadczenie w zakresie \u015bledztwa i redakcji. Obecnie jako redaktor w Pogotowie flagowe, staram si\u0119 dostarcza\u0107 dog\u0142\u0119bne i istotne analizy na temat najwa\u017cniejszych kwestii aktualno\u015bci, \u0142\u0105cz\u0105c rygor z pasj\u0105 dziennikarsk\u0105.\",\"sameAs\":[\"https:\/\/www.pogotowieflagowe.pl\/\"]}]}<\/script>\n<!-- \/ Yoast SEO plugin. -->","yoast_head_json":{"title":"Pi\u0119\u0107 os\u00f3b aresztowanych po tym, jak ABW rozbi\u0142o sie\u0107 szpiegowsk\u0105 - POGOTOWIE FLAGOWE\u00ae","robots":{"index":"index","follow":"follow","max-snippet":"max-snippet:-1","max-image-preview":"max-image-preview:large","max-video-preview":"max-video-preview:-1"},"canonical":"https:\/\/www.pogotowieflagowe.pl\/aktualne\/piec-osob-aresztowanych-po-tym-jak-abw-rozbilo-siec-szpiegowska\/","og_locale":"pl_PL","og_type":"article","og_title":"Pi\u0119\u0107 os\u00f3b aresztowanych po tym, jak ABW rozbi\u0142o sie\u0107 szpiegowsk\u0105 - POGOTOWIE FLAGOWE\u00ae","og_description":"Prokurator z lubelskiego oddzia\u0142u Prokuratury Krajowej postawi\u0142 zarzuty pi\u0119ciu osobom za dzia\u0142anie w imieniu wywiadu zagranicznego przeciwko Rzeczypospolitej Polskiej \u2013","og_url":"https:\/\/www.pogotowieflagowe.pl\/aktualne\/piec-osob-aresztowanych-po-tym-jak-abw-rozbilo-siec-szpiegowska\/","og_site_name":"POGOTOWIE FLAGOWE\u00ae","article_published_time":"2025-11-28T14:48:56+00:00","article_modified_time":"2025-11-28T14:48:57+00:00","og_image":[{"width":1280,"height":720,"url":"https:\/\/www.pogotowieflagowe.pl\/aktualne\/wp-content\/uploads\/2025\/11\/Piec-osob-aresztowanych-po-tym-jak-ABW-rozbilo-siec-szpiegowska.webp.webp","type":"image\/webp"}],"author":"Filip","twitter_card":"summary_large_image","twitter_misc":{"Napisane przez":"Filip","Szacowany czas czytania":"1 minuta"},"schema":{"@context":"https:\/\/schema.org","@graph":[{"@type":"Article","@id":"https:\/\/www.pogotowieflagowe.pl\/aktualne\/piec-osob-aresztowanych-po-tym-jak-abw-rozbilo-siec-szpiegowska\/#article","isPartOf":{"@id":"https:\/\/www.pogotowieflagowe.pl\/aktualne\/piec-osob-aresztowanych-po-tym-jak-abw-rozbilo-siec-szpiegowska\/"},"author":{"name":"Filip","@id":"https:\/\/www.pogotowieflagowe.pl\/aktualne\/#\/schema\/person\/9c2fb7d2362ebf6fa088960d7f0d27b0"},"headline":"Pi\u0119\u0107 os\u00f3b aresztowanych po tym, jak ABW rozbi\u0142o sie\u0107 szpiegowsk\u0105","datePublished":"2025-11-28T14:48:56+00:00","dateModified":"2025-11-28T14:48:57+00:00","mainEntityOfPage":{"@id":"https:\/\/www.pogotowieflagowe.pl\/aktualne\/piec-osob-aresztowanych-po-tym-jak-abw-rozbilo-siec-szpiegowska\/"},"wordCount":311,"commentCount":0,"publisher":{"@id":"https:\/\/www.pogotowieflagowe.pl\/aktualne\/#organization"},"image":{"@id":"https:\/\/www.pogotowieflagowe.pl\/aktualne\/piec-osob-aresztowanych-po-tym-jak-abw-rozbilo-siec-szpiegowska\/#primaryimage"},"thumbnailUrl":"https:\/\/www.pogotowieflagowe.pl\/aktualne\/wp-content\/uploads\/2025\/11\/Piec-osob-aresztowanych-po-tym-jak-ABW-rozbilo-siec-szpiegowska.webp.webp","keywords":["ABW","aresztowanych","Jak","os\u00f3b","Pi\u0119\u0107","rozbi\u0142o","sie\u0107","szpiegowsk\u0105","tym"],"articleSection":["Aktualne"],"inLanguage":"pl-PL","potentialAction":[{"@type":"CommentAction","name":"Comment","target":["https:\/\/www.pogotowieflagowe.pl\/aktualne\/piec-osob-aresztowanych-po-tym-jak-abw-rozbilo-siec-szpiegowska\/#respond"]}]},{"@type":"WebPage","@id":"https:\/\/www.pogotowieflagowe.pl\/aktualne\/piec-osob-aresztowanych-po-tym-jak-abw-rozbilo-siec-szpiegowska\/","url":"https:\/\/www.pogotowieflagowe.pl\/aktualne\/piec-osob-aresztowanych-po-tym-jak-abw-rozbilo-siec-szpiegowska\/","name":"Pi\u0119\u0107 os\u00f3b aresztowanych po tym, jak ABW rozbi\u0142o sie\u0107 szpiegowsk\u0105 - POGOTOWIE FLAGOWE\u00ae","isPartOf":{"@id":"https:\/\/www.pogotowieflagowe.pl\/aktualne\/#website"},"primaryImageOfPage":{"@id":"https:\/\/www.pogotowieflagowe.pl\/aktualne\/piec-osob-aresztowanych-po-tym-jak-abw-rozbilo-siec-szpiegowska\/#primaryimage"},"image":{"@id":"https:\/\/www.pogotowieflagowe.pl\/aktualne\/piec-osob-aresztowanych-po-tym-jak-abw-rozbilo-siec-szpiegowska\/#primaryimage"},"thumbnailUrl":"https:\/\/www.pogotowieflagowe.pl\/aktualne\/wp-content\/uploads\/2025\/11\/Piec-osob-aresztowanych-po-tym-jak-ABW-rozbilo-siec-szpiegowska.webp.webp","datePublished":"2025-11-28T14:48:56+00:00","dateModified":"2025-11-28T14:48:57+00:00","breadcrumb":{"@id":"https:\/\/www.pogotowieflagowe.pl\/aktualne\/piec-osob-aresztowanych-po-tym-jak-abw-rozbilo-siec-szpiegowska\/#breadcrumb"},"inLanguage":"pl-PL","potentialAction":[{"@type":"ReadAction","target":["https:\/\/www.pogotowieflagowe.pl\/aktualne\/piec-osob-aresztowanych-po-tym-jak-abw-rozbilo-siec-szpiegowska\/"]}]},{"@type":"ImageObject","inLanguage":"pl-PL","@id":"https:\/\/www.pogotowieflagowe.pl\/aktualne\/piec-osob-aresztowanych-po-tym-jak-abw-rozbilo-siec-szpiegowska\/#primaryimage","url":"https:\/\/www.pogotowieflagowe.pl\/aktualne\/wp-content\/uploads\/2025\/11\/Piec-osob-aresztowanych-po-tym-jak-ABW-rozbilo-siec-szpiegowska.webp.webp","contentUrl":"https:\/\/www.pogotowieflagowe.pl\/aktualne\/wp-content\/uploads\/2025\/11\/Piec-osob-aresztowanych-po-tym-jak-ABW-rozbilo-siec-szpiegowska.webp.webp","width":1280,"height":720,"caption":"Pi\u0119\u0107 os\u00f3b aresztowanych po tym, jak ABW rozbi\u0142o sie\u0107 szpiegowsk\u0105"},{"@type":"BreadcrumbList","@id":"https:\/\/www.pogotowieflagowe.pl\/aktualne\/piec-osob-aresztowanych-po-tym-jak-abw-rozbilo-siec-szpiegowska\/#breadcrumb","itemListElement":[{"@type":"ListItem","position":1,"name":"Home","item":"https:\/\/www.pogotowieflagowe.pl\/aktualne\/"},{"@type":"ListItem","position":2,"name":"Pi\u0119\u0107 os\u00f3b aresztowanych po tym, jak ABW rozbi\u0142o sie\u0107 szpiegowsk\u0105"}]},{"@type":"WebSite","@id":"https:\/\/www.pogotowieflagowe.pl\/aktualne\/#website","url":"https:\/\/www.pogotowieflagowe.pl\/aktualne\/","name":"POGOTOWIE FLAGOWE\u00ae","description":"","publisher":{"@id":"https:\/\/www.pogotowieflagowe.pl\/aktualne\/#organization"},"potentialAction":[{"@type":"SearchAction","target":{"@type":"EntryPoint","urlTemplate":"https:\/\/www.pogotowieflagowe.pl\/aktualne\/?s={search_term_string}"},"query-input":"required name=search_term_string"}],"inLanguage":"pl-PL"},{"@type":"Organization","@id":"https:\/\/www.pogotowieflagowe.pl\/aktualne\/#organization","name":"POGOTOWIE FLAGOWE\u00ae","url":"https:\/\/www.pogotowieflagowe.pl\/aktualne\/","logo":{"@type":"ImageObject","inLanguage":"pl-PL","@id":"https:\/\/www.pogotowieflagowe.pl\/aktualne\/#\/schema\/logo\/image\/","url":"https:\/\/www.pogotowieflagowe.pl\/aktualne\/wp-content\/uploads\/2024\/08\/cropped-pogotowieflagowe_flaga_projekt_sm.jpg","contentUrl":"https:\/\/www.pogotowieflagowe.pl\/aktualne\/wp-content\/uploads\/2024\/08\/cropped-pogotowieflagowe_flaga_projekt_sm.jpg","width":250,"height":143,"caption":"POGOTOWIE FLAGOWE\u00ae"},"image":{"@id":"https:\/\/www.pogotowieflagowe.pl\/aktualne\/#\/schema\/logo\/image\/"}},{"@type":"Person","@id":"https:\/\/www.pogotowieflagowe.pl\/aktualne\/#\/schema\/person\/9c2fb7d2362ebf6fa088960d7f0d27b0","name":"Filip","image":{"@type":"ImageObject","inLanguage":"pl-PL","@id":"https:\/\/www.pogotowieflagowe.pl\/aktualne\/#\/schema\/person\/image\/","url":"https:\/\/www.pogotowieflagowe.pl\/aktualne\/wp-content\/uploads\/2024\/08\/pogotowieflagowe.pl_.jpg","contentUrl":"https:\/\/www.pogotowieflagowe.pl\/aktualne\/wp-content\/uploads\/2024\/08\/pogotowieflagowe.pl_.jpg","caption":"Filip"},"description":"Jestem Filip, polski dziennikarz z dyplomem nauk politycznych Uniwersytetu Warszawskiego. Rozpoczynaj\u0105c swoj\u0105 karier\u0119 w r\u00f3\u017cnych lokalnych mediach, zdoby\u0142em solidne do\u015bwiadczenie w zakresie \u015bledztwa i redakcji. Obecnie jako redaktor w Pogotowie flagowe, staram si\u0119 dostarcza\u0107 dog\u0142\u0119bne i istotne analizy na temat najwa\u017cniejszych kwestii aktualno\u015bci, \u0142\u0105cz\u0105c rygor z pasj\u0105 dziennikarsk\u0105.","sameAs":["https:\/\/www.pogotowieflagowe.pl\/"]}]}},"_links":{"self":[{"href":"https:\/\/www.pogotowieflagowe.pl\/aktualne\/wp-json\/wp\/v2\/posts\/11103","targetHints":{"allow":["GET"]}}],"collection":[{"href":"https:\/\/www.pogotowieflagowe.pl\/aktualne\/wp-json\/wp\/v2\/posts"}],"about":[{"href":"https:\/\/www.pogotowieflagowe.pl\/aktualne\/wp-json\/wp\/v2\/types\/post"}],"author":[{"embeddable":true,"href":"https:\/\/www.pogotowieflagowe.pl\/aktualne\/wp-json\/wp\/v2\/users\/1"}],"replies":[{"embeddable":true,"href":"https:\/\/www.pogotowieflagowe.pl\/aktualne\/wp-json\/wp\/v2\/comments?post=11103"}],"version-history":[{"count":1,"href":"https:\/\/www.pogotowieflagowe.pl\/aktualne\/wp-json\/wp\/v2\/posts\/11103\/revisions"}],"predecessor-version":[{"id":11105,"href":"https:\/\/www.pogotowieflagowe.pl\/aktualne\/wp-json\/wp\/v2\/posts\/11103\/revisions\/11105"}],"wp:featuredmedia":[{"embeddable":true,"href":"https:\/\/www.pogotowieflagowe.pl\/aktualne\/wp-json\/wp\/v2\/media\/11104"}],"wp:attachment":[{"href":"https:\/\/www.pogotowieflagowe.pl\/aktualne\/wp-json\/wp\/v2\/media?parent=11103"}],"wp:term":[{"taxonomy":"category","embeddable":true,"href":"https:\/\/www.pogotowieflagowe.pl\/aktualne\/wp-json\/wp\/v2\/categories?post=11103"},{"taxonomy":"post_tag","embeddable":true,"href":"https:\/\/www.pogotowieflagowe.pl\/aktualne\/wp-json\/wp\/v2\/tags?post=11103"}],"curies":[{"name":"wp","href":"https:\/\/api.w.org\/{rel}","templated":true}]}}