{"id":1112,"date":"2024-10-05T16:49:05","date_gmt":"2024-10-05T14:49:05","guid":{"rendered":"https:\/\/www.pogotowieflagowe.pl\/aktualne\/polscy-strzelcy-juniorzy-blyszcza-piecioma-medalami-na-mistrzostwach-swiata\/"},"modified":"2024-10-05T16:49:07","modified_gmt":"2024-10-05T14:49:07","slug":"polscy-strzelcy-juniorzy-blyszcza-piecioma-medalami-na-mistrzostwach-swiata","status":"publish","type":"post","link":"https:\/\/www.pogotowieflagowe.pl\/aktualne\/polscy-strzelcy-juniorzy-blyszcza-piecioma-medalami-na-mistrzostwach-swiata\/","title":{"rendered":"Polscy strzelcy juniorzy b\u0142yszcz\u0105 pi\u0119cioma medalami na Mistrzostwach \u015awiata"},"content":{"rendered":"\n<div class=\"td_block_wrap tdb_single_content tdi_48 td-pb-border-top td_block_template_8 td-post-content tagdiv-type\" data-td-block-uid=\"tdi_48\">\n<style>.tdi_48{margines-g\u00f3rny:0px!important;margin-bottom:0px!important;dope\u0142nienie-g\u00f3ra:0px!important;dope\u0142nienie-d\u00f3\u0142:0px!important}<\/style>\n<style>.tdb_single_content{margin-bottom:0;*zoom:1}.tdb_single_content:before,.tdb_single_content:after{display:table;content:'';line-height:0}.tdb_single_content:after{clear:both}.tdb_single_content .tdb-block-inner>*:not(.wp-block-quote):not(.alignwide):not(.alignfull.wp-block-cover.has-parallax):not(.td-a-ad) {margin-left:auto;margin-right:auto}.tdb_single_content a{pointer-events:auto}.tdb_single_content .td-spot-id-top_ad .tdc-placeholder-title:before{content:'Najlepsza reklama artyku\u0142u'! wa\u017cne}.tdb_single_content .td-spot-id-inline_ad0 .tdc-placeholder-title:before{content:'Article Inline Ad 1'!important}.tdb_single_content .td-spot-id-inline_ad1 .tdc-placeholder-title:before {content:'Reklama wbudowana w artyku\u0142 2'!important}.tdb_single_content .td-spot-id-inline_ad2 .tdc-placeholder-title:before{content:'Reklama wbudowana w artyku\u0142 3'!important}.tdb_single_content .td-spot-id -bottom_ad .tdc-placeholder-title:before{content:'Article Bottom Ad'!important}.tdb_single_content .id_top_ad,.tdb_single_content .id_bottom_ad{clear:both;margin-bottom:21px;text-align:center}.tdb_single_content . id_top_ad img,.tdb_single_content .id_bottom_ad img{margin-bottom:0}.tdb_single_content .id_top_ad .adsbygoogle,.tdb_single_content .id_bottom_ad .adsbygoogle{position:relative}.tdb_single_content .id_ad_content-horiz- po lewej,.tdb_single_content .id_ad_content-horiz-right ,.tdb_single_content .id_ad_content-horiz-center{margin-bottom:15px}.tdb_single_content .id_ad_content-horiz-left img,.tdb_single_content .id_ad_content-horiz-right img,.tdb_single_content .id_ad_content-horiz -center img{margines-dolny: 0}.tdb_single_content .id_ad_content-horiz-center{text-align:center}.tdb_single_content .id_ad_content-horiz-center img{margin-right:auto;margin-left:auto}.tdb_single_content .id_ad_content-horiz-left{float: lewy;margin-g\u00f3rny:9px;margin-prawy:21px}.tdb_single_content .id_ad_content-horiz-right{float:right;margin-top:6px;margin-left:21px}.tdb_single_content .tdc-a-ad .tdc- placeholder-title{width:300px;height:250px}.tdb_single_content .tdc-a-ad .tdc-placeholder-title:before{position:absolute;top:50%;-webkit-transform:translateY(-50%); transform:translateY(-50%);margines:auto;display:table;width:100%}.tdb_single_content .tdb-block-inner.td-fix-index{word-break:break-word}.tdi_48,.tdi_48 >p,.tdi_48 .tdb-block-inner>p{font-size:16px!important;line-height:1.6!important}.tdi_48 .tdb-block-inner blockquote p{font-style:normal!important}@ media (maks. szeroko\u015b\u0107: 767 pikseli){.tdb_single_content .id_ad_content-horiz-left,.tdb_single_content .id_ad_content-horiz-right,.tdb_single_content .id_ad_content-horiz-center{margin:0 auto 26px auto}}@media (maks. szeroko\u015b\u0107 :767px){.tdb_single_content .id_ad_content-horiz-left{margin-right:0}}@media (max-width:767px){.tdb_single_content .id_ad_content-horiz-right{margin-left:0}}@media (max -width:767px){.tdb_single_content .td-a-ad{float:none;text-align:center}.tdb_single_content .td-a-ad img{margin-right:auto;margin-left:auto}.tdb_single_content . tdc-a-ad{float:none}}<\/style>\n<div class=\"tdb-block-inner td-fix-index\">\n<p><strong>Polscy strzelcy juniorzy spisali si\u0119 znakomicie na Mistrzostwach \u015awiata Junior\u00f3w w Limie w Peru, zdobywaj\u0105c pi\u0119\u0107 medali, w tym dwa srebrne i trzy br\u0105zowe. Ich imponuj\u0105ce osi\u0105gni\u0119cia uwydatni\u0142y si\u0142\u0119 i talent zespo\u0142u w r\u00f3\u017cnych dyscyplinach strzeleckich.<\/strong><\/p>\n<h2 class=\"wp-block-heading\">Srebrne medale triumfuj\u0105<\/h2>\n<p>Srebrny medal w biegu z pistoletu standardowego na 25 metr\u00f3w zdoby\u0142 Iwan Rakicki z KS Kaliber Bia\u0142ystok. Obok niego srebro w konkursie dru\u017cynowym zdoby\u0142a tak\u017ce polska dru\u017cyna w sk\u0142adzie Stanis\u0142awa Nowosadko (ZKS Gwardia Zielona G\u00f3ra) i Tomasz J\u0119draszczyk (KSOS Strzelnica \u015awidnica), prezentuj\u0105c swoj\u0105 precyzj\u0119 i prac\u0119 zespo\u0142ow\u0105.<\/p>\n<p>Tomasz J\u0119draszczyk do\u0142o\u017cy\u0142 do swojej kolekcji dwa kolejne br\u0105zowe medale, zajmuj\u0105c trzecie miejsce zar\u00f3wno w konkurencji indywidualnej, jak i dru\u017cynowej z pistoletu szybkostrzelnego na 25 metr\u00f3w. Jego koledzy z dru\u017cyny, Rakicki i Nowosadko, zdobyli br\u0105zowy medal w dru\u017cynie, co dodatkowo przyczyni\u0142o si\u0119 do medalowego medalu Polski.<\/p>\n<h2 class=\"wp-block-heading\">Br\u0105zowy Niespodzianka w Skeet<\/h2>\n<p>Niespodziank\u0105 by\u0142 wyst\u0119p Wiktora Pyry z Jury Kochcice, kt\u00f3ry w zawodach w rzutki zdoby\u0142 br\u0105zowy medal. Jego nieoczekiwany sukces przyczyni\u0142 si\u0119 do imponuj\u0105cego wyst\u0119pu Polski na mistrzostwach.<\/p>\n<p>Ci m\u0142odzi polscy sportowcy wykazali si\u0119 wyj\u0105tkowymi umiej\u0119tno\u015bciami i determinacj\u0105, budz\u0105c nadzieje na przysz\u0142e sukcesy w mi\u0119dzynarodowych zawodach.<\/p>\n<\/div>\n<\/div>\n","protected":false},"excerpt":{"rendered":"<p>Polscy strzelcy juniorzy spisali si\u0119 znakomicie na Mistrzostwach \u015awiata Junior\u00f3w w Limie w Peru, zdobywaj\u0105c pi\u0119\u0107 medali, w tym dwa<\/p>\n","protected":false},"author":1,"featured_media":1113,"comment_status":"closed","ping_status":"","sticky":false,"template":"","format":"standard","meta":{"footnotes":""},"categories":[118],"tags":[722,1865,742,236,741,177,1864,444],"class_list":["post-1112","post","type-post","status-publish","format-standard","has-post-thumbnail","hentry","category-lekkoatletyka","tag-blyszcza","tag-juniorzy","tag-medalami","tag-mistrzostwach","tag-piecioma","tag-polscy","tag-strzelcy","tag-swiata","generate-columns","tablet-grid-50","mobile-grid-100","grid-parent","grid-50","resize-featured-image"],"yoast_head":"<!-- This site is optimized with the Yoast SEO plugin v23.2 - https:\/\/yoast.com\/wordpress\/plugins\/seo\/ -->\n<title>Polscy strzelcy juniorzy b\u0142yszcz\u0105 pi\u0119cioma medalami na Mistrzostwach \u015awiata - POGOTOWIE FLAGOWE\u00ae<\/title>\n<meta name=\"robots\" content=\"index, follow, max-snippet:-1, max-image-preview:large, max-video-preview:-1\" \/>\n<link rel=\"canonical\" href=\"https:\/\/www.pogotowieflagowe.pl\/aktualne\/polscy-strzelcy-juniorzy-blyszcza-piecioma-medalami-na-mistrzostwach-swiata\/\" \/>\n<meta property=\"og:locale\" content=\"pl_PL\" \/>\n<meta property=\"og:type\" content=\"article\" \/>\n<meta property=\"og:title\" content=\"Polscy strzelcy juniorzy b\u0142yszcz\u0105 pi\u0119cioma medalami na Mistrzostwach \u015awiata - POGOTOWIE FLAGOWE\u00ae\" \/>\n<meta property=\"og:description\" content=\"Polscy strzelcy juniorzy spisali si\u0119 znakomicie na Mistrzostwach \u015awiata Junior\u00f3w w Limie w Peru, zdobywaj\u0105c pi\u0119\u0107 medali, w tym dwa\" \/>\n<meta property=\"og:url\" content=\"https:\/\/www.pogotowieflagowe.pl\/aktualne\/polscy-strzelcy-juniorzy-blyszcza-piecioma-medalami-na-mistrzostwach-swiata\/\" \/>\n<meta property=\"og:site_name\" content=\"POGOTOWIE FLAGOWE\u00ae\" \/>\n<meta property=\"article:published_time\" content=\"2024-10-05T14:49:05+00:00\" \/>\n<meta property=\"article:modified_time\" content=\"2024-10-05T14:49:07+00:00\" \/>\n<meta property=\"og:image\" content=\"https:\/\/www.pogotowieflagowe.pl\/aktualne\/wp-content\/uploads\/2024\/10\/Polscy-strzelcy-juniorzy-blyszcza-piecioma-medalami-na-Mistrzostwach-Swiata.jpg\" \/>\n\t<meta property=\"og:image:width\" content=\"1280\" \/>\n\t<meta property=\"og:image:height\" content=\"853\" \/>\n\t<meta property=\"og:image:type\" content=\"image\/jpeg\" \/>\n<meta name=\"author\" content=\"Filip\" \/>\n<meta name=\"twitter:card\" content=\"summary_large_image\" \/>\n<meta name=\"twitter:label1\" content=\"Napisane przez\" \/>\n\t<meta name=\"twitter:data1\" content=\"Filip\" \/>\n\t<meta name=\"twitter:label2\" content=\"Szacowany czas czytania\" \/>\n\t<meta name=\"twitter:data2\" content=\"1 minuta\" \/>\n<script type=\"application\/ld+json\" class=\"yoast-schema-graph\">{\"@context\":\"https:\/\/schema.org\",\"@graph\":[{\"@type\":\"Article\",\"@id\":\"https:\/\/www.pogotowieflagowe.pl\/aktualne\/polscy-strzelcy-juniorzy-blyszcza-piecioma-medalami-na-mistrzostwach-swiata\/#article\",\"isPartOf\":{\"@id\":\"https:\/\/www.pogotowieflagowe.pl\/aktualne\/polscy-strzelcy-juniorzy-blyszcza-piecioma-medalami-na-mistrzostwach-swiata\/\"},\"author\":{\"name\":\"Filip\",\"@id\":\"https:\/\/www.pogotowieflagowe.pl\/aktualne\/#\/schema\/person\/9c2fb7d2362ebf6fa088960d7f0d27b0\"},\"headline\":\"Polscy strzelcy juniorzy b\u0142yszcz\u0105 pi\u0119cioma medalami na Mistrzostwach \u015awiata\",\"datePublished\":\"2024-10-05T14:49:05+00:00\",\"dateModified\":\"2024-10-05T14:49:07+00:00\",\"mainEntityOfPage\":{\"@id\":\"https:\/\/www.pogotowieflagowe.pl\/aktualne\/polscy-strzelcy-juniorzy-blyszcza-piecioma-medalami-na-mistrzostwach-swiata\/\"},\"wordCount\":236,\"publisher\":{\"@id\":\"https:\/\/www.pogotowieflagowe.pl\/aktualne\/#organization\"},\"image\":{\"@id\":\"https:\/\/www.pogotowieflagowe.pl\/aktualne\/polscy-strzelcy-juniorzy-blyszcza-piecioma-medalami-na-mistrzostwach-swiata\/#primaryimage\"},\"thumbnailUrl\":\"https:\/\/www.pogotowieflagowe.pl\/aktualne\/wp-content\/uploads\/2024\/10\/Polscy-strzelcy-juniorzy-blyszcza-piecioma-medalami-na-Mistrzostwach-Swiata.jpg\",\"keywords\":[\"b\u0142yszcz\u0105\",\"juniorzy\",\"medalami\",\"mistrzostwach\",\"pi\u0119cioma\",\"Polscy\",\"strzelcy\",\"\u015awiata\"],\"articleSection\":[\"Lekkoatletyka\"],\"inLanguage\":\"pl-PL\"},{\"@type\":\"WebPage\",\"@id\":\"https:\/\/www.pogotowieflagowe.pl\/aktualne\/polscy-strzelcy-juniorzy-blyszcza-piecioma-medalami-na-mistrzostwach-swiata\/\",\"url\":\"https:\/\/www.pogotowieflagowe.pl\/aktualne\/polscy-strzelcy-juniorzy-blyszcza-piecioma-medalami-na-mistrzostwach-swiata\/\",\"name\":\"Polscy strzelcy juniorzy b\u0142yszcz\u0105 pi\u0119cioma medalami na Mistrzostwach \u015awiata - POGOTOWIE FLAGOWE\u00ae\",\"isPartOf\":{\"@id\":\"https:\/\/www.pogotowieflagowe.pl\/aktualne\/#website\"},\"primaryImageOfPage\":{\"@id\":\"https:\/\/www.pogotowieflagowe.pl\/aktualne\/polscy-strzelcy-juniorzy-blyszcza-piecioma-medalami-na-mistrzostwach-swiata\/#primaryimage\"},\"image\":{\"@id\":\"https:\/\/www.pogotowieflagowe.pl\/aktualne\/polscy-strzelcy-juniorzy-blyszcza-piecioma-medalami-na-mistrzostwach-swiata\/#primaryimage\"},\"thumbnailUrl\":\"https:\/\/www.pogotowieflagowe.pl\/aktualne\/wp-content\/uploads\/2024\/10\/Polscy-strzelcy-juniorzy-blyszcza-piecioma-medalami-na-Mistrzostwach-Swiata.jpg\",\"datePublished\":\"2024-10-05T14:49:05+00:00\",\"dateModified\":\"2024-10-05T14:49:07+00:00\",\"breadcrumb\":{\"@id\":\"https:\/\/www.pogotowieflagowe.pl\/aktualne\/polscy-strzelcy-juniorzy-blyszcza-piecioma-medalami-na-mistrzostwach-swiata\/#breadcrumb\"},\"inLanguage\":\"pl-PL\",\"potentialAction\":[{\"@type\":\"ReadAction\",\"target\":[\"https:\/\/www.pogotowieflagowe.pl\/aktualne\/polscy-strzelcy-juniorzy-blyszcza-piecioma-medalami-na-mistrzostwach-swiata\/\"]}]},{\"@type\":\"ImageObject\",\"inLanguage\":\"pl-PL\",\"@id\":\"https:\/\/www.pogotowieflagowe.pl\/aktualne\/polscy-strzelcy-juniorzy-blyszcza-piecioma-medalami-na-mistrzostwach-swiata\/#primaryimage\",\"url\":\"https:\/\/www.pogotowieflagowe.pl\/aktualne\/wp-content\/uploads\/2024\/10\/Polscy-strzelcy-juniorzy-blyszcza-piecioma-medalami-na-Mistrzostwach-Swiata.jpg\",\"contentUrl\":\"https:\/\/www.pogotowieflagowe.pl\/aktualne\/wp-content\/uploads\/2024\/10\/Polscy-strzelcy-juniorzy-blyszcza-piecioma-medalami-na-Mistrzostwach-Swiata.jpg\",\"width\":1280,\"height\":853,\"caption\":\"Polscy strzelcy juniorzy b\u0142yszcz\u0105 pi\u0119cioma medalami na Mistrzostwach \u015awiata\"},{\"@type\":\"BreadcrumbList\",\"@id\":\"https:\/\/www.pogotowieflagowe.pl\/aktualne\/polscy-strzelcy-juniorzy-blyszcza-piecioma-medalami-na-mistrzostwach-swiata\/#breadcrumb\",\"itemListElement\":[{\"@type\":\"ListItem\",\"position\":1,\"name\":\"Home\",\"item\":\"https:\/\/www.pogotowieflagowe.pl\/aktualne\/\"},{\"@type\":\"ListItem\",\"position\":2,\"name\":\"Polscy strzelcy juniorzy b\u0142yszcz\u0105 pi\u0119cioma medalami na Mistrzostwach \u015awiata\"}]},{\"@type\":\"WebSite\",\"@id\":\"https:\/\/www.pogotowieflagowe.pl\/aktualne\/#website\",\"url\":\"https:\/\/www.pogotowieflagowe.pl\/aktualne\/\",\"name\":\"POGOTOWIE FLAGOWE\u00ae\",\"description\":\"\",\"publisher\":{\"@id\":\"https:\/\/www.pogotowieflagowe.pl\/aktualne\/#organization\"},\"potentialAction\":[{\"@type\":\"SearchAction\",\"target\":{\"@type\":\"EntryPoint\",\"urlTemplate\":\"https:\/\/www.pogotowieflagowe.pl\/aktualne\/?s={search_term_string}\"},\"query-input\":\"required name=search_term_string\"}],\"inLanguage\":\"pl-PL\"},{\"@type\":\"Organization\",\"@id\":\"https:\/\/www.pogotowieflagowe.pl\/aktualne\/#organization\",\"name\":\"POGOTOWIE FLAGOWE\u00ae\",\"url\":\"https:\/\/www.pogotowieflagowe.pl\/aktualne\/\",\"logo\":{\"@type\":\"ImageObject\",\"inLanguage\":\"pl-PL\",\"@id\":\"https:\/\/www.pogotowieflagowe.pl\/aktualne\/#\/schema\/logo\/image\/\",\"url\":\"https:\/\/www.pogotowieflagowe.pl\/aktualne\/wp-content\/uploads\/2024\/08\/cropped-pogotowieflagowe_flaga_projekt_sm.jpg\",\"contentUrl\":\"https:\/\/www.pogotowieflagowe.pl\/aktualne\/wp-content\/uploads\/2024\/08\/cropped-pogotowieflagowe_flaga_projekt_sm.jpg\",\"width\":250,\"height\":143,\"caption\":\"POGOTOWIE FLAGOWE\u00ae\"},\"image\":{\"@id\":\"https:\/\/www.pogotowieflagowe.pl\/aktualne\/#\/schema\/logo\/image\/\"}},{\"@type\":\"Person\",\"@id\":\"https:\/\/www.pogotowieflagowe.pl\/aktualne\/#\/schema\/person\/9c2fb7d2362ebf6fa088960d7f0d27b0\",\"name\":\"Filip\",\"image\":{\"@type\":\"ImageObject\",\"inLanguage\":\"pl-PL\",\"@id\":\"https:\/\/www.pogotowieflagowe.pl\/aktualne\/#\/schema\/person\/image\/\",\"url\":\"https:\/\/www.pogotowieflagowe.pl\/aktualne\/wp-content\/uploads\/2024\/08\/pogotowieflagowe.pl_.jpg\",\"contentUrl\":\"https:\/\/www.pogotowieflagowe.pl\/aktualne\/wp-content\/uploads\/2024\/08\/pogotowieflagowe.pl_.jpg\",\"caption\":\"Filip\"},\"description\":\"Jestem Filip, polski dziennikarz z dyplomem nauk politycznych Uniwersytetu Warszawskiego. Rozpoczynaj\u0105c swoj\u0105 karier\u0119 w r\u00f3\u017cnych lokalnych mediach, zdoby\u0142em solidne do\u015bwiadczenie w zakresie \u015bledztwa i redakcji. Obecnie jako redaktor w Pogotowie flagowe, staram si\u0119 dostarcza\u0107 dog\u0142\u0119bne i istotne analizy na temat najwa\u017cniejszych kwestii aktualno\u015bci, \u0142\u0105cz\u0105c rygor z pasj\u0105 dziennikarsk\u0105.\",\"sameAs\":[\"https:\/\/www.pogotowieflagowe.pl\/\"]}]}<\/script>\n<!-- \/ Yoast SEO plugin. -->","yoast_head_json":{"title":"Polscy strzelcy juniorzy b\u0142yszcz\u0105 pi\u0119cioma medalami na Mistrzostwach \u015awiata - POGOTOWIE FLAGOWE\u00ae","robots":{"index":"index","follow":"follow","max-snippet":"max-snippet:-1","max-image-preview":"max-image-preview:large","max-video-preview":"max-video-preview:-1"},"canonical":"https:\/\/www.pogotowieflagowe.pl\/aktualne\/polscy-strzelcy-juniorzy-blyszcza-piecioma-medalami-na-mistrzostwach-swiata\/","og_locale":"pl_PL","og_type":"article","og_title":"Polscy strzelcy juniorzy b\u0142yszcz\u0105 pi\u0119cioma medalami na Mistrzostwach \u015awiata - POGOTOWIE FLAGOWE\u00ae","og_description":"Polscy strzelcy juniorzy spisali si\u0119 znakomicie na Mistrzostwach \u015awiata Junior\u00f3w w Limie w Peru, zdobywaj\u0105c pi\u0119\u0107 medali, w tym dwa","og_url":"https:\/\/www.pogotowieflagowe.pl\/aktualne\/polscy-strzelcy-juniorzy-blyszcza-piecioma-medalami-na-mistrzostwach-swiata\/","og_site_name":"POGOTOWIE FLAGOWE\u00ae","article_published_time":"2024-10-05T14:49:05+00:00","article_modified_time":"2024-10-05T14:49:07+00:00","og_image":[{"width":1280,"height":853,"url":"https:\/\/www.pogotowieflagowe.pl\/aktualne\/wp-content\/uploads\/2024\/10\/Polscy-strzelcy-juniorzy-blyszcza-piecioma-medalami-na-Mistrzostwach-Swiata.jpg","type":"image\/jpeg"}],"author":"Filip","twitter_card":"summary_large_image","twitter_misc":{"Napisane przez":"Filip","Szacowany czas czytania":"1 minuta"},"schema":{"@context":"https:\/\/schema.org","@graph":[{"@type":"Article","@id":"https:\/\/www.pogotowieflagowe.pl\/aktualne\/polscy-strzelcy-juniorzy-blyszcza-piecioma-medalami-na-mistrzostwach-swiata\/#article","isPartOf":{"@id":"https:\/\/www.pogotowieflagowe.pl\/aktualne\/polscy-strzelcy-juniorzy-blyszcza-piecioma-medalami-na-mistrzostwach-swiata\/"},"author":{"name":"Filip","@id":"https:\/\/www.pogotowieflagowe.pl\/aktualne\/#\/schema\/person\/9c2fb7d2362ebf6fa088960d7f0d27b0"},"headline":"Polscy strzelcy juniorzy b\u0142yszcz\u0105 pi\u0119cioma medalami na Mistrzostwach \u015awiata","datePublished":"2024-10-05T14:49:05+00:00","dateModified":"2024-10-05T14:49:07+00:00","mainEntityOfPage":{"@id":"https:\/\/www.pogotowieflagowe.pl\/aktualne\/polscy-strzelcy-juniorzy-blyszcza-piecioma-medalami-na-mistrzostwach-swiata\/"},"wordCount":236,"publisher":{"@id":"https:\/\/www.pogotowieflagowe.pl\/aktualne\/#organization"},"image":{"@id":"https:\/\/www.pogotowieflagowe.pl\/aktualne\/polscy-strzelcy-juniorzy-blyszcza-piecioma-medalami-na-mistrzostwach-swiata\/#primaryimage"},"thumbnailUrl":"https:\/\/www.pogotowieflagowe.pl\/aktualne\/wp-content\/uploads\/2024\/10\/Polscy-strzelcy-juniorzy-blyszcza-piecioma-medalami-na-Mistrzostwach-Swiata.jpg","keywords":["b\u0142yszcz\u0105","juniorzy","medalami","mistrzostwach","pi\u0119cioma","Polscy","strzelcy","\u015awiata"],"articleSection":["Lekkoatletyka"],"inLanguage":"pl-PL"},{"@type":"WebPage","@id":"https:\/\/www.pogotowieflagowe.pl\/aktualne\/polscy-strzelcy-juniorzy-blyszcza-piecioma-medalami-na-mistrzostwach-swiata\/","url":"https:\/\/www.pogotowieflagowe.pl\/aktualne\/polscy-strzelcy-juniorzy-blyszcza-piecioma-medalami-na-mistrzostwach-swiata\/","name":"Polscy strzelcy juniorzy b\u0142yszcz\u0105 pi\u0119cioma medalami na Mistrzostwach \u015awiata - POGOTOWIE FLAGOWE\u00ae","isPartOf":{"@id":"https:\/\/www.pogotowieflagowe.pl\/aktualne\/#website"},"primaryImageOfPage":{"@id":"https:\/\/www.pogotowieflagowe.pl\/aktualne\/polscy-strzelcy-juniorzy-blyszcza-piecioma-medalami-na-mistrzostwach-swiata\/#primaryimage"},"image":{"@id":"https:\/\/www.pogotowieflagowe.pl\/aktualne\/polscy-strzelcy-juniorzy-blyszcza-piecioma-medalami-na-mistrzostwach-swiata\/#primaryimage"},"thumbnailUrl":"https:\/\/www.pogotowieflagowe.pl\/aktualne\/wp-content\/uploads\/2024\/10\/Polscy-strzelcy-juniorzy-blyszcza-piecioma-medalami-na-Mistrzostwach-Swiata.jpg","datePublished":"2024-10-05T14:49:05+00:00","dateModified":"2024-10-05T14:49:07+00:00","breadcrumb":{"@id":"https:\/\/www.pogotowieflagowe.pl\/aktualne\/polscy-strzelcy-juniorzy-blyszcza-piecioma-medalami-na-mistrzostwach-swiata\/#breadcrumb"},"inLanguage":"pl-PL","potentialAction":[{"@type":"ReadAction","target":["https:\/\/www.pogotowieflagowe.pl\/aktualne\/polscy-strzelcy-juniorzy-blyszcza-piecioma-medalami-na-mistrzostwach-swiata\/"]}]},{"@type":"ImageObject","inLanguage":"pl-PL","@id":"https:\/\/www.pogotowieflagowe.pl\/aktualne\/polscy-strzelcy-juniorzy-blyszcza-piecioma-medalami-na-mistrzostwach-swiata\/#primaryimage","url":"https:\/\/www.pogotowieflagowe.pl\/aktualne\/wp-content\/uploads\/2024\/10\/Polscy-strzelcy-juniorzy-blyszcza-piecioma-medalami-na-Mistrzostwach-Swiata.jpg","contentUrl":"https:\/\/www.pogotowieflagowe.pl\/aktualne\/wp-content\/uploads\/2024\/10\/Polscy-strzelcy-juniorzy-blyszcza-piecioma-medalami-na-Mistrzostwach-Swiata.jpg","width":1280,"height":853,"caption":"Polscy strzelcy juniorzy b\u0142yszcz\u0105 pi\u0119cioma medalami na Mistrzostwach \u015awiata"},{"@type":"BreadcrumbList","@id":"https:\/\/www.pogotowieflagowe.pl\/aktualne\/polscy-strzelcy-juniorzy-blyszcza-piecioma-medalami-na-mistrzostwach-swiata\/#breadcrumb","itemListElement":[{"@type":"ListItem","position":1,"name":"Home","item":"https:\/\/www.pogotowieflagowe.pl\/aktualne\/"},{"@type":"ListItem","position":2,"name":"Polscy strzelcy juniorzy b\u0142yszcz\u0105 pi\u0119cioma medalami na Mistrzostwach \u015awiata"}]},{"@type":"WebSite","@id":"https:\/\/www.pogotowieflagowe.pl\/aktualne\/#website","url":"https:\/\/www.pogotowieflagowe.pl\/aktualne\/","name":"POGOTOWIE FLAGOWE\u00ae","description":"","publisher":{"@id":"https:\/\/www.pogotowieflagowe.pl\/aktualne\/#organization"},"potentialAction":[{"@type":"SearchAction","target":{"@type":"EntryPoint","urlTemplate":"https:\/\/www.pogotowieflagowe.pl\/aktualne\/?s={search_term_string}"},"query-input":"required name=search_term_string"}],"inLanguage":"pl-PL"},{"@type":"Organization","@id":"https:\/\/www.pogotowieflagowe.pl\/aktualne\/#organization","name":"POGOTOWIE FLAGOWE\u00ae","url":"https:\/\/www.pogotowieflagowe.pl\/aktualne\/","logo":{"@type":"ImageObject","inLanguage":"pl-PL","@id":"https:\/\/www.pogotowieflagowe.pl\/aktualne\/#\/schema\/logo\/image\/","url":"https:\/\/www.pogotowieflagowe.pl\/aktualne\/wp-content\/uploads\/2024\/08\/cropped-pogotowieflagowe_flaga_projekt_sm.jpg","contentUrl":"https:\/\/www.pogotowieflagowe.pl\/aktualne\/wp-content\/uploads\/2024\/08\/cropped-pogotowieflagowe_flaga_projekt_sm.jpg","width":250,"height":143,"caption":"POGOTOWIE FLAGOWE\u00ae"},"image":{"@id":"https:\/\/www.pogotowieflagowe.pl\/aktualne\/#\/schema\/logo\/image\/"}},{"@type":"Person","@id":"https:\/\/www.pogotowieflagowe.pl\/aktualne\/#\/schema\/person\/9c2fb7d2362ebf6fa088960d7f0d27b0","name":"Filip","image":{"@type":"ImageObject","inLanguage":"pl-PL","@id":"https:\/\/www.pogotowieflagowe.pl\/aktualne\/#\/schema\/person\/image\/","url":"https:\/\/www.pogotowieflagowe.pl\/aktualne\/wp-content\/uploads\/2024\/08\/pogotowieflagowe.pl_.jpg","contentUrl":"https:\/\/www.pogotowieflagowe.pl\/aktualne\/wp-content\/uploads\/2024\/08\/pogotowieflagowe.pl_.jpg","caption":"Filip"},"description":"Jestem Filip, polski dziennikarz z dyplomem nauk politycznych Uniwersytetu Warszawskiego. Rozpoczynaj\u0105c swoj\u0105 karier\u0119 w r\u00f3\u017cnych lokalnych mediach, zdoby\u0142em solidne do\u015bwiadczenie w zakresie \u015bledztwa i redakcji. Obecnie jako redaktor w Pogotowie flagowe, staram si\u0119 dostarcza\u0107 dog\u0142\u0119bne i istotne analizy na temat najwa\u017cniejszych kwestii aktualno\u015bci, \u0142\u0105cz\u0105c rygor z pasj\u0105 dziennikarsk\u0105.","sameAs":["https:\/\/www.pogotowieflagowe.pl\/"]}]}},"_links":{"self":[{"href":"https:\/\/www.pogotowieflagowe.pl\/aktualne\/wp-json\/wp\/v2\/posts\/1112","targetHints":{"allow":["GET"]}}],"collection":[{"href":"https:\/\/www.pogotowieflagowe.pl\/aktualne\/wp-json\/wp\/v2\/posts"}],"about":[{"href":"https:\/\/www.pogotowieflagowe.pl\/aktualne\/wp-json\/wp\/v2\/types\/post"}],"author":[{"embeddable":true,"href":"https:\/\/www.pogotowieflagowe.pl\/aktualne\/wp-json\/wp\/v2\/users\/1"}],"replies":[{"embeddable":true,"href":"https:\/\/www.pogotowieflagowe.pl\/aktualne\/wp-json\/wp\/v2\/comments?post=1112"}],"version-history":[{"count":1,"href":"https:\/\/www.pogotowieflagowe.pl\/aktualne\/wp-json\/wp\/v2\/posts\/1112\/revisions"}],"predecessor-version":[{"id":1114,"href":"https:\/\/www.pogotowieflagowe.pl\/aktualne\/wp-json\/wp\/v2\/posts\/1112\/revisions\/1114"}],"wp:featuredmedia":[{"embeddable":true,"href":"https:\/\/www.pogotowieflagowe.pl\/aktualne\/wp-json\/wp\/v2\/media\/1113"}],"wp:attachment":[{"href":"https:\/\/www.pogotowieflagowe.pl\/aktualne\/wp-json\/wp\/v2\/media?parent=1112"}],"wp:term":[{"taxonomy":"category","embeddable":true,"href":"https:\/\/www.pogotowieflagowe.pl\/aktualne\/wp-json\/wp\/v2\/categories?post=1112"},{"taxonomy":"post_tag","embeddable":true,"href":"https:\/\/www.pogotowieflagowe.pl\/aktualne\/wp-json\/wp\/v2\/tags?post=1112"}],"curies":[{"name":"wp","href":"https:\/\/api.w.org\/{rel}","templated":true}]}}