{"id":1127,"date":"2024-10-06T02:46:51","date_gmt":"2024-10-06T00:46:51","guid":{"rendered":"https:\/\/www.pogotowieflagowe.pl\/aktualne\/marcin-bulka-na-radarze-fc-barcelony-potencjalny-ruch-w-przygotowaniu\/"},"modified":"2024-10-06T02:46:54","modified_gmt":"2024-10-06T00:46:54","slug":"marcin-bulka-na-radarze-fc-barcelony-potencjalny-ruch-w-przygotowaniu","status":"publish","type":"post","link":"https:\/\/www.pogotowieflagowe.pl\/aktualne\/marcin-bulka-na-radarze-fc-barcelony-potencjalny-ruch-w-przygotowaniu\/","title":{"rendered":"Marcin Bu\u0142ka na radarze FC Barcelony: potencjalny ruch w przygotowaniu?"},"content":{"rendered":"\n<div class=\"td_block_wrap tdb_single_content tdi_48 td-pb-border-top td_block_template_8 td-post-content tagdiv-type\" data-td-block-uid=\"tdi_48\">\n<style>.tdi_48{margines-g\u00f3rny:0px!important;margin-bottom:0px!important;dope\u0142nienie-g\u00f3ra:0px!important;dope\u0142nienie-d\u00f3\u0142:0px!important}<\/style>\n<style>.tdb_single_content{margin-bottom:0;*zoom:1}.tdb_single_content:before,.tdb_single_content:after{display:table;content:'';line-height:0}.tdb_single_content:after{clear:both}.tdb_single_content .tdb-block-inner>*:not(.wp-block-quote):not(.alignwide):not(.alignfull.wp-block-cover.has-parallax):not(.td-a-ad) {margin-left:auto;margin-right:auto}.tdb_single_content a{pointer-events:auto}.tdb_single_content .td-spot-id-top_ad .tdc-placeholder-title:before{content:'Najlepsza reklama artyku\u0142u'! wa\u017cne}.tdb_single_content .td-spot-id-inline_ad0 .tdc-placeholder-title:before{content:'Article Inline Ad 1'!important}.tdb_single_content .td-spot-id-inline_ad1 .tdc-placeholder-title:before {content:'Reklama wbudowana w artyku\u0142 2'!important}.tdb_single_content .td-spot-id-inline_ad2 .tdc-placeholder-title:before{content:'Reklama wbudowana w artyku\u0142 3'!important}.tdb_single_content .td-spot-id -bottom_ad .tdc-placeholder-title:before{content:'Article Bottom Ad'!important}.tdb_single_content .id_top_ad,.tdb_single_content .id_bottom_ad{clear:both;margin-bottom:21px;text-align:center}.tdb_single_content . id_top_ad img,.tdb_single_content .id_bottom_ad img{margin-bottom:0}.tdb_single_content .id_top_ad .adsbygoogle,.tdb_single_content .id_bottom_ad .adsbygoogle{position:relative}.tdb_single_content .id_ad_content-horiz- po lewej,.tdb_single_content .id_ad_content-horiz-right ,.tdb_single_content .id_ad_content-horiz-center{margin-bottom:15px}.tdb_single_content .id_ad_content-horiz-left img,.tdb_single_content .id_ad_content-horiz-right img,.tdb_single_content .id_ad_content-horiz -center img{margines-dolny: 0}.tdb_single_content .id_ad_content-horiz-center{text-align:center}.tdb_single_content .id_ad_content-horiz-center img{margin-right:auto;margin-left:auto}.tdb_single_content .id_ad_content-horiz-left{float: lewy;margin-g\u00f3rny:9px;margin-prawy:21px}.tdb_single_content .id_ad_content-horiz-right{float:right;margin-top:6px;margin-left:21px}.tdb_single_content .tdc-a-ad .tdc- placeholder-title{width:300px;height:250px}.tdb_single_content .tdc-a-ad .tdc-placeholder-title:before{position:absolute;top:50%;-webkit-transform:translateY(-50%); transform:translateY(-50%);margines:auto;display:table;width:100%}.tdb_single_content .tdb-block-inner.td-fix-index{word-break:break-word}.tdi_48,.tdi_48 >p,.tdi_48 .tdb-block-inner>p{font-size:16px!important;line-height:1.6!important}.tdi_48 .tdb-block-inner blockquote p{font-style:normal!important}@ media (maks. szeroko\u015b\u0107: 767 pikseli){.tdb_single_content .id_ad_content-horiz-left,.tdb_single_content .id_ad_content-horiz-right,.tdb_single_content .id_ad_content-horiz-center{margin:0 auto 26px auto}}@media (maks. szeroko\u015b\u0107 :767px){.tdb_single_content .id_ad_content-horiz-left{margin-right:0}}@media (max-width:767px){.tdb_single_content .id_ad_content-horiz-right{margin-left:0}}@media (max -width:767px){.tdb_single_content .td-a-ad{float:none;text-align:center}.tdb_single_content .td-a-ad img{margin-right:auto;margin-left:auto}.tdb_single_content . tdc-a-ad{float:none}}<\/style>\n<div class=\"tdb-block-inner td-fix-index\">\n<p><strong>Marcin Bu\u0142ka, graj\u0105cy obecnie w OGC Nice we Francji, zyska\u0142 uznanie jako jeden z najbardziej obiecuj\u0105cych m\u0142odych bramkarzy w Europie. Jego konsekwentne wyst\u0119py w Ligue 1 przyci\u0105gn\u0119\u0142y uwag\u0119 kilku czo\u0142owych klub\u00f3w, w tym podobno FC Barcelona.<\/strong><\/p>\n<h2 class=\"wp-block-heading\">Poszukiwanie bramkarza Barcelony<\/h2>\n<p>Barcelona szuka\u0142a niezawodnego rezerwowego dla Marca-Andr\u00e9 ter Stegena. Poniewa\u017c Wojciech Szcz\u0119sny planuje zako\u0144czy\u0107 karier\u0119 za rok, Barcelona mo\u017ce potrzebowa\u0107 \u015bwie\u017cej rywalizacji na bramce. Bu\u0142ka, ze swoim rosn\u0105cym do\u015bwiadczeniem zar\u00f3wno w Ligue 1, jak i w reprezentacji Polski, jest postrzegany jako idealny kandydat.<\/p>\n<p>Ani Bu\u0142ka, ani jego agent nie potwierdzaj\u0105 tych plotek, gdy\u017c m\u0142ody bramkarz pozostaje skupiony na swojej roli w Nicei. Jego zaanga\u017cowanie w doskonalenie i kierowanie obecnym zespo\u0142em odzwierciedla jego profesjonalne podej\u015bcie.<\/p>\n<\/div>\n<\/div>\n","protected":false},"excerpt":{"rendered":"<p>Marcin Bu\u0142ka, graj\u0105cy obecnie w OGC Nice we Francji, zyska\u0142 uznanie jako jeden z najbardziej obiecuj\u0105cych m\u0142odych bramkarzy w Europie.<\/p>\n","protected":false},"author":1,"featured_media":1128,"comment_status":"closed","ping_status":"","sticky":false,"template":"","format":"standard","meta":{"footnotes":""},"categories":[118],"tags":[727,1887,1886,1889,1891,1888,1890],"class_list":["post-1127","post","type-post","status-publish","format-standard","has-post-thumbnail","hentry","category-lekkoatletyka","tag-barcelony","tag-bulka","tag-marcin","tag-potencjalny","tag-przygotowaniu","tag-radarze","tag-ruch","generate-columns","tablet-grid-50","mobile-grid-100","grid-parent","grid-50","resize-featured-image"],"yoast_head":"<!-- This site is optimized with the Yoast SEO plugin v23.2 - https:\/\/yoast.com\/wordpress\/plugins\/seo\/ -->\n<title>Marcin Bu\u0142ka na radarze FC Barcelony: potencjalny ruch w przygotowaniu? - POGOTOWIE FLAGOWE\u00ae<\/title>\n<meta name=\"robots\" content=\"index, follow, max-snippet:-1, max-image-preview:large, max-video-preview:-1\" \/>\n<link rel=\"canonical\" href=\"https:\/\/www.pogotowieflagowe.pl\/aktualne\/marcin-bulka-na-radarze-fc-barcelony-potencjalny-ruch-w-przygotowaniu\/\" \/>\n<meta property=\"og:locale\" content=\"pl_PL\" \/>\n<meta property=\"og:type\" content=\"article\" \/>\n<meta property=\"og:title\" content=\"Marcin Bu\u0142ka na radarze FC Barcelony: potencjalny ruch w przygotowaniu? - POGOTOWIE FLAGOWE\u00ae\" \/>\n<meta property=\"og:description\" content=\"Marcin Bu\u0142ka, graj\u0105cy obecnie w OGC Nice we Francji, zyska\u0142 uznanie jako jeden z najbardziej obiecuj\u0105cych m\u0142odych bramkarzy w Europie.\" \/>\n<meta property=\"og:url\" content=\"https:\/\/www.pogotowieflagowe.pl\/aktualne\/marcin-bulka-na-radarze-fc-barcelony-potencjalny-ruch-w-przygotowaniu\/\" \/>\n<meta property=\"og:site_name\" content=\"POGOTOWIE FLAGOWE\u00ae\" \/>\n<meta property=\"article:published_time\" content=\"2024-10-06T00:46:51+00:00\" \/>\n<meta property=\"article:modified_time\" content=\"2024-10-06T00:46:54+00:00\" \/>\n<meta property=\"og:image\" content=\"https:\/\/www.pogotowieflagowe.pl\/aktualne\/wp-content\/uploads\/2024\/10\/Marcin-Bulka-na-radarze-FC-Barcelony-potencjalny-ruch-w-przygotowaniu.jpg\" \/>\n\t<meta property=\"og:image:width\" content=\"1920\" \/>\n\t<meta property=\"og:image:height\" content=\"1281\" \/>\n\t<meta property=\"og:image:type\" content=\"image\/jpeg\" \/>\n<meta name=\"author\" content=\"Filip\" \/>\n<meta name=\"twitter:card\" content=\"summary_large_image\" \/>\n<meta name=\"twitter:label1\" content=\"Napisane przez\" \/>\n\t<meta name=\"twitter:data1\" content=\"Filip\" \/>\n\t<meta name=\"twitter:label2\" content=\"Szacowany czas czytania\" \/>\n\t<meta name=\"twitter:data2\" content=\"1 minuta\" \/>\n<script type=\"application\/ld+json\" class=\"yoast-schema-graph\">{\"@context\":\"https:\/\/schema.org\",\"@graph\":[{\"@type\":\"Article\",\"@id\":\"https:\/\/www.pogotowieflagowe.pl\/aktualne\/marcin-bulka-na-radarze-fc-barcelony-potencjalny-ruch-w-przygotowaniu\/#article\",\"isPartOf\":{\"@id\":\"https:\/\/www.pogotowieflagowe.pl\/aktualne\/marcin-bulka-na-radarze-fc-barcelony-potencjalny-ruch-w-przygotowaniu\/\"},\"author\":{\"name\":\"Filip\",\"@id\":\"https:\/\/www.pogotowieflagowe.pl\/aktualne\/#\/schema\/person\/9c2fb7d2362ebf6fa088960d7f0d27b0\"},\"headline\":\"Marcin Bu\u0142ka na radarze FC Barcelony: potencjalny ruch w przygotowaniu?\",\"datePublished\":\"2024-10-06T00:46:51+00:00\",\"dateModified\":\"2024-10-06T00:46:54+00:00\",\"mainEntityOfPage\":{\"@id\":\"https:\/\/www.pogotowieflagowe.pl\/aktualne\/marcin-bulka-na-radarze-fc-barcelony-potencjalny-ruch-w-przygotowaniu\/\"},\"wordCount\":144,\"publisher\":{\"@id\":\"https:\/\/www.pogotowieflagowe.pl\/aktualne\/#organization\"},\"image\":{\"@id\":\"https:\/\/www.pogotowieflagowe.pl\/aktualne\/marcin-bulka-na-radarze-fc-barcelony-potencjalny-ruch-w-przygotowaniu\/#primaryimage\"},\"thumbnailUrl\":\"https:\/\/www.pogotowieflagowe.pl\/aktualne\/wp-content\/uploads\/2024\/10\/Marcin-Bulka-na-radarze-FC-Barcelony-potencjalny-ruch-w-przygotowaniu.jpg\",\"keywords\":[\"Barcelony\",\"Bu\u0142ka\",\"Marcin\",\"potencjalny\",\"przygotowaniu\",\"radarze\",\"ruch\"],\"articleSection\":[\"Lekkoatletyka\"],\"inLanguage\":\"pl-PL\"},{\"@type\":\"WebPage\",\"@id\":\"https:\/\/www.pogotowieflagowe.pl\/aktualne\/marcin-bulka-na-radarze-fc-barcelony-potencjalny-ruch-w-przygotowaniu\/\",\"url\":\"https:\/\/www.pogotowieflagowe.pl\/aktualne\/marcin-bulka-na-radarze-fc-barcelony-potencjalny-ruch-w-przygotowaniu\/\",\"name\":\"Marcin Bu\u0142ka na radarze FC Barcelony: potencjalny ruch w przygotowaniu? - POGOTOWIE FLAGOWE\u00ae\",\"isPartOf\":{\"@id\":\"https:\/\/www.pogotowieflagowe.pl\/aktualne\/#website\"},\"primaryImageOfPage\":{\"@id\":\"https:\/\/www.pogotowieflagowe.pl\/aktualne\/marcin-bulka-na-radarze-fc-barcelony-potencjalny-ruch-w-przygotowaniu\/#primaryimage\"},\"image\":{\"@id\":\"https:\/\/www.pogotowieflagowe.pl\/aktualne\/marcin-bulka-na-radarze-fc-barcelony-potencjalny-ruch-w-przygotowaniu\/#primaryimage\"},\"thumbnailUrl\":\"https:\/\/www.pogotowieflagowe.pl\/aktualne\/wp-content\/uploads\/2024\/10\/Marcin-Bulka-na-radarze-FC-Barcelony-potencjalny-ruch-w-przygotowaniu.jpg\",\"datePublished\":\"2024-10-06T00:46:51+00:00\",\"dateModified\":\"2024-10-06T00:46:54+00:00\",\"breadcrumb\":{\"@id\":\"https:\/\/www.pogotowieflagowe.pl\/aktualne\/marcin-bulka-na-radarze-fc-barcelony-potencjalny-ruch-w-przygotowaniu\/#breadcrumb\"},\"inLanguage\":\"pl-PL\",\"potentialAction\":[{\"@type\":\"ReadAction\",\"target\":[\"https:\/\/www.pogotowieflagowe.pl\/aktualne\/marcin-bulka-na-radarze-fc-barcelony-potencjalny-ruch-w-przygotowaniu\/\"]}]},{\"@type\":\"ImageObject\",\"inLanguage\":\"pl-PL\",\"@id\":\"https:\/\/www.pogotowieflagowe.pl\/aktualne\/marcin-bulka-na-radarze-fc-barcelony-potencjalny-ruch-w-przygotowaniu\/#primaryimage\",\"url\":\"https:\/\/www.pogotowieflagowe.pl\/aktualne\/wp-content\/uploads\/2024\/10\/Marcin-Bulka-na-radarze-FC-Barcelony-potencjalny-ruch-w-przygotowaniu.jpg\",\"contentUrl\":\"https:\/\/www.pogotowieflagowe.pl\/aktualne\/wp-content\/uploads\/2024\/10\/Marcin-Bulka-na-radarze-FC-Barcelony-potencjalny-ruch-w-przygotowaniu.jpg\",\"width\":1920,\"height\":1281,\"caption\":\"Marcin Bu\u0142ka na radarze FC Barcelony: potencjalny ruch w przygotowaniu?\"},{\"@type\":\"BreadcrumbList\",\"@id\":\"https:\/\/www.pogotowieflagowe.pl\/aktualne\/marcin-bulka-na-radarze-fc-barcelony-potencjalny-ruch-w-przygotowaniu\/#breadcrumb\",\"itemListElement\":[{\"@type\":\"ListItem\",\"position\":1,\"name\":\"Home\",\"item\":\"https:\/\/www.pogotowieflagowe.pl\/aktualne\/\"},{\"@type\":\"ListItem\",\"position\":2,\"name\":\"Marcin Bu\u0142ka na radarze FC Barcelony: potencjalny ruch w przygotowaniu?\"}]},{\"@type\":\"WebSite\",\"@id\":\"https:\/\/www.pogotowieflagowe.pl\/aktualne\/#website\",\"url\":\"https:\/\/www.pogotowieflagowe.pl\/aktualne\/\",\"name\":\"POGOTOWIE FLAGOWE\u00ae\",\"description\":\"\",\"publisher\":{\"@id\":\"https:\/\/www.pogotowieflagowe.pl\/aktualne\/#organization\"},\"potentialAction\":[{\"@type\":\"SearchAction\",\"target\":{\"@type\":\"EntryPoint\",\"urlTemplate\":\"https:\/\/www.pogotowieflagowe.pl\/aktualne\/?s={search_term_string}\"},\"query-input\":\"required name=search_term_string\"}],\"inLanguage\":\"pl-PL\"},{\"@type\":\"Organization\",\"@id\":\"https:\/\/www.pogotowieflagowe.pl\/aktualne\/#organization\",\"name\":\"POGOTOWIE FLAGOWE\u00ae\",\"url\":\"https:\/\/www.pogotowieflagowe.pl\/aktualne\/\",\"logo\":{\"@type\":\"ImageObject\",\"inLanguage\":\"pl-PL\",\"@id\":\"https:\/\/www.pogotowieflagowe.pl\/aktualne\/#\/schema\/logo\/image\/\",\"url\":\"https:\/\/www.pogotowieflagowe.pl\/aktualne\/wp-content\/uploads\/2024\/08\/cropped-pogotowieflagowe_flaga_projekt_sm.jpg\",\"contentUrl\":\"https:\/\/www.pogotowieflagowe.pl\/aktualne\/wp-content\/uploads\/2024\/08\/cropped-pogotowieflagowe_flaga_projekt_sm.jpg\",\"width\":250,\"height\":143,\"caption\":\"POGOTOWIE FLAGOWE\u00ae\"},\"image\":{\"@id\":\"https:\/\/www.pogotowieflagowe.pl\/aktualne\/#\/schema\/logo\/image\/\"}},{\"@type\":\"Person\",\"@id\":\"https:\/\/www.pogotowieflagowe.pl\/aktualne\/#\/schema\/person\/9c2fb7d2362ebf6fa088960d7f0d27b0\",\"name\":\"Filip\",\"image\":{\"@type\":\"ImageObject\",\"inLanguage\":\"pl-PL\",\"@id\":\"https:\/\/www.pogotowieflagowe.pl\/aktualne\/#\/schema\/person\/image\/\",\"url\":\"https:\/\/www.pogotowieflagowe.pl\/aktualne\/wp-content\/uploads\/2024\/08\/pogotowieflagowe.pl_.jpg\",\"contentUrl\":\"https:\/\/www.pogotowieflagowe.pl\/aktualne\/wp-content\/uploads\/2024\/08\/pogotowieflagowe.pl_.jpg\",\"caption\":\"Filip\"},\"description\":\"Jestem Filip, polski dziennikarz z dyplomem nauk politycznych Uniwersytetu Warszawskiego. Rozpoczynaj\u0105c swoj\u0105 karier\u0119 w r\u00f3\u017cnych lokalnych mediach, zdoby\u0142em solidne do\u015bwiadczenie w zakresie \u015bledztwa i redakcji. Obecnie jako redaktor w Pogotowie flagowe, staram si\u0119 dostarcza\u0107 dog\u0142\u0119bne i istotne analizy na temat najwa\u017cniejszych kwestii aktualno\u015bci, \u0142\u0105cz\u0105c rygor z pasj\u0105 dziennikarsk\u0105.\",\"sameAs\":[\"https:\/\/www.pogotowieflagowe.pl\/\"]}]}<\/script>\n<!-- \/ Yoast SEO plugin. -->","yoast_head_json":{"title":"Marcin Bu\u0142ka na radarze FC Barcelony: potencjalny ruch w przygotowaniu? - POGOTOWIE FLAGOWE\u00ae","robots":{"index":"index","follow":"follow","max-snippet":"max-snippet:-1","max-image-preview":"max-image-preview:large","max-video-preview":"max-video-preview:-1"},"canonical":"https:\/\/www.pogotowieflagowe.pl\/aktualne\/marcin-bulka-na-radarze-fc-barcelony-potencjalny-ruch-w-przygotowaniu\/","og_locale":"pl_PL","og_type":"article","og_title":"Marcin Bu\u0142ka na radarze FC Barcelony: potencjalny ruch w przygotowaniu? - POGOTOWIE FLAGOWE\u00ae","og_description":"Marcin Bu\u0142ka, graj\u0105cy obecnie w OGC Nice we Francji, zyska\u0142 uznanie jako jeden z najbardziej obiecuj\u0105cych m\u0142odych bramkarzy w Europie.","og_url":"https:\/\/www.pogotowieflagowe.pl\/aktualne\/marcin-bulka-na-radarze-fc-barcelony-potencjalny-ruch-w-przygotowaniu\/","og_site_name":"POGOTOWIE FLAGOWE\u00ae","article_published_time":"2024-10-06T00:46:51+00:00","article_modified_time":"2024-10-06T00:46:54+00:00","og_image":[{"width":1920,"height":1281,"url":"https:\/\/www.pogotowieflagowe.pl\/aktualne\/wp-content\/uploads\/2024\/10\/Marcin-Bulka-na-radarze-FC-Barcelony-potencjalny-ruch-w-przygotowaniu.jpg","type":"image\/jpeg"}],"author":"Filip","twitter_card":"summary_large_image","twitter_misc":{"Napisane przez":"Filip","Szacowany czas czytania":"1 minuta"},"schema":{"@context":"https:\/\/schema.org","@graph":[{"@type":"Article","@id":"https:\/\/www.pogotowieflagowe.pl\/aktualne\/marcin-bulka-na-radarze-fc-barcelony-potencjalny-ruch-w-przygotowaniu\/#article","isPartOf":{"@id":"https:\/\/www.pogotowieflagowe.pl\/aktualne\/marcin-bulka-na-radarze-fc-barcelony-potencjalny-ruch-w-przygotowaniu\/"},"author":{"name":"Filip","@id":"https:\/\/www.pogotowieflagowe.pl\/aktualne\/#\/schema\/person\/9c2fb7d2362ebf6fa088960d7f0d27b0"},"headline":"Marcin Bu\u0142ka na radarze FC Barcelony: potencjalny ruch w przygotowaniu?","datePublished":"2024-10-06T00:46:51+00:00","dateModified":"2024-10-06T00:46:54+00:00","mainEntityOfPage":{"@id":"https:\/\/www.pogotowieflagowe.pl\/aktualne\/marcin-bulka-na-radarze-fc-barcelony-potencjalny-ruch-w-przygotowaniu\/"},"wordCount":144,"publisher":{"@id":"https:\/\/www.pogotowieflagowe.pl\/aktualne\/#organization"},"image":{"@id":"https:\/\/www.pogotowieflagowe.pl\/aktualne\/marcin-bulka-na-radarze-fc-barcelony-potencjalny-ruch-w-przygotowaniu\/#primaryimage"},"thumbnailUrl":"https:\/\/www.pogotowieflagowe.pl\/aktualne\/wp-content\/uploads\/2024\/10\/Marcin-Bulka-na-radarze-FC-Barcelony-potencjalny-ruch-w-przygotowaniu.jpg","keywords":["Barcelony","Bu\u0142ka","Marcin","potencjalny","przygotowaniu","radarze","ruch"],"articleSection":["Lekkoatletyka"],"inLanguage":"pl-PL"},{"@type":"WebPage","@id":"https:\/\/www.pogotowieflagowe.pl\/aktualne\/marcin-bulka-na-radarze-fc-barcelony-potencjalny-ruch-w-przygotowaniu\/","url":"https:\/\/www.pogotowieflagowe.pl\/aktualne\/marcin-bulka-na-radarze-fc-barcelony-potencjalny-ruch-w-przygotowaniu\/","name":"Marcin Bu\u0142ka na radarze FC Barcelony: potencjalny ruch w przygotowaniu? - POGOTOWIE FLAGOWE\u00ae","isPartOf":{"@id":"https:\/\/www.pogotowieflagowe.pl\/aktualne\/#website"},"primaryImageOfPage":{"@id":"https:\/\/www.pogotowieflagowe.pl\/aktualne\/marcin-bulka-na-radarze-fc-barcelony-potencjalny-ruch-w-przygotowaniu\/#primaryimage"},"image":{"@id":"https:\/\/www.pogotowieflagowe.pl\/aktualne\/marcin-bulka-na-radarze-fc-barcelony-potencjalny-ruch-w-przygotowaniu\/#primaryimage"},"thumbnailUrl":"https:\/\/www.pogotowieflagowe.pl\/aktualne\/wp-content\/uploads\/2024\/10\/Marcin-Bulka-na-radarze-FC-Barcelony-potencjalny-ruch-w-przygotowaniu.jpg","datePublished":"2024-10-06T00:46:51+00:00","dateModified":"2024-10-06T00:46:54+00:00","breadcrumb":{"@id":"https:\/\/www.pogotowieflagowe.pl\/aktualne\/marcin-bulka-na-radarze-fc-barcelony-potencjalny-ruch-w-przygotowaniu\/#breadcrumb"},"inLanguage":"pl-PL","potentialAction":[{"@type":"ReadAction","target":["https:\/\/www.pogotowieflagowe.pl\/aktualne\/marcin-bulka-na-radarze-fc-barcelony-potencjalny-ruch-w-przygotowaniu\/"]}]},{"@type":"ImageObject","inLanguage":"pl-PL","@id":"https:\/\/www.pogotowieflagowe.pl\/aktualne\/marcin-bulka-na-radarze-fc-barcelony-potencjalny-ruch-w-przygotowaniu\/#primaryimage","url":"https:\/\/www.pogotowieflagowe.pl\/aktualne\/wp-content\/uploads\/2024\/10\/Marcin-Bulka-na-radarze-FC-Barcelony-potencjalny-ruch-w-przygotowaniu.jpg","contentUrl":"https:\/\/www.pogotowieflagowe.pl\/aktualne\/wp-content\/uploads\/2024\/10\/Marcin-Bulka-na-radarze-FC-Barcelony-potencjalny-ruch-w-przygotowaniu.jpg","width":1920,"height":1281,"caption":"Marcin Bu\u0142ka na radarze FC Barcelony: potencjalny ruch w przygotowaniu?"},{"@type":"BreadcrumbList","@id":"https:\/\/www.pogotowieflagowe.pl\/aktualne\/marcin-bulka-na-radarze-fc-barcelony-potencjalny-ruch-w-przygotowaniu\/#breadcrumb","itemListElement":[{"@type":"ListItem","position":1,"name":"Home","item":"https:\/\/www.pogotowieflagowe.pl\/aktualne\/"},{"@type":"ListItem","position":2,"name":"Marcin Bu\u0142ka na radarze FC Barcelony: potencjalny ruch w przygotowaniu?"}]},{"@type":"WebSite","@id":"https:\/\/www.pogotowieflagowe.pl\/aktualne\/#website","url":"https:\/\/www.pogotowieflagowe.pl\/aktualne\/","name":"POGOTOWIE FLAGOWE\u00ae","description":"","publisher":{"@id":"https:\/\/www.pogotowieflagowe.pl\/aktualne\/#organization"},"potentialAction":[{"@type":"SearchAction","target":{"@type":"EntryPoint","urlTemplate":"https:\/\/www.pogotowieflagowe.pl\/aktualne\/?s={search_term_string}"},"query-input":"required name=search_term_string"}],"inLanguage":"pl-PL"},{"@type":"Organization","@id":"https:\/\/www.pogotowieflagowe.pl\/aktualne\/#organization","name":"POGOTOWIE FLAGOWE\u00ae","url":"https:\/\/www.pogotowieflagowe.pl\/aktualne\/","logo":{"@type":"ImageObject","inLanguage":"pl-PL","@id":"https:\/\/www.pogotowieflagowe.pl\/aktualne\/#\/schema\/logo\/image\/","url":"https:\/\/www.pogotowieflagowe.pl\/aktualne\/wp-content\/uploads\/2024\/08\/cropped-pogotowieflagowe_flaga_projekt_sm.jpg","contentUrl":"https:\/\/www.pogotowieflagowe.pl\/aktualne\/wp-content\/uploads\/2024\/08\/cropped-pogotowieflagowe_flaga_projekt_sm.jpg","width":250,"height":143,"caption":"POGOTOWIE FLAGOWE\u00ae"},"image":{"@id":"https:\/\/www.pogotowieflagowe.pl\/aktualne\/#\/schema\/logo\/image\/"}},{"@type":"Person","@id":"https:\/\/www.pogotowieflagowe.pl\/aktualne\/#\/schema\/person\/9c2fb7d2362ebf6fa088960d7f0d27b0","name":"Filip","image":{"@type":"ImageObject","inLanguage":"pl-PL","@id":"https:\/\/www.pogotowieflagowe.pl\/aktualne\/#\/schema\/person\/image\/","url":"https:\/\/www.pogotowieflagowe.pl\/aktualne\/wp-content\/uploads\/2024\/08\/pogotowieflagowe.pl_.jpg","contentUrl":"https:\/\/www.pogotowieflagowe.pl\/aktualne\/wp-content\/uploads\/2024\/08\/pogotowieflagowe.pl_.jpg","caption":"Filip"},"description":"Jestem Filip, polski dziennikarz z dyplomem nauk politycznych Uniwersytetu Warszawskiego. Rozpoczynaj\u0105c swoj\u0105 karier\u0119 w r\u00f3\u017cnych lokalnych mediach, zdoby\u0142em solidne do\u015bwiadczenie w zakresie \u015bledztwa i redakcji. Obecnie jako redaktor w Pogotowie flagowe, staram si\u0119 dostarcza\u0107 dog\u0142\u0119bne i istotne analizy na temat najwa\u017cniejszych kwestii aktualno\u015bci, \u0142\u0105cz\u0105c rygor z pasj\u0105 dziennikarsk\u0105.","sameAs":["https:\/\/www.pogotowieflagowe.pl\/"]}]}},"_links":{"self":[{"href":"https:\/\/www.pogotowieflagowe.pl\/aktualne\/wp-json\/wp\/v2\/posts\/1127","targetHints":{"allow":["GET"]}}],"collection":[{"href":"https:\/\/www.pogotowieflagowe.pl\/aktualne\/wp-json\/wp\/v2\/posts"}],"about":[{"href":"https:\/\/www.pogotowieflagowe.pl\/aktualne\/wp-json\/wp\/v2\/types\/post"}],"author":[{"embeddable":true,"href":"https:\/\/www.pogotowieflagowe.pl\/aktualne\/wp-json\/wp\/v2\/users\/1"}],"replies":[{"embeddable":true,"href":"https:\/\/www.pogotowieflagowe.pl\/aktualne\/wp-json\/wp\/v2\/comments?post=1127"}],"version-history":[{"count":1,"href":"https:\/\/www.pogotowieflagowe.pl\/aktualne\/wp-json\/wp\/v2\/posts\/1127\/revisions"}],"predecessor-version":[{"id":1129,"href":"https:\/\/www.pogotowieflagowe.pl\/aktualne\/wp-json\/wp\/v2\/posts\/1127\/revisions\/1129"}],"wp:featuredmedia":[{"embeddable":true,"href":"https:\/\/www.pogotowieflagowe.pl\/aktualne\/wp-json\/wp\/v2\/media\/1128"}],"wp:attachment":[{"href":"https:\/\/www.pogotowieflagowe.pl\/aktualne\/wp-json\/wp\/v2\/media?parent=1127"}],"wp:term":[{"taxonomy":"category","embeddable":true,"href":"https:\/\/www.pogotowieflagowe.pl\/aktualne\/wp-json\/wp\/v2\/categories?post=1127"},{"taxonomy":"post_tag","embeddable":true,"href":"https:\/\/www.pogotowieflagowe.pl\/aktualne\/wp-json\/wp\/v2\/tags?post=1127"}],"curies":[{"name":"wp","href":"https:\/\/api.w.org\/{rel}","templated":true}]}}