{"id":11336,"date":"2025-12-08T13:49:08","date_gmt":"2025-12-08T12:49:08","guid":{"rendered":"https:\/\/www.pogotowieflagowe.pl\/aktualne\/odnawiamy-te-tradycje-para-prezydencka-przyjela-betlejemskie-swiatlo-pokoju\/"},"modified":"2025-12-08T13:49:10","modified_gmt":"2025-12-08T12:49:10","slug":"odnawiamy-te-tradycje-para-prezydencka-przyjela-betlejemskie-swiatlo-pokoju","status":"publish","type":"post","link":"https:\/\/www.pogotowieflagowe.pl\/aktualne\/odnawiamy-te-tradycje-para-prezydencka-przyjela-betlejemskie-swiatlo-pokoju\/","title":{"rendered":"\u201eOdnawiamy t\u0119 tradycj\u0119\u201d. Para Prezydencka przyj\u0119\u0142a Betlejemskie \u015awiat\u0142o Pokoju"},"content":{"rendered":"\n<div class=\"td_block_wrap tdb_single_content tdi_46 td-pb-border-top td_block_template_8 td-post-content tagdiv-type\" data-td-block-uid=\"tdi_46\">\n<style>.tdi_46{margines-g\u00f3rny:0px!important;margin-bottom:0px!important;dope\u0142nienie-g\u00f3ra:0px!important;dope\u0142nienie-d\u00f3\u0142:0px!important}<\/style>\n<style>.tdb_single_content{margin-bottom:0;*zoom:1}.tdb_single_content:before,.tdb_single_content:after{display:table;content:'';line-height:0}.tdb_single_content:after{clear:both}.tdb_single_content .tdb-block-inner>*:not(.wp-block-quote):not(.alignwide):not(.alignfull.wp-block-cover.has-parallax):not(.td-a-ad){margin-left:auto;margin-right:auto}.tdb_single_content a{pointer-events:auto}.tdb_single_content .td-spot-id-top_ad .tdc-placeholder-title:before{content:'Najlepsza reklama artyku\u0142u'!important}.tdb_single_content .td-spot-id-inline_ad0 .tdc-placeholder-title:before{content:'Reklama wbudowana artyku\u0142u 1'!important}.tdb_single_content .td-spot-id-inline_ad1 .tdc-placeholder-title:before{content:'Wbudowana reklama w artykule 2'!important}.tdb_single_content .td-spot-id-inline_ad2 .tdc-placeholder-title:before{content:'Wbudowana reklama w artykule 3'!important}.tdb_single_content .td-spot-id-bottom_ad .tdc-placeholder-title:before{content:'Article Bottom Ad'!important}.tdb_single_content .id_top_ad,.tdb_single_content .id_bottom_ad{clear:both;margin-bottom:21px;text-align:center}.tdb_single_content .id_top_ad img,.tdb_single_content .id_bottom_ad img{margin-bottom:0}.tdb_single_content .id_top_ad .adsbygoogle,.tdb_single_content .id_bottom_ad .adsbygoogle{position:relative}.tdb_single_content .id_ad_content-horiz-left,.tdb_single_content .id_ad_content-horiz-right,.tdb_single_content .id_ad_content-horiz-center{margin-bottom:15px}.tdb_single_content .id_ad_content-horiz-left img,.tdb_single_content .id_ad_content-horiz-right img,.tdb_single_content .id_ad_content-horiz-center img{margin-bottom:0}.tdb_single_content .id_ad_content-horiz-center{text-align:center}.tdb_single_content .id_ad_content-horiz-center img{margin-right:auto;margin-left:auto}.tdb_single_content .id_ad_content-horiz-left{float:left;margin-top:9px;margin-right:21px}.tdb_single_content .id_ad_content-horiz-right{float:right;margin-top:6px;margin-left:21px}.tdb_single_content .tdc-a-ad .tdc-placeholder-title{width:300px;height:250px}.tdb_single_content .tdc-a-ad .tdc-placeholder-title:before{position:absolute;top:50%;-webkit-transform:translateY(-50%);transform:translateY(-50%);margin:auto;display:table;width:100%}.tdb_single_content .tdb-block-inner.td-fix-index{word-break:break-word}.tdi_46,.tdi_46>p,.tdi_46 .tdb-block-inner>p,.wp-block-column>p{font-size:16px!important;line-height:1.6!important}.tdi_46 .tdb-block-inner blockquote p{font-style:normal!important}@media (max-width:767px){.tdb_single_content .id_ad_content-horiz-left,.tdb_single_content .id_ad_content-horiz-right,.tdb_single_content .id_ad_content-horiz-center{margin:0 auto 26 pikseli auto}}@media (max-width:767px){.tdb_single_content .id_ad_content-horiz-left{margin-right:0}}@media (max-width:767px){.tdb_single_content .id_ad_content-horiz-right{margin-left:0}}@media (max-width:767px){.tdb_single_content .td-a-ad{float:none;text-align:center}.tdb_single_content .td-a-ad img{margin-right:auto;margin-left:auto}.tdb_single_content .tdc-a-ad{float:none}}<\/style>\n<div class=\"tdb-block-inner td-fix-index\">\n<p><strong>&#8222;Dzieli\u0107 si\u0119 \u015awiat\u0142em Pokoju to pi\u0119kny symbol. Dzi\u0119kuj\u0119 za przyniesienie tego \u015bwiat\u0142a, zapalonego w Betlejem, mnie, mojej \u017bonie i naszym wsp\u00f3\u0142pracownikom. Odnawiamy t\u0119 tradycj\u0119 \u2013 z now\u0105 Par\u0105 Prezydenck\u0105\u201d<\/strong> Prezydent Karol Nawrocki powiedzia\u0142 dzi\u015b w Pa\u0142acu Prezydenckim.<\/p>\n<figure class=\"wp-block-embed is-type-rich is-provider-twitter wp-block-embed-twitter\">\n<div class=\"wp-block-embed__wrapper\">\n<blockquote class=\"twitter-tweet\" data-width=\"550\" data-dnt=\"true\">\n<p lang=\"pl\" dir=\"ltr\">W 2025 roku harcerze Zwi\u0105zku Harcerstwa Polskiego szerszego udzia\u0142u w mi\u0119dzynarodowym sztafecie Betlejemskiego \u015awiat\u0142a Pokoju \u2013 p\u0142omieni zapalonego w Grocie urodzenia Pa\u0144skiego.<\/p>\n<p>Co roku akcja przy\u015bwieca has\u0142o, kt\u00f3re<br \/>oddaje pomys\u0142 ide\u0119. Tegoroczne\u2026 <a rel=\"nofollow\" href=\"https:\/\/t.co\/05xH1Fcqjg\">pic.twitter.com\/05xH1Fcqjg<\/a><\/p>\n<p>\u2014 Kancelaria Prezydenta RP (@prezydentpl) <a rel=\"nofollow\" href=\"https:\/\/twitter.com\/prezydentpl\/status\/1997998862720467437?ref_src=twsrc%5Etfw\">8 grudnia 2025 r<\/a><\/p><\/blockquote>\n<\/div>\n<\/figure>\n<p>W poniedzia\u0142ek w po\u0142udnie w Pa\u0142acu Prezydenckim Prezydent RP Karol Nawrocki wraz z Ma\u0142\u017conk\u0105 Mart\u0105 Nawrock\u0105 otrzymali od harcerzy Betlejemskie \u015awiat\u0142o Pokoju <em>Zwi\u0105zek Harcerstwa i Przewodnictwa Polskiego (ZHP)<\/em>.<\/p>\n<figure class=\"wp-block-embed is-type-rich is-provider-twitter wp-block-embed-twitter\">\n<div class=\"wp-block-embed__wrapper\">\n<blockquote class=\"twitter-tweet\" data-width=\"550\" data-dnt=\"true\">\n<p lang=\"pl\" dir=\"ltr\">Harcerze Zwi\u0105zku Harcerstwa Polskiego przekazali Parze Prezydenckiej Betlejemskie \u015awiat\u0142o Pokoju. <a rel=\"nofollow\" href=\"https:\/\/t.co\/1qUCC5I4vF\">pic.twitter.com\/1qUCC5I4vF<\/a><\/p>\n<p>\u2014 Kancelaria Prezydenta RP (@prezydentpl) <a rel=\"nofollow\" href=\"https:\/\/twitter.com\/prezydentpl\/status\/1997988993686736984?ref_src=twsrc%5Etfw\">8 grudnia 2025 r<\/a><\/p><\/blockquote>\n<\/div>\n<\/figure>\n<p><strong>&#8222;Dzieli\u0107 si\u0119 \u015awiat\u0142em Pokoju to pi\u0119kny symbol. Dzi\u0119kuj\u0119 za przyniesienie tego \u015bwiat\u0142a, zapalonego w Betlejem, mnie, mojej \u017bonie i naszym wsp\u00f3\u0142pracownikom. Odnawiamy t\u0119 tradycj\u0119 \u2013 z now\u0105 Par\u0105 Prezydenck\u0105\u201d<\/strong> Prezydent Nawrocki powiedzia\u0142 zebranym.<\/p>\n<p>Jak powiedzia\u0142, <strong>\u201eza tym \u015bwiat\u0142em kryj\u0105 si\u0119 wa\u017cne dla naszej Ojczyzny warto\u015bci \u2013 mi\u0142o\u015b\u0107, mi\u0142osierdzie i poszukiwanie pokoju\u201d.<\/strong><\/p>\n<p>I dalej: <strong>&#8222;My\u015bl\u0119 sobie, \u017ce Jezus Chrystus w Kazaniu na G\u00f3rze, zapisanym w Ewangelii wed\u0142ug \u015bw. Mateusza, powiedzia\u0142: \u00abwy jeste\u015bcie \u015bwiat\u0142o\u015bci\u0105 \u015bwiata\u00bb. S\u0142owa te skierowa\u0142 do swoich najbli\u017cszych aposto\u0142\u00f3w, lecz ta \u015bwiat\u0142o\u015b\u0107 \u015bwiata, poprzez nauk\u0119 chrze\u015bcija\u0144sk\u0105 oraz \u017cycie i \u015bmier\u0107 Jezusa Chrystusa, p\u0142onie ju\u017c ponad 2000 lat&#8221;.<\/strong><\/p>\n<p><strong>&#8222;Odnajduj\u0105c dobro w sobie, mo\u017cemy dzieli\u0107 si\u0119 nim z innymi na zewn\u0105trz. Drodzy harcerze, jeste\u015bcie dowodem na to, \u017ce mo\u017cemy budowa\u0107 lepszy \u015bwiat w oparciu o warto\u015bci chrze\u015bcija\u0144skie&#8221;<\/strong> \u2013 podkre\u015bli\u0142 Prezydent.<\/p>\n<figure class=\"wp-block-embed is-type-rich is-provider-twitter wp-block-embed-twitter\">\n<div class=\"wp-block-embed__wrapper\">\n<blockquote class=\"twitter-tweet\" data-width=\"550\" data-dnt=\"true\">\n<p lang=\"pl\" dir=\"ltr\"><a rel=\"nofollow\" href=\"https:\/\/twitter.com\/hashtag\/Na%C5%BBywo?src=hash&amp;ref_src=twsrc%5Etfw\">#Na\u017bywo<\/a> | Betlejemskie \u015awiat\u0142o Pokoju w Pa\u0142acu Prezydenckim. https:\/\/t.co\/0LLaJxcteW<\/p>\n<p>\u2014 Kancelaria Prezydenta RP (@prezydentpl) <a rel=\"nofollow\" href=\"https:\/\/twitter.com\/prezydentpl\/status\/1997984200209674453?ref_src=twsrc%5Etfw\">8 grudnia 2025 r<\/a><\/p><\/blockquote>\n<\/div>\n<\/figure>\n<\/div>\n<\/div>\n<p><script async src=\"https:\/\/platform.twitter.com\/widgets.js\" charset=\"utf-8\"><\/script><\/p>\n","protected":false},"excerpt":{"rendered":"<p>&#8222;Dzieli\u0107 si\u0119 \u015awiat\u0142em Pokoju to pi\u0119kny symbol. Dzi\u0119kuj\u0119 za przyniesienie tego \u015bwiat\u0142a, zapalonego w Betlejem, mnie, mojej \u017bonie i naszym<\/p>\n","protected":false},"author":1,"featured_media":11337,"comment_status":"open","ping_status":"open","sticky":false,"template":"","format":"standard","meta":{"footnotes":""},"categories":[4748],"tags":[12712,12711,378,5554,379,9213,7380,8209,3561],"class_list":["post-11336","post","type-post","status-publish","format-standard","has-post-thumbnail","hentry","category-aktualne","tag-betlejemskie","tag-odnawiamy","tag-para","tag-pokoju","tag-prezydencka","tag-przyjela","tag-swiatlo","tag-te","tag-tradycje","generate-columns","tablet-grid-50","mobile-grid-100","grid-parent","grid-50","resize-featured-image"],"yoast_head":"<!-- This site is optimized with the Yoast SEO plugin v23.2 - https:\/\/yoast.com\/wordpress\/plugins\/seo\/ -->\n<title>\u201eOdnawiamy t\u0119 tradycj\u0119\u201d. Para Prezydencka przyj\u0119\u0142a Betlejemskie \u015awiat\u0142o Pokoju - POGOTOWIE FLAGOWE\u00ae<\/title>\n<meta name=\"robots\" content=\"index, follow, max-snippet:-1, max-image-preview:large, max-video-preview:-1\" \/>\n<link rel=\"canonical\" href=\"https:\/\/www.pogotowieflagowe.pl\/aktualne\/odnawiamy-te-tradycje-para-prezydencka-przyjela-betlejemskie-swiatlo-pokoju\/\" \/>\n<meta property=\"og:locale\" content=\"pl_PL\" \/>\n<meta property=\"og:type\" content=\"article\" \/>\n<meta property=\"og:title\" content=\"\u201eOdnawiamy t\u0119 tradycj\u0119\u201d. Para Prezydencka przyj\u0119\u0142a Betlejemskie \u015awiat\u0142o Pokoju - POGOTOWIE FLAGOWE\u00ae\" \/>\n<meta property=\"og:description\" content=\"&#8222;Dzieli\u0107 si\u0119 \u015awiat\u0142em Pokoju to pi\u0119kny symbol. Dzi\u0119kuj\u0119 za przyniesienie tego \u015bwiat\u0142a, zapalonego w Betlejem, mnie, mojej \u017bonie i naszym\" \/>\n<meta property=\"og:url\" content=\"https:\/\/www.pogotowieflagowe.pl\/aktualne\/odnawiamy-te-tradycje-para-prezydencka-przyjela-betlejemskie-swiatlo-pokoju\/\" \/>\n<meta property=\"og:site_name\" content=\"POGOTOWIE FLAGOWE\u00ae\" \/>\n<meta property=\"article:published_time\" content=\"2025-12-08T12:49:08+00:00\" \/>\n<meta property=\"article:modified_time\" content=\"2025-12-08T12:49:10+00:00\" \/>\n<meta property=\"og:image\" content=\"https:\/\/www.pogotowieflagowe.pl\/aktualne\/wp-content\/uploads\/2025\/12\/\u201eOdnawiamy-te-tradycje-Para-Prezydencka-przyjela-Betlejemskie-Swiatlo-Pokoju.webp.webp\" \/>\n\t<meta property=\"og:image:width\" content=\"1280\" \/>\n\t<meta property=\"og:image:height\" content=\"720\" \/>\n\t<meta property=\"og:image:type\" content=\"image\/webp\" \/>\n<meta name=\"author\" content=\"Filip\" \/>\n<meta name=\"twitter:card\" content=\"summary_large_image\" \/>\n<meta name=\"twitter:label1\" content=\"Napisane przez\" \/>\n\t<meta name=\"twitter:data1\" content=\"Filip\" \/>\n\t<meta name=\"twitter:label2\" content=\"Szacowany czas czytania\" \/>\n\t<meta name=\"twitter:data2\" content=\"2 minuty\" \/>\n<script type=\"application\/ld+json\" class=\"yoast-schema-graph\">{\"@context\":\"https:\/\/schema.org\",\"@graph\":[{\"@type\":\"Article\",\"@id\":\"https:\/\/www.pogotowieflagowe.pl\/aktualne\/odnawiamy-te-tradycje-para-prezydencka-przyjela-betlejemskie-swiatlo-pokoju\/#article\",\"isPartOf\":{\"@id\":\"https:\/\/www.pogotowieflagowe.pl\/aktualne\/odnawiamy-te-tradycje-para-prezydencka-przyjela-betlejemskie-swiatlo-pokoju\/\"},\"author\":{\"name\":\"Filip\",\"@id\":\"https:\/\/www.pogotowieflagowe.pl\/aktualne\/#\/schema\/person\/9c2fb7d2362ebf6fa088960d7f0d27b0\"},\"headline\":\"\u201eOdnawiamy t\u0119 tradycj\u0119\u201d. Para Prezydencka przyj\u0119\u0142a Betlejemskie \u015awiat\u0142o Pokoju\",\"datePublished\":\"2025-12-08T12:49:08+00:00\",\"dateModified\":\"2025-12-08T12:49:10+00:00\",\"mainEntityOfPage\":{\"@id\":\"https:\/\/www.pogotowieflagowe.pl\/aktualne\/odnawiamy-te-tradycje-para-prezydencka-przyjela-betlejemskie-swiatlo-pokoju\/\"},\"wordCount\":337,\"commentCount\":0,\"publisher\":{\"@id\":\"https:\/\/www.pogotowieflagowe.pl\/aktualne\/#organization\"},\"image\":{\"@id\":\"https:\/\/www.pogotowieflagowe.pl\/aktualne\/odnawiamy-te-tradycje-para-prezydencka-przyjela-betlejemskie-swiatlo-pokoju\/#primaryimage\"},\"thumbnailUrl\":\"https:\/\/www.pogotowieflagowe.pl\/aktualne\/wp-content\/uploads\/2025\/12\/\u201eOdnawiamy-te-tradycje-Para-Prezydencka-przyjela-Betlejemskie-Swiatlo-Pokoju.webp.webp\",\"keywords\":[\"Betlejemskie\",\"Odnawiamy\",\"Para\",\"pokoju\",\"Prezydencka\",\"przyj\u0119\u0142a\",\"\u015bwiat\u0142o\",\"t\u0119\",\"tradycje\"],\"articleSection\":[\"Aktualne\"],\"inLanguage\":\"pl-PL\",\"potentialAction\":[{\"@type\":\"CommentAction\",\"name\":\"Comment\",\"target\":[\"https:\/\/www.pogotowieflagowe.pl\/aktualne\/odnawiamy-te-tradycje-para-prezydencka-przyjela-betlejemskie-swiatlo-pokoju\/#respond\"]}]},{\"@type\":\"WebPage\",\"@id\":\"https:\/\/www.pogotowieflagowe.pl\/aktualne\/odnawiamy-te-tradycje-para-prezydencka-przyjela-betlejemskie-swiatlo-pokoju\/\",\"url\":\"https:\/\/www.pogotowieflagowe.pl\/aktualne\/odnawiamy-te-tradycje-para-prezydencka-przyjela-betlejemskie-swiatlo-pokoju\/\",\"name\":\"\u201eOdnawiamy t\u0119 tradycj\u0119\u201d. Para Prezydencka przyj\u0119\u0142a Betlejemskie \u015awiat\u0142o Pokoju - POGOTOWIE FLAGOWE\u00ae\",\"isPartOf\":{\"@id\":\"https:\/\/www.pogotowieflagowe.pl\/aktualne\/#website\"},\"primaryImageOfPage\":{\"@id\":\"https:\/\/www.pogotowieflagowe.pl\/aktualne\/odnawiamy-te-tradycje-para-prezydencka-przyjela-betlejemskie-swiatlo-pokoju\/#primaryimage\"},\"image\":{\"@id\":\"https:\/\/www.pogotowieflagowe.pl\/aktualne\/odnawiamy-te-tradycje-para-prezydencka-przyjela-betlejemskie-swiatlo-pokoju\/#primaryimage\"},\"thumbnailUrl\":\"https:\/\/www.pogotowieflagowe.pl\/aktualne\/wp-content\/uploads\/2025\/12\/\u201eOdnawiamy-te-tradycje-Para-Prezydencka-przyjela-Betlejemskie-Swiatlo-Pokoju.webp.webp\",\"datePublished\":\"2025-12-08T12:49:08+00:00\",\"dateModified\":\"2025-12-08T12:49:10+00:00\",\"breadcrumb\":{\"@id\":\"https:\/\/www.pogotowieflagowe.pl\/aktualne\/odnawiamy-te-tradycje-para-prezydencka-przyjela-betlejemskie-swiatlo-pokoju\/#breadcrumb\"},\"inLanguage\":\"pl-PL\",\"potentialAction\":[{\"@type\":\"ReadAction\",\"target\":[\"https:\/\/www.pogotowieflagowe.pl\/aktualne\/odnawiamy-te-tradycje-para-prezydencka-przyjela-betlejemskie-swiatlo-pokoju\/\"]}]},{\"@type\":\"ImageObject\",\"inLanguage\":\"pl-PL\",\"@id\":\"https:\/\/www.pogotowieflagowe.pl\/aktualne\/odnawiamy-te-tradycje-para-prezydencka-przyjela-betlejemskie-swiatlo-pokoju\/#primaryimage\",\"url\":\"https:\/\/www.pogotowieflagowe.pl\/aktualne\/wp-content\/uploads\/2025\/12\/\u201eOdnawiamy-te-tradycje-Para-Prezydencka-przyjela-Betlejemskie-Swiatlo-Pokoju.webp.webp\",\"contentUrl\":\"https:\/\/www.pogotowieflagowe.pl\/aktualne\/wp-content\/uploads\/2025\/12\/\u201eOdnawiamy-te-tradycje-Para-Prezydencka-przyjela-Betlejemskie-Swiatlo-Pokoju.webp.webp\",\"width\":1280,\"height\":720,\"caption\":\"\u201eOdnawiamy t\u0119 tradycj\u0119\u201d. Para Prezydencka przyj\u0119\u0142a Betlejemskie \u015awiat\u0142o Pokoju\"},{\"@type\":\"BreadcrumbList\",\"@id\":\"https:\/\/www.pogotowieflagowe.pl\/aktualne\/odnawiamy-te-tradycje-para-prezydencka-przyjela-betlejemskie-swiatlo-pokoju\/#breadcrumb\",\"itemListElement\":[{\"@type\":\"ListItem\",\"position\":1,\"name\":\"Home\",\"item\":\"https:\/\/www.pogotowieflagowe.pl\/aktualne\/\"},{\"@type\":\"ListItem\",\"position\":2,\"name\":\"\u201eOdnawiamy t\u0119 tradycj\u0119\u201d. Para Prezydencka przyj\u0119\u0142a Betlejemskie \u015awiat\u0142o Pokoju\"}]},{\"@type\":\"WebSite\",\"@id\":\"https:\/\/www.pogotowieflagowe.pl\/aktualne\/#website\",\"url\":\"https:\/\/www.pogotowieflagowe.pl\/aktualne\/\",\"name\":\"POGOTOWIE FLAGOWE\u00ae\",\"description\":\"\",\"publisher\":{\"@id\":\"https:\/\/www.pogotowieflagowe.pl\/aktualne\/#organization\"},\"potentialAction\":[{\"@type\":\"SearchAction\",\"target\":{\"@type\":\"EntryPoint\",\"urlTemplate\":\"https:\/\/www.pogotowieflagowe.pl\/aktualne\/?s={search_term_string}\"},\"query-input\":\"required name=search_term_string\"}],\"inLanguage\":\"pl-PL\"},{\"@type\":\"Organization\",\"@id\":\"https:\/\/www.pogotowieflagowe.pl\/aktualne\/#organization\",\"name\":\"POGOTOWIE FLAGOWE\u00ae\",\"url\":\"https:\/\/www.pogotowieflagowe.pl\/aktualne\/\",\"logo\":{\"@type\":\"ImageObject\",\"inLanguage\":\"pl-PL\",\"@id\":\"https:\/\/www.pogotowieflagowe.pl\/aktualne\/#\/schema\/logo\/image\/\",\"url\":\"https:\/\/www.pogotowieflagowe.pl\/aktualne\/wp-content\/uploads\/2024\/08\/cropped-pogotowieflagowe_flaga_projekt_sm.jpg\",\"contentUrl\":\"https:\/\/www.pogotowieflagowe.pl\/aktualne\/wp-content\/uploads\/2024\/08\/cropped-pogotowieflagowe_flaga_projekt_sm.jpg\",\"width\":250,\"height\":143,\"caption\":\"POGOTOWIE FLAGOWE\u00ae\"},\"image\":{\"@id\":\"https:\/\/www.pogotowieflagowe.pl\/aktualne\/#\/schema\/logo\/image\/\"}},{\"@type\":\"Person\",\"@id\":\"https:\/\/www.pogotowieflagowe.pl\/aktualne\/#\/schema\/person\/9c2fb7d2362ebf6fa088960d7f0d27b0\",\"name\":\"Filip\",\"image\":{\"@type\":\"ImageObject\",\"inLanguage\":\"pl-PL\",\"@id\":\"https:\/\/www.pogotowieflagowe.pl\/aktualne\/#\/schema\/person\/image\/\",\"url\":\"https:\/\/www.pogotowieflagowe.pl\/aktualne\/wp-content\/uploads\/2024\/08\/pogotowieflagowe.pl_.jpg\",\"contentUrl\":\"https:\/\/www.pogotowieflagowe.pl\/aktualne\/wp-content\/uploads\/2024\/08\/pogotowieflagowe.pl_.jpg\",\"caption\":\"Filip\"},\"description\":\"Jestem Filip, polski dziennikarz z dyplomem nauk politycznych Uniwersytetu Warszawskiego. Rozpoczynaj\u0105c swoj\u0105 karier\u0119 w r\u00f3\u017cnych lokalnych mediach, zdoby\u0142em solidne do\u015bwiadczenie w zakresie \u015bledztwa i redakcji. Obecnie jako redaktor w Pogotowie flagowe, staram si\u0119 dostarcza\u0107 dog\u0142\u0119bne i istotne analizy na temat najwa\u017cniejszych kwestii aktualno\u015bci, \u0142\u0105cz\u0105c rygor z pasj\u0105 dziennikarsk\u0105.\",\"sameAs\":[\"https:\/\/www.pogotowieflagowe.pl\/\"]}]}<\/script>\n<!-- \/ Yoast SEO plugin. -->","yoast_head_json":{"title":"\u201eOdnawiamy t\u0119 tradycj\u0119\u201d. Para Prezydencka przyj\u0119\u0142a Betlejemskie \u015awiat\u0142o Pokoju - POGOTOWIE FLAGOWE\u00ae","robots":{"index":"index","follow":"follow","max-snippet":"max-snippet:-1","max-image-preview":"max-image-preview:large","max-video-preview":"max-video-preview:-1"},"canonical":"https:\/\/www.pogotowieflagowe.pl\/aktualne\/odnawiamy-te-tradycje-para-prezydencka-przyjela-betlejemskie-swiatlo-pokoju\/","og_locale":"pl_PL","og_type":"article","og_title":"\u201eOdnawiamy t\u0119 tradycj\u0119\u201d. Para Prezydencka przyj\u0119\u0142a Betlejemskie \u015awiat\u0142o Pokoju - POGOTOWIE FLAGOWE\u00ae","og_description":"&#8222;Dzieli\u0107 si\u0119 \u015awiat\u0142em Pokoju to pi\u0119kny symbol. Dzi\u0119kuj\u0119 za przyniesienie tego \u015bwiat\u0142a, zapalonego w Betlejem, mnie, mojej \u017bonie i naszym","og_url":"https:\/\/www.pogotowieflagowe.pl\/aktualne\/odnawiamy-te-tradycje-para-prezydencka-przyjela-betlejemskie-swiatlo-pokoju\/","og_site_name":"POGOTOWIE FLAGOWE\u00ae","article_published_time":"2025-12-08T12:49:08+00:00","article_modified_time":"2025-12-08T12:49:10+00:00","og_image":[{"width":1280,"height":720,"url":"https:\/\/www.pogotowieflagowe.pl\/aktualne\/wp-content\/uploads\/2025\/12\/\u201eOdnawiamy-te-tradycje-Para-Prezydencka-przyjela-Betlejemskie-Swiatlo-Pokoju.webp.webp","type":"image\/webp"}],"author":"Filip","twitter_card":"summary_large_image","twitter_misc":{"Napisane przez":"Filip","Szacowany czas czytania":"2 minuty"},"schema":{"@context":"https:\/\/schema.org","@graph":[{"@type":"Article","@id":"https:\/\/www.pogotowieflagowe.pl\/aktualne\/odnawiamy-te-tradycje-para-prezydencka-przyjela-betlejemskie-swiatlo-pokoju\/#article","isPartOf":{"@id":"https:\/\/www.pogotowieflagowe.pl\/aktualne\/odnawiamy-te-tradycje-para-prezydencka-przyjela-betlejemskie-swiatlo-pokoju\/"},"author":{"name":"Filip","@id":"https:\/\/www.pogotowieflagowe.pl\/aktualne\/#\/schema\/person\/9c2fb7d2362ebf6fa088960d7f0d27b0"},"headline":"\u201eOdnawiamy t\u0119 tradycj\u0119\u201d. Para Prezydencka przyj\u0119\u0142a Betlejemskie \u015awiat\u0142o Pokoju","datePublished":"2025-12-08T12:49:08+00:00","dateModified":"2025-12-08T12:49:10+00:00","mainEntityOfPage":{"@id":"https:\/\/www.pogotowieflagowe.pl\/aktualne\/odnawiamy-te-tradycje-para-prezydencka-przyjela-betlejemskie-swiatlo-pokoju\/"},"wordCount":337,"commentCount":0,"publisher":{"@id":"https:\/\/www.pogotowieflagowe.pl\/aktualne\/#organization"},"image":{"@id":"https:\/\/www.pogotowieflagowe.pl\/aktualne\/odnawiamy-te-tradycje-para-prezydencka-przyjela-betlejemskie-swiatlo-pokoju\/#primaryimage"},"thumbnailUrl":"https:\/\/www.pogotowieflagowe.pl\/aktualne\/wp-content\/uploads\/2025\/12\/\u201eOdnawiamy-te-tradycje-Para-Prezydencka-przyjela-Betlejemskie-Swiatlo-Pokoju.webp.webp","keywords":["Betlejemskie","Odnawiamy","Para","pokoju","Prezydencka","przyj\u0119\u0142a","\u015bwiat\u0142o","t\u0119","tradycje"],"articleSection":["Aktualne"],"inLanguage":"pl-PL","potentialAction":[{"@type":"CommentAction","name":"Comment","target":["https:\/\/www.pogotowieflagowe.pl\/aktualne\/odnawiamy-te-tradycje-para-prezydencka-przyjela-betlejemskie-swiatlo-pokoju\/#respond"]}]},{"@type":"WebPage","@id":"https:\/\/www.pogotowieflagowe.pl\/aktualne\/odnawiamy-te-tradycje-para-prezydencka-przyjela-betlejemskie-swiatlo-pokoju\/","url":"https:\/\/www.pogotowieflagowe.pl\/aktualne\/odnawiamy-te-tradycje-para-prezydencka-przyjela-betlejemskie-swiatlo-pokoju\/","name":"\u201eOdnawiamy t\u0119 tradycj\u0119\u201d. Para Prezydencka przyj\u0119\u0142a Betlejemskie \u015awiat\u0142o Pokoju - POGOTOWIE FLAGOWE\u00ae","isPartOf":{"@id":"https:\/\/www.pogotowieflagowe.pl\/aktualne\/#website"},"primaryImageOfPage":{"@id":"https:\/\/www.pogotowieflagowe.pl\/aktualne\/odnawiamy-te-tradycje-para-prezydencka-przyjela-betlejemskie-swiatlo-pokoju\/#primaryimage"},"image":{"@id":"https:\/\/www.pogotowieflagowe.pl\/aktualne\/odnawiamy-te-tradycje-para-prezydencka-przyjela-betlejemskie-swiatlo-pokoju\/#primaryimage"},"thumbnailUrl":"https:\/\/www.pogotowieflagowe.pl\/aktualne\/wp-content\/uploads\/2025\/12\/\u201eOdnawiamy-te-tradycje-Para-Prezydencka-przyjela-Betlejemskie-Swiatlo-Pokoju.webp.webp","datePublished":"2025-12-08T12:49:08+00:00","dateModified":"2025-12-08T12:49:10+00:00","breadcrumb":{"@id":"https:\/\/www.pogotowieflagowe.pl\/aktualne\/odnawiamy-te-tradycje-para-prezydencka-przyjela-betlejemskie-swiatlo-pokoju\/#breadcrumb"},"inLanguage":"pl-PL","potentialAction":[{"@type":"ReadAction","target":["https:\/\/www.pogotowieflagowe.pl\/aktualne\/odnawiamy-te-tradycje-para-prezydencka-przyjela-betlejemskie-swiatlo-pokoju\/"]}]},{"@type":"ImageObject","inLanguage":"pl-PL","@id":"https:\/\/www.pogotowieflagowe.pl\/aktualne\/odnawiamy-te-tradycje-para-prezydencka-przyjela-betlejemskie-swiatlo-pokoju\/#primaryimage","url":"https:\/\/www.pogotowieflagowe.pl\/aktualne\/wp-content\/uploads\/2025\/12\/\u201eOdnawiamy-te-tradycje-Para-Prezydencka-przyjela-Betlejemskie-Swiatlo-Pokoju.webp.webp","contentUrl":"https:\/\/www.pogotowieflagowe.pl\/aktualne\/wp-content\/uploads\/2025\/12\/\u201eOdnawiamy-te-tradycje-Para-Prezydencka-przyjela-Betlejemskie-Swiatlo-Pokoju.webp.webp","width":1280,"height":720,"caption":"\u201eOdnawiamy t\u0119 tradycj\u0119\u201d. Para Prezydencka przyj\u0119\u0142a Betlejemskie \u015awiat\u0142o Pokoju"},{"@type":"BreadcrumbList","@id":"https:\/\/www.pogotowieflagowe.pl\/aktualne\/odnawiamy-te-tradycje-para-prezydencka-przyjela-betlejemskie-swiatlo-pokoju\/#breadcrumb","itemListElement":[{"@type":"ListItem","position":1,"name":"Home","item":"https:\/\/www.pogotowieflagowe.pl\/aktualne\/"},{"@type":"ListItem","position":2,"name":"\u201eOdnawiamy t\u0119 tradycj\u0119\u201d. Para Prezydencka przyj\u0119\u0142a Betlejemskie \u015awiat\u0142o Pokoju"}]},{"@type":"WebSite","@id":"https:\/\/www.pogotowieflagowe.pl\/aktualne\/#website","url":"https:\/\/www.pogotowieflagowe.pl\/aktualne\/","name":"POGOTOWIE FLAGOWE\u00ae","description":"","publisher":{"@id":"https:\/\/www.pogotowieflagowe.pl\/aktualne\/#organization"},"potentialAction":[{"@type":"SearchAction","target":{"@type":"EntryPoint","urlTemplate":"https:\/\/www.pogotowieflagowe.pl\/aktualne\/?s={search_term_string}"},"query-input":"required name=search_term_string"}],"inLanguage":"pl-PL"},{"@type":"Organization","@id":"https:\/\/www.pogotowieflagowe.pl\/aktualne\/#organization","name":"POGOTOWIE FLAGOWE\u00ae","url":"https:\/\/www.pogotowieflagowe.pl\/aktualne\/","logo":{"@type":"ImageObject","inLanguage":"pl-PL","@id":"https:\/\/www.pogotowieflagowe.pl\/aktualne\/#\/schema\/logo\/image\/","url":"https:\/\/www.pogotowieflagowe.pl\/aktualne\/wp-content\/uploads\/2024\/08\/cropped-pogotowieflagowe_flaga_projekt_sm.jpg","contentUrl":"https:\/\/www.pogotowieflagowe.pl\/aktualne\/wp-content\/uploads\/2024\/08\/cropped-pogotowieflagowe_flaga_projekt_sm.jpg","width":250,"height":143,"caption":"POGOTOWIE FLAGOWE\u00ae"},"image":{"@id":"https:\/\/www.pogotowieflagowe.pl\/aktualne\/#\/schema\/logo\/image\/"}},{"@type":"Person","@id":"https:\/\/www.pogotowieflagowe.pl\/aktualne\/#\/schema\/person\/9c2fb7d2362ebf6fa088960d7f0d27b0","name":"Filip","image":{"@type":"ImageObject","inLanguage":"pl-PL","@id":"https:\/\/www.pogotowieflagowe.pl\/aktualne\/#\/schema\/person\/image\/","url":"https:\/\/www.pogotowieflagowe.pl\/aktualne\/wp-content\/uploads\/2024\/08\/pogotowieflagowe.pl_.jpg","contentUrl":"https:\/\/www.pogotowieflagowe.pl\/aktualne\/wp-content\/uploads\/2024\/08\/pogotowieflagowe.pl_.jpg","caption":"Filip"},"description":"Jestem Filip, polski dziennikarz z dyplomem nauk politycznych Uniwersytetu Warszawskiego. Rozpoczynaj\u0105c swoj\u0105 karier\u0119 w r\u00f3\u017cnych lokalnych mediach, zdoby\u0142em solidne do\u015bwiadczenie w zakresie \u015bledztwa i redakcji. Obecnie jako redaktor w Pogotowie flagowe, staram si\u0119 dostarcza\u0107 dog\u0142\u0119bne i istotne analizy na temat najwa\u017cniejszych kwestii aktualno\u015bci, \u0142\u0105cz\u0105c rygor z pasj\u0105 dziennikarsk\u0105.","sameAs":["https:\/\/www.pogotowieflagowe.pl\/"]}]}},"_links":{"self":[{"href":"https:\/\/www.pogotowieflagowe.pl\/aktualne\/wp-json\/wp\/v2\/posts\/11336","targetHints":{"allow":["GET"]}}],"collection":[{"href":"https:\/\/www.pogotowieflagowe.pl\/aktualne\/wp-json\/wp\/v2\/posts"}],"about":[{"href":"https:\/\/www.pogotowieflagowe.pl\/aktualne\/wp-json\/wp\/v2\/types\/post"}],"author":[{"embeddable":true,"href":"https:\/\/www.pogotowieflagowe.pl\/aktualne\/wp-json\/wp\/v2\/users\/1"}],"replies":[{"embeddable":true,"href":"https:\/\/www.pogotowieflagowe.pl\/aktualne\/wp-json\/wp\/v2\/comments?post=11336"}],"version-history":[{"count":1,"href":"https:\/\/www.pogotowieflagowe.pl\/aktualne\/wp-json\/wp\/v2\/posts\/11336\/revisions"}],"predecessor-version":[{"id":11338,"href":"https:\/\/www.pogotowieflagowe.pl\/aktualne\/wp-json\/wp\/v2\/posts\/11336\/revisions\/11338"}],"wp:featuredmedia":[{"embeddable":true,"href":"https:\/\/www.pogotowieflagowe.pl\/aktualne\/wp-json\/wp\/v2\/media\/11337"}],"wp:attachment":[{"href":"https:\/\/www.pogotowieflagowe.pl\/aktualne\/wp-json\/wp\/v2\/media?parent=11336"}],"wp:term":[{"taxonomy":"category","embeddable":true,"href":"https:\/\/www.pogotowieflagowe.pl\/aktualne\/wp-json\/wp\/v2\/categories?post=11336"},{"taxonomy":"post_tag","embeddable":true,"href":"https:\/\/www.pogotowieflagowe.pl\/aktualne\/wp-json\/wp\/v2\/tags?post=11336"}],"curies":[{"name":"wp","href":"https:\/\/api.w.org\/{rel}","templated":true}]}}