{"id":1146,"date":"2024-10-07T14:48:13","date_gmt":"2024-10-07T12:48:13","guid":{"rendered":"https:\/\/www.pogotowieflagowe.pl\/aktualne\/48-lat-temu-niezapomniany-wystep-zespolu-abba-w-polsce\/"},"modified":"2024-10-07T14:48:14","modified_gmt":"2024-10-07T12:48:14","slug":"48-lat-temu-niezapomniany-wystep-zespolu-abba-w-polsce","status":"publish","type":"post","link":"https:\/\/www.pogotowieflagowe.pl\/aktualne\/48-lat-temu-niezapomniany-wystep-zespolu-abba-w-polsce\/","title":{"rendered":"48 lat temu: Niezapomniany wyst\u0119p zespo\u0142u ABBA w Polsce"},"content":{"rendered":"\n<div class=\"td_block_wrap tdb_single_content tdi_48 td-pb-border-top td_block_template_8 td-post-content tagdiv-type\" data-td-block-uid=\"tdi_48\">\n<style>.tdi_48{margines-g\u00f3rny:0px!important;margin-bottom:0px!important;dope\u0142nienie-g\u00f3ra:0px!important;dope\u0142nienie-d\u00f3\u0142:0px!important}<\/style>\n<style>.tdb_single_content{margin-bottom:0;*zoom:1}.tdb_single_content:before,.tdb_single_content:after{display:table;content:'';line-height:0}.tdb_single_content:after{clear:both}.tdb_single_content .tdb-block-inner>*:not(.wp-block-quote):not(.alignwide):not(.alignfull.wp-block-cover.has-parallax):not(.td-a-ad) {margin-left:auto;margin-right:auto}.tdb_single_content a{pointer-events:auto}.tdb_single_content .td-spot-id-top_ad .tdc-placeholder-title:before{content:'Najlepsza reklama artyku\u0142u'! wa\u017cne}.tdb_single_content .td-spot-id-inline_ad0 .tdc-placeholder-title:before{content:'Article Inline Ad 1'!important}.tdb_single_content .td-spot-id-inline_ad1 .tdc-placeholder-title:before {content:'Reklama wbudowana w artyku\u0142 2'!important}.tdb_single_content .td-spot-id-inline_ad2 .tdc-placeholder-title:before{content:'Reklama wbudowana w artyku\u0142 3'!important}.tdb_single_content .td-spot-id -bottom_ad .tdc-placeholder-title:before{content:'Article Bottom Ad'!important}.tdb_single_content .id_top_ad,.tdb_single_content .id_bottom_ad{clear:both;margin-bottom:21px;text-align:center}.tdb_single_content . id_top_ad img,.tdb_single_content .id_bottom_ad img{margin-bottom:0}.tdb_single_content .id_top_ad .adsbygoogle,.tdb_single_content .id_bottom_ad .adsbygoogle{position:relative}.tdb_single_content .id_ad_content-horiz- po lewej,.tdb_single_content .id_ad_content-horiz-right ,.tdb_single_content .id_ad_content-horiz-center{margin-bottom:15px}.tdb_single_content .id_ad_content-horiz-left img,.tdb_single_content .id_ad_content-horiz-right img,.tdb_single_content .id_ad_content-horiz -center img{margines-dolny: 0}.tdb_single_content .id_ad_content-horiz-center{text-align:center}.tdb_single_content .id_ad_content-horiz-center img{margin-right:auto;margin-left:auto}.tdb_single_content .id_ad_content-horiz-left{float: lewy;margin-g\u00f3rny:9px;margin-prawy:21px}.tdb_single_content .id_ad_content-horiz-right{float:right;margin-top:6px;margin-left:21px}.tdb_single_content .tdc-a-ad .tdc- placeholder-title{width:300px;height:250px}.tdb_single_content .tdc-a-ad .tdc-placeholder-title:before{position:absolute;top:50%;-webkit-transform:translateY(-50%); transform:translateY(-50%);margines:auto;display:table;width:100%}.tdb_single_content .tdb-block-inner.td-fix-index{word-break:break-word}.tdi_48,.tdi_48 >p,.tdi_48 .tdb-block-inner>p{font-size:16px!important;line-height:1.6!important}.tdi_48 .tdb-block-inner blockquote p{font-style:normal!important}@ media (maks. szeroko\u015b\u0107: 767 pikseli){.tdb_single_content .id_ad_content-horiz-left,.tdb_single_content .id_ad_content-horiz-right,.tdb_single_content .id_ad_content-horiz-center{margin:0 auto 26px auto}}@media (maks. szeroko\u015b\u0107 :767px){.tdb_single_content .id_ad_content-horiz-left{margin-right:0}}@media (max-width:767px){.tdb_single_content .id_ad_content-horiz-right{margin-left:0}}@media (max -width:767px){.tdb_single_content .td-a-ad{float:none;text-align:center}.tdb_single_content .td-a-ad img{margin-right:auto;margin-left:auto}.tdb_single_content . tdc-a-ad{float:none}}<\/style>\n<div class=\"tdb-block-inner td-fix-index\">\n<p>7 pa\u017adziernika 1976 roku szwedzka sensacja muzyki pop ABBA z\u0142o\u017cy\u0142a historyczn\u0105 wizyt\u0119 w Polsce, nagrywaj\u0105c koncert dla popularnego programu telewizyjnego <em>Studio 2<\/em>. To rzadkie wydarzenie wprowadzi\u0142o takie hity jak <em>Ta\u0144cz\u0105ca Kr\u00f3lowa<\/em> I <em>Znaj\u0105c mnie, znaj\u0105c ciebie<\/em> po raz pierwszy przed polsk\u0105 publiczno\u015bci\u0105, co uczyni\u0142o go prze\u0142omowym momentem w historii polskiej muzyki. Wizyta mia\u0142a miejsce w okresie napi\u0119\u0107 politycznych pod rz\u0105dami Edwarda Gierka, a obecno\u015b\u0107 zespo\u0142u ABBA wywar\u0142a g\u0142\u0119boki wp\u0142yw kulturowy.<\/p>\n<h2 class=\"wp-block-heading\">Warszawski koncert zespo\u0142u ABBA w 1976 r.: odzwierciedlenie t\u0119sknoty kulturalnej Polski i wp\u0142yw\u00f3w Zachodu<\/h2>\n<p>Por\u00f3wnywalna jedynie z warszawskim koncertem The Rolling Stones w 1967 roku, wizyta zespo\u0142u ABBA odbi\u0142a si\u0119 szerokim echem w spo\u0142ecze\u0144stwie, odzwierciedlaj\u0105c nie tylko \u015bwiatowy sukces zespo\u0142u, ale tak\u017ce t\u0119sknot\u0119 Polski za zachodni\u0105 kultur\u0105. Znaczenie to uchwyci\u0142a ksi\u0105\u017cka Macieja Ora\u0144skiego pt. <em>ABBA w Polsce<\/em>kt\u00f3ry bada szeroki wp\u0142yw wydarzenia na polsk\u0105 popkultur\u0119. Ksi\u0105\u017cka jest pierwsz\u0105 w Polsce obszern\u0105 relacj\u0105 z pojedynczego wydarzenia muzycznego.<\/p>\n<h2 class=\"wp-block-heading\">Dramatyczne wej\u015bcie na klatk\u0119 schodow\u0105 zespo\u0142u ABBA i Warszawskie przygody<\/h2>\n<p>Wyst\u0119p ABBY w <em>Studio 2<\/em> zosta\u0142o podkre\u015blone dramatycznym wej\u015bciem, podczas kt\u00f3rego Agnetha i Frida schodzi\u0142y po wysokich schodach <em>Ta\u0144cz\u0105ca Kr\u00f3lowa<\/em>moment, kt\u00f3ry pocz\u0105tkowo wywo\u0142a\u0142 pewne wahanie ze wzgl\u0119d\u00f3w bezpiecze\u0144stwa. Poza scen\u0105 zesp\u00f3\u0142 lubi\u0142 zwiedza\u0107 Warszaw\u0119, zatrzymywa\u0107 si\u0119 w hotelu Forum (obecnie Novotel) i kontaktowa\u0107 si\u0119 z fanami. Do niezapomnianych wydarze\u0144 nale\u017ca\u0142y samotne zakupy Agnethy i spacer zespo\u0142u po Starym Mie\u015bcie.<\/p>\n<p>Koncert wyemitowano 13 listopada 1976 r., kiedy ulice polskich miast by\u0142y niesamowicie puste, a miliony widz\u00f3w go ogl\u0105da\u0142y. Wizyta zespo\u0142u ABBA pozostaje kulturalnym kamieniem milowym, uwiecznionym w ksi\u0105\u017cce Ora\u0144skiego i wci\u0105\u017c ciep\u0142o wspominanym przez polskich fan\u00f3w.<\/p>\n<figure class=\"wp-block-embed is-type-video is-provider-youtube wp-block-embed-youtube wp-embed-aspect-16-9 wp-has-aspect-ratio\">\n<div class=\"wp-block-embed__wrapper\">\n<div class=\"youtube-embed\" data-video_id=\"up9Fsra4r0k\"><iframe title=\"ABBA - Arrival (Poland 1976) vinyl audio\" width=\"1200\" height=\"675\" src=\"https:\/\/www.youtube.com\/embed\/up9Fsra4r0k?feature=oembed\" frameborder=\"0\" allow=\"accelerometer; autoplay; clipboard-write; encrypted-media; gyroscope; picture-in-picture; web-share\" referrerpolicy=\"strict-origin-when-cross-origin\" allowfullscreen><\/iframe><\/div>\n<\/div>\n<\/figure>\n<\/div>\n<\/div>\n","protected":false},"excerpt":{"rendered":"<p>7 pa\u017adziernika 1976 roku szwedzka sensacja muzyki pop ABBA z\u0142o\u017cy\u0142a historyczn\u0105 wizyt\u0119 w Polsce, nagrywaj\u0105c koncert dla popularnego programu telewizyjnego<\/p>\n","protected":false},"author":1,"featured_media":1147,"comment_status":"closed","ping_status":"","sticky":false,"template":"","format":"standard","meta":{"footnotes":""},"categories":[47],"tags":[1911,688,1908,60,225,1909,1910],"class_list":["post-1146","post","type-post","status-publish","format-standard","has-post-thumbnail","hentry","category-styl-zycia","tag-abba","tag-lat","tag-niezapomniany","tag-polsce","tag-temu","tag-wystep","tag-zespolu","generate-columns","tablet-grid-50","mobile-grid-100","grid-parent","grid-50","resize-featured-image"],"yoast_head":"<!-- This site is optimized with the Yoast SEO plugin v23.2 - https:\/\/yoast.com\/wordpress\/plugins\/seo\/ -->\n<title>48 lat temu: Niezapomniany wyst\u0119p zespo\u0142u ABBA w Polsce - POGOTOWIE FLAGOWE\u00ae<\/title>\n<meta name=\"robots\" content=\"index, follow, max-snippet:-1, max-image-preview:large, max-video-preview:-1\" \/>\n<link rel=\"canonical\" href=\"https:\/\/www.pogotowieflagowe.pl\/aktualne\/48-lat-temu-niezapomniany-wystep-zespolu-abba-w-polsce\/\" \/>\n<meta property=\"og:locale\" content=\"pl_PL\" \/>\n<meta property=\"og:type\" content=\"article\" \/>\n<meta property=\"og:title\" content=\"48 lat temu: Niezapomniany wyst\u0119p zespo\u0142u ABBA w Polsce - POGOTOWIE FLAGOWE\u00ae\" \/>\n<meta property=\"og:description\" content=\"7 pa\u017adziernika 1976 roku szwedzka sensacja muzyki pop ABBA z\u0142o\u017cy\u0142a historyczn\u0105 wizyt\u0119 w Polsce, nagrywaj\u0105c koncert dla popularnego programu telewizyjnego\" \/>\n<meta property=\"og:url\" content=\"https:\/\/www.pogotowieflagowe.pl\/aktualne\/48-lat-temu-niezapomniany-wystep-zespolu-abba-w-polsce\/\" \/>\n<meta property=\"og:site_name\" content=\"POGOTOWIE FLAGOWE\u00ae\" \/>\n<meta property=\"article:published_time\" content=\"2024-10-07T12:48:13+00:00\" \/>\n<meta property=\"article:modified_time\" content=\"2024-10-07T12:48:14+00:00\" \/>\n<meta property=\"og:image\" content=\"https:\/\/www.pogotowieflagowe.pl\/aktualne\/wp-content\/uploads\/2024\/10\/48-lat-temu-Niezapomniany-wystep-zespolu-ABBA-w-Polsce.png\" \/>\n\t<meta property=\"og:image:width\" content=\"500\" \/>\n\t<meta property=\"og:image:height\" content=\"297\" \/>\n\t<meta property=\"og:image:type\" content=\"image\/png\" \/>\n<meta name=\"author\" content=\"Filip\" \/>\n<meta name=\"twitter:card\" content=\"summary_large_image\" \/>\n<meta name=\"twitter:label1\" content=\"Napisane przez\" \/>\n\t<meta name=\"twitter:data1\" content=\"Filip\" \/>\n\t<meta name=\"twitter:label2\" content=\"Szacowany czas czytania\" \/>\n\t<meta name=\"twitter:data2\" content=\"2 minuty\" \/>\n<script type=\"application\/ld+json\" class=\"yoast-schema-graph\">{\"@context\":\"https:\/\/schema.org\",\"@graph\":[{\"@type\":\"Article\",\"@id\":\"https:\/\/www.pogotowieflagowe.pl\/aktualne\/48-lat-temu-niezapomniany-wystep-zespolu-abba-w-polsce\/#article\",\"isPartOf\":{\"@id\":\"https:\/\/www.pogotowieflagowe.pl\/aktualne\/48-lat-temu-niezapomniany-wystep-zespolu-abba-w-polsce\/\"},\"author\":{\"name\":\"Filip\",\"@id\":\"https:\/\/www.pogotowieflagowe.pl\/aktualne\/#\/schema\/person\/9c2fb7d2362ebf6fa088960d7f0d27b0\"},\"headline\":\"48 lat temu: Niezapomniany wyst\u0119p zespo\u0142u ABBA w Polsce\",\"datePublished\":\"2024-10-07T12:48:13+00:00\",\"dateModified\":\"2024-10-07T12:48:14+00:00\",\"mainEntityOfPage\":{\"@id\":\"https:\/\/www.pogotowieflagowe.pl\/aktualne\/48-lat-temu-niezapomniany-wystep-zespolu-abba-w-polsce\/\"},\"wordCount\":333,\"publisher\":{\"@id\":\"https:\/\/www.pogotowieflagowe.pl\/aktualne\/#organization\"},\"image\":{\"@id\":\"https:\/\/www.pogotowieflagowe.pl\/aktualne\/48-lat-temu-niezapomniany-wystep-zespolu-abba-w-polsce\/#primaryimage\"},\"thumbnailUrl\":\"https:\/\/www.pogotowieflagowe.pl\/aktualne\/wp-content\/uploads\/2024\/10\/48-lat-temu-Niezapomniany-wystep-zespolu-ABBA-w-Polsce.png\",\"keywords\":[\"ABBA\",\"lat\",\"Niezapomniany\",\"Polsce\",\"temu\",\"wyst\u0119p\",\"zespo\u0142u\"],\"articleSection\":[\"Styl \u017cycia\"],\"inLanguage\":\"pl-PL\"},{\"@type\":\"WebPage\",\"@id\":\"https:\/\/www.pogotowieflagowe.pl\/aktualne\/48-lat-temu-niezapomniany-wystep-zespolu-abba-w-polsce\/\",\"url\":\"https:\/\/www.pogotowieflagowe.pl\/aktualne\/48-lat-temu-niezapomniany-wystep-zespolu-abba-w-polsce\/\",\"name\":\"48 lat temu: Niezapomniany wyst\u0119p zespo\u0142u ABBA w Polsce - POGOTOWIE FLAGOWE\u00ae\",\"isPartOf\":{\"@id\":\"https:\/\/www.pogotowieflagowe.pl\/aktualne\/#website\"},\"primaryImageOfPage\":{\"@id\":\"https:\/\/www.pogotowieflagowe.pl\/aktualne\/48-lat-temu-niezapomniany-wystep-zespolu-abba-w-polsce\/#primaryimage\"},\"image\":{\"@id\":\"https:\/\/www.pogotowieflagowe.pl\/aktualne\/48-lat-temu-niezapomniany-wystep-zespolu-abba-w-polsce\/#primaryimage\"},\"thumbnailUrl\":\"https:\/\/www.pogotowieflagowe.pl\/aktualne\/wp-content\/uploads\/2024\/10\/48-lat-temu-Niezapomniany-wystep-zespolu-ABBA-w-Polsce.png\",\"datePublished\":\"2024-10-07T12:48:13+00:00\",\"dateModified\":\"2024-10-07T12:48:14+00:00\",\"breadcrumb\":{\"@id\":\"https:\/\/www.pogotowieflagowe.pl\/aktualne\/48-lat-temu-niezapomniany-wystep-zespolu-abba-w-polsce\/#breadcrumb\"},\"inLanguage\":\"pl-PL\",\"potentialAction\":[{\"@type\":\"ReadAction\",\"target\":[\"https:\/\/www.pogotowieflagowe.pl\/aktualne\/48-lat-temu-niezapomniany-wystep-zespolu-abba-w-polsce\/\"]}]},{\"@type\":\"ImageObject\",\"inLanguage\":\"pl-PL\",\"@id\":\"https:\/\/www.pogotowieflagowe.pl\/aktualne\/48-lat-temu-niezapomniany-wystep-zespolu-abba-w-polsce\/#primaryimage\",\"url\":\"https:\/\/www.pogotowieflagowe.pl\/aktualne\/wp-content\/uploads\/2024\/10\/48-lat-temu-Niezapomniany-wystep-zespolu-ABBA-w-Polsce.png\",\"contentUrl\":\"https:\/\/www.pogotowieflagowe.pl\/aktualne\/wp-content\/uploads\/2024\/10\/48-lat-temu-Niezapomniany-wystep-zespolu-ABBA-w-Polsce.png\",\"width\":500,\"height\":297,\"caption\":\"48 lat temu: Niezapomniany wyst\u0119p zespo\u0142u ABBA w Polsce\"},{\"@type\":\"BreadcrumbList\",\"@id\":\"https:\/\/www.pogotowieflagowe.pl\/aktualne\/48-lat-temu-niezapomniany-wystep-zespolu-abba-w-polsce\/#breadcrumb\",\"itemListElement\":[{\"@type\":\"ListItem\",\"position\":1,\"name\":\"Home\",\"item\":\"https:\/\/www.pogotowieflagowe.pl\/aktualne\/\"},{\"@type\":\"ListItem\",\"position\":2,\"name\":\"48 lat temu: Niezapomniany wyst\u0119p zespo\u0142u ABBA w Polsce\"}]},{\"@type\":\"WebSite\",\"@id\":\"https:\/\/www.pogotowieflagowe.pl\/aktualne\/#website\",\"url\":\"https:\/\/www.pogotowieflagowe.pl\/aktualne\/\",\"name\":\"POGOTOWIE FLAGOWE\u00ae\",\"description\":\"\",\"publisher\":{\"@id\":\"https:\/\/www.pogotowieflagowe.pl\/aktualne\/#organization\"},\"potentialAction\":[{\"@type\":\"SearchAction\",\"target\":{\"@type\":\"EntryPoint\",\"urlTemplate\":\"https:\/\/www.pogotowieflagowe.pl\/aktualne\/?s={search_term_string}\"},\"query-input\":\"required name=search_term_string\"}],\"inLanguage\":\"pl-PL\"},{\"@type\":\"Organization\",\"@id\":\"https:\/\/www.pogotowieflagowe.pl\/aktualne\/#organization\",\"name\":\"POGOTOWIE FLAGOWE\u00ae\",\"url\":\"https:\/\/www.pogotowieflagowe.pl\/aktualne\/\",\"logo\":{\"@type\":\"ImageObject\",\"inLanguage\":\"pl-PL\",\"@id\":\"https:\/\/www.pogotowieflagowe.pl\/aktualne\/#\/schema\/logo\/image\/\",\"url\":\"https:\/\/www.pogotowieflagowe.pl\/aktualne\/wp-content\/uploads\/2024\/08\/cropped-pogotowieflagowe_flaga_projekt_sm.jpg\",\"contentUrl\":\"https:\/\/www.pogotowieflagowe.pl\/aktualne\/wp-content\/uploads\/2024\/08\/cropped-pogotowieflagowe_flaga_projekt_sm.jpg\",\"width\":250,\"height\":143,\"caption\":\"POGOTOWIE FLAGOWE\u00ae\"},\"image\":{\"@id\":\"https:\/\/www.pogotowieflagowe.pl\/aktualne\/#\/schema\/logo\/image\/\"}},{\"@type\":\"Person\",\"@id\":\"https:\/\/www.pogotowieflagowe.pl\/aktualne\/#\/schema\/person\/9c2fb7d2362ebf6fa088960d7f0d27b0\",\"name\":\"Filip\",\"image\":{\"@type\":\"ImageObject\",\"inLanguage\":\"pl-PL\",\"@id\":\"https:\/\/www.pogotowieflagowe.pl\/aktualne\/#\/schema\/person\/image\/\",\"url\":\"https:\/\/www.pogotowieflagowe.pl\/aktualne\/wp-content\/uploads\/2024\/08\/pogotowieflagowe.pl_.jpg\",\"contentUrl\":\"https:\/\/www.pogotowieflagowe.pl\/aktualne\/wp-content\/uploads\/2024\/08\/pogotowieflagowe.pl_.jpg\",\"caption\":\"Filip\"},\"description\":\"Jestem Filip, polski dziennikarz z dyplomem nauk politycznych Uniwersytetu Warszawskiego. Rozpoczynaj\u0105c swoj\u0105 karier\u0119 w r\u00f3\u017cnych lokalnych mediach, zdoby\u0142em solidne do\u015bwiadczenie w zakresie \u015bledztwa i redakcji. Obecnie jako redaktor w Pogotowie flagowe, staram si\u0119 dostarcza\u0107 dog\u0142\u0119bne i istotne analizy na temat najwa\u017cniejszych kwestii aktualno\u015bci, \u0142\u0105cz\u0105c rygor z pasj\u0105 dziennikarsk\u0105.\",\"sameAs\":[\"https:\/\/www.pogotowieflagowe.pl\/\"]}]}<\/script>\n<!-- \/ Yoast SEO plugin. -->","yoast_head_json":{"title":"48 lat temu: Niezapomniany wyst\u0119p zespo\u0142u ABBA w Polsce - POGOTOWIE FLAGOWE\u00ae","robots":{"index":"index","follow":"follow","max-snippet":"max-snippet:-1","max-image-preview":"max-image-preview:large","max-video-preview":"max-video-preview:-1"},"canonical":"https:\/\/www.pogotowieflagowe.pl\/aktualne\/48-lat-temu-niezapomniany-wystep-zespolu-abba-w-polsce\/","og_locale":"pl_PL","og_type":"article","og_title":"48 lat temu: Niezapomniany wyst\u0119p zespo\u0142u ABBA w Polsce - POGOTOWIE FLAGOWE\u00ae","og_description":"7 pa\u017adziernika 1976 roku szwedzka sensacja muzyki pop ABBA z\u0142o\u017cy\u0142a historyczn\u0105 wizyt\u0119 w Polsce, nagrywaj\u0105c koncert dla popularnego programu telewizyjnego","og_url":"https:\/\/www.pogotowieflagowe.pl\/aktualne\/48-lat-temu-niezapomniany-wystep-zespolu-abba-w-polsce\/","og_site_name":"POGOTOWIE FLAGOWE\u00ae","article_published_time":"2024-10-07T12:48:13+00:00","article_modified_time":"2024-10-07T12:48:14+00:00","og_image":[{"width":500,"height":297,"url":"https:\/\/www.pogotowieflagowe.pl\/aktualne\/wp-content\/uploads\/2024\/10\/48-lat-temu-Niezapomniany-wystep-zespolu-ABBA-w-Polsce.png","type":"image\/png"}],"author":"Filip","twitter_card":"summary_large_image","twitter_misc":{"Napisane przez":"Filip","Szacowany czas czytania":"2 minuty"},"schema":{"@context":"https:\/\/schema.org","@graph":[{"@type":"Article","@id":"https:\/\/www.pogotowieflagowe.pl\/aktualne\/48-lat-temu-niezapomniany-wystep-zespolu-abba-w-polsce\/#article","isPartOf":{"@id":"https:\/\/www.pogotowieflagowe.pl\/aktualne\/48-lat-temu-niezapomniany-wystep-zespolu-abba-w-polsce\/"},"author":{"name":"Filip","@id":"https:\/\/www.pogotowieflagowe.pl\/aktualne\/#\/schema\/person\/9c2fb7d2362ebf6fa088960d7f0d27b0"},"headline":"48 lat temu: Niezapomniany wyst\u0119p zespo\u0142u ABBA w Polsce","datePublished":"2024-10-07T12:48:13+00:00","dateModified":"2024-10-07T12:48:14+00:00","mainEntityOfPage":{"@id":"https:\/\/www.pogotowieflagowe.pl\/aktualne\/48-lat-temu-niezapomniany-wystep-zespolu-abba-w-polsce\/"},"wordCount":333,"publisher":{"@id":"https:\/\/www.pogotowieflagowe.pl\/aktualne\/#organization"},"image":{"@id":"https:\/\/www.pogotowieflagowe.pl\/aktualne\/48-lat-temu-niezapomniany-wystep-zespolu-abba-w-polsce\/#primaryimage"},"thumbnailUrl":"https:\/\/www.pogotowieflagowe.pl\/aktualne\/wp-content\/uploads\/2024\/10\/48-lat-temu-Niezapomniany-wystep-zespolu-ABBA-w-Polsce.png","keywords":["ABBA","lat","Niezapomniany","Polsce","temu","wyst\u0119p","zespo\u0142u"],"articleSection":["Styl \u017cycia"],"inLanguage":"pl-PL"},{"@type":"WebPage","@id":"https:\/\/www.pogotowieflagowe.pl\/aktualne\/48-lat-temu-niezapomniany-wystep-zespolu-abba-w-polsce\/","url":"https:\/\/www.pogotowieflagowe.pl\/aktualne\/48-lat-temu-niezapomniany-wystep-zespolu-abba-w-polsce\/","name":"48 lat temu: Niezapomniany wyst\u0119p zespo\u0142u ABBA w Polsce - POGOTOWIE FLAGOWE\u00ae","isPartOf":{"@id":"https:\/\/www.pogotowieflagowe.pl\/aktualne\/#website"},"primaryImageOfPage":{"@id":"https:\/\/www.pogotowieflagowe.pl\/aktualne\/48-lat-temu-niezapomniany-wystep-zespolu-abba-w-polsce\/#primaryimage"},"image":{"@id":"https:\/\/www.pogotowieflagowe.pl\/aktualne\/48-lat-temu-niezapomniany-wystep-zespolu-abba-w-polsce\/#primaryimage"},"thumbnailUrl":"https:\/\/www.pogotowieflagowe.pl\/aktualne\/wp-content\/uploads\/2024\/10\/48-lat-temu-Niezapomniany-wystep-zespolu-ABBA-w-Polsce.png","datePublished":"2024-10-07T12:48:13+00:00","dateModified":"2024-10-07T12:48:14+00:00","breadcrumb":{"@id":"https:\/\/www.pogotowieflagowe.pl\/aktualne\/48-lat-temu-niezapomniany-wystep-zespolu-abba-w-polsce\/#breadcrumb"},"inLanguage":"pl-PL","potentialAction":[{"@type":"ReadAction","target":["https:\/\/www.pogotowieflagowe.pl\/aktualne\/48-lat-temu-niezapomniany-wystep-zespolu-abba-w-polsce\/"]}]},{"@type":"ImageObject","inLanguage":"pl-PL","@id":"https:\/\/www.pogotowieflagowe.pl\/aktualne\/48-lat-temu-niezapomniany-wystep-zespolu-abba-w-polsce\/#primaryimage","url":"https:\/\/www.pogotowieflagowe.pl\/aktualne\/wp-content\/uploads\/2024\/10\/48-lat-temu-Niezapomniany-wystep-zespolu-ABBA-w-Polsce.png","contentUrl":"https:\/\/www.pogotowieflagowe.pl\/aktualne\/wp-content\/uploads\/2024\/10\/48-lat-temu-Niezapomniany-wystep-zespolu-ABBA-w-Polsce.png","width":500,"height":297,"caption":"48 lat temu: Niezapomniany wyst\u0119p zespo\u0142u ABBA w Polsce"},{"@type":"BreadcrumbList","@id":"https:\/\/www.pogotowieflagowe.pl\/aktualne\/48-lat-temu-niezapomniany-wystep-zespolu-abba-w-polsce\/#breadcrumb","itemListElement":[{"@type":"ListItem","position":1,"name":"Home","item":"https:\/\/www.pogotowieflagowe.pl\/aktualne\/"},{"@type":"ListItem","position":2,"name":"48 lat temu: Niezapomniany wyst\u0119p zespo\u0142u ABBA w Polsce"}]},{"@type":"WebSite","@id":"https:\/\/www.pogotowieflagowe.pl\/aktualne\/#website","url":"https:\/\/www.pogotowieflagowe.pl\/aktualne\/","name":"POGOTOWIE FLAGOWE\u00ae","description":"","publisher":{"@id":"https:\/\/www.pogotowieflagowe.pl\/aktualne\/#organization"},"potentialAction":[{"@type":"SearchAction","target":{"@type":"EntryPoint","urlTemplate":"https:\/\/www.pogotowieflagowe.pl\/aktualne\/?s={search_term_string}"},"query-input":"required name=search_term_string"}],"inLanguage":"pl-PL"},{"@type":"Organization","@id":"https:\/\/www.pogotowieflagowe.pl\/aktualne\/#organization","name":"POGOTOWIE FLAGOWE\u00ae","url":"https:\/\/www.pogotowieflagowe.pl\/aktualne\/","logo":{"@type":"ImageObject","inLanguage":"pl-PL","@id":"https:\/\/www.pogotowieflagowe.pl\/aktualne\/#\/schema\/logo\/image\/","url":"https:\/\/www.pogotowieflagowe.pl\/aktualne\/wp-content\/uploads\/2024\/08\/cropped-pogotowieflagowe_flaga_projekt_sm.jpg","contentUrl":"https:\/\/www.pogotowieflagowe.pl\/aktualne\/wp-content\/uploads\/2024\/08\/cropped-pogotowieflagowe_flaga_projekt_sm.jpg","width":250,"height":143,"caption":"POGOTOWIE FLAGOWE\u00ae"},"image":{"@id":"https:\/\/www.pogotowieflagowe.pl\/aktualne\/#\/schema\/logo\/image\/"}},{"@type":"Person","@id":"https:\/\/www.pogotowieflagowe.pl\/aktualne\/#\/schema\/person\/9c2fb7d2362ebf6fa088960d7f0d27b0","name":"Filip","image":{"@type":"ImageObject","inLanguage":"pl-PL","@id":"https:\/\/www.pogotowieflagowe.pl\/aktualne\/#\/schema\/person\/image\/","url":"https:\/\/www.pogotowieflagowe.pl\/aktualne\/wp-content\/uploads\/2024\/08\/pogotowieflagowe.pl_.jpg","contentUrl":"https:\/\/www.pogotowieflagowe.pl\/aktualne\/wp-content\/uploads\/2024\/08\/pogotowieflagowe.pl_.jpg","caption":"Filip"},"description":"Jestem Filip, polski dziennikarz z dyplomem nauk politycznych Uniwersytetu Warszawskiego. Rozpoczynaj\u0105c swoj\u0105 karier\u0119 w r\u00f3\u017cnych lokalnych mediach, zdoby\u0142em solidne do\u015bwiadczenie w zakresie \u015bledztwa i redakcji. Obecnie jako redaktor w Pogotowie flagowe, staram si\u0119 dostarcza\u0107 dog\u0142\u0119bne i istotne analizy na temat najwa\u017cniejszych kwestii aktualno\u015bci, \u0142\u0105cz\u0105c rygor z pasj\u0105 dziennikarsk\u0105.","sameAs":["https:\/\/www.pogotowieflagowe.pl\/"]}]}},"_links":{"self":[{"href":"https:\/\/www.pogotowieflagowe.pl\/aktualne\/wp-json\/wp\/v2\/posts\/1146","targetHints":{"allow":["GET"]}}],"collection":[{"href":"https:\/\/www.pogotowieflagowe.pl\/aktualne\/wp-json\/wp\/v2\/posts"}],"about":[{"href":"https:\/\/www.pogotowieflagowe.pl\/aktualne\/wp-json\/wp\/v2\/types\/post"}],"author":[{"embeddable":true,"href":"https:\/\/www.pogotowieflagowe.pl\/aktualne\/wp-json\/wp\/v2\/users\/1"}],"replies":[{"embeddable":true,"href":"https:\/\/www.pogotowieflagowe.pl\/aktualne\/wp-json\/wp\/v2\/comments?post=1146"}],"version-history":[{"count":1,"href":"https:\/\/www.pogotowieflagowe.pl\/aktualne\/wp-json\/wp\/v2\/posts\/1146\/revisions"}],"predecessor-version":[{"id":1148,"href":"https:\/\/www.pogotowieflagowe.pl\/aktualne\/wp-json\/wp\/v2\/posts\/1146\/revisions\/1148"}],"wp:featuredmedia":[{"embeddable":true,"href":"https:\/\/www.pogotowieflagowe.pl\/aktualne\/wp-json\/wp\/v2\/media\/1147"}],"wp:attachment":[{"href":"https:\/\/www.pogotowieflagowe.pl\/aktualne\/wp-json\/wp\/v2\/media?parent=1146"}],"wp:term":[{"taxonomy":"category","embeddable":true,"href":"https:\/\/www.pogotowieflagowe.pl\/aktualne\/wp-json\/wp\/v2\/categories?post=1146"},{"taxonomy":"post_tag","embeddable":true,"href":"https:\/\/www.pogotowieflagowe.pl\/aktualne\/wp-json\/wp\/v2\/tags?post=1146"}],"curies":[{"name":"wp","href":"https:\/\/api.w.org\/{rel}","templated":true}]}}