{"id":11513,"date":"2025-12-17T21:49:33","date_gmt":"2025-12-17T20:49:33","guid":{"rendered":"https:\/\/www.pogotowieflagowe.pl\/aktualne\/rosyjscy-skoczkowie-narciarscy-w-zakopanem-adam-malysz-rozwiewa-watpliwosci\/"},"modified":"2025-12-17T21:49:34","modified_gmt":"2025-12-17T20:49:34","slug":"rosyjscy-skoczkowie-narciarscy-w-zakopanem-adam-malysz-rozwiewa-watpliwosci","status":"publish","type":"post","link":"https:\/\/www.pogotowieflagowe.pl\/aktualne\/rosyjscy-skoczkowie-narciarscy-w-zakopanem-adam-malysz-rozwiewa-watpliwosci\/","title":{"rendered":"Rosyjscy skoczkowie narciarscy w Zakopanem? Adam Ma\u0142ysz rozwiewa w\u0105tpliwo\u015bci"},"content":{"rendered":"\n<div class=\"td_block_wrap tdb_single_content tdi_41 td-pb-border-top td_block_template_8 td-post-content tagdiv-type\" data-td-block-uid=\"tdi_41\">\n<style>.tdi_41{margines-top:0px!important;margin-bottom:0px!important;dope\u0142nienie-g\u00f3ra:0px!important;dope\u0142nienie-d\u00f3\u0142:0px!important}<\/style>\n<style>.tdb_single_content{margin-bottom:0;*zoom:1}.tdb_single_content:before,.tdb_single_content:after{display:table;content:'';line-height:0}.tdb_single_content:after{clear:both}.tdb_single_content .tdb-block-inner>*:not(.wp-block-quote):not(.alignwide):not(.alignfull.wp-block-cover.has-parallax):not(.td-a-ad){margin-left:auto;margin-right:auto}.tdb_single_content a{pointer-events:auto}.tdb_single_content .td-spot-id-top_ad .tdc-placeholder-title:before{content:'Najlepsza reklama artyku\u0142u'!important}.tdb_single_content .td-spot-id-inline_ad0 .tdc-placeholder-title:before{content:'Reklama wbudowana artyku\u0142u 1'!important}.tdb_single_content .td-spot-id-inline_ad1 .tdc-placeholder-title:before{content:'Wbudowana reklama w artykule 2'!important}.tdb_single_content .td-spot-id-inline_ad2 .tdc-placeholder-title:before{content:'Wbudowana reklama w artykule 3'!important}.tdb_single_content .td-spot-id-bottom_ad .tdc-placeholder-title:before{content:'Article Bottom Ad'!important}.tdb_single_content .id_top_ad,.tdb_single_content .id_bottom_ad{clear:both;margin-bottom:21px;text-align:center}.tdb_single_content .id_top_ad img,.tdb_single_content .id_bottom_ad img{margin-bottom:0}.tdb_single_content .id_top_ad .adsbygoogle,.tdb_single_content .id_bottom_ad .adsbygoogle{position:relative}.tdb_single_content .id_ad_content-horiz-left,.tdb_single_content .id_ad_content-horiz-right,.tdb_single_content .id_ad_content-horiz-center{margin-bottom:15px}.tdb_single_content .id_ad_content-horiz-left img,.tdb_single_content .id_ad_content-horiz-right img,.tdb_single_content .id_ad_content-horiz-center img{margin-bottom:0}.tdb_single_content .id_ad_content-horiz-center{text-align:center}.tdb_single_content .id_ad_content-horiz-center img{margin-right:auto;margin-left:auto}.tdb_single_content .id_ad_content-horiz-left{float:left;margin-top:9px;margin-right:21px}.tdb_single_content .id_ad_content-horiz-right{float:right;margin-top:6px;margin-left:21px}.tdb_single_content .tdc-a-ad .tdc-placeholder-title{width:300px;height:250px}.tdb_single_content .tdc-a-ad .tdc-placeholder-title:before{position:absolute;top:50%;-webkit-transform:translateY(-50%);transform:translateY(-50%);margin:auto;display:table;width:100%}.tdb_single_content .tdb-block-inner.td-fix-index{word-break:break-word}.tdi_41,.tdi_41>p,.tdi_41 .tdb-block-inner>p,.wp-block-column>p{font-size:16px!important;line-height:1.6!important}.tdi_41 .tdb-block-inner blockquote p{font-style:normal!important}@media (max-width:767px){.tdb_single_content .id_ad_content-horiz-left,.tdb_single_content .id_ad_content-horiz-right,.tdb_single_content .id_ad_content-horiz-center{margin:0 auto 26 pikseli auto}}@media (max-width:767px){.tdb_single_content .id_ad_content-horiz-left{margin-right:0}}@media (max-width:767px){.tdb_single_content .id_ad_content-horiz-right{margin-left:0}}@media (max-width:767px){.tdb_single_content .td-a-ad{float:none;text-align:center}.tdb_single_content .td-a-ad img{margin-right:auto;margin-left:auto}.tdb_single_content .tdc-a-ad{float:none}}<\/style>\n<div class=\"tdb-block-inner td-fix-index\">\n<p>The <em>S\u0105d Arbitra\u017cowy ds. Sportu<\/em> (CAS) uchyli\u0142a ca\u0142kowity zakaz dla sportowc\u00f3w z Rosji i Bia\u0142orusi i pozwoli\u0142a im startowa\u0107 jako \u201eneutralni sportowcy indywidualni\u201d. Otworzy\u0142o to drzwi rosyjskim skoczkom narciarskim do wzi\u0119cia udzia\u0142u w zawodach <em>Turniej Czterech Skoczni<\/em>ale nast\u0119pny przystanek na <em>Puchar \u015awiata<\/em> kalendarz \u2013 Zakopane \u2013 raczej nie przywita go\u015bci ze wschodu. Adam Ma\u0142ysz stwierdzi\u0142 dosadnie, \u017ce nie wyobra\u017ca sobie rosyjskich skoczk\u00f3w narciarskich rywalizuj\u0105cych w stolicy polskich Tatr.<\/p>\n<p>CAS uwzgl\u0119dni\u0142 apelacj\u0119 rosyjskich i bia\u0142oruskich sportowc\u00f3w, stwierdzaj\u0105c, \u017ce ich ca\u0142kowite wykluczenie z zawod\u00f3w organizowanych pod patronatem Federacji <em>Mi\u0119dzynarodowa Federacja Narciarstwa i Snowboardu<\/em> (F\u00e9d\u00e9ration Internationale de Ski et de Snowboard, FIS) nie posiada\u0142a wystarczaj\u0105cej podstawy prawnej.<\/p>\n<h2 class=\"wp-block-heading\"><strong>Rosjanie wracaj\u0105 na wzg\u00f3rza\u2026<\/strong><\/h2>\n<p>Dzi\u0119ki temu sportowcy z tych kraj\u00f3w \u2013 pomimo trwaj\u0105cej agresji na Ukrain\u0119 \u2013 mog\u0105 rywalizowa\u0107 jako \u201eneutralni sportowcy indywidualni\u201d, co otworzy\u0142o drog\u0119 do kwalifikacji olimpijskich i udzia\u0142u w presti\u017cowych zawodach <em>Turniej Czterech Skoczni<\/em>. Rosyjscy urz\u0119dnicy szybko zacz\u0119li zabiega\u0107 o wizy i pozwolenia dla swoich sportowc\u00f3w na udzia\u0142 w imprezach w Niemczech i Austrii. Doniesienia medialne wspomina\u0142y o przygotowaniach do start\u00f3w w Oberstdorfie, Garmisch-Partenkirchen, Innsbrucku i Bischofshofen. Decyzja CAS by\u0142a dla nich prze\u0142omowa, gdy\u017c po raz pierwszy od pocz\u0105tku wojny na Ukrainie stworzy\u0142a realn\u0105 mo\u017cliwo\u015b\u0107 powrotu do mi\u0119dzynarodowych skok\u00f3w narciarskich.<\/p>\n<h2 class=\"wp-block-heading\"><strong>\u2026Ale nie w Polsce<\/strong><\/h2>\n<p>W Polsce sytuacja wygl\u0105da jednak inaczej. Po zawarciu <em>Turniej Czterech Skoczni<\/em>, <em>Puchar \u015awiata<\/em> przenosi si\u0119 do Zakopanego, ale zar\u00f3wno polskie w\u0142adze, jak i \u015brodowisko sportowe wyrazi\u0142y sprzeciw wobec obecno\u015bci rosyjskich skoczk\u00f3w narciarskich. Minister sportu Jakub Rutnicki stwierdzi\u0142 jasno, \u017ce ich wyst\u0119p na Wielkiej Krokwi nie wchodzi w rachub\u0119, za\u015b prezydent <em>Polski Zwi\u0105zek Narciarski<\/em> (PZN) Adam Ma\u0142ysz podkre\u015bli\u0142, \u017ce nie wyobra\u017ca sobie takiego scenariusza, m\u00f3wi\u0105c <strong>&#8222;Je\u015bli pozwolimy cho\u0107by na krok do przodu, b\u0119dziemy na przegranej pozycji. Po raz kolejny p\u00f3jdziemy na ust\u0119pstwa, po raz kolejny z\u0142agodzimy kar\u0119. I tak jak dotychczas powinni\u015bmy utrzyma\u0107 zdecydowane stanowisko &#8211; wyra\u017anie stwierdzaj\u0105c, \u017ce to Ukraina zosta\u0142a zaatakowana i robi\u0105c wszystko, aby mog\u0142a obroni\u0107 swoje terytorium i aby takie sytuacje nigdy wi\u0119cej si\u0119 nie powt\u00f3rzy\u0142y &#8222;<\/strong> Ma\u0142ysz powiedzia\u0142 w rozmowie z <em>Fakt<\/em>.<\/p>\n<\/div>\n<\/div>\n","protected":false},"excerpt":{"rendered":"<p>The S\u0105d Arbitra\u017cowy ds. Sportu (CAS) uchyli\u0142a ca\u0142kowity zakaz dla sportowc\u00f3w z Rosji i Bia\u0142orusi i pozwoli\u0142a im startowa\u0107 jako<\/p>\n","protected":false},"author":1,"featured_media":11514,"comment_status":"open","ping_status":"open","sticky":false,"template":"","format":"standard","meta":{"footnotes":""},"categories":[118],"tags":[2411,2412,3845,6690,12859,3844,2346,4155],"class_list":["post-11513","post","type-post","status-publish","format-standard","has-post-thumbnail","hentry","category-lekkoatletyka","tag-adam","tag-malysz","tag-narciarscy","tag-rosyjscy","tag-rozwiewa","tag-skoczkowie","tag-watpliwosci","tag-zakopanem","generate-columns","tablet-grid-50","mobile-grid-100","grid-parent","grid-50","resize-featured-image"],"yoast_head":"<!-- This site is optimized with the Yoast SEO plugin v23.2 - https:\/\/yoast.com\/wordpress\/plugins\/seo\/ -->\n<title>Rosyjscy skoczkowie narciarscy w Zakopanem? Adam Ma\u0142ysz rozwiewa w\u0105tpliwo\u015bci - POGOTOWIE FLAGOWE\u00ae<\/title>\n<meta name=\"robots\" content=\"index, follow, max-snippet:-1, max-image-preview:large, max-video-preview:-1\" \/>\n<link rel=\"canonical\" href=\"https:\/\/www.pogotowieflagowe.pl\/aktualne\/rosyjscy-skoczkowie-narciarscy-w-zakopanem-adam-malysz-rozwiewa-watpliwosci\/\" \/>\n<meta property=\"og:locale\" content=\"pl_PL\" \/>\n<meta property=\"og:type\" content=\"article\" \/>\n<meta property=\"og:title\" content=\"Rosyjscy skoczkowie narciarscy w Zakopanem? Adam Ma\u0142ysz rozwiewa w\u0105tpliwo\u015bci - POGOTOWIE FLAGOWE\u00ae\" \/>\n<meta property=\"og:description\" content=\"The S\u0105d Arbitra\u017cowy ds. Sportu (CAS) uchyli\u0142a ca\u0142kowity zakaz dla sportowc\u00f3w z Rosji i Bia\u0142orusi i pozwoli\u0142a im startowa\u0107 jako\" \/>\n<meta property=\"og:url\" content=\"https:\/\/www.pogotowieflagowe.pl\/aktualne\/rosyjscy-skoczkowie-narciarscy-w-zakopanem-adam-malysz-rozwiewa-watpliwosci\/\" \/>\n<meta property=\"og:site_name\" content=\"POGOTOWIE FLAGOWE\u00ae\" \/>\n<meta property=\"article:published_time\" content=\"2025-12-17T20:49:33+00:00\" \/>\n<meta property=\"article:modified_time\" content=\"2025-12-17T20:49:34+00:00\" \/>\n<meta property=\"og:image\" content=\"https:\/\/www.pogotowieflagowe.pl\/aktualne\/wp-content\/uploads\/2025\/12\/Rosyjscy-skoczkowie-narciarscy-w-Zakopanem-Adam-Malysz-rozwiewa-watpliwosci.webp.webp\" \/>\n\t<meta property=\"og:image:width\" content=\"1280\" \/>\n\t<meta property=\"og:image:height\" content=\"720\" \/>\n\t<meta property=\"og:image:type\" content=\"image\/webp\" \/>\n<meta name=\"author\" content=\"Filip\" \/>\n<meta name=\"twitter:card\" content=\"summary_large_image\" \/>\n<meta name=\"twitter:label1\" content=\"Napisane przez\" \/>\n\t<meta name=\"twitter:data1\" content=\"Filip\" \/>\n\t<meta name=\"twitter:label2\" content=\"Szacowany czas czytania\" \/>\n\t<meta name=\"twitter:data2\" content=\"2 minuty\" \/>\n<script type=\"application\/ld+json\" class=\"yoast-schema-graph\">{\"@context\":\"https:\/\/schema.org\",\"@graph\":[{\"@type\":\"Article\",\"@id\":\"https:\/\/www.pogotowieflagowe.pl\/aktualne\/rosyjscy-skoczkowie-narciarscy-w-zakopanem-adam-malysz-rozwiewa-watpliwosci\/#article\",\"isPartOf\":{\"@id\":\"https:\/\/www.pogotowieflagowe.pl\/aktualne\/rosyjscy-skoczkowie-narciarscy-w-zakopanem-adam-malysz-rozwiewa-watpliwosci\/\"},\"author\":{\"name\":\"Filip\",\"@id\":\"https:\/\/www.pogotowieflagowe.pl\/aktualne\/#\/schema\/person\/9c2fb7d2362ebf6fa088960d7f0d27b0\"},\"headline\":\"Rosyjscy skoczkowie narciarscy w Zakopanem? Adam Ma\u0142ysz rozwiewa w\u0105tpliwo\u015bci\",\"datePublished\":\"2025-12-17T20:49:33+00:00\",\"dateModified\":\"2025-12-17T20:49:34+00:00\",\"mainEntityOfPage\":{\"@id\":\"https:\/\/www.pogotowieflagowe.pl\/aktualne\/rosyjscy-skoczkowie-narciarscy-w-zakopanem-adam-malysz-rozwiewa-watpliwosci\/\"},\"wordCount\":409,\"commentCount\":0,\"publisher\":{\"@id\":\"https:\/\/www.pogotowieflagowe.pl\/aktualne\/#organization\"},\"image\":{\"@id\":\"https:\/\/www.pogotowieflagowe.pl\/aktualne\/rosyjscy-skoczkowie-narciarscy-w-zakopanem-adam-malysz-rozwiewa-watpliwosci\/#primaryimage\"},\"thumbnailUrl\":\"https:\/\/www.pogotowieflagowe.pl\/aktualne\/wp-content\/uploads\/2025\/12\/Rosyjscy-skoczkowie-narciarscy-w-Zakopanem-Adam-Malysz-rozwiewa-watpliwosci.webp.webp\",\"keywords\":[\"Adam\",\"Ma\u0142ysz\",\"narciarscy\",\"Rosyjscy\",\"rozwiewa\",\"skoczkowie\",\"w\u0105tpliwo\u015bci\",\"Zakopanem\"],\"articleSection\":[\"Lekkoatletyka\"],\"inLanguage\":\"pl-PL\",\"potentialAction\":[{\"@type\":\"CommentAction\",\"name\":\"Comment\",\"target\":[\"https:\/\/www.pogotowieflagowe.pl\/aktualne\/rosyjscy-skoczkowie-narciarscy-w-zakopanem-adam-malysz-rozwiewa-watpliwosci\/#respond\"]}]},{\"@type\":\"WebPage\",\"@id\":\"https:\/\/www.pogotowieflagowe.pl\/aktualne\/rosyjscy-skoczkowie-narciarscy-w-zakopanem-adam-malysz-rozwiewa-watpliwosci\/\",\"url\":\"https:\/\/www.pogotowieflagowe.pl\/aktualne\/rosyjscy-skoczkowie-narciarscy-w-zakopanem-adam-malysz-rozwiewa-watpliwosci\/\",\"name\":\"Rosyjscy skoczkowie narciarscy w Zakopanem? Adam Ma\u0142ysz rozwiewa w\u0105tpliwo\u015bci - POGOTOWIE FLAGOWE\u00ae\",\"isPartOf\":{\"@id\":\"https:\/\/www.pogotowieflagowe.pl\/aktualne\/#website\"},\"primaryImageOfPage\":{\"@id\":\"https:\/\/www.pogotowieflagowe.pl\/aktualne\/rosyjscy-skoczkowie-narciarscy-w-zakopanem-adam-malysz-rozwiewa-watpliwosci\/#primaryimage\"},\"image\":{\"@id\":\"https:\/\/www.pogotowieflagowe.pl\/aktualne\/rosyjscy-skoczkowie-narciarscy-w-zakopanem-adam-malysz-rozwiewa-watpliwosci\/#primaryimage\"},\"thumbnailUrl\":\"https:\/\/www.pogotowieflagowe.pl\/aktualne\/wp-content\/uploads\/2025\/12\/Rosyjscy-skoczkowie-narciarscy-w-Zakopanem-Adam-Malysz-rozwiewa-watpliwosci.webp.webp\",\"datePublished\":\"2025-12-17T20:49:33+00:00\",\"dateModified\":\"2025-12-17T20:49:34+00:00\",\"breadcrumb\":{\"@id\":\"https:\/\/www.pogotowieflagowe.pl\/aktualne\/rosyjscy-skoczkowie-narciarscy-w-zakopanem-adam-malysz-rozwiewa-watpliwosci\/#breadcrumb\"},\"inLanguage\":\"pl-PL\",\"potentialAction\":[{\"@type\":\"ReadAction\",\"target\":[\"https:\/\/www.pogotowieflagowe.pl\/aktualne\/rosyjscy-skoczkowie-narciarscy-w-zakopanem-adam-malysz-rozwiewa-watpliwosci\/\"]}]},{\"@type\":\"ImageObject\",\"inLanguage\":\"pl-PL\",\"@id\":\"https:\/\/www.pogotowieflagowe.pl\/aktualne\/rosyjscy-skoczkowie-narciarscy-w-zakopanem-adam-malysz-rozwiewa-watpliwosci\/#primaryimage\",\"url\":\"https:\/\/www.pogotowieflagowe.pl\/aktualne\/wp-content\/uploads\/2025\/12\/Rosyjscy-skoczkowie-narciarscy-w-Zakopanem-Adam-Malysz-rozwiewa-watpliwosci.webp.webp\",\"contentUrl\":\"https:\/\/www.pogotowieflagowe.pl\/aktualne\/wp-content\/uploads\/2025\/12\/Rosyjscy-skoczkowie-narciarscy-w-Zakopanem-Adam-Malysz-rozwiewa-watpliwosci.webp.webp\",\"width\":1280,\"height\":720,\"caption\":\"Rosyjscy skoczkowie narciarscy w Zakopanem? Adam Ma\u0142ysz rozwiewa w\u0105tpliwo\u015bci\"},{\"@type\":\"BreadcrumbList\",\"@id\":\"https:\/\/www.pogotowieflagowe.pl\/aktualne\/rosyjscy-skoczkowie-narciarscy-w-zakopanem-adam-malysz-rozwiewa-watpliwosci\/#breadcrumb\",\"itemListElement\":[{\"@type\":\"ListItem\",\"position\":1,\"name\":\"Home\",\"item\":\"https:\/\/www.pogotowieflagowe.pl\/aktualne\/\"},{\"@type\":\"ListItem\",\"position\":2,\"name\":\"Rosyjscy skoczkowie narciarscy w Zakopanem? Adam Ma\u0142ysz rozwiewa w\u0105tpliwo\u015bci\"}]},{\"@type\":\"WebSite\",\"@id\":\"https:\/\/www.pogotowieflagowe.pl\/aktualne\/#website\",\"url\":\"https:\/\/www.pogotowieflagowe.pl\/aktualne\/\",\"name\":\"POGOTOWIE FLAGOWE\u00ae\",\"description\":\"\",\"publisher\":{\"@id\":\"https:\/\/www.pogotowieflagowe.pl\/aktualne\/#organization\"},\"potentialAction\":[{\"@type\":\"SearchAction\",\"target\":{\"@type\":\"EntryPoint\",\"urlTemplate\":\"https:\/\/www.pogotowieflagowe.pl\/aktualne\/?s={search_term_string}\"},\"query-input\":\"required name=search_term_string\"}],\"inLanguage\":\"pl-PL\"},{\"@type\":\"Organization\",\"@id\":\"https:\/\/www.pogotowieflagowe.pl\/aktualne\/#organization\",\"name\":\"POGOTOWIE FLAGOWE\u00ae\",\"url\":\"https:\/\/www.pogotowieflagowe.pl\/aktualne\/\",\"logo\":{\"@type\":\"ImageObject\",\"inLanguage\":\"pl-PL\",\"@id\":\"https:\/\/www.pogotowieflagowe.pl\/aktualne\/#\/schema\/logo\/image\/\",\"url\":\"https:\/\/www.pogotowieflagowe.pl\/aktualne\/wp-content\/uploads\/2024\/08\/cropped-pogotowieflagowe_flaga_projekt_sm.jpg\",\"contentUrl\":\"https:\/\/www.pogotowieflagowe.pl\/aktualne\/wp-content\/uploads\/2024\/08\/cropped-pogotowieflagowe_flaga_projekt_sm.jpg\",\"width\":250,\"height\":143,\"caption\":\"POGOTOWIE FLAGOWE\u00ae\"},\"image\":{\"@id\":\"https:\/\/www.pogotowieflagowe.pl\/aktualne\/#\/schema\/logo\/image\/\"}},{\"@type\":\"Person\",\"@id\":\"https:\/\/www.pogotowieflagowe.pl\/aktualne\/#\/schema\/person\/9c2fb7d2362ebf6fa088960d7f0d27b0\",\"name\":\"Filip\",\"image\":{\"@type\":\"ImageObject\",\"inLanguage\":\"pl-PL\",\"@id\":\"https:\/\/www.pogotowieflagowe.pl\/aktualne\/#\/schema\/person\/image\/\",\"url\":\"https:\/\/www.pogotowieflagowe.pl\/aktualne\/wp-content\/uploads\/2024\/08\/pogotowieflagowe.pl_.jpg\",\"contentUrl\":\"https:\/\/www.pogotowieflagowe.pl\/aktualne\/wp-content\/uploads\/2024\/08\/pogotowieflagowe.pl_.jpg\",\"caption\":\"Filip\"},\"description\":\"Jestem Filip, polski dziennikarz z dyplomem nauk politycznych Uniwersytetu Warszawskiego. Rozpoczynaj\u0105c swoj\u0105 karier\u0119 w r\u00f3\u017cnych lokalnych mediach, zdoby\u0142em solidne do\u015bwiadczenie w zakresie \u015bledztwa i redakcji. Obecnie jako redaktor w Pogotowie flagowe, staram si\u0119 dostarcza\u0107 dog\u0142\u0119bne i istotne analizy na temat najwa\u017cniejszych kwestii aktualno\u015bci, \u0142\u0105cz\u0105c rygor z pasj\u0105 dziennikarsk\u0105.\",\"sameAs\":[\"https:\/\/www.pogotowieflagowe.pl\/\"]}]}<\/script>\n<!-- \/ Yoast SEO plugin. -->","yoast_head_json":{"title":"Rosyjscy skoczkowie narciarscy w Zakopanem? Adam Ma\u0142ysz rozwiewa w\u0105tpliwo\u015bci - POGOTOWIE FLAGOWE\u00ae","robots":{"index":"index","follow":"follow","max-snippet":"max-snippet:-1","max-image-preview":"max-image-preview:large","max-video-preview":"max-video-preview:-1"},"canonical":"https:\/\/www.pogotowieflagowe.pl\/aktualne\/rosyjscy-skoczkowie-narciarscy-w-zakopanem-adam-malysz-rozwiewa-watpliwosci\/","og_locale":"pl_PL","og_type":"article","og_title":"Rosyjscy skoczkowie narciarscy w Zakopanem? Adam Ma\u0142ysz rozwiewa w\u0105tpliwo\u015bci - POGOTOWIE FLAGOWE\u00ae","og_description":"The S\u0105d Arbitra\u017cowy ds. Sportu (CAS) uchyli\u0142a ca\u0142kowity zakaz dla sportowc\u00f3w z Rosji i Bia\u0142orusi i pozwoli\u0142a im startowa\u0107 jako","og_url":"https:\/\/www.pogotowieflagowe.pl\/aktualne\/rosyjscy-skoczkowie-narciarscy-w-zakopanem-adam-malysz-rozwiewa-watpliwosci\/","og_site_name":"POGOTOWIE FLAGOWE\u00ae","article_published_time":"2025-12-17T20:49:33+00:00","article_modified_time":"2025-12-17T20:49:34+00:00","og_image":[{"width":1280,"height":720,"url":"https:\/\/www.pogotowieflagowe.pl\/aktualne\/wp-content\/uploads\/2025\/12\/Rosyjscy-skoczkowie-narciarscy-w-Zakopanem-Adam-Malysz-rozwiewa-watpliwosci.webp.webp","type":"image\/webp"}],"author":"Filip","twitter_card":"summary_large_image","twitter_misc":{"Napisane przez":"Filip","Szacowany czas czytania":"2 minuty"},"schema":{"@context":"https:\/\/schema.org","@graph":[{"@type":"Article","@id":"https:\/\/www.pogotowieflagowe.pl\/aktualne\/rosyjscy-skoczkowie-narciarscy-w-zakopanem-adam-malysz-rozwiewa-watpliwosci\/#article","isPartOf":{"@id":"https:\/\/www.pogotowieflagowe.pl\/aktualne\/rosyjscy-skoczkowie-narciarscy-w-zakopanem-adam-malysz-rozwiewa-watpliwosci\/"},"author":{"name":"Filip","@id":"https:\/\/www.pogotowieflagowe.pl\/aktualne\/#\/schema\/person\/9c2fb7d2362ebf6fa088960d7f0d27b0"},"headline":"Rosyjscy skoczkowie narciarscy w Zakopanem? Adam Ma\u0142ysz rozwiewa w\u0105tpliwo\u015bci","datePublished":"2025-12-17T20:49:33+00:00","dateModified":"2025-12-17T20:49:34+00:00","mainEntityOfPage":{"@id":"https:\/\/www.pogotowieflagowe.pl\/aktualne\/rosyjscy-skoczkowie-narciarscy-w-zakopanem-adam-malysz-rozwiewa-watpliwosci\/"},"wordCount":409,"commentCount":0,"publisher":{"@id":"https:\/\/www.pogotowieflagowe.pl\/aktualne\/#organization"},"image":{"@id":"https:\/\/www.pogotowieflagowe.pl\/aktualne\/rosyjscy-skoczkowie-narciarscy-w-zakopanem-adam-malysz-rozwiewa-watpliwosci\/#primaryimage"},"thumbnailUrl":"https:\/\/www.pogotowieflagowe.pl\/aktualne\/wp-content\/uploads\/2025\/12\/Rosyjscy-skoczkowie-narciarscy-w-Zakopanem-Adam-Malysz-rozwiewa-watpliwosci.webp.webp","keywords":["Adam","Ma\u0142ysz","narciarscy","Rosyjscy","rozwiewa","skoczkowie","w\u0105tpliwo\u015bci","Zakopanem"],"articleSection":["Lekkoatletyka"],"inLanguage":"pl-PL","potentialAction":[{"@type":"CommentAction","name":"Comment","target":["https:\/\/www.pogotowieflagowe.pl\/aktualne\/rosyjscy-skoczkowie-narciarscy-w-zakopanem-adam-malysz-rozwiewa-watpliwosci\/#respond"]}]},{"@type":"WebPage","@id":"https:\/\/www.pogotowieflagowe.pl\/aktualne\/rosyjscy-skoczkowie-narciarscy-w-zakopanem-adam-malysz-rozwiewa-watpliwosci\/","url":"https:\/\/www.pogotowieflagowe.pl\/aktualne\/rosyjscy-skoczkowie-narciarscy-w-zakopanem-adam-malysz-rozwiewa-watpliwosci\/","name":"Rosyjscy skoczkowie narciarscy w Zakopanem? Adam Ma\u0142ysz rozwiewa w\u0105tpliwo\u015bci - POGOTOWIE FLAGOWE\u00ae","isPartOf":{"@id":"https:\/\/www.pogotowieflagowe.pl\/aktualne\/#website"},"primaryImageOfPage":{"@id":"https:\/\/www.pogotowieflagowe.pl\/aktualne\/rosyjscy-skoczkowie-narciarscy-w-zakopanem-adam-malysz-rozwiewa-watpliwosci\/#primaryimage"},"image":{"@id":"https:\/\/www.pogotowieflagowe.pl\/aktualne\/rosyjscy-skoczkowie-narciarscy-w-zakopanem-adam-malysz-rozwiewa-watpliwosci\/#primaryimage"},"thumbnailUrl":"https:\/\/www.pogotowieflagowe.pl\/aktualne\/wp-content\/uploads\/2025\/12\/Rosyjscy-skoczkowie-narciarscy-w-Zakopanem-Adam-Malysz-rozwiewa-watpliwosci.webp.webp","datePublished":"2025-12-17T20:49:33+00:00","dateModified":"2025-12-17T20:49:34+00:00","breadcrumb":{"@id":"https:\/\/www.pogotowieflagowe.pl\/aktualne\/rosyjscy-skoczkowie-narciarscy-w-zakopanem-adam-malysz-rozwiewa-watpliwosci\/#breadcrumb"},"inLanguage":"pl-PL","potentialAction":[{"@type":"ReadAction","target":["https:\/\/www.pogotowieflagowe.pl\/aktualne\/rosyjscy-skoczkowie-narciarscy-w-zakopanem-adam-malysz-rozwiewa-watpliwosci\/"]}]},{"@type":"ImageObject","inLanguage":"pl-PL","@id":"https:\/\/www.pogotowieflagowe.pl\/aktualne\/rosyjscy-skoczkowie-narciarscy-w-zakopanem-adam-malysz-rozwiewa-watpliwosci\/#primaryimage","url":"https:\/\/www.pogotowieflagowe.pl\/aktualne\/wp-content\/uploads\/2025\/12\/Rosyjscy-skoczkowie-narciarscy-w-Zakopanem-Adam-Malysz-rozwiewa-watpliwosci.webp.webp","contentUrl":"https:\/\/www.pogotowieflagowe.pl\/aktualne\/wp-content\/uploads\/2025\/12\/Rosyjscy-skoczkowie-narciarscy-w-Zakopanem-Adam-Malysz-rozwiewa-watpliwosci.webp.webp","width":1280,"height":720,"caption":"Rosyjscy skoczkowie narciarscy w Zakopanem? Adam Ma\u0142ysz rozwiewa w\u0105tpliwo\u015bci"},{"@type":"BreadcrumbList","@id":"https:\/\/www.pogotowieflagowe.pl\/aktualne\/rosyjscy-skoczkowie-narciarscy-w-zakopanem-adam-malysz-rozwiewa-watpliwosci\/#breadcrumb","itemListElement":[{"@type":"ListItem","position":1,"name":"Home","item":"https:\/\/www.pogotowieflagowe.pl\/aktualne\/"},{"@type":"ListItem","position":2,"name":"Rosyjscy skoczkowie narciarscy w Zakopanem? Adam Ma\u0142ysz rozwiewa w\u0105tpliwo\u015bci"}]},{"@type":"WebSite","@id":"https:\/\/www.pogotowieflagowe.pl\/aktualne\/#website","url":"https:\/\/www.pogotowieflagowe.pl\/aktualne\/","name":"POGOTOWIE FLAGOWE\u00ae","description":"","publisher":{"@id":"https:\/\/www.pogotowieflagowe.pl\/aktualne\/#organization"},"potentialAction":[{"@type":"SearchAction","target":{"@type":"EntryPoint","urlTemplate":"https:\/\/www.pogotowieflagowe.pl\/aktualne\/?s={search_term_string}"},"query-input":"required name=search_term_string"}],"inLanguage":"pl-PL"},{"@type":"Organization","@id":"https:\/\/www.pogotowieflagowe.pl\/aktualne\/#organization","name":"POGOTOWIE FLAGOWE\u00ae","url":"https:\/\/www.pogotowieflagowe.pl\/aktualne\/","logo":{"@type":"ImageObject","inLanguage":"pl-PL","@id":"https:\/\/www.pogotowieflagowe.pl\/aktualne\/#\/schema\/logo\/image\/","url":"https:\/\/www.pogotowieflagowe.pl\/aktualne\/wp-content\/uploads\/2024\/08\/cropped-pogotowieflagowe_flaga_projekt_sm.jpg","contentUrl":"https:\/\/www.pogotowieflagowe.pl\/aktualne\/wp-content\/uploads\/2024\/08\/cropped-pogotowieflagowe_flaga_projekt_sm.jpg","width":250,"height":143,"caption":"POGOTOWIE FLAGOWE\u00ae"},"image":{"@id":"https:\/\/www.pogotowieflagowe.pl\/aktualne\/#\/schema\/logo\/image\/"}},{"@type":"Person","@id":"https:\/\/www.pogotowieflagowe.pl\/aktualne\/#\/schema\/person\/9c2fb7d2362ebf6fa088960d7f0d27b0","name":"Filip","image":{"@type":"ImageObject","inLanguage":"pl-PL","@id":"https:\/\/www.pogotowieflagowe.pl\/aktualne\/#\/schema\/person\/image\/","url":"https:\/\/www.pogotowieflagowe.pl\/aktualne\/wp-content\/uploads\/2024\/08\/pogotowieflagowe.pl_.jpg","contentUrl":"https:\/\/www.pogotowieflagowe.pl\/aktualne\/wp-content\/uploads\/2024\/08\/pogotowieflagowe.pl_.jpg","caption":"Filip"},"description":"Jestem Filip, polski dziennikarz z dyplomem nauk politycznych Uniwersytetu Warszawskiego. Rozpoczynaj\u0105c swoj\u0105 karier\u0119 w r\u00f3\u017cnych lokalnych mediach, zdoby\u0142em solidne do\u015bwiadczenie w zakresie \u015bledztwa i redakcji. Obecnie jako redaktor w Pogotowie flagowe, staram si\u0119 dostarcza\u0107 dog\u0142\u0119bne i istotne analizy na temat najwa\u017cniejszych kwestii aktualno\u015bci, \u0142\u0105cz\u0105c rygor z pasj\u0105 dziennikarsk\u0105.","sameAs":["https:\/\/www.pogotowieflagowe.pl\/"]}]}},"_links":{"self":[{"href":"https:\/\/www.pogotowieflagowe.pl\/aktualne\/wp-json\/wp\/v2\/posts\/11513","targetHints":{"allow":["GET"]}}],"collection":[{"href":"https:\/\/www.pogotowieflagowe.pl\/aktualne\/wp-json\/wp\/v2\/posts"}],"about":[{"href":"https:\/\/www.pogotowieflagowe.pl\/aktualne\/wp-json\/wp\/v2\/types\/post"}],"author":[{"embeddable":true,"href":"https:\/\/www.pogotowieflagowe.pl\/aktualne\/wp-json\/wp\/v2\/users\/1"}],"replies":[{"embeddable":true,"href":"https:\/\/www.pogotowieflagowe.pl\/aktualne\/wp-json\/wp\/v2\/comments?post=11513"}],"version-history":[{"count":1,"href":"https:\/\/www.pogotowieflagowe.pl\/aktualne\/wp-json\/wp\/v2\/posts\/11513\/revisions"}],"predecessor-version":[{"id":11515,"href":"https:\/\/www.pogotowieflagowe.pl\/aktualne\/wp-json\/wp\/v2\/posts\/11513\/revisions\/11515"}],"wp:featuredmedia":[{"embeddable":true,"href":"https:\/\/www.pogotowieflagowe.pl\/aktualne\/wp-json\/wp\/v2\/media\/11514"}],"wp:attachment":[{"href":"https:\/\/www.pogotowieflagowe.pl\/aktualne\/wp-json\/wp\/v2\/media?parent=11513"}],"wp:term":[{"taxonomy":"category","embeddable":true,"href":"https:\/\/www.pogotowieflagowe.pl\/aktualne\/wp-json\/wp\/v2\/categories?post=11513"},{"taxonomy":"post_tag","embeddable":true,"href":"https:\/\/www.pogotowieflagowe.pl\/aktualne\/wp-json\/wp\/v2\/tags?post=11513"}],"curies":[{"name":"wp","href":"https:\/\/api.w.org\/{rel}","templated":true}]}}