{"id":1203,"date":"2024-10-09T20:55:07","date_gmt":"2024-10-09T18:55:07","guid":{"rendered":"https:\/\/www.pogotowieflagowe.pl\/aktualne\/polska-alpinistka-dorota-rasinska-samocko-zdobywa-wszystkie-14-osmiotysiecznikow\/"},"modified":"2024-10-09T20:55:08","modified_gmt":"2024-10-09T18:55:08","slug":"polska-alpinistka-dorota-rasinska-samocko-zdobywa-wszystkie-14-osmiotysiecznikow","status":"publish","type":"post","link":"https:\/\/www.pogotowieflagowe.pl\/aktualne\/polska-alpinistka-dorota-rasinska-samocko-zdobywa-wszystkie-14-osmiotysiecznikow\/","title":{"rendered":"Polska alpinistka Dorota Rasi\u0144ska-Samo\u0107ko zdobywa wszystkie 14 o\u015bmiotysi\u0119cznik\u00f3w"},"content":{"rendered":"\n<div class=\"td_block_wrap tdb_single_content tdi_48 td-pb-border-top td_block_template_8 td-post-content tagdiv-type\" data-td-block-uid=\"tdi_48\">\n<style>.tdi_48{margines-top:0px!important;margin-bottom:0px!important;dope\u0142nienie-g\u00f3ra:0px!important;dope\u0142nienie-d\u00f3\u0142:0px!important}<\/style>\n<style>.tdb_single_content{margin-bottom:0;*zoom:1}.tdb_single_content:before,.tdb_single_content:after{display:table;content:'';line-height:0}.tdb_single_content:after{clear:both}.tdb_single_content .tdb-block-inner>*:not(.wp-block-quote):not(.alignwide):not(.alignfull.wp-block-cover.has-parallax):not(.td-a-ad) {margin-left:auto;margin-right:auto}.tdb_single_content a{pointer-events:auto}.tdb_single_content .td-spot-id-top_ad .tdc-placeholder-title:before{content:'Najlepsza reklama artyku\u0142u'! wa\u017cne}.tdb_single_content .td-spot-id-inline_ad0 .tdc-placeholder-title:before{content:'Article Inline Ad 1'!important}.tdb_single_content .td-spot-id-inline_ad1 .tdc-placeholder-title:before {content:'Reklama wbudowana w artyku\u0142 2'!important}.tdb_single_content .td-spot-id-inline_ad2 .tdc-placeholder-title:before{content:'Reklama wbudowana w artyku\u0142 3'!important}.tdb_single_content .td-spot-id -bottom_ad .tdc-placeholder-title:before{content:'Article Bottom Ad'!important}.tdb_single_content .id_top_ad,.tdb_single_content .id_bottom_ad{clear:both;margin-bottom:21px;text-align:center}.tdb_single_content . id_top_ad img,.tdb_single_content .id_bottom_ad img{margin-bottom:0}.tdb_single_content .id_top_ad .adsbygoogle,.tdb_single_content .id_bottom_ad .adsbygoogle{position:relative}.tdb_single_content .id_ad_content-horiz- po lewej,.tdb_single_content .id_ad_content-horiz-right ,.tdb_single_content .id_ad_content-horiz-center{margin-bottom:15px}.tdb_single_content .id_ad_content-horiz-left img,.tdb_single_content .id_ad_content-horiz-right img,.tdb_single_content .id_ad_content-horiz -center img{margines-dolny: 0}.tdb_single_content .id_ad_content-horiz-center{text-align:center}.tdb_single_content .id_ad_content-horiz-center img{margin-right:auto;margin-left:auto}.tdb_single_content .id_ad_content-horiz-left{float: lewy;margin-g\u00f3rny:9px;margin-prawy:21px}.tdb_single_content .id_ad_content-horiz-right{float:right;margin-top:6px;margin-left:21px}.tdb_single_content .tdc-a-ad .tdc- placeholder-title{width:300px;height:250px}.tdb_single_content .tdc-a-ad .tdc-placeholder-title:before{position:absolute;top:50%;-webkit-transform:translateY(-50%); transform:translateY(-50%);margines:auto;display:table;width:100%}.tdb_single_content .tdb-block-inner.td-fix-index{word-break:break-word}.tdi_48,.tdi_48 >p,.tdi_48 .tdb-block-inner>p{font-size:16px!important;line-height:1.6!important}.tdi_48 .tdb-block-inner blockquote p{font-style:normal!important}@ media (maks. szeroko\u015b\u0107: 767 pikseli){.tdb_single_content .id_ad_content-horiz-left,.tdb_single_content .id_ad_content-horiz-right,.tdb_single_content .id_ad_content-horiz-center{margin:0 auto 26px auto}}@media (maks. szeroko\u015b\u0107 :767px){.tdb_single_content .id_ad_content-horiz-left{margin-right:0}}@media (max-width:767px){.tdb_single_content .id_ad_content-horiz-right{margin-left:0}}@media (max -width:767px){.tdb_single_content .td-a-ad{float:none;text-align:center}.tdb_single_content .td-a-ad img{margin-right:auto;margin-left:auto}.tdb_single_content . tdc-a-ad{float:none}}<\/style>\n<div class=\"tdb-block-inner td-fix-index\">\n<h2 class=\"wp-block-heading\">Dorota Rasi\u0144ska-Samo\u0107ko jako pierwsza Polka zdoby\u0142a wszystkie 14 o\u015bmiotysi\u0119cznik\u00f3w, co stanowi historyczny moment w alpinizmie.<\/h2>\n<figure class=\"wp-block-embed is-type-rich is-provider-twitter wp-block-embed-twitter\">\n<div class=\"wp-block-embed__wrapper\">\n<blockquote class=\"twitter-tweet\" data-width=\"550\" data-dnt=\"true\">\n<p lang=\"pl\" dir=\"ltr\">Dorota Rasi\u0144ska-Samo\u0107ko pierwsza Polk\u0105 z Koron\u0105 Himalaj\u00f3w i Karakorum! Dorota wspi\u0119\u0142a si\u0119 na Shisha Pangm\u0119 w po\u0142\u0105czeniach z Szerp\u0105 oraz u\u017cywa\u0142a j\u0105 z butli. https:\/\/t.co\/weXtsXiKPy<\/p>\n<p>\u2014 wspinanie.pl (@wspinanie) <a rel=\"nofollow\" href=\"https:\/\/twitter.com\/wspinanie\/status\/1843910836785467512?ref_src=twsrc%5Etfw\">9 pa\u017adziernika 2024 r<\/a><\/p><\/blockquote>\n<\/div>\n<\/figure>\n<p><strong>Historyczny wyczyn w Himalajach<\/strong><br \/>Dorota Rasi\u0144ska-Samo\u0107ko przesz\u0142a do historii, staj\u0105c si\u0119 pierwsz\u0105 Polk\u0105, kt\u00f3ra zdoby\u0142a wszystkie 14 o\u015bmiotysi\u0119cznik\u00f3w \u015bwiata. 9 pa\u017adziernika 2024 roku dotar\u0142a na szczyt Shishapangma (8027 m n.p.m.), ko\u0144cz\u0105c tym samym swoj\u0105 niezwyk\u0142\u0105 wypraw\u0119 alpinistyczn\u0105. Przed ni\u0105 dokona\u0142o tego trzech innych Polak\u00f3w: Jerzy Kukuczka, Krzysztof Wielicki i Piotr Pustelnik.<\/p>\n<p><strong>\u201eSzybka Dama\u201d G\u00f3r<\/strong><br \/>Znana ze swojej szybko\u015bci i determinacji Rasi\u0144ska-Samo\u0107ko zyska\u0142a w\u015br\u00f3d nepalskich Szerp\u00f3w przydomek \u201eSzybkiej Damy\u201d. Uko\u0144czy\u0142a to monumentalne zadanie w nieca\u0142e trzy lata, co przy\u0107miewa dziesi\u0119ciolecia, kt\u00f3rym zaj\u0119\u0142o to innym. Wyczyn ten by\u0142 cz\u0119\u015bci\u0105 jej ambitnego projektu \u201ePodw\u00f3jnej Korony\u201d, kt\u00f3rego celem by\u0142o zdobycie zar\u00f3wno 14 o\u015bmiotysi\u0119cznik\u00f3w, jak i siedmiu szczyt\u00f3w \u015bwiata.<\/p>\n<p><strong>Poprzednie triumfy<\/strong><br \/>Rasi\u0144ska-Samo\u0107ko r\u00f3wnie\u017c w 2022 roku trafi\u0142a na pierwsze strony gazet jako trzecia Polka, kt\u00f3ra zdoby\u0142a szczyt K2. Jej niezwyk\u0142a podr\u00f3\u017c pokazuje niezr\u00f3wnan\u0105 wytrwa\u0142o\u015b\u0107, organizacj\u0119 i pasj\u0119 do przyg\u00f3d na du\u017cych wysoko\u015bciach.<\/p>\n<\/div>\n<\/div>\n<p><script async src=\"https:\/\/platform.twitter.com\/widgets.js\" charset=\"utf-8\"><\/script><\/p>\n","protected":false},"excerpt":{"rendered":"<p>Dorota Rasi\u0144ska-Samo\u0107ko jako pierwsza Polka zdoby\u0142a wszystkie 14 o\u015bmiotysi\u0119cznik\u00f3w, co stanowi historyczny moment w alpinizmie. Dorota Rasi\u0144ska-Samo\u0107ko pierwsza Polk\u0105 z<\/p>\n","protected":false},"author":1,"featured_media":1204,"comment_status":"closed","ping_status":"","sticky":false,"template":"","format":"standard","meta":{"footnotes":""},"categories":[118],"tags":[1994,1995,1998,4,1996,1997,601],"class_list":["post-1203","post","type-post","status-publish","format-standard","has-post-thumbnail","hentry","category-lekkoatletyka","tag-alpinistka","tag-dorota","tag-osmiotysiecznikow","tag-polska","tag-rasinskasamocko","tag-wszystkie","tag-zdobywa","generate-columns","tablet-grid-50","mobile-grid-100","grid-parent","grid-50","resize-featured-image"],"yoast_head":"<!-- This site is optimized with the Yoast SEO plugin v23.2 - https:\/\/yoast.com\/wordpress\/plugins\/seo\/ -->\n<title>Polska alpinistka Dorota Rasi\u0144ska-Samo\u0107ko zdobywa wszystkie 14 o\u015bmiotysi\u0119cznik\u00f3w - POGOTOWIE FLAGOWE\u00ae<\/title>\n<meta name=\"robots\" content=\"index, follow, max-snippet:-1, max-image-preview:large, max-video-preview:-1\" \/>\n<link rel=\"canonical\" href=\"https:\/\/www.pogotowieflagowe.pl\/aktualne\/polska-alpinistka-dorota-rasinska-samocko-zdobywa-wszystkie-14-osmiotysiecznikow\/\" \/>\n<meta property=\"og:locale\" content=\"pl_PL\" \/>\n<meta property=\"og:type\" content=\"article\" \/>\n<meta property=\"og:title\" content=\"Polska alpinistka Dorota Rasi\u0144ska-Samo\u0107ko zdobywa wszystkie 14 o\u015bmiotysi\u0119cznik\u00f3w - POGOTOWIE FLAGOWE\u00ae\" \/>\n<meta property=\"og:description\" content=\"Dorota Rasi\u0144ska-Samo\u0107ko jako pierwsza Polka zdoby\u0142a wszystkie 14 o\u015bmiotysi\u0119cznik\u00f3w, co stanowi historyczny moment w alpinizmie. Dorota Rasi\u0144ska-Samo\u0107ko pierwsza Polk\u0105 z\" \/>\n<meta property=\"og:url\" content=\"https:\/\/www.pogotowieflagowe.pl\/aktualne\/polska-alpinistka-dorota-rasinska-samocko-zdobywa-wszystkie-14-osmiotysiecznikow\/\" \/>\n<meta property=\"og:site_name\" content=\"POGOTOWIE FLAGOWE\u00ae\" \/>\n<meta property=\"article:published_time\" content=\"2024-10-09T18:55:07+00:00\" \/>\n<meta property=\"article:modified_time\" content=\"2024-10-09T18:55:08+00:00\" \/>\n<meta property=\"og:image\" content=\"https:\/\/www.pogotowieflagowe.pl\/aktualne\/wp-content\/uploads\/2024\/10\/Polska-alpinistka-Dorota-Rasinska-Samocko-zdobywa-wszystkie-14-osmiotysiecznikow.jpg\" \/>\n\t<meta property=\"og:image:width\" content=\"960\" \/>\n\t<meta property=\"og:image:height\" content=\"661\" \/>\n\t<meta property=\"og:image:type\" content=\"image\/jpeg\" \/>\n<meta name=\"author\" content=\"Filip\" \/>\n<meta name=\"twitter:card\" content=\"summary_large_image\" \/>\n<meta name=\"twitter:label1\" content=\"Napisane przez\" \/>\n\t<meta name=\"twitter:data1\" content=\"Filip\" \/>\n\t<meta name=\"twitter:label2\" content=\"Szacowany czas czytania\" \/>\n\t<meta name=\"twitter:data2\" content=\"1 minuta\" \/>\n<script type=\"application\/ld+json\" class=\"yoast-schema-graph\">{\"@context\":\"https:\/\/schema.org\",\"@graph\":[{\"@type\":\"Article\",\"@id\":\"https:\/\/www.pogotowieflagowe.pl\/aktualne\/polska-alpinistka-dorota-rasinska-samocko-zdobywa-wszystkie-14-osmiotysiecznikow\/#article\",\"isPartOf\":{\"@id\":\"https:\/\/www.pogotowieflagowe.pl\/aktualne\/polska-alpinistka-dorota-rasinska-samocko-zdobywa-wszystkie-14-osmiotysiecznikow\/\"},\"author\":{\"name\":\"Filip\",\"@id\":\"https:\/\/www.pogotowieflagowe.pl\/aktualne\/#\/schema\/person\/9c2fb7d2362ebf6fa088960d7f0d27b0\"},\"headline\":\"Polska alpinistka Dorota Rasi\u0144ska-Samo\u0107ko zdobywa wszystkie 14 o\u015bmiotysi\u0119cznik\u00f3w\",\"datePublished\":\"2024-10-09T18:55:07+00:00\",\"dateModified\":\"2024-10-09T18:55:08+00:00\",\"mainEntityOfPage\":{\"@id\":\"https:\/\/www.pogotowieflagowe.pl\/aktualne\/polska-alpinistka-dorota-rasinska-samocko-zdobywa-wszystkie-14-osmiotysiecznikow\/\"},\"wordCount\":257,\"publisher\":{\"@id\":\"https:\/\/www.pogotowieflagowe.pl\/aktualne\/#organization\"},\"image\":{\"@id\":\"https:\/\/www.pogotowieflagowe.pl\/aktualne\/polska-alpinistka-dorota-rasinska-samocko-zdobywa-wszystkie-14-osmiotysiecznikow\/#primaryimage\"},\"thumbnailUrl\":\"https:\/\/www.pogotowieflagowe.pl\/aktualne\/wp-content\/uploads\/2024\/10\/Polska-alpinistka-Dorota-Rasinska-Samocko-zdobywa-wszystkie-14-osmiotysiecznikow.jpg\",\"keywords\":[\"alpinistka\",\"Dorota\",\"o\u015bmiotysi\u0119cznik\u00f3w\",\"polska\",\"Rasi\u0144skaSamo\u0107ko\",\"wszystkie\",\"zdobywa\"],\"articleSection\":[\"Lekkoatletyka\"],\"inLanguage\":\"pl-PL\"},{\"@type\":\"WebPage\",\"@id\":\"https:\/\/www.pogotowieflagowe.pl\/aktualne\/polska-alpinistka-dorota-rasinska-samocko-zdobywa-wszystkie-14-osmiotysiecznikow\/\",\"url\":\"https:\/\/www.pogotowieflagowe.pl\/aktualne\/polska-alpinistka-dorota-rasinska-samocko-zdobywa-wszystkie-14-osmiotysiecznikow\/\",\"name\":\"Polska alpinistka Dorota Rasi\u0144ska-Samo\u0107ko zdobywa wszystkie 14 o\u015bmiotysi\u0119cznik\u00f3w - POGOTOWIE FLAGOWE\u00ae\",\"isPartOf\":{\"@id\":\"https:\/\/www.pogotowieflagowe.pl\/aktualne\/#website\"},\"primaryImageOfPage\":{\"@id\":\"https:\/\/www.pogotowieflagowe.pl\/aktualne\/polska-alpinistka-dorota-rasinska-samocko-zdobywa-wszystkie-14-osmiotysiecznikow\/#primaryimage\"},\"image\":{\"@id\":\"https:\/\/www.pogotowieflagowe.pl\/aktualne\/polska-alpinistka-dorota-rasinska-samocko-zdobywa-wszystkie-14-osmiotysiecznikow\/#primaryimage\"},\"thumbnailUrl\":\"https:\/\/www.pogotowieflagowe.pl\/aktualne\/wp-content\/uploads\/2024\/10\/Polska-alpinistka-Dorota-Rasinska-Samocko-zdobywa-wszystkie-14-osmiotysiecznikow.jpg\",\"datePublished\":\"2024-10-09T18:55:07+00:00\",\"dateModified\":\"2024-10-09T18:55:08+00:00\",\"breadcrumb\":{\"@id\":\"https:\/\/www.pogotowieflagowe.pl\/aktualne\/polska-alpinistka-dorota-rasinska-samocko-zdobywa-wszystkie-14-osmiotysiecznikow\/#breadcrumb\"},\"inLanguage\":\"pl-PL\",\"potentialAction\":[{\"@type\":\"ReadAction\",\"target\":[\"https:\/\/www.pogotowieflagowe.pl\/aktualne\/polska-alpinistka-dorota-rasinska-samocko-zdobywa-wszystkie-14-osmiotysiecznikow\/\"]}]},{\"@type\":\"ImageObject\",\"inLanguage\":\"pl-PL\",\"@id\":\"https:\/\/www.pogotowieflagowe.pl\/aktualne\/polska-alpinistka-dorota-rasinska-samocko-zdobywa-wszystkie-14-osmiotysiecznikow\/#primaryimage\",\"url\":\"https:\/\/www.pogotowieflagowe.pl\/aktualne\/wp-content\/uploads\/2024\/10\/Polska-alpinistka-Dorota-Rasinska-Samocko-zdobywa-wszystkie-14-osmiotysiecznikow.jpg\",\"contentUrl\":\"https:\/\/www.pogotowieflagowe.pl\/aktualne\/wp-content\/uploads\/2024\/10\/Polska-alpinistka-Dorota-Rasinska-Samocko-zdobywa-wszystkie-14-osmiotysiecznikow.jpg\",\"width\":960,\"height\":661,\"caption\":\"Polska alpinistka Dorota Rasi\u0144ska-Samo\u0107ko zdobywa wszystkie 14 o\u015bmiotysi\u0119cznik\u00f3w\"},{\"@type\":\"BreadcrumbList\",\"@id\":\"https:\/\/www.pogotowieflagowe.pl\/aktualne\/polska-alpinistka-dorota-rasinska-samocko-zdobywa-wszystkie-14-osmiotysiecznikow\/#breadcrumb\",\"itemListElement\":[{\"@type\":\"ListItem\",\"position\":1,\"name\":\"Home\",\"item\":\"https:\/\/www.pogotowieflagowe.pl\/aktualne\/\"},{\"@type\":\"ListItem\",\"position\":2,\"name\":\"Polska alpinistka Dorota Rasi\u0144ska-Samo\u0107ko zdobywa wszystkie 14 o\u015bmiotysi\u0119cznik\u00f3w\"}]},{\"@type\":\"WebSite\",\"@id\":\"https:\/\/www.pogotowieflagowe.pl\/aktualne\/#website\",\"url\":\"https:\/\/www.pogotowieflagowe.pl\/aktualne\/\",\"name\":\"POGOTOWIE FLAGOWE\u00ae\",\"description\":\"\",\"publisher\":{\"@id\":\"https:\/\/www.pogotowieflagowe.pl\/aktualne\/#organization\"},\"potentialAction\":[{\"@type\":\"SearchAction\",\"target\":{\"@type\":\"EntryPoint\",\"urlTemplate\":\"https:\/\/www.pogotowieflagowe.pl\/aktualne\/?s={search_term_string}\"},\"query-input\":\"required name=search_term_string\"}],\"inLanguage\":\"pl-PL\"},{\"@type\":\"Organization\",\"@id\":\"https:\/\/www.pogotowieflagowe.pl\/aktualne\/#organization\",\"name\":\"POGOTOWIE FLAGOWE\u00ae\",\"url\":\"https:\/\/www.pogotowieflagowe.pl\/aktualne\/\",\"logo\":{\"@type\":\"ImageObject\",\"inLanguage\":\"pl-PL\",\"@id\":\"https:\/\/www.pogotowieflagowe.pl\/aktualne\/#\/schema\/logo\/image\/\",\"url\":\"https:\/\/www.pogotowieflagowe.pl\/aktualne\/wp-content\/uploads\/2024\/08\/cropped-pogotowieflagowe_flaga_projekt_sm.jpg\",\"contentUrl\":\"https:\/\/www.pogotowieflagowe.pl\/aktualne\/wp-content\/uploads\/2024\/08\/cropped-pogotowieflagowe_flaga_projekt_sm.jpg\",\"width\":250,\"height\":143,\"caption\":\"POGOTOWIE FLAGOWE\u00ae\"},\"image\":{\"@id\":\"https:\/\/www.pogotowieflagowe.pl\/aktualne\/#\/schema\/logo\/image\/\"}},{\"@type\":\"Person\",\"@id\":\"https:\/\/www.pogotowieflagowe.pl\/aktualne\/#\/schema\/person\/9c2fb7d2362ebf6fa088960d7f0d27b0\",\"name\":\"Filip\",\"image\":{\"@type\":\"ImageObject\",\"inLanguage\":\"pl-PL\",\"@id\":\"https:\/\/www.pogotowieflagowe.pl\/aktualne\/#\/schema\/person\/image\/\",\"url\":\"https:\/\/www.pogotowieflagowe.pl\/aktualne\/wp-content\/uploads\/2024\/08\/pogotowieflagowe.pl_.jpg\",\"contentUrl\":\"https:\/\/www.pogotowieflagowe.pl\/aktualne\/wp-content\/uploads\/2024\/08\/pogotowieflagowe.pl_.jpg\",\"caption\":\"Filip\"},\"description\":\"Jestem Filip, polski dziennikarz z dyplomem nauk politycznych Uniwersytetu Warszawskiego. Rozpoczynaj\u0105c swoj\u0105 karier\u0119 w r\u00f3\u017cnych lokalnych mediach, zdoby\u0142em solidne do\u015bwiadczenie w zakresie \u015bledztwa i redakcji. Obecnie jako redaktor w Pogotowie flagowe, staram si\u0119 dostarcza\u0107 dog\u0142\u0119bne i istotne analizy na temat najwa\u017cniejszych kwestii aktualno\u015bci, \u0142\u0105cz\u0105c rygor z pasj\u0105 dziennikarsk\u0105.\",\"sameAs\":[\"https:\/\/www.pogotowieflagowe.pl\/\"]}]}<\/script>\n<!-- \/ Yoast SEO plugin. -->","yoast_head_json":{"title":"Polska alpinistka Dorota Rasi\u0144ska-Samo\u0107ko zdobywa wszystkie 14 o\u015bmiotysi\u0119cznik\u00f3w - POGOTOWIE FLAGOWE\u00ae","robots":{"index":"index","follow":"follow","max-snippet":"max-snippet:-1","max-image-preview":"max-image-preview:large","max-video-preview":"max-video-preview:-1"},"canonical":"https:\/\/www.pogotowieflagowe.pl\/aktualne\/polska-alpinistka-dorota-rasinska-samocko-zdobywa-wszystkie-14-osmiotysiecznikow\/","og_locale":"pl_PL","og_type":"article","og_title":"Polska alpinistka Dorota Rasi\u0144ska-Samo\u0107ko zdobywa wszystkie 14 o\u015bmiotysi\u0119cznik\u00f3w - POGOTOWIE FLAGOWE\u00ae","og_description":"Dorota Rasi\u0144ska-Samo\u0107ko jako pierwsza Polka zdoby\u0142a wszystkie 14 o\u015bmiotysi\u0119cznik\u00f3w, co stanowi historyczny moment w alpinizmie. Dorota Rasi\u0144ska-Samo\u0107ko pierwsza Polk\u0105 z","og_url":"https:\/\/www.pogotowieflagowe.pl\/aktualne\/polska-alpinistka-dorota-rasinska-samocko-zdobywa-wszystkie-14-osmiotysiecznikow\/","og_site_name":"POGOTOWIE FLAGOWE\u00ae","article_published_time":"2024-10-09T18:55:07+00:00","article_modified_time":"2024-10-09T18:55:08+00:00","og_image":[{"width":960,"height":661,"url":"https:\/\/www.pogotowieflagowe.pl\/aktualne\/wp-content\/uploads\/2024\/10\/Polska-alpinistka-Dorota-Rasinska-Samocko-zdobywa-wszystkie-14-osmiotysiecznikow.jpg","type":"image\/jpeg"}],"author":"Filip","twitter_card":"summary_large_image","twitter_misc":{"Napisane przez":"Filip","Szacowany czas czytania":"1 minuta"},"schema":{"@context":"https:\/\/schema.org","@graph":[{"@type":"Article","@id":"https:\/\/www.pogotowieflagowe.pl\/aktualne\/polska-alpinistka-dorota-rasinska-samocko-zdobywa-wszystkie-14-osmiotysiecznikow\/#article","isPartOf":{"@id":"https:\/\/www.pogotowieflagowe.pl\/aktualne\/polska-alpinistka-dorota-rasinska-samocko-zdobywa-wszystkie-14-osmiotysiecznikow\/"},"author":{"name":"Filip","@id":"https:\/\/www.pogotowieflagowe.pl\/aktualne\/#\/schema\/person\/9c2fb7d2362ebf6fa088960d7f0d27b0"},"headline":"Polska alpinistka Dorota Rasi\u0144ska-Samo\u0107ko zdobywa wszystkie 14 o\u015bmiotysi\u0119cznik\u00f3w","datePublished":"2024-10-09T18:55:07+00:00","dateModified":"2024-10-09T18:55:08+00:00","mainEntityOfPage":{"@id":"https:\/\/www.pogotowieflagowe.pl\/aktualne\/polska-alpinistka-dorota-rasinska-samocko-zdobywa-wszystkie-14-osmiotysiecznikow\/"},"wordCount":257,"publisher":{"@id":"https:\/\/www.pogotowieflagowe.pl\/aktualne\/#organization"},"image":{"@id":"https:\/\/www.pogotowieflagowe.pl\/aktualne\/polska-alpinistka-dorota-rasinska-samocko-zdobywa-wszystkie-14-osmiotysiecznikow\/#primaryimage"},"thumbnailUrl":"https:\/\/www.pogotowieflagowe.pl\/aktualne\/wp-content\/uploads\/2024\/10\/Polska-alpinistka-Dorota-Rasinska-Samocko-zdobywa-wszystkie-14-osmiotysiecznikow.jpg","keywords":["alpinistka","Dorota","o\u015bmiotysi\u0119cznik\u00f3w","polska","Rasi\u0144skaSamo\u0107ko","wszystkie","zdobywa"],"articleSection":["Lekkoatletyka"],"inLanguage":"pl-PL"},{"@type":"WebPage","@id":"https:\/\/www.pogotowieflagowe.pl\/aktualne\/polska-alpinistka-dorota-rasinska-samocko-zdobywa-wszystkie-14-osmiotysiecznikow\/","url":"https:\/\/www.pogotowieflagowe.pl\/aktualne\/polska-alpinistka-dorota-rasinska-samocko-zdobywa-wszystkie-14-osmiotysiecznikow\/","name":"Polska alpinistka Dorota Rasi\u0144ska-Samo\u0107ko zdobywa wszystkie 14 o\u015bmiotysi\u0119cznik\u00f3w - POGOTOWIE FLAGOWE\u00ae","isPartOf":{"@id":"https:\/\/www.pogotowieflagowe.pl\/aktualne\/#website"},"primaryImageOfPage":{"@id":"https:\/\/www.pogotowieflagowe.pl\/aktualne\/polska-alpinistka-dorota-rasinska-samocko-zdobywa-wszystkie-14-osmiotysiecznikow\/#primaryimage"},"image":{"@id":"https:\/\/www.pogotowieflagowe.pl\/aktualne\/polska-alpinistka-dorota-rasinska-samocko-zdobywa-wszystkie-14-osmiotysiecznikow\/#primaryimage"},"thumbnailUrl":"https:\/\/www.pogotowieflagowe.pl\/aktualne\/wp-content\/uploads\/2024\/10\/Polska-alpinistka-Dorota-Rasinska-Samocko-zdobywa-wszystkie-14-osmiotysiecznikow.jpg","datePublished":"2024-10-09T18:55:07+00:00","dateModified":"2024-10-09T18:55:08+00:00","breadcrumb":{"@id":"https:\/\/www.pogotowieflagowe.pl\/aktualne\/polska-alpinistka-dorota-rasinska-samocko-zdobywa-wszystkie-14-osmiotysiecznikow\/#breadcrumb"},"inLanguage":"pl-PL","potentialAction":[{"@type":"ReadAction","target":["https:\/\/www.pogotowieflagowe.pl\/aktualne\/polska-alpinistka-dorota-rasinska-samocko-zdobywa-wszystkie-14-osmiotysiecznikow\/"]}]},{"@type":"ImageObject","inLanguage":"pl-PL","@id":"https:\/\/www.pogotowieflagowe.pl\/aktualne\/polska-alpinistka-dorota-rasinska-samocko-zdobywa-wszystkie-14-osmiotysiecznikow\/#primaryimage","url":"https:\/\/www.pogotowieflagowe.pl\/aktualne\/wp-content\/uploads\/2024\/10\/Polska-alpinistka-Dorota-Rasinska-Samocko-zdobywa-wszystkie-14-osmiotysiecznikow.jpg","contentUrl":"https:\/\/www.pogotowieflagowe.pl\/aktualne\/wp-content\/uploads\/2024\/10\/Polska-alpinistka-Dorota-Rasinska-Samocko-zdobywa-wszystkie-14-osmiotysiecznikow.jpg","width":960,"height":661,"caption":"Polska alpinistka Dorota Rasi\u0144ska-Samo\u0107ko zdobywa wszystkie 14 o\u015bmiotysi\u0119cznik\u00f3w"},{"@type":"BreadcrumbList","@id":"https:\/\/www.pogotowieflagowe.pl\/aktualne\/polska-alpinistka-dorota-rasinska-samocko-zdobywa-wszystkie-14-osmiotysiecznikow\/#breadcrumb","itemListElement":[{"@type":"ListItem","position":1,"name":"Home","item":"https:\/\/www.pogotowieflagowe.pl\/aktualne\/"},{"@type":"ListItem","position":2,"name":"Polska alpinistka Dorota Rasi\u0144ska-Samo\u0107ko zdobywa wszystkie 14 o\u015bmiotysi\u0119cznik\u00f3w"}]},{"@type":"WebSite","@id":"https:\/\/www.pogotowieflagowe.pl\/aktualne\/#website","url":"https:\/\/www.pogotowieflagowe.pl\/aktualne\/","name":"POGOTOWIE FLAGOWE\u00ae","description":"","publisher":{"@id":"https:\/\/www.pogotowieflagowe.pl\/aktualne\/#organization"},"potentialAction":[{"@type":"SearchAction","target":{"@type":"EntryPoint","urlTemplate":"https:\/\/www.pogotowieflagowe.pl\/aktualne\/?s={search_term_string}"},"query-input":"required name=search_term_string"}],"inLanguage":"pl-PL"},{"@type":"Organization","@id":"https:\/\/www.pogotowieflagowe.pl\/aktualne\/#organization","name":"POGOTOWIE FLAGOWE\u00ae","url":"https:\/\/www.pogotowieflagowe.pl\/aktualne\/","logo":{"@type":"ImageObject","inLanguage":"pl-PL","@id":"https:\/\/www.pogotowieflagowe.pl\/aktualne\/#\/schema\/logo\/image\/","url":"https:\/\/www.pogotowieflagowe.pl\/aktualne\/wp-content\/uploads\/2024\/08\/cropped-pogotowieflagowe_flaga_projekt_sm.jpg","contentUrl":"https:\/\/www.pogotowieflagowe.pl\/aktualne\/wp-content\/uploads\/2024\/08\/cropped-pogotowieflagowe_flaga_projekt_sm.jpg","width":250,"height":143,"caption":"POGOTOWIE FLAGOWE\u00ae"},"image":{"@id":"https:\/\/www.pogotowieflagowe.pl\/aktualne\/#\/schema\/logo\/image\/"}},{"@type":"Person","@id":"https:\/\/www.pogotowieflagowe.pl\/aktualne\/#\/schema\/person\/9c2fb7d2362ebf6fa088960d7f0d27b0","name":"Filip","image":{"@type":"ImageObject","inLanguage":"pl-PL","@id":"https:\/\/www.pogotowieflagowe.pl\/aktualne\/#\/schema\/person\/image\/","url":"https:\/\/www.pogotowieflagowe.pl\/aktualne\/wp-content\/uploads\/2024\/08\/pogotowieflagowe.pl_.jpg","contentUrl":"https:\/\/www.pogotowieflagowe.pl\/aktualne\/wp-content\/uploads\/2024\/08\/pogotowieflagowe.pl_.jpg","caption":"Filip"},"description":"Jestem Filip, polski dziennikarz z dyplomem nauk politycznych Uniwersytetu Warszawskiego. Rozpoczynaj\u0105c swoj\u0105 karier\u0119 w r\u00f3\u017cnych lokalnych mediach, zdoby\u0142em solidne do\u015bwiadczenie w zakresie \u015bledztwa i redakcji. Obecnie jako redaktor w Pogotowie flagowe, staram si\u0119 dostarcza\u0107 dog\u0142\u0119bne i istotne analizy na temat najwa\u017cniejszych kwestii aktualno\u015bci, \u0142\u0105cz\u0105c rygor z pasj\u0105 dziennikarsk\u0105.","sameAs":["https:\/\/www.pogotowieflagowe.pl\/"]}]}},"_links":{"self":[{"href":"https:\/\/www.pogotowieflagowe.pl\/aktualne\/wp-json\/wp\/v2\/posts\/1203","targetHints":{"allow":["GET"]}}],"collection":[{"href":"https:\/\/www.pogotowieflagowe.pl\/aktualne\/wp-json\/wp\/v2\/posts"}],"about":[{"href":"https:\/\/www.pogotowieflagowe.pl\/aktualne\/wp-json\/wp\/v2\/types\/post"}],"author":[{"embeddable":true,"href":"https:\/\/www.pogotowieflagowe.pl\/aktualne\/wp-json\/wp\/v2\/users\/1"}],"replies":[{"embeddable":true,"href":"https:\/\/www.pogotowieflagowe.pl\/aktualne\/wp-json\/wp\/v2\/comments?post=1203"}],"version-history":[{"count":1,"href":"https:\/\/www.pogotowieflagowe.pl\/aktualne\/wp-json\/wp\/v2\/posts\/1203\/revisions"}],"predecessor-version":[{"id":1205,"href":"https:\/\/www.pogotowieflagowe.pl\/aktualne\/wp-json\/wp\/v2\/posts\/1203\/revisions\/1205"}],"wp:featuredmedia":[{"embeddable":true,"href":"https:\/\/www.pogotowieflagowe.pl\/aktualne\/wp-json\/wp\/v2\/media\/1204"}],"wp:attachment":[{"href":"https:\/\/www.pogotowieflagowe.pl\/aktualne\/wp-json\/wp\/v2\/media?parent=1203"}],"wp:term":[{"taxonomy":"category","embeddable":true,"href":"https:\/\/www.pogotowieflagowe.pl\/aktualne\/wp-json\/wp\/v2\/categories?post=1203"},{"taxonomy":"post_tag","embeddable":true,"href":"https:\/\/www.pogotowieflagowe.pl\/aktualne\/wp-json\/wp\/v2\/tags?post=1203"}],"curies":[{"name":"wp","href":"https:\/\/api.w.org\/{rel}","templated":true}]}}