{"id":12078,"date":"2026-01-12T03:50:18","date_gmt":"2026-01-12T02:50:18","guid":{"rendered":"https:\/\/www.pogotowieflagowe.pl\/aktualne\/emocjonalne-pozegnanie-kamila-stocha-w-roli-prezydenta-nawrockiego-oglada-w-zakopanem-zdjecia\/"},"modified":"2026-01-12T03:50:20","modified_gmt":"2026-01-12T02:50:20","slug":"emocjonalne-pozegnanie-kamila-stocha-w-roli-prezydenta-nawrockiego-oglada-w-zakopanem-zdjecia","status":"publish","type":"post","link":"https:\/\/www.pogotowieflagowe.pl\/aktualne\/emocjonalne-pozegnanie-kamila-stocha-w-roli-prezydenta-nawrockiego-oglada-w-zakopanem-zdjecia\/","title":{"rendered":"Emocjonalne po\u017cegnanie Kamila Stocha w roli prezydenta Nawrockiego ogl\u0105da w Zakopanem (ZDJ\u0118CIA)"},"content":{"rendered":"\n<div class=\"td_block_wrap tdb_single_content tdi_41 td-pb-border-top td_block_template_8 td-post-content tagdiv-type\" data-td-block-uid=\"tdi_41\">\n<style>.tdi_41{margines-top:0px!important;margin-bottom:0px!important;dope\u0142nienie-g\u00f3ra:0px!important;dope\u0142nienie-d\u00f3\u0142:0px!important}<\/style>\n<style>.tdb_single_content{margin-bottom:0;*zoom:1}.tdb_single_content:before,.tdb_single_content:after{display:table;content:'';line-height:0}.tdb_single_content:after{clear:both}.tdb_single_content .tdb-block-inner>*:not(.wp-block-quote):not(.alignwide):not(.alignfull.wp-block-cover.has-parallax):not(.td-a-ad){margin-left:auto;margin-right:auto}.tdb_single_content a{pointer-events:auto}.tdb_single_content .td-spot-id-top_ad .tdc-placeholder-title:before{content:'Najlepsza reklama artyku\u0142u'!important}.tdb_single_content .td-spot-id-inline_ad0 .tdc-placeholder-title:before{content:'Reklama wbudowana artyku\u0142u 1'!important}.tdb_single_content .td-spot-id-inline_ad1 .tdc-placeholder-title:before{content:'Wbudowana reklama w artykule 2'!important}.tdb_single_content .td-spot-id-inline_ad2 .tdc-placeholder-title:before{content:'Wbudowana reklama w artykule 3'!important}.tdb_single_content .td-spot-id-bottom_ad .tdc-placeholder-title:before{content:'Article Bottom Ad'!important}.tdb_single_content .id_top_ad,.tdb_single_content .id_bottom_ad{clear:both;margin-bottom:21px;text-align:center}.tdb_single_content .id_top_ad img,.tdb_single_content .id_bottom_ad img{margin-bottom:0}.tdb_single_content .id_top_ad .adsbygoogle,.tdb_single_content .id_bottom_ad .adsbygoogle{position:relative}.tdb_single_content .id_ad_content-horiz-left,.tdb_single_content .id_ad_content-horiz-right,.tdb_single_content .id_ad_content-horiz-center{margin-bottom:15px}.tdb_single_content .id_ad_content-horiz-left img,.tdb_single_content .id_ad_content-horiz-right img,.tdb_single_content .id_ad_content-horiz-center img{margin-bottom:0}.tdb_single_content .id_ad_content-horiz-center{text-align:center}.tdb_single_content .id_ad_content-horiz-center img{margin-right:auto;margin-left:auto}.tdb_single_content .id_ad_content-horiz-left{float:left;margin-top:9px;margin-right:21px}.tdb_single_content .id_ad_content-horiz-right{float:right;margin-top:6px;margin-left:21px}.tdb_single_content .tdc-a-ad .tdc-placeholder-title{width:300px;height:250px}.tdb_single_content .tdc-a-ad .tdc-placeholder-title:before{position:absolute;top:50%;-webkit-transform:translateY(-50%);transform:translateY(-50%);margin:auto;display:table;width:100%}.tdb_single_content .tdb-block-inner.td-fix-index{word-break:break-word}.tdi_41,.tdi_41>p,.tdi_41 .tdb-block-inner>p,.wp-block-column>p{font-size:16px!important;line-height:1.6!important}.tdi_41 .tdb-block-inner blockquote p{font-style:normal!important}@media (max-width:767px){.tdb_single_content .id_ad_content-horiz-left,.tdb_single_content .id_ad_content-horiz-right,.tdb_single_content .id_ad_content-horiz-center{margin:0 auto 26 pikseli auto}}@media (max-width:767px){.tdb_single_content .id_ad_content-horiz-left{margin-right:0}}@media (max-width:767px){.tdb_single_content .id_ad_content-horiz-right{margin-left:0}}@media (max-width:767px){.tdb_single_content .td-a-ad{float:none;text-align:center}.tdb_single_content .td-a-ad img{margin-right:auto;margin-left:auto}.tdb_single_content .tdc-a-ad{float:none}}<\/style>\n<div class=\"tdb-block-inner td-fix-index\">\n<h2 class=\"wp-block-heading\">Para prezydencka \u2013 prezydent Karol Nawrocki z \u017con\u0105 Mart\u0105 Nawrock\u0105 \u2013 kibicowa\u0142a skoczkom podczas <em>Puchar \u015awiata<\/em> zawody o godz <em>Wielka Krokiew<\/em>. Kamil Stoch odda\u0142 sw\u00f3j ostatni skok w Zakopanem.<\/h2>\n<figure class=\"wp-block-gallery has-nested-images columns-default is-cropped wp-block-gallery-1 is-layout-flex wp-block-gallery-is-layout-flex\">\n<figure class=\"wp-block-image size-large\"><img fetchpriority=\"high\" decoding=\"async\" width=\"1079\" height=\"720\" data-id=\"65061\" src=\"https:\/\/www.pogotowieflagowe.pl\/aktualne\/wp-content\/uploads\/2026\/01\/Emocjonalne-pozegnanie-Kamila-Stocha-w-roli-prezydenta-Nawrockiego-oglada-w.webp.webp\" alt=\"\" class=\"wp-image-65061\"   data-eio=\"l\"><figcaption class=\"wp-element-caption\">Miko\u0142aj Bujak\/KPRP<\/figcaption><\/figure>\n<figure class=\"wp-block-image size-large\"><img decoding=\"async\" width=\"1079\" height=\"720\" data-id=\"65060\" alt=\"\" class=\"wp-image-65060 lazyload\" src=\"https:\/\/www.pogotowieflagowe.pl\/aktualne\/wp-content\/uploads\/2026\/01\/1768186218_522_Emocjonalne-pozegnanie-Kamila-Stocha-w-roli-prezydenta-Nawrockiego-oglada-w.webp.webp\"  data- data-eio-rwidth=\"1079\" data-eio-rheight=\"720\"><img decoding=\"async\" width=\"1079\" height=\"720\" data-id=\"65060\" src=\"https:\/\/www.pogotowieflagowe.pl\/aktualne\/wp-content\/uploads\/2026\/01\/1768186218_522_Emocjonalne-pozegnanie-Kamila-Stocha-w-roli-prezydenta-Nawrockiego-oglada-w.webp.webp\" alt=\"\" class=\"wp-image-65060\"   data-eio=\"l\"><figcaption class=\"wp-element-caption\">Miko\u0142aj Bujak\/KPRP<\/figcaption><\/figure>\n<figure class=\"wp-block-image size-large\"><img decoding=\"async\" width=\"1079\" height=\"720\" data-id=\"65059\" alt=\"\" class=\"wp-image-65059 lazyload\" src=\"https:\/\/www.pogotowieflagowe.pl\/aktualne\/wp-content\/uploads\/2026\/01\/1768186218_974_Emocjonalne-pozegnanie-Kamila-Stocha-w-roli-prezydenta-Nawrockiego-oglada-w.webp.webp\"  data- data-eio-rwidth=\"1079\" data-eio-rheight=\"720\"><img decoding=\"async\" width=\"1079\" height=\"720\" data-id=\"65059\" src=\"https:\/\/www.pogotowieflagowe.pl\/aktualne\/wp-content\/uploads\/2026\/01\/1768186218_974_Emocjonalne-pozegnanie-Kamila-Stocha-w-roli-prezydenta-Nawrockiego-oglada-w.webp.webp\" alt=\"\" class=\"wp-image-65059\"   data-eio=\"l\"><figcaption class=\"wp-element-caption\">Miko\u0142aj Bujak\/KPRP<\/figcaption><\/figure>\n<figure class=\"wp-block-image size-large\"><img decoding=\"async\" width=\"1079\" height=\"720\" data-id=\"65058\" alt=\"\" class=\"wp-image-65058 lazyload\" src=\"https:\/\/www.pogotowieflagowe.pl\/aktualne\/wp-content\/uploads\/2026\/01\/1768186218_302_Emocjonalne-pozegnanie-Kamila-Stocha-w-roli-prezydenta-Nawrockiego-oglada-w.webp.webp\"  data- data-eio-rwidth=\"1079\" data-eio-rheight=\"720\"><img decoding=\"async\" width=\"1079\" height=\"720\" data-id=\"65058\" src=\"https:\/\/www.pogotowieflagowe.pl\/aktualne\/wp-content\/uploads\/2026\/01\/1768186218_302_Emocjonalne-pozegnanie-Kamila-Stocha-w-roli-prezydenta-Nawrockiego-oglada-w.webp.webp\" alt=\"\" class=\"wp-image-65058\"   data-eio=\"l\"><figcaption class=\"wp-element-caption\">Miko\u0142aj Bujak\/KPRP<\/figcaption><\/figure>\n<figure class=\"wp-block-image size-large\"><img decoding=\"async\" width=\"1079\" height=\"720\" data-id=\"65057\" alt=\"\" class=\"wp-image-65057 lazyload\" src=\"https:\/\/www.pogotowieflagowe.pl\/aktualne\/wp-content\/uploads\/2026\/01\/1768186218_326_Emocjonalne-pozegnanie-Kamila-Stocha-w-roli-prezydenta-Nawrockiego-oglada-w.webp.webp\"  data- data-eio-rwidth=\"1079\" data-eio-rheight=\"720\"><img decoding=\"async\" width=\"1079\" height=\"720\" data-id=\"65057\" src=\"https:\/\/www.pogotowieflagowe.pl\/aktualne\/wp-content\/uploads\/2026\/01\/1768186218_326_Emocjonalne-pozegnanie-Kamila-Stocha-w-roli-prezydenta-Nawrockiego-oglada-w.webp.webp\" alt=\"\" class=\"wp-image-65057\"   data-eio=\"l\"><figcaption class=\"wp-element-caption\">Miko\u0142aj Bujak\/KPRP<\/figcaption><\/figure>\n<figure class=\"wp-block-image size-large\"><img decoding=\"async\" width=\"1079\" height=\"720\" data-id=\"65055\" alt=\"\" class=\"wp-image-65055 lazyload\" src=\"https:\/\/www.pogotowieflagowe.pl\/aktualne\/wp-content\/uploads\/2026\/01\/1768186218_740_Emocjonalne-pozegnanie-Kamila-Stocha-w-roli-prezydenta-Nawrockiego-oglada-w.webp.webp\"  data- data-eio-rwidth=\"1079\" data-eio-rheight=\"720\"><img decoding=\"async\" width=\"1079\" height=\"720\" data-id=\"65055\" src=\"https:\/\/www.pogotowieflagowe.pl\/aktualne\/wp-content\/uploads\/2026\/01\/1768186218_740_Emocjonalne-pozegnanie-Kamila-Stocha-w-roli-prezydenta-Nawrockiego-oglada-w.webp.webp\" alt=\"\" class=\"wp-image-65055\"   data-eio=\"l\"><figcaption class=\"wp-element-caption\">Miko\u0142aj Bujak\/KPRP<\/figcaption><\/figure>\n<figure class=\"wp-block-image size-large\"><img decoding=\"async\" width=\"1079\" height=\"720\" data-id=\"65054\" alt=\"\" class=\"wp-image-65054 lazyload\" src=\"https:\/\/www.pogotowieflagowe.pl\/aktualne\/wp-content\/uploads\/2026\/01\/1768186218_451_Emocjonalne-pozegnanie-Kamila-Stocha-w-roli-prezydenta-Nawrockiego-oglada-w.webp.webp\"  data- data-eio-rwidth=\"1079\" data-eio-rheight=\"720\"><img decoding=\"async\" width=\"1079\" height=\"720\" data-id=\"65054\" src=\"https:\/\/www.pogotowieflagowe.pl\/aktualne\/wp-content\/uploads\/2026\/01\/1768186218_451_Emocjonalne-pozegnanie-Kamila-Stocha-w-roli-prezydenta-Nawrockiego-oglada-w.webp.webp\" alt=\"\" class=\"wp-image-65054\"   data-eio=\"l\"><figcaption class=\"wp-element-caption\">Miko\u0142aj Bujak\/KPRP<\/figcaption><\/figure>\n<\/figure>\n<p>Prezydent Karol Nawrocki wraz z \u017con\u0105 Mart\u0105 osobi\u015bcie wspierali zawodnik\u00f3w startuj\u0105cych w zawodach indywidualnych <em>Puchar \u015awiata<\/em> impreza skok\u00f3w narciarskich na Wielkiej Krokwi w Zakopanem. Prezydenta powita\u0142 Prezydent RP <em>Polski Zwi\u0105zek Narciarski<\/em> (PZN), Adam Ma\u0142ysz.<\/p>\n<p>Podczas zawod\u00f3w Kamil Stoch odda\u0142 sw\u00f3j ostatni skok na Wielkiej Krokwi. Legendarny skoczek narciarski ko\u0144czy po tym sezonie karier\u0119 sportow\u0105. W niedziel\u0119 skoczy\u0142 na odleg\u0142o\u015b\u0107 119,5 m i nie zakwalifikowa\u0142 si\u0119 do drugiej rundy zawod\u00f3w, kt\u00f3re rozgrywane by\u0142y w trudnych warunkach.<\/p>\n<p>Zawody w Zakopanym zwyci\u0119\u017cy\u0142 Anze Lanisek, a najlepiej radz\u0105cy sobie Polak Kacper Tomasiak uplasowa\u0142 si\u0119 na jedenastej pozycji.<\/p>\n<pre class=\"wp-block-verse\">What did the President and the First Lady look like in the stands in Zakopane? See the photo gallery - the photos were taken by Miko\u0142aj Bujak and Alicja Stefaniuk from the <em>Chancellery of the President of the Republic of Poland<\/em>.<\/pre>\n<figure class=\"wp-block-embed is-type-rich is-provider-twitter wp-block-embed-twitter\">\n<div class=\"wp-block-embed__wrapper\">\n<blockquote class=\"twitter-tweet\" data-width=\"550\" data-dnt=\"true\">\n<p lang=\"pl\" dir=\"ltr\">Prezydent RP <a rel=\"nofollow\" href=\"https:\/\/twitter.com\/NawrockiKn?ref_src=twsrc%5Etfw\">@NawrockiKn<\/a> na Wielkiej Krokwi w Zakopanem wolny Konkurs Indywidualny M\u0119\u017cczyzn Puchar\u00f3w \u015awiata w Skokach Narciarskich. <a rel=\"nofollow\" href=\"https:\/\/t.co\/o0Nb6LWCCM\">pic.twitter.com\/o0Nb6LWCCM<\/a><\/p>\n<p>\u2014 Kancelaria Prezydenta RP (@prezydentpl) <a rel=\"nofollow\" href=\"https:\/\/twitter.com\/prezydentpl\/status\/2010369760698019891?ref_src=twsrc%5Etfw\">11 stycznia 2026 r<\/a><\/p><\/blockquote>\n<\/div>\n<\/figure>\n<\/div>\n<\/div>\n<p><script async src=\"https:\/\/platform.twitter.com\/widgets.js\" charset=\"utf-8\"><\/script><\/p>\n","protected":false},"excerpt":{"rendered":"<p>Para prezydencka \u2013 prezydent Karol Nawrocki z \u017con\u0105 Mart\u0105 Nawrock\u0105 \u2013 kibicowa\u0142a skoczkom podczas Puchar \u015awiata zawody o godz Wielka<\/p>\n","protected":false},"author":1,"featured_media":12079,"comment_status":"open","ping_status":"open","sticky":false,"template":"","format":"standard","meta":{"footnotes":""},"categories":[118],"tags":[13298,13296,3306,13300,4987,568,13299,13297,4155,3106],"class_list":["post-12078","post","type-post","status-publish","format-standard","has-post-thumbnail","hentry","category-lekkoatletyka","tag-emocjonalne","tag-kamila","tag-nawrockiego","tag-oglada","tag-pozegnanie","tag-prezydenta","tag-roli","tag-stocha","tag-zakopanem","tag-zdjecia","generate-columns","tablet-grid-50","mobile-grid-100","grid-parent","grid-50","resize-featured-image"],"yoast_head":"<!-- This site is optimized with the Yoast SEO plugin v23.2 - https:\/\/yoast.com\/wordpress\/plugins\/seo\/ -->\n<title>Emocjonalne po\u017cegnanie Kamila Stocha w roli prezydenta Nawrockiego ogl\u0105da w Zakopanem (ZDJ\u0118CIA) - POGOTOWIE FLAGOWE\u00ae<\/title>\n<meta name=\"robots\" content=\"index, follow, max-snippet:-1, max-image-preview:large, max-video-preview:-1\" \/>\n<link rel=\"canonical\" href=\"https:\/\/www.pogotowieflagowe.pl\/aktualne\/emocjonalne-pozegnanie-kamila-stocha-w-roli-prezydenta-nawrockiego-oglada-w-zakopanem-zdjecia\/\" \/>\n<meta property=\"og:locale\" content=\"pl_PL\" \/>\n<meta property=\"og:type\" content=\"article\" \/>\n<meta property=\"og:title\" content=\"Emocjonalne po\u017cegnanie Kamila Stocha w roli prezydenta Nawrockiego ogl\u0105da w Zakopanem (ZDJ\u0118CIA) - POGOTOWIE FLAGOWE\u00ae\" \/>\n<meta property=\"og:description\" content=\"Para prezydencka \u2013 prezydent Karol Nawrocki z \u017con\u0105 Mart\u0105 Nawrock\u0105 \u2013 kibicowa\u0142a skoczkom podczas Puchar \u015awiata zawody o godz Wielka\" \/>\n<meta property=\"og:url\" content=\"https:\/\/www.pogotowieflagowe.pl\/aktualne\/emocjonalne-pozegnanie-kamila-stocha-w-roli-prezydenta-nawrockiego-oglada-w-zakopanem-zdjecia\/\" \/>\n<meta property=\"og:site_name\" content=\"POGOTOWIE FLAGOWE\u00ae\" \/>\n<meta property=\"article:published_time\" content=\"2026-01-12T02:50:18+00:00\" \/>\n<meta property=\"article:modified_time\" content=\"2026-01-12T02:50:20+00:00\" \/>\n<meta property=\"og:image\" content=\"https:\/\/www.pogotowieflagowe.pl\/aktualne\/wp-content\/uploads\/2026\/01\/1768186219_Emocjonalne-pozegnanie-Kamila-Stocha-w-roli-prezydenta-Nawrockiego-oglada-w.webp.webp\" \/>\n\t<meta property=\"og:image:width\" content=\"1280\" \/>\n\t<meta property=\"og:image:height\" content=\"720\" \/>\n\t<meta property=\"og:image:type\" content=\"image\/webp\" \/>\n<meta name=\"author\" content=\"Filip\" \/>\n<meta name=\"twitter:card\" content=\"summary_large_image\" \/>\n<meta name=\"twitter:label1\" content=\"Napisane przez\" \/>\n\t<meta name=\"twitter:data1\" content=\"Filip\" \/>\n\t<meta name=\"twitter:label2\" content=\"Szacowany czas czytania\" \/>\n\t<meta name=\"twitter:data2\" content=\"1 minuta\" \/>\n<script type=\"application\/ld+json\" class=\"yoast-schema-graph\">{\"@context\":\"https:\/\/schema.org\",\"@graph\":[{\"@type\":\"Article\",\"@id\":\"https:\/\/www.pogotowieflagowe.pl\/aktualne\/emocjonalne-pozegnanie-kamila-stocha-w-roli-prezydenta-nawrockiego-oglada-w-zakopanem-zdjecia\/#article\",\"isPartOf\":{\"@id\":\"https:\/\/www.pogotowieflagowe.pl\/aktualne\/emocjonalne-pozegnanie-kamila-stocha-w-roli-prezydenta-nawrockiego-oglada-w-zakopanem-zdjecia\/\"},\"author\":{\"name\":\"Filip\",\"@id\":\"https:\/\/www.pogotowieflagowe.pl\/aktualne\/#\/schema\/person\/9c2fb7d2362ebf6fa088960d7f0d27b0\"},\"headline\":\"Emocjonalne po\u017cegnanie Kamila Stocha w roli prezydenta Nawrockiego ogl\u0105da w Zakopanem (ZDJ\u0118CIA)\",\"datePublished\":\"2026-01-12T02:50:18+00:00\",\"dateModified\":\"2026-01-12T02:50:20+00:00\",\"mainEntityOfPage\":{\"@id\":\"https:\/\/www.pogotowieflagowe.pl\/aktualne\/emocjonalne-pozegnanie-kamila-stocha-w-roli-prezydenta-nawrockiego-oglada-w-zakopanem-zdjecia\/\"},\"wordCount\":210,\"commentCount\":0,\"publisher\":{\"@id\":\"https:\/\/www.pogotowieflagowe.pl\/aktualne\/#organization\"},\"image\":{\"@id\":\"https:\/\/www.pogotowieflagowe.pl\/aktualne\/emocjonalne-pozegnanie-kamila-stocha-w-roli-prezydenta-nawrockiego-oglada-w-zakopanem-zdjecia\/#primaryimage\"},\"thumbnailUrl\":\"https:\/\/www.pogotowieflagowe.pl\/aktualne\/wp-content\/uploads\/2026\/01\/1768186219_Emocjonalne-pozegnanie-Kamila-Stocha-w-roli-prezydenta-Nawrockiego-oglada-w.webp.webp\",\"keywords\":[\"Emocjonalne\",\"Kamila\",\"Nawrockiego\",\"ogl\u0105da\",\"Po\u017cegnanie\",\"prezydenta\",\"roli\",\"Stocha\",\"Zakopanem\",\"zdj\u0119cia\"],\"articleSection\":[\"Lekkoatletyka\"],\"inLanguage\":\"pl-PL\",\"potentialAction\":[{\"@type\":\"CommentAction\",\"name\":\"Comment\",\"target\":[\"https:\/\/www.pogotowieflagowe.pl\/aktualne\/emocjonalne-pozegnanie-kamila-stocha-w-roli-prezydenta-nawrockiego-oglada-w-zakopanem-zdjecia\/#respond\"]}]},{\"@type\":\"WebPage\",\"@id\":\"https:\/\/www.pogotowieflagowe.pl\/aktualne\/emocjonalne-pozegnanie-kamila-stocha-w-roli-prezydenta-nawrockiego-oglada-w-zakopanem-zdjecia\/\",\"url\":\"https:\/\/www.pogotowieflagowe.pl\/aktualne\/emocjonalne-pozegnanie-kamila-stocha-w-roli-prezydenta-nawrockiego-oglada-w-zakopanem-zdjecia\/\",\"name\":\"Emocjonalne po\u017cegnanie Kamila Stocha w roli prezydenta Nawrockiego ogl\u0105da w Zakopanem (ZDJ\u0118CIA) - POGOTOWIE FLAGOWE\u00ae\",\"isPartOf\":{\"@id\":\"https:\/\/www.pogotowieflagowe.pl\/aktualne\/#website\"},\"primaryImageOfPage\":{\"@id\":\"https:\/\/www.pogotowieflagowe.pl\/aktualne\/emocjonalne-pozegnanie-kamila-stocha-w-roli-prezydenta-nawrockiego-oglada-w-zakopanem-zdjecia\/#primaryimage\"},\"image\":{\"@id\":\"https:\/\/www.pogotowieflagowe.pl\/aktualne\/emocjonalne-pozegnanie-kamila-stocha-w-roli-prezydenta-nawrockiego-oglada-w-zakopanem-zdjecia\/#primaryimage\"},\"thumbnailUrl\":\"https:\/\/www.pogotowieflagowe.pl\/aktualne\/wp-content\/uploads\/2026\/01\/1768186219_Emocjonalne-pozegnanie-Kamila-Stocha-w-roli-prezydenta-Nawrockiego-oglada-w.webp.webp\",\"datePublished\":\"2026-01-12T02:50:18+00:00\",\"dateModified\":\"2026-01-12T02:50:20+00:00\",\"breadcrumb\":{\"@id\":\"https:\/\/www.pogotowieflagowe.pl\/aktualne\/emocjonalne-pozegnanie-kamila-stocha-w-roli-prezydenta-nawrockiego-oglada-w-zakopanem-zdjecia\/#breadcrumb\"},\"inLanguage\":\"pl-PL\",\"potentialAction\":[{\"@type\":\"ReadAction\",\"target\":[\"https:\/\/www.pogotowieflagowe.pl\/aktualne\/emocjonalne-pozegnanie-kamila-stocha-w-roli-prezydenta-nawrockiego-oglada-w-zakopanem-zdjecia\/\"]}]},{\"@type\":\"ImageObject\",\"inLanguage\":\"pl-PL\",\"@id\":\"https:\/\/www.pogotowieflagowe.pl\/aktualne\/emocjonalne-pozegnanie-kamila-stocha-w-roli-prezydenta-nawrockiego-oglada-w-zakopanem-zdjecia\/#primaryimage\",\"url\":\"https:\/\/www.pogotowieflagowe.pl\/aktualne\/wp-content\/uploads\/2026\/01\/1768186219_Emocjonalne-pozegnanie-Kamila-Stocha-w-roli-prezydenta-Nawrockiego-oglada-w.webp.webp\",\"contentUrl\":\"https:\/\/www.pogotowieflagowe.pl\/aktualne\/wp-content\/uploads\/2026\/01\/1768186219_Emocjonalne-pozegnanie-Kamila-Stocha-w-roli-prezydenta-Nawrockiego-oglada-w.webp.webp\",\"width\":1280,\"height\":720,\"caption\":\"Emocjonalne po\u017cegnanie Kamila Stocha w roli prezydenta Nawrockiego ogl\u0105da w Zakopanem (ZDJ\u0118CIA)\"},{\"@type\":\"BreadcrumbList\",\"@id\":\"https:\/\/www.pogotowieflagowe.pl\/aktualne\/emocjonalne-pozegnanie-kamila-stocha-w-roli-prezydenta-nawrockiego-oglada-w-zakopanem-zdjecia\/#breadcrumb\",\"itemListElement\":[{\"@type\":\"ListItem\",\"position\":1,\"name\":\"Home\",\"item\":\"https:\/\/www.pogotowieflagowe.pl\/aktualne\/\"},{\"@type\":\"ListItem\",\"position\":2,\"name\":\"Emocjonalne po\u017cegnanie Kamila Stocha w roli prezydenta Nawrockiego ogl\u0105da w Zakopanem (ZDJ\u0118CIA)\"}]},{\"@type\":\"WebSite\",\"@id\":\"https:\/\/www.pogotowieflagowe.pl\/aktualne\/#website\",\"url\":\"https:\/\/www.pogotowieflagowe.pl\/aktualne\/\",\"name\":\"POGOTOWIE FLAGOWE\u00ae\",\"description\":\"\",\"publisher\":{\"@id\":\"https:\/\/www.pogotowieflagowe.pl\/aktualne\/#organization\"},\"potentialAction\":[{\"@type\":\"SearchAction\",\"target\":{\"@type\":\"EntryPoint\",\"urlTemplate\":\"https:\/\/www.pogotowieflagowe.pl\/aktualne\/?s={search_term_string}\"},\"query-input\":\"required name=search_term_string\"}],\"inLanguage\":\"pl-PL\"},{\"@type\":\"Organization\",\"@id\":\"https:\/\/www.pogotowieflagowe.pl\/aktualne\/#organization\",\"name\":\"POGOTOWIE FLAGOWE\u00ae\",\"url\":\"https:\/\/www.pogotowieflagowe.pl\/aktualne\/\",\"logo\":{\"@type\":\"ImageObject\",\"inLanguage\":\"pl-PL\",\"@id\":\"https:\/\/www.pogotowieflagowe.pl\/aktualne\/#\/schema\/logo\/image\/\",\"url\":\"https:\/\/www.pogotowieflagowe.pl\/aktualne\/wp-content\/uploads\/2024\/08\/cropped-pogotowieflagowe_flaga_projekt_sm.jpg\",\"contentUrl\":\"https:\/\/www.pogotowieflagowe.pl\/aktualne\/wp-content\/uploads\/2024\/08\/cropped-pogotowieflagowe_flaga_projekt_sm.jpg\",\"width\":250,\"height\":143,\"caption\":\"POGOTOWIE FLAGOWE\u00ae\"},\"image\":{\"@id\":\"https:\/\/www.pogotowieflagowe.pl\/aktualne\/#\/schema\/logo\/image\/\"}},{\"@type\":\"Person\",\"@id\":\"https:\/\/www.pogotowieflagowe.pl\/aktualne\/#\/schema\/person\/9c2fb7d2362ebf6fa088960d7f0d27b0\",\"name\":\"Filip\",\"image\":{\"@type\":\"ImageObject\",\"inLanguage\":\"pl-PL\",\"@id\":\"https:\/\/www.pogotowieflagowe.pl\/aktualne\/#\/schema\/person\/image\/\",\"url\":\"https:\/\/www.pogotowieflagowe.pl\/aktualne\/wp-content\/uploads\/2024\/08\/pogotowieflagowe.pl_.jpg\",\"contentUrl\":\"https:\/\/www.pogotowieflagowe.pl\/aktualne\/wp-content\/uploads\/2024\/08\/pogotowieflagowe.pl_.jpg\",\"caption\":\"Filip\"},\"description\":\"Jestem Filip, polski dziennikarz z dyplomem nauk politycznych Uniwersytetu Warszawskiego. Rozpoczynaj\u0105c swoj\u0105 karier\u0119 w r\u00f3\u017cnych lokalnych mediach, zdoby\u0142em solidne do\u015bwiadczenie w zakresie \u015bledztwa i redakcji. Obecnie jako redaktor w Pogotowie flagowe, staram si\u0119 dostarcza\u0107 dog\u0142\u0119bne i istotne analizy na temat najwa\u017cniejszych kwestii aktualno\u015bci, \u0142\u0105cz\u0105c rygor z pasj\u0105 dziennikarsk\u0105.\",\"sameAs\":[\"https:\/\/www.pogotowieflagowe.pl\/\"]}]}<\/script>\n<!-- \/ Yoast SEO plugin. -->","yoast_head_json":{"title":"Emocjonalne po\u017cegnanie Kamila Stocha w roli prezydenta Nawrockiego ogl\u0105da w Zakopanem (ZDJ\u0118CIA) - POGOTOWIE FLAGOWE\u00ae","robots":{"index":"index","follow":"follow","max-snippet":"max-snippet:-1","max-image-preview":"max-image-preview:large","max-video-preview":"max-video-preview:-1"},"canonical":"https:\/\/www.pogotowieflagowe.pl\/aktualne\/emocjonalne-pozegnanie-kamila-stocha-w-roli-prezydenta-nawrockiego-oglada-w-zakopanem-zdjecia\/","og_locale":"pl_PL","og_type":"article","og_title":"Emocjonalne po\u017cegnanie Kamila Stocha w roli prezydenta Nawrockiego ogl\u0105da w Zakopanem (ZDJ\u0118CIA) - POGOTOWIE FLAGOWE\u00ae","og_description":"Para prezydencka \u2013 prezydent Karol Nawrocki z \u017con\u0105 Mart\u0105 Nawrock\u0105 \u2013 kibicowa\u0142a skoczkom podczas Puchar \u015awiata zawody o godz Wielka","og_url":"https:\/\/www.pogotowieflagowe.pl\/aktualne\/emocjonalne-pozegnanie-kamila-stocha-w-roli-prezydenta-nawrockiego-oglada-w-zakopanem-zdjecia\/","og_site_name":"POGOTOWIE FLAGOWE\u00ae","article_published_time":"2026-01-12T02:50:18+00:00","article_modified_time":"2026-01-12T02:50:20+00:00","og_image":[{"width":1280,"height":720,"url":"https:\/\/www.pogotowieflagowe.pl\/aktualne\/wp-content\/uploads\/2026\/01\/1768186219_Emocjonalne-pozegnanie-Kamila-Stocha-w-roli-prezydenta-Nawrockiego-oglada-w.webp.webp","type":"image\/webp"}],"author":"Filip","twitter_card":"summary_large_image","twitter_misc":{"Napisane przez":"Filip","Szacowany czas czytania":"1 minuta"},"schema":{"@context":"https:\/\/schema.org","@graph":[{"@type":"Article","@id":"https:\/\/www.pogotowieflagowe.pl\/aktualne\/emocjonalne-pozegnanie-kamila-stocha-w-roli-prezydenta-nawrockiego-oglada-w-zakopanem-zdjecia\/#article","isPartOf":{"@id":"https:\/\/www.pogotowieflagowe.pl\/aktualne\/emocjonalne-pozegnanie-kamila-stocha-w-roli-prezydenta-nawrockiego-oglada-w-zakopanem-zdjecia\/"},"author":{"name":"Filip","@id":"https:\/\/www.pogotowieflagowe.pl\/aktualne\/#\/schema\/person\/9c2fb7d2362ebf6fa088960d7f0d27b0"},"headline":"Emocjonalne po\u017cegnanie Kamila Stocha w roli prezydenta Nawrockiego ogl\u0105da w Zakopanem (ZDJ\u0118CIA)","datePublished":"2026-01-12T02:50:18+00:00","dateModified":"2026-01-12T02:50:20+00:00","mainEntityOfPage":{"@id":"https:\/\/www.pogotowieflagowe.pl\/aktualne\/emocjonalne-pozegnanie-kamila-stocha-w-roli-prezydenta-nawrockiego-oglada-w-zakopanem-zdjecia\/"},"wordCount":210,"commentCount":0,"publisher":{"@id":"https:\/\/www.pogotowieflagowe.pl\/aktualne\/#organization"},"image":{"@id":"https:\/\/www.pogotowieflagowe.pl\/aktualne\/emocjonalne-pozegnanie-kamila-stocha-w-roli-prezydenta-nawrockiego-oglada-w-zakopanem-zdjecia\/#primaryimage"},"thumbnailUrl":"https:\/\/www.pogotowieflagowe.pl\/aktualne\/wp-content\/uploads\/2026\/01\/1768186219_Emocjonalne-pozegnanie-Kamila-Stocha-w-roli-prezydenta-Nawrockiego-oglada-w.webp.webp","keywords":["Emocjonalne","Kamila","Nawrockiego","ogl\u0105da","Po\u017cegnanie","prezydenta","roli","Stocha","Zakopanem","zdj\u0119cia"],"articleSection":["Lekkoatletyka"],"inLanguage":"pl-PL","potentialAction":[{"@type":"CommentAction","name":"Comment","target":["https:\/\/www.pogotowieflagowe.pl\/aktualne\/emocjonalne-pozegnanie-kamila-stocha-w-roli-prezydenta-nawrockiego-oglada-w-zakopanem-zdjecia\/#respond"]}]},{"@type":"WebPage","@id":"https:\/\/www.pogotowieflagowe.pl\/aktualne\/emocjonalne-pozegnanie-kamila-stocha-w-roli-prezydenta-nawrockiego-oglada-w-zakopanem-zdjecia\/","url":"https:\/\/www.pogotowieflagowe.pl\/aktualne\/emocjonalne-pozegnanie-kamila-stocha-w-roli-prezydenta-nawrockiego-oglada-w-zakopanem-zdjecia\/","name":"Emocjonalne po\u017cegnanie Kamila Stocha w roli prezydenta Nawrockiego ogl\u0105da w Zakopanem (ZDJ\u0118CIA) - POGOTOWIE FLAGOWE\u00ae","isPartOf":{"@id":"https:\/\/www.pogotowieflagowe.pl\/aktualne\/#website"},"primaryImageOfPage":{"@id":"https:\/\/www.pogotowieflagowe.pl\/aktualne\/emocjonalne-pozegnanie-kamila-stocha-w-roli-prezydenta-nawrockiego-oglada-w-zakopanem-zdjecia\/#primaryimage"},"image":{"@id":"https:\/\/www.pogotowieflagowe.pl\/aktualne\/emocjonalne-pozegnanie-kamila-stocha-w-roli-prezydenta-nawrockiego-oglada-w-zakopanem-zdjecia\/#primaryimage"},"thumbnailUrl":"https:\/\/www.pogotowieflagowe.pl\/aktualne\/wp-content\/uploads\/2026\/01\/1768186219_Emocjonalne-pozegnanie-Kamila-Stocha-w-roli-prezydenta-Nawrockiego-oglada-w.webp.webp","datePublished":"2026-01-12T02:50:18+00:00","dateModified":"2026-01-12T02:50:20+00:00","breadcrumb":{"@id":"https:\/\/www.pogotowieflagowe.pl\/aktualne\/emocjonalne-pozegnanie-kamila-stocha-w-roli-prezydenta-nawrockiego-oglada-w-zakopanem-zdjecia\/#breadcrumb"},"inLanguage":"pl-PL","potentialAction":[{"@type":"ReadAction","target":["https:\/\/www.pogotowieflagowe.pl\/aktualne\/emocjonalne-pozegnanie-kamila-stocha-w-roli-prezydenta-nawrockiego-oglada-w-zakopanem-zdjecia\/"]}]},{"@type":"ImageObject","inLanguage":"pl-PL","@id":"https:\/\/www.pogotowieflagowe.pl\/aktualne\/emocjonalne-pozegnanie-kamila-stocha-w-roli-prezydenta-nawrockiego-oglada-w-zakopanem-zdjecia\/#primaryimage","url":"https:\/\/www.pogotowieflagowe.pl\/aktualne\/wp-content\/uploads\/2026\/01\/1768186219_Emocjonalne-pozegnanie-Kamila-Stocha-w-roli-prezydenta-Nawrockiego-oglada-w.webp.webp","contentUrl":"https:\/\/www.pogotowieflagowe.pl\/aktualne\/wp-content\/uploads\/2026\/01\/1768186219_Emocjonalne-pozegnanie-Kamila-Stocha-w-roli-prezydenta-Nawrockiego-oglada-w.webp.webp","width":1280,"height":720,"caption":"Emocjonalne po\u017cegnanie Kamila Stocha w roli prezydenta Nawrockiego ogl\u0105da w Zakopanem (ZDJ\u0118CIA)"},{"@type":"BreadcrumbList","@id":"https:\/\/www.pogotowieflagowe.pl\/aktualne\/emocjonalne-pozegnanie-kamila-stocha-w-roli-prezydenta-nawrockiego-oglada-w-zakopanem-zdjecia\/#breadcrumb","itemListElement":[{"@type":"ListItem","position":1,"name":"Home","item":"https:\/\/www.pogotowieflagowe.pl\/aktualne\/"},{"@type":"ListItem","position":2,"name":"Emocjonalne po\u017cegnanie Kamila Stocha w roli prezydenta Nawrockiego ogl\u0105da w Zakopanem (ZDJ\u0118CIA)"}]},{"@type":"WebSite","@id":"https:\/\/www.pogotowieflagowe.pl\/aktualne\/#website","url":"https:\/\/www.pogotowieflagowe.pl\/aktualne\/","name":"POGOTOWIE FLAGOWE\u00ae","description":"","publisher":{"@id":"https:\/\/www.pogotowieflagowe.pl\/aktualne\/#organization"},"potentialAction":[{"@type":"SearchAction","target":{"@type":"EntryPoint","urlTemplate":"https:\/\/www.pogotowieflagowe.pl\/aktualne\/?s={search_term_string}"},"query-input":"required name=search_term_string"}],"inLanguage":"pl-PL"},{"@type":"Organization","@id":"https:\/\/www.pogotowieflagowe.pl\/aktualne\/#organization","name":"POGOTOWIE FLAGOWE\u00ae","url":"https:\/\/www.pogotowieflagowe.pl\/aktualne\/","logo":{"@type":"ImageObject","inLanguage":"pl-PL","@id":"https:\/\/www.pogotowieflagowe.pl\/aktualne\/#\/schema\/logo\/image\/","url":"https:\/\/www.pogotowieflagowe.pl\/aktualne\/wp-content\/uploads\/2024\/08\/cropped-pogotowieflagowe_flaga_projekt_sm.jpg","contentUrl":"https:\/\/www.pogotowieflagowe.pl\/aktualne\/wp-content\/uploads\/2024\/08\/cropped-pogotowieflagowe_flaga_projekt_sm.jpg","width":250,"height":143,"caption":"POGOTOWIE FLAGOWE\u00ae"},"image":{"@id":"https:\/\/www.pogotowieflagowe.pl\/aktualne\/#\/schema\/logo\/image\/"}},{"@type":"Person","@id":"https:\/\/www.pogotowieflagowe.pl\/aktualne\/#\/schema\/person\/9c2fb7d2362ebf6fa088960d7f0d27b0","name":"Filip","image":{"@type":"ImageObject","inLanguage":"pl-PL","@id":"https:\/\/www.pogotowieflagowe.pl\/aktualne\/#\/schema\/person\/image\/","url":"https:\/\/www.pogotowieflagowe.pl\/aktualne\/wp-content\/uploads\/2024\/08\/pogotowieflagowe.pl_.jpg","contentUrl":"https:\/\/www.pogotowieflagowe.pl\/aktualne\/wp-content\/uploads\/2024\/08\/pogotowieflagowe.pl_.jpg","caption":"Filip"},"description":"Jestem Filip, polski dziennikarz z dyplomem nauk politycznych Uniwersytetu Warszawskiego. Rozpoczynaj\u0105c swoj\u0105 karier\u0119 w r\u00f3\u017cnych lokalnych mediach, zdoby\u0142em solidne do\u015bwiadczenie w zakresie \u015bledztwa i redakcji. Obecnie jako redaktor w Pogotowie flagowe, staram si\u0119 dostarcza\u0107 dog\u0142\u0119bne i istotne analizy na temat najwa\u017cniejszych kwestii aktualno\u015bci, \u0142\u0105cz\u0105c rygor z pasj\u0105 dziennikarsk\u0105.","sameAs":["https:\/\/www.pogotowieflagowe.pl\/"]}]}},"_links":{"self":[{"href":"https:\/\/www.pogotowieflagowe.pl\/aktualne\/wp-json\/wp\/v2\/posts\/12078","targetHints":{"allow":["GET"]}}],"collection":[{"href":"https:\/\/www.pogotowieflagowe.pl\/aktualne\/wp-json\/wp\/v2\/posts"}],"about":[{"href":"https:\/\/www.pogotowieflagowe.pl\/aktualne\/wp-json\/wp\/v2\/types\/post"}],"author":[{"embeddable":true,"href":"https:\/\/www.pogotowieflagowe.pl\/aktualne\/wp-json\/wp\/v2\/users\/1"}],"replies":[{"embeddable":true,"href":"https:\/\/www.pogotowieflagowe.pl\/aktualne\/wp-json\/wp\/v2\/comments?post=12078"}],"version-history":[{"count":1,"href":"https:\/\/www.pogotowieflagowe.pl\/aktualne\/wp-json\/wp\/v2\/posts\/12078\/revisions"}],"predecessor-version":[{"id":12080,"href":"https:\/\/www.pogotowieflagowe.pl\/aktualne\/wp-json\/wp\/v2\/posts\/12078\/revisions\/12080"}],"wp:featuredmedia":[{"embeddable":true,"href":"https:\/\/www.pogotowieflagowe.pl\/aktualne\/wp-json\/wp\/v2\/media\/12079"}],"wp:attachment":[{"href":"https:\/\/www.pogotowieflagowe.pl\/aktualne\/wp-json\/wp\/v2\/media?parent=12078"}],"wp:term":[{"taxonomy":"category","embeddable":true,"href":"https:\/\/www.pogotowieflagowe.pl\/aktualne\/wp-json\/wp\/v2\/categories?post=12078"},{"taxonomy":"post_tag","embeddable":true,"href":"https:\/\/www.pogotowieflagowe.pl\/aktualne\/wp-json\/wp\/v2\/tags?post=12078"}],"curies":[{"name":"wp","href":"https:\/\/api.w.org\/{rel}","templated":true}]}}