{"id":1209,"date":"2024-10-10T00:46:59","date_gmt":"2024-10-09T22:46:59","guid":{"rendered":"https:\/\/www.pogotowieflagowe.pl\/aktualne\/niespelnione-obietnice-rzad-nie-realizuje-progu-zwolnienia-z-podatku\/"},"modified":"2024-10-10T00:47:00","modified_gmt":"2024-10-09T22:47:00","slug":"niespelnione-obietnice-rzad-nie-realizuje-progu-zwolnienia-z-podatku","status":"publish","type":"post","link":"https:\/\/www.pogotowieflagowe.pl\/aktualne\/niespelnione-obietnice-rzad-nie-realizuje-progu-zwolnienia-z-podatku\/","title":{"rendered":"Niespe\u0142nione obietnice: rz\u0105d nie realizuje progu zwolnienia z podatku"},"content":{"rendered":"\n<div class=\"td_block_wrap tdb_single_content tdi_48 td-pb-border-top td_block_template_8 td-post-content tagdiv-type\" data-td-block-uid=\"tdi_48\">\n<style>.tdi_48{margines-top:0px!important;margin-bottom:0px!important;dope\u0142nienie-g\u00f3ra:0px!important;dope\u0142nienie-d\u00f3\u0142:0px!important}<\/style>\n<style>.tdb_single_content{margin-bottom:0;*zoom:1}.tdb_single_content:before,.tdb_single_content:after{display:table;content:'';line-height:0}.tdb_single_content:after{clear:both}.tdb_single_content .tdb-block-inner>*:not(.wp-block-quote):not(.alignwide):not(.alignfull.wp-block-cover.has-parallax):not(.td-a-ad) {margin-left:auto;margin-right:auto}.tdb_single_content a{pointer-events:auto}.tdb_single_content .td-spot-id-top_ad .tdc-placeholder-title:before{content:'Najlepsza reklama artyku\u0142u'! wa\u017cne}.tdb_single_content .td-spot-id-inline_ad0 .tdc-placeholder-title:before{content:'Article Inline Ad 1'!important}.tdb_single_content .td-spot-id-inline_ad1 .tdc-placeholder-title:before {content:'Reklama wbudowana w artyku\u0142 2'!important}.tdb_single_content .td-spot-id-inline_ad2 .tdc-placeholder-title:before{content:'Reklama wbudowana w artyku\u0142 3'!important}.tdb_single_content .td-spot-id -bottom_ad .tdc-placeholder-title:before{content:'Article Bottom Ad'!important}.tdb_single_content .id_top_ad,.tdb_single_content .id_bottom_ad{clear:both;margin-bottom:21px;text-align:center}.tdb_single_content . id_top_ad img,.tdb_single_content .id_bottom_ad img{margin-bottom:0}.tdb_single_content .id_top_ad .adsbygoogle,.tdb_single_content .id_bottom_ad .adsbygoogle{position:relative}.tdb_single_content .id_ad_content-horiz- po lewej,.tdb_single_content .id_ad_content-horiz-right ,.tdb_single_content .id_ad_content-horiz-center{margin-bottom:15px}.tdb_single_content .id_ad_content-horiz-left img,.tdb_single_content .id_ad_content-horiz-right img,.tdb_single_content .id_ad_content-horiz -center img{margines-dolny: 0}.tdb_single_content .id_ad_content-horiz-center{text-align:center}.tdb_single_content .id_ad_content-horiz-center img{margin-right:auto;margin-left:auto}.tdb_single_content .id_ad_content-horiz-left{float: lewy;margin-g\u00f3rny:9px;margin-prawy:21px}.tdb_single_content .id_ad_content-horiz-right{float:right;margin-top:6px;margin-left:21px}.tdb_single_content .tdc-a-ad .tdc- placeholder-title{width:300px;height:250px}.tdb_single_content .tdc-a-ad .tdc-placeholder-title:before{position:absolute;top:50%;-webkit-transform:translateY(-50%); transform:translateY(-50%);margines:auto;display:table;width:100%}.tdb_single_content .tdb-block-inner.td-fix-index{word-break:break-word}.tdi_48,.tdi_48 >p,.tdi_48 .tdb-block-inner>p{font-size:16px!important;line-height:1.6!important}.tdi_48 .tdb-block-inner blockquote p{font-style:normal!important}@ media (maks. szeroko\u015b\u0107: 767 pikseli){.tdb_single_content .id_ad_content-horiz-left,.tdb_single_content .id_ad_content-horiz-right,.tdb_single_content .id_ad_content-horiz-center{margin:0 auto 26px auto}}@media (maks. szeroko\u015b\u0107 :767px){.tdb_single_content .id_ad_content-horiz-left{margin-right:0}}@media (max-width:767px){.tdb_single_content .id_ad_content-horiz-right{margin-left:0}}@media (max -width:767px){.tdb_single_content .td-a-ad{float:none;text-align:center}.tdb_single_content .td-a-ad img{margin-right:auto;margin-left:auto}.tdb_single_content . tdc-a-ad{float:none}}<\/style>\n<div class=\"tdb-block-inner td-fix-index\">\n<p>Koalicja Obywatelska obieca\u0142a podwy\u017cszenie kwoty wolnej od podatku do 60 tys. z\u0142 w ci\u0105gu pierwszych 100 dni od obj\u0119cia urz\u0119du. Jednak prawie dziesi\u0119\u0107 miesi\u0119cy po powrocie Donalda Tuska do w\u0142adzy obietnica pozostaje niezrealizowana, a najnowsze doniesienia sugeruj\u0105, \u017ce po cichu z niej zrezygnowano.<\/p>\n<p>Podczas kampanii wyborczej Koalicja Obywatelska zadeklarowa\u0142a t\u0119 podwy\u017ck\u0119 jako jeden ze 100 szczeg\u00f3\u0142owych cel\u00f3w na pierwsze 100 dni rz\u0105d\u00f3w. RMF FM podaje jednak, \u017ce w nowo przyj\u0119tej strategii finansowej pa\u0144stwa, kt\u00f3ra okre\u015bla plany bud\u017cetowe do 2028 roku, nie ma mowy o podwy\u017cce kwoty wolnej od podatku.<\/p>\n<p>Pomimo zapewnie\u0144 o \u201enajbardziej radykalnych obni\u017ckach podatk\u00f3w\u201d, niepowodzenie w realizacji planu nie pozosta\u0142o niezauwa\u017cone przez opini\u0119 publiczn\u0105. Badanie przeprowadzone w lipcu 2024 r. wykaza\u0142o, \u017ce 53,5% respondent\u00f3w uwa\u017ca, \u017ce \u200b\u200brz\u0105d nie realizuje swoich obietnic wyborczych. Wydaje si\u0119, \u017ce d\u0142ugo oczekiwana ulga podatkowa zosta\u0142a od\u0142o\u017cona na p\u00f3\u0142k\u0119, przez co wielu Polak\u00f3w poczu\u0142o si\u0119 wprowadzonych w b\u0142\u0105d.<\/p>\n<\/div>\n<\/div>\n","protected":false},"excerpt":{"rendered":"<p>Koalicja Obywatelska obieca\u0142a podwy\u017cszenie kwoty wolnej od podatku do 60 tys. z\u0142 w ci\u0105gu pierwszych 100 dni od obj\u0119cia urz\u0119du.<\/p>\n","protected":false},"author":1,"featured_media":1210,"comment_status":"closed","ping_status":"","sticky":false,"template":"","format":"standard","meta":{"footnotes":""},"categories":[44],"tags":[450,2005,2006,1164,2008,2007,1554,539],"class_list":["post-1209","post","type-post","status-publish","format-standard","has-post-thumbnail","hentry","category-polityka","tag-nie","tag-niespelnione","tag-obietnice","tag-podatku","tag-progu","tag-realizuje","tag-rzad","tag-zwolnienia","generate-columns","tablet-grid-50","mobile-grid-100","grid-parent","grid-50","resize-featured-image"],"yoast_head":"<!-- This site is optimized with the Yoast SEO plugin v23.2 - https:\/\/yoast.com\/wordpress\/plugins\/seo\/ -->\n<title>Niespe\u0142nione obietnice: rz\u0105d nie realizuje progu zwolnienia z podatku - POGOTOWIE FLAGOWE\u00ae<\/title>\n<meta name=\"robots\" content=\"index, follow, max-snippet:-1, max-image-preview:large, max-video-preview:-1\" \/>\n<link rel=\"canonical\" href=\"https:\/\/www.pogotowieflagowe.pl\/aktualne\/niespelnione-obietnice-rzad-nie-realizuje-progu-zwolnienia-z-podatku\/\" \/>\n<meta property=\"og:locale\" content=\"pl_PL\" \/>\n<meta property=\"og:type\" content=\"article\" \/>\n<meta property=\"og:title\" content=\"Niespe\u0142nione obietnice: rz\u0105d nie realizuje progu zwolnienia z podatku - POGOTOWIE FLAGOWE\u00ae\" \/>\n<meta property=\"og:description\" content=\"Koalicja Obywatelska obieca\u0142a podwy\u017cszenie kwoty wolnej od podatku do 60 tys. z\u0142 w ci\u0105gu pierwszych 100 dni od obj\u0119cia urz\u0119du.\" \/>\n<meta property=\"og:url\" content=\"https:\/\/www.pogotowieflagowe.pl\/aktualne\/niespelnione-obietnice-rzad-nie-realizuje-progu-zwolnienia-z-podatku\/\" \/>\n<meta property=\"og:site_name\" content=\"POGOTOWIE FLAGOWE\u00ae\" \/>\n<meta property=\"article:published_time\" content=\"2024-10-09T22:46:59+00:00\" \/>\n<meta property=\"article:modified_time\" content=\"2024-10-09T22:47:00+00:00\" \/>\n<meta property=\"og:image\" content=\"https:\/\/www.pogotowieflagowe.pl\/aktualne\/wp-content\/uploads\/2024\/10\/Niespelnione-obietnice-rzad-nie-realizuje-progu-zwolnienia-z-podatku.jpg\" \/>\n\t<meta property=\"og:image:width\" content=\"913\" \/>\n\t<meta property=\"og:image:height\" content=\"597\" \/>\n\t<meta property=\"og:image:type\" content=\"image\/jpeg\" \/>\n<meta name=\"author\" content=\"Filip\" \/>\n<meta name=\"twitter:card\" content=\"summary_large_image\" \/>\n<meta name=\"twitter:label1\" content=\"Napisane przez\" \/>\n\t<meta name=\"twitter:data1\" content=\"Filip\" \/>\n\t<meta name=\"twitter:label2\" content=\"Szacowany czas czytania\" \/>\n\t<meta name=\"twitter:data2\" content=\"1 minuta\" \/>\n<script type=\"application\/ld+json\" class=\"yoast-schema-graph\">{\"@context\":\"https:\/\/schema.org\",\"@graph\":[{\"@type\":\"Article\",\"@id\":\"https:\/\/www.pogotowieflagowe.pl\/aktualne\/niespelnione-obietnice-rzad-nie-realizuje-progu-zwolnienia-z-podatku\/#article\",\"isPartOf\":{\"@id\":\"https:\/\/www.pogotowieflagowe.pl\/aktualne\/niespelnione-obietnice-rzad-nie-realizuje-progu-zwolnienia-z-podatku\/\"},\"author\":{\"name\":\"Filip\",\"@id\":\"https:\/\/www.pogotowieflagowe.pl\/aktualne\/#\/schema\/person\/9c2fb7d2362ebf6fa088960d7f0d27b0\"},\"headline\":\"Niespe\u0142nione obietnice: rz\u0105d nie realizuje progu zwolnienia z podatku\",\"datePublished\":\"2024-10-09T22:46:59+00:00\",\"dateModified\":\"2024-10-09T22:47:00+00:00\",\"mainEntityOfPage\":{\"@id\":\"https:\/\/www.pogotowieflagowe.pl\/aktualne\/niespelnione-obietnice-rzad-nie-realizuje-progu-zwolnienia-z-podatku\/\"},\"wordCount\":183,\"publisher\":{\"@id\":\"https:\/\/www.pogotowieflagowe.pl\/aktualne\/#organization\"},\"image\":{\"@id\":\"https:\/\/www.pogotowieflagowe.pl\/aktualne\/niespelnione-obietnice-rzad-nie-realizuje-progu-zwolnienia-z-podatku\/#primaryimage\"},\"thumbnailUrl\":\"https:\/\/www.pogotowieflagowe.pl\/aktualne\/wp-content\/uploads\/2024\/10\/Niespelnione-obietnice-rzad-nie-realizuje-progu-zwolnienia-z-podatku.jpg\",\"keywords\":[\"Nie\",\"Niespe\u0142nione\",\"obietnice\",\"podatku\",\"progu\",\"realizuje\",\"Rz\u0105d\",\"zwolnienia\"],\"articleSection\":[\"Polityka\"],\"inLanguage\":\"pl-PL\"},{\"@type\":\"WebPage\",\"@id\":\"https:\/\/www.pogotowieflagowe.pl\/aktualne\/niespelnione-obietnice-rzad-nie-realizuje-progu-zwolnienia-z-podatku\/\",\"url\":\"https:\/\/www.pogotowieflagowe.pl\/aktualne\/niespelnione-obietnice-rzad-nie-realizuje-progu-zwolnienia-z-podatku\/\",\"name\":\"Niespe\u0142nione obietnice: rz\u0105d nie realizuje progu zwolnienia z podatku - POGOTOWIE FLAGOWE\u00ae\",\"isPartOf\":{\"@id\":\"https:\/\/www.pogotowieflagowe.pl\/aktualne\/#website\"},\"primaryImageOfPage\":{\"@id\":\"https:\/\/www.pogotowieflagowe.pl\/aktualne\/niespelnione-obietnice-rzad-nie-realizuje-progu-zwolnienia-z-podatku\/#primaryimage\"},\"image\":{\"@id\":\"https:\/\/www.pogotowieflagowe.pl\/aktualne\/niespelnione-obietnice-rzad-nie-realizuje-progu-zwolnienia-z-podatku\/#primaryimage\"},\"thumbnailUrl\":\"https:\/\/www.pogotowieflagowe.pl\/aktualne\/wp-content\/uploads\/2024\/10\/Niespelnione-obietnice-rzad-nie-realizuje-progu-zwolnienia-z-podatku.jpg\",\"datePublished\":\"2024-10-09T22:46:59+00:00\",\"dateModified\":\"2024-10-09T22:47:00+00:00\",\"breadcrumb\":{\"@id\":\"https:\/\/www.pogotowieflagowe.pl\/aktualne\/niespelnione-obietnice-rzad-nie-realizuje-progu-zwolnienia-z-podatku\/#breadcrumb\"},\"inLanguage\":\"pl-PL\",\"potentialAction\":[{\"@type\":\"ReadAction\",\"target\":[\"https:\/\/www.pogotowieflagowe.pl\/aktualne\/niespelnione-obietnice-rzad-nie-realizuje-progu-zwolnienia-z-podatku\/\"]}]},{\"@type\":\"ImageObject\",\"inLanguage\":\"pl-PL\",\"@id\":\"https:\/\/www.pogotowieflagowe.pl\/aktualne\/niespelnione-obietnice-rzad-nie-realizuje-progu-zwolnienia-z-podatku\/#primaryimage\",\"url\":\"https:\/\/www.pogotowieflagowe.pl\/aktualne\/wp-content\/uploads\/2024\/10\/Niespelnione-obietnice-rzad-nie-realizuje-progu-zwolnienia-z-podatku.jpg\",\"contentUrl\":\"https:\/\/www.pogotowieflagowe.pl\/aktualne\/wp-content\/uploads\/2024\/10\/Niespelnione-obietnice-rzad-nie-realizuje-progu-zwolnienia-z-podatku.jpg\",\"width\":913,\"height\":597,\"caption\":\"Niespe\u0142nione obietnice: rz\u0105d nie realizuje progu zwolnienia z podatku\"},{\"@type\":\"BreadcrumbList\",\"@id\":\"https:\/\/www.pogotowieflagowe.pl\/aktualne\/niespelnione-obietnice-rzad-nie-realizuje-progu-zwolnienia-z-podatku\/#breadcrumb\",\"itemListElement\":[{\"@type\":\"ListItem\",\"position\":1,\"name\":\"Home\",\"item\":\"https:\/\/www.pogotowieflagowe.pl\/aktualne\/\"},{\"@type\":\"ListItem\",\"position\":2,\"name\":\"Niespe\u0142nione obietnice: rz\u0105d nie realizuje progu zwolnienia z podatku\"}]},{\"@type\":\"WebSite\",\"@id\":\"https:\/\/www.pogotowieflagowe.pl\/aktualne\/#website\",\"url\":\"https:\/\/www.pogotowieflagowe.pl\/aktualne\/\",\"name\":\"POGOTOWIE FLAGOWE\u00ae\",\"description\":\"\",\"publisher\":{\"@id\":\"https:\/\/www.pogotowieflagowe.pl\/aktualne\/#organization\"},\"potentialAction\":[{\"@type\":\"SearchAction\",\"target\":{\"@type\":\"EntryPoint\",\"urlTemplate\":\"https:\/\/www.pogotowieflagowe.pl\/aktualne\/?s={search_term_string}\"},\"query-input\":\"required name=search_term_string\"}],\"inLanguage\":\"pl-PL\"},{\"@type\":\"Organization\",\"@id\":\"https:\/\/www.pogotowieflagowe.pl\/aktualne\/#organization\",\"name\":\"POGOTOWIE FLAGOWE\u00ae\",\"url\":\"https:\/\/www.pogotowieflagowe.pl\/aktualne\/\",\"logo\":{\"@type\":\"ImageObject\",\"inLanguage\":\"pl-PL\",\"@id\":\"https:\/\/www.pogotowieflagowe.pl\/aktualne\/#\/schema\/logo\/image\/\",\"url\":\"https:\/\/www.pogotowieflagowe.pl\/aktualne\/wp-content\/uploads\/2024\/08\/cropped-pogotowieflagowe_flaga_projekt_sm.jpg\",\"contentUrl\":\"https:\/\/www.pogotowieflagowe.pl\/aktualne\/wp-content\/uploads\/2024\/08\/cropped-pogotowieflagowe_flaga_projekt_sm.jpg\",\"width\":250,\"height\":143,\"caption\":\"POGOTOWIE FLAGOWE\u00ae\"},\"image\":{\"@id\":\"https:\/\/www.pogotowieflagowe.pl\/aktualne\/#\/schema\/logo\/image\/\"}},{\"@type\":\"Person\",\"@id\":\"https:\/\/www.pogotowieflagowe.pl\/aktualne\/#\/schema\/person\/9c2fb7d2362ebf6fa088960d7f0d27b0\",\"name\":\"Filip\",\"image\":{\"@type\":\"ImageObject\",\"inLanguage\":\"pl-PL\",\"@id\":\"https:\/\/www.pogotowieflagowe.pl\/aktualne\/#\/schema\/person\/image\/\",\"url\":\"https:\/\/www.pogotowieflagowe.pl\/aktualne\/wp-content\/uploads\/2024\/08\/pogotowieflagowe.pl_.jpg\",\"contentUrl\":\"https:\/\/www.pogotowieflagowe.pl\/aktualne\/wp-content\/uploads\/2024\/08\/pogotowieflagowe.pl_.jpg\",\"caption\":\"Filip\"},\"description\":\"Jestem Filip, polski dziennikarz z dyplomem nauk politycznych Uniwersytetu Warszawskiego. Rozpoczynaj\u0105c swoj\u0105 karier\u0119 w r\u00f3\u017cnych lokalnych mediach, zdoby\u0142em solidne do\u015bwiadczenie w zakresie \u015bledztwa i redakcji. Obecnie jako redaktor w Pogotowie flagowe, staram si\u0119 dostarcza\u0107 dog\u0142\u0119bne i istotne analizy na temat najwa\u017cniejszych kwestii aktualno\u015bci, \u0142\u0105cz\u0105c rygor z pasj\u0105 dziennikarsk\u0105.\",\"sameAs\":[\"https:\/\/www.pogotowieflagowe.pl\/\"]}]}<\/script>\n<!-- \/ Yoast SEO plugin. -->","yoast_head_json":{"title":"Niespe\u0142nione obietnice: rz\u0105d nie realizuje progu zwolnienia z podatku - POGOTOWIE FLAGOWE\u00ae","robots":{"index":"index","follow":"follow","max-snippet":"max-snippet:-1","max-image-preview":"max-image-preview:large","max-video-preview":"max-video-preview:-1"},"canonical":"https:\/\/www.pogotowieflagowe.pl\/aktualne\/niespelnione-obietnice-rzad-nie-realizuje-progu-zwolnienia-z-podatku\/","og_locale":"pl_PL","og_type":"article","og_title":"Niespe\u0142nione obietnice: rz\u0105d nie realizuje progu zwolnienia z podatku - POGOTOWIE FLAGOWE\u00ae","og_description":"Koalicja Obywatelska obieca\u0142a podwy\u017cszenie kwoty wolnej od podatku do 60 tys. z\u0142 w ci\u0105gu pierwszych 100 dni od obj\u0119cia urz\u0119du.","og_url":"https:\/\/www.pogotowieflagowe.pl\/aktualne\/niespelnione-obietnice-rzad-nie-realizuje-progu-zwolnienia-z-podatku\/","og_site_name":"POGOTOWIE FLAGOWE\u00ae","article_published_time":"2024-10-09T22:46:59+00:00","article_modified_time":"2024-10-09T22:47:00+00:00","og_image":[{"width":913,"height":597,"url":"https:\/\/www.pogotowieflagowe.pl\/aktualne\/wp-content\/uploads\/2024\/10\/Niespelnione-obietnice-rzad-nie-realizuje-progu-zwolnienia-z-podatku.jpg","type":"image\/jpeg"}],"author":"Filip","twitter_card":"summary_large_image","twitter_misc":{"Napisane przez":"Filip","Szacowany czas czytania":"1 minuta"},"schema":{"@context":"https:\/\/schema.org","@graph":[{"@type":"Article","@id":"https:\/\/www.pogotowieflagowe.pl\/aktualne\/niespelnione-obietnice-rzad-nie-realizuje-progu-zwolnienia-z-podatku\/#article","isPartOf":{"@id":"https:\/\/www.pogotowieflagowe.pl\/aktualne\/niespelnione-obietnice-rzad-nie-realizuje-progu-zwolnienia-z-podatku\/"},"author":{"name":"Filip","@id":"https:\/\/www.pogotowieflagowe.pl\/aktualne\/#\/schema\/person\/9c2fb7d2362ebf6fa088960d7f0d27b0"},"headline":"Niespe\u0142nione obietnice: rz\u0105d nie realizuje progu zwolnienia z podatku","datePublished":"2024-10-09T22:46:59+00:00","dateModified":"2024-10-09T22:47:00+00:00","mainEntityOfPage":{"@id":"https:\/\/www.pogotowieflagowe.pl\/aktualne\/niespelnione-obietnice-rzad-nie-realizuje-progu-zwolnienia-z-podatku\/"},"wordCount":183,"publisher":{"@id":"https:\/\/www.pogotowieflagowe.pl\/aktualne\/#organization"},"image":{"@id":"https:\/\/www.pogotowieflagowe.pl\/aktualne\/niespelnione-obietnice-rzad-nie-realizuje-progu-zwolnienia-z-podatku\/#primaryimage"},"thumbnailUrl":"https:\/\/www.pogotowieflagowe.pl\/aktualne\/wp-content\/uploads\/2024\/10\/Niespelnione-obietnice-rzad-nie-realizuje-progu-zwolnienia-z-podatku.jpg","keywords":["Nie","Niespe\u0142nione","obietnice","podatku","progu","realizuje","Rz\u0105d","zwolnienia"],"articleSection":["Polityka"],"inLanguage":"pl-PL"},{"@type":"WebPage","@id":"https:\/\/www.pogotowieflagowe.pl\/aktualne\/niespelnione-obietnice-rzad-nie-realizuje-progu-zwolnienia-z-podatku\/","url":"https:\/\/www.pogotowieflagowe.pl\/aktualne\/niespelnione-obietnice-rzad-nie-realizuje-progu-zwolnienia-z-podatku\/","name":"Niespe\u0142nione obietnice: rz\u0105d nie realizuje progu zwolnienia z podatku - POGOTOWIE FLAGOWE\u00ae","isPartOf":{"@id":"https:\/\/www.pogotowieflagowe.pl\/aktualne\/#website"},"primaryImageOfPage":{"@id":"https:\/\/www.pogotowieflagowe.pl\/aktualne\/niespelnione-obietnice-rzad-nie-realizuje-progu-zwolnienia-z-podatku\/#primaryimage"},"image":{"@id":"https:\/\/www.pogotowieflagowe.pl\/aktualne\/niespelnione-obietnice-rzad-nie-realizuje-progu-zwolnienia-z-podatku\/#primaryimage"},"thumbnailUrl":"https:\/\/www.pogotowieflagowe.pl\/aktualne\/wp-content\/uploads\/2024\/10\/Niespelnione-obietnice-rzad-nie-realizuje-progu-zwolnienia-z-podatku.jpg","datePublished":"2024-10-09T22:46:59+00:00","dateModified":"2024-10-09T22:47:00+00:00","breadcrumb":{"@id":"https:\/\/www.pogotowieflagowe.pl\/aktualne\/niespelnione-obietnice-rzad-nie-realizuje-progu-zwolnienia-z-podatku\/#breadcrumb"},"inLanguage":"pl-PL","potentialAction":[{"@type":"ReadAction","target":["https:\/\/www.pogotowieflagowe.pl\/aktualne\/niespelnione-obietnice-rzad-nie-realizuje-progu-zwolnienia-z-podatku\/"]}]},{"@type":"ImageObject","inLanguage":"pl-PL","@id":"https:\/\/www.pogotowieflagowe.pl\/aktualne\/niespelnione-obietnice-rzad-nie-realizuje-progu-zwolnienia-z-podatku\/#primaryimage","url":"https:\/\/www.pogotowieflagowe.pl\/aktualne\/wp-content\/uploads\/2024\/10\/Niespelnione-obietnice-rzad-nie-realizuje-progu-zwolnienia-z-podatku.jpg","contentUrl":"https:\/\/www.pogotowieflagowe.pl\/aktualne\/wp-content\/uploads\/2024\/10\/Niespelnione-obietnice-rzad-nie-realizuje-progu-zwolnienia-z-podatku.jpg","width":913,"height":597,"caption":"Niespe\u0142nione obietnice: rz\u0105d nie realizuje progu zwolnienia z podatku"},{"@type":"BreadcrumbList","@id":"https:\/\/www.pogotowieflagowe.pl\/aktualne\/niespelnione-obietnice-rzad-nie-realizuje-progu-zwolnienia-z-podatku\/#breadcrumb","itemListElement":[{"@type":"ListItem","position":1,"name":"Home","item":"https:\/\/www.pogotowieflagowe.pl\/aktualne\/"},{"@type":"ListItem","position":2,"name":"Niespe\u0142nione obietnice: rz\u0105d nie realizuje progu zwolnienia z podatku"}]},{"@type":"WebSite","@id":"https:\/\/www.pogotowieflagowe.pl\/aktualne\/#website","url":"https:\/\/www.pogotowieflagowe.pl\/aktualne\/","name":"POGOTOWIE FLAGOWE\u00ae","description":"","publisher":{"@id":"https:\/\/www.pogotowieflagowe.pl\/aktualne\/#organization"},"potentialAction":[{"@type":"SearchAction","target":{"@type":"EntryPoint","urlTemplate":"https:\/\/www.pogotowieflagowe.pl\/aktualne\/?s={search_term_string}"},"query-input":"required name=search_term_string"}],"inLanguage":"pl-PL"},{"@type":"Organization","@id":"https:\/\/www.pogotowieflagowe.pl\/aktualne\/#organization","name":"POGOTOWIE FLAGOWE\u00ae","url":"https:\/\/www.pogotowieflagowe.pl\/aktualne\/","logo":{"@type":"ImageObject","inLanguage":"pl-PL","@id":"https:\/\/www.pogotowieflagowe.pl\/aktualne\/#\/schema\/logo\/image\/","url":"https:\/\/www.pogotowieflagowe.pl\/aktualne\/wp-content\/uploads\/2024\/08\/cropped-pogotowieflagowe_flaga_projekt_sm.jpg","contentUrl":"https:\/\/www.pogotowieflagowe.pl\/aktualne\/wp-content\/uploads\/2024\/08\/cropped-pogotowieflagowe_flaga_projekt_sm.jpg","width":250,"height":143,"caption":"POGOTOWIE FLAGOWE\u00ae"},"image":{"@id":"https:\/\/www.pogotowieflagowe.pl\/aktualne\/#\/schema\/logo\/image\/"}},{"@type":"Person","@id":"https:\/\/www.pogotowieflagowe.pl\/aktualne\/#\/schema\/person\/9c2fb7d2362ebf6fa088960d7f0d27b0","name":"Filip","image":{"@type":"ImageObject","inLanguage":"pl-PL","@id":"https:\/\/www.pogotowieflagowe.pl\/aktualne\/#\/schema\/person\/image\/","url":"https:\/\/www.pogotowieflagowe.pl\/aktualne\/wp-content\/uploads\/2024\/08\/pogotowieflagowe.pl_.jpg","contentUrl":"https:\/\/www.pogotowieflagowe.pl\/aktualne\/wp-content\/uploads\/2024\/08\/pogotowieflagowe.pl_.jpg","caption":"Filip"},"description":"Jestem Filip, polski dziennikarz z dyplomem nauk politycznych Uniwersytetu Warszawskiego. Rozpoczynaj\u0105c swoj\u0105 karier\u0119 w r\u00f3\u017cnych lokalnych mediach, zdoby\u0142em solidne do\u015bwiadczenie w zakresie \u015bledztwa i redakcji. Obecnie jako redaktor w Pogotowie flagowe, staram si\u0119 dostarcza\u0107 dog\u0142\u0119bne i istotne analizy na temat najwa\u017cniejszych kwestii aktualno\u015bci, \u0142\u0105cz\u0105c rygor z pasj\u0105 dziennikarsk\u0105.","sameAs":["https:\/\/www.pogotowieflagowe.pl\/"]}]}},"_links":{"self":[{"href":"https:\/\/www.pogotowieflagowe.pl\/aktualne\/wp-json\/wp\/v2\/posts\/1209","targetHints":{"allow":["GET"]}}],"collection":[{"href":"https:\/\/www.pogotowieflagowe.pl\/aktualne\/wp-json\/wp\/v2\/posts"}],"about":[{"href":"https:\/\/www.pogotowieflagowe.pl\/aktualne\/wp-json\/wp\/v2\/types\/post"}],"author":[{"embeddable":true,"href":"https:\/\/www.pogotowieflagowe.pl\/aktualne\/wp-json\/wp\/v2\/users\/1"}],"replies":[{"embeddable":true,"href":"https:\/\/www.pogotowieflagowe.pl\/aktualne\/wp-json\/wp\/v2\/comments?post=1209"}],"version-history":[{"count":1,"href":"https:\/\/www.pogotowieflagowe.pl\/aktualne\/wp-json\/wp\/v2\/posts\/1209\/revisions"}],"predecessor-version":[{"id":1211,"href":"https:\/\/www.pogotowieflagowe.pl\/aktualne\/wp-json\/wp\/v2\/posts\/1209\/revisions\/1211"}],"wp:featuredmedia":[{"embeddable":true,"href":"https:\/\/www.pogotowieflagowe.pl\/aktualne\/wp-json\/wp\/v2\/media\/1210"}],"wp:attachment":[{"href":"https:\/\/www.pogotowieflagowe.pl\/aktualne\/wp-json\/wp\/v2\/media?parent=1209"}],"wp:term":[{"taxonomy":"category","embeddable":true,"href":"https:\/\/www.pogotowieflagowe.pl\/aktualne\/wp-json\/wp\/v2\/categories?post=1209"},{"taxonomy":"post_tag","embeddable":true,"href":"https:\/\/www.pogotowieflagowe.pl\/aktualne\/wp-json\/wp\/v2\/tags?post=1209"}],"curies":[{"name":"wp","href":"https:\/\/api.w.org\/{rel}","templated":true}]}}