{"id":12119,"date":"2026-01-13T22:52:03","date_gmt":"2026-01-13T21:52:03","guid":{"rendered":"https:\/\/www.pogotowieflagowe.pl\/aktualne\/prezydent-nawrocki-przybywa-na-downing-street-powitanie-przez-brytyjskiego-premiera-wideo-i-zdjecia\/"},"modified":"2026-01-13T22:52:04","modified_gmt":"2026-01-13T21:52:04","slug":"prezydent-nawrocki-przybywa-na-downing-street-powitanie-przez-brytyjskiego-premiera-wideo-i-zdjecia","status":"publish","type":"post","link":"https:\/\/www.pogotowieflagowe.pl\/aktualne\/prezydent-nawrocki-przybywa-na-downing-street-powitanie-przez-brytyjskiego-premiera-wideo-i-zdjecia\/","title":{"rendered":"Prezydent Nawrocki przybywa na Downing Street. Powitanie przez brytyjskiego premiera! (WIDEO I ZDJ\u0118CIA)"},"content":{"rendered":"\n<div class=\"td_block_wrap tdb_single_content tdi_41 td-pb-border-top td_block_template_8 td-post-content tagdiv-type\" data-td-block-uid=\"tdi_41\">\n<style>.tdi_41{margines-top:0px!important;margin-bottom:0px!important;dope\u0142nienie-g\u00f3ra:0px!important;dope\u0142nienie-d\u00f3\u0142:0px!important}<\/style>\n<style>.tdb_single_content{margin-bottom:0;*zoom:1}.tdb_single_content:before,.tdb_single_content:after{display:table;content:'';line-height:0}.tdb_single_content:after{clear:both}.tdb_single_content .tdb-block-inner>*:not(.wp-block-quote):not(.alignwide):not(.alignfull.wp-block-cover.has-parallax):not(.td-a-ad){margin-left:auto;margin-right:auto}.tdb_single_content a{pointer-events:auto}.tdb_single_content .td-spot-id-top_ad .tdc-placeholder-title:before{content:'Najlepsza reklama artyku\u0142u'!important}.tdb_single_content .td-spot-id-inline_ad0 .tdc-placeholder-title:before{content:'Reklama wbudowana artyku\u0142u 1'!important}.tdb_single_content .td-spot-id-inline_ad1 .tdc-placeholder-title:before{content:'Reklama wbudowana w artyku\u0142 2'!important}.tdb_single_content .td-spot-id-inline_ad2 .tdc-placeholder-title:before{content:'Reklama wbudowana w artyku\u0142 3'!important}.tdb_single_content .td-spot-id-bottom_ad .tdc-placeholder-title:before{content:'Article Bottom Ad'!important}.tdb_single_content .id_top_ad,.tdb_single_content .id_bottom_ad{clear:both;margin-bottom:21px;text-align:center}.tdb_single_content .id_top_ad img,.tdb_single_content .id_bottom_ad img{margin-bottom:0}.tdb_single_content .id_top_ad .adsbygoogle,.tdb_single_content .id_bottom_ad .adsbygoogle{position:relative}.tdb_single_content .id_ad_content-horiz-left,.tdb_single_content .id_ad_content-horiz-right,.tdb_single_content .id_ad_content-horiz-center{margin-bottom:15px}.tdb_single_content .id_ad_content-horiz-left img,.tdb_single_content .id_ad_content-horiz-right img,.tdb_single_content .id_ad_content-horiz-center img{margin-bottom:0}.tdb_single_content .id_ad_content-horiz-center{text-align:center}.tdb_single_content .id_ad_content-horiz-center img{margin-right:auto;margin-left:auto}.tdb_single_content .id_ad_content-horiz-left{float:left;margin-top:9px;margin-right:21px}.tdb_single_content .id_ad_content-horiz-right{float:right;margin-top:6px;margin-left:21px}.tdb_single_content .tdc-a-ad .tdc-placeholder-title{width:300px;height:250px}.tdb_single_content .tdc-a-ad .tdc-placeholder-title:before{position:absolute;top:50%;-webkit-transform:translateY(-50%);transform:translateY(-50%);margin:auto;display:table;width:100%}.tdb_single_content .tdb-block-inner.td-fix-index{word-break:break-word}.tdi_41,.tdi_41>p,.tdi_41 .tdb-block-inner>p,.wp-block-column>p{font-size:16px!important;line-height:1.6!important}.tdi_41 .tdb-block-inner blockquote p{font-style:normal!important}@media (max-width:767px){.tdb_single_content .id_ad_content-horiz-left,.tdb_single_content .id_ad_content-horiz-right,.tdb_single_content .id_ad_content-horiz-center{margin:0 auto 26 pikseli auto}}@media (max-width:767px){.tdb_single_content .id_ad_content-horiz-left{margin-right:0}}@media (max-width:767px){.tdb_single_content .id_ad_content-horiz-right{margin-left:0}}@media (max-width:767px){.tdb_single_content .td-a-ad{float:none;text-align:center}.tdb_single_content .td-a-ad img{margin-right:auto;margin-left:auto}.tdb_single_content .tdc-a-ad{float:none}}<\/style>\n<div class=\"tdb-block-inner td-fix-index\">\n<p>Przed po\u0142udniem na Downing Street w Londynie przyby\u0142 Prezydent RP Karol Nawrocki. G\u0142ow\u0119 pa\u0144stwa polskiego uroczy\u015bcie powita\u0142 premier Wielkiej Brytanii \u2013 Keir Starmer. Rozmowy polityk\u00f3w b\u0119d\u0105 dotyczy\u0107 kwestii bezpiecze\u0144stwa, w tym negocjacji pokojowych na Ukrainie. Nast\u0119pnie odb\u0119dzie si\u0119 posiedzenie plenarne, kt\u00f3remu przewodniczy\u0107 b\u0119d\u0105 obaj przyw\u00f3dcy.<\/p>\n<p>Prezydent Karol Nawrocki kontynuuje dzi\u015b wizyt\u0119 w Wielkiej Brytanii. Przed po\u0142udniem spotka\u0142 si\u0119 na Downing Street z premierem Wielkiej Brytanii Keirem Starmerem.<\/p>\n<p>The <em>Kancelaria Prezydenta RP<\/em> opublikowa\u0142 film z powitania Prezydenta RP przez Premiera Wielkiej Brytanii. Na miejscu jest tak\u017ce korespondent portalu Niezalezna.pl \u2013 zach\u0119camy czytelnik\u00f3w do obejrzenia fotorelacji.<\/p>\n<h2 class=\"wp-block-heading\"><strong>Rozmowy Karola Nawrockiego-Keira Starmera<\/strong><\/h2>\n<p>Rozmowy ze Starmerem b\u0119d\u0105 dotyczy\u0107 kwestii bezpiecze\u0144stwa, w tym negocjacji pokojowych na Ukrainie. Nast\u0119pnie odb\u0119dzie si\u0119 posiedzenie plenarne pod przewodnictwem obu polityk\u00f3w.<\/p>\n<p>Po powitaniu na Downing Street 10, przed spotkaniem indywidualnym, Prezydent wspomnia\u0142 szefowi brytyjskiego rz\u0105du o wczorajszym spotkaniu z Polsk\u0105 i podzi\u0119kowa\u0142 mu za wieloletni\u0105 go\u015bcinno\u015b\u0107 okazan\u0105 Polakom w Wielkiej Brytanii.<\/p>\n<figure class=\"wp-block-embed is-type-rich is-provider-twitter wp-block-embed-twitter\">\n<div class=\"wp-block-embed__wrapper\">\n<blockquote class=\"twitter-tweet\" data-width=\"550\" data-dnt=\"true\">\n<p lang=\"pl\" dir=\"ltr\">Na Downing Street 10 rozpocz\u0119\u0142o si\u0119 spotkanie Prezydenta RP <a rel=\"nofollow\" href=\"https:\/\/twitter.com\/NawrockiKn?ref_src=twsrc%5Etfw\">@NawrockiKn<\/a> z Premiera <a rel=\"nofollow\" href=\"https:\/\/twitter.com\/Keir_Starmer?ref_src=twsrc%5Etfw\">@Keir_Starmer<\/a>. <\/p>\n<p>Brytyjczycy s\u0105 naszymi najwa\u017cniejszymi partnerami w ramach NATO i s\u0105 tak\u017ce wa\u017cnymi partnerami w dialogu dwustronnym, je\u015bli chodzi o kontrol\u0119 bezpiecze\u0144stwa i wsp\u00f3\u0142dzia\u0142anie\u2026 <a rel=\"nofollow\" href=\"https:\/\/t.co\/4ciKU3wnqG\">pic.twitter.com\/4ciKU3wnqG<\/a><\/p>\n<p>\u2014 Kancelaria Prezydenta RP (@prezydentpl) <a rel=\"nofollow\" href=\"https:\/\/twitter.com\/prezydentpl\/status\/2011037580708499965?ref_src=twsrc%5Etfw\">13 stycznia 2026 r<\/a><\/p><\/blockquote>\n<\/div>\n<\/figure>\n<p>Starmer zauwa\u017cy\u0142, \u017ce by\u0142a to pierwsza wizyta Nawrockiego w rezydencji premiera. Prezydent RP odpowiedzia\u0142, \u017ce jest na Downing Street po raz pierwszy, ale Londyn odwiedza\u0142 ju\u017c wielokrotnie.<\/p>\n<figure class=\"wp-block-pullquote\">\n<blockquote>\n<p><strong>&#8222;To m\u00f3j pierwszy raz na Downing Street, ale nie pierwszy raz w Londynie. Oczywi\u015bcie, Polska i Wielka Brytania utrzymuj\u0105 stosunki od dziesi\u0119cioleci&#8221;<\/strong> \u2013 powiedzia\u0142 Karol Nawrocki.<\/p>\n<\/blockquote>\n<\/figure>\n<p>Podzi\u0119kowa\u0142 premierowi Wielkiej Brytanii za zaproszenie, a tak\u017ce podkre\u015bli\u0142 rol\u0119 Starmera w europejskim sojuszu bezpiecze\u0144stwa.<\/p>\n<figure class=\"wp-block-pullquote\">\n<blockquote>\n<p><strong>\u201eMamy dobrze zintegrowan\u0105 spo\u0142eczno\u015b\u0107 polsk\u0105 w Wielkiej Brytanii\u201d \u2013 doda\u0142.<\/strong> \u2013 przyzna\u0142 Prezydent.<\/p>\n<\/blockquote>\n<\/figure>\n<\/div>\n<\/div>\n<p><script async src=\"https:\/\/platform.twitter.com\/widgets.js\" charset=\"utf-8\"><\/script><\/p>\n","protected":false},"excerpt":{"rendered":"<p>Przed po\u0142udniem na Downing Street w Londynie przyby\u0142 Prezydent RP Karol Nawrocki. G\u0142ow\u0119 pa\u0144stwa polskiego uroczy\u015bcie powita\u0142 premier Wielkiej Brytanii<\/p>\n","protected":false},"author":1,"featured_media":12120,"comment_status":"open","ping_status":"open","sticky":false,"template":"","format":"standard","meta":{"footnotes":""},"categories":[44],"tags":[2173,13329,2727,4888,1380,341,214,9887,7668,4935,3106],"class_list":["post-12119","post","type-post","status-publish","format-standard","has-post-thumbnail","hentry","category-polityka","tag-brytyjskiego","tag-downing","tag-nawrocki","tag-powitanie","tag-premiera","tag-prezydent","tag-przez","tag-przybywa","tag-street","tag-wideo","tag-zdjecia","generate-columns","tablet-grid-50","mobile-grid-100","grid-parent","grid-50","resize-featured-image"],"yoast_head":"<!-- This site is optimized with the Yoast SEO plugin v23.2 - https:\/\/yoast.com\/wordpress\/plugins\/seo\/ -->\n<title>Prezydent Nawrocki przybywa na Downing Street. Powitanie przez brytyjskiego premiera! (WIDEO I ZDJ\u0118CIA) - POGOTOWIE FLAGOWE\u00ae<\/title>\n<meta name=\"robots\" content=\"index, follow, max-snippet:-1, max-image-preview:large, max-video-preview:-1\" \/>\n<link rel=\"canonical\" href=\"https:\/\/www.pogotowieflagowe.pl\/aktualne\/prezydent-nawrocki-przybywa-na-downing-street-powitanie-przez-brytyjskiego-premiera-wideo-i-zdjecia\/\" \/>\n<meta property=\"og:locale\" content=\"pl_PL\" \/>\n<meta property=\"og:type\" content=\"article\" \/>\n<meta property=\"og:title\" content=\"Prezydent Nawrocki przybywa na Downing Street. Powitanie przez brytyjskiego premiera! (WIDEO I ZDJ\u0118CIA) - POGOTOWIE FLAGOWE\u00ae\" \/>\n<meta property=\"og:description\" content=\"Przed po\u0142udniem na Downing Street w Londynie przyby\u0142 Prezydent RP Karol Nawrocki. G\u0142ow\u0119 pa\u0144stwa polskiego uroczy\u015bcie powita\u0142 premier Wielkiej Brytanii\" \/>\n<meta property=\"og:url\" content=\"https:\/\/www.pogotowieflagowe.pl\/aktualne\/prezydent-nawrocki-przybywa-na-downing-street-powitanie-przez-brytyjskiego-premiera-wideo-i-zdjecia\/\" \/>\n<meta property=\"og:site_name\" content=\"POGOTOWIE FLAGOWE\u00ae\" \/>\n<meta property=\"article:published_time\" content=\"2026-01-13T21:52:03+00:00\" \/>\n<meta property=\"article:modified_time\" content=\"2026-01-13T21:52:04+00:00\" \/>\n<meta property=\"og:image\" content=\"https:\/\/www.pogotowieflagowe.pl\/aktualne\/wp-content\/uploads\/2026\/01\/Prezydent-Nawrocki-przybywa-na-Downing-Street-Powitanie-przez-brytyjskiego-premiera.webp.webp\" \/>\n\t<meta property=\"og:image:width\" content=\"1280\" \/>\n\t<meta property=\"og:image:height\" content=\"720\" \/>\n\t<meta property=\"og:image:type\" content=\"image\/webp\" \/>\n<meta name=\"author\" content=\"Filip\" \/>\n<meta name=\"twitter:card\" content=\"summary_large_image\" \/>\n<meta name=\"twitter:label1\" content=\"Napisane przez\" \/>\n\t<meta name=\"twitter:data1\" content=\"Filip\" \/>\n\t<meta name=\"twitter:label2\" content=\"Szacowany czas czytania\" \/>\n\t<meta name=\"twitter:data2\" content=\"2 minuty\" \/>\n<script type=\"application\/ld+json\" class=\"yoast-schema-graph\">{\"@context\":\"https:\/\/schema.org\",\"@graph\":[{\"@type\":\"Article\",\"@id\":\"https:\/\/www.pogotowieflagowe.pl\/aktualne\/prezydent-nawrocki-przybywa-na-downing-street-powitanie-przez-brytyjskiego-premiera-wideo-i-zdjecia\/#article\",\"isPartOf\":{\"@id\":\"https:\/\/www.pogotowieflagowe.pl\/aktualne\/prezydent-nawrocki-przybywa-na-downing-street-powitanie-przez-brytyjskiego-premiera-wideo-i-zdjecia\/\"},\"author\":{\"name\":\"Filip\",\"@id\":\"https:\/\/www.pogotowieflagowe.pl\/aktualne\/#\/schema\/person\/9c2fb7d2362ebf6fa088960d7f0d27b0\"},\"headline\":\"Prezydent Nawrocki przybywa na Downing Street. Powitanie przez brytyjskiego premiera! (WIDEO I ZDJ\u0118CIA)\",\"datePublished\":\"2026-01-13T21:52:03+00:00\",\"dateModified\":\"2026-01-13T21:52:04+00:00\",\"mainEntityOfPage\":{\"@id\":\"https:\/\/www.pogotowieflagowe.pl\/aktualne\/prezydent-nawrocki-przybywa-na-downing-street-powitanie-przez-brytyjskiego-premiera-wideo-i-zdjecia\/\"},\"wordCount\":329,\"commentCount\":0,\"publisher\":{\"@id\":\"https:\/\/www.pogotowieflagowe.pl\/aktualne\/#organization\"},\"image\":{\"@id\":\"https:\/\/www.pogotowieflagowe.pl\/aktualne\/prezydent-nawrocki-przybywa-na-downing-street-powitanie-przez-brytyjskiego-premiera-wideo-i-zdjecia\/#primaryimage\"},\"thumbnailUrl\":\"https:\/\/www.pogotowieflagowe.pl\/aktualne\/wp-content\/uploads\/2026\/01\/Prezydent-Nawrocki-przybywa-na-Downing-Street-Powitanie-przez-brytyjskiego-premiera.webp.webp\",\"keywords\":[\"brytyjskiego\",\"Downing\",\"Nawrocki\",\"powitanie\",\"premiera\",\"Prezydent\",\"przez\",\"przybywa\",\"Street\",\"WIDEO\",\"zdj\u0119cia\"],\"articleSection\":[\"Polityka\"],\"inLanguage\":\"pl-PL\",\"potentialAction\":[{\"@type\":\"CommentAction\",\"name\":\"Comment\",\"target\":[\"https:\/\/www.pogotowieflagowe.pl\/aktualne\/prezydent-nawrocki-przybywa-na-downing-street-powitanie-przez-brytyjskiego-premiera-wideo-i-zdjecia\/#respond\"]}]},{\"@type\":\"WebPage\",\"@id\":\"https:\/\/www.pogotowieflagowe.pl\/aktualne\/prezydent-nawrocki-przybywa-na-downing-street-powitanie-przez-brytyjskiego-premiera-wideo-i-zdjecia\/\",\"url\":\"https:\/\/www.pogotowieflagowe.pl\/aktualne\/prezydent-nawrocki-przybywa-na-downing-street-powitanie-przez-brytyjskiego-premiera-wideo-i-zdjecia\/\",\"name\":\"Prezydent Nawrocki przybywa na Downing Street. Powitanie przez brytyjskiego premiera! (WIDEO I ZDJ\u0118CIA) - POGOTOWIE FLAGOWE\u00ae\",\"isPartOf\":{\"@id\":\"https:\/\/www.pogotowieflagowe.pl\/aktualne\/#website\"},\"primaryImageOfPage\":{\"@id\":\"https:\/\/www.pogotowieflagowe.pl\/aktualne\/prezydent-nawrocki-przybywa-na-downing-street-powitanie-przez-brytyjskiego-premiera-wideo-i-zdjecia\/#primaryimage\"},\"image\":{\"@id\":\"https:\/\/www.pogotowieflagowe.pl\/aktualne\/prezydent-nawrocki-przybywa-na-downing-street-powitanie-przez-brytyjskiego-premiera-wideo-i-zdjecia\/#primaryimage\"},\"thumbnailUrl\":\"https:\/\/www.pogotowieflagowe.pl\/aktualne\/wp-content\/uploads\/2026\/01\/Prezydent-Nawrocki-przybywa-na-Downing-Street-Powitanie-przez-brytyjskiego-premiera.webp.webp\",\"datePublished\":\"2026-01-13T21:52:03+00:00\",\"dateModified\":\"2026-01-13T21:52:04+00:00\",\"breadcrumb\":{\"@id\":\"https:\/\/www.pogotowieflagowe.pl\/aktualne\/prezydent-nawrocki-przybywa-na-downing-street-powitanie-przez-brytyjskiego-premiera-wideo-i-zdjecia\/#breadcrumb\"},\"inLanguage\":\"pl-PL\",\"potentialAction\":[{\"@type\":\"ReadAction\",\"target\":[\"https:\/\/www.pogotowieflagowe.pl\/aktualne\/prezydent-nawrocki-przybywa-na-downing-street-powitanie-przez-brytyjskiego-premiera-wideo-i-zdjecia\/\"]}]},{\"@type\":\"ImageObject\",\"inLanguage\":\"pl-PL\",\"@id\":\"https:\/\/www.pogotowieflagowe.pl\/aktualne\/prezydent-nawrocki-przybywa-na-downing-street-powitanie-przez-brytyjskiego-premiera-wideo-i-zdjecia\/#primaryimage\",\"url\":\"https:\/\/www.pogotowieflagowe.pl\/aktualne\/wp-content\/uploads\/2026\/01\/Prezydent-Nawrocki-przybywa-na-Downing-Street-Powitanie-przez-brytyjskiego-premiera.webp.webp\",\"contentUrl\":\"https:\/\/www.pogotowieflagowe.pl\/aktualne\/wp-content\/uploads\/2026\/01\/Prezydent-Nawrocki-przybywa-na-Downing-Street-Powitanie-przez-brytyjskiego-premiera.webp.webp\",\"width\":1280,\"height\":720,\"caption\":\"Prezydent Nawrocki przybywa na Downing Street. Powitanie przez brytyjskiego premiera! (WIDEO I ZDJ\u0118CIA)\"},{\"@type\":\"BreadcrumbList\",\"@id\":\"https:\/\/www.pogotowieflagowe.pl\/aktualne\/prezydent-nawrocki-przybywa-na-downing-street-powitanie-przez-brytyjskiego-premiera-wideo-i-zdjecia\/#breadcrumb\",\"itemListElement\":[{\"@type\":\"ListItem\",\"position\":1,\"name\":\"Home\",\"item\":\"https:\/\/www.pogotowieflagowe.pl\/aktualne\/\"},{\"@type\":\"ListItem\",\"position\":2,\"name\":\"Prezydent Nawrocki przybywa na Downing Street. Powitanie przez brytyjskiego premiera! (WIDEO I ZDJ\u0118CIA)\"}]},{\"@type\":\"WebSite\",\"@id\":\"https:\/\/www.pogotowieflagowe.pl\/aktualne\/#website\",\"url\":\"https:\/\/www.pogotowieflagowe.pl\/aktualne\/\",\"name\":\"POGOTOWIE FLAGOWE\u00ae\",\"description\":\"\",\"publisher\":{\"@id\":\"https:\/\/www.pogotowieflagowe.pl\/aktualne\/#organization\"},\"potentialAction\":[{\"@type\":\"SearchAction\",\"target\":{\"@type\":\"EntryPoint\",\"urlTemplate\":\"https:\/\/www.pogotowieflagowe.pl\/aktualne\/?s={search_term_string}\"},\"query-input\":\"required name=search_term_string\"}],\"inLanguage\":\"pl-PL\"},{\"@type\":\"Organization\",\"@id\":\"https:\/\/www.pogotowieflagowe.pl\/aktualne\/#organization\",\"name\":\"POGOTOWIE FLAGOWE\u00ae\",\"url\":\"https:\/\/www.pogotowieflagowe.pl\/aktualne\/\",\"logo\":{\"@type\":\"ImageObject\",\"inLanguage\":\"pl-PL\",\"@id\":\"https:\/\/www.pogotowieflagowe.pl\/aktualne\/#\/schema\/logo\/image\/\",\"url\":\"https:\/\/www.pogotowieflagowe.pl\/aktualne\/wp-content\/uploads\/2024\/08\/cropped-pogotowieflagowe_flaga_projekt_sm.jpg\",\"contentUrl\":\"https:\/\/www.pogotowieflagowe.pl\/aktualne\/wp-content\/uploads\/2024\/08\/cropped-pogotowieflagowe_flaga_projekt_sm.jpg\",\"width\":250,\"height\":143,\"caption\":\"POGOTOWIE FLAGOWE\u00ae\"},\"image\":{\"@id\":\"https:\/\/www.pogotowieflagowe.pl\/aktualne\/#\/schema\/logo\/image\/\"}},{\"@type\":\"Person\",\"@id\":\"https:\/\/www.pogotowieflagowe.pl\/aktualne\/#\/schema\/person\/9c2fb7d2362ebf6fa088960d7f0d27b0\",\"name\":\"Filip\",\"image\":{\"@type\":\"ImageObject\",\"inLanguage\":\"pl-PL\",\"@id\":\"https:\/\/www.pogotowieflagowe.pl\/aktualne\/#\/schema\/person\/image\/\",\"url\":\"https:\/\/www.pogotowieflagowe.pl\/aktualne\/wp-content\/uploads\/2024\/08\/pogotowieflagowe.pl_.jpg\",\"contentUrl\":\"https:\/\/www.pogotowieflagowe.pl\/aktualne\/wp-content\/uploads\/2024\/08\/pogotowieflagowe.pl_.jpg\",\"caption\":\"Filip\"},\"description\":\"Jestem Filip, polski dziennikarz z dyplomem nauk politycznych Uniwersytetu Warszawskiego. Rozpoczynaj\u0105c swoj\u0105 karier\u0119 w r\u00f3\u017cnych lokalnych mediach, zdoby\u0142em solidne do\u015bwiadczenie w zakresie \u015bledztwa i redakcji. Obecnie jako redaktor w Pogotowie flagowe, staram si\u0119 dostarcza\u0107 dog\u0142\u0119bne i istotne analizy na temat najwa\u017cniejszych kwestii aktualno\u015bci, \u0142\u0105cz\u0105c rygor z pasj\u0105 dziennikarsk\u0105.\",\"sameAs\":[\"https:\/\/www.pogotowieflagowe.pl\/\"]}]}<\/script>\n<!-- \/ Yoast SEO plugin. -->","yoast_head_json":{"title":"Prezydent Nawrocki przybywa na Downing Street. Powitanie przez brytyjskiego premiera! (WIDEO I ZDJ\u0118CIA) - POGOTOWIE FLAGOWE\u00ae","robots":{"index":"index","follow":"follow","max-snippet":"max-snippet:-1","max-image-preview":"max-image-preview:large","max-video-preview":"max-video-preview:-1"},"canonical":"https:\/\/www.pogotowieflagowe.pl\/aktualne\/prezydent-nawrocki-przybywa-na-downing-street-powitanie-przez-brytyjskiego-premiera-wideo-i-zdjecia\/","og_locale":"pl_PL","og_type":"article","og_title":"Prezydent Nawrocki przybywa na Downing Street. Powitanie przez brytyjskiego premiera! (WIDEO I ZDJ\u0118CIA) - POGOTOWIE FLAGOWE\u00ae","og_description":"Przed po\u0142udniem na Downing Street w Londynie przyby\u0142 Prezydent RP Karol Nawrocki. G\u0142ow\u0119 pa\u0144stwa polskiego uroczy\u015bcie powita\u0142 premier Wielkiej Brytanii","og_url":"https:\/\/www.pogotowieflagowe.pl\/aktualne\/prezydent-nawrocki-przybywa-na-downing-street-powitanie-przez-brytyjskiego-premiera-wideo-i-zdjecia\/","og_site_name":"POGOTOWIE FLAGOWE\u00ae","article_published_time":"2026-01-13T21:52:03+00:00","article_modified_time":"2026-01-13T21:52:04+00:00","og_image":[{"width":1280,"height":720,"url":"https:\/\/www.pogotowieflagowe.pl\/aktualne\/wp-content\/uploads\/2026\/01\/Prezydent-Nawrocki-przybywa-na-Downing-Street-Powitanie-przez-brytyjskiego-premiera.webp.webp","type":"image\/webp"}],"author":"Filip","twitter_card":"summary_large_image","twitter_misc":{"Napisane przez":"Filip","Szacowany czas czytania":"2 minuty"},"schema":{"@context":"https:\/\/schema.org","@graph":[{"@type":"Article","@id":"https:\/\/www.pogotowieflagowe.pl\/aktualne\/prezydent-nawrocki-przybywa-na-downing-street-powitanie-przez-brytyjskiego-premiera-wideo-i-zdjecia\/#article","isPartOf":{"@id":"https:\/\/www.pogotowieflagowe.pl\/aktualne\/prezydent-nawrocki-przybywa-na-downing-street-powitanie-przez-brytyjskiego-premiera-wideo-i-zdjecia\/"},"author":{"name":"Filip","@id":"https:\/\/www.pogotowieflagowe.pl\/aktualne\/#\/schema\/person\/9c2fb7d2362ebf6fa088960d7f0d27b0"},"headline":"Prezydent Nawrocki przybywa na Downing Street. Powitanie przez brytyjskiego premiera! (WIDEO I ZDJ\u0118CIA)","datePublished":"2026-01-13T21:52:03+00:00","dateModified":"2026-01-13T21:52:04+00:00","mainEntityOfPage":{"@id":"https:\/\/www.pogotowieflagowe.pl\/aktualne\/prezydent-nawrocki-przybywa-na-downing-street-powitanie-przez-brytyjskiego-premiera-wideo-i-zdjecia\/"},"wordCount":329,"commentCount":0,"publisher":{"@id":"https:\/\/www.pogotowieflagowe.pl\/aktualne\/#organization"},"image":{"@id":"https:\/\/www.pogotowieflagowe.pl\/aktualne\/prezydent-nawrocki-przybywa-na-downing-street-powitanie-przez-brytyjskiego-premiera-wideo-i-zdjecia\/#primaryimage"},"thumbnailUrl":"https:\/\/www.pogotowieflagowe.pl\/aktualne\/wp-content\/uploads\/2026\/01\/Prezydent-Nawrocki-przybywa-na-Downing-Street-Powitanie-przez-brytyjskiego-premiera.webp.webp","keywords":["brytyjskiego","Downing","Nawrocki","powitanie","premiera","Prezydent","przez","przybywa","Street","WIDEO","zdj\u0119cia"],"articleSection":["Polityka"],"inLanguage":"pl-PL","potentialAction":[{"@type":"CommentAction","name":"Comment","target":["https:\/\/www.pogotowieflagowe.pl\/aktualne\/prezydent-nawrocki-przybywa-na-downing-street-powitanie-przez-brytyjskiego-premiera-wideo-i-zdjecia\/#respond"]}]},{"@type":"WebPage","@id":"https:\/\/www.pogotowieflagowe.pl\/aktualne\/prezydent-nawrocki-przybywa-na-downing-street-powitanie-przez-brytyjskiego-premiera-wideo-i-zdjecia\/","url":"https:\/\/www.pogotowieflagowe.pl\/aktualne\/prezydent-nawrocki-przybywa-na-downing-street-powitanie-przez-brytyjskiego-premiera-wideo-i-zdjecia\/","name":"Prezydent Nawrocki przybywa na Downing Street. Powitanie przez brytyjskiego premiera! (WIDEO I ZDJ\u0118CIA) - POGOTOWIE FLAGOWE\u00ae","isPartOf":{"@id":"https:\/\/www.pogotowieflagowe.pl\/aktualne\/#website"},"primaryImageOfPage":{"@id":"https:\/\/www.pogotowieflagowe.pl\/aktualne\/prezydent-nawrocki-przybywa-na-downing-street-powitanie-przez-brytyjskiego-premiera-wideo-i-zdjecia\/#primaryimage"},"image":{"@id":"https:\/\/www.pogotowieflagowe.pl\/aktualne\/prezydent-nawrocki-przybywa-na-downing-street-powitanie-przez-brytyjskiego-premiera-wideo-i-zdjecia\/#primaryimage"},"thumbnailUrl":"https:\/\/www.pogotowieflagowe.pl\/aktualne\/wp-content\/uploads\/2026\/01\/Prezydent-Nawrocki-przybywa-na-Downing-Street-Powitanie-przez-brytyjskiego-premiera.webp.webp","datePublished":"2026-01-13T21:52:03+00:00","dateModified":"2026-01-13T21:52:04+00:00","breadcrumb":{"@id":"https:\/\/www.pogotowieflagowe.pl\/aktualne\/prezydent-nawrocki-przybywa-na-downing-street-powitanie-przez-brytyjskiego-premiera-wideo-i-zdjecia\/#breadcrumb"},"inLanguage":"pl-PL","potentialAction":[{"@type":"ReadAction","target":["https:\/\/www.pogotowieflagowe.pl\/aktualne\/prezydent-nawrocki-przybywa-na-downing-street-powitanie-przez-brytyjskiego-premiera-wideo-i-zdjecia\/"]}]},{"@type":"ImageObject","inLanguage":"pl-PL","@id":"https:\/\/www.pogotowieflagowe.pl\/aktualne\/prezydent-nawrocki-przybywa-na-downing-street-powitanie-przez-brytyjskiego-premiera-wideo-i-zdjecia\/#primaryimage","url":"https:\/\/www.pogotowieflagowe.pl\/aktualne\/wp-content\/uploads\/2026\/01\/Prezydent-Nawrocki-przybywa-na-Downing-Street-Powitanie-przez-brytyjskiego-premiera.webp.webp","contentUrl":"https:\/\/www.pogotowieflagowe.pl\/aktualne\/wp-content\/uploads\/2026\/01\/Prezydent-Nawrocki-przybywa-na-Downing-Street-Powitanie-przez-brytyjskiego-premiera.webp.webp","width":1280,"height":720,"caption":"Prezydent Nawrocki przybywa na Downing Street. Powitanie przez brytyjskiego premiera! (WIDEO I ZDJ\u0118CIA)"},{"@type":"BreadcrumbList","@id":"https:\/\/www.pogotowieflagowe.pl\/aktualne\/prezydent-nawrocki-przybywa-na-downing-street-powitanie-przez-brytyjskiego-premiera-wideo-i-zdjecia\/#breadcrumb","itemListElement":[{"@type":"ListItem","position":1,"name":"Home","item":"https:\/\/www.pogotowieflagowe.pl\/aktualne\/"},{"@type":"ListItem","position":2,"name":"Prezydent Nawrocki przybywa na Downing Street. Powitanie przez brytyjskiego premiera! (WIDEO I ZDJ\u0118CIA)"}]},{"@type":"WebSite","@id":"https:\/\/www.pogotowieflagowe.pl\/aktualne\/#website","url":"https:\/\/www.pogotowieflagowe.pl\/aktualne\/","name":"POGOTOWIE FLAGOWE\u00ae","description":"","publisher":{"@id":"https:\/\/www.pogotowieflagowe.pl\/aktualne\/#organization"},"potentialAction":[{"@type":"SearchAction","target":{"@type":"EntryPoint","urlTemplate":"https:\/\/www.pogotowieflagowe.pl\/aktualne\/?s={search_term_string}"},"query-input":"required name=search_term_string"}],"inLanguage":"pl-PL"},{"@type":"Organization","@id":"https:\/\/www.pogotowieflagowe.pl\/aktualne\/#organization","name":"POGOTOWIE FLAGOWE\u00ae","url":"https:\/\/www.pogotowieflagowe.pl\/aktualne\/","logo":{"@type":"ImageObject","inLanguage":"pl-PL","@id":"https:\/\/www.pogotowieflagowe.pl\/aktualne\/#\/schema\/logo\/image\/","url":"https:\/\/www.pogotowieflagowe.pl\/aktualne\/wp-content\/uploads\/2024\/08\/cropped-pogotowieflagowe_flaga_projekt_sm.jpg","contentUrl":"https:\/\/www.pogotowieflagowe.pl\/aktualne\/wp-content\/uploads\/2024\/08\/cropped-pogotowieflagowe_flaga_projekt_sm.jpg","width":250,"height":143,"caption":"POGOTOWIE FLAGOWE\u00ae"},"image":{"@id":"https:\/\/www.pogotowieflagowe.pl\/aktualne\/#\/schema\/logo\/image\/"}},{"@type":"Person","@id":"https:\/\/www.pogotowieflagowe.pl\/aktualne\/#\/schema\/person\/9c2fb7d2362ebf6fa088960d7f0d27b0","name":"Filip","image":{"@type":"ImageObject","inLanguage":"pl-PL","@id":"https:\/\/www.pogotowieflagowe.pl\/aktualne\/#\/schema\/person\/image\/","url":"https:\/\/www.pogotowieflagowe.pl\/aktualne\/wp-content\/uploads\/2024\/08\/pogotowieflagowe.pl_.jpg","contentUrl":"https:\/\/www.pogotowieflagowe.pl\/aktualne\/wp-content\/uploads\/2024\/08\/pogotowieflagowe.pl_.jpg","caption":"Filip"},"description":"Jestem Filip, polski dziennikarz z dyplomem nauk politycznych Uniwersytetu Warszawskiego. Rozpoczynaj\u0105c swoj\u0105 karier\u0119 w r\u00f3\u017cnych lokalnych mediach, zdoby\u0142em solidne do\u015bwiadczenie w zakresie \u015bledztwa i redakcji. Obecnie jako redaktor w Pogotowie flagowe, staram si\u0119 dostarcza\u0107 dog\u0142\u0119bne i istotne analizy na temat najwa\u017cniejszych kwestii aktualno\u015bci, \u0142\u0105cz\u0105c rygor z pasj\u0105 dziennikarsk\u0105.","sameAs":["https:\/\/www.pogotowieflagowe.pl\/"]}]}},"_links":{"self":[{"href":"https:\/\/www.pogotowieflagowe.pl\/aktualne\/wp-json\/wp\/v2\/posts\/12119","targetHints":{"allow":["GET"]}}],"collection":[{"href":"https:\/\/www.pogotowieflagowe.pl\/aktualne\/wp-json\/wp\/v2\/posts"}],"about":[{"href":"https:\/\/www.pogotowieflagowe.pl\/aktualne\/wp-json\/wp\/v2\/types\/post"}],"author":[{"embeddable":true,"href":"https:\/\/www.pogotowieflagowe.pl\/aktualne\/wp-json\/wp\/v2\/users\/1"}],"replies":[{"embeddable":true,"href":"https:\/\/www.pogotowieflagowe.pl\/aktualne\/wp-json\/wp\/v2\/comments?post=12119"}],"version-history":[{"count":1,"href":"https:\/\/www.pogotowieflagowe.pl\/aktualne\/wp-json\/wp\/v2\/posts\/12119\/revisions"}],"predecessor-version":[{"id":12121,"href":"https:\/\/www.pogotowieflagowe.pl\/aktualne\/wp-json\/wp\/v2\/posts\/12119\/revisions\/12121"}],"wp:featuredmedia":[{"embeddable":true,"href":"https:\/\/www.pogotowieflagowe.pl\/aktualne\/wp-json\/wp\/v2\/media\/12120"}],"wp:attachment":[{"href":"https:\/\/www.pogotowieflagowe.pl\/aktualne\/wp-json\/wp\/v2\/media?parent=12119"}],"wp:term":[{"taxonomy":"category","embeddable":true,"href":"https:\/\/www.pogotowieflagowe.pl\/aktualne\/wp-json\/wp\/v2\/categories?post=12119"},{"taxonomy":"post_tag","embeddable":true,"href":"https:\/\/www.pogotowieflagowe.pl\/aktualne\/wp-json\/wp\/v2\/tags?post=12119"}],"curies":[{"name":"wp","href":"https:\/\/api.w.org\/{rel}","templated":true}]}}