{"id":1225,"date":"2024-10-10T20:48:20","date_gmt":"2024-10-10T18:48:20","guid":{"rendered":"https:\/\/www.pogotowieflagowe.pl\/aktualne\/kancelaria-prezydenta-dudy-o-niezawislosci-sedziowskiej-oslabianie-sedziow-zagraza-bezpieczenstwu-prawnemu-obywateli\/"},"modified":"2024-10-10T20:48:21","modified_gmt":"2024-10-10T18:48:21","slug":"kancelaria-prezydenta-dudy-o-niezawislosci-sedziowskiej-oslabianie-sedziow-zagraza-bezpieczenstwu-prawnemu-obywateli","status":"publish","type":"post","link":"https:\/\/www.pogotowieflagowe.pl\/aktualne\/kancelaria-prezydenta-dudy-o-niezawislosci-sedziowskiej-oslabianie-sedziow-zagraza-bezpieczenstwu-prawnemu-obywateli\/","title":{"rendered":"Kancelaria Prezydenta Dudy o niezawis\u0142o\u015bci s\u0119dziowskiej: \u201eOs\u0142abianie s\u0119dzi\u00f3w zagra\u017ca bezpiecze\u0144stwu prawnemu obywateli\u201d"},"content":{"rendered":"\n<div class=\"td_block_wrap tdb_single_content tdi_48 td-pb-border-top td_block_template_8 td-post-content tagdiv-type\" data-td-block-uid=\"tdi_48\">\n<style>.tdi_48{margines-g\u00f3rny:0px!important;margin-bottom:0px!important;dope\u0142nienie-g\u00f3ra:0px!important;dope\u0142nienie-d\u00f3\u0142:0px!important}<\/style>\n<style>.tdb_single_content{margin-bottom:0;*zoom:1}.tdb_single_content:before,.tdb_single_content:after{display:table;content:'';line-height:0}.tdb_single_content:after{clear:both}.tdb_single_content .tdb-block-inner>*:not(.wp-block-quote):not(.alignwide):not(.alignfull.wp-block-cover.has-parallax):not(.td-a-ad) {margin-left:auto;margin-right:auto}.tdb_single_content a{pointer-events:auto}.tdb_single_content .td-spot-id-top_ad .tdc-placeholder-title:before{content:'Najlepsza reklama artyku\u0142u'! wa\u017cne}.tdb_single_content .td-spot-id-inline_ad0 .tdc-placeholder-title:before{content:'Article Inline Ad 1'!important}.tdb_single_content .td-spot-id-inline_ad1 .tdc-placeholder-title:before {content:'Reklama wbudowana w artyku\u0142 2'!important}.tdb_single_content .td-spot-id-inline_ad2 .tdc-placeholder-title:before{content:'Reklama wbudowana w artyku\u0142 3'!important}.tdb_single_content .td-spot-id -bottom_ad .tdc-placeholder-title:before{content:'Article Bottom Ad'!important}.tdb_single_content .id_top_ad,.tdb_single_content .id_bottom_ad{clear:both;margin-bottom:21px;text-align:center}.tdb_single_content . id_top_ad img,.tdb_single_content .id_bottom_ad img{margin-bottom:0}.tdb_single_content .id_top_ad .adsbygoogle,.tdb_single_content .id_bottom_ad .adsbygoogle{position:relative}.tdb_single_content .id_ad_content-horiz- po lewej,.tdb_single_content .id_ad_content-horiz-right ,.tdb_single_content .id_ad_content-horiz-center{margin-bottom:15px}.tdb_single_content .id_ad_content-horiz-left img,.tdb_single_content .id_ad_content-horiz-right img,.tdb_single_content .id_ad_content-horiz -center img{margines-dolny: 0}.tdb_single_content .id_ad_content-horiz-center{text-align:center}.tdb_single_content .id_ad_content-horiz-center img{margin-right:auto;margin-left:auto}.tdb_single_content .id_ad_content-horiz-left{float: lewy;margin-g\u00f3rny:9px;margin-prawy:21px}.tdb_single_content .id_ad_content-horiz-right{float:right;margin-top:6px;margin-left:21px}.tdb_single_content .tdc-a-ad .tdc- placeholder-title{width:300px;height:250px}.tdb_single_content .tdc-a-ad .tdc-placeholder-title:before{position:absolute;top:50%;-webkit-transform:translateY(-50%); transform:translateY(-50%);margines:auto;display:table;width:100%}.tdb_single_content .tdb-block-inner.td-fix-index{word-break:break-word}.tdi_48,.tdi_48 >p,.tdi_48 .tdb-block-inner>p{font-size:16px!important;line-height:1.6!important}.tdi_48 .tdb-block-inner blockquote p{font-style:normal!important}@ media (maks. szeroko\u015b\u0107: 767 pikseli){.tdb_single_content .id_ad_content-horiz-left,.tdb_single_content .id_ad_content-horiz-right,.tdb_single_content .id_ad_content-horiz-center{margin:0 auto 26px auto}}@media (maks. szeroko\u015b\u0107 :767px){.tdb_single_content .id_ad_content-horiz-left{margin-right:0}}@media (max-width:767px){.tdb_single_content .id_ad_content-horiz-right{margin-left:0}}@media (max -width:767px){.tdb_single_content .td-a-ad{float:none;text-align:center}.tdb_single_content .td-a-ad img{margin-right:auto;margin-left:auto}.tdb_single_content . tdc-a-ad{float:none}}<\/style>\n<div class=\"tdb-block-inner td-fix-index\">\n<p>W stanowczym o\u015bwiadczeniu Prezydent Polski Andrzej Duda ostro skrytykowa\u0142 pr\u00f3by kwestionowania statusu s\u0119dzi\u00f3w, ostrzegaj\u0105c, \u017ce takie dzia\u0142ania podwa\u017caj\u0105 same podstawy wymiaru sprawiedliwo\u015bci i zagra\u017caj\u0105 bezpiecze\u0144stwu prawnemu obywateli. Przemawiaj\u0105c przed S\u0105dem Najwy\u017cszym podczas konferencji \u201eLavoro pericoloso. O pracy s\u0119dziego\u201d Duda da\u0142 jasno do zrozumienia, \u017ce \u200b\u200bnikt \u2013 nawet sami s\u0119dziowie \u2013 nie powinien kwestionowa\u0107 legalno\u015bci swoich koleg\u00f3w powo\u0142anych po 2018 roku przez KRS.<\/p>\n<p>W swoim wyst\u0105pieniu Duda podkre\u015bli\u0142, \u017ce s\u0119dziowie s\u0105 niezawi\u015bli w wykonywaniu swoich obowi\u0105zk\u00f3w, zwi\u0105zani jedynie Konstytucj\u0105 i prawem. Wed\u0142ug niego wszelkie pr\u00f3by kwestionowania wa\u017cno\u015bci nominacji s\u0119dziowskich czy niezawis\u0142o\u015bci s\u0119dzi\u00f3w, zw\u0142aszcza maj\u0105ce swoje pod\u0142o\u017ce w sporach politycznych, s\u0105 w pa\u0144stwie demokratycznym niedopuszczalne. Podkre\u015bli\u0142, \u017ce takie dzia\u0142ania podwa\u017caj\u0105 zaufanie spo\u0142eczne do wymiaru sprawiedliwo\u015bci i naruszaj\u0105 zasad\u0119 apolityzmu s\u0119dziowskiego.<\/p>\n<p>Duda nie dotrzyma\u0142 s\u0142owa, argumentuj\u0105c, \u017ce kwestionowanie statusu s\u0119dziego jest r\u00f3wnoznaczne z podwa\u017caniem fundament\u00f3w s\u0105downictwa, co w ostatecznym rozrachunku godzi w ochron\u0119 prawn\u0105 obywateli. Nalega\u0142, aby s\u0119dziowie pozostali bezstronni i powstrzymywali si\u0119 od anga\u017cowania si\u0119 w konflikty polityczne, dodaj\u0105c, \u017ce orzecze\u0144 wydawanych przez s\u0105dy nie nale\u017cy traktowa\u0107 jako zwyk\u0142ych opinii ani odrzuca\u0107 jako niewa\u017cnych przez osoby niezadowolone z ich wynik\u00f3w.<\/p>\n<p>Uznaj\u0105c potrzeb\u0119 reform maj\u0105cych na celu sprostanie wsp\u00f3\u0142czesnym wyzwaniom stoj\u0105cym przed wymiarem sprawiedliwo\u015bci, Duda stanowczo stwierdzi\u0142, \u017ce podstawowe zasady musz\u0105 pozosta\u0107 nienaruszone, w tym nienaruszalno\u015b\u0107 nominacji s\u0119dziowskich. Niedawne sugestie kwestionowania legalno\u015bci s\u0119dzi\u00f3w powo\u0142anych po 2018 r. nazwa\u0142 \u201eskandalem\u201d i zapowiedzia\u0142 sprzeciw wobec wszelkich niekonstytucyjnych regulacji, w tym propozycji stosowania \u201eaktywnej skruchy\u201d wobec tych s\u0119dzi\u00f3w.<\/p>\n<p>Uwagi Dudy pojawiaj\u0105 si\u0119 w obliczu wzrostu napi\u0119cia w polskim s\u0105downictwie, szczeg\u00f3lnie w zwi\u0105zku z nominacjami dokonanymi przez zreformowan\u0105 KRS po 2018 r., kt\u00f3re zdaniem cz\u0119\u015bci krytyk\u00f3w s\u0105 nieprawomocne. Prezydent jednak niezmiennie broni statusu tych s\u0119dzi\u00f3w, odrzucaj\u0105c wszelkie wysi\u0142ki na rzecz stanowienia innego prawa jako bezprecedensowe i niedopuszczalne.<\/p>\n<p>\u201eDo ostatniego dnia mojej kadencji b\u0119d\u0119 sprzeciwia\u0142 si\u0119 tym niekonstytucyjnym przepisom\u201d \u2013 zadeklarowa\u0142 Duda, sygnalizuj\u0105c przed\u0142u\u017caj\u0105c\u0105 si\u0119 walk\u0119 o przysz\u0142o\u015b\u0107 polskiego s\u0105downictwa.<\/p>\n<\/div>\n<\/div>\n","protected":false},"excerpt":{"rendered":"<p>W stanowczym o\u015bwiadczeniu Prezydent Polski Andrzej Duda ostro skrytykowa\u0142 pr\u00f3by kwestionowania statusu s\u0119dzi\u00f3w, ostrzegaj\u0105c, \u017ce takie dzia\u0142ania podwa\u017caj\u0105 same podstawy<\/p>\n","protected":false},"author":1,"featured_media":1226,"comment_status":"closed","ping_status":"","sticky":false,"template":"","format":"standard","meta":{"footnotes":""},"categories":[44],"tags":[2039,1454,2033,2034,2041,2036,2040,568,2037,2035,2038],"class_list":["post-1225","post","type-post","status-publish","format-standard","has-post-thumbnail","hentry","category-polityka","tag-bezpieczenstwu","tag-dudy","tag-kancelaria","tag-niezawislosci","tag-obywateli","tag-oslabianie","tag-prawnemu","tag-prezydenta","tag-sedziow","tag-sedziowskiej","tag-zagraza","generate-columns","tablet-grid-50","mobile-grid-100","grid-parent","grid-50","resize-featured-image"],"yoast_head":"<!-- This site is optimized with the Yoast SEO plugin v23.2 - https:\/\/yoast.com\/wordpress\/plugins\/seo\/ -->\n<title>Kancelaria Prezydenta Dudy o niezawis\u0142o\u015bci s\u0119dziowskiej: \u201eOs\u0142abianie s\u0119dzi\u00f3w zagra\u017ca bezpiecze\u0144stwu prawnemu obywateli\u201d - POGOTOWIE FLAGOWE\u00ae<\/title>\n<meta name=\"robots\" content=\"index, follow, max-snippet:-1, max-image-preview:large, max-video-preview:-1\" \/>\n<link rel=\"canonical\" href=\"https:\/\/www.pogotowieflagowe.pl\/aktualne\/kancelaria-prezydenta-dudy-o-niezawislosci-sedziowskiej-oslabianie-sedziow-zagraza-bezpieczenstwu-prawnemu-obywateli\/\" \/>\n<meta property=\"og:locale\" content=\"pl_PL\" \/>\n<meta property=\"og:type\" content=\"article\" \/>\n<meta property=\"og:title\" content=\"Kancelaria Prezydenta Dudy o niezawis\u0142o\u015bci s\u0119dziowskiej: \u201eOs\u0142abianie s\u0119dzi\u00f3w zagra\u017ca bezpiecze\u0144stwu prawnemu obywateli\u201d - POGOTOWIE FLAGOWE\u00ae\" \/>\n<meta property=\"og:description\" content=\"W stanowczym o\u015bwiadczeniu Prezydent Polski Andrzej Duda ostro skrytykowa\u0142 pr\u00f3by kwestionowania statusu s\u0119dzi\u00f3w, ostrzegaj\u0105c, \u017ce takie dzia\u0142ania podwa\u017caj\u0105 same podstawy\" \/>\n<meta property=\"og:url\" content=\"https:\/\/www.pogotowieflagowe.pl\/aktualne\/kancelaria-prezydenta-dudy-o-niezawislosci-sedziowskiej-oslabianie-sedziow-zagraza-bezpieczenstwu-prawnemu-obywateli\/\" \/>\n<meta property=\"og:site_name\" content=\"POGOTOWIE FLAGOWE\u00ae\" \/>\n<meta property=\"article:published_time\" content=\"2024-10-10T18:48:20+00:00\" \/>\n<meta property=\"article:modified_time\" content=\"2024-10-10T18:48:21+00:00\" \/>\n<meta property=\"og:image\" content=\"https:\/\/www.pogotowieflagowe.pl\/aktualne\/wp-content\/uploads\/2024\/10\/Kancelaria-Prezydenta-Dudy-o-niezawislosci-sedziowskiej-\u201eOslabianie-sedziow-zagraza-bezpieczenstwu.jpg\" \/>\n\t<meta property=\"og:image:width\" content=\"1280\" \/>\n\t<meta property=\"og:image:height\" content=\"720\" \/>\n\t<meta property=\"og:image:type\" content=\"image\/jpeg\" \/>\n<meta name=\"author\" content=\"Filip\" \/>\n<meta name=\"twitter:card\" content=\"summary_large_image\" \/>\n<meta name=\"twitter:label1\" content=\"Napisane przez\" \/>\n\t<meta name=\"twitter:data1\" content=\"Filip\" \/>\n\t<meta name=\"twitter:label2\" content=\"Szacowany czas czytania\" \/>\n\t<meta name=\"twitter:data2\" content=\"2 minuty\" \/>\n<script type=\"application\/ld+json\" class=\"yoast-schema-graph\">{\"@context\":\"https:\/\/schema.org\",\"@graph\":[{\"@type\":\"Article\",\"@id\":\"https:\/\/www.pogotowieflagowe.pl\/aktualne\/kancelaria-prezydenta-dudy-o-niezawislosci-sedziowskiej-oslabianie-sedziow-zagraza-bezpieczenstwu-prawnemu-obywateli\/#article\",\"isPartOf\":{\"@id\":\"https:\/\/www.pogotowieflagowe.pl\/aktualne\/kancelaria-prezydenta-dudy-o-niezawislosci-sedziowskiej-oslabianie-sedziow-zagraza-bezpieczenstwu-prawnemu-obywateli\/\"},\"author\":{\"name\":\"Filip\",\"@id\":\"https:\/\/www.pogotowieflagowe.pl\/aktualne\/#\/schema\/person\/9c2fb7d2362ebf6fa088960d7f0d27b0\"},\"headline\":\"Kancelaria Prezydenta Dudy o niezawis\u0142o\u015bci s\u0119dziowskiej: \u201eOs\u0142abianie s\u0119dzi\u00f3w zagra\u017ca bezpiecze\u0144stwu prawnemu obywateli\u201d\",\"datePublished\":\"2024-10-10T18:48:20+00:00\",\"dateModified\":\"2024-10-10T18:48:21+00:00\",\"mainEntityOfPage\":{\"@id\":\"https:\/\/www.pogotowieflagowe.pl\/aktualne\/kancelaria-prezydenta-dudy-o-niezawislosci-sedziowskiej-oslabianie-sedziow-zagraza-bezpieczenstwu-prawnemu-obywateli\/\"},\"wordCount\":406,\"publisher\":{\"@id\":\"https:\/\/www.pogotowieflagowe.pl\/aktualne\/#organization\"},\"image\":{\"@id\":\"https:\/\/www.pogotowieflagowe.pl\/aktualne\/kancelaria-prezydenta-dudy-o-niezawislosci-sedziowskiej-oslabianie-sedziow-zagraza-bezpieczenstwu-prawnemu-obywateli\/#primaryimage\"},\"thumbnailUrl\":\"https:\/\/www.pogotowieflagowe.pl\/aktualne\/wp-content\/uploads\/2024\/10\/Kancelaria-Prezydenta-Dudy-o-niezawislosci-sedziowskiej-\u201eOslabianie-sedziow-zagraza-bezpieczenstwu.jpg\",\"keywords\":[\"bezpiecze\u0144stwu\",\"Dudy\",\"Kancelaria\",\"niezawis\u0142o\u015bci\",\"obywateli\",\"Os\u0142abianie\",\"prawnemu\",\"prezydenta\",\"s\u0119dzi\u00f3w\",\"s\u0119dziowskiej\",\"zagra\u017ca\"],\"articleSection\":[\"Polityka\"],\"inLanguage\":\"pl-PL\"},{\"@type\":\"WebPage\",\"@id\":\"https:\/\/www.pogotowieflagowe.pl\/aktualne\/kancelaria-prezydenta-dudy-o-niezawislosci-sedziowskiej-oslabianie-sedziow-zagraza-bezpieczenstwu-prawnemu-obywateli\/\",\"url\":\"https:\/\/www.pogotowieflagowe.pl\/aktualne\/kancelaria-prezydenta-dudy-o-niezawislosci-sedziowskiej-oslabianie-sedziow-zagraza-bezpieczenstwu-prawnemu-obywateli\/\",\"name\":\"Kancelaria Prezydenta Dudy o niezawis\u0142o\u015bci s\u0119dziowskiej: \u201eOs\u0142abianie s\u0119dzi\u00f3w zagra\u017ca bezpiecze\u0144stwu prawnemu obywateli\u201d - POGOTOWIE FLAGOWE\u00ae\",\"isPartOf\":{\"@id\":\"https:\/\/www.pogotowieflagowe.pl\/aktualne\/#website\"},\"primaryImageOfPage\":{\"@id\":\"https:\/\/www.pogotowieflagowe.pl\/aktualne\/kancelaria-prezydenta-dudy-o-niezawislosci-sedziowskiej-oslabianie-sedziow-zagraza-bezpieczenstwu-prawnemu-obywateli\/#primaryimage\"},\"image\":{\"@id\":\"https:\/\/www.pogotowieflagowe.pl\/aktualne\/kancelaria-prezydenta-dudy-o-niezawislosci-sedziowskiej-oslabianie-sedziow-zagraza-bezpieczenstwu-prawnemu-obywateli\/#primaryimage\"},\"thumbnailUrl\":\"https:\/\/www.pogotowieflagowe.pl\/aktualne\/wp-content\/uploads\/2024\/10\/Kancelaria-Prezydenta-Dudy-o-niezawislosci-sedziowskiej-\u201eOslabianie-sedziow-zagraza-bezpieczenstwu.jpg\",\"datePublished\":\"2024-10-10T18:48:20+00:00\",\"dateModified\":\"2024-10-10T18:48:21+00:00\",\"breadcrumb\":{\"@id\":\"https:\/\/www.pogotowieflagowe.pl\/aktualne\/kancelaria-prezydenta-dudy-o-niezawislosci-sedziowskiej-oslabianie-sedziow-zagraza-bezpieczenstwu-prawnemu-obywateli\/#breadcrumb\"},\"inLanguage\":\"pl-PL\",\"potentialAction\":[{\"@type\":\"ReadAction\",\"target\":[\"https:\/\/www.pogotowieflagowe.pl\/aktualne\/kancelaria-prezydenta-dudy-o-niezawislosci-sedziowskiej-oslabianie-sedziow-zagraza-bezpieczenstwu-prawnemu-obywateli\/\"]}]},{\"@type\":\"ImageObject\",\"inLanguage\":\"pl-PL\",\"@id\":\"https:\/\/www.pogotowieflagowe.pl\/aktualne\/kancelaria-prezydenta-dudy-o-niezawislosci-sedziowskiej-oslabianie-sedziow-zagraza-bezpieczenstwu-prawnemu-obywateli\/#primaryimage\",\"url\":\"https:\/\/www.pogotowieflagowe.pl\/aktualne\/wp-content\/uploads\/2024\/10\/Kancelaria-Prezydenta-Dudy-o-niezawislosci-sedziowskiej-\u201eOslabianie-sedziow-zagraza-bezpieczenstwu.jpg\",\"contentUrl\":\"https:\/\/www.pogotowieflagowe.pl\/aktualne\/wp-content\/uploads\/2024\/10\/Kancelaria-Prezydenta-Dudy-o-niezawislosci-sedziowskiej-\u201eOslabianie-sedziow-zagraza-bezpieczenstwu.jpg\",\"width\":1280,\"height\":720,\"caption\":\"Kancelaria Prezydenta Dudy o niezawis\u0142o\u015bci s\u0119dziowskiej: \u201eOs\u0142abianie s\u0119dzi\u00f3w zagra\u017ca bezpiecze\u0144stwu prawnemu obywateli\u201d\"},{\"@type\":\"BreadcrumbList\",\"@id\":\"https:\/\/www.pogotowieflagowe.pl\/aktualne\/kancelaria-prezydenta-dudy-o-niezawislosci-sedziowskiej-oslabianie-sedziow-zagraza-bezpieczenstwu-prawnemu-obywateli\/#breadcrumb\",\"itemListElement\":[{\"@type\":\"ListItem\",\"position\":1,\"name\":\"Home\",\"item\":\"https:\/\/www.pogotowieflagowe.pl\/aktualne\/\"},{\"@type\":\"ListItem\",\"position\":2,\"name\":\"Kancelaria Prezydenta Dudy o niezawis\u0142o\u015bci s\u0119dziowskiej: \u201eOs\u0142abianie s\u0119dzi\u00f3w zagra\u017ca bezpiecze\u0144stwu prawnemu obywateli\u201d\"}]},{\"@type\":\"WebSite\",\"@id\":\"https:\/\/www.pogotowieflagowe.pl\/aktualne\/#website\",\"url\":\"https:\/\/www.pogotowieflagowe.pl\/aktualne\/\",\"name\":\"POGOTOWIE FLAGOWE\u00ae\",\"description\":\"\",\"publisher\":{\"@id\":\"https:\/\/www.pogotowieflagowe.pl\/aktualne\/#organization\"},\"potentialAction\":[{\"@type\":\"SearchAction\",\"target\":{\"@type\":\"EntryPoint\",\"urlTemplate\":\"https:\/\/www.pogotowieflagowe.pl\/aktualne\/?s={search_term_string}\"},\"query-input\":\"required name=search_term_string\"}],\"inLanguage\":\"pl-PL\"},{\"@type\":\"Organization\",\"@id\":\"https:\/\/www.pogotowieflagowe.pl\/aktualne\/#organization\",\"name\":\"POGOTOWIE FLAGOWE\u00ae\",\"url\":\"https:\/\/www.pogotowieflagowe.pl\/aktualne\/\",\"logo\":{\"@type\":\"ImageObject\",\"inLanguage\":\"pl-PL\",\"@id\":\"https:\/\/www.pogotowieflagowe.pl\/aktualne\/#\/schema\/logo\/image\/\",\"url\":\"https:\/\/www.pogotowieflagowe.pl\/aktualne\/wp-content\/uploads\/2024\/08\/cropped-pogotowieflagowe_flaga_projekt_sm.jpg\",\"contentUrl\":\"https:\/\/www.pogotowieflagowe.pl\/aktualne\/wp-content\/uploads\/2024\/08\/cropped-pogotowieflagowe_flaga_projekt_sm.jpg\",\"width\":250,\"height\":143,\"caption\":\"POGOTOWIE FLAGOWE\u00ae\"},\"image\":{\"@id\":\"https:\/\/www.pogotowieflagowe.pl\/aktualne\/#\/schema\/logo\/image\/\"}},{\"@type\":\"Person\",\"@id\":\"https:\/\/www.pogotowieflagowe.pl\/aktualne\/#\/schema\/person\/9c2fb7d2362ebf6fa088960d7f0d27b0\",\"name\":\"Filip\",\"image\":{\"@type\":\"ImageObject\",\"inLanguage\":\"pl-PL\",\"@id\":\"https:\/\/www.pogotowieflagowe.pl\/aktualne\/#\/schema\/person\/image\/\",\"url\":\"https:\/\/www.pogotowieflagowe.pl\/aktualne\/wp-content\/uploads\/2024\/08\/pogotowieflagowe.pl_.jpg\",\"contentUrl\":\"https:\/\/www.pogotowieflagowe.pl\/aktualne\/wp-content\/uploads\/2024\/08\/pogotowieflagowe.pl_.jpg\",\"caption\":\"Filip\"},\"description\":\"Jestem Filip, polski dziennikarz z dyplomem nauk politycznych Uniwersytetu Warszawskiego. Rozpoczynaj\u0105c swoj\u0105 karier\u0119 w r\u00f3\u017cnych lokalnych mediach, zdoby\u0142em solidne do\u015bwiadczenie w zakresie \u015bledztwa i redakcji. Obecnie jako redaktor w Pogotowie flagowe, staram si\u0119 dostarcza\u0107 dog\u0142\u0119bne i istotne analizy na temat najwa\u017cniejszych kwestii aktualno\u015bci, \u0142\u0105cz\u0105c rygor z pasj\u0105 dziennikarsk\u0105.\",\"sameAs\":[\"https:\/\/www.pogotowieflagowe.pl\/\"]}]}<\/script>\n<!-- \/ Yoast SEO plugin. -->","yoast_head_json":{"title":"Kancelaria Prezydenta Dudy o niezawis\u0142o\u015bci s\u0119dziowskiej: \u201eOs\u0142abianie s\u0119dzi\u00f3w zagra\u017ca bezpiecze\u0144stwu prawnemu obywateli\u201d - POGOTOWIE FLAGOWE\u00ae","robots":{"index":"index","follow":"follow","max-snippet":"max-snippet:-1","max-image-preview":"max-image-preview:large","max-video-preview":"max-video-preview:-1"},"canonical":"https:\/\/www.pogotowieflagowe.pl\/aktualne\/kancelaria-prezydenta-dudy-o-niezawislosci-sedziowskiej-oslabianie-sedziow-zagraza-bezpieczenstwu-prawnemu-obywateli\/","og_locale":"pl_PL","og_type":"article","og_title":"Kancelaria Prezydenta Dudy o niezawis\u0142o\u015bci s\u0119dziowskiej: \u201eOs\u0142abianie s\u0119dzi\u00f3w zagra\u017ca bezpiecze\u0144stwu prawnemu obywateli\u201d - POGOTOWIE FLAGOWE\u00ae","og_description":"W stanowczym o\u015bwiadczeniu Prezydent Polski Andrzej Duda ostro skrytykowa\u0142 pr\u00f3by kwestionowania statusu s\u0119dzi\u00f3w, ostrzegaj\u0105c, \u017ce takie dzia\u0142ania podwa\u017caj\u0105 same podstawy","og_url":"https:\/\/www.pogotowieflagowe.pl\/aktualne\/kancelaria-prezydenta-dudy-o-niezawislosci-sedziowskiej-oslabianie-sedziow-zagraza-bezpieczenstwu-prawnemu-obywateli\/","og_site_name":"POGOTOWIE FLAGOWE\u00ae","article_published_time":"2024-10-10T18:48:20+00:00","article_modified_time":"2024-10-10T18:48:21+00:00","og_image":[{"width":1280,"height":720,"url":"https:\/\/www.pogotowieflagowe.pl\/aktualne\/wp-content\/uploads\/2024\/10\/Kancelaria-Prezydenta-Dudy-o-niezawislosci-sedziowskiej-\u201eOslabianie-sedziow-zagraza-bezpieczenstwu.jpg","type":"image\/jpeg"}],"author":"Filip","twitter_card":"summary_large_image","twitter_misc":{"Napisane przez":"Filip","Szacowany czas czytania":"2 minuty"},"schema":{"@context":"https:\/\/schema.org","@graph":[{"@type":"Article","@id":"https:\/\/www.pogotowieflagowe.pl\/aktualne\/kancelaria-prezydenta-dudy-o-niezawislosci-sedziowskiej-oslabianie-sedziow-zagraza-bezpieczenstwu-prawnemu-obywateli\/#article","isPartOf":{"@id":"https:\/\/www.pogotowieflagowe.pl\/aktualne\/kancelaria-prezydenta-dudy-o-niezawislosci-sedziowskiej-oslabianie-sedziow-zagraza-bezpieczenstwu-prawnemu-obywateli\/"},"author":{"name":"Filip","@id":"https:\/\/www.pogotowieflagowe.pl\/aktualne\/#\/schema\/person\/9c2fb7d2362ebf6fa088960d7f0d27b0"},"headline":"Kancelaria Prezydenta Dudy o niezawis\u0142o\u015bci s\u0119dziowskiej: \u201eOs\u0142abianie s\u0119dzi\u00f3w zagra\u017ca bezpiecze\u0144stwu prawnemu obywateli\u201d","datePublished":"2024-10-10T18:48:20+00:00","dateModified":"2024-10-10T18:48:21+00:00","mainEntityOfPage":{"@id":"https:\/\/www.pogotowieflagowe.pl\/aktualne\/kancelaria-prezydenta-dudy-o-niezawislosci-sedziowskiej-oslabianie-sedziow-zagraza-bezpieczenstwu-prawnemu-obywateli\/"},"wordCount":406,"publisher":{"@id":"https:\/\/www.pogotowieflagowe.pl\/aktualne\/#organization"},"image":{"@id":"https:\/\/www.pogotowieflagowe.pl\/aktualne\/kancelaria-prezydenta-dudy-o-niezawislosci-sedziowskiej-oslabianie-sedziow-zagraza-bezpieczenstwu-prawnemu-obywateli\/#primaryimage"},"thumbnailUrl":"https:\/\/www.pogotowieflagowe.pl\/aktualne\/wp-content\/uploads\/2024\/10\/Kancelaria-Prezydenta-Dudy-o-niezawislosci-sedziowskiej-\u201eOslabianie-sedziow-zagraza-bezpieczenstwu.jpg","keywords":["bezpiecze\u0144stwu","Dudy","Kancelaria","niezawis\u0142o\u015bci","obywateli","Os\u0142abianie","prawnemu","prezydenta","s\u0119dzi\u00f3w","s\u0119dziowskiej","zagra\u017ca"],"articleSection":["Polityka"],"inLanguage":"pl-PL"},{"@type":"WebPage","@id":"https:\/\/www.pogotowieflagowe.pl\/aktualne\/kancelaria-prezydenta-dudy-o-niezawislosci-sedziowskiej-oslabianie-sedziow-zagraza-bezpieczenstwu-prawnemu-obywateli\/","url":"https:\/\/www.pogotowieflagowe.pl\/aktualne\/kancelaria-prezydenta-dudy-o-niezawislosci-sedziowskiej-oslabianie-sedziow-zagraza-bezpieczenstwu-prawnemu-obywateli\/","name":"Kancelaria Prezydenta Dudy o niezawis\u0142o\u015bci s\u0119dziowskiej: \u201eOs\u0142abianie s\u0119dzi\u00f3w zagra\u017ca bezpiecze\u0144stwu prawnemu obywateli\u201d - POGOTOWIE FLAGOWE\u00ae","isPartOf":{"@id":"https:\/\/www.pogotowieflagowe.pl\/aktualne\/#website"},"primaryImageOfPage":{"@id":"https:\/\/www.pogotowieflagowe.pl\/aktualne\/kancelaria-prezydenta-dudy-o-niezawislosci-sedziowskiej-oslabianie-sedziow-zagraza-bezpieczenstwu-prawnemu-obywateli\/#primaryimage"},"image":{"@id":"https:\/\/www.pogotowieflagowe.pl\/aktualne\/kancelaria-prezydenta-dudy-o-niezawislosci-sedziowskiej-oslabianie-sedziow-zagraza-bezpieczenstwu-prawnemu-obywateli\/#primaryimage"},"thumbnailUrl":"https:\/\/www.pogotowieflagowe.pl\/aktualne\/wp-content\/uploads\/2024\/10\/Kancelaria-Prezydenta-Dudy-o-niezawislosci-sedziowskiej-\u201eOslabianie-sedziow-zagraza-bezpieczenstwu.jpg","datePublished":"2024-10-10T18:48:20+00:00","dateModified":"2024-10-10T18:48:21+00:00","breadcrumb":{"@id":"https:\/\/www.pogotowieflagowe.pl\/aktualne\/kancelaria-prezydenta-dudy-o-niezawislosci-sedziowskiej-oslabianie-sedziow-zagraza-bezpieczenstwu-prawnemu-obywateli\/#breadcrumb"},"inLanguage":"pl-PL","potentialAction":[{"@type":"ReadAction","target":["https:\/\/www.pogotowieflagowe.pl\/aktualne\/kancelaria-prezydenta-dudy-o-niezawislosci-sedziowskiej-oslabianie-sedziow-zagraza-bezpieczenstwu-prawnemu-obywateli\/"]}]},{"@type":"ImageObject","inLanguage":"pl-PL","@id":"https:\/\/www.pogotowieflagowe.pl\/aktualne\/kancelaria-prezydenta-dudy-o-niezawislosci-sedziowskiej-oslabianie-sedziow-zagraza-bezpieczenstwu-prawnemu-obywateli\/#primaryimage","url":"https:\/\/www.pogotowieflagowe.pl\/aktualne\/wp-content\/uploads\/2024\/10\/Kancelaria-Prezydenta-Dudy-o-niezawislosci-sedziowskiej-\u201eOslabianie-sedziow-zagraza-bezpieczenstwu.jpg","contentUrl":"https:\/\/www.pogotowieflagowe.pl\/aktualne\/wp-content\/uploads\/2024\/10\/Kancelaria-Prezydenta-Dudy-o-niezawislosci-sedziowskiej-\u201eOslabianie-sedziow-zagraza-bezpieczenstwu.jpg","width":1280,"height":720,"caption":"Kancelaria Prezydenta Dudy o niezawis\u0142o\u015bci s\u0119dziowskiej: \u201eOs\u0142abianie s\u0119dzi\u00f3w zagra\u017ca bezpiecze\u0144stwu prawnemu obywateli\u201d"},{"@type":"BreadcrumbList","@id":"https:\/\/www.pogotowieflagowe.pl\/aktualne\/kancelaria-prezydenta-dudy-o-niezawislosci-sedziowskiej-oslabianie-sedziow-zagraza-bezpieczenstwu-prawnemu-obywateli\/#breadcrumb","itemListElement":[{"@type":"ListItem","position":1,"name":"Home","item":"https:\/\/www.pogotowieflagowe.pl\/aktualne\/"},{"@type":"ListItem","position":2,"name":"Kancelaria Prezydenta Dudy o niezawis\u0142o\u015bci s\u0119dziowskiej: \u201eOs\u0142abianie s\u0119dzi\u00f3w zagra\u017ca bezpiecze\u0144stwu prawnemu obywateli\u201d"}]},{"@type":"WebSite","@id":"https:\/\/www.pogotowieflagowe.pl\/aktualne\/#website","url":"https:\/\/www.pogotowieflagowe.pl\/aktualne\/","name":"POGOTOWIE FLAGOWE\u00ae","description":"","publisher":{"@id":"https:\/\/www.pogotowieflagowe.pl\/aktualne\/#organization"},"potentialAction":[{"@type":"SearchAction","target":{"@type":"EntryPoint","urlTemplate":"https:\/\/www.pogotowieflagowe.pl\/aktualne\/?s={search_term_string}"},"query-input":"required name=search_term_string"}],"inLanguage":"pl-PL"},{"@type":"Organization","@id":"https:\/\/www.pogotowieflagowe.pl\/aktualne\/#organization","name":"POGOTOWIE FLAGOWE\u00ae","url":"https:\/\/www.pogotowieflagowe.pl\/aktualne\/","logo":{"@type":"ImageObject","inLanguage":"pl-PL","@id":"https:\/\/www.pogotowieflagowe.pl\/aktualne\/#\/schema\/logo\/image\/","url":"https:\/\/www.pogotowieflagowe.pl\/aktualne\/wp-content\/uploads\/2024\/08\/cropped-pogotowieflagowe_flaga_projekt_sm.jpg","contentUrl":"https:\/\/www.pogotowieflagowe.pl\/aktualne\/wp-content\/uploads\/2024\/08\/cropped-pogotowieflagowe_flaga_projekt_sm.jpg","width":250,"height":143,"caption":"POGOTOWIE FLAGOWE\u00ae"},"image":{"@id":"https:\/\/www.pogotowieflagowe.pl\/aktualne\/#\/schema\/logo\/image\/"}},{"@type":"Person","@id":"https:\/\/www.pogotowieflagowe.pl\/aktualne\/#\/schema\/person\/9c2fb7d2362ebf6fa088960d7f0d27b0","name":"Filip","image":{"@type":"ImageObject","inLanguage":"pl-PL","@id":"https:\/\/www.pogotowieflagowe.pl\/aktualne\/#\/schema\/person\/image\/","url":"https:\/\/www.pogotowieflagowe.pl\/aktualne\/wp-content\/uploads\/2024\/08\/pogotowieflagowe.pl_.jpg","contentUrl":"https:\/\/www.pogotowieflagowe.pl\/aktualne\/wp-content\/uploads\/2024\/08\/pogotowieflagowe.pl_.jpg","caption":"Filip"},"description":"Jestem Filip, polski dziennikarz z dyplomem nauk politycznych Uniwersytetu Warszawskiego. Rozpoczynaj\u0105c swoj\u0105 karier\u0119 w r\u00f3\u017cnych lokalnych mediach, zdoby\u0142em solidne do\u015bwiadczenie w zakresie \u015bledztwa i redakcji. Obecnie jako redaktor w Pogotowie flagowe, staram si\u0119 dostarcza\u0107 dog\u0142\u0119bne i istotne analizy na temat najwa\u017cniejszych kwestii aktualno\u015bci, \u0142\u0105cz\u0105c rygor z pasj\u0105 dziennikarsk\u0105.","sameAs":["https:\/\/www.pogotowieflagowe.pl\/"]}]}},"_links":{"self":[{"href":"https:\/\/www.pogotowieflagowe.pl\/aktualne\/wp-json\/wp\/v2\/posts\/1225","targetHints":{"allow":["GET"]}}],"collection":[{"href":"https:\/\/www.pogotowieflagowe.pl\/aktualne\/wp-json\/wp\/v2\/posts"}],"about":[{"href":"https:\/\/www.pogotowieflagowe.pl\/aktualne\/wp-json\/wp\/v2\/types\/post"}],"author":[{"embeddable":true,"href":"https:\/\/www.pogotowieflagowe.pl\/aktualne\/wp-json\/wp\/v2\/users\/1"}],"replies":[{"embeddable":true,"href":"https:\/\/www.pogotowieflagowe.pl\/aktualne\/wp-json\/wp\/v2\/comments?post=1225"}],"version-history":[{"count":1,"href":"https:\/\/www.pogotowieflagowe.pl\/aktualne\/wp-json\/wp\/v2\/posts\/1225\/revisions"}],"predecessor-version":[{"id":1227,"href":"https:\/\/www.pogotowieflagowe.pl\/aktualne\/wp-json\/wp\/v2\/posts\/1225\/revisions\/1227"}],"wp:featuredmedia":[{"embeddable":true,"href":"https:\/\/www.pogotowieflagowe.pl\/aktualne\/wp-json\/wp\/v2\/media\/1226"}],"wp:attachment":[{"href":"https:\/\/www.pogotowieflagowe.pl\/aktualne\/wp-json\/wp\/v2\/media?parent=1225"}],"wp:term":[{"taxonomy":"category","embeddable":true,"href":"https:\/\/www.pogotowieflagowe.pl\/aktualne\/wp-json\/wp\/v2\/categories?post=1225"},{"taxonomy":"post_tag","embeddable":true,"href":"https:\/\/www.pogotowieflagowe.pl\/aktualne\/wp-json\/wp\/v2\/tags?post=1225"}],"curies":[{"name":"wp","href":"https:\/\/api.w.org\/{rel}","templated":true}]}}