{"id":12402,"date":"2026-01-31T21:49:20","date_gmt":"2026-01-31T20:49:20","guid":{"rendered":"https:\/\/www.pogotowieflagowe.pl\/aktualne\/rekordowe-zwolnienia-zbiorowe-trudny-rok-dla-pracownikow-po-krytyce-rzadu-tuska\/"},"modified":"2026-01-31T21:49:21","modified_gmt":"2026-01-31T20:49:21","slug":"rekordowe-zwolnienia-zbiorowe-trudny-rok-dla-pracownikow-po-krytyce-rzadu-tuska","status":"publish","type":"post","link":"https:\/\/www.pogotowieflagowe.pl\/aktualne\/rekordowe-zwolnienia-zbiorowe-trudny-rok-dla-pracownikow-po-krytyce-rzadu-tuska\/","title":{"rendered":"Rekordowe zwolnienia zbiorowe: trudny rok dla pracownik\u00f3w po krytyce rz\u0105du Tuska"},"content":{"rendered":"\n<div class=\"td_block_wrap tdb_single_content tdi_41 td-pb-border-top td_block_template_8 td-post-content tagdiv-type\" data-td-block-uid=\"tdi_41\">\n<style>.tdi_41{margines-top:0px!important;margin-bottom:0px!important;dope\u0142nienie-g\u00f3ra:0px!important;dope\u0142nienie-d\u00f3\u0142:0px!important}<\/style>\n<style>.tdb_single_content{margin-bottom:0;*zoom:1}.tdb_single_content:before,.tdb_single_content:after{display:table;content:'';line-height:0}.tdb_single_content:after{clear:both}.tdb_single_content .tdb-block-inner>*:not(.wp-block-quote):not(.alignwide):not(.alignfull.wp-block-cover.has-parallax):not(.td-a-ad){margin-left:auto;margin-right:auto}.tdb_single_content a{pointer-events:auto}.tdb_single_content .td-spot-id-top_ad .tdc-placeholder-title:before{content:'Najlepsza reklama artyku\u0142u'!important}.tdb_single_content .td-spot-id-inline_ad0 .tdc-placeholder-title:before{content:'Reklama wbudowana artyku\u0142u 1'!important}.tdb_single_content .td-spot-id-inline_ad1 .tdc-placeholder-title:before{content:'Wbudowana reklama w artykule 2'!important}.tdb_single_content .td-spot-id-inline_ad2 .tdc-placeholder-title:before{content:'Wbudowana reklama w artykule 3'!important}.tdb_single_content .td-spot-id-bottom_ad .tdc-placeholder-title:before{content:'Article Bottom Ad'!important}.tdb_single_content .id_top_ad,.tdb_single_content .id_bottom_ad{clear:both;margin-bottom:21px;text-align:center}.tdb_single_content .id_top_ad img,.tdb_single_content .id_bottom_ad img{margin-bottom:0}.tdb_single_content .id_top_ad .adsbygoogle,.tdb_single_content .id_bottom_ad .adsbygoogle{position:relative}.tdb_single_content .id_ad_content-horiz-left,.tdb_single_content .id_ad_content-horiz-right,.tdb_single_content .id_ad_content-horiz-center{margin-bottom:15px}.tdb_single_content .id_ad_content-horiz-left img,.tdb_single_content .id_ad_content-horiz-right img,.tdb_single_content .id_ad_content-horiz-center img{margin-bottom:0}.tdb_single_content .id_ad_content-horiz-center{text-align:center}.tdb_single_content .id_ad_content-horiz-center img{margin-right:auto;margin-left:auto}.tdb_single_content .id_ad_content-horiz-left{float:left;margin-top:9px;margin-right:21px}.tdb_single_content .id_ad_content-horiz-right{float:right;margin-top:6px;margin-left:21px}.tdb_single_content .tdc-a-ad .tdc-placeholder-title{width:300px;height:250px}.tdb_single_content .tdc-a-ad .tdc-placeholder-title:before{position:absolute;top:50%;-webkit-transform:translateY(-50%);transform:translateY(-50%);margin:auto;display:table;width:100%}.tdb_single_content .tdb-block-inner.td-fix-index{word-break:break-word}.tdi_41,.tdi_41>p,.tdi_41 .tdb-block-inner>p,.wp-block-column>p{font-size:16px!important;line-height:1.6!important}.tdi_41 .tdb-block-inner blockquote p{font-style:normal!important}@media (max-width:767px){.tdb_single_content .id_ad_content-horiz-left,.tdb_single_content .id_ad_content-horiz-right,.tdb_single_content .id_ad_content-horiz-center{margin:0 auto 26 pikseli auto}}@media (max-width:767px){.tdb_single_content .id_ad_content-horiz-left{margin-right:0}}@media (max-width:767px){.tdb_single_content .id_ad_content-horiz-right{margin-left:0}}@media (max-width:767px){.tdb_single_content .td-a-ad{float:none;text-align:center}.tdb_single_content .td-a-ad img{margin-right:auto;margin-left:auto}.tdb_single_content .tdc-a-ad{float:none}}<\/style>\n<div class=\"tdb-block-inner td-fix-index\">\n<p>Ubieg\u0142y rok zapisa\u0142 si\u0119 jako najtrudniejszy dla rynku pracy od czasu \u015bwiatowego kryzysu finansowego z lat 2008-2009. Liczba zg\u0142oszonych zwolnie\u0144 grupowych przekroczy\u0142a 97,6 tys. i by\u0142a najwy\u017csza od kilkunastu lat. To trzy razy wi\u0119cej ni\u017c rok wcze\u015bniej, co wyra\u017anie pokazuje skal\u0119 problemu \u2013 podaje <em>Rzeczpospolita<\/em>.<\/p>\n<figure class=\"wp-block-embed is-type-rich is-provider-twitter wp-block-embed-twitter\">\n<div class=\"wp-block-embed__wrapper\">\n<blockquote class=\"twitter-tweet\" data-width=\"550\" data-dnt=\"true\">\n<p lang=\"pl\" dir=\"ltr\">Za rz\u0105d rz\u0105d\u00f3w PO w Zachodniopomorskiem zlikwidowano Stoczni\u0119 Szczeci\u0144sk\u0105. Dzi\u015b historia si\u0119 powtarza: dziesi\u0119\u0107 ludzi pracuj\u0105cych. Zwolnienia w Elektrowni Dolna Odra, Polimery Police w stanie upad\u0142o\u015bci, a wszystko, co grozi, \u017ce dziesi\u0119\u0107 sam los czeka Stoczni\u0119 Remontow\u0105 Gryfia. <a rel=\"nofollow\" href=\"https:\/\/t.co\/4X8hjpGLF3\">pic.twitter.com\/4X8hjpGLF3<\/a><\/p>\n<p>\u2014 Tomasz Duklanowski (@TDuklanowski) <a rel=\"nofollow\" href=\"https:\/\/twitter.com\/TDuklanowski\/status\/2017491283430793305?ref_src=twsrc%5Etfw\">31 stycznia 2026 r<\/a><\/p><\/blockquote>\n<\/div>\n<\/figure>\n<p><strong>Szokuj\u0105ce dane<\/strong><\/p>\n<p>Gazeta podkre\u015bla, \u017ce \u200b\u200btak wysoki wynik wynika\u0142 zar\u00f3wno ze strategicznych decyzji du\u017cych przedsi\u0119biorstw, jak i z pogarszaj\u0105cej si\u0119 sytuacji w niekt\u00f3rych sektorach gospodarki. Rosn\u0105ce koszty operacyjne, procesy restrukturyzacyjne i zmiany organizacyjne przyczyni\u0142y si\u0119 do fali zwolnie\u0144.<\/p>\n<p>Istotny wp\u0142yw na statystyki mia\u0142y dzia\u0142ania Poczty Polskiej, kt\u00f3ra planuj\u0105c zmiany w regulaminie wynagradzania, z\u0142o\u017cy\u0142a wypowiedzenia w sprawie ponad 51 tys. \u201ezwolnie\u0144 koryguj\u0105cych\u201d (wypowiedze\u0144 po\u0142\u0105czonych z propozycj\u0105 zmian warunk\u00f3w zatrudnienia). Decyzja ta mia\u0142a najwi\u0119kszy wp\u0142yw na rekordowy poziom danych.<\/p>\n<p>Naraz, <em>Rzeczpospolita<\/em> Zauwa\u017ca, \u017ce \u200b\u200bnawet bez uwzgl\u0119dnienia tej sp\u00f3\u0142ki skala zwolnie\u0144 pozostaje bardzo du\u017ca. \u201eAle nawet bez tego w 2005 roku odnotowano zwolnienia 46 000 os\u00f3b\u201d \u2013 zauwa\u017ca gazeta.<\/p>\n<p>Za redukcjami zatrudnienia sta\u0142y rozpoznawalne marki i du\u017ce przedsi\u0119biorstwa, m.in. PKP Cargo, Black Red White, Beko, Henkel, Eko-Okna.<\/p>\n<p>Du\u017cy odd\u017awi\u0119k odbi\u0142y si\u0119 tak\u017ce na zwolnieniach zbiorowych w centrach us\u0142ug wsp\u00f3lnych, kt\u00f3re dotkn\u0119\u0142y takie miasta jak Krak\u00f3w. W\u015br\u00f3d firm, kt\u00f3re przeprowadzi\u0142y tam redukcj\u0119 zatrudnienia, znalaz\u0142y si\u0119 Fujitsu Technology Solutions, HSBC, Heineken i Shell.<\/p>\n<figure class=\"wp-block-embed is-type-rich is-provider-twitter wp-block-embed-twitter\">\n<div class=\"wp-block-embed__wrapper\">\n<blockquote class=\"twitter-tweet\" data-width=\"550\" data-dnt=\"true\">\n<p lang=\"pl\" dir=\"ltr\">Nic nie boli Niemca bardziej ni\u017c Szczecin w wybranym j\u0119zyku polskim. Do ju\u017c Wroc\u0142awia \u0142atwo od\u017ca\u0142uj\u0105. https:\/\/t.co\/3w11aRGKEK<\/p>\n<p>\u2014 Zygfryd Czaban (@CDzwoni) <a rel=\"nofollow\" href=\"https:\/\/twitter.com\/CDzwoni\/status\/2017504714011668558?ref_src=twsrc%5Etfw\">31 stycznia 2026 r<\/a><\/p><\/blockquote>\n<\/div>\n<\/figure>\n<\/div>\n<\/div>\n<p><script async src=\"https:\/\/platform.twitter.com\/widgets.js\" charset=\"utf-8\"><\/script><\/p>\n","protected":false},"excerpt":{"rendered":"<p>Ubieg\u0142y rok zapisa\u0142 si\u0119 jako najtrudniejszy dla rynku pracy od czasu \u015bwiatowego kryzysu finansowego z lat 2008-2009. Liczba zg\u0142oszonych zwolnie\u0144<\/p>\n","protected":false},"author":1,"featured_media":9013,"comment_status":"open","ping_status":"open","sticky":false,"template":"","format":"standard","meta":{"footnotes":""},"categories":[45],"tags":[131,2990,247,461,2571,335,8420,567,13552,539],"class_list":["post-12402","post","type-post","status-publish","format-standard","has-post-thumbnail","hentry","category-biznes","tag-dla","tag-krytyce","tag-pracownikow","tag-rekordowe","tag-rok","tag-rzadu","tag-trudny","tag-tuska","tag-zbiorowe","tag-zwolnienia","generate-columns","tablet-grid-50","mobile-grid-100","grid-parent","grid-50","resize-featured-image"],"yoast_head":"<!-- This site is optimized with the Yoast SEO plugin v23.2 - https:\/\/yoast.com\/wordpress\/plugins\/seo\/ -->\n<title>Rekordowe zwolnienia zbiorowe: trudny rok dla pracownik\u00f3w po krytyce rz\u0105du Tuska - POGOTOWIE FLAGOWE\u00ae<\/title>\n<meta name=\"robots\" content=\"index, follow, max-snippet:-1, max-image-preview:large, max-video-preview:-1\" \/>\n<link rel=\"canonical\" href=\"https:\/\/www.pogotowieflagowe.pl\/aktualne\/rekordowe-zwolnienia-zbiorowe-trudny-rok-dla-pracownikow-po-krytyce-rzadu-tuska\/\" \/>\n<meta property=\"og:locale\" content=\"pl_PL\" \/>\n<meta property=\"og:type\" content=\"article\" \/>\n<meta property=\"og:title\" content=\"Rekordowe zwolnienia zbiorowe: trudny rok dla pracownik\u00f3w po krytyce rz\u0105du Tuska - POGOTOWIE FLAGOWE\u00ae\" \/>\n<meta property=\"og:description\" content=\"Ubieg\u0142y rok zapisa\u0142 si\u0119 jako najtrudniejszy dla rynku pracy od czasu \u015bwiatowego kryzysu finansowego z lat 2008-2009. Liczba zg\u0142oszonych zwolnie\u0144\" \/>\n<meta property=\"og:url\" content=\"https:\/\/www.pogotowieflagowe.pl\/aktualne\/rekordowe-zwolnienia-zbiorowe-trudny-rok-dla-pracownikow-po-krytyce-rzadu-tuska\/\" \/>\n<meta property=\"og:site_name\" content=\"POGOTOWIE FLAGOWE\u00ae\" \/>\n<meta property=\"article:published_time\" content=\"2026-01-31T20:49:20+00:00\" \/>\n<meta property=\"article:modified_time\" content=\"2026-01-31T20:49:21+00:00\" \/>\n<meta property=\"og:image\" content=\"https:\/\/www.pogotowieflagowe.pl\/aktualne\/wp-content\/uploads\/2025\/10\/Bezrobocie-liczby-staja-sie-coraz-gorzej-Porownanie-roku-do.jpg\" \/>\n\t<meta property=\"og:image:width\" content=\"1275\" \/>\n\t<meta property=\"og:image:height\" content=\"724\" \/>\n\t<meta property=\"og:image:type\" content=\"image\/jpeg\" \/>\n<meta name=\"author\" content=\"Filip\" \/>\n<meta name=\"twitter:card\" content=\"summary_large_image\" \/>\n<meta name=\"twitter:label1\" content=\"Napisane przez\" \/>\n\t<meta name=\"twitter:data1\" content=\"Filip\" \/>\n\t<meta name=\"twitter:label2\" content=\"Szacowany czas czytania\" \/>\n\t<meta name=\"twitter:data2\" content=\"2 minuty\" \/>\n<script type=\"application\/ld+json\" class=\"yoast-schema-graph\">{\"@context\":\"https:\/\/schema.org\",\"@graph\":[{\"@type\":\"Article\",\"@id\":\"https:\/\/www.pogotowieflagowe.pl\/aktualne\/rekordowe-zwolnienia-zbiorowe-trudny-rok-dla-pracownikow-po-krytyce-rzadu-tuska\/#article\",\"isPartOf\":{\"@id\":\"https:\/\/www.pogotowieflagowe.pl\/aktualne\/rekordowe-zwolnienia-zbiorowe-trudny-rok-dla-pracownikow-po-krytyce-rzadu-tuska\/\"},\"author\":{\"name\":\"Filip\",\"@id\":\"https:\/\/www.pogotowieflagowe.pl\/aktualne\/#\/schema\/person\/9c2fb7d2362ebf6fa088960d7f0d27b0\"},\"headline\":\"Rekordowe zwolnienia zbiorowe: trudny rok dla pracownik\u00f3w po krytyce rz\u0105du Tuska\",\"datePublished\":\"2026-01-31T20:49:20+00:00\",\"dateModified\":\"2026-01-31T20:49:21+00:00\",\"mainEntityOfPage\":{\"@id\":\"https:\/\/www.pogotowieflagowe.pl\/aktualne\/rekordowe-zwolnienia-zbiorowe-trudny-rok-dla-pracownikow-po-krytyce-rzadu-tuska\/\"},\"wordCount\":350,\"commentCount\":0,\"publisher\":{\"@id\":\"https:\/\/www.pogotowieflagowe.pl\/aktualne\/#organization\"},\"image\":{\"@id\":\"https:\/\/www.pogotowieflagowe.pl\/aktualne\/rekordowe-zwolnienia-zbiorowe-trudny-rok-dla-pracownikow-po-krytyce-rzadu-tuska\/#primaryimage\"},\"thumbnailUrl\":\"https:\/\/www.pogotowieflagowe.pl\/aktualne\/wp-content\/uploads\/2025\/10\/Bezrobocie-liczby-staja-sie-coraz-gorzej-Porownanie-roku-do.jpg\",\"keywords\":[\"dla\",\"krytyce\",\"pracownik\u00f3w\",\"rekordowe\",\"rok\",\"rz\u0105du\",\"trudny\",\"Tuska\",\"zbiorowe\",\"zwolnienia\"],\"articleSection\":[\"Biznes\"],\"inLanguage\":\"pl-PL\",\"potentialAction\":[{\"@type\":\"CommentAction\",\"name\":\"Comment\",\"target\":[\"https:\/\/www.pogotowieflagowe.pl\/aktualne\/rekordowe-zwolnienia-zbiorowe-trudny-rok-dla-pracownikow-po-krytyce-rzadu-tuska\/#respond\"]}]},{\"@type\":\"WebPage\",\"@id\":\"https:\/\/www.pogotowieflagowe.pl\/aktualne\/rekordowe-zwolnienia-zbiorowe-trudny-rok-dla-pracownikow-po-krytyce-rzadu-tuska\/\",\"url\":\"https:\/\/www.pogotowieflagowe.pl\/aktualne\/rekordowe-zwolnienia-zbiorowe-trudny-rok-dla-pracownikow-po-krytyce-rzadu-tuska\/\",\"name\":\"Rekordowe zwolnienia zbiorowe: trudny rok dla pracownik\u00f3w po krytyce rz\u0105du Tuska - POGOTOWIE FLAGOWE\u00ae\",\"isPartOf\":{\"@id\":\"https:\/\/www.pogotowieflagowe.pl\/aktualne\/#website\"},\"primaryImageOfPage\":{\"@id\":\"https:\/\/www.pogotowieflagowe.pl\/aktualne\/rekordowe-zwolnienia-zbiorowe-trudny-rok-dla-pracownikow-po-krytyce-rzadu-tuska\/#primaryimage\"},\"image\":{\"@id\":\"https:\/\/www.pogotowieflagowe.pl\/aktualne\/rekordowe-zwolnienia-zbiorowe-trudny-rok-dla-pracownikow-po-krytyce-rzadu-tuska\/#primaryimage\"},\"thumbnailUrl\":\"https:\/\/www.pogotowieflagowe.pl\/aktualne\/wp-content\/uploads\/2025\/10\/Bezrobocie-liczby-staja-sie-coraz-gorzej-Porownanie-roku-do.jpg\",\"datePublished\":\"2026-01-31T20:49:20+00:00\",\"dateModified\":\"2026-01-31T20:49:21+00:00\",\"breadcrumb\":{\"@id\":\"https:\/\/www.pogotowieflagowe.pl\/aktualne\/rekordowe-zwolnienia-zbiorowe-trudny-rok-dla-pracownikow-po-krytyce-rzadu-tuska\/#breadcrumb\"},\"inLanguage\":\"pl-PL\",\"potentialAction\":[{\"@type\":\"ReadAction\",\"target\":[\"https:\/\/www.pogotowieflagowe.pl\/aktualne\/rekordowe-zwolnienia-zbiorowe-trudny-rok-dla-pracownikow-po-krytyce-rzadu-tuska\/\"]}]},{\"@type\":\"ImageObject\",\"inLanguage\":\"pl-PL\",\"@id\":\"https:\/\/www.pogotowieflagowe.pl\/aktualne\/rekordowe-zwolnienia-zbiorowe-trudny-rok-dla-pracownikow-po-krytyce-rzadu-tuska\/#primaryimage\",\"url\":\"https:\/\/www.pogotowieflagowe.pl\/aktualne\/wp-content\/uploads\/2025\/10\/Bezrobocie-liczby-staja-sie-coraz-gorzej-Porownanie-roku-do.jpg\",\"contentUrl\":\"https:\/\/www.pogotowieflagowe.pl\/aktualne\/wp-content\/uploads\/2025\/10\/Bezrobocie-liczby-staja-sie-coraz-gorzej-Porownanie-roku-do.jpg\",\"width\":1275,\"height\":724,\"caption\":\"Bezrobocie - liczby staj\u0105 si\u0119 coraz gorzej! Por\u00f3wnanie roku do roku nie pozostawia z\u0142udze\u0144\"},{\"@type\":\"BreadcrumbList\",\"@id\":\"https:\/\/www.pogotowieflagowe.pl\/aktualne\/rekordowe-zwolnienia-zbiorowe-trudny-rok-dla-pracownikow-po-krytyce-rzadu-tuska\/#breadcrumb\",\"itemListElement\":[{\"@type\":\"ListItem\",\"position\":1,\"name\":\"Home\",\"item\":\"https:\/\/www.pogotowieflagowe.pl\/aktualne\/\"},{\"@type\":\"ListItem\",\"position\":2,\"name\":\"Rekordowe zwolnienia zbiorowe: trudny rok dla pracownik\u00f3w po krytyce rz\u0105du Tuska\"}]},{\"@type\":\"WebSite\",\"@id\":\"https:\/\/www.pogotowieflagowe.pl\/aktualne\/#website\",\"url\":\"https:\/\/www.pogotowieflagowe.pl\/aktualne\/\",\"name\":\"POGOTOWIE FLAGOWE\u00ae\",\"description\":\"\",\"publisher\":{\"@id\":\"https:\/\/www.pogotowieflagowe.pl\/aktualne\/#organization\"},\"potentialAction\":[{\"@type\":\"SearchAction\",\"target\":{\"@type\":\"EntryPoint\",\"urlTemplate\":\"https:\/\/www.pogotowieflagowe.pl\/aktualne\/?s={search_term_string}\"},\"query-input\":\"required name=search_term_string\"}],\"inLanguage\":\"pl-PL\"},{\"@type\":\"Organization\",\"@id\":\"https:\/\/www.pogotowieflagowe.pl\/aktualne\/#organization\",\"name\":\"POGOTOWIE FLAGOWE\u00ae\",\"url\":\"https:\/\/www.pogotowieflagowe.pl\/aktualne\/\",\"logo\":{\"@type\":\"ImageObject\",\"inLanguage\":\"pl-PL\",\"@id\":\"https:\/\/www.pogotowieflagowe.pl\/aktualne\/#\/schema\/logo\/image\/\",\"url\":\"https:\/\/www.pogotowieflagowe.pl\/aktualne\/wp-content\/uploads\/2024\/08\/cropped-pogotowieflagowe_flaga_projekt_sm.jpg\",\"contentUrl\":\"https:\/\/www.pogotowieflagowe.pl\/aktualne\/wp-content\/uploads\/2024\/08\/cropped-pogotowieflagowe_flaga_projekt_sm.jpg\",\"width\":250,\"height\":143,\"caption\":\"POGOTOWIE FLAGOWE\u00ae\"},\"image\":{\"@id\":\"https:\/\/www.pogotowieflagowe.pl\/aktualne\/#\/schema\/logo\/image\/\"}},{\"@type\":\"Person\",\"@id\":\"https:\/\/www.pogotowieflagowe.pl\/aktualne\/#\/schema\/person\/9c2fb7d2362ebf6fa088960d7f0d27b0\",\"name\":\"Filip\",\"image\":{\"@type\":\"ImageObject\",\"inLanguage\":\"pl-PL\",\"@id\":\"https:\/\/www.pogotowieflagowe.pl\/aktualne\/#\/schema\/person\/image\/\",\"url\":\"https:\/\/www.pogotowieflagowe.pl\/aktualne\/wp-content\/uploads\/2024\/08\/pogotowieflagowe.pl_.jpg\",\"contentUrl\":\"https:\/\/www.pogotowieflagowe.pl\/aktualne\/wp-content\/uploads\/2024\/08\/pogotowieflagowe.pl_.jpg\",\"caption\":\"Filip\"},\"description\":\"Jestem Filip, polski dziennikarz z dyplomem nauk politycznych Uniwersytetu Warszawskiego. Rozpoczynaj\u0105c swoj\u0105 karier\u0119 w r\u00f3\u017cnych lokalnych mediach, zdoby\u0142em solidne do\u015bwiadczenie w zakresie \u015bledztwa i redakcji. Obecnie jako redaktor w Pogotowie flagowe, staram si\u0119 dostarcza\u0107 dog\u0142\u0119bne i istotne analizy na temat najwa\u017cniejszych kwestii aktualno\u015bci, \u0142\u0105cz\u0105c rygor z pasj\u0105 dziennikarsk\u0105.\",\"sameAs\":[\"https:\/\/www.pogotowieflagowe.pl\/\"]}]}<\/script>\n<!-- \/ Yoast SEO plugin. -->","yoast_head_json":{"title":"Rekordowe zwolnienia zbiorowe: trudny rok dla pracownik\u00f3w po krytyce rz\u0105du Tuska - POGOTOWIE FLAGOWE\u00ae","robots":{"index":"index","follow":"follow","max-snippet":"max-snippet:-1","max-image-preview":"max-image-preview:large","max-video-preview":"max-video-preview:-1"},"canonical":"https:\/\/www.pogotowieflagowe.pl\/aktualne\/rekordowe-zwolnienia-zbiorowe-trudny-rok-dla-pracownikow-po-krytyce-rzadu-tuska\/","og_locale":"pl_PL","og_type":"article","og_title":"Rekordowe zwolnienia zbiorowe: trudny rok dla pracownik\u00f3w po krytyce rz\u0105du Tuska - POGOTOWIE FLAGOWE\u00ae","og_description":"Ubieg\u0142y rok zapisa\u0142 si\u0119 jako najtrudniejszy dla rynku pracy od czasu \u015bwiatowego kryzysu finansowego z lat 2008-2009. Liczba zg\u0142oszonych zwolnie\u0144","og_url":"https:\/\/www.pogotowieflagowe.pl\/aktualne\/rekordowe-zwolnienia-zbiorowe-trudny-rok-dla-pracownikow-po-krytyce-rzadu-tuska\/","og_site_name":"POGOTOWIE FLAGOWE\u00ae","article_published_time":"2026-01-31T20:49:20+00:00","article_modified_time":"2026-01-31T20:49:21+00:00","og_image":[{"width":1275,"height":724,"url":"https:\/\/www.pogotowieflagowe.pl\/aktualne\/wp-content\/uploads\/2025\/10\/Bezrobocie-liczby-staja-sie-coraz-gorzej-Porownanie-roku-do.jpg","type":"image\/jpeg"}],"author":"Filip","twitter_card":"summary_large_image","twitter_misc":{"Napisane przez":"Filip","Szacowany czas czytania":"2 minuty"},"schema":{"@context":"https:\/\/schema.org","@graph":[{"@type":"Article","@id":"https:\/\/www.pogotowieflagowe.pl\/aktualne\/rekordowe-zwolnienia-zbiorowe-trudny-rok-dla-pracownikow-po-krytyce-rzadu-tuska\/#article","isPartOf":{"@id":"https:\/\/www.pogotowieflagowe.pl\/aktualne\/rekordowe-zwolnienia-zbiorowe-trudny-rok-dla-pracownikow-po-krytyce-rzadu-tuska\/"},"author":{"name":"Filip","@id":"https:\/\/www.pogotowieflagowe.pl\/aktualne\/#\/schema\/person\/9c2fb7d2362ebf6fa088960d7f0d27b0"},"headline":"Rekordowe zwolnienia zbiorowe: trudny rok dla pracownik\u00f3w po krytyce rz\u0105du Tuska","datePublished":"2026-01-31T20:49:20+00:00","dateModified":"2026-01-31T20:49:21+00:00","mainEntityOfPage":{"@id":"https:\/\/www.pogotowieflagowe.pl\/aktualne\/rekordowe-zwolnienia-zbiorowe-trudny-rok-dla-pracownikow-po-krytyce-rzadu-tuska\/"},"wordCount":350,"commentCount":0,"publisher":{"@id":"https:\/\/www.pogotowieflagowe.pl\/aktualne\/#organization"},"image":{"@id":"https:\/\/www.pogotowieflagowe.pl\/aktualne\/rekordowe-zwolnienia-zbiorowe-trudny-rok-dla-pracownikow-po-krytyce-rzadu-tuska\/#primaryimage"},"thumbnailUrl":"https:\/\/www.pogotowieflagowe.pl\/aktualne\/wp-content\/uploads\/2025\/10\/Bezrobocie-liczby-staja-sie-coraz-gorzej-Porownanie-roku-do.jpg","keywords":["dla","krytyce","pracownik\u00f3w","rekordowe","rok","rz\u0105du","trudny","Tuska","zbiorowe","zwolnienia"],"articleSection":["Biznes"],"inLanguage":"pl-PL","potentialAction":[{"@type":"CommentAction","name":"Comment","target":["https:\/\/www.pogotowieflagowe.pl\/aktualne\/rekordowe-zwolnienia-zbiorowe-trudny-rok-dla-pracownikow-po-krytyce-rzadu-tuska\/#respond"]}]},{"@type":"WebPage","@id":"https:\/\/www.pogotowieflagowe.pl\/aktualne\/rekordowe-zwolnienia-zbiorowe-trudny-rok-dla-pracownikow-po-krytyce-rzadu-tuska\/","url":"https:\/\/www.pogotowieflagowe.pl\/aktualne\/rekordowe-zwolnienia-zbiorowe-trudny-rok-dla-pracownikow-po-krytyce-rzadu-tuska\/","name":"Rekordowe zwolnienia zbiorowe: trudny rok dla pracownik\u00f3w po krytyce rz\u0105du Tuska - POGOTOWIE FLAGOWE\u00ae","isPartOf":{"@id":"https:\/\/www.pogotowieflagowe.pl\/aktualne\/#website"},"primaryImageOfPage":{"@id":"https:\/\/www.pogotowieflagowe.pl\/aktualne\/rekordowe-zwolnienia-zbiorowe-trudny-rok-dla-pracownikow-po-krytyce-rzadu-tuska\/#primaryimage"},"image":{"@id":"https:\/\/www.pogotowieflagowe.pl\/aktualne\/rekordowe-zwolnienia-zbiorowe-trudny-rok-dla-pracownikow-po-krytyce-rzadu-tuska\/#primaryimage"},"thumbnailUrl":"https:\/\/www.pogotowieflagowe.pl\/aktualne\/wp-content\/uploads\/2025\/10\/Bezrobocie-liczby-staja-sie-coraz-gorzej-Porownanie-roku-do.jpg","datePublished":"2026-01-31T20:49:20+00:00","dateModified":"2026-01-31T20:49:21+00:00","breadcrumb":{"@id":"https:\/\/www.pogotowieflagowe.pl\/aktualne\/rekordowe-zwolnienia-zbiorowe-trudny-rok-dla-pracownikow-po-krytyce-rzadu-tuska\/#breadcrumb"},"inLanguage":"pl-PL","potentialAction":[{"@type":"ReadAction","target":["https:\/\/www.pogotowieflagowe.pl\/aktualne\/rekordowe-zwolnienia-zbiorowe-trudny-rok-dla-pracownikow-po-krytyce-rzadu-tuska\/"]}]},{"@type":"ImageObject","inLanguage":"pl-PL","@id":"https:\/\/www.pogotowieflagowe.pl\/aktualne\/rekordowe-zwolnienia-zbiorowe-trudny-rok-dla-pracownikow-po-krytyce-rzadu-tuska\/#primaryimage","url":"https:\/\/www.pogotowieflagowe.pl\/aktualne\/wp-content\/uploads\/2025\/10\/Bezrobocie-liczby-staja-sie-coraz-gorzej-Porownanie-roku-do.jpg","contentUrl":"https:\/\/www.pogotowieflagowe.pl\/aktualne\/wp-content\/uploads\/2025\/10\/Bezrobocie-liczby-staja-sie-coraz-gorzej-Porownanie-roku-do.jpg","width":1275,"height":724,"caption":"Bezrobocie - liczby staj\u0105 si\u0119 coraz gorzej! Por\u00f3wnanie roku do roku nie pozostawia z\u0142udze\u0144"},{"@type":"BreadcrumbList","@id":"https:\/\/www.pogotowieflagowe.pl\/aktualne\/rekordowe-zwolnienia-zbiorowe-trudny-rok-dla-pracownikow-po-krytyce-rzadu-tuska\/#breadcrumb","itemListElement":[{"@type":"ListItem","position":1,"name":"Home","item":"https:\/\/www.pogotowieflagowe.pl\/aktualne\/"},{"@type":"ListItem","position":2,"name":"Rekordowe zwolnienia zbiorowe: trudny rok dla pracownik\u00f3w po krytyce rz\u0105du Tuska"}]},{"@type":"WebSite","@id":"https:\/\/www.pogotowieflagowe.pl\/aktualne\/#website","url":"https:\/\/www.pogotowieflagowe.pl\/aktualne\/","name":"POGOTOWIE FLAGOWE\u00ae","description":"","publisher":{"@id":"https:\/\/www.pogotowieflagowe.pl\/aktualne\/#organization"},"potentialAction":[{"@type":"SearchAction","target":{"@type":"EntryPoint","urlTemplate":"https:\/\/www.pogotowieflagowe.pl\/aktualne\/?s={search_term_string}"},"query-input":"required name=search_term_string"}],"inLanguage":"pl-PL"},{"@type":"Organization","@id":"https:\/\/www.pogotowieflagowe.pl\/aktualne\/#organization","name":"POGOTOWIE FLAGOWE\u00ae","url":"https:\/\/www.pogotowieflagowe.pl\/aktualne\/","logo":{"@type":"ImageObject","inLanguage":"pl-PL","@id":"https:\/\/www.pogotowieflagowe.pl\/aktualne\/#\/schema\/logo\/image\/","url":"https:\/\/www.pogotowieflagowe.pl\/aktualne\/wp-content\/uploads\/2024\/08\/cropped-pogotowieflagowe_flaga_projekt_sm.jpg","contentUrl":"https:\/\/www.pogotowieflagowe.pl\/aktualne\/wp-content\/uploads\/2024\/08\/cropped-pogotowieflagowe_flaga_projekt_sm.jpg","width":250,"height":143,"caption":"POGOTOWIE FLAGOWE\u00ae"},"image":{"@id":"https:\/\/www.pogotowieflagowe.pl\/aktualne\/#\/schema\/logo\/image\/"}},{"@type":"Person","@id":"https:\/\/www.pogotowieflagowe.pl\/aktualne\/#\/schema\/person\/9c2fb7d2362ebf6fa088960d7f0d27b0","name":"Filip","image":{"@type":"ImageObject","inLanguage":"pl-PL","@id":"https:\/\/www.pogotowieflagowe.pl\/aktualne\/#\/schema\/person\/image\/","url":"https:\/\/www.pogotowieflagowe.pl\/aktualne\/wp-content\/uploads\/2024\/08\/pogotowieflagowe.pl_.jpg","contentUrl":"https:\/\/www.pogotowieflagowe.pl\/aktualne\/wp-content\/uploads\/2024\/08\/pogotowieflagowe.pl_.jpg","caption":"Filip"},"description":"Jestem Filip, polski dziennikarz z dyplomem nauk politycznych Uniwersytetu Warszawskiego. Rozpoczynaj\u0105c swoj\u0105 karier\u0119 w r\u00f3\u017cnych lokalnych mediach, zdoby\u0142em solidne do\u015bwiadczenie w zakresie \u015bledztwa i redakcji. Obecnie jako redaktor w Pogotowie flagowe, staram si\u0119 dostarcza\u0107 dog\u0142\u0119bne i istotne analizy na temat najwa\u017cniejszych kwestii aktualno\u015bci, \u0142\u0105cz\u0105c rygor z pasj\u0105 dziennikarsk\u0105.","sameAs":["https:\/\/www.pogotowieflagowe.pl\/"]}]}},"_links":{"self":[{"href":"https:\/\/www.pogotowieflagowe.pl\/aktualne\/wp-json\/wp\/v2\/posts\/12402","targetHints":{"allow":["GET"]}}],"collection":[{"href":"https:\/\/www.pogotowieflagowe.pl\/aktualne\/wp-json\/wp\/v2\/posts"}],"about":[{"href":"https:\/\/www.pogotowieflagowe.pl\/aktualne\/wp-json\/wp\/v2\/types\/post"}],"author":[{"embeddable":true,"href":"https:\/\/www.pogotowieflagowe.pl\/aktualne\/wp-json\/wp\/v2\/users\/1"}],"replies":[{"embeddable":true,"href":"https:\/\/www.pogotowieflagowe.pl\/aktualne\/wp-json\/wp\/v2\/comments?post=12402"}],"version-history":[{"count":1,"href":"https:\/\/www.pogotowieflagowe.pl\/aktualne\/wp-json\/wp\/v2\/posts\/12402\/revisions"}],"predecessor-version":[{"id":12403,"href":"https:\/\/www.pogotowieflagowe.pl\/aktualne\/wp-json\/wp\/v2\/posts\/12402\/revisions\/12403"}],"wp:featuredmedia":[{"embeddable":true,"href":"https:\/\/www.pogotowieflagowe.pl\/aktualne\/wp-json\/wp\/v2\/media\/9013"}],"wp:attachment":[{"href":"https:\/\/www.pogotowieflagowe.pl\/aktualne\/wp-json\/wp\/v2\/media?parent=12402"}],"wp:term":[{"taxonomy":"category","embeddable":true,"href":"https:\/\/www.pogotowieflagowe.pl\/aktualne\/wp-json\/wp\/v2\/categories?post=12402"},{"taxonomy":"post_tag","embeddable":true,"href":"https:\/\/www.pogotowieflagowe.pl\/aktualne\/wp-json\/wp\/v2\/tags?post=12402"}],"curies":[{"name":"wp","href":"https:\/\/api.w.org\/{rel}","templated":true}]}}