{"id":12406,"date":"2026-02-01T09:49:36","date_gmt":"2026-02-01T08:49:36","guid":{"rendered":"https:\/\/www.pogotowieflagowe.pl\/aktualne\/zakazany-pokaz-powraca-na-trybuny-tifo-dociera-do-zabrza\/"},"modified":"2026-02-01T09:49:37","modified_gmt":"2026-02-01T08:49:37","slug":"zakazany-pokaz-powraca-na-trybuny-tifo-dociera-do-zabrza","status":"publish","type":"post","link":"https:\/\/www.pogotowieflagowe.pl\/aktualne\/zakazany-pokaz-powraca-na-trybuny-tifo-dociera-do-zabrza\/","title":{"rendered":"Zakazany pokaz powraca na trybuny. Tifo dociera do Zabrza"},"content":{"rendered":"\n<div class=\"td_block_wrap tdb_single_content tdi_41 td-pb-border-top td_block_template_8 td-post-content tagdiv-type\" data-td-block-uid=\"tdi_41\">\n<style>.tdi_41{margines-top:0px!important;margin-bottom:0px!important;dope\u0142nienie-g\u00f3ra:0px!important;dope\u0142nienie-d\u00f3\u0142:0px!important}<\/style>\n<style>.tdb_single_content{margin-bottom:0;*zoom:1}.tdb_single_content:before,.tdb_single_content:after{display:table;content:'';line-height:0}.tdb_single_content:after{clear:both}.tdb_single_content .tdb-block-inner>*:not(.wp-block-quote):not(.alignwide):not(.alignfull.wp-block-cover.has-parallax):not(.td-a-ad){margin-left:auto;margin-right:auto}.tdb_single_content a{pointer-events:auto}.tdb_single_content .td-spot-id-top_ad .tdc-placeholder-title:before{content:'Najlepsza reklama artyku\u0142u'!important}.tdb_single_content .td-spot-id-inline_ad0 .tdc-placeholder-title:before{content:'Reklama wbudowana artyku\u0142u 1'!important}.tdb_single_content .td-spot-id-inline_ad1 .tdc-placeholder-title:before{content:'Wbudowana reklama w artykule 2'!important}.tdb_single_content .td-spot-id-inline_ad2 .tdc-placeholder-title:before{content:'Wbudowana reklama w artykule 3'!important}.tdb_single_content .td-spot-id-bottom_ad .tdc-placeholder-title:before{content:'Article Bottom Ad'!important}.tdb_single_content .id_top_ad,.tdb_single_content .id_bottom_ad{clear:both;margin-bottom:21px;text-align:center}.tdb_single_content .id_top_ad img,.tdb_single_content .id_bottom_ad img{margin-bottom:0}.tdb_single_content .id_top_ad .adsbygoogle,.tdb_single_content .id_bottom_ad .adsbygoogle{position:relative}.tdb_single_content .id_ad_content-horiz-left,.tdb_single_content .id_ad_content-horiz-right,.tdb_single_content .id_ad_content-horiz-center{margin-bottom:15px}.tdb_single_content .id_ad_content-horiz-left img,.tdb_single_content .id_ad_content-horiz-right img,.tdb_single_content .id_ad_content-horiz-center img{margin-bottom:0}.tdb_single_content .id_ad_content-horiz-center{text-align:center}.tdb_single_content .id_ad_content-horiz-center img{margin-right:auto;margin-left:auto}.tdb_single_content .id_ad_content-horiz-left{float:left;margin-top:9px;margin-right:21px}.tdb_single_content .id_ad_content-horiz-right{float:right;margin-top:6px;margin-left:21px}.tdb_single_content .tdc-a-ad .tdc-placeholder-title{width:300px;height:250px}.tdb_single_content .tdc-a-ad .tdc-placeholder-title:before{position:absolute;top:50%;-webkit-transform:translateY(-50%);transform:translateY(-50%);margin:auto;display:table;width:100%}.tdb_single_content .tdb-block-inner.td-fix-index{word-break:break-word}.tdi_41,.tdi_41>p,.tdi_41 .tdb-block-inner>p,.wp-block-column>p{font-size:16px!important;line-height:1.6!important}.tdi_41 .tdb-block-inner blockquote p{font-style:normal!important}@media (max-width:767px){.tdb_single_content .id_ad_content-horiz-left,.tdb_single_content .id_ad_content-horiz-right,.tdb_single_content .id_ad_content-horiz-center{margin:0 auto 26 pikseli auto}}@media (max-width:767px){.tdb_single_content .id_ad_content-horiz-left{margin-right:0}}@media (max-width:767px){.tdb_single_content .id_ad_content-horiz-right{margin-left:0}}@media (max-width:767px){.tdb_single_content .td-a-ad{float:none;text-align:center}.tdb_single_content .td-a-ad img{margin-right:auto;margin-left:auto}.tdb_single_content .tdc-a-ad{float:none}}<\/style>\n<div class=\"tdb-block-inner td-fix-index\">\n<p>Podczas sobotniego meczu G\u00f3rnika Zabrze \u2013 Piasta Gliwice odby\u0142 si\u0119 znany kibicowski pokaz pod has\u0142em <em>\u201eDo boju Polsko!\u201d<\/em> (\u201eNaprz\u00f3d, Polska!\u201d) pojawili si\u0119 na trybunach. Zwr\u00f3ci\u0142 na siebie uwag\u0119 ju\u017c wcze\u015bniej, gdy s\u0142u\u017cby bezpiecze\u0144stwa odm\u00f3wi\u0142y mu wpuszczenia na mecz Polska\u2013Holandia na PGE Narodowym.<\/p>\n<p>Sprawa si\u0119ga listopada ubieg\u0142ego roku, kiedy dru\u017cyna prowadzona przez Jana Urbana podejmowa\u0142a Holandi\u0119 w meczu eliminacyjnym do mistrzostw \u015bwiata. Mecz wywo\u0142a\u0142 du\u017ce emocje, kt\u00f3re dodatkowo spot\u0119gowa\u0142a kontrowersyjna decyzja pracownik\u00f3w ochrony. Kibicom zakazano wnoszenia na stadion ekspozycji przygotowanej z okazji \u015awi\u0119ta Niepodleg\u0142o\u015bci oraz 300 bia\u0142o-czerwonych flag.<\/p>\n<p>Warto doda\u0107, \u017ce decyzja zapad\u0142a wkr\u00f3tce po meczu Polski z Litw\u0105 w Kownie. Na trybunach obecny by\u0142 premier Donald Tusk, kt\u00f3ry zosta\u0142 potraktowany do\u015b\u0107 surowo przez kibic\u00f3w. Z tego powodu stowarzyszenie odpowiedzialne za organizacj\u0119 wsparcia dla reprezentacji oceni\u0142o decyzj\u0119 Warszawy jako umotywowan\u0105 politycznie.<\/p>\n<p>Zakazany publicznie pokaz zosta\u0142 po raz pierwszy pokazany podczas wyjazdowego meczu Polski z Malt\u0105. Nast\u0119pnie zosta\u0142 on wy\u015bwietlony na Pa\u0142acu Prezydenckim, co zinterpretowano jako gest poparcia ze strony prezydenta Karola Nawrockiego.<\/p>\n<p>Nied\u0142ugo potem tifo \u2013 tym razem w formie fizycznej \u2013 zaprezentowali kibice \u0141KS \u0141\u00f3d\u017a podczas meczu z Wis\u0142\u0105 Krak\u00f3w. W sobot\u0119 po raz kolejny pojawi\u0142 si\u0119 na trybunach \u2013 tym razem przywieziony przez kibic\u00f3w G\u00f3rnika Zabrze.<\/p>\n<p>Czy zakazany wcze\u015bniej pokaz stanie si\u0119 symbolem w spo\u0142eczno\u015bciach kibic\u00f3w? Fakt, \u017ce zaprezentowa\u0142y go dwie niezwi\u0105zane ze sob\u0105 grupy fan\u00f3w, jest z pewno\u015bci\u0105 czym\u015b niezwyk\u0142ym.<\/p>\n<figure class=\"wp-block-embed is-type-rich is-provider-twitter wp-block-embed-twitter\">\n<div class=\"wp-block-embed__wrapper\">\n<blockquote class=\"twitter-tweet\" data-width=\"550\" data-dnt=\"true\">\n<p lang=\"pl\" dir=\"ltr\">Oprawa zakazana na Stadionie Narodowym doczeka\u0142a si\u0119 wyst\u0105pienia na trybunach Areny Zabrze! <a rel=\"nofollow\" href=\"https:\/\/t.co\/ePUxJAL94M\">pic.twitter.com\/ePUxJAL94M<\/a><\/p>\n<p>\u2014 Marcin Ziach (@MarcinZiach) <a rel=\"nofollow\" href=\"https:\/\/twitter.com\/MarcinZiach\/status\/2017599383164895380?ref_src=twsrc%5Etfw\">31 stycznia 2026 r<\/a><\/p><\/blockquote>\n<\/div>\n<\/figure>\n<\/div>\n<\/div>\n<p><script async src=\"https:\/\/platform.twitter.com\/widgets.js\" charset=\"utf-8\"><\/script><\/p>\n","protected":false},"excerpt":{"rendered":"<p>Podczas sobotniego meczu G\u00f3rnika Zabrze \u2013 Piasta Gliwice odby\u0142 si\u0119 znany kibicowski pokaz pod has\u0142em \u201eDo boju Polsko!\u201d (\u201eNaprz\u00f3d, Polska!\u201d)<\/p>\n","protected":false},"author":1,"featured_media":12407,"comment_status":"open","ping_status":"open","sticky":false,"template":"","format":"standard","meta":{"footnotes":""},"categories":[4748],"tags":[321,10483,6497,13557,13556,13558,13555],"class_list":["post-12406","post","type-post","status-publish","format-standard","has-post-thumbnail","hentry","category-aktualne","tag-dociera","tag-pokaz","tag-powraca","tag-tifo","tag-trybuny","tag-zabrza","tag-zakazany","generate-columns","tablet-grid-50","mobile-grid-100","grid-parent","grid-50","resize-featured-image"],"yoast_head":"<!-- This site is optimized with the Yoast SEO plugin v23.2 - https:\/\/yoast.com\/wordpress\/plugins\/seo\/ -->\n<title>Zakazany pokaz powraca na trybuny. Tifo dociera do Zabrza - POGOTOWIE FLAGOWE\u00ae<\/title>\n<meta name=\"robots\" content=\"index, follow, max-snippet:-1, max-image-preview:large, max-video-preview:-1\" \/>\n<link rel=\"canonical\" href=\"https:\/\/www.pogotowieflagowe.pl\/aktualne\/zakazany-pokaz-powraca-na-trybuny-tifo-dociera-do-zabrza\/\" \/>\n<meta property=\"og:locale\" content=\"pl_PL\" \/>\n<meta property=\"og:type\" content=\"article\" \/>\n<meta property=\"og:title\" content=\"Zakazany pokaz powraca na trybuny. Tifo dociera do Zabrza - POGOTOWIE FLAGOWE\u00ae\" \/>\n<meta property=\"og:description\" content=\"Podczas sobotniego meczu G\u00f3rnika Zabrze \u2013 Piasta Gliwice odby\u0142 si\u0119 znany kibicowski pokaz pod has\u0142em \u201eDo boju Polsko!\u201d (\u201eNaprz\u00f3d, Polska!\u201d)\" \/>\n<meta property=\"og:url\" content=\"https:\/\/www.pogotowieflagowe.pl\/aktualne\/zakazany-pokaz-powraca-na-trybuny-tifo-dociera-do-zabrza\/\" \/>\n<meta property=\"og:site_name\" content=\"POGOTOWIE FLAGOWE\u00ae\" \/>\n<meta property=\"article:published_time\" content=\"2026-02-01T08:49:36+00:00\" \/>\n<meta property=\"article:modified_time\" content=\"2026-02-01T08:49:37+00:00\" \/>\n<meta property=\"og:image\" content=\"https:\/\/www.pogotowieflagowe.pl\/aktualne\/wp-content\/uploads\/2026\/02\/Zakazany-pokaz-powraca-na-trybuny-Tifo-dociera-do-Zabrza.webp.webp\" \/>\n\t<meta property=\"og:image:width\" content=\"1280\" \/>\n\t<meta property=\"og:image:height\" content=\"720\" \/>\n\t<meta property=\"og:image:type\" content=\"image\/webp\" \/>\n<meta name=\"author\" content=\"Filip\" \/>\n<meta name=\"twitter:card\" content=\"summary_large_image\" \/>\n<meta name=\"twitter:label1\" content=\"Napisane przez\" \/>\n\t<meta name=\"twitter:data1\" content=\"Filip\" \/>\n\t<meta name=\"twitter:label2\" content=\"Szacowany czas czytania\" \/>\n\t<meta name=\"twitter:data2\" content=\"1 minuta\" \/>\n<script type=\"application\/ld+json\" class=\"yoast-schema-graph\">{\"@context\":\"https:\/\/schema.org\",\"@graph\":[{\"@type\":\"Article\",\"@id\":\"https:\/\/www.pogotowieflagowe.pl\/aktualne\/zakazany-pokaz-powraca-na-trybuny-tifo-dociera-do-zabrza\/#article\",\"isPartOf\":{\"@id\":\"https:\/\/www.pogotowieflagowe.pl\/aktualne\/zakazany-pokaz-powraca-na-trybuny-tifo-dociera-do-zabrza\/\"},\"author\":{\"name\":\"Filip\",\"@id\":\"https:\/\/www.pogotowieflagowe.pl\/aktualne\/#\/schema\/person\/9c2fb7d2362ebf6fa088960d7f0d27b0\"},\"headline\":\"Zakazany pokaz powraca na trybuny. Tifo dociera do Zabrza\",\"datePublished\":\"2026-02-01T08:49:36+00:00\",\"dateModified\":\"2026-02-01T08:49:37+00:00\",\"mainEntityOfPage\":{\"@id\":\"https:\/\/www.pogotowieflagowe.pl\/aktualne\/zakazany-pokaz-powraca-na-trybuny-tifo-dociera-do-zabrza\/\"},\"wordCount\":296,\"commentCount\":0,\"publisher\":{\"@id\":\"https:\/\/www.pogotowieflagowe.pl\/aktualne\/#organization\"},\"image\":{\"@id\":\"https:\/\/www.pogotowieflagowe.pl\/aktualne\/zakazany-pokaz-powraca-na-trybuny-tifo-dociera-do-zabrza\/#primaryimage\"},\"thumbnailUrl\":\"https:\/\/www.pogotowieflagowe.pl\/aktualne\/wp-content\/uploads\/2026\/02\/Zakazany-pokaz-powraca-na-trybuny-Tifo-dociera-do-Zabrza.webp.webp\",\"keywords\":[\"dociera\",\"Pokaz\",\"powraca\",\"Tifo\",\"trybuny\",\"Zabrza\",\"Zakazany\"],\"articleSection\":[\"Aktualne\"],\"inLanguage\":\"pl-PL\",\"potentialAction\":[{\"@type\":\"CommentAction\",\"name\":\"Comment\",\"target\":[\"https:\/\/www.pogotowieflagowe.pl\/aktualne\/zakazany-pokaz-powraca-na-trybuny-tifo-dociera-do-zabrza\/#respond\"]}]},{\"@type\":\"WebPage\",\"@id\":\"https:\/\/www.pogotowieflagowe.pl\/aktualne\/zakazany-pokaz-powraca-na-trybuny-tifo-dociera-do-zabrza\/\",\"url\":\"https:\/\/www.pogotowieflagowe.pl\/aktualne\/zakazany-pokaz-powraca-na-trybuny-tifo-dociera-do-zabrza\/\",\"name\":\"Zakazany pokaz powraca na trybuny. Tifo dociera do Zabrza - POGOTOWIE FLAGOWE\u00ae\",\"isPartOf\":{\"@id\":\"https:\/\/www.pogotowieflagowe.pl\/aktualne\/#website\"},\"primaryImageOfPage\":{\"@id\":\"https:\/\/www.pogotowieflagowe.pl\/aktualne\/zakazany-pokaz-powraca-na-trybuny-tifo-dociera-do-zabrza\/#primaryimage\"},\"image\":{\"@id\":\"https:\/\/www.pogotowieflagowe.pl\/aktualne\/zakazany-pokaz-powraca-na-trybuny-tifo-dociera-do-zabrza\/#primaryimage\"},\"thumbnailUrl\":\"https:\/\/www.pogotowieflagowe.pl\/aktualne\/wp-content\/uploads\/2026\/02\/Zakazany-pokaz-powraca-na-trybuny-Tifo-dociera-do-Zabrza.webp.webp\",\"datePublished\":\"2026-02-01T08:49:36+00:00\",\"dateModified\":\"2026-02-01T08:49:37+00:00\",\"breadcrumb\":{\"@id\":\"https:\/\/www.pogotowieflagowe.pl\/aktualne\/zakazany-pokaz-powraca-na-trybuny-tifo-dociera-do-zabrza\/#breadcrumb\"},\"inLanguage\":\"pl-PL\",\"potentialAction\":[{\"@type\":\"ReadAction\",\"target\":[\"https:\/\/www.pogotowieflagowe.pl\/aktualne\/zakazany-pokaz-powraca-na-trybuny-tifo-dociera-do-zabrza\/\"]}]},{\"@type\":\"ImageObject\",\"inLanguage\":\"pl-PL\",\"@id\":\"https:\/\/www.pogotowieflagowe.pl\/aktualne\/zakazany-pokaz-powraca-na-trybuny-tifo-dociera-do-zabrza\/#primaryimage\",\"url\":\"https:\/\/www.pogotowieflagowe.pl\/aktualne\/wp-content\/uploads\/2026\/02\/Zakazany-pokaz-powraca-na-trybuny-Tifo-dociera-do-Zabrza.webp.webp\",\"contentUrl\":\"https:\/\/www.pogotowieflagowe.pl\/aktualne\/wp-content\/uploads\/2026\/02\/Zakazany-pokaz-powraca-na-trybuny-Tifo-dociera-do-Zabrza.webp.webp\",\"width\":1280,\"height\":720,\"caption\":\"Zakazany pokaz powraca na trybuny. Tifo dociera do Zabrza\"},{\"@type\":\"BreadcrumbList\",\"@id\":\"https:\/\/www.pogotowieflagowe.pl\/aktualne\/zakazany-pokaz-powraca-na-trybuny-tifo-dociera-do-zabrza\/#breadcrumb\",\"itemListElement\":[{\"@type\":\"ListItem\",\"position\":1,\"name\":\"Home\",\"item\":\"https:\/\/www.pogotowieflagowe.pl\/aktualne\/\"},{\"@type\":\"ListItem\",\"position\":2,\"name\":\"Zakazany pokaz powraca na trybuny. Tifo dociera do Zabrza\"}]},{\"@type\":\"WebSite\",\"@id\":\"https:\/\/www.pogotowieflagowe.pl\/aktualne\/#website\",\"url\":\"https:\/\/www.pogotowieflagowe.pl\/aktualne\/\",\"name\":\"POGOTOWIE FLAGOWE\u00ae\",\"description\":\"\",\"publisher\":{\"@id\":\"https:\/\/www.pogotowieflagowe.pl\/aktualne\/#organization\"},\"potentialAction\":[{\"@type\":\"SearchAction\",\"target\":{\"@type\":\"EntryPoint\",\"urlTemplate\":\"https:\/\/www.pogotowieflagowe.pl\/aktualne\/?s={search_term_string}\"},\"query-input\":\"required name=search_term_string\"}],\"inLanguage\":\"pl-PL\"},{\"@type\":\"Organization\",\"@id\":\"https:\/\/www.pogotowieflagowe.pl\/aktualne\/#organization\",\"name\":\"POGOTOWIE FLAGOWE\u00ae\",\"url\":\"https:\/\/www.pogotowieflagowe.pl\/aktualne\/\",\"logo\":{\"@type\":\"ImageObject\",\"inLanguage\":\"pl-PL\",\"@id\":\"https:\/\/www.pogotowieflagowe.pl\/aktualne\/#\/schema\/logo\/image\/\",\"url\":\"https:\/\/www.pogotowieflagowe.pl\/aktualne\/wp-content\/uploads\/2024\/08\/cropped-pogotowieflagowe_flaga_projekt_sm.jpg\",\"contentUrl\":\"https:\/\/www.pogotowieflagowe.pl\/aktualne\/wp-content\/uploads\/2024\/08\/cropped-pogotowieflagowe_flaga_projekt_sm.jpg\",\"width\":250,\"height\":143,\"caption\":\"POGOTOWIE FLAGOWE\u00ae\"},\"image\":{\"@id\":\"https:\/\/www.pogotowieflagowe.pl\/aktualne\/#\/schema\/logo\/image\/\"}},{\"@type\":\"Person\",\"@id\":\"https:\/\/www.pogotowieflagowe.pl\/aktualne\/#\/schema\/person\/9c2fb7d2362ebf6fa088960d7f0d27b0\",\"name\":\"Filip\",\"image\":{\"@type\":\"ImageObject\",\"inLanguage\":\"pl-PL\",\"@id\":\"https:\/\/www.pogotowieflagowe.pl\/aktualne\/#\/schema\/person\/image\/\",\"url\":\"https:\/\/www.pogotowieflagowe.pl\/aktualne\/wp-content\/uploads\/2024\/08\/pogotowieflagowe.pl_.jpg\",\"contentUrl\":\"https:\/\/www.pogotowieflagowe.pl\/aktualne\/wp-content\/uploads\/2024\/08\/pogotowieflagowe.pl_.jpg\",\"caption\":\"Filip\"},\"description\":\"Jestem Filip, polski dziennikarz z dyplomem nauk politycznych Uniwersytetu Warszawskiego. Rozpoczynaj\u0105c swoj\u0105 karier\u0119 w r\u00f3\u017cnych lokalnych mediach, zdoby\u0142em solidne do\u015bwiadczenie w zakresie \u015bledztwa i redakcji. Obecnie jako redaktor w Pogotowie flagowe, staram si\u0119 dostarcza\u0107 dog\u0142\u0119bne i istotne analizy na temat najwa\u017cniejszych kwestii aktualno\u015bci, \u0142\u0105cz\u0105c rygor z pasj\u0105 dziennikarsk\u0105.\",\"sameAs\":[\"https:\/\/www.pogotowieflagowe.pl\/\"]}]}<\/script>\n<!-- \/ Yoast SEO plugin. -->","yoast_head_json":{"title":"Zakazany pokaz powraca na trybuny. Tifo dociera do Zabrza - POGOTOWIE FLAGOWE\u00ae","robots":{"index":"index","follow":"follow","max-snippet":"max-snippet:-1","max-image-preview":"max-image-preview:large","max-video-preview":"max-video-preview:-1"},"canonical":"https:\/\/www.pogotowieflagowe.pl\/aktualne\/zakazany-pokaz-powraca-na-trybuny-tifo-dociera-do-zabrza\/","og_locale":"pl_PL","og_type":"article","og_title":"Zakazany pokaz powraca na trybuny. Tifo dociera do Zabrza - POGOTOWIE FLAGOWE\u00ae","og_description":"Podczas sobotniego meczu G\u00f3rnika Zabrze \u2013 Piasta Gliwice odby\u0142 si\u0119 znany kibicowski pokaz pod has\u0142em \u201eDo boju Polsko!\u201d (\u201eNaprz\u00f3d, Polska!\u201d)","og_url":"https:\/\/www.pogotowieflagowe.pl\/aktualne\/zakazany-pokaz-powraca-na-trybuny-tifo-dociera-do-zabrza\/","og_site_name":"POGOTOWIE FLAGOWE\u00ae","article_published_time":"2026-02-01T08:49:36+00:00","article_modified_time":"2026-02-01T08:49:37+00:00","og_image":[{"width":1280,"height":720,"url":"https:\/\/www.pogotowieflagowe.pl\/aktualne\/wp-content\/uploads\/2026\/02\/Zakazany-pokaz-powraca-na-trybuny-Tifo-dociera-do-Zabrza.webp.webp","type":"image\/webp"}],"author":"Filip","twitter_card":"summary_large_image","twitter_misc":{"Napisane przez":"Filip","Szacowany czas czytania":"1 minuta"},"schema":{"@context":"https:\/\/schema.org","@graph":[{"@type":"Article","@id":"https:\/\/www.pogotowieflagowe.pl\/aktualne\/zakazany-pokaz-powraca-na-trybuny-tifo-dociera-do-zabrza\/#article","isPartOf":{"@id":"https:\/\/www.pogotowieflagowe.pl\/aktualne\/zakazany-pokaz-powraca-na-trybuny-tifo-dociera-do-zabrza\/"},"author":{"name":"Filip","@id":"https:\/\/www.pogotowieflagowe.pl\/aktualne\/#\/schema\/person\/9c2fb7d2362ebf6fa088960d7f0d27b0"},"headline":"Zakazany pokaz powraca na trybuny. Tifo dociera do Zabrza","datePublished":"2026-02-01T08:49:36+00:00","dateModified":"2026-02-01T08:49:37+00:00","mainEntityOfPage":{"@id":"https:\/\/www.pogotowieflagowe.pl\/aktualne\/zakazany-pokaz-powraca-na-trybuny-tifo-dociera-do-zabrza\/"},"wordCount":296,"commentCount":0,"publisher":{"@id":"https:\/\/www.pogotowieflagowe.pl\/aktualne\/#organization"},"image":{"@id":"https:\/\/www.pogotowieflagowe.pl\/aktualne\/zakazany-pokaz-powraca-na-trybuny-tifo-dociera-do-zabrza\/#primaryimage"},"thumbnailUrl":"https:\/\/www.pogotowieflagowe.pl\/aktualne\/wp-content\/uploads\/2026\/02\/Zakazany-pokaz-powraca-na-trybuny-Tifo-dociera-do-Zabrza.webp.webp","keywords":["dociera","Pokaz","powraca","Tifo","trybuny","Zabrza","Zakazany"],"articleSection":["Aktualne"],"inLanguage":"pl-PL","potentialAction":[{"@type":"CommentAction","name":"Comment","target":["https:\/\/www.pogotowieflagowe.pl\/aktualne\/zakazany-pokaz-powraca-na-trybuny-tifo-dociera-do-zabrza\/#respond"]}]},{"@type":"WebPage","@id":"https:\/\/www.pogotowieflagowe.pl\/aktualne\/zakazany-pokaz-powraca-na-trybuny-tifo-dociera-do-zabrza\/","url":"https:\/\/www.pogotowieflagowe.pl\/aktualne\/zakazany-pokaz-powraca-na-trybuny-tifo-dociera-do-zabrza\/","name":"Zakazany pokaz powraca na trybuny. Tifo dociera do Zabrza - POGOTOWIE FLAGOWE\u00ae","isPartOf":{"@id":"https:\/\/www.pogotowieflagowe.pl\/aktualne\/#website"},"primaryImageOfPage":{"@id":"https:\/\/www.pogotowieflagowe.pl\/aktualne\/zakazany-pokaz-powraca-na-trybuny-tifo-dociera-do-zabrza\/#primaryimage"},"image":{"@id":"https:\/\/www.pogotowieflagowe.pl\/aktualne\/zakazany-pokaz-powraca-na-trybuny-tifo-dociera-do-zabrza\/#primaryimage"},"thumbnailUrl":"https:\/\/www.pogotowieflagowe.pl\/aktualne\/wp-content\/uploads\/2026\/02\/Zakazany-pokaz-powraca-na-trybuny-Tifo-dociera-do-Zabrza.webp.webp","datePublished":"2026-02-01T08:49:36+00:00","dateModified":"2026-02-01T08:49:37+00:00","breadcrumb":{"@id":"https:\/\/www.pogotowieflagowe.pl\/aktualne\/zakazany-pokaz-powraca-na-trybuny-tifo-dociera-do-zabrza\/#breadcrumb"},"inLanguage":"pl-PL","potentialAction":[{"@type":"ReadAction","target":["https:\/\/www.pogotowieflagowe.pl\/aktualne\/zakazany-pokaz-powraca-na-trybuny-tifo-dociera-do-zabrza\/"]}]},{"@type":"ImageObject","inLanguage":"pl-PL","@id":"https:\/\/www.pogotowieflagowe.pl\/aktualne\/zakazany-pokaz-powraca-na-trybuny-tifo-dociera-do-zabrza\/#primaryimage","url":"https:\/\/www.pogotowieflagowe.pl\/aktualne\/wp-content\/uploads\/2026\/02\/Zakazany-pokaz-powraca-na-trybuny-Tifo-dociera-do-Zabrza.webp.webp","contentUrl":"https:\/\/www.pogotowieflagowe.pl\/aktualne\/wp-content\/uploads\/2026\/02\/Zakazany-pokaz-powraca-na-trybuny-Tifo-dociera-do-Zabrza.webp.webp","width":1280,"height":720,"caption":"Zakazany pokaz powraca na trybuny. Tifo dociera do Zabrza"},{"@type":"BreadcrumbList","@id":"https:\/\/www.pogotowieflagowe.pl\/aktualne\/zakazany-pokaz-powraca-na-trybuny-tifo-dociera-do-zabrza\/#breadcrumb","itemListElement":[{"@type":"ListItem","position":1,"name":"Home","item":"https:\/\/www.pogotowieflagowe.pl\/aktualne\/"},{"@type":"ListItem","position":2,"name":"Zakazany pokaz powraca na trybuny. Tifo dociera do Zabrza"}]},{"@type":"WebSite","@id":"https:\/\/www.pogotowieflagowe.pl\/aktualne\/#website","url":"https:\/\/www.pogotowieflagowe.pl\/aktualne\/","name":"POGOTOWIE FLAGOWE\u00ae","description":"","publisher":{"@id":"https:\/\/www.pogotowieflagowe.pl\/aktualne\/#organization"},"potentialAction":[{"@type":"SearchAction","target":{"@type":"EntryPoint","urlTemplate":"https:\/\/www.pogotowieflagowe.pl\/aktualne\/?s={search_term_string}"},"query-input":"required name=search_term_string"}],"inLanguage":"pl-PL"},{"@type":"Organization","@id":"https:\/\/www.pogotowieflagowe.pl\/aktualne\/#organization","name":"POGOTOWIE FLAGOWE\u00ae","url":"https:\/\/www.pogotowieflagowe.pl\/aktualne\/","logo":{"@type":"ImageObject","inLanguage":"pl-PL","@id":"https:\/\/www.pogotowieflagowe.pl\/aktualne\/#\/schema\/logo\/image\/","url":"https:\/\/www.pogotowieflagowe.pl\/aktualne\/wp-content\/uploads\/2024\/08\/cropped-pogotowieflagowe_flaga_projekt_sm.jpg","contentUrl":"https:\/\/www.pogotowieflagowe.pl\/aktualne\/wp-content\/uploads\/2024\/08\/cropped-pogotowieflagowe_flaga_projekt_sm.jpg","width":250,"height":143,"caption":"POGOTOWIE FLAGOWE\u00ae"},"image":{"@id":"https:\/\/www.pogotowieflagowe.pl\/aktualne\/#\/schema\/logo\/image\/"}},{"@type":"Person","@id":"https:\/\/www.pogotowieflagowe.pl\/aktualne\/#\/schema\/person\/9c2fb7d2362ebf6fa088960d7f0d27b0","name":"Filip","image":{"@type":"ImageObject","inLanguage":"pl-PL","@id":"https:\/\/www.pogotowieflagowe.pl\/aktualne\/#\/schema\/person\/image\/","url":"https:\/\/www.pogotowieflagowe.pl\/aktualne\/wp-content\/uploads\/2024\/08\/pogotowieflagowe.pl_.jpg","contentUrl":"https:\/\/www.pogotowieflagowe.pl\/aktualne\/wp-content\/uploads\/2024\/08\/pogotowieflagowe.pl_.jpg","caption":"Filip"},"description":"Jestem Filip, polski dziennikarz z dyplomem nauk politycznych Uniwersytetu Warszawskiego. Rozpoczynaj\u0105c swoj\u0105 karier\u0119 w r\u00f3\u017cnych lokalnych mediach, zdoby\u0142em solidne do\u015bwiadczenie w zakresie \u015bledztwa i redakcji. Obecnie jako redaktor w Pogotowie flagowe, staram si\u0119 dostarcza\u0107 dog\u0142\u0119bne i istotne analizy na temat najwa\u017cniejszych kwestii aktualno\u015bci, \u0142\u0105cz\u0105c rygor z pasj\u0105 dziennikarsk\u0105.","sameAs":["https:\/\/www.pogotowieflagowe.pl\/"]}]}},"_links":{"self":[{"href":"https:\/\/www.pogotowieflagowe.pl\/aktualne\/wp-json\/wp\/v2\/posts\/12406","targetHints":{"allow":["GET"]}}],"collection":[{"href":"https:\/\/www.pogotowieflagowe.pl\/aktualne\/wp-json\/wp\/v2\/posts"}],"about":[{"href":"https:\/\/www.pogotowieflagowe.pl\/aktualne\/wp-json\/wp\/v2\/types\/post"}],"author":[{"embeddable":true,"href":"https:\/\/www.pogotowieflagowe.pl\/aktualne\/wp-json\/wp\/v2\/users\/1"}],"replies":[{"embeddable":true,"href":"https:\/\/www.pogotowieflagowe.pl\/aktualne\/wp-json\/wp\/v2\/comments?post=12406"}],"version-history":[{"count":1,"href":"https:\/\/www.pogotowieflagowe.pl\/aktualne\/wp-json\/wp\/v2\/posts\/12406\/revisions"}],"predecessor-version":[{"id":12408,"href":"https:\/\/www.pogotowieflagowe.pl\/aktualne\/wp-json\/wp\/v2\/posts\/12406\/revisions\/12408"}],"wp:featuredmedia":[{"embeddable":true,"href":"https:\/\/www.pogotowieflagowe.pl\/aktualne\/wp-json\/wp\/v2\/media\/12407"}],"wp:attachment":[{"href":"https:\/\/www.pogotowieflagowe.pl\/aktualne\/wp-json\/wp\/v2\/media?parent=12406"}],"wp:term":[{"taxonomy":"category","embeddable":true,"href":"https:\/\/www.pogotowieflagowe.pl\/aktualne\/wp-json\/wp\/v2\/categories?post=12406"},{"taxonomy":"post_tag","embeddable":true,"href":"https:\/\/www.pogotowieflagowe.pl\/aktualne\/wp-json\/wp\/v2\/tags?post=12406"}],"curies":[{"name":"wp","href":"https:\/\/api.w.org\/{rel}","templated":true}]}}