{"id":12412,"date":"2026-02-01T22:50:21","date_gmt":"2026-02-01T21:50:21","guid":{"rendered":"https:\/\/www.pogotowieflagowe.pl\/aktualne\/zrzucili-maski-lewacy-planuja-wykorzystac-imigrantow-do-zdobycia-stalej-wladzy\/"},"modified":"2026-02-01T22:50:25","modified_gmt":"2026-02-01T21:50:25","slug":"zrzucili-maski-lewacy-planuja-wykorzystac-imigrantow-do-zdobycia-stalej-wladzy","status":"publish","type":"post","link":"https:\/\/www.pogotowieflagowe.pl\/aktualne\/zrzucili-maski-lewacy-planuja-wykorzystac-imigrantow-do-zdobycia-stalej-wladzy\/","title":{"rendered":"Zrzucili maski: lewacy planuj\u0105 wykorzysta\u0107 imigrant\u00f3w do zdobycia sta\u0142ej w\u0142adzy"},"content":{"rendered":"\n<div class=\"td_block_wrap tdb_single_content tdi_41 td-pb-border-top td_block_template_8 td-post-content tagdiv-type\" data-td-block-uid=\"tdi_41\">\n<style>.tdi_41{margines-top:0px!important;margin-bottom:0px!important;dope\u0142nienie-g\u00f3ra:0px!important;dope\u0142nienie-d\u00f3\u0142:0px!important}<\/style>\n<style>.tdb_single_content{margin-bottom:0;*zoom:1}.tdb_single_content:before,.tdb_single_content:after{display:table;content:'';line-height:0}.tdb_single_content:after{clear:both}.tdb_single_content .tdb-block-inner>*:not(.wp-block-quote):not(.alignwide):not(.alignfull.wp-block-cover.has-parallax):not(.td-a-ad){margin-left:auto;margin-right:auto}.tdb_single_content a{pointer-events:auto}.tdb_single_content .td-spot-id-top_ad .tdc-placeholder-title:before{content:'Najlepsza reklama artyku\u0142u'!important}.tdb_single_content .td-spot-id-inline_ad0 .tdc-placeholder-title:before{content:'Reklama wbudowana artyku\u0142u 1'!important}.tdb_single_content .td-spot-id-inline_ad1 .tdc-placeholder-title:before{content:'Wbudowana reklama w artykule 2'!important}.tdb_single_content .td-spot-id-inline_ad2 .tdc-placeholder-title:before{content:'Wbudowana reklama w artykule 3'!important}.tdb_single_content .td-spot-id-bottom_ad .tdc-placeholder-title:before{content:'Article Bottom Ad'!important}.tdb_single_content .id_top_ad,.tdb_single_content .id_bottom_ad{clear:both;margin-bottom:21px;text-align:center}.tdb_single_content .id_top_ad img,.tdb_single_content .id_bottom_ad img{margin-bottom:0}.tdb_single_content .id_top_ad .adsbygoogle,.tdb_single_content .id_bottom_ad .adsbygoogle{position:relative}.tdb_single_content .id_ad_content-horiz-left,.tdb_single_content .id_ad_content-horiz-right,.tdb_single_content .id_ad_content-horiz-center{margin-bottom:15px}.tdb_single_content .id_ad_content-horiz-left img,.tdb_single_content .id_ad_content-horiz-right img,.tdb_single_content .id_ad_content-horiz-center img{margin-bottom:0}.tdb_single_content .id_ad_content-horiz-center{text-align:center}.tdb_single_content .id_ad_content-horiz-center img{margin-right:auto;margin-left:auto}.tdb_single_content .id_ad_content-horiz-left{float:left;margin-top:9px;margin-right:21px}.tdb_single_content .id_ad_content-horiz-right{float:right;margin-top:6px;margin-left:21px}.tdb_single_content .tdc-a-ad .tdc-placeholder-title{width:300px;height:250px}.tdb_single_content .tdc-a-ad .tdc-placeholder-title:before{position:absolute;top:50%;-webkit-transform:translateY(-50%);transform:translateY(-50%);margin:auto;display:table;width:100%}.tdb_single_content .tdb-block-inner.td-fix-index{word-break:break-word}.tdi_41,.tdi_41>p,.tdi_41 .tdb-block-inner>p,.wp-block-column>p{font-size:16px!important;line-height:1.6!important}.tdi_41 .tdb-block-inner blockquote p{font-style:normal!important}@media (max-width:767px){.tdb_single_content .id_ad_content-horiz-left,.tdb_single_content .id_ad_content-horiz-right,.tdb_single_content .id_ad_content-horiz-center{margin:0 auto 26 pikseli auto}}@media (max-width:767px){.tdb_single_content .id_ad_content-horiz-left{margin-right:0}}@media (max-width:767px){.tdb_single_content .id_ad_content-horiz-right{margin-left:0}}@media (max-width:767px){.tdb_single_content .td-a-ad{float:none;text-align:center}.tdb_single_content .td-a-ad img{margin-right:auto;margin-left:auto}.tdb_single_content .tdc-a-ad{float:none}}<\/style>\n<div class=\"tdb-block-inner td-fix-index\">\n<h2 class=\"wp-block-heading\">Takiego planu nie widziano od czas\u00f3w stalinowskich czystek etnicznych, kiedy pod jednym podpisem przesiedlano ca\u0142e narody ze swoich ojczyzn do odleg\u0142ych rejon\u00f3w Zwi\u0105zku Radzieckiego. Irene Montero, pos\u0142anka do Parlamentu Europejskiego z ramienia hiszpa\u0144skiej lewicy <em>Podemos<\/em>ujawni\u0142a, co tak naprawd\u0119 kryje si\u0119 za szlachetnymi has\u0142ami dotycz\u0105cymi pomocy nielegalnym imigrantom.<\/h2>\n<hr class=\"wp-block-separator has-alpha-channel-opacity\">\n<p><strong>\u201ePo zalegalizowaniu pobytu imigrant\u00f3w chcemy nada\u0107 im obywatelstwo, aby mogli g\u0142osowa\u0107 w wyborach\u201d <\/strong>Montero og\u0142osi\u0142 publicznie podczas wiecu, kt\u00f3ry odby\u0142 si\u0119 31 stycznia w Saragossie, zorganizowanego w zwi\u0105zku z wyborami regionalnymi w Aragonii, kt\u00f3re odb\u0119d\u0105 si\u0119 8 lutego.<\/p>\n<p>Eurodeputowany argumentowa\u0142, \u017ce kolejnym krokiem po zalegalizowaniu pobytu tysi\u0119cy imigrant\u00f3w powinno by\u0107 nadanie im obywatelstwa hiszpa\u0144skiego i zmiana prawa, aby mogli bra\u0107 udzia\u0142 w wyborach. Jest to jednak dopiero pierwszy krok w programie lewicowym. Nast\u0119pnym jest przeprowadzenie czystek etnicznych na istniej\u0105cej populacji Hiszpanii.<\/p>\n<p><strong>\u201eMam nadziej\u0119, \u017ce uda nam si\u0119 pozby\u0107 faszyst\u00f3w i rasist\u00f3w z tego kraju za pomoc\u0105 imigrant\u00f3w i ci\u0119\u017cko pracuj\u0105cych ludzi\u201d \u2013 doda\u0142.<\/strong> Montero stwierdzi\u0142 wprost, jak cytuje wp\u0142ywowa gazeta <em>El Mundo<\/em>. Na swoistej czarnej li\u015bcie pos\u0142a do Parlamentu Europejskiego znalaz\u0142y si\u0119 partie prawicowe, m.in <em>Vox<\/em> (Vox) i jej przyw\u00f3dca Santiago Abascal. Montero nazwa\u0142 ich wszystkich \u201erasistami\u201d.<\/p>\n<p>Jako portal <em>Zr\u00f3b Rzeczy<\/em> przypomina, \u017ce \u200b\u200bw Hiszpanii obywatelstwo jest wymogiem umo\u017cliwiaj\u0105cym g\u0142osowanie w wyborach krajowych i regionalnych, zatem samo zalegalizowanie pobytu imigrant\u00f3w nie zapewnia im automatycznie prawa do g\u0142osowania. \u201eW kampanii wyborczej <em>Podemos<\/em> sygnalizuje, \u017ce b\u0119dzie zdecydowanie walczy\u0107 o prawa migrant\u00f3w, co mo\u017ce mie\u0107 znaczenie w regionach o wi\u0119kszym odsetku obcokrajowc\u00f3w lub os\u00f3b o korzeniach imigranckich. Najwi\u0119cej imigrant\u00f3w w Hiszpanii \u017cyje w Katalonii (Barcelona), w regionie Madrytu, w Andaluzji i na Balearach, gdzie stanowi\u0105 oko\u0142o 20-25 proc. populacji\u201d \u2013 podaje portal.<\/p>\n<p>TV Republika odnios\u0142a si\u0119 do tych wypowiedzi i podkre\u015bli\u0142a kontrowersje wok\u00f3\u0142 uwag Montero.<\/p>\n<\/div>\n<\/div>\n","protected":false},"excerpt":{"rendered":"<p>Takiego planu nie widziano od czas\u00f3w stalinowskich czystek etnicznych, kiedy pod jednym podpisem przesiedlano ca\u0142e narody ze swoich ojczyzn do<\/p>\n","protected":false},"author":1,"featured_media":12413,"comment_status":"open","ping_status":"open","sticky":false,"template":"","format":"standard","meta":{"footnotes":""},"categories":[44],"tags":[3127,13564,13563,3472,13463,2437,12352,13565,13562],"class_list":["post-12412","post","type-post","status-publish","format-standard","has-post-thumbnail","hentry","category-polityka","tag-imigrantow","tag-lewacy","tag-maski","tag-planuja","tag-stalej","tag-wladzy","tag-wykorzystac","tag-zdobycia","tag-zrzucili","generate-columns","tablet-grid-50","mobile-grid-100","grid-parent","grid-50","resize-featured-image"],"yoast_head":"<!-- This site is optimized with the Yoast SEO plugin v23.2 - https:\/\/yoast.com\/wordpress\/plugins\/seo\/ -->\n<title>Zrzucili maski: lewacy planuj\u0105 wykorzysta\u0107 imigrant\u00f3w do zdobycia sta\u0142ej w\u0142adzy - POGOTOWIE FLAGOWE\u00ae<\/title>\n<meta name=\"robots\" content=\"index, follow, max-snippet:-1, max-image-preview:large, max-video-preview:-1\" \/>\n<link rel=\"canonical\" href=\"https:\/\/www.pogotowieflagowe.pl\/aktualne\/zrzucili-maski-lewacy-planuja-wykorzystac-imigrantow-do-zdobycia-stalej-wladzy\/\" \/>\n<meta property=\"og:locale\" content=\"pl_PL\" \/>\n<meta property=\"og:type\" content=\"article\" \/>\n<meta property=\"og:title\" content=\"Zrzucili maski: lewacy planuj\u0105 wykorzysta\u0107 imigrant\u00f3w do zdobycia sta\u0142ej w\u0142adzy - POGOTOWIE FLAGOWE\u00ae\" \/>\n<meta property=\"og:description\" content=\"Takiego planu nie widziano od czas\u00f3w stalinowskich czystek etnicznych, kiedy pod jednym podpisem przesiedlano ca\u0142e narody ze swoich ojczyzn do\" \/>\n<meta property=\"og:url\" content=\"https:\/\/www.pogotowieflagowe.pl\/aktualne\/zrzucili-maski-lewacy-planuja-wykorzystac-imigrantow-do-zdobycia-stalej-wladzy\/\" \/>\n<meta property=\"og:site_name\" content=\"POGOTOWIE FLAGOWE\u00ae\" \/>\n<meta property=\"article:published_time\" content=\"2026-02-01T21:50:21+00:00\" \/>\n<meta property=\"article:modified_time\" content=\"2026-02-01T21:50:25+00:00\" \/>\n<meta property=\"og:image\" content=\"https:\/\/www.pogotowieflagowe.pl\/aktualne\/wp-content\/uploads\/2026\/02\/Zrzucili-maski-lewacy-planuja-wykorzystac-imigrantow-do-zdobycia-stalej-wladzy.jpg\" \/>\n\t<meta property=\"og:image:width\" content=\"2400\" \/>\n\t<meta property=\"og:image:height\" content=\"1350\" \/>\n\t<meta property=\"og:image:type\" content=\"image\/jpeg\" \/>\n<meta name=\"author\" content=\"Filip\" \/>\n<meta name=\"twitter:card\" content=\"summary_large_image\" \/>\n<meta name=\"twitter:label1\" content=\"Napisane przez\" \/>\n\t<meta name=\"twitter:data1\" content=\"Filip\" \/>\n\t<meta name=\"twitter:label2\" content=\"Szacowany czas czytania\" \/>\n\t<meta name=\"twitter:data2\" content=\"2 minuty\" \/>\n<script type=\"application\/ld+json\" class=\"yoast-schema-graph\">{\"@context\":\"https:\/\/schema.org\",\"@graph\":[{\"@type\":\"Article\",\"@id\":\"https:\/\/www.pogotowieflagowe.pl\/aktualne\/zrzucili-maski-lewacy-planuja-wykorzystac-imigrantow-do-zdobycia-stalej-wladzy\/#article\",\"isPartOf\":{\"@id\":\"https:\/\/www.pogotowieflagowe.pl\/aktualne\/zrzucili-maski-lewacy-planuja-wykorzystac-imigrantow-do-zdobycia-stalej-wladzy\/\"},\"author\":{\"name\":\"Filip\",\"@id\":\"https:\/\/www.pogotowieflagowe.pl\/aktualne\/#\/schema\/person\/9c2fb7d2362ebf6fa088960d7f0d27b0\"},\"headline\":\"Zrzucili maski: lewacy planuj\u0105 wykorzysta\u0107 imigrant\u00f3w do zdobycia sta\u0142ej w\u0142adzy\",\"datePublished\":\"2026-02-01T21:50:21+00:00\",\"dateModified\":\"2026-02-01T21:50:25+00:00\",\"mainEntityOfPage\":{\"@id\":\"https:\/\/www.pogotowieflagowe.pl\/aktualne\/zrzucili-maski-lewacy-planuja-wykorzystac-imigrantow-do-zdobycia-stalej-wladzy\/\"},\"wordCount\":339,\"commentCount\":0,\"publisher\":{\"@id\":\"https:\/\/www.pogotowieflagowe.pl\/aktualne\/#organization\"},\"image\":{\"@id\":\"https:\/\/www.pogotowieflagowe.pl\/aktualne\/zrzucili-maski-lewacy-planuja-wykorzystac-imigrantow-do-zdobycia-stalej-wladzy\/#primaryimage\"},\"thumbnailUrl\":\"https:\/\/www.pogotowieflagowe.pl\/aktualne\/wp-content\/uploads\/2026\/02\/Zrzucili-maski-lewacy-planuja-wykorzystac-imigrantow-do-zdobycia-stalej-wladzy.jpg\",\"keywords\":[\"imigrant\u00f3w\",\"lewacy\",\"maski\",\"planuj\u0105\",\"sta\u0142ej\",\"w\u0142adzy\",\"wykorzysta\u0107\",\"zdobycia\",\"Zrzucili\"],\"articleSection\":[\"Polityka\"],\"inLanguage\":\"pl-PL\",\"potentialAction\":[{\"@type\":\"CommentAction\",\"name\":\"Comment\",\"target\":[\"https:\/\/www.pogotowieflagowe.pl\/aktualne\/zrzucili-maski-lewacy-planuja-wykorzystac-imigrantow-do-zdobycia-stalej-wladzy\/#respond\"]}]},{\"@type\":\"WebPage\",\"@id\":\"https:\/\/www.pogotowieflagowe.pl\/aktualne\/zrzucili-maski-lewacy-planuja-wykorzystac-imigrantow-do-zdobycia-stalej-wladzy\/\",\"url\":\"https:\/\/www.pogotowieflagowe.pl\/aktualne\/zrzucili-maski-lewacy-planuja-wykorzystac-imigrantow-do-zdobycia-stalej-wladzy\/\",\"name\":\"Zrzucili maski: lewacy planuj\u0105 wykorzysta\u0107 imigrant\u00f3w do zdobycia sta\u0142ej w\u0142adzy - POGOTOWIE FLAGOWE\u00ae\",\"isPartOf\":{\"@id\":\"https:\/\/www.pogotowieflagowe.pl\/aktualne\/#website\"},\"primaryImageOfPage\":{\"@id\":\"https:\/\/www.pogotowieflagowe.pl\/aktualne\/zrzucili-maski-lewacy-planuja-wykorzystac-imigrantow-do-zdobycia-stalej-wladzy\/#primaryimage\"},\"image\":{\"@id\":\"https:\/\/www.pogotowieflagowe.pl\/aktualne\/zrzucili-maski-lewacy-planuja-wykorzystac-imigrantow-do-zdobycia-stalej-wladzy\/#primaryimage\"},\"thumbnailUrl\":\"https:\/\/www.pogotowieflagowe.pl\/aktualne\/wp-content\/uploads\/2026\/02\/Zrzucili-maski-lewacy-planuja-wykorzystac-imigrantow-do-zdobycia-stalej-wladzy.jpg\",\"datePublished\":\"2026-02-01T21:50:21+00:00\",\"dateModified\":\"2026-02-01T21:50:25+00:00\",\"breadcrumb\":{\"@id\":\"https:\/\/www.pogotowieflagowe.pl\/aktualne\/zrzucili-maski-lewacy-planuja-wykorzystac-imigrantow-do-zdobycia-stalej-wladzy\/#breadcrumb\"},\"inLanguage\":\"pl-PL\",\"potentialAction\":[{\"@type\":\"ReadAction\",\"target\":[\"https:\/\/www.pogotowieflagowe.pl\/aktualne\/zrzucili-maski-lewacy-planuja-wykorzystac-imigrantow-do-zdobycia-stalej-wladzy\/\"]}]},{\"@type\":\"ImageObject\",\"inLanguage\":\"pl-PL\",\"@id\":\"https:\/\/www.pogotowieflagowe.pl\/aktualne\/zrzucili-maski-lewacy-planuja-wykorzystac-imigrantow-do-zdobycia-stalej-wladzy\/#primaryimage\",\"url\":\"https:\/\/www.pogotowieflagowe.pl\/aktualne\/wp-content\/uploads\/2026\/02\/Zrzucili-maski-lewacy-planuja-wykorzystac-imigrantow-do-zdobycia-stalej-wladzy.jpg\",\"contentUrl\":\"https:\/\/www.pogotowieflagowe.pl\/aktualne\/wp-content\/uploads\/2026\/02\/Zrzucili-maski-lewacy-planuja-wykorzystac-imigrantow-do-zdobycia-stalej-wladzy.jpg\",\"width\":2400,\"height\":1350,\"caption\":\"Zrzucili maski: lewacy planuj\u0105 wykorzysta\u0107 imigrant\u00f3w do zdobycia sta\u0142ej w\u0142adzy\"},{\"@type\":\"BreadcrumbList\",\"@id\":\"https:\/\/www.pogotowieflagowe.pl\/aktualne\/zrzucili-maski-lewacy-planuja-wykorzystac-imigrantow-do-zdobycia-stalej-wladzy\/#breadcrumb\",\"itemListElement\":[{\"@type\":\"ListItem\",\"position\":1,\"name\":\"Home\",\"item\":\"https:\/\/www.pogotowieflagowe.pl\/aktualne\/\"},{\"@type\":\"ListItem\",\"position\":2,\"name\":\"Zrzucili maski: lewacy planuj\u0105 wykorzysta\u0107 imigrant\u00f3w do zdobycia sta\u0142ej w\u0142adzy\"}]},{\"@type\":\"WebSite\",\"@id\":\"https:\/\/www.pogotowieflagowe.pl\/aktualne\/#website\",\"url\":\"https:\/\/www.pogotowieflagowe.pl\/aktualne\/\",\"name\":\"POGOTOWIE FLAGOWE\u00ae\",\"description\":\"\",\"publisher\":{\"@id\":\"https:\/\/www.pogotowieflagowe.pl\/aktualne\/#organization\"},\"potentialAction\":[{\"@type\":\"SearchAction\",\"target\":{\"@type\":\"EntryPoint\",\"urlTemplate\":\"https:\/\/www.pogotowieflagowe.pl\/aktualne\/?s={search_term_string}\"},\"query-input\":\"required name=search_term_string\"}],\"inLanguage\":\"pl-PL\"},{\"@type\":\"Organization\",\"@id\":\"https:\/\/www.pogotowieflagowe.pl\/aktualne\/#organization\",\"name\":\"POGOTOWIE FLAGOWE\u00ae\",\"url\":\"https:\/\/www.pogotowieflagowe.pl\/aktualne\/\",\"logo\":{\"@type\":\"ImageObject\",\"inLanguage\":\"pl-PL\",\"@id\":\"https:\/\/www.pogotowieflagowe.pl\/aktualne\/#\/schema\/logo\/image\/\",\"url\":\"https:\/\/www.pogotowieflagowe.pl\/aktualne\/wp-content\/uploads\/2024\/08\/cropped-pogotowieflagowe_flaga_projekt_sm.jpg\",\"contentUrl\":\"https:\/\/www.pogotowieflagowe.pl\/aktualne\/wp-content\/uploads\/2024\/08\/cropped-pogotowieflagowe_flaga_projekt_sm.jpg\",\"width\":250,\"height\":143,\"caption\":\"POGOTOWIE FLAGOWE\u00ae\"},\"image\":{\"@id\":\"https:\/\/www.pogotowieflagowe.pl\/aktualne\/#\/schema\/logo\/image\/\"}},{\"@type\":\"Person\",\"@id\":\"https:\/\/www.pogotowieflagowe.pl\/aktualne\/#\/schema\/person\/9c2fb7d2362ebf6fa088960d7f0d27b0\",\"name\":\"Filip\",\"image\":{\"@type\":\"ImageObject\",\"inLanguage\":\"pl-PL\",\"@id\":\"https:\/\/www.pogotowieflagowe.pl\/aktualne\/#\/schema\/person\/image\/\",\"url\":\"https:\/\/www.pogotowieflagowe.pl\/aktualne\/wp-content\/uploads\/2024\/08\/pogotowieflagowe.pl_.jpg\",\"contentUrl\":\"https:\/\/www.pogotowieflagowe.pl\/aktualne\/wp-content\/uploads\/2024\/08\/pogotowieflagowe.pl_.jpg\",\"caption\":\"Filip\"},\"description\":\"Jestem Filip, polski dziennikarz z dyplomem nauk politycznych Uniwersytetu Warszawskiego. Rozpoczynaj\u0105c swoj\u0105 karier\u0119 w r\u00f3\u017cnych lokalnych mediach, zdoby\u0142em solidne do\u015bwiadczenie w zakresie \u015bledztwa i redakcji. Obecnie jako redaktor w Pogotowie flagowe, staram si\u0119 dostarcza\u0107 dog\u0142\u0119bne i istotne analizy na temat najwa\u017cniejszych kwestii aktualno\u015bci, \u0142\u0105cz\u0105c rygor z pasj\u0105 dziennikarsk\u0105.\",\"sameAs\":[\"https:\/\/www.pogotowieflagowe.pl\/\"]}]}<\/script>\n<!-- \/ Yoast SEO plugin. -->","yoast_head_json":{"title":"Zrzucili maski: lewacy planuj\u0105 wykorzysta\u0107 imigrant\u00f3w do zdobycia sta\u0142ej w\u0142adzy - POGOTOWIE FLAGOWE\u00ae","robots":{"index":"index","follow":"follow","max-snippet":"max-snippet:-1","max-image-preview":"max-image-preview:large","max-video-preview":"max-video-preview:-1"},"canonical":"https:\/\/www.pogotowieflagowe.pl\/aktualne\/zrzucili-maski-lewacy-planuja-wykorzystac-imigrantow-do-zdobycia-stalej-wladzy\/","og_locale":"pl_PL","og_type":"article","og_title":"Zrzucili maski: lewacy planuj\u0105 wykorzysta\u0107 imigrant\u00f3w do zdobycia sta\u0142ej w\u0142adzy - POGOTOWIE FLAGOWE\u00ae","og_description":"Takiego planu nie widziano od czas\u00f3w stalinowskich czystek etnicznych, kiedy pod jednym podpisem przesiedlano ca\u0142e narody ze swoich ojczyzn do","og_url":"https:\/\/www.pogotowieflagowe.pl\/aktualne\/zrzucili-maski-lewacy-planuja-wykorzystac-imigrantow-do-zdobycia-stalej-wladzy\/","og_site_name":"POGOTOWIE FLAGOWE\u00ae","article_published_time":"2026-02-01T21:50:21+00:00","article_modified_time":"2026-02-01T21:50:25+00:00","og_image":[{"width":2400,"height":1350,"url":"https:\/\/www.pogotowieflagowe.pl\/aktualne\/wp-content\/uploads\/2026\/02\/Zrzucili-maski-lewacy-planuja-wykorzystac-imigrantow-do-zdobycia-stalej-wladzy.jpg","type":"image\/jpeg"}],"author":"Filip","twitter_card":"summary_large_image","twitter_misc":{"Napisane przez":"Filip","Szacowany czas czytania":"2 minuty"},"schema":{"@context":"https:\/\/schema.org","@graph":[{"@type":"Article","@id":"https:\/\/www.pogotowieflagowe.pl\/aktualne\/zrzucili-maski-lewacy-planuja-wykorzystac-imigrantow-do-zdobycia-stalej-wladzy\/#article","isPartOf":{"@id":"https:\/\/www.pogotowieflagowe.pl\/aktualne\/zrzucili-maski-lewacy-planuja-wykorzystac-imigrantow-do-zdobycia-stalej-wladzy\/"},"author":{"name":"Filip","@id":"https:\/\/www.pogotowieflagowe.pl\/aktualne\/#\/schema\/person\/9c2fb7d2362ebf6fa088960d7f0d27b0"},"headline":"Zrzucili maski: lewacy planuj\u0105 wykorzysta\u0107 imigrant\u00f3w do zdobycia sta\u0142ej w\u0142adzy","datePublished":"2026-02-01T21:50:21+00:00","dateModified":"2026-02-01T21:50:25+00:00","mainEntityOfPage":{"@id":"https:\/\/www.pogotowieflagowe.pl\/aktualne\/zrzucili-maski-lewacy-planuja-wykorzystac-imigrantow-do-zdobycia-stalej-wladzy\/"},"wordCount":339,"commentCount":0,"publisher":{"@id":"https:\/\/www.pogotowieflagowe.pl\/aktualne\/#organization"},"image":{"@id":"https:\/\/www.pogotowieflagowe.pl\/aktualne\/zrzucili-maski-lewacy-planuja-wykorzystac-imigrantow-do-zdobycia-stalej-wladzy\/#primaryimage"},"thumbnailUrl":"https:\/\/www.pogotowieflagowe.pl\/aktualne\/wp-content\/uploads\/2026\/02\/Zrzucili-maski-lewacy-planuja-wykorzystac-imigrantow-do-zdobycia-stalej-wladzy.jpg","keywords":["imigrant\u00f3w","lewacy","maski","planuj\u0105","sta\u0142ej","w\u0142adzy","wykorzysta\u0107","zdobycia","Zrzucili"],"articleSection":["Polityka"],"inLanguage":"pl-PL","potentialAction":[{"@type":"CommentAction","name":"Comment","target":["https:\/\/www.pogotowieflagowe.pl\/aktualne\/zrzucili-maski-lewacy-planuja-wykorzystac-imigrantow-do-zdobycia-stalej-wladzy\/#respond"]}]},{"@type":"WebPage","@id":"https:\/\/www.pogotowieflagowe.pl\/aktualne\/zrzucili-maski-lewacy-planuja-wykorzystac-imigrantow-do-zdobycia-stalej-wladzy\/","url":"https:\/\/www.pogotowieflagowe.pl\/aktualne\/zrzucili-maski-lewacy-planuja-wykorzystac-imigrantow-do-zdobycia-stalej-wladzy\/","name":"Zrzucili maski: lewacy planuj\u0105 wykorzysta\u0107 imigrant\u00f3w do zdobycia sta\u0142ej w\u0142adzy - POGOTOWIE FLAGOWE\u00ae","isPartOf":{"@id":"https:\/\/www.pogotowieflagowe.pl\/aktualne\/#website"},"primaryImageOfPage":{"@id":"https:\/\/www.pogotowieflagowe.pl\/aktualne\/zrzucili-maski-lewacy-planuja-wykorzystac-imigrantow-do-zdobycia-stalej-wladzy\/#primaryimage"},"image":{"@id":"https:\/\/www.pogotowieflagowe.pl\/aktualne\/zrzucili-maski-lewacy-planuja-wykorzystac-imigrantow-do-zdobycia-stalej-wladzy\/#primaryimage"},"thumbnailUrl":"https:\/\/www.pogotowieflagowe.pl\/aktualne\/wp-content\/uploads\/2026\/02\/Zrzucili-maski-lewacy-planuja-wykorzystac-imigrantow-do-zdobycia-stalej-wladzy.jpg","datePublished":"2026-02-01T21:50:21+00:00","dateModified":"2026-02-01T21:50:25+00:00","breadcrumb":{"@id":"https:\/\/www.pogotowieflagowe.pl\/aktualne\/zrzucili-maski-lewacy-planuja-wykorzystac-imigrantow-do-zdobycia-stalej-wladzy\/#breadcrumb"},"inLanguage":"pl-PL","potentialAction":[{"@type":"ReadAction","target":["https:\/\/www.pogotowieflagowe.pl\/aktualne\/zrzucili-maski-lewacy-planuja-wykorzystac-imigrantow-do-zdobycia-stalej-wladzy\/"]}]},{"@type":"ImageObject","inLanguage":"pl-PL","@id":"https:\/\/www.pogotowieflagowe.pl\/aktualne\/zrzucili-maski-lewacy-planuja-wykorzystac-imigrantow-do-zdobycia-stalej-wladzy\/#primaryimage","url":"https:\/\/www.pogotowieflagowe.pl\/aktualne\/wp-content\/uploads\/2026\/02\/Zrzucili-maski-lewacy-planuja-wykorzystac-imigrantow-do-zdobycia-stalej-wladzy.jpg","contentUrl":"https:\/\/www.pogotowieflagowe.pl\/aktualne\/wp-content\/uploads\/2026\/02\/Zrzucili-maski-lewacy-planuja-wykorzystac-imigrantow-do-zdobycia-stalej-wladzy.jpg","width":2400,"height":1350,"caption":"Zrzucili maski: lewacy planuj\u0105 wykorzysta\u0107 imigrant\u00f3w do zdobycia sta\u0142ej w\u0142adzy"},{"@type":"BreadcrumbList","@id":"https:\/\/www.pogotowieflagowe.pl\/aktualne\/zrzucili-maski-lewacy-planuja-wykorzystac-imigrantow-do-zdobycia-stalej-wladzy\/#breadcrumb","itemListElement":[{"@type":"ListItem","position":1,"name":"Home","item":"https:\/\/www.pogotowieflagowe.pl\/aktualne\/"},{"@type":"ListItem","position":2,"name":"Zrzucili maski: lewacy planuj\u0105 wykorzysta\u0107 imigrant\u00f3w do zdobycia sta\u0142ej w\u0142adzy"}]},{"@type":"WebSite","@id":"https:\/\/www.pogotowieflagowe.pl\/aktualne\/#website","url":"https:\/\/www.pogotowieflagowe.pl\/aktualne\/","name":"POGOTOWIE FLAGOWE\u00ae","description":"","publisher":{"@id":"https:\/\/www.pogotowieflagowe.pl\/aktualne\/#organization"},"potentialAction":[{"@type":"SearchAction","target":{"@type":"EntryPoint","urlTemplate":"https:\/\/www.pogotowieflagowe.pl\/aktualne\/?s={search_term_string}"},"query-input":"required name=search_term_string"}],"inLanguage":"pl-PL"},{"@type":"Organization","@id":"https:\/\/www.pogotowieflagowe.pl\/aktualne\/#organization","name":"POGOTOWIE FLAGOWE\u00ae","url":"https:\/\/www.pogotowieflagowe.pl\/aktualne\/","logo":{"@type":"ImageObject","inLanguage":"pl-PL","@id":"https:\/\/www.pogotowieflagowe.pl\/aktualne\/#\/schema\/logo\/image\/","url":"https:\/\/www.pogotowieflagowe.pl\/aktualne\/wp-content\/uploads\/2024\/08\/cropped-pogotowieflagowe_flaga_projekt_sm.jpg","contentUrl":"https:\/\/www.pogotowieflagowe.pl\/aktualne\/wp-content\/uploads\/2024\/08\/cropped-pogotowieflagowe_flaga_projekt_sm.jpg","width":250,"height":143,"caption":"POGOTOWIE FLAGOWE\u00ae"},"image":{"@id":"https:\/\/www.pogotowieflagowe.pl\/aktualne\/#\/schema\/logo\/image\/"}},{"@type":"Person","@id":"https:\/\/www.pogotowieflagowe.pl\/aktualne\/#\/schema\/person\/9c2fb7d2362ebf6fa088960d7f0d27b0","name":"Filip","image":{"@type":"ImageObject","inLanguage":"pl-PL","@id":"https:\/\/www.pogotowieflagowe.pl\/aktualne\/#\/schema\/person\/image\/","url":"https:\/\/www.pogotowieflagowe.pl\/aktualne\/wp-content\/uploads\/2024\/08\/pogotowieflagowe.pl_.jpg","contentUrl":"https:\/\/www.pogotowieflagowe.pl\/aktualne\/wp-content\/uploads\/2024\/08\/pogotowieflagowe.pl_.jpg","caption":"Filip"},"description":"Jestem Filip, polski dziennikarz z dyplomem nauk politycznych Uniwersytetu Warszawskiego. Rozpoczynaj\u0105c swoj\u0105 karier\u0119 w r\u00f3\u017cnych lokalnych mediach, zdoby\u0142em solidne do\u015bwiadczenie w zakresie \u015bledztwa i redakcji. Obecnie jako redaktor w Pogotowie flagowe, staram si\u0119 dostarcza\u0107 dog\u0142\u0119bne i istotne analizy na temat najwa\u017cniejszych kwestii aktualno\u015bci, \u0142\u0105cz\u0105c rygor z pasj\u0105 dziennikarsk\u0105.","sameAs":["https:\/\/www.pogotowieflagowe.pl\/"]}]}},"_links":{"self":[{"href":"https:\/\/www.pogotowieflagowe.pl\/aktualne\/wp-json\/wp\/v2\/posts\/12412","targetHints":{"allow":["GET"]}}],"collection":[{"href":"https:\/\/www.pogotowieflagowe.pl\/aktualne\/wp-json\/wp\/v2\/posts"}],"about":[{"href":"https:\/\/www.pogotowieflagowe.pl\/aktualne\/wp-json\/wp\/v2\/types\/post"}],"author":[{"embeddable":true,"href":"https:\/\/www.pogotowieflagowe.pl\/aktualne\/wp-json\/wp\/v2\/users\/1"}],"replies":[{"embeddable":true,"href":"https:\/\/www.pogotowieflagowe.pl\/aktualne\/wp-json\/wp\/v2\/comments?post=12412"}],"version-history":[{"count":1,"href":"https:\/\/www.pogotowieflagowe.pl\/aktualne\/wp-json\/wp\/v2\/posts\/12412\/revisions"}],"predecessor-version":[{"id":12414,"href":"https:\/\/www.pogotowieflagowe.pl\/aktualne\/wp-json\/wp\/v2\/posts\/12412\/revisions\/12414"}],"wp:featuredmedia":[{"embeddable":true,"href":"https:\/\/www.pogotowieflagowe.pl\/aktualne\/wp-json\/wp\/v2\/media\/12413"}],"wp:attachment":[{"href":"https:\/\/www.pogotowieflagowe.pl\/aktualne\/wp-json\/wp\/v2\/media?parent=12412"}],"wp:term":[{"taxonomy":"category","embeddable":true,"href":"https:\/\/www.pogotowieflagowe.pl\/aktualne\/wp-json\/wp\/v2\/categories?post=12412"},{"taxonomy":"post_tag","embeddable":true,"href":"https:\/\/www.pogotowieflagowe.pl\/aktualne\/wp-json\/wp\/v2\/tags?post=12412"}],"curies":[{"name":"wp","href":"https:\/\/api.w.org\/{rel}","templated":true}]}}