{"id":12415,"date":"2026-02-02T01:49:41","date_gmt":"2026-02-02T00:49:41","guid":{"rendered":"https:\/\/www.pogotowieflagowe.pl\/aktualne\/koalicja-obywatelska-odrzucila-zaproszenie-prezydenta-jonski-jednak-upiera-sie-ma-chuliganskie-podejscie-do-parlamentu\/"},"modified":"2026-02-02T01:49:42","modified_gmt":"2026-02-02T00:49:42","slug":"koalicja-obywatelska-odrzucila-zaproszenie-prezydenta-jonski-jednak-upiera-sie-ma-chuliganskie-podejscie-do-parlamentu","status":"publish","type":"post","link":"https:\/\/www.pogotowieflagowe.pl\/aktualne\/koalicja-obywatelska-odrzucila-zaproszenie-prezydenta-jonski-jednak-upiera-sie-ma-chuliganskie-podejscie-do-parlamentu\/","title":{"rendered":"Koalicja Obywatelska odrzuci\u0142a zaproszenie prezydenta. Jo\u0144ski jednak upiera si\u0119: \u201ema chuliga\u0144skie podej\u015bcie do parlamentu\u201d"},"content":{"rendered":"\n<div class=\"td_block_wrap tdb_single_content tdi_41 td-pb-border-top td_block_template_8 td-post-content tagdiv-type\" data-td-block-uid=\"tdi_41\">\n<style>.tdi_41{margines-top:0px!important;margin-bottom:0px!important;dope\u0142nienie-g\u00f3ra:0px!important;dope\u0142nienie-d\u00f3\u0142:0px!important}<\/style>\n<style>.tdb_single_content{margin-bottom:0;*zoom:1}.tdb_single_content:before,.tdb_single_content:after{display:table;content:'';line-height:0}.tdb_single_content:after{clear:both}.tdb_single_content .tdb-block-inner>*:not(.wp-block-quote):not(.alignwide):not(.alignfull.wp-block-cover.has-parallax):not(.td-a-ad){margin-left:auto;margin-right:auto}.tdb_single_content a{pointer-events:auto}.tdb_single_content .td-spot-id-top_ad .tdc-placeholder-title:before{content:'Najlepsza reklama artyku\u0142u'!important}.tdb_single_content .td-spot-id-inline_ad0 .tdc-placeholder-title:before{content:'Reklama wbudowana artyku\u0142u 1'!important}.tdb_single_content .td-spot-id-inline_ad1 .tdc-placeholder-title:before{content:'Wbudowana reklama w artykule 2'!important}.tdb_single_content .td-spot-id-inline_ad2 .tdc-placeholder-title:before{content:'Wbudowana reklama w artykule 3'!important}.tdb_single_content .td-spot-id-bottom_ad .tdc-placeholder-title:before{content:'Article Bottom Ad'!important}.tdb_single_content .id_top_ad,.tdb_single_content .id_bottom_ad{clear:both;margin-bottom:21px;text-align:center}.tdb_single_content .id_top_ad img,.tdb_single_content .id_bottom_ad img{margin-bottom:0}.tdb_single_content .id_top_ad .adsbygoogle,.tdb_single_content .id_bottom_ad .adsbygoogle{position:relative}.tdb_single_content .id_ad_content-horiz-left,.tdb_single_content .id_ad_content-horiz-right,.tdb_single_content .id_ad_content-horiz-center{margin-bottom:15px}.tdb_single_content .id_ad_content-horiz-left img,.tdb_single_content .id_ad_content-horiz-right img,.tdb_single_content .id_ad_content-horiz-center img{margin-bottom:0}.tdb_single_content .id_ad_content-horiz-center{text-align:center}.tdb_single_content .id_ad_content-horiz-center img{margin-right:auto;margin-left:auto}.tdb_single_content .id_ad_content-horiz-left{float:left;margin-top:9px;margin-right:21px}.tdb_single_content .id_ad_content-horiz-right{float:right;margin-top:6px;margin-left:21px}.tdb_single_content .tdc-a-ad .tdc-placeholder-title{width:300px;height:250px}.tdb_single_content .tdc-a-ad .tdc-placeholder-title:before{position:absolute;top:50%;-webkit-transform:translateY(-50%);transform:translateY(-50%);margin:auto;display:table;width:100%}.tdb_single_content .tdb-block-inner.td-fix-index{word-break:break-word}.tdi_41,.tdi_41>p,.tdi_41 .tdb-block-inner>p,.wp-block-column>p{font-size:16px!important;line-height:1.6!important}.tdi_41 .tdb-block-inner blockquote p{font-style:normal!important}@media (max-width:767px){.tdb_single_content .id_ad_content-horiz-left,.tdb_single_content .id_ad_content-horiz-right,.tdb_single_content .id_ad_content-horiz-center{margin:0 auto 26 pikseli auto}}@media (max-width:767px){.tdb_single_content .id_ad_content-horiz-left{margin-right:0}}@media (max-width:767px){.tdb_single_content .id_ad_content-horiz-right{margin-left:0}}@media (max-width:767px){.tdb_single_content .td-a-ad{float:none;text-align:center}.tdb_single_content .td-a-ad img{margin-right:auto;margin-left:auto}.tdb_single_content .tdc-a-ad{float:none}}<\/style>\n<div class=\"tdb-block-inner td-fix-index\">\n<p><strong>\u201eNawrocki ma chuliga\u0144skie podej\u015bcie do parlamentu. Wetuje bez czytania\u201d<\/strong> \u2013 powiedzia\u0142 Dariusz Jo\u0144ski, eurodeputowany z <em>Koalicja Obywatelska (KO)<\/em>na antenie TVP Info w likwidacji. Zapytany, dlaczego jego partia odrzuci\u0142a zaproszenie prezydenta i nie pojawi\u0142a si\u0119 w Pa\u0142acu Prezydenckim, odpowiedzia\u0142, \u017ce <strong>\u201eto by\u0142o przedstawienie\u201d.<\/strong><\/p>\n<p>W czwartek Prezydent Karol Nawrocki go\u015bci\u0142 w Pa\u0142acu Prezydenckim przedstawicieli klub\u00f3w i ugrupowa\u0144 parlamentarnych. Politycy z <em>Koalicja Obywatelska (KO)<\/em> I <em>Lewica <\/em>odrzuci\u0142 zaproszenie.<\/p>\n<p>O rozmowach prezydenta z parlamentarzystami w Radiu Zet m\u00f3wi\u0142 rzecznik prezydenta Rafa\u0142 Le\u015bkiewicz. Podkre\u015bli\u0142, \u017ce s\u0105 one merytoryczne, jak twierdzili tak\u017ce uczestnicy spotka\u0144 z prezydentem.<\/p>\n<p><strong>\u201eBy\u0142a to dla przedstawicieli tych klub\u00f3w \u015bwietna okazja do zaprezentowania cz\u0119\u015bci swoich pomys\u0142\u00f3w i potrzeb, ale tak\u017ce kluczowych kwestii zwi\u0105zanych z problemami nurtuj\u0105cymi Polak\u00f3w, kt\u00f3rzy s\u0105 wyborcami tych ugrupowa\u0144, aby pokaza\u0107 prezydentowi inn\u0105 perspektyw\u0119\u201d \u2013 doda\u0142.<\/strong> oceni\u0142.<\/p>\n<p>Odni\u00f3s\u0142 si\u0119 tak\u017ce do wyja\u015bnie\u0144 polityk\u00f3w, kt\u00f3rzy nie brali udzia\u0142u w rozmowach. <strong>\u201eWidz\u0119 te zawi\u0142e wyja\u015bnienia z <em>Koalicja Obywatelska (KO)<\/em> I <em>Lewica<\/em>. Wczoraj minister Nowacka powiedzia\u0142a w jednym z program\u00f3w telewizyjnych, \u017ce koalicja nie przyjmuje zaproszenia, poniewa\u017c prezydent nie ma konstytucyjnych ani ustawowych prerogatyw, kt\u00f3re pozwala\u0142yby mu spotyka\u0107 si\u0119 z przedstawicielami ugrupowa\u0144 politycznych\u201d<\/strong> powiedzia\u0142.<\/p>\n<h2 class=\"wp-block-heading\">Jo\u0144ski: to by\u0142o przedstawienie<\/h2>\n<p>Cho\u0107 od spotka\u0144 w Pa\u0142acu Prezydenckim min\u0119\u0142o ju\u017c kilka dni, nieobecni na nich politycy koalicji nadal dr\u0105\u017c\u0105 ten temat. Dzi\u015b w TVP Info w likwidacji Dariusz Jo\u0144ski, pose\u0142 do Parlamentu Europejskiego z <em>Koalicja Obywatelska (KO)<\/em>zapytano, dlaczego partia nie wys\u0142a\u0142a na rozmowy swojego przedstawiciela. Zamiast odpowiedzi widzowie likwidowanego kana\u0142u us\u0142yszeli kolejny atak na prezydenta Nawrockiego.<\/p>\n<p><strong>&#8222;Nawrocki ma chuliga\u0144skie podej\u015bcie do parlamentu. Wetuje bez czytania. Co go niepokoi w nowym parku narodowym w Polsce? Co go denerwuje w elektrowniach wiatrowych i ni\u017cszych cenach energii w Polsce?&#8221;<\/strong> stwierdzi\u0142 Jo\u0144ski.<\/p>\n<p>Kiedy pytanie zosta\u0142o zadane ponownie, odpowiedzia\u0142, \u017ce spotkania w Pa\u0142acu Prezydenckim by\u0142y <strong>\u201eprzedstawienie\u201d.<\/strong><\/p>\n<p><strong>\u201eZaprosi\u0142 ponad 200 parlamentarzyst\u00f3w i senator\u00f3w z RP <em>Prawo i Sprawiedliwo\u015b\u0107 (PiS)<\/em>i tylko garstka z innych klub\u00f3w. Min\u0119\u0142y trzy dni. Co wynik\u0142o z tego spotkania? Nic. Czy Nawrocki chce wsp\u00f3\u0142pracowa\u0107? W takim razie pozw\u00f3lmy mu przeczyta\u0107 rachunki!\u201d<\/strong> \u2013 odpar\u0142.<\/p>\n<blockquote class=\"twitter-tweet\">\n<p lang=\"pl\" dir=\"ltr\">Jo\u0144ski w TVP:<\/p>\n<p>\u201eNawrocki ma kibolski styl traktowania parlamentu. Wetuje bez czytania, co mu przeszkadza\u0142 nowy park narodowy i wiatraki? Chroni Nawrocki? Niech czyta ustawy!\u201d <\/p>\n<p>I cyk kolejne weto wkr\u00f3tce a Jo\u0144ski znowu w ryk ( \u0361\u00b0 \u035c\u0296 \u0361\u00b0) <a rel=\"nofollow\" href=\"https:\/\/t.co\/wS0V3oRkQF\">pic.twitter.com\/wS0V3oRkQF<\/a><\/p>\n<p>\u2014 chrzanik (@chrzanikx) <a rel=\"nofollow\" href=\"https:\/\/twitter.com\/chrzanikx\/status\/2017904245668802651?ref_src=twsrc%5Etfw\">1 lutego 2026 r<\/a><\/p><\/blockquote>\n<\/div>\n<\/div>\n<p><script async src=\"https:\/\/platform.twitter.com\/widgets.js\" charset=\"utf-8\"><\/script><\/p>\n","protected":false},"excerpt":{"rendered":"<p>\u201eNawrocki ma chuliga\u0144skie podej\u015bcie do parlamentu. Wetuje bez czytania\u201d \u2013 powiedzia\u0142 Dariusz Jo\u0144ski, eurodeputowany z Koalicja Obywatelska (KO)na antenie TVP<\/p>\n","protected":false},"author":1,"featured_media":12416,"comment_status":"open","ping_status":"open","sticky":false,"template":"","format":"standard","meta":{"footnotes":""},"categories":[4748],"tags":[13569,11086,13567,3255,6001,13566,2493,813,568,150,13568,11004],"class_list":["post-12415","post","type-post","status-publish","format-standard","has-post-thumbnail","hentry","category-aktualne","tag-chuliganskie","tag-jednak","tag-jonski","tag-koalicja","tag-obywatelska","tag-odrzucila","tag-parlamentu","tag-podejscie","tag-prezydenta","tag-sie","tag-upiera","tag-zaproszenie","generate-columns","tablet-grid-50","mobile-grid-100","grid-parent","grid-50","resize-featured-image"],"yoast_head":"<!-- This site is optimized with the Yoast SEO plugin v23.2 - https:\/\/yoast.com\/wordpress\/plugins\/seo\/ -->\n<title>Koalicja Obywatelska odrzuci\u0142a zaproszenie prezydenta. Jo\u0144ski jednak upiera si\u0119: \u201ema chuliga\u0144skie podej\u015bcie do parlamentu\u201d - POGOTOWIE FLAGOWE\u00ae<\/title>\n<meta name=\"robots\" content=\"index, follow, max-snippet:-1, max-image-preview:large, max-video-preview:-1\" \/>\n<link rel=\"canonical\" href=\"https:\/\/www.pogotowieflagowe.pl\/aktualne\/koalicja-obywatelska-odrzucila-zaproszenie-prezydenta-jonski-jednak-upiera-sie-ma-chuliganskie-podejscie-do-parlamentu\/\" \/>\n<meta property=\"og:locale\" content=\"pl_PL\" \/>\n<meta property=\"og:type\" content=\"article\" \/>\n<meta property=\"og:title\" content=\"Koalicja Obywatelska odrzuci\u0142a zaproszenie prezydenta. Jo\u0144ski jednak upiera si\u0119: \u201ema chuliga\u0144skie podej\u015bcie do parlamentu\u201d - POGOTOWIE FLAGOWE\u00ae\" \/>\n<meta property=\"og:description\" content=\"\u201eNawrocki ma chuliga\u0144skie podej\u015bcie do parlamentu. Wetuje bez czytania\u201d \u2013 powiedzia\u0142 Dariusz Jo\u0144ski, eurodeputowany z Koalicja Obywatelska (KO)na antenie TVP\" \/>\n<meta property=\"og:url\" content=\"https:\/\/www.pogotowieflagowe.pl\/aktualne\/koalicja-obywatelska-odrzucila-zaproszenie-prezydenta-jonski-jednak-upiera-sie-ma-chuliganskie-podejscie-do-parlamentu\/\" \/>\n<meta property=\"og:site_name\" content=\"POGOTOWIE FLAGOWE\u00ae\" \/>\n<meta property=\"article:published_time\" content=\"2026-02-02T00:49:41+00:00\" \/>\n<meta property=\"article:modified_time\" content=\"2026-02-02T00:49:42+00:00\" \/>\n<meta property=\"og:image\" content=\"https:\/\/www.pogotowieflagowe.pl\/aktualne\/wp-content\/uploads\/2026\/02\/Koalicja-Obywatelska-odrzucila-zaproszenie-prezydenta-Jonski-jednak-upiera-sie-\u201ema.webp.webp\" \/>\n\t<meta property=\"og:image:width\" content=\"1280\" \/>\n\t<meta property=\"og:image:height\" content=\"720\" \/>\n\t<meta property=\"og:image:type\" content=\"image\/webp\" \/>\n<meta name=\"author\" content=\"Filip\" \/>\n<meta name=\"twitter:card\" content=\"summary_large_image\" \/>\n<meta name=\"twitter:label1\" content=\"Napisane przez\" \/>\n\t<meta name=\"twitter:data1\" content=\"Filip\" \/>\n\t<meta name=\"twitter:label2\" content=\"Szacowany czas czytania\" \/>\n\t<meta name=\"twitter:data2\" content=\"2 minuty\" \/>\n<script type=\"application\/ld+json\" class=\"yoast-schema-graph\">{\"@context\":\"https:\/\/schema.org\",\"@graph\":[{\"@type\":\"Article\",\"@id\":\"https:\/\/www.pogotowieflagowe.pl\/aktualne\/koalicja-obywatelska-odrzucila-zaproszenie-prezydenta-jonski-jednak-upiera-sie-ma-chuliganskie-podejscie-do-parlamentu\/#article\",\"isPartOf\":{\"@id\":\"https:\/\/www.pogotowieflagowe.pl\/aktualne\/koalicja-obywatelska-odrzucila-zaproszenie-prezydenta-jonski-jednak-upiera-sie-ma-chuliganskie-podejscie-do-parlamentu\/\"},\"author\":{\"name\":\"Filip\",\"@id\":\"https:\/\/www.pogotowieflagowe.pl\/aktualne\/#\/schema\/person\/9c2fb7d2362ebf6fa088960d7f0d27b0\"},\"headline\":\"Koalicja Obywatelska odrzuci\u0142a zaproszenie prezydenta. Jo\u0144ski jednak upiera si\u0119: \u201ema chuliga\u0144skie podej\u015bcie do parlamentu\u201d\",\"datePublished\":\"2026-02-02T00:49:41+00:00\",\"dateModified\":\"2026-02-02T00:49:42+00:00\",\"mainEntityOfPage\":{\"@id\":\"https:\/\/www.pogotowieflagowe.pl\/aktualne\/koalicja-obywatelska-odrzucila-zaproszenie-prezydenta-jonski-jednak-upiera-sie-ma-chuliganskie-podejscie-do-parlamentu\/\"},\"wordCount\":446,\"commentCount\":0,\"publisher\":{\"@id\":\"https:\/\/www.pogotowieflagowe.pl\/aktualne\/#organization\"},\"image\":{\"@id\":\"https:\/\/www.pogotowieflagowe.pl\/aktualne\/koalicja-obywatelska-odrzucila-zaproszenie-prezydenta-jonski-jednak-upiera-sie-ma-chuliganskie-podejscie-do-parlamentu\/#primaryimage\"},\"thumbnailUrl\":\"https:\/\/www.pogotowieflagowe.pl\/aktualne\/wp-content\/uploads\/2026\/02\/Koalicja-Obywatelska-odrzucila-zaproszenie-prezydenta-Jonski-jednak-upiera-sie-\u201ema.webp.webp\",\"keywords\":[\"chuliga\u0144skie\",\"Jednak\",\"Jo\u0144ski\",\"koalicja\",\"Obywatelska\",\"odrzuci\u0142a\",\"Parlamentu\",\"podej\u015bcie\",\"prezydenta\",\"si\u0119\",\"upiera\",\"zaproszenie\"],\"articleSection\":[\"Aktualne\"],\"inLanguage\":\"pl-PL\",\"potentialAction\":[{\"@type\":\"CommentAction\",\"name\":\"Comment\",\"target\":[\"https:\/\/www.pogotowieflagowe.pl\/aktualne\/koalicja-obywatelska-odrzucila-zaproszenie-prezydenta-jonski-jednak-upiera-sie-ma-chuliganskie-podejscie-do-parlamentu\/#respond\"]}]},{\"@type\":\"WebPage\",\"@id\":\"https:\/\/www.pogotowieflagowe.pl\/aktualne\/koalicja-obywatelska-odrzucila-zaproszenie-prezydenta-jonski-jednak-upiera-sie-ma-chuliganskie-podejscie-do-parlamentu\/\",\"url\":\"https:\/\/www.pogotowieflagowe.pl\/aktualne\/koalicja-obywatelska-odrzucila-zaproszenie-prezydenta-jonski-jednak-upiera-sie-ma-chuliganskie-podejscie-do-parlamentu\/\",\"name\":\"Koalicja Obywatelska odrzuci\u0142a zaproszenie prezydenta. Jo\u0144ski jednak upiera si\u0119: \u201ema chuliga\u0144skie podej\u015bcie do parlamentu\u201d - POGOTOWIE FLAGOWE\u00ae\",\"isPartOf\":{\"@id\":\"https:\/\/www.pogotowieflagowe.pl\/aktualne\/#website\"},\"primaryImageOfPage\":{\"@id\":\"https:\/\/www.pogotowieflagowe.pl\/aktualne\/koalicja-obywatelska-odrzucila-zaproszenie-prezydenta-jonski-jednak-upiera-sie-ma-chuliganskie-podejscie-do-parlamentu\/#primaryimage\"},\"image\":{\"@id\":\"https:\/\/www.pogotowieflagowe.pl\/aktualne\/koalicja-obywatelska-odrzucila-zaproszenie-prezydenta-jonski-jednak-upiera-sie-ma-chuliganskie-podejscie-do-parlamentu\/#primaryimage\"},\"thumbnailUrl\":\"https:\/\/www.pogotowieflagowe.pl\/aktualne\/wp-content\/uploads\/2026\/02\/Koalicja-Obywatelska-odrzucila-zaproszenie-prezydenta-Jonski-jednak-upiera-sie-\u201ema.webp.webp\",\"datePublished\":\"2026-02-02T00:49:41+00:00\",\"dateModified\":\"2026-02-02T00:49:42+00:00\",\"breadcrumb\":{\"@id\":\"https:\/\/www.pogotowieflagowe.pl\/aktualne\/koalicja-obywatelska-odrzucila-zaproszenie-prezydenta-jonski-jednak-upiera-sie-ma-chuliganskie-podejscie-do-parlamentu\/#breadcrumb\"},\"inLanguage\":\"pl-PL\",\"potentialAction\":[{\"@type\":\"ReadAction\",\"target\":[\"https:\/\/www.pogotowieflagowe.pl\/aktualne\/koalicja-obywatelska-odrzucila-zaproszenie-prezydenta-jonski-jednak-upiera-sie-ma-chuliganskie-podejscie-do-parlamentu\/\"]}]},{\"@type\":\"ImageObject\",\"inLanguage\":\"pl-PL\",\"@id\":\"https:\/\/www.pogotowieflagowe.pl\/aktualne\/koalicja-obywatelska-odrzucila-zaproszenie-prezydenta-jonski-jednak-upiera-sie-ma-chuliganskie-podejscie-do-parlamentu\/#primaryimage\",\"url\":\"https:\/\/www.pogotowieflagowe.pl\/aktualne\/wp-content\/uploads\/2026\/02\/Koalicja-Obywatelska-odrzucila-zaproszenie-prezydenta-Jonski-jednak-upiera-sie-\u201ema.webp.webp\",\"contentUrl\":\"https:\/\/www.pogotowieflagowe.pl\/aktualne\/wp-content\/uploads\/2026\/02\/Koalicja-Obywatelska-odrzucila-zaproszenie-prezydenta-Jonski-jednak-upiera-sie-\u201ema.webp.webp\",\"width\":1280,\"height\":720,\"caption\":\"Koalicja Obywatelska odrzuci\u0142a zaproszenie prezydenta. Jo\u0144ski jednak upiera si\u0119: \u201ema chuliga\u0144skie podej\u015bcie do parlamentu\u201d\"},{\"@type\":\"BreadcrumbList\",\"@id\":\"https:\/\/www.pogotowieflagowe.pl\/aktualne\/koalicja-obywatelska-odrzucila-zaproszenie-prezydenta-jonski-jednak-upiera-sie-ma-chuliganskie-podejscie-do-parlamentu\/#breadcrumb\",\"itemListElement\":[{\"@type\":\"ListItem\",\"position\":1,\"name\":\"Home\",\"item\":\"https:\/\/www.pogotowieflagowe.pl\/aktualne\/\"},{\"@type\":\"ListItem\",\"position\":2,\"name\":\"Koalicja Obywatelska odrzuci\u0142a zaproszenie prezydenta. Jo\u0144ski jednak upiera si\u0119: \u201ema chuliga\u0144skie podej\u015bcie do parlamentu\u201d\"}]},{\"@type\":\"WebSite\",\"@id\":\"https:\/\/www.pogotowieflagowe.pl\/aktualne\/#website\",\"url\":\"https:\/\/www.pogotowieflagowe.pl\/aktualne\/\",\"name\":\"POGOTOWIE FLAGOWE\u00ae\",\"description\":\"\",\"publisher\":{\"@id\":\"https:\/\/www.pogotowieflagowe.pl\/aktualne\/#organization\"},\"potentialAction\":[{\"@type\":\"SearchAction\",\"target\":{\"@type\":\"EntryPoint\",\"urlTemplate\":\"https:\/\/www.pogotowieflagowe.pl\/aktualne\/?s={search_term_string}\"},\"query-input\":\"required name=search_term_string\"}],\"inLanguage\":\"pl-PL\"},{\"@type\":\"Organization\",\"@id\":\"https:\/\/www.pogotowieflagowe.pl\/aktualne\/#organization\",\"name\":\"POGOTOWIE FLAGOWE\u00ae\",\"url\":\"https:\/\/www.pogotowieflagowe.pl\/aktualne\/\",\"logo\":{\"@type\":\"ImageObject\",\"inLanguage\":\"pl-PL\",\"@id\":\"https:\/\/www.pogotowieflagowe.pl\/aktualne\/#\/schema\/logo\/image\/\",\"url\":\"https:\/\/www.pogotowieflagowe.pl\/aktualne\/wp-content\/uploads\/2024\/08\/cropped-pogotowieflagowe_flaga_projekt_sm.jpg\",\"contentUrl\":\"https:\/\/www.pogotowieflagowe.pl\/aktualne\/wp-content\/uploads\/2024\/08\/cropped-pogotowieflagowe_flaga_projekt_sm.jpg\",\"width\":250,\"height\":143,\"caption\":\"POGOTOWIE FLAGOWE\u00ae\"},\"image\":{\"@id\":\"https:\/\/www.pogotowieflagowe.pl\/aktualne\/#\/schema\/logo\/image\/\"}},{\"@type\":\"Person\",\"@id\":\"https:\/\/www.pogotowieflagowe.pl\/aktualne\/#\/schema\/person\/9c2fb7d2362ebf6fa088960d7f0d27b0\",\"name\":\"Filip\",\"image\":{\"@type\":\"ImageObject\",\"inLanguage\":\"pl-PL\",\"@id\":\"https:\/\/www.pogotowieflagowe.pl\/aktualne\/#\/schema\/person\/image\/\",\"url\":\"https:\/\/www.pogotowieflagowe.pl\/aktualne\/wp-content\/uploads\/2024\/08\/pogotowieflagowe.pl_.jpg\",\"contentUrl\":\"https:\/\/www.pogotowieflagowe.pl\/aktualne\/wp-content\/uploads\/2024\/08\/pogotowieflagowe.pl_.jpg\",\"caption\":\"Filip\"},\"description\":\"Jestem Filip, polski dziennikarz z dyplomem nauk politycznych Uniwersytetu Warszawskiego. Rozpoczynaj\u0105c swoj\u0105 karier\u0119 w r\u00f3\u017cnych lokalnych mediach, zdoby\u0142em solidne do\u015bwiadczenie w zakresie \u015bledztwa i redakcji. Obecnie jako redaktor w Pogotowie flagowe, staram si\u0119 dostarcza\u0107 dog\u0142\u0119bne i istotne analizy na temat najwa\u017cniejszych kwestii aktualno\u015bci, \u0142\u0105cz\u0105c rygor z pasj\u0105 dziennikarsk\u0105.\",\"sameAs\":[\"https:\/\/www.pogotowieflagowe.pl\/\"]}]}<\/script>\n<!-- \/ Yoast SEO plugin. -->","yoast_head_json":{"title":"Koalicja Obywatelska odrzuci\u0142a zaproszenie prezydenta. Jo\u0144ski jednak upiera si\u0119: \u201ema chuliga\u0144skie podej\u015bcie do parlamentu\u201d - POGOTOWIE FLAGOWE\u00ae","robots":{"index":"index","follow":"follow","max-snippet":"max-snippet:-1","max-image-preview":"max-image-preview:large","max-video-preview":"max-video-preview:-1"},"canonical":"https:\/\/www.pogotowieflagowe.pl\/aktualne\/koalicja-obywatelska-odrzucila-zaproszenie-prezydenta-jonski-jednak-upiera-sie-ma-chuliganskie-podejscie-do-parlamentu\/","og_locale":"pl_PL","og_type":"article","og_title":"Koalicja Obywatelska odrzuci\u0142a zaproszenie prezydenta. Jo\u0144ski jednak upiera si\u0119: \u201ema chuliga\u0144skie podej\u015bcie do parlamentu\u201d - POGOTOWIE FLAGOWE\u00ae","og_description":"\u201eNawrocki ma chuliga\u0144skie podej\u015bcie do parlamentu. Wetuje bez czytania\u201d \u2013 powiedzia\u0142 Dariusz Jo\u0144ski, eurodeputowany z Koalicja Obywatelska (KO)na antenie TVP","og_url":"https:\/\/www.pogotowieflagowe.pl\/aktualne\/koalicja-obywatelska-odrzucila-zaproszenie-prezydenta-jonski-jednak-upiera-sie-ma-chuliganskie-podejscie-do-parlamentu\/","og_site_name":"POGOTOWIE FLAGOWE\u00ae","article_published_time":"2026-02-02T00:49:41+00:00","article_modified_time":"2026-02-02T00:49:42+00:00","og_image":[{"width":1280,"height":720,"url":"https:\/\/www.pogotowieflagowe.pl\/aktualne\/wp-content\/uploads\/2026\/02\/Koalicja-Obywatelska-odrzucila-zaproszenie-prezydenta-Jonski-jednak-upiera-sie-\u201ema.webp.webp","type":"image\/webp"}],"author":"Filip","twitter_card":"summary_large_image","twitter_misc":{"Napisane przez":"Filip","Szacowany czas czytania":"2 minuty"},"schema":{"@context":"https:\/\/schema.org","@graph":[{"@type":"Article","@id":"https:\/\/www.pogotowieflagowe.pl\/aktualne\/koalicja-obywatelska-odrzucila-zaproszenie-prezydenta-jonski-jednak-upiera-sie-ma-chuliganskie-podejscie-do-parlamentu\/#article","isPartOf":{"@id":"https:\/\/www.pogotowieflagowe.pl\/aktualne\/koalicja-obywatelska-odrzucila-zaproszenie-prezydenta-jonski-jednak-upiera-sie-ma-chuliganskie-podejscie-do-parlamentu\/"},"author":{"name":"Filip","@id":"https:\/\/www.pogotowieflagowe.pl\/aktualne\/#\/schema\/person\/9c2fb7d2362ebf6fa088960d7f0d27b0"},"headline":"Koalicja Obywatelska odrzuci\u0142a zaproszenie prezydenta. Jo\u0144ski jednak upiera si\u0119: \u201ema chuliga\u0144skie podej\u015bcie do parlamentu\u201d","datePublished":"2026-02-02T00:49:41+00:00","dateModified":"2026-02-02T00:49:42+00:00","mainEntityOfPage":{"@id":"https:\/\/www.pogotowieflagowe.pl\/aktualne\/koalicja-obywatelska-odrzucila-zaproszenie-prezydenta-jonski-jednak-upiera-sie-ma-chuliganskie-podejscie-do-parlamentu\/"},"wordCount":446,"commentCount":0,"publisher":{"@id":"https:\/\/www.pogotowieflagowe.pl\/aktualne\/#organization"},"image":{"@id":"https:\/\/www.pogotowieflagowe.pl\/aktualne\/koalicja-obywatelska-odrzucila-zaproszenie-prezydenta-jonski-jednak-upiera-sie-ma-chuliganskie-podejscie-do-parlamentu\/#primaryimage"},"thumbnailUrl":"https:\/\/www.pogotowieflagowe.pl\/aktualne\/wp-content\/uploads\/2026\/02\/Koalicja-Obywatelska-odrzucila-zaproszenie-prezydenta-Jonski-jednak-upiera-sie-\u201ema.webp.webp","keywords":["chuliga\u0144skie","Jednak","Jo\u0144ski","koalicja","Obywatelska","odrzuci\u0142a","Parlamentu","podej\u015bcie","prezydenta","si\u0119","upiera","zaproszenie"],"articleSection":["Aktualne"],"inLanguage":"pl-PL","potentialAction":[{"@type":"CommentAction","name":"Comment","target":["https:\/\/www.pogotowieflagowe.pl\/aktualne\/koalicja-obywatelska-odrzucila-zaproszenie-prezydenta-jonski-jednak-upiera-sie-ma-chuliganskie-podejscie-do-parlamentu\/#respond"]}]},{"@type":"WebPage","@id":"https:\/\/www.pogotowieflagowe.pl\/aktualne\/koalicja-obywatelska-odrzucila-zaproszenie-prezydenta-jonski-jednak-upiera-sie-ma-chuliganskie-podejscie-do-parlamentu\/","url":"https:\/\/www.pogotowieflagowe.pl\/aktualne\/koalicja-obywatelska-odrzucila-zaproszenie-prezydenta-jonski-jednak-upiera-sie-ma-chuliganskie-podejscie-do-parlamentu\/","name":"Koalicja Obywatelska odrzuci\u0142a zaproszenie prezydenta. Jo\u0144ski jednak upiera si\u0119: \u201ema chuliga\u0144skie podej\u015bcie do parlamentu\u201d - POGOTOWIE FLAGOWE\u00ae","isPartOf":{"@id":"https:\/\/www.pogotowieflagowe.pl\/aktualne\/#website"},"primaryImageOfPage":{"@id":"https:\/\/www.pogotowieflagowe.pl\/aktualne\/koalicja-obywatelska-odrzucila-zaproszenie-prezydenta-jonski-jednak-upiera-sie-ma-chuliganskie-podejscie-do-parlamentu\/#primaryimage"},"image":{"@id":"https:\/\/www.pogotowieflagowe.pl\/aktualne\/koalicja-obywatelska-odrzucila-zaproszenie-prezydenta-jonski-jednak-upiera-sie-ma-chuliganskie-podejscie-do-parlamentu\/#primaryimage"},"thumbnailUrl":"https:\/\/www.pogotowieflagowe.pl\/aktualne\/wp-content\/uploads\/2026\/02\/Koalicja-Obywatelska-odrzucila-zaproszenie-prezydenta-Jonski-jednak-upiera-sie-\u201ema.webp.webp","datePublished":"2026-02-02T00:49:41+00:00","dateModified":"2026-02-02T00:49:42+00:00","breadcrumb":{"@id":"https:\/\/www.pogotowieflagowe.pl\/aktualne\/koalicja-obywatelska-odrzucila-zaproszenie-prezydenta-jonski-jednak-upiera-sie-ma-chuliganskie-podejscie-do-parlamentu\/#breadcrumb"},"inLanguage":"pl-PL","potentialAction":[{"@type":"ReadAction","target":["https:\/\/www.pogotowieflagowe.pl\/aktualne\/koalicja-obywatelska-odrzucila-zaproszenie-prezydenta-jonski-jednak-upiera-sie-ma-chuliganskie-podejscie-do-parlamentu\/"]}]},{"@type":"ImageObject","inLanguage":"pl-PL","@id":"https:\/\/www.pogotowieflagowe.pl\/aktualne\/koalicja-obywatelska-odrzucila-zaproszenie-prezydenta-jonski-jednak-upiera-sie-ma-chuliganskie-podejscie-do-parlamentu\/#primaryimage","url":"https:\/\/www.pogotowieflagowe.pl\/aktualne\/wp-content\/uploads\/2026\/02\/Koalicja-Obywatelska-odrzucila-zaproszenie-prezydenta-Jonski-jednak-upiera-sie-\u201ema.webp.webp","contentUrl":"https:\/\/www.pogotowieflagowe.pl\/aktualne\/wp-content\/uploads\/2026\/02\/Koalicja-Obywatelska-odrzucila-zaproszenie-prezydenta-Jonski-jednak-upiera-sie-\u201ema.webp.webp","width":1280,"height":720,"caption":"Koalicja Obywatelska odrzuci\u0142a zaproszenie prezydenta. Jo\u0144ski jednak upiera si\u0119: \u201ema chuliga\u0144skie podej\u015bcie do parlamentu\u201d"},{"@type":"BreadcrumbList","@id":"https:\/\/www.pogotowieflagowe.pl\/aktualne\/koalicja-obywatelska-odrzucila-zaproszenie-prezydenta-jonski-jednak-upiera-sie-ma-chuliganskie-podejscie-do-parlamentu\/#breadcrumb","itemListElement":[{"@type":"ListItem","position":1,"name":"Home","item":"https:\/\/www.pogotowieflagowe.pl\/aktualne\/"},{"@type":"ListItem","position":2,"name":"Koalicja Obywatelska odrzuci\u0142a zaproszenie prezydenta. Jo\u0144ski jednak upiera si\u0119: \u201ema chuliga\u0144skie podej\u015bcie do parlamentu\u201d"}]},{"@type":"WebSite","@id":"https:\/\/www.pogotowieflagowe.pl\/aktualne\/#website","url":"https:\/\/www.pogotowieflagowe.pl\/aktualne\/","name":"POGOTOWIE FLAGOWE\u00ae","description":"","publisher":{"@id":"https:\/\/www.pogotowieflagowe.pl\/aktualne\/#organization"},"potentialAction":[{"@type":"SearchAction","target":{"@type":"EntryPoint","urlTemplate":"https:\/\/www.pogotowieflagowe.pl\/aktualne\/?s={search_term_string}"},"query-input":"required name=search_term_string"}],"inLanguage":"pl-PL"},{"@type":"Organization","@id":"https:\/\/www.pogotowieflagowe.pl\/aktualne\/#organization","name":"POGOTOWIE FLAGOWE\u00ae","url":"https:\/\/www.pogotowieflagowe.pl\/aktualne\/","logo":{"@type":"ImageObject","inLanguage":"pl-PL","@id":"https:\/\/www.pogotowieflagowe.pl\/aktualne\/#\/schema\/logo\/image\/","url":"https:\/\/www.pogotowieflagowe.pl\/aktualne\/wp-content\/uploads\/2024\/08\/cropped-pogotowieflagowe_flaga_projekt_sm.jpg","contentUrl":"https:\/\/www.pogotowieflagowe.pl\/aktualne\/wp-content\/uploads\/2024\/08\/cropped-pogotowieflagowe_flaga_projekt_sm.jpg","width":250,"height":143,"caption":"POGOTOWIE FLAGOWE\u00ae"},"image":{"@id":"https:\/\/www.pogotowieflagowe.pl\/aktualne\/#\/schema\/logo\/image\/"}},{"@type":"Person","@id":"https:\/\/www.pogotowieflagowe.pl\/aktualne\/#\/schema\/person\/9c2fb7d2362ebf6fa088960d7f0d27b0","name":"Filip","image":{"@type":"ImageObject","inLanguage":"pl-PL","@id":"https:\/\/www.pogotowieflagowe.pl\/aktualne\/#\/schema\/person\/image\/","url":"https:\/\/www.pogotowieflagowe.pl\/aktualne\/wp-content\/uploads\/2024\/08\/pogotowieflagowe.pl_.jpg","contentUrl":"https:\/\/www.pogotowieflagowe.pl\/aktualne\/wp-content\/uploads\/2024\/08\/pogotowieflagowe.pl_.jpg","caption":"Filip"},"description":"Jestem Filip, polski dziennikarz z dyplomem nauk politycznych Uniwersytetu Warszawskiego. Rozpoczynaj\u0105c swoj\u0105 karier\u0119 w r\u00f3\u017cnych lokalnych mediach, zdoby\u0142em solidne do\u015bwiadczenie w zakresie \u015bledztwa i redakcji. Obecnie jako redaktor w Pogotowie flagowe, staram si\u0119 dostarcza\u0107 dog\u0142\u0119bne i istotne analizy na temat najwa\u017cniejszych kwestii aktualno\u015bci, \u0142\u0105cz\u0105c rygor z pasj\u0105 dziennikarsk\u0105.","sameAs":["https:\/\/www.pogotowieflagowe.pl\/"]}]}},"_links":{"self":[{"href":"https:\/\/www.pogotowieflagowe.pl\/aktualne\/wp-json\/wp\/v2\/posts\/12415","targetHints":{"allow":["GET"]}}],"collection":[{"href":"https:\/\/www.pogotowieflagowe.pl\/aktualne\/wp-json\/wp\/v2\/posts"}],"about":[{"href":"https:\/\/www.pogotowieflagowe.pl\/aktualne\/wp-json\/wp\/v2\/types\/post"}],"author":[{"embeddable":true,"href":"https:\/\/www.pogotowieflagowe.pl\/aktualne\/wp-json\/wp\/v2\/users\/1"}],"replies":[{"embeddable":true,"href":"https:\/\/www.pogotowieflagowe.pl\/aktualne\/wp-json\/wp\/v2\/comments?post=12415"}],"version-history":[{"count":1,"href":"https:\/\/www.pogotowieflagowe.pl\/aktualne\/wp-json\/wp\/v2\/posts\/12415\/revisions"}],"predecessor-version":[{"id":12417,"href":"https:\/\/www.pogotowieflagowe.pl\/aktualne\/wp-json\/wp\/v2\/posts\/12415\/revisions\/12417"}],"wp:featuredmedia":[{"embeddable":true,"href":"https:\/\/www.pogotowieflagowe.pl\/aktualne\/wp-json\/wp\/v2\/media\/12416"}],"wp:attachment":[{"href":"https:\/\/www.pogotowieflagowe.pl\/aktualne\/wp-json\/wp\/v2\/media?parent=12415"}],"wp:term":[{"taxonomy":"category","embeddable":true,"href":"https:\/\/www.pogotowieflagowe.pl\/aktualne\/wp-json\/wp\/v2\/categories?post=12415"},{"taxonomy":"post_tag","embeddable":true,"href":"https:\/\/www.pogotowieflagowe.pl\/aktualne\/wp-json\/wp\/v2\/tags?post=12415"}],"curies":[{"name":"wp","href":"https:\/\/api.w.org\/{rel}","templated":true}]}}