{"id":12418,"date":"2026-02-02T06:48:52","date_gmt":"2026-02-02T05:48:52","guid":{"rendered":"https:\/\/www.pogotowieflagowe.pl\/aktualne\/szokujacy-wideo-matecki-obnaza-co-masowa-migracja-zrobila-z-zachodnimi-szkolami\/"},"modified":"2026-02-02T06:48:54","modified_gmt":"2026-02-02T05:48:54","slug":"szokujacy-wideo-matecki-obnaza-co-masowa-migracja-zrobila-z-zachodnimi-szkolami","status":"publish","type":"post","link":"https:\/\/www.pogotowieflagowe.pl\/aktualne\/szokujacy-wideo-matecki-obnaza-co-masowa-migracja-zrobila-z-zachodnimi-szkolami\/","title":{"rendered":"SZOKUJ\u0104CY (WIDEO): Matecki obna\u017ca, co masowa migracja zrobi\u0142a z zachodnimi szko\u0142ami"},"content":{"rendered":"\n<div class=\"td_block_wrap tdb_single_content tdi_41 td-pb-border-top td_block_template_8 td-post-content tagdiv-type\" data-td-block-uid=\"tdi_41\">\n<style>.tdi_41{margines-top:0px!important;margin-bottom:0px!important;dope\u0142nienie-g\u00f3ra:0px!important;dope\u0142nienie-d\u00f3\u0142:0px!important}<\/style>\n<style>.tdb_single_content{margin-bottom:0;*zoom:1}.tdb_single_content:before,.tdb_single_content:after{display:table;content:'';line-height:0}.tdb_single_content:after{clear:both}.tdb_single_content .tdb-block-inner>*:not(.wp-block-quote):not(.alignwide):not(.alignfull.wp-block-cover.has-parallax):not(.td-a-ad){margin-left:auto;margin-right:auto}.tdb_single_content a{pointer-events:auto}.tdb_single_content .td-spot-id-top_ad .tdc-placeholder-title:before{content:'Najlepsza reklama artyku\u0142u'!important}.tdb_single_content .td-spot-id-inline_ad0 .tdc-placeholder-title:before{content:'Reklama wbudowana artyku\u0142u 1'!important}.tdb_single_content .td-spot-id-inline_ad1 .tdc-placeholder-title:before{content:'Wbudowana reklama w artykule 2'!important}.tdb_single_content .td-spot-id-inline_ad2 .tdc-placeholder-title:before{content:'Wbudowana reklama w artykule 3'!important}.tdb_single_content .td-spot-id-bottom_ad .tdc-placeholder-title:before{content:'Article Bottom Ad'!important}.tdb_single_content .id_top_ad,.tdb_single_content .id_bottom_ad{clear:both;margin-bottom:21px;text-align:center}.tdb_single_content .id_top_ad img,.tdb_single_content .id_bottom_ad img{margin-bottom:0}.tdb_single_content .id_top_ad .adsbygoogle,.tdb_single_content .id_bottom_ad .adsbygoogle{position:relative}.tdb_single_content .id_ad_content-horiz-left,.tdb_single_content .id_ad_content-horiz-right,.tdb_single_content .id_ad_content-horiz-center{margin-bottom:15px}.tdb_single_content .id_ad_content-horiz-left img,.tdb_single_content .id_ad_content-horiz-right img,.tdb_single_content .id_ad_content-horiz-center img{margin-bottom:0}.tdb_single_content .id_ad_content-horiz-center{text-align:center}.tdb_single_content .id_ad_content-horiz-center img{margin-right:auto;margin-left:auto}.tdb_single_content .id_ad_content-horiz-left{float:left;margin-top:9px;margin-right:21px}.tdb_single_content .id_ad_content-horiz-right{float:right;margin-top:6px;margin-left:21px}.tdb_single_content .tdc-a-ad .tdc-placeholder-title{width:300px;height:250px}.tdb_single_content .tdc-a-ad .tdc-placeholder-title:before{position:absolute;top:50%;-webkit-transform:translateY(-50%);transform:translateY(-50%);margin:auto;display:table;width:100%}.tdb_single_content .tdb-block-inner.td-fix-index{word-break:break-word}.tdi_41,.tdi_41>p,.tdi_41 .tdb-block-inner>p,.wp-block-column>p{font-size:16px!important;line-height:1.6!important}.tdi_41 .tdb-block-inner blockquote p{font-style:normal!important}@media (max-width:767px){.tdb_single_content .id_ad_content-horiz-left,.tdb_single_content .id_ad_content-horiz-right,.tdb_single_content .id_ad_content-horiz-center{margin:0 auto 26 pikseli auto}}@media (max-width:767px){.tdb_single_content .id_ad_content-horiz-left{margin-right:0}}@media (max-width:767px){.tdb_single_content .id_ad_content-horiz-right{margin-left:0}}@media (max-width:767px){.tdb_single_content .td-a-ad{float:none;text-align:center}.tdb_single_content .td-a-ad img{margin-right:auto;margin-left:auto}.tdb_single_content .tdc-a-ad{float:none}}<\/style>\n<div class=\"tdb-block-inner td-fix-index\">\n<h2 class=\"wp-block-heading\">Dariusz Matecki, pose\u0142 z <em>Prawo i Sprawiedliwo\u015b\u0107 (PiS)<\/em>opublikowa\u0142 w sieci szokuj\u0105cy materia\u0142. Pokazuje, co dzieje si\u0119 obecnie w szko\u0142ach w krajach, kt\u00f3re zdecydowa\u0142y si\u0119 na masow\u0105 migracj\u0119. Mia\u0142o to pom\u00f3c w rozwi\u0105zaniu ich problem\u00f3w demograficznych. Tylko w teorii\u2026<\/h2>\n<figure class=\"wp-block-embed is-type-rich is-provider-twitter wp-block-embed-twitter\">\n<div class=\"wp-block-embed__wrapper\">\n<blockquote class=\"twitter-tweet\" data-width=\"550\" data-dnt=\"true\">\n<p lang=\"pl\" dir=\"ltr\">SZKO\u0141Y PUBLICZNE NA ZACHODZIE. POLSKA NIE MUSI TAK WYGL\u0104DA\u0106! <a rel=\"nofollow\" href=\"https:\/\/t.co\/TFPxaWsPC8\">pic.twitter.com\/TFPxaWsPC8<\/a><\/p>\n<p>\u2014 Dariusz Matecki (@DariuszMatecki) <a rel=\"nofollow\" href=\"https:\/\/twitter.com\/DariuszMatecki\/status\/2017930359648706571?ref_src=twsrc%5Etfw\">1 lutego 2026 r<\/a><\/p><\/blockquote>\n<\/div>\n<\/figure>\n<hr class=\"wp-block-separator has-alpha-channel-opacity\">\n<h2 class=\"wp-block-heading\"><strong>\u201ePolska nie musi tak wygl\u0105da\u0107\u201d<\/strong><\/h2>\n<p>W swoim najnowszym po\u015bcie na platformie X Dariusz Matecki, pose\u0142 z <em>Prawo i Sprawiedliwo\u015b\u0107 (PiS)<\/em>pokaza\u0142o, co dzieje si\u0119 obecnie w szko\u0142ach w krajach zachodnich. I to w\u0142a\u015bnie \u2013 przy zaanga\u017cowaniu migrant\u00f3w.<\/p>\n<figure class=\"wp-block-pullquote has-text-align-right\">\n<blockquote>\n<p><strong>&#8222;Tak wygl\u0105daj\u0105 szko\u0142y publiczne w za\u0142amuj\u0105cych si\u0119 demograficznie krajach Zachodu, kt\u00f3re zgodzi\u0142y si\u0119 na masow\u0105 migracj\u0119, my\u015bl\u0105c, \u017ce to zabezpieczy przysz\u0142o\u015b\u0107 ich narod\u00f3w. Tak nie b\u0119dzie. Jedyne, co zabezpieczy, to zniszczenie, chaos i utrata bezpiecze\u0144stwa. Tusk i jego banda \u0142obuz\u00f3w, godz\u0105c si\u0119 na pakt migracyjny, decyduj\u0105, \u017ce tak powinna wygl\u0105da\u0107 przysz\u0142o\u015b\u0107 Waszych dzieci i wnuk\u00f3w w Polsce.&#8221;<\/strong><\/p>\n<p><cite>\u2013 s\u0142yszymy na nagraniu, w tle kt\u00f3rego mo\u017cemy zobaczy\u0107, jak \u201edobrze zachowuj\u0105cy si\u0119\u201d uczniowie-migranci s\u0105\u2026<\/cite><\/p><\/blockquote>\n<\/figure>\n<blockquote class=\"wp-block-quote is-layout-flow wp-block-quote-is-layout-flow\">\n<p><strong>\u201ePolska nie musi tak wygl\u0105da\u0107\u201d<\/strong> \u2013 apeluje polityk.<\/p>\n<\/blockquote>\n<\/div>\n<\/div>\n<p><script async src=\"https:\/\/platform.twitter.com\/widgets.js\" charset=\"utf-8\"><\/script><\/p>\n","protected":false},"excerpt":{"rendered":"<p>Dariusz Matecki, pose\u0142 z Prawo i Sprawiedliwo\u015b\u0107 (PiS)opublikowa\u0142 w sieci szokuj\u0105cy materia\u0142. Pokazuje, co dzieje si\u0119 obecnie w szko\u0142ach w<\/p>\n","protected":false},"author":1,"featured_media":12419,"comment_status":"open","ping_status":"open","sticky":false,"template":"","format":"standard","meta":{"footnotes":""},"categories":[44],"tags":[7708,6078,6183,13570,13572,986,4935,13571,8902],"class_list":["post-12418","post","type-post","status-publish","format-standard","has-post-thumbnail","hentry","category-polityka","tag-masowa","tag-matecki","tag-migracja","tag-obnaza","tag-szkolami","tag-szokujacy","tag-wideo","tag-zachodnimi","tag-zrobila","generate-columns","tablet-grid-50","mobile-grid-100","grid-parent","grid-50","resize-featured-image"],"yoast_head":"<!-- This site is optimized with the Yoast SEO plugin v23.2 - https:\/\/yoast.com\/wordpress\/plugins\/seo\/ -->\n<title>SZOKUJ\u0104CY (WIDEO): Matecki obna\u017ca, co masowa migracja zrobi\u0142a z zachodnimi szko\u0142ami - POGOTOWIE FLAGOWE\u00ae<\/title>\n<meta name=\"robots\" content=\"index, follow, max-snippet:-1, max-image-preview:large, max-video-preview:-1\" \/>\n<link rel=\"canonical\" href=\"https:\/\/www.pogotowieflagowe.pl\/aktualne\/szokujacy-wideo-matecki-obnaza-co-masowa-migracja-zrobila-z-zachodnimi-szkolami\/\" \/>\n<meta property=\"og:locale\" content=\"pl_PL\" \/>\n<meta property=\"og:type\" content=\"article\" \/>\n<meta property=\"og:title\" content=\"SZOKUJ\u0104CY (WIDEO): Matecki obna\u017ca, co masowa migracja zrobi\u0142a z zachodnimi szko\u0142ami - POGOTOWIE FLAGOWE\u00ae\" \/>\n<meta property=\"og:description\" content=\"Dariusz Matecki, pose\u0142 z Prawo i Sprawiedliwo\u015b\u0107 (PiS)opublikowa\u0142 w sieci szokuj\u0105cy materia\u0142. Pokazuje, co dzieje si\u0119 obecnie w szko\u0142ach w\" \/>\n<meta property=\"og:url\" content=\"https:\/\/www.pogotowieflagowe.pl\/aktualne\/szokujacy-wideo-matecki-obnaza-co-masowa-migracja-zrobila-z-zachodnimi-szkolami\/\" \/>\n<meta property=\"og:site_name\" content=\"POGOTOWIE FLAGOWE\u00ae\" \/>\n<meta property=\"article:published_time\" content=\"2026-02-02T05:48:52+00:00\" \/>\n<meta property=\"article:modified_time\" content=\"2026-02-02T05:48:54+00:00\" \/>\n<meta property=\"og:image\" content=\"https:\/\/www.pogotowieflagowe.pl\/aktualne\/wp-content\/uploads\/2026\/02\/SZOKUJACY-WIDEO-Matecki-obnaza-co-masowa-migracja-zrobila-z-zachodnimi.jpg\" \/>\n\t<meta property=\"og:image:width\" content=\"1920\" \/>\n\t<meta property=\"og:image:height\" content=\"1080\" \/>\n\t<meta property=\"og:image:type\" content=\"image\/jpeg\" \/>\n<meta name=\"author\" content=\"Filip\" \/>\n<meta name=\"twitter:card\" content=\"summary_large_image\" \/>\n<meta name=\"twitter:label1\" content=\"Napisane przez\" \/>\n\t<meta name=\"twitter:data1\" content=\"Filip\" \/>\n\t<meta name=\"twitter:label2\" content=\"Szacowany czas czytania\" \/>\n\t<meta name=\"twitter:data2\" content=\"1 minuta\" \/>\n<script type=\"application\/ld+json\" class=\"yoast-schema-graph\">{\"@context\":\"https:\/\/schema.org\",\"@graph\":[{\"@type\":\"Article\",\"@id\":\"https:\/\/www.pogotowieflagowe.pl\/aktualne\/szokujacy-wideo-matecki-obnaza-co-masowa-migracja-zrobila-z-zachodnimi-szkolami\/#article\",\"isPartOf\":{\"@id\":\"https:\/\/www.pogotowieflagowe.pl\/aktualne\/szokujacy-wideo-matecki-obnaza-co-masowa-migracja-zrobila-z-zachodnimi-szkolami\/\"},\"author\":{\"name\":\"Filip\",\"@id\":\"https:\/\/www.pogotowieflagowe.pl\/aktualne\/#\/schema\/person\/9c2fb7d2362ebf6fa088960d7f0d27b0\"},\"headline\":\"SZOKUJ\u0104CY (WIDEO): Matecki obna\u017ca, co masowa migracja zrobi\u0142a z zachodnimi szko\u0142ami\",\"datePublished\":\"2026-02-02T05:48:52+00:00\",\"dateModified\":\"2026-02-02T05:48:54+00:00\",\"mainEntityOfPage\":{\"@id\":\"https:\/\/www.pogotowieflagowe.pl\/aktualne\/szokujacy-wideo-matecki-obnaza-co-masowa-migracja-zrobila-z-zachodnimi-szkolami\/\"},\"wordCount\":226,\"commentCount\":0,\"publisher\":{\"@id\":\"https:\/\/www.pogotowieflagowe.pl\/aktualne\/#organization\"},\"image\":{\"@id\":\"https:\/\/www.pogotowieflagowe.pl\/aktualne\/szokujacy-wideo-matecki-obnaza-co-masowa-migracja-zrobila-z-zachodnimi-szkolami\/#primaryimage\"},\"thumbnailUrl\":\"https:\/\/www.pogotowieflagowe.pl\/aktualne\/wp-content\/uploads\/2026\/02\/SZOKUJACY-WIDEO-Matecki-obnaza-co-masowa-migracja-zrobila-z-zachodnimi.jpg\",\"keywords\":[\"masowa\",\"Matecki\",\"migracj\u0105\",\"obna\u017ca\",\"szko\u0142ami\",\"szokuj\u0105cy\",\"WIDEO\",\"zachodnimi\",\"zrobi\u0142a\"],\"articleSection\":[\"Polityka\"],\"inLanguage\":\"pl-PL\",\"potentialAction\":[{\"@type\":\"CommentAction\",\"name\":\"Comment\",\"target\":[\"https:\/\/www.pogotowieflagowe.pl\/aktualne\/szokujacy-wideo-matecki-obnaza-co-masowa-migracja-zrobila-z-zachodnimi-szkolami\/#respond\"]}]},{\"@type\":\"WebPage\",\"@id\":\"https:\/\/www.pogotowieflagowe.pl\/aktualne\/szokujacy-wideo-matecki-obnaza-co-masowa-migracja-zrobila-z-zachodnimi-szkolami\/\",\"url\":\"https:\/\/www.pogotowieflagowe.pl\/aktualne\/szokujacy-wideo-matecki-obnaza-co-masowa-migracja-zrobila-z-zachodnimi-szkolami\/\",\"name\":\"SZOKUJ\u0104CY (WIDEO): Matecki obna\u017ca, co masowa migracja zrobi\u0142a z zachodnimi szko\u0142ami - POGOTOWIE FLAGOWE\u00ae\",\"isPartOf\":{\"@id\":\"https:\/\/www.pogotowieflagowe.pl\/aktualne\/#website\"},\"primaryImageOfPage\":{\"@id\":\"https:\/\/www.pogotowieflagowe.pl\/aktualne\/szokujacy-wideo-matecki-obnaza-co-masowa-migracja-zrobila-z-zachodnimi-szkolami\/#primaryimage\"},\"image\":{\"@id\":\"https:\/\/www.pogotowieflagowe.pl\/aktualne\/szokujacy-wideo-matecki-obnaza-co-masowa-migracja-zrobila-z-zachodnimi-szkolami\/#primaryimage\"},\"thumbnailUrl\":\"https:\/\/www.pogotowieflagowe.pl\/aktualne\/wp-content\/uploads\/2026\/02\/SZOKUJACY-WIDEO-Matecki-obnaza-co-masowa-migracja-zrobila-z-zachodnimi.jpg\",\"datePublished\":\"2026-02-02T05:48:52+00:00\",\"dateModified\":\"2026-02-02T05:48:54+00:00\",\"breadcrumb\":{\"@id\":\"https:\/\/www.pogotowieflagowe.pl\/aktualne\/szokujacy-wideo-matecki-obnaza-co-masowa-migracja-zrobila-z-zachodnimi-szkolami\/#breadcrumb\"},\"inLanguage\":\"pl-PL\",\"potentialAction\":[{\"@type\":\"ReadAction\",\"target\":[\"https:\/\/www.pogotowieflagowe.pl\/aktualne\/szokujacy-wideo-matecki-obnaza-co-masowa-migracja-zrobila-z-zachodnimi-szkolami\/\"]}]},{\"@type\":\"ImageObject\",\"inLanguage\":\"pl-PL\",\"@id\":\"https:\/\/www.pogotowieflagowe.pl\/aktualne\/szokujacy-wideo-matecki-obnaza-co-masowa-migracja-zrobila-z-zachodnimi-szkolami\/#primaryimage\",\"url\":\"https:\/\/www.pogotowieflagowe.pl\/aktualne\/wp-content\/uploads\/2026\/02\/SZOKUJACY-WIDEO-Matecki-obnaza-co-masowa-migracja-zrobila-z-zachodnimi.jpg\",\"contentUrl\":\"https:\/\/www.pogotowieflagowe.pl\/aktualne\/wp-content\/uploads\/2026\/02\/SZOKUJACY-WIDEO-Matecki-obnaza-co-masowa-migracja-zrobila-z-zachodnimi.jpg\",\"width\":1920,\"height\":1080,\"caption\":\"SZOKUJ\u0104CY (WIDEO): Matecki obna\u017ca, co masowa migracja zrobi\u0142a z zachodnimi szko\u0142ami\"},{\"@type\":\"BreadcrumbList\",\"@id\":\"https:\/\/www.pogotowieflagowe.pl\/aktualne\/szokujacy-wideo-matecki-obnaza-co-masowa-migracja-zrobila-z-zachodnimi-szkolami\/#breadcrumb\",\"itemListElement\":[{\"@type\":\"ListItem\",\"position\":1,\"name\":\"Home\",\"item\":\"https:\/\/www.pogotowieflagowe.pl\/aktualne\/\"},{\"@type\":\"ListItem\",\"position\":2,\"name\":\"SZOKUJ\u0104CY (WIDEO): Matecki obna\u017ca, co masowa migracja zrobi\u0142a z zachodnimi szko\u0142ami\"}]},{\"@type\":\"WebSite\",\"@id\":\"https:\/\/www.pogotowieflagowe.pl\/aktualne\/#website\",\"url\":\"https:\/\/www.pogotowieflagowe.pl\/aktualne\/\",\"name\":\"POGOTOWIE FLAGOWE\u00ae\",\"description\":\"\",\"publisher\":{\"@id\":\"https:\/\/www.pogotowieflagowe.pl\/aktualne\/#organization\"},\"potentialAction\":[{\"@type\":\"SearchAction\",\"target\":{\"@type\":\"EntryPoint\",\"urlTemplate\":\"https:\/\/www.pogotowieflagowe.pl\/aktualne\/?s={search_term_string}\"},\"query-input\":\"required name=search_term_string\"}],\"inLanguage\":\"pl-PL\"},{\"@type\":\"Organization\",\"@id\":\"https:\/\/www.pogotowieflagowe.pl\/aktualne\/#organization\",\"name\":\"POGOTOWIE FLAGOWE\u00ae\",\"url\":\"https:\/\/www.pogotowieflagowe.pl\/aktualne\/\",\"logo\":{\"@type\":\"ImageObject\",\"inLanguage\":\"pl-PL\",\"@id\":\"https:\/\/www.pogotowieflagowe.pl\/aktualne\/#\/schema\/logo\/image\/\",\"url\":\"https:\/\/www.pogotowieflagowe.pl\/aktualne\/wp-content\/uploads\/2024\/08\/cropped-pogotowieflagowe_flaga_projekt_sm.jpg\",\"contentUrl\":\"https:\/\/www.pogotowieflagowe.pl\/aktualne\/wp-content\/uploads\/2024\/08\/cropped-pogotowieflagowe_flaga_projekt_sm.jpg\",\"width\":250,\"height\":143,\"caption\":\"POGOTOWIE FLAGOWE\u00ae\"},\"image\":{\"@id\":\"https:\/\/www.pogotowieflagowe.pl\/aktualne\/#\/schema\/logo\/image\/\"}},{\"@type\":\"Person\",\"@id\":\"https:\/\/www.pogotowieflagowe.pl\/aktualne\/#\/schema\/person\/9c2fb7d2362ebf6fa088960d7f0d27b0\",\"name\":\"Filip\",\"image\":{\"@type\":\"ImageObject\",\"inLanguage\":\"pl-PL\",\"@id\":\"https:\/\/www.pogotowieflagowe.pl\/aktualne\/#\/schema\/person\/image\/\",\"url\":\"https:\/\/www.pogotowieflagowe.pl\/aktualne\/wp-content\/uploads\/2024\/08\/pogotowieflagowe.pl_.jpg\",\"contentUrl\":\"https:\/\/www.pogotowieflagowe.pl\/aktualne\/wp-content\/uploads\/2024\/08\/pogotowieflagowe.pl_.jpg\",\"caption\":\"Filip\"},\"description\":\"Jestem Filip, polski dziennikarz z dyplomem nauk politycznych Uniwersytetu Warszawskiego. Rozpoczynaj\u0105c swoj\u0105 karier\u0119 w r\u00f3\u017cnych lokalnych mediach, zdoby\u0142em solidne do\u015bwiadczenie w zakresie \u015bledztwa i redakcji. Obecnie jako redaktor w Pogotowie flagowe, staram si\u0119 dostarcza\u0107 dog\u0142\u0119bne i istotne analizy na temat najwa\u017cniejszych kwestii aktualno\u015bci, \u0142\u0105cz\u0105c rygor z pasj\u0105 dziennikarsk\u0105.\",\"sameAs\":[\"https:\/\/www.pogotowieflagowe.pl\/\"]}]}<\/script>\n<!-- \/ Yoast SEO plugin. -->","yoast_head_json":{"title":"SZOKUJ\u0104CY (WIDEO): Matecki obna\u017ca, co masowa migracja zrobi\u0142a z zachodnimi szko\u0142ami - POGOTOWIE FLAGOWE\u00ae","robots":{"index":"index","follow":"follow","max-snippet":"max-snippet:-1","max-image-preview":"max-image-preview:large","max-video-preview":"max-video-preview:-1"},"canonical":"https:\/\/www.pogotowieflagowe.pl\/aktualne\/szokujacy-wideo-matecki-obnaza-co-masowa-migracja-zrobila-z-zachodnimi-szkolami\/","og_locale":"pl_PL","og_type":"article","og_title":"SZOKUJ\u0104CY (WIDEO): Matecki obna\u017ca, co masowa migracja zrobi\u0142a z zachodnimi szko\u0142ami - POGOTOWIE FLAGOWE\u00ae","og_description":"Dariusz Matecki, pose\u0142 z Prawo i Sprawiedliwo\u015b\u0107 (PiS)opublikowa\u0142 w sieci szokuj\u0105cy materia\u0142. Pokazuje, co dzieje si\u0119 obecnie w szko\u0142ach w","og_url":"https:\/\/www.pogotowieflagowe.pl\/aktualne\/szokujacy-wideo-matecki-obnaza-co-masowa-migracja-zrobila-z-zachodnimi-szkolami\/","og_site_name":"POGOTOWIE FLAGOWE\u00ae","article_published_time":"2026-02-02T05:48:52+00:00","article_modified_time":"2026-02-02T05:48:54+00:00","og_image":[{"width":1920,"height":1080,"url":"https:\/\/www.pogotowieflagowe.pl\/aktualne\/wp-content\/uploads\/2026\/02\/SZOKUJACY-WIDEO-Matecki-obnaza-co-masowa-migracja-zrobila-z-zachodnimi.jpg","type":"image\/jpeg"}],"author":"Filip","twitter_card":"summary_large_image","twitter_misc":{"Napisane przez":"Filip","Szacowany czas czytania":"1 minuta"},"schema":{"@context":"https:\/\/schema.org","@graph":[{"@type":"Article","@id":"https:\/\/www.pogotowieflagowe.pl\/aktualne\/szokujacy-wideo-matecki-obnaza-co-masowa-migracja-zrobila-z-zachodnimi-szkolami\/#article","isPartOf":{"@id":"https:\/\/www.pogotowieflagowe.pl\/aktualne\/szokujacy-wideo-matecki-obnaza-co-masowa-migracja-zrobila-z-zachodnimi-szkolami\/"},"author":{"name":"Filip","@id":"https:\/\/www.pogotowieflagowe.pl\/aktualne\/#\/schema\/person\/9c2fb7d2362ebf6fa088960d7f0d27b0"},"headline":"SZOKUJ\u0104CY (WIDEO): Matecki obna\u017ca, co masowa migracja zrobi\u0142a z zachodnimi szko\u0142ami","datePublished":"2026-02-02T05:48:52+00:00","dateModified":"2026-02-02T05:48:54+00:00","mainEntityOfPage":{"@id":"https:\/\/www.pogotowieflagowe.pl\/aktualne\/szokujacy-wideo-matecki-obnaza-co-masowa-migracja-zrobila-z-zachodnimi-szkolami\/"},"wordCount":226,"commentCount":0,"publisher":{"@id":"https:\/\/www.pogotowieflagowe.pl\/aktualne\/#organization"},"image":{"@id":"https:\/\/www.pogotowieflagowe.pl\/aktualne\/szokujacy-wideo-matecki-obnaza-co-masowa-migracja-zrobila-z-zachodnimi-szkolami\/#primaryimage"},"thumbnailUrl":"https:\/\/www.pogotowieflagowe.pl\/aktualne\/wp-content\/uploads\/2026\/02\/SZOKUJACY-WIDEO-Matecki-obnaza-co-masowa-migracja-zrobila-z-zachodnimi.jpg","keywords":["masowa","Matecki","migracj\u0105","obna\u017ca","szko\u0142ami","szokuj\u0105cy","WIDEO","zachodnimi","zrobi\u0142a"],"articleSection":["Polityka"],"inLanguage":"pl-PL","potentialAction":[{"@type":"CommentAction","name":"Comment","target":["https:\/\/www.pogotowieflagowe.pl\/aktualne\/szokujacy-wideo-matecki-obnaza-co-masowa-migracja-zrobila-z-zachodnimi-szkolami\/#respond"]}]},{"@type":"WebPage","@id":"https:\/\/www.pogotowieflagowe.pl\/aktualne\/szokujacy-wideo-matecki-obnaza-co-masowa-migracja-zrobila-z-zachodnimi-szkolami\/","url":"https:\/\/www.pogotowieflagowe.pl\/aktualne\/szokujacy-wideo-matecki-obnaza-co-masowa-migracja-zrobila-z-zachodnimi-szkolami\/","name":"SZOKUJ\u0104CY (WIDEO): Matecki obna\u017ca, co masowa migracja zrobi\u0142a z zachodnimi szko\u0142ami - POGOTOWIE FLAGOWE\u00ae","isPartOf":{"@id":"https:\/\/www.pogotowieflagowe.pl\/aktualne\/#website"},"primaryImageOfPage":{"@id":"https:\/\/www.pogotowieflagowe.pl\/aktualne\/szokujacy-wideo-matecki-obnaza-co-masowa-migracja-zrobila-z-zachodnimi-szkolami\/#primaryimage"},"image":{"@id":"https:\/\/www.pogotowieflagowe.pl\/aktualne\/szokujacy-wideo-matecki-obnaza-co-masowa-migracja-zrobila-z-zachodnimi-szkolami\/#primaryimage"},"thumbnailUrl":"https:\/\/www.pogotowieflagowe.pl\/aktualne\/wp-content\/uploads\/2026\/02\/SZOKUJACY-WIDEO-Matecki-obnaza-co-masowa-migracja-zrobila-z-zachodnimi.jpg","datePublished":"2026-02-02T05:48:52+00:00","dateModified":"2026-02-02T05:48:54+00:00","breadcrumb":{"@id":"https:\/\/www.pogotowieflagowe.pl\/aktualne\/szokujacy-wideo-matecki-obnaza-co-masowa-migracja-zrobila-z-zachodnimi-szkolami\/#breadcrumb"},"inLanguage":"pl-PL","potentialAction":[{"@type":"ReadAction","target":["https:\/\/www.pogotowieflagowe.pl\/aktualne\/szokujacy-wideo-matecki-obnaza-co-masowa-migracja-zrobila-z-zachodnimi-szkolami\/"]}]},{"@type":"ImageObject","inLanguage":"pl-PL","@id":"https:\/\/www.pogotowieflagowe.pl\/aktualne\/szokujacy-wideo-matecki-obnaza-co-masowa-migracja-zrobila-z-zachodnimi-szkolami\/#primaryimage","url":"https:\/\/www.pogotowieflagowe.pl\/aktualne\/wp-content\/uploads\/2026\/02\/SZOKUJACY-WIDEO-Matecki-obnaza-co-masowa-migracja-zrobila-z-zachodnimi.jpg","contentUrl":"https:\/\/www.pogotowieflagowe.pl\/aktualne\/wp-content\/uploads\/2026\/02\/SZOKUJACY-WIDEO-Matecki-obnaza-co-masowa-migracja-zrobila-z-zachodnimi.jpg","width":1920,"height":1080,"caption":"SZOKUJ\u0104CY (WIDEO): Matecki obna\u017ca, co masowa migracja zrobi\u0142a z zachodnimi szko\u0142ami"},{"@type":"BreadcrumbList","@id":"https:\/\/www.pogotowieflagowe.pl\/aktualne\/szokujacy-wideo-matecki-obnaza-co-masowa-migracja-zrobila-z-zachodnimi-szkolami\/#breadcrumb","itemListElement":[{"@type":"ListItem","position":1,"name":"Home","item":"https:\/\/www.pogotowieflagowe.pl\/aktualne\/"},{"@type":"ListItem","position":2,"name":"SZOKUJ\u0104CY (WIDEO): Matecki obna\u017ca, co masowa migracja zrobi\u0142a z zachodnimi szko\u0142ami"}]},{"@type":"WebSite","@id":"https:\/\/www.pogotowieflagowe.pl\/aktualne\/#website","url":"https:\/\/www.pogotowieflagowe.pl\/aktualne\/","name":"POGOTOWIE FLAGOWE\u00ae","description":"","publisher":{"@id":"https:\/\/www.pogotowieflagowe.pl\/aktualne\/#organization"},"potentialAction":[{"@type":"SearchAction","target":{"@type":"EntryPoint","urlTemplate":"https:\/\/www.pogotowieflagowe.pl\/aktualne\/?s={search_term_string}"},"query-input":"required name=search_term_string"}],"inLanguage":"pl-PL"},{"@type":"Organization","@id":"https:\/\/www.pogotowieflagowe.pl\/aktualne\/#organization","name":"POGOTOWIE FLAGOWE\u00ae","url":"https:\/\/www.pogotowieflagowe.pl\/aktualne\/","logo":{"@type":"ImageObject","inLanguage":"pl-PL","@id":"https:\/\/www.pogotowieflagowe.pl\/aktualne\/#\/schema\/logo\/image\/","url":"https:\/\/www.pogotowieflagowe.pl\/aktualne\/wp-content\/uploads\/2024\/08\/cropped-pogotowieflagowe_flaga_projekt_sm.jpg","contentUrl":"https:\/\/www.pogotowieflagowe.pl\/aktualne\/wp-content\/uploads\/2024\/08\/cropped-pogotowieflagowe_flaga_projekt_sm.jpg","width":250,"height":143,"caption":"POGOTOWIE FLAGOWE\u00ae"},"image":{"@id":"https:\/\/www.pogotowieflagowe.pl\/aktualne\/#\/schema\/logo\/image\/"}},{"@type":"Person","@id":"https:\/\/www.pogotowieflagowe.pl\/aktualne\/#\/schema\/person\/9c2fb7d2362ebf6fa088960d7f0d27b0","name":"Filip","image":{"@type":"ImageObject","inLanguage":"pl-PL","@id":"https:\/\/www.pogotowieflagowe.pl\/aktualne\/#\/schema\/person\/image\/","url":"https:\/\/www.pogotowieflagowe.pl\/aktualne\/wp-content\/uploads\/2024\/08\/pogotowieflagowe.pl_.jpg","contentUrl":"https:\/\/www.pogotowieflagowe.pl\/aktualne\/wp-content\/uploads\/2024\/08\/pogotowieflagowe.pl_.jpg","caption":"Filip"},"description":"Jestem Filip, polski dziennikarz z dyplomem nauk politycznych Uniwersytetu Warszawskiego. Rozpoczynaj\u0105c swoj\u0105 karier\u0119 w r\u00f3\u017cnych lokalnych mediach, zdoby\u0142em solidne do\u015bwiadczenie w zakresie \u015bledztwa i redakcji. Obecnie jako redaktor w Pogotowie flagowe, staram si\u0119 dostarcza\u0107 dog\u0142\u0119bne i istotne analizy na temat najwa\u017cniejszych kwestii aktualno\u015bci, \u0142\u0105cz\u0105c rygor z pasj\u0105 dziennikarsk\u0105.","sameAs":["https:\/\/www.pogotowieflagowe.pl\/"]}]}},"_links":{"self":[{"href":"https:\/\/www.pogotowieflagowe.pl\/aktualne\/wp-json\/wp\/v2\/posts\/12418","targetHints":{"allow":["GET"]}}],"collection":[{"href":"https:\/\/www.pogotowieflagowe.pl\/aktualne\/wp-json\/wp\/v2\/posts"}],"about":[{"href":"https:\/\/www.pogotowieflagowe.pl\/aktualne\/wp-json\/wp\/v2\/types\/post"}],"author":[{"embeddable":true,"href":"https:\/\/www.pogotowieflagowe.pl\/aktualne\/wp-json\/wp\/v2\/users\/1"}],"replies":[{"embeddable":true,"href":"https:\/\/www.pogotowieflagowe.pl\/aktualne\/wp-json\/wp\/v2\/comments?post=12418"}],"version-history":[{"count":1,"href":"https:\/\/www.pogotowieflagowe.pl\/aktualne\/wp-json\/wp\/v2\/posts\/12418\/revisions"}],"predecessor-version":[{"id":12420,"href":"https:\/\/www.pogotowieflagowe.pl\/aktualne\/wp-json\/wp\/v2\/posts\/12418\/revisions\/12420"}],"wp:featuredmedia":[{"embeddable":true,"href":"https:\/\/www.pogotowieflagowe.pl\/aktualne\/wp-json\/wp\/v2\/media\/12419"}],"wp:attachment":[{"href":"https:\/\/www.pogotowieflagowe.pl\/aktualne\/wp-json\/wp\/v2\/media?parent=12418"}],"wp:term":[{"taxonomy":"category","embeddable":true,"href":"https:\/\/www.pogotowieflagowe.pl\/aktualne\/wp-json\/wp\/v2\/categories?post=12418"},{"taxonomy":"post_tag","embeddable":true,"href":"https:\/\/www.pogotowieflagowe.pl\/aktualne\/wp-json\/wp\/v2\/tags?post=12418"}],"curies":[{"name":"wp","href":"https:\/\/api.w.org\/{rel}","templated":true}]}}