{"id":12424,"date":"2026-02-02T14:48:58","date_gmt":"2026-02-02T13:48:58","guid":{"rendered":"https:\/\/www.pogotowieflagowe.pl\/aktualne\/tuz-za-granica-polski-era-200-letnia-dobiega-konca\/"},"modified":"2026-02-02T14:48:59","modified_gmt":"2026-02-02T13:48:59","slug":"tuz-za-granica-polski-era-200-letnia-dobiega-konca","status":"publish","type":"post","link":"https:\/\/www.pogotowieflagowe.pl\/aktualne\/tuz-za-granica-polski-era-200-letnia-dobiega-konca\/","title":{"rendered":"Tu\u017c za granic\u0105 Polski: era 200-letnia dobiega ko\u0144ca"},"content":{"rendered":"\n<div class=\"td_block_wrap tdb_single_content tdi_41 td-pb-border-top td_block_template_8 td-post-content tagdiv-type\" data-td-block-uid=\"tdi_41\">\n<style>.tdi_41{margines-top:0px!important;margin-bottom:0px!important;dope\u0142nienie-g\u00f3ra:0px!important;dope\u0142nienie-d\u00f3\u0142:0px!important}<\/style>\n<style>.tdb_single_content{margin-bottom:0;*zoom:1}.tdb_single_content:before,.tdb_single_content:after{display:table;content:'';line-height:0}.tdb_single_content:after{clear:both}.tdb_single_content .tdb-block-inner>*:not(.wp-block-quote):not(.alignwide):not(.alignfull.wp-block-cover.has-parallax):not(.td-a-ad){margin-left:auto;margin-right:auto}.tdb_single_content a{pointer-events:auto}.tdb_single_content .td-spot-id-top_ad .tdc-placeholder-title:before{content:'Najlepsza reklama artyku\u0142u'!important}.tdb_single_content .td-spot-id-inline_ad0 .tdc-placeholder-title:before{content:'Reklama wbudowana artyku\u0142u 1'!important}.tdb_single_content .td-spot-id-inline_ad1 .tdc-placeholder-title:before{content:'Wbudowana reklama w artykule 2'!important}.tdb_single_content .td-spot-id-inline_ad2 .tdc-placeholder-title:before{content:'Wbudowana reklama w artykule 3'!important}.tdb_single_content .td-spot-id-bottom_ad .tdc-placeholder-title:before{content:'Article Bottom Ad'!important}.tdb_single_content .id_top_ad,.tdb_single_content .id_bottom_ad{clear:both;margin-bottom:21px;text-align:center}.tdb_single_content .id_top_ad img,.tdb_single_content .id_bottom_ad img{margin-bottom:0}.tdb_single_content .id_top_ad .adsbygoogle,.tdb_single_content .id_bottom_ad .adsbygoogle{position:relative}.tdb_single_content .id_ad_content-horiz-left,.tdb_single_content .id_ad_content-horiz-right,.tdb_single_content .id_ad_content-horiz-center{margin-bottom:15px}.tdb_single_content .id_ad_content-horiz-left img,.tdb_single_content .id_ad_content-horiz-right img,.tdb_single_content .id_ad_content-horiz-center img{margin-bottom:0}.tdb_single_content .id_ad_content-horiz-center{text-align:center}.tdb_single_content .id_ad_content-horiz-center img{margin-right:auto;margin-left:auto}.tdb_single_content .id_ad_content-horiz-left{float:left;margin-top:9px;margin-right:21px}.tdb_single_content .id_ad_content-horiz-right{float:right;margin-top:6px;margin-left:21px}.tdb_single_content .tdc-a-ad .tdc-placeholder-title{width:300px;height:250px}.tdb_single_content .tdc-a-ad .tdc-placeholder-title:before{position:absolute;top:50%;-webkit-transform:translateY(-50%);transform:translateY(-50%);margin:auto;display:table;width:100%}.tdb_single_content .tdb-block-inner.td-fix-index{word-break:break-word}.tdi_41,.tdi_41>p,.tdi_41 .tdb-block-inner>p,.wp-block-column>p{font-size:16px!important;line-height:1.6!important}.tdi_41 .tdb-block-inner blockquote p{font-style:normal!important}@media (max-width:767px){.tdb_single_content .id_ad_content-horiz-left,.tdb_single_content .id_ad_content-horiz-right,.tdb_single_content .id_ad_content-horiz-center{margin:0 auto 26 pikseli auto}}@media (max-width:767px){.tdb_single_content .id_ad_content-horiz-left{margin-right:0}}@media (max-width:767px){.tdb_single_content .id_ad_content-horiz-right{margin-left:0}}@media (max-width:767px){.tdb_single_content .td-a-ad{float:none;text-align:center}.tdb_single_content .td-a-ad img{margin-right:auto;margin-left:auto}.tdb_single_content .tdc-a-ad{float:none}}<\/style>\n<div class=\"tdb-block-inner td-fix-index\">\n<p>S\u0105siedzi Polski podj\u0119li trudn\u0105 decyzj\u0119. W\u0142a\u015bnie zako\u0144czyli co\u015b, co od pokole\u0144 by\u0142o cz\u0119\u015bci\u0105 ich codziennego \u017cycia, pracy i to\u017csamo\u015bci. Czechy zamkn\u0119\u0142y w\u0142a\u015bnie ostatni\u0105 kopalni\u0119 w\u0119gla kamiennego. Wchodzi w now\u0105 faz\u0119 energetyczn\u0105 opart\u0105 na energetyce j\u0105drowej i w\u0119glu brunatnym.<\/p>\n<p>Tu\u017c za polsk\u0105 granic\u0105 ko\u0144czy si\u0119 co\u015b, co jeszcze kilka lat temu wydawa\u0142o si\u0119 niemo\u017cliwe. W Czechach przesta\u0142a dzia\u0142a\u0107 ostatnia \u015bciana g\u00f3rnicza w kopalni \u010cSM w Stonavie. W ten spos\u00f3b dobieg\u0142o ko\u0144ca ponad dwa stulecia wydobycia w\u0119gla kamiennego w regionie karwi\u0144skim i ostrawskim. To symboliczny moment, bo przez dziesi\u0119ciolecia pracowa\u0142o tu tysi\u0105ce g\u00f3rnik\u00f3w, w tym wielu z Polski. Teraz ca\u0142y region wchodzi w zupe\u0142nie now\u0105 faz\u0119.<\/p>\n<p><strong>Dwa dni do ostatecznej ekstrakcji<\/strong><\/p>\n<p>W sobot\u0119 31 stycznia 2026 roku, podczas nocnej zmiany, produkcja zosta\u0142a zako\u0144czona. By\u0142 to ostatni dzia\u0142aj\u0105cy zak\u0142ad w\u0119glowy w Czechach. Kopalnia dzia\u0142a\u0142a od 1968 roku i by\u0142a najm\u0142odsz\u0105 cz\u0119\u015bci\u0105 sp\u00f3\u0142ki OKD. Sk\u0142ada\u0142 si\u0119 z dw\u00f3ch odcink\u00f3w: \u201eP\u00f3\u0142nocnego\u201d, gdzie prowadzono wydobycie, i \u201ePo\u0142udniowego\u201d, kt\u00f3ry pe\u0142ni\u0142 funkcj\u0119 magazynow\u0105.<\/p>\n<p>Symboliczne wydobycie ostatniej tony zaplanowano na \u015brod\u0119, 4 lutego. Po tym dniu rozpocznie si\u0119 wieloletni proces likwidacji obiektu, obejmuj\u0105cy zabezpieczenie szyb\u00f3w, demonta\u017c infrastruktury i rekultywacj\u0119 terenu. To definitywny koniec regionu g\u00f3rniczego Karwina i Ostrawa, kt\u00f3ry przez ponad dwie\u015bcie lat by\u0142 jednym z najwa\u017cniejszych o\u015brodk\u00f3w przemys\u0142owych w Europie \u015arodkowej. Dla mieszka\u0144c\u00f3w to trudny moment, pe\u0142en bolesnych emocji. Podstaw\u0105 \u017cycia by\u0142o tu g\u00f3rnictwo, a wok\u00f3\u0142 kopal\u0144 wyrasta\u0142y ca\u0142e miasta. Zamkni\u0119cie \u010cSM to nie tylko decyzja gospodarcza, ale tak\u017ce symboliczny koniec epoki, kt\u00f3ra ukszta\u0142towa\u0142a to\u017csamo\u015b\u0107 regionu. Wielu g\u00f3rnik\u00f3w zastanawia si\u0119 nad przysz\u0142o\u015bci\u0105. Niekt\u00f3rzy planuj\u0105 szuka\u0107 pracy w Polsce, gdzie nadal dzia\u0142aj\u0105 kopalnie, inni licz\u0105 na programy przekwalifikowuj\u0105ce i wsparcie lokalnych w\u0142adz.<\/p>\n<p><strong>Stawiaj\u0105 na energi\u0119 j\u0105drow\u0105<\/strong><\/p>\n<p>Zamkni\u0119cie ostatniej kopalni nie oznacza, \u017ce \u200b\u200bCzechy ca\u0142kowicie rezygnuj\u0105 z w\u0119gla. W kraju nadal dzia\u0142aj\u0105 elektrownie opalane w\u0119glem brunatnym, cho\u0107 ich rola z roku na rok maleje. Czechy od kilku lat przekszta\u0142caj\u0105 sw\u00f3j miks energetyczny i dzi\u015b wygl\u0105da on zupe\u0142nie inaczej ni\u017c dekad\u0119 temu. Najwa\u017cniejszym filarem jest energetyka j\u0105drowa, kt\u00f3ra pokrywa oko\u0142o 40 proc. zapotrzebowania. Elektrownie Dukovany i Temel\u00edn dostarczaj\u0105 oko\u0142o jednej trzeciej ca\u0142ej energii elektrycznej w kraju i s\u0105 uwa\u017cane za fundament bezpiecze\u0144stwa energetycznego. Rz\u0105d zapowiedzia\u0142 budow\u0119 nowych blok\u00f3w j\u0105drowych, kt\u00f3re maj\u0105 stopniowo zast\u0119powa\u0107 wycofywane elektrownie w\u0119glowe.<\/p>\n<p><strong>Nadal maj\u0105 w\u0119giel brunatny<\/strong><\/p>\n<p>Kolejnym elementem systemu pozostaje w\u0119giel brunatny, kt\u00f3ry nadal stanowi oko\u0142o 35 proc. produkcji energii. Czechy nie planuj\u0105 gwa\u0142townego odej\u015bcia od tego surowca, a raczej stopniowe wycofywanie elektrowni w nadchodz\u0105cych latach. Wa\u017cn\u0105 rol\u0119 odgrywa tak\u017ce gaz, wykorzystywany g\u0142\u00f3wnie jako \u017ar\u00f3d\u0142o stabilizacji systemu. Czechy posiadaj\u0105 rozbudowane po\u0142\u0105czenia gazowe z Niemcami i S\u0142owacj\u0105, co pozwala im elastycznie reagowa\u0107 na potrzeby rynku.<\/p>\n<p><strong>Trudne relacje g\u00f3rnicze z s\u0105siadami<\/strong><\/p>\n<p>Przypomnijmy, \u017ce jeszcze niedawno stosunki energetyczne mi\u0119dzy Polsk\u0105 a Czechami by\u0142y napi\u0119te ze wzgl\u0119du na kopalni\u0119 Tur\u00f3w w Bogatyni. Strona czeska domaga\u0142a si\u0119 jego zamkni\u0119cia, argumentuj\u0105c, \u017ce wp\u0142ywa to na poziom w\u00f3d gruntowych po ich stronie granicy. Sprawa trafi\u0142a do Trybuna\u0142u Sprawiedliwo\u015bci Unii Europejskiej, kt\u00f3ry nakaza\u0142 Polsce czasowe wstrzymanie wydobycia i na\u0142o\u017cy\u0142 wysokie kary finansowe.<\/p>\n<p>Ostatecznie oba kraje osi\u0105gn\u0119\u0142y porozumienie, a Polska zobowi\u0105za\u0142a si\u0119 do wdro\u017cenia dodatkowych zabezpiecze\u0144 hydrologicznych i \u015brodowiskowych. Tur\u00f3w nadal funkcjonowa\u0142, a sp\u00f3r formalnie zako\u0144czy\u0142 si\u0119 po podpisaniu porozumienia mi\u0119dzyrz\u0105dowego.<\/p>\n<\/div>\n<\/div>\n","protected":false},"excerpt":{"rendered":"<p>S\u0105siedzi Polski podj\u0119li trudn\u0105 decyzj\u0119. W\u0142a\u015bnie zako\u0144czyli co\u015b, co od pokole\u0144 by\u0142o cz\u0119\u015bci\u0105 ich codziennego \u017cycia, pracy i to\u017csamo\u015bci. Czechy<\/p>\n","protected":false},"author":1,"featured_media":12425,"comment_status":"open","ping_status":"open","sticky":false,"template":"","format":"standard","meta":{"footnotes":""},"categories":[44],"tags":[13578,13579,2270,432,2311,72,6575],"class_list":["post-12424","post","type-post","status-publish","format-standard","has-post-thumbnail","hentry","category-polityka","tag-200letnia","tag-dobiega","tag-era","tag-granica","tag-konca","tag-polski","tag-tuz","generate-columns","tablet-grid-50","mobile-grid-100","grid-parent","grid-50","resize-featured-image"],"yoast_head":"<!-- This site is optimized with the Yoast SEO plugin v23.2 - https:\/\/yoast.com\/wordpress\/plugins\/seo\/ -->\n<title>Tu\u017c za granic\u0105 Polski: era 200-letnia dobiega ko\u0144ca - POGOTOWIE FLAGOWE\u00ae<\/title>\n<meta name=\"robots\" content=\"index, follow, max-snippet:-1, max-image-preview:large, max-video-preview:-1\" \/>\n<link rel=\"canonical\" href=\"https:\/\/www.pogotowieflagowe.pl\/aktualne\/tuz-za-granica-polski-era-200-letnia-dobiega-konca\/\" \/>\n<meta property=\"og:locale\" content=\"pl_PL\" \/>\n<meta property=\"og:type\" content=\"article\" \/>\n<meta property=\"og:title\" content=\"Tu\u017c za granic\u0105 Polski: era 200-letnia dobiega ko\u0144ca - POGOTOWIE FLAGOWE\u00ae\" \/>\n<meta property=\"og:description\" content=\"S\u0105siedzi Polski podj\u0119li trudn\u0105 decyzj\u0119. W\u0142a\u015bnie zako\u0144czyli co\u015b, co od pokole\u0144 by\u0142o cz\u0119\u015bci\u0105 ich codziennego \u017cycia, pracy i to\u017csamo\u015bci. Czechy\" \/>\n<meta property=\"og:url\" content=\"https:\/\/www.pogotowieflagowe.pl\/aktualne\/tuz-za-granica-polski-era-200-letnia-dobiega-konca\/\" \/>\n<meta property=\"og:site_name\" content=\"POGOTOWIE FLAGOWE\u00ae\" \/>\n<meta property=\"article:published_time\" content=\"2026-02-02T13:48:58+00:00\" \/>\n<meta property=\"article:modified_time\" content=\"2026-02-02T13:48:59+00:00\" \/>\n<meta property=\"og:image\" content=\"https:\/\/www.pogotowieflagowe.pl\/aktualne\/wp-content\/uploads\/2026\/02\/Tuz-za-granica-Polski-era-200-letnia-dobiega-konca.webp.webp\" \/>\n\t<meta property=\"og:image:width\" content=\"1280\" \/>\n\t<meta property=\"og:image:height\" content=\"720\" \/>\n\t<meta property=\"og:image:type\" content=\"image\/webp\" \/>\n<meta name=\"author\" content=\"Filip\" \/>\n<meta name=\"twitter:card\" content=\"summary_large_image\" \/>\n<meta name=\"twitter:label1\" content=\"Napisane przez\" \/>\n\t<meta name=\"twitter:data1\" content=\"Filip\" \/>\n\t<meta name=\"twitter:label2\" content=\"Szacowany czas czytania\" \/>\n\t<meta name=\"twitter:data2\" content=\"3 minuty\" \/>\n<script type=\"application\/ld+json\" class=\"yoast-schema-graph\">{\"@context\":\"https:\/\/schema.org\",\"@graph\":[{\"@type\":\"Article\",\"@id\":\"https:\/\/www.pogotowieflagowe.pl\/aktualne\/tuz-za-granica-polski-era-200-letnia-dobiega-konca\/#article\",\"isPartOf\":{\"@id\":\"https:\/\/www.pogotowieflagowe.pl\/aktualne\/tuz-za-granica-polski-era-200-letnia-dobiega-konca\/\"},\"author\":{\"name\":\"Filip\",\"@id\":\"https:\/\/www.pogotowieflagowe.pl\/aktualne\/#\/schema\/person\/9c2fb7d2362ebf6fa088960d7f0d27b0\"},\"headline\":\"Tu\u017c za granic\u0105 Polski: era 200-letnia dobiega ko\u0144ca\",\"datePublished\":\"2026-02-02T13:48:58+00:00\",\"dateModified\":\"2026-02-02T13:48:59+00:00\",\"mainEntityOfPage\":{\"@id\":\"https:\/\/www.pogotowieflagowe.pl\/aktualne\/tuz-za-granica-polski-era-200-letnia-dobiega-konca\/\"},\"wordCount\":657,\"commentCount\":0,\"publisher\":{\"@id\":\"https:\/\/www.pogotowieflagowe.pl\/aktualne\/#organization\"},\"image\":{\"@id\":\"https:\/\/www.pogotowieflagowe.pl\/aktualne\/tuz-za-granica-polski-era-200-letnia-dobiega-konca\/#primaryimage\"},\"thumbnailUrl\":\"https:\/\/www.pogotowieflagowe.pl\/aktualne\/wp-content\/uploads\/2026\/02\/Tuz-za-granica-Polski-era-200-letnia-dobiega-konca.webp.webp\",\"keywords\":[\"200letnia\",\"dobiega\",\"era\",\"granic\u0105\",\"ko\u0144ca\",\"polski\",\"tu\u017c\"],\"articleSection\":[\"Polityka\"],\"inLanguage\":\"pl-PL\",\"potentialAction\":[{\"@type\":\"CommentAction\",\"name\":\"Comment\",\"target\":[\"https:\/\/www.pogotowieflagowe.pl\/aktualne\/tuz-za-granica-polski-era-200-letnia-dobiega-konca\/#respond\"]}]},{\"@type\":\"WebPage\",\"@id\":\"https:\/\/www.pogotowieflagowe.pl\/aktualne\/tuz-za-granica-polski-era-200-letnia-dobiega-konca\/\",\"url\":\"https:\/\/www.pogotowieflagowe.pl\/aktualne\/tuz-za-granica-polski-era-200-letnia-dobiega-konca\/\",\"name\":\"Tu\u017c za granic\u0105 Polski: era 200-letnia dobiega ko\u0144ca - POGOTOWIE FLAGOWE\u00ae\",\"isPartOf\":{\"@id\":\"https:\/\/www.pogotowieflagowe.pl\/aktualne\/#website\"},\"primaryImageOfPage\":{\"@id\":\"https:\/\/www.pogotowieflagowe.pl\/aktualne\/tuz-za-granica-polski-era-200-letnia-dobiega-konca\/#primaryimage\"},\"image\":{\"@id\":\"https:\/\/www.pogotowieflagowe.pl\/aktualne\/tuz-za-granica-polski-era-200-letnia-dobiega-konca\/#primaryimage\"},\"thumbnailUrl\":\"https:\/\/www.pogotowieflagowe.pl\/aktualne\/wp-content\/uploads\/2026\/02\/Tuz-za-granica-Polski-era-200-letnia-dobiega-konca.webp.webp\",\"datePublished\":\"2026-02-02T13:48:58+00:00\",\"dateModified\":\"2026-02-02T13:48:59+00:00\",\"breadcrumb\":{\"@id\":\"https:\/\/www.pogotowieflagowe.pl\/aktualne\/tuz-za-granica-polski-era-200-letnia-dobiega-konca\/#breadcrumb\"},\"inLanguage\":\"pl-PL\",\"potentialAction\":[{\"@type\":\"ReadAction\",\"target\":[\"https:\/\/www.pogotowieflagowe.pl\/aktualne\/tuz-za-granica-polski-era-200-letnia-dobiega-konca\/\"]}]},{\"@type\":\"ImageObject\",\"inLanguage\":\"pl-PL\",\"@id\":\"https:\/\/www.pogotowieflagowe.pl\/aktualne\/tuz-za-granica-polski-era-200-letnia-dobiega-konca\/#primaryimage\",\"url\":\"https:\/\/www.pogotowieflagowe.pl\/aktualne\/wp-content\/uploads\/2026\/02\/Tuz-za-granica-Polski-era-200-letnia-dobiega-konca.webp.webp\",\"contentUrl\":\"https:\/\/www.pogotowieflagowe.pl\/aktualne\/wp-content\/uploads\/2026\/02\/Tuz-za-granica-Polski-era-200-letnia-dobiega-konca.webp.webp\",\"width\":1280,\"height\":720,\"caption\":\"Tu\u017c za granic\u0105 Polski: era 200-letnia dobiega ko\u0144ca\"},{\"@type\":\"BreadcrumbList\",\"@id\":\"https:\/\/www.pogotowieflagowe.pl\/aktualne\/tuz-za-granica-polski-era-200-letnia-dobiega-konca\/#breadcrumb\",\"itemListElement\":[{\"@type\":\"ListItem\",\"position\":1,\"name\":\"Home\",\"item\":\"https:\/\/www.pogotowieflagowe.pl\/aktualne\/\"},{\"@type\":\"ListItem\",\"position\":2,\"name\":\"Tu\u017c za granic\u0105 Polski: era 200-letnia dobiega ko\u0144ca\"}]},{\"@type\":\"WebSite\",\"@id\":\"https:\/\/www.pogotowieflagowe.pl\/aktualne\/#website\",\"url\":\"https:\/\/www.pogotowieflagowe.pl\/aktualne\/\",\"name\":\"POGOTOWIE FLAGOWE\u00ae\",\"description\":\"\",\"publisher\":{\"@id\":\"https:\/\/www.pogotowieflagowe.pl\/aktualne\/#organization\"},\"potentialAction\":[{\"@type\":\"SearchAction\",\"target\":{\"@type\":\"EntryPoint\",\"urlTemplate\":\"https:\/\/www.pogotowieflagowe.pl\/aktualne\/?s={search_term_string}\"},\"query-input\":\"required name=search_term_string\"}],\"inLanguage\":\"pl-PL\"},{\"@type\":\"Organization\",\"@id\":\"https:\/\/www.pogotowieflagowe.pl\/aktualne\/#organization\",\"name\":\"POGOTOWIE FLAGOWE\u00ae\",\"url\":\"https:\/\/www.pogotowieflagowe.pl\/aktualne\/\",\"logo\":{\"@type\":\"ImageObject\",\"inLanguage\":\"pl-PL\",\"@id\":\"https:\/\/www.pogotowieflagowe.pl\/aktualne\/#\/schema\/logo\/image\/\",\"url\":\"https:\/\/www.pogotowieflagowe.pl\/aktualne\/wp-content\/uploads\/2024\/08\/cropped-pogotowieflagowe_flaga_projekt_sm.jpg\",\"contentUrl\":\"https:\/\/www.pogotowieflagowe.pl\/aktualne\/wp-content\/uploads\/2024\/08\/cropped-pogotowieflagowe_flaga_projekt_sm.jpg\",\"width\":250,\"height\":143,\"caption\":\"POGOTOWIE FLAGOWE\u00ae\"},\"image\":{\"@id\":\"https:\/\/www.pogotowieflagowe.pl\/aktualne\/#\/schema\/logo\/image\/\"}},{\"@type\":\"Person\",\"@id\":\"https:\/\/www.pogotowieflagowe.pl\/aktualne\/#\/schema\/person\/9c2fb7d2362ebf6fa088960d7f0d27b0\",\"name\":\"Filip\",\"image\":{\"@type\":\"ImageObject\",\"inLanguage\":\"pl-PL\",\"@id\":\"https:\/\/www.pogotowieflagowe.pl\/aktualne\/#\/schema\/person\/image\/\",\"url\":\"https:\/\/www.pogotowieflagowe.pl\/aktualne\/wp-content\/uploads\/2024\/08\/pogotowieflagowe.pl_.jpg\",\"contentUrl\":\"https:\/\/www.pogotowieflagowe.pl\/aktualne\/wp-content\/uploads\/2024\/08\/pogotowieflagowe.pl_.jpg\",\"caption\":\"Filip\"},\"description\":\"Jestem Filip, polski dziennikarz z dyplomem nauk politycznych Uniwersytetu Warszawskiego. Rozpoczynaj\u0105c swoj\u0105 karier\u0119 w r\u00f3\u017cnych lokalnych mediach, zdoby\u0142em solidne do\u015bwiadczenie w zakresie \u015bledztwa i redakcji. Obecnie jako redaktor w Pogotowie flagowe, staram si\u0119 dostarcza\u0107 dog\u0142\u0119bne i istotne analizy na temat najwa\u017cniejszych kwestii aktualno\u015bci, \u0142\u0105cz\u0105c rygor z pasj\u0105 dziennikarsk\u0105.\",\"sameAs\":[\"https:\/\/www.pogotowieflagowe.pl\/\"]}]}<\/script>\n<!-- \/ Yoast SEO plugin. -->","yoast_head_json":{"title":"Tu\u017c za granic\u0105 Polski: era 200-letnia dobiega ko\u0144ca - POGOTOWIE FLAGOWE\u00ae","robots":{"index":"index","follow":"follow","max-snippet":"max-snippet:-1","max-image-preview":"max-image-preview:large","max-video-preview":"max-video-preview:-1"},"canonical":"https:\/\/www.pogotowieflagowe.pl\/aktualne\/tuz-za-granica-polski-era-200-letnia-dobiega-konca\/","og_locale":"pl_PL","og_type":"article","og_title":"Tu\u017c za granic\u0105 Polski: era 200-letnia dobiega ko\u0144ca - POGOTOWIE FLAGOWE\u00ae","og_description":"S\u0105siedzi Polski podj\u0119li trudn\u0105 decyzj\u0119. W\u0142a\u015bnie zako\u0144czyli co\u015b, co od pokole\u0144 by\u0142o cz\u0119\u015bci\u0105 ich codziennego \u017cycia, pracy i to\u017csamo\u015bci. Czechy","og_url":"https:\/\/www.pogotowieflagowe.pl\/aktualne\/tuz-za-granica-polski-era-200-letnia-dobiega-konca\/","og_site_name":"POGOTOWIE FLAGOWE\u00ae","article_published_time":"2026-02-02T13:48:58+00:00","article_modified_time":"2026-02-02T13:48:59+00:00","og_image":[{"width":1280,"height":720,"url":"https:\/\/www.pogotowieflagowe.pl\/aktualne\/wp-content\/uploads\/2026\/02\/Tuz-za-granica-Polski-era-200-letnia-dobiega-konca.webp.webp","type":"image\/webp"}],"author":"Filip","twitter_card":"summary_large_image","twitter_misc":{"Napisane przez":"Filip","Szacowany czas czytania":"3 minuty"},"schema":{"@context":"https:\/\/schema.org","@graph":[{"@type":"Article","@id":"https:\/\/www.pogotowieflagowe.pl\/aktualne\/tuz-za-granica-polski-era-200-letnia-dobiega-konca\/#article","isPartOf":{"@id":"https:\/\/www.pogotowieflagowe.pl\/aktualne\/tuz-za-granica-polski-era-200-letnia-dobiega-konca\/"},"author":{"name":"Filip","@id":"https:\/\/www.pogotowieflagowe.pl\/aktualne\/#\/schema\/person\/9c2fb7d2362ebf6fa088960d7f0d27b0"},"headline":"Tu\u017c za granic\u0105 Polski: era 200-letnia dobiega ko\u0144ca","datePublished":"2026-02-02T13:48:58+00:00","dateModified":"2026-02-02T13:48:59+00:00","mainEntityOfPage":{"@id":"https:\/\/www.pogotowieflagowe.pl\/aktualne\/tuz-za-granica-polski-era-200-letnia-dobiega-konca\/"},"wordCount":657,"commentCount":0,"publisher":{"@id":"https:\/\/www.pogotowieflagowe.pl\/aktualne\/#organization"},"image":{"@id":"https:\/\/www.pogotowieflagowe.pl\/aktualne\/tuz-za-granica-polski-era-200-letnia-dobiega-konca\/#primaryimage"},"thumbnailUrl":"https:\/\/www.pogotowieflagowe.pl\/aktualne\/wp-content\/uploads\/2026\/02\/Tuz-za-granica-Polski-era-200-letnia-dobiega-konca.webp.webp","keywords":["200letnia","dobiega","era","granic\u0105","ko\u0144ca","polski","tu\u017c"],"articleSection":["Polityka"],"inLanguage":"pl-PL","potentialAction":[{"@type":"CommentAction","name":"Comment","target":["https:\/\/www.pogotowieflagowe.pl\/aktualne\/tuz-za-granica-polski-era-200-letnia-dobiega-konca\/#respond"]}]},{"@type":"WebPage","@id":"https:\/\/www.pogotowieflagowe.pl\/aktualne\/tuz-za-granica-polski-era-200-letnia-dobiega-konca\/","url":"https:\/\/www.pogotowieflagowe.pl\/aktualne\/tuz-za-granica-polski-era-200-letnia-dobiega-konca\/","name":"Tu\u017c za granic\u0105 Polski: era 200-letnia dobiega ko\u0144ca - POGOTOWIE FLAGOWE\u00ae","isPartOf":{"@id":"https:\/\/www.pogotowieflagowe.pl\/aktualne\/#website"},"primaryImageOfPage":{"@id":"https:\/\/www.pogotowieflagowe.pl\/aktualne\/tuz-za-granica-polski-era-200-letnia-dobiega-konca\/#primaryimage"},"image":{"@id":"https:\/\/www.pogotowieflagowe.pl\/aktualne\/tuz-za-granica-polski-era-200-letnia-dobiega-konca\/#primaryimage"},"thumbnailUrl":"https:\/\/www.pogotowieflagowe.pl\/aktualne\/wp-content\/uploads\/2026\/02\/Tuz-za-granica-Polski-era-200-letnia-dobiega-konca.webp.webp","datePublished":"2026-02-02T13:48:58+00:00","dateModified":"2026-02-02T13:48:59+00:00","breadcrumb":{"@id":"https:\/\/www.pogotowieflagowe.pl\/aktualne\/tuz-za-granica-polski-era-200-letnia-dobiega-konca\/#breadcrumb"},"inLanguage":"pl-PL","potentialAction":[{"@type":"ReadAction","target":["https:\/\/www.pogotowieflagowe.pl\/aktualne\/tuz-za-granica-polski-era-200-letnia-dobiega-konca\/"]}]},{"@type":"ImageObject","inLanguage":"pl-PL","@id":"https:\/\/www.pogotowieflagowe.pl\/aktualne\/tuz-za-granica-polski-era-200-letnia-dobiega-konca\/#primaryimage","url":"https:\/\/www.pogotowieflagowe.pl\/aktualne\/wp-content\/uploads\/2026\/02\/Tuz-za-granica-Polski-era-200-letnia-dobiega-konca.webp.webp","contentUrl":"https:\/\/www.pogotowieflagowe.pl\/aktualne\/wp-content\/uploads\/2026\/02\/Tuz-za-granica-Polski-era-200-letnia-dobiega-konca.webp.webp","width":1280,"height":720,"caption":"Tu\u017c za granic\u0105 Polski: era 200-letnia dobiega ko\u0144ca"},{"@type":"BreadcrumbList","@id":"https:\/\/www.pogotowieflagowe.pl\/aktualne\/tuz-za-granica-polski-era-200-letnia-dobiega-konca\/#breadcrumb","itemListElement":[{"@type":"ListItem","position":1,"name":"Home","item":"https:\/\/www.pogotowieflagowe.pl\/aktualne\/"},{"@type":"ListItem","position":2,"name":"Tu\u017c za granic\u0105 Polski: era 200-letnia dobiega ko\u0144ca"}]},{"@type":"WebSite","@id":"https:\/\/www.pogotowieflagowe.pl\/aktualne\/#website","url":"https:\/\/www.pogotowieflagowe.pl\/aktualne\/","name":"POGOTOWIE FLAGOWE\u00ae","description":"","publisher":{"@id":"https:\/\/www.pogotowieflagowe.pl\/aktualne\/#organization"},"potentialAction":[{"@type":"SearchAction","target":{"@type":"EntryPoint","urlTemplate":"https:\/\/www.pogotowieflagowe.pl\/aktualne\/?s={search_term_string}"},"query-input":"required name=search_term_string"}],"inLanguage":"pl-PL"},{"@type":"Organization","@id":"https:\/\/www.pogotowieflagowe.pl\/aktualne\/#organization","name":"POGOTOWIE FLAGOWE\u00ae","url":"https:\/\/www.pogotowieflagowe.pl\/aktualne\/","logo":{"@type":"ImageObject","inLanguage":"pl-PL","@id":"https:\/\/www.pogotowieflagowe.pl\/aktualne\/#\/schema\/logo\/image\/","url":"https:\/\/www.pogotowieflagowe.pl\/aktualne\/wp-content\/uploads\/2024\/08\/cropped-pogotowieflagowe_flaga_projekt_sm.jpg","contentUrl":"https:\/\/www.pogotowieflagowe.pl\/aktualne\/wp-content\/uploads\/2024\/08\/cropped-pogotowieflagowe_flaga_projekt_sm.jpg","width":250,"height":143,"caption":"POGOTOWIE FLAGOWE\u00ae"},"image":{"@id":"https:\/\/www.pogotowieflagowe.pl\/aktualne\/#\/schema\/logo\/image\/"}},{"@type":"Person","@id":"https:\/\/www.pogotowieflagowe.pl\/aktualne\/#\/schema\/person\/9c2fb7d2362ebf6fa088960d7f0d27b0","name":"Filip","image":{"@type":"ImageObject","inLanguage":"pl-PL","@id":"https:\/\/www.pogotowieflagowe.pl\/aktualne\/#\/schema\/person\/image\/","url":"https:\/\/www.pogotowieflagowe.pl\/aktualne\/wp-content\/uploads\/2024\/08\/pogotowieflagowe.pl_.jpg","contentUrl":"https:\/\/www.pogotowieflagowe.pl\/aktualne\/wp-content\/uploads\/2024\/08\/pogotowieflagowe.pl_.jpg","caption":"Filip"},"description":"Jestem Filip, polski dziennikarz z dyplomem nauk politycznych Uniwersytetu Warszawskiego. Rozpoczynaj\u0105c swoj\u0105 karier\u0119 w r\u00f3\u017cnych lokalnych mediach, zdoby\u0142em solidne do\u015bwiadczenie w zakresie \u015bledztwa i redakcji. Obecnie jako redaktor w Pogotowie flagowe, staram si\u0119 dostarcza\u0107 dog\u0142\u0119bne i istotne analizy na temat najwa\u017cniejszych kwestii aktualno\u015bci, \u0142\u0105cz\u0105c rygor z pasj\u0105 dziennikarsk\u0105.","sameAs":["https:\/\/www.pogotowieflagowe.pl\/"]}]}},"_links":{"self":[{"href":"https:\/\/www.pogotowieflagowe.pl\/aktualne\/wp-json\/wp\/v2\/posts\/12424","targetHints":{"allow":["GET"]}}],"collection":[{"href":"https:\/\/www.pogotowieflagowe.pl\/aktualne\/wp-json\/wp\/v2\/posts"}],"about":[{"href":"https:\/\/www.pogotowieflagowe.pl\/aktualne\/wp-json\/wp\/v2\/types\/post"}],"author":[{"embeddable":true,"href":"https:\/\/www.pogotowieflagowe.pl\/aktualne\/wp-json\/wp\/v2\/users\/1"}],"replies":[{"embeddable":true,"href":"https:\/\/www.pogotowieflagowe.pl\/aktualne\/wp-json\/wp\/v2\/comments?post=12424"}],"version-history":[{"count":1,"href":"https:\/\/www.pogotowieflagowe.pl\/aktualne\/wp-json\/wp\/v2\/posts\/12424\/revisions"}],"predecessor-version":[{"id":12426,"href":"https:\/\/www.pogotowieflagowe.pl\/aktualne\/wp-json\/wp\/v2\/posts\/12424\/revisions\/12426"}],"wp:featuredmedia":[{"embeddable":true,"href":"https:\/\/www.pogotowieflagowe.pl\/aktualne\/wp-json\/wp\/v2\/media\/12425"}],"wp:attachment":[{"href":"https:\/\/www.pogotowieflagowe.pl\/aktualne\/wp-json\/wp\/v2\/media?parent=12424"}],"wp:term":[{"taxonomy":"category","embeddable":true,"href":"https:\/\/www.pogotowieflagowe.pl\/aktualne\/wp-json\/wp\/v2\/categories?post=12424"},{"taxonomy":"post_tag","embeddable":true,"href":"https:\/\/www.pogotowieflagowe.pl\/aktualne\/wp-json\/wp\/v2\/tags?post=12424"}],"curies":[{"name":"wp","href":"https:\/\/api.w.org\/{rel}","templated":true}]}}