{"id":12444,"date":"2026-02-03T17:48:58","date_gmt":"2026-02-03T16:48:58","guid":{"rendered":"https:\/\/www.pogotowieflagowe.pl\/aktualne\/skandaliczna-impreza-taneczna-w-radomiu-burmistrz-zabiera-glos-pisal-o-ludziach-zlej-woli-i-uprawianiu-polityki\/"},"modified":"2026-02-03T17:49:00","modified_gmt":"2026-02-03T16:49:00","slug":"skandaliczna-impreza-taneczna-w-radomiu-burmistrz-zabiera-glos-pisal-o-ludziach-zlej-woli-i-uprawianiu-polityki","status":"publish","type":"post","link":"https:\/\/www.pogotowieflagowe.pl\/aktualne\/skandaliczna-impreza-taneczna-w-radomiu-burmistrz-zabiera-glos-pisal-o-ludziach-zlej-woli-i-uprawianiu-polityki\/","title":{"rendered":"Skandaliczna impreza taneczna w Radomiu. Burmistrz zabiera g\u0142os. Pisa\u0142 o \u201eludziach z\u0142ej woli\u201d i \u201euprawianiu polityki\u201d"},"content":{"rendered":"\n<div class=\"td_block_wrap tdb_single_content tdi_41 td-pb-border-top td_block_template_8 td-post-content tagdiv-type\" data-td-block-uid=\"tdi_41\">\n<style>.tdi_41{margines-top:0px!important;margin-bottom:0px!important;dope\u0142nienie-g\u00f3ra:0px!important;dope\u0142nienie-d\u00f3\u0142:0px!important}<\/style>\n<style>.tdb_single_content{margin-bottom:0;*zoom:1}.tdb_single_content:before,.tdb_single_content:after{display:table;content:'';line-height:0}.tdb_single_content:after{clear:both}.tdb_single_content .tdb-block-inner>*:not(.wp-block-quote):not(.alignwide):not(.alignfull.wp-block-cover.has-parallax):not(.td-a-ad){margin-left:auto;margin-right:auto}.tdb_single_content a{pointer-events:auto}.tdb_single_content .td-spot-id-top_ad .tdc-placeholder-title:before{content:'Najlepsza reklama artyku\u0142u'!important}.tdb_single_content .td-spot-id-inline_ad0 .tdc-placeholder-title:before{content:'Reklama wbudowana artyku\u0142u 1'!important}.tdb_single_content .td-spot-id-inline_ad1 .tdc-placeholder-title:before{content:'Wbudowana reklama w artykule 2'!important}.tdb_single_content .td-spot-id-inline_ad2 .tdc-placeholder-title:before{content:'Wbudowana reklama w artykule 3'!important}.tdb_single_content .td-spot-id-bottom_ad .tdc-placeholder-title:before{content:'Article Bottom Ad'!important}.tdb_single_content .id_top_ad,.tdb_single_content .id_bottom_ad{clear:both;margin-bottom:21px;text-align:center}.tdb_single_content .id_top_ad img,.tdb_single_content .id_bottom_ad img{margin-bottom:0}.tdb_single_content .id_top_ad .adsbygoogle,.tdb_single_content .id_bottom_ad .adsbygoogle{position:relative}.tdb_single_content .id_ad_content-horiz-left,.tdb_single_content .id_ad_content-horiz-right,.tdb_single_content .id_ad_content-horiz-center{margin-bottom:15px}.tdb_single_content .id_ad_content-horiz-left img,.tdb_single_content .id_ad_content-horiz-right img,.tdb_single_content .id_ad_content-horiz-center img{margin-bottom:0}.tdb_single_content .id_ad_content-horiz-center{text-align:center}.tdb_single_content .id_ad_content-horiz-center img{margin-right:auto;margin-left:auto}.tdb_single_content .id_ad_content-horiz-left{float:left;margin-top:9px;margin-right:21px}.tdb_single_content .id_ad_content-horiz-right{float:right;margin-top:6px;margin-left:21px}.tdb_single_content .tdc-a-ad .tdc-placeholder-title{width:300px;height:250px}.tdb_single_content .tdc-a-ad .tdc-placeholder-title:before{position:absolute;top:50%;-webkit-transform:translateY(-50%);transform:translateY(-50%);margin:auto;display:table;width:100%}.tdb_single_content .tdb-block-inner.td-fix-index{word-break:break-word}.tdi_41,.tdi_41>p,.tdi_41 .tdb-block-inner>p,.wp-block-column>p{font-size:16px!important;line-height:1.6!important}.tdi_41 .tdb-block-inner blockquote p{font-style:normal!important}@media (max-width:767px){.tdb_single_content .id_ad_content-horiz-left,.tdb_single_content .id_ad_content-horiz-right,.tdb_single_content .id_ad_content-horiz-center{margin:0 auto 26 pikseli auto}}@media (max-width:767px){.tdb_single_content .id_ad_content-horiz-left{margin-right:0}}@media (max-width:767px){.tdb_single_content .id_ad_content-horiz-right{margin-left:0}}@media (max-width:767px){.tdb_single_content .td-a-ad{float:none;text-align:center}.tdb_single_content .td-a-ad img{margin-right:auto;margin-left:auto}.tdb_single_content .tdc-a-ad{float:none}}<\/style>\n<div class=\"tdb-block-inner td-fix-index\">\n<p>Powszechne oburzenie wywo\u0142a\u0142 spos\u00f3b rozpocz\u0119cia obchod\u00f3w 50. rocznicy protest\u00f3w w Radomiu. Pota\u0144c\u00f3wka z udzia\u0142em rekonstruktor\u00f3w przebranych za milicjant\u00f3w by\u0142a w opinii wielu przekraczaniem granic. Pojawi\u0142y si\u0119 wezwania do wyci\u0105gni\u0119cia konsekwencji lub przynajmniej przeprosin ze strony w\u0142adz miasta. Tymczasem prezydent miasta Rados\u0142aw Witkowski zamie\u015bci\u0142 o\u015bwiadczenie, w kt\u00f3rym stworzy\u0142 wizerunek <strong>\u201eludzie z\u0142ej woli, kt\u00f3rzy odbieraj\u0105 nam dum\u0119 z naszego miasta\u201d.<\/strong><\/p>\n<p>W weekend bal pt <strong>\u201ePota\u0144c\u00f3wka w klimacie\u201d<\/strong> odby\u0142a si\u0119 w Miejskim O\u015brodku Sportu i Rekreacji w Radomiu, b\u0119d\u0105c pierwszym wydarzeniem w ramach miejskich obchod\u00f3w 50. rocznicy protest\u00f3w robotniczych z czerwca 1976 roku. Wzi\u0119li w nim udzia\u0142 przedstawiciele w\u0142adz miasta, pozuj\u0105c do zdj\u0119\u0107 z rekonstruktorami ubranymi w mundury Milicji Obywatelskiej, w tym ZOMO. Zar\u00f3wno inicjatywa, jak i jej forma wywo\u0142a\u0142y ogromne kontrowersje. Nie wydaje si\u0119, aby g\u0142o\u015bna zabawa karnawa\u0142owa by\u0142a najlepszym sposobem na upami\u0119tnienie tragicznego wydarzenia w historii miasta, kiedy robotnicy radomskich fabryk domagali si\u0119 chleba, a w\u0142adze komunistyczne odpowiedzia\u0142y na to wezwanie brutaln\u0105 przemoc\u0105 i represjami.<\/p>\n<p>Jest to tym bardziej oburzaj\u0105ce, \u017ce miasto od wielu lat aktywnie buduje mark\u0119 <strong>\u201eZacz\u0119\u0142o si\u0119 w Radomiu\u201d<\/strong> na podstawie wydarze\u0144 czerwca 1976 roku i narracji A <strong>\u201ewyzywaj\u0105ce miasto\u201d,<\/strong> z kt\u00f3rego buntu narodzi\u0142 si\u0119 p\u00f3\u017aniej ruch Solidarno\u015b\u0107.<\/p>\n<p>Dzi\u015b podczas konferencji prasowej przed ratuszem, gdzie kiedy\u015b mie\u015bci\u0142a si\u0119 siedziba MO, politycy m.in <em>Prawo i Sprawiedliwo\u015b\u0107 (PiS)<\/em> i uczestnicy protest\u00f3w w Radomiu w 1976 r. \u017c\u0105dali od w\u0142adz miasta przeprosin i rezygnacji prezydenta Rados\u0142awa Witkowskiego (<em>Koalicja Obywatelska<\/em>).<\/p>\n<p>Marek Suski powiedzia\u0142, <strong>&#8222;P\u00f3\u0142 wieku po tych wydarzeniach pa\u0144stwo polskie podj\u0119\u0142o uchwa\u0142\u0119, og\u0142aszaj\u0105c ten rok rokiem bunt\u00f3w radomskich, co zapocz\u0105tkowa\u0142o drog\u0119 poprzez KOR i ROPCiO do powstania wielkiego ruchu Solidarno\u015bci, kt\u00f3ry doprowadzi\u0142 do odsuni\u0119cia komunist\u00f3w od w\u0142adzy. Szczeg\u00f3lnie skandaliczne jest to, \u017ce w tym roku pami\u0119ci o tych tragicznych wydarzeniach w\u0142adze miasta organizuj\u0105 bal, na kt\u00f3rym si\u0119 dobrze bawi\u0105, podczas kt\u00f3rego ludzie przebrani za funkcjonariuszy i milicjant\u00f3w ZOMO przytulaj\u0105 w\u0142adze miasta i milicjant\u00f3w <em>Koalicja Obywatelska (KO)<\/em> kt\u00f3ra ich wspiera. Wszystko to dzieje si\u0119 na terenie o\u015brodka sportowego, w kt\u00f3rym uczestniczyli tak\u017ce nieletni. Na zdj\u0119ciach, kt\u00f3rymi pochwali\u0142 si\u0119 burmistrz, na stole wida\u0107 butelki z alkoholem.\u201d<\/strong> Doda\u0142, \u017ce burmistrz powinien poda\u0107 si\u0119 do dymisji.<\/p>\n<p>Andrzej Sobieraj, by\u0142y <em>Solidarno\u015b\u0107<\/em> dzia\u0142acz, powiedzia\u0142, \u017ce tak <strong>\u201edanse macabre\u201d.<\/strong> Wyja\u015bni\u0142, <strong>&#8222;W\u0142adze miasta uraczy\u0142y nas danse macabre, czyli ta\u0144cem na g\u0142owach tych, kt\u00f3rzy nie wyszli \u0142adnie ubrani, na bal, ale w ubraniach roboczych, na znak protestu, bo umierali z g\u0142odu. Wszyscy zapomnieli, \u017ce wtedy nie by\u0142o bogato zastawionych sto\u0142\u00f3w, \u017ce ludzie stali godzinami w kolejkach, \u017ceby cokolwiek kupi\u0107. Teraz ta\u0144cz\u0105 taniec rado\u015bci. &#8222;<\/strong><\/p>\n<p>Jan Rejczak, zaanga\u017cowany w pomoc ofiarom represji w czerwcu 1976 r., by\u0142y wojewoda radomski, wspomina\u0142, \u017ce PRL by\u0142 czasem upokorzenia dla wielu milion\u00f3w Polak\u00f3w. Powiedzia\u0142, <strong>&#8222;Prze\u017cy\u0142em te czasy. Mo\u017cna czu\u0107 nostalgi\u0119 za czasami PRL, wiele os\u00f3b tak czuje, ale nie mo\u017cna powiedzie\u0107, \u017ce to by\u0142y czasy normalne. To nie by\u0142y czasy normalne, ale czasy wielkiego upokorzenia i wielkiej krzywdy wyrz\u0105dzonej milionom Polak\u00f3w. To, co wydarzy\u0142o si\u0119 w Radomiu na pocz\u0105tku obchod\u00f3w, napawa mnie smutkiem i pewnym zdumieniem. Sprawa zosta\u0142a nag\u0142o\u015bniona i teraz postrzegaj\u0105 nas, radomian, jako jakich\u015b ignorant\u00f3w, kt\u00f3rzy nie potrafi\u0105 doceni\u0107 wielkich warto\u015b\u0107, jak\u0105 protest, bunty radomskich robotnik\u00f3w mia\u0142 dla miasta i dla Polski. To jest g\u0142\u0119bszy problem \u2013 \u017ce kto\u015b \u015bwiadomie chce kszta\u0142towa\u0107 nasz\u0105 pami\u0119\u0107 tak, jak j\u0105 widzi, tak, jak widzi j\u0105 druga najpot\u0119\u017cniejsza osoba w pa\u0144stwie \u2013 \u017ce to by\u0142y u\u015bmiechni\u0119te czasy. Nikt w Radomiu nie kpi z ofiar rewolucji 1905 r. \u2013 tu\u017c obok carska \u017candarmeria zastrzeli\u0142a dziesi\u0105tki os\u00f3b w Radomiu nas oburza, a osoby odpowiedzialne za zmian\u0119 narracji powinny ponie\u015b\u0107 konsekwencje. By\u0107 mo\u017ce zrobiono to celowo\u201d.<\/strong><\/p>\n<p>Dzi\u015b w odpowiedzi na g\u0142osy oburzenia wspomniany burmistrz Rados\u0142aw Witkowski zamie\u015bci\u0142 o\u015bwiadczenie w mediach spo\u0142eczno\u015bciowych. Powiedzia\u0142 to <strong>\u201enie zgadza si\u0119 na uprawianie polityki z ofiarami Protestu Robotniczego sprzed 50 lat\u201d<\/strong> i to <strong>\u201enie zgadza si\u0119, aby ludzie z\u0142ej woli odbierali nam dum\u0119 z historii naszego miasta\u201d.<\/strong> Doda\u0142 to <strong>\u201ePami\u0119\u0107 o czerwcu powinna \u0142\u0105czy\u0107, a nie dzieli\u0107\u201d.<\/strong><\/p>\n<p>Napisa\u0142 tak\u017ce, <strong>&#8222;Tak, w \u201ePota\u0144c\u00f3wce w klimacie&#8221; rekonstrukcja historyczna z udzia\u0142em os\u00f3b przebranych za funkcjonariuszy MO by\u0142a niefortunna i przekroczy\u0142a tak\u017ce granice mojej osobistej wra\u017cliwo\u015bci. Nie zmienia to jednak faktu, \u017ce uczestnicy Radom Czerwiec &#8217;76 darz\u0105 nas najwy\u017cszym szacunkiem, o czym \u015bwiadcz\u0105 organizowane od 2016 roku na szerok\u0105 skal\u0119 obchody kolejnych rocznic.&#8221;<\/strong> Doda\u0142 to <strong>\u201eW programie obchod\u00f3w przewidziano szereg wydarze\u0144, kt\u00f3re maj\u0105 na celu przypomnienie historii, a jednocze\u015bnie stanowi\u0105 ho\u0142d dla Bohater\u00f3w Radomskiego Protestu Robotniczego\u201d \u2013<\/strong> i doszed\u0142 do wniosku, <strong>\u201eI to wszystko w tej sprawie.\u201d<\/strong><\/p>\n<p><iframe width=\"500\" height=\"292\" style=\"border:none;overflow:hidden\" scrolling=\"no\" frameborder=\"0\" allowfullscreen=\"true\" allow=\"autoplay; clipboard-write; encrypted-media; picture-in-picture; web-share\" data-src=\"https:\/\/www.facebook.com\/plugins\/post.php?href=https%3A%2F%2Fwww.facebook.com%2Fradoslaw.witkowski.RADOM%2Fposts%2Fpfbid0jHv2WQ2Ri8ZigTJxh7hyEt6EAcZ1fXgiSWEfVMHAEuo9XTaL6kw3uEKQmkX6unJql&amp;show_text=true&amp;width=500\" class=\"lazyload\"><\/iframe><\/p>\n<p>Jednocze\u015bnie Witkowski ograniczy\u0142 mo\u017cliwo\u015b\u0107 komentowania swojego wpisu. Wcze\u015bniej na oficjalnym profilu miasta pojawi\u0142 si\u0119 wpis, kt\u00f3ry mia\u0142 wyja\u015bni\u0107 wybran\u0105 form\u0119 upami\u0119tnienia. Stwierdzono, <strong>&#8222;To pami\u0119\u0107, kt\u00f3ra ma wiele postaci. Rok 2026 to Rok Radomia Czerwiec &#8217;76. Rok dumy, \u017ce to tutaj wszystko si\u0119 zacz\u0119\u0142o. Odwagi. Jedno\u015bci. G\u0142osu ludu. (&#8230;) Pota\u0144c\u00f3wka by\u0142a jednym z element\u00f3w tej historii \u2013 spotkaniem ludzi, wsp\u00f3lnoty, bycia razem. Z my\u015bl\u0105 o historii. Z szacunkiem. I z przekonaniem, \u017ce Radom umie pami\u0119ta\u0107 i by\u0107 razem. &#8222;<\/strong><\/p>\n<p><iframe width=\"500\" height=\"723\" style=\"border:none;overflow:hidden\" scrolling=\"no\" frameborder=\"0\" allowfullscreen=\"true\" allow=\"autoplay; clipboard-write; encrypted-media; picture-in-picture; web-share\" data-src=\"https:\/\/www.facebook.com\/plugins\/post.php?href=https%3A%2F%2Fwww.facebook.com%2FRadomCity%2Fposts%2Fpfbid0xhP6hByzmauHpcryaUDN1iCbgKYNgJJDXbNQxtSSeo1wF7R5KBPYckFgpaXD4paCl&amp;show_text=true&amp;width=500\" class=\"lazyload\"><\/iframe>\n<\/div>\n<\/div>\n","protected":false},"excerpt":{"rendered":"<p>Powszechne oburzenie wywo\u0142a\u0142 spos\u00f3b rozpocz\u0119cia obchod\u00f3w 50. rocznicy protest\u00f3w w Radomiu. Pota\u0144c\u00f3wka z udzia\u0142em rekonstruktor\u00f3w przebranych za milicjant\u00f3w by\u0142a w<\/p>\n","protected":false},"author":1,"featured_media":12445,"comment_status":"open","ping_status":"open","sticky":false,"template":"","format":"standard","meta":{"footnotes":""},"categories":[4748],"tags":[6000,4991,8411,11716,9505,1993,13597,5753,13596,13599,6299,13186,13598],"class_list":["post-12444","post","type-post","status-publish","format-standard","has-post-thumbnail","hentry","category-aktualne","tag-burmistrz","tag-glos","tag-impreza","tag-ludziach","tag-pisal","tag-polityki","tag-radomiu","tag-skandaliczna","tag-taneczna","tag-uprawianiu","tag-woli","tag-zabiera","tag-zlej","generate-columns","tablet-grid-50","mobile-grid-100","grid-parent","grid-50","resize-featured-image"],"yoast_head":"<!-- This site is optimized with the Yoast SEO plugin v23.2 - https:\/\/yoast.com\/wordpress\/plugins\/seo\/ -->\n<title>Skandaliczna impreza taneczna w Radomiu. Burmistrz zabiera g\u0142os. Pisa\u0142 o \u201eludziach z\u0142ej woli\u201d i \u201euprawianiu polityki\u201d - POGOTOWIE FLAGOWE\u00ae<\/title>\n<meta name=\"robots\" content=\"index, follow, max-snippet:-1, max-image-preview:large, max-video-preview:-1\" \/>\n<link rel=\"canonical\" href=\"https:\/\/www.pogotowieflagowe.pl\/aktualne\/skandaliczna-impreza-taneczna-w-radomiu-burmistrz-zabiera-glos-pisal-o-ludziach-zlej-woli-i-uprawianiu-polityki\/\" \/>\n<meta property=\"og:locale\" content=\"pl_PL\" \/>\n<meta property=\"og:type\" content=\"article\" \/>\n<meta property=\"og:title\" content=\"Skandaliczna impreza taneczna w Radomiu. Burmistrz zabiera g\u0142os. Pisa\u0142 o \u201eludziach z\u0142ej woli\u201d i \u201euprawianiu polityki\u201d - POGOTOWIE FLAGOWE\u00ae\" \/>\n<meta property=\"og:description\" content=\"Powszechne oburzenie wywo\u0142a\u0142 spos\u00f3b rozpocz\u0119cia obchod\u00f3w 50. rocznicy protest\u00f3w w Radomiu. Pota\u0144c\u00f3wka z udzia\u0142em rekonstruktor\u00f3w przebranych za milicjant\u00f3w by\u0142a w\" \/>\n<meta property=\"og:url\" content=\"https:\/\/www.pogotowieflagowe.pl\/aktualne\/skandaliczna-impreza-taneczna-w-radomiu-burmistrz-zabiera-glos-pisal-o-ludziach-zlej-woli-i-uprawianiu-polityki\/\" \/>\n<meta property=\"og:site_name\" content=\"POGOTOWIE FLAGOWE\u00ae\" \/>\n<meta property=\"article:published_time\" content=\"2026-02-03T16:48:58+00:00\" \/>\n<meta property=\"article:modified_time\" content=\"2026-02-03T16:49:00+00:00\" \/>\n<meta property=\"og:image\" content=\"https:\/\/www.pogotowieflagowe.pl\/aktualne\/wp-content\/uploads\/2026\/02\/Skandaliczna-impreza-taneczna-w-Radomiu-Burmistrz-zabiera-glos-Pisal-o.webp.webp\" \/>\n\t<meta property=\"og:image:width\" content=\"1280\" \/>\n\t<meta property=\"og:image:height\" content=\"720\" \/>\n\t<meta property=\"og:image:type\" content=\"image\/webp\" \/>\n<meta name=\"author\" content=\"Filip\" \/>\n<meta name=\"twitter:card\" content=\"summary_large_image\" \/>\n<meta name=\"twitter:label1\" content=\"Napisane przez\" \/>\n\t<meta name=\"twitter:data1\" content=\"Filip\" \/>\n\t<meta name=\"twitter:label2\" content=\"Szacowany czas czytania\" \/>\n\t<meta name=\"twitter:data2\" content=\"5 minut\" \/>\n<script type=\"application\/ld+json\" class=\"yoast-schema-graph\">{\"@context\":\"https:\/\/schema.org\",\"@graph\":[{\"@type\":\"Article\",\"@id\":\"https:\/\/www.pogotowieflagowe.pl\/aktualne\/skandaliczna-impreza-taneczna-w-radomiu-burmistrz-zabiera-glos-pisal-o-ludziach-zlej-woli-i-uprawianiu-polityki\/#article\",\"isPartOf\":{\"@id\":\"https:\/\/www.pogotowieflagowe.pl\/aktualne\/skandaliczna-impreza-taneczna-w-radomiu-burmistrz-zabiera-glos-pisal-o-ludziach-zlej-woli-i-uprawianiu-polityki\/\"},\"author\":{\"name\":\"Filip\",\"@id\":\"https:\/\/www.pogotowieflagowe.pl\/aktualne\/#\/schema\/person\/9c2fb7d2362ebf6fa088960d7f0d27b0\"},\"headline\":\"Skandaliczna impreza taneczna w Radomiu. Burmistrz zabiera g\u0142os. Pisa\u0142 o \u201eludziach z\u0142ej woli\u201d i \u201euprawianiu polityki\u201d\",\"datePublished\":\"2026-02-03T16:48:58+00:00\",\"dateModified\":\"2026-02-03T16:49:00+00:00\",\"mainEntityOfPage\":{\"@id\":\"https:\/\/www.pogotowieflagowe.pl\/aktualne\/skandaliczna-impreza-taneczna-w-radomiu-burmistrz-zabiera-glos-pisal-o-ludziach-zlej-woli-i-uprawianiu-polityki\/\"},\"wordCount\":958,\"commentCount\":0,\"publisher\":{\"@id\":\"https:\/\/www.pogotowieflagowe.pl\/aktualne\/#organization\"},\"image\":{\"@id\":\"https:\/\/www.pogotowieflagowe.pl\/aktualne\/skandaliczna-impreza-taneczna-w-radomiu-burmistrz-zabiera-glos-pisal-o-ludziach-zlej-woli-i-uprawianiu-polityki\/#primaryimage\"},\"thumbnailUrl\":\"https:\/\/www.pogotowieflagowe.pl\/aktualne\/wp-content\/uploads\/2026\/02\/Skandaliczna-impreza-taneczna-w-Radomiu-Burmistrz-zabiera-glos-Pisal-o.webp.webp\",\"keywords\":[\"Burmistrz\",\"g\u0142os\",\"Impreza\",\"ludziach\",\"pisa\u0142\",\"polityki\",\"Radomiu\",\"skandaliczn\u0105\",\"taneczna\",\"uprawianiu\",\"woli\",\"zabiera\",\"z\u0142ej\"],\"articleSection\":[\"Aktualne\"],\"inLanguage\":\"pl-PL\",\"potentialAction\":[{\"@type\":\"CommentAction\",\"name\":\"Comment\",\"target\":[\"https:\/\/www.pogotowieflagowe.pl\/aktualne\/skandaliczna-impreza-taneczna-w-radomiu-burmistrz-zabiera-glos-pisal-o-ludziach-zlej-woli-i-uprawianiu-polityki\/#respond\"]}]},{\"@type\":\"WebPage\",\"@id\":\"https:\/\/www.pogotowieflagowe.pl\/aktualne\/skandaliczna-impreza-taneczna-w-radomiu-burmistrz-zabiera-glos-pisal-o-ludziach-zlej-woli-i-uprawianiu-polityki\/\",\"url\":\"https:\/\/www.pogotowieflagowe.pl\/aktualne\/skandaliczna-impreza-taneczna-w-radomiu-burmistrz-zabiera-glos-pisal-o-ludziach-zlej-woli-i-uprawianiu-polityki\/\",\"name\":\"Skandaliczna impreza taneczna w Radomiu. Burmistrz zabiera g\u0142os. Pisa\u0142 o \u201eludziach z\u0142ej woli\u201d i \u201euprawianiu polityki\u201d - POGOTOWIE FLAGOWE\u00ae\",\"isPartOf\":{\"@id\":\"https:\/\/www.pogotowieflagowe.pl\/aktualne\/#website\"},\"primaryImageOfPage\":{\"@id\":\"https:\/\/www.pogotowieflagowe.pl\/aktualne\/skandaliczna-impreza-taneczna-w-radomiu-burmistrz-zabiera-glos-pisal-o-ludziach-zlej-woli-i-uprawianiu-polityki\/#primaryimage\"},\"image\":{\"@id\":\"https:\/\/www.pogotowieflagowe.pl\/aktualne\/skandaliczna-impreza-taneczna-w-radomiu-burmistrz-zabiera-glos-pisal-o-ludziach-zlej-woli-i-uprawianiu-polityki\/#primaryimage\"},\"thumbnailUrl\":\"https:\/\/www.pogotowieflagowe.pl\/aktualne\/wp-content\/uploads\/2026\/02\/Skandaliczna-impreza-taneczna-w-Radomiu-Burmistrz-zabiera-glos-Pisal-o.webp.webp\",\"datePublished\":\"2026-02-03T16:48:58+00:00\",\"dateModified\":\"2026-02-03T16:49:00+00:00\",\"breadcrumb\":{\"@id\":\"https:\/\/www.pogotowieflagowe.pl\/aktualne\/skandaliczna-impreza-taneczna-w-radomiu-burmistrz-zabiera-glos-pisal-o-ludziach-zlej-woli-i-uprawianiu-polityki\/#breadcrumb\"},\"inLanguage\":\"pl-PL\",\"potentialAction\":[{\"@type\":\"ReadAction\",\"target\":[\"https:\/\/www.pogotowieflagowe.pl\/aktualne\/skandaliczna-impreza-taneczna-w-radomiu-burmistrz-zabiera-glos-pisal-o-ludziach-zlej-woli-i-uprawianiu-polityki\/\"]}]},{\"@type\":\"ImageObject\",\"inLanguage\":\"pl-PL\",\"@id\":\"https:\/\/www.pogotowieflagowe.pl\/aktualne\/skandaliczna-impreza-taneczna-w-radomiu-burmistrz-zabiera-glos-pisal-o-ludziach-zlej-woli-i-uprawianiu-polityki\/#primaryimage\",\"url\":\"https:\/\/www.pogotowieflagowe.pl\/aktualne\/wp-content\/uploads\/2026\/02\/Skandaliczna-impreza-taneczna-w-Radomiu-Burmistrz-zabiera-glos-Pisal-o.webp.webp\",\"contentUrl\":\"https:\/\/www.pogotowieflagowe.pl\/aktualne\/wp-content\/uploads\/2026\/02\/Skandaliczna-impreza-taneczna-w-Radomiu-Burmistrz-zabiera-glos-Pisal-o.webp.webp\",\"width\":1280,\"height\":720,\"caption\":\"Skandaliczna impreza taneczna w Radomiu. Burmistrz zabiera g\u0142os. Pisa\u0142 o \u201eludziach z\u0142ej woli\u201d i \u201euprawianiu polityki\u201d\"},{\"@type\":\"BreadcrumbList\",\"@id\":\"https:\/\/www.pogotowieflagowe.pl\/aktualne\/skandaliczna-impreza-taneczna-w-radomiu-burmistrz-zabiera-glos-pisal-o-ludziach-zlej-woli-i-uprawianiu-polityki\/#breadcrumb\",\"itemListElement\":[{\"@type\":\"ListItem\",\"position\":1,\"name\":\"Home\",\"item\":\"https:\/\/www.pogotowieflagowe.pl\/aktualne\/\"},{\"@type\":\"ListItem\",\"position\":2,\"name\":\"Skandaliczna impreza taneczna w Radomiu. Burmistrz zabiera g\u0142os. Pisa\u0142 o \u201eludziach z\u0142ej woli\u201d i \u201euprawianiu polityki\u201d\"}]},{\"@type\":\"WebSite\",\"@id\":\"https:\/\/www.pogotowieflagowe.pl\/aktualne\/#website\",\"url\":\"https:\/\/www.pogotowieflagowe.pl\/aktualne\/\",\"name\":\"POGOTOWIE FLAGOWE\u00ae\",\"description\":\"\",\"publisher\":{\"@id\":\"https:\/\/www.pogotowieflagowe.pl\/aktualne\/#organization\"},\"potentialAction\":[{\"@type\":\"SearchAction\",\"target\":{\"@type\":\"EntryPoint\",\"urlTemplate\":\"https:\/\/www.pogotowieflagowe.pl\/aktualne\/?s={search_term_string}\"},\"query-input\":\"required name=search_term_string\"}],\"inLanguage\":\"pl-PL\"},{\"@type\":\"Organization\",\"@id\":\"https:\/\/www.pogotowieflagowe.pl\/aktualne\/#organization\",\"name\":\"POGOTOWIE FLAGOWE\u00ae\",\"url\":\"https:\/\/www.pogotowieflagowe.pl\/aktualne\/\",\"logo\":{\"@type\":\"ImageObject\",\"inLanguage\":\"pl-PL\",\"@id\":\"https:\/\/www.pogotowieflagowe.pl\/aktualne\/#\/schema\/logo\/image\/\",\"url\":\"https:\/\/www.pogotowieflagowe.pl\/aktualne\/wp-content\/uploads\/2024\/08\/cropped-pogotowieflagowe_flaga_projekt_sm.jpg\",\"contentUrl\":\"https:\/\/www.pogotowieflagowe.pl\/aktualne\/wp-content\/uploads\/2024\/08\/cropped-pogotowieflagowe_flaga_projekt_sm.jpg\",\"width\":250,\"height\":143,\"caption\":\"POGOTOWIE FLAGOWE\u00ae\"},\"image\":{\"@id\":\"https:\/\/www.pogotowieflagowe.pl\/aktualne\/#\/schema\/logo\/image\/\"}},{\"@type\":\"Person\",\"@id\":\"https:\/\/www.pogotowieflagowe.pl\/aktualne\/#\/schema\/person\/9c2fb7d2362ebf6fa088960d7f0d27b0\",\"name\":\"Filip\",\"image\":{\"@type\":\"ImageObject\",\"inLanguage\":\"pl-PL\",\"@id\":\"https:\/\/www.pogotowieflagowe.pl\/aktualne\/#\/schema\/person\/image\/\",\"url\":\"https:\/\/www.pogotowieflagowe.pl\/aktualne\/wp-content\/uploads\/2024\/08\/pogotowieflagowe.pl_.jpg\",\"contentUrl\":\"https:\/\/www.pogotowieflagowe.pl\/aktualne\/wp-content\/uploads\/2024\/08\/pogotowieflagowe.pl_.jpg\",\"caption\":\"Filip\"},\"description\":\"Jestem Filip, polski dziennikarz z dyplomem nauk politycznych Uniwersytetu Warszawskiego. Rozpoczynaj\u0105c swoj\u0105 karier\u0119 w r\u00f3\u017cnych lokalnych mediach, zdoby\u0142em solidne do\u015bwiadczenie w zakresie \u015bledztwa i redakcji. Obecnie jako redaktor w Pogotowie flagowe, staram si\u0119 dostarcza\u0107 dog\u0142\u0119bne i istotne analizy na temat najwa\u017cniejszych kwestii aktualno\u015bci, \u0142\u0105cz\u0105c rygor z pasj\u0105 dziennikarsk\u0105.\",\"sameAs\":[\"https:\/\/www.pogotowieflagowe.pl\/\"]}]}<\/script>\n<!-- \/ Yoast SEO plugin. -->","yoast_head_json":{"title":"Skandaliczna impreza taneczna w Radomiu. Burmistrz zabiera g\u0142os. Pisa\u0142 o \u201eludziach z\u0142ej woli\u201d i \u201euprawianiu polityki\u201d - POGOTOWIE FLAGOWE\u00ae","robots":{"index":"index","follow":"follow","max-snippet":"max-snippet:-1","max-image-preview":"max-image-preview:large","max-video-preview":"max-video-preview:-1"},"canonical":"https:\/\/www.pogotowieflagowe.pl\/aktualne\/skandaliczna-impreza-taneczna-w-radomiu-burmistrz-zabiera-glos-pisal-o-ludziach-zlej-woli-i-uprawianiu-polityki\/","og_locale":"pl_PL","og_type":"article","og_title":"Skandaliczna impreza taneczna w Radomiu. Burmistrz zabiera g\u0142os. Pisa\u0142 o \u201eludziach z\u0142ej woli\u201d i \u201euprawianiu polityki\u201d - POGOTOWIE FLAGOWE\u00ae","og_description":"Powszechne oburzenie wywo\u0142a\u0142 spos\u00f3b rozpocz\u0119cia obchod\u00f3w 50. rocznicy protest\u00f3w w Radomiu. Pota\u0144c\u00f3wka z udzia\u0142em rekonstruktor\u00f3w przebranych za milicjant\u00f3w by\u0142a w","og_url":"https:\/\/www.pogotowieflagowe.pl\/aktualne\/skandaliczna-impreza-taneczna-w-radomiu-burmistrz-zabiera-glos-pisal-o-ludziach-zlej-woli-i-uprawianiu-polityki\/","og_site_name":"POGOTOWIE FLAGOWE\u00ae","article_published_time":"2026-02-03T16:48:58+00:00","article_modified_time":"2026-02-03T16:49:00+00:00","og_image":[{"width":1280,"height":720,"url":"https:\/\/www.pogotowieflagowe.pl\/aktualne\/wp-content\/uploads\/2026\/02\/Skandaliczna-impreza-taneczna-w-Radomiu-Burmistrz-zabiera-glos-Pisal-o.webp.webp","type":"image\/webp"}],"author":"Filip","twitter_card":"summary_large_image","twitter_misc":{"Napisane przez":"Filip","Szacowany czas czytania":"5 minut"},"schema":{"@context":"https:\/\/schema.org","@graph":[{"@type":"Article","@id":"https:\/\/www.pogotowieflagowe.pl\/aktualne\/skandaliczna-impreza-taneczna-w-radomiu-burmistrz-zabiera-glos-pisal-o-ludziach-zlej-woli-i-uprawianiu-polityki\/#article","isPartOf":{"@id":"https:\/\/www.pogotowieflagowe.pl\/aktualne\/skandaliczna-impreza-taneczna-w-radomiu-burmistrz-zabiera-glos-pisal-o-ludziach-zlej-woli-i-uprawianiu-polityki\/"},"author":{"name":"Filip","@id":"https:\/\/www.pogotowieflagowe.pl\/aktualne\/#\/schema\/person\/9c2fb7d2362ebf6fa088960d7f0d27b0"},"headline":"Skandaliczna impreza taneczna w Radomiu. Burmistrz zabiera g\u0142os. Pisa\u0142 o \u201eludziach z\u0142ej woli\u201d i \u201euprawianiu polityki\u201d","datePublished":"2026-02-03T16:48:58+00:00","dateModified":"2026-02-03T16:49:00+00:00","mainEntityOfPage":{"@id":"https:\/\/www.pogotowieflagowe.pl\/aktualne\/skandaliczna-impreza-taneczna-w-radomiu-burmistrz-zabiera-glos-pisal-o-ludziach-zlej-woli-i-uprawianiu-polityki\/"},"wordCount":958,"commentCount":0,"publisher":{"@id":"https:\/\/www.pogotowieflagowe.pl\/aktualne\/#organization"},"image":{"@id":"https:\/\/www.pogotowieflagowe.pl\/aktualne\/skandaliczna-impreza-taneczna-w-radomiu-burmistrz-zabiera-glos-pisal-o-ludziach-zlej-woli-i-uprawianiu-polityki\/#primaryimage"},"thumbnailUrl":"https:\/\/www.pogotowieflagowe.pl\/aktualne\/wp-content\/uploads\/2026\/02\/Skandaliczna-impreza-taneczna-w-Radomiu-Burmistrz-zabiera-glos-Pisal-o.webp.webp","keywords":["Burmistrz","g\u0142os","Impreza","ludziach","pisa\u0142","polityki","Radomiu","skandaliczn\u0105","taneczna","uprawianiu","woli","zabiera","z\u0142ej"],"articleSection":["Aktualne"],"inLanguage":"pl-PL","potentialAction":[{"@type":"CommentAction","name":"Comment","target":["https:\/\/www.pogotowieflagowe.pl\/aktualne\/skandaliczna-impreza-taneczna-w-radomiu-burmistrz-zabiera-glos-pisal-o-ludziach-zlej-woli-i-uprawianiu-polityki\/#respond"]}]},{"@type":"WebPage","@id":"https:\/\/www.pogotowieflagowe.pl\/aktualne\/skandaliczna-impreza-taneczna-w-radomiu-burmistrz-zabiera-glos-pisal-o-ludziach-zlej-woli-i-uprawianiu-polityki\/","url":"https:\/\/www.pogotowieflagowe.pl\/aktualne\/skandaliczna-impreza-taneczna-w-radomiu-burmistrz-zabiera-glos-pisal-o-ludziach-zlej-woli-i-uprawianiu-polityki\/","name":"Skandaliczna impreza taneczna w Radomiu. Burmistrz zabiera g\u0142os. Pisa\u0142 o \u201eludziach z\u0142ej woli\u201d i \u201euprawianiu polityki\u201d - POGOTOWIE FLAGOWE\u00ae","isPartOf":{"@id":"https:\/\/www.pogotowieflagowe.pl\/aktualne\/#website"},"primaryImageOfPage":{"@id":"https:\/\/www.pogotowieflagowe.pl\/aktualne\/skandaliczna-impreza-taneczna-w-radomiu-burmistrz-zabiera-glos-pisal-o-ludziach-zlej-woli-i-uprawianiu-polityki\/#primaryimage"},"image":{"@id":"https:\/\/www.pogotowieflagowe.pl\/aktualne\/skandaliczna-impreza-taneczna-w-radomiu-burmistrz-zabiera-glos-pisal-o-ludziach-zlej-woli-i-uprawianiu-polityki\/#primaryimage"},"thumbnailUrl":"https:\/\/www.pogotowieflagowe.pl\/aktualne\/wp-content\/uploads\/2026\/02\/Skandaliczna-impreza-taneczna-w-Radomiu-Burmistrz-zabiera-glos-Pisal-o.webp.webp","datePublished":"2026-02-03T16:48:58+00:00","dateModified":"2026-02-03T16:49:00+00:00","breadcrumb":{"@id":"https:\/\/www.pogotowieflagowe.pl\/aktualne\/skandaliczna-impreza-taneczna-w-radomiu-burmistrz-zabiera-glos-pisal-o-ludziach-zlej-woli-i-uprawianiu-polityki\/#breadcrumb"},"inLanguage":"pl-PL","potentialAction":[{"@type":"ReadAction","target":["https:\/\/www.pogotowieflagowe.pl\/aktualne\/skandaliczna-impreza-taneczna-w-radomiu-burmistrz-zabiera-glos-pisal-o-ludziach-zlej-woli-i-uprawianiu-polityki\/"]}]},{"@type":"ImageObject","inLanguage":"pl-PL","@id":"https:\/\/www.pogotowieflagowe.pl\/aktualne\/skandaliczna-impreza-taneczna-w-radomiu-burmistrz-zabiera-glos-pisal-o-ludziach-zlej-woli-i-uprawianiu-polityki\/#primaryimage","url":"https:\/\/www.pogotowieflagowe.pl\/aktualne\/wp-content\/uploads\/2026\/02\/Skandaliczna-impreza-taneczna-w-Radomiu-Burmistrz-zabiera-glos-Pisal-o.webp.webp","contentUrl":"https:\/\/www.pogotowieflagowe.pl\/aktualne\/wp-content\/uploads\/2026\/02\/Skandaliczna-impreza-taneczna-w-Radomiu-Burmistrz-zabiera-glos-Pisal-o.webp.webp","width":1280,"height":720,"caption":"Skandaliczna impreza taneczna w Radomiu. Burmistrz zabiera g\u0142os. Pisa\u0142 o \u201eludziach z\u0142ej woli\u201d i \u201euprawianiu polityki\u201d"},{"@type":"BreadcrumbList","@id":"https:\/\/www.pogotowieflagowe.pl\/aktualne\/skandaliczna-impreza-taneczna-w-radomiu-burmistrz-zabiera-glos-pisal-o-ludziach-zlej-woli-i-uprawianiu-polityki\/#breadcrumb","itemListElement":[{"@type":"ListItem","position":1,"name":"Home","item":"https:\/\/www.pogotowieflagowe.pl\/aktualne\/"},{"@type":"ListItem","position":2,"name":"Skandaliczna impreza taneczna w Radomiu. Burmistrz zabiera g\u0142os. Pisa\u0142 o \u201eludziach z\u0142ej woli\u201d i \u201euprawianiu polityki\u201d"}]},{"@type":"WebSite","@id":"https:\/\/www.pogotowieflagowe.pl\/aktualne\/#website","url":"https:\/\/www.pogotowieflagowe.pl\/aktualne\/","name":"POGOTOWIE FLAGOWE\u00ae","description":"","publisher":{"@id":"https:\/\/www.pogotowieflagowe.pl\/aktualne\/#organization"},"potentialAction":[{"@type":"SearchAction","target":{"@type":"EntryPoint","urlTemplate":"https:\/\/www.pogotowieflagowe.pl\/aktualne\/?s={search_term_string}"},"query-input":"required name=search_term_string"}],"inLanguage":"pl-PL"},{"@type":"Organization","@id":"https:\/\/www.pogotowieflagowe.pl\/aktualne\/#organization","name":"POGOTOWIE FLAGOWE\u00ae","url":"https:\/\/www.pogotowieflagowe.pl\/aktualne\/","logo":{"@type":"ImageObject","inLanguage":"pl-PL","@id":"https:\/\/www.pogotowieflagowe.pl\/aktualne\/#\/schema\/logo\/image\/","url":"https:\/\/www.pogotowieflagowe.pl\/aktualne\/wp-content\/uploads\/2024\/08\/cropped-pogotowieflagowe_flaga_projekt_sm.jpg","contentUrl":"https:\/\/www.pogotowieflagowe.pl\/aktualne\/wp-content\/uploads\/2024\/08\/cropped-pogotowieflagowe_flaga_projekt_sm.jpg","width":250,"height":143,"caption":"POGOTOWIE FLAGOWE\u00ae"},"image":{"@id":"https:\/\/www.pogotowieflagowe.pl\/aktualne\/#\/schema\/logo\/image\/"}},{"@type":"Person","@id":"https:\/\/www.pogotowieflagowe.pl\/aktualne\/#\/schema\/person\/9c2fb7d2362ebf6fa088960d7f0d27b0","name":"Filip","image":{"@type":"ImageObject","inLanguage":"pl-PL","@id":"https:\/\/www.pogotowieflagowe.pl\/aktualne\/#\/schema\/person\/image\/","url":"https:\/\/www.pogotowieflagowe.pl\/aktualne\/wp-content\/uploads\/2024\/08\/pogotowieflagowe.pl_.jpg","contentUrl":"https:\/\/www.pogotowieflagowe.pl\/aktualne\/wp-content\/uploads\/2024\/08\/pogotowieflagowe.pl_.jpg","caption":"Filip"},"description":"Jestem Filip, polski dziennikarz z dyplomem nauk politycznych Uniwersytetu Warszawskiego. Rozpoczynaj\u0105c swoj\u0105 karier\u0119 w r\u00f3\u017cnych lokalnych mediach, zdoby\u0142em solidne do\u015bwiadczenie w zakresie \u015bledztwa i redakcji. Obecnie jako redaktor w Pogotowie flagowe, staram si\u0119 dostarcza\u0107 dog\u0142\u0119bne i istotne analizy na temat najwa\u017cniejszych kwestii aktualno\u015bci, \u0142\u0105cz\u0105c rygor z pasj\u0105 dziennikarsk\u0105.","sameAs":["https:\/\/www.pogotowieflagowe.pl\/"]}]}},"_links":{"self":[{"href":"https:\/\/www.pogotowieflagowe.pl\/aktualne\/wp-json\/wp\/v2\/posts\/12444","targetHints":{"allow":["GET"]}}],"collection":[{"href":"https:\/\/www.pogotowieflagowe.pl\/aktualne\/wp-json\/wp\/v2\/posts"}],"about":[{"href":"https:\/\/www.pogotowieflagowe.pl\/aktualne\/wp-json\/wp\/v2\/types\/post"}],"author":[{"embeddable":true,"href":"https:\/\/www.pogotowieflagowe.pl\/aktualne\/wp-json\/wp\/v2\/users\/1"}],"replies":[{"embeddable":true,"href":"https:\/\/www.pogotowieflagowe.pl\/aktualne\/wp-json\/wp\/v2\/comments?post=12444"}],"version-history":[{"count":1,"href":"https:\/\/www.pogotowieflagowe.pl\/aktualne\/wp-json\/wp\/v2\/posts\/12444\/revisions"}],"predecessor-version":[{"id":12446,"href":"https:\/\/www.pogotowieflagowe.pl\/aktualne\/wp-json\/wp\/v2\/posts\/12444\/revisions\/12446"}],"wp:featuredmedia":[{"embeddable":true,"href":"https:\/\/www.pogotowieflagowe.pl\/aktualne\/wp-json\/wp\/v2\/media\/12445"}],"wp:attachment":[{"href":"https:\/\/www.pogotowieflagowe.pl\/aktualne\/wp-json\/wp\/v2\/media?parent=12444"}],"wp:term":[{"taxonomy":"category","embeddable":true,"href":"https:\/\/www.pogotowieflagowe.pl\/aktualne\/wp-json\/wp\/v2\/categories?post=12444"},{"taxonomy":"post_tag","embeddable":true,"href":"https:\/\/www.pogotowieflagowe.pl\/aktualne\/wp-json\/wp\/v2\/tags?post=12444"}],"curies":[{"name":"wp","href":"https:\/\/api.w.org\/{rel}","templated":true}]}}