{"id":12453,"date":"2026-02-04T06:49:17","date_gmt":"2026-02-04T05:49:17","guid":{"rendered":"https:\/\/www.pogotowieflagowe.pl\/aktualne\/niemcy-po-wizycie-wicekanclerza-w-polsce-silna-gospodarka-slaby-rzad\/"},"modified":"2026-02-04T06:49:18","modified_gmt":"2026-02-04T05:49:18","slug":"niemcy-po-wizycie-wicekanclerza-w-polsce-silna-gospodarka-slaby-rzad","status":"publish","type":"post","link":"https:\/\/www.pogotowieflagowe.pl\/aktualne\/niemcy-po-wizycie-wicekanclerza-w-polsce-silna-gospodarka-slaby-rzad\/","title":{"rendered":"Niemcy po wizycie wicekanclerza w Polsce: silna gospodarka, s\u0142aby rz\u0105d"},"content":{"rendered":"\n<div class=\"td_block_wrap tdb_single_content tdi_41 td-pb-border-top td_block_template_8 td-post-content tagdiv-type\" data-td-block-uid=\"tdi_41\">\n<style>.tdi_41{margines-top:0px!important;margin-bottom:0px!important;dope\u0142nienie-g\u00f3ra:0px!important;dope\u0142nienie-d\u00f3\u0142:0px!important}<\/style>\n<style>.tdb_single_content{margin-bottom:0;*zoom:1}.tdb_single_content:before,.tdb_single_content:after{display:table;content:'';line-height:0}.tdb_single_content:after{clear:both}.tdb_single_content .tdb-block-inner>*:not(.wp-block-quote):not(.alignwide):not(.alignfull.wp-block-cover.has-parallax):not(.td-a-ad){margin-left:auto;margin-right:auto}.tdb_single_content a{pointer-events:auto}.tdb_single_content .td-spot-id-top_ad .tdc-placeholder-title:before{content:'Najlepsza reklama artyku\u0142u'!important}.tdb_single_content .td-spot-id-inline_ad0 .tdc-placeholder-title:before{content:'Reklama wbudowana artyku\u0142u 1'!important}.tdb_single_content .td-spot-id-inline_ad1 .tdc-placeholder-title:before{content:'Wbudowana reklama w artykule 2'!important}.tdb_single_content .td-spot-id-inline_ad2 .tdc-placeholder-title:before{content:'Wbudowana reklama w artykule 3'!important}.tdb_single_content .td-spot-id-bottom_ad .tdc-placeholder-title:before{content:'Article Bottom Ad'!important}.tdb_single_content .id_top_ad,.tdb_single_content .id_bottom_ad{clear:both;margin-bottom:21px;text-align:center}.tdb_single_content .id_top_ad img,.tdb_single_content .id_bottom_ad img{margin-bottom:0}.tdb_single_content .id_top_ad .adsbygoogle,.tdb_single_content .id_bottom_ad .adsbygoogle{position:relative}.tdb_single_content .id_ad_content-horiz-left,.tdb_single_content .id_ad_content-horiz-right,.tdb_single_content .id_ad_content-horiz-center{margin-bottom:15px}.tdb_single_content .id_ad_content-horiz-left img,.tdb_single_content .id_ad_content-horiz-right img,.tdb_single_content .id_ad_content-horiz-center img{margin-bottom:0}.tdb_single_content .id_ad_content-horiz-center{text-align:center}.tdb_single_content .id_ad_content-horiz-center img{margin-right:auto;margin-left:auto}.tdb_single_content .id_ad_content-horiz-left{float:left;margin-top:9px;margin-right:21px}.tdb_single_content .id_ad_content-horiz-right{float:right;margin-top:6px;margin-left:21px}.tdb_single_content .tdc-a-ad .tdc-placeholder-title{width:300px;height:250px}.tdb_single_content .tdc-a-ad .tdc-placeholder-title:before{position:absolute;top:50%;-webkit-transform:translateY(-50%);transform:translateY(-50%);margin:auto;display:table;width:100%}.tdb_single_content .tdb-block-inner.td-fix-index{word-break:break-word}.tdi_41,.tdi_41>p,.tdi_41 .tdb-block-inner>p,.wp-block-column>p{font-size:16px!important;line-height:1.6!important}.tdi_41 .tdb-block-inner blockquote p{font-style:normal!important}@media (max-width:767px){.tdb_single_content .id_ad_content-horiz-left,.tdb_single_content .id_ad_content-horiz-right,.tdb_single_content .id_ad_content-horiz-center{margin:0 auto 26 pikseli auto}}@media (max-width:767px){.tdb_single_content .id_ad_content-horiz-left{margin-right:0}}@media (max-width:767px){.tdb_single_content .id_ad_content-horiz-right{margin-left:0}}@media (max-width:767px){.tdb_single_content .td-a-ad{float:none;text-align:center}.tdb_single_content .td-a-ad img{margin-right:auto;margin-left:auto}.tdb_single_content .tdc-a-ad{float:none}}<\/style>\n<div class=\"tdb-block-inner td-fix-index\">\n<p>Niemiecka prasa podsumowa\u0142a wizyt\u0119 wicekanclerza i ministra finans\u00f3w Larsa Klingbeila w Warszawie. Frankfurcki dziennik skupia\u0142 si\u0119 g\u0142\u00f3wnie na zad\u0142u\u017ceniu Polski, ale tak\u017ce na s\u0142abo\u015bci polskiego rz\u0105du. Jednocze\u015bnie doceni\u0142a sukces Karola Nawrockiego, jakim by\u0142o jego zaproszenie przez Donalda Trumpa na szczyt G20.<\/p>\n<p>\u201eFrankfurter Allgemeine Zeitung\u201d w swoim raporcie z wizyty napisa\u0142, \u017ce Polska ma siln\u0105 gospodark\u0119 i s\u0142aby rz\u0105d. Lars Klingbeil, pochodz\u0105cy z Partii Socjaldemokratycznej (<em>SPD<\/em>), wchodz\u0105ca w sk\u0142ad koalicji rz\u0105dz\u0105cej w Niemczech, jest jednocze\u015bnie ministrem finans\u00f3w i zast\u0119pc\u0105 Friedricha Merza. Przyjecha\u0142 do Warszawy, aby spotka\u0107 si\u0119 ze swoim odpowiednikiem w rz\u0105dzie, Andrzejem Doma\u0144skim. Niemieckie media oceni\u0142y, \u017ce Klingbeil mia\u0142 czerpa\u0107 inspiracje, aby poprawi\u0107 sytuacj\u0119 swojego kraju. <strong>\u201ePodczas gdy dobrobyt w Niemczech ulega stagnacji, gospodarka po wschodniej stronie granicy rozwija si\u0119 dynamicznie\u201d<\/strong>\u2013 podkre\u015bli\u0142 dziennikarz \u201eFAZ\u201d. <strong>\u201eWzrost gospodarczy Polski mo\u017ce by\u0107 bod\u017acem dla Niemiec\u201d<\/strong>zauwa\u017cono dalej.<\/p>\n<h2 class=\"wp-block-heading\"><strong>\u201eSilna gospodarka i s\u0142aby rz\u0105d\u201d<\/strong><\/h2>\n<p>Wnioski nie s\u0105 jednak ca\u0142kowicie pozytywne. Polska jest obecnie na poziomie, kt\u00f3ry nie pozwala na przyj\u0119cie waluty UE, euro, zgodnie z kryteriami z Maastricht. Powodem jest zbyt wysoki deficyt.<\/p>\n<p>\u201eFAZ\u201d zwr\u00f3ci\u0142 tak\u017ce uwag\u0119 na zaproszenie Polski przez Donalda Trumpa na spotkanie Grupy Dwudziestu. Zapowiadany udzia\u0142 w szczycie G20 uznano jednak nie za sukces rz\u0105du, ale prezydenta Karola Nawrockiego. Podkre\u015blono, \u017ce cho\u0107 nie nale\u017cy do partii Prawo i Sprawiedliwo\u015b\u0107 (<em>PiS<\/em>), podobnie jak jego poprzednik Andrzej Duda jest na <strong>\u201etwarda linia sprzeciwu wobec proeuropejskiego rz\u0105du Donalda Tuska\u201d<\/strong>.<\/p>\n<\/div>\n<\/div>\n","protected":false},"excerpt":{"rendered":"<p>Niemiecka prasa podsumowa\u0142a wizyt\u0119 wicekanclerza i ministra finans\u00f3w Larsa Klingbeila w Warszawie. Frankfurcki dziennik skupia\u0142 si\u0119 g\u0142\u00f3wnie na zad\u0142u\u017ceniu Polski,<\/p>\n","protected":false},"author":1,"featured_media":12454,"comment_status":"open","ping_status":"open","sticky":false,"template":"","format":"standard","meta":{"footnotes":""},"categories":[44],"tags":[386,30,60,1554,1496,13604,13603,4241],"class_list":["post-12453","post","type-post","status-publish","format-standard","has-post-thumbnail","hentry","category-polityka","tag-gospodarka","tag-niemcy","tag-polsce","tag-rzad","tag-silna","tag-slaby","tag-wicekanclerza","tag-wizycie","generate-columns","tablet-grid-50","mobile-grid-100","grid-parent","grid-50","resize-featured-image"],"yoast_head":"<!-- This site is optimized with the Yoast SEO plugin v23.2 - https:\/\/yoast.com\/wordpress\/plugins\/seo\/ -->\n<title>Niemcy po wizycie wicekanclerza w Polsce: silna gospodarka, s\u0142aby rz\u0105d - POGOTOWIE FLAGOWE\u00ae<\/title>\n<meta name=\"robots\" content=\"index, follow, max-snippet:-1, max-image-preview:large, max-video-preview:-1\" \/>\n<link rel=\"canonical\" href=\"https:\/\/www.pogotowieflagowe.pl\/aktualne\/niemcy-po-wizycie-wicekanclerza-w-polsce-silna-gospodarka-slaby-rzad\/\" \/>\n<meta property=\"og:locale\" content=\"pl_PL\" \/>\n<meta property=\"og:type\" content=\"article\" \/>\n<meta property=\"og:title\" content=\"Niemcy po wizycie wicekanclerza w Polsce: silna gospodarka, s\u0142aby rz\u0105d - POGOTOWIE FLAGOWE\u00ae\" \/>\n<meta property=\"og:description\" content=\"Niemiecka prasa podsumowa\u0142a wizyt\u0119 wicekanclerza i ministra finans\u00f3w Larsa Klingbeila w Warszawie. Frankfurcki dziennik skupia\u0142 si\u0119 g\u0142\u00f3wnie na zad\u0142u\u017ceniu Polski,\" \/>\n<meta property=\"og:url\" content=\"https:\/\/www.pogotowieflagowe.pl\/aktualne\/niemcy-po-wizycie-wicekanclerza-w-polsce-silna-gospodarka-slaby-rzad\/\" \/>\n<meta property=\"og:site_name\" content=\"POGOTOWIE FLAGOWE\u00ae\" \/>\n<meta property=\"article:published_time\" content=\"2026-02-04T05:49:17+00:00\" \/>\n<meta property=\"article:modified_time\" content=\"2026-02-04T05:49:18+00:00\" \/>\n<meta property=\"og:image\" content=\"https:\/\/www.pogotowieflagowe.pl\/aktualne\/wp-content\/uploads\/2026\/02\/Niemcy-po-wizycie-wicekanclerza-w-Polsce-silna-gospodarka-slaby-rzad.webp.webp\" \/>\n\t<meta property=\"og:image:width\" content=\"1280\" \/>\n\t<meta property=\"og:image:height\" content=\"720\" \/>\n\t<meta property=\"og:image:type\" content=\"image\/webp\" \/>\n<meta name=\"author\" content=\"Filip\" \/>\n<meta name=\"twitter:card\" content=\"summary_large_image\" \/>\n<meta name=\"twitter:label1\" content=\"Napisane przez\" \/>\n\t<meta name=\"twitter:data1\" content=\"Filip\" \/>\n\t<meta name=\"twitter:label2\" content=\"Szacowany czas czytania\" \/>\n\t<meta name=\"twitter:data2\" content=\"1 minuta\" \/>\n<script type=\"application\/ld+json\" class=\"yoast-schema-graph\">{\"@context\":\"https:\/\/schema.org\",\"@graph\":[{\"@type\":\"Article\",\"@id\":\"https:\/\/www.pogotowieflagowe.pl\/aktualne\/niemcy-po-wizycie-wicekanclerza-w-polsce-silna-gospodarka-slaby-rzad\/#article\",\"isPartOf\":{\"@id\":\"https:\/\/www.pogotowieflagowe.pl\/aktualne\/niemcy-po-wizycie-wicekanclerza-w-polsce-silna-gospodarka-slaby-rzad\/\"},\"author\":{\"name\":\"Filip\",\"@id\":\"https:\/\/www.pogotowieflagowe.pl\/aktualne\/#\/schema\/person\/9c2fb7d2362ebf6fa088960d7f0d27b0\"},\"headline\":\"Niemcy po wizycie wicekanclerza w Polsce: silna gospodarka, s\u0142aby rz\u0105d\",\"datePublished\":\"2026-02-04T05:49:17+00:00\",\"dateModified\":\"2026-02-04T05:49:18+00:00\",\"mainEntityOfPage\":{\"@id\":\"https:\/\/www.pogotowieflagowe.pl\/aktualne\/niemcy-po-wizycie-wicekanclerza-w-polsce-silna-gospodarka-slaby-rzad\/\"},\"wordCount\":276,\"commentCount\":0,\"publisher\":{\"@id\":\"https:\/\/www.pogotowieflagowe.pl\/aktualne\/#organization\"},\"image\":{\"@id\":\"https:\/\/www.pogotowieflagowe.pl\/aktualne\/niemcy-po-wizycie-wicekanclerza-w-polsce-silna-gospodarka-slaby-rzad\/#primaryimage\"},\"thumbnailUrl\":\"https:\/\/www.pogotowieflagowe.pl\/aktualne\/wp-content\/uploads\/2026\/02\/Niemcy-po-wizycie-wicekanclerza-w-Polsce-silna-gospodarka-slaby-rzad.webp.webp\",\"keywords\":[\"Gospodarka\",\"Niemcy\",\"Polsce\",\"Rz\u0105d\",\"Silna\",\"s\u0142aby\",\"wicekanclerza\",\"wizycie\"],\"articleSection\":[\"Polityka\"],\"inLanguage\":\"pl-PL\",\"potentialAction\":[{\"@type\":\"CommentAction\",\"name\":\"Comment\",\"target\":[\"https:\/\/www.pogotowieflagowe.pl\/aktualne\/niemcy-po-wizycie-wicekanclerza-w-polsce-silna-gospodarka-slaby-rzad\/#respond\"]}]},{\"@type\":\"WebPage\",\"@id\":\"https:\/\/www.pogotowieflagowe.pl\/aktualne\/niemcy-po-wizycie-wicekanclerza-w-polsce-silna-gospodarka-slaby-rzad\/\",\"url\":\"https:\/\/www.pogotowieflagowe.pl\/aktualne\/niemcy-po-wizycie-wicekanclerza-w-polsce-silna-gospodarka-slaby-rzad\/\",\"name\":\"Niemcy po wizycie wicekanclerza w Polsce: silna gospodarka, s\u0142aby rz\u0105d - POGOTOWIE FLAGOWE\u00ae\",\"isPartOf\":{\"@id\":\"https:\/\/www.pogotowieflagowe.pl\/aktualne\/#website\"},\"primaryImageOfPage\":{\"@id\":\"https:\/\/www.pogotowieflagowe.pl\/aktualne\/niemcy-po-wizycie-wicekanclerza-w-polsce-silna-gospodarka-slaby-rzad\/#primaryimage\"},\"image\":{\"@id\":\"https:\/\/www.pogotowieflagowe.pl\/aktualne\/niemcy-po-wizycie-wicekanclerza-w-polsce-silna-gospodarka-slaby-rzad\/#primaryimage\"},\"thumbnailUrl\":\"https:\/\/www.pogotowieflagowe.pl\/aktualne\/wp-content\/uploads\/2026\/02\/Niemcy-po-wizycie-wicekanclerza-w-Polsce-silna-gospodarka-slaby-rzad.webp.webp\",\"datePublished\":\"2026-02-04T05:49:17+00:00\",\"dateModified\":\"2026-02-04T05:49:18+00:00\",\"breadcrumb\":{\"@id\":\"https:\/\/www.pogotowieflagowe.pl\/aktualne\/niemcy-po-wizycie-wicekanclerza-w-polsce-silna-gospodarka-slaby-rzad\/#breadcrumb\"},\"inLanguage\":\"pl-PL\",\"potentialAction\":[{\"@type\":\"ReadAction\",\"target\":[\"https:\/\/www.pogotowieflagowe.pl\/aktualne\/niemcy-po-wizycie-wicekanclerza-w-polsce-silna-gospodarka-slaby-rzad\/\"]}]},{\"@type\":\"ImageObject\",\"inLanguage\":\"pl-PL\",\"@id\":\"https:\/\/www.pogotowieflagowe.pl\/aktualne\/niemcy-po-wizycie-wicekanclerza-w-polsce-silna-gospodarka-slaby-rzad\/#primaryimage\",\"url\":\"https:\/\/www.pogotowieflagowe.pl\/aktualne\/wp-content\/uploads\/2026\/02\/Niemcy-po-wizycie-wicekanclerza-w-Polsce-silna-gospodarka-slaby-rzad.webp.webp\",\"contentUrl\":\"https:\/\/www.pogotowieflagowe.pl\/aktualne\/wp-content\/uploads\/2026\/02\/Niemcy-po-wizycie-wicekanclerza-w-Polsce-silna-gospodarka-slaby-rzad.webp.webp\",\"width\":1280,\"height\":720,\"caption\":\"Niemcy po wizycie wicekanclerza w Polsce: silna gospodarka, s\u0142aby rz\u0105d\"},{\"@type\":\"BreadcrumbList\",\"@id\":\"https:\/\/www.pogotowieflagowe.pl\/aktualne\/niemcy-po-wizycie-wicekanclerza-w-polsce-silna-gospodarka-slaby-rzad\/#breadcrumb\",\"itemListElement\":[{\"@type\":\"ListItem\",\"position\":1,\"name\":\"Home\",\"item\":\"https:\/\/www.pogotowieflagowe.pl\/aktualne\/\"},{\"@type\":\"ListItem\",\"position\":2,\"name\":\"Niemcy po wizycie wicekanclerza w Polsce: silna gospodarka, s\u0142aby rz\u0105d\"}]},{\"@type\":\"WebSite\",\"@id\":\"https:\/\/www.pogotowieflagowe.pl\/aktualne\/#website\",\"url\":\"https:\/\/www.pogotowieflagowe.pl\/aktualne\/\",\"name\":\"POGOTOWIE FLAGOWE\u00ae\",\"description\":\"\",\"publisher\":{\"@id\":\"https:\/\/www.pogotowieflagowe.pl\/aktualne\/#organization\"},\"potentialAction\":[{\"@type\":\"SearchAction\",\"target\":{\"@type\":\"EntryPoint\",\"urlTemplate\":\"https:\/\/www.pogotowieflagowe.pl\/aktualne\/?s={search_term_string}\"},\"query-input\":\"required name=search_term_string\"}],\"inLanguage\":\"pl-PL\"},{\"@type\":\"Organization\",\"@id\":\"https:\/\/www.pogotowieflagowe.pl\/aktualne\/#organization\",\"name\":\"POGOTOWIE FLAGOWE\u00ae\",\"url\":\"https:\/\/www.pogotowieflagowe.pl\/aktualne\/\",\"logo\":{\"@type\":\"ImageObject\",\"inLanguage\":\"pl-PL\",\"@id\":\"https:\/\/www.pogotowieflagowe.pl\/aktualne\/#\/schema\/logo\/image\/\",\"url\":\"https:\/\/www.pogotowieflagowe.pl\/aktualne\/wp-content\/uploads\/2024\/08\/cropped-pogotowieflagowe_flaga_projekt_sm.jpg\",\"contentUrl\":\"https:\/\/www.pogotowieflagowe.pl\/aktualne\/wp-content\/uploads\/2024\/08\/cropped-pogotowieflagowe_flaga_projekt_sm.jpg\",\"width\":250,\"height\":143,\"caption\":\"POGOTOWIE FLAGOWE\u00ae\"},\"image\":{\"@id\":\"https:\/\/www.pogotowieflagowe.pl\/aktualne\/#\/schema\/logo\/image\/\"}},{\"@type\":\"Person\",\"@id\":\"https:\/\/www.pogotowieflagowe.pl\/aktualne\/#\/schema\/person\/9c2fb7d2362ebf6fa088960d7f0d27b0\",\"name\":\"Filip\",\"image\":{\"@type\":\"ImageObject\",\"inLanguage\":\"pl-PL\",\"@id\":\"https:\/\/www.pogotowieflagowe.pl\/aktualne\/#\/schema\/person\/image\/\",\"url\":\"https:\/\/www.pogotowieflagowe.pl\/aktualne\/wp-content\/uploads\/2024\/08\/pogotowieflagowe.pl_.jpg\",\"contentUrl\":\"https:\/\/www.pogotowieflagowe.pl\/aktualne\/wp-content\/uploads\/2024\/08\/pogotowieflagowe.pl_.jpg\",\"caption\":\"Filip\"},\"description\":\"Jestem Filip, polski dziennikarz z dyplomem nauk politycznych Uniwersytetu Warszawskiego. Rozpoczynaj\u0105c swoj\u0105 karier\u0119 w r\u00f3\u017cnych lokalnych mediach, zdoby\u0142em solidne do\u015bwiadczenie w zakresie \u015bledztwa i redakcji. Obecnie jako redaktor w Pogotowie flagowe, staram si\u0119 dostarcza\u0107 dog\u0142\u0119bne i istotne analizy na temat najwa\u017cniejszych kwestii aktualno\u015bci, \u0142\u0105cz\u0105c rygor z pasj\u0105 dziennikarsk\u0105.\",\"sameAs\":[\"https:\/\/www.pogotowieflagowe.pl\/\"]}]}<\/script>\n<!-- \/ Yoast SEO plugin. -->","yoast_head_json":{"title":"Niemcy po wizycie wicekanclerza w Polsce: silna gospodarka, s\u0142aby rz\u0105d - POGOTOWIE FLAGOWE\u00ae","robots":{"index":"index","follow":"follow","max-snippet":"max-snippet:-1","max-image-preview":"max-image-preview:large","max-video-preview":"max-video-preview:-1"},"canonical":"https:\/\/www.pogotowieflagowe.pl\/aktualne\/niemcy-po-wizycie-wicekanclerza-w-polsce-silna-gospodarka-slaby-rzad\/","og_locale":"pl_PL","og_type":"article","og_title":"Niemcy po wizycie wicekanclerza w Polsce: silna gospodarka, s\u0142aby rz\u0105d - POGOTOWIE FLAGOWE\u00ae","og_description":"Niemiecka prasa podsumowa\u0142a wizyt\u0119 wicekanclerza i ministra finans\u00f3w Larsa Klingbeila w Warszawie. Frankfurcki dziennik skupia\u0142 si\u0119 g\u0142\u00f3wnie na zad\u0142u\u017ceniu Polski,","og_url":"https:\/\/www.pogotowieflagowe.pl\/aktualne\/niemcy-po-wizycie-wicekanclerza-w-polsce-silna-gospodarka-slaby-rzad\/","og_site_name":"POGOTOWIE FLAGOWE\u00ae","article_published_time":"2026-02-04T05:49:17+00:00","article_modified_time":"2026-02-04T05:49:18+00:00","og_image":[{"width":1280,"height":720,"url":"https:\/\/www.pogotowieflagowe.pl\/aktualne\/wp-content\/uploads\/2026\/02\/Niemcy-po-wizycie-wicekanclerza-w-Polsce-silna-gospodarka-slaby-rzad.webp.webp","type":"image\/webp"}],"author":"Filip","twitter_card":"summary_large_image","twitter_misc":{"Napisane przez":"Filip","Szacowany czas czytania":"1 minuta"},"schema":{"@context":"https:\/\/schema.org","@graph":[{"@type":"Article","@id":"https:\/\/www.pogotowieflagowe.pl\/aktualne\/niemcy-po-wizycie-wicekanclerza-w-polsce-silna-gospodarka-slaby-rzad\/#article","isPartOf":{"@id":"https:\/\/www.pogotowieflagowe.pl\/aktualne\/niemcy-po-wizycie-wicekanclerza-w-polsce-silna-gospodarka-slaby-rzad\/"},"author":{"name":"Filip","@id":"https:\/\/www.pogotowieflagowe.pl\/aktualne\/#\/schema\/person\/9c2fb7d2362ebf6fa088960d7f0d27b0"},"headline":"Niemcy po wizycie wicekanclerza w Polsce: silna gospodarka, s\u0142aby rz\u0105d","datePublished":"2026-02-04T05:49:17+00:00","dateModified":"2026-02-04T05:49:18+00:00","mainEntityOfPage":{"@id":"https:\/\/www.pogotowieflagowe.pl\/aktualne\/niemcy-po-wizycie-wicekanclerza-w-polsce-silna-gospodarka-slaby-rzad\/"},"wordCount":276,"commentCount":0,"publisher":{"@id":"https:\/\/www.pogotowieflagowe.pl\/aktualne\/#organization"},"image":{"@id":"https:\/\/www.pogotowieflagowe.pl\/aktualne\/niemcy-po-wizycie-wicekanclerza-w-polsce-silna-gospodarka-slaby-rzad\/#primaryimage"},"thumbnailUrl":"https:\/\/www.pogotowieflagowe.pl\/aktualne\/wp-content\/uploads\/2026\/02\/Niemcy-po-wizycie-wicekanclerza-w-Polsce-silna-gospodarka-slaby-rzad.webp.webp","keywords":["Gospodarka","Niemcy","Polsce","Rz\u0105d","Silna","s\u0142aby","wicekanclerza","wizycie"],"articleSection":["Polityka"],"inLanguage":"pl-PL","potentialAction":[{"@type":"CommentAction","name":"Comment","target":["https:\/\/www.pogotowieflagowe.pl\/aktualne\/niemcy-po-wizycie-wicekanclerza-w-polsce-silna-gospodarka-slaby-rzad\/#respond"]}]},{"@type":"WebPage","@id":"https:\/\/www.pogotowieflagowe.pl\/aktualne\/niemcy-po-wizycie-wicekanclerza-w-polsce-silna-gospodarka-slaby-rzad\/","url":"https:\/\/www.pogotowieflagowe.pl\/aktualne\/niemcy-po-wizycie-wicekanclerza-w-polsce-silna-gospodarka-slaby-rzad\/","name":"Niemcy po wizycie wicekanclerza w Polsce: silna gospodarka, s\u0142aby rz\u0105d - POGOTOWIE FLAGOWE\u00ae","isPartOf":{"@id":"https:\/\/www.pogotowieflagowe.pl\/aktualne\/#website"},"primaryImageOfPage":{"@id":"https:\/\/www.pogotowieflagowe.pl\/aktualne\/niemcy-po-wizycie-wicekanclerza-w-polsce-silna-gospodarka-slaby-rzad\/#primaryimage"},"image":{"@id":"https:\/\/www.pogotowieflagowe.pl\/aktualne\/niemcy-po-wizycie-wicekanclerza-w-polsce-silna-gospodarka-slaby-rzad\/#primaryimage"},"thumbnailUrl":"https:\/\/www.pogotowieflagowe.pl\/aktualne\/wp-content\/uploads\/2026\/02\/Niemcy-po-wizycie-wicekanclerza-w-Polsce-silna-gospodarka-slaby-rzad.webp.webp","datePublished":"2026-02-04T05:49:17+00:00","dateModified":"2026-02-04T05:49:18+00:00","breadcrumb":{"@id":"https:\/\/www.pogotowieflagowe.pl\/aktualne\/niemcy-po-wizycie-wicekanclerza-w-polsce-silna-gospodarka-slaby-rzad\/#breadcrumb"},"inLanguage":"pl-PL","potentialAction":[{"@type":"ReadAction","target":["https:\/\/www.pogotowieflagowe.pl\/aktualne\/niemcy-po-wizycie-wicekanclerza-w-polsce-silna-gospodarka-slaby-rzad\/"]}]},{"@type":"ImageObject","inLanguage":"pl-PL","@id":"https:\/\/www.pogotowieflagowe.pl\/aktualne\/niemcy-po-wizycie-wicekanclerza-w-polsce-silna-gospodarka-slaby-rzad\/#primaryimage","url":"https:\/\/www.pogotowieflagowe.pl\/aktualne\/wp-content\/uploads\/2026\/02\/Niemcy-po-wizycie-wicekanclerza-w-Polsce-silna-gospodarka-slaby-rzad.webp.webp","contentUrl":"https:\/\/www.pogotowieflagowe.pl\/aktualne\/wp-content\/uploads\/2026\/02\/Niemcy-po-wizycie-wicekanclerza-w-Polsce-silna-gospodarka-slaby-rzad.webp.webp","width":1280,"height":720,"caption":"Niemcy po wizycie wicekanclerza w Polsce: silna gospodarka, s\u0142aby rz\u0105d"},{"@type":"BreadcrumbList","@id":"https:\/\/www.pogotowieflagowe.pl\/aktualne\/niemcy-po-wizycie-wicekanclerza-w-polsce-silna-gospodarka-slaby-rzad\/#breadcrumb","itemListElement":[{"@type":"ListItem","position":1,"name":"Home","item":"https:\/\/www.pogotowieflagowe.pl\/aktualne\/"},{"@type":"ListItem","position":2,"name":"Niemcy po wizycie wicekanclerza w Polsce: silna gospodarka, s\u0142aby rz\u0105d"}]},{"@type":"WebSite","@id":"https:\/\/www.pogotowieflagowe.pl\/aktualne\/#website","url":"https:\/\/www.pogotowieflagowe.pl\/aktualne\/","name":"POGOTOWIE FLAGOWE\u00ae","description":"","publisher":{"@id":"https:\/\/www.pogotowieflagowe.pl\/aktualne\/#organization"},"potentialAction":[{"@type":"SearchAction","target":{"@type":"EntryPoint","urlTemplate":"https:\/\/www.pogotowieflagowe.pl\/aktualne\/?s={search_term_string}"},"query-input":"required name=search_term_string"}],"inLanguage":"pl-PL"},{"@type":"Organization","@id":"https:\/\/www.pogotowieflagowe.pl\/aktualne\/#organization","name":"POGOTOWIE FLAGOWE\u00ae","url":"https:\/\/www.pogotowieflagowe.pl\/aktualne\/","logo":{"@type":"ImageObject","inLanguage":"pl-PL","@id":"https:\/\/www.pogotowieflagowe.pl\/aktualne\/#\/schema\/logo\/image\/","url":"https:\/\/www.pogotowieflagowe.pl\/aktualne\/wp-content\/uploads\/2024\/08\/cropped-pogotowieflagowe_flaga_projekt_sm.jpg","contentUrl":"https:\/\/www.pogotowieflagowe.pl\/aktualne\/wp-content\/uploads\/2024\/08\/cropped-pogotowieflagowe_flaga_projekt_sm.jpg","width":250,"height":143,"caption":"POGOTOWIE FLAGOWE\u00ae"},"image":{"@id":"https:\/\/www.pogotowieflagowe.pl\/aktualne\/#\/schema\/logo\/image\/"}},{"@type":"Person","@id":"https:\/\/www.pogotowieflagowe.pl\/aktualne\/#\/schema\/person\/9c2fb7d2362ebf6fa088960d7f0d27b0","name":"Filip","image":{"@type":"ImageObject","inLanguage":"pl-PL","@id":"https:\/\/www.pogotowieflagowe.pl\/aktualne\/#\/schema\/person\/image\/","url":"https:\/\/www.pogotowieflagowe.pl\/aktualne\/wp-content\/uploads\/2024\/08\/pogotowieflagowe.pl_.jpg","contentUrl":"https:\/\/www.pogotowieflagowe.pl\/aktualne\/wp-content\/uploads\/2024\/08\/pogotowieflagowe.pl_.jpg","caption":"Filip"},"description":"Jestem Filip, polski dziennikarz z dyplomem nauk politycznych Uniwersytetu Warszawskiego. Rozpoczynaj\u0105c swoj\u0105 karier\u0119 w r\u00f3\u017cnych lokalnych mediach, zdoby\u0142em solidne do\u015bwiadczenie w zakresie \u015bledztwa i redakcji. Obecnie jako redaktor w Pogotowie flagowe, staram si\u0119 dostarcza\u0107 dog\u0142\u0119bne i istotne analizy na temat najwa\u017cniejszych kwestii aktualno\u015bci, \u0142\u0105cz\u0105c rygor z pasj\u0105 dziennikarsk\u0105.","sameAs":["https:\/\/www.pogotowieflagowe.pl\/"]}]}},"_links":{"self":[{"href":"https:\/\/www.pogotowieflagowe.pl\/aktualne\/wp-json\/wp\/v2\/posts\/12453","targetHints":{"allow":["GET"]}}],"collection":[{"href":"https:\/\/www.pogotowieflagowe.pl\/aktualne\/wp-json\/wp\/v2\/posts"}],"about":[{"href":"https:\/\/www.pogotowieflagowe.pl\/aktualne\/wp-json\/wp\/v2\/types\/post"}],"author":[{"embeddable":true,"href":"https:\/\/www.pogotowieflagowe.pl\/aktualne\/wp-json\/wp\/v2\/users\/1"}],"replies":[{"embeddable":true,"href":"https:\/\/www.pogotowieflagowe.pl\/aktualne\/wp-json\/wp\/v2\/comments?post=12453"}],"version-history":[{"count":1,"href":"https:\/\/www.pogotowieflagowe.pl\/aktualne\/wp-json\/wp\/v2\/posts\/12453\/revisions"}],"predecessor-version":[{"id":12455,"href":"https:\/\/www.pogotowieflagowe.pl\/aktualne\/wp-json\/wp\/v2\/posts\/12453\/revisions\/12455"}],"wp:featuredmedia":[{"embeddable":true,"href":"https:\/\/www.pogotowieflagowe.pl\/aktualne\/wp-json\/wp\/v2\/media\/12454"}],"wp:attachment":[{"href":"https:\/\/www.pogotowieflagowe.pl\/aktualne\/wp-json\/wp\/v2\/media?parent=12453"}],"wp:term":[{"taxonomy":"category","embeddable":true,"href":"https:\/\/www.pogotowieflagowe.pl\/aktualne\/wp-json\/wp\/v2\/categories?post=12453"},{"taxonomy":"post_tag","embeddable":true,"href":"https:\/\/www.pogotowieflagowe.pl\/aktualne\/wp-json\/wp\/v2\/tags?post=12453"}],"curies":[{"name":"wp","href":"https:\/\/api.w.org\/{rel}","templated":true}]}}