{"id":1260,"date":"2024-10-12T23:49:27","date_gmt":"2024-10-12T21:49:27","guid":{"rendered":"https:\/\/www.pogotowieflagowe.pl\/aktualne\/polska-przegrywa-z-portugalia-w-lidze-narodow-gol-zielinskiego-to-za-malo\/"},"modified":"2024-10-12T23:49:30","modified_gmt":"2024-10-12T21:49:30","slug":"polska-przegrywa-z-portugalia-w-lidze-narodow-gol-zielinskiego-to-za-malo","status":"publish","type":"post","link":"https:\/\/www.pogotowieflagowe.pl\/aktualne\/polska-przegrywa-z-portugalia-w-lidze-narodow-gol-zielinskiego-to-za-malo\/","title":{"rendered":"Polska przegrywa z Portugali\u0105 w Lidze Narod\u00f3w: gol Zieli\u0144skiego to za ma\u0142o"},"content":{"rendered":"\n<div class=\"td_block_wrap tdb_single_content tdi_48 td-pb-border-top td_block_template_8 td-post-content tagdiv-type\" data-td-block-uid=\"tdi_48\">\n<style>.tdi_48{margines-g\u00f3rny:0px!important;margin-bottom:0px!important;dope\u0142nienie-g\u00f3ra:0px!important;dope\u0142nienie-d\u00f3\u0142:0px!important}<\/style>\n<style>.tdb_single_content{margin-bottom:0;*zoom:1}.tdb_single_content:before,.tdb_single_content:after{display:table;content:'';line-height:0}.tdb_single_content:after{clear:both}.tdb_single_content .tdb-block-inner>*:not(.wp-block-quote):not(.alignwide):not(.alignfull.wp-block-cover.has-parallax):not(.td-a-ad) {margin-left:auto;margin-right:auto}.tdb_single_content a{pointer-events:auto}.tdb_single_content .td-spot-id-top_ad .tdc-placeholder-title:before{content:'Najlepsza reklama artyku\u0142u'! wa\u017cne}.tdb_single_content .td-spot-id-inline_ad0 .tdc-placeholder-title:before{content:'Article Inline Ad 1'!important}.tdb_single_content .td-spot-id-inline_ad1 .tdc-placeholder-title:before {content:'Reklama wbudowana w artyku\u0142 2'!important}.tdb_single_content .td-spot-id-inline_ad2 .tdc-placeholder-title:before{content:'Reklama wbudowana w artyku\u0142 3'!important}.tdb_single_content .td-spot-id -bottom_ad .tdc-placeholder-title:before{content:'Article Bottom Ad'!important}.tdb_single_content .id_top_ad,.tdb_single_content .id_bottom_ad{clear:both;margin-bottom:21px;text-align:center}.tdb_single_content . id_top_ad img,.tdb_single_content .id_bottom_ad img{margin-bottom:0}.tdb_single_content .id_top_ad .adsbygoogle,.tdb_single_content .id_bottom_ad .adsbygoogle{position:relative}.tdb_single_content .id_ad_content-horiz- po lewej,.tdb_single_content .id_ad_content-horiz-right ,.tdb_single_content .id_ad_content-horiz-center{margin-bottom:15px}.tdb_single_content .id_ad_content-horiz-left img,.tdb_single_content .id_ad_content-horiz-right img,.tdb_single_content .id_ad_content-horiz -center img{margines-dolny: 0}.tdb_single_content .id_ad_content-horiz-center{text-align:center}.tdb_single_content .id_ad_content-horiz-center img{margin-right:auto;margin-left:auto}.tdb_single_content .id_ad_content-horiz-left{float: lewy;margin-g\u00f3rny:9px;margin-prawy:21px}.tdb_single_content .id_ad_content-horiz-right{float:right;margin-top:6px;margin-left:21px}.tdb_single_content .tdc-a-ad .tdc- placeholder-title{width:300px;height:250px}.tdb_single_content .tdc-a-ad .tdc-placeholder-title:before{position:absolute;top:50%;-webkit-transform:translateY(-50%); transform:translateY(-50%);margines:auto;display:table;width:100%}.tdb_single_content .tdb-block-inner.td-fix-index{word-break:break-word}.tdi_48,.tdi_48 >p,.tdi_48 .tdb-block-inner>p{font-size:16px!important;line-height:1.6!important}.tdi_48 .tdb-block-inner blockquote p{font-style:normal!important}@ media (maks. szeroko\u015b\u0107: 767 pikseli){.tdb_single_content .id_ad_content-horiz-left,.tdb_single_content .id_ad_content-horiz-right,.tdb_single_content .id_ad_content-horiz-center{margin:0 auto 26px auto}}@media (maks. szeroko\u015b\u0107 :767px){.tdb_single_content .id_ad_content-horiz-left{margin-right:0}}@media (max-width:767px){.tdb_single_content .id_ad_content-horiz-right{margin-left:0}}@media (max -width:767px){.tdb_single_content .td-a-ad{float:none;text-align:center}.tdb_single_content .td-a-ad img{margin-right:auto;margin-left:auto}.tdb_single_content . tdc-a-ad{float:none}}<\/style>\n<div class=\"tdb-block-inner td-fix-index\">\n<p>W sobotni wiecz\u00f3r na Stadionie Narodowym w Warszawie reprezentacja Polski uleg\u0142a Portugalii 1:3 w Lidze Narod\u00f3w UEFA. Mimo bramki Piotra Zieli\u0144skiego polska dru\u017cyna nie by\u0142a w stanie pokona\u0107 pot\u0119\u017cnego sk\u0142adu Portugalii.<\/p>\n<p>Trener Micha\u0142 Probierz zaskoczy\u0142 wielu, rozpoczynaj\u0105c od 19-letniego Maxiego Oyedele, kt\u00f3ry debiutowa\u0142 w seniorskiej dru\u017cynie Legii Warszawa ju\u017c po kilku wyst\u0119pach. Polska nie pokona\u0142a Portugalii od 18 lat, a ostatnie zwyci\u0119stwo odnios\u0142a w 2006 roku na Stadionie \u015al\u0105skim.<\/p>\n<p>Mecz rozpocz\u0105\u0142 si\u0119 s\u0142abo dla Polski. W 26. minucie Bruno Fernandes wystawi\u0142 Bernardo Silv\u0119 na fenomenalny strza\u0142 z woleja, kt\u00f3ry da\u0142 Portugalii prowadzenie. Nast\u0119pnie Cristiano Ronaldo powi\u0119kszy\u0142 przewag\u0119 uderzeniem z bliskiej odleg\u0142o\u015bci w 37. minucie po \u015bwietnym prowadzeniu Rafaela Le\u00e3o.<\/p>\n<p>Polska odnalaz\u0142a nadziej\u0119 w 78. minucie, kiedy Piotr Zieli\u0144ski zako\u0144czy\u0142 p\u0142ynn\u0105 wymian\u0119 zda\u0144 z Kacprem Urba\u0144skim i podwy\u017cszy\u0142 wynik na 1-2. Jednak niefortunny samob\u00f3jczy gol Jana Bednarka w 88. minucie przypiecz\u0119towa\u0142 los Polski.<\/p>\n<p>Po tej pora\u017cce Polska od prawie dw\u00f3ch dekad nadal szuka zwyci\u0119stwa nad Portugali\u0105.<\/p>\n<\/div>\n<\/div>\n","protected":false},"excerpt":{"rendered":"<p>W sobotni wiecz\u00f3r na Stadionie Narodowym w Warszawie reprezentacja Polski uleg\u0142a Portugalii 1:3 w Lidze Narod\u00f3w UEFA. Mimo bramki Piotra<\/p>\n","protected":false},"author":1,"featured_media":1261,"comment_status":"closed","ping_status":"","sticky":false,"template":"","format":"standard","meta":{"footnotes":""},"categories":[118],"tags":[2098,264,2099,1026,4,1301,1028,839],"class_list":["post-1260","post","type-post","status-publish","format-standard","has-post-thumbnail","hentry","category-lekkoatletyka","tag-gol","tag-lidze","tag-malo","tag-narodow","tag-polska","tag-portugalia","tag-przegrywa","tag-zielinskiego","generate-columns","tablet-grid-50","mobile-grid-100","grid-parent","grid-50","resize-featured-image"],"yoast_head":"<!-- This site is optimized with the Yoast SEO plugin v23.2 - https:\/\/yoast.com\/wordpress\/plugins\/seo\/ -->\n<title>Polska przegrywa z Portugali\u0105 w Lidze Narod\u00f3w: gol Zieli\u0144skiego to za ma\u0142o - POGOTOWIE FLAGOWE\u00ae<\/title>\n<meta name=\"robots\" content=\"index, follow, max-snippet:-1, max-image-preview:large, max-video-preview:-1\" \/>\n<link rel=\"canonical\" href=\"https:\/\/www.pogotowieflagowe.pl\/aktualne\/polska-przegrywa-z-portugalia-w-lidze-narodow-gol-zielinskiego-to-za-malo\/\" \/>\n<meta property=\"og:locale\" content=\"pl_PL\" \/>\n<meta property=\"og:type\" content=\"article\" \/>\n<meta property=\"og:title\" content=\"Polska przegrywa z Portugali\u0105 w Lidze Narod\u00f3w: gol Zieli\u0144skiego to za ma\u0142o - POGOTOWIE FLAGOWE\u00ae\" \/>\n<meta property=\"og:description\" content=\"W sobotni wiecz\u00f3r na Stadionie Narodowym w Warszawie reprezentacja Polski uleg\u0142a Portugalii 1:3 w Lidze Narod\u00f3w UEFA. Mimo bramki Piotra\" \/>\n<meta property=\"og:url\" content=\"https:\/\/www.pogotowieflagowe.pl\/aktualne\/polska-przegrywa-z-portugalia-w-lidze-narodow-gol-zielinskiego-to-za-malo\/\" \/>\n<meta property=\"og:site_name\" content=\"POGOTOWIE FLAGOWE\u00ae\" \/>\n<meta property=\"article:published_time\" content=\"2024-10-12T21:49:27+00:00\" \/>\n<meta property=\"article:modified_time\" content=\"2024-10-12T21:49:30+00:00\" \/>\n<meta property=\"og:image\" content=\"https:\/\/www.pogotowieflagowe.pl\/aktualne\/wp-content\/uploads\/2024\/10\/Polska-przegrywa-z-Portugalia-w-Lidze-Narodow-gol-Zielinskiego-to.jpeg\" \/>\n\t<meta property=\"og:image:width\" content=\"1919\" \/>\n\t<meta property=\"og:image:height\" content=\"1079\" \/>\n\t<meta property=\"og:image:type\" content=\"image\/jpeg\" \/>\n<meta name=\"author\" content=\"Filip\" \/>\n<meta name=\"twitter:card\" content=\"summary_large_image\" \/>\n<meta name=\"twitter:label1\" content=\"Napisane przez\" \/>\n\t<meta name=\"twitter:data1\" content=\"Filip\" \/>\n\t<meta name=\"twitter:label2\" content=\"Szacowany czas czytania\" \/>\n\t<meta name=\"twitter:data2\" content=\"1 minuta\" \/>\n<script type=\"application\/ld+json\" class=\"yoast-schema-graph\">{\"@context\":\"https:\/\/schema.org\",\"@graph\":[{\"@type\":\"Article\",\"@id\":\"https:\/\/www.pogotowieflagowe.pl\/aktualne\/polska-przegrywa-z-portugalia-w-lidze-narodow-gol-zielinskiego-to-za-malo\/#article\",\"isPartOf\":{\"@id\":\"https:\/\/www.pogotowieflagowe.pl\/aktualne\/polska-przegrywa-z-portugalia-w-lidze-narodow-gol-zielinskiego-to-za-malo\/\"},\"author\":{\"name\":\"Filip\",\"@id\":\"https:\/\/www.pogotowieflagowe.pl\/aktualne\/#\/schema\/person\/9c2fb7d2362ebf6fa088960d7f0d27b0\"},\"headline\":\"Polska przegrywa z Portugali\u0105 w Lidze Narod\u00f3w: gol Zieli\u0144skiego to za ma\u0142o\",\"datePublished\":\"2024-10-12T21:49:27+00:00\",\"dateModified\":\"2024-10-12T21:49:30+00:00\",\"mainEntityOfPage\":{\"@id\":\"https:\/\/www.pogotowieflagowe.pl\/aktualne\/polska-przegrywa-z-portugalia-w-lidze-narodow-gol-zielinskiego-to-za-malo\/\"},\"wordCount\":197,\"publisher\":{\"@id\":\"https:\/\/www.pogotowieflagowe.pl\/aktualne\/#organization\"},\"image\":{\"@id\":\"https:\/\/www.pogotowieflagowe.pl\/aktualne\/polska-przegrywa-z-portugalia-w-lidze-narodow-gol-zielinskiego-to-za-malo\/#primaryimage\"},\"thumbnailUrl\":\"https:\/\/www.pogotowieflagowe.pl\/aktualne\/wp-content\/uploads\/2024\/10\/Polska-przegrywa-z-Portugalia-w-Lidze-Narodow-gol-Zielinskiego-to.jpeg\",\"keywords\":[\"gol\",\"Lidze\",\"ma\u0142o\",\"Narod\u00f3w\",\"polska\",\"Portugali\u0105\",\"przegrywa\",\"Zieli\u0144skiego\"],\"articleSection\":[\"Lekkoatletyka\"],\"inLanguage\":\"pl-PL\"},{\"@type\":\"WebPage\",\"@id\":\"https:\/\/www.pogotowieflagowe.pl\/aktualne\/polska-przegrywa-z-portugalia-w-lidze-narodow-gol-zielinskiego-to-za-malo\/\",\"url\":\"https:\/\/www.pogotowieflagowe.pl\/aktualne\/polska-przegrywa-z-portugalia-w-lidze-narodow-gol-zielinskiego-to-za-malo\/\",\"name\":\"Polska przegrywa z Portugali\u0105 w Lidze Narod\u00f3w: gol Zieli\u0144skiego to za ma\u0142o - POGOTOWIE FLAGOWE\u00ae\",\"isPartOf\":{\"@id\":\"https:\/\/www.pogotowieflagowe.pl\/aktualne\/#website\"},\"primaryImageOfPage\":{\"@id\":\"https:\/\/www.pogotowieflagowe.pl\/aktualne\/polska-przegrywa-z-portugalia-w-lidze-narodow-gol-zielinskiego-to-za-malo\/#primaryimage\"},\"image\":{\"@id\":\"https:\/\/www.pogotowieflagowe.pl\/aktualne\/polska-przegrywa-z-portugalia-w-lidze-narodow-gol-zielinskiego-to-za-malo\/#primaryimage\"},\"thumbnailUrl\":\"https:\/\/www.pogotowieflagowe.pl\/aktualne\/wp-content\/uploads\/2024\/10\/Polska-przegrywa-z-Portugalia-w-Lidze-Narodow-gol-Zielinskiego-to.jpeg\",\"datePublished\":\"2024-10-12T21:49:27+00:00\",\"dateModified\":\"2024-10-12T21:49:30+00:00\",\"breadcrumb\":{\"@id\":\"https:\/\/www.pogotowieflagowe.pl\/aktualne\/polska-przegrywa-z-portugalia-w-lidze-narodow-gol-zielinskiego-to-za-malo\/#breadcrumb\"},\"inLanguage\":\"pl-PL\",\"potentialAction\":[{\"@type\":\"ReadAction\",\"target\":[\"https:\/\/www.pogotowieflagowe.pl\/aktualne\/polska-przegrywa-z-portugalia-w-lidze-narodow-gol-zielinskiego-to-za-malo\/\"]}]},{\"@type\":\"ImageObject\",\"inLanguage\":\"pl-PL\",\"@id\":\"https:\/\/www.pogotowieflagowe.pl\/aktualne\/polska-przegrywa-z-portugalia-w-lidze-narodow-gol-zielinskiego-to-za-malo\/#primaryimage\",\"url\":\"https:\/\/www.pogotowieflagowe.pl\/aktualne\/wp-content\/uploads\/2024\/10\/Polska-przegrywa-z-Portugalia-w-Lidze-Narodow-gol-Zielinskiego-to.jpeg\",\"contentUrl\":\"https:\/\/www.pogotowieflagowe.pl\/aktualne\/wp-content\/uploads\/2024\/10\/Polska-przegrywa-z-Portugalia-w-Lidze-Narodow-gol-Zielinskiego-to.jpeg\",\"width\":1919,\"height\":1079,\"caption\":\"Polska przegrywa z Portugali\u0105 w Lidze Narod\u00f3w: gol Zieli\u0144skiego to za ma\u0142o\"},{\"@type\":\"BreadcrumbList\",\"@id\":\"https:\/\/www.pogotowieflagowe.pl\/aktualne\/polska-przegrywa-z-portugalia-w-lidze-narodow-gol-zielinskiego-to-za-malo\/#breadcrumb\",\"itemListElement\":[{\"@type\":\"ListItem\",\"position\":1,\"name\":\"Home\",\"item\":\"https:\/\/www.pogotowieflagowe.pl\/aktualne\/\"},{\"@type\":\"ListItem\",\"position\":2,\"name\":\"Polska przegrywa z Portugali\u0105 w Lidze Narod\u00f3w: gol Zieli\u0144skiego to za ma\u0142o\"}]},{\"@type\":\"WebSite\",\"@id\":\"https:\/\/www.pogotowieflagowe.pl\/aktualne\/#website\",\"url\":\"https:\/\/www.pogotowieflagowe.pl\/aktualne\/\",\"name\":\"POGOTOWIE FLAGOWE\u00ae\",\"description\":\"\",\"publisher\":{\"@id\":\"https:\/\/www.pogotowieflagowe.pl\/aktualne\/#organization\"},\"potentialAction\":[{\"@type\":\"SearchAction\",\"target\":{\"@type\":\"EntryPoint\",\"urlTemplate\":\"https:\/\/www.pogotowieflagowe.pl\/aktualne\/?s={search_term_string}\"},\"query-input\":\"required name=search_term_string\"}],\"inLanguage\":\"pl-PL\"},{\"@type\":\"Organization\",\"@id\":\"https:\/\/www.pogotowieflagowe.pl\/aktualne\/#organization\",\"name\":\"POGOTOWIE FLAGOWE\u00ae\",\"url\":\"https:\/\/www.pogotowieflagowe.pl\/aktualne\/\",\"logo\":{\"@type\":\"ImageObject\",\"inLanguage\":\"pl-PL\",\"@id\":\"https:\/\/www.pogotowieflagowe.pl\/aktualne\/#\/schema\/logo\/image\/\",\"url\":\"https:\/\/www.pogotowieflagowe.pl\/aktualne\/wp-content\/uploads\/2024\/08\/cropped-pogotowieflagowe_flaga_projekt_sm.jpg\",\"contentUrl\":\"https:\/\/www.pogotowieflagowe.pl\/aktualne\/wp-content\/uploads\/2024\/08\/cropped-pogotowieflagowe_flaga_projekt_sm.jpg\",\"width\":250,\"height\":143,\"caption\":\"POGOTOWIE FLAGOWE\u00ae\"},\"image\":{\"@id\":\"https:\/\/www.pogotowieflagowe.pl\/aktualne\/#\/schema\/logo\/image\/\"}},{\"@type\":\"Person\",\"@id\":\"https:\/\/www.pogotowieflagowe.pl\/aktualne\/#\/schema\/person\/9c2fb7d2362ebf6fa088960d7f0d27b0\",\"name\":\"Filip\",\"image\":{\"@type\":\"ImageObject\",\"inLanguage\":\"pl-PL\",\"@id\":\"https:\/\/www.pogotowieflagowe.pl\/aktualne\/#\/schema\/person\/image\/\",\"url\":\"https:\/\/www.pogotowieflagowe.pl\/aktualne\/wp-content\/uploads\/2024\/08\/pogotowieflagowe.pl_.jpg\",\"contentUrl\":\"https:\/\/www.pogotowieflagowe.pl\/aktualne\/wp-content\/uploads\/2024\/08\/pogotowieflagowe.pl_.jpg\",\"caption\":\"Filip\"},\"description\":\"Jestem Filip, polski dziennikarz z dyplomem nauk politycznych Uniwersytetu Warszawskiego. Rozpoczynaj\u0105c swoj\u0105 karier\u0119 w r\u00f3\u017cnych lokalnych mediach, zdoby\u0142em solidne do\u015bwiadczenie w zakresie \u015bledztwa i redakcji. Obecnie jako redaktor w Pogotowie flagowe, staram si\u0119 dostarcza\u0107 dog\u0142\u0119bne i istotne analizy na temat najwa\u017cniejszych kwestii aktualno\u015bci, \u0142\u0105cz\u0105c rygor z pasj\u0105 dziennikarsk\u0105.\",\"sameAs\":[\"https:\/\/www.pogotowieflagowe.pl\/\"]}]}<\/script>\n<!-- \/ Yoast SEO plugin. -->","yoast_head_json":{"title":"Polska przegrywa z Portugali\u0105 w Lidze Narod\u00f3w: gol Zieli\u0144skiego to za ma\u0142o - POGOTOWIE FLAGOWE\u00ae","robots":{"index":"index","follow":"follow","max-snippet":"max-snippet:-1","max-image-preview":"max-image-preview:large","max-video-preview":"max-video-preview:-1"},"canonical":"https:\/\/www.pogotowieflagowe.pl\/aktualne\/polska-przegrywa-z-portugalia-w-lidze-narodow-gol-zielinskiego-to-za-malo\/","og_locale":"pl_PL","og_type":"article","og_title":"Polska przegrywa z Portugali\u0105 w Lidze Narod\u00f3w: gol Zieli\u0144skiego to za ma\u0142o - POGOTOWIE FLAGOWE\u00ae","og_description":"W sobotni wiecz\u00f3r na Stadionie Narodowym w Warszawie reprezentacja Polski uleg\u0142a Portugalii 1:3 w Lidze Narod\u00f3w UEFA. Mimo bramki Piotra","og_url":"https:\/\/www.pogotowieflagowe.pl\/aktualne\/polska-przegrywa-z-portugalia-w-lidze-narodow-gol-zielinskiego-to-za-malo\/","og_site_name":"POGOTOWIE FLAGOWE\u00ae","article_published_time":"2024-10-12T21:49:27+00:00","article_modified_time":"2024-10-12T21:49:30+00:00","og_image":[{"width":1919,"height":1079,"url":"https:\/\/www.pogotowieflagowe.pl\/aktualne\/wp-content\/uploads\/2024\/10\/Polska-przegrywa-z-Portugalia-w-Lidze-Narodow-gol-Zielinskiego-to.jpeg","type":"image\/jpeg"}],"author":"Filip","twitter_card":"summary_large_image","twitter_misc":{"Napisane przez":"Filip","Szacowany czas czytania":"1 minuta"},"schema":{"@context":"https:\/\/schema.org","@graph":[{"@type":"Article","@id":"https:\/\/www.pogotowieflagowe.pl\/aktualne\/polska-przegrywa-z-portugalia-w-lidze-narodow-gol-zielinskiego-to-za-malo\/#article","isPartOf":{"@id":"https:\/\/www.pogotowieflagowe.pl\/aktualne\/polska-przegrywa-z-portugalia-w-lidze-narodow-gol-zielinskiego-to-za-malo\/"},"author":{"name":"Filip","@id":"https:\/\/www.pogotowieflagowe.pl\/aktualne\/#\/schema\/person\/9c2fb7d2362ebf6fa088960d7f0d27b0"},"headline":"Polska przegrywa z Portugali\u0105 w Lidze Narod\u00f3w: gol Zieli\u0144skiego to za ma\u0142o","datePublished":"2024-10-12T21:49:27+00:00","dateModified":"2024-10-12T21:49:30+00:00","mainEntityOfPage":{"@id":"https:\/\/www.pogotowieflagowe.pl\/aktualne\/polska-przegrywa-z-portugalia-w-lidze-narodow-gol-zielinskiego-to-za-malo\/"},"wordCount":197,"publisher":{"@id":"https:\/\/www.pogotowieflagowe.pl\/aktualne\/#organization"},"image":{"@id":"https:\/\/www.pogotowieflagowe.pl\/aktualne\/polska-przegrywa-z-portugalia-w-lidze-narodow-gol-zielinskiego-to-za-malo\/#primaryimage"},"thumbnailUrl":"https:\/\/www.pogotowieflagowe.pl\/aktualne\/wp-content\/uploads\/2024\/10\/Polska-przegrywa-z-Portugalia-w-Lidze-Narodow-gol-Zielinskiego-to.jpeg","keywords":["gol","Lidze","ma\u0142o","Narod\u00f3w","polska","Portugali\u0105","przegrywa","Zieli\u0144skiego"],"articleSection":["Lekkoatletyka"],"inLanguage":"pl-PL"},{"@type":"WebPage","@id":"https:\/\/www.pogotowieflagowe.pl\/aktualne\/polska-przegrywa-z-portugalia-w-lidze-narodow-gol-zielinskiego-to-za-malo\/","url":"https:\/\/www.pogotowieflagowe.pl\/aktualne\/polska-przegrywa-z-portugalia-w-lidze-narodow-gol-zielinskiego-to-za-malo\/","name":"Polska przegrywa z Portugali\u0105 w Lidze Narod\u00f3w: gol Zieli\u0144skiego to za ma\u0142o - POGOTOWIE FLAGOWE\u00ae","isPartOf":{"@id":"https:\/\/www.pogotowieflagowe.pl\/aktualne\/#website"},"primaryImageOfPage":{"@id":"https:\/\/www.pogotowieflagowe.pl\/aktualne\/polska-przegrywa-z-portugalia-w-lidze-narodow-gol-zielinskiego-to-za-malo\/#primaryimage"},"image":{"@id":"https:\/\/www.pogotowieflagowe.pl\/aktualne\/polska-przegrywa-z-portugalia-w-lidze-narodow-gol-zielinskiego-to-za-malo\/#primaryimage"},"thumbnailUrl":"https:\/\/www.pogotowieflagowe.pl\/aktualne\/wp-content\/uploads\/2024\/10\/Polska-przegrywa-z-Portugalia-w-Lidze-Narodow-gol-Zielinskiego-to.jpeg","datePublished":"2024-10-12T21:49:27+00:00","dateModified":"2024-10-12T21:49:30+00:00","breadcrumb":{"@id":"https:\/\/www.pogotowieflagowe.pl\/aktualne\/polska-przegrywa-z-portugalia-w-lidze-narodow-gol-zielinskiego-to-za-malo\/#breadcrumb"},"inLanguage":"pl-PL","potentialAction":[{"@type":"ReadAction","target":["https:\/\/www.pogotowieflagowe.pl\/aktualne\/polska-przegrywa-z-portugalia-w-lidze-narodow-gol-zielinskiego-to-za-malo\/"]}]},{"@type":"ImageObject","inLanguage":"pl-PL","@id":"https:\/\/www.pogotowieflagowe.pl\/aktualne\/polska-przegrywa-z-portugalia-w-lidze-narodow-gol-zielinskiego-to-za-malo\/#primaryimage","url":"https:\/\/www.pogotowieflagowe.pl\/aktualne\/wp-content\/uploads\/2024\/10\/Polska-przegrywa-z-Portugalia-w-Lidze-Narodow-gol-Zielinskiego-to.jpeg","contentUrl":"https:\/\/www.pogotowieflagowe.pl\/aktualne\/wp-content\/uploads\/2024\/10\/Polska-przegrywa-z-Portugalia-w-Lidze-Narodow-gol-Zielinskiego-to.jpeg","width":1919,"height":1079,"caption":"Polska przegrywa z Portugali\u0105 w Lidze Narod\u00f3w: gol Zieli\u0144skiego to za ma\u0142o"},{"@type":"BreadcrumbList","@id":"https:\/\/www.pogotowieflagowe.pl\/aktualne\/polska-przegrywa-z-portugalia-w-lidze-narodow-gol-zielinskiego-to-za-malo\/#breadcrumb","itemListElement":[{"@type":"ListItem","position":1,"name":"Home","item":"https:\/\/www.pogotowieflagowe.pl\/aktualne\/"},{"@type":"ListItem","position":2,"name":"Polska przegrywa z Portugali\u0105 w Lidze Narod\u00f3w: gol Zieli\u0144skiego to za ma\u0142o"}]},{"@type":"WebSite","@id":"https:\/\/www.pogotowieflagowe.pl\/aktualne\/#website","url":"https:\/\/www.pogotowieflagowe.pl\/aktualne\/","name":"POGOTOWIE FLAGOWE\u00ae","description":"","publisher":{"@id":"https:\/\/www.pogotowieflagowe.pl\/aktualne\/#organization"},"potentialAction":[{"@type":"SearchAction","target":{"@type":"EntryPoint","urlTemplate":"https:\/\/www.pogotowieflagowe.pl\/aktualne\/?s={search_term_string}"},"query-input":"required name=search_term_string"}],"inLanguage":"pl-PL"},{"@type":"Organization","@id":"https:\/\/www.pogotowieflagowe.pl\/aktualne\/#organization","name":"POGOTOWIE FLAGOWE\u00ae","url":"https:\/\/www.pogotowieflagowe.pl\/aktualne\/","logo":{"@type":"ImageObject","inLanguage":"pl-PL","@id":"https:\/\/www.pogotowieflagowe.pl\/aktualne\/#\/schema\/logo\/image\/","url":"https:\/\/www.pogotowieflagowe.pl\/aktualne\/wp-content\/uploads\/2024\/08\/cropped-pogotowieflagowe_flaga_projekt_sm.jpg","contentUrl":"https:\/\/www.pogotowieflagowe.pl\/aktualne\/wp-content\/uploads\/2024\/08\/cropped-pogotowieflagowe_flaga_projekt_sm.jpg","width":250,"height":143,"caption":"POGOTOWIE FLAGOWE\u00ae"},"image":{"@id":"https:\/\/www.pogotowieflagowe.pl\/aktualne\/#\/schema\/logo\/image\/"}},{"@type":"Person","@id":"https:\/\/www.pogotowieflagowe.pl\/aktualne\/#\/schema\/person\/9c2fb7d2362ebf6fa088960d7f0d27b0","name":"Filip","image":{"@type":"ImageObject","inLanguage":"pl-PL","@id":"https:\/\/www.pogotowieflagowe.pl\/aktualne\/#\/schema\/person\/image\/","url":"https:\/\/www.pogotowieflagowe.pl\/aktualne\/wp-content\/uploads\/2024\/08\/pogotowieflagowe.pl_.jpg","contentUrl":"https:\/\/www.pogotowieflagowe.pl\/aktualne\/wp-content\/uploads\/2024\/08\/pogotowieflagowe.pl_.jpg","caption":"Filip"},"description":"Jestem Filip, polski dziennikarz z dyplomem nauk politycznych Uniwersytetu Warszawskiego. Rozpoczynaj\u0105c swoj\u0105 karier\u0119 w r\u00f3\u017cnych lokalnych mediach, zdoby\u0142em solidne do\u015bwiadczenie w zakresie \u015bledztwa i redakcji. Obecnie jako redaktor w Pogotowie flagowe, staram si\u0119 dostarcza\u0107 dog\u0142\u0119bne i istotne analizy na temat najwa\u017cniejszych kwestii aktualno\u015bci, \u0142\u0105cz\u0105c rygor z pasj\u0105 dziennikarsk\u0105.","sameAs":["https:\/\/www.pogotowieflagowe.pl\/"]}]}},"_links":{"self":[{"href":"https:\/\/www.pogotowieflagowe.pl\/aktualne\/wp-json\/wp\/v2\/posts\/1260","targetHints":{"allow":["GET"]}}],"collection":[{"href":"https:\/\/www.pogotowieflagowe.pl\/aktualne\/wp-json\/wp\/v2\/posts"}],"about":[{"href":"https:\/\/www.pogotowieflagowe.pl\/aktualne\/wp-json\/wp\/v2\/types\/post"}],"author":[{"embeddable":true,"href":"https:\/\/www.pogotowieflagowe.pl\/aktualne\/wp-json\/wp\/v2\/users\/1"}],"replies":[{"embeddable":true,"href":"https:\/\/www.pogotowieflagowe.pl\/aktualne\/wp-json\/wp\/v2\/comments?post=1260"}],"version-history":[{"count":1,"href":"https:\/\/www.pogotowieflagowe.pl\/aktualne\/wp-json\/wp\/v2\/posts\/1260\/revisions"}],"predecessor-version":[{"id":1262,"href":"https:\/\/www.pogotowieflagowe.pl\/aktualne\/wp-json\/wp\/v2\/posts\/1260\/revisions\/1262"}],"wp:featuredmedia":[{"embeddable":true,"href":"https:\/\/www.pogotowieflagowe.pl\/aktualne\/wp-json\/wp\/v2\/media\/1261"}],"wp:attachment":[{"href":"https:\/\/www.pogotowieflagowe.pl\/aktualne\/wp-json\/wp\/v2\/media?parent=1260"}],"wp:term":[{"taxonomy":"category","embeddable":true,"href":"https:\/\/www.pogotowieflagowe.pl\/aktualne\/wp-json\/wp\/v2\/categories?post=1260"},{"taxonomy":"post_tag","embeddable":true,"href":"https:\/\/www.pogotowieflagowe.pl\/aktualne\/wp-json\/wp\/v2\/tags?post=1260"}],"curies":[{"name":"wp","href":"https:\/\/api.w.org\/{rel}","templated":true}]}}