{"id":1263,"date":"2024-10-13T02:49:19","date_gmt":"2024-10-13T00:49:19","guid":{"rendered":"https:\/\/www.pogotowieflagowe.pl\/aktualne\/polenergia-i-equinor-podejmuja-kluczowy-krok-w-rozwoju-morskiego-projektu-wiatrowego-baltyk-1\/"},"modified":"2024-10-13T02:49:19","modified_gmt":"2024-10-13T00:49:19","slug":"polenergia-i-equinor-podejmuja-kluczowy-krok-w-rozwoju-morskiego-projektu-wiatrowego-baltyk-1","status":"publish","type":"post","link":"https:\/\/www.pogotowieflagowe.pl\/aktualne\/polenergia-i-equinor-podejmuja-kluczowy-krok-w-rozwoju-morskiego-projektu-wiatrowego-baltyk-1\/","title":{"rendered":"Polenergia i Equinor podejmuj\u0105 kluczowy krok w rozwoju morskiego projektu wiatrowego Ba\u0142tyk 1"},"content":{"rendered":"\n<div class=\"td_block_wrap tdb_single_content tdi_48 td-pb-border-top td_block_template_8 td-post-content tagdiv-type\" data-td-block-uid=\"tdi_48\">\n<style>.tdi_48{margines-g\u00f3rny:0px!important;margin-bottom:0px!important;dope\u0142nienie-g\u00f3ra:0px!important;dope\u0142nienie-d\u00f3\u0142:0px!important}<\/style>\n<style>.tdb_single_content{margin-bottom:0;*zoom:1}.tdb_single_content:before,.tdb_single_content:after{display:table;content:'';line-height:0}.tdb_single_content:after{clear:both}.tdb_single_content .tdb-block-inner>*:not(.wp-block-quote):not(.alignwide):not(.alignfull.wp-block-cover.has-parallax):not(.td-a-ad) {margin-left:auto;margin-right:auto}.tdb_single_content a{pointer-events:auto}.tdb_single_content .td-spot-id-top_ad .tdc-placeholder-title:before{content:'Najlepsza reklama artyku\u0142u'! wa\u017cne}.tdb_single_content .td-spot-id-inline_ad0 .tdc-placeholder-title:before{content:'Article Inline Ad 1'!important}.tdb_single_content .td-spot-id-inline_ad1 .tdc-placeholder-title:before {content:'Reklama wbudowana w artyku\u0142 2'!important}.tdb_single_content .td-spot-id-inline_ad2 .tdc-placeholder-title:before{content:'Reklama wbudowana w artyku\u0142 3'!important}.tdb_single_content .td-spot-id -bottom_ad .tdc-placeholder-title:before{content:'Article Bottom Ad'!important}.tdb_single_content .id_top_ad,.tdb_single_content .id_bottom_ad{clear:both;margin-bottom:21px;text-align:center}.tdb_single_content . id_top_ad img,.tdb_single_content .id_bottom_ad img{margin-bottom:0}.tdb_single_content .id_top_ad .adsbygoogle,.tdb_single_content .id_bottom_ad .adsbygoogle{position:relative}.tdb_single_content .id_ad_content-horiz- po lewej,.tdb_single_content .id_ad_content-horiz-right ,.tdb_single_content .id_ad_content-horiz-center{margin-bottom:15px}.tdb_single_content .id_ad_content-horiz-left img,.tdb_single_content .id_ad_content-horiz-right img,.tdb_single_content .id_ad_content-horiz -center img{margines-dolny: 0}.tdb_single_content .id_ad_content-horiz-center{text-align:center}.tdb_single_content .id_ad_content-horiz-center img{margin-right:auto;margin-left:auto}.tdb_single_content .id_ad_content-horiz-left{float: lewy;margin-g\u00f3rny:9px;margin-prawy:21px}.tdb_single_content .id_ad_content-horiz-right{float:right;margin-top:6px;margin-left:21px}.tdb_single_content .tdc-a-ad .tdc- placeholder-title{width:300px;height:250px}.tdb_single_content .tdc-a-ad .tdc-placeholder-title:before{position:absolute;top:50%;-webkit-transform:translateY(-50%); transform:translateY(-50%);margines:auto;display:table;width:100%}.tdb_single_content .tdb-block-inner.td-fix-index{word-break:break-word}.tdi_48,.tdi_48 >p,.tdi_48 .tdb-block-inner>p{font-size:16px!important;line-height:1.6!important}.tdi_48 .tdb-block-inner blockquote p{font-style:normal!important}@ media (maks. szeroko\u015b\u0107: 767 pikseli){.tdb_single_content .id_ad_content-horiz-left,.tdb_single_content .id_ad_content-horiz-right,.tdb_single_content .id_ad_content-horiz-center{margin:0 auto 26px auto}}@media (maks. szeroko\u015b\u0107 :767px){.tdb_single_content .id_ad_content-horiz-left{margin-right:0}}@media (max-width:767px){.tdb_single_content .id_ad_content-horiz-right{margin-left:0}}@media (max -width:767px){.tdb_single_content .td-a-ad{float:none;text-align:center}.tdb_single_content .td-a-ad img{margin-right:auto;margin-left:auto}.tdb_single_content . tdc-a-ad{float:none}}<\/style>\n<div class=\"tdb-block-inner td-fix-index\">\n<h2 class=\"wp-block-heading\">Polenergia i Equinor podpisuj\u0105 umow\u0119 doradcz\u0105 przy projekcie Ba\u0142tyk 1, najwi\u0119kszym w Polsce projekcie morskiej energetyki wiatrowej, maj\u0105cym na celu dostarczenie energii do 2 milion\u00f3w dom\u00f3w.<\/h2>\n<p>Polenergia i Equinor podpisa\u0142y umow\u0119 z firmami Ramboll i Projmors na \u015bwiadczenie us\u0142ug doradczych przy budowie Ba\u0142tyk 1, najwi\u0119kszej planowanej morskiej farmy wiatrowej w Polsce. Projekt o mocy do 1560 MW ma wystartowa\u0107 w aukcji w 2025 roku. Po\u0142o\u017cony 81 km od polskiego wybrze\u017ca Ba\u0142tyk 1 stanowi cz\u0119\u015b\u0107 drugiego etapu rozwoju morskiej energetyki wiatrowej w Polsce.<\/p>\n<p><strong>Zwi\u0119kszanie zielonej energii dla milion\u00f3w dom\u00f3w<\/strong><\/p>\n<p>Oczekuje si\u0119, \u017ce Ba\u0142tyk 1 podwoi moc wydobycia energii na morzu, dostarczaj\u0105c czyst\u0105 energi\u0119 do 2 milion\u00f3w dom\u00f3w. Energia elektryczna przesy\u0142ana b\u0119dzie do stacji Krzemienica nale\u017c\u0105cej do PSE. Projekt ten, wraz z Ba\u0142tykiem 2 i 3, dostarczy \u0142\u0105cznie ponad 4 miliony dom\u00f3w w zielon\u0105 energi\u0119, wzmacniaj\u0105c rol\u0119 Morza Ba\u0142tyckiego w transformacji energetycznej Polski.<\/p>\n<p><strong>Wp\u0142yw na \u015brodowisko i gospodark\u0119<\/strong><\/p>\n<p>Projekt obejmuje podziemny korytarz przesy\u0142owy o d\u0142ugo\u015bci 20 km, kt\u00f3ry ma chroni\u0107 krajobraz i minimalizowa\u0107 wp\u0142yw na u\u017cytkowanie grunt\u00f3w, ukazuj\u0105c synergi\u0119 globalnej wiedzy specjalistycznej i lokalnej specjalizacji.<\/p>\n<\/div>\n<\/div>\n","protected":false},"excerpt":{"rendered":"<p>Polenergia i Equinor podpisuj\u0105 umow\u0119 doradcz\u0105 przy projekcie Ba\u0142tyk 1, najwi\u0119kszym w Polsce projekcie morskiej energetyki wiatrowej, maj\u0105cym na celu<\/p>\n","protected":false},"author":1,"featured_media":1264,"comment_status":"closed","ping_status":"","sticky":false,"template":"","format":"standard","meta":{"footnotes":""},"categories":[45],"tags":[2106,840,2100,2101,2103,1004,459,2104,2102,2105],"class_list":["post-1263","post","type-post","status-publish","format-standard","has-post-thumbnail","hentry","category-biznes","tag-baltyk","tag-equinor","tag-kluczowy","tag-krok","tag-morskiego","tag-podejmuja","tag-polenergia","tag-projektu","tag-rozwoju","tag-wiatrowego","generate-columns","tablet-grid-50","mobile-grid-100","grid-parent","grid-50","resize-featured-image"],"yoast_head":"<!-- This site is optimized with the Yoast SEO plugin v23.2 - https:\/\/yoast.com\/wordpress\/plugins\/seo\/ -->\n<title>Polenergia i Equinor podejmuj\u0105 kluczowy krok w rozwoju morskiego projektu wiatrowego Ba\u0142tyk 1 - POGOTOWIE FLAGOWE\u00ae<\/title>\n<meta name=\"robots\" content=\"index, follow, max-snippet:-1, max-image-preview:large, max-video-preview:-1\" \/>\n<link rel=\"canonical\" href=\"https:\/\/www.pogotowieflagowe.pl\/aktualne\/polenergia-i-equinor-podejmuja-kluczowy-krok-w-rozwoju-morskiego-projektu-wiatrowego-baltyk-1\/\" \/>\n<meta property=\"og:locale\" content=\"pl_PL\" \/>\n<meta property=\"og:type\" content=\"article\" \/>\n<meta property=\"og:title\" content=\"Polenergia i Equinor podejmuj\u0105 kluczowy krok w rozwoju morskiego projektu wiatrowego Ba\u0142tyk 1 - POGOTOWIE FLAGOWE\u00ae\" \/>\n<meta property=\"og:description\" content=\"Polenergia i Equinor podpisuj\u0105 umow\u0119 doradcz\u0105 przy projekcie Ba\u0142tyk 1, najwi\u0119kszym w Polsce projekcie morskiej energetyki wiatrowej, maj\u0105cym na celu\" \/>\n<meta property=\"og:url\" content=\"https:\/\/www.pogotowieflagowe.pl\/aktualne\/polenergia-i-equinor-podejmuja-kluczowy-krok-w-rozwoju-morskiego-projektu-wiatrowego-baltyk-1\/\" \/>\n<meta property=\"og:site_name\" content=\"POGOTOWIE FLAGOWE\u00ae\" \/>\n<meta property=\"article:published_time\" content=\"2024-10-13T00:49:19+00:00\" \/>\n<meta property=\"og:image\" content=\"https:\/\/www.pogotowieflagowe.pl\/aktualne\/wp-content\/uploads\/2024\/10\/Polenergia-i-Equinor-podejmuja-kluczowy-krok-w-rozwoju-morskiego-projektu.jpg\" \/>\n\t<meta property=\"og:image:width\" content=\"737\" \/>\n\t<meta property=\"og:image:height\" content=\"415\" \/>\n\t<meta property=\"og:image:type\" content=\"image\/jpeg\" \/>\n<meta name=\"author\" content=\"Filip\" \/>\n<meta name=\"twitter:card\" content=\"summary_large_image\" \/>\n<meta name=\"twitter:label1\" content=\"Napisane przez\" \/>\n\t<meta name=\"twitter:data1\" content=\"Filip\" \/>\n\t<meta name=\"twitter:label2\" content=\"Szacowany czas czytania\" \/>\n\t<meta name=\"twitter:data2\" content=\"1 minuta\" \/>\n<script type=\"application\/ld+json\" class=\"yoast-schema-graph\">{\"@context\":\"https:\/\/schema.org\",\"@graph\":[{\"@type\":\"Article\",\"@id\":\"https:\/\/www.pogotowieflagowe.pl\/aktualne\/polenergia-i-equinor-podejmuja-kluczowy-krok-w-rozwoju-morskiego-projektu-wiatrowego-baltyk-1\/#article\",\"isPartOf\":{\"@id\":\"https:\/\/www.pogotowieflagowe.pl\/aktualne\/polenergia-i-equinor-podejmuja-kluczowy-krok-w-rozwoju-morskiego-projektu-wiatrowego-baltyk-1\/\"},\"author\":{\"name\":\"Filip\",\"@id\":\"https:\/\/www.pogotowieflagowe.pl\/aktualne\/#\/schema\/person\/9c2fb7d2362ebf6fa088960d7f0d27b0\"},\"headline\":\"Polenergia i Equinor podejmuj\u0105 kluczowy krok w rozwoju morskiego projektu wiatrowego Ba\u0142tyk 1\",\"datePublished\":\"2024-10-13T00:49:19+00:00\",\"dateModified\":\"2024-10-13T00:49:19+00:00\",\"mainEntityOfPage\":{\"@id\":\"https:\/\/www.pogotowieflagowe.pl\/aktualne\/polenergia-i-equinor-podejmuja-kluczowy-krok-w-rozwoju-morskiego-projektu-wiatrowego-baltyk-1\/\"},\"wordCount\":209,\"publisher\":{\"@id\":\"https:\/\/www.pogotowieflagowe.pl\/aktualne\/#organization\"},\"image\":{\"@id\":\"https:\/\/www.pogotowieflagowe.pl\/aktualne\/polenergia-i-equinor-podejmuja-kluczowy-krok-w-rozwoju-morskiego-projektu-wiatrowego-baltyk-1\/#primaryimage\"},\"thumbnailUrl\":\"https:\/\/www.pogotowieflagowe.pl\/aktualne\/wp-content\/uploads\/2024\/10\/Polenergia-i-Equinor-podejmuja-kluczowy-krok-w-rozwoju-morskiego-projektu.jpg\",\"keywords\":[\"Ba\u0142tyk\",\"Equinor\",\"kluczowy\",\"krok\",\"morskiego\",\"podejmuj\u0105\",\"Polenergia\",\"projektu\",\"rozwoju\",\"wiatrowego\"],\"articleSection\":[\"Biznes\"],\"inLanguage\":\"pl-PL\"},{\"@type\":\"WebPage\",\"@id\":\"https:\/\/www.pogotowieflagowe.pl\/aktualne\/polenergia-i-equinor-podejmuja-kluczowy-krok-w-rozwoju-morskiego-projektu-wiatrowego-baltyk-1\/\",\"url\":\"https:\/\/www.pogotowieflagowe.pl\/aktualne\/polenergia-i-equinor-podejmuja-kluczowy-krok-w-rozwoju-morskiego-projektu-wiatrowego-baltyk-1\/\",\"name\":\"Polenergia i Equinor podejmuj\u0105 kluczowy krok w rozwoju morskiego projektu wiatrowego Ba\u0142tyk 1 - POGOTOWIE FLAGOWE\u00ae\",\"isPartOf\":{\"@id\":\"https:\/\/www.pogotowieflagowe.pl\/aktualne\/#website\"},\"primaryImageOfPage\":{\"@id\":\"https:\/\/www.pogotowieflagowe.pl\/aktualne\/polenergia-i-equinor-podejmuja-kluczowy-krok-w-rozwoju-morskiego-projektu-wiatrowego-baltyk-1\/#primaryimage\"},\"image\":{\"@id\":\"https:\/\/www.pogotowieflagowe.pl\/aktualne\/polenergia-i-equinor-podejmuja-kluczowy-krok-w-rozwoju-morskiego-projektu-wiatrowego-baltyk-1\/#primaryimage\"},\"thumbnailUrl\":\"https:\/\/www.pogotowieflagowe.pl\/aktualne\/wp-content\/uploads\/2024\/10\/Polenergia-i-Equinor-podejmuja-kluczowy-krok-w-rozwoju-morskiego-projektu.jpg\",\"datePublished\":\"2024-10-13T00:49:19+00:00\",\"dateModified\":\"2024-10-13T00:49:19+00:00\",\"breadcrumb\":{\"@id\":\"https:\/\/www.pogotowieflagowe.pl\/aktualne\/polenergia-i-equinor-podejmuja-kluczowy-krok-w-rozwoju-morskiego-projektu-wiatrowego-baltyk-1\/#breadcrumb\"},\"inLanguage\":\"pl-PL\",\"potentialAction\":[{\"@type\":\"ReadAction\",\"target\":[\"https:\/\/www.pogotowieflagowe.pl\/aktualne\/polenergia-i-equinor-podejmuja-kluczowy-krok-w-rozwoju-morskiego-projektu-wiatrowego-baltyk-1\/\"]}]},{\"@type\":\"ImageObject\",\"inLanguage\":\"pl-PL\",\"@id\":\"https:\/\/www.pogotowieflagowe.pl\/aktualne\/polenergia-i-equinor-podejmuja-kluczowy-krok-w-rozwoju-morskiego-projektu-wiatrowego-baltyk-1\/#primaryimage\",\"url\":\"https:\/\/www.pogotowieflagowe.pl\/aktualne\/wp-content\/uploads\/2024\/10\/Polenergia-i-Equinor-podejmuja-kluczowy-krok-w-rozwoju-morskiego-projektu.jpg\",\"contentUrl\":\"https:\/\/www.pogotowieflagowe.pl\/aktualne\/wp-content\/uploads\/2024\/10\/Polenergia-i-Equinor-podejmuja-kluczowy-krok-w-rozwoju-morskiego-projektu.jpg\",\"width\":737,\"height\":415,\"caption\":\"Polenergia i Equinor podejmuj\u0105 kluczowy krok w rozwoju morskiego projektu wiatrowego Ba\u0142tyk 1\"},{\"@type\":\"BreadcrumbList\",\"@id\":\"https:\/\/www.pogotowieflagowe.pl\/aktualne\/polenergia-i-equinor-podejmuja-kluczowy-krok-w-rozwoju-morskiego-projektu-wiatrowego-baltyk-1\/#breadcrumb\",\"itemListElement\":[{\"@type\":\"ListItem\",\"position\":1,\"name\":\"Home\",\"item\":\"https:\/\/www.pogotowieflagowe.pl\/aktualne\/\"},{\"@type\":\"ListItem\",\"position\":2,\"name\":\"Polenergia i Equinor podejmuj\u0105 kluczowy krok w rozwoju morskiego projektu wiatrowego Ba\u0142tyk 1\"}]},{\"@type\":\"WebSite\",\"@id\":\"https:\/\/www.pogotowieflagowe.pl\/aktualne\/#website\",\"url\":\"https:\/\/www.pogotowieflagowe.pl\/aktualne\/\",\"name\":\"POGOTOWIE FLAGOWE\u00ae\",\"description\":\"\",\"publisher\":{\"@id\":\"https:\/\/www.pogotowieflagowe.pl\/aktualne\/#organization\"},\"potentialAction\":[{\"@type\":\"SearchAction\",\"target\":{\"@type\":\"EntryPoint\",\"urlTemplate\":\"https:\/\/www.pogotowieflagowe.pl\/aktualne\/?s={search_term_string}\"},\"query-input\":\"required name=search_term_string\"}],\"inLanguage\":\"pl-PL\"},{\"@type\":\"Organization\",\"@id\":\"https:\/\/www.pogotowieflagowe.pl\/aktualne\/#organization\",\"name\":\"POGOTOWIE FLAGOWE\u00ae\",\"url\":\"https:\/\/www.pogotowieflagowe.pl\/aktualne\/\",\"logo\":{\"@type\":\"ImageObject\",\"inLanguage\":\"pl-PL\",\"@id\":\"https:\/\/www.pogotowieflagowe.pl\/aktualne\/#\/schema\/logo\/image\/\",\"url\":\"https:\/\/www.pogotowieflagowe.pl\/aktualne\/wp-content\/uploads\/2024\/08\/cropped-pogotowieflagowe_flaga_projekt_sm.jpg\",\"contentUrl\":\"https:\/\/www.pogotowieflagowe.pl\/aktualne\/wp-content\/uploads\/2024\/08\/cropped-pogotowieflagowe_flaga_projekt_sm.jpg\",\"width\":250,\"height\":143,\"caption\":\"POGOTOWIE FLAGOWE\u00ae\"},\"image\":{\"@id\":\"https:\/\/www.pogotowieflagowe.pl\/aktualne\/#\/schema\/logo\/image\/\"}},{\"@type\":\"Person\",\"@id\":\"https:\/\/www.pogotowieflagowe.pl\/aktualne\/#\/schema\/person\/9c2fb7d2362ebf6fa088960d7f0d27b0\",\"name\":\"Filip\",\"image\":{\"@type\":\"ImageObject\",\"inLanguage\":\"pl-PL\",\"@id\":\"https:\/\/www.pogotowieflagowe.pl\/aktualne\/#\/schema\/person\/image\/\",\"url\":\"https:\/\/www.pogotowieflagowe.pl\/aktualne\/wp-content\/uploads\/2024\/08\/pogotowieflagowe.pl_.jpg\",\"contentUrl\":\"https:\/\/www.pogotowieflagowe.pl\/aktualne\/wp-content\/uploads\/2024\/08\/pogotowieflagowe.pl_.jpg\",\"caption\":\"Filip\"},\"description\":\"Jestem Filip, polski dziennikarz z dyplomem nauk politycznych Uniwersytetu Warszawskiego. Rozpoczynaj\u0105c swoj\u0105 karier\u0119 w r\u00f3\u017cnych lokalnych mediach, zdoby\u0142em solidne do\u015bwiadczenie w zakresie \u015bledztwa i redakcji. Obecnie jako redaktor w Pogotowie flagowe, staram si\u0119 dostarcza\u0107 dog\u0142\u0119bne i istotne analizy na temat najwa\u017cniejszych kwestii aktualno\u015bci, \u0142\u0105cz\u0105c rygor z pasj\u0105 dziennikarsk\u0105.\",\"sameAs\":[\"https:\/\/www.pogotowieflagowe.pl\/\"]}]}<\/script>\n<!-- \/ Yoast SEO plugin. -->","yoast_head_json":{"title":"Polenergia i Equinor podejmuj\u0105 kluczowy krok w rozwoju morskiego projektu wiatrowego Ba\u0142tyk 1 - POGOTOWIE FLAGOWE\u00ae","robots":{"index":"index","follow":"follow","max-snippet":"max-snippet:-1","max-image-preview":"max-image-preview:large","max-video-preview":"max-video-preview:-1"},"canonical":"https:\/\/www.pogotowieflagowe.pl\/aktualne\/polenergia-i-equinor-podejmuja-kluczowy-krok-w-rozwoju-morskiego-projektu-wiatrowego-baltyk-1\/","og_locale":"pl_PL","og_type":"article","og_title":"Polenergia i Equinor podejmuj\u0105 kluczowy krok w rozwoju morskiego projektu wiatrowego Ba\u0142tyk 1 - POGOTOWIE FLAGOWE\u00ae","og_description":"Polenergia i Equinor podpisuj\u0105 umow\u0119 doradcz\u0105 przy projekcie Ba\u0142tyk 1, najwi\u0119kszym w Polsce projekcie morskiej energetyki wiatrowej, maj\u0105cym na celu","og_url":"https:\/\/www.pogotowieflagowe.pl\/aktualne\/polenergia-i-equinor-podejmuja-kluczowy-krok-w-rozwoju-morskiego-projektu-wiatrowego-baltyk-1\/","og_site_name":"POGOTOWIE FLAGOWE\u00ae","article_published_time":"2024-10-13T00:49:19+00:00","og_image":[{"width":737,"height":415,"url":"https:\/\/www.pogotowieflagowe.pl\/aktualne\/wp-content\/uploads\/2024\/10\/Polenergia-i-Equinor-podejmuja-kluczowy-krok-w-rozwoju-morskiego-projektu.jpg","type":"image\/jpeg"}],"author":"Filip","twitter_card":"summary_large_image","twitter_misc":{"Napisane przez":"Filip","Szacowany czas czytania":"1 minuta"},"schema":{"@context":"https:\/\/schema.org","@graph":[{"@type":"Article","@id":"https:\/\/www.pogotowieflagowe.pl\/aktualne\/polenergia-i-equinor-podejmuja-kluczowy-krok-w-rozwoju-morskiego-projektu-wiatrowego-baltyk-1\/#article","isPartOf":{"@id":"https:\/\/www.pogotowieflagowe.pl\/aktualne\/polenergia-i-equinor-podejmuja-kluczowy-krok-w-rozwoju-morskiego-projektu-wiatrowego-baltyk-1\/"},"author":{"name":"Filip","@id":"https:\/\/www.pogotowieflagowe.pl\/aktualne\/#\/schema\/person\/9c2fb7d2362ebf6fa088960d7f0d27b0"},"headline":"Polenergia i Equinor podejmuj\u0105 kluczowy krok w rozwoju morskiego projektu wiatrowego Ba\u0142tyk 1","datePublished":"2024-10-13T00:49:19+00:00","dateModified":"2024-10-13T00:49:19+00:00","mainEntityOfPage":{"@id":"https:\/\/www.pogotowieflagowe.pl\/aktualne\/polenergia-i-equinor-podejmuja-kluczowy-krok-w-rozwoju-morskiego-projektu-wiatrowego-baltyk-1\/"},"wordCount":209,"publisher":{"@id":"https:\/\/www.pogotowieflagowe.pl\/aktualne\/#organization"},"image":{"@id":"https:\/\/www.pogotowieflagowe.pl\/aktualne\/polenergia-i-equinor-podejmuja-kluczowy-krok-w-rozwoju-morskiego-projektu-wiatrowego-baltyk-1\/#primaryimage"},"thumbnailUrl":"https:\/\/www.pogotowieflagowe.pl\/aktualne\/wp-content\/uploads\/2024\/10\/Polenergia-i-Equinor-podejmuja-kluczowy-krok-w-rozwoju-morskiego-projektu.jpg","keywords":["Ba\u0142tyk","Equinor","kluczowy","krok","morskiego","podejmuj\u0105","Polenergia","projektu","rozwoju","wiatrowego"],"articleSection":["Biznes"],"inLanguage":"pl-PL"},{"@type":"WebPage","@id":"https:\/\/www.pogotowieflagowe.pl\/aktualne\/polenergia-i-equinor-podejmuja-kluczowy-krok-w-rozwoju-morskiego-projektu-wiatrowego-baltyk-1\/","url":"https:\/\/www.pogotowieflagowe.pl\/aktualne\/polenergia-i-equinor-podejmuja-kluczowy-krok-w-rozwoju-morskiego-projektu-wiatrowego-baltyk-1\/","name":"Polenergia i Equinor podejmuj\u0105 kluczowy krok w rozwoju morskiego projektu wiatrowego Ba\u0142tyk 1 - POGOTOWIE FLAGOWE\u00ae","isPartOf":{"@id":"https:\/\/www.pogotowieflagowe.pl\/aktualne\/#website"},"primaryImageOfPage":{"@id":"https:\/\/www.pogotowieflagowe.pl\/aktualne\/polenergia-i-equinor-podejmuja-kluczowy-krok-w-rozwoju-morskiego-projektu-wiatrowego-baltyk-1\/#primaryimage"},"image":{"@id":"https:\/\/www.pogotowieflagowe.pl\/aktualne\/polenergia-i-equinor-podejmuja-kluczowy-krok-w-rozwoju-morskiego-projektu-wiatrowego-baltyk-1\/#primaryimage"},"thumbnailUrl":"https:\/\/www.pogotowieflagowe.pl\/aktualne\/wp-content\/uploads\/2024\/10\/Polenergia-i-Equinor-podejmuja-kluczowy-krok-w-rozwoju-morskiego-projektu.jpg","datePublished":"2024-10-13T00:49:19+00:00","dateModified":"2024-10-13T00:49:19+00:00","breadcrumb":{"@id":"https:\/\/www.pogotowieflagowe.pl\/aktualne\/polenergia-i-equinor-podejmuja-kluczowy-krok-w-rozwoju-morskiego-projektu-wiatrowego-baltyk-1\/#breadcrumb"},"inLanguage":"pl-PL","potentialAction":[{"@type":"ReadAction","target":["https:\/\/www.pogotowieflagowe.pl\/aktualne\/polenergia-i-equinor-podejmuja-kluczowy-krok-w-rozwoju-morskiego-projektu-wiatrowego-baltyk-1\/"]}]},{"@type":"ImageObject","inLanguage":"pl-PL","@id":"https:\/\/www.pogotowieflagowe.pl\/aktualne\/polenergia-i-equinor-podejmuja-kluczowy-krok-w-rozwoju-morskiego-projektu-wiatrowego-baltyk-1\/#primaryimage","url":"https:\/\/www.pogotowieflagowe.pl\/aktualne\/wp-content\/uploads\/2024\/10\/Polenergia-i-Equinor-podejmuja-kluczowy-krok-w-rozwoju-morskiego-projektu.jpg","contentUrl":"https:\/\/www.pogotowieflagowe.pl\/aktualne\/wp-content\/uploads\/2024\/10\/Polenergia-i-Equinor-podejmuja-kluczowy-krok-w-rozwoju-morskiego-projektu.jpg","width":737,"height":415,"caption":"Polenergia i Equinor podejmuj\u0105 kluczowy krok w rozwoju morskiego projektu wiatrowego Ba\u0142tyk 1"},{"@type":"BreadcrumbList","@id":"https:\/\/www.pogotowieflagowe.pl\/aktualne\/polenergia-i-equinor-podejmuja-kluczowy-krok-w-rozwoju-morskiego-projektu-wiatrowego-baltyk-1\/#breadcrumb","itemListElement":[{"@type":"ListItem","position":1,"name":"Home","item":"https:\/\/www.pogotowieflagowe.pl\/aktualne\/"},{"@type":"ListItem","position":2,"name":"Polenergia i Equinor podejmuj\u0105 kluczowy krok w rozwoju morskiego projektu wiatrowego Ba\u0142tyk 1"}]},{"@type":"WebSite","@id":"https:\/\/www.pogotowieflagowe.pl\/aktualne\/#website","url":"https:\/\/www.pogotowieflagowe.pl\/aktualne\/","name":"POGOTOWIE FLAGOWE\u00ae","description":"","publisher":{"@id":"https:\/\/www.pogotowieflagowe.pl\/aktualne\/#organization"},"potentialAction":[{"@type":"SearchAction","target":{"@type":"EntryPoint","urlTemplate":"https:\/\/www.pogotowieflagowe.pl\/aktualne\/?s={search_term_string}"},"query-input":"required name=search_term_string"}],"inLanguage":"pl-PL"},{"@type":"Organization","@id":"https:\/\/www.pogotowieflagowe.pl\/aktualne\/#organization","name":"POGOTOWIE FLAGOWE\u00ae","url":"https:\/\/www.pogotowieflagowe.pl\/aktualne\/","logo":{"@type":"ImageObject","inLanguage":"pl-PL","@id":"https:\/\/www.pogotowieflagowe.pl\/aktualne\/#\/schema\/logo\/image\/","url":"https:\/\/www.pogotowieflagowe.pl\/aktualne\/wp-content\/uploads\/2024\/08\/cropped-pogotowieflagowe_flaga_projekt_sm.jpg","contentUrl":"https:\/\/www.pogotowieflagowe.pl\/aktualne\/wp-content\/uploads\/2024\/08\/cropped-pogotowieflagowe_flaga_projekt_sm.jpg","width":250,"height":143,"caption":"POGOTOWIE FLAGOWE\u00ae"},"image":{"@id":"https:\/\/www.pogotowieflagowe.pl\/aktualne\/#\/schema\/logo\/image\/"}},{"@type":"Person","@id":"https:\/\/www.pogotowieflagowe.pl\/aktualne\/#\/schema\/person\/9c2fb7d2362ebf6fa088960d7f0d27b0","name":"Filip","image":{"@type":"ImageObject","inLanguage":"pl-PL","@id":"https:\/\/www.pogotowieflagowe.pl\/aktualne\/#\/schema\/person\/image\/","url":"https:\/\/www.pogotowieflagowe.pl\/aktualne\/wp-content\/uploads\/2024\/08\/pogotowieflagowe.pl_.jpg","contentUrl":"https:\/\/www.pogotowieflagowe.pl\/aktualne\/wp-content\/uploads\/2024\/08\/pogotowieflagowe.pl_.jpg","caption":"Filip"},"description":"Jestem Filip, polski dziennikarz z dyplomem nauk politycznych Uniwersytetu Warszawskiego. Rozpoczynaj\u0105c swoj\u0105 karier\u0119 w r\u00f3\u017cnych lokalnych mediach, zdoby\u0142em solidne do\u015bwiadczenie w zakresie \u015bledztwa i redakcji. Obecnie jako redaktor w Pogotowie flagowe, staram si\u0119 dostarcza\u0107 dog\u0142\u0119bne i istotne analizy na temat najwa\u017cniejszych kwestii aktualno\u015bci, \u0142\u0105cz\u0105c rygor z pasj\u0105 dziennikarsk\u0105.","sameAs":["https:\/\/www.pogotowieflagowe.pl\/"]}]}},"_links":{"self":[{"href":"https:\/\/www.pogotowieflagowe.pl\/aktualne\/wp-json\/wp\/v2\/posts\/1263","targetHints":{"allow":["GET"]}}],"collection":[{"href":"https:\/\/www.pogotowieflagowe.pl\/aktualne\/wp-json\/wp\/v2\/posts"}],"about":[{"href":"https:\/\/www.pogotowieflagowe.pl\/aktualne\/wp-json\/wp\/v2\/types\/post"}],"author":[{"embeddable":true,"href":"https:\/\/www.pogotowieflagowe.pl\/aktualne\/wp-json\/wp\/v2\/users\/1"}],"replies":[{"embeddable":true,"href":"https:\/\/www.pogotowieflagowe.pl\/aktualne\/wp-json\/wp\/v2\/comments?post=1263"}],"version-history":[{"count":1,"href":"https:\/\/www.pogotowieflagowe.pl\/aktualne\/wp-json\/wp\/v2\/posts\/1263\/revisions"}],"predecessor-version":[{"id":1265,"href":"https:\/\/www.pogotowieflagowe.pl\/aktualne\/wp-json\/wp\/v2\/posts\/1263\/revisions\/1265"}],"wp:featuredmedia":[{"embeddable":true,"href":"https:\/\/www.pogotowieflagowe.pl\/aktualne\/wp-json\/wp\/v2\/media\/1264"}],"wp:attachment":[{"href":"https:\/\/www.pogotowieflagowe.pl\/aktualne\/wp-json\/wp\/v2\/media?parent=1263"}],"wp:term":[{"taxonomy":"category","embeddable":true,"href":"https:\/\/www.pogotowieflagowe.pl\/aktualne\/wp-json\/wp\/v2\/categories?post=1263"},{"taxonomy":"post_tag","embeddable":true,"href":"https:\/\/www.pogotowieflagowe.pl\/aktualne\/wp-json\/wp\/v2\/tags?post=1263"}],"curies":[{"name":"wp","href":"https:\/\/api.w.org\/{rel}","templated":true}]}}