{"id":1300,"date":"2024-10-15T00:46:54","date_gmt":"2024-10-14T22:46:54","guid":{"rendered":"https:\/\/www.pogotowieflagowe.pl\/aktualne\/tarczynski-ostro-krytykuje-skandaliczny-zakaz-marszu-niepodleglosci-wydany-przez-trzaskowskiego\/"},"modified":"2024-10-15T00:46:54","modified_gmt":"2024-10-14T22:46:54","slug":"tarczynski-ostro-krytykuje-skandaliczny-zakaz-marszu-niepodleglosci-wydany-przez-trzaskowskiego","status":"publish","type":"post","link":"https:\/\/www.pogotowieflagowe.pl\/aktualne\/tarczynski-ostro-krytykuje-skandaliczny-zakaz-marszu-niepodleglosci-wydany-przez-trzaskowskiego\/","title":{"rendered":"Tarczy\u0144ski ostro krytykuje skandaliczny zakaz Marszu Niepodleg\u0142o\u015bci wydany przez Trzaskowskiego"},"content":{"rendered":"\n<div class=\"td_block_wrap tdb_single_content tdi_48 td-pb-border-top td_block_template_8 td-post-content tagdiv-type\" data-td-block-uid=\"tdi_48\">\n<style>.tdi_48{margines-top:0px!important;margin-bottom:0px!important;dope\u0142nienie-g\u00f3ra:0px!important;dope\u0142nienie-d\u00f3\u0142:0px!important}<\/style>\n<style>.tdb_single_content{margin-bottom:0;*zoom:1}.tdb_single_content:before,.tdb_single_content:after{display:table;content:'';line-height:0}.tdb_single_content:after{clear:both}.tdb_single_content .tdb-block-inner>*:not(.wp-block-quote):not(.alignwide):not(.alignfull.wp-block-cover.has-parallax):not(.td-a-ad) {margin-left:auto;margin-right:auto}.tdb_single_content a{pointer-events:auto}.tdb_single_content .td-spot-id-top_ad .tdc-placeholder-title:before{content:'Najlepsza reklama artyku\u0142u'! wa\u017cne}.tdb_single_content .td-spot-id-inline_ad0 .tdc-placeholder-title:before{content:'Article Inline Ad 1'!important}.tdb_single_content .td-spot-id-inline_ad1 .tdc-placeholder-title:before {content:'Reklama wbudowana w artyku\u0142 2'!important}.tdb_single_content .td-spot-id-inline_ad2 .tdc-placeholder-title:before{content:'Reklama wbudowana w artyku\u0142 3'!important}.tdb_single_content .td-spot-id -bottom_ad .tdc-placeholder-title:before{content:'Article Bottom Ad'!important}.tdb_single_content .id_top_ad,.tdb_single_content .id_bottom_ad{clear:both;margin-bottom:21px;text-align:center}.tdb_single_content . id_top_ad img,.tdb_single_content .id_bottom_ad img{margin-bottom:0}.tdb_single_content .id_top_ad .adsbygoogle,.tdb_single_content .id_bottom_ad .adsbygoogle{position:relative}.tdb_single_content .id_ad_content-horiz- po lewej,.tdb_single_content .id_ad_content-horiz-right ,.tdb_single_content .id_ad_content-horiz-center{margin-bottom:15px}.tdb_single_content .id_ad_content-horiz-left img,.tdb_single_content .id_ad_content-horiz-right img,.tdb_single_content .id_ad_content-horiz -center img{margines-dolny: 0}.tdb_single_content .id_ad_content-horiz-center{text-align:center}.tdb_single_content .id_ad_content-horiz-center img{margin-right:auto;margin-left:auto}.tdb_single_content .id_ad_content-horiz-left{float: lewy;margin-g\u00f3rny:9px;margin-prawy:21px}.tdb_single_content .id_ad_content-horiz-right{float:right;margin-top:6px;margin-left:21px}.tdb_single_content .tdc-a-ad .tdc- placeholder-title{width:300px;height:250px}.tdb_single_content .tdc-a-ad .tdc-placeholder-title:before{position:absolute;top:50%;-webkit-transform:translateY(-50%); transform:translateY(-50%);margines:auto;display:table;width:100%}.tdb_single_content .tdb-block-inner.td-fix-index{word-break:break-word}.tdi_48,.tdi_48 >p,.tdi_48 .tdb-block-inner>p{font-size:16px!important;line-height:1.6!important}.tdi_48 .tdb-block-inner blockquote p{font-style:normal!important}@ media (maks. szeroko\u015b\u0107: 767 pikseli){.tdb_single_content .id_ad_content-horiz-left,.tdb_single_content .id_ad_content-horiz-right,.tdb_single_content .id_ad_content-horiz-center{margin:0 auto 26px auto}}@media (maks. szeroko\u015b\u0107 :767px){.tdb_single_content .id_ad_content-horiz-left{margin-right:0}}@media (max-width:767px){.tdb_single_content .id_ad_content-horiz-right{margin-left:0}}@media (max -width:767px){.tdb_single_content .td-a-ad{float:none;text-align:center}.tdb_single_content .td-a-ad img{margin-right:auto;margin-left:auto}.tdb_single_content . tdc-a-ad{float:none}}<\/style>\n<div class=\"tdb-block-inner td-fix-index\">\n<p>W niezwykle burzliwym wywiadzie dla Telewizji Republika eurodeputowany PiS Dominik Tarczy\u0144ski ostro skrytykowa\u0142 niedawn\u0105 decyzj\u0119 prezydenta Warszawy Rafa\u0142a Trzaskowskiego o odmowie zezwolenia na coroczny Marsz Niepodleg\u0142o\u015bci, nazywaj\u0105c to \u201eabsolutnie skandalicznym\u201d posuni\u0119ciem. Wydarzenie, kt\u00f3re jest tradycj\u0105 od 2010 roku, tradycyjnie odbywa si\u0119 11 listopada z okazji odzyskania przez Polsk\u0119 niepodleg\u0142o\u015bci.<\/p>\n<p>Tarczy\u0144ski sugerowa\u0142, \u017ce decyzja Trzaskowskiego mo\u017ce przynie\u015b\u0107 odwrotny skutek polityczny, zniech\u0119caj\u0105c du\u017c\u0105 baz\u0119 patriotycznych wyborc\u00f3w. \u201eTo najwi\u0119kszy marsz patriotyczny w kraju, w kt\u00f3rym bior\u0105 udzia\u0142 patrioci, nie tylko zwolennicy PiS czy Konfederacji\u201d \u2013 podkre\u015bli\u0142 Tarczy\u0144ski, dodaj\u0105c, \u017ce to posuni\u0119cie mo\u017ce kosztowa\u0107 Trzaskowskiego wszelkie przysz\u0142e ambicje prezydenckie.<\/p>\n<p>Pomimo przeszk\u00f3d administracyjnych Tarczy\u0144ski przewidywa\u0142, \u017ce marsz b\u0119dzie najwi\u0119kszy w swojej historii, podsycany frustracj\u0105 zwi\u0105zan\u0105 z decyzj\u0105 burmistrza. Pojawi\u0142y si\u0119 tak\u017ce obawy dotycz\u0105ce potencjalnych prowokacji \u2013 Tarczy\u0144ski przywo\u0142a\u0142 wcze\u015bniejsze incydenty z czas\u00f3w poprzednich rz\u0105d\u00f3w i da\u0142 do zrozumienia, \u017ce \u200b\u200bw trakcie tegorocznej imprezy mo\u017ce wzrosn\u0105\u0107 napi\u0119cie.<\/p>\n<p>Debata na temat organizacji marszu ponownie zaogni\u0142a napi\u0119cia polityczne, jeszcze bardziej polaryzuj\u0105c polski krajobraz polityczny przed kluczowymi nadchodz\u0105cymi wyborami.<\/p>\n<\/div>\n<\/div>\n","protected":false},"excerpt":{"rendered":"<p>W niezwykle burzliwym wywiadzie dla Telewizji Republika eurodeputowany PiS Dominik Tarczy\u0144ski ostro skrytykowa\u0142 niedawn\u0105 decyzj\u0119 prezydenta Warszawy Rafa\u0142a Trzaskowskiego o<\/p>\n","protected":false},"author":1,"featured_media":1301,"comment_status":"closed","ping_status":"","sticky":false,"template":"","format":"standard","meta":{"footnotes":""},"categories":[44],"tags":[596,2179,2180,1935,214,2177,2176,505,2181,2178],"class_list":["post-1300","post","type-post","status-publish","format-standard","has-post-thumbnail","hentry","category-polityka","tag-krytykuje","tag-marszu","tag-niepodleglosci","tag-ostro","tag-przez","tag-skandaliczny","tag-tarczynski","tag-trzaskowskiego","tag-wydany","tag-zakaz","generate-columns","tablet-grid-50","mobile-grid-100","grid-parent","grid-50","resize-featured-image"],"yoast_head":"<!-- This site is optimized with the Yoast SEO plugin v23.2 - https:\/\/yoast.com\/wordpress\/plugins\/seo\/ -->\n<title>Tarczy\u0144ski ostro krytykuje skandaliczny zakaz Marszu Niepodleg\u0142o\u015bci wydany przez Trzaskowskiego - POGOTOWIE FLAGOWE\u00ae<\/title>\n<meta name=\"robots\" content=\"index, follow, max-snippet:-1, max-image-preview:large, max-video-preview:-1\" \/>\n<link rel=\"canonical\" href=\"https:\/\/www.pogotowieflagowe.pl\/aktualne\/tarczynski-ostro-krytykuje-skandaliczny-zakaz-marszu-niepodleglosci-wydany-przez-trzaskowskiego\/\" \/>\n<meta property=\"og:locale\" content=\"pl_PL\" \/>\n<meta property=\"og:type\" content=\"article\" \/>\n<meta property=\"og:title\" content=\"Tarczy\u0144ski ostro krytykuje skandaliczny zakaz Marszu Niepodleg\u0142o\u015bci wydany przez Trzaskowskiego - POGOTOWIE FLAGOWE\u00ae\" \/>\n<meta property=\"og:description\" content=\"W niezwykle burzliwym wywiadzie dla Telewizji Republika eurodeputowany PiS Dominik Tarczy\u0144ski ostro skrytykowa\u0142 niedawn\u0105 decyzj\u0119 prezydenta Warszawy Rafa\u0142a Trzaskowskiego o\" \/>\n<meta property=\"og:url\" content=\"https:\/\/www.pogotowieflagowe.pl\/aktualne\/tarczynski-ostro-krytykuje-skandaliczny-zakaz-marszu-niepodleglosci-wydany-przez-trzaskowskiego\/\" \/>\n<meta property=\"og:site_name\" content=\"POGOTOWIE FLAGOWE\u00ae\" \/>\n<meta property=\"article:published_time\" content=\"2024-10-14T22:46:54+00:00\" \/>\n<meta property=\"og:image\" content=\"https:\/\/www.pogotowieflagowe.pl\/aktualne\/wp-content\/uploads\/2024\/10\/Tarczynski-ostro-krytykuje-skandaliczny-zakaz-Marszu-Niepodleglosci-wydany-przez-Trzaskowskiego.jpg\" \/>\n\t<meta property=\"og:image:width\" content=\"640\" \/>\n\t<meta property=\"og:image:height\" content=\"363\" \/>\n\t<meta property=\"og:image:type\" content=\"image\/jpeg\" \/>\n<meta name=\"author\" content=\"Filip\" \/>\n<meta name=\"twitter:card\" content=\"summary_large_image\" \/>\n<meta name=\"twitter:label1\" content=\"Napisane przez\" \/>\n\t<meta name=\"twitter:data1\" content=\"Filip\" \/>\n\t<meta name=\"twitter:label2\" content=\"Szacowany czas czytania\" \/>\n\t<meta name=\"twitter:data2\" content=\"1 minuta\" \/>\n<script type=\"application\/ld+json\" class=\"yoast-schema-graph\">{\"@context\":\"https:\/\/schema.org\",\"@graph\":[{\"@type\":\"Article\",\"@id\":\"https:\/\/www.pogotowieflagowe.pl\/aktualne\/tarczynski-ostro-krytykuje-skandaliczny-zakaz-marszu-niepodleglosci-wydany-przez-trzaskowskiego\/#article\",\"isPartOf\":{\"@id\":\"https:\/\/www.pogotowieflagowe.pl\/aktualne\/tarczynski-ostro-krytykuje-skandaliczny-zakaz-marszu-niepodleglosci-wydany-przez-trzaskowskiego\/\"},\"author\":{\"name\":\"Filip\",\"@id\":\"https:\/\/www.pogotowieflagowe.pl\/aktualne\/#\/schema\/person\/9c2fb7d2362ebf6fa088960d7f0d27b0\"},\"headline\":\"Tarczy\u0144ski ostro krytykuje skandaliczny zakaz Marszu Niepodleg\u0142o\u015bci wydany przez Trzaskowskiego\",\"datePublished\":\"2024-10-14T22:46:54+00:00\",\"dateModified\":\"2024-10-14T22:46:54+00:00\",\"mainEntityOfPage\":{\"@id\":\"https:\/\/www.pogotowieflagowe.pl\/aktualne\/tarczynski-ostro-krytykuje-skandaliczny-zakaz-marszu-niepodleglosci-wydany-przez-trzaskowskiego\/\"},\"wordCount\":211,\"publisher\":{\"@id\":\"https:\/\/www.pogotowieflagowe.pl\/aktualne\/#organization\"},\"image\":{\"@id\":\"https:\/\/www.pogotowieflagowe.pl\/aktualne\/tarczynski-ostro-krytykuje-skandaliczny-zakaz-marszu-niepodleglosci-wydany-przez-trzaskowskiego\/#primaryimage\"},\"thumbnailUrl\":\"https:\/\/www.pogotowieflagowe.pl\/aktualne\/wp-content\/uploads\/2024\/10\/Tarczynski-ostro-krytykuje-skandaliczny-zakaz-Marszu-Niepodleglosci-wydany-przez-Trzaskowskiego.jpg\",\"keywords\":[\"krytykuje\",\"Marszu\",\"Niepodleg\u0142o\u015bci\",\"ostro\",\"przez\",\"skandaliczny\",\"Tarczy\u0144ski\",\"Trzaskowskiego\",\"wydany\",\"zakaz\"],\"articleSection\":[\"Polityka\"],\"inLanguage\":\"pl-PL\"},{\"@type\":\"WebPage\",\"@id\":\"https:\/\/www.pogotowieflagowe.pl\/aktualne\/tarczynski-ostro-krytykuje-skandaliczny-zakaz-marszu-niepodleglosci-wydany-przez-trzaskowskiego\/\",\"url\":\"https:\/\/www.pogotowieflagowe.pl\/aktualne\/tarczynski-ostro-krytykuje-skandaliczny-zakaz-marszu-niepodleglosci-wydany-przez-trzaskowskiego\/\",\"name\":\"Tarczy\u0144ski ostro krytykuje skandaliczny zakaz Marszu Niepodleg\u0142o\u015bci wydany przez Trzaskowskiego - POGOTOWIE FLAGOWE\u00ae\",\"isPartOf\":{\"@id\":\"https:\/\/www.pogotowieflagowe.pl\/aktualne\/#website\"},\"primaryImageOfPage\":{\"@id\":\"https:\/\/www.pogotowieflagowe.pl\/aktualne\/tarczynski-ostro-krytykuje-skandaliczny-zakaz-marszu-niepodleglosci-wydany-przez-trzaskowskiego\/#primaryimage\"},\"image\":{\"@id\":\"https:\/\/www.pogotowieflagowe.pl\/aktualne\/tarczynski-ostro-krytykuje-skandaliczny-zakaz-marszu-niepodleglosci-wydany-przez-trzaskowskiego\/#primaryimage\"},\"thumbnailUrl\":\"https:\/\/www.pogotowieflagowe.pl\/aktualne\/wp-content\/uploads\/2024\/10\/Tarczynski-ostro-krytykuje-skandaliczny-zakaz-Marszu-Niepodleglosci-wydany-przez-Trzaskowskiego.jpg\",\"datePublished\":\"2024-10-14T22:46:54+00:00\",\"dateModified\":\"2024-10-14T22:46:54+00:00\",\"breadcrumb\":{\"@id\":\"https:\/\/www.pogotowieflagowe.pl\/aktualne\/tarczynski-ostro-krytykuje-skandaliczny-zakaz-marszu-niepodleglosci-wydany-przez-trzaskowskiego\/#breadcrumb\"},\"inLanguage\":\"pl-PL\",\"potentialAction\":[{\"@type\":\"ReadAction\",\"target\":[\"https:\/\/www.pogotowieflagowe.pl\/aktualne\/tarczynski-ostro-krytykuje-skandaliczny-zakaz-marszu-niepodleglosci-wydany-przez-trzaskowskiego\/\"]}]},{\"@type\":\"ImageObject\",\"inLanguage\":\"pl-PL\",\"@id\":\"https:\/\/www.pogotowieflagowe.pl\/aktualne\/tarczynski-ostro-krytykuje-skandaliczny-zakaz-marszu-niepodleglosci-wydany-przez-trzaskowskiego\/#primaryimage\",\"url\":\"https:\/\/www.pogotowieflagowe.pl\/aktualne\/wp-content\/uploads\/2024\/10\/Tarczynski-ostro-krytykuje-skandaliczny-zakaz-Marszu-Niepodleglosci-wydany-przez-Trzaskowskiego.jpg\",\"contentUrl\":\"https:\/\/www.pogotowieflagowe.pl\/aktualne\/wp-content\/uploads\/2024\/10\/Tarczynski-ostro-krytykuje-skandaliczny-zakaz-Marszu-Niepodleglosci-wydany-przez-Trzaskowskiego.jpg\",\"width\":640,\"height\":363,\"caption\":\"Tarczy\u0144ski ostro krytykuje skandaliczny zakaz Marszu Niepodleg\u0142o\u015bci wydany przez Trzaskowskiego\"},{\"@type\":\"BreadcrumbList\",\"@id\":\"https:\/\/www.pogotowieflagowe.pl\/aktualne\/tarczynski-ostro-krytykuje-skandaliczny-zakaz-marszu-niepodleglosci-wydany-przez-trzaskowskiego\/#breadcrumb\",\"itemListElement\":[{\"@type\":\"ListItem\",\"position\":1,\"name\":\"Home\",\"item\":\"https:\/\/www.pogotowieflagowe.pl\/aktualne\/\"},{\"@type\":\"ListItem\",\"position\":2,\"name\":\"Tarczy\u0144ski ostro krytykuje skandaliczny zakaz Marszu Niepodleg\u0142o\u015bci wydany przez Trzaskowskiego\"}]},{\"@type\":\"WebSite\",\"@id\":\"https:\/\/www.pogotowieflagowe.pl\/aktualne\/#website\",\"url\":\"https:\/\/www.pogotowieflagowe.pl\/aktualne\/\",\"name\":\"POGOTOWIE FLAGOWE\u00ae\",\"description\":\"\",\"publisher\":{\"@id\":\"https:\/\/www.pogotowieflagowe.pl\/aktualne\/#organization\"},\"potentialAction\":[{\"@type\":\"SearchAction\",\"target\":{\"@type\":\"EntryPoint\",\"urlTemplate\":\"https:\/\/www.pogotowieflagowe.pl\/aktualne\/?s={search_term_string}\"},\"query-input\":\"required name=search_term_string\"}],\"inLanguage\":\"pl-PL\"},{\"@type\":\"Organization\",\"@id\":\"https:\/\/www.pogotowieflagowe.pl\/aktualne\/#organization\",\"name\":\"POGOTOWIE FLAGOWE\u00ae\",\"url\":\"https:\/\/www.pogotowieflagowe.pl\/aktualne\/\",\"logo\":{\"@type\":\"ImageObject\",\"inLanguage\":\"pl-PL\",\"@id\":\"https:\/\/www.pogotowieflagowe.pl\/aktualne\/#\/schema\/logo\/image\/\",\"url\":\"https:\/\/www.pogotowieflagowe.pl\/aktualne\/wp-content\/uploads\/2024\/08\/cropped-pogotowieflagowe_flaga_projekt_sm.jpg\",\"contentUrl\":\"https:\/\/www.pogotowieflagowe.pl\/aktualne\/wp-content\/uploads\/2024\/08\/cropped-pogotowieflagowe_flaga_projekt_sm.jpg\",\"width\":250,\"height\":143,\"caption\":\"POGOTOWIE FLAGOWE\u00ae\"},\"image\":{\"@id\":\"https:\/\/www.pogotowieflagowe.pl\/aktualne\/#\/schema\/logo\/image\/\"}},{\"@type\":\"Person\",\"@id\":\"https:\/\/www.pogotowieflagowe.pl\/aktualne\/#\/schema\/person\/9c2fb7d2362ebf6fa088960d7f0d27b0\",\"name\":\"Filip\",\"image\":{\"@type\":\"ImageObject\",\"inLanguage\":\"pl-PL\",\"@id\":\"https:\/\/www.pogotowieflagowe.pl\/aktualne\/#\/schema\/person\/image\/\",\"url\":\"https:\/\/www.pogotowieflagowe.pl\/aktualne\/wp-content\/uploads\/2024\/08\/pogotowieflagowe.pl_.jpg\",\"contentUrl\":\"https:\/\/www.pogotowieflagowe.pl\/aktualne\/wp-content\/uploads\/2024\/08\/pogotowieflagowe.pl_.jpg\",\"caption\":\"Filip\"},\"description\":\"Jestem Filip, polski dziennikarz z dyplomem nauk politycznych Uniwersytetu Warszawskiego. Rozpoczynaj\u0105c swoj\u0105 karier\u0119 w r\u00f3\u017cnych lokalnych mediach, zdoby\u0142em solidne do\u015bwiadczenie w zakresie \u015bledztwa i redakcji. Obecnie jako redaktor w Pogotowie flagowe, staram si\u0119 dostarcza\u0107 dog\u0142\u0119bne i istotne analizy na temat najwa\u017cniejszych kwestii aktualno\u015bci, \u0142\u0105cz\u0105c rygor z pasj\u0105 dziennikarsk\u0105.\",\"sameAs\":[\"https:\/\/www.pogotowieflagowe.pl\/\"]}]}<\/script>\n<!-- \/ Yoast SEO plugin. -->","yoast_head_json":{"title":"Tarczy\u0144ski ostro krytykuje skandaliczny zakaz Marszu Niepodleg\u0142o\u015bci wydany przez Trzaskowskiego - POGOTOWIE FLAGOWE\u00ae","robots":{"index":"index","follow":"follow","max-snippet":"max-snippet:-1","max-image-preview":"max-image-preview:large","max-video-preview":"max-video-preview:-1"},"canonical":"https:\/\/www.pogotowieflagowe.pl\/aktualne\/tarczynski-ostro-krytykuje-skandaliczny-zakaz-marszu-niepodleglosci-wydany-przez-trzaskowskiego\/","og_locale":"pl_PL","og_type":"article","og_title":"Tarczy\u0144ski ostro krytykuje skandaliczny zakaz Marszu Niepodleg\u0142o\u015bci wydany przez Trzaskowskiego - POGOTOWIE FLAGOWE\u00ae","og_description":"W niezwykle burzliwym wywiadzie dla Telewizji Republika eurodeputowany PiS Dominik Tarczy\u0144ski ostro skrytykowa\u0142 niedawn\u0105 decyzj\u0119 prezydenta Warszawy Rafa\u0142a Trzaskowskiego o","og_url":"https:\/\/www.pogotowieflagowe.pl\/aktualne\/tarczynski-ostro-krytykuje-skandaliczny-zakaz-marszu-niepodleglosci-wydany-przez-trzaskowskiego\/","og_site_name":"POGOTOWIE FLAGOWE\u00ae","article_published_time":"2024-10-14T22:46:54+00:00","og_image":[{"width":640,"height":363,"url":"https:\/\/www.pogotowieflagowe.pl\/aktualne\/wp-content\/uploads\/2024\/10\/Tarczynski-ostro-krytykuje-skandaliczny-zakaz-Marszu-Niepodleglosci-wydany-przez-Trzaskowskiego.jpg","type":"image\/jpeg"}],"author":"Filip","twitter_card":"summary_large_image","twitter_misc":{"Napisane przez":"Filip","Szacowany czas czytania":"1 minuta"},"schema":{"@context":"https:\/\/schema.org","@graph":[{"@type":"Article","@id":"https:\/\/www.pogotowieflagowe.pl\/aktualne\/tarczynski-ostro-krytykuje-skandaliczny-zakaz-marszu-niepodleglosci-wydany-przez-trzaskowskiego\/#article","isPartOf":{"@id":"https:\/\/www.pogotowieflagowe.pl\/aktualne\/tarczynski-ostro-krytykuje-skandaliczny-zakaz-marszu-niepodleglosci-wydany-przez-trzaskowskiego\/"},"author":{"name":"Filip","@id":"https:\/\/www.pogotowieflagowe.pl\/aktualne\/#\/schema\/person\/9c2fb7d2362ebf6fa088960d7f0d27b0"},"headline":"Tarczy\u0144ski ostro krytykuje skandaliczny zakaz Marszu Niepodleg\u0142o\u015bci wydany przez Trzaskowskiego","datePublished":"2024-10-14T22:46:54+00:00","dateModified":"2024-10-14T22:46:54+00:00","mainEntityOfPage":{"@id":"https:\/\/www.pogotowieflagowe.pl\/aktualne\/tarczynski-ostro-krytykuje-skandaliczny-zakaz-marszu-niepodleglosci-wydany-przez-trzaskowskiego\/"},"wordCount":211,"publisher":{"@id":"https:\/\/www.pogotowieflagowe.pl\/aktualne\/#organization"},"image":{"@id":"https:\/\/www.pogotowieflagowe.pl\/aktualne\/tarczynski-ostro-krytykuje-skandaliczny-zakaz-marszu-niepodleglosci-wydany-przez-trzaskowskiego\/#primaryimage"},"thumbnailUrl":"https:\/\/www.pogotowieflagowe.pl\/aktualne\/wp-content\/uploads\/2024\/10\/Tarczynski-ostro-krytykuje-skandaliczny-zakaz-Marszu-Niepodleglosci-wydany-przez-Trzaskowskiego.jpg","keywords":["krytykuje","Marszu","Niepodleg\u0142o\u015bci","ostro","przez","skandaliczny","Tarczy\u0144ski","Trzaskowskiego","wydany","zakaz"],"articleSection":["Polityka"],"inLanguage":"pl-PL"},{"@type":"WebPage","@id":"https:\/\/www.pogotowieflagowe.pl\/aktualne\/tarczynski-ostro-krytykuje-skandaliczny-zakaz-marszu-niepodleglosci-wydany-przez-trzaskowskiego\/","url":"https:\/\/www.pogotowieflagowe.pl\/aktualne\/tarczynski-ostro-krytykuje-skandaliczny-zakaz-marszu-niepodleglosci-wydany-przez-trzaskowskiego\/","name":"Tarczy\u0144ski ostro krytykuje skandaliczny zakaz Marszu Niepodleg\u0142o\u015bci wydany przez Trzaskowskiego - POGOTOWIE FLAGOWE\u00ae","isPartOf":{"@id":"https:\/\/www.pogotowieflagowe.pl\/aktualne\/#website"},"primaryImageOfPage":{"@id":"https:\/\/www.pogotowieflagowe.pl\/aktualne\/tarczynski-ostro-krytykuje-skandaliczny-zakaz-marszu-niepodleglosci-wydany-przez-trzaskowskiego\/#primaryimage"},"image":{"@id":"https:\/\/www.pogotowieflagowe.pl\/aktualne\/tarczynski-ostro-krytykuje-skandaliczny-zakaz-marszu-niepodleglosci-wydany-przez-trzaskowskiego\/#primaryimage"},"thumbnailUrl":"https:\/\/www.pogotowieflagowe.pl\/aktualne\/wp-content\/uploads\/2024\/10\/Tarczynski-ostro-krytykuje-skandaliczny-zakaz-Marszu-Niepodleglosci-wydany-przez-Trzaskowskiego.jpg","datePublished":"2024-10-14T22:46:54+00:00","dateModified":"2024-10-14T22:46:54+00:00","breadcrumb":{"@id":"https:\/\/www.pogotowieflagowe.pl\/aktualne\/tarczynski-ostro-krytykuje-skandaliczny-zakaz-marszu-niepodleglosci-wydany-przez-trzaskowskiego\/#breadcrumb"},"inLanguage":"pl-PL","potentialAction":[{"@type":"ReadAction","target":["https:\/\/www.pogotowieflagowe.pl\/aktualne\/tarczynski-ostro-krytykuje-skandaliczny-zakaz-marszu-niepodleglosci-wydany-przez-trzaskowskiego\/"]}]},{"@type":"ImageObject","inLanguage":"pl-PL","@id":"https:\/\/www.pogotowieflagowe.pl\/aktualne\/tarczynski-ostro-krytykuje-skandaliczny-zakaz-marszu-niepodleglosci-wydany-przez-trzaskowskiego\/#primaryimage","url":"https:\/\/www.pogotowieflagowe.pl\/aktualne\/wp-content\/uploads\/2024\/10\/Tarczynski-ostro-krytykuje-skandaliczny-zakaz-Marszu-Niepodleglosci-wydany-przez-Trzaskowskiego.jpg","contentUrl":"https:\/\/www.pogotowieflagowe.pl\/aktualne\/wp-content\/uploads\/2024\/10\/Tarczynski-ostro-krytykuje-skandaliczny-zakaz-Marszu-Niepodleglosci-wydany-przez-Trzaskowskiego.jpg","width":640,"height":363,"caption":"Tarczy\u0144ski ostro krytykuje skandaliczny zakaz Marszu Niepodleg\u0142o\u015bci wydany przez Trzaskowskiego"},{"@type":"BreadcrumbList","@id":"https:\/\/www.pogotowieflagowe.pl\/aktualne\/tarczynski-ostro-krytykuje-skandaliczny-zakaz-marszu-niepodleglosci-wydany-przez-trzaskowskiego\/#breadcrumb","itemListElement":[{"@type":"ListItem","position":1,"name":"Home","item":"https:\/\/www.pogotowieflagowe.pl\/aktualne\/"},{"@type":"ListItem","position":2,"name":"Tarczy\u0144ski ostro krytykuje skandaliczny zakaz Marszu Niepodleg\u0142o\u015bci wydany przez Trzaskowskiego"}]},{"@type":"WebSite","@id":"https:\/\/www.pogotowieflagowe.pl\/aktualne\/#website","url":"https:\/\/www.pogotowieflagowe.pl\/aktualne\/","name":"POGOTOWIE FLAGOWE\u00ae","description":"","publisher":{"@id":"https:\/\/www.pogotowieflagowe.pl\/aktualne\/#organization"},"potentialAction":[{"@type":"SearchAction","target":{"@type":"EntryPoint","urlTemplate":"https:\/\/www.pogotowieflagowe.pl\/aktualne\/?s={search_term_string}"},"query-input":"required name=search_term_string"}],"inLanguage":"pl-PL"},{"@type":"Organization","@id":"https:\/\/www.pogotowieflagowe.pl\/aktualne\/#organization","name":"POGOTOWIE FLAGOWE\u00ae","url":"https:\/\/www.pogotowieflagowe.pl\/aktualne\/","logo":{"@type":"ImageObject","inLanguage":"pl-PL","@id":"https:\/\/www.pogotowieflagowe.pl\/aktualne\/#\/schema\/logo\/image\/","url":"https:\/\/www.pogotowieflagowe.pl\/aktualne\/wp-content\/uploads\/2024\/08\/cropped-pogotowieflagowe_flaga_projekt_sm.jpg","contentUrl":"https:\/\/www.pogotowieflagowe.pl\/aktualne\/wp-content\/uploads\/2024\/08\/cropped-pogotowieflagowe_flaga_projekt_sm.jpg","width":250,"height":143,"caption":"POGOTOWIE FLAGOWE\u00ae"},"image":{"@id":"https:\/\/www.pogotowieflagowe.pl\/aktualne\/#\/schema\/logo\/image\/"}},{"@type":"Person","@id":"https:\/\/www.pogotowieflagowe.pl\/aktualne\/#\/schema\/person\/9c2fb7d2362ebf6fa088960d7f0d27b0","name":"Filip","image":{"@type":"ImageObject","inLanguage":"pl-PL","@id":"https:\/\/www.pogotowieflagowe.pl\/aktualne\/#\/schema\/person\/image\/","url":"https:\/\/www.pogotowieflagowe.pl\/aktualne\/wp-content\/uploads\/2024\/08\/pogotowieflagowe.pl_.jpg","contentUrl":"https:\/\/www.pogotowieflagowe.pl\/aktualne\/wp-content\/uploads\/2024\/08\/pogotowieflagowe.pl_.jpg","caption":"Filip"},"description":"Jestem Filip, polski dziennikarz z dyplomem nauk politycznych Uniwersytetu Warszawskiego. Rozpoczynaj\u0105c swoj\u0105 karier\u0119 w r\u00f3\u017cnych lokalnych mediach, zdoby\u0142em solidne do\u015bwiadczenie w zakresie \u015bledztwa i redakcji. Obecnie jako redaktor w Pogotowie flagowe, staram si\u0119 dostarcza\u0107 dog\u0142\u0119bne i istotne analizy na temat najwa\u017cniejszych kwestii aktualno\u015bci, \u0142\u0105cz\u0105c rygor z pasj\u0105 dziennikarsk\u0105.","sameAs":["https:\/\/www.pogotowieflagowe.pl\/"]}]}},"_links":{"self":[{"href":"https:\/\/www.pogotowieflagowe.pl\/aktualne\/wp-json\/wp\/v2\/posts\/1300","targetHints":{"allow":["GET"]}}],"collection":[{"href":"https:\/\/www.pogotowieflagowe.pl\/aktualne\/wp-json\/wp\/v2\/posts"}],"about":[{"href":"https:\/\/www.pogotowieflagowe.pl\/aktualne\/wp-json\/wp\/v2\/types\/post"}],"author":[{"embeddable":true,"href":"https:\/\/www.pogotowieflagowe.pl\/aktualne\/wp-json\/wp\/v2\/users\/1"}],"replies":[{"embeddable":true,"href":"https:\/\/www.pogotowieflagowe.pl\/aktualne\/wp-json\/wp\/v2\/comments?post=1300"}],"version-history":[{"count":1,"href":"https:\/\/www.pogotowieflagowe.pl\/aktualne\/wp-json\/wp\/v2\/posts\/1300\/revisions"}],"predecessor-version":[{"id":1302,"href":"https:\/\/www.pogotowieflagowe.pl\/aktualne\/wp-json\/wp\/v2\/posts\/1300\/revisions\/1302"}],"wp:featuredmedia":[{"embeddable":true,"href":"https:\/\/www.pogotowieflagowe.pl\/aktualne\/wp-json\/wp\/v2\/media\/1301"}],"wp:attachment":[{"href":"https:\/\/www.pogotowieflagowe.pl\/aktualne\/wp-json\/wp\/v2\/media?parent=1300"}],"wp:term":[{"taxonomy":"category","embeddable":true,"href":"https:\/\/www.pogotowieflagowe.pl\/aktualne\/wp-json\/wp\/v2\/categories?post=1300"},{"taxonomy":"post_tag","embeddable":true,"href":"https:\/\/www.pogotowieflagowe.pl\/aktualne\/wp-json\/wp\/v2\/tags?post=1300"}],"curies":[{"name":"wp","href":"https:\/\/api.w.org\/{rel}","templated":true}]}}