{"id":1330,"date":"2024-10-17T17:47:36","date_gmt":"2024-10-17T15:47:36","guid":{"rendered":"https:\/\/www.pogotowieflagowe.pl\/aktualne\/polska-nie-moze-przegapic-tej-szansy-prezydent-duda-krytykuje-biernosc-rzadu-tuska-wobec-cpk\/"},"modified":"2024-10-17T17:47:40","modified_gmt":"2024-10-17T15:47:40","slug":"polska-nie-moze-przegapic-tej-szansy-prezydent-duda-krytykuje-biernosc-rzadu-tuska-wobec-cpk","status":"publish","type":"post","link":"https:\/\/www.pogotowieflagowe.pl\/aktualne\/polska-nie-moze-przegapic-tej-szansy-prezydent-duda-krytykuje-biernosc-rzadu-tuska-wobec-cpk\/","title":{"rendered":"\u201ePolska nie mo\u017ce przegapi\u0107 tej szansy\u201d: Prezydent Duda krytykuje bierno\u015b\u0107 rz\u0105du Tuska wobec CPK"},"content":{"rendered":"\n<div class=\"td_block_wrap tdb_single_content tdi_48 td-pb-border-top td_block_template_8 td-post-content tagdiv-type\" data-td-block-uid=\"tdi_48\">\n<style>.tdi_48{margines-g\u00f3rny:0px!important;margin-bottom:0px!important;dope\u0142nienie-g\u00f3ra:0px!important;dope\u0142nienie-d\u00f3\u0142:0px!important}<\/style>\n<style>.tdb_single_content{margin-bottom:0;*zoom:1}.tdb_single_content:before,.tdb_single_content:after{display:table;content:'';line-height:0}.tdb_single_content:after{clear:both}.tdb_single_content .tdb-block-inner>*:not(.wp-block-quote):not(.alignwide):not(.alignfull.wp-block-cover.has-parallax):not(.td-a-ad) {margin-left:auto;margin-right:auto}.tdb_single_content a{pointer-events:auto}.tdb_single_content .td-spot-id-top_ad .tdc-placeholder-title:before{content:'Najlepsza reklama artyku\u0142u'! wa\u017cne}.tdb_single_content .td-spot-id-inline_ad0 .tdc-placeholder-title:before{content:'Article Inline Ad 1'!important}.tdb_single_content .td-spot-id-inline_ad1 .tdc-placeholder-title:before {content:'Reklama wbudowana w artyku\u0142 2'!important}.tdb_single_content .td-spot-id-inline_ad2 .tdc-placeholder-title:before{content:'Reklama wbudowana w artyku\u0142 3'!important}.tdb_single_content .td-spot-id -bottom_ad .tdc-placeholder-title:before{content:'Article Bottom Ad'!important}.tdb_single_content .id_top_ad,.tdb_single_content .id_bottom_ad{clear:both;margin-bottom:21px;text-align:center}.tdb_single_content . id_top_ad img,.tdb_single_content .id_bottom_ad img{margin-bottom:0}.tdb_single_content .id_top_ad .adsbygoogle,.tdb_single_content .id_bottom_ad .adsbygoogle{position:relative}.tdb_single_content .id_ad_content-horiz- po lewej,.tdb_single_content .id_ad_content-horiz-right ,.tdb_single_content .id_ad_content-horiz-center{margin-bottom:15px}.tdb_single_content .id_ad_content-horiz-left img,.tdb_single_content .id_ad_content-horiz-right img,.tdb_single_content .id_ad_content-horiz -center img{margines-dolny: 0}.tdb_single_content .id_ad_content-horiz-center{text-align:center}.tdb_single_content .id_ad_content-horiz-center img{margin-right:auto;margin-left:auto}.tdb_single_content .id_ad_content-horiz-left{float: lewy;margin-g\u00f3rny:9px;margin-prawy:21px}.tdb_single_content .id_ad_content-horiz-right{float:right;margin-top:6px;margin-left:21px}.tdb_single_content .tdc-a-ad .tdc- placeholder-title{width:300px;height:250px}.tdb_single_content .tdc-a-ad .tdc-placeholder-title:before{position:absolute;top:50%;-webkit-transform:translateY(-50%); transform:translateY(-50%);margines:auto;display:table;width:100%}.tdb_single_content .tdb-block-inner.td-fix-index{word-break:break-word}.tdi_48,.tdi_48 >p,.tdi_48 .tdb-block-inner>p{font-size:16px!important;line-height:1.6!important}.tdi_48 .tdb-block-inner blockquote p{font-style:normal!important}@ media (maks. szeroko\u015b\u0107: 767 pikseli){.tdb_single_content .id_ad_content-horiz-left,.tdb_single_content .id_ad_content-horiz-right,.tdb_single_content .id_ad_content-horiz-center{margin:0 auto 26px auto}}@media (maks. szeroko\u015b\u0107 :767px){.tdb_single_content .id_ad_content-horiz-left{margin-right:0}}@media (max-width:767px){.tdb_single_content .id_ad_content-horiz-right{margin-left:0}}@media (max -width:767px){.tdb_single_content .td-a-ad{float:none;text-align:center}.tdb_single_content .td-a-ad img{margin-right:auto;margin-left:auto}.tdb_single_content . tdc-a-ad{float:none}}<\/style>\n<div class=\"tdb-block-inner td-fix-index\">\n<p>Prezydent Andrzej Duda wyg\u0142osi\u0142 dzi\u015b przed Sejmem mocne wyst\u0105pienie, w kt\u00f3rym skupi\u0142 si\u0119 na obawach dotycz\u0105cych sposobu, w jaki rz\u0105d Tuska prowadzi wa\u017cne projekty infrastrukturalne inicjowane za poprzedniej administracji. W swoim przem\u00f3wieniu Duda ostrzeg\u0142 przed ryzykiem op\u00f3\u017anienia tych kluczowych inwestycji, kt\u00f3re s\u0105 postrzegane jako kluczowe dla przysz\u0142ego rozwoju Polski.<\/p>\n<p>\u201eNiestety, dzisiejszy brak post\u0119pu na wielu frontach budzi nie tylko moje zaniepokojenie, ale niepok\u00f3j milion\u00f3w Polak\u00f3w\u201d \u2013 powiedzia\u0142 Prezydent Duda. Jako wyraz frustracji spo\u0142ecznej wskaza\u0142 trwaj\u0105c\u0105 kampani\u0119 spo\u0142eczn\u0105 \u201eTak dla CPK\u201d. \u201eTo co\u015b wi\u0119cej ni\u017c gest zniecierpliwienia; to sygna\u0142 ostrzegawczy. To g\u0142os irytacji skierowany pod adresem rz\u0105dz\u0105cych za zmarnowanie historycznej szansy na szybki rozw\u00f3j cywilizacyjny naszej ojczyzny.\u201d<\/p>\n<h2 class=\"wp-block-heading\">Wezwanie do wizji strategicznej<\/h2>\n<p>W swoim wyst\u0105pieniu Duda podkre\u015bli\u0142 potrzeb\u0119 realizacji przez Polsk\u0119 dalekowzrocznej strategii rozwoju, nap\u0119dzanej du\u017cymi projektami infrastrukturalnymi. Podkre\u015bli\u0142, \u017ce Polacy chc\u0105 rz\u0105du zdolnego do realizacji ambitnych, nowoczesnych inicjatyw, kt\u00f3re sprostaj\u0105 wyzwaniom przysz\u0142o\u015bci. \u201ePolacy chc\u0105 Polski dynamicznie rozwijaj\u0105cej si\u0119\u201d \u2013 zadeklarowa\u0142 Duda. \u201eChc\u0105 rz\u0105du, kt\u00f3ry realizuje ambitne, przysz\u0142o\u015bciowe projekty, tworzy dobrze p\u0142atne miejsca pracy i zapewnia naszemu krajowi pozycj\u0119 do konkurowania z wiod\u0105cymi gospodarkami \u015bwiata\u201d.<\/p>\n<p>Podkre\u015bli\u0142, \u017ce tego typu projekty wymagaj\u0105 planowania d\u0142ugoterminowego, cz\u0119sto rozci\u0105gni\u0119tego na kilka dekad, i wezwa\u0142 do wsp\u00f3\u0142pracy mi\u0119dzypartyjnej wykraczaj\u0105cej poza typowy cykl parlamentarny. \u201eTe wielkie przedsi\u0119wzi\u0119cia, kt\u00f3re musz\u0105 obejmowa\u0107 wiele lat, cz\u0119sto dziesi\u0119cioleci, wymagaj\u0105 porozumienia wykraczaj\u0105cego poza jedn\u0105, dwie, a nawet trzy kadencje parlamentu\u201d.<\/p>\n<h2 class=\"wp-block-heading\">Obawy dotycz\u0105ce projekt\u00f3w strategicznych<\/h2>\n<p>Duda przypomnia\u0142 parlamentarzystom, \u017ce w lutym zwo\u0142a\u0142 specjaln\u0105 Rad\u0119 Gabinetow\u0105, kt\u00f3ra mia\u0142a zaj\u0105\u0107 si\u0119 konieczno\u015bci\u0105 kontynuowania przez rz\u0105d Tuska kluczowych inwestycji strategicznych rozpocz\u0119tych przez rz\u0105d Zjednoczonej Prawicy. Nale\u017c\u0105 do nich takie projekty jak Centralny Port Komunikacyjny (CPK), g\u0142\u00f3wny w\u0119ze\u0142 infrastrukturalny wraz z powi\u0105zaniami kolejowymi, budowa elektrowni j\u0105drowych czy rozbudowa port\u00f3w w Gda\u0144sku i Gdyni.<\/p>\n<p>\u201ePolska nie mo\u017ce sobie pozwoli\u0107 na dalsze marnowanie tych szans i op\u00f3\u017anianie inwestycji infrastrukturalnych. Od tych projekt\u00f3w zale\u017cy nasza zdolno\u015b\u0107 do realizacji naszych ambicji i zapewnienia, \u017ce \u200b\u200bPolska stanie si\u0119 nowoczesnym pa\u0144stwem. To w\u0142a\u015bnie te wydarzenia pozwol\u0105 Polsce konkurowa\u0107 z najbogatszymi krajami Unii Europejskiej\u201d \u2013 stwierdzi\u0142 Duda. Zauwa\u017cy\u0142 ponadto, \u017ce sukces odnios\u0105 tylko ci, kt\u00f3rzy odwa\u017cnie anga\u017cuj\u0105 si\u0119 w rozw\u00f3j.<\/p>\n<p>Centralny Port Komunikacyjny (CPK): Symbol Modernizacji<br \/>W swoim przem\u00f3wieniu Duda wskaza\u0142 Centralny Port Komunikacyjny (CPK) jako kluczowy symbol modernizacyjnych d\u0105\u017ce\u0144 Polski. Wyja\u015bni\u0142, \u017ce CPK to nie tylko wa\u017cny projekt infrastrukturalny, kt\u00f3ry uczyni z Polski wa\u017cny w\u0119ze\u0142 komunikacyjny w Europie \u015arodkowo-Wschodniej, ale tak\u017ce szans\u0119 na utworzenie tysi\u0119cy miejsc pracy. \u201eCPK jest symbolem naszego d\u0105\u017cenia do nowoczesno\u015bci, naszej ambicji, aby nie tylko nad\u0105\u017ca\u0107 za globalnymi zmianami, ale tak\u017ce przewodzi\u0107 im\u201d.<\/p>\n<p>Duda nawo\u0142ywa\u0142 rz\u0105d do nadania priorytetu tym strategicznym projektom, podkre\u015blaj\u0105c ich znaczenie dla d\u0142ugoterminowego rozwoju gospodarczego i spo\u0142ecznego kraju. \u201eBudowa CPK, portu kontenerowego \u015awinouj\u015bcie, elektrowni j\u0105drowych i rozbudowa naszych kluczowych port\u00f3w musz\u0105 by\u0107 dla rz\u0105du RP najwa\u017cniejszymi priorytetami\u201d.<\/p>\n<p>W swoich uwagach ko\u0144cowych Duda ponownie podkre\u015bli\u0142 znaczenie szybkiego dzia\u0142ania, aby unikn\u0105\u0107 przeoczenia tego kluczowego momentu w historii Polski. \u201eOp\u00f3\u017anienie tych projekt\u00f3w oznacza zmarnowanie jedynej w \u017cyciu szansy dla Polski na osi\u0105gni\u0119cie skokowego post\u0119pu cywilizacyjnego i gospodarczego\u201d.<\/p>\n<\/div>\n<\/div>\n","protected":false},"excerpt":{"rendered":"<p>Prezydent Andrzej Duda wyg\u0142osi\u0142 dzi\u015b przed Sejmem mocne wyst\u0105pienie, w kt\u00f3rym skupi\u0142 si\u0119 na obawach dotycz\u0105cych sposobu, w jaki rz\u0105d<\/p>\n","protected":false},"author":1,"featured_media":1331,"comment_status":"closed","ping_status":"","sticky":false,"template":"","format":"standard","meta":{"footnotes":""},"categories":[44],"tags":[2223,2225,343,596,2219,450,4,341,2220,335,2222,2221,567,2224],"class_list":["post-1330","post","type-post","status-publish","format-standard","has-post-thumbnail","hentry","category-polityka","tag-biernosc","tag-cpk","tag-duda","tag-krytykuje","tag-moze","tag-nie","tag-polska","tag-prezydent","tag-przegapic","tag-rzadu","tag-szansy","tag-tej","tag-tuska","tag-wobec","generate-columns","tablet-grid-50","mobile-grid-100","grid-parent","grid-50","resize-featured-image"],"yoast_head":"<!-- This site is optimized with the Yoast SEO plugin v23.2 - https:\/\/yoast.com\/wordpress\/plugins\/seo\/ -->\n<title>\u201ePolska nie mo\u017ce przegapi\u0107 tej szansy\u201d: Prezydent Duda krytykuje bierno\u015b\u0107 rz\u0105du Tuska wobec CPK - POGOTOWIE FLAGOWE\u00ae<\/title>\n<meta name=\"robots\" content=\"index, follow, max-snippet:-1, max-image-preview:large, max-video-preview:-1\" \/>\n<link rel=\"canonical\" href=\"https:\/\/www.pogotowieflagowe.pl\/aktualne\/polska-nie-moze-przegapic-tej-szansy-prezydent-duda-krytykuje-biernosc-rzadu-tuska-wobec-cpk\/\" \/>\n<meta property=\"og:locale\" content=\"pl_PL\" \/>\n<meta property=\"og:type\" content=\"article\" \/>\n<meta property=\"og:title\" content=\"\u201ePolska nie mo\u017ce przegapi\u0107 tej szansy\u201d: Prezydent Duda krytykuje bierno\u015b\u0107 rz\u0105du Tuska wobec CPK - POGOTOWIE FLAGOWE\u00ae\" \/>\n<meta property=\"og:description\" content=\"Prezydent Andrzej Duda wyg\u0142osi\u0142 dzi\u015b przed Sejmem mocne wyst\u0105pienie, w kt\u00f3rym skupi\u0142 si\u0119 na obawach dotycz\u0105cych sposobu, w jaki rz\u0105d\" \/>\n<meta property=\"og:url\" content=\"https:\/\/www.pogotowieflagowe.pl\/aktualne\/polska-nie-moze-przegapic-tej-szansy-prezydent-duda-krytykuje-biernosc-rzadu-tuska-wobec-cpk\/\" \/>\n<meta property=\"og:site_name\" content=\"POGOTOWIE FLAGOWE\u00ae\" \/>\n<meta property=\"article:published_time\" content=\"2024-10-17T15:47:36+00:00\" \/>\n<meta property=\"article:modified_time\" content=\"2024-10-17T15:47:40+00:00\" \/>\n<meta property=\"og:image\" content=\"https:\/\/www.pogotowieflagowe.pl\/aktualne\/wp-content\/uploads\/2024\/10\/\u201ePolska-nie-moze-przegapic-tej-szansy-Prezydent-Duda-krytykuje-biernosc.jpeg\" \/>\n\t<meta property=\"og:image:width\" content=\"1920\" \/>\n\t<meta property=\"og:image:height\" content=\"1280\" \/>\n\t<meta property=\"og:image:type\" content=\"image\/jpeg\" \/>\n<meta name=\"author\" content=\"Filip\" \/>\n<meta name=\"twitter:card\" content=\"summary_large_image\" \/>\n<meta name=\"twitter:label1\" content=\"Napisane przez\" \/>\n\t<meta name=\"twitter:data1\" content=\"Filip\" \/>\n\t<meta name=\"twitter:label2\" content=\"Szacowany czas czytania\" \/>\n\t<meta name=\"twitter:data2\" content=\"3 minuty\" \/>\n<script type=\"application\/ld+json\" class=\"yoast-schema-graph\">{\"@context\":\"https:\/\/schema.org\",\"@graph\":[{\"@type\":\"Article\",\"@id\":\"https:\/\/www.pogotowieflagowe.pl\/aktualne\/polska-nie-moze-przegapic-tej-szansy-prezydent-duda-krytykuje-biernosc-rzadu-tuska-wobec-cpk\/#article\",\"isPartOf\":{\"@id\":\"https:\/\/www.pogotowieflagowe.pl\/aktualne\/polska-nie-moze-przegapic-tej-szansy-prezydent-duda-krytykuje-biernosc-rzadu-tuska-wobec-cpk\/\"},\"author\":{\"name\":\"Filip\",\"@id\":\"https:\/\/www.pogotowieflagowe.pl\/aktualne\/#\/schema\/person\/9c2fb7d2362ebf6fa088960d7f0d27b0\"},\"headline\":\"\u201ePolska nie mo\u017ce przegapi\u0107 tej szansy\u201d: Prezydent Duda krytykuje bierno\u015b\u0107 rz\u0105du Tuska wobec CPK\",\"datePublished\":\"2024-10-17T15:47:36+00:00\",\"dateModified\":\"2024-10-17T15:47:40+00:00\",\"mainEntityOfPage\":{\"@id\":\"https:\/\/www.pogotowieflagowe.pl\/aktualne\/polska-nie-moze-przegapic-tej-szansy-prezydent-duda-krytykuje-biernosc-rzadu-tuska-wobec-cpk\/\"},\"wordCount\":601,\"publisher\":{\"@id\":\"https:\/\/www.pogotowieflagowe.pl\/aktualne\/#organization\"},\"image\":{\"@id\":\"https:\/\/www.pogotowieflagowe.pl\/aktualne\/polska-nie-moze-przegapic-tej-szansy-prezydent-duda-krytykuje-biernosc-rzadu-tuska-wobec-cpk\/#primaryimage\"},\"thumbnailUrl\":\"https:\/\/www.pogotowieflagowe.pl\/aktualne\/wp-content\/uploads\/2024\/10\/\u201ePolska-nie-moze-przegapic-tej-szansy-Prezydent-Duda-krytykuje-biernosc.jpeg\",\"keywords\":[\"bierno\u015b\u0107\",\"CPK\",\"Duda\",\"krytykuje\",\"mo\u017ce\",\"Nie\",\"polska\",\"Prezydent\",\"przegapi\u0107\",\"rz\u0105du\",\"szansy\",\"tej\",\"Tuska\",\"wobec\"],\"articleSection\":[\"Polityka\"],\"inLanguage\":\"pl-PL\"},{\"@type\":\"WebPage\",\"@id\":\"https:\/\/www.pogotowieflagowe.pl\/aktualne\/polska-nie-moze-przegapic-tej-szansy-prezydent-duda-krytykuje-biernosc-rzadu-tuska-wobec-cpk\/\",\"url\":\"https:\/\/www.pogotowieflagowe.pl\/aktualne\/polska-nie-moze-przegapic-tej-szansy-prezydent-duda-krytykuje-biernosc-rzadu-tuska-wobec-cpk\/\",\"name\":\"\u201ePolska nie mo\u017ce przegapi\u0107 tej szansy\u201d: Prezydent Duda krytykuje bierno\u015b\u0107 rz\u0105du Tuska wobec CPK - POGOTOWIE FLAGOWE\u00ae\",\"isPartOf\":{\"@id\":\"https:\/\/www.pogotowieflagowe.pl\/aktualne\/#website\"},\"primaryImageOfPage\":{\"@id\":\"https:\/\/www.pogotowieflagowe.pl\/aktualne\/polska-nie-moze-przegapic-tej-szansy-prezydent-duda-krytykuje-biernosc-rzadu-tuska-wobec-cpk\/#primaryimage\"},\"image\":{\"@id\":\"https:\/\/www.pogotowieflagowe.pl\/aktualne\/polska-nie-moze-przegapic-tej-szansy-prezydent-duda-krytykuje-biernosc-rzadu-tuska-wobec-cpk\/#primaryimage\"},\"thumbnailUrl\":\"https:\/\/www.pogotowieflagowe.pl\/aktualne\/wp-content\/uploads\/2024\/10\/\u201ePolska-nie-moze-przegapic-tej-szansy-Prezydent-Duda-krytykuje-biernosc.jpeg\",\"datePublished\":\"2024-10-17T15:47:36+00:00\",\"dateModified\":\"2024-10-17T15:47:40+00:00\",\"breadcrumb\":{\"@id\":\"https:\/\/www.pogotowieflagowe.pl\/aktualne\/polska-nie-moze-przegapic-tej-szansy-prezydent-duda-krytykuje-biernosc-rzadu-tuska-wobec-cpk\/#breadcrumb\"},\"inLanguage\":\"pl-PL\",\"potentialAction\":[{\"@type\":\"ReadAction\",\"target\":[\"https:\/\/www.pogotowieflagowe.pl\/aktualne\/polska-nie-moze-przegapic-tej-szansy-prezydent-duda-krytykuje-biernosc-rzadu-tuska-wobec-cpk\/\"]}]},{\"@type\":\"ImageObject\",\"inLanguage\":\"pl-PL\",\"@id\":\"https:\/\/www.pogotowieflagowe.pl\/aktualne\/polska-nie-moze-przegapic-tej-szansy-prezydent-duda-krytykuje-biernosc-rzadu-tuska-wobec-cpk\/#primaryimage\",\"url\":\"https:\/\/www.pogotowieflagowe.pl\/aktualne\/wp-content\/uploads\/2024\/10\/\u201ePolska-nie-moze-przegapic-tej-szansy-Prezydent-Duda-krytykuje-biernosc.jpeg\",\"contentUrl\":\"https:\/\/www.pogotowieflagowe.pl\/aktualne\/wp-content\/uploads\/2024\/10\/\u201ePolska-nie-moze-przegapic-tej-szansy-Prezydent-Duda-krytykuje-biernosc.jpeg\",\"width\":1920,\"height\":1280,\"caption\":\"\u201ePolska nie mo\u017ce przegapi\u0107 tej szansy\u201d: Prezydent Duda krytykuje bierno\u015b\u0107 rz\u0105du Tuska wobec CPK\"},{\"@type\":\"BreadcrumbList\",\"@id\":\"https:\/\/www.pogotowieflagowe.pl\/aktualne\/polska-nie-moze-przegapic-tej-szansy-prezydent-duda-krytykuje-biernosc-rzadu-tuska-wobec-cpk\/#breadcrumb\",\"itemListElement\":[{\"@type\":\"ListItem\",\"position\":1,\"name\":\"Home\",\"item\":\"https:\/\/www.pogotowieflagowe.pl\/aktualne\/\"},{\"@type\":\"ListItem\",\"position\":2,\"name\":\"\u201ePolska nie mo\u017ce przegapi\u0107 tej szansy\u201d: Prezydent Duda krytykuje bierno\u015b\u0107 rz\u0105du Tuska wobec CPK\"}]},{\"@type\":\"WebSite\",\"@id\":\"https:\/\/www.pogotowieflagowe.pl\/aktualne\/#website\",\"url\":\"https:\/\/www.pogotowieflagowe.pl\/aktualne\/\",\"name\":\"POGOTOWIE FLAGOWE\u00ae\",\"description\":\"\",\"publisher\":{\"@id\":\"https:\/\/www.pogotowieflagowe.pl\/aktualne\/#organization\"},\"potentialAction\":[{\"@type\":\"SearchAction\",\"target\":{\"@type\":\"EntryPoint\",\"urlTemplate\":\"https:\/\/www.pogotowieflagowe.pl\/aktualne\/?s={search_term_string}\"},\"query-input\":\"required name=search_term_string\"}],\"inLanguage\":\"pl-PL\"},{\"@type\":\"Organization\",\"@id\":\"https:\/\/www.pogotowieflagowe.pl\/aktualne\/#organization\",\"name\":\"POGOTOWIE FLAGOWE\u00ae\",\"url\":\"https:\/\/www.pogotowieflagowe.pl\/aktualne\/\",\"logo\":{\"@type\":\"ImageObject\",\"inLanguage\":\"pl-PL\",\"@id\":\"https:\/\/www.pogotowieflagowe.pl\/aktualne\/#\/schema\/logo\/image\/\",\"url\":\"https:\/\/www.pogotowieflagowe.pl\/aktualne\/wp-content\/uploads\/2024\/08\/cropped-pogotowieflagowe_flaga_projekt_sm.jpg\",\"contentUrl\":\"https:\/\/www.pogotowieflagowe.pl\/aktualne\/wp-content\/uploads\/2024\/08\/cropped-pogotowieflagowe_flaga_projekt_sm.jpg\",\"width\":250,\"height\":143,\"caption\":\"POGOTOWIE FLAGOWE\u00ae\"},\"image\":{\"@id\":\"https:\/\/www.pogotowieflagowe.pl\/aktualne\/#\/schema\/logo\/image\/\"}},{\"@type\":\"Person\",\"@id\":\"https:\/\/www.pogotowieflagowe.pl\/aktualne\/#\/schema\/person\/9c2fb7d2362ebf6fa088960d7f0d27b0\",\"name\":\"Filip\",\"image\":{\"@type\":\"ImageObject\",\"inLanguage\":\"pl-PL\",\"@id\":\"https:\/\/www.pogotowieflagowe.pl\/aktualne\/#\/schema\/person\/image\/\",\"url\":\"https:\/\/www.pogotowieflagowe.pl\/aktualne\/wp-content\/uploads\/2024\/08\/pogotowieflagowe.pl_.jpg\",\"contentUrl\":\"https:\/\/www.pogotowieflagowe.pl\/aktualne\/wp-content\/uploads\/2024\/08\/pogotowieflagowe.pl_.jpg\",\"caption\":\"Filip\"},\"description\":\"Jestem Filip, polski dziennikarz z dyplomem nauk politycznych Uniwersytetu Warszawskiego. Rozpoczynaj\u0105c swoj\u0105 karier\u0119 w r\u00f3\u017cnych lokalnych mediach, zdoby\u0142em solidne do\u015bwiadczenie w zakresie \u015bledztwa i redakcji. Obecnie jako redaktor w Pogotowie flagowe, staram si\u0119 dostarcza\u0107 dog\u0142\u0119bne i istotne analizy na temat najwa\u017cniejszych kwestii aktualno\u015bci, \u0142\u0105cz\u0105c rygor z pasj\u0105 dziennikarsk\u0105.\",\"sameAs\":[\"https:\/\/www.pogotowieflagowe.pl\/\"]}]}<\/script>\n<!-- \/ Yoast SEO plugin. -->","yoast_head_json":{"title":"\u201ePolska nie mo\u017ce przegapi\u0107 tej szansy\u201d: Prezydent Duda krytykuje bierno\u015b\u0107 rz\u0105du Tuska wobec CPK - POGOTOWIE FLAGOWE\u00ae","robots":{"index":"index","follow":"follow","max-snippet":"max-snippet:-1","max-image-preview":"max-image-preview:large","max-video-preview":"max-video-preview:-1"},"canonical":"https:\/\/www.pogotowieflagowe.pl\/aktualne\/polska-nie-moze-przegapic-tej-szansy-prezydent-duda-krytykuje-biernosc-rzadu-tuska-wobec-cpk\/","og_locale":"pl_PL","og_type":"article","og_title":"\u201ePolska nie mo\u017ce przegapi\u0107 tej szansy\u201d: Prezydent Duda krytykuje bierno\u015b\u0107 rz\u0105du Tuska wobec CPK - POGOTOWIE FLAGOWE\u00ae","og_description":"Prezydent Andrzej Duda wyg\u0142osi\u0142 dzi\u015b przed Sejmem mocne wyst\u0105pienie, w kt\u00f3rym skupi\u0142 si\u0119 na obawach dotycz\u0105cych sposobu, w jaki rz\u0105d","og_url":"https:\/\/www.pogotowieflagowe.pl\/aktualne\/polska-nie-moze-przegapic-tej-szansy-prezydent-duda-krytykuje-biernosc-rzadu-tuska-wobec-cpk\/","og_site_name":"POGOTOWIE FLAGOWE\u00ae","article_published_time":"2024-10-17T15:47:36+00:00","article_modified_time":"2024-10-17T15:47:40+00:00","og_image":[{"width":1920,"height":1280,"url":"https:\/\/www.pogotowieflagowe.pl\/aktualne\/wp-content\/uploads\/2024\/10\/\u201ePolska-nie-moze-przegapic-tej-szansy-Prezydent-Duda-krytykuje-biernosc.jpeg","type":"image\/jpeg"}],"author":"Filip","twitter_card":"summary_large_image","twitter_misc":{"Napisane przez":"Filip","Szacowany czas czytania":"3 minuty"},"schema":{"@context":"https:\/\/schema.org","@graph":[{"@type":"Article","@id":"https:\/\/www.pogotowieflagowe.pl\/aktualne\/polska-nie-moze-przegapic-tej-szansy-prezydent-duda-krytykuje-biernosc-rzadu-tuska-wobec-cpk\/#article","isPartOf":{"@id":"https:\/\/www.pogotowieflagowe.pl\/aktualne\/polska-nie-moze-przegapic-tej-szansy-prezydent-duda-krytykuje-biernosc-rzadu-tuska-wobec-cpk\/"},"author":{"name":"Filip","@id":"https:\/\/www.pogotowieflagowe.pl\/aktualne\/#\/schema\/person\/9c2fb7d2362ebf6fa088960d7f0d27b0"},"headline":"\u201ePolska nie mo\u017ce przegapi\u0107 tej szansy\u201d: Prezydent Duda krytykuje bierno\u015b\u0107 rz\u0105du Tuska wobec CPK","datePublished":"2024-10-17T15:47:36+00:00","dateModified":"2024-10-17T15:47:40+00:00","mainEntityOfPage":{"@id":"https:\/\/www.pogotowieflagowe.pl\/aktualne\/polska-nie-moze-przegapic-tej-szansy-prezydent-duda-krytykuje-biernosc-rzadu-tuska-wobec-cpk\/"},"wordCount":601,"publisher":{"@id":"https:\/\/www.pogotowieflagowe.pl\/aktualne\/#organization"},"image":{"@id":"https:\/\/www.pogotowieflagowe.pl\/aktualne\/polska-nie-moze-przegapic-tej-szansy-prezydent-duda-krytykuje-biernosc-rzadu-tuska-wobec-cpk\/#primaryimage"},"thumbnailUrl":"https:\/\/www.pogotowieflagowe.pl\/aktualne\/wp-content\/uploads\/2024\/10\/\u201ePolska-nie-moze-przegapic-tej-szansy-Prezydent-Duda-krytykuje-biernosc.jpeg","keywords":["bierno\u015b\u0107","CPK","Duda","krytykuje","mo\u017ce","Nie","polska","Prezydent","przegapi\u0107","rz\u0105du","szansy","tej","Tuska","wobec"],"articleSection":["Polityka"],"inLanguage":"pl-PL"},{"@type":"WebPage","@id":"https:\/\/www.pogotowieflagowe.pl\/aktualne\/polska-nie-moze-przegapic-tej-szansy-prezydent-duda-krytykuje-biernosc-rzadu-tuska-wobec-cpk\/","url":"https:\/\/www.pogotowieflagowe.pl\/aktualne\/polska-nie-moze-przegapic-tej-szansy-prezydent-duda-krytykuje-biernosc-rzadu-tuska-wobec-cpk\/","name":"\u201ePolska nie mo\u017ce przegapi\u0107 tej szansy\u201d: Prezydent Duda krytykuje bierno\u015b\u0107 rz\u0105du Tuska wobec CPK - POGOTOWIE FLAGOWE\u00ae","isPartOf":{"@id":"https:\/\/www.pogotowieflagowe.pl\/aktualne\/#website"},"primaryImageOfPage":{"@id":"https:\/\/www.pogotowieflagowe.pl\/aktualne\/polska-nie-moze-przegapic-tej-szansy-prezydent-duda-krytykuje-biernosc-rzadu-tuska-wobec-cpk\/#primaryimage"},"image":{"@id":"https:\/\/www.pogotowieflagowe.pl\/aktualne\/polska-nie-moze-przegapic-tej-szansy-prezydent-duda-krytykuje-biernosc-rzadu-tuska-wobec-cpk\/#primaryimage"},"thumbnailUrl":"https:\/\/www.pogotowieflagowe.pl\/aktualne\/wp-content\/uploads\/2024\/10\/\u201ePolska-nie-moze-przegapic-tej-szansy-Prezydent-Duda-krytykuje-biernosc.jpeg","datePublished":"2024-10-17T15:47:36+00:00","dateModified":"2024-10-17T15:47:40+00:00","breadcrumb":{"@id":"https:\/\/www.pogotowieflagowe.pl\/aktualne\/polska-nie-moze-przegapic-tej-szansy-prezydent-duda-krytykuje-biernosc-rzadu-tuska-wobec-cpk\/#breadcrumb"},"inLanguage":"pl-PL","potentialAction":[{"@type":"ReadAction","target":["https:\/\/www.pogotowieflagowe.pl\/aktualne\/polska-nie-moze-przegapic-tej-szansy-prezydent-duda-krytykuje-biernosc-rzadu-tuska-wobec-cpk\/"]}]},{"@type":"ImageObject","inLanguage":"pl-PL","@id":"https:\/\/www.pogotowieflagowe.pl\/aktualne\/polska-nie-moze-przegapic-tej-szansy-prezydent-duda-krytykuje-biernosc-rzadu-tuska-wobec-cpk\/#primaryimage","url":"https:\/\/www.pogotowieflagowe.pl\/aktualne\/wp-content\/uploads\/2024\/10\/\u201ePolska-nie-moze-przegapic-tej-szansy-Prezydent-Duda-krytykuje-biernosc.jpeg","contentUrl":"https:\/\/www.pogotowieflagowe.pl\/aktualne\/wp-content\/uploads\/2024\/10\/\u201ePolska-nie-moze-przegapic-tej-szansy-Prezydent-Duda-krytykuje-biernosc.jpeg","width":1920,"height":1280,"caption":"\u201ePolska nie mo\u017ce przegapi\u0107 tej szansy\u201d: Prezydent Duda krytykuje bierno\u015b\u0107 rz\u0105du Tuska wobec CPK"},{"@type":"BreadcrumbList","@id":"https:\/\/www.pogotowieflagowe.pl\/aktualne\/polska-nie-moze-przegapic-tej-szansy-prezydent-duda-krytykuje-biernosc-rzadu-tuska-wobec-cpk\/#breadcrumb","itemListElement":[{"@type":"ListItem","position":1,"name":"Home","item":"https:\/\/www.pogotowieflagowe.pl\/aktualne\/"},{"@type":"ListItem","position":2,"name":"\u201ePolska nie mo\u017ce przegapi\u0107 tej szansy\u201d: Prezydent Duda krytykuje bierno\u015b\u0107 rz\u0105du Tuska wobec CPK"}]},{"@type":"WebSite","@id":"https:\/\/www.pogotowieflagowe.pl\/aktualne\/#website","url":"https:\/\/www.pogotowieflagowe.pl\/aktualne\/","name":"POGOTOWIE FLAGOWE\u00ae","description":"","publisher":{"@id":"https:\/\/www.pogotowieflagowe.pl\/aktualne\/#organization"},"potentialAction":[{"@type":"SearchAction","target":{"@type":"EntryPoint","urlTemplate":"https:\/\/www.pogotowieflagowe.pl\/aktualne\/?s={search_term_string}"},"query-input":"required name=search_term_string"}],"inLanguage":"pl-PL"},{"@type":"Organization","@id":"https:\/\/www.pogotowieflagowe.pl\/aktualne\/#organization","name":"POGOTOWIE FLAGOWE\u00ae","url":"https:\/\/www.pogotowieflagowe.pl\/aktualne\/","logo":{"@type":"ImageObject","inLanguage":"pl-PL","@id":"https:\/\/www.pogotowieflagowe.pl\/aktualne\/#\/schema\/logo\/image\/","url":"https:\/\/www.pogotowieflagowe.pl\/aktualne\/wp-content\/uploads\/2024\/08\/cropped-pogotowieflagowe_flaga_projekt_sm.jpg","contentUrl":"https:\/\/www.pogotowieflagowe.pl\/aktualne\/wp-content\/uploads\/2024\/08\/cropped-pogotowieflagowe_flaga_projekt_sm.jpg","width":250,"height":143,"caption":"POGOTOWIE FLAGOWE\u00ae"},"image":{"@id":"https:\/\/www.pogotowieflagowe.pl\/aktualne\/#\/schema\/logo\/image\/"}},{"@type":"Person","@id":"https:\/\/www.pogotowieflagowe.pl\/aktualne\/#\/schema\/person\/9c2fb7d2362ebf6fa088960d7f0d27b0","name":"Filip","image":{"@type":"ImageObject","inLanguage":"pl-PL","@id":"https:\/\/www.pogotowieflagowe.pl\/aktualne\/#\/schema\/person\/image\/","url":"https:\/\/www.pogotowieflagowe.pl\/aktualne\/wp-content\/uploads\/2024\/08\/pogotowieflagowe.pl_.jpg","contentUrl":"https:\/\/www.pogotowieflagowe.pl\/aktualne\/wp-content\/uploads\/2024\/08\/pogotowieflagowe.pl_.jpg","caption":"Filip"},"description":"Jestem Filip, polski dziennikarz z dyplomem nauk politycznych Uniwersytetu Warszawskiego. Rozpoczynaj\u0105c swoj\u0105 karier\u0119 w r\u00f3\u017cnych lokalnych mediach, zdoby\u0142em solidne do\u015bwiadczenie w zakresie \u015bledztwa i redakcji. Obecnie jako redaktor w Pogotowie flagowe, staram si\u0119 dostarcza\u0107 dog\u0142\u0119bne i istotne analizy na temat najwa\u017cniejszych kwestii aktualno\u015bci, \u0142\u0105cz\u0105c rygor z pasj\u0105 dziennikarsk\u0105.","sameAs":["https:\/\/www.pogotowieflagowe.pl\/"]}]}},"_links":{"self":[{"href":"https:\/\/www.pogotowieflagowe.pl\/aktualne\/wp-json\/wp\/v2\/posts\/1330","targetHints":{"allow":["GET"]}}],"collection":[{"href":"https:\/\/www.pogotowieflagowe.pl\/aktualne\/wp-json\/wp\/v2\/posts"}],"about":[{"href":"https:\/\/www.pogotowieflagowe.pl\/aktualne\/wp-json\/wp\/v2\/types\/post"}],"author":[{"embeddable":true,"href":"https:\/\/www.pogotowieflagowe.pl\/aktualne\/wp-json\/wp\/v2\/users\/1"}],"replies":[{"embeddable":true,"href":"https:\/\/www.pogotowieflagowe.pl\/aktualne\/wp-json\/wp\/v2\/comments?post=1330"}],"version-history":[{"count":1,"href":"https:\/\/www.pogotowieflagowe.pl\/aktualne\/wp-json\/wp\/v2\/posts\/1330\/revisions"}],"predecessor-version":[{"id":1332,"href":"https:\/\/www.pogotowieflagowe.pl\/aktualne\/wp-json\/wp\/v2\/posts\/1330\/revisions\/1332"}],"wp:featuredmedia":[{"embeddable":true,"href":"https:\/\/www.pogotowieflagowe.pl\/aktualne\/wp-json\/wp\/v2\/media\/1331"}],"wp:attachment":[{"href":"https:\/\/www.pogotowieflagowe.pl\/aktualne\/wp-json\/wp\/v2\/media?parent=1330"}],"wp:term":[{"taxonomy":"category","embeddable":true,"href":"https:\/\/www.pogotowieflagowe.pl\/aktualne\/wp-json\/wp\/v2\/categories?post=1330"},{"taxonomy":"post_tag","embeddable":true,"href":"https:\/\/www.pogotowieflagowe.pl\/aktualne\/wp-json\/wp\/v2\/tags?post=1330"}],"curies":[{"name":"wp","href":"https:\/\/api.w.org\/{rel}","templated":true}]}}