{"id":13495,"date":"2026-09-01T00:50:57","date_gmt":"2026-08-31T22:50:57","guid":{"rendered":"https:\/\/www.pogotowieflagowe.pl\/aktualne\/pozar-w-magazynie-w-lublinie-byl-wypelniony-materialami-uzywanymi-do-produkcji-dronow\/"},"modified":"2026-09-01T00:50:58","modified_gmt":"2026-08-31T22:50:58","slug":"pozar-w-magazynie-w-lublinie-byl-wypelniony-materialami-uzywanymi-do-produkcji-dronow","status":"publish","type":"post","link":"https:\/\/www.pogotowieflagowe.pl\/aktualne\/pozar-w-magazynie-w-lublinie-byl-wypelniony-materialami-uzywanymi-do-produkcji-dronow\/","title":{"rendered":"Po\u017car w magazynie w Lublinie. By\u0142 wype\u0142niony materia\u0142ami u\u017cywanymi do produkcji dron\u00f3w"},"content":{"rendered":"<div>\n<p class=\"wp-block-paragraph\">W niedzielne popo\u0142udnie w magazynie nale\u017c\u0105cym do JFG Composites w Lublinie wybuch\u0142 po\u017car. Z informacji uzyskanych przez niezalezna.pl wynika, \u017ce \u200b\u200bobiekt zosta\u0142 wype\u0142niony materia\u0142ami u\u017cywanymi do produkcji dron\u00f3w. Dopiero dzisiaj na miejsce przyjecha\u0142 prokurator.<\/p>\n<p class=\"wp-block-paragraph\">W niedzielne popo\u0142udnie wybuch\u0142 masowy po\u017car w magazynie nale\u017c\u0105cym do JFG Composites w Lublinie, firmy zajmuj\u0105cej si\u0119 produkcj\u0105 komponent\u00f3w do sprz\u0119tu wojskowego dostarczanego na Ukrain\u0119.<\/p>\n<p class=\"wp-block-paragraph\"><strong>Podobnie jak WB Electronics, firma produkuje komponenty do sprz\u0119tu wojskowego dostarczanego na Ukrain\u0119.<\/strong><\/p>\n<p class=\"wp-block-paragraph\">Po\u017car wybuch\u0142 w niedzielne popo\u0142udnie, a akcja ga\u015bnicza trwa\u0142a oko\u0142o siedmiu godzin.<\/p>\n<p class=\"wp-block-paragraph\">Kiedy na miejsce dotarli stra\u017cacy, ogie\u0144 obj\u0105\u0142 ca\u0142y obiekt produkcyjno-magazynowy o powierzchni oko\u0142o 2000 metr\u00f3w kwadratowych. Z powodu panuj\u0105cego upa\u0142u budynek zawali\u0142 si\u0119 do wewn\u0105trz. Straty szacuje si\u0119 na oko\u0142o 30 mln z\u0142.<\/p>\n<p class=\"wp-block-paragraph\"><strong>Z informacji uzyskanych przez niezalezna.pl z lubelskiej stra\u017cy po\u017carnej wynika, \u017ce \u200b\u200bmagazyn by\u0142 wype\u0142niony materia\u0142ami u\u017cywanymi do produkcji dron\u00f3w.<\/strong><\/p>\n<p class=\"wp-block-paragraph\">Po\u017car wybuch\u0142 w niedziel\u0119 oko\u0142o godziny 14:00.<\/p>\n<p class=\"wp-block-paragraph\">Na razie nie zidentyfikowano potencjalnych podpalaczy, nie ma te\u017c podejrzanych w zwi\u0105zku ze zdarzeniem.<\/p>\n<p class=\"wp-block-paragraph\"><strong>\u201eProkurator by\u0142 na miejscu dopiero dzisiaj i zabezpieczono nagrania z monitoringu\u201d \u2013 doda\u0142.<\/strong> \u2013 powiedzia\u0142 prokurator Marcin Kozak, rzecznik Prokuratury Okr\u0119gowej w Lublinie.<\/p>\n<p class=\"wp-block-paragraph\">Tymczasem dzisiaj tu\u017c po p\u00f3\u0142nocy stra\u017cacy otrzymali zg\u0142oszenie o po\u017carze zak\u0142adu WB Electronics w Skar\u017cysku-Kamiennej. Jak wynika z ustale\u0144 TV Republika, na teren zak\u0142adu produkuj\u0105cego komponenty do dron\u00f3w wrzucono plecak zawieraj\u0105cy materia\u0142y zapalaj\u0105ce. Ogie\u0144 szybko ugaszono. Trwa ob\u0142awa na sprawc\u0119.<\/p>\n<\/div>\n","protected":false},"excerpt":{"rendered":"<p>W niedzielne popo\u0142udnie w magazynie nale\u017c\u0105cym do JFG Composites w Lublinie wybuch\u0142 po\u017car. Z informacji uzyskanych przez niezalezna.pl wynika, \u017ce<\/p>\n","protected":false},"author":1,"featured_media":13496,"comment_status":"open","ping_status":"open","sticky":false,"template":"","format":"standard","meta":{"footnotes":""},"categories":[4748],"tags":[1636,973,4004,14347,9269,4861,2216,14349,14348],"class_list":["post-13495","post","type-post","status-publish","format-standard","has-post-thumbnail","hentry","category-aktualne","tag-byl","tag-dronow","tag-lublinie","tag-magazynie","tag-materialami","tag-pozar","tag-produkcji","tag-uzywanymi","tag-wypelniony","generate-columns","tablet-grid-50","mobile-grid-100","grid-parent","grid-50","resize-featured-image"],"yoast_head":"<!-- This site is optimized with the Yoast SEO plugin v23.2 - https:\/\/yoast.com\/wordpress\/plugins\/seo\/ -->\n<title>Po\u017car w magazynie w Lublinie. By\u0142 wype\u0142niony materia\u0142ami u\u017cywanymi do produkcji dron\u00f3w - POGOTOWIE FLAGOWE\u00ae<\/title>\n<meta name=\"robots\" content=\"index, follow, max-snippet:-1, max-image-preview:large, max-video-preview:-1\" \/>\n<link rel=\"canonical\" href=\"https:\/\/www.pogotowieflagowe.pl\/aktualne\/pozar-w-magazynie-w-lublinie-byl-wypelniony-materialami-uzywanymi-do-produkcji-dronow\/\" \/>\n<meta property=\"og:locale\" content=\"pl_PL\" \/>\n<meta property=\"og:type\" content=\"article\" \/>\n<meta property=\"og:title\" content=\"Po\u017car w magazynie w Lublinie. By\u0142 wype\u0142niony materia\u0142ami u\u017cywanymi do produkcji dron\u00f3w - POGOTOWIE FLAGOWE\u00ae\" \/>\n<meta property=\"og:description\" content=\"W niedzielne popo\u0142udnie w magazynie nale\u017c\u0105cym do JFG Composites w Lublinie wybuch\u0142 po\u017car. Z informacji uzyskanych przez niezalezna.pl wynika, \u017ce\" \/>\n<meta property=\"og:url\" content=\"https:\/\/www.pogotowieflagowe.pl\/aktualne\/pozar-w-magazynie-w-lublinie-byl-wypelniony-materialami-uzywanymi-do-produkcji-dronow\/\" \/>\n<meta property=\"og:site_name\" content=\"POGOTOWIE FLAGOWE\u00ae\" \/>\n<meta property=\"article:published_time\" content=\"2026-08-31T22:50:57+00:00\" \/>\n<meta property=\"article:modified_time\" content=\"2026-08-31T22:50:58+00:00\" \/>\n<meta property=\"og:image\" content=\"https:\/\/www.pogotowieflagowe.pl\/aktualne\/wp-content\/uploads\/2026\/09\/Pozar-w-magazynie-w-Lublinie-Byl-wypelniony-materialami-uzywanymi-do.webp\" \/>\n\t<meta property=\"og:image:width\" content=\"1280\" \/>\n\t<meta property=\"og:image:height\" content=\"720\" \/>\n\t<meta property=\"og:image:type\" content=\"image\/webp\" \/>\n<meta name=\"author\" content=\"Filip\" \/>\n<meta name=\"twitter:card\" content=\"summary_large_image\" \/>\n<meta name=\"twitter:label1\" content=\"Napisane przez\" \/>\n\t<meta name=\"twitter:data1\" content=\"Filip\" \/>\n\t<meta name=\"twitter:label2\" content=\"Szacowany czas czytania\" \/>\n\t<meta name=\"twitter:data2\" content=\"1 minuta\" \/>\n<script type=\"application\/ld+json\" class=\"yoast-schema-graph\">{\"@context\":\"https:\/\/schema.org\",\"@graph\":[{\"@type\":\"Article\",\"@id\":\"https:\/\/www.pogotowieflagowe.pl\/aktualne\/pozar-w-magazynie-w-lublinie-byl-wypelniony-materialami-uzywanymi-do-produkcji-dronow\/#article\",\"isPartOf\":{\"@id\":\"https:\/\/www.pogotowieflagowe.pl\/aktualne\/pozar-w-magazynie-w-lublinie-byl-wypelniony-materialami-uzywanymi-do-produkcji-dronow\/\"},\"author\":{\"name\":\"Filip\",\"@id\":\"https:\/\/www.pogotowieflagowe.pl\/aktualne\/#\/schema\/person\/9c2fb7d2362ebf6fa088960d7f0d27b0\"},\"headline\":\"Po\u017car w magazynie w Lublinie. By\u0142 wype\u0142niony materia\u0142ami u\u017cywanymi do produkcji dron\u00f3w\",\"datePublished\":\"2026-08-31T22:50:57+00:00\",\"dateModified\":\"2026-08-31T22:50:58+00:00\",\"mainEntityOfPage\":{\"@id\":\"https:\/\/www.pogotowieflagowe.pl\/aktualne\/pozar-w-magazynie-w-lublinie-byl-wypelniony-materialami-uzywanymi-do-produkcji-dronow\/\"},\"wordCount\":284,\"commentCount\":0,\"publisher\":{\"@id\":\"https:\/\/www.pogotowieflagowe.pl\/aktualne\/#organization\"},\"image\":{\"@id\":\"https:\/\/www.pogotowieflagowe.pl\/aktualne\/pozar-w-magazynie-w-lublinie-byl-wypelniony-materialami-uzywanymi-do-produkcji-dronow\/#primaryimage\"},\"thumbnailUrl\":\"https:\/\/www.pogotowieflagowe.pl\/aktualne\/wp-content\/uploads\/2026\/09\/Pozar-w-magazynie-w-Lublinie-Byl-wypelniony-materialami-uzywanymi-do.webp\",\"keywords\":[\"by\u0142\",\"dron\u00f3w\",\"Lublinie\",\"magazynie\",\"materia\u0142ami\",\"po\u017car\",\"produkcji\",\"u\u017cywanymi\",\"wype\u0142niony\"],\"articleSection\":[\"Aktualne\"],\"inLanguage\":\"pl-PL\",\"potentialAction\":[{\"@type\":\"CommentAction\",\"name\":\"Comment\",\"target\":[\"https:\/\/www.pogotowieflagowe.pl\/aktualne\/pozar-w-magazynie-w-lublinie-byl-wypelniony-materialami-uzywanymi-do-produkcji-dronow\/#respond\"]}]},{\"@type\":\"WebPage\",\"@id\":\"https:\/\/www.pogotowieflagowe.pl\/aktualne\/pozar-w-magazynie-w-lublinie-byl-wypelniony-materialami-uzywanymi-do-produkcji-dronow\/\",\"url\":\"https:\/\/www.pogotowieflagowe.pl\/aktualne\/pozar-w-magazynie-w-lublinie-byl-wypelniony-materialami-uzywanymi-do-produkcji-dronow\/\",\"name\":\"Po\u017car w magazynie w Lublinie. By\u0142 wype\u0142niony materia\u0142ami u\u017cywanymi do produkcji dron\u00f3w - POGOTOWIE FLAGOWE\u00ae\",\"isPartOf\":{\"@id\":\"https:\/\/www.pogotowieflagowe.pl\/aktualne\/#website\"},\"primaryImageOfPage\":{\"@id\":\"https:\/\/www.pogotowieflagowe.pl\/aktualne\/pozar-w-magazynie-w-lublinie-byl-wypelniony-materialami-uzywanymi-do-produkcji-dronow\/#primaryimage\"},\"image\":{\"@id\":\"https:\/\/www.pogotowieflagowe.pl\/aktualne\/pozar-w-magazynie-w-lublinie-byl-wypelniony-materialami-uzywanymi-do-produkcji-dronow\/#primaryimage\"},\"thumbnailUrl\":\"https:\/\/www.pogotowieflagowe.pl\/aktualne\/wp-content\/uploads\/2026\/09\/Pozar-w-magazynie-w-Lublinie-Byl-wypelniony-materialami-uzywanymi-do.webp\",\"datePublished\":\"2026-08-31T22:50:57+00:00\",\"dateModified\":\"2026-08-31T22:50:58+00:00\",\"breadcrumb\":{\"@id\":\"https:\/\/www.pogotowieflagowe.pl\/aktualne\/pozar-w-magazynie-w-lublinie-byl-wypelniony-materialami-uzywanymi-do-produkcji-dronow\/#breadcrumb\"},\"inLanguage\":\"pl-PL\",\"potentialAction\":[{\"@type\":\"ReadAction\",\"target\":[\"https:\/\/www.pogotowieflagowe.pl\/aktualne\/pozar-w-magazynie-w-lublinie-byl-wypelniony-materialami-uzywanymi-do-produkcji-dronow\/\"]}]},{\"@type\":\"ImageObject\",\"inLanguage\":\"pl-PL\",\"@id\":\"https:\/\/www.pogotowieflagowe.pl\/aktualne\/pozar-w-magazynie-w-lublinie-byl-wypelniony-materialami-uzywanymi-do-produkcji-dronow\/#primaryimage\",\"url\":\"https:\/\/www.pogotowieflagowe.pl\/aktualne\/wp-content\/uploads\/2026\/09\/Pozar-w-magazynie-w-Lublinie-Byl-wypelniony-materialami-uzywanymi-do.webp\",\"contentUrl\":\"https:\/\/www.pogotowieflagowe.pl\/aktualne\/wp-content\/uploads\/2026\/09\/Pozar-w-magazynie-w-Lublinie-Byl-wypelniony-materialami-uzywanymi-do.webp\",\"width\":1280,\"height\":720},{\"@type\":\"BreadcrumbList\",\"@id\":\"https:\/\/www.pogotowieflagowe.pl\/aktualne\/pozar-w-magazynie-w-lublinie-byl-wypelniony-materialami-uzywanymi-do-produkcji-dronow\/#breadcrumb\",\"itemListElement\":[{\"@type\":\"ListItem\",\"position\":1,\"name\":\"Home\",\"item\":\"https:\/\/www.pogotowieflagowe.pl\/aktualne\/\"},{\"@type\":\"ListItem\",\"position\":2,\"name\":\"Po\u017car w magazynie w Lublinie. By\u0142 wype\u0142niony materia\u0142ami u\u017cywanymi do produkcji dron\u00f3w\"}]},{\"@type\":\"WebSite\",\"@id\":\"https:\/\/www.pogotowieflagowe.pl\/aktualne\/#website\",\"url\":\"https:\/\/www.pogotowieflagowe.pl\/aktualne\/\",\"name\":\"POGOTOWIE FLAGOWE\u00ae\",\"description\":\"\",\"publisher\":{\"@id\":\"https:\/\/www.pogotowieflagowe.pl\/aktualne\/#organization\"},\"potentialAction\":[{\"@type\":\"SearchAction\",\"target\":{\"@type\":\"EntryPoint\",\"urlTemplate\":\"https:\/\/www.pogotowieflagowe.pl\/aktualne\/?s={search_term_string}\"},\"query-input\":\"required name=search_term_string\"}],\"inLanguage\":\"pl-PL\"},{\"@type\":\"Organization\",\"@id\":\"https:\/\/www.pogotowieflagowe.pl\/aktualne\/#organization\",\"name\":\"POGOTOWIE FLAGOWE\u00ae\",\"url\":\"https:\/\/www.pogotowieflagowe.pl\/aktualne\/\",\"logo\":{\"@type\":\"ImageObject\",\"inLanguage\":\"pl-PL\",\"@id\":\"https:\/\/www.pogotowieflagowe.pl\/aktualne\/#\/schema\/logo\/image\/\",\"url\":\"https:\/\/www.pogotowieflagowe.pl\/aktualne\/wp-content\/uploads\/2024\/08\/cropped-pogotowieflagowe_flaga_projekt_sm.jpg\",\"contentUrl\":\"https:\/\/www.pogotowieflagowe.pl\/aktualne\/wp-content\/uploads\/2024\/08\/cropped-pogotowieflagowe_flaga_projekt_sm.jpg\",\"width\":250,\"height\":143,\"caption\":\"POGOTOWIE FLAGOWE\u00ae\"},\"image\":{\"@id\":\"https:\/\/www.pogotowieflagowe.pl\/aktualne\/#\/schema\/logo\/image\/\"}},{\"@type\":\"Person\",\"@id\":\"https:\/\/www.pogotowieflagowe.pl\/aktualne\/#\/schema\/person\/9c2fb7d2362ebf6fa088960d7f0d27b0\",\"name\":\"Filip\",\"image\":{\"@type\":\"ImageObject\",\"inLanguage\":\"pl-PL\",\"@id\":\"https:\/\/www.pogotowieflagowe.pl\/aktualne\/#\/schema\/person\/image\/\",\"url\":\"https:\/\/www.pogotowieflagowe.pl\/aktualne\/wp-content\/uploads\/2024\/08\/pogotowieflagowe.pl_.jpg\",\"contentUrl\":\"https:\/\/www.pogotowieflagowe.pl\/aktualne\/wp-content\/uploads\/2024\/08\/pogotowieflagowe.pl_.jpg\",\"caption\":\"Filip\"},\"description\":\"Jestem Filip, polski dziennikarz z dyplomem nauk politycznych Uniwersytetu Warszawskiego. Rozpoczynaj\u0105c swoj\u0105 karier\u0119 w r\u00f3\u017cnych lokalnych mediach, zdoby\u0142em solidne do\u015bwiadczenie w zakresie \u015bledztwa i redakcji. Obecnie jako redaktor w Pogotowie flagowe, staram si\u0119 dostarcza\u0107 dog\u0142\u0119bne i istotne analizy na temat najwa\u017cniejszych kwestii aktualno\u015bci, \u0142\u0105cz\u0105c rygor z pasj\u0105 dziennikarsk\u0105.\",\"sameAs\":[\"https:\/\/www.pogotowieflagowe.pl\/\"]}]}<\/script>\n<!-- \/ Yoast SEO plugin. -->","yoast_head_json":{"title":"Po\u017car w magazynie w Lublinie. By\u0142 wype\u0142niony materia\u0142ami u\u017cywanymi do produkcji dron\u00f3w - POGOTOWIE FLAGOWE\u00ae","robots":{"index":"index","follow":"follow","max-snippet":"max-snippet:-1","max-image-preview":"max-image-preview:large","max-video-preview":"max-video-preview:-1"},"canonical":"https:\/\/www.pogotowieflagowe.pl\/aktualne\/pozar-w-magazynie-w-lublinie-byl-wypelniony-materialami-uzywanymi-do-produkcji-dronow\/","og_locale":"pl_PL","og_type":"article","og_title":"Po\u017car w magazynie w Lublinie. By\u0142 wype\u0142niony materia\u0142ami u\u017cywanymi do produkcji dron\u00f3w - POGOTOWIE FLAGOWE\u00ae","og_description":"W niedzielne popo\u0142udnie w magazynie nale\u017c\u0105cym do JFG Composites w Lublinie wybuch\u0142 po\u017car. Z informacji uzyskanych przez niezalezna.pl wynika, \u017ce","og_url":"https:\/\/www.pogotowieflagowe.pl\/aktualne\/pozar-w-magazynie-w-lublinie-byl-wypelniony-materialami-uzywanymi-do-produkcji-dronow\/","og_site_name":"POGOTOWIE FLAGOWE\u00ae","article_published_time":"2026-08-31T22:50:57+00:00","article_modified_time":"2026-08-31T22:50:58+00:00","og_image":[{"width":1280,"height":720,"url":"https:\/\/www.pogotowieflagowe.pl\/aktualne\/wp-content\/uploads\/2026\/09\/Pozar-w-magazynie-w-Lublinie-Byl-wypelniony-materialami-uzywanymi-do.webp","type":"image\/webp"}],"author":"Filip","twitter_card":"summary_large_image","twitter_misc":{"Napisane przez":"Filip","Szacowany czas czytania":"1 minuta"},"schema":{"@context":"https:\/\/schema.org","@graph":[{"@type":"Article","@id":"https:\/\/www.pogotowieflagowe.pl\/aktualne\/pozar-w-magazynie-w-lublinie-byl-wypelniony-materialami-uzywanymi-do-produkcji-dronow\/#article","isPartOf":{"@id":"https:\/\/www.pogotowieflagowe.pl\/aktualne\/pozar-w-magazynie-w-lublinie-byl-wypelniony-materialami-uzywanymi-do-produkcji-dronow\/"},"author":{"name":"Filip","@id":"https:\/\/www.pogotowieflagowe.pl\/aktualne\/#\/schema\/person\/9c2fb7d2362ebf6fa088960d7f0d27b0"},"headline":"Po\u017car w magazynie w Lublinie. By\u0142 wype\u0142niony materia\u0142ami u\u017cywanymi do produkcji dron\u00f3w","datePublished":"2026-08-31T22:50:57+00:00","dateModified":"2026-08-31T22:50:58+00:00","mainEntityOfPage":{"@id":"https:\/\/www.pogotowieflagowe.pl\/aktualne\/pozar-w-magazynie-w-lublinie-byl-wypelniony-materialami-uzywanymi-do-produkcji-dronow\/"},"wordCount":284,"commentCount":0,"publisher":{"@id":"https:\/\/www.pogotowieflagowe.pl\/aktualne\/#organization"},"image":{"@id":"https:\/\/www.pogotowieflagowe.pl\/aktualne\/pozar-w-magazynie-w-lublinie-byl-wypelniony-materialami-uzywanymi-do-produkcji-dronow\/#primaryimage"},"thumbnailUrl":"https:\/\/www.pogotowieflagowe.pl\/aktualne\/wp-content\/uploads\/2026\/09\/Pozar-w-magazynie-w-Lublinie-Byl-wypelniony-materialami-uzywanymi-do.webp","keywords":["by\u0142","dron\u00f3w","Lublinie","magazynie","materia\u0142ami","po\u017car","produkcji","u\u017cywanymi","wype\u0142niony"],"articleSection":["Aktualne"],"inLanguage":"pl-PL","potentialAction":[{"@type":"CommentAction","name":"Comment","target":["https:\/\/www.pogotowieflagowe.pl\/aktualne\/pozar-w-magazynie-w-lublinie-byl-wypelniony-materialami-uzywanymi-do-produkcji-dronow\/#respond"]}]},{"@type":"WebPage","@id":"https:\/\/www.pogotowieflagowe.pl\/aktualne\/pozar-w-magazynie-w-lublinie-byl-wypelniony-materialami-uzywanymi-do-produkcji-dronow\/","url":"https:\/\/www.pogotowieflagowe.pl\/aktualne\/pozar-w-magazynie-w-lublinie-byl-wypelniony-materialami-uzywanymi-do-produkcji-dronow\/","name":"Po\u017car w magazynie w Lublinie. By\u0142 wype\u0142niony materia\u0142ami u\u017cywanymi do produkcji dron\u00f3w - POGOTOWIE FLAGOWE\u00ae","isPartOf":{"@id":"https:\/\/www.pogotowieflagowe.pl\/aktualne\/#website"},"primaryImageOfPage":{"@id":"https:\/\/www.pogotowieflagowe.pl\/aktualne\/pozar-w-magazynie-w-lublinie-byl-wypelniony-materialami-uzywanymi-do-produkcji-dronow\/#primaryimage"},"image":{"@id":"https:\/\/www.pogotowieflagowe.pl\/aktualne\/pozar-w-magazynie-w-lublinie-byl-wypelniony-materialami-uzywanymi-do-produkcji-dronow\/#primaryimage"},"thumbnailUrl":"https:\/\/www.pogotowieflagowe.pl\/aktualne\/wp-content\/uploads\/2026\/09\/Pozar-w-magazynie-w-Lublinie-Byl-wypelniony-materialami-uzywanymi-do.webp","datePublished":"2026-08-31T22:50:57+00:00","dateModified":"2026-08-31T22:50:58+00:00","breadcrumb":{"@id":"https:\/\/www.pogotowieflagowe.pl\/aktualne\/pozar-w-magazynie-w-lublinie-byl-wypelniony-materialami-uzywanymi-do-produkcji-dronow\/#breadcrumb"},"inLanguage":"pl-PL","potentialAction":[{"@type":"ReadAction","target":["https:\/\/www.pogotowieflagowe.pl\/aktualne\/pozar-w-magazynie-w-lublinie-byl-wypelniony-materialami-uzywanymi-do-produkcji-dronow\/"]}]},{"@type":"ImageObject","inLanguage":"pl-PL","@id":"https:\/\/www.pogotowieflagowe.pl\/aktualne\/pozar-w-magazynie-w-lublinie-byl-wypelniony-materialami-uzywanymi-do-produkcji-dronow\/#primaryimage","url":"https:\/\/www.pogotowieflagowe.pl\/aktualne\/wp-content\/uploads\/2026\/09\/Pozar-w-magazynie-w-Lublinie-Byl-wypelniony-materialami-uzywanymi-do.webp","contentUrl":"https:\/\/www.pogotowieflagowe.pl\/aktualne\/wp-content\/uploads\/2026\/09\/Pozar-w-magazynie-w-Lublinie-Byl-wypelniony-materialami-uzywanymi-do.webp","width":1280,"height":720},{"@type":"BreadcrumbList","@id":"https:\/\/www.pogotowieflagowe.pl\/aktualne\/pozar-w-magazynie-w-lublinie-byl-wypelniony-materialami-uzywanymi-do-produkcji-dronow\/#breadcrumb","itemListElement":[{"@type":"ListItem","position":1,"name":"Home","item":"https:\/\/www.pogotowieflagowe.pl\/aktualne\/"},{"@type":"ListItem","position":2,"name":"Po\u017car w magazynie w Lublinie. By\u0142 wype\u0142niony materia\u0142ami u\u017cywanymi do produkcji dron\u00f3w"}]},{"@type":"WebSite","@id":"https:\/\/www.pogotowieflagowe.pl\/aktualne\/#website","url":"https:\/\/www.pogotowieflagowe.pl\/aktualne\/","name":"POGOTOWIE FLAGOWE\u00ae","description":"","publisher":{"@id":"https:\/\/www.pogotowieflagowe.pl\/aktualne\/#organization"},"potentialAction":[{"@type":"SearchAction","target":{"@type":"EntryPoint","urlTemplate":"https:\/\/www.pogotowieflagowe.pl\/aktualne\/?s={search_term_string}"},"query-input":"required name=search_term_string"}],"inLanguage":"pl-PL"},{"@type":"Organization","@id":"https:\/\/www.pogotowieflagowe.pl\/aktualne\/#organization","name":"POGOTOWIE FLAGOWE\u00ae","url":"https:\/\/www.pogotowieflagowe.pl\/aktualne\/","logo":{"@type":"ImageObject","inLanguage":"pl-PL","@id":"https:\/\/www.pogotowieflagowe.pl\/aktualne\/#\/schema\/logo\/image\/","url":"https:\/\/www.pogotowieflagowe.pl\/aktualne\/wp-content\/uploads\/2024\/08\/cropped-pogotowieflagowe_flaga_projekt_sm.jpg","contentUrl":"https:\/\/www.pogotowieflagowe.pl\/aktualne\/wp-content\/uploads\/2024\/08\/cropped-pogotowieflagowe_flaga_projekt_sm.jpg","width":250,"height":143,"caption":"POGOTOWIE FLAGOWE\u00ae"},"image":{"@id":"https:\/\/www.pogotowieflagowe.pl\/aktualne\/#\/schema\/logo\/image\/"}},{"@type":"Person","@id":"https:\/\/www.pogotowieflagowe.pl\/aktualne\/#\/schema\/person\/9c2fb7d2362ebf6fa088960d7f0d27b0","name":"Filip","image":{"@type":"ImageObject","inLanguage":"pl-PL","@id":"https:\/\/www.pogotowieflagowe.pl\/aktualne\/#\/schema\/person\/image\/","url":"https:\/\/www.pogotowieflagowe.pl\/aktualne\/wp-content\/uploads\/2024\/08\/pogotowieflagowe.pl_.jpg","contentUrl":"https:\/\/www.pogotowieflagowe.pl\/aktualne\/wp-content\/uploads\/2024\/08\/pogotowieflagowe.pl_.jpg","caption":"Filip"},"description":"Jestem Filip, polski dziennikarz z dyplomem nauk politycznych Uniwersytetu Warszawskiego. Rozpoczynaj\u0105c swoj\u0105 karier\u0119 w r\u00f3\u017cnych lokalnych mediach, zdoby\u0142em solidne do\u015bwiadczenie w zakresie \u015bledztwa i redakcji. Obecnie jako redaktor w Pogotowie flagowe, staram si\u0119 dostarcza\u0107 dog\u0142\u0119bne i istotne analizy na temat najwa\u017cniejszych kwestii aktualno\u015bci, \u0142\u0105cz\u0105c rygor z pasj\u0105 dziennikarsk\u0105.","sameAs":["https:\/\/www.pogotowieflagowe.pl\/"]}]}},"_links":{"self":[{"href":"https:\/\/www.pogotowieflagowe.pl\/aktualne\/wp-json\/wp\/v2\/posts\/13495","targetHints":{"allow":["GET"]}}],"collection":[{"href":"https:\/\/www.pogotowieflagowe.pl\/aktualne\/wp-json\/wp\/v2\/posts"}],"about":[{"href":"https:\/\/www.pogotowieflagowe.pl\/aktualne\/wp-json\/wp\/v2\/types\/post"}],"author":[{"embeddable":true,"href":"https:\/\/www.pogotowieflagowe.pl\/aktualne\/wp-json\/wp\/v2\/users\/1"}],"replies":[{"embeddable":true,"href":"https:\/\/www.pogotowieflagowe.pl\/aktualne\/wp-json\/wp\/v2\/comments?post=13495"}],"version-history":[{"count":1,"href":"https:\/\/www.pogotowieflagowe.pl\/aktualne\/wp-json\/wp\/v2\/posts\/13495\/revisions"}],"predecessor-version":[{"id":13497,"href":"https:\/\/www.pogotowieflagowe.pl\/aktualne\/wp-json\/wp\/v2\/posts\/13495\/revisions\/13497"}],"wp:featuredmedia":[{"embeddable":true,"href":"https:\/\/www.pogotowieflagowe.pl\/aktualne\/wp-json\/wp\/v2\/media\/13496"}],"wp:attachment":[{"href":"https:\/\/www.pogotowieflagowe.pl\/aktualne\/wp-json\/wp\/v2\/media?parent=13495"}],"wp:term":[{"taxonomy":"category","embeddable":true,"href":"https:\/\/www.pogotowieflagowe.pl\/aktualne\/wp-json\/wp\/v2\/categories?post=13495"},{"taxonomy":"post_tag","embeddable":true,"href":"https:\/\/www.pogotowieflagowe.pl\/aktualne\/wp-json\/wp\/v2\/tags?post=13495"}],"curies":[{"name":"wp","href":"https:\/\/api.w.org\/{rel}","templated":true}]}}