{"id":13498,"date":"2026-09-01T04:49:19","date_gmt":"2026-09-01T02:49:19","guid":{"rendered":"https:\/\/www.pogotowieflagowe.pl\/aktualne\/islandia-odrzuca-negocjacje-z-ue-niemiecka-prasa-urzednicy-a-nie-ludzie-powinni-decydowac\/"},"modified":"2026-09-01T04:49:21","modified_gmt":"2026-09-01T02:49:21","slug":"islandia-odrzuca-negocjacje-z-ue-niemiecka-prasa-urzednicy-a-nie-ludzie-powinni-decydowac","status":"publish","type":"post","link":"https:\/\/www.pogotowieflagowe.pl\/aktualne\/islandia-odrzuca-negocjacje-z-ue-niemiecka-prasa-urzednicy-a-nie-ludzie-powinni-decydowac\/","title":{"rendered":"Islandia odrzuca negocjacje z UE. Niemiecka prasa: Urz\u0119dnicy, a nie ludzie, powinni decydowa\u0107"},"content":{"rendered":"<div data-td-block-uid=\"tdi_41\">\n<div class=\"tdb-block-inner td-fix-index\">\n<p class=\"wp-block-paragraph\"><strong>\u201eWynik referendum w Islandii to pora\u017cka nie tylko islandzkiego rz\u0105du pod przewodnictwem premiera Kristr\u00fana Frostad\u00f3ttira, ale tak\u017ce ca\u0142ej Unii Europejskiej w odleg\u0142ej Brukseli\u201d \u2013 doda\u0142.<\/strong> zauwa\u017ca Michael Neudecker, komentator niemieckiego <em>Suddeutsche Zeitung<\/em>. Jego zdaniem politycy musz\u0105 wzi\u0105\u0107 odpowiedzialno\u015b\u0107 za decyzj\u0119 o rozpocz\u0119ciu rozm\u00f3w z UE.<\/p>\n<p class=\"wp-block-paragraph\">W sobotnim referendum 52,8 proc. Islandczyk\u00f3w g\u0142osowa\u0142o przeciwko wznowieniu rozm\u00f3w z UE w sprawie cz\u0142onkostwa w bloku, a 47,2 proc. g\u0142osowa\u0142o za.<\/p>\n<p class=\"wp-block-paragraph\"><strong>&#8222;Brytyjskie referendum w sprawie UE by\u0142o najwi\u0119kszym b\u0142\u0119dem politycznym pope\u0142nionym przez rz\u0105d europejski w ostatniej dekadzie. Konsekwencje g\u0142osowania w sprawie Brexitu w 2016 r. by\u0142y dalekosi\u0119\u017cne i negatywne, zar\u00f3wno pod wzgl\u0119dem gospodarczym, jak i spo\u0142ecznym. Brexit sta\u0142 si\u0119 tak ostrzegawczym przyk\u0142adem, \u017ce wydawa\u0142o si\u0119, \u017ce \u017caden inny rz\u0105d nie by\u0142by tak naiwny, aby obarcza\u0107 swoich obywateli tak daleko id\u0105c\u0105 decyzj\u0105. Czy\u017c nie?&#8221;<\/strong> To jest to <em>Suddeutsche Zeitung<\/em> napisa\u0142 w poniedzia\u0142ek.<\/p>\n<p class=\"wp-block-paragraph\"><strong>\u201eA jednak islandzki rz\u0105d zrobi\u0142 dok\u0142adnie to\u201d<\/strong> \u2013 kontynuuje komentator gazety Michael Neudecker. Pytanie zadawane wyborcom w referendum i okoliczno\u015bci by\u0142y wprawdzie odmienne od tych w Wielkiej Brytanii, ale <strong>r\u00f3wnie\u017c w Islandii kwesti\u0105 by\u0142o przyj\u0119cie lub odrzucenie UE. Wynik by\u0142 podobny do g\u0142osowania w sprawie Brexitu \u2013 53 procent przeciw i 47 procent za.<\/strong><\/p>\n<p class=\"wp-block-paragraph\"><strong>\u201eWynik g\u0142osowania to pora\u017cka nie tylko islandzkiego rz\u0105du pod przewodnictwem premiera Kristr\u00fana Frostad\u00f3ttira, ale tak\u017ce ca\u0142ej Unii Europejskiej w odleg\u0142ej Brukseli\u201d \u2013 doda\u0142.<\/strong> \u2013 pisze komentator.<\/p>\n<p class=\"wp-block-paragraph\">Premier opowiada\u0142 si\u0119 za rozmowami z UE ze wzgl\u0119d\u00f3w bezpiecze\u0144stwa kraju i perspektywy przyj\u0119cia euro jako wsp\u00f3lnej waluty. <strong>Islandczycy radz\u0105 sobie jednak dobrze gospodarczo, s\u0105 cz\u0142onkami NATO i maj\u0105 dost\u0119p do jednolitego rynku UE.<\/strong> <strong>\u201eCi, kt\u00f3rzy radz\u0105 sobie dobrze, nie widz\u0105 powodu, aby cokolwiek zmienia\u0107\u201d<\/strong> \u2013 podsumowuje autor.<\/p>\n<p class=\"wp-block-paragraph\">Wed\u0142ug <em>Suddeutsche Zeitung<\/em>, <strong>politycy \u2013 premier i rz\u0105d \u2013 musz\u0105 wzi\u0105\u0107 odpowiedzialno\u015b\u0107 za decyzj\u0119 o rozpocz\u0119ciu rozm\u00f3w z UE. Przerzucanie tej odpowiedzialno\u015bci na ludzi jest \u201eniezrozumian\u0105 demokracj\u0105\u201d<\/strong> \u2013 podsumowuje komentator.<\/p>\n<\/div>\n<\/div>\n","protected":false},"excerpt":{"rendered":"<p>\u201eWynik referendum w Islandii to pora\u017cka nie tylko islandzkiego rz\u0105du pod przewodnictwem premiera Kristr\u00fana Frostad\u00f3ttira, ale tak\u017ce ca\u0142ej Unii Europejskiej<\/p>\n","protected":false},"author":1,"featured_media":13499,"comment_status":"open","ping_status":"open","sticky":false,"template":"","format":"standard","meta":{"footnotes":""},"categories":[44],"tags":[14350,10653,1919,6680,450,2381,560,10000,6044,5535],"class_list":["post-13498","post","type-post","status-publish","format-standard","has-post-thumbnail","hentry","category-polityka","tag-decydowac","tag-islandia","tag-ludzie","tag-negocjacje","tag-nie","tag-niemiecka","tag-odrzuca","tag-powinni","tag-prasa","tag-urzednicy","generate-columns","tablet-grid-50","mobile-grid-100","grid-parent","grid-50","resize-featured-image"],"yoast_head":"<!-- This site is optimized with the Yoast SEO plugin v23.2 - https:\/\/yoast.com\/wordpress\/plugins\/seo\/ -->\n<title>Islandia odrzuca negocjacje z UE. Niemiecka prasa: Urz\u0119dnicy, a nie ludzie, powinni decydowa\u0107 - POGOTOWIE FLAGOWE\u00ae<\/title>\n<meta name=\"robots\" content=\"index, follow, max-snippet:-1, max-image-preview:large, max-video-preview:-1\" \/>\n<link rel=\"canonical\" href=\"https:\/\/www.pogotowieflagowe.pl\/aktualne\/islandia-odrzuca-negocjacje-z-ue-niemiecka-prasa-urzednicy-a-nie-ludzie-powinni-decydowac\/\" \/>\n<meta property=\"og:locale\" content=\"pl_PL\" \/>\n<meta property=\"og:type\" content=\"article\" \/>\n<meta property=\"og:title\" content=\"Islandia odrzuca negocjacje z UE. Niemiecka prasa: Urz\u0119dnicy, a nie ludzie, powinni decydowa\u0107 - POGOTOWIE FLAGOWE\u00ae\" \/>\n<meta property=\"og:description\" content=\"\u201eWynik referendum w Islandii to pora\u017cka nie tylko islandzkiego rz\u0105du pod przewodnictwem premiera Kristr\u00fana Frostad\u00f3ttira, ale tak\u017ce ca\u0142ej Unii Europejskiej\" \/>\n<meta property=\"og:url\" content=\"https:\/\/www.pogotowieflagowe.pl\/aktualne\/islandia-odrzuca-negocjacje-z-ue-niemiecka-prasa-urzednicy-a-nie-ludzie-powinni-decydowac\/\" \/>\n<meta property=\"og:site_name\" content=\"POGOTOWIE FLAGOWE\u00ae\" \/>\n<meta property=\"article:published_time\" content=\"2026-09-01T02:49:19+00:00\" \/>\n<meta property=\"article:modified_time\" content=\"2026-09-01T02:49:21+00:00\" \/>\n<meta property=\"og:image\" content=\"https:\/\/www.pogotowieflagowe.pl\/aktualne\/wp-content\/uploads\/2026\/09\/Islandia-odrzuca-negocjacje-z-UE-Niemiecka-prasa-Urzednicy-a-nie.webp\" \/>\n\t<meta property=\"og:image:width\" content=\"1280\" \/>\n\t<meta property=\"og:image:height\" content=\"720\" \/>\n\t<meta property=\"og:image:type\" content=\"image\/webp\" \/>\n<meta name=\"author\" content=\"Filip\" \/>\n<meta name=\"twitter:card\" content=\"summary_large_image\" \/>\n<meta name=\"twitter:label1\" content=\"Napisane przez\" \/>\n\t<meta name=\"twitter:data1\" content=\"Filip\" \/>\n\t<meta name=\"twitter:label2\" content=\"Szacowany czas czytania\" \/>\n\t<meta name=\"twitter:data2\" content=\"2 minuty\" \/>\n<script type=\"application\/ld+json\" class=\"yoast-schema-graph\">{\"@context\":\"https:\/\/schema.org\",\"@graph\":[{\"@type\":\"Article\",\"@id\":\"https:\/\/www.pogotowieflagowe.pl\/aktualne\/islandia-odrzuca-negocjacje-z-ue-niemiecka-prasa-urzednicy-a-nie-ludzie-powinni-decydowac\/#article\",\"isPartOf\":{\"@id\":\"https:\/\/www.pogotowieflagowe.pl\/aktualne\/islandia-odrzuca-negocjacje-z-ue-niemiecka-prasa-urzednicy-a-nie-ludzie-powinni-decydowac\/\"},\"author\":{\"name\":\"Filip\",\"@id\":\"https:\/\/www.pogotowieflagowe.pl\/aktualne\/#\/schema\/person\/9c2fb7d2362ebf6fa088960d7f0d27b0\"},\"headline\":\"Islandia odrzuca negocjacje z UE. Niemiecka prasa: Urz\u0119dnicy, a nie ludzie, powinni decydowa\u0107\",\"datePublished\":\"2026-09-01T02:49:19+00:00\",\"dateModified\":\"2026-09-01T02:49:21+00:00\",\"mainEntityOfPage\":{\"@id\":\"https:\/\/www.pogotowieflagowe.pl\/aktualne\/islandia-odrzuca-negocjacje-z-ue-niemiecka-prasa-urzednicy-a-nie-ludzie-powinni-decydowac\/\"},\"wordCount\":358,\"commentCount\":0,\"publisher\":{\"@id\":\"https:\/\/www.pogotowieflagowe.pl\/aktualne\/#organization\"},\"image\":{\"@id\":\"https:\/\/www.pogotowieflagowe.pl\/aktualne\/islandia-odrzuca-negocjacje-z-ue-niemiecka-prasa-urzednicy-a-nie-ludzie-powinni-decydowac\/#primaryimage\"},\"thumbnailUrl\":\"https:\/\/www.pogotowieflagowe.pl\/aktualne\/wp-content\/uploads\/2026\/09\/Islandia-odrzuca-negocjacje-z-UE-Niemiecka-prasa-Urzednicy-a-nie.webp\",\"keywords\":[\"decydowa\u0107\",\"Islandia\",\"ludzie\",\"negocjacje\",\"Nie\",\"Niemiecka\",\"odrzuca\",\"Powinni\",\"prasa\",\"Urz\u0119dnicy\"],\"articleSection\":[\"Polityka\"],\"inLanguage\":\"pl-PL\",\"potentialAction\":[{\"@type\":\"CommentAction\",\"name\":\"Comment\",\"target\":[\"https:\/\/www.pogotowieflagowe.pl\/aktualne\/islandia-odrzuca-negocjacje-z-ue-niemiecka-prasa-urzednicy-a-nie-ludzie-powinni-decydowac\/#respond\"]}]},{\"@type\":\"WebPage\",\"@id\":\"https:\/\/www.pogotowieflagowe.pl\/aktualne\/islandia-odrzuca-negocjacje-z-ue-niemiecka-prasa-urzednicy-a-nie-ludzie-powinni-decydowac\/\",\"url\":\"https:\/\/www.pogotowieflagowe.pl\/aktualne\/islandia-odrzuca-negocjacje-z-ue-niemiecka-prasa-urzednicy-a-nie-ludzie-powinni-decydowac\/\",\"name\":\"Islandia odrzuca negocjacje z UE. Niemiecka prasa: Urz\u0119dnicy, a nie ludzie, powinni decydowa\u0107 - POGOTOWIE FLAGOWE\u00ae\",\"isPartOf\":{\"@id\":\"https:\/\/www.pogotowieflagowe.pl\/aktualne\/#website\"},\"primaryImageOfPage\":{\"@id\":\"https:\/\/www.pogotowieflagowe.pl\/aktualne\/islandia-odrzuca-negocjacje-z-ue-niemiecka-prasa-urzednicy-a-nie-ludzie-powinni-decydowac\/#primaryimage\"},\"image\":{\"@id\":\"https:\/\/www.pogotowieflagowe.pl\/aktualne\/islandia-odrzuca-negocjacje-z-ue-niemiecka-prasa-urzednicy-a-nie-ludzie-powinni-decydowac\/#primaryimage\"},\"thumbnailUrl\":\"https:\/\/www.pogotowieflagowe.pl\/aktualne\/wp-content\/uploads\/2026\/09\/Islandia-odrzuca-negocjacje-z-UE-Niemiecka-prasa-Urzednicy-a-nie.webp\",\"datePublished\":\"2026-09-01T02:49:19+00:00\",\"dateModified\":\"2026-09-01T02:49:21+00:00\",\"breadcrumb\":{\"@id\":\"https:\/\/www.pogotowieflagowe.pl\/aktualne\/islandia-odrzuca-negocjacje-z-ue-niemiecka-prasa-urzednicy-a-nie-ludzie-powinni-decydowac\/#breadcrumb\"},\"inLanguage\":\"pl-PL\",\"potentialAction\":[{\"@type\":\"ReadAction\",\"target\":[\"https:\/\/www.pogotowieflagowe.pl\/aktualne\/islandia-odrzuca-negocjacje-z-ue-niemiecka-prasa-urzednicy-a-nie-ludzie-powinni-decydowac\/\"]}]},{\"@type\":\"ImageObject\",\"inLanguage\":\"pl-PL\",\"@id\":\"https:\/\/www.pogotowieflagowe.pl\/aktualne\/islandia-odrzuca-negocjacje-z-ue-niemiecka-prasa-urzednicy-a-nie-ludzie-powinni-decydowac\/#primaryimage\",\"url\":\"https:\/\/www.pogotowieflagowe.pl\/aktualne\/wp-content\/uploads\/2026\/09\/Islandia-odrzuca-negocjacje-z-UE-Niemiecka-prasa-Urzednicy-a-nie.webp\",\"contentUrl\":\"https:\/\/www.pogotowieflagowe.pl\/aktualne\/wp-content\/uploads\/2026\/09\/Islandia-odrzuca-negocjacje-z-UE-Niemiecka-prasa-Urzednicy-a-nie.webp\",\"width\":1280,\"height\":720},{\"@type\":\"BreadcrumbList\",\"@id\":\"https:\/\/www.pogotowieflagowe.pl\/aktualne\/islandia-odrzuca-negocjacje-z-ue-niemiecka-prasa-urzednicy-a-nie-ludzie-powinni-decydowac\/#breadcrumb\",\"itemListElement\":[{\"@type\":\"ListItem\",\"position\":1,\"name\":\"Home\",\"item\":\"https:\/\/www.pogotowieflagowe.pl\/aktualne\/\"},{\"@type\":\"ListItem\",\"position\":2,\"name\":\"Islandia odrzuca negocjacje z UE. Niemiecka prasa: Urz\u0119dnicy, a nie ludzie, powinni decydowa\u0107\"}]},{\"@type\":\"WebSite\",\"@id\":\"https:\/\/www.pogotowieflagowe.pl\/aktualne\/#website\",\"url\":\"https:\/\/www.pogotowieflagowe.pl\/aktualne\/\",\"name\":\"POGOTOWIE FLAGOWE\u00ae\",\"description\":\"\",\"publisher\":{\"@id\":\"https:\/\/www.pogotowieflagowe.pl\/aktualne\/#organization\"},\"potentialAction\":[{\"@type\":\"SearchAction\",\"target\":{\"@type\":\"EntryPoint\",\"urlTemplate\":\"https:\/\/www.pogotowieflagowe.pl\/aktualne\/?s={search_term_string}\"},\"query-input\":\"required name=search_term_string\"}],\"inLanguage\":\"pl-PL\"},{\"@type\":\"Organization\",\"@id\":\"https:\/\/www.pogotowieflagowe.pl\/aktualne\/#organization\",\"name\":\"POGOTOWIE FLAGOWE\u00ae\",\"url\":\"https:\/\/www.pogotowieflagowe.pl\/aktualne\/\",\"logo\":{\"@type\":\"ImageObject\",\"inLanguage\":\"pl-PL\",\"@id\":\"https:\/\/www.pogotowieflagowe.pl\/aktualne\/#\/schema\/logo\/image\/\",\"url\":\"https:\/\/www.pogotowieflagowe.pl\/aktualne\/wp-content\/uploads\/2024\/08\/cropped-pogotowieflagowe_flaga_projekt_sm.jpg\",\"contentUrl\":\"https:\/\/www.pogotowieflagowe.pl\/aktualne\/wp-content\/uploads\/2024\/08\/cropped-pogotowieflagowe_flaga_projekt_sm.jpg\",\"width\":250,\"height\":143,\"caption\":\"POGOTOWIE FLAGOWE\u00ae\"},\"image\":{\"@id\":\"https:\/\/www.pogotowieflagowe.pl\/aktualne\/#\/schema\/logo\/image\/\"}},{\"@type\":\"Person\",\"@id\":\"https:\/\/www.pogotowieflagowe.pl\/aktualne\/#\/schema\/person\/9c2fb7d2362ebf6fa088960d7f0d27b0\",\"name\":\"Filip\",\"image\":{\"@type\":\"ImageObject\",\"inLanguage\":\"pl-PL\",\"@id\":\"https:\/\/www.pogotowieflagowe.pl\/aktualne\/#\/schema\/person\/image\/\",\"url\":\"https:\/\/www.pogotowieflagowe.pl\/aktualne\/wp-content\/uploads\/2024\/08\/pogotowieflagowe.pl_.jpg\",\"contentUrl\":\"https:\/\/www.pogotowieflagowe.pl\/aktualne\/wp-content\/uploads\/2024\/08\/pogotowieflagowe.pl_.jpg\",\"caption\":\"Filip\"},\"description\":\"Jestem Filip, polski dziennikarz z dyplomem nauk politycznych Uniwersytetu Warszawskiego. Rozpoczynaj\u0105c swoj\u0105 karier\u0119 w r\u00f3\u017cnych lokalnych mediach, zdoby\u0142em solidne do\u015bwiadczenie w zakresie \u015bledztwa i redakcji. Obecnie jako redaktor w Pogotowie flagowe, staram si\u0119 dostarcza\u0107 dog\u0142\u0119bne i istotne analizy na temat najwa\u017cniejszych kwestii aktualno\u015bci, \u0142\u0105cz\u0105c rygor z pasj\u0105 dziennikarsk\u0105.\",\"sameAs\":[\"https:\/\/www.pogotowieflagowe.pl\/\"]}]}<\/script>\n<!-- \/ Yoast SEO plugin. -->","yoast_head_json":{"title":"Islandia odrzuca negocjacje z UE. Niemiecka prasa: Urz\u0119dnicy, a nie ludzie, powinni decydowa\u0107 - POGOTOWIE FLAGOWE\u00ae","robots":{"index":"index","follow":"follow","max-snippet":"max-snippet:-1","max-image-preview":"max-image-preview:large","max-video-preview":"max-video-preview:-1"},"canonical":"https:\/\/www.pogotowieflagowe.pl\/aktualne\/islandia-odrzuca-negocjacje-z-ue-niemiecka-prasa-urzednicy-a-nie-ludzie-powinni-decydowac\/","og_locale":"pl_PL","og_type":"article","og_title":"Islandia odrzuca negocjacje z UE. Niemiecka prasa: Urz\u0119dnicy, a nie ludzie, powinni decydowa\u0107 - POGOTOWIE FLAGOWE\u00ae","og_description":"\u201eWynik referendum w Islandii to pora\u017cka nie tylko islandzkiego rz\u0105du pod przewodnictwem premiera Kristr\u00fana Frostad\u00f3ttira, ale tak\u017ce ca\u0142ej Unii Europejskiej","og_url":"https:\/\/www.pogotowieflagowe.pl\/aktualne\/islandia-odrzuca-negocjacje-z-ue-niemiecka-prasa-urzednicy-a-nie-ludzie-powinni-decydowac\/","og_site_name":"POGOTOWIE FLAGOWE\u00ae","article_published_time":"2026-09-01T02:49:19+00:00","article_modified_time":"2026-09-01T02:49:21+00:00","og_image":[{"width":1280,"height":720,"url":"https:\/\/www.pogotowieflagowe.pl\/aktualne\/wp-content\/uploads\/2026\/09\/Islandia-odrzuca-negocjacje-z-UE-Niemiecka-prasa-Urzednicy-a-nie.webp","type":"image\/webp"}],"author":"Filip","twitter_card":"summary_large_image","twitter_misc":{"Napisane przez":"Filip","Szacowany czas czytania":"2 minuty"},"schema":{"@context":"https:\/\/schema.org","@graph":[{"@type":"Article","@id":"https:\/\/www.pogotowieflagowe.pl\/aktualne\/islandia-odrzuca-negocjacje-z-ue-niemiecka-prasa-urzednicy-a-nie-ludzie-powinni-decydowac\/#article","isPartOf":{"@id":"https:\/\/www.pogotowieflagowe.pl\/aktualne\/islandia-odrzuca-negocjacje-z-ue-niemiecka-prasa-urzednicy-a-nie-ludzie-powinni-decydowac\/"},"author":{"name":"Filip","@id":"https:\/\/www.pogotowieflagowe.pl\/aktualne\/#\/schema\/person\/9c2fb7d2362ebf6fa088960d7f0d27b0"},"headline":"Islandia odrzuca negocjacje z UE. Niemiecka prasa: Urz\u0119dnicy, a nie ludzie, powinni decydowa\u0107","datePublished":"2026-09-01T02:49:19+00:00","dateModified":"2026-09-01T02:49:21+00:00","mainEntityOfPage":{"@id":"https:\/\/www.pogotowieflagowe.pl\/aktualne\/islandia-odrzuca-negocjacje-z-ue-niemiecka-prasa-urzednicy-a-nie-ludzie-powinni-decydowac\/"},"wordCount":358,"commentCount":0,"publisher":{"@id":"https:\/\/www.pogotowieflagowe.pl\/aktualne\/#organization"},"image":{"@id":"https:\/\/www.pogotowieflagowe.pl\/aktualne\/islandia-odrzuca-negocjacje-z-ue-niemiecka-prasa-urzednicy-a-nie-ludzie-powinni-decydowac\/#primaryimage"},"thumbnailUrl":"https:\/\/www.pogotowieflagowe.pl\/aktualne\/wp-content\/uploads\/2026\/09\/Islandia-odrzuca-negocjacje-z-UE-Niemiecka-prasa-Urzednicy-a-nie.webp","keywords":["decydowa\u0107","Islandia","ludzie","negocjacje","Nie","Niemiecka","odrzuca","Powinni","prasa","Urz\u0119dnicy"],"articleSection":["Polityka"],"inLanguage":"pl-PL","potentialAction":[{"@type":"CommentAction","name":"Comment","target":["https:\/\/www.pogotowieflagowe.pl\/aktualne\/islandia-odrzuca-negocjacje-z-ue-niemiecka-prasa-urzednicy-a-nie-ludzie-powinni-decydowac\/#respond"]}]},{"@type":"WebPage","@id":"https:\/\/www.pogotowieflagowe.pl\/aktualne\/islandia-odrzuca-negocjacje-z-ue-niemiecka-prasa-urzednicy-a-nie-ludzie-powinni-decydowac\/","url":"https:\/\/www.pogotowieflagowe.pl\/aktualne\/islandia-odrzuca-negocjacje-z-ue-niemiecka-prasa-urzednicy-a-nie-ludzie-powinni-decydowac\/","name":"Islandia odrzuca negocjacje z UE. Niemiecka prasa: Urz\u0119dnicy, a nie ludzie, powinni decydowa\u0107 - POGOTOWIE FLAGOWE\u00ae","isPartOf":{"@id":"https:\/\/www.pogotowieflagowe.pl\/aktualne\/#website"},"primaryImageOfPage":{"@id":"https:\/\/www.pogotowieflagowe.pl\/aktualne\/islandia-odrzuca-negocjacje-z-ue-niemiecka-prasa-urzednicy-a-nie-ludzie-powinni-decydowac\/#primaryimage"},"image":{"@id":"https:\/\/www.pogotowieflagowe.pl\/aktualne\/islandia-odrzuca-negocjacje-z-ue-niemiecka-prasa-urzednicy-a-nie-ludzie-powinni-decydowac\/#primaryimage"},"thumbnailUrl":"https:\/\/www.pogotowieflagowe.pl\/aktualne\/wp-content\/uploads\/2026\/09\/Islandia-odrzuca-negocjacje-z-UE-Niemiecka-prasa-Urzednicy-a-nie.webp","datePublished":"2026-09-01T02:49:19+00:00","dateModified":"2026-09-01T02:49:21+00:00","breadcrumb":{"@id":"https:\/\/www.pogotowieflagowe.pl\/aktualne\/islandia-odrzuca-negocjacje-z-ue-niemiecka-prasa-urzednicy-a-nie-ludzie-powinni-decydowac\/#breadcrumb"},"inLanguage":"pl-PL","potentialAction":[{"@type":"ReadAction","target":["https:\/\/www.pogotowieflagowe.pl\/aktualne\/islandia-odrzuca-negocjacje-z-ue-niemiecka-prasa-urzednicy-a-nie-ludzie-powinni-decydowac\/"]}]},{"@type":"ImageObject","inLanguage":"pl-PL","@id":"https:\/\/www.pogotowieflagowe.pl\/aktualne\/islandia-odrzuca-negocjacje-z-ue-niemiecka-prasa-urzednicy-a-nie-ludzie-powinni-decydowac\/#primaryimage","url":"https:\/\/www.pogotowieflagowe.pl\/aktualne\/wp-content\/uploads\/2026\/09\/Islandia-odrzuca-negocjacje-z-UE-Niemiecka-prasa-Urzednicy-a-nie.webp","contentUrl":"https:\/\/www.pogotowieflagowe.pl\/aktualne\/wp-content\/uploads\/2026\/09\/Islandia-odrzuca-negocjacje-z-UE-Niemiecka-prasa-Urzednicy-a-nie.webp","width":1280,"height":720},{"@type":"BreadcrumbList","@id":"https:\/\/www.pogotowieflagowe.pl\/aktualne\/islandia-odrzuca-negocjacje-z-ue-niemiecka-prasa-urzednicy-a-nie-ludzie-powinni-decydowac\/#breadcrumb","itemListElement":[{"@type":"ListItem","position":1,"name":"Home","item":"https:\/\/www.pogotowieflagowe.pl\/aktualne\/"},{"@type":"ListItem","position":2,"name":"Islandia odrzuca negocjacje z UE. Niemiecka prasa: Urz\u0119dnicy, a nie ludzie, powinni decydowa\u0107"}]},{"@type":"WebSite","@id":"https:\/\/www.pogotowieflagowe.pl\/aktualne\/#website","url":"https:\/\/www.pogotowieflagowe.pl\/aktualne\/","name":"POGOTOWIE FLAGOWE\u00ae","description":"","publisher":{"@id":"https:\/\/www.pogotowieflagowe.pl\/aktualne\/#organization"},"potentialAction":[{"@type":"SearchAction","target":{"@type":"EntryPoint","urlTemplate":"https:\/\/www.pogotowieflagowe.pl\/aktualne\/?s={search_term_string}"},"query-input":"required name=search_term_string"}],"inLanguage":"pl-PL"},{"@type":"Organization","@id":"https:\/\/www.pogotowieflagowe.pl\/aktualne\/#organization","name":"POGOTOWIE FLAGOWE\u00ae","url":"https:\/\/www.pogotowieflagowe.pl\/aktualne\/","logo":{"@type":"ImageObject","inLanguage":"pl-PL","@id":"https:\/\/www.pogotowieflagowe.pl\/aktualne\/#\/schema\/logo\/image\/","url":"https:\/\/www.pogotowieflagowe.pl\/aktualne\/wp-content\/uploads\/2024\/08\/cropped-pogotowieflagowe_flaga_projekt_sm.jpg","contentUrl":"https:\/\/www.pogotowieflagowe.pl\/aktualne\/wp-content\/uploads\/2024\/08\/cropped-pogotowieflagowe_flaga_projekt_sm.jpg","width":250,"height":143,"caption":"POGOTOWIE FLAGOWE\u00ae"},"image":{"@id":"https:\/\/www.pogotowieflagowe.pl\/aktualne\/#\/schema\/logo\/image\/"}},{"@type":"Person","@id":"https:\/\/www.pogotowieflagowe.pl\/aktualne\/#\/schema\/person\/9c2fb7d2362ebf6fa088960d7f0d27b0","name":"Filip","image":{"@type":"ImageObject","inLanguage":"pl-PL","@id":"https:\/\/www.pogotowieflagowe.pl\/aktualne\/#\/schema\/person\/image\/","url":"https:\/\/www.pogotowieflagowe.pl\/aktualne\/wp-content\/uploads\/2024\/08\/pogotowieflagowe.pl_.jpg","contentUrl":"https:\/\/www.pogotowieflagowe.pl\/aktualne\/wp-content\/uploads\/2024\/08\/pogotowieflagowe.pl_.jpg","caption":"Filip"},"description":"Jestem Filip, polski dziennikarz z dyplomem nauk politycznych Uniwersytetu Warszawskiego. Rozpoczynaj\u0105c swoj\u0105 karier\u0119 w r\u00f3\u017cnych lokalnych mediach, zdoby\u0142em solidne do\u015bwiadczenie w zakresie \u015bledztwa i redakcji. Obecnie jako redaktor w Pogotowie flagowe, staram si\u0119 dostarcza\u0107 dog\u0142\u0119bne i istotne analizy na temat najwa\u017cniejszych kwestii aktualno\u015bci, \u0142\u0105cz\u0105c rygor z pasj\u0105 dziennikarsk\u0105.","sameAs":["https:\/\/www.pogotowieflagowe.pl\/"]}]}},"_links":{"self":[{"href":"https:\/\/www.pogotowieflagowe.pl\/aktualne\/wp-json\/wp\/v2\/posts\/13498","targetHints":{"allow":["GET"]}}],"collection":[{"href":"https:\/\/www.pogotowieflagowe.pl\/aktualne\/wp-json\/wp\/v2\/posts"}],"about":[{"href":"https:\/\/www.pogotowieflagowe.pl\/aktualne\/wp-json\/wp\/v2\/types\/post"}],"author":[{"embeddable":true,"href":"https:\/\/www.pogotowieflagowe.pl\/aktualne\/wp-json\/wp\/v2\/users\/1"}],"replies":[{"embeddable":true,"href":"https:\/\/www.pogotowieflagowe.pl\/aktualne\/wp-json\/wp\/v2\/comments?post=13498"}],"version-history":[{"count":1,"href":"https:\/\/www.pogotowieflagowe.pl\/aktualne\/wp-json\/wp\/v2\/posts\/13498\/revisions"}],"predecessor-version":[{"id":13500,"href":"https:\/\/www.pogotowieflagowe.pl\/aktualne\/wp-json\/wp\/v2\/posts\/13498\/revisions\/13500"}],"wp:featuredmedia":[{"embeddable":true,"href":"https:\/\/www.pogotowieflagowe.pl\/aktualne\/wp-json\/wp\/v2\/media\/13499"}],"wp:attachment":[{"href":"https:\/\/www.pogotowieflagowe.pl\/aktualne\/wp-json\/wp\/v2\/media?parent=13498"}],"wp:term":[{"taxonomy":"category","embeddable":true,"href":"https:\/\/www.pogotowieflagowe.pl\/aktualne\/wp-json\/wp\/v2\/categories?post=13498"},{"taxonomy":"post_tag","embeddable":true,"href":"https:\/\/www.pogotowieflagowe.pl\/aktualne\/wp-json\/wp\/v2\/tags?post=13498"}],"curies":[{"name":"wp","href":"https:\/\/api.w.org\/{rel}","templated":true}]}}