{"id":13501,"date":"2026-09-01T09:50:11","date_gmt":"2026-09-01T07:50:11","guid":{"rendered":"https:\/\/www.pogotowieflagowe.pl\/aktualne\/nauczyciele-udaja-sie-do-biura-tuska-zachowanie-rzadu-jest-skandaliczne\/"},"modified":"2026-09-01T09:50:13","modified_gmt":"2026-09-01T07:50:13","slug":"nauczyciele-udaja-sie-do-biura-tuska-zachowanie-rzadu-jest-skandaliczne","status":"publish","type":"post","link":"https:\/\/www.pogotowieflagowe.pl\/aktualne\/nauczyciele-udaja-sie-do-biura-tuska-zachowanie-rzadu-jest-skandaliczne\/","title":{"rendered":"Nauczyciele udaj\u0105 si\u0119 do biura Tuska: \u201eZachowanie rz\u0105du jest skandaliczne\u201d"},"content":{"rendered":"<div>\n<p class=\"wp-block-paragraph\">Dzi\u015b przed po\u0142udniem pod Kancelari\u0105 Prezesa Rady Ministr\u00f3w odb\u0119dzie si\u0119 protest nauczycieli pod has\u0142em <strong>&#8222;Politycy do tablicy! Dotrzymajcie s\u0142owa! Post\u0119powanie rz\u0105du jest skandaliczne. To lekcewa\u017cenie ponad 600-tysi\u0119cznej grupy zawodowej, kt\u00f3ra na swoich barkach d\u017awiga jako\u015b\u0107 systemu edukacji&#8221;<\/strong> \u2013 powiedzia\u0142 S\u0142awomir Broniarz, przewodnicz\u0105cy Zwi\u0105zku Nauczycielstwa Polskiego.<\/p>\n<p class=\"wp-block-paragraph\">Zwi\u0105zek Nauczycielstwa Polskiego wezwa\u0142 nauczycieli i pracownik\u00f3w o\u015bwiaty do licznego przybycia na protest.<\/p>\n<p class=\"wp-block-paragraph\"><strong>&#8222;Poszczeg\u00f3lne oddzia\u0142y regionalne i terenowe Zwi\u0105zku zamieszczaj\u0105 na swoich profilach w mediach spo\u0142eczno\u015bciowych zaproszenia, apele, o\u015bwiadczenia i wezwania do masowego udzia\u0142u w prote\u015bcie. Dobiegaj\u0105 ostatnie ustalenia organizacyjno-logistyczne. Powszechna mobilizacja w strukturach ZNP mo\u017ce da\u0107 przedsmak atmosfery i intensywno\u015bci demonstracji, kt\u00f3ra odb\u0119dzie si\u0119 w przededniu rozpocz\u0119cia nowego roku szkolnego&#8221; <\/strong><em>G\u0142os Nauczycielski<\/em> zg\u0142oszone.<\/p>\n<p class=\"wp-block-paragraph\">Oczekuje si\u0119, \u017ce w demonstracji wezm\u0105 udzia\u0142 cz\u0142onkowie zwi\u0105zku z ca\u0142ej Polski. Uczestnicy twierdz\u0105, \u017ce b\u0119d\u0105 \u201ewalczy\u0107 o godziwe p\u0142ace, szacunek i uznanie dla pracy nauczycieli\u201d.<\/p>\n<p class=\"wp-block-paragraph\">Wed\u0142ug ZNP demonstracja wpisuje si\u0119 w og\u0142oszon\u0105 w czerwcu 2026 roku gotowo\u015b\u0107 protestacyjn\u0105. <strong>\u201ePolitycy obiecywali powi\u0105zanie wynagrodze\u0144 nauczycieli ze \u015bredni\u0105 p\u0142ac\u0105 w gospodarce i do dzi\u015b nie dotrzymali s\u0142owa\u201d<\/strong> \u2013 powiedzia\u0142a Urszula Wo\u017aniak, wiceprezes Krajowego Zarz\u0105du ZNP.<\/p>\n<p class=\"wp-block-paragraph\">Sp\u00f3r dotyczy projektu ustawy Zwi\u0105zku Nauczycielstwa Polskiego pt <strong>\u201eGodziwa p\u0142aca i wysoki presti\u017c dla nauczycieli\u201d,<\/strong> kt\u00f3ra utkn\u0119\u0142a w Sejmie. Pierwsze czytanie odby\u0142o si\u0119 w styczniu 2024 r., po czym projekt ustawy zosta\u0142 skierowany do Komisji Edukacji i Nauki. W listopadzie 2024 r. Donald Tusk obieca\u0142 nauczycielom na 43. Krajowym Zje\u017adzie Delegat\u00f3w ZNP, \u017ce projekt ustawy b\u0119dzie realizowany \u201ew trybie przyspieszonym\u201d.<\/p>\n<p class=\"wp-block-paragraph\"><strong>&#8222;Zachowanie rz\u0105du jest skandaliczne. To lekcewa\u017cenie ponad 600-tysi\u0119cznej grupy zawodowej, kt\u00f3ra na swoich barkach d\u017awiga jako\u015b\u0107 systemu edukacji. Inicjatywa utkn\u0119\u0142a w sejmowej \u201ezamra\u017carce\u201d, a rz\u0105d zaoferowa\u0142 nauczycielom jedynie 3-procentow\u0105 podwy\u017ck\u0119 w 2027 roku\u201d<\/strong> \u2013 powiedzia\u0142 prezes ZNP S\u0142awomir Broniarz.<\/p>\n<p class=\"wp-block-paragraph\">Zwi\u0105zek chce w proponowanych przepisach powi\u0105zania wynagrodze\u0144 nauczycieli ze \u015bredni\u0105 krajow\u0105. Propozycja ZNP zak\u0142ada stopniowe przechodzenie do nowego systemu w ci\u0105gu dw\u00f3ch, trzech lat. Jednym z pierwszych krok\u00f3w mia\u0142aby by\u0107 podwy\u017cka wynagrodze\u0144 o 15 procent.<\/p>\n<\/div>\n","protected":false},"excerpt":{"rendered":"<p>Dzi\u015b przed po\u0142udniem pod Kancelari\u0105 Prezesa Rady Ministr\u00f3w odb\u0119dzie si\u0119 protest nauczycieli pod has\u0142em &#8222;Politycy do tablicy! Dotrzymajcie s\u0142owa! Post\u0119powanie<\/p>\n","protected":false},"author":1,"featured_media":13502,"comment_status":"open","ping_status":"open","sticky":false,"template":"","format":"standard","meta":{"footnotes":""},"categories":[4748],"tags":[5707,111,2744,335,150,8122,567,6637,7201],"class_list":["post-13501","post","type-post","status-publish","format-standard","has-post-thumbnail","hentry","category-aktualne","tag-biura","tag-jest","tag-nauczyciele","tag-rzadu","tag-sie","tag-skandaliczne","tag-tuska","tag-udaja","tag-zachowanie","generate-columns","tablet-grid-50","mobile-grid-100","grid-parent","grid-50","resize-featured-image"],"yoast_head":"<!-- This site is optimized with the Yoast SEO plugin v23.2 - https:\/\/yoast.com\/wordpress\/plugins\/seo\/ -->\n<title>Nauczyciele udaj\u0105 si\u0119 do biura Tuska: \u201eZachowanie rz\u0105du jest skandaliczne\u201d - POGOTOWIE FLAGOWE\u00ae<\/title>\n<meta name=\"robots\" content=\"index, follow, max-snippet:-1, max-image-preview:large, max-video-preview:-1\" \/>\n<link rel=\"canonical\" href=\"https:\/\/www.pogotowieflagowe.pl\/aktualne\/nauczyciele-udaja-sie-do-biura-tuska-zachowanie-rzadu-jest-skandaliczne\/\" \/>\n<meta property=\"og:locale\" content=\"pl_PL\" \/>\n<meta property=\"og:type\" content=\"article\" \/>\n<meta property=\"og:title\" content=\"Nauczyciele udaj\u0105 si\u0119 do biura Tuska: \u201eZachowanie rz\u0105du jest skandaliczne\u201d - POGOTOWIE FLAGOWE\u00ae\" \/>\n<meta property=\"og:description\" content=\"Dzi\u015b przed po\u0142udniem pod Kancelari\u0105 Prezesa Rady Ministr\u00f3w odb\u0119dzie si\u0119 protest nauczycieli pod has\u0142em &#8222;Politycy do tablicy! Dotrzymajcie s\u0142owa! Post\u0119powanie\" \/>\n<meta property=\"og:url\" content=\"https:\/\/www.pogotowieflagowe.pl\/aktualne\/nauczyciele-udaja-sie-do-biura-tuska-zachowanie-rzadu-jest-skandaliczne\/\" \/>\n<meta property=\"og:site_name\" content=\"POGOTOWIE FLAGOWE\u00ae\" \/>\n<meta property=\"article:published_time\" content=\"2026-09-01T07:50:11+00:00\" \/>\n<meta property=\"article:modified_time\" content=\"2026-09-01T07:50:13+00:00\" \/>\n<meta property=\"og:image\" content=\"https:\/\/www.pogotowieflagowe.pl\/aktualne\/wp-content\/uploads\/2026\/09\/Nauczyciele-udaja-sie-do-biura-Tuska-\u201eZachowanie-rzadu-jest-skandaliczne.webp\" \/>\n\t<meta property=\"og:image:width\" content=\"1280\" \/>\n\t<meta property=\"og:image:height\" content=\"720\" \/>\n\t<meta property=\"og:image:type\" content=\"image\/webp\" \/>\n<meta name=\"author\" content=\"Filip\" \/>\n<meta name=\"twitter:card\" content=\"summary_large_image\" \/>\n<meta name=\"twitter:label1\" content=\"Napisane przez\" \/>\n\t<meta name=\"twitter:data1\" content=\"Filip\" \/>\n\t<meta name=\"twitter:label2\" content=\"Szacowany czas czytania\" \/>\n\t<meta name=\"twitter:data2\" content=\"2 minuty\" \/>\n<script type=\"application\/ld+json\" class=\"yoast-schema-graph\">{\"@context\":\"https:\/\/schema.org\",\"@graph\":[{\"@type\":\"Article\",\"@id\":\"https:\/\/www.pogotowieflagowe.pl\/aktualne\/nauczyciele-udaja-sie-do-biura-tuska-zachowanie-rzadu-jest-skandaliczne\/#article\",\"isPartOf\":{\"@id\":\"https:\/\/www.pogotowieflagowe.pl\/aktualne\/nauczyciele-udaja-sie-do-biura-tuska-zachowanie-rzadu-jest-skandaliczne\/\"},\"author\":{\"name\":\"Filip\",\"@id\":\"https:\/\/www.pogotowieflagowe.pl\/aktualne\/#\/schema\/person\/9c2fb7d2362ebf6fa088960d7f0d27b0\"},\"headline\":\"Nauczyciele udaj\u0105 si\u0119 do biura Tuska: \u201eZachowanie rz\u0105du jest skandaliczne\u201d\",\"datePublished\":\"2026-09-01T07:50:11+00:00\",\"dateModified\":\"2026-09-01T07:50:13+00:00\",\"mainEntityOfPage\":{\"@id\":\"https:\/\/www.pogotowieflagowe.pl\/aktualne\/nauczyciele-udaja-sie-do-biura-tuska-zachowanie-rzadu-jest-skandaliczne\/\"},\"wordCount\":380,\"commentCount\":0,\"publisher\":{\"@id\":\"https:\/\/www.pogotowieflagowe.pl\/aktualne\/#organization\"},\"image\":{\"@id\":\"https:\/\/www.pogotowieflagowe.pl\/aktualne\/nauczyciele-udaja-sie-do-biura-tuska-zachowanie-rzadu-jest-skandaliczne\/#primaryimage\"},\"thumbnailUrl\":\"https:\/\/www.pogotowieflagowe.pl\/aktualne\/wp-content\/uploads\/2026\/09\/Nauczyciele-udaja-sie-do-biura-Tuska-\u201eZachowanie-rzadu-jest-skandaliczne.webp\",\"keywords\":[\"biura\",\"jest\",\"nauczyciele\",\"rz\u0105du\",\"si\u0119\",\"Skandaliczne\",\"Tuska\",\"udaj\u0105\",\"zachowanie\"],\"articleSection\":[\"Aktualne\"],\"inLanguage\":\"pl-PL\",\"potentialAction\":[{\"@type\":\"CommentAction\",\"name\":\"Comment\",\"target\":[\"https:\/\/www.pogotowieflagowe.pl\/aktualne\/nauczyciele-udaja-sie-do-biura-tuska-zachowanie-rzadu-jest-skandaliczne\/#respond\"]}]},{\"@type\":\"WebPage\",\"@id\":\"https:\/\/www.pogotowieflagowe.pl\/aktualne\/nauczyciele-udaja-sie-do-biura-tuska-zachowanie-rzadu-jest-skandaliczne\/\",\"url\":\"https:\/\/www.pogotowieflagowe.pl\/aktualne\/nauczyciele-udaja-sie-do-biura-tuska-zachowanie-rzadu-jest-skandaliczne\/\",\"name\":\"Nauczyciele udaj\u0105 si\u0119 do biura Tuska: \u201eZachowanie rz\u0105du jest skandaliczne\u201d - POGOTOWIE FLAGOWE\u00ae\",\"isPartOf\":{\"@id\":\"https:\/\/www.pogotowieflagowe.pl\/aktualne\/#website\"},\"primaryImageOfPage\":{\"@id\":\"https:\/\/www.pogotowieflagowe.pl\/aktualne\/nauczyciele-udaja-sie-do-biura-tuska-zachowanie-rzadu-jest-skandaliczne\/#primaryimage\"},\"image\":{\"@id\":\"https:\/\/www.pogotowieflagowe.pl\/aktualne\/nauczyciele-udaja-sie-do-biura-tuska-zachowanie-rzadu-jest-skandaliczne\/#primaryimage\"},\"thumbnailUrl\":\"https:\/\/www.pogotowieflagowe.pl\/aktualne\/wp-content\/uploads\/2026\/09\/Nauczyciele-udaja-sie-do-biura-Tuska-\u201eZachowanie-rzadu-jest-skandaliczne.webp\",\"datePublished\":\"2026-09-01T07:50:11+00:00\",\"dateModified\":\"2026-09-01T07:50:13+00:00\",\"breadcrumb\":{\"@id\":\"https:\/\/www.pogotowieflagowe.pl\/aktualne\/nauczyciele-udaja-sie-do-biura-tuska-zachowanie-rzadu-jest-skandaliczne\/#breadcrumb\"},\"inLanguage\":\"pl-PL\",\"potentialAction\":[{\"@type\":\"ReadAction\",\"target\":[\"https:\/\/www.pogotowieflagowe.pl\/aktualne\/nauczyciele-udaja-sie-do-biura-tuska-zachowanie-rzadu-jest-skandaliczne\/\"]}]},{\"@type\":\"ImageObject\",\"inLanguage\":\"pl-PL\",\"@id\":\"https:\/\/www.pogotowieflagowe.pl\/aktualne\/nauczyciele-udaja-sie-do-biura-tuska-zachowanie-rzadu-jest-skandaliczne\/#primaryimage\",\"url\":\"https:\/\/www.pogotowieflagowe.pl\/aktualne\/wp-content\/uploads\/2026\/09\/Nauczyciele-udaja-sie-do-biura-Tuska-\u201eZachowanie-rzadu-jest-skandaliczne.webp\",\"contentUrl\":\"https:\/\/www.pogotowieflagowe.pl\/aktualne\/wp-content\/uploads\/2026\/09\/Nauczyciele-udaja-sie-do-biura-Tuska-\u201eZachowanie-rzadu-jest-skandaliczne.webp\",\"width\":1280,\"height\":720},{\"@type\":\"BreadcrumbList\",\"@id\":\"https:\/\/www.pogotowieflagowe.pl\/aktualne\/nauczyciele-udaja-sie-do-biura-tuska-zachowanie-rzadu-jest-skandaliczne\/#breadcrumb\",\"itemListElement\":[{\"@type\":\"ListItem\",\"position\":1,\"name\":\"Home\",\"item\":\"https:\/\/www.pogotowieflagowe.pl\/aktualne\/\"},{\"@type\":\"ListItem\",\"position\":2,\"name\":\"Nauczyciele udaj\u0105 si\u0119 do biura Tuska: \u201eZachowanie rz\u0105du jest skandaliczne\u201d\"}]},{\"@type\":\"WebSite\",\"@id\":\"https:\/\/www.pogotowieflagowe.pl\/aktualne\/#website\",\"url\":\"https:\/\/www.pogotowieflagowe.pl\/aktualne\/\",\"name\":\"POGOTOWIE FLAGOWE\u00ae\",\"description\":\"\",\"publisher\":{\"@id\":\"https:\/\/www.pogotowieflagowe.pl\/aktualne\/#organization\"},\"potentialAction\":[{\"@type\":\"SearchAction\",\"target\":{\"@type\":\"EntryPoint\",\"urlTemplate\":\"https:\/\/www.pogotowieflagowe.pl\/aktualne\/?s={search_term_string}\"},\"query-input\":\"required name=search_term_string\"}],\"inLanguage\":\"pl-PL\"},{\"@type\":\"Organization\",\"@id\":\"https:\/\/www.pogotowieflagowe.pl\/aktualne\/#organization\",\"name\":\"POGOTOWIE FLAGOWE\u00ae\",\"url\":\"https:\/\/www.pogotowieflagowe.pl\/aktualne\/\",\"logo\":{\"@type\":\"ImageObject\",\"inLanguage\":\"pl-PL\",\"@id\":\"https:\/\/www.pogotowieflagowe.pl\/aktualne\/#\/schema\/logo\/image\/\",\"url\":\"https:\/\/www.pogotowieflagowe.pl\/aktualne\/wp-content\/uploads\/2024\/08\/cropped-pogotowieflagowe_flaga_projekt_sm.jpg\",\"contentUrl\":\"https:\/\/www.pogotowieflagowe.pl\/aktualne\/wp-content\/uploads\/2024\/08\/cropped-pogotowieflagowe_flaga_projekt_sm.jpg\",\"width\":250,\"height\":143,\"caption\":\"POGOTOWIE FLAGOWE\u00ae\"},\"image\":{\"@id\":\"https:\/\/www.pogotowieflagowe.pl\/aktualne\/#\/schema\/logo\/image\/\"}},{\"@type\":\"Person\",\"@id\":\"https:\/\/www.pogotowieflagowe.pl\/aktualne\/#\/schema\/person\/9c2fb7d2362ebf6fa088960d7f0d27b0\",\"name\":\"Filip\",\"image\":{\"@type\":\"ImageObject\",\"inLanguage\":\"pl-PL\",\"@id\":\"https:\/\/www.pogotowieflagowe.pl\/aktualne\/#\/schema\/person\/image\/\",\"url\":\"https:\/\/www.pogotowieflagowe.pl\/aktualne\/wp-content\/uploads\/2024\/08\/pogotowieflagowe.pl_.jpg\",\"contentUrl\":\"https:\/\/www.pogotowieflagowe.pl\/aktualne\/wp-content\/uploads\/2024\/08\/pogotowieflagowe.pl_.jpg\",\"caption\":\"Filip\"},\"description\":\"Jestem Filip, polski dziennikarz z dyplomem nauk politycznych Uniwersytetu Warszawskiego. Rozpoczynaj\u0105c swoj\u0105 karier\u0119 w r\u00f3\u017cnych lokalnych mediach, zdoby\u0142em solidne do\u015bwiadczenie w zakresie \u015bledztwa i redakcji. Obecnie jako redaktor w Pogotowie flagowe, staram si\u0119 dostarcza\u0107 dog\u0142\u0119bne i istotne analizy na temat najwa\u017cniejszych kwestii aktualno\u015bci, \u0142\u0105cz\u0105c rygor z pasj\u0105 dziennikarsk\u0105.\",\"sameAs\":[\"https:\/\/www.pogotowieflagowe.pl\/\"]}]}<\/script>\n<!-- \/ Yoast SEO plugin. -->","yoast_head_json":{"title":"Nauczyciele udaj\u0105 si\u0119 do biura Tuska: \u201eZachowanie rz\u0105du jest skandaliczne\u201d - POGOTOWIE FLAGOWE\u00ae","robots":{"index":"index","follow":"follow","max-snippet":"max-snippet:-1","max-image-preview":"max-image-preview:large","max-video-preview":"max-video-preview:-1"},"canonical":"https:\/\/www.pogotowieflagowe.pl\/aktualne\/nauczyciele-udaja-sie-do-biura-tuska-zachowanie-rzadu-jest-skandaliczne\/","og_locale":"pl_PL","og_type":"article","og_title":"Nauczyciele udaj\u0105 si\u0119 do biura Tuska: \u201eZachowanie rz\u0105du jest skandaliczne\u201d - POGOTOWIE FLAGOWE\u00ae","og_description":"Dzi\u015b przed po\u0142udniem pod Kancelari\u0105 Prezesa Rady Ministr\u00f3w odb\u0119dzie si\u0119 protest nauczycieli pod has\u0142em &#8222;Politycy do tablicy! Dotrzymajcie s\u0142owa! Post\u0119powanie","og_url":"https:\/\/www.pogotowieflagowe.pl\/aktualne\/nauczyciele-udaja-sie-do-biura-tuska-zachowanie-rzadu-jest-skandaliczne\/","og_site_name":"POGOTOWIE FLAGOWE\u00ae","article_published_time":"2026-09-01T07:50:11+00:00","article_modified_time":"2026-09-01T07:50:13+00:00","og_image":[{"width":1280,"height":720,"url":"https:\/\/www.pogotowieflagowe.pl\/aktualne\/wp-content\/uploads\/2026\/09\/Nauczyciele-udaja-sie-do-biura-Tuska-\u201eZachowanie-rzadu-jest-skandaliczne.webp","type":"image\/webp"}],"author":"Filip","twitter_card":"summary_large_image","twitter_misc":{"Napisane przez":"Filip","Szacowany czas czytania":"2 minuty"},"schema":{"@context":"https:\/\/schema.org","@graph":[{"@type":"Article","@id":"https:\/\/www.pogotowieflagowe.pl\/aktualne\/nauczyciele-udaja-sie-do-biura-tuska-zachowanie-rzadu-jest-skandaliczne\/#article","isPartOf":{"@id":"https:\/\/www.pogotowieflagowe.pl\/aktualne\/nauczyciele-udaja-sie-do-biura-tuska-zachowanie-rzadu-jest-skandaliczne\/"},"author":{"name":"Filip","@id":"https:\/\/www.pogotowieflagowe.pl\/aktualne\/#\/schema\/person\/9c2fb7d2362ebf6fa088960d7f0d27b0"},"headline":"Nauczyciele udaj\u0105 si\u0119 do biura Tuska: \u201eZachowanie rz\u0105du jest skandaliczne\u201d","datePublished":"2026-09-01T07:50:11+00:00","dateModified":"2026-09-01T07:50:13+00:00","mainEntityOfPage":{"@id":"https:\/\/www.pogotowieflagowe.pl\/aktualne\/nauczyciele-udaja-sie-do-biura-tuska-zachowanie-rzadu-jest-skandaliczne\/"},"wordCount":380,"commentCount":0,"publisher":{"@id":"https:\/\/www.pogotowieflagowe.pl\/aktualne\/#organization"},"image":{"@id":"https:\/\/www.pogotowieflagowe.pl\/aktualne\/nauczyciele-udaja-sie-do-biura-tuska-zachowanie-rzadu-jest-skandaliczne\/#primaryimage"},"thumbnailUrl":"https:\/\/www.pogotowieflagowe.pl\/aktualne\/wp-content\/uploads\/2026\/09\/Nauczyciele-udaja-sie-do-biura-Tuska-\u201eZachowanie-rzadu-jest-skandaliczne.webp","keywords":["biura","jest","nauczyciele","rz\u0105du","si\u0119","Skandaliczne","Tuska","udaj\u0105","zachowanie"],"articleSection":["Aktualne"],"inLanguage":"pl-PL","potentialAction":[{"@type":"CommentAction","name":"Comment","target":["https:\/\/www.pogotowieflagowe.pl\/aktualne\/nauczyciele-udaja-sie-do-biura-tuska-zachowanie-rzadu-jest-skandaliczne\/#respond"]}]},{"@type":"WebPage","@id":"https:\/\/www.pogotowieflagowe.pl\/aktualne\/nauczyciele-udaja-sie-do-biura-tuska-zachowanie-rzadu-jest-skandaliczne\/","url":"https:\/\/www.pogotowieflagowe.pl\/aktualne\/nauczyciele-udaja-sie-do-biura-tuska-zachowanie-rzadu-jest-skandaliczne\/","name":"Nauczyciele udaj\u0105 si\u0119 do biura Tuska: \u201eZachowanie rz\u0105du jest skandaliczne\u201d - POGOTOWIE FLAGOWE\u00ae","isPartOf":{"@id":"https:\/\/www.pogotowieflagowe.pl\/aktualne\/#website"},"primaryImageOfPage":{"@id":"https:\/\/www.pogotowieflagowe.pl\/aktualne\/nauczyciele-udaja-sie-do-biura-tuska-zachowanie-rzadu-jest-skandaliczne\/#primaryimage"},"image":{"@id":"https:\/\/www.pogotowieflagowe.pl\/aktualne\/nauczyciele-udaja-sie-do-biura-tuska-zachowanie-rzadu-jest-skandaliczne\/#primaryimage"},"thumbnailUrl":"https:\/\/www.pogotowieflagowe.pl\/aktualne\/wp-content\/uploads\/2026\/09\/Nauczyciele-udaja-sie-do-biura-Tuska-\u201eZachowanie-rzadu-jest-skandaliczne.webp","datePublished":"2026-09-01T07:50:11+00:00","dateModified":"2026-09-01T07:50:13+00:00","breadcrumb":{"@id":"https:\/\/www.pogotowieflagowe.pl\/aktualne\/nauczyciele-udaja-sie-do-biura-tuska-zachowanie-rzadu-jest-skandaliczne\/#breadcrumb"},"inLanguage":"pl-PL","potentialAction":[{"@type":"ReadAction","target":["https:\/\/www.pogotowieflagowe.pl\/aktualne\/nauczyciele-udaja-sie-do-biura-tuska-zachowanie-rzadu-jest-skandaliczne\/"]}]},{"@type":"ImageObject","inLanguage":"pl-PL","@id":"https:\/\/www.pogotowieflagowe.pl\/aktualne\/nauczyciele-udaja-sie-do-biura-tuska-zachowanie-rzadu-jest-skandaliczne\/#primaryimage","url":"https:\/\/www.pogotowieflagowe.pl\/aktualne\/wp-content\/uploads\/2026\/09\/Nauczyciele-udaja-sie-do-biura-Tuska-\u201eZachowanie-rzadu-jest-skandaliczne.webp","contentUrl":"https:\/\/www.pogotowieflagowe.pl\/aktualne\/wp-content\/uploads\/2026\/09\/Nauczyciele-udaja-sie-do-biura-Tuska-\u201eZachowanie-rzadu-jest-skandaliczne.webp","width":1280,"height":720},{"@type":"BreadcrumbList","@id":"https:\/\/www.pogotowieflagowe.pl\/aktualne\/nauczyciele-udaja-sie-do-biura-tuska-zachowanie-rzadu-jest-skandaliczne\/#breadcrumb","itemListElement":[{"@type":"ListItem","position":1,"name":"Home","item":"https:\/\/www.pogotowieflagowe.pl\/aktualne\/"},{"@type":"ListItem","position":2,"name":"Nauczyciele udaj\u0105 si\u0119 do biura Tuska: \u201eZachowanie rz\u0105du jest skandaliczne\u201d"}]},{"@type":"WebSite","@id":"https:\/\/www.pogotowieflagowe.pl\/aktualne\/#website","url":"https:\/\/www.pogotowieflagowe.pl\/aktualne\/","name":"POGOTOWIE FLAGOWE\u00ae","description":"","publisher":{"@id":"https:\/\/www.pogotowieflagowe.pl\/aktualne\/#organization"},"potentialAction":[{"@type":"SearchAction","target":{"@type":"EntryPoint","urlTemplate":"https:\/\/www.pogotowieflagowe.pl\/aktualne\/?s={search_term_string}"},"query-input":"required name=search_term_string"}],"inLanguage":"pl-PL"},{"@type":"Organization","@id":"https:\/\/www.pogotowieflagowe.pl\/aktualne\/#organization","name":"POGOTOWIE FLAGOWE\u00ae","url":"https:\/\/www.pogotowieflagowe.pl\/aktualne\/","logo":{"@type":"ImageObject","inLanguage":"pl-PL","@id":"https:\/\/www.pogotowieflagowe.pl\/aktualne\/#\/schema\/logo\/image\/","url":"https:\/\/www.pogotowieflagowe.pl\/aktualne\/wp-content\/uploads\/2024\/08\/cropped-pogotowieflagowe_flaga_projekt_sm.jpg","contentUrl":"https:\/\/www.pogotowieflagowe.pl\/aktualne\/wp-content\/uploads\/2024\/08\/cropped-pogotowieflagowe_flaga_projekt_sm.jpg","width":250,"height":143,"caption":"POGOTOWIE FLAGOWE\u00ae"},"image":{"@id":"https:\/\/www.pogotowieflagowe.pl\/aktualne\/#\/schema\/logo\/image\/"}},{"@type":"Person","@id":"https:\/\/www.pogotowieflagowe.pl\/aktualne\/#\/schema\/person\/9c2fb7d2362ebf6fa088960d7f0d27b0","name":"Filip","image":{"@type":"ImageObject","inLanguage":"pl-PL","@id":"https:\/\/www.pogotowieflagowe.pl\/aktualne\/#\/schema\/person\/image\/","url":"https:\/\/www.pogotowieflagowe.pl\/aktualne\/wp-content\/uploads\/2024\/08\/pogotowieflagowe.pl_.jpg","contentUrl":"https:\/\/www.pogotowieflagowe.pl\/aktualne\/wp-content\/uploads\/2024\/08\/pogotowieflagowe.pl_.jpg","caption":"Filip"},"description":"Jestem Filip, polski dziennikarz z dyplomem nauk politycznych Uniwersytetu Warszawskiego. Rozpoczynaj\u0105c swoj\u0105 karier\u0119 w r\u00f3\u017cnych lokalnych mediach, zdoby\u0142em solidne do\u015bwiadczenie w zakresie \u015bledztwa i redakcji. Obecnie jako redaktor w Pogotowie flagowe, staram si\u0119 dostarcza\u0107 dog\u0142\u0119bne i istotne analizy na temat najwa\u017cniejszych kwestii aktualno\u015bci, \u0142\u0105cz\u0105c rygor z pasj\u0105 dziennikarsk\u0105.","sameAs":["https:\/\/www.pogotowieflagowe.pl\/"]}]}},"_links":{"self":[{"href":"https:\/\/www.pogotowieflagowe.pl\/aktualne\/wp-json\/wp\/v2\/posts\/13501","targetHints":{"allow":["GET"]}}],"collection":[{"href":"https:\/\/www.pogotowieflagowe.pl\/aktualne\/wp-json\/wp\/v2\/posts"}],"about":[{"href":"https:\/\/www.pogotowieflagowe.pl\/aktualne\/wp-json\/wp\/v2\/types\/post"}],"author":[{"embeddable":true,"href":"https:\/\/www.pogotowieflagowe.pl\/aktualne\/wp-json\/wp\/v2\/users\/1"}],"replies":[{"embeddable":true,"href":"https:\/\/www.pogotowieflagowe.pl\/aktualne\/wp-json\/wp\/v2\/comments?post=13501"}],"version-history":[{"count":1,"href":"https:\/\/www.pogotowieflagowe.pl\/aktualne\/wp-json\/wp\/v2\/posts\/13501\/revisions"}],"predecessor-version":[{"id":13503,"href":"https:\/\/www.pogotowieflagowe.pl\/aktualne\/wp-json\/wp\/v2\/posts\/13501\/revisions\/13503"}],"wp:featuredmedia":[{"embeddable":true,"href":"https:\/\/www.pogotowieflagowe.pl\/aktualne\/wp-json\/wp\/v2\/media\/13502"}],"wp:attachment":[{"href":"https:\/\/www.pogotowieflagowe.pl\/aktualne\/wp-json\/wp\/v2\/media?parent=13501"}],"wp:term":[{"taxonomy":"category","embeddable":true,"href":"https:\/\/www.pogotowieflagowe.pl\/aktualne\/wp-json\/wp\/v2\/categories?post=13501"},{"taxonomy":"post_tag","embeddable":true,"href":"https:\/\/www.pogotowieflagowe.pl\/aktualne\/wp-json\/wp\/v2\/tags?post=13501"}],"curies":[{"name":"wp","href":"https:\/\/api.w.org\/{rel}","templated":true}]}}