{"id":13504,"date":"2026-09-01T10:50:12","date_gmt":"2026-09-01T08:50:12","guid":{"rendered":"https:\/\/www.pogotowieflagowe.pl\/aktualne\/wybuch-drugiej-wojny-swiatowej-inwazja-na-polske-oznacza-poczatek-kluczowego-konfliktu-z-dalekosieznymi-konsekwencjami\/"},"modified":"2026-09-01T10:50:14","modified_gmt":"2026-09-01T08:50:14","slug":"wybuch-drugiej-wojny-swiatowej-inwazja-na-polske-oznacza-poczatek-kluczowego-konfliktu-z-dalekosieznymi-konsekwencjami","status":"publish","type":"post","link":"https:\/\/www.pogotowieflagowe.pl\/aktualne\/wybuch-drugiej-wojny-swiatowej-inwazja-na-polske-oznacza-poczatek-kluczowego-konfliktu-z-dalekosieznymi-konsekwencjami\/","title":{"rendered":"Wybuch drugiej wojny \u015bwiatowej: inwazja na Polsk\u0119 oznacza pocz\u0105tek kluczowego konfliktu z dalekosi\u0119\u017cnymi konsekwencjami"},"content":{"rendered":"<div data-td-block-uid=\"tdi_41\">\n<div class=\"tdb-block-inner td-fix-index\">\n<p class=\"wp-block-paragraph\">\u015awiat stan\u0105\u0142 o krok od niespotykanego kataklizmu, gdy druga wojna \u015bwiatowa wybuch\u0142a ze z\u0142owieszczym grzmotem, a jej epicentrum znajdowa\u0142o si\u0119 w sercu Europy: w Polsce. Burza intryg politycznych, ambicji terytorialnych i mobilizacji wojskowej przerodzi\u0142a si\u0119 w burz\u0119, kt\u00f3ra grozi\u0142a poch\u0142oni\u0119ciem \u015bwiata w \u015bmiertelnych u\u015bciskach.<\/p>\n<h2 id=\"h-84-years-on-remembering-the-echoes-of-conflict-and-the-fragility-of-peace\" class=\"wp-block-heading\">87 lat p\u00f3\u017aniej: pami\u0119tanie o wybuchu II wojny \u015bwiatowej i krucho\u015bci pokoju<\/h2>\n<p class=\"wp-block-paragraph\">Gdy \u015bwiat zastanawia si\u0119 nad jednym z najciemniejszych rozdzia\u0142\u00f3w wsp\u00f3\u0142czesnej historii, w tym roku przypada 87. rocznica wybuchu drugiej wojny \u015bwiatowej. 1 wrze\u015bnia 1939 r. nazistowskie Niemcy zaatakowa\u0142y Polsk\u0119, rozpoczynaj\u0105c konflikt, kt\u00f3ry ogarn\u0105\u0142 wi\u0119ksz\u0105 cz\u0119\u015b\u0107 \u015bwiata i przyni\u00f3s\u0142 zniszczenia i cierpienia na niespotykan\u0105 dot\u0105d skal\u0119. Rocznica s\u0142u\u017cy nie tylko uroczystym upami\u0119tnieniu tych wydarze\u0144 i ich ofiar, ale tak\u017ce stanowi dobitne przypomnienie krucho\u015bci pokoju i trwa\u0142ego znaczenia dyplomacji, wsp\u00f3\u0142pracy i zbiorowej odpowiedzialno\u015bci w zapobieganiu powtarzaniu si\u0119 takich tragedii.<\/p>\n<h2 id=\"h-epicentre-of-conflict-poland-s-defiant-stand-amidst-the-storms-of-war\" class=\"wp-block-heading\">Epicentrum konfliktu: buntownicza postawa Polski w\u015br\u00f3d burz wojennych<\/h2>\n<p class=\"wp-block-paragraph\">1 wrze\u015bnia 1939 roku krajobraz polityczny zmieni\u0142 si\u0119 dramatycznie, gdy si\u0142y niemieckie pod dow\u00f3dztwem kanclerza Adolfa Hitlera bezczelnie przekroczy\u0142y polsk\u0105 granic\u0119 w osza\u0142amiaj\u0105cym pokazie agresji militarnej. Szybki i skoordynowany atak, znany jako \u201eFall Weiss\u201d, zaskoczy\u0142 \u015bwiat, zmuszaj\u0105c Polsk\u0119 do obrony swojej suwerenno\u015bci przed pot\u0119g\u0105 niemieckiej machiny wojennej.<\/p>\n<p class=\"wp-block-paragraph\">Gdy Polska ponios\u0142a ci\u0119\u017car agresji Hitlera, znalaz\u0142a si\u0119 w epicentrum konfliktu, kt\u00f3ry zmieni\u0142 bieg historii. Polacy, dzielnie broni\u0105c swojej ojczyzny wbrew przewa\u017caj\u0105cym przeciwno\u015bciom losu, toczyli desperack\u0105 walk\u0119 o przetrwanie i suwerenno\u015b\u0107.<\/p>\n<p class=\"wp-block-paragraph\">\u015awiat patrzy\u0142 i wstrzyma\u0142 oddech, gdy wybuch II wojny \u015bwiatowej w Polsce zachwia\u0142 kruchym pokojem, kt\u00f3ry panowa\u0142 od zako\u0144czenia I wojny \u015bwiatowej. Echa artylerii i krzyki wzburzonego narodu przypominaj\u0105 nam, \u017ce widmo wojny po raz kolejny wy\u0142oni\u0142o si\u0119 z cienia i rzuci\u0142o sw\u00f3j z\u0142owieszczy cie\u0144 na aren\u0119 globaln\u0105.<\/p>\n<\/div>\n<\/div>\n","protected":false},"excerpt":{"rendered":"<p>\u015awiat stan\u0105\u0142 o krok od niespotykanego kataklizmu, gdy druga wojna \u015bwiatowa wybuch\u0142a ze z\u0142owieszczym grzmotem, a jej epicentrum znajdowa\u0142o si\u0119<\/p>\n","protected":false},"author":1,"featured_media":13505,"comment_status":"open","ping_status":"open","sticky":false,"template":"","format":"standard","meta":{"footnotes":""},"categories":[4748],"tags":[14351,201,1275,2982,498,14352,1067,7290,698,4226,3146,10490],"class_list":["post-13504","post","type-post","status-publish","format-standard","has-post-thumbnail","hentry","category-aktualne","tag-dalekosieznymi","tag-drugiej","tag-inwazja","tag-kluczowego","tag-konfliktu","tag-konsekwencjami","tag-oznacza","tag-poczatek","tag-polske","tag-swiatowej","tag-wojny","tag-wybuch","generate-columns","tablet-grid-50","mobile-grid-100","grid-parent","grid-50","resize-featured-image"],"yoast_head":"<!-- This site is optimized with the Yoast SEO plugin v23.2 - https:\/\/yoast.com\/wordpress\/plugins\/seo\/ -->\n<title>Wybuch drugiej wojny \u015bwiatowej: inwazja na Polsk\u0119 oznacza pocz\u0105tek kluczowego konfliktu z dalekosi\u0119\u017cnymi konsekwencjami - POGOTOWIE FLAGOWE\u00ae<\/title>\n<meta name=\"robots\" content=\"index, follow, max-snippet:-1, max-image-preview:large, max-video-preview:-1\" \/>\n<link rel=\"canonical\" href=\"https:\/\/www.pogotowieflagowe.pl\/aktualne\/wybuch-drugiej-wojny-swiatowej-inwazja-na-polske-oznacza-poczatek-kluczowego-konfliktu-z-dalekosieznymi-konsekwencjami\/\" \/>\n<meta property=\"og:locale\" content=\"pl_PL\" \/>\n<meta property=\"og:type\" content=\"article\" \/>\n<meta property=\"og:title\" content=\"Wybuch drugiej wojny \u015bwiatowej: inwazja na Polsk\u0119 oznacza pocz\u0105tek kluczowego konfliktu z dalekosi\u0119\u017cnymi konsekwencjami - POGOTOWIE FLAGOWE\u00ae\" \/>\n<meta property=\"og:description\" content=\"\u015awiat stan\u0105\u0142 o krok od niespotykanego kataklizmu, gdy druga wojna \u015bwiatowa wybuch\u0142a ze z\u0142owieszczym grzmotem, a jej epicentrum znajdowa\u0142o si\u0119\" \/>\n<meta property=\"og:url\" content=\"https:\/\/www.pogotowieflagowe.pl\/aktualne\/wybuch-drugiej-wojny-swiatowej-inwazja-na-polske-oznacza-poczatek-kluczowego-konfliktu-z-dalekosieznymi-konsekwencjami\/\" \/>\n<meta property=\"og:site_name\" content=\"POGOTOWIE FLAGOWE\u00ae\" \/>\n<meta property=\"article:published_time\" content=\"2026-09-01T08:50:12+00:00\" \/>\n<meta property=\"article:modified_time\" content=\"2026-09-01T08:50:14+00:00\" \/>\n<meta property=\"og:image\" content=\"https:\/\/www.pogotowieflagowe.pl\/aktualne\/wp-content\/uploads\/2026\/09\/Wybuch-drugiej-wojny-swiatowej-inwazja-na-Polske-oznacza-poczatek-kluczowego.png\" \/>\n\t<meta property=\"og:image:width\" content=\"746\" \/>\n\t<meta property=\"og:image:height\" content=\"825\" \/>\n\t<meta property=\"og:image:type\" content=\"image\/png\" \/>\n<meta name=\"author\" content=\"Filip\" \/>\n<meta name=\"twitter:card\" content=\"summary_large_image\" \/>\n<meta name=\"twitter:label1\" content=\"Napisane przez\" \/>\n\t<meta name=\"twitter:data1\" content=\"Filip\" \/>\n\t<meta name=\"twitter:label2\" content=\"Szacowany czas czytania\" \/>\n\t<meta name=\"twitter:data2\" content=\"2 minuty\" \/>\n<script type=\"application\/ld+json\" class=\"yoast-schema-graph\">{\"@context\":\"https:\/\/schema.org\",\"@graph\":[{\"@type\":\"Article\",\"@id\":\"https:\/\/www.pogotowieflagowe.pl\/aktualne\/wybuch-drugiej-wojny-swiatowej-inwazja-na-polske-oznacza-poczatek-kluczowego-konfliktu-z-dalekosieznymi-konsekwencjami\/#article\",\"isPartOf\":{\"@id\":\"https:\/\/www.pogotowieflagowe.pl\/aktualne\/wybuch-drugiej-wojny-swiatowej-inwazja-na-polske-oznacza-poczatek-kluczowego-konfliktu-z-dalekosieznymi-konsekwencjami\/\"},\"author\":{\"name\":\"Filip\",\"@id\":\"https:\/\/www.pogotowieflagowe.pl\/aktualne\/#\/schema\/person\/9c2fb7d2362ebf6fa088960d7f0d27b0\"},\"headline\":\"Wybuch drugiej wojny \u015bwiatowej: inwazja na Polsk\u0119 oznacza pocz\u0105tek kluczowego konfliktu z dalekosi\u0119\u017cnymi konsekwencjami\",\"datePublished\":\"2026-09-01T08:50:12+00:00\",\"dateModified\":\"2026-09-01T08:50:14+00:00\",\"mainEntityOfPage\":{\"@id\":\"https:\/\/www.pogotowieflagowe.pl\/aktualne\/wybuch-drugiej-wojny-swiatowej-inwazja-na-polske-oznacza-poczatek-kluczowego-konfliktu-z-dalekosieznymi-konsekwencjami\/\"},\"wordCount\":332,\"commentCount\":0,\"publisher\":{\"@id\":\"https:\/\/www.pogotowieflagowe.pl\/aktualne\/#organization\"},\"image\":{\"@id\":\"https:\/\/www.pogotowieflagowe.pl\/aktualne\/wybuch-drugiej-wojny-swiatowej-inwazja-na-polske-oznacza-poczatek-kluczowego-konfliktu-z-dalekosieznymi-konsekwencjami\/#primaryimage\"},\"thumbnailUrl\":\"https:\/\/www.pogotowieflagowe.pl\/aktualne\/wp-content\/uploads\/2026\/09\/Wybuch-drugiej-wojny-swiatowej-inwazja-na-Polske-oznacza-poczatek-kluczowego.png\",\"keywords\":[\"dalekosi\u0119\u017cnymi\",\"drugiej\",\"Inwazja\",\"kluczowego\",\"konfliktu\",\"konsekwencjami\",\"oznacza\",\"pocz\u0105tek\",\"Polsk\u0119\",\"\u015bwiatowej\",\"wojny\",\"wybuch\"],\"articleSection\":[\"Aktualne\"],\"inLanguage\":\"pl-PL\",\"potentialAction\":[{\"@type\":\"CommentAction\",\"name\":\"Comment\",\"target\":[\"https:\/\/www.pogotowieflagowe.pl\/aktualne\/wybuch-drugiej-wojny-swiatowej-inwazja-na-polske-oznacza-poczatek-kluczowego-konfliktu-z-dalekosieznymi-konsekwencjami\/#respond\"]}]},{\"@type\":\"WebPage\",\"@id\":\"https:\/\/www.pogotowieflagowe.pl\/aktualne\/wybuch-drugiej-wojny-swiatowej-inwazja-na-polske-oznacza-poczatek-kluczowego-konfliktu-z-dalekosieznymi-konsekwencjami\/\",\"url\":\"https:\/\/www.pogotowieflagowe.pl\/aktualne\/wybuch-drugiej-wojny-swiatowej-inwazja-na-polske-oznacza-poczatek-kluczowego-konfliktu-z-dalekosieznymi-konsekwencjami\/\",\"name\":\"Wybuch drugiej wojny \u015bwiatowej: inwazja na Polsk\u0119 oznacza pocz\u0105tek kluczowego konfliktu z dalekosi\u0119\u017cnymi konsekwencjami - POGOTOWIE FLAGOWE\u00ae\",\"isPartOf\":{\"@id\":\"https:\/\/www.pogotowieflagowe.pl\/aktualne\/#website\"},\"primaryImageOfPage\":{\"@id\":\"https:\/\/www.pogotowieflagowe.pl\/aktualne\/wybuch-drugiej-wojny-swiatowej-inwazja-na-polske-oznacza-poczatek-kluczowego-konfliktu-z-dalekosieznymi-konsekwencjami\/#primaryimage\"},\"image\":{\"@id\":\"https:\/\/www.pogotowieflagowe.pl\/aktualne\/wybuch-drugiej-wojny-swiatowej-inwazja-na-polske-oznacza-poczatek-kluczowego-konfliktu-z-dalekosieznymi-konsekwencjami\/#primaryimage\"},\"thumbnailUrl\":\"https:\/\/www.pogotowieflagowe.pl\/aktualne\/wp-content\/uploads\/2026\/09\/Wybuch-drugiej-wojny-swiatowej-inwazja-na-Polske-oznacza-poczatek-kluczowego.png\",\"datePublished\":\"2026-09-01T08:50:12+00:00\",\"dateModified\":\"2026-09-01T08:50:14+00:00\",\"breadcrumb\":{\"@id\":\"https:\/\/www.pogotowieflagowe.pl\/aktualne\/wybuch-drugiej-wojny-swiatowej-inwazja-na-polske-oznacza-poczatek-kluczowego-konfliktu-z-dalekosieznymi-konsekwencjami\/#breadcrumb\"},\"inLanguage\":\"pl-PL\",\"potentialAction\":[{\"@type\":\"ReadAction\",\"target\":[\"https:\/\/www.pogotowieflagowe.pl\/aktualne\/wybuch-drugiej-wojny-swiatowej-inwazja-na-polske-oznacza-poczatek-kluczowego-konfliktu-z-dalekosieznymi-konsekwencjami\/\"]}]},{\"@type\":\"ImageObject\",\"inLanguage\":\"pl-PL\",\"@id\":\"https:\/\/www.pogotowieflagowe.pl\/aktualne\/wybuch-drugiej-wojny-swiatowej-inwazja-na-polske-oznacza-poczatek-kluczowego-konfliktu-z-dalekosieznymi-konsekwencjami\/#primaryimage\",\"url\":\"https:\/\/www.pogotowieflagowe.pl\/aktualne\/wp-content\/uploads\/2026\/09\/Wybuch-drugiej-wojny-swiatowej-inwazja-na-Polske-oznacza-poczatek-kluczowego.png\",\"contentUrl\":\"https:\/\/www.pogotowieflagowe.pl\/aktualne\/wp-content\/uploads\/2026\/09\/Wybuch-drugiej-wojny-swiatowej-inwazja-na-Polske-oznacza-poczatek-kluczowego.png\",\"width\":746,\"height\":825},{\"@type\":\"BreadcrumbList\",\"@id\":\"https:\/\/www.pogotowieflagowe.pl\/aktualne\/wybuch-drugiej-wojny-swiatowej-inwazja-na-polske-oznacza-poczatek-kluczowego-konfliktu-z-dalekosieznymi-konsekwencjami\/#breadcrumb\",\"itemListElement\":[{\"@type\":\"ListItem\",\"position\":1,\"name\":\"Home\",\"item\":\"https:\/\/www.pogotowieflagowe.pl\/aktualne\/\"},{\"@type\":\"ListItem\",\"position\":2,\"name\":\"Wybuch drugiej wojny \u015bwiatowej: inwazja na Polsk\u0119 oznacza pocz\u0105tek kluczowego konfliktu z dalekosi\u0119\u017cnymi konsekwencjami\"}]},{\"@type\":\"WebSite\",\"@id\":\"https:\/\/www.pogotowieflagowe.pl\/aktualne\/#website\",\"url\":\"https:\/\/www.pogotowieflagowe.pl\/aktualne\/\",\"name\":\"POGOTOWIE FLAGOWE\u00ae\",\"description\":\"\",\"publisher\":{\"@id\":\"https:\/\/www.pogotowieflagowe.pl\/aktualne\/#organization\"},\"potentialAction\":[{\"@type\":\"SearchAction\",\"target\":{\"@type\":\"EntryPoint\",\"urlTemplate\":\"https:\/\/www.pogotowieflagowe.pl\/aktualne\/?s={search_term_string}\"},\"query-input\":\"required name=search_term_string\"}],\"inLanguage\":\"pl-PL\"},{\"@type\":\"Organization\",\"@id\":\"https:\/\/www.pogotowieflagowe.pl\/aktualne\/#organization\",\"name\":\"POGOTOWIE FLAGOWE\u00ae\",\"url\":\"https:\/\/www.pogotowieflagowe.pl\/aktualne\/\",\"logo\":{\"@type\":\"ImageObject\",\"inLanguage\":\"pl-PL\",\"@id\":\"https:\/\/www.pogotowieflagowe.pl\/aktualne\/#\/schema\/logo\/image\/\",\"url\":\"https:\/\/www.pogotowieflagowe.pl\/aktualne\/wp-content\/uploads\/2024\/08\/cropped-pogotowieflagowe_flaga_projekt_sm.jpg\",\"contentUrl\":\"https:\/\/www.pogotowieflagowe.pl\/aktualne\/wp-content\/uploads\/2024\/08\/cropped-pogotowieflagowe_flaga_projekt_sm.jpg\",\"width\":250,\"height\":143,\"caption\":\"POGOTOWIE FLAGOWE\u00ae\"},\"image\":{\"@id\":\"https:\/\/www.pogotowieflagowe.pl\/aktualne\/#\/schema\/logo\/image\/\"}},{\"@type\":\"Person\",\"@id\":\"https:\/\/www.pogotowieflagowe.pl\/aktualne\/#\/schema\/person\/9c2fb7d2362ebf6fa088960d7f0d27b0\",\"name\":\"Filip\",\"image\":{\"@type\":\"ImageObject\",\"inLanguage\":\"pl-PL\",\"@id\":\"https:\/\/www.pogotowieflagowe.pl\/aktualne\/#\/schema\/person\/image\/\",\"url\":\"https:\/\/www.pogotowieflagowe.pl\/aktualne\/wp-content\/uploads\/2024\/08\/pogotowieflagowe.pl_.jpg\",\"contentUrl\":\"https:\/\/www.pogotowieflagowe.pl\/aktualne\/wp-content\/uploads\/2024\/08\/pogotowieflagowe.pl_.jpg\",\"caption\":\"Filip\"},\"description\":\"Jestem Filip, polski dziennikarz z dyplomem nauk politycznych Uniwersytetu Warszawskiego. Rozpoczynaj\u0105c swoj\u0105 karier\u0119 w r\u00f3\u017cnych lokalnych mediach, zdoby\u0142em solidne do\u015bwiadczenie w zakresie \u015bledztwa i redakcji. Obecnie jako redaktor w Pogotowie flagowe, staram si\u0119 dostarcza\u0107 dog\u0142\u0119bne i istotne analizy na temat najwa\u017cniejszych kwestii aktualno\u015bci, \u0142\u0105cz\u0105c rygor z pasj\u0105 dziennikarsk\u0105.\",\"sameAs\":[\"https:\/\/www.pogotowieflagowe.pl\/\"]}]}<\/script>\n<!-- \/ Yoast SEO plugin. -->","yoast_head_json":{"title":"Wybuch drugiej wojny \u015bwiatowej: inwazja na Polsk\u0119 oznacza pocz\u0105tek kluczowego konfliktu z dalekosi\u0119\u017cnymi konsekwencjami - POGOTOWIE FLAGOWE\u00ae","robots":{"index":"index","follow":"follow","max-snippet":"max-snippet:-1","max-image-preview":"max-image-preview:large","max-video-preview":"max-video-preview:-1"},"canonical":"https:\/\/www.pogotowieflagowe.pl\/aktualne\/wybuch-drugiej-wojny-swiatowej-inwazja-na-polske-oznacza-poczatek-kluczowego-konfliktu-z-dalekosieznymi-konsekwencjami\/","og_locale":"pl_PL","og_type":"article","og_title":"Wybuch drugiej wojny \u015bwiatowej: inwazja na Polsk\u0119 oznacza pocz\u0105tek kluczowego konfliktu z dalekosi\u0119\u017cnymi konsekwencjami - POGOTOWIE FLAGOWE\u00ae","og_description":"\u015awiat stan\u0105\u0142 o krok od niespotykanego kataklizmu, gdy druga wojna \u015bwiatowa wybuch\u0142a ze z\u0142owieszczym grzmotem, a jej epicentrum znajdowa\u0142o si\u0119","og_url":"https:\/\/www.pogotowieflagowe.pl\/aktualne\/wybuch-drugiej-wojny-swiatowej-inwazja-na-polske-oznacza-poczatek-kluczowego-konfliktu-z-dalekosieznymi-konsekwencjami\/","og_site_name":"POGOTOWIE FLAGOWE\u00ae","article_published_time":"2026-09-01T08:50:12+00:00","article_modified_time":"2026-09-01T08:50:14+00:00","og_image":[{"width":746,"height":825,"url":"https:\/\/www.pogotowieflagowe.pl\/aktualne\/wp-content\/uploads\/2026\/09\/Wybuch-drugiej-wojny-swiatowej-inwazja-na-Polske-oznacza-poczatek-kluczowego.png","type":"image\/png"}],"author":"Filip","twitter_card":"summary_large_image","twitter_misc":{"Napisane przez":"Filip","Szacowany czas czytania":"2 minuty"},"schema":{"@context":"https:\/\/schema.org","@graph":[{"@type":"Article","@id":"https:\/\/www.pogotowieflagowe.pl\/aktualne\/wybuch-drugiej-wojny-swiatowej-inwazja-na-polske-oznacza-poczatek-kluczowego-konfliktu-z-dalekosieznymi-konsekwencjami\/#article","isPartOf":{"@id":"https:\/\/www.pogotowieflagowe.pl\/aktualne\/wybuch-drugiej-wojny-swiatowej-inwazja-na-polske-oznacza-poczatek-kluczowego-konfliktu-z-dalekosieznymi-konsekwencjami\/"},"author":{"name":"Filip","@id":"https:\/\/www.pogotowieflagowe.pl\/aktualne\/#\/schema\/person\/9c2fb7d2362ebf6fa088960d7f0d27b0"},"headline":"Wybuch drugiej wojny \u015bwiatowej: inwazja na Polsk\u0119 oznacza pocz\u0105tek kluczowego konfliktu z dalekosi\u0119\u017cnymi konsekwencjami","datePublished":"2026-09-01T08:50:12+00:00","dateModified":"2026-09-01T08:50:14+00:00","mainEntityOfPage":{"@id":"https:\/\/www.pogotowieflagowe.pl\/aktualne\/wybuch-drugiej-wojny-swiatowej-inwazja-na-polske-oznacza-poczatek-kluczowego-konfliktu-z-dalekosieznymi-konsekwencjami\/"},"wordCount":332,"commentCount":0,"publisher":{"@id":"https:\/\/www.pogotowieflagowe.pl\/aktualne\/#organization"},"image":{"@id":"https:\/\/www.pogotowieflagowe.pl\/aktualne\/wybuch-drugiej-wojny-swiatowej-inwazja-na-polske-oznacza-poczatek-kluczowego-konfliktu-z-dalekosieznymi-konsekwencjami\/#primaryimage"},"thumbnailUrl":"https:\/\/www.pogotowieflagowe.pl\/aktualne\/wp-content\/uploads\/2026\/09\/Wybuch-drugiej-wojny-swiatowej-inwazja-na-Polske-oznacza-poczatek-kluczowego.png","keywords":["dalekosi\u0119\u017cnymi","drugiej","Inwazja","kluczowego","konfliktu","konsekwencjami","oznacza","pocz\u0105tek","Polsk\u0119","\u015bwiatowej","wojny","wybuch"],"articleSection":["Aktualne"],"inLanguage":"pl-PL","potentialAction":[{"@type":"CommentAction","name":"Comment","target":["https:\/\/www.pogotowieflagowe.pl\/aktualne\/wybuch-drugiej-wojny-swiatowej-inwazja-na-polske-oznacza-poczatek-kluczowego-konfliktu-z-dalekosieznymi-konsekwencjami\/#respond"]}]},{"@type":"WebPage","@id":"https:\/\/www.pogotowieflagowe.pl\/aktualne\/wybuch-drugiej-wojny-swiatowej-inwazja-na-polske-oznacza-poczatek-kluczowego-konfliktu-z-dalekosieznymi-konsekwencjami\/","url":"https:\/\/www.pogotowieflagowe.pl\/aktualne\/wybuch-drugiej-wojny-swiatowej-inwazja-na-polske-oznacza-poczatek-kluczowego-konfliktu-z-dalekosieznymi-konsekwencjami\/","name":"Wybuch drugiej wojny \u015bwiatowej: inwazja na Polsk\u0119 oznacza pocz\u0105tek kluczowego konfliktu z dalekosi\u0119\u017cnymi konsekwencjami - POGOTOWIE FLAGOWE\u00ae","isPartOf":{"@id":"https:\/\/www.pogotowieflagowe.pl\/aktualne\/#website"},"primaryImageOfPage":{"@id":"https:\/\/www.pogotowieflagowe.pl\/aktualne\/wybuch-drugiej-wojny-swiatowej-inwazja-na-polske-oznacza-poczatek-kluczowego-konfliktu-z-dalekosieznymi-konsekwencjami\/#primaryimage"},"image":{"@id":"https:\/\/www.pogotowieflagowe.pl\/aktualne\/wybuch-drugiej-wojny-swiatowej-inwazja-na-polske-oznacza-poczatek-kluczowego-konfliktu-z-dalekosieznymi-konsekwencjami\/#primaryimage"},"thumbnailUrl":"https:\/\/www.pogotowieflagowe.pl\/aktualne\/wp-content\/uploads\/2026\/09\/Wybuch-drugiej-wojny-swiatowej-inwazja-na-Polske-oznacza-poczatek-kluczowego.png","datePublished":"2026-09-01T08:50:12+00:00","dateModified":"2026-09-01T08:50:14+00:00","breadcrumb":{"@id":"https:\/\/www.pogotowieflagowe.pl\/aktualne\/wybuch-drugiej-wojny-swiatowej-inwazja-na-polske-oznacza-poczatek-kluczowego-konfliktu-z-dalekosieznymi-konsekwencjami\/#breadcrumb"},"inLanguage":"pl-PL","potentialAction":[{"@type":"ReadAction","target":["https:\/\/www.pogotowieflagowe.pl\/aktualne\/wybuch-drugiej-wojny-swiatowej-inwazja-na-polske-oznacza-poczatek-kluczowego-konfliktu-z-dalekosieznymi-konsekwencjami\/"]}]},{"@type":"ImageObject","inLanguage":"pl-PL","@id":"https:\/\/www.pogotowieflagowe.pl\/aktualne\/wybuch-drugiej-wojny-swiatowej-inwazja-na-polske-oznacza-poczatek-kluczowego-konfliktu-z-dalekosieznymi-konsekwencjami\/#primaryimage","url":"https:\/\/www.pogotowieflagowe.pl\/aktualne\/wp-content\/uploads\/2026\/09\/Wybuch-drugiej-wojny-swiatowej-inwazja-na-Polske-oznacza-poczatek-kluczowego.png","contentUrl":"https:\/\/www.pogotowieflagowe.pl\/aktualne\/wp-content\/uploads\/2026\/09\/Wybuch-drugiej-wojny-swiatowej-inwazja-na-Polske-oznacza-poczatek-kluczowego.png","width":746,"height":825},{"@type":"BreadcrumbList","@id":"https:\/\/www.pogotowieflagowe.pl\/aktualne\/wybuch-drugiej-wojny-swiatowej-inwazja-na-polske-oznacza-poczatek-kluczowego-konfliktu-z-dalekosieznymi-konsekwencjami\/#breadcrumb","itemListElement":[{"@type":"ListItem","position":1,"name":"Home","item":"https:\/\/www.pogotowieflagowe.pl\/aktualne\/"},{"@type":"ListItem","position":2,"name":"Wybuch drugiej wojny \u015bwiatowej: inwazja na Polsk\u0119 oznacza pocz\u0105tek kluczowego konfliktu z dalekosi\u0119\u017cnymi konsekwencjami"}]},{"@type":"WebSite","@id":"https:\/\/www.pogotowieflagowe.pl\/aktualne\/#website","url":"https:\/\/www.pogotowieflagowe.pl\/aktualne\/","name":"POGOTOWIE FLAGOWE\u00ae","description":"","publisher":{"@id":"https:\/\/www.pogotowieflagowe.pl\/aktualne\/#organization"},"potentialAction":[{"@type":"SearchAction","target":{"@type":"EntryPoint","urlTemplate":"https:\/\/www.pogotowieflagowe.pl\/aktualne\/?s={search_term_string}"},"query-input":"required name=search_term_string"}],"inLanguage":"pl-PL"},{"@type":"Organization","@id":"https:\/\/www.pogotowieflagowe.pl\/aktualne\/#organization","name":"POGOTOWIE FLAGOWE\u00ae","url":"https:\/\/www.pogotowieflagowe.pl\/aktualne\/","logo":{"@type":"ImageObject","inLanguage":"pl-PL","@id":"https:\/\/www.pogotowieflagowe.pl\/aktualne\/#\/schema\/logo\/image\/","url":"https:\/\/www.pogotowieflagowe.pl\/aktualne\/wp-content\/uploads\/2024\/08\/cropped-pogotowieflagowe_flaga_projekt_sm.jpg","contentUrl":"https:\/\/www.pogotowieflagowe.pl\/aktualne\/wp-content\/uploads\/2024\/08\/cropped-pogotowieflagowe_flaga_projekt_sm.jpg","width":250,"height":143,"caption":"POGOTOWIE FLAGOWE\u00ae"},"image":{"@id":"https:\/\/www.pogotowieflagowe.pl\/aktualne\/#\/schema\/logo\/image\/"}},{"@type":"Person","@id":"https:\/\/www.pogotowieflagowe.pl\/aktualne\/#\/schema\/person\/9c2fb7d2362ebf6fa088960d7f0d27b0","name":"Filip","image":{"@type":"ImageObject","inLanguage":"pl-PL","@id":"https:\/\/www.pogotowieflagowe.pl\/aktualne\/#\/schema\/person\/image\/","url":"https:\/\/www.pogotowieflagowe.pl\/aktualne\/wp-content\/uploads\/2024\/08\/pogotowieflagowe.pl_.jpg","contentUrl":"https:\/\/www.pogotowieflagowe.pl\/aktualne\/wp-content\/uploads\/2024\/08\/pogotowieflagowe.pl_.jpg","caption":"Filip"},"description":"Jestem Filip, polski dziennikarz z dyplomem nauk politycznych Uniwersytetu Warszawskiego. Rozpoczynaj\u0105c swoj\u0105 karier\u0119 w r\u00f3\u017cnych lokalnych mediach, zdoby\u0142em solidne do\u015bwiadczenie w zakresie \u015bledztwa i redakcji. Obecnie jako redaktor w Pogotowie flagowe, staram si\u0119 dostarcza\u0107 dog\u0142\u0119bne i istotne analizy na temat najwa\u017cniejszych kwestii aktualno\u015bci, \u0142\u0105cz\u0105c rygor z pasj\u0105 dziennikarsk\u0105.","sameAs":["https:\/\/www.pogotowieflagowe.pl\/"]}]}},"_links":{"self":[{"href":"https:\/\/www.pogotowieflagowe.pl\/aktualne\/wp-json\/wp\/v2\/posts\/13504","targetHints":{"allow":["GET"]}}],"collection":[{"href":"https:\/\/www.pogotowieflagowe.pl\/aktualne\/wp-json\/wp\/v2\/posts"}],"about":[{"href":"https:\/\/www.pogotowieflagowe.pl\/aktualne\/wp-json\/wp\/v2\/types\/post"}],"author":[{"embeddable":true,"href":"https:\/\/www.pogotowieflagowe.pl\/aktualne\/wp-json\/wp\/v2\/users\/1"}],"replies":[{"embeddable":true,"href":"https:\/\/www.pogotowieflagowe.pl\/aktualne\/wp-json\/wp\/v2\/comments?post=13504"}],"version-history":[{"count":1,"href":"https:\/\/www.pogotowieflagowe.pl\/aktualne\/wp-json\/wp\/v2\/posts\/13504\/revisions"}],"predecessor-version":[{"id":13506,"href":"https:\/\/www.pogotowieflagowe.pl\/aktualne\/wp-json\/wp\/v2\/posts\/13504\/revisions\/13506"}],"wp:featuredmedia":[{"embeddable":true,"href":"https:\/\/www.pogotowieflagowe.pl\/aktualne\/wp-json\/wp\/v2\/media\/13505"}],"wp:attachment":[{"href":"https:\/\/www.pogotowieflagowe.pl\/aktualne\/wp-json\/wp\/v2\/media?parent=13504"}],"wp:term":[{"taxonomy":"category","embeddable":true,"href":"https:\/\/www.pogotowieflagowe.pl\/aktualne\/wp-json\/wp\/v2\/categories?post=13504"},{"taxonomy":"post_tag","embeddable":true,"href":"https:\/\/www.pogotowieflagowe.pl\/aktualne\/wp-json\/wp\/v2\/tags?post=13504"}],"curies":[{"name":"wp","href":"https:\/\/api.w.org\/{rel}","templated":true}]}}