{"id":13507,"date":"2026-09-01T18:49:44","date_gmt":"2026-09-01T16:49:44","guid":{"rendered":"https:\/\/www.pogotowieflagowe.pl\/aktualne\/piotr-duda-o-rocznicy-porozumien-sierpniowych-rzad-porzucil-dialog-z-polakami\/"},"modified":"2026-09-01T18:49:46","modified_gmt":"2026-09-01T16:49:46","slug":"piotr-duda-o-rocznicy-porozumien-sierpniowych-rzad-porzucil-dialog-z-polakami","status":"publish","type":"post","link":"https:\/\/www.pogotowieflagowe.pl\/aktualne\/piotr-duda-o-rocznicy-porozumien-sierpniowych-rzad-porzucil-dialog-z-polakami\/","title":{"rendered":"Piotr Duda o rocznicy Porozumie\u0144 Sierpniowych: Rz\u0105d porzuci\u0142 dialog z Polakami"},"content":{"rendered":"<div data-td-block-uid=\"tdi_41\">\n<div class=\"tdb-block-inner td-fix-index\">\n<p class=\"wp-block-paragraph\">Zdaniem Piotra Dudy, szefa NSZZ \u201eSolidarno\u015b\u0107\u201d, dziedzictwo sierpniowych wydarze\u0144 pozostaje zobowi\u0105zaniem szczeg\u00f3lnie aktualnym dzisiaj, gdy rz\u0105d Donalda Tuska przesta\u0142 anga\u017cowa\u0107 si\u0119 w dialog z Polakami.<\/p>\n<p class=\"wp-block-paragraph\">W li\u015bcie odczytanym podczas obchod\u00f3w 46. rocznicy Porozumie\u0144 Sierpniowych w Szczecinie przewodnicz\u0105cy \u201eSolidarno\u015bci\u201d podkre\u015bli\u0142, \u017ce decyzje w sprawach o fundamentalnym znaczeniu dla Polski zapadaj\u0105 ponad g\u0142owami obywateli.<\/p>\n<figure class=\"wp-block-pullquote\">\n<blockquote>\n<p>&#8222;Dziedzictwo tamtych wydarze\u0144 pozostaje naszym zobowi\u0105zaniem. Jest to szczeg\u00f3lnie prawdziwe dzisiaj, gdy rz\u0105d przesta\u0142 prowadzi\u0107 dialog z Polakami, a ponad naszymi g\u0142owami zapadaj\u0105 decyzje dotycz\u0105ce przysz\u0142o\u015bci polskiej gospodarki, przemys\u0142u i rynku pracy. Zapomnieno, \u017ce obywatele naszego kraju powinni mie\u0107 wp\u0142yw na kszta\u0142towanie jego przysz\u0142o\u015bci&#8221;<\/p>\n<p><cite>Piotr Duda napisa\u0142 do uczestnik\u00f3w tegorocznej uroczysto\u015bci.<\/cite><\/p><\/blockquote>\n<\/figure>\n<p class=\"wp-block-paragraph\">W tym kontek\u015bcie Duda zaapelowa\u0142 do obywateli o poparcie inicjatywy referendalnej Solidarno\u015bci dotycz\u0105cej polityki klimatycznej UE.<\/p>\n<figure class=\"wp-block-pullquote\">\n<blockquote>\n<p>\u201eTylko dzia\u0142aj\u0105c wsp\u00f3lnie, mo\u017cemy skutecznie przeciwstawi\u0107 si\u0119 dzia\u0142aniom os\u0142abiaj\u0105cym polsk\u0105 gospodark\u0119, zagra\u017caj\u0105cym miejscom pracy i ograniczaj\u0105cym zdolno\u015b\u0107 obywateli do wypowiadania si\u0119 w sprawach ich dotycz\u0105cych\u201d \u2013 doda\u0142.<\/p>\n<p><cite>  \u2013 podkre\u015bli\u0142.<\/cite><\/p><\/blockquote>\n<\/figure>\n<p class=\"wp-block-paragraph\">Dariusz G\u0142ogowski, przewodnicz\u0105cy Zachodniopomorskiego Zarz\u0105du Okr\u0119gowego Niezale\u017cnego Samorz\u0105dnego Zwi\u0105zku Zawodowego \u201eSolidarno\u015b\u0107\u201d, zauwa\u017cy\u0142, \u017ce szczecinianie maj\u0105 szczeg\u00f3lne powody do dumy, gdy\u017c to w\u0142a\u015bnie tutaj, w sali posiedze\u0144 stoczni, podpisano pierwsze z Porozumie\u0144 Sierpniowych.<\/p>\n<figure class=\"wp-block-pullquote\">\n<blockquote>\n<p>&#8222;Stoj\u0105c dzi\u015b przed t\u0105 bram\u0105, nie mo\u017cemy patrze\u0107 tylko w przesz\u0142o\u015b\u0107. Musimy my\u015ble\u0107 o przysz\u0142o\u015bci naszego regionu. Pomorze Zachodnie stoi obecnie przed powa\u017cnymi wyzwaniami. Trudna sytuacja w Zak\u0142adach Chemicznych Police, wygaszanie blok\u00f3w w\u0119glowych w Elektrowni Dolna Odra i niepewno\u015b\u0107 tysi\u0119cy pracownik\u00f3w pokazuj\u0105, jak wa\u017cne jest bezpiecze\u0144stwo ekonomiczne i miejsca pracy&#8221;<\/p>\n<p><cite>  powiedzia\u0142.<\/cite><\/p><\/blockquote>\n<\/figure>\n<p class=\"wp-block-paragraph\">W obchodach rocznicowych w Szczecinie uczestniczyli m.in. Zbigniew Bogucki, szef Kancelarii Prezydenta RP i Maciej K\u0142osi\u0144ski, wiceprzewodnicz\u0105cy Komisji Krajowej Niezale\u017cnych Samorz\u0105dnych Zwi\u0105zk\u00f3w Zawodowych \u201eSolidarno\u015b\u0107\u201d.<\/p>\n<\/div>\n<\/div>\n","protected":false},"excerpt":{"rendered":"<p>Zdaniem Piotra Dudy, szefa NSZZ \u201eSolidarno\u015b\u0107\u201d, dziedzictwo sierpniowych wydarze\u0144 pozostaje zobowi\u0105zaniem szczeg\u00f3lnie aktualnym dzisiaj, gdy rz\u0105d Donalda Tuska przesta\u0142 anga\u017cowa\u0107<\/p>\n","protected":false},"author":1,"featured_media":13508,"comment_status":"open","ping_status":"open","sticky":false,"template":"","format":"standard","meta":{"footnotes":""},"categories":[4748],"tags":[14355,343,5290,11147,12557,14354,4375,1554,14353],"class_list":["post-13507","post","type-post","status-publish","format-standard","has-post-thumbnail","hentry","category-aktualne","tag-dialog","tag-duda","tag-piotr","tag-polakami","tag-porozumien","tag-porzucil","tag-rocznicy","tag-rzad","tag-sierpniowych","generate-columns","tablet-grid-50","mobile-grid-100","grid-parent","grid-50","resize-featured-image"],"yoast_head":"<!-- This site is optimized with the Yoast SEO plugin v23.2 - https:\/\/yoast.com\/wordpress\/plugins\/seo\/ -->\n<title>Piotr Duda o rocznicy Porozumie\u0144 Sierpniowych: Rz\u0105d porzuci\u0142 dialog z Polakami - POGOTOWIE FLAGOWE\u00ae<\/title>\n<meta name=\"robots\" content=\"index, follow, max-snippet:-1, max-image-preview:large, max-video-preview:-1\" \/>\n<link rel=\"canonical\" href=\"https:\/\/www.pogotowieflagowe.pl\/aktualne\/piotr-duda-o-rocznicy-porozumien-sierpniowych-rzad-porzucil-dialog-z-polakami\/\" \/>\n<meta property=\"og:locale\" content=\"pl_PL\" \/>\n<meta property=\"og:type\" content=\"article\" \/>\n<meta property=\"og:title\" content=\"Piotr Duda o rocznicy Porozumie\u0144 Sierpniowych: Rz\u0105d porzuci\u0142 dialog z Polakami - POGOTOWIE FLAGOWE\u00ae\" \/>\n<meta property=\"og:description\" content=\"Zdaniem Piotra Dudy, szefa NSZZ \u201eSolidarno\u015b\u0107\u201d, dziedzictwo sierpniowych wydarze\u0144 pozostaje zobowi\u0105zaniem szczeg\u00f3lnie aktualnym dzisiaj, gdy rz\u0105d Donalda Tuska przesta\u0142 anga\u017cowa\u0107\" \/>\n<meta property=\"og:url\" content=\"https:\/\/www.pogotowieflagowe.pl\/aktualne\/piotr-duda-o-rocznicy-porozumien-sierpniowych-rzad-porzucil-dialog-z-polakami\/\" \/>\n<meta property=\"og:site_name\" content=\"POGOTOWIE FLAGOWE\u00ae\" \/>\n<meta property=\"article:published_time\" content=\"2026-09-01T16:49:44+00:00\" \/>\n<meta property=\"article:modified_time\" content=\"2026-09-01T16:49:46+00:00\" \/>\n<meta property=\"og:image\" content=\"https:\/\/www.pogotowieflagowe.pl\/aktualne\/wp-content\/uploads\/2026\/09\/Piotr-Duda-o-rocznicy-Porozumien-Sierpniowych-Rzad-porzucil-dialog-z.jpeg\" \/>\n\t<meta property=\"og:image:width\" content=\"1620\" \/>\n\t<meta property=\"og:image:height\" content=\"1080\" \/>\n\t<meta property=\"og:image:type\" content=\"image\/jpeg\" \/>\n<meta name=\"author\" content=\"Filip\" \/>\n<meta name=\"twitter:card\" content=\"summary_large_image\" \/>\n<meta name=\"twitter:label1\" content=\"Napisane przez\" \/>\n\t<meta name=\"twitter:data1\" content=\"Filip\" \/>\n\t<meta name=\"twitter:label2\" content=\"Szacowany czas czytania\" \/>\n\t<meta name=\"twitter:data2\" content=\"2 minuty\" \/>\n<script type=\"application\/ld+json\" class=\"yoast-schema-graph\">{\"@context\":\"https:\/\/schema.org\",\"@graph\":[{\"@type\":\"Article\",\"@id\":\"https:\/\/www.pogotowieflagowe.pl\/aktualne\/piotr-duda-o-rocznicy-porozumien-sierpniowych-rzad-porzucil-dialog-z-polakami\/#article\",\"isPartOf\":{\"@id\":\"https:\/\/www.pogotowieflagowe.pl\/aktualne\/piotr-duda-o-rocznicy-porozumien-sierpniowych-rzad-porzucil-dialog-z-polakami\/\"},\"author\":{\"name\":\"Filip\",\"@id\":\"https:\/\/www.pogotowieflagowe.pl\/aktualne\/#\/schema\/person\/9c2fb7d2362ebf6fa088960d7f0d27b0\"},\"headline\":\"Piotr Duda o rocznicy Porozumie\u0144 Sierpniowych: Rz\u0105d porzuci\u0142 dialog z Polakami\",\"datePublished\":\"2026-09-01T16:49:44+00:00\",\"dateModified\":\"2026-09-01T16:49:46+00:00\",\"mainEntityOfPage\":{\"@id\":\"https:\/\/www.pogotowieflagowe.pl\/aktualne\/piotr-duda-o-rocznicy-porozumien-sierpniowych-rzad-porzucil-dialog-z-polakami\/\"},\"wordCount\":336,\"commentCount\":0,\"publisher\":{\"@id\":\"https:\/\/www.pogotowieflagowe.pl\/aktualne\/#organization\"},\"image\":{\"@id\":\"https:\/\/www.pogotowieflagowe.pl\/aktualne\/piotr-duda-o-rocznicy-porozumien-sierpniowych-rzad-porzucil-dialog-z-polakami\/#primaryimage\"},\"thumbnailUrl\":\"https:\/\/www.pogotowieflagowe.pl\/aktualne\/wp-content\/uploads\/2026\/09\/Piotr-Duda-o-rocznicy-Porozumien-Sierpniowych-Rzad-porzucil-dialog-z.jpeg\",\"keywords\":[\"dialog\",\"Duda\",\"Piotr\",\"Polakami\",\"porozumie\u0144\",\"porzuci\u0142\",\"rocznicy\",\"Rz\u0105d\",\"Sierpniowych\"],\"articleSection\":[\"Aktualne\"],\"inLanguage\":\"pl-PL\",\"potentialAction\":[{\"@type\":\"CommentAction\",\"name\":\"Comment\",\"target\":[\"https:\/\/www.pogotowieflagowe.pl\/aktualne\/piotr-duda-o-rocznicy-porozumien-sierpniowych-rzad-porzucil-dialog-z-polakami\/#respond\"]}]},{\"@type\":\"WebPage\",\"@id\":\"https:\/\/www.pogotowieflagowe.pl\/aktualne\/piotr-duda-o-rocznicy-porozumien-sierpniowych-rzad-porzucil-dialog-z-polakami\/\",\"url\":\"https:\/\/www.pogotowieflagowe.pl\/aktualne\/piotr-duda-o-rocznicy-porozumien-sierpniowych-rzad-porzucil-dialog-z-polakami\/\",\"name\":\"Piotr Duda o rocznicy Porozumie\u0144 Sierpniowych: Rz\u0105d porzuci\u0142 dialog z Polakami - POGOTOWIE FLAGOWE\u00ae\",\"isPartOf\":{\"@id\":\"https:\/\/www.pogotowieflagowe.pl\/aktualne\/#website\"},\"primaryImageOfPage\":{\"@id\":\"https:\/\/www.pogotowieflagowe.pl\/aktualne\/piotr-duda-o-rocznicy-porozumien-sierpniowych-rzad-porzucil-dialog-z-polakami\/#primaryimage\"},\"image\":{\"@id\":\"https:\/\/www.pogotowieflagowe.pl\/aktualne\/piotr-duda-o-rocznicy-porozumien-sierpniowych-rzad-porzucil-dialog-z-polakami\/#primaryimage\"},\"thumbnailUrl\":\"https:\/\/www.pogotowieflagowe.pl\/aktualne\/wp-content\/uploads\/2026\/09\/Piotr-Duda-o-rocznicy-Porozumien-Sierpniowych-Rzad-porzucil-dialog-z.jpeg\",\"datePublished\":\"2026-09-01T16:49:44+00:00\",\"dateModified\":\"2026-09-01T16:49:46+00:00\",\"breadcrumb\":{\"@id\":\"https:\/\/www.pogotowieflagowe.pl\/aktualne\/piotr-duda-o-rocznicy-porozumien-sierpniowych-rzad-porzucil-dialog-z-polakami\/#breadcrumb\"},\"inLanguage\":\"pl-PL\",\"potentialAction\":[{\"@type\":\"ReadAction\",\"target\":[\"https:\/\/www.pogotowieflagowe.pl\/aktualne\/piotr-duda-o-rocznicy-porozumien-sierpniowych-rzad-porzucil-dialog-z-polakami\/\"]}]},{\"@type\":\"ImageObject\",\"inLanguage\":\"pl-PL\",\"@id\":\"https:\/\/www.pogotowieflagowe.pl\/aktualne\/piotr-duda-o-rocznicy-porozumien-sierpniowych-rzad-porzucil-dialog-z-polakami\/#primaryimage\",\"url\":\"https:\/\/www.pogotowieflagowe.pl\/aktualne\/wp-content\/uploads\/2026\/09\/Piotr-Duda-o-rocznicy-Porozumien-Sierpniowych-Rzad-porzucil-dialog-z.jpeg\",\"contentUrl\":\"https:\/\/www.pogotowieflagowe.pl\/aktualne\/wp-content\/uploads\/2026\/09\/Piotr-Duda-o-rocznicy-Porozumien-Sierpniowych-Rzad-porzucil-dialog-z.jpeg\",\"width\":1620,\"height\":1080},{\"@type\":\"BreadcrumbList\",\"@id\":\"https:\/\/www.pogotowieflagowe.pl\/aktualne\/piotr-duda-o-rocznicy-porozumien-sierpniowych-rzad-porzucil-dialog-z-polakami\/#breadcrumb\",\"itemListElement\":[{\"@type\":\"ListItem\",\"position\":1,\"name\":\"Home\",\"item\":\"https:\/\/www.pogotowieflagowe.pl\/aktualne\/\"},{\"@type\":\"ListItem\",\"position\":2,\"name\":\"Piotr Duda o rocznicy Porozumie\u0144 Sierpniowych: Rz\u0105d porzuci\u0142 dialog z Polakami\"}]},{\"@type\":\"WebSite\",\"@id\":\"https:\/\/www.pogotowieflagowe.pl\/aktualne\/#website\",\"url\":\"https:\/\/www.pogotowieflagowe.pl\/aktualne\/\",\"name\":\"POGOTOWIE FLAGOWE\u00ae\",\"description\":\"\",\"publisher\":{\"@id\":\"https:\/\/www.pogotowieflagowe.pl\/aktualne\/#organization\"},\"potentialAction\":[{\"@type\":\"SearchAction\",\"target\":{\"@type\":\"EntryPoint\",\"urlTemplate\":\"https:\/\/www.pogotowieflagowe.pl\/aktualne\/?s={search_term_string}\"},\"query-input\":\"required name=search_term_string\"}],\"inLanguage\":\"pl-PL\"},{\"@type\":\"Organization\",\"@id\":\"https:\/\/www.pogotowieflagowe.pl\/aktualne\/#organization\",\"name\":\"POGOTOWIE FLAGOWE\u00ae\",\"url\":\"https:\/\/www.pogotowieflagowe.pl\/aktualne\/\",\"logo\":{\"@type\":\"ImageObject\",\"inLanguage\":\"pl-PL\",\"@id\":\"https:\/\/www.pogotowieflagowe.pl\/aktualne\/#\/schema\/logo\/image\/\",\"url\":\"https:\/\/www.pogotowieflagowe.pl\/aktualne\/wp-content\/uploads\/2024\/08\/cropped-pogotowieflagowe_flaga_projekt_sm.jpg\",\"contentUrl\":\"https:\/\/www.pogotowieflagowe.pl\/aktualne\/wp-content\/uploads\/2024\/08\/cropped-pogotowieflagowe_flaga_projekt_sm.jpg\",\"width\":250,\"height\":143,\"caption\":\"POGOTOWIE FLAGOWE\u00ae\"},\"image\":{\"@id\":\"https:\/\/www.pogotowieflagowe.pl\/aktualne\/#\/schema\/logo\/image\/\"}},{\"@type\":\"Person\",\"@id\":\"https:\/\/www.pogotowieflagowe.pl\/aktualne\/#\/schema\/person\/9c2fb7d2362ebf6fa088960d7f0d27b0\",\"name\":\"Filip\",\"image\":{\"@type\":\"ImageObject\",\"inLanguage\":\"pl-PL\",\"@id\":\"https:\/\/www.pogotowieflagowe.pl\/aktualne\/#\/schema\/person\/image\/\",\"url\":\"https:\/\/www.pogotowieflagowe.pl\/aktualne\/wp-content\/uploads\/2024\/08\/pogotowieflagowe.pl_.jpg\",\"contentUrl\":\"https:\/\/www.pogotowieflagowe.pl\/aktualne\/wp-content\/uploads\/2024\/08\/pogotowieflagowe.pl_.jpg\",\"caption\":\"Filip\"},\"description\":\"Jestem Filip, polski dziennikarz z dyplomem nauk politycznych Uniwersytetu Warszawskiego. Rozpoczynaj\u0105c swoj\u0105 karier\u0119 w r\u00f3\u017cnych lokalnych mediach, zdoby\u0142em solidne do\u015bwiadczenie w zakresie \u015bledztwa i redakcji. Obecnie jako redaktor w Pogotowie flagowe, staram si\u0119 dostarcza\u0107 dog\u0142\u0119bne i istotne analizy na temat najwa\u017cniejszych kwestii aktualno\u015bci, \u0142\u0105cz\u0105c rygor z pasj\u0105 dziennikarsk\u0105.\",\"sameAs\":[\"https:\/\/www.pogotowieflagowe.pl\/\"]}]}<\/script>\n<!-- \/ Yoast SEO plugin. -->","yoast_head_json":{"title":"Piotr Duda o rocznicy Porozumie\u0144 Sierpniowych: Rz\u0105d porzuci\u0142 dialog z Polakami - POGOTOWIE FLAGOWE\u00ae","robots":{"index":"index","follow":"follow","max-snippet":"max-snippet:-1","max-image-preview":"max-image-preview:large","max-video-preview":"max-video-preview:-1"},"canonical":"https:\/\/www.pogotowieflagowe.pl\/aktualne\/piotr-duda-o-rocznicy-porozumien-sierpniowych-rzad-porzucil-dialog-z-polakami\/","og_locale":"pl_PL","og_type":"article","og_title":"Piotr Duda o rocznicy Porozumie\u0144 Sierpniowych: Rz\u0105d porzuci\u0142 dialog z Polakami - POGOTOWIE FLAGOWE\u00ae","og_description":"Zdaniem Piotra Dudy, szefa NSZZ \u201eSolidarno\u015b\u0107\u201d, dziedzictwo sierpniowych wydarze\u0144 pozostaje zobowi\u0105zaniem szczeg\u00f3lnie aktualnym dzisiaj, gdy rz\u0105d Donalda Tuska przesta\u0142 anga\u017cowa\u0107","og_url":"https:\/\/www.pogotowieflagowe.pl\/aktualne\/piotr-duda-o-rocznicy-porozumien-sierpniowych-rzad-porzucil-dialog-z-polakami\/","og_site_name":"POGOTOWIE FLAGOWE\u00ae","article_published_time":"2026-09-01T16:49:44+00:00","article_modified_time":"2026-09-01T16:49:46+00:00","og_image":[{"width":1620,"height":1080,"url":"https:\/\/www.pogotowieflagowe.pl\/aktualne\/wp-content\/uploads\/2026\/09\/Piotr-Duda-o-rocznicy-Porozumien-Sierpniowych-Rzad-porzucil-dialog-z.jpeg","type":"image\/jpeg"}],"author":"Filip","twitter_card":"summary_large_image","twitter_misc":{"Napisane przez":"Filip","Szacowany czas czytania":"2 minuty"},"schema":{"@context":"https:\/\/schema.org","@graph":[{"@type":"Article","@id":"https:\/\/www.pogotowieflagowe.pl\/aktualne\/piotr-duda-o-rocznicy-porozumien-sierpniowych-rzad-porzucil-dialog-z-polakami\/#article","isPartOf":{"@id":"https:\/\/www.pogotowieflagowe.pl\/aktualne\/piotr-duda-o-rocznicy-porozumien-sierpniowych-rzad-porzucil-dialog-z-polakami\/"},"author":{"name":"Filip","@id":"https:\/\/www.pogotowieflagowe.pl\/aktualne\/#\/schema\/person\/9c2fb7d2362ebf6fa088960d7f0d27b0"},"headline":"Piotr Duda o rocznicy Porozumie\u0144 Sierpniowych: Rz\u0105d porzuci\u0142 dialog z Polakami","datePublished":"2026-09-01T16:49:44+00:00","dateModified":"2026-09-01T16:49:46+00:00","mainEntityOfPage":{"@id":"https:\/\/www.pogotowieflagowe.pl\/aktualne\/piotr-duda-o-rocznicy-porozumien-sierpniowych-rzad-porzucil-dialog-z-polakami\/"},"wordCount":336,"commentCount":0,"publisher":{"@id":"https:\/\/www.pogotowieflagowe.pl\/aktualne\/#organization"},"image":{"@id":"https:\/\/www.pogotowieflagowe.pl\/aktualne\/piotr-duda-o-rocznicy-porozumien-sierpniowych-rzad-porzucil-dialog-z-polakami\/#primaryimage"},"thumbnailUrl":"https:\/\/www.pogotowieflagowe.pl\/aktualne\/wp-content\/uploads\/2026\/09\/Piotr-Duda-o-rocznicy-Porozumien-Sierpniowych-Rzad-porzucil-dialog-z.jpeg","keywords":["dialog","Duda","Piotr","Polakami","porozumie\u0144","porzuci\u0142","rocznicy","Rz\u0105d","Sierpniowych"],"articleSection":["Aktualne"],"inLanguage":"pl-PL","potentialAction":[{"@type":"CommentAction","name":"Comment","target":["https:\/\/www.pogotowieflagowe.pl\/aktualne\/piotr-duda-o-rocznicy-porozumien-sierpniowych-rzad-porzucil-dialog-z-polakami\/#respond"]}]},{"@type":"WebPage","@id":"https:\/\/www.pogotowieflagowe.pl\/aktualne\/piotr-duda-o-rocznicy-porozumien-sierpniowych-rzad-porzucil-dialog-z-polakami\/","url":"https:\/\/www.pogotowieflagowe.pl\/aktualne\/piotr-duda-o-rocznicy-porozumien-sierpniowych-rzad-porzucil-dialog-z-polakami\/","name":"Piotr Duda o rocznicy Porozumie\u0144 Sierpniowych: Rz\u0105d porzuci\u0142 dialog z Polakami - POGOTOWIE FLAGOWE\u00ae","isPartOf":{"@id":"https:\/\/www.pogotowieflagowe.pl\/aktualne\/#website"},"primaryImageOfPage":{"@id":"https:\/\/www.pogotowieflagowe.pl\/aktualne\/piotr-duda-o-rocznicy-porozumien-sierpniowych-rzad-porzucil-dialog-z-polakami\/#primaryimage"},"image":{"@id":"https:\/\/www.pogotowieflagowe.pl\/aktualne\/piotr-duda-o-rocznicy-porozumien-sierpniowych-rzad-porzucil-dialog-z-polakami\/#primaryimage"},"thumbnailUrl":"https:\/\/www.pogotowieflagowe.pl\/aktualne\/wp-content\/uploads\/2026\/09\/Piotr-Duda-o-rocznicy-Porozumien-Sierpniowych-Rzad-porzucil-dialog-z.jpeg","datePublished":"2026-09-01T16:49:44+00:00","dateModified":"2026-09-01T16:49:46+00:00","breadcrumb":{"@id":"https:\/\/www.pogotowieflagowe.pl\/aktualne\/piotr-duda-o-rocznicy-porozumien-sierpniowych-rzad-porzucil-dialog-z-polakami\/#breadcrumb"},"inLanguage":"pl-PL","potentialAction":[{"@type":"ReadAction","target":["https:\/\/www.pogotowieflagowe.pl\/aktualne\/piotr-duda-o-rocznicy-porozumien-sierpniowych-rzad-porzucil-dialog-z-polakami\/"]}]},{"@type":"ImageObject","inLanguage":"pl-PL","@id":"https:\/\/www.pogotowieflagowe.pl\/aktualne\/piotr-duda-o-rocznicy-porozumien-sierpniowych-rzad-porzucil-dialog-z-polakami\/#primaryimage","url":"https:\/\/www.pogotowieflagowe.pl\/aktualne\/wp-content\/uploads\/2026\/09\/Piotr-Duda-o-rocznicy-Porozumien-Sierpniowych-Rzad-porzucil-dialog-z.jpeg","contentUrl":"https:\/\/www.pogotowieflagowe.pl\/aktualne\/wp-content\/uploads\/2026\/09\/Piotr-Duda-o-rocznicy-Porozumien-Sierpniowych-Rzad-porzucil-dialog-z.jpeg","width":1620,"height":1080},{"@type":"BreadcrumbList","@id":"https:\/\/www.pogotowieflagowe.pl\/aktualne\/piotr-duda-o-rocznicy-porozumien-sierpniowych-rzad-porzucil-dialog-z-polakami\/#breadcrumb","itemListElement":[{"@type":"ListItem","position":1,"name":"Home","item":"https:\/\/www.pogotowieflagowe.pl\/aktualne\/"},{"@type":"ListItem","position":2,"name":"Piotr Duda o rocznicy Porozumie\u0144 Sierpniowych: Rz\u0105d porzuci\u0142 dialog z Polakami"}]},{"@type":"WebSite","@id":"https:\/\/www.pogotowieflagowe.pl\/aktualne\/#website","url":"https:\/\/www.pogotowieflagowe.pl\/aktualne\/","name":"POGOTOWIE FLAGOWE\u00ae","description":"","publisher":{"@id":"https:\/\/www.pogotowieflagowe.pl\/aktualne\/#organization"},"potentialAction":[{"@type":"SearchAction","target":{"@type":"EntryPoint","urlTemplate":"https:\/\/www.pogotowieflagowe.pl\/aktualne\/?s={search_term_string}"},"query-input":"required name=search_term_string"}],"inLanguage":"pl-PL"},{"@type":"Organization","@id":"https:\/\/www.pogotowieflagowe.pl\/aktualne\/#organization","name":"POGOTOWIE FLAGOWE\u00ae","url":"https:\/\/www.pogotowieflagowe.pl\/aktualne\/","logo":{"@type":"ImageObject","inLanguage":"pl-PL","@id":"https:\/\/www.pogotowieflagowe.pl\/aktualne\/#\/schema\/logo\/image\/","url":"https:\/\/www.pogotowieflagowe.pl\/aktualne\/wp-content\/uploads\/2024\/08\/cropped-pogotowieflagowe_flaga_projekt_sm.jpg","contentUrl":"https:\/\/www.pogotowieflagowe.pl\/aktualne\/wp-content\/uploads\/2024\/08\/cropped-pogotowieflagowe_flaga_projekt_sm.jpg","width":250,"height":143,"caption":"POGOTOWIE FLAGOWE\u00ae"},"image":{"@id":"https:\/\/www.pogotowieflagowe.pl\/aktualne\/#\/schema\/logo\/image\/"}},{"@type":"Person","@id":"https:\/\/www.pogotowieflagowe.pl\/aktualne\/#\/schema\/person\/9c2fb7d2362ebf6fa088960d7f0d27b0","name":"Filip","image":{"@type":"ImageObject","inLanguage":"pl-PL","@id":"https:\/\/www.pogotowieflagowe.pl\/aktualne\/#\/schema\/person\/image\/","url":"https:\/\/www.pogotowieflagowe.pl\/aktualne\/wp-content\/uploads\/2024\/08\/pogotowieflagowe.pl_.jpg","contentUrl":"https:\/\/www.pogotowieflagowe.pl\/aktualne\/wp-content\/uploads\/2024\/08\/pogotowieflagowe.pl_.jpg","caption":"Filip"},"description":"Jestem Filip, polski dziennikarz z dyplomem nauk politycznych Uniwersytetu Warszawskiego. Rozpoczynaj\u0105c swoj\u0105 karier\u0119 w r\u00f3\u017cnych lokalnych mediach, zdoby\u0142em solidne do\u015bwiadczenie w zakresie \u015bledztwa i redakcji. Obecnie jako redaktor w Pogotowie flagowe, staram si\u0119 dostarcza\u0107 dog\u0142\u0119bne i istotne analizy na temat najwa\u017cniejszych kwestii aktualno\u015bci, \u0142\u0105cz\u0105c rygor z pasj\u0105 dziennikarsk\u0105.","sameAs":["https:\/\/www.pogotowieflagowe.pl\/"]}]}},"_links":{"self":[{"href":"https:\/\/www.pogotowieflagowe.pl\/aktualne\/wp-json\/wp\/v2\/posts\/13507","targetHints":{"allow":["GET"]}}],"collection":[{"href":"https:\/\/www.pogotowieflagowe.pl\/aktualne\/wp-json\/wp\/v2\/posts"}],"about":[{"href":"https:\/\/www.pogotowieflagowe.pl\/aktualne\/wp-json\/wp\/v2\/types\/post"}],"author":[{"embeddable":true,"href":"https:\/\/www.pogotowieflagowe.pl\/aktualne\/wp-json\/wp\/v2\/users\/1"}],"replies":[{"embeddable":true,"href":"https:\/\/www.pogotowieflagowe.pl\/aktualne\/wp-json\/wp\/v2\/comments?post=13507"}],"version-history":[{"count":1,"href":"https:\/\/www.pogotowieflagowe.pl\/aktualne\/wp-json\/wp\/v2\/posts\/13507\/revisions"}],"predecessor-version":[{"id":13509,"href":"https:\/\/www.pogotowieflagowe.pl\/aktualne\/wp-json\/wp\/v2\/posts\/13507\/revisions\/13509"}],"wp:featuredmedia":[{"embeddable":true,"href":"https:\/\/www.pogotowieflagowe.pl\/aktualne\/wp-json\/wp\/v2\/media\/13508"}],"wp:attachment":[{"href":"https:\/\/www.pogotowieflagowe.pl\/aktualne\/wp-json\/wp\/v2\/media?parent=13507"}],"wp:term":[{"taxonomy":"category","embeddable":true,"href":"https:\/\/www.pogotowieflagowe.pl\/aktualne\/wp-json\/wp\/v2\/categories?post=13507"},{"taxonomy":"post_tag","embeddable":true,"href":"https:\/\/www.pogotowieflagowe.pl\/aktualne\/wp-json\/wp\/v2\/tags?post=13507"}],"curies":[{"name":"wp","href":"https:\/\/api.w.org\/{rel}","templated":true}]}}