{"id":13513,"date":"2026-09-02T03:50:11","date_gmt":"2026-09-02T01:50:11","guid":{"rendered":"https:\/\/www.pogotowieflagowe.pl\/aktualne\/para-prezydencka-dolacza-do-biegu-mlodziezowego-po-zakonczeniu-przyszlosci-pl-w-juracie\/"},"modified":"2026-09-02T03:50:13","modified_gmt":"2026-09-02T01:50:13","slug":"para-prezydencka-dolacza-do-biegu-mlodziezowego-po-zakonczeniu-przyszlosci-pl-w-juracie","status":"publish","type":"post","link":"https:\/\/www.pogotowieflagowe.pl\/aktualne\/para-prezydencka-dolacza-do-biegu-mlodziezowego-po-zakonczeniu-przyszlosci-pl-w-juracie\/","title":{"rendered":"Para Prezydencka do\u0142\u0105cza do biegu m\u0142odzie\u017cowego po zako\u0144czeniu \u201ePrzysz\u0142o\u015bci.pl\u201d w Juracie"},"content":{"rendered":"<div data-td-block-uid=\"tdi_41\">\n<div class=\"tdb-block-inner td-fix-index\">\n<p class=\"wp-block-paragraph\">Dobieg\u0142o ko\u0144ca spotkanie m\u0142odzie\u017cy \u201ePrzysz\u0142o\u015b\u0107.pl\u201d, kt\u00f3re odby\u0142o si\u0119 w Rezydencji Prezydenckiej w Juracie z inicjatywy Prezydenta Karola Nawrockiego. W niedzielnym programie znalaz\u0142y si\u0119 debaty eksperckie na temat przysz\u0142o\u015bci Polski, zaj\u0119cia sportowe, wydarzenia muzyczne oraz bieg z Par\u0105 Prezydenck\u0105.<\/p>\n<h2 class=\"wp-block-heading\">\u201ePrzysz\u0142o\u015b\u0107.pl\u201d w Juracie: m\u0142odzie\u017c, sport, debaty i muzyka<\/h2>\n<p class=\"wp-block-paragraph\">Atrakcj\u0105 drugiego dnia wydarzenia \u201ePrzysz\u0142o\u015b\u0107.pl\u201d by\u0142 wsp\u00f3lny bieg, w kt\u00f3rym uczestniczy\u0142a Para Prezydencka oraz m\u0142odzi uczestnicy. Zaj\u0119cia sportowe pozwoli\u0142y uczestnikom na wsp\u00f3lne sp\u0119dzenie czasu i lepsze poznanie si\u0119. W programie znalaz\u0142y si\u0119 tak\u017ce zaj\u0119cia z samoobrony oraz rozmowy Pierwszej Damy Marty Nawrockiej z uczestnikami przy herbacie matcha. BBN przygotowa\u0142o tak\u017ce dla m\u0142odych uczestnik\u00f3w gr\u0119 strategiczn\u0105, pozwalaj\u0105c\u0105 sprawdzi\u0107 umiej\u0119tno\u015b\u0107 pracy zespo\u0142owej i podejmowania decyzji.<\/p>\n<figure class=\"wp-block-embed is-type-rich is-provider-x wp-block-embed-x\"\/>\n<p class=\"wp-block-paragraph\">Podczas wydarzenia odby\u0142y si\u0119 tak\u017ce dyskusje z ministrami prezydenta na temat najwa\u017cniejszych wyzwa\u0144 stoj\u0105cych przed Polsk\u0105, przysz\u0142ego rozwoju kraju oraz szans i perspektyw, jakie stoj\u0105 przed m\u0142odszym pokoleniem. Spotkania by\u0142y okazj\u0105 do wymiany pogl\u0105d\u00f3w w kwestiach kluczowych dla przysz\u0142o\u015bci Polski.<\/p>\n<figure class=\"wp-block-pullquote\">\n<blockquote>\n<p>\u201eNaszych ministr\u00f3w mo\u017cna te\u017c spotka\u0107 w Juracie i porozmawia\u0107 z nimi o tym, co Ci\u0119 najbardziej interesuje\u201d<\/p>\n<p><cite>Kancelaria Prezydenta RP napisa\u0142a w dniu X.<\/cite><\/p><\/blockquote>\n<\/figure>\n<p class=\"wp-block-paragraph\">Wydarzenie u\u015bwietni\u0142 tak\u017ce koncert Kuba\u0144czyka, kt\u00f3rego prawdziwe nazwisko brzmi Jakub Micha\u0142 Plas, kt\u00f3ry zgromadzi\u0142 przed scen\u0105 liczn\u0105 rzesz\u0119 fan\u00f3w. Artysta wykona\u0142 niekt\u00f3re ze swoich najpopularniejszych piosenek, a m\u0142odzi uczestnicy do\u0142\u0105czyli, \u015bpiewaj\u0105c i ta\u0144cz\u0105c na pla\u017cy.<\/p>\n<figure class=\"wp-block-embed is-type-rich is-provider-x wp-block-embed-x\"\/>\n<\/div>\n<\/div>\n","protected":false},"excerpt":{"rendered":"<p>Dobieg\u0142o ko\u0144ca spotkanie m\u0142odzie\u017cy \u201ePrzysz\u0142o\u015b\u0107.pl\u201d, kt\u00f3re odby\u0142o si\u0119 w Rezydencji Prezydenckiej w Juracie z inicjatywy Prezydenta Karola Nawrockiego. W niedzielnym<\/p>\n","protected":false},"author":1,"featured_media":13514,"comment_status":"open","ping_status":"open","sticky":false,"template":"","format":"standard","meta":{"footnotes":""},"categories":[4748],"tags":[715,1281,14247,14357,378,379,14358,5540],"class_list":["post-13513","post","type-post","status-publish","format-standard","has-post-thumbnail","hentry","category-aktualne","tag-biegu","tag-dolacza","tag-juracie","tag-mlodziezowego","tag-para","tag-prezydencka","tag-przyszlosci-pl","tag-zakonczeniu","generate-columns","tablet-grid-50","mobile-grid-100","grid-parent","grid-50","resize-featured-image"],"yoast_head":"<!-- This site is optimized with the Yoast SEO plugin v23.2 - https:\/\/yoast.com\/wordpress\/plugins\/seo\/ -->\n<title>Para Prezydencka do\u0142\u0105cza do biegu m\u0142odzie\u017cowego po zako\u0144czeniu \u201ePrzysz\u0142o\u015bci.pl\u201d w Juracie - POGOTOWIE FLAGOWE\u00ae<\/title>\n<meta name=\"robots\" content=\"index, follow, max-snippet:-1, max-image-preview:large, max-video-preview:-1\" \/>\n<link rel=\"canonical\" href=\"https:\/\/www.pogotowieflagowe.pl\/aktualne\/para-prezydencka-dolacza-do-biegu-mlodziezowego-po-zakonczeniu-przyszlosci-pl-w-juracie\/\" \/>\n<meta property=\"og:locale\" content=\"pl_PL\" \/>\n<meta property=\"og:type\" content=\"article\" \/>\n<meta property=\"og:title\" content=\"Para Prezydencka do\u0142\u0105cza do biegu m\u0142odzie\u017cowego po zako\u0144czeniu \u201ePrzysz\u0142o\u015bci.pl\u201d w Juracie - POGOTOWIE FLAGOWE\u00ae\" \/>\n<meta property=\"og:description\" content=\"Dobieg\u0142o ko\u0144ca spotkanie m\u0142odzie\u017cy \u201ePrzysz\u0142o\u015b\u0107.pl\u201d, kt\u00f3re odby\u0142o si\u0119 w Rezydencji Prezydenckiej w Juracie z inicjatywy Prezydenta Karola Nawrockiego. W niedzielnym\" \/>\n<meta property=\"og:url\" content=\"https:\/\/www.pogotowieflagowe.pl\/aktualne\/para-prezydencka-dolacza-do-biegu-mlodziezowego-po-zakonczeniu-przyszlosci-pl-w-juracie\/\" \/>\n<meta property=\"og:site_name\" content=\"POGOTOWIE FLAGOWE\u00ae\" \/>\n<meta property=\"article:published_time\" content=\"2026-09-02T01:50:11+00:00\" \/>\n<meta property=\"article:modified_time\" content=\"2026-09-02T01:50:13+00:00\" \/>\n<meta property=\"og:image\" content=\"https:\/\/www.pogotowieflagowe.pl\/aktualne\/wp-content\/uploads\/2026\/09\/Para-Prezydencka-dolacza-do-biegu-mlodziezowego-po-zakonczeniu-\u201ePrzyszloscipl-w.jpeg\" \/>\n\t<meta property=\"og:image:width\" content=\"2000\" \/>\n\t<meta property=\"og:image:height\" content=\"1125\" \/>\n\t<meta property=\"og:image:type\" content=\"image\/jpeg\" \/>\n<meta name=\"author\" content=\"Filip\" \/>\n<meta name=\"twitter:card\" content=\"summary_large_image\" \/>\n<meta name=\"twitter:label1\" content=\"Napisane przez\" \/>\n\t<meta name=\"twitter:data1\" content=\"Filip\" \/>\n\t<meta name=\"twitter:label2\" content=\"Szacowany czas czytania\" \/>\n\t<meta name=\"twitter:data2\" content=\"1 minuta\" \/>\n<script type=\"application\/ld+json\" class=\"yoast-schema-graph\">{\"@context\":\"https:\/\/schema.org\",\"@graph\":[{\"@type\":\"Article\",\"@id\":\"https:\/\/www.pogotowieflagowe.pl\/aktualne\/para-prezydencka-dolacza-do-biegu-mlodziezowego-po-zakonczeniu-przyszlosci-pl-w-juracie\/#article\",\"isPartOf\":{\"@id\":\"https:\/\/www.pogotowieflagowe.pl\/aktualne\/para-prezydencka-dolacza-do-biegu-mlodziezowego-po-zakonczeniu-przyszlosci-pl-w-juracie\/\"},\"author\":{\"name\":\"Filip\",\"@id\":\"https:\/\/www.pogotowieflagowe.pl\/aktualne\/#\/schema\/person\/9c2fb7d2362ebf6fa088960d7f0d27b0\"},\"headline\":\"Para Prezydencka do\u0142\u0105cza do biegu m\u0142odzie\u017cowego po zako\u0144czeniu \u201ePrzysz\u0142o\u015bci.pl\u201d w Juracie\",\"datePublished\":\"2026-09-02T01:50:11+00:00\",\"dateModified\":\"2026-09-02T01:50:13+00:00\",\"mainEntityOfPage\":{\"@id\":\"https:\/\/www.pogotowieflagowe.pl\/aktualne\/para-prezydencka-dolacza-do-biegu-mlodziezowego-po-zakonczeniu-przyszlosci-pl-w-juracie\/\"},\"wordCount\":288,\"commentCount\":0,\"publisher\":{\"@id\":\"https:\/\/www.pogotowieflagowe.pl\/aktualne\/#organization\"},\"image\":{\"@id\":\"https:\/\/www.pogotowieflagowe.pl\/aktualne\/para-prezydencka-dolacza-do-biegu-mlodziezowego-po-zakonczeniu-przyszlosci-pl-w-juracie\/#primaryimage\"},\"thumbnailUrl\":\"https:\/\/www.pogotowieflagowe.pl\/aktualne\/wp-content\/uploads\/2026\/09\/Para-Prezydencka-dolacza-do-biegu-mlodziezowego-po-zakonczeniu-\u201ePrzyszloscipl-w.jpeg\",\"keywords\":[\"biegu\",\"do\u0142\u0105cza\",\"Juracie\",\"m\u0142odzie\u017cowego\",\"Para\",\"Prezydencka\",\"Przysz\u0142o\u015bci.pl\",\"zako\u0144czeniu\"],\"articleSection\":[\"Aktualne\"],\"inLanguage\":\"pl-PL\",\"potentialAction\":[{\"@type\":\"CommentAction\",\"name\":\"Comment\",\"target\":[\"https:\/\/www.pogotowieflagowe.pl\/aktualne\/para-prezydencka-dolacza-do-biegu-mlodziezowego-po-zakonczeniu-przyszlosci-pl-w-juracie\/#respond\"]}]},{\"@type\":\"WebPage\",\"@id\":\"https:\/\/www.pogotowieflagowe.pl\/aktualne\/para-prezydencka-dolacza-do-biegu-mlodziezowego-po-zakonczeniu-przyszlosci-pl-w-juracie\/\",\"url\":\"https:\/\/www.pogotowieflagowe.pl\/aktualne\/para-prezydencka-dolacza-do-biegu-mlodziezowego-po-zakonczeniu-przyszlosci-pl-w-juracie\/\",\"name\":\"Para Prezydencka do\u0142\u0105cza do biegu m\u0142odzie\u017cowego po zako\u0144czeniu \u201ePrzysz\u0142o\u015bci.pl\u201d w Juracie - POGOTOWIE FLAGOWE\u00ae\",\"isPartOf\":{\"@id\":\"https:\/\/www.pogotowieflagowe.pl\/aktualne\/#website\"},\"primaryImageOfPage\":{\"@id\":\"https:\/\/www.pogotowieflagowe.pl\/aktualne\/para-prezydencka-dolacza-do-biegu-mlodziezowego-po-zakonczeniu-przyszlosci-pl-w-juracie\/#primaryimage\"},\"image\":{\"@id\":\"https:\/\/www.pogotowieflagowe.pl\/aktualne\/para-prezydencka-dolacza-do-biegu-mlodziezowego-po-zakonczeniu-przyszlosci-pl-w-juracie\/#primaryimage\"},\"thumbnailUrl\":\"https:\/\/www.pogotowieflagowe.pl\/aktualne\/wp-content\/uploads\/2026\/09\/Para-Prezydencka-dolacza-do-biegu-mlodziezowego-po-zakonczeniu-\u201ePrzyszloscipl-w.jpeg\",\"datePublished\":\"2026-09-02T01:50:11+00:00\",\"dateModified\":\"2026-09-02T01:50:13+00:00\",\"breadcrumb\":{\"@id\":\"https:\/\/www.pogotowieflagowe.pl\/aktualne\/para-prezydencka-dolacza-do-biegu-mlodziezowego-po-zakonczeniu-przyszlosci-pl-w-juracie\/#breadcrumb\"},\"inLanguage\":\"pl-PL\",\"potentialAction\":[{\"@type\":\"ReadAction\",\"target\":[\"https:\/\/www.pogotowieflagowe.pl\/aktualne\/para-prezydencka-dolacza-do-biegu-mlodziezowego-po-zakonczeniu-przyszlosci-pl-w-juracie\/\"]}]},{\"@type\":\"ImageObject\",\"inLanguage\":\"pl-PL\",\"@id\":\"https:\/\/www.pogotowieflagowe.pl\/aktualne\/para-prezydencka-dolacza-do-biegu-mlodziezowego-po-zakonczeniu-przyszlosci-pl-w-juracie\/#primaryimage\",\"url\":\"https:\/\/www.pogotowieflagowe.pl\/aktualne\/wp-content\/uploads\/2026\/09\/Para-Prezydencka-dolacza-do-biegu-mlodziezowego-po-zakonczeniu-\u201ePrzyszloscipl-w.jpeg\",\"contentUrl\":\"https:\/\/www.pogotowieflagowe.pl\/aktualne\/wp-content\/uploads\/2026\/09\/Para-Prezydencka-dolacza-do-biegu-mlodziezowego-po-zakonczeniu-\u201ePrzyszloscipl-w.jpeg\",\"width\":2000,\"height\":1125},{\"@type\":\"BreadcrumbList\",\"@id\":\"https:\/\/www.pogotowieflagowe.pl\/aktualne\/para-prezydencka-dolacza-do-biegu-mlodziezowego-po-zakonczeniu-przyszlosci-pl-w-juracie\/#breadcrumb\",\"itemListElement\":[{\"@type\":\"ListItem\",\"position\":1,\"name\":\"Home\",\"item\":\"https:\/\/www.pogotowieflagowe.pl\/aktualne\/\"},{\"@type\":\"ListItem\",\"position\":2,\"name\":\"Para Prezydencka do\u0142\u0105cza do biegu m\u0142odzie\u017cowego po zako\u0144czeniu \u201ePrzysz\u0142o\u015bci.pl\u201d w Juracie\"}]},{\"@type\":\"WebSite\",\"@id\":\"https:\/\/www.pogotowieflagowe.pl\/aktualne\/#website\",\"url\":\"https:\/\/www.pogotowieflagowe.pl\/aktualne\/\",\"name\":\"POGOTOWIE FLAGOWE\u00ae\",\"description\":\"\",\"publisher\":{\"@id\":\"https:\/\/www.pogotowieflagowe.pl\/aktualne\/#organization\"},\"potentialAction\":[{\"@type\":\"SearchAction\",\"target\":{\"@type\":\"EntryPoint\",\"urlTemplate\":\"https:\/\/www.pogotowieflagowe.pl\/aktualne\/?s={search_term_string}\"},\"query-input\":\"required name=search_term_string\"}],\"inLanguage\":\"pl-PL\"},{\"@type\":\"Organization\",\"@id\":\"https:\/\/www.pogotowieflagowe.pl\/aktualne\/#organization\",\"name\":\"POGOTOWIE FLAGOWE\u00ae\",\"url\":\"https:\/\/www.pogotowieflagowe.pl\/aktualne\/\",\"logo\":{\"@type\":\"ImageObject\",\"inLanguage\":\"pl-PL\",\"@id\":\"https:\/\/www.pogotowieflagowe.pl\/aktualne\/#\/schema\/logo\/image\/\",\"url\":\"https:\/\/www.pogotowieflagowe.pl\/aktualne\/wp-content\/uploads\/2024\/08\/cropped-pogotowieflagowe_flaga_projekt_sm.jpg\",\"contentUrl\":\"https:\/\/www.pogotowieflagowe.pl\/aktualne\/wp-content\/uploads\/2024\/08\/cropped-pogotowieflagowe_flaga_projekt_sm.jpg\",\"width\":250,\"height\":143,\"caption\":\"POGOTOWIE FLAGOWE\u00ae\"},\"image\":{\"@id\":\"https:\/\/www.pogotowieflagowe.pl\/aktualne\/#\/schema\/logo\/image\/\"}},{\"@type\":\"Person\",\"@id\":\"https:\/\/www.pogotowieflagowe.pl\/aktualne\/#\/schema\/person\/9c2fb7d2362ebf6fa088960d7f0d27b0\",\"name\":\"Filip\",\"image\":{\"@type\":\"ImageObject\",\"inLanguage\":\"pl-PL\",\"@id\":\"https:\/\/www.pogotowieflagowe.pl\/aktualne\/#\/schema\/person\/image\/\",\"url\":\"https:\/\/www.pogotowieflagowe.pl\/aktualne\/wp-content\/uploads\/2024\/08\/pogotowieflagowe.pl_.jpg\",\"contentUrl\":\"https:\/\/www.pogotowieflagowe.pl\/aktualne\/wp-content\/uploads\/2024\/08\/pogotowieflagowe.pl_.jpg\",\"caption\":\"Filip\"},\"description\":\"Jestem Filip, polski dziennikarz z dyplomem nauk politycznych Uniwersytetu Warszawskiego. Rozpoczynaj\u0105c swoj\u0105 karier\u0119 w r\u00f3\u017cnych lokalnych mediach, zdoby\u0142em solidne do\u015bwiadczenie w zakresie \u015bledztwa i redakcji. Obecnie jako redaktor w Pogotowie flagowe, staram si\u0119 dostarcza\u0107 dog\u0142\u0119bne i istotne analizy na temat najwa\u017cniejszych kwestii aktualno\u015bci, \u0142\u0105cz\u0105c rygor z pasj\u0105 dziennikarsk\u0105.\",\"sameAs\":[\"https:\/\/www.pogotowieflagowe.pl\/\"]}]}<\/script>\n<!-- \/ Yoast SEO plugin. -->","yoast_head_json":{"title":"Para Prezydencka do\u0142\u0105cza do biegu m\u0142odzie\u017cowego po zako\u0144czeniu \u201ePrzysz\u0142o\u015bci.pl\u201d w Juracie - POGOTOWIE FLAGOWE\u00ae","robots":{"index":"index","follow":"follow","max-snippet":"max-snippet:-1","max-image-preview":"max-image-preview:large","max-video-preview":"max-video-preview:-1"},"canonical":"https:\/\/www.pogotowieflagowe.pl\/aktualne\/para-prezydencka-dolacza-do-biegu-mlodziezowego-po-zakonczeniu-przyszlosci-pl-w-juracie\/","og_locale":"pl_PL","og_type":"article","og_title":"Para Prezydencka do\u0142\u0105cza do biegu m\u0142odzie\u017cowego po zako\u0144czeniu \u201ePrzysz\u0142o\u015bci.pl\u201d w Juracie - POGOTOWIE FLAGOWE\u00ae","og_description":"Dobieg\u0142o ko\u0144ca spotkanie m\u0142odzie\u017cy \u201ePrzysz\u0142o\u015b\u0107.pl\u201d, kt\u00f3re odby\u0142o si\u0119 w Rezydencji Prezydenckiej w Juracie z inicjatywy Prezydenta Karola Nawrockiego. W niedzielnym","og_url":"https:\/\/www.pogotowieflagowe.pl\/aktualne\/para-prezydencka-dolacza-do-biegu-mlodziezowego-po-zakonczeniu-przyszlosci-pl-w-juracie\/","og_site_name":"POGOTOWIE FLAGOWE\u00ae","article_published_time":"2026-09-02T01:50:11+00:00","article_modified_time":"2026-09-02T01:50:13+00:00","og_image":[{"width":2000,"height":1125,"url":"https:\/\/www.pogotowieflagowe.pl\/aktualne\/wp-content\/uploads\/2026\/09\/Para-Prezydencka-dolacza-do-biegu-mlodziezowego-po-zakonczeniu-\u201ePrzyszloscipl-w.jpeg","type":"image\/jpeg"}],"author":"Filip","twitter_card":"summary_large_image","twitter_misc":{"Napisane przez":"Filip","Szacowany czas czytania":"1 minuta"},"schema":{"@context":"https:\/\/schema.org","@graph":[{"@type":"Article","@id":"https:\/\/www.pogotowieflagowe.pl\/aktualne\/para-prezydencka-dolacza-do-biegu-mlodziezowego-po-zakonczeniu-przyszlosci-pl-w-juracie\/#article","isPartOf":{"@id":"https:\/\/www.pogotowieflagowe.pl\/aktualne\/para-prezydencka-dolacza-do-biegu-mlodziezowego-po-zakonczeniu-przyszlosci-pl-w-juracie\/"},"author":{"name":"Filip","@id":"https:\/\/www.pogotowieflagowe.pl\/aktualne\/#\/schema\/person\/9c2fb7d2362ebf6fa088960d7f0d27b0"},"headline":"Para Prezydencka do\u0142\u0105cza do biegu m\u0142odzie\u017cowego po zako\u0144czeniu \u201ePrzysz\u0142o\u015bci.pl\u201d w Juracie","datePublished":"2026-09-02T01:50:11+00:00","dateModified":"2026-09-02T01:50:13+00:00","mainEntityOfPage":{"@id":"https:\/\/www.pogotowieflagowe.pl\/aktualne\/para-prezydencka-dolacza-do-biegu-mlodziezowego-po-zakonczeniu-przyszlosci-pl-w-juracie\/"},"wordCount":288,"commentCount":0,"publisher":{"@id":"https:\/\/www.pogotowieflagowe.pl\/aktualne\/#organization"},"image":{"@id":"https:\/\/www.pogotowieflagowe.pl\/aktualne\/para-prezydencka-dolacza-do-biegu-mlodziezowego-po-zakonczeniu-przyszlosci-pl-w-juracie\/#primaryimage"},"thumbnailUrl":"https:\/\/www.pogotowieflagowe.pl\/aktualne\/wp-content\/uploads\/2026\/09\/Para-Prezydencka-dolacza-do-biegu-mlodziezowego-po-zakonczeniu-\u201ePrzyszloscipl-w.jpeg","keywords":["biegu","do\u0142\u0105cza","Juracie","m\u0142odzie\u017cowego","Para","Prezydencka","Przysz\u0142o\u015bci.pl","zako\u0144czeniu"],"articleSection":["Aktualne"],"inLanguage":"pl-PL","potentialAction":[{"@type":"CommentAction","name":"Comment","target":["https:\/\/www.pogotowieflagowe.pl\/aktualne\/para-prezydencka-dolacza-do-biegu-mlodziezowego-po-zakonczeniu-przyszlosci-pl-w-juracie\/#respond"]}]},{"@type":"WebPage","@id":"https:\/\/www.pogotowieflagowe.pl\/aktualne\/para-prezydencka-dolacza-do-biegu-mlodziezowego-po-zakonczeniu-przyszlosci-pl-w-juracie\/","url":"https:\/\/www.pogotowieflagowe.pl\/aktualne\/para-prezydencka-dolacza-do-biegu-mlodziezowego-po-zakonczeniu-przyszlosci-pl-w-juracie\/","name":"Para Prezydencka do\u0142\u0105cza do biegu m\u0142odzie\u017cowego po zako\u0144czeniu \u201ePrzysz\u0142o\u015bci.pl\u201d w Juracie - POGOTOWIE FLAGOWE\u00ae","isPartOf":{"@id":"https:\/\/www.pogotowieflagowe.pl\/aktualne\/#website"},"primaryImageOfPage":{"@id":"https:\/\/www.pogotowieflagowe.pl\/aktualne\/para-prezydencka-dolacza-do-biegu-mlodziezowego-po-zakonczeniu-przyszlosci-pl-w-juracie\/#primaryimage"},"image":{"@id":"https:\/\/www.pogotowieflagowe.pl\/aktualne\/para-prezydencka-dolacza-do-biegu-mlodziezowego-po-zakonczeniu-przyszlosci-pl-w-juracie\/#primaryimage"},"thumbnailUrl":"https:\/\/www.pogotowieflagowe.pl\/aktualne\/wp-content\/uploads\/2026\/09\/Para-Prezydencka-dolacza-do-biegu-mlodziezowego-po-zakonczeniu-\u201ePrzyszloscipl-w.jpeg","datePublished":"2026-09-02T01:50:11+00:00","dateModified":"2026-09-02T01:50:13+00:00","breadcrumb":{"@id":"https:\/\/www.pogotowieflagowe.pl\/aktualne\/para-prezydencka-dolacza-do-biegu-mlodziezowego-po-zakonczeniu-przyszlosci-pl-w-juracie\/#breadcrumb"},"inLanguage":"pl-PL","potentialAction":[{"@type":"ReadAction","target":["https:\/\/www.pogotowieflagowe.pl\/aktualne\/para-prezydencka-dolacza-do-biegu-mlodziezowego-po-zakonczeniu-przyszlosci-pl-w-juracie\/"]}]},{"@type":"ImageObject","inLanguage":"pl-PL","@id":"https:\/\/www.pogotowieflagowe.pl\/aktualne\/para-prezydencka-dolacza-do-biegu-mlodziezowego-po-zakonczeniu-przyszlosci-pl-w-juracie\/#primaryimage","url":"https:\/\/www.pogotowieflagowe.pl\/aktualne\/wp-content\/uploads\/2026\/09\/Para-Prezydencka-dolacza-do-biegu-mlodziezowego-po-zakonczeniu-\u201ePrzyszloscipl-w.jpeg","contentUrl":"https:\/\/www.pogotowieflagowe.pl\/aktualne\/wp-content\/uploads\/2026\/09\/Para-Prezydencka-dolacza-do-biegu-mlodziezowego-po-zakonczeniu-\u201ePrzyszloscipl-w.jpeg","width":2000,"height":1125},{"@type":"BreadcrumbList","@id":"https:\/\/www.pogotowieflagowe.pl\/aktualne\/para-prezydencka-dolacza-do-biegu-mlodziezowego-po-zakonczeniu-przyszlosci-pl-w-juracie\/#breadcrumb","itemListElement":[{"@type":"ListItem","position":1,"name":"Home","item":"https:\/\/www.pogotowieflagowe.pl\/aktualne\/"},{"@type":"ListItem","position":2,"name":"Para Prezydencka do\u0142\u0105cza do biegu m\u0142odzie\u017cowego po zako\u0144czeniu \u201ePrzysz\u0142o\u015bci.pl\u201d w Juracie"}]},{"@type":"WebSite","@id":"https:\/\/www.pogotowieflagowe.pl\/aktualne\/#website","url":"https:\/\/www.pogotowieflagowe.pl\/aktualne\/","name":"POGOTOWIE FLAGOWE\u00ae","description":"","publisher":{"@id":"https:\/\/www.pogotowieflagowe.pl\/aktualne\/#organization"},"potentialAction":[{"@type":"SearchAction","target":{"@type":"EntryPoint","urlTemplate":"https:\/\/www.pogotowieflagowe.pl\/aktualne\/?s={search_term_string}"},"query-input":"required name=search_term_string"}],"inLanguage":"pl-PL"},{"@type":"Organization","@id":"https:\/\/www.pogotowieflagowe.pl\/aktualne\/#organization","name":"POGOTOWIE FLAGOWE\u00ae","url":"https:\/\/www.pogotowieflagowe.pl\/aktualne\/","logo":{"@type":"ImageObject","inLanguage":"pl-PL","@id":"https:\/\/www.pogotowieflagowe.pl\/aktualne\/#\/schema\/logo\/image\/","url":"https:\/\/www.pogotowieflagowe.pl\/aktualne\/wp-content\/uploads\/2024\/08\/cropped-pogotowieflagowe_flaga_projekt_sm.jpg","contentUrl":"https:\/\/www.pogotowieflagowe.pl\/aktualne\/wp-content\/uploads\/2024\/08\/cropped-pogotowieflagowe_flaga_projekt_sm.jpg","width":250,"height":143,"caption":"POGOTOWIE FLAGOWE\u00ae"},"image":{"@id":"https:\/\/www.pogotowieflagowe.pl\/aktualne\/#\/schema\/logo\/image\/"}},{"@type":"Person","@id":"https:\/\/www.pogotowieflagowe.pl\/aktualne\/#\/schema\/person\/9c2fb7d2362ebf6fa088960d7f0d27b0","name":"Filip","image":{"@type":"ImageObject","inLanguage":"pl-PL","@id":"https:\/\/www.pogotowieflagowe.pl\/aktualne\/#\/schema\/person\/image\/","url":"https:\/\/www.pogotowieflagowe.pl\/aktualne\/wp-content\/uploads\/2024\/08\/pogotowieflagowe.pl_.jpg","contentUrl":"https:\/\/www.pogotowieflagowe.pl\/aktualne\/wp-content\/uploads\/2024\/08\/pogotowieflagowe.pl_.jpg","caption":"Filip"},"description":"Jestem Filip, polski dziennikarz z dyplomem nauk politycznych Uniwersytetu Warszawskiego. Rozpoczynaj\u0105c swoj\u0105 karier\u0119 w r\u00f3\u017cnych lokalnych mediach, zdoby\u0142em solidne do\u015bwiadczenie w zakresie \u015bledztwa i redakcji. Obecnie jako redaktor w Pogotowie flagowe, staram si\u0119 dostarcza\u0107 dog\u0142\u0119bne i istotne analizy na temat najwa\u017cniejszych kwestii aktualno\u015bci, \u0142\u0105cz\u0105c rygor z pasj\u0105 dziennikarsk\u0105.","sameAs":["https:\/\/www.pogotowieflagowe.pl\/"]}]}},"_links":{"self":[{"href":"https:\/\/www.pogotowieflagowe.pl\/aktualne\/wp-json\/wp\/v2\/posts\/13513","targetHints":{"allow":["GET"]}}],"collection":[{"href":"https:\/\/www.pogotowieflagowe.pl\/aktualne\/wp-json\/wp\/v2\/posts"}],"about":[{"href":"https:\/\/www.pogotowieflagowe.pl\/aktualne\/wp-json\/wp\/v2\/types\/post"}],"author":[{"embeddable":true,"href":"https:\/\/www.pogotowieflagowe.pl\/aktualne\/wp-json\/wp\/v2\/users\/1"}],"replies":[{"embeddable":true,"href":"https:\/\/www.pogotowieflagowe.pl\/aktualne\/wp-json\/wp\/v2\/comments?post=13513"}],"version-history":[{"count":1,"href":"https:\/\/www.pogotowieflagowe.pl\/aktualne\/wp-json\/wp\/v2\/posts\/13513\/revisions"}],"predecessor-version":[{"id":13515,"href":"https:\/\/www.pogotowieflagowe.pl\/aktualne\/wp-json\/wp\/v2\/posts\/13513\/revisions\/13515"}],"wp:featuredmedia":[{"embeddable":true,"href":"https:\/\/www.pogotowieflagowe.pl\/aktualne\/wp-json\/wp\/v2\/media\/13514"}],"wp:attachment":[{"href":"https:\/\/www.pogotowieflagowe.pl\/aktualne\/wp-json\/wp\/v2\/media?parent=13513"}],"wp:term":[{"taxonomy":"category","embeddable":true,"href":"https:\/\/www.pogotowieflagowe.pl\/aktualne\/wp-json\/wp\/v2\/categories?post=13513"},{"taxonomy":"post_tag","embeddable":true,"href":"https:\/\/www.pogotowieflagowe.pl\/aktualne\/wp-json\/wp\/v2\/tags?post=13513"}],"curies":[{"name":"wp","href":"https:\/\/api.w.org\/{rel}","templated":true}]}}