{"id":13519,"date":"2026-09-02T12:50:03","date_gmt":"2026-09-02T10:50:03","guid":{"rendered":"https:\/\/www.pogotowieflagowe.pl\/aktualne\/doradca-prezydenta-obwinia-rzad-tuska-za-skandal-z-zondacrypto\/"},"modified":"2026-09-02T12:50:04","modified_gmt":"2026-09-02T10:50:04","slug":"doradca-prezydenta-obwinia-rzad-tuska-za-skandal-z-zondacrypto","status":"publish","type":"post","link":"https:\/\/www.pogotowieflagowe.pl\/aktualne\/doradca-prezydenta-obwinia-rzad-tuska-za-skandal-z-zondacrypto\/","title":{"rendered":"Doradca prezydenta obwinia rz\u0105d Tuska za skandal z Zondacrypto"},"content":{"rendered":"<div data-td-block-uid=\"tdi_41\">\n<div class=\"tdb-block-inner td-fix-index\">\n<p class=\"wp-block-paragraph\">Sprawa Zondacrypto coraz bardziej wpl\u0105tuje si\u0119 w polsk\u0105 polityk\u0119. S\u0142awomir Mazurek, doradca prezydenta Karola Nawrockiego przekonuje, \u017ce odpowiedzialno\u015b\u0107 za sytuacj\u0119 wok\u00f3\u0142 gie\u0142dy kryptowalut ponosi przede wszystkim obecny rz\u0105d. Jego zdaniem przez ostatnie dwa i p\u00f3\u0142 roku w\u0142adze nie podj\u0119\u0142y wystarczaj\u0105cych dzia\u0142a\u0144.<\/p>\n<p class=\"wp-block-paragraph\">Mazurek omawia\u0142 t\u0119 spraw\u0119 podczas debaty w Polsat News. Podkre\u015bli\u0142, \u017ce pomimo sygna\u0142\u00f3w ostrzegawczych dotycz\u0105cych dzia\u0142alno\u015bci Zondacrypto, instytucje pa\u0144stwowe nie zareagowa\u0142y zdecydowanie. Wskaza\u0142 m.in. na Komisj\u0119 Nadzoru Finansowego, kt\u00f3ra jego zdaniem nie umie\u015bci\u0142a gie\u0142dy na swojej publicznej li\u015bcie ostrze\u017ce\u0144.<\/p>\n<p class=\"wp-block-paragraph\">\u201eNic nie zosta\u0142o zrobione, nie by\u0142o \u017cadnych informacji\u201d \u2013 powiedzia\u0142 doradca prezydenta, opisuj\u0105c sytuacj\u0119 jako \u201efestiwal polityki \u201enie da si\u0119\u201d zrobi\u0107\u201d. Jego zdaniem odpowiedzialno\u015b\u0107 za t\u0119 afer\u0119 nale\u017cy przypisa\u0107 obecnemu rz\u0105dowi, dlatego nazwa\u0142 j\u0105 \u201eafer\u0105 Donalda Tuska\u201d.<\/p>\n<p class=\"wp-block-paragraph\">Sprawa nabra\u0142a dodatkowego wymiaru politycznego, gdy\u017c Donald Tusk ju\u017c wcze\u015bniej krytykowa\u0142 prezydenta Nawrockiego za zawetowanie przepis\u00f3w dotycz\u0105cych kryptowalut. Premier sugerowa\u0142 w\u00f3wczas, \u017ce g\u0142owa pa\u0144stwa mo\u017ce by\u0107 bardziej \u201euwik\u0142ana\u201d w sprawy sektora, ni\u017c dotychczas s\u0105dzono.<\/p>\n<p class=\"wp-block-paragraph\">Sprawa pozostaje zatem przedmiotem ostrego sporu politycznego. Szczeg\u00f3lnie powa\u017cnym zarzutem stawianym Koalicji Obywatelskiej jest to, \u017ce s\u0142u\u017cby wywiadu i bezpiecze\u0144stwa, kt\u00f3re dzia\u0142aj\u0105 pod bezpo\u015brednim nadzorem premiera, w \u017caden spos\u00f3b nie zareagowa\u0142y na posiadane informacje na temat Zondacrypto.<\/p>\n<\/div>\n<\/div>\n","protected":false},"excerpt":{"rendered":"<p>Sprawa Zondacrypto coraz bardziej wpl\u0105tuje si\u0119 w polsk\u0105 polityk\u0119. S\u0142awomir Mazurek, doradca prezydenta Karola Nawrockiego przekonuje, \u017ce odpowiedzialno\u015b\u0107 za sytuacj\u0119<\/p>\n","protected":false},"author":1,"featured_media":12714,"comment_status":"open","ping_status":"open","sticky":false,"template":"","format":"standard","meta":{"footnotes":""},"categories":[4748],"tags":[8132,6016,568,1554,2358,567,14315],"class_list":["post-13519","post","type-post","status-publish","format-standard","has-post-thumbnail","hentry","category-aktualne","tag-doradca","tag-obwinia","tag-prezydenta","tag-rzad","tag-skandal","tag-tuska","tag-zondacrypto","generate-columns","tablet-grid-50","mobile-grid-100","grid-parent","grid-50","resize-featured-image"],"yoast_head":"<!-- This site is optimized with the Yoast SEO plugin v23.2 - https:\/\/yoast.com\/wordpress\/plugins\/seo\/ -->\n<title>Doradca prezydenta obwinia rz\u0105d Tuska za skandal z Zondacrypto - POGOTOWIE FLAGOWE\u00ae<\/title>\n<meta name=\"robots\" content=\"index, follow, max-snippet:-1, max-image-preview:large, max-video-preview:-1\" \/>\n<link rel=\"canonical\" href=\"https:\/\/www.pogotowieflagowe.pl\/aktualne\/doradca-prezydenta-obwinia-rzad-tuska-za-skandal-z-zondacrypto\/\" \/>\n<meta property=\"og:locale\" content=\"pl_PL\" \/>\n<meta property=\"og:type\" content=\"article\" \/>\n<meta property=\"og:title\" content=\"Doradca prezydenta obwinia rz\u0105d Tuska za skandal z Zondacrypto - POGOTOWIE FLAGOWE\u00ae\" \/>\n<meta property=\"og:description\" content=\"Sprawa Zondacrypto coraz bardziej wpl\u0105tuje si\u0119 w polsk\u0105 polityk\u0119. S\u0142awomir Mazurek, doradca prezydenta Karola Nawrockiego przekonuje, \u017ce odpowiedzialno\u015b\u0107 za sytuacj\u0119\" \/>\n<meta property=\"og:url\" content=\"https:\/\/www.pogotowieflagowe.pl\/aktualne\/doradca-prezydenta-obwinia-rzad-tuska-za-skandal-z-zondacrypto\/\" \/>\n<meta property=\"og:site_name\" content=\"POGOTOWIE FLAGOWE\u00ae\" \/>\n<meta property=\"article:published_time\" content=\"2026-09-02T10:50:03+00:00\" \/>\n<meta property=\"article:modified_time\" content=\"2026-09-02T10:50:04+00:00\" \/>\n<meta property=\"og:image\" content=\"https:\/\/www.pogotowieflagowe.pl\/aktualne\/wp-content\/uploads\/2026\/05\/\u201eMasz-ostatnia-szanse-\u2013-Tusk-nasila-spor-z-opozycja-i.webp.webp\" \/>\n\t<meta property=\"og:image:width\" content=\"1280\" \/>\n\t<meta property=\"og:image:height\" content=\"720\" \/>\n\t<meta property=\"og:image:type\" content=\"image\/webp\" \/>\n<meta name=\"author\" content=\"Filip\" \/>\n<meta name=\"twitter:card\" content=\"summary_large_image\" \/>\n<meta name=\"twitter:label1\" content=\"Napisane przez\" \/>\n\t<meta name=\"twitter:data1\" content=\"Filip\" \/>\n\t<meta name=\"twitter:label2\" content=\"Szacowany czas czytania\" \/>\n\t<meta name=\"twitter:data2\" content=\"1 minuta\" \/>\n<script type=\"application\/ld+json\" class=\"yoast-schema-graph\">{\"@context\":\"https:\/\/schema.org\",\"@graph\":[{\"@type\":\"Article\",\"@id\":\"https:\/\/www.pogotowieflagowe.pl\/aktualne\/doradca-prezydenta-obwinia-rzad-tuska-za-skandal-z-zondacrypto\/#article\",\"isPartOf\":{\"@id\":\"https:\/\/www.pogotowieflagowe.pl\/aktualne\/doradca-prezydenta-obwinia-rzad-tuska-za-skandal-z-zondacrypto\/\"},\"author\":{\"name\":\"Filip\",\"@id\":\"https:\/\/www.pogotowieflagowe.pl\/aktualne\/#\/schema\/person\/9c2fb7d2362ebf6fa088960d7f0d27b0\"},\"headline\":\"Doradca prezydenta obwinia rz\u0105d Tuska za skandal z Zondacrypto\",\"datePublished\":\"2026-09-02T10:50:03+00:00\",\"dateModified\":\"2026-09-02T10:50:04+00:00\",\"mainEntityOfPage\":{\"@id\":\"https:\/\/www.pogotowieflagowe.pl\/aktualne\/doradca-prezydenta-obwinia-rzad-tuska-za-skandal-z-zondacrypto\/\"},\"wordCount\":244,\"commentCount\":0,\"publisher\":{\"@id\":\"https:\/\/www.pogotowieflagowe.pl\/aktualne\/#organization\"},\"image\":{\"@id\":\"https:\/\/www.pogotowieflagowe.pl\/aktualne\/doradca-prezydenta-obwinia-rzad-tuska-za-skandal-z-zondacrypto\/#primaryimage\"},\"thumbnailUrl\":\"https:\/\/www.pogotowieflagowe.pl\/aktualne\/wp-content\/uploads\/2026\/05\/\u201eMasz-ostatnia-szanse-\u2013-Tusk-nasila-spor-z-opozycja-i.webp.webp\",\"keywords\":[\"doradca\",\"obwinia\",\"prezydenta\",\"Rz\u0105d\",\"skandal\",\"Tuska\",\"Zondacrypto\"],\"articleSection\":[\"Aktualne\"],\"inLanguage\":\"pl-PL\",\"potentialAction\":[{\"@type\":\"CommentAction\",\"name\":\"Comment\",\"target\":[\"https:\/\/www.pogotowieflagowe.pl\/aktualne\/doradca-prezydenta-obwinia-rzad-tuska-za-skandal-z-zondacrypto\/#respond\"]}]},{\"@type\":\"WebPage\",\"@id\":\"https:\/\/www.pogotowieflagowe.pl\/aktualne\/doradca-prezydenta-obwinia-rzad-tuska-za-skandal-z-zondacrypto\/\",\"url\":\"https:\/\/www.pogotowieflagowe.pl\/aktualne\/doradca-prezydenta-obwinia-rzad-tuska-za-skandal-z-zondacrypto\/\",\"name\":\"Doradca prezydenta obwinia rz\u0105d Tuska za skandal z Zondacrypto - POGOTOWIE FLAGOWE\u00ae\",\"isPartOf\":{\"@id\":\"https:\/\/www.pogotowieflagowe.pl\/aktualne\/#website\"},\"primaryImageOfPage\":{\"@id\":\"https:\/\/www.pogotowieflagowe.pl\/aktualne\/doradca-prezydenta-obwinia-rzad-tuska-za-skandal-z-zondacrypto\/#primaryimage\"},\"image\":{\"@id\":\"https:\/\/www.pogotowieflagowe.pl\/aktualne\/doradca-prezydenta-obwinia-rzad-tuska-za-skandal-z-zondacrypto\/#primaryimage\"},\"thumbnailUrl\":\"https:\/\/www.pogotowieflagowe.pl\/aktualne\/wp-content\/uploads\/2026\/05\/\u201eMasz-ostatnia-szanse-\u2013-Tusk-nasila-spor-z-opozycja-i.webp.webp\",\"datePublished\":\"2026-09-02T10:50:03+00:00\",\"dateModified\":\"2026-09-02T10:50:04+00:00\",\"breadcrumb\":{\"@id\":\"https:\/\/www.pogotowieflagowe.pl\/aktualne\/doradca-prezydenta-obwinia-rzad-tuska-za-skandal-z-zondacrypto\/#breadcrumb\"},\"inLanguage\":\"pl-PL\",\"potentialAction\":[{\"@type\":\"ReadAction\",\"target\":[\"https:\/\/www.pogotowieflagowe.pl\/aktualne\/doradca-prezydenta-obwinia-rzad-tuska-za-skandal-z-zondacrypto\/\"]}]},{\"@type\":\"ImageObject\",\"inLanguage\":\"pl-PL\",\"@id\":\"https:\/\/www.pogotowieflagowe.pl\/aktualne\/doradca-prezydenta-obwinia-rzad-tuska-za-skandal-z-zondacrypto\/#primaryimage\",\"url\":\"https:\/\/www.pogotowieflagowe.pl\/aktualne\/wp-content\/uploads\/2026\/05\/\u201eMasz-ostatnia-szanse-\u2013-Tusk-nasila-spor-z-opozycja-i.webp.webp\",\"contentUrl\":\"https:\/\/www.pogotowieflagowe.pl\/aktualne\/wp-content\/uploads\/2026\/05\/\u201eMasz-ostatnia-szanse-\u2013-Tusk-nasila-spor-z-opozycja-i.webp.webp\",\"width\":1280,\"height\":720},{\"@type\":\"BreadcrumbList\",\"@id\":\"https:\/\/www.pogotowieflagowe.pl\/aktualne\/doradca-prezydenta-obwinia-rzad-tuska-za-skandal-z-zondacrypto\/#breadcrumb\",\"itemListElement\":[{\"@type\":\"ListItem\",\"position\":1,\"name\":\"Home\",\"item\":\"https:\/\/www.pogotowieflagowe.pl\/aktualne\/\"},{\"@type\":\"ListItem\",\"position\":2,\"name\":\"Doradca prezydenta obwinia rz\u0105d Tuska za skandal z Zondacrypto\"}]},{\"@type\":\"WebSite\",\"@id\":\"https:\/\/www.pogotowieflagowe.pl\/aktualne\/#website\",\"url\":\"https:\/\/www.pogotowieflagowe.pl\/aktualne\/\",\"name\":\"POGOTOWIE FLAGOWE\u00ae\",\"description\":\"\",\"publisher\":{\"@id\":\"https:\/\/www.pogotowieflagowe.pl\/aktualne\/#organization\"},\"potentialAction\":[{\"@type\":\"SearchAction\",\"target\":{\"@type\":\"EntryPoint\",\"urlTemplate\":\"https:\/\/www.pogotowieflagowe.pl\/aktualne\/?s={search_term_string}\"},\"query-input\":\"required name=search_term_string\"}],\"inLanguage\":\"pl-PL\"},{\"@type\":\"Organization\",\"@id\":\"https:\/\/www.pogotowieflagowe.pl\/aktualne\/#organization\",\"name\":\"POGOTOWIE FLAGOWE\u00ae\",\"url\":\"https:\/\/www.pogotowieflagowe.pl\/aktualne\/\",\"logo\":{\"@type\":\"ImageObject\",\"inLanguage\":\"pl-PL\",\"@id\":\"https:\/\/www.pogotowieflagowe.pl\/aktualne\/#\/schema\/logo\/image\/\",\"url\":\"https:\/\/www.pogotowieflagowe.pl\/aktualne\/wp-content\/uploads\/2024\/08\/cropped-pogotowieflagowe_flaga_projekt_sm.jpg\",\"contentUrl\":\"https:\/\/www.pogotowieflagowe.pl\/aktualne\/wp-content\/uploads\/2024\/08\/cropped-pogotowieflagowe_flaga_projekt_sm.jpg\",\"width\":250,\"height\":143,\"caption\":\"POGOTOWIE FLAGOWE\u00ae\"},\"image\":{\"@id\":\"https:\/\/www.pogotowieflagowe.pl\/aktualne\/#\/schema\/logo\/image\/\"}},{\"@type\":\"Person\",\"@id\":\"https:\/\/www.pogotowieflagowe.pl\/aktualne\/#\/schema\/person\/9c2fb7d2362ebf6fa088960d7f0d27b0\",\"name\":\"Filip\",\"image\":{\"@type\":\"ImageObject\",\"inLanguage\":\"pl-PL\",\"@id\":\"https:\/\/www.pogotowieflagowe.pl\/aktualne\/#\/schema\/person\/image\/\",\"url\":\"https:\/\/www.pogotowieflagowe.pl\/aktualne\/wp-content\/uploads\/2024\/08\/pogotowieflagowe.pl_.jpg\",\"contentUrl\":\"https:\/\/www.pogotowieflagowe.pl\/aktualne\/wp-content\/uploads\/2024\/08\/pogotowieflagowe.pl_.jpg\",\"caption\":\"Filip\"},\"description\":\"Jestem Filip, polski dziennikarz z dyplomem nauk politycznych Uniwersytetu Warszawskiego. Rozpoczynaj\u0105c swoj\u0105 karier\u0119 w r\u00f3\u017cnych lokalnych mediach, zdoby\u0142em solidne do\u015bwiadczenie w zakresie \u015bledztwa i redakcji. Obecnie jako redaktor w Pogotowie flagowe, staram si\u0119 dostarcza\u0107 dog\u0142\u0119bne i istotne analizy na temat najwa\u017cniejszych kwestii aktualno\u015bci, \u0142\u0105cz\u0105c rygor z pasj\u0105 dziennikarsk\u0105.\",\"sameAs\":[\"https:\/\/www.pogotowieflagowe.pl\/\"]}]}<\/script>\n<!-- \/ Yoast SEO plugin. -->","yoast_head_json":{"title":"Doradca prezydenta obwinia rz\u0105d Tuska za skandal z Zondacrypto - POGOTOWIE FLAGOWE\u00ae","robots":{"index":"index","follow":"follow","max-snippet":"max-snippet:-1","max-image-preview":"max-image-preview:large","max-video-preview":"max-video-preview:-1"},"canonical":"https:\/\/www.pogotowieflagowe.pl\/aktualne\/doradca-prezydenta-obwinia-rzad-tuska-za-skandal-z-zondacrypto\/","og_locale":"pl_PL","og_type":"article","og_title":"Doradca prezydenta obwinia rz\u0105d Tuska za skandal z Zondacrypto - POGOTOWIE FLAGOWE\u00ae","og_description":"Sprawa Zondacrypto coraz bardziej wpl\u0105tuje si\u0119 w polsk\u0105 polityk\u0119. S\u0142awomir Mazurek, doradca prezydenta Karola Nawrockiego przekonuje, \u017ce odpowiedzialno\u015b\u0107 za sytuacj\u0119","og_url":"https:\/\/www.pogotowieflagowe.pl\/aktualne\/doradca-prezydenta-obwinia-rzad-tuska-za-skandal-z-zondacrypto\/","og_site_name":"POGOTOWIE FLAGOWE\u00ae","article_published_time":"2026-09-02T10:50:03+00:00","article_modified_time":"2026-09-02T10:50:04+00:00","og_image":[{"width":1280,"height":720,"url":"https:\/\/www.pogotowieflagowe.pl\/aktualne\/wp-content\/uploads\/2026\/05\/\u201eMasz-ostatnia-szanse-\u2013-Tusk-nasila-spor-z-opozycja-i.webp.webp","type":"image\/webp"}],"author":"Filip","twitter_card":"summary_large_image","twitter_misc":{"Napisane przez":"Filip","Szacowany czas czytania":"1 minuta"},"schema":{"@context":"https:\/\/schema.org","@graph":[{"@type":"Article","@id":"https:\/\/www.pogotowieflagowe.pl\/aktualne\/doradca-prezydenta-obwinia-rzad-tuska-za-skandal-z-zondacrypto\/#article","isPartOf":{"@id":"https:\/\/www.pogotowieflagowe.pl\/aktualne\/doradca-prezydenta-obwinia-rzad-tuska-za-skandal-z-zondacrypto\/"},"author":{"name":"Filip","@id":"https:\/\/www.pogotowieflagowe.pl\/aktualne\/#\/schema\/person\/9c2fb7d2362ebf6fa088960d7f0d27b0"},"headline":"Doradca prezydenta obwinia rz\u0105d Tuska za skandal z Zondacrypto","datePublished":"2026-09-02T10:50:03+00:00","dateModified":"2026-09-02T10:50:04+00:00","mainEntityOfPage":{"@id":"https:\/\/www.pogotowieflagowe.pl\/aktualne\/doradca-prezydenta-obwinia-rzad-tuska-za-skandal-z-zondacrypto\/"},"wordCount":244,"commentCount":0,"publisher":{"@id":"https:\/\/www.pogotowieflagowe.pl\/aktualne\/#organization"},"image":{"@id":"https:\/\/www.pogotowieflagowe.pl\/aktualne\/doradca-prezydenta-obwinia-rzad-tuska-za-skandal-z-zondacrypto\/#primaryimage"},"thumbnailUrl":"https:\/\/www.pogotowieflagowe.pl\/aktualne\/wp-content\/uploads\/2026\/05\/\u201eMasz-ostatnia-szanse-\u2013-Tusk-nasila-spor-z-opozycja-i.webp.webp","keywords":["doradca","obwinia","prezydenta","Rz\u0105d","skandal","Tuska","Zondacrypto"],"articleSection":["Aktualne"],"inLanguage":"pl-PL","potentialAction":[{"@type":"CommentAction","name":"Comment","target":["https:\/\/www.pogotowieflagowe.pl\/aktualne\/doradca-prezydenta-obwinia-rzad-tuska-za-skandal-z-zondacrypto\/#respond"]}]},{"@type":"WebPage","@id":"https:\/\/www.pogotowieflagowe.pl\/aktualne\/doradca-prezydenta-obwinia-rzad-tuska-za-skandal-z-zondacrypto\/","url":"https:\/\/www.pogotowieflagowe.pl\/aktualne\/doradca-prezydenta-obwinia-rzad-tuska-za-skandal-z-zondacrypto\/","name":"Doradca prezydenta obwinia rz\u0105d Tuska za skandal z Zondacrypto - POGOTOWIE FLAGOWE\u00ae","isPartOf":{"@id":"https:\/\/www.pogotowieflagowe.pl\/aktualne\/#website"},"primaryImageOfPage":{"@id":"https:\/\/www.pogotowieflagowe.pl\/aktualne\/doradca-prezydenta-obwinia-rzad-tuska-za-skandal-z-zondacrypto\/#primaryimage"},"image":{"@id":"https:\/\/www.pogotowieflagowe.pl\/aktualne\/doradca-prezydenta-obwinia-rzad-tuska-za-skandal-z-zondacrypto\/#primaryimage"},"thumbnailUrl":"https:\/\/www.pogotowieflagowe.pl\/aktualne\/wp-content\/uploads\/2026\/05\/\u201eMasz-ostatnia-szanse-\u2013-Tusk-nasila-spor-z-opozycja-i.webp.webp","datePublished":"2026-09-02T10:50:03+00:00","dateModified":"2026-09-02T10:50:04+00:00","breadcrumb":{"@id":"https:\/\/www.pogotowieflagowe.pl\/aktualne\/doradca-prezydenta-obwinia-rzad-tuska-za-skandal-z-zondacrypto\/#breadcrumb"},"inLanguage":"pl-PL","potentialAction":[{"@type":"ReadAction","target":["https:\/\/www.pogotowieflagowe.pl\/aktualne\/doradca-prezydenta-obwinia-rzad-tuska-za-skandal-z-zondacrypto\/"]}]},{"@type":"ImageObject","inLanguage":"pl-PL","@id":"https:\/\/www.pogotowieflagowe.pl\/aktualne\/doradca-prezydenta-obwinia-rzad-tuska-za-skandal-z-zondacrypto\/#primaryimage","url":"https:\/\/www.pogotowieflagowe.pl\/aktualne\/wp-content\/uploads\/2026\/05\/\u201eMasz-ostatnia-szanse-\u2013-Tusk-nasila-spor-z-opozycja-i.webp.webp","contentUrl":"https:\/\/www.pogotowieflagowe.pl\/aktualne\/wp-content\/uploads\/2026\/05\/\u201eMasz-ostatnia-szanse-\u2013-Tusk-nasila-spor-z-opozycja-i.webp.webp","width":1280,"height":720},{"@type":"BreadcrumbList","@id":"https:\/\/www.pogotowieflagowe.pl\/aktualne\/doradca-prezydenta-obwinia-rzad-tuska-za-skandal-z-zondacrypto\/#breadcrumb","itemListElement":[{"@type":"ListItem","position":1,"name":"Home","item":"https:\/\/www.pogotowieflagowe.pl\/aktualne\/"},{"@type":"ListItem","position":2,"name":"Doradca prezydenta obwinia rz\u0105d Tuska za skandal z Zondacrypto"}]},{"@type":"WebSite","@id":"https:\/\/www.pogotowieflagowe.pl\/aktualne\/#website","url":"https:\/\/www.pogotowieflagowe.pl\/aktualne\/","name":"POGOTOWIE FLAGOWE\u00ae","description":"","publisher":{"@id":"https:\/\/www.pogotowieflagowe.pl\/aktualne\/#organization"},"potentialAction":[{"@type":"SearchAction","target":{"@type":"EntryPoint","urlTemplate":"https:\/\/www.pogotowieflagowe.pl\/aktualne\/?s={search_term_string}"},"query-input":"required name=search_term_string"}],"inLanguage":"pl-PL"},{"@type":"Organization","@id":"https:\/\/www.pogotowieflagowe.pl\/aktualne\/#organization","name":"POGOTOWIE FLAGOWE\u00ae","url":"https:\/\/www.pogotowieflagowe.pl\/aktualne\/","logo":{"@type":"ImageObject","inLanguage":"pl-PL","@id":"https:\/\/www.pogotowieflagowe.pl\/aktualne\/#\/schema\/logo\/image\/","url":"https:\/\/www.pogotowieflagowe.pl\/aktualne\/wp-content\/uploads\/2024\/08\/cropped-pogotowieflagowe_flaga_projekt_sm.jpg","contentUrl":"https:\/\/www.pogotowieflagowe.pl\/aktualne\/wp-content\/uploads\/2024\/08\/cropped-pogotowieflagowe_flaga_projekt_sm.jpg","width":250,"height":143,"caption":"POGOTOWIE FLAGOWE\u00ae"},"image":{"@id":"https:\/\/www.pogotowieflagowe.pl\/aktualne\/#\/schema\/logo\/image\/"}},{"@type":"Person","@id":"https:\/\/www.pogotowieflagowe.pl\/aktualne\/#\/schema\/person\/9c2fb7d2362ebf6fa088960d7f0d27b0","name":"Filip","image":{"@type":"ImageObject","inLanguage":"pl-PL","@id":"https:\/\/www.pogotowieflagowe.pl\/aktualne\/#\/schema\/person\/image\/","url":"https:\/\/www.pogotowieflagowe.pl\/aktualne\/wp-content\/uploads\/2024\/08\/pogotowieflagowe.pl_.jpg","contentUrl":"https:\/\/www.pogotowieflagowe.pl\/aktualne\/wp-content\/uploads\/2024\/08\/pogotowieflagowe.pl_.jpg","caption":"Filip"},"description":"Jestem Filip, polski dziennikarz z dyplomem nauk politycznych Uniwersytetu Warszawskiego. Rozpoczynaj\u0105c swoj\u0105 karier\u0119 w r\u00f3\u017cnych lokalnych mediach, zdoby\u0142em solidne do\u015bwiadczenie w zakresie \u015bledztwa i redakcji. Obecnie jako redaktor w Pogotowie flagowe, staram si\u0119 dostarcza\u0107 dog\u0142\u0119bne i istotne analizy na temat najwa\u017cniejszych kwestii aktualno\u015bci, \u0142\u0105cz\u0105c rygor z pasj\u0105 dziennikarsk\u0105.","sameAs":["https:\/\/www.pogotowieflagowe.pl\/"]}]}},"_links":{"self":[{"href":"https:\/\/www.pogotowieflagowe.pl\/aktualne\/wp-json\/wp\/v2\/posts\/13519","targetHints":{"allow":["GET"]}}],"collection":[{"href":"https:\/\/www.pogotowieflagowe.pl\/aktualne\/wp-json\/wp\/v2\/posts"}],"about":[{"href":"https:\/\/www.pogotowieflagowe.pl\/aktualne\/wp-json\/wp\/v2\/types\/post"}],"author":[{"embeddable":true,"href":"https:\/\/www.pogotowieflagowe.pl\/aktualne\/wp-json\/wp\/v2\/users\/1"}],"replies":[{"embeddable":true,"href":"https:\/\/www.pogotowieflagowe.pl\/aktualne\/wp-json\/wp\/v2\/comments?post=13519"}],"version-history":[{"count":1,"href":"https:\/\/www.pogotowieflagowe.pl\/aktualne\/wp-json\/wp\/v2\/posts\/13519\/revisions"}],"predecessor-version":[{"id":13520,"href":"https:\/\/www.pogotowieflagowe.pl\/aktualne\/wp-json\/wp\/v2\/posts\/13519\/revisions\/13520"}],"wp:featuredmedia":[{"embeddable":true,"href":"https:\/\/www.pogotowieflagowe.pl\/aktualne\/wp-json\/wp\/v2\/media\/12714"}],"wp:attachment":[{"href":"https:\/\/www.pogotowieflagowe.pl\/aktualne\/wp-json\/wp\/v2\/media?parent=13519"}],"wp:term":[{"taxonomy":"category","embeddable":true,"href":"https:\/\/www.pogotowieflagowe.pl\/aktualne\/wp-json\/wp\/v2\/categories?post=13519"},{"taxonomy":"post_tag","embeddable":true,"href":"https:\/\/www.pogotowieflagowe.pl\/aktualne\/wp-json\/wp\/v2\/tags?post=13519"}],"curies":[{"name":"wp","href":"https:\/\/api.w.org\/{rel}","templated":true}]}}